{"id":15792,"date":"2019-02-19T11:07:03","date_gmt":"2019-02-19T14:07:03","guid":{"rendered":"https:\/\/www.suno.com.br\/noticias\/?p=15792"},"modified":"2019-02-19T11:19:22","modified_gmt":"2019-02-19T14:19:22","slug":"ibovespa-02192019","status":"publish","type":"post","link":"https:\/\/www.suno.com.br\/noticias\/ibovespa-02192019\/","title":{"rendered":"Ibovespa abre em alta com governo superando crise"},"content":{"rendered":"<p>O Ibovespa opera em alta na manh\u00e3 desta ter\u00e7a-feira (19) na B3 (BM&amp;F Bovespa).<\/p>\t<div class=\"wrapper-featured-image\">\n\t\t<figure class=\"spotlightImg\">\n\n\t\t\t<picture>\n\t\t\t\t<source media=\"(max-width: 768px)\" srcset=\"https:\/\/files.sunoresearch.com.br\/n\/uploads\/2018\/10\/65264bb7-ibovespa-3-400x200.webp\">\n\t\t\t\t<img loading=\"lazy\" decoding=\"async\" class=\"newsContent__article__imgCapa lazyloadDisabled newsContent__article__imgCapa--noCaption\" src=\"https:\/\/files.sunoresearch.com.br\/n\/uploads\/2018\/10\/65264bb7-ibovespa-3-800x450.webp\" width=\"800\" height=\"450\" alt=\"Ibovespa abre em alta com governo superando crise\" fetchpriority=high \/>\n\t\t\t<\/picture>\n\n\t\t\t<figcaption class=\"wp-caption-text wp-caption-text--hide\">China: BC injeta 500 bi de yuans e mercado encerra em alta<\/figcaption>\n\t\t<\/figure>\n\t<\/div>\n\n\n<p>\u00c0s 9h39, a alta do <strong>Ibovespa<\/strong> era de\u00a00,96% a\u00a097.434,63 pontos. A ascens\u00e3o \u00e9 impulsionada pela supera\u00e7\u00e3o da primeira crise no governo Bolsonaro.<\/p>\n<p>Al\u00e9m disso, o otimismo do mercado com a proposta da <strong>reforma da Previd\u00eancia<\/strong> prestes a chegar no<strong> Congresso Nacional<\/strong> tamb\u00e9m impulsiona o avan\u00e7o.<\/p>\n<p>Ainda no cen\u00e1rio interno, as a\u00e7\u00f5es da <strong>Eletrobras<\/strong> (ELET6) lideravam as perdas nesta manh\u00e3. \u00c0s 10h50, os papeis perdiam 3,75% a R$ 37,24.<\/p>\n<p><a href=\"https:\/\/www.suno.com.br\/noticias\/dolar-02192019\/\">Saiba mais &#8211;\u00a0D\u00f3lar abre em baixa com reforma da Previd\u00eancia e Bebianno exonerado\u00a0<\/a><\/p>\n<h2>Reforma da Previd\u00eancia<\/h2>\n<p>O porta-voz da Presid\u00eancia, general <strong>Ot\u00e1vio R\u00eago Barros<\/strong>, confirmou que o presidente da Rep\u00fablica<strong> Jair Bolsonaro<\/strong> entregar\u00e1 pessoalmente a proposta de<strong> reforma da Previd\u00eancia<\/strong> ao Congresso Nacional.<\/p>\n<p>De acordo o secret\u00e1rio especial de Previd\u00eancia e Trabalho, <strong>Rog\u00e9rio Marinho<\/strong>, a <strong>Proposta de Emenda Constitucional<\/strong> (PEC) da<strong> reforma da Previd\u00eancia<\/strong> ser\u00e1 levada ao Congresso na quarta-feira (20).<\/p>\n<p>Alguns pontos, ainda desconhecidos pela popula\u00e7\u00e3o, despertam a <strong>ansiedade<\/strong> do <strong>mercado<\/strong> frente \u00e0 chegada da <strong>PEC<\/strong> aos parlamentares:<\/p>\n<ul>\n<li>sistema de capitaliza\u00e7\u00e3o;<\/li>\n<li>tempo m\u00ednimo de contribui\u00e7\u00e3o;<\/li>\n<li>regra de c\u00e1lculo das aposentadorias;<\/li>\n<li>pens\u00e3o por morte;<\/li>\n<li>atividade prejudicial \u00e0 sa\u00fade;<\/li>\n<li>abono do PIS (Programa Integra\u00e7\u00e3o Social);<\/li>\n<li>desvincula\u00e7\u00e3o do sal\u00e1rio m\u00ednimo;<\/li>\n<li>e aposentadoria de pol\u00edticos.<\/li>\n<\/ul>\n<p><a href=\"https:\/\/www.suno.com.br\/noticias\/bolsonaro-congresso-reforma-previdencia\/\">Saiba mais &#8211;\u00a0Bolsonaro vai ao Congresso entregar proposta da reforma da Previd\u00eancia\u00a0<\/a><\/p>\n<h2>Crise de governo<\/h2>\n<p>A <strong>exonera\u00e7\u00e3o<\/strong> do advogado<strong> Gustavo Bebianno<\/strong> do cargo de ministro-chefe da Secretaria-Geral da Presid\u00eancia da Rep\u00fablica foi publicada hoje (19) no <strong>Di\u00e1rio Oficial da Uni\u00e3o<\/strong>.<\/p>\n<p>Assim, a <strong>crise de governo<\/strong> come\u00e7a a ser contornada.<\/p>\n<p>Quem assumir\u00e1 a pasta ser\u00e1 o general da reserva,<strong> Floriano Peixoto Vieira Neto<\/strong>.<\/p>\n<p>Neto \u00e9 o oitavo nome de<strong> origem militar<\/strong> no governo Bolsonaro, dos 22 totais.<\/p>\n<p>A nomea\u00e7\u00e3o do general representa uma vit\u00f3ria da ala militar da <strong>Esplanada<\/strong>: parte dos ministros defendiam a <strong>extin\u00e7\u00e3o do posto<\/strong>.<\/p>\n<p>Bolsonaro ter\u00e1 apenas um civil em seu n\u00facleo mais pr\u00f3ximo, <strong>Onyx Lorenzoni<\/strong>, ministro da Casa Civil. Todos os outros tr\u00eas ministros que trabalham dentro do <strong>Pal\u00e1cio do Planalto<\/strong> t\u00eam agora origem militar.<\/p>\n<p><a href=\"https:\/\/www.suno.com.br\/noticias\/gustavo-bebianno-exonerado-secretaria\/\">Saiba mais &#8211;\u00a0Gustavo Bebianno \u00e9 exonerado da Secretaria-Geral, segundo porta-voz\u00a0<\/a><\/p>\n<h2>Monitor do PIB<\/h2>\n<p>O Monitor do <a href=\"https:\/\/www.suno.com.br\/artigos\/pib-produto-interno-bruto\/\">Produto Interno Bruto<\/a> (PIB) da <strong>Funda\u00e7\u00e3o Get\u00falio Vargas<\/strong> (FGV) aponta que houve <strong>expans\u00e3o<\/strong> de 1,1% da economia, em 2018.<\/p>\n<p>O <strong>Instituto Brasileiro de Geografia e Estat\u00edstica<\/strong> (IBGE) \u00e9 o \u00f3rg\u00e3o respons\u00e1vel pela divulga\u00e7\u00e3o do <strong>PIB<\/strong> oficial do Pa\u00eds.<\/p>\n<h2>Guerra comercial<\/h2>\n<p>Tem in\u00edcio hoje uma nova rodada de negocia\u00e7\u00f5es para que os Estados Unidos da Am\u00e9rica (EUA) e a China entrem em acordo para encerrar a <a href=\"https:\/\/www.suno.com.br\/artigos\/guerra-comercial\/\">guerra comercial<\/a>.<\/p>\n<p>Desta vez, a rodada ocorrer\u00e1 em Washington.<\/p>\n<h2>Sess\u00e3o asi\u00e1tica<\/h2>\n<p>As bolsas da \u00c1sia n\u00e3o apresentaram tend\u00eancia no fechamento desta ter\u00e7a-feira. O mercado aguarda as novidades de uma nova rodada de negocia\u00e7\u00f5es para encerrar a guerra comercial.<\/p>\n<p>Confira abaixo o fechamento das principais <strong>bolsas asi\u00e1ticas<\/strong>:<\/p>\n<ul>\n<li><strong>Hong Kong:<\/strong> \u00edndice Hang Seng obteve baixa de 0,42%;<\/li>\n<li><strong>Jap\u00e3o:<\/strong> \u00edndice Nikkei obteve alta de 1,82%;<\/li>\n<li><strong>China:<\/strong> \u00edndice Xangai obteve alta de 0,10%.<\/li>\n<\/ul>\n<h2>Destaques do Ibovespa<\/h2>\n<p>Por volta das 10h50, as a\u00e7\u00f5es que apresentavam as maiores <strong>altas<\/strong> do <strong>Ibovespa<\/strong> eram:<\/p>\n<ul>\n<li>CIEL3: 2,81% a R$ 10,96<\/li>\n<li>ESTC3: 2,22%% a R$ 29,88<\/li>\n<li>RADL3: 2,12% a R$ 58,80<\/li>\n<\/ul>\n<p>Dentre os papeis que tinham as mais maiores <b>quedas\u00a0<\/b>do Ibovespa estavam:<\/p>\n<ul>\n<li>ELET6: 3,75% a R$ 37,24<\/li>\n<li>ELET3: 3,56% a R$ 34,17<\/li>\n<li>JBSS3: 1,27% a R$ 14,81<\/li>\n<\/ul>\n<p><a href=\"https:\/\/www.suno.com.br\/noticias\/ibovespa-fecha-queda-crise-governo\/\">Saiba mais &#8211;\u00a0Ibovespa fecha em queda de 1,04% com crise no governo\u00a0<\/a><\/p>\n<p>No preg\u00e3o da sexta-feira (18), o <strong>Ibovespa<\/strong> fechou em alta de 0,5%, chegando a 97.525,91 pontos.<\/p>\n","protected":false},"excerpt":{"rendered":"<p>O Ibovespa opera em alta na manh\u00e3 desta ter\u00e7a-feira (19) na B3 (BM&amp;F Bovespa). China: BC injeta 500 bi de yuans e mercado encerra em alta \u00c0s 9h39, a alta do Ibovespa era de\u00a00,96% a\u00a097.434,63 pontos. A ascens\u00e3o \u00e9 impulsionada pela supera\u00e7\u00e3o da primeira crise no governo Bolsonaro. Al\u00e9m disso, o otimismo do mercado com [&hellip;]<\/p>\n","protected":false},"author":12,"featured_media":4818,"comment_status":"closed","ping_status":"closed","sticky":false,"template":"","format":"standard","meta":[],"categories":[60],"tags":[711,793,980,1165,721,807,940],"suno_strategy":[],"class_list":["post-15792","post","type-post","status-publish","format-standard","has-post-thumbnail","hentry","category-mercado","tag-china","tag-estados-unidos-eua","tag-guerra-comercial","tag-gustavo-bebianno","tag-ibovespa","tag-produto-interno-bruto-pib","tag-reforma-da-previdencia"],"yoast_head":"<!-- This site is optimized with the Yoast SEO plugin v24.4 - https:\/\/yoast.com\/wordpress\/plugins\/seo\/ -->\n<title>Ibovespa abre em alta com governo superando crise<\/title>\n<meta name=\"description\" content=\"O Ibovespa abriu em alta nesta ter\u00e7a-feira (19). \u00c0s 9h39, a alta do \u00edndice era de\u00a00,96% a\u00a097.434,63 pontos. Clique para saber mais.\" \/>\n<meta name=\"robots\" content=\"index, follow, max-snippet:-1, max-image-preview:large, max-video-preview:-1\" \/>\n<link rel=\"canonical\" href=\"https:\/\/www.suno.com.br\/noticias\/ibovespa-02192019\/\" \/>\n<meta property=\"og:locale\" content=\"pt_BR\" \/>\n<meta property=\"og:type\" content=\"article\" \/>\n<meta property=\"og:title\" content=\"Ibovespa abre em alta com governo superando crise\" \/>\n<meta property=\"og:description\" content=\"O Ibovespa abriu em alta nesta ter\u00e7a-feira (19). \u00c0s 9h39, a alta do \u00edndice era de\u00a00,96% a\u00a097.434,63 pontos. Clique para saber mais.\" \/>\n<meta property=\"og:url\" content=\"https:\/\/www.suno.com.br\/noticias\/ibovespa-02192019\/\" \/>\n<meta property=\"og:site_name\" content=\"Suno Not\u00edcias\" \/>\n<meta property=\"article:publisher\" content=\"https:\/\/facebook.com\/sunoresearch\" \/>\n<meta property=\"og:image\" content=\"https:\/\/files.sunoresearch.com.br\/n\/uploads\/2018\/10\/65264bb7-ibovespa-3.jpg\" \/>\n\t<meta property=\"og:image:width\" content=\"1920\" \/>\n\t<meta property=\"og:image:height\" content=\"800\" \/>\n\t<meta property=\"og:image:type\" content=\"image\/jpeg\" \/>\n<meta name=\"author\" content=\"Amanda Gushiken\" \/>\n<meta name=\"twitter:card\" content=\"summary_large_image\" \/>\n<meta name=\"twitter:creator\" content=\"@sunoresearch\" \/>\n<meta name=\"twitter:site\" content=\"@sunoresearch\" \/>\n<meta name=\"twitter:label1\" content=\"Escrito por\" \/>\n\t<meta name=\"twitter:data1\" content=\"Amanda Gushiken\" \/>\n\t<meta name=\"twitter:label2\" content=\"Est. tempo de leitura\" \/>\n\t<meta name=\"twitter:data2\" content=\"3 minutos\" \/>\n<script type=\"application\/ld+json\" class=\"yoast-schema-graph\">{\"@context\":\"https:\/\/schema.org\",\"@graph\":[{\"@type\":\"NewsArticle\",\"@id\":\"https:\/\/www.suno.com.br\/noticias\/ibovespa-02192019\/#article\",\"isPartOf\":{\"@id\":\"https:\/\/www.suno.com.br\/noticias\/ibovespa-02192019\/\"},\"author\":{\"name\":\"Amanda Gushiken\",\"@id\":\"https:\/\/www.suno.com.br\/noticias\/#\/schema\/person\/a5b06fa4e879d8e8e119c6ed3cd630d1\"},\"headline\":\"Ibovespa abre em alta com governo superando crise\",\"datePublished\":\"2019-02-19T14:07:03+00:00\",\"dateModified\":\"2019-02-19T14:19:22+00:00\",\"mainEntityOfPage\":{\"@id\":\"https:\/\/www.suno.com.br\/noticias\/ibovespa-02192019\/\"},\"wordCount\":619,\"publisher\":{\"@id\":\"https:\/\/www.suno.com.br\/noticias\/#organization\"},\"image\":{\"@id\":\"https:\/\/www.suno.com.br\/noticias\/ibovespa-02192019\/#primaryimage\"},\"thumbnailUrl\":\"https:\/\/files.sunoresearch.com.br\/n\/uploads\/2018\/10\/65264bb7-ibovespa-3-jpg.webp\",\"keywords\":[\"China\",\"Estados Unidos (EUA)\",\"guerra comercial\",\"Gustavo Bebianno\",\"Ibovespa\",\"Produto Interno Bruto (PIB)\",\"Reforma da Previd\u00eancia\"],\"articleSection\":[\"Mercado\"],\"inLanguage\":\"pt-BR\"},{\"@type\":\"WebPage\",\"@id\":\"https:\/\/www.suno.com.br\/noticias\/ibovespa-02192019\/\",\"url\":\"https:\/\/www.suno.com.br\/noticias\/ibovespa-02192019\/\",\"name\":\"Ibovespa abre em alta com governo superando crise\",\"isPartOf\":{\"@id\":\"https:\/\/www.suno.com.br\/noticias\/#website\"},\"primaryImageOfPage\":{\"@id\":\"https:\/\/www.suno.com.br\/noticias\/ibovespa-02192019\/#primaryimage\"},\"image\":{\"@id\":\"https:\/\/www.suno.com.br\/noticias\/ibovespa-02192019\/#primaryimage\"},\"thumbnailUrl\":\"https:\/\/files.sunoresearch.com.br\/n\/uploads\/2018\/10\/65264bb7-ibovespa-3-jpg.webp\",\"datePublished\":\"2019-02-19T14:07:03+00:00\",\"dateModified\":\"2019-02-19T14:19:22+00:00\",\"description\":\"O Ibovespa abriu em alta nesta ter\u00e7a-feira (19). \u00c0s 9h39, a alta do \u00edndice era de\u00a00,96% a\u00a097.434,63 pontos. Clique para saber mais.\",\"breadcrumb\":{\"@id\":\"https:\/\/www.suno.com.br\/noticias\/ibovespa-02192019\/#breadcrumb\"},\"inLanguage\":\"pt-BR\",\"potentialAction\":[{\"@type\":\"ReadAction\",\"target\":[\"https:\/\/www.suno.com.br\/noticias\/ibovespa-02192019\/\"]}]},{\"@type\":\"ImageObject\",\"inLanguage\":\"pt-BR\",\"@id\":\"https:\/\/www.suno.com.br\/noticias\/ibovespa-02192019\/#primaryimage\",\"url\":\"https:\/\/files.sunoresearch.com.br\/n\/uploads\/2018\/10\/65264bb7-ibovespa-3-jpg.webp\",\"contentUrl\":\"https:\/\/files.sunoresearch.com.br\/n\/uploads\/2018\/10\/65264bb7-ibovespa-3-jpg.webp\",\"width\":1920,\"height\":800,\"caption\":\"China: BC injeta 500 bi de yuans e mercado encerra em alta\"},{\"@type\":\"BreadcrumbList\",\"@id\":\"https:\/\/www.suno.com.br\/noticias\/ibovespa-02192019\/#breadcrumb\",\"itemListElement\":[{\"@type\":\"ListItem\",\"position\":1,\"name\":\"Not\u00edcias\",\"item\":\"https:\/\/www.suno.com.br\/noticias\/\"},{\"@type\":\"ListItem\",\"position\":2,\"name\":\"Mercado\",\"item\":\"https:\/\/www.suno.com.br\/noticias\/mercado\/\"},{\"@type\":\"ListItem\",\"position\":3,\"name\":\"Ibovespa abre em alta com governo superando crise\"}]},{\"@type\":\"WebSite\",\"@id\":\"https:\/\/www.suno.com.br\/noticias\/#website\",\"url\":\"https:\/\/www.suno.com.br\/noticias\/\",\"name\":\"Suno Not\u00edcias\",\"description\":\"Seu portal de informa\u00e7\u00e3o sobre o mundo dos investimentos\",\"publisher\":{\"@id\":\"https:\/\/www.suno.com.br\/noticias\/#organization\"},\"potentialAction\":[{\"@type\":\"SearchAction\",\"target\":{\"@type\":\"EntryPoint\",\"urlTemplate\":\"https:\/\/www.suno.com.br\/noticias\/?s={search_term_string}\"},\"query-input\":{\"@type\":\"PropertyValueSpecification\",\"valueRequired\":true,\"valueName\":\"search_term_string\"}}],\"inLanguage\":\"pt-BR\"},{\"@type\":\"Organization\",\"@id\":\"https:\/\/www.suno.com.br\/noticias\/#organization\",\"name\":\"Suno Not\u00edcias\",\"url\":\"https:\/\/www.suno.com.br\/noticias\/\",\"logo\":{\"@type\":\"ImageObject\",\"inLanguage\":\"pt-BR\",\"@id\":\"https:\/\/www.suno.com.br\/noticias\/#\/schema\/logo\/image\/\",\"url\":\"https:\/\/files.sunoresearch.com.br\/n\/uploads\/2021\/09\/suno-logo.png\",\"contentUrl\":\"https:\/\/files.sunoresearch.com.br\/n\/uploads\/2021\/09\/suno-logo.png\",\"width\":180,\"height\":180,\"caption\":\"Suno Not\u00edcias\"},\"image\":{\"@id\":\"https:\/\/www.suno.com.br\/noticias\/#\/schema\/logo\/image\/\"},\"sameAs\":[\"https:\/\/facebook.com\/sunoresearch\",\"https:\/\/x.com\/sunoresearch\",\"https:\/\/www.instagram.com\/suno\",\"https:\/\/www.linkedin.com\/company\/suno-research\/\",\"https:\/\/www.youtube.com\/c\/sunoresearch\"]},{\"@type\":\"Person\",\"@id\":\"https:\/\/www.suno.com.br\/noticias\/#\/schema\/person\/a5b06fa4e879d8e8e119c6ed3cd630d1\",\"name\":\"Amanda Gushiken\",\"image\":{\"@type\":\"ImageObject\",\"inLanguage\":\"pt-BR\",\"@id\":\"https:\/\/www.suno.com.br\/noticias\/#\/schema\/person\/image\/\",\"url\":\"https:\/\/secure.gravatar.com\/avatar\/ecd84705e6b65e3685ae80d725501fbe?s=96&r=g\",\"contentUrl\":\"https:\/\/secure.gravatar.com\/avatar\/ecd84705e6b65e3685ae80d725501fbe?s=96&r=g\",\"caption\":\"Amanda Gushiken\"},\"description\":\"Amanda Sayuri Gushiken escreve sobre finan\u00e7as e neg\u00f3cios para o portal Suno Not\u00edcias. Antes, trabalhou selecionando not\u00edcias da imprensa para clientes do mercado financeiro. Tamb\u00e9m desenvolveu pesquisa acad\u00eamica pela Universidade Anhembi Morumbi na \u00e1rea de Teorias da Comunica\u00e7\u00e3o e \u00e9 fot\u00f3grafa nas horas vagas.\",\"url\":\"https:\/\/www.suno.com.br\/noticias\/author\/amanda\/\"}]}<\/script>\n<!-- \/ Yoast SEO plugin. -->","yoast_head_json":{"title":"Ibovespa abre em alta com governo superando crise","description":"O Ibovespa abriu em alta nesta ter\u00e7a-feira (19). \u00c0s 9h39, a alta do \u00edndice era de\u00a00,96% a\u00a097.434,63 pontos. Clique para saber mais.","robots":{"index":"index","follow":"follow","max-snippet":"max-snippet:-1","max-image-preview":"max-image-preview:large","max-video-preview":"max-video-preview:-1"},"canonical":"https:\/\/www.suno.com.br\/noticias\/ibovespa-02192019\/","og_locale":"pt_BR","og_type":"article","og_title":"Ibovespa abre em alta com governo superando crise","og_description":"O Ibovespa abriu em alta nesta ter\u00e7a-feira (19). \u00c0s 9h39, a alta do \u00edndice era de\u00a00,96% a\u00a097.434,63 pontos. Clique para saber mais.","og_url":"https:\/\/www.suno.com.br\/noticias\/ibovespa-02192019\/","og_site_name":"Suno Not\u00edcias","article_publisher":"https:\/\/facebook.com\/sunoresearch","og_image":[{"width":1920,"height":800,"url":"https:\/\/files.sunoresearch.com.br\/n\/uploads\/2018\/10\/65264bb7-ibovespa-3.jpg","type":"image\/jpeg"}],"author":"Amanda Gushiken","twitter_card":"summary_large_image","twitter_creator":"@sunoresearch","twitter_site":"@sunoresearch","twitter_misc":{"Escrito por":"Amanda Gushiken","Est. tempo de leitura":"3 minutos"},"schema":{"@context":"https:\/\/schema.org","@graph":[{"@type":"NewsArticle","@id":"https:\/\/www.suno.com.br\/noticias\/ibovespa-02192019\/#article","isPartOf":{"@id":"https:\/\/www.suno.com.br\/noticias\/ibovespa-02192019\/"},"author":{"name":"Amanda Gushiken","@id":"https:\/\/www.suno.com.br\/noticias\/#\/schema\/person\/a5b06fa4e879d8e8e119c6ed3cd630d1"},"headline":"Ibovespa abre em alta com governo superando crise","datePublished":"2019-02-19T14:07:03+00:00","dateModified":"2019-02-19T14:19:22+00:00","mainEntityOfPage":{"@id":"https:\/\/www.suno.com.br\/noticias\/ibovespa-02192019\/"},"wordCount":619,"publisher":{"@id":"https:\/\/www.suno.com.br\/noticias\/#organization"},"image":{"@id":"https:\/\/www.suno.com.br\/noticias\/ibovespa-02192019\/#primaryimage"},"thumbnailUrl":"https:\/\/files.sunoresearch.com.br\/n\/uploads\/2018\/10\/65264bb7-ibovespa-3-jpg.webp","keywords":["China","Estados Unidos (EUA)","guerra comercial","Gustavo Bebianno","Ibovespa","Produto Interno Bruto (PIB)","Reforma da Previd\u00eancia"],"articleSection":["Mercado"],"inLanguage":"pt-BR"},{"@type":"WebPage","@id":"https:\/\/www.suno.com.br\/noticias\/ibovespa-02192019\/","url":"https:\/\/www.suno.com.br\/noticias\/ibovespa-02192019\/","name":"Ibovespa abre em alta com governo superando crise","isPartOf":{"@id":"https:\/\/www.suno.com.br\/noticias\/#website"},"primaryImageOfPage":{"@id":"https:\/\/www.suno.com.br\/noticias\/ibovespa-02192019\/#primaryimage"},"image":{"@id":"https:\/\/www.suno.com.br\/noticias\/ibovespa-02192019\/#primaryimage"},"thumbnailUrl":"https:\/\/files.sunoresearch.com.br\/n\/uploads\/2018\/10\/65264bb7-ibovespa-3-jpg.webp","datePublished":"2019-02-19T14:07:03+00:00","dateModified":"2019-02-19T14:19:22+00:00","description":"O Ibovespa abriu em alta nesta ter\u00e7a-feira (19). \u00c0s 9h39, a alta do \u00edndice era de\u00a00,96% a\u00a097.434,63 pontos. Clique para saber mais.","breadcrumb":{"@id":"https:\/\/www.suno.com.br\/noticias\/ibovespa-02192019\/#breadcrumb"},"inLanguage":"pt-BR","potentialAction":[{"@type":"ReadAction","target":["https:\/\/www.suno.com.br\/noticias\/ibovespa-02192019\/"]}]},{"@type":"ImageObject","inLanguage":"pt-BR","@id":"https:\/\/www.suno.com.br\/noticias\/ibovespa-02192019\/#primaryimage","url":"https:\/\/files.sunoresearch.com.br\/n\/uploads\/2018\/10\/65264bb7-ibovespa-3-jpg.webp","contentUrl":"https:\/\/files.sunoresearch.com.br\/n\/uploads\/2018\/10\/65264bb7-ibovespa-3-jpg.webp","width":1920,"height":800,"caption":"China: BC injeta 500 bi de yuans e mercado encerra em alta"},{"@type":"BreadcrumbList","@id":"https:\/\/www.suno.com.br\/noticias\/ibovespa-02192019\/#breadcrumb","itemListElement":[{"@type":"ListItem","position":1,"name":"Not\u00edcias","item":"https:\/\/www.suno.com.br\/noticias\/"},{"@type":"ListItem","position":2,"name":"Mercado","item":"https:\/\/www.suno.com.br\/noticias\/mercado\/"},{"@type":"ListItem","position":3,"name":"Ibovespa abre em alta com governo superando crise"}]},{"@type":"WebSite","@id":"https:\/\/www.suno.com.br\/noticias\/#website","url":"https:\/\/www.suno.com.br\/noticias\/","name":"Suno Not\u00edcias","description":"Seu portal de informa\u00e7\u00e3o sobre o mundo dos investimentos","publisher":{"@id":"https:\/\/www.suno.com.br\/noticias\/#organization"},"potentialAction":[{"@type":"SearchAction","target":{"@type":"EntryPoint","urlTemplate":"https:\/\/www.suno.com.br\/noticias\/?s={search_term_string}"},"query-input":{"@type":"PropertyValueSpecification","valueRequired":true,"valueName":"search_term_string"}}],"inLanguage":"pt-BR"},{"@type":"Organization","@id":"https:\/\/www.suno.com.br\/noticias\/#organization","name":"Suno Not\u00edcias","url":"https:\/\/www.suno.com.br\/noticias\/","logo":{"@type":"ImageObject","inLanguage":"pt-BR","@id":"https:\/\/www.suno.com.br\/noticias\/#\/schema\/logo\/image\/","url":"https:\/\/files.sunoresearch.com.br\/n\/uploads\/2021\/09\/suno-logo.png","contentUrl":"https:\/\/files.sunoresearch.com.br\/n\/uploads\/2021\/09\/suno-logo.png","width":180,"height":180,"caption":"Suno Not\u00edcias"},"image":{"@id":"https:\/\/www.suno.com.br\/noticias\/#\/schema\/logo\/image\/"},"sameAs":["https:\/\/facebook.com\/sunoresearch","https:\/\/x.com\/sunoresearch","https:\/\/www.instagram.com\/suno","https:\/\/www.linkedin.com\/company\/suno-research\/","https:\/\/www.youtube.com\/c\/sunoresearch"]},{"@type":"Person","@id":"https:\/\/www.suno.com.br\/noticias\/#\/schema\/person\/a5b06fa4e879d8e8e119c6ed3cd630d1","name":"Amanda Gushiken","image":{"@type":"ImageObject","inLanguage":"pt-BR","@id":"https:\/\/www.suno.com.br\/noticias\/#\/schema\/person\/image\/","url":"https:\/\/secure.gravatar.com\/avatar\/ecd84705e6b65e3685ae80d725501fbe?s=96&r=g","contentUrl":"https:\/\/secure.gravatar.com\/avatar\/ecd84705e6b65e3685ae80d725501fbe?s=96&r=g","caption":"Amanda Gushiken"},"description":"Amanda Sayuri Gushiken escreve sobre finan\u00e7as e neg\u00f3cios para o portal Suno Not\u00edcias. Antes, trabalhou selecionando not\u00edcias da imprensa para clientes do mercado financeiro. Tamb\u00e9m desenvolveu pesquisa acad\u00eamica pela Universidade Anhembi Morumbi na \u00e1rea de Teorias da Comunica\u00e7\u00e3o e \u00e9 fot\u00f3grafa nas horas vagas.","url":"https:\/\/www.suno.com.br\/noticias\/author\/amanda\/"}]}},"default_loop_html":"<div class=\"cardsPage__listCard__boxs\"><div class=\"cardsPage__listCard__boxs__img\"><a href=\"https:\/\/www.suno.com.br\/noticias\/ibovespa-02192019\/\"><img class=\"mask\" src=\"https:\/\/www.suno.com.br\/noticias\/wp-content\/themes\/suno\/resources\/images\/spotlight\/spotlight1img\/bg-mask.png\" alt=\"Image Mask\"\/><img src=\"https:\/\/files.sunoresearch.com.br\/n\/uploads\/2018\/10\/65264bb7-ibovespa-3-400x200.webp\" alt=\"Ibovespa abre em alta com governo superando crise\"\/><\/a><span class=\"spotlightCategory\"><a href=\"https:\/\/www.suno.com.br\/noticias\/mercado\/\">Mercado<\/a><\/span><\/div><div class=\"cardsPage__listCard__boxs__content\"><a href=\"https:\/\/www.suno.com.br\/noticias\/ibovespa-02192019\/\"><h2 class=\"content__title\">Ibovespa abre em alta com governo superando crise<\/h2><\/a><div class=\"newsContent__article__meta\"><div class=\"newsContent__article__meta__authorBox\"><a href=\"https:\/\/www.suno.com.br\/noticias\/author\/amanda\/\" class=\"authorBox__avatar noMobi\"><img src=\"https:\/\/files.sunoresearch.com.br\/n\/uploads\/2018\/11\/c6ad30be-amanda-150x150.webp\" alt=\"Amanda Gushiken\"><\/a><div class=\"authorBox__name\"><span>por\n\t\t\t<a href=\"https:\/\/www.suno.com.br\/noticias\/author\/amanda\/\"><span itemprop=\"author\">Amanda Gushiken<\/span><\/a><\/span><time datetime=\"2019-02-19T11:07:03-03:00\" itemprop=\"datePublished\">19\/02\/2019 11:07<\/time><\/div><\/div><\/div><\/div><\/div>","single_layout":"posts","amp_enabled":true,"_links":{"self":[{"href":"https:\/\/www.suno.com.br\/noticias\/wp-json\/wp\/v2\/posts\/15792"}],"collection":[{"href":"https:\/\/www.suno.com.br\/noticias\/wp-json\/wp\/v2\/posts"}],"about":[{"href":"https:\/\/www.suno.com.br\/noticias\/wp-json\/wp\/v2\/types\/post"}],"author":[{"embeddable":true,"href":"https:\/\/www.suno.com.br\/noticias\/wp-json\/wp\/v2\/users\/12"}],"replies":[{"embeddable":true,"href":"https:\/\/www.suno.com.br\/noticias\/wp-json\/wp\/v2\/comments?post=15792"}],"version-history":[{"count":0,"href":"https:\/\/www.suno.com.br\/noticias\/wp-json\/wp\/v2\/posts\/15792\/revisions"}],"wp:featuredmedia":[{"embeddable":true,"href":"https:\/\/www.suno.com.br\/noticias\/wp-json\/wp\/v2\/media\/4818"}],"wp:attachment":[{"href":"https:\/\/www.suno.com.br\/noticias\/wp-json\/wp\/v2\/media?parent=15792"}],"wp:term":[{"taxonomy":"category","embeddable":true,"href":"https:\/\/www.suno.com.br\/noticias\/wp-json\/wp\/v2\/categories?post=15792"},{"taxonomy":"post_tag","embeddable":true,"href":"https:\/\/www.suno.com.br\/noticias\/wp-json\/wp\/v2\/tags?post=15792"},{"taxonomy":"suno_strategy","embeddable":true,"href":"https:\/\/www.suno.com.br\/noticias\/wp-json\/wp\/v2\/suno_strategy?post=15792"}],"curies":[{"name":"wp","href":"https:\/\/api.w.org\/{rel}","templated":true}]}}