{"id":157905,"date":"2021-06-14T16:43:04","date_gmt":"2021-06-14T19:43:04","guid":{"rendered":"https:\/\/www.suno.com.br\/noticias\/?p=157905"},"modified":"2021-06-14T16:43:04","modified_gmt":"2021-06-14T19:43:04","slug":"auxilio-emergencial-prorrogado-mais-3-meses-guedes","status":"publish","type":"post","link":"https:\/\/www.suno.com.br\/noticias\/auxilio-emergencial-prorrogado-mais-3-meses-guedes\/","title":{"rendered":"Aux\u00edlio emergencial ser\u00e1 prorrogado por mais 3 meses, diz Guedes"},"content":{"rendered":"<p>O governo vai prorrogar o <strong>aux\u00edlio emergencial<\/strong>, conhecido como <strong>coronavoucher,<\/strong> aos mais vulner\u00e1veis por mais tr\u00eas meses, informou\u00a0o ministro da Economia, <a class=\"suno-keyword\" href=\"https:\/\/www.suno.com.br\/tudo-sobre\/paulo-guedes\/\" target=\"_blank\" rel=\"noopener noreferrer\" data-force=\"no\" data-priority=\"2\">Paulo Guedes<\/a> nesta segunda-feira (14).<\/p>\t<div class=\"wrapper-featured-image\">\n\t\t<figure class=\"spotlightImg\">\n\n\t\t\t<picture>\n\t\t\t\t<source media=\"(max-width: 768px)\" srcset=\"https:\/\/files.sunoresearch.com.br\/n\/uploads\/2021\/06\/a3185647-economia_1202200236-1-400x200.webp\">\n\t\t\t\t<img loading=\"lazy\" decoding=\"async\" class=\"newsContent__article__imgCapa lazyloadDisabled \" src=\"https:\/\/files.sunoresearch.com.br\/n\/uploads\/2021\/06\/a3185647-economia_1202200236-1-800x450.webp\" width=\"800\" height=\"450\" alt=\"Aux\u00edlio emergencial ser\u00e1 prorrogado por mais 3 meses, diz Guedes\" fetchpriority=high \/>\n\t\t\t<\/picture>\n\n\t\t\t<figcaption class=\"wp-caption-text wp-caption-text--show\">Paulo Guedes.  Foto: Wilson Dias\/Ag\u00eancia Brasil<\/figcaption>\n\t\t<\/figure>\n\t<\/div>\n\n\n\t<p>\n\t\t<a href=\"https:\/\/lp.suno.com.br\/planilha-controle-gastos\/\" target=\"_blank\" data-element=\"shortcode-suno-banner\" title=\"Banner SUNO, clique e saiba mais\">\n\t\t\t<picture>\n\t\t\t\t<source media=\"(max-width: 500px)\" srcset=\"https:\/\/files.sunoresearch.com.br\/n\/uploads\/2023\/03\/400x300-Planilha-controle-de-gastos.png\">\n\t\t\t\t<img class=\"newsContent__article__imgCapa newsContent__article__imgCapa--banner\"\n\t\t\t\t\tsrc=\"https:\/\/files.sunoresearch.com.br\/n\/uploads\/2023\/03\/1420x240-Planilha-controle-de-gastos.png\"\n\t\t\t\t\tdata-promo-id=\"101751\"\t\t\t\t\t\t\t\t\t\twidth='1420' height='240'\t\t\t\t\talt=\"https:\/\/files.sunoresearch.com.br\/n\/uploads\/2023\/03\/1420x240-Planilha-controle-de-gastos.png\"\n\t\t\t\t>\n\t\t\t<\/picture>\n\t\t<\/a>\n\t<\/p>\n\n\n<p>Com isso, a ajuda voltada aos mais vulner\u00e1veis durante a pandemia do coronav\u00edrus (covid-19) ser\u00e1 estendida at\u00e9 outubro, nos mesmos valores de R$ 150 a R$ 375 e com igual alcance em termos de p\u00fablico. Hoje, o aux\u00edlio emergencial contempla cerca de 39,1 milh\u00f5es de brasileiros.<\/p>\n<p>Segundo Guedes, o Minist\u00e9rio da Sa\u00fade informou que toda a popula\u00e7\u00e3o adulta estar\u00e1 vacinada contra a covid-19 at\u00e9 outubro. At\u00e9 que isso aconte\u00e7a, o governo quer garantir a prote\u00e7\u00e3o dos vulner\u00e1veis, da\u00ed a necessidade de extens\u00e3o do aux\u00edlio emergencial.<\/p>\n<p>O ministro ressaltou ainda que a pol\u00edtica vem sendo conduzida pelo Minist\u00e9rio da Cidadania, e a decis\u00e3o final sobre a extens\u00e3o \u00e9 do presidente Jair Bolsonaro.<\/p>\n<p><a href=\"https:\/\/lp.suno.com.br\/suno-one\/\">Suno One: acesse gratuitamente eBooks, Minicursos, Artigos e V\u00eddeo Aulas sobre investimentos com um \u00fanico cadastro. Clique para saber mais!<\/a><\/p>\n<h2><b>Cr\u00e9dito extraordin\u00e1rio<\/b><\/h2>\n<p>Segundo t\u00e9cnicos do governo, para bancar a prorroga\u00e7\u00e3o, deve ser aberto um cr\u00e9dito extraordin\u00e1rio de cerca de R$ 20 bilh\u00f5es. O n\u00famero final ainda est\u00e1 sendo refinado a partir dos dados dos pagamentos realizados em junho.<\/p>\n<p>O valor vai refor\u00e7ar os cerca de R$ 7 bilh\u00f5es que ainda est\u00e3o dispon\u00edveis dentro dos R$ 44 bilh\u00f5es j\u00e1 destinados ao programa e que n\u00e3o foram usados porque o n\u00famero de fam\u00edlias na nova rodada ficou abaixo do inicialmente projetado. Cada parcela tem tido um custo ao redor de R$ 9 bilh\u00f5es mensais.<\/p>\n\t<p>\n\t\t<a href=\"https:\/\/lp.suno.com.br\/planilha-da-vida-financeira\/\" target=\"_blank\" data-element=\"shortcode-suno-banner\" title=\"Banner SUNO, clique e saiba mais\">\n\t\t\t<picture>\n\t\t\t\t<source media=\"(max-width: 500px)\" srcset=\"https:\/\/files.sunoresearch.com.br\/n\/uploads\/2023\/04\/400x300-Planilha-vida-financeira-true.png\">\n\t\t\t\t<img class=\"newsContent__article__imgCapa newsContent__article__imgCapa--banner\"\n\t\t\t\t\tsrc=\"https:\/\/files.sunoresearch.com.br\/n\/uploads\/2023\/04\/1420x240-Planilha-vida-financeira-true.png\"\n\t\t\t\t\tdata-promo-id=\"106682\"\t\t\t\t\t\t\t\t\t\twidth='1420' height='240'\t\t\t\t\talt=\"https:\/\/files.sunoresearch.com.br\/n\/uploads\/2023\/04\/1420x240-Planilha-vida-financeira-true.png\"\n\t\t\t\t>\n\t\t\t<\/picture>\n\t\t<\/a>\n\t<\/p>\n\n\n<p>O cr\u00e9dito extraordin\u00e1rio banca despesas emergenciais e fica fora do <a class=\"suno-keyword\" href=\"https:\/\/www.suno.com.br\/artigos\/teto-de-gastos\/\" target=\"_blank\" rel=\"noopener noreferrer\" data-force=\"no\" data-priority=\"1\">teto de gastos<\/a>, regra que limita o avan\u00e7o das despesas \u00e0 infla\u00e7\u00e3o.<\/p>\n<p>A extens\u00e3o da ajuda a vulner\u00e1veis \u00e9 uma forma de manter a assist\u00eancia \u00e0s fam\u00edlias enquanto a imuniza\u00e7\u00e3o da popula\u00e7\u00e3o contra a covid-19 ainda avan\u00e7a nos Estados e tamb\u00e9m evita um &#8220;v\u00e1cuo&#8221; at\u00e9 o lan\u00e7amento da nova pol\u00edtica social permanente do governo.<\/p>\n<p>No desenho atual, a \u00faltima parcela \u00e9 prevista para julho deste ano. No entanto, fontes do governo j\u00e1 reconheciam nas \u00faltimas semanas que &#8220;alguma prorroga\u00e7\u00e3o \u00e9 razo\u00e1vel&#8221;, dado que o n\u00famero de casos e \u00f3bitos pela doen\u00e7a parou de cair. Al\u00e9m disso, a extens\u00e3o da ajuda dar\u00e1 maior conforto at\u00e9 a vacina\u00e7\u00e3o mais ampla da popula\u00e7\u00e3o.<\/p>\n<h2><b>Medida Provis\u00f3ria<\/b><\/h2>\n<p>A prorroga\u00e7\u00e3o deve ocorrer por Medida Provis\u00f3ria. A necessidade de uma Proposta de Emenda \u00e0 Constitui\u00e7\u00e3o (PEC) para isso, aventada anteriormente, perdeu for\u00e7a porque esse tipo de cr\u00e9dito j\u00e1 fica fora do teto, e h\u00e1 espa\u00e7o na <a class=\"suno-keyword\" href=\"https:\/\/www.suno.com.br\/artigos\/meta-fiscal\/\" target=\"_blank\" rel=\"noopener noreferrer\" data-force=\"no\" data-priority=\"1\">meta fiscal<\/a> (que permite rombo de at\u00e9 R$ 247,1 bilh\u00f5es no ano) para acomodar o gasto adicional.<\/p>\n<p>No in\u00edcio do ano, o governo precisou de uma PEC para aprovar os primeiros R$ 44 bilh\u00f5es destinados \u00e0 nova rodada do aux\u00edlio porque o Or\u00e7amento de 2021 ainda estava em tramita\u00e7\u00e3o no Congresso Nacional, e n\u00e3o havia espa\u00e7o na meta. Na avalia\u00e7\u00e3o de fontes da equipe econ\u00f4mica, n\u00e3o h\u00e1 essa necessidade agora.<\/p>\n<p>A prorroga\u00e7\u00e3o do aux\u00edlio ainda vai abrir mais espa\u00e7o no Or\u00e7amento de 2021 para o lan\u00e7amento da nova pol\u00edtica social permanente, que vai suceder o Bolsa Fam\u00edlia. Isso porque as fam\u00edlias contempladas pelo Bolsa s\u00e3o &#8220;transferidas&#8221; para a folha do aux\u00edlio durante sua vig\u00eancia, poupando o or\u00e7amento do programa.<\/p>\n<p>Hoje, essa &#8220;sobra&#8221; do Bolsa dentro do teto \u00e9 de aproximadamente R$ 7 bilh\u00f5es e deve ficar maior com a extens\u00e3o da ajuda tempor\u00e1ria aos vulner\u00e1veis. O dinheiro deve ser usado para turbinar a nova pol\u00edtica social.<\/p>\n\t<div data-element=\"shortcode-read-more\" class=\"knowMore\">\n\t\t\t\t<span class=\"knowMore__title\">Leia mais<\/span>\n\t\t\t\t<a class=\"knowMore__link\" href=\"https:\/\/www.suno.com.br\/noticias\/coronavoucher-guedes-governo-renovar-auxilio-2-3-meses\/\">\n\t\t\tCoronavoucher: Guedes diz que governo deve renovar aux\u00edlio por &quot;2 ou 3 meses&quot;\t\t<\/a>\n\t<\/div>\n\n\n<h2><b>Elei\u00e7\u00f5es<\/b><\/h2>\n<p>O desenho do substituto do Bolsa Fam\u00edlia precisa ser implementado at\u00e9 dezembro de 2021, ou acabar\u00e1 engavetado, pois a lei veda a ado\u00e7\u00e3o desse tipo de medida em ano de elei\u00e7\u00f5es.<\/p>\n<p>A Lei das Elei\u00e7\u00f5es diz que, no ano de realiza\u00e7\u00e3o do pleito, \u00e9 proibida a distribui\u00e7\u00e3o de valores e benef\u00edcios, exceto programas sociais j\u00e1 autorizados em lei e com <strong>execu\u00e7\u00e3o or\u00e7ament\u00e1ria<\/strong> no exerc\u00edcio anterior &#8211; neste caso, em 2021.<\/p>\n<p>Com informa\u00e7\u00f5es do Estad\u00e3o Conte\u00fado<\/p>\n\t<p>\n\t\t<a href=\"https:\/\/lp.suno.com.br\/planilha-de-controle-de-investimentos\/\" target=\"_blank\" data-element=\"shortcode-suno-banner\" title=\"Banner SUNO, clique e saiba mais\">\n\t\t\t<picture>\n\t\t\t\t<source media=\"(max-width: 500px)\" srcset=\"https:\/\/files.sunoresearch.com.br\/n\/uploads\/2023\/03\/400x300-Controle-de-Investimentos.png\">\n\t\t\t\t<img class=\"newsContent__article__imgCapa newsContent__article__imgCapa--banner\"\n\t\t\t\t\tsrc=\"https:\/\/files.sunoresearch.com.br\/n\/uploads\/2023\/03\/1420x240-Controle-de-Investimentos.png\"\n\t\t\t\t\tdata-promo-id=\"75934\"\t\t\t\t\t\t\t\t\t\twidth='1420' height='240'\t\t\t\t\talt=\"https:\/\/files.sunoresearch.com.br\/n\/uploads\/2023\/03\/1420x240-Controle-de-Investimentos.png\"\n\t\t\t\t>\n\t\t\t<\/picture>\n\t\t<\/a>\n\t<\/p>\n\n\n<p>&nbsp;<\/p>\n","protected":false},"excerpt":{"rendered":"<p>O governo vai prorrogar o aux\u00edlio emergencial, conhecido como coronavoucher, aos mais vulner\u00e1veis por mais tr\u00eas meses, informou\u00a0o ministro da Economia, Paulo Guedes nesta segunda-feira (14). Paulo Guedes. Foto: Wilson Dias\/Ag\u00eancia Brasil Com isso, a ajuda voltada aos mais vulner\u00e1veis durante a pandemia do coronav\u00edrus (covid-19) ser\u00e1 estendida at\u00e9 outubro, nos mesmos valores de R$ [&hellip;]<\/p>\n","protected":false},"author":56,"featured_media":157935,"comment_status":"closed","ping_status":"closed","sticky":false,"template":"","format":"standard","meta":[],"categories":[62],"tags":[17139,2487,12737,909,796],"suno_strategy":[],"class_list":["post-157905","post","type-post","status-publish","format-standard","has-post-thumbnail","hentry","category-economia","tag-auxilio-emergencial","tag-coronavirus","tag-coronavoucher","tag-ministerio-da-economia","tag-paulo-guedes"],"yoast_head":"<!-- This site is optimized with the Yoast SEO plugin v24.4 - https:\/\/yoast.com\/wordpress\/plugins\/seo\/ -->\n<title>Aux\u00edlio emergencial ser\u00e1 prorrogado por mais 3 meses, diz Guedes<\/title>\n<meta name=\"description\" content=\"Com isso, o aux\u00edlio emergencial ser\u00e1 estendido at\u00e9 outubro, nos mesmos valores de R$ 150 a R$ 375, disse Guedes. Clique aqui para saber mais.\" \/>\n<meta name=\"robots\" content=\"index, follow, max-snippet:-1, max-image-preview:large, max-video-preview:-1\" \/>\n<link rel=\"canonical\" href=\"https:\/\/www.suno.com.br\/noticias\/auxilio-emergencial-prorrogado-mais-3-meses-guedes\/\" \/>\n<meta property=\"og:locale\" content=\"pt_BR\" \/>\n<meta property=\"og:type\" content=\"article\" \/>\n<meta property=\"og:title\" content=\"Aux\u00edlio emergencial ser\u00e1 prorrogado por mais 3 meses, diz Guedes\" \/>\n<meta property=\"og:description\" content=\"Com isso, o aux\u00edlio emergencial ser\u00e1 estendido at\u00e9 outubro, nos mesmos valores de R$ 150 a R$ 375, disse Guedes. Clique aqui para saber mais.\" \/>\n<meta property=\"og:url\" content=\"https:\/\/www.suno.com.br\/noticias\/auxilio-emergencial-prorrogado-mais-3-meses-guedes\/\" \/>\n<meta property=\"og:site_name\" content=\"Suno Not\u00edcias\" \/>\n<meta property=\"article:publisher\" content=\"https:\/\/facebook.com\/sunoresearch\" \/>\n<meta property=\"og:image\" content=\"https:\/\/files.sunoresearch.com.br\/n\/uploads\/2021\/06\/a3185647-economia_1202200236-1.jpg\" \/>\n\t<meta property=\"og:image:width\" content=\"1200\" \/>\n\t<meta property=\"og:image:height\" content=\"800\" \/>\n\t<meta property=\"og:image:type\" content=\"image\/jpeg\" \/>\n<meta name=\"author\" content=\"Rafaela La Regina\" \/>\n<meta name=\"twitter:card\" content=\"summary_large_image\" \/>\n<meta name=\"twitter:creator\" content=\"@sunoresearch\" \/>\n<meta name=\"twitter:site\" content=\"@sunoresearch\" \/>\n<meta name=\"twitter:label1\" content=\"Escrito por\" \/>\n\t<meta name=\"twitter:data1\" content=\"Rafaela La Regina\" \/>\n\t<meta name=\"twitter:label2\" content=\"Est. tempo de leitura\" \/>\n\t<meta name=\"twitter:data2\" content=\"4 minutos\" \/>\n<script type=\"application\/ld+json\" class=\"yoast-schema-graph\">{\"@context\":\"https:\/\/schema.org\",\"@graph\":[{\"@type\":\"NewsArticle\",\"@id\":\"https:\/\/www.suno.com.br\/noticias\/auxilio-emergencial-prorrogado-mais-3-meses-guedes\/#article\",\"isPartOf\":{\"@id\":\"https:\/\/www.suno.com.br\/noticias\/auxilio-emergencial-prorrogado-mais-3-meses-guedes\/\"},\"author\":{\"name\":\"Rafaela La Regina\",\"@id\":\"https:\/\/www.suno.com.br\/noticias\/#\/schema\/person\/e672ca8cea627fe715fa29bca7da95e0\"},\"headline\":\"Aux\u00edlio emergencial ser\u00e1 prorrogado por mais 3 meses, diz Guedes\",\"datePublished\":\"2021-06-14T19:43:04+00:00\",\"mainEntityOfPage\":{\"@id\":\"https:\/\/www.suno.com.br\/noticias\/auxilio-emergencial-prorrogado-mais-3-meses-guedes\/\"},\"wordCount\":755,\"publisher\":{\"@id\":\"https:\/\/www.suno.com.br\/noticias\/#organization\"},\"image\":{\"@id\":\"https:\/\/www.suno.com.br\/noticias\/auxilio-emergencial-prorrogado-mais-3-meses-guedes\/#primaryimage\"},\"thumbnailUrl\":\"https:\/\/files.sunoresearch.com.br\/n\/uploads\/2021\/06\/a3185647-economia_1202200236-1-jpg.webp\",\"keywords\":[\"aux\u00edlio emergencial\",\"coronav\u00edrus\",\"coronavoucher\",\"Minist\u00e9rio da Economia\",\"Paulo Guedes\"],\"articleSection\":[\"Economia\"],\"inLanguage\":\"pt-BR\"},{\"@type\":\"WebPage\",\"@id\":\"https:\/\/www.suno.com.br\/noticias\/auxilio-emergencial-prorrogado-mais-3-meses-guedes\/\",\"url\":\"https:\/\/www.suno.com.br\/noticias\/auxilio-emergencial-prorrogado-mais-3-meses-guedes\/\",\"name\":\"Aux\u00edlio emergencial ser\u00e1 prorrogado por mais 3 meses, diz Guedes\",\"isPartOf\":{\"@id\":\"https:\/\/www.suno.com.br\/noticias\/#website\"},\"primaryImageOfPage\":{\"@id\":\"https:\/\/www.suno.com.br\/noticias\/auxilio-emergencial-prorrogado-mais-3-meses-guedes\/#primaryimage\"},\"image\":{\"@id\":\"https:\/\/www.suno.com.br\/noticias\/auxilio-emergencial-prorrogado-mais-3-meses-guedes\/#primaryimage\"},\"thumbnailUrl\":\"https:\/\/files.sunoresearch.com.br\/n\/uploads\/2021\/06\/a3185647-economia_1202200236-1-jpg.webp\",\"datePublished\":\"2021-06-14T19:43:04+00:00\",\"description\":\"Com isso, o aux\u00edlio emergencial ser\u00e1 estendido at\u00e9 outubro, nos mesmos valores de R$ 150 a R$ 375, disse Guedes. Clique aqui para saber mais.\",\"breadcrumb\":{\"@id\":\"https:\/\/www.suno.com.br\/noticias\/auxilio-emergencial-prorrogado-mais-3-meses-guedes\/#breadcrumb\"},\"inLanguage\":\"pt-BR\",\"potentialAction\":[{\"@type\":\"ReadAction\",\"target\":[\"https:\/\/www.suno.com.br\/noticias\/auxilio-emergencial-prorrogado-mais-3-meses-guedes\/\"]}]},{\"@type\":\"ImageObject\",\"inLanguage\":\"pt-BR\",\"@id\":\"https:\/\/www.suno.com.br\/noticias\/auxilio-emergencial-prorrogado-mais-3-meses-guedes\/#primaryimage\",\"url\":\"https:\/\/files.sunoresearch.com.br\/n\/uploads\/2021\/06\/a3185647-economia_1202200236-1-jpg.webp\",\"contentUrl\":\"https:\/\/files.sunoresearch.com.br\/n\/uploads\/2021\/06\/a3185647-economia_1202200236-1-jpg.webp\",\"width\":1200,\"height\":800,\"caption\":\"Paulo Guedes. Foto: Wilson Dias\/Ag\u00eancia Brasil\"},{\"@type\":\"BreadcrumbList\",\"@id\":\"https:\/\/www.suno.com.br\/noticias\/auxilio-emergencial-prorrogado-mais-3-meses-guedes\/#breadcrumb\",\"itemListElement\":[{\"@type\":\"ListItem\",\"position\":1,\"name\":\"Not\u00edcias\",\"item\":\"https:\/\/www.suno.com.br\/noticias\/\"},{\"@type\":\"ListItem\",\"position\":2,\"name\":\"Economia\",\"item\":\"https:\/\/www.suno.com.br\/noticias\/economia\/\"},{\"@type\":\"ListItem\",\"position\":3,\"name\":\"Aux\u00edlio emergencial ser\u00e1 prorrogado por mais 3 meses, diz Guedes\"}]},{\"@type\":\"WebSite\",\"@id\":\"https:\/\/www.suno.com.br\/noticias\/#website\",\"url\":\"https:\/\/www.suno.com.br\/noticias\/\",\"name\":\"Suno Not\u00edcias\",\"description\":\"Seu portal de informa\u00e7\u00e3o sobre o mundo dos investimentos\",\"publisher\":{\"@id\":\"https:\/\/www.suno.com.br\/noticias\/#organization\"},\"potentialAction\":[{\"@type\":\"SearchAction\",\"target\":{\"@type\":\"EntryPoint\",\"urlTemplate\":\"https:\/\/www.suno.com.br\/noticias\/?s={search_term_string}\"},\"query-input\":{\"@type\":\"PropertyValueSpecification\",\"valueRequired\":true,\"valueName\":\"search_term_string\"}}],\"inLanguage\":\"pt-BR\"},{\"@type\":\"Organization\",\"@id\":\"https:\/\/www.suno.com.br\/noticias\/#organization\",\"name\":\"Suno Not\u00edcias\",\"url\":\"https:\/\/www.suno.com.br\/noticias\/\",\"logo\":{\"@type\":\"ImageObject\",\"inLanguage\":\"pt-BR\",\"@id\":\"https:\/\/www.suno.com.br\/noticias\/#\/schema\/logo\/image\/\",\"url\":\"https:\/\/files.sunoresearch.com.br\/n\/uploads\/2021\/09\/suno-logo.png\",\"contentUrl\":\"https:\/\/files.sunoresearch.com.br\/n\/uploads\/2021\/09\/suno-logo.png\",\"width\":180,\"height\":180,\"caption\":\"Suno Not\u00edcias\"},\"image\":{\"@id\":\"https:\/\/www.suno.com.br\/noticias\/#\/schema\/logo\/image\/\"},\"sameAs\":[\"https:\/\/facebook.com\/sunoresearch\",\"https:\/\/x.com\/sunoresearch\",\"https:\/\/www.instagram.com\/suno\",\"https:\/\/www.linkedin.com\/company\/suno-research\/\",\"https:\/\/www.youtube.com\/c\/sunoresearch\"]},{\"@type\":\"Person\",\"@id\":\"https:\/\/www.suno.com.br\/noticias\/#\/schema\/person\/e672ca8cea627fe715fa29bca7da95e0\",\"name\":\"Rafaela La Regina\",\"image\":{\"@type\":\"ImageObject\",\"inLanguage\":\"pt-BR\",\"@id\":\"https:\/\/www.suno.com.br\/noticias\/#\/schema\/person\/image\/\",\"url\":\"https:\/\/secure.gravatar.com\/avatar\/d2c75a52d243deb93d0465fdcb21bd37?s=96&r=g\",\"contentUrl\":\"https:\/\/secure.gravatar.com\/avatar\/d2c75a52d243deb93d0465fdcb21bd37?s=96&r=g\",\"caption\":\"Rafaela La Regina\"},\"description\":\"Estagi\u00e1ria no Suno Not\u00edcias. Escreve sobre economia, pol\u00edtica e neg\u00f3cios. Estuda Rela\u00e7\u00f5es Internacionais no IBMEC-SP.\",\"url\":\"https:\/\/www.suno.com.br\/noticias\/author\/rafaela-la-regina\/\"}]}<\/script>\n<!-- \/ Yoast SEO plugin. -->","yoast_head_json":{"title":"Aux\u00edlio emergencial ser\u00e1 prorrogado por mais 3 meses, diz Guedes","description":"Com isso, o aux\u00edlio emergencial ser\u00e1 estendido at\u00e9 outubro, nos mesmos valores de R$ 150 a R$ 375, disse Guedes. Clique aqui para saber mais.","robots":{"index":"index","follow":"follow","max-snippet":"max-snippet:-1","max-image-preview":"max-image-preview:large","max-video-preview":"max-video-preview:-1"},"canonical":"https:\/\/www.suno.com.br\/noticias\/auxilio-emergencial-prorrogado-mais-3-meses-guedes\/","og_locale":"pt_BR","og_type":"article","og_title":"Aux\u00edlio emergencial ser\u00e1 prorrogado por mais 3 meses, diz Guedes","og_description":"Com isso, o aux\u00edlio emergencial ser\u00e1 estendido at\u00e9 outubro, nos mesmos valores de R$ 150 a R$ 375, disse Guedes. Clique aqui para saber mais.","og_url":"https:\/\/www.suno.com.br\/noticias\/auxilio-emergencial-prorrogado-mais-3-meses-guedes\/","og_site_name":"Suno Not\u00edcias","article_publisher":"https:\/\/facebook.com\/sunoresearch","og_image":[{"width":1200,"height":800,"url":"https:\/\/files.sunoresearch.com.br\/n\/uploads\/2021\/06\/a3185647-economia_1202200236-1.jpg","type":"image\/jpeg"}],"author":"Rafaela La Regina","twitter_card":"summary_large_image","twitter_creator":"@sunoresearch","twitter_site":"@sunoresearch","twitter_misc":{"Escrito por":"Rafaela La Regina","Est. tempo de leitura":"4 minutos"},"schema":{"@context":"https:\/\/schema.org","@graph":[{"@type":"NewsArticle","@id":"https:\/\/www.suno.com.br\/noticias\/auxilio-emergencial-prorrogado-mais-3-meses-guedes\/#article","isPartOf":{"@id":"https:\/\/www.suno.com.br\/noticias\/auxilio-emergencial-prorrogado-mais-3-meses-guedes\/"},"author":{"name":"Rafaela La Regina","@id":"https:\/\/www.suno.com.br\/noticias\/#\/schema\/person\/e672ca8cea627fe715fa29bca7da95e0"},"headline":"Aux\u00edlio emergencial ser\u00e1 prorrogado por mais 3 meses, diz Guedes","datePublished":"2021-06-14T19:43:04+00:00","mainEntityOfPage":{"@id":"https:\/\/www.suno.com.br\/noticias\/auxilio-emergencial-prorrogado-mais-3-meses-guedes\/"},"wordCount":755,"publisher":{"@id":"https:\/\/www.suno.com.br\/noticias\/#organization"},"image":{"@id":"https:\/\/www.suno.com.br\/noticias\/auxilio-emergencial-prorrogado-mais-3-meses-guedes\/#primaryimage"},"thumbnailUrl":"https:\/\/files.sunoresearch.com.br\/n\/uploads\/2021\/06\/a3185647-economia_1202200236-1-jpg.webp","keywords":["aux\u00edlio emergencial","coronav\u00edrus","coronavoucher","Minist\u00e9rio da Economia","Paulo Guedes"],"articleSection":["Economia"],"inLanguage":"pt-BR"},{"@type":"WebPage","@id":"https:\/\/www.suno.com.br\/noticias\/auxilio-emergencial-prorrogado-mais-3-meses-guedes\/","url":"https:\/\/www.suno.com.br\/noticias\/auxilio-emergencial-prorrogado-mais-3-meses-guedes\/","name":"Aux\u00edlio emergencial ser\u00e1 prorrogado por mais 3 meses, diz Guedes","isPartOf":{"@id":"https:\/\/www.suno.com.br\/noticias\/#website"},"primaryImageOfPage":{"@id":"https:\/\/www.suno.com.br\/noticias\/auxilio-emergencial-prorrogado-mais-3-meses-guedes\/#primaryimage"},"image":{"@id":"https:\/\/www.suno.com.br\/noticias\/auxilio-emergencial-prorrogado-mais-3-meses-guedes\/#primaryimage"},"thumbnailUrl":"https:\/\/files.sunoresearch.com.br\/n\/uploads\/2021\/06\/a3185647-economia_1202200236-1-jpg.webp","datePublished":"2021-06-14T19:43:04+00:00","description":"Com isso, o aux\u00edlio emergencial ser\u00e1 estendido at\u00e9 outubro, nos mesmos valores de R$ 150 a R$ 375, disse Guedes. Clique aqui para saber mais.","breadcrumb":{"@id":"https:\/\/www.suno.com.br\/noticias\/auxilio-emergencial-prorrogado-mais-3-meses-guedes\/#breadcrumb"},"inLanguage":"pt-BR","potentialAction":[{"@type":"ReadAction","target":["https:\/\/www.suno.com.br\/noticias\/auxilio-emergencial-prorrogado-mais-3-meses-guedes\/"]}]},{"@type":"ImageObject","inLanguage":"pt-BR","@id":"https:\/\/www.suno.com.br\/noticias\/auxilio-emergencial-prorrogado-mais-3-meses-guedes\/#primaryimage","url":"https:\/\/files.sunoresearch.com.br\/n\/uploads\/2021\/06\/a3185647-economia_1202200236-1-jpg.webp","contentUrl":"https:\/\/files.sunoresearch.com.br\/n\/uploads\/2021\/06\/a3185647-economia_1202200236-1-jpg.webp","width":1200,"height":800,"caption":"Paulo Guedes. Foto: Wilson Dias\/Ag\u00eancia Brasil"},{"@type":"BreadcrumbList","@id":"https:\/\/www.suno.com.br\/noticias\/auxilio-emergencial-prorrogado-mais-3-meses-guedes\/#breadcrumb","itemListElement":[{"@type":"ListItem","position":1,"name":"Not\u00edcias","item":"https:\/\/www.suno.com.br\/noticias\/"},{"@type":"ListItem","position":2,"name":"Economia","item":"https:\/\/www.suno.com.br\/noticias\/economia\/"},{"@type":"ListItem","position":3,"name":"Aux\u00edlio emergencial ser\u00e1 prorrogado por mais 3 meses, diz Guedes"}]},{"@type":"WebSite","@id":"https:\/\/www.suno.com.br\/noticias\/#website","url":"https:\/\/www.suno.com.br\/noticias\/","name":"Suno Not\u00edcias","description":"Seu portal de informa\u00e7\u00e3o sobre o mundo dos investimentos","publisher":{"@id":"https:\/\/www.suno.com.br\/noticias\/#organization"},"potentialAction":[{"@type":"SearchAction","target":{"@type":"EntryPoint","urlTemplate":"https:\/\/www.suno.com.br\/noticias\/?s={search_term_string}"},"query-input":{"@type":"PropertyValueSpecification","valueRequired":true,"valueName":"search_term_string"}}],"inLanguage":"pt-BR"},{"@type":"Organization","@id":"https:\/\/www.suno.com.br\/noticias\/#organization","name":"Suno Not\u00edcias","url":"https:\/\/www.suno.com.br\/noticias\/","logo":{"@type":"ImageObject","inLanguage":"pt-BR","@id":"https:\/\/www.suno.com.br\/noticias\/#\/schema\/logo\/image\/","url":"https:\/\/files.sunoresearch.com.br\/n\/uploads\/2021\/09\/suno-logo.png","contentUrl":"https:\/\/files.sunoresearch.com.br\/n\/uploads\/2021\/09\/suno-logo.png","width":180,"height":180,"caption":"Suno Not\u00edcias"},"image":{"@id":"https:\/\/www.suno.com.br\/noticias\/#\/schema\/logo\/image\/"},"sameAs":["https:\/\/facebook.com\/sunoresearch","https:\/\/x.com\/sunoresearch","https:\/\/www.instagram.com\/suno","https:\/\/www.linkedin.com\/company\/suno-research\/","https:\/\/www.youtube.com\/c\/sunoresearch"]},{"@type":"Person","@id":"https:\/\/www.suno.com.br\/noticias\/#\/schema\/person\/e672ca8cea627fe715fa29bca7da95e0","name":"Rafaela La Regina","image":{"@type":"ImageObject","inLanguage":"pt-BR","@id":"https:\/\/www.suno.com.br\/noticias\/#\/schema\/person\/image\/","url":"https:\/\/secure.gravatar.com\/avatar\/d2c75a52d243deb93d0465fdcb21bd37?s=96&r=g","contentUrl":"https:\/\/secure.gravatar.com\/avatar\/d2c75a52d243deb93d0465fdcb21bd37?s=96&r=g","caption":"Rafaela La Regina"},"description":"Estagi\u00e1ria no Suno Not\u00edcias. Escreve sobre economia, pol\u00edtica e neg\u00f3cios. Estuda Rela\u00e7\u00f5es Internacionais no IBMEC-SP.","url":"https:\/\/www.suno.com.br\/noticias\/author\/rafaela-la-regina\/"}]}},"default_loop_html":"<div class=\"cardsPage__listCard__boxs\"><div class=\"cardsPage__listCard__boxs__img\"><a href=\"https:\/\/www.suno.com.br\/noticias\/auxilio-emergencial-prorrogado-mais-3-meses-guedes\/\"><img class=\"mask\" src=\"https:\/\/www.suno.com.br\/noticias\/wp-content\/themes\/suno\/resources\/images\/spotlight\/spotlight1img\/bg-mask.png\" alt=\"Image Mask\"\/><img src=\"https:\/\/files.sunoresearch.com.br\/n\/uploads\/2021\/06\/a3185647-economia_1202200236-1-400x200.webp\" alt=\"Aux\u00edlio emergencial ser\u00e1 prorrogado por mais 3 meses, diz Guedes\"\/><\/a><span class=\"spotlightCategory\"><a href=\"https:\/\/www.suno.com.br\/noticias\/economia\/\">Economia<\/a><\/span><\/div><div class=\"cardsPage__listCard__boxs__content\"><a href=\"https:\/\/www.suno.com.br\/noticias\/auxilio-emergencial-prorrogado-mais-3-meses-guedes\/\"><h2 class=\"content__title\">Aux\u00edlio emergencial ser\u00e1 prorrogado por mais 3 meses, diz Guedes<\/h2><\/a><div class=\"newsContent__article__meta\"><div class=\"newsContent__article__meta__authorBox\"><a href=\"https:\/\/www.suno.com.br\/noticias\/author\/rafaela-la-regina\/\" class=\"authorBox__avatar noMobi\"><img src=\"https:\/\/secure.gravatar.com\/avatar\/d2c75a52d243deb93d0465fdcb21bd37?s=96&#038;r=g\" alt=\"Rafaela La Regina\"><\/a><div class=\"authorBox__name\"><span>por\n\t\t\t<a href=\"https:\/\/www.suno.com.br\/noticias\/author\/rafaela-la-regina\/\"><span itemprop=\"author\">Rafaela La Regina<\/span><\/a><\/span><time datetime=\"2021-06-14T16:43:04-03:00\" itemprop=\"datePublished\">14\/06\/2021 16:43<\/time><\/div><\/div><\/div><\/div><\/div>","single_layout":"posts","amp_enabled":true,"_links":{"self":[{"href":"https:\/\/www.suno.com.br\/noticias\/wp-json\/wp\/v2\/posts\/157905"}],"collection":[{"href":"https:\/\/www.suno.com.br\/noticias\/wp-json\/wp\/v2\/posts"}],"about":[{"href":"https:\/\/www.suno.com.br\/noticias\/wp-json\/wp\/v2\/types\/post"}],"author":[{"embeddable":true,"href":"https:\/\/www.suno.com.br\/noticias\/wp-json\/wp\/v2\/users\/56"}],"replies":[{"embeddable":true,"href":"https:\/\/www.suno.com.br\/noticias\/wp-json\/wp\/v2\/comments?post=157905"}],"version-history":[{"count":2,"href":"https:\/\/www.suno.com.br\/noticias\/wp-json\/wp\/v2\/posts\/157905\/revisions"}],"predecessor-version":[{"id":157937,"href":"https:\/\/www.suno.com.br\/noticias\/wp-json\/wp\/v2\/posts\/157905\/revisions\/157937"}],"wp:featuredmedia":[{"embeddable":true,"href":"https:\/\/www.suno.com.br\/noticias\/wp-json\/wp\/v2\/media\/157935"}],"wp:attachment":[{"href":"https:\/\/www.suno.com.br\/noticias\/wp-json\/wp\/v2\/media?parent=157905"}],"wp:term":[{"taxonomy":"category","embeddable":true,"href":"https:\/\/www.suno.com.br\/noticias\/wp-json\/wp\/v2\/categories?post=157905"},{"taxonomy":"post_tag","embeddable":true,"href":"https:\/\/www.suno.com.br\/noticias\/wp-json\/wp\/v2\/tags?post=157905"},{"taxonomy":"suno_strategy","embeddable":true,"href":"https:\/\/www.suno.com.br\/noticias\/wp-json\/wp\/v2\/suno_strategy?post=157905"}],"curies":[{"name":"wp","href":"https:\/\/api.w.org\/{rel}","templated":true}]}}