{"id":157851,"date":"2021-06-14T13:02:40","date_gmt":"2021-06-14T16:02:40","guid":{"rendered":"https:\/\/www.suno.com.br\/noticias\/?p=157851"},"modified":"2021-06-14T13:02:40","modified_gmt":"2021-06-14T16:02:40","slug":"unicesumar-sendo-assediada-venda-resiste","status":"publish","type":"post","link":"https:\/\/www.suno.com.br\/noticias\/unicesumar-sendo-assediada-venda-resiste\/","title":{"rendered":"Cruzeiro do Sul (CSED3) planeja comprar a UniCesumar, diz jornal"},"content":{"rendered":"<p>A <strong>UniCesumar<\/strong> tem recebido propostas de compra de <a href=\"https:\/\/www.suno.com.br\/artigos\/fusoes-aquisicoes\/\"><em>players<\/em><\/a> como a Vitru (dona da Uniasselvi) e a Cruzeiro do Sul (CSED3), mas est\u00e1 resistente a fechar neg\u00f3cio.\u00a0As informa\u00e7\u00f5es s\u00e3o do jornal Valor Econ\u00f4mico.<\/p>\t<div class=\"wrapper-featured-image\">\n\t\t<figure class=\"spotlightImg\">\n\n\t\t\t<picture>\n\t\t\t\t<source media=\"(max-width: 768px)\" srcset=\"https:\/\/files.sunoresearch.com.br\/n\/uploads\/2021\/06\/0164e757-unicesumar-maringa-400x200.jpg\">\n\t\t\t\t<img loading=\"lazy\" decoding=\"async\" class=\"newsContent__article__imgCapa lazyloadDisabled \" src=\"https:\/\/files.sunoresearch.com.br\/n\/uploads\/2021\/06\/0164e757-unicesumar-maringa-800x450.jpg\" width=\"800\" height=\"450\" alt=\"Cruzeiro do Sul (CSED3) planeja comprar a UniCesumar, diz jornal\" fetchpriority=high \/>\n\t\t\t<\/picture>\n\n\t\t\t<figcaption class=\"wp-caption-text wp-caption-text--show\">UniCesumar j\u00e1 teve seu grupo quase fundido \u00e0 demais da bolsa, mas resiste \u00e0 aquisi\u00e7\u00f5es - Foto: Divulga\u00e7\u00e3o UniCesumar<\/figcaption>\n\t\t<\/figure>\n\t<\/div>\n\n\n\t<p>\n\t\t<a href=\"https:\/\/lp.suno.com.br\/planilha-controle-gastos\/\" target=\"_blank\" data-element=\"shortcode-suno-banner\" title=\"Banner SUNO, clique e saiba mais\">\n\t\t\t<picture>\n\t\t\t\t<source media=\"(max-width: 500px)\" srcset=\"https:\/\/files.sunoresearch.com.br\/n\/uploads\/2023\/03\/400x300-Planilha-controle-de-gastos.png\">\n\t\t\t\t<img class=\"newsContent__article__imgCapa newsContent__article__imgCapa--banner\"\n\t\t\t\t\tsrc=\"https:\/\/files.sunoresearch.com.br\/n\/uploads\/2023\/03\/1420x240-Planilha-controle-de-gastos.png\"\n\t\t\t\t\tdata-promo-id=\"101751\"\t\t\t\t\t\t\t\t\t\twidth='1420' height='240'\t\t\t\t\talt=\"https:\/\/files.sunoresearch.com.br\/n\/uploads\/2023\/03\/1420x240-Planilha-controle-de-gastos.png\"\n\t\t\t\t>\n\t\t\t<\/picture>\n\t\t<\/a>\n\t<\/p>\n\n\n<p>A universidade \u00e9 cobi\u00e7ada pelos seus n\u00fameros que incluem 90% dos alunos matriculados no <strong>ensino \u00e0 dist\u00e2ncia<\/strong>, em alta com a pandemia. Al\u00e9m disso, a UniCesumar soma v\u00e1rios alunos nos cursos de <strong>medicina<\/strong>, tamb\u00e9m em alta. S\u00e3o 334 mil alunos nos dois segmentos.<\/p>\n<p>A Cruzeiro do Sul j\u00e1 levantou R4 1,5 bilh\u00e3o com bancos, ao passo que a Vitru pode ter contratado a UBS para a opera\u00e7\u00e3o, dizem as fontes do jornal.<\/p>\n<p><a href=\"https:\/\/lp.suno.com.br\/suno-one\/?ppp=noticias\/hospital-care-pedido-ipo-cvm\/\"><b>Suno One: acesse gratuitamente eBooks, Minicursos, Artigos e V\u00eddeo Aulas sobre investimentos com um \u00fanico cadastro. Clique para saber mais!<\/b><\/a><\/p>\n<p>\u201cDe fato, somos muito assediados e nossa postura sempre foi de conversar, estamos abertos a conversas com grupos qualificados. Mas n\u00e3o estamos \u00e0 venda\u201d, disse Wilson de Matos Filho, vice-reitor e s\u00f3cio da UniCesumar.<\/p>\n<p>A Vitru chegaram a discutir uma poss\u00edvel fus\u00e3o antes da <a href=\"https:\/\/www.suno.com.br\/artigos\/ipo\/\">Oferta P\u00fablica de A\u00e7\u00f5es (IPO, do ingl\u00eas)<\/a> da detentora da <strong>Uniasselvi<\/strong>, feito em setembro.<\/p>\n<p>Contudo, o acordo foi barrado pelo fato de o grupo da UniCesumar ser maior.<\/p>\n\t<div data-element=\"shortcode-read-more\" class=\"knowMore\">\n\t\t\t\t<span class=\"knowMore__title\">Saiba mais<\/span>\n\t\t\t\t<a class=\"knowMore__link\" href=\"https:\/\/www.suno.com.br\/noticias\/ser-educacional-seer3-movimento-ousado-fael\/\">\n\t\t\tSer Educacional (SEER3): movimento ousado de estar mais exposto ao EAD \u00e9 positivo, diz XP\t\t<\/a>\n\t<\/div>\n\n\n<h2>Grupo da UniCesumar registrou receita de R$ 1 bilh\u00e3o<\/h2>\n<p>No acumulado de 2020, o grupo registrou um resultado expressivo que envolve:<\/p>\n<ul>\n<li>R$ 1 bilh\u00e3o em receita<\/li>\n<li>314 mil alunos no ensino \u00e0 dist\u00e2ncia<\/li>\n<li>20 mil alunos no ensino presencial (1,7 mil em medicina)<\/li>\n<\/ul>\n<p>Assim, o grupo Cesumar fica empatado na quinta posi\u00e7\u00e3o com a \u00c2nima, que tamb\u00e9m d\u00e1 seus movimentos no \u00e2mbito de aquisi\u00e7\u00f5es, com a compra recente da\u00a0Laureate Brasil, um dos maiores grupos de ensino superior privado do pa\u00eds.<\/p>\n\t<p>\n\t\t<a href=\"https:\/\/lp.suno.com.br\/planilha-da-vida-financeira\/\" target=\"_blank\" data-element=\"shortcode-suno-banner\" title=\"Banner SUNO, clique e saiba mais\">\n\t\t\t<picture>\n\t\t\t\t<source media=\"(max-width: 500px)\" srcset=\"https:\/\/files.sunoresearch.com.br\/n\/uploads\/2023\/04\/400x300-Planilha-vida-financeira-true.png\">\n\t\t\t\t<img class=\"newsContent__article__imgCapa newsContent__article__imgCapa--banner\"\n\t\t\t\t\tsrc=\"https:\/\/files.sunoresearch.com.br\/n\/uploads\/2023\/04\/1420x240-Planilha-vida-financeira-true.png\"\n\t\t\t\t\tdata-promo-id=\"106682\"\t\t\t\t\t\t\t\t\t\twidth='1420' height='240'\t\t\t\t\talt=\"https:\/\/files.sunoresearch.com.br\/n\/uploads\/2023\/04\/1420x240-Planilha-vida-financeira-true.png\"\n\t\t\t\t>\n\t\t\t<\/picture>\n\t\t<\/a>\n\t<\/p>\n\n\n<p>O vice-reitor da universidade cita que o projeto \u00e9 de fazer novas aquisi\u00e7\u00f5es e realizar uma abertura de capital, <a href=\"https:\/\/www.suno.com.br\/artigos\/empresa-capital-aberto\/\">tornando a Cesumar uma companhia aberta<\/a>. Contudo, isso deve ocorrer somente quando o cen\u00e1rio macroecon\u00f4mico do pa\u00eds melhorar.<\/p>\n<p>\u201cH\u00e1 oportunidades de aquisi\u00e7\u00f5es, muitos grupos foram afetados pela redu\u00e7\u00e3o do Fies [programa de <a class=\"suno-keyword\" href=\"https:\/\/www.suno.com.br\/artigos\/financiamento-estudantil\/\" target=\"_blank\" rel=\"noopener noreferrer\" data-force=\"no\" data-priority=\"1\">financiamento estudantil<\/a> do governo federal] e mais recentemente pela pandemia. Procuramos institui\u00e7\u00f5es de m\u00e9dio porte com perfil semelhante ao nosso\u201d, afirmou o\u00a0 s\u00f3cio do grupo Cesumar, detentor da <strong>UniCesumar<\/strong>.<\/p>\n\t<p>\n\t\t<a href=\"https:\/\/lp.suno.com.br\/planilha-de-controle-de-investimentos\/\" target=\"_blank\" data-element=\"shortcode-suno-banner\" title=\"Banner SUNO, clique e saiba mais\">\n\t\t\t<picture>\n\t\t\t\t<source media=\"(max-width: 500px)\" srcset=\"https:\/\/files.sunoresearch.com.br\/n\/uploads\/2023\/03\/400x300-Controle-de-Investimentos.png\">\n\t\t\t\t<img class=\"newsContent__article__imgCapa newsContent__article__imgCapa--banner\"\n\t\t\t\t\tsrc=\"https:\/\/files.sunoresearch.com.br\/n\/uploads\/2023\/03\/1420x240-Controle-de-Investimentos.png\"\n\t\t\t\t\tdata-promo-id=\"75934\"\t\t\t\t\t\t\t\t\t\twidth='1420' height='240'\t\t\t\t\talt=\"https:\/\/files.sunoresearch.com.br\/n\/uploads\/2023\/03\/1420x240-Controle-de-Investimentos.png\"\n\t\t\t\t>\n\t\t\t<\/picture>\n\t\t<\/a>\n\t<\/p>\n\n\n","protected":false},"excerpt":{"rendered":"<p>A UniCesumar tem recebido propostas de compra de players como a Vitru (dona da Uniasselvi) e a Cruzeiro do Sul (CSED3), mas est\u00e1 resistente a fechar neg\u00f3cio.\u00a0As informa\u00e7\u00f5es s\u00e3o do jornal Valor Econ\u00f4mico. UniCesumar j\u00e1 teve seu grupo quase fundido \u00e0 demais da bolsa, mas resiste \u00e0 aquisi\u00e7\u00f5es &#8211; Foto: Divulga\u00e7\u00e3o UniCesumar A universidade \u00e9 [&hellip;]<\/p>\n","protected":false},"author":73,"featured_media":157855,"comment_status":"closed","ping_status":"closed","sticky":false,"template":"","format":"standard","meta":[],"categories":[64],"tags":[2031,106436],"suno_strategy":[],"class_list":["post-157851","post","type-post","status-publish","format-standard","has-post-thumbnail","hentry","category-negocios","tag-cruzeiro-do-sul-csed3","tag-setor-educacional"],"yoast_head":"<!-- This site is optimized with the Yoast SEO plugin v24.4 - https:\/\/yoast.com\/wordpress\/plugins\/seo\/ -->\n<title>UniCesumar est\u00e1 sendo &quot;assediada&quot; para venda, mas resiste<\/title>\n<meta name=\"description\" content=\"Grupo j\u00e1 teve fus\u00e3o cogitada com outras companhias do mercado, contudo o vice-reitor da UniCesumar cita resist\u00eancia na venda. Leia mais.\" \/>\n<meta name=\"robots\" content=\"index, follow, max-snippet:-1, max-image-preview:large, max-video-preview:-1\" \/>\n<link rel=\"canonical\" href=\"https:\/\/www.suno.com.br\/noticias\/unicesumar-sendo-assediada-venda-resiste\/\" \/>\n<meta property=\"og:locale\" content=\"pt_BR\" \/>\n<meta property=\"og:type\" content=\"article\" \/>\n<meta property=\"og:title\" content=\"UniCesumar est\u00e1 sendo &quot;assediada&quot; para venda, mas resiste\" \/>\n<meta property=\"og:description\" content=\"Grupo j\u00e1 teve fus\u00e3o cogitada com outras companhias do mercado, contudo o vice-reitor da UniCesumar cita resist\u00eancia na venda. Leia mais.\" \/>\n<meta property=\"og:url\" content=\"https:\/\/www.suno.com.br\/noticias\/unicesumar-sendo-assediada-venda-resiste\/\" \/>\n<meta property=\"og:site_name\" content=\"Suno Not\u00edcias\" \/>\n<meta property=\"article:publisher\" content=\"https:\/\/facebook.com\/sunoresearch\" \/>\n<meta property=\"og:image\" content=\"https:\/\/files.sunoresearch.com.br\/n\/uploads\/2021\/06\/0164e757-unicesumar-maringa-scaled.jpg\" \/>\n\t<meta property=\"og:image:width\" content=\"2560\" \/>\n\t<meta property=\"og:image:height\" content=\"1440\" \/>\n\t<meta property=\"og:image:type\" content=\"image\/jpeg\" \/>\n<meta name=\"author\" content=\"Eduardo Vargas\" \/>\n<meta name=\"twitter:card\" content=\"summary_large_image\" \/>\n<meta name=\"twitter:creator\" content=\"@sunoresearch\" \/>\n<meta name=\"twitter:site\" content=\"@sunoresearch\" \/>\n<meta name=\"twitter:label1\" content=\"Escrito por\" \/>\n\t<meta name=\"twitter:data1\" content=\"Eduardo Vargas\" \/>\n\t<meta name=\"twitter:label2\" content=\"Est. tempo de leitura\" \/>\n\t<meta name=\"twitter:data2\" content=\"2 minutos\" \/>\n<script type=\"application\/ld+json\" class=\"yoast-schema-graph\">{\"@context\":\"https:\/\/schema.org\",\"@graph\":[{\"@type\":\"NewsArticle\",\"@id\":\"https:\/\/www.suno.com.br\/noticias\/unicesumar-sendo-assediada-venda-resiste\/#article\",\"isPartOf\":{\"@id\":\"https:\/\/www.suno.com.br\/noticias\/unicesumar-sendo-assediada-venda-resiste\/\"},\"author\":{\"name\":\"Eduardo Vargas\",\"@id\":\"https:\/\/www.suno.com.br\/noticias\/#\/schema\/person\/7f4d362bf3518e76090143ae77bb49a5\"},\"headline\":\"Cruzeiro do Sul (CSED3) planeja comprar a UniCesumar, diz jornal\",\"datePublished\":\"2021-06-14T16:02:40+00:00\",\"mainEntityOfPage\":{\"@id\":\"https:\/\/www.suno.com.br\/noticias\/unicesumar-sendo-assediada-venda-resiste\/\"},\"wordCount\":408,\"publisher\":{\"@id\":\"https:\/\/www.suno.com.br\/noticias\/#organization\"},\"image\":{\"@id\":\"https:\/\/www.suno.com.br\/noticias\/unicesumar-sendo-assediada-venda-resiste\/#primaryimage\"},\"thumbnailUrl\":\"https:\/\/files.sunoresearch.com.br\/n\/uploads\/2021\/06\/0164e757-unicesumar-maringa-scaled.jpg\",\"keywords\":[\"Cruzeiro do Sul (CSED3)\",\"setor educacional\"],\"articleSection\":[\"Neg\u00f3cios\"],\"inLanguage\":\"pt-BR\"},{\"@type\":\"WebPage\",\"@id\":\"https:\/\/www.suno.com.br\/noticias\/unicesumar-sendo-assediada-venda-resiste\/\",\"url\":\"https:\/\/www.suno.com.br\/noticias\/unicesumar-sendo-assediada-venda-resiste\/\",\"name\":\"UniCesumar est\u00e1 sendo \\\"assediada\\\" para venda, mas resiste\",\"isPartOf\":{\"@id\":\"https:\/\/www.suno.com.br\/noticias\/#website\"},\"primaryImageOfPage\":{\"@id\":\"https:\/\/www.suno.com.br\/noticias\/unicesumar-sendo-assediada-venda-resiste\/#primaryimage\"},\"image\":{\"@id\":\"https:\/\/www.suno.com.br\/noticias\/unicesumar-sendo-assediada-venda-resiste\/#primaryimage\"},\"thumbnailUrl\":\"https:\/\/files.sunoresearch.com.br\/n\/uploads\/2021\/06\/0164e757-unicesumar-maringa-scaled.jpg\",\"datePublished\":\"2021-06-14T16:02:40+00:00\",\"description\":\"Grupo j\u00e1 teve fus\u00e3o cogitada com outras companhias do mercado, contudo o vice-reitor da UniCesumar cita resist\u00eancia na venda. Leia mais.\",\"breadcrumb\":{\"@id\":\"https:\/\/www.suno.com.br\/noticias\/unicesumar-sendo-assediada-venda-resiste\/#breadcrumb\"},\"inLanguage\":\"pt-BR\",\"potentialAction\":[{\"@type\":\"ReadAction\",\"target\":[\"https:\/\/www.suno.com.br\/noticias\/unicesumar-sendo-assediada-venda-resiste\/\"]}]},{\"@type\":\"ImageObject\",\"inLanguage\":\"pt-BR\",\"@id\":\"https:\/\/www.suno.com.br\/noticias\/unicesumar-sendo-assediada-venda-resiste\/#primaryimage\",\"url\":\"https:\/\/files.sunoresearch.com.br\/n\/uploads\/2021\/06\/0164e757-unicesumar-maringa-scaled.jpg\",\"contentUrl\":\"https:\/\/files.sunoresearch.com.br\/n\/uploads\/2021\/06\/0164e757-unicesumar-maringa-scaled.jpg\",\"width\":2560,\"height\":1440,\"caption\":\"UniCesumar j\u00e1 teve seu grupo quase fundido \u00e0 demais da bolsa, mas resiste \u00e0 aquisi\u00e7\u00f5es - Foto: Divulga\u00e7\u00e3o UniCesumar\"},{\"@type\":\"BreadcrumbList\",\"@id\":\"https:\/\/www.suno.com.br\/noticias\/unicesumar-sendo-assediada-venda-resiste\/#breadcrumb\",\"itemListElement\":[{\"@type\":\"ListItem\",\"position\":1,\"name\":\"Not\u00edcias\",\"item\":\"https:\/\/www.suno.com.br\/noticias\/\"},{\"@type\":\"ListItem\",\"position\":2,\"name\":\"Neg\u00f3cios\",\"item\":\"https:\/\/www.suno.com.br\/noticias\/negocios\/\"},{\"@type\":\"ListItem\",\"position\":3,\"name\":\"Cruzeiro do Sul (CSED3) planeja comprar a UniCesumar, diz jornal\"}]},{\"@type\":\"WebSite\",\"@id\":\"https:\/\/www.suno.com.br\/noticias\/#website\",\"url\":\"https:\/\/www.suno.com.br\/noticias\/\",\"name\":\"Suno Not\u00edcias\",\"description\":\"Seu portal de informa\u00e7\u00e3o sobre o mundo dos investimentos\",\"publisher\":{\"@id\":\"https:\/\/www.suno.com.br\/noticias\/#organization\"},\"potentialAction\":[{\"@type\":\"SearchAction\",\"target\":{\"@type\":\"EntryPoint\",\"urlTemplate\":\"https:\/\/www.suno.com.br\/noticias\/?s={search_term_string}\"},\"query-input\":{\"@type\":\"PropertyValueSpecification\",\"valueRequired\":true,\"valueName\":\"search_term_string\"}}],\"inLanguage\":\"pt-BR\"},{\"@type\":\"Organization\",\"@id\":\"https:\/\/www.suno.com.br\/noticias\/#organization\",\"name\":\"Suno Not\u00edcias\",\"url\":\"https:\/\/www.suno.com.br\/noticias\/\",\"logo\":{\"@type\":\"ImageObject\",\"inLanguage\":\"pt-BR\",\"@id\":\"https:\/\/www.suno.com.br\/noticias\/#\/schema\/logo\/image\/\",\"url\":\"https:\/\/files.sunoresearch.com.br\/n\/uploads\/2021\/09\/suno-logo.png\",\"contentUrl\":\"https:\/\/files.sunoresearch.com.br\/n\/uploads\/2021\/09\/suno-logo.png\",\"width\":180,\"height\":180,\"caption\":\"Suno Not\u00edcias\"},\"image\":{\"@id\":\"https:\/\/www.suno.com.br\/noticias\/#\/schema\/logo\/image\/\"},\"sameAs\":[\"https:\/\/facebook.com\/sunoresearch\",\"https:\/\/x.com\/sunoresearch\",\"https:\/\/www.instagram.com\/suno\",\"https:\/\/www.linkedin.com\/company\/suno-research\/\",\"https:\/\/www.youtube.com\/c\/sunoresearch\"]},{\"@type\":\"Person\",\"@id\":\"https:\/\/www.suno.com.br\/noticias\/#\/schema\/person\/7f4d362bf3518e76090143ae77bb49a5\",\"name\":\"Eduardo Vargas\",\"image\":{\"@type\":\"ImageObject\",\"inLanguage\":\"pt-BR\",\"@id\":\"https:\/\/www.suno.com.br\/noticias\/#\/schema\/person\/image\/\",\"url\":\"https:\/\/secure.gravatar.com\/avatar\/dac340933427a22924c9f99d1eb2e3f2?s=96&r=g\",\"contentUrl\":\"https:\/\/secure.gravatar.com\/avatar\/dac340933427a22924c9f99d1eb2e3f2?s=96&r=g\",\"caption\":\"Eduardo Vargas\"},\"description\":\"Jornalista formado pela UFSC, cobre macroeconomia, neg\u00f3cios e startups para o Suno Not\u00edcias, escrevendo principalmente not\u00edcias sobre o mercado financeiro e a bolsa de valores. No YouTube e no Instagram, \u00e9 respons\u00e1vel pela produ\u00e7\u00e3o de Reels e Shorts do Suno Not\u00edcias. Anteriormente, trabalhou cobrindo economia e cotidiano no ND+ e para o ND, maior jornal impresso de Santa Catarina. Cursou um semestre letivo de Estudos de M\u00eddia na Universidad de Buenos Aires.\",\"url\":\"https:\/\/www.suno.com.br\/noticias\/author\/eduardo-vargas\/\"}]}<\/script>\n<!-- \/ Yoast SEO plugin. -->","yoast_head_json":{"title":"UniCesumar est\u00e1 sendo \"assediada\" para venda, mas resiste","description":"Grupo j\u00e1 teve fus\u00e3o cogitada com outras companhias do mercado, contudo o vice-reitor da UniCesumar cita resist\u00eancia na venda. Leia mais.","robots":{"index":"index","follow":"follow","max-snippet":"max-snippet:-1","max-image-preview":"max-image-preview:large","max-video-preview":"max-video-preview:-1"},"canonical":"https:\/\/www.suno.com.br\/noticias\/unicesumar-sendo-assediada-venda-resiste\/","og_locale":"pt_BR","og_type":"article","og_title":"UniCesumar est\u00e1 sendo \"assediada\" para venda, mas resiste","og_description":"Grupo j\u00e1 teve fus\u00e3o cogitada com outras companhias do mercado, contudo o vice-reitor da UniCesumar cita resist\u00eancia na venda. Leia mais.","og_url":"https:\/\/www.suno.com.br\/noticias\/unicesumar-sendo-assediada-venda-resiste\/","og_site_name":"Suno Not\u00edcias","article_publisher":"https:\/\/facebook.com\/sunoresearch","og_image":[{"width":2560,"height":1440,"url":"https:\/\/files.sunoresearch.com.br\/n\/uploads\/2021\/06\/0164e757-unicesumar-maringa-scaled.jpg","type":"image\/jpeg"}],"author":"Eduardo Vargas","twitter_card":"summary_large_image","twitter_creator":"@sunoresearch","twitter_site":"@sunoresearch","twitter_misc":{"Escrito por":"Eduardo Vargas","Est. tempo de leitura":"2 minutos"},"schema":{"@context":"https:\/\/schema.org","@graph":[{"@type":"NewsArticle","@id":"https:\/\/www.suno.com.br\/noticias\/unicesumar-sendo-assediada-venda-resiste\/#article","isPartOf":{"@id":"https:\/\/www.suno.com.br\/noticias\/unicesumar-sendo-assediada-venda-resiste\/"},"author":{"name":"Eduardo Vargas","@id":"https:\/\/www.suno.com.br\/noticias\/#\/schema\/person\/7f4d362bf3518e76090143ae77bb49a5"},"headline":"Cruzeiro do Sul (CSED3) planeja comprar a UniCesumar, diz jornal","datePublished":"2021-06-14T16:02:40+00:00","mainEntityOfPage":{"@id":"https:\/\/www.suno.com.br\/noticias\/unicesumar-sendo-assediada-venda-resiste\/"},"wordCount":408,"publisher":{"@id":"https:\/\/www.suno.com.br\/noticias\/#organization"},"image":{"@id":"https:\/\/www.suno.com.br\/noticias\/unicesumar-sendo-assediada-venda-resiste\/#primaryimage"},"thumbnailUrl":"https:\/\/files.sunoresearch.com.br\/n\/uploads\/2021\/06\/0164e757-unicesumar-maringa-scaled.jpg","keywords":["Cruzeiro do Sul (CSED3)","setor educacional"],"articleSection":["Neg\u00f3cios"],"inLanguage":"pt-BR"},{"@type":"WebPage","@id":"https:\/\/www.suno.com.br\/noticias\/unicesumar-sendo-assediada-venda-resiste\/","url":"https:\/\/www.suno.com.br\/noticias\/unicesumar-sendo-assediada-venda-resiste\/","name":"UniCesumar est\u00e1 sendo \"assediada\" para venda, mas resiste","isPartOf":{"@id":"https:\/\/www.suno.com.br\/noticias\/#website"},"primaryImageOfPage":{"@id":"https:\/\/www.suno.com.br\/noticias\/unicesumar-sendo-assediada-venda-resiste\/#primaryimage"},"image":{"@id":"https:\/\/www.suno.com.br\/noticias\/unicesumar-sendo-assediada-venda-resiste\/#primaryimage"},"thumbnailUrl":"https:\/\/files.sunoresearch.com.br\/n\/uploads\/2021\/06\/0164e757-unicesumar-maringa-scaled.jpg","datePublished":"2021-06-14T16:02:40+00:00","description":"Grupo j\u00e1 teve fus\u00e3o cogitada com outras companhias do mercado, contudo o vice-reitor da UniCesumar cita resist\u00eancia na venda. Leia mais.","breadcrumb":{"@id":"https:\/\/www.suno.com.br\/noticias\/unicesumar-sendo-assediada-venda-resiste\/#breadcrumb"},"inLanguage":"pt-BR","potentialAction":[{"@type":"ReadAction","target":["https:\/\/www.suno.com.br\/noticias\/unicesumar-sendo-assediada-venda-resiste\/"]}]},{"@type":"ImageObject","inLanguage":"pt-BR","@id":"https:\/\/www.suno.com.br\/noticias\/unicesumar-sendo-assediada-venda-resiste\/#primaryimage","url":"https:\/\/files.sunoresearch.com.br\/n\/uploads\/2021\/06\/0164e757-unicesumar-maringa-scaled.jpg","contentUrl":"https:\/\/files.sunoresearch.com.br\/n\/uploads\/2021\/06\/0164e757-unicesumar-maringa-scaled.jpg","width":2560,"height":1440,"caption":"UniCesumar j\u00e1 teve seu grupo quase fundido \u00e0 demais da bolsa, mas resiste \u00e0 aquisi\u00e7\u00f5es - Foto: Divulga\u00e7\u00e3o UniCesumar"},{"@type":"BreadcrumbList","@id":"https:\/\/www.suno.com.br\/noticias\/unicesumar-sendo-assediada-venda-resiste\/#breadcrumb","itemListElement":[{"@type":"ListItem","position":1,"name":"Not\u00edcias","item":"https:\/\/www.suno.com.br\/noticias\/"},{"@type":"ListItem","position":2,"name":"Neg\u00f3cios","item":"https:\/\/www.suno.com.br\/noticias\/negocios\/"},{"@type":"ListItem","position":3,"name":"Cruzeiro do Sul (CSED3) planeja comprar a UniCesumar, diz jornal"}]},{"@type":"WebSite","@id":"https:\/\/www.suno.com.br\/noticias\/#website","url":"https:\/\/www.suno.com.br\/noticias\/","name":"Suno Not\u00edcias","description":"Seu portal de informa\u00e7\u00e3o sobre o mundo dos investimentos","publisher":{"@id":"https:\/\/www.suno.com.br\/noticias\/#organization"},"potentialAction":[{"@type":"SearchAction","target":{"@type":"EntryPoint","urlTemplate":"https:\/\/www.suno.com.br\/noticias\/?s={search_term_string}"},"query-input":{"@type":"PropertyValueSpecification","valueRequired":true,"valueName":"search_term_string"}}],"inLanguage":"pt-BR"},{"@type":"Organization","@id":"https:\/\/www.suno.com.br\/noticias\/#organization","name":"Suno Not\u00edcias","url":"https:\/\/www.suno.com.br\/noticias\/","logo":{"@type":"ImageObject","inLanguage":"pt-BR","@id":"https:\/\/www.suno.com.br\/noticias\/#\/schema\/logo\/image\/","url":"https:\/\/files.sunoresearch.com.br\/n\/uploads\/2021\/09\/suno-logo.png","contentUrl":"https:\/\/files.sunoresearch.com.br\/n\/uploads\/2021\/09\/suno-logo.png","width":180,"height":180,"caption":"Suno Not\u00edcias"},"image":{"@id":"https:\/\/www.suno.com.br\/noticias\/#\/schema\/logo\/image\/"},"sameAs":["https:\/\/facebook.com\/sunoresearch","https:\/\/x.com\/sunoresearch","https:\/\/www.instagram.com\/suno","https:\/\/www.linkedin.com\/company\/suno-research\/","https:\/\/www.youtube.com\/c\/sunoresearch"]},{"@type":"Person","@id":"https:\/\/www.suno.com.br\/noticias\/#\/schema\/person\/7f4d362bf3518e76090143ae77bb49a5","name":"Eduardo Vargas","image":{"@type":"ImageObject","inLanguage":"pt-BR","@id":"https:\/\/www.suno.com.br\/noticias\/#\/schema\/person\/image\/","url":"https:\/\/secure.gravatar.com\/avatar\/dac340933427a22924c9f99d1eb2e3f2?s=96&r=g","contentUrl":"https:\/\/secure.gravatar.com\/avatar\/dac340933427a22924c9f99d1eb2e3f2?s=96&r=g","caption":"Eduardo Vargas"},"description":"Jornalista formado pela UFSC, cobre macroeconomia, neg\u00f3cios e startups para o Suno Not\u00edcias, escrevendo principalmente not\u00edcias sobre o mercado financeiro e a bolsa de valores. No YouTube e no Instagram, \u00e9 respons\u00e1vel pela produ\u00e7\u00e3o de Reels e Shorts do Suno Not\u00edcias. Anteriormente, trabalhou cobrindo economia e cotidiano no ND+ e para o ND, maior jornal impresso de Santa Catarina. Cursou um semestre letivo de Estudos de M\u00eddia na Universidad de Buenos Aires.","url":"https:\/\/www.suno.com.br\/noticias\/author\/eduardo-vargas\/"}]}},"default_loop_html":"<div class=\"cardsPage__listCard__boxs\"><div class=\"cardsPage__listCard__boxs__img\"><a href=\"https:\/\/www.suno.com.br\/noticias\/unicesumar-sendo-assediada-venda-resiste\/\"><img class=\"mask\" src=\"https:\/\/www.suno.com.br\/noticias\/wp-content\/themes\/suno\/resources\/images\/spotlight\/spotlight1img\/bg-mask.png\" alt=\"Image Mask\"\/><img src=\"https:\/\/files.sunoresearch.com.br\/n\/uploads\/2021\/06\/0164e757-unicesumar-maringa-400x200.jpg\" alt=\"Cruzeiro do Sul (CSED3) planeja comprar a UniCesumar, diz jornal\"\/><\/a><span class=\"spotlightCategory\"><a href=\"https:\/\/www.suno.com.br\/noticias\/negocios\/\">Neg\u00f3cios<\/a><\/span><\/div><div class=\"cardsPage__listCard__boxs__content\"><a href=\"https:\/\/www.suno.com.br\/noticias\/unicesumar-sendo-assediada-venda-resiste\/\"><h2 class=\"content__title\">Cruzeiro do Sul (CSED3) planeja comprar a UniCesumar, diz jornal<\/h2><\/a><div class=\"newsContent__article__meta\"><div class=\"newsContent__article__meta__authorBox\"><a href=\"https:\/\/www.suno.com.br\/noticias\/author\/eduardo-vargas\/\" class=\"authorBox__avatar noMobi\"><img src=\"https:\/\/secure.gravatar.com\/avatar\/dac340933427a22924c9f99d1eb2e3f2?s=96&#038;r=g\" alt=\"Eduardo Vargas\"><\/a><div class=\"authorBox__name\"><span>por\n\t\t\t<a href=\"https:\/\/www.suno.com.br\/noticias\/author\/eduardo-vargas\/\"><span itemprop=\"author\">Eduardo Vargas<\/span><\/a><\/span><time datetime=\"2021-06-14T13:02:40-03:00\" itemprop=\"datePublished\">14\/06\/2021 13:02<\/time><\/div><\/div><\/div><\/div><\/div>","single_layout":"posts","amp_enabled":true,"_links":{"self":[{"href":"https:\/\/www.suno.com.br\/noticias\/wp-json\/wp\/v2\/posts\/157851"}],"collection":[{"href":"https:\/\/www.suno.com.br\/noticias\/wp-json\/wp\/v2\/posts"}],"about":[{"href":"https:\/\/www.suno.com.br\/noticias\/wp-json\/wp\/v2\/types\/post"}],"author":[{"embeddable":true,"href":"https:\/\/www.suno.com.br\/noticias\/wp-json\/wp\/v2\/users\/73"}],"replies":[{"embeddable":true,"href":"https:\/\/www.suno.com.br\/noticias\/wp-json\/wp\/v2\/comments?post=157851"}],"version-history":[{"count":3,"href":"https:\/\/www.suno.com.br\/noticias\/wp-json\/wp\/v2\/posts\/157851\/revisions"}],"predecessor-version":[{"id":157877,"href":"https:\/\/www.suno.com.br\/noticias\/wp-json\/wp\/v2\/posts\/157851\/revisions\/157877"}],"wp:featuredmedia":[{"embeddable":true,"href":"https:\/\/www.suno.com.br\/noticias\/wp-json\/wp\/v2\/media\/157855"}],"wp:attachment":[{"href":"https:\/\/www.suno.com.br\/noticias\/wp-json\/wp\/v2\/media?parent=157851"}],"wp:term":[{"taxonomy":"category","embeddable":true,"href":"https:\/\/www.suno.com.br\/noticias\/wp-json\/wp\/v2\/categories?post=157851"},{"taxonomy":"post_tag","embeddable":true,"href":"https:\/\/www.suno.com.br\/noticias\/wp-json\/wp\/v2\/tags?post=157851"},{"taxonomy":"suno_strategy","embeddable":true,"href":"https:\/\/www.suno.com.br\/noticias\/wp-json\/wp\/v2\/suno_strategy?post=157851"}],"curies":[{"name":"wp","href":"https:\/\/api.w.org\/{rel}","templated":true}]}}