{"id":157834,"date":"2021-06-14T13:12:53","date_gmt":"2021-06-14T16:12:53","guid":{"rendered":"https:\/\/www.suno.com.br\/noticias\/?p=157834"},"modified":"2021-06-14T13:12:53","modified_gmt":"2021-06-14T16:12:53","slug":"edp-aquisicao-aes-inova-101-milhoes","status":"publish","type":"post","link":"https:\/\/www.suno.com.br\/noticias\/edp-aquisicao-aes-inova-101-milhoes\/","title":{"rendered":"EDP Brasil (ENBR3) conclui aquisi\u00e7\u00e3o da AES Inova por R$ 101 milh\u00f5es"},"content":{"rendered":"<p>A <a href=\"https:\/\/www.suno.com.br\/acoes\/enbr3\/\"><strong>EDP<\/strong> Brasil (ENBR3)<\/a> concluiu <a href=\"https:\/\/www.suno.com.br\/artigos\/fusoes-aquisicoes\/\">a aquisi\u00e7\u00e3o da AES Inova e das suas subsidi\u00e1rias<\/a>, em transa\u00e7\u00e3o de R$ 101,1 milh\u00f5es. A aquisi\u00e7\u00e3o havia sido anunciada h\u00e1 quatro meses.<\/p>\t<div class=\"wrapper-featured-image\">\n\t\t<figure class=\"spotlightImg\">\n\n\t\t\t<picture>\n\t\t\t\t<source media=\"(max-width: 768px)\" srcset=\"https:\/\/files.sunoresearch.com.br\/n\/uploads\/2021\/06\/8f3b1e7f-pylon-503935_1920-400x200.webp\">\n\t\t\t\t<img loading=\"lazy\" decoding=\"async\" class=\"newsContent__article__imgCapa lazyloadDisabled \" src=\"https:\/\/files.sunoresearch.com.br\/n\/uploads\/2021\/06\/8f3b1e7f-pylon-503935_1920-800x450.webp\" width=\"800\" height=\"450\" alt=\"EDP Brasil (ENBR3) conclui aquisi\u00e7\u00e3o da AES Inova por R$ 101 milh\u00f5es\" fetchpriority=high \/>\n\t\t\t<\/picture>\n\n\t\t\t<figcaption class=\"wp-caption-text wp-caption-text--show\">Linha de transmiss\u00e3o. Foto: Pixabay<\/figcaption>\n\t\t<\/figure>\n\t<\/div>\n\n\n\t<p>\n\t\t<a href=\"https:\/\/lp.suno.com.br\/planilha-controle-gastos\/\" target=\"_blank\" data-element=\"shortcode-suno-banner\" title=\"Banner SUNO, clique e saiba mais\">\n\t\t\t<picture>\n\t\t\t\t<source media=\"(max-width: 500px)\" srcset=\"https:\/\/files.sunoresearch.com.br\/n\/uploads\/2023\/03\/400x300-Planilha-controle-de-gastos.png\">\n\t\t\t\t<img class=\"newsContent__article__imgCapa newsContent__article__imgCapa--banner\"\n\t\t\t\t\tsrc=\"https:\/\/files.sunoresearch.com.br\/n\/uploads\/2023\/03\/1420x240-Planilha-controle-de-gastos.png\"\n\t\t\t\t\tdata-promo-id=\"101751\"\t\t\t\t\t\t\t\t\t\twidth='1420' height='240'\t\t\t\t\talt=\"https:\/\/files.sunoresearch.com.br\/n\/uploads\/2023\/03\/1420x240-Planilha-controle-de-gastos.png\"\n\t\t\t\t>\n\t\t\t<\/picture>\n\t\t<\/a>\n\t<\/p>\n\n\n<p>A EDP j\u00e1 pagou R$ 66 milh\u00f5es ainda nesta segunda-feira (14) e precisa quitar os outros R$ 34,5 milh\u00f5es.<\/p>\n<p>A AES Inova \u00e9 uma plataforma de investimentos de <strong>gera\u00e7\u00e3o solar<\/strong>, com um portf\u00f3lio total de 34\u00a0megawatt-pico (MWp). Desse montante, 16 MWp s\u00e3o de empreendimentos contratados e em opera\u00e7\u00e3o comercial, representando uma <a class=\"suno-keyword\" href=\"https:\/\/www.suno.com.br\/artigos\/receita-total\/\" target=\"_blank\" rel=\"noopener noreferrer\" data-force=\"no\" data-priority=\"1\">receita total<\/a> de R$ 11,5 milh\u00f5es. J\u00e1 os demais 18 MWp s\u00e3o de projetos em Minas Gerais.<\/p>\n<p><a href=\"https:\/\/lp.suno.com.br\/suno-one\/?ppp=noticias\/hospital-care-pedido-ipo-cvm\/\"><b>Suno One: acesse gratuitamente eBooks, Minicursos, Artigos e V\u00eddeo Aulas sobre investimentos com um \u00fanico cadastro. Clique para saber mais!<\/b><\/a><\/p>\n<p>&#8220;Com esta transa\u00e7\u00e3o, a EDP Brasil refor\u00e7a seu compromisso de investimento em fontes renov\u00e1veis no segmento de gera\u00e7\u00e3o solar, ampliando sua carteira de projetos e mantendo esse segmento como uma importante vertente de crescimento&#8221;, ressalta a companhia, no documento arquivado na <a href=\"https:\/\/www.suno.com.br\/artigos\/cvm\/\">Comiss\u00e3o de Valores Mobili\u00e1rios (CVM)<\/a>.<\/p>\n<p>Al\u00e9m disso, a EDP concluiu\u00a0a energiza\u00e7\u00e3o e integra\u00e7\u00e3o ao <a class=\"suno-keyword\" href=\"https:\/\/www.suno.com.br\/artigos\/sistema-interligado-nacional\/\" target=\"_blank\" rel=\"noopener noreferrer\" data-force=\"no\" data-priority=\"1\">Sistema Interligado Nacional<\/a> de um dos dois trechos do Lote 21, localizado em Santa Catarina.<\/p>\n\t<div data-element=\"shortcode-read-more\" class=\"knowMore\">\n\t\t\t\t<span class=\"knowMore__title\">Saiba mais<\/span>\n\t\t\t\t<a class=\"knowMore__link\" href=\"https:\/\/www.suno.com.br\/noticias\/aes-brasil-aesb3-define-payout-minimo-2022\/\">\n\t\t\tAES Brasil (AESB3) define payout m\u00ednimo de 50% a partir de 2022\t\t<\/a>\n\t<\/div>\n\n\n<p>Na opera\u00e7\u00e3o, foram 180km distribu\u00eddos em duas linhas\u00a0de transmiss\u00e3o em n\u00edveis de tens\u00e3o de 230 e 525 kilovolts (kV), al\u00e9m da subesta\u00e7\u00e3o Sider\u00f3polis 2.<\/p>\n<p>A receita anual gerada deve ser de R$ 48,8 milh\u00f5es &#8211; 25,4% da receita do projeto inteiro &#8211; e antecipa em 14 meses o calend\u00e1rio da\u00a0Ag\u00eancia Nacional de Energia El\u00e9trica (Aneel).<\/p>\n<h2>AES definiu payout m\u00ednimo de 50% a partir do ano que vem<\/h2>\n<p>Segundo comunicado ao mercado na sexta (11), a <strong>AES Brasil<\/strong> (AESB3) definiu a pol\u00edtica de distribui\u00e7\u00e3o de ao menos 50% do <a class=\"suno-keyword\" href=\"https:\/\/www.suno.com.br\/artigos\/lucro-liquido\/\" target=\"_blank\" rel=\"noopener noreferrer\" data-force=\"no\" data-priority=\"1\">lucro l\u00edquido<\/a> ajustado do <a class=\"suno-keyword\" href=\"https:\/\/www.suno.com.br\/artigos\/exercicio-social\/\" target=\"_blank\" rel=\"noopener noreferrer\" data-force=\"no\" data-priority=\"1\">exerc\u00edcio social<\/a> a partir de 2022.<\/p>\n<p>A companhia disse que visa pr\u00e1ticas vigentes que distribuem 100% ou mais do lucro l\u00edquido ajustado, considerado o plano de crescimento e a manuten\u00e7\u00e3o do equil\u00edbrio financeiro da companhia.<\/p>\n\t<p>\n\t\t<a href=\"https:\/\/lp.suno.com.br\/planilha-da-vida-financeira\/\" target=\"_blank\" data-element=\"shortcode-suno-banner\" title=\"Banner SUNO, clique e saiba mais\">\n\t\t\t<picture>\n\t\t\t\t<source media=\"(max-width: 500px)\" srcset=\"https:\/\/files.sunoresearch.com.br\/n\/uploads\/2023\/04\/400x300-Planilha-vida-financeira-true.png\">\n\t\t\t\t<img class=\"newsContent__article__imgCapa newsContent__article__imgCapa--banner\"\n\t\t\t\t\tsrc=\"https:\/\/files.sunoresearch.com.br\/n\/uploads\/2023\/04\/1420x240-Planilha-vida-financeira-true.png\"\n\t\t\t\t\tdata-promo-id=\"106682\"\t\t\t\t\t\t\t\t\t\twidth='1420' height='240'\t\t\t\t\talt=\"https:\/\/files.sunoresearch.com.br\/n\/uploads\/2023\/04\/1420x240-Planilha-vida-financeira-true.png\"\n\t\t\t\t>\n\t\t\t<\/picture>\n\t\t<\/a>\n\t<\/p>\n\n\n<p>A decis\u00e3o foi tomada nesta \u00faltima semana e possui prazo de dura\u00e7\u00e3o indeterminado. J\u00e1 os dividendos ter\u00e3o periodicidade semestral.<\/p>\n<h2>Cota\u00e7\u00e3o de EDP<\/h2>\n<p>\u00c0s 11h30 do preg\u00e3o desta segunda-feira (14) os pap\u00e9is da <strong>EDP<\/strong> subiam 2,48%, <a href=\"https:\/\/www.suno.com.br\/artigos\/o-que-sao-acoes-ordinarias-preferenciais-e-units\/\">com pre\u00e7o de R$ 19,02 por a\u00e7\u00e3o ordin\u00e1ria<\/a>.<\/p>\n\t<p>\n\t\t<a href=\"https:\/\/lp.suno.com.br\/planilha-de-controle-de-investimentos\/\" target=\"_blank\" data-element=\"shortcode-suno-banner\" title=\"Banner SUNO, clique e saiba mais\">\n\t\t\t<picture>\n\t\t\t\t<source media=\"(max-width: 500px)\" srcset=\"https:\/\/files.sunoresearch.com.br\/n\/uploads\/2023\/03\/400x300-Controle-de-Investimentos.png\">\n\t\t\t\t<img class=\"newsContent__article__imgCapa newsContent__article__imgCapa--banner\"\n\t\t\t\t\tsrc=\"https:\/\/files.sunoresearch.com.br\/n\/uploads\/2023\/03\/1420x240-Controle-de-Investimentos.png\"\n\t\t\t\t\tdata-promo-id=\"75934\"\t\t\t\t\t\t\t\t\t\twidth='1420' height='240'\t\t\t\t\talt=\"https:\/\/files.sunoresearch.com.br\/n\/uploads\/2023\/03\/1420x240-Controle-de-Investimentos.png\"\n\t\t\t\t>\n\t\t\t<\/picture>\n\t\t<\/a>\n\t<\/p>\n\n\n","protected":false},"excerpt":{"rendered":"<p>A EDP Brasil (ENBR3) concluiu a aquisi\u00e7\u00e3o da AES Inova e das suas subsidi\u00e1rias, em transa\u00e7\u00e3o de R$ 101,1 milh\u00f5es. A aquisi\u00e7\u00e3o havia sido anunciada h\u00e1 quatro meses. Linha de transmiss\u00e3o. Foto: Pixabay A EDP j\u00e1 pagou R$ 66 milh\u00f5es ainda nesta segunda-feira (14) e precisa quitar os outros R$ 34,5 milh\u00f5es. A AES Inova [&hellip;]<\/p>\n","protected":false},"author":73,"featured_media":157848,"comment_status":"closed","ping_status":"closed","sticky":false,"template":"","format":"standard","meta":[],"categories":[64],"tags":[106075,347,1207,750,62812],"suno_strategy":[],"class_list":["post-157834","post","type-post","status-publish","format-standard","has-post-thumbnail","hentry","category-negocios","tag-aes-brasil-aesb3","tag-aes-tiete-tiet3-tiet4-tiet11","tag-edp-brasil-enbr3","tag-energia-solar","tag-fusoes-e-aquisicoes"],"yoast_head":"<!-- This site is optimized with the Yoast SEO plugin v24.4 - https:\/\/yoast.com\/wordpress\/plugins\/seo\/ -->\n<title>EDP Brasil (ENBR3) conclui aquisi\u00e7\u00e3o da AES Inova por R$ 101 milh\u00f5es<\/title>\n<meta name=\"description\" content=\"A EDP informou que fechou a aquisi\u00e7\u00e3o anunciada em fevereiro, ferente \u00e0 plataforma de investimento solar da AES. Clique aqui e leia mais.\" \/>\n<meta name=\"robots\" content=\"index, follow, max-snippet:-1, max-image-preview:large, max-video-preview:-1\" \/>\n<link rel=\"canonical\" href=\"https:\/\/www.suno.com.br\/noticias\/edp-aquisicao-aes-inova-101-milhoes\/\" \/>\n<meta property=\"og:locale\" content=\"pt_BR\" \/>\n<meta property=\"og:type\" content=\"article\" \/>\n<meta property=\"og:title\" content=\"EDP Brasil (ENBR3) conclui aquisi\u00e7\u00e3o da AES Inova por R$ 101 milh\u00f5es\" \/>\n<meta property=\"og:description\" content=\"A EDP informou que fechou a aquisi\u00e7\u00e3o anunciada em fevereiro, ferente \u00e0 plataforma de investimento solar da AES. Clique aqui e leia mais.\" \/>\n<meta property=\"og:url\" content=\"https:\/\/www.suno.com.br\/noticias\/edp-aquisicao-aes-inova-101-milhoes\/\" \/>\n<meta property=\"og:site_name\" content=\"Suno Not\u00edcias\" \/>\n<meta property=\"article:publisher\" content=\"https:\/\/facebook.com\/sunoresearch\" \/>\n<meta property=\"og:image\" content=\"https:\/\/files.sunoresearch.com.br\/n\/uploads\/2021\/06\/8f3b1e7f-pylon-503935_1920.jpg\" \/>\n\t<meta property=\"og:image:width\" content=\"1920\" \/>\n\t<meta property=\"og:image:height\" content=\"1280\" \/>\n\t<meta property=\"og:image:type\" content=\"image\/jpeg\" \/>\n<meta name=\"author\" content=\"Eduardo Vargas\" \/>\n<meta name=\"twitter:card\" content=\"summary_large_image\" \/>\n<meta name=\"twitter:creator\" content=\"@sunoresearch\" \/>\n<meta name=\"twitter:site\" content=\"@sunoresearch\" \/>\n<meta name=\"twitter:label1\" content=\"Escrito por\" \/>\n\t<meta name=\"twitter:data1\" content=\"Eduardo Vargas\" \/>\n\t<meta name=\"twitter:label2\" content=\"Est. tempo de leitura\" \/>\n\t<meta name=\"twitter:data2\" content=\"2 minutos\" \/>\n<script type=\"application\/ld+json\" class=\"yoast-schema-graph\">{\"@context\":\"https:\/\/schema.org\",\"@graph\":[{\"@type\":\"NewsArticle\",\"@id\":\"https:\/\/www.suno.com.br\/noticias\/edp-aquisicao-aes-inova-101-milhoes\/#article\",\"isPartOf\":{\"@id\":\"https:\/\/www.suno.com.br\/noticias\/edp-aquisicao-aes-inova-101-milhoes\/\"},\"author\":{\"name\":\"Eduardo Vargas\",\"@id\":\"https:\/\/www.suno.com.br\/noticias\/#\/schema\/person\/7f4d362bf3518e76090143ae77bb49a5\"},\"headline\":\"EDP Brasil (ENBR3) conclui aquisi\u00e7\u00e3o da AES Inova por R$ 101 milh\u00f5es\",\"datePublished\":\"2021-06-14T16:12:53+00:00\",\"mainEntityOfPage\":{\"@id\":\"https:\/\/www.suno.com.br\/noticias\/edp-aquisicao-aes-inova-101-milhoes\/\"},\"wordCount\":418,\"publisher\":{\"@id\":\"https:\/\/www.suno.com.br\/noticias\/#organization\"},\"image\":{\"@id\":\"https:\/\/www.suno.com.br\/noticias\/edp-aquisicao-aes-inova-101-milhoes\/#primaryimage\"},\"thumbnailUrl\":\"https:\/\/files.sunoresearch.com.br\/n\/uploads\/2021\/06\/8f3b1e7f-pylon-503935_1920-jpg.webp\",\"keywords\":[\"AES Brasil (AESB3)\",\"AES Tiet\u00ea (TIET3\/TIET4\/TIET11)\",\"EDP Brasil (ENBR3)\",\"energia solar\",\"fus\u00f5es e aquisi\u00e7\u00f5es\"],\"articleSection\":[\"Neg\u00f3cios\"],\"inLanguage\":\"pt-BR\"},{\"@type\":\"WebPage\",\"@id\":\"https:\/\/www.suno.com.br\/noticias\/edp-aquisicao-aes-inova-101-milhoes\/\",\"url\":\"https:\/\/www.suno.com.br\/noticias\/edp-aquisicao-aes-inova-101-milhoes\/\",\"name\":\"EDP Brasil (ENBR3) conclui aquisi\u00e7\u00e3o da AES Inova por R$ 101 milh\u00f5es\",\"isPartOf\":{\"@id\":\"https:\/\/www.suno.com.br\/noticias\/#website\"},\"primaryImageOfPage\":{\"@id\":\"https:\/\/www.suno.com.br\/noticias\/edp-aquisicao-aes-inova-101-milhoes\/#primaryimage\"},\"image\":{\"@id\":\"https:\/\/www.suno.com.br\/noticias\/edp-aquisicao-aes-inova-101-milhoes\/#primaryimage\"},\"thumbnailUrl\":\"https:\/\/files.sunoresearch.com.br\/n\/uploads\/2021\/06\/8f3b1e7f-pylon-503935_1920-jpg.webp\",\"datePublished\":\"2021-06-14T16:12:53+00:00\",\"description\":\"A EDP informou que fechou a aquisi\u00e7\u00e3o anunciada em fevereiro, ferente \u00e0 plataforma de investimento solar da AES. Clique aqui e leia mais.\",\"breadcrumb\":{\"@id\":\"https:\/\/www.suno.com.br\/noticias\/edp-aquisicao-aes-inova-101-milhoes\/#breadcrumb\"},\"inLanguage\":\"pt-BR\",\"potentialAction\":[{\"@type\":\"ReadAction\",\"target\":[\"https:\/\/www.suno.com.br\/noticias\/edp-aquisicao-aes-inova-101-milhoes\/\"]}]},{\"@type\":\"ImageObject\",\"inLanguage\":\"pt-BR\",\"@id\":\"https:\/\/www.suno.com.br\/noticias\/edp-aquisicao-aes-inova-101-milhoes\/#primaryimage\",\"url\":\"https:\/\/files.sunoresearch.com.br\/n\/uploads\/2021\/06\/8f3b1e7f-pylon-503935_1920-jpg.webp\",\"contentUrl\":\"https:\/\/files.sunoresearch.com.br\/n\/uploads\/2021\/06\/8f3b1e7f-pylon-503935_1920-jpg.webp\",\"width\":1920,\"height\":1280,\"caption\":\"Linha de transmiss\u00e3o. Foto: Pixabay\"},{\"@type\":\"BreadcrumbList\",\"@id\":\"https:\/\/www.suno.com.br\/noticias\/edp-aquisicao-aes-inova-101-milhoes\/#breadcrumb\",\"itemListElement\":[{\"@type\":\"ListItem\",\"position\":1,\"name\":\"Not\u00edcias\",\"item\":\"https:\/\/www.suno.com.br\/noticias\/\"},{\"@type\":\"ListItem\",\"position\":2,\"name\":\"Neg\u00f3cios\",\"item\":\"https:\/\/www.suno.com.br\/noticias\/negocios\/\"},{\"@type\":\"ListItem\",\"position\":3,\"name\":\"EDP Brasil (ENBR3) conclui aquisi\u00e7\u00e3o da AES Inova por R$ 101 milh\u00f5es\"}]},{\"@type\":\"WebSite\",\"@id\":\"https:\/\/www.suno.com.br\/noticias\/#website\",\"url\":\"https:\/\/www.suno.com.br\/noticias\/\",\"name\":\"Suno Not\u00edcias\",\"description\":\"Seu portal de informa\u00e7\u00e3o sobre o mundo dos investimentos\",\"publisher\":{\"@id\":\"https:\/\/www.suno.com.br\/noticias\/#organization\"},\"potentialAction\":[{\"@type\":\"SearchAction\",\"target\":{\"@type\":\"EntryPoint\",\"urlTemplate\":\"https:\/\/www.suno.com.br\/noticias\/?s={search_term_string}\"},\"query-input\":{\"@type\":\"PropertyValueSpecification\",\"valueRequired\":true,\"valueName\":\"search_term_string\"}}],\"inLanguage\":\"pt-BR\"},{\"@type\":\"Organization\",\"@id\":\"https:\/\/www.suno.com.br\/noticias\/#organization\",\"name\":\"Suno Not\u00edcias\",\"url\":\"https:\/\/www.suno.com.br\/noticias\/\",\"logo\":{\"@type\":\"ImageObject\",\"inLanguage\":\"pt-BR\",\"@id\":\"https:\/\/www.suno.com.br\/noticias\/#\/schema\/logo\/image\/\",\"url\":\"https:\/\/files.sunoresearch.com.br\/n\/uploads\/2021\/09\/suno-logo.png\",\"contentUrl\":\"https:\/\/files.sunoresearch.com.br\/n\/uploads\/2021\/09\/suno-logo.png\",\"width\":180,\"height\":180,\"caption\":\"Suno Not\u00edcias\"},\"image\":{\"@id\":\"https:\/\/www.suno.com.br\/noticias\/#\/schema\/logo\/image\/\"},\"sameAs\":[\"https:\/\/facebook.com\/sunoresearch\",\"https:\/\/x.com\/sunoresearch\",\"https:\/\/www.instagram.com\/suno\",\"https:\/\/www.linkedin.com\/company\/suno-research\/\",\"https:\/\/www.youtube.com\/c\/sunoresearch\"]},{\"@type\":\"Person\",\"@id\":\"https:\/\/www.suno.com.br\/noticias\/#\/schema\/person\/7f4d362bf3518e76090143ae77bb49a5\",\"name\":\"Eduardo Vargas\",\"image\":{\"@type\":\"ImageObject\",\"inLanguage\":\"pt-BR\",\"@id\":\"https:\/\/www.suno.com.br\/noticias\/#\/schema\/person\/image\/\",\"url\":\"https:\/\/secure.gravatar.com\/avatar\/dac340933427a22924c9f99d1eb2e3f2?s=96&r=g\",\"contentUrl\":\"https:\/\/secure.gravatar.com\/avatar\/dac340933427a22924c9f99d1eb2e3f2?s=96&r=g\",\"caption\":\"Eduardo Vargas\"},\"description\":\"Jornalista formado pela UFSC, cobre macroeconomia, neg\u00f3cios e startups para o Suno Not\u00edcias, escrevendo principalmente not\u00edcias sobre o mercado financeiro e a bolsa de valores. No YouTube e no Instagram, \u00e9 respons\u00e1vel pela produ\u00e7\u00e3o de Reels e Shorts do Suno Not\u00edcias. Anteriormente, trabalhou cobrindo economia e cotidiano no ND+ e para o ND, maior jornal impresso de Santa Catarina. Cursou um semestre letivo de Estudos de M\u00eddia na Universidad de Buenos Aires.\",\"url\":\"https:\/\/www.suno.com.br\/noticias\/author\/eduardo-vargas\/\"}]}<\/script>\n<!-- \/ Yoast SEO plugin. -->","yoast_head_json":{"title":"EDP Brasil (ENBR3) conclui aquisi\u00e7\u00e3o da AES Inova por R$ 101 milh\u00f5es","description":"A EDP informou que fechou a aquisi\u00e7\u00e3o anunciada em fevereiro, ferente \u00e0 plataforma de investimento solar da AES. Clique aqui e leia mais.","robots":{"index":"index","follow":"follow","max-snippet":"max-snippet:-1","max-image-preview":"max-image-preview:large","max-video-preview":"max-video-preview:-1"},"canonical":"https:\/\/www.suno.com.br\/noticias\/edp-aquisicao-aes-inova-101-milhoes\/","og_locale":"pt_BR","og_type":"article","og_title":"EDP Brasil (ENBR3) conclui aquisi\u00e7\u00e3o da AES Inova por R$ 101 milh\u00f5es","og_description":"A EDP informou que fechou a aquisi\u00e7\u00e3o anunciada em fevereiro, ferente \u00e0 plataforma de investimento solar da AES. Clique aqui e leia mais.","og_url":"https:\/\/www.suno.com.br\/noticias\/edp-aquisicao-aes-inova-101-milhoes\/","og_site_name":"Suno Not\u00edcias","article_publisher":"https:\/\/facebook.com\/sunoresearch","og_image":[{"width":1920,"height":1280,"url":"https:\/\/files.sunoresearch.com.br\/n\/uploads\/2021\/06\/8f3b1e7f-pylon-503935_1920.jpg","type":"image\/jpeg"}],"author":"Eduardo Vargas","twitter_card":"summary_large_image","twitter_creator":"@sunoresearch","twitter_site":"@sunoresearch","twitter_misc":{"Escrito por":"Eduardo Vargas","Est. tempo de leitura":"2 minutos"},"schema":{"@context":"https:\/\/schema.org","@graph":[{"@type":"NewsArticle","@id":"https:\/\/www.suno.com.br\/noticias\/edp-aquisicao-aes-inova-101-milhoes\/#article","isPartOf":{"@id":"https:\/\/www.suno.com.br\/noticias\/edp-aquisicao-aes-inova-101-milhoes\/"},"author":{"name":"Eduardo Vargas","@id":"https:\/\/www.suno.com.br\/noticias\/#\/schema\/person\/7f4d362bf3518e76090143ae77bb49a5"},"headline":"EDP Brasil (ENBR3) conclui aquisi\u00e7\u00e3o da AES Inova por R$ 101 milh\u00f5es","datePublished":"2021-06-14T16:12:53+00:00","mainEntityOfPage":{"@id":"https:\/\/www.suno.com.br\/noticias\/edp-aquisicao-aes-inova-101-milhoes\/"},"wordCount":418,"publisher":{"@id":"https:\/\/www.suno.com.br\/noticias\/#organization"},"image":{"@id":"https:\/\/www.suno.com.br\/noticias\/edp-aquisicao-aes-inova-101-milhoes\/#primaryimage"},"thumbnailUrl":"https:\/\/files.sunoresearch.com.br\/n\/uploads\/2021\/06\/8f3b1e7f-pylon-503935_1920-jpg.webp","keywords":["AES Brasil (AESB3)","AES Tiet\u00ea (TIET3\/TIET4\/TIET11)","EDP Brasil (ENBR3)","energia solar","fus\u00f5es e aquisi\u00e7\u00f5es"],"articleSection":["Neg\u00f3cios"],"inLanguage":"pt-BR"},{"@type":"WebPage","@id":"https:\/\/www.suno.com.br\/noticias\/edp-aquisicao-aes-inova-101-milhoes\/","url":"https:\/\/www.suno.com.br\/noticias\/edp-aquisicao-aes-inova-101-milhoes\/","name":"EDP Brasil (ENBR3) conclui aquisi\u00e7\u00e3o da AES Inova por R$ 101 milh\u00f5es","isPartOf":{"@id":"https:\/\/www.suno.com.br\/noticias\/#website"},"primaryImageOfPage":{"@id":"https:\/\/www.suno.com.br\/noticias\/edp-aquisicao-aes-inova-101-milhoes\/#primaryimage"},"image":{"@id":"https:\/\/www.suno.com.br\/noticias\/edp-aquisicao-aes-inova-101-milhoes\/#primaryimage"},"thumbnailUrl":"https:\/\/files.sunoresearch.com.br\/n\/uploads\/2021\/06\/8f3b1e7f-pylon-503935_1920-jpg.webp","datePublished":"2021-06-14T16:12:53+00:00","description":"A EDP informou que fechou a aquisi\u00e7\u00e3o anunciada em fevereiro, ferente \u00e0 plataforma de investimento solar da AES. Clique aqui e leia mais.","breadcrumb":{"@id":"https:\/\/www.suno.com.br\/noticias\/edp-aquisicao-aes-inova-101-milhoes\/#breadcrumb"},"inLanguage":"pt-BR","potentialAction":[{"@type":"ReadAction","target":["https:\/\/www.suno.com.br\/noticias\/edp-aquisicao-aes-inova-101-milhoes\/"]}]},{"@type":"ImageObject","inLanguage":"pt-BR","@id":"https:\/\/www.suno.com.br\/noticias\/edp-aquisicao-aes-inova-101-milhoes\/#primaryimage","url":"https:\/\/files.sunoresearch.com.br\/n\/uploads\/2021\/06\/8f3b1e7f-pylon-503935_1920-jpg.webp","contentUrl":"https:\/\/files.sunoresearch.com.br\/n\/uploads\/2021\/06\/8f3b1e7f-pylon-503935_1920-jpg.webp","width":1920,"height":1280,"caption":"Linha de transmiss\u00e3o. Foto: Pixabay"},{"@type":"BreadcrumbList","@id":"https:\/\/www.suno.com.br\/noticias\/edp-aquisicao-aes-inova-101-milhoes\/#breadcrumb","itemListElement":[{"@type":"ListItem","position":1,"name":"Not\u00edcias","item":"https:\/\/www.suno.com.br\/noticias\/"},{"@type":"ListItem","position":2,"name":"Neg\u00f3cios","item":"https:\/\/www.suno.com.br\/noticias\/negocios\/"},{"@type":"ListItem","position":3,"name":"EDP Brasil (ENBR3) conclui aquisi\u00e7\u00e3o da AES Inova por R$ 101 milh\u00f5es"}]},{"@type":"WebSite","@id":"https:\/\/www.suno.com.br\/noticias\/#website","url":"https:\/\/www.suno.com.br\/noticias\/","name":"Suno Not\u00edcias","description":"Seu portal de informa\u00e7\u00e3o sobre o mundo dos investimentos","publisher":{"@id":"https:\/\/www.suno.com.br\/noticias\/#organization"},"potentialAction":[{"@type":"SearchAction","target":{"@type":"EntryPoint","urlTemplate":"https:\/\/www.suno.com.br\/noticias\/?s={search_term_string}"},"query-input":{"@type":"PropertyValueSpecification","valueRequired":true,"valueName":"search_term_string"}}],"inLanguage":"pt-BR"},{"@type":"Organization","@id":"https:\/\/www.suno.com.br\/noticias\/#organization","name":"Suno Not\u00edcias","url":"https:\/\/www.suno.com.br\/noticias\/","logo":{"@type":"ImageObject","inLanguage":"pt-BR","@id":"https:\/\/www.suno.com.br\/noticias\/#\/schema\/logo\/image\/","url":"https:\/\/files.sunoresearch.com.br\/n\/uploads\/2021\/09\/suno-logo.png","contentUrl":"https:\/\/files.sunoresearch.com.br\/n\/uploads\/2021\/09\/suno-logo.png","width":180,"height":180,"caption":"Suno Not\u00edcias"},"image":{"@id":"https:\/\/www.suno.com.br\/noticias\/#\/schema\/logo\/image\/"},"sameAs":["https:\/\/facebook.com\/sunoresearch","https:\/\/x.com\/sunoresearch","https:\/\/www.instagram.com\/suno","https:\/\/www.linkedin.com\/company\/suno-research\/","https:\/\/www.youtube.com\/c\/sunoresearch"]},{"@type":"Person","@id":"https:\/\/www.suno.com.br\/noticias\/#\/schema\/person\/7f4d362bf3518e76090143ae77bb49a5","name":"Eduardo Vargas","image":{"@type":"ImageObject","inLanguage":"pt-BR","@id":"https:\/\/www.suno.com.br\/noticias\/#\/schema\/person\/image\/","url":"https:\/\/secure.gravatar.com\/avatar\/dac340933427a22924c9f99d1eb2e3f2?s=96&r=g","contentUrl":"https:\/\/secure.gravatar.com\/avatar\/dac340933427a22924c9f99d1eb2e3f2?s=96&r=g","caption":"Eduardo Vargas"},"description":"Jornalista formado pela UFSC, cobre macroeconomia, neg\u00f3cios e startups para o Suno Not\u00edcias, escrevendo principalmente not\u00edcias sobre o mercado financeiro e a bolsa de valores. No YouTube e no Instagram, \u00e9 respons\u00e1vel pela produ\u00e7\u00e3o de Reels e Shorts do Suno Not\u00edcias. Anteriormente, trabalhou cobrindo economia e cotidiano no ND+ e para o ND, maior jornal impresso de Santa Catarina. Cursou um semestre letivo de Estudos de M\u00eddia na Universidad de Buenos Aires.","url":"https:\/\/www.suno.com.br\/noticias\/author\/eduardo-vargas\/"}]}},"default_loop_html":"<div class=\"cardsPage__listCard__boxs\"><div class=\"cardsPage__listCard__boxs__img\"><a href=\"https:\/\/www.suno.com.br\/noticias\/edp-aquisicao-aes-inova-101-milhoes\/\"><img class=\"mask\" src=\"https:\/\/www.suno.com.br\/noticias\/wp-content\/themes\/suno\/resources\/images\/spotlight\/spotlight1img\/bg-mask.png\" alt=\"Image Mask\"\/><img src=\"https:\/\/files.sunoresearch.com.br\/n\/uploads\/2021\/06\/8f3b1e7f-pylon-503935_1920-400x200.webp\" alt=\"EDP Brasil (ENBR3) conclui aquisi\u00e7\u00e3o da AES Inova por R$ 101 milh\u00f5es\"\/><\/a><span class=\"spotlightCategory\"><a href=\"https:\/\/www.suno.com.br\/noticias\/negocios\/\">Neg\u00f3cios<\/a><\/span><\/div><div class=\"cardsPage__listCard__boxs__content\"><a href=\"https:\/\/www.suno.com.br\/noticias\/edp-aquisicao-aes-inova-101-milhoes\/\"><h2 class=\"content__title\">EDP Brasil (ENBR3) conclui aquisi\u00e7\u00e3o da AES Inova por R$ 101 milh\u00f5es<\/h2><\/a><div class=\"newsContent__article__meta\"><div class=\"newsContent__article__meta__authorBox\"><a href=\"https:\/\/www.suno.com.br\/noticias\/author\/eduardo-vargas\/\" class=\"authorBox__avatar noMobi\"><img src=\"https:\/\/secure.gravatar.com\/avatar\/dac340933427a22924c9f99d1eb2e3f2?s=96&#038;r=g\" alt=\"Eduardo Vargas\"><\/a><div class=\"authorBox__name\"><span>por\n\t\t\t<a href=\"https:\/\/www.suno.com.br\/noticias\/author\/eduardo-vargas\/\"><span itemprop=\"author\">Eduardo Vargas<\/span><\/a><\/span><time datetime=\"2021-06-14T13:12:53-03:00\" itemprop=\"datePublished\">14\/06\/2021 13:12<\/time><\/div><\/div><\/div><\/div><\/div>","single_layout":"posts","amp_enabled":true,"_links":{"self":[{"href":"https:\/\/www.suno.com.br\/noticias\/wp-json\/wp\/v2\/posts\/157834"}],"collection":[{"href":"https:\/\/www.suno.com.br\/noticias\/wp-json\/wp\/v2\/posts"}],"about":[{"href":"https:\/\/www.suno.com.br\/noticias\/wp-json\/wp\/v2\/types\/post"}],"author":[{"embeddable":true,"href":"https:\/\/www.suno.com.br\/noticias\/wp-json\/wp\/v2\/users\/73"}],"replies":[{"embeddable":true,"href":"https:\/\/www.suno.com.br\/noticias\/wp-json\/wp\/v2\/comments?post=157834"}],"version-history":[{"count":3,"href":"https:\/\/www.suno.com.br\/noticias\/wp-json\/wp\/v2\/posts\/157834\/revisions"}],"predecessor-version":[{"id":157886,"href":"https:\/\/www.suno.com.br\/noticias\/wp-json\/wp\/v2\/posts\/157834\/revisions\/157886"}],"wp:featuredmedia":[{"embeddable":true,"href":"https:\/\/www.suno.com.br\/noticias\/wp-json\/wp\/v2\/media\/157848"}],"wp:attachment":[{"href":"https:\/\/www.suno.com.br\/noticias\/wp-json\/wp\/v2\/media?parent=157834"}],"wp:term":[{"taxonomy":"category","embeddable":true,"href":"https:\/\/www.suno.com.br\/noticias\/wp-json\/wp\/v2\/categories?post=157834"},{"taxonomy":"post_tag","embeddable":true,"href":"https:\/\/www.suno.com.br\/noticias\/wp-json\/wp\/v2\/tags?post=157834"},{"taxonomy":"suno_strategy","embeddable":true,"href":"https:\/\/www.suno.com.br\/noticias\/wp-json\/wp\/v2\/suno_strategy?post=157834"}],"curies":[{"name":"wp","href":"https:\/\/api.w.org\/{rel}","templated":true}]}}