{"id":15780,"date":"2019-02-19T10:16:14","date_gmt":"2019-02-19T13:16:14","guid":{"rendered":"https:\/\/www.suno.com.br\/noticias\/?p=15780"},"modified":"2019-02-19T10:38:23","modified_gmt":"2019-02-19T13:38:23","slug":"dolar-02192019","status":"publish","type":"post","link":"https:\/\/www.suno.com.br\/noticias\/dolar-02192019\/","title":{"rendered":"D\u00f3lar abre em baixa com reforma da Previd\u00eancia e Bebianno exonerado"},"content":{"rendered":"<p>O d\u00f3lar abriu em baixa nesta ter\u00e7a-feira (19) na <a href=\"https:\/\/www.suno.com.br\/artigos\/b3\/\">B3<\/a> (<a href=\"https:\/\/www.suno.com.br\/artigos\/bmf\/\">BM&amp;F<\/a> <a href=\"https:\/\/www.suno.com.br\/artigos\/bovespa-precedente-b3\/\">Bovespa<\/a>).<\/p>\t<div class=\"wrapper-featured-image\">\n\t\t<figure class=\"spotlightImg\">\n\n\t\t\t<picture>\n\t\t\t\t<source media=\"(max-width: 768px)\" srcset=\"https:\/\/files.sunoresearch.com.br\/n\/uploads\/2018\/12\/c8203b34-d\u00f3lar-400x200.webp\">\n\t\t\t\t<img loading=\"lazy\" decoding=\"async\" class=\"newsContent__article__imgCapa lazyloadDisabled newsContent__article__imgCapa--noCaption\" src=\"https:\/\/files.sunoresearch.com.br\/n\/uploads\/2018\/12\/c8203b34-d\u00f3lar-800x450.webp\" width=\"800\" height=\"450\" alt=\"D\u00f3lar abre em baixa com reforma da Previd\u00eancia e Bebianno exonerado\" fetchpriority=high \/>\n\t\t\t<\/picture>\n\n\t\t\t<figcaption class=\"wp-caption-text wp-caption-text--hide\">D\u00f3lar fecha em queda de 1,691\u00a0% na maior queda desde o in\u00edcio de 2019<\/figcaption>\n\t\t<\/figure>\n\t<\/div>\n\n\n<p>O mercado n\u00e3o recebeu bem a <strong>exonera\u00e7\u00e3o<\/strong> de <strong>Gustavo Bebianno<\/strong> do cargo de ministro da Secretaria-Geral da Presid\u00eancia. Contudo, o <strong>d\u00f3lar<\/strong> avan\u00e7a com a proximidade da <strong>Proposta de Emenda Constitucional<\/strong> (PEC) da <strong>reforma da Previd\u00eancia<\/strong> ser enviada ao<strong> Congresso Nacional<\/strong>.<\/p>\n<p>\u00c0s 9h30, as moedas registravam as cota\u00e7\u00f5es:<\/p>\n<ul>\n<li>D\u00f3lar: baixa de\u00a00,142% a R$\u00a03,7259<\/li>\n<li><a href=\"https:\/\/www.suno.com.br\/artigos\/euro\/\">Euro<\/a>: baixa de\u00a00,483% a R$\u00a04,2032<\/li>\n<li>Libra esterlina: baixa de\u00a00,441% a R$\u00a04,8058<\/li>\n<\/ul>\n<p>O <a href=\"https:\/\/www.suno.com.br\/artigos\/bacen\/\">Banco Central<\/a> (BC) realiza nesta ter\u00e7a-feira leil\u00e3o de at\u00e9 10,33 mil <a href=\"https:\/\/www.suno.com.br\/artigos\/swap-cambial\/\">swaps cambiais<\/a> tradicionais, correspondentes \u00e0 venda futura de d\u00f3lares para rolagem do vencimento de mar\u00e7o, no total de US$ 9,811 bilh\u00f5es.<\/p>\n<p><a href=\"https:\/\/www.suno.com.br\/noticias\/bolsonaro-congresso-reforma-previdencia\/\">Saiba mais &#8211;\u00a0Bolsonaro vai ao Congresso entregar proposta da reforma da Previd\u00eancia\u00a0<\/a><\/p>\n<h2>Reforma da Previd\u00eancia<\/h2>\n<p>O porta-voz da Presid\u00eancia, general <strong>Ot\u00e1vio R\u00eago Barros<\/strong>, confirmou que o presidente da Rep\u00fablica <strong>Jair Bolsonaro<\/strong> entregar\u00e1 pessoalmente a proposta de <strong>reforma da Previd\u00eancia<\/strong> ao<strong> Congresso Nacional<\/strong>.<\/p>\n<p>Segundo o secret\u00e1rio especial de Previd\u00eancia e Trabalho, <strong>Rog\u00e9rio Marinho<\/strong>, a PEC ser\u00e1 levada aos <strong>parlamentares<\/strong> na quarta-feira (20).<\/p>\n<p>Alguns pontos, ainda desconhecidos pela popula\u00e7\u00e3o, despertam a ansiedade do mercado frente \u00e0 chegada da <strong>PEC<\/strong> no <strong>Congresso<\/strong>:<\/p>\n<ul>\n<li>sistema de capitaliza\u00e7\u00e3o;<\/li>\n<li>tempo m\u00ednimo de contribui\u00e7\u00e3o;<\/li>\n<li>regra de c\u00e1lculo das aposentadorias;<\/li>\n<li>pens\u00e3o por morte;<\/li>\n<li>atividade prejudicial \u00e0 sa\u00fade;<\/li>\n<li>abono do PIS (Programa Integra\u00e7\u00e3o Social);<\/li>\n<li>desvincula\u00e7\u00e3o do sal\u00e1rio m\u00ednimo;<\/li>\n<li>aposentadoria de pol\u00edticos.<\/li>\n<\/ul>\n<p><a href=\"https:\/\/www.suno.com.br\/noticias\/gustavo-bebianno-exonerado-secretaria\/\">Saiba mais &#8211;\u00a0Gustavo Bebianno \u00e9 exonerado da Secretaria-Geral, segundo porta-voz\u00a0<\/a><\/p>\n<h2>Crise de governo<\/h2>\n<p>A exonera\u00e7\u00e3o do advogado <strong>Gustavo Bebianno<\/strong> do cargo de ministro-chefe da Secretaria-Geral da Presid\u00eancia da Rep\u00fablica foi publicada hoje (19) no Di\u00e1rio Oficial da Uni\u00e3o.<\/p>\n<p>Quem assumir\u00e1 a <strong>pasta<\/strong> ser\u00e1 o general da reserva, Floriano Peixoto Vieira Neto.<\/p>\n<p><strong>Floriano Peixoto Vieira Neto<\/strong> \u00e9 o oitavo nome de origem <strong>militar<\/strong> no governo Bolsonaro, dos 22 totais.<\/p>\n<p>A nomea\u00e7\u00e3o do general representa uma vit\u00f3ria da <strong>ala militar<\/strong> da <strong>Esplanada<\/strong>: parte dos ministros\u00a0defendiam a <strong>extin\u00e7\u00e3o<\/strong> do posto.<\/p>\n<p>Bolsonaro ter\u00e1 apenas um civil em seu n\u00facleo mais pr\u00f3ximo, <strong>Onyx Lorenzoni<\/strong>, ministro da Casa Civil. Todos os outros tr\u00eas ministros que trabalham dentro do <strong>Pal\u00e1cio do Planalto<\/strong> t\u00eam agora origem militar.<\/p>\n<p><a href=\"https:\/\/www.suno.com.br\/noticias\/dolar-alta-crise-governo\/\">Saiba mais &#8211;\u00a0D\u00f3lar tem alta de 0,775% com aten\u00e7\u00f5es voltadas \u00e0 crise no governo\u00a0<\/a><\/p>\n<p>O <strong>d\u00f3lar<\/strong> fechou a segunda-feira (18) em alta de 0,775%, cotado a R$ 3,7324. Enquanto o euro subiu\u00a01,004% a R$ 4,2236, e a libra esterlina avan\u00e7ou\u00a01,159% a\u00a0R$ 4,8265.<\/p>\n","protected":false},"excerpt":{"rendered":"<p>O d\u00f3lar abriu em baixa nesta ter\u00e7a-feira (19) na B3 (BM&amp;F Bovespa). D\u00f3lar fecha em queda de 1,691\u00a0% na maior queda desde o in\u00edcio de 2019 O mercado n\u00e3o recebeu bem a exonera\u00e7\u00e3o de Gustavo Bebianno do cargo de ministro da Secretaria-Geral da Presid\u00eancia. Contudo, o d\u00f3lar avan\u00e7a com a proximidade da Proposta de Emenda [&hellip;]<\/p>\n","protected":false},"author":12,"featured_media":8629,"comment_status":"closed","ping_status":"closed","sticky":false,"template":"","format":"standard","meta":[],"categories":[60],"tags":[326,1165,719,940],"suno_strategy":[],"class_list":["post-15780","post","type-post","status-publish","format-standard","has-post-thumbnail","hentry","category-mercado","tag-dolar","tag-gustavo-bebianno","tag-jair-bolsonaro","tag-reforma-da-previdencia"],"yoast_head":"<!-- This site is optimized with the Yoast SEO plugin v24.4 - https:\/\/yoast.com\/wordpress\/plugins\/seo\/ -->\n<title>D\u00f3lar abre em baixa com reforma da Previd\u00eancia e Bebianno exonerado<\/title>\n<meta name=\"description\" content=\"O d\u00f3lar abriu em baixa nesta ter\u00e7a-feira (19). \u00c0s 9h30, a moeda perdia 0,142% a R$\u00a03,7259. Clique para saber mais.\" \/>\n<meta name=\"robots\" content=\"index, follow, max-snippet:-1, max-image-preview:large, max-video-preview:-1\" \/>\n<link rel=\"canonical\" href=\"https:\/\/www.suno.com.br\/noticias\/dolar-02192019\/\" \/>\n<meta property=\"og:locale\" content=\"pt_BR\" \/>\n<meta property=\"og:type\" content=\"article\" \/>\n<meta property=\"og:title\" content=\"D\u00f3lar abre em baixa com reforma da Previd\u00eancia e Bebianno exonerado\" \/>\n<meta property=\"og:description\" content=\"O d\u00f3lar abriu em baixa nesta ter\u00e7a-feira (19). \u00c0s 9h30, a moeda perdia 0,142% a R$\u00a03,7259. Clique para saber mais.\" \/>\n<meta property=\"og:url\" content=\"https:\/\/www.suno.com.br\/noticias\/dolar-02192019\/\" \/>\n<meta property=\"og:site_name\" content=\"Suno Not\u00edcias\" \/>\n<meta property=\"article:publisher\" content=\"https:\/\/facebook.com\/sunoresearch\" \/>\n<meta property=\"og:image\" content=\"https:\/\/files.sunoresearch.com.br\/n\/uploads\/2018\/12\/c8203b34-d\u00f3lar.jpg\" \/>\n\t<meta property=\"og:image:width\" content=\"1140\" \/>\n\t<meta property=\"og:image:height\" content=\"760\" \/>\n\t<meta property=\"og:image:type\" content=\"image\/jpeg\" \/>\n<meta name=\"author\" content=\"Amanda Gushiken\" \/>\n<meta name=\"twitter:card\" content=\"summary_large_image\" \/>\n<meta name=\"twitter:creator\" content=\"@sunoresearch\" \/>\n<meta name=\"twitter:site\" content=\"@sunoresearch\" \/>\n<meta name=\"twitter:label1\" content=\"Escrito por\" \/>\n\t<meta name=\"twitter:data1\" content=\"Amanda Gushiken\" \/>\n\t<meta name=\"twitter:label2\" content=\"Est. tempo de leitura\" \/>\n\t<meta name=\"twitter:data2\" content=\"2 minutos\" \/>\n<script type=\"application\/ld+json\" class=\"yoast-schema-graph\">{\"@context\":\"https:\/\/schema.org\",\"@graph\":[{\"@type\":\"NewsArticle\",\"@id\":\"https:\/\/www.suno.com.br\/noticias\/dolar-02192019\/#article\",\"isPartOf\":{\"@id\":\"https:\/\/www.suno.com.br\/noticias\/dolar-02192019\/\"},\"author\":{\"name\":\"Amanda Gushiken\",\"@id\":\"https:\/\/www.suno.com.br\/noticias\/#\/schema\/person\/a5b06fa4e879d8e8e119c6ed3cd630d1\"},\"headline\":\"D\u00f3lar abre em baixa com reforma da Previd\u00eancia e Bebianno exonerado\",\"datePublished\":\"2019-02-19T13:16:14+00:00\",\"dateModified\":\"2019-02-19T13:38:23+00:00\",\"mainEntityOfPage\":{\"@id\":\"https:\/\/www.suno.com.br\/noticias\/dolar-02192019\/\"},\"wordCount\":436,\"publisher\":{\"@id\":\"https:\/\/www.suno.com.br\/noticias\/#organization\"},\"image\":{\"@id\":\"https:\/\/www.suno.com.br\/noticias\/dolar-02192019\/#primaryimage\"},\"thumbnailUrl\":\"https:\/\/files.sunoresearch.com.br\/n\/uploads\/2018\/12\/c8203b34-d\u00f3lar-jpg.webp\",\"keywords\":[\"d\u00f3lar\",\"Gustavo Bebianno\",\"Jair Bolsonaro\",\"Reforma da Previd\u00eancia\"],\"articleSection\":[\"Mercado\"],\"inLanguage\":\"pt-BR\"},{\"@type\":\"WebPage\",\"@id\":\"https:\/\/www.suno.com.br\/noticias\/dolar-02192019\/\",\"url\":\"https:\/\/www.suno.com.br\/noticias\/dolar-02192019\/\",\"name\":\"D\u00f3lar abre em baixa com reforma da Previd\u00eancia e Bebianno exonerado\",\"isPartOf\":{\"@id\":\"https:\/\/www.suno.com.br\/noticias\/#website\"},\"primaryImageOfPage\":{\"@id\":\"https:\/\/www.suno.com.br\/noticias\/dolar-02192019\/#primaryimage\"},\"image\":{\"@id\":\"https:\/\/www.suno.com.br\/noticias\/dolar-02192019\/#primaryimage\"},\"thumbnailUrl\":\"https:\/\/files.sunoresearch.com.br\/n\/uploads\/2018\/12\/c8203b34-d\u00f3lar-jpg.webp\",\"datePublished\":\"2019-02-19T13:16:14+00:00\",\"dateModified\":\"2019-02-19T13:38:23+00:00\",\"description\":\"O d\u00f3lar abriu em baixa nesta ter\u00e7a-feira (19). \u00c0s 9h30, a moeda perdia 0,142% a R$\u00a03,7259. Clique para saber mais.\",\"breadcrumb\":{\"@id\":\"https:\/\/www.suno.com.br\/noticias\/dolar-02192019\/#breadcrumb\"},\"inLanguage\":\"pt-BR\",\"potentialAction\":[{\"@type\":\"ReadAction\",\"target\":[\"https:\/\/www.suno.com.br\/noticias\/dolar-02192019\/\"]}]},{\"@type\":\"ImageObject\",\"inLanguage\":\"pt-BR\",\"@id\":\"https:\/\/www.suno.com.br\/noticias\/dolar-02192019\/#primaryimage\",\"url\":\"https:\/\/files.sunoresearch.com.br\/n\/uploads\/2018\/12\/c8203b34-d\u00f3lar-jpg.webp\",\"contentUrl\":\"https:\/\/files.sunoresearch.com.br\/n\/uploads\/2018\/12\/c8203b34-d\u00f3lar-jpg.webp\",\"width\":1140,\"height\":760,\"caption\":\"D\u00f3lar fecha em queda de 1,691\u00a0% na maior queda desde o in\u00edcio de 2019\"},{\"@type\":\"BreadcrumbList\",\"@id\":\"https:\/\/www.suno.com.br\/noticias\/dolar-02192019\/#breadcrumb\",\"itemListElement\":[{\"@type\":\"ListItem\",\"position\":1,\"name\":\"Not\u00edcias\",\"item\":\"https:\/\/www.suno.com.br\/noticias\/\"},{\"@type\":\"ListItem\",\"position\":2,\"name\":\"Mercado\",\"item\":\"https:\/\/www.suno.com.br\/noticias\/mercado\/\"},{\"@type\":\"ListItem\",\"position\":3,\"name\":\"D\u00f3lar abre em baixa com reforma da Previd\u00eancia e Bebianno exonerado\"}]},{\"@type\":\"WebSite\",\"@id\":\"https:\/\/www.suno.com.br\/noticias\/#website\",\"url\":\"https:\/\/www.suno.com.br\/noticias\/\",\"name\":\"Suno Not\u00edcias\",\"description\":\"Seu portal de informa\u00e7\u00e3o sobre o mundo dos investimentos\",\"publisher\":{\"@id\":\"https:\/\/www.suno.com.br\/noticias\/#organization\"},\"potentialAction\":[{\"@type\":\"SearchAction\",\"target\":{\"@type\":\"EntryPoint\",\"urlTemplate\":\"https:\/\/www.suno.com.br\/noticias\/?s={search_term_string}\"},\"query-input\":{\"@type\":\"PropertyValueSpecification\",\"valueRequired\":true,\"valueName\":\"search_term_string\"}}],\"inLanguage\":\"pt-BR\"},{\"@type\":\"Organization\",\"@id\":\"https:\/\/www.suno.com.br\/noticias\/#organization\",\"name\":\"Suno Not\u00edcias\",\"url\":\"https:\/\/www.suno.com.br\/noticias\/\",\"logo\":{\"@type\":\"ImageObject\",\"inLanguage\":\"pt-BR\",\"@id\":\"https:\/\/www.suno.com.br\/noticias\/#\/schema\/logo\/image\/\",\"url\":\"https:\/\/files.sunoresearch.com.br\/n\/uploads\/2021\/09\/suno-logo.png\",\"contentUrl\":\"https:\/\/files.sunoresearch.com.br\/n\/uploads\/2021\/09\/suno-logo.png\",\"width\":180,\"height\":180,\"caption\":\"Suno Not\u00edcias\"},\"image\":{\"@id\":\"https:\/\/www.suno.com.br\/noticias\/#\/schema\/logo\/image\/\"},\"sameAs\":[\"https:\/\/facebook.com\/sunoresearch\",\"https:\/\/x.com\/sunoresearch\",\"https:\/\/www.instagram.com\/suno\",\"https:\/\/www.linkedin.com\/company\/suno-research\/\",\"https:\/\/www.youtube.com\/c\/sunoresearch\"]},{\"@type\":\"Person\",\"@id\":\"https:\/\/www.suno.com.br\/noticias\/#\/schema\/person\/a5b06fa4e879d8e8e119c6ed3cd630d1\",\"name\":\"Amanda Gushiken\",\"image\":{\"@type\":\"ImageObject\",\"inLanguage\":\"pt-BR\",\"@id\":\"https:\/\/www.suno.com.br\/noticias\/#\/schema\/person\/image\/\",\"url\":\"https:\/\/secure.gravatar.com\/avatar\/ecd84705e6b65e3685ae80d725501fbe?s=96&r=g\",\"contentUrl\":\"https:\/\/secure.gravatar.com\/avatar\/ecd84705e6b65e3685ae80d725501fbe?s=96&r=g\",\"caption\":\"Amanda Gushiken\"},\"description\":\"Amanda Sayuri Gushiken escreve sobre finan\u00e7as e neg\u00f3cios para o portal Suno Not\u00edcias. Antes, trabalhou selecionando not\u00edcias da imprensa para clientes do mercado financeiro. Tamb\u00e9m desenvolveu pesquisa acad\u00eamica pela Universidade Anhembi Morumbi na \u00e1rea de Teorias da Comunica\u00e7\u00e3o e \u00e9 fot\u00f3grafa nas horas vagas.\",\"url\":\"https:\/\/www.suno.com.br\/noticias\/author\/amanda\/\"}]}<\/script>\n<!-- \/ Yoast SEO plugin. -->","yoast_head_json":{"title":"D\u00f3lar abre em baixa com reforma da Previd\u00eancia e Bebianno exonerado","description":"O d\u00f3lar abriu em baixa nesta ter\u00e7a-feira (19). \u00c0s 9h30, a moeda perdia 0,142% a R$\u00a03,7259. Clique para saber mais.","robots":{"index":"index","follow":"follow","max-snippet":"max-snippet:-1","max-image-preview":"max-image-preview:large","max-video-preview":"max-video-preview:-1"},"canonical":"https:\/\/www.suno.com.br\/noticias\/dolar-02192019\/","og_locale":"pt_BR","og_type":"article","og_title":"D\u00f3lar abre em baixa com reforma da Previd\u00eancia e Bebianno exonerado","og_description":"O d\u00f3lar abriu em baixa nesta ter\u00e7a-feira (19). \u00c0s 9h30, a moeda perdia 0,142% a R$\u00a03,7259. Clique para saber mais.","og_url":"https:\/\/www.suno.com.br\/noticias\/dolar-02192019\/","og_site_name":"Suno Not\u00edcias","article_publisher":"https:\/\/facebook.com\/sunoresearch","og_image":[{"width":1140,"height":760,"url":"https:\/\/files.sunoresearch.com.br\/n\/uploads\/2018\/12\/c8203b34-d\u00f3lar.jpg","type":"image\/jpeg"}],"author":"Amanda Gushiken","twitter_card":"summary_large_image","twitter_creator":"@sunoresearch","twitter_site":"@sunoresearch","twitter_misc":{"Escrito por":"Amanda Gushiken","Est. tempo de leitura":"2 minutos"},"schema":{"@context":"https:\/\/schema.org","@graph":[{"@type":"NewsArticle","@id":"https:\/\/www.suno.com.br\/noticias\/dolar-02192019\/#article","isPartOf":{"@id":"https:\/\/www.suno.com.br\/noticias\/dolar-02192019\/"},"author":{"name":"Amanda Gushiken","@id":"https:\/\/www.suno.com.br\/noticias\/#\/schema\/person\/a5b06fa4e879d8e8e119c6ed3cd630d1"},"headline":"D\u00f3lar abre em baixa com reforma da Previd\u00eancia e Bebianno exonerado","datePublished":"2019-02-19T13:16:14+00:00","dateModified":"2019-02-19T13:38:23+00:00","mainEntityOfPage":{"@id":"https:\/\/www.suno.com.br\/noticias\/dolar-02192019\/"},"wordCount":436,"publisher":{"@id":"https:\/\/www.suno.com.br\/noticias\/#organization"},"image":{"@id":"https:\/\/www.suno.com.br\/noticias\/dolar-02192019\/#primaryimage"},"thumbnailUrl":"https:\/\/files.sunoresearch.com.br\/n\/uploads\/2018\/12\/c8203b34-d\u00f3lar-jpg.webp","keywords":["d\u00f3lar","Gustavo Bebianno","Jair Bolsonaro","Reforma da Previd\u00eancia"],"articleSection":["Mercado"],"inLanguage":"pt-BR"},{"@type":"WebPage","@id":"https:\/\/www.suno.com.br\/noticias\/dolar-02192019\/","url":"https:\/\/www.suno.com.br\/noticias\/dolar-02192019\/","name":"D\u00f3lar abre em baixa com reforma da Previd\u00eancia e Bebianno exonerado","isPartOf":{"@id":"https:\/\/www.suno.com.br\/noticias\/#website"},"primaryImageOfPage":{"@id":"https:\/\/www.suno.com.br\/noticias\/dolar-02192019\/#primaryimage"},"image":{"@id":"https:\/\/www.suno.com.br\/noticias\/dolar-02192019\/#primaryimage"},"thumbnailUrl":"https:\/\/files.sunoresearch.com.br\/n\/uploads\/2018\/12\/c8203b34-d\u00f3lar-jpg.webp","datePublished":"2019-02-19T13:16:14+00:00","dateModified":"2019-02-19T13:38:23+00:00","description":"O d\u00f3lar abriu em baixa nesta ter\u00e7a-feira (19). \u00c0s 9h30, a moeda perdia 0,142% a R$\u00a03,7259. Clique para saber mais.","breadcrumb":{"@id":"https:\/\/www.suno.com.br\/noticias\/dolar-02192019\/#breadcrumb"},"inLanguage":"pt-BR","potentialAction":[{"@type":"ReadAction","target":["https:\/\/www.suno.com.br\/noticias\/dolar-02192019\/"]}]},{"@type":"ImageObject","inLanguage":"pt-BR","@id":"https:\/\/www.suno.com.br\/noticias\/dolar-02192019\/#primaryimage","url":"https:\/\/files.sunoresearch.com.br\/n\/uploads\/2018\/12\/c8203b34-d\u00f3lar-jpg.webp","contentUrl":"https:\/\/files.sunoresearch.com.br\/n\/uploads\/2018\/12\/c8203b34-d\u00f3lar-jpg.webp","width":1140,"height":760,"caption":"D\u00f3lar fecha em queda de 1,691\u00a0% na maior queda desde o in\u00edcio de 2019"},{"@type":"BreadcrumbList","@id":"https:\/\/www.suno.com.br\/noticias\/dolar-02192019\/#breadcrumb","itemListElement":[{"@type":"ListItem","position":1,"name":"Not\u00edcias","item":"https:\/\/www.suno.com.br\/noticias\/"},{"@type":"ListItem","position":2,"name":"Mercado","item":"https:\/\/www.suno.com.br\/noticias\/mercado\/"},{"@type":"ListItem","position":3,"name":"D\u00f3lar abre em baixa com reforma da Previd\u00eancia e Bebianno exonerado"}]},{"@type":"WebSite","@id":"https:\/\/www.suno.com.br\/noticias\/#website","url":"https:\/\/www.suno.com.br\/noticias\/","name":"Suno Not\u00edcias","description":"Seu portal de informa\u00e7\u00e3o sobre o mundo dos investimentos","publisher":{"@id":"https:\/\/www.suno.com.br\/noticias\/#organization"},"potentialAction":[{"@type":"SearchAction","target":{"@type":"EntryPoint","urlTemplate":"https:\/\/www.suno.com.br\/noticias\/?s={search_term_string}"},"query-input":{"@type":"PropertyValueSpecification","valueRequired":true,"valueName":"search_term_string"}}],"inLanguage":"pt-BR"},{"@type":"Organization","@id":"https:\/\/www.suno.com.br\/noticias\/#organization","name":"Suno Not\u00edcias","url":"https:\/\/www.suno.com.br\/noticias\/","logo":{"@type":"ImageObject","inLanguage":"pt-BR","@id":"https:\/\/www.suno.com.br\/noticias\/#\/schema\/logo\/image\/","url":"https:\/\/files.sunoresearch.com.br\/n\/uploads\/2021\/09\/suno-logo.png","contentUrl":"https:\/\/files.sunoresearch.com.br\/n\/uploads\/2021\/09\/suno-logo.png","width":180,"height":180,"caption":"Suno Not\u00edcias"},"image":{"@id":"https:\/\/www.suno.com.br\/noticias\/#\/schema\/logo\/image\/"},"sameAs":["https:\/\/facebook.com\/sunoresearch","https:\/\/x.com\/sunoresearch","https:\/\/www.instagram.com\/suno","https:\/\/www.linkedin.com\/company\/suno-research\/","https:\/\/www.youtube.com\/c\/sunoresearch"]},{"@type":"Person","@id":"https:\/\/www.suno.com.br\/noticias\/#\/schema\/person\/a5b06fa4e879d8e8e119c6ed3cd630d1","name":"Amanda Gushiken","image":{"@type":"ImageObject","inLanguage":"pt-BR","@id":"https:\/\/www.suno.com.br\/noticias\/#\/schema\/person\/image\/","url":"https:\/\/secure.gravatar.com\/avatar\/ecd84705e6b65e3685ae80d725501fbe?s=96&r=g","contentUrl":"https:\/\/secure.gravatar.com\/avatar\/ecd84705e6b65e3685ae80d725501fbe?s=96&r=g","caption":"Amanda Gushiken"},"description":"Amanda Sayuri Gushiken escreve sobre finan\u00e7as e neg\u00f3cios para o portal Suno Not\u00edcias. Antes, trabalhou selecionando not\u00edcias da imprensa para clientes do mercado financeiro. Tamb\u00e9m desenvolveu pesquisa acad\u00eamica pela Universidade Anhembi Morumbi na \u00e1rea de Teorias da Comunica\u00e7\u00e3o e \u00e9 fot\u00f3grafa nas horas vagas.","url":"https:\/\/www.suno.com.br\/noticias\/author\/amanda\/"}]}},"default_loop_html":"<div class=\"cardsPage__listCard__boxs\"><div class=\"cardsPage__listCard__boxs__img\"><a href=\"https:\/\/www.suno.com.br\/noticias\/dolar-02192019\/\"><img class=\"mask\" src=\"https:\/\/www.suno.com.br\/noticias\/wp-content\/themes\/suno\/resources\/images\/spotlight\/spotlight1img\/bg-mask.png\" alt=\"Image Mask\"\/><img src=\"https:\/\/files.sunoresearch.com.br\/n\/uploads\/2018\/12\/c8203b34-d\u00f3lar-400x200.webp\" alt=\"D\u00f3lar abre em baixa com reforma da Previd\u00eancia e Bebianno exonerado\"\/><\/a><span class=\"spotlightCategory\"><a href=\"https:\/\/www.suno.com.br\/noticias\/mercado\/\">Mercado<\/a><\/span><\/div><div class=\"cardsPage__listCard__boxs__content\"><a href=\"https:\/\/www.suno.com.br\/noticias\/dolar-02192019\/\"><h2 class=\"content__title\">D\u00f3lar abre em baixa com reforma da Previd\u00eancia e Bebianno exonerado<\/h2><\/a><div class=\"newsContent__article__meta\"><div class=\"newsContent__article__meta__authorBox\"><a href=\"https:\/\/www.suno.com.br\/noticias\/author\/amanda\/\" class=\"authorBox__avatar noMobi\"><img src=\"https:\/\/files.sunoresearch.com.br\/n\/uploads\/2018\/11\/c6ad30be-amanda-150x150.webp\" alt=\"Amanda Gushiken\"><\/a><div class=\"authorBox__name\"><span>por\n\t\t\t<a href=\"https:\/\/www.suno.com.br\/noticias\/author\/amanda\/\"><span itemprop=\"author\">Amanda Gushiken<\/span><\/a><\/span><time datetime=\"2019-02-19T10:16:14-03:00\" itemprop=\"datePublished\">19\/02\/2019 10:16<\/time><\/div><\/div><\/div><\/div><\/div>","single_layout":"posts","amp_enabled":true,"_links":{"self":[{"href":"https:\/\/www.suno.com.br\/noticias\/wp-json\/wp\/v2\/posts\/15780"}],"collection":[{"href":"https:\/\/www.suno.com.br\/noticias\/wp-json\/wp\/v2\/posts"}],"about":[{"href":"https:\/\/www.suno.com.br\/noticias\/wp-json\/wp\/v2\/types\/post"}],"author":[{"embeddable":true,"href":"https:\/\/www.suno.com.br\/noticias\/wp-json\/wp\/v2\/users\/12"}],"replies":[{"embeddable":true,"href":"https:\/\/www.suno.com.br\/noticias\/wp-json\/wp\/v2\/comments?post=15780"}],"version-history":[{"count":0,"href":"https:\/\/www.suno.com.br\/noticias\/wp-json\/wp\/v2\/posts\/15780\/revisions"}],"wp:featuredmedia":[{"embeddable":true,"href":"https:\/\/www.suno.com.br\/noticias\/wp-json\/wp\/v2\/media\/8629"}],"wp:attachment":[{"href":"https:\/\/www.suno.com.br\/noticias\/wp-json\/wp\/v2\/media?parent=15780"}],"wp:term":[{"taxonomy":"category","embeddable":true,"href":"https:\/\/www.suno.com.br\/noticias\/wp-json\/wp\/v2\/categories?post=15780"},{"taxonomy":"post_tag","embeddable":true,"href":"https:\/\/www.suno.com.br\/noticias\/wp-json\/wp\/v2\/tags?post=15780"},{"taxonomy":"suno_strategy","embeddable":true,"href":"https:\/\/www.suno.com.br\/noticias\/wp-json\/wp\/v2\/suno_strategy?post=15780"}],"curies":[{"name":"wp","href":"https:\/\/api.w.org\/{rel}","templated":true}]}}