{"id":157781,"date":"2021-06-14T09:58:43","date_gmt":"2021-06-14T12:58:43","guid":{"rendered":"https:\/\/www.suno.com.br\/noticias\/?p=157781"},"modified":"2021-06-14T09:58:43","modified_gmt":"2021-06-14T12:58:43","slug":"expansao-notredame-gndi3-compra-hospital-maringa","status":"publish","type":"post","link":"https:\/\/www.suno.com.br\/noticias\/expansao-notredame-gndi3-compra-hospital-maringa\/","title":{"rendered":"Em expans\u00e3o, NotreDame (GNDI3) anuncia compra do Hospital Maring\u00e1"},"content":{"rendered":"<p>A <strong>NotreDame<\/strong> <a class=\"suno-keyword\" href=\"https:\/\/www.suno.com.br\/acoes\/GNDI3\/\" target=\"_blank\" rel=\"noopener noreferrer\" data-force=\"yes\" data-priority=\"2\">Interm\u00e9dica (GNDI3)<\/a> anunciou uma nova aquisi\u00e7\u00e3o, pela segunda semana consecutiva. A companhia comprou o Hospital Maring\u00e1 por R$ 92 milh\u00f5es, sendo uma das unidades mais tradicionais da cidade do Paran\u00e1.<\/p>\t<div class=\"wrapper-featured-image\">\n\t\t<figure class=\"spotlightImg\">\n\n\t\t\t<picture>\n\t\t\t\t<source media=\"(max-width: 768px)\" srcset=\"https:\/\/files.sunoresearch.com.br\/n\/uploads\/2021\/05\/eaae8f8b-notredame-400x200.webp\">\n\t\t\t\t<img loading=\"lazy\" decoding=\"async\" class=\"newsContent__article__imgCapa lazyloadDisabled \" src=\"https:\/\/files.sunoresearch.com.br\/n\/uploads\/2021\/05\/eaae8f8b-notredame-800x450.webp\" width=\"800\" height=\"450\" alt=\"Em expans\u00e3o, NotreDame (GNDI3) anuncia compra do Hospital Maring\u00e1\" fetchpriority=high \/>\n\t\t\t<\/picture>\n\n\t\t\t<figcaption class=\"wp-caption-text wp-caption-text--show\">NotreDame. Foto: Reprodu\u00e7\u00e3o Facebook NotreDame<\/figcaption>\n\t\t<\/figure>\n\t<\/div>\n\n\n\t<p>\n\t\t<a href=\"https:\/\/lp.suno.com.br\/planilha-controle-gastos\/\" target=\"_blank\" data-element=\"shortcode-suno-banner\" title=\"Banner SUNO, clique e saiba mais\">\n\t\t\t<picture>\n\t\t\t\t<source media=\"(max-width: 500px)\" srcset=\"https:\/\/files.sunoresearch.com.br\/n\/uploads\/2023\/03\/400x300-Planilha-controle-de-gastos.png\">\n\t\t\t\t<img class=\"newsContent__article__imgCapa newsContent__article__imgCapa--banner\"\n\t\t\t\t\tsrc=\"https:\/\/files.sunoresearch.com.br\/n\/uploads\/2023\/03\/1420x240-Planilha-controle-de-gastos.png\"\n\t\t\t\t\tdata-promo-id=\"101751\"\t\t\t\t\t\t\t\t\t\twidth='1420' height='240'\t\t\t\t\talt=\"https:\/\/files.sunoresearch.com.br\/n\/uploads\/2023\/03\/1420x240-Planilha-controle-de-gastos.png\"\n\t\t\t\t>\n\t\t\t<\/picture>\n\t\t<\/a>\n\t<\/p>\n\n\n<p>O an\u00fancio feito por meio de <strong><a href=\"https:\/\/www.suno.com.br\/artigos\/fato-relevante\/\">fato relevante<\/a> <\/strong>vem exatos sete dias ap\u00f3s an\u00fancio da <strong>compra<\/strong> do Centro Cl\u00ednico Ga\u00facho (CCG) na segunda-feira (7), no valor de R$ 1,06 bilh\u00e3o.<\/p>\n<p>O pagamento da compra do<strong> Hospital Maring\u00e1<\/strong> ser\u00e1:<\/p>\n<ul>\n<li>Parte \u00e0 vista, em dinheiro, na data de fechamento, descontado o endividamento l\u00edquido.<\/li>\n<li>Parte no prazo de 2 anos sujeito ao atingimento de certas metas operacionais.<\/li>\n<li>Uma parcela retida por 6 anos para eventuais conting\u00eancias.<\/li>\n<\/ul>\n<p><a href=\"https:\/\/lp.suno.com.br\/suno-one\/?ppp=noticias\/hospital-care-pedido-ipo-cvm\/\"><b>Suno One: acesse gratuitamente eBooks, Minicursos, Artigos e V\u00eddeo Aulas sobre investimentos com um \u00fanico cadastro. Clique para saber mais!<\/b><\/a><\/p>\n<p>&#8220;Caracteriza-se por ser um <strong>hospital<\/strong> geral de alta complexidade, realizando inclusive cirurgias card\u00edacas e neurol\u00f3gicas, exames de tomografia e hemodin\u00e2mica, e dispondo de uma infraestrutura de 81 leitos (12 UTIs), 7 consult\u00f3rios e 6 salas cir\u00fargicas em um im\u00f3vel pr\u00f3prio com uma \u00e1rea total de 6,3 mil m2&#8243;, detalha, no documento arquivado na Comiss\u00e3o de Valores Mobili\u00e1rios (CVM).<\/p>\n\t<div data-element=\"shortcode-read-more\" class=\"knowMore\">\n\t\t\t\t<span class=\"knowMore__title\">Saiba mais<\/span>\n\t\t\t\t<a class=\"knowMore__link\" href=\"https:\/\/www.suno.com.br\/noticias\/destaques-de-empresas-notredame-gndi3-gol0goll4-petrobras-petr4\/\">\n\t\t\tDestaques de Empresas: NotreDame (GNDI3), Inter (BIDI11) e Gol (GOLL4)\t\t<\/a>\n\t<\/div>\n\n\n<p>O movimento, assim, vai no sentido de ampliar a opera\u00e7\u00e3o no <strong>Paran\u00e1<\/strong> j\u00e1 que, da mesma forma, a companhia comprou o Hospital do Cora\u00e7\u00e3o de Londrina.<\/p>\n<p>A ideia \u00e9 manter a capilaridade na regi\u00e3o de <strong>Maring\u00e1<\/strong>, que possui quase 2 milh\u00f5es de habitantes e 555 mil benefici\u00e1rios de plano de sa\u00fade. O Hospital em quest\u00e3o teve uma receita de R$ 42,9 milh\u00f5es no acumulado de 2020.<\/p>\n<p>&#8220;O plano de integra\u00e7\u00e3o prev\u00ea <a href=\"https:\/\/www.suno.com.br\/artigos\/sinergias\/\">sinergias operacionais e administrativas<\/a> com as<strong> opera\u00e7\u00f5es da Clinipam<\/strong> no Estado do Paran\u00e1, al\u00e9m de garantir a Companhia uma plataforma de expans\u00e3o comercial regional para seus produtos sob o modelo de opera\u00e7\u00e3o verticalizada&#8221;, destaca a NotreDame.<\/p>\n<p>A transa\u00e7\u00e3o ainda deve ter condi\u00e7\u00f5es postas, mas n\u00e3o ter\u00e1 aprova\u00e7\u00e3o pr\u00e9via do <a href=\"https:\/\/www.suno.com.br\/artigos\/cade\/\">Conselho Administrativo de Defesa Econ\u00f4mica (CADE)<\/a> nem da Ag\u00eancia Nacional de Sa\u00fade Suplementar (ANS).<\/p>\n<h2>Cota\u00e7\u00e3o de NotreDame (GNDI3)<\/h2>\n<p>As <a href=\"https:\/\/www.suno.com.br\/artigos\/o-que-sao-acoes-ordinarias-preferenciais-e-units\/\">a\u00e7\u00f5es da <strong>NotreDame<\/strong> estavam cotadas a R$ 84,54 no preg\u00e3o da sexta (11)<\/a>, com queda de 2,72% no intradia. Simultaneamente, o acumulado mensal \u00e9 de 4% de alta.<\/p>\n\t<p>\n\t\t<a href=\"https:\/\/lp.suno.com.br\/planilha-de-controle-de-investimentos\/\" target=\"_blank\" data-element=\"shortcode-suno-banner\" title=\"Banner SUNO, clique e saiba mais\">\n\t\t\t<picture>\n\t\t\t\t<source media=\"(max-width: 500px)\" srcset=\"https:\/\/files.sunoresearch.com.br\/n\/uploads\/2023\/03\/400x300-Controle-de-Investimentos.png\">\n\t\t\t\t<img class=\"newsContent__article__imgCapa newsContent__article__imgCapa--banner\"\n\t\t\t\t\tsrc=\"https:\/\/files.sunoresearch.com.br\/n\/uploads\/2023\/03\/1420x240-Controle-de-Investimentos.png\"\n\t\t\t\t\tdata-promo-id=\"75934\"\t\t\t\t\t\t\t\t\t\twidth='1420' height='240'\t\t\t\t\talt=\"https:\/\/files.sunoresearch.com.br\/n\/uploads\/2023\/03\/1420x240-Controle-de-Investimentos.png\"\n\t\t\t\t>\n\t\t\t<\/picture>\n\t\t<\/a>\n\t<\/p>\n\n\n","protected":false},"excerpt":{"rendered":"<p>A NotreDame Interm\u00e9dica (GNDI3) anunciou uma nova aquisi\u00e7\u00e3o, pela segunda semana consecutiva. A companhia comprou o Hospital Maring\u00e1 por R$ 92 milh\u00f5es, sendo uma das unidades mais tradicionais da cidade do Paran\u00e1. NotreDame. Foto: Reprodu\u00e7\u00e3o Facebook NotreDame O an\u00fancio feito por meio de fato relevante vem exatos sete dias ap\u00f3s an\u00fancio da compra do Centro [&hellip;]<\/p>\n","protected":false},"author":73,"featured_media":147745,"comment_status":"closed","ping_status":"closed","sticky":false,"template":"","format":"standard","meta":[],"categories":[64],"tags":[105816,62812,512,105927],"suno_strategy":[],"class_list":["post-157781","post","type-post","status-publish","format-standard","has-post-thumbnail","hentry","category-negocios","tag-especialistas","tag-fusoes-e-aquisicoes","tag-notredame-intermedica-gndi3","tag-setor-de-saude"],"yoast_head":"<!-- This site is optimized with the Yoast SEO plugin v24.4 - https:\/\/yoast.com\/wordpress\/plugins\/seo\/ -->\n<title>Em expans\u00e3o, NotreDame (GNDI3) anuncia compra de Hospital Maring\u00e1<\/title>\n<meta name=\"description\" content=\"A compra do Hospital de Maring\u00e1 foi aunciada nesta segunda, somando na lista de aquisi\u00e7\u00f5es recentes da NotreDame. Clique aqui e leia mais.\" \/>\n<meta name=\"robots\" content=\"index, follow, max-snippet:-1, max-image-preview:large, max-video-preview:-1\" \/>\n<link rel=\"canonical\" href=\"https:\/\/www.suno.com.br\/noticias\/expansao-notredame-gndi3-compra-hospital-maringa\/\" \/>\n<meta property=\"og:locale\" content=\"pt_BR\" \/>\n<meta property=\"og:type\" content=\"article\" \/>\n<meta property=\"og:title\" content=\"Em expans\u00e3o, NotreDame (GNDI3) anuncia compra de Hospital Maring\u00e1\" \/>\n<meta property=\"og:description\" content=\"A compra do Hospital de Maring\u00e1 foi aunciada nesta segunda, somando na lista de aquisi\u00e7\u00f5es recentes da NotreDame. Clique aqui e leia mais.\" \/>\n<meta property=\"og:url\" content=\"https:\/\/www.suno.com.br\/noticias\/expansao-notredame-gndi3-compra-hospital-maringa\/\" \/>\n<meta property=\"og:site_name\" content=\"Suno Not\u00edcias\" \/>\n<meta property=\"article:publisher\" content=\"https:\/\/facebook.com\/sunoresearch\" \/>\n<meta property=\"og:image\" content=\"https:\/\/files.sunoresearch.com.br\/n\/uploads\/2021\/05\/eaae8f8b-notredame.jpg\" \/>\n\t<meta property=\"og:image:width\" content=\"1200\" \/>\n\t<meta property=\"og:image:height\" content=\"960\" \/>\n\t<meta property=\"og:image:type\" content=\"image\/jpeg\" \/>\n<meta name=\"author\" content=\"Eduardo Vargas\" \/>\n<meta name=\"twitter:card\" content=\"summary_large_image\" \/>\n<meta name=\"twitter:creator\" content=\"@sunoresearch\" \/>\n<meta name=\"twitter:site\" content=\"@sunoresearch\" \/>\n<meta name=\"twitter:label1\" content=\"Escrito por\" \/>\n\t<meta name=\"twitter:data1\" content=\"Eduardo Vargas\" \/>\n\t<meta name=\"twitter:label2\" content=\"Est. tempo de leitura\" \/>\n\t<meta name=\"twitter:data2\" content=\"2 minutos\" \/>\n<script type=\"application\/ld+json\" class=\"yoast-schema-graph\">{\"@context\":\"https:\/\/schema.org\",\"@graph\":[{\"@type\":\"NewsArticle\",\"@id\":\"https:\/\/www.suno.com.br\/noticias\/expansao-notredame-gndi3-compra-hospital-maringa\/#article\",\"isPartOf\":{\"@id\":\"https:\/\/www.suno.com.br\/noticias\/expansao-notredame-gndi3-compra-hospital-maringa\/\"},\"author\":{\"name\":\"Eduardo Vargas\",\"@id\":\"https:\/\/www.suno.com.br\/noticias\/#\/schema\/person\/7f4d362bf3518e76090143ae77bb49a5\"},\"headline\":\"Em expans\u00e3o, NotreDame (GNDI3) anuncia compra do Hospital Maring\u00e1\",\"datePublished\":\"2021-06-14T12:58:43+00:00\",\"mainEntityOfPage\":{\"@id\":\"https:\/\/www.suno.com.br\/noticias\/expansao-notredame-gndi3-compra-hospital-maringa\/\"},\"wordCount\":397,\"publisher\":{\"@id\":\"https:\/\/www.suno.com.br\/noticias\/#organization\"},\"image\":{\"@id\":\"https:\/\/www.suno.com.br\/noticias\/expansao-notredame-gndi3-compra-hospital-maringa\/#primaryimage\"},\"thumbnailUrl\":\"https:\/\/files.sunoresearch.com.br\/n\/uploads\/2021\/05\/eaae8f8b-notredame-jpg.webp\",\"keywords\":[\"Especialistas\",\"fus\u00f5es e aquisi\u00e7\u00f5es\",\"NotreDame Intermedica (GNDI3)\",\"setor de sa\u00fade\"],\"articleSection\":[\"Neg\u00f3cios\"],\"inLanguage\":\"pt-BR\"},{\"@type\":\"WebPage\",\"@id\":\"https:\/\/www.suno.com.br\/noticias\/expansao-notredame-gndi3-compra-hospital-maringa\/\",\"url\":\"https:\/\/www.suno.com.br\/noticias\/expansao-notredame-gndi3-compra-hospital-maringa\/\",\"name\":\"Em expans\u00e3o, NotreDame (GNDI3) anuncia compra de Hospital Maring\u00e1\",\"isPartOf\":{\"@id\":\"https:\/\/www.suno.com.br\/noticias\/#website\"},\"primaryImageOfPage\":{\"@id\":\"https:\/\/www.suno.com.br\/noticias\/expansao-notredame-gndi3-compra-hospital-maringa\/#primaryimage\"},\"image\":{\"@id\":\"https:\/\/www.suno.com.br\/noticias\/expansao-notredame-gndi3-compra-hospital-maringa\/#primaryimage\"},\"thumbnailUrl\":\"https:\/\/files.sunoresearch.com.br\/n\/uploads\/2021\/05\/eaae8f8b-notredame-jpg.webp\",\"datePublished\":\"2021-06-14T12:58:43+00:00\",\"description\":\"A compra do Hospital de Maring\u00e1 foi aunciada nesta segunda, somando na lista de aquisi\u00e7\u00f5es recentes da NotreDame. Clique aqui e leia mais.\",\"breadcrumb\":{\"@id\":\"https:\/\/www.suno.com.br\/noticias\/expansao-notredame-gndi3-compra-hospital-maringa\/#breadcrumb\"},\"inLanguage\":\"pt-BR\",\"potentialAction\":[{\"@type\":\"ReadAction\",\"target\":[\"https:\/\/www.suno.com.br\/noticias\/expansao-notredame-gndi3-compra-hospital-maringa\/\"]}]},{\"@type\":\"ImageObject\",\"inLanguage\":\"pt-BR\",\"@id\":\"https:\/\/www.suno.com.br\/noticias\/expansao-notredame-gndi3-compra-hospital-maringa\/#primaryimage\",\"url\":\"https:\/\/files.sunoresearch.com.br\/n\/uploads\/2021\/05\/eaae8f8b-notredame-jpg.webp\",\"contentUrl\":\"https:\/\/files.sunoresearch.com.br\/n\/uploads\/2021\/05\/eaae8f8b-notredame-jpg.webp\",\"width\":1200,\"height\":960,\"caption\":\"NotreDame. Foto: Reprodu\u00e7\u00e3o Facebook NotreDame\"},{\"@type\":\"BreadcrumbList\",\"@id\":\"https:\/\/www.suno.com.br\/noticias\/expansao-notredame-gndi3-compra-hospital-maringa\/#breadcrumb\",\"itemListElement\":[{\"@type\":\"ListItem\",\"position\":1,\"name\":\"Not\u00edcias\",\"item\":\"https:\/\/www.suno.com.br\/noticias\/\"},{\"@type\":\"ListItem\",\"position\":2,\"name\":\"Neg\u00f3cios\",\"item\":\"https:\/\/www.suno.com.br\/noticias\/negocios\/\"},{\"@type\":\"ListItem\",\"position\":3,\"name\":\"Em expans\u00e3o, NotreDame (GNDI3) anuncia compra do Hospital Maring\u00e1\"}]},{\"@type\":\"WebSite\",\"@id\":\"https:\/\/www.suno.com.br\/noticias\/#website\",\"url\":\"https:\/\/www.suno.com.br\/noticias\/\",\"name\":\"Suno Not\u00edcias\",\"description\":\"Seu portal de informa\u00e7\u00e3o sobre o mundo dos investimentos\",\"publisher\":{\"@id\":\"https:\/\/www.suno.com.br\/noticias\/#organization\"},\"potentialAction\":[{\"@type\":\"SearchAction\",\"target\":{\"@type\":\"EntryPoint\",\"urlTemplate\":\"https:\/\/www.suno.com.br\/noticias\/?s={search_term_string}\"},\"query-input\":{\"@type\":\"PropertyValueSpecification\",\"valueRequired\":true,\"valueName\":\"search_term_string\"}}],\"inLanguage\":\"pt-BR\"},{\"@type\":\"Organization\",\"@id\":\"https:\/\/www.suno.com.br\/noticias\/#organization\",\"name\":\"Suno Not\u00edcias\",\"url\":\"https:\/\/www.suno.com.br\/noticias\/\",\"logo\":{\"@type\":\"ImageObject\",\"inLanguage\":\"pt-BR\",\"@id\":\"https:\/\/www.suno.com.br\/noticias\/#\/schema\/logo\/image\/\",\"url\":\"https:\/\/files.sunoresearch.com.br\/n\/uploads\/2021\/09\/suno-logo.png\",\"contentUrl\":\"https:\/\/files.sunoresearch.com.br\/n\/uploads\/2021\/09\/suno-logo.png\",\"width\":180,\"height\":180,\"caption\":\"Suno Not\u00edcias\"},\"image\":{\"@id\":\"https:\/\/www.suno.com.br\/noticias\/#\/schema\/logo\/image\/\"},\"sameAs\":[\"https:\/\/facebook.com\/sunoresearch\",\"https:\/\/x.com\/sunoresearch\",\"https:\/\/www.instagram.com\/suno\",\"https:\/\/www.linkedin.com\/company\/suno-research\/\",\"https:\/\/www.youtube.com\/c\/sunoresearch\"]},{\"@type\":\"Person\",\"@id\":\"https:\/\/www.suno.com.br\/noticias\/#\/schema\/person\/7f4d362bf3518e76090143ae77bb49a5\",\"name\":\"Eduardo Vargas\",\"image\":{\"@type\":\"ImageObject\",\"inLanguage\":\"pt-BR\",\"@id\":\"https:\/\/www.suno.com.br\/noticias\/#\/schema\/person\/image\/\",\"url\":\"https:\/\/secure.gravatar.com\/avatar\/dac340933427a22924c9f99d1eb2e3f2?s=96&r=g\",\"contentUrl\":\"https:\/\/secure.gravatar.com\/avatar\/dac340933427a22924c9f99d1eb2e3f2?s=96&r=g\",\"caption\":\"Eduardo Vargas\"},\"description\":\"Jornalista formado pela UFSC, cobre macroeconomia, neg\u00f3cios e startups para o Suno Not\u00edcias, escrevendo principalmente not\u00edcias sobre o mercado financeiro e a bolsa de valores. No YouTube e no Instagram, \u00e9 respons\u00e1vel pela produ\u00e7\u00e3o de Reels e Shorts do Suno Not\u00edcias. Anteriormente, trabalhou cobrindo economia e cotidiano no ND+ e para o ND, maior jornal impresso de Santa Catarina. Cursou um semestre letivo de Estudos de M\u00eddia na Universidad de Buenos Aires.\",\"url\":\"https:\/\/www.suno.com.br\/noticias\/author\/eduardo-vargas\/\"}]}<\/script>\n<!-- \/ Yoast SEO plugin. -->","yoast_head_json":{"title":"Em expans\u00e3o, NotreDame (GNDI3) anuncia compra de Hospital Maring\u00e1","description":"A compra do Hospital de Maring\u00e1 foi aunciada nesta segunda, somando na lista de aquisi\u00e7\u00f5es recentes da NotreDame. Clique aqui e leia mais.","robots":{"index":"index","follow":"follow","max-snippet":"max-snippet:-1","max-image-preview":"max-image-preview:large","max-video-preview":"max-video-preview:-1"},"canonical":"https:\/\/www.suno.com.br\/noticias\/expansao-notredame-gndi3-compra-hospital-maringa\/","og_locale":"pt_BR","og_type":"article","og_title":"Em expans\u00e3o, NotreDame (GNDI3) anuncia compra de Hospital Maring\u00e1","og_description":"A compra do Hospital de Maring\u00e1 foi aunciada nesta segunda, somando na lista de aquisi\u00e7\u00f5es recentes da NotreDame. Clique aqui e leia mais.","og_url":"https:\/\/www.suno.com.br\/noticias\/expansao-notredame-gndi3-compra-hospital-maringa\/","og_site_name":"Suno Not\u00edcias","article_publisher":"https:\/\/facebook.com\/sunoresearch","og_image":[{"width":1200,"height":960,"url":"https:\/\/files.sunoresearch.com.br\/n\/uploads\/2021\/05\/eaae8f8b-notredame.jpg","type":"image\/jpeg"}],"author":"Eduardo Vargas","twitter_card":"summary_large_image","twitter_creator":"@sunoresearch","twitter_site":"@sunoresearch","twitter_misc":{"Escrito por":"Eduardo Vargas","Est. tempo de leitura":"2 minutos"},"schema":{"@context":"https:\/\/schema.org","@graph":[{"@type":"NewsArticle","@id":"https:\/\/www.suno.com.br\/noticias\/expansao-notredame-gndi3-compra-hospital-maringa\/#article","isPartOf":{"@id":"https:\/\/www.suno.com.br\/noticias\/expansao-notredame-gndi3-compra-hospital-maringa\/"},"author":{"name":"Eduardo Vargas","@id":"https:\/\/www.suno.com.br\/noticias\/#\/schema\/person\/7f4d362bf3518e76090143ae77bb49a5"},"headline":"Em expans\u00e3o, NotreDame (GNDI3) anuncia compra do Hospital Maring\u00e1","datePublished":"2021-06-14T12:58:43+00:00","mainEntityOfPage":{"@id":"https:\/\/www.suno.com.br\/noticias\/expansao-notredame-gndi3-compra-hospital-maringa\/"},"wordCount":397,"publisher":{"@id":"https:\/\/www.suno.com.br\/noticias\/#organization"},"image":{"@id":"https:\/\/www.suno.com.br\/noticias\/expansao-notredame-gndi3-compra-hospital-maringa\/#primaryimage"},"thumbnailUrl":"https:\/\/files.sunoresearch.com.br\/n\/uploads\/2021\/05\/eaae8f8b-notredame-jpg.webp","keywords":["Especialistas","fus\u00f5es e aquisi\u00e7\u00f5es","NotreDame Intermedica (GNDI3)","setor de sa\u00fade"],"articleSection":["Neg\u00f3cios"],"inLanguage":"pt-BR"},{"@type":"WebPage","@id":"https:\/\/www.suno.com.br\/noticias\/expansao-notredame-gndi3-compra-hospital-maringa\/","url":"https:\/\/www.suno.com.br\/noticias\/expansao-notredame-gndi3-compra-hospital-maringa\/","name":"Em expans\u00e3o, NotreDame (GNDI3) anuncia compra de Hospital Maring\u00e1","isPartOf":{"@id":"https:\/\/www.suno.com.br\/noticias\/#website"},"primaryImageOfPage":{"@id":"https:\/\/www.suno.com.br\/noticias\/expansao-notredame-gndi3-compra-hospital-maringa\/#primaryimage"},"image":{"@id":"https:\/\/www.suno.com.br\/noticias\/expansao-notredame-gndi3-compra-hospital-maringa\/#primaryimage"},"thumbnailUrl":"https:\/\/files.sunoresearch.com.br\/n\/uploads\/2021\/05\/eaae8f8b-notredame-jpg.webp","datePublished":"2021-06-14T12:58:43+00:00","description":"A compra do Hospital de Maring\u00e1 foi aunciada nesta segunda, somando na lista de aquisi\u00e7\u00f5es recentes da NotreDame. Clique aqui e leia mais.","breadcrumb":{"@id":"https:\/\/www.suno.com.br\/noticias\/expansao-notredame-gndi3-compra-hospital-maringa\/#breadcrumb"},"inLanguage":"pt-BR","potentialAction":[{"@type":"ReadAction","target":["https:\/\/www.suno.com.br\/noticias\/expansao-notredame-gndi3-compra-hospital-maringa\/"]}]},{"@type":"ImageObject","inLanguage":"pt-BR","@id":"https:\/\/www.suno.com.br\/noticias\/expansao-notredame-gndi3-compra-hospital-maringa\/#primaryimage","url":"https:\/\/files.sunoresearch.com.br\/n\/uploads\/2021\/05\/eaae8f8b-notredame-jpg.webp","contentUrl":"https:\/\/files.sunoresearch.com.br\/n\/uploads\/2021\/05\/eaae8f8b-notredame-jpg.webp","width":1200,"height":960,"caption":"NotreDame. Foto: Reprodu\u00e7\u00e3o Facebook NotreDame"},{"@type":"BreadcrumbList","@id":"https:\/\/www.suno.com.br\/noticias\/expansao-notredame-gndi3-compra-hospital-maringa\/#breadcrumb","itemListElement":[{"@type":"ListItem","position":1,"name":"Not\u00edcias","item":"https:\/\/www.suno.com.br\/noticias\/"},{"@type":"ListItem","position":2,"name":"Neg\u00f3cios","item":"https:\/\/www.suno.com.br\/noticias\/negocios\/"},{"@type":"ListItem","position":3,"name":"Em expans\u00e3o, NotreDame (GNDI3) anuncia compra do Hospital Maring\u00e1"}]},{"@type":"WebSite","@id":"https:\/\/www.suno.com.br\/noticias\/#website","url":"https:\/\/www.suno.com.br\/noticias\/","name":"Suno Not\u00edcias","description":"Seu portal de informa\u00e7\u00e3o sobre o mundo dos investimentos","publisher":{"@id":"https:\/\/www.suno.com.br\/noticias\/#organization"},"potentialAction":[{"@type":"SearchAction","target":{"@type":"EntryPoint","urlTemplate":"https:\/\/www.suno.com.br\/noticias\/?s={search_term_string}"},"query-input":{"@type":"PropertyValueSpecification","valueRequired":true,"valueName":"search_term_string"}}],"inLanguage":"pt-BR"},{"@type":"Organization","@id":"https:\/\/www.suno.com.br\/noticias\/#organization","name":"Suno Not\u00edcias","url":"https:\/\/www.suno.com.br\/noticias\/","logo":{"@type":"ImageObject","inLanguage":"pt-BR","@id":"https:\/\/www.suno.com.br\/noticias\/#\/schema\/logo\/image\/","url":"https:\/\/files.sunoresearch.com.br\/n\/uploads\/2021\/09\/suno-logo.png","contentUrl":"https:\/\/files.sunoresearch.com.br\/n\/uploads\/2021\/09\/suno-logo.png","width":180,"height":180,"caption":"Suno Not\u00edcias"},"image":{"@id":"https:\/\/www.suno.com.br\/noticias\/#\/schema\/logo\/image\/"},"sameAs":["https:\/\/facebook.com\/sunoresearch","https:\/\/x.com\/sunoresearch","https:\/\/www.instagram.com\/suno","https:\/\/www.linkedin.com\/company\/suno-research\/","https:\/\/www.youtube.com\/c\/sunoresearch"]},{"@type":"Person","@id":"https:\/\/www.suno.com.br\/noticias\/#\/schema\/person\/7f4d362bf3518e76090143ae77bb49a5","name":"Eduardo Vargas","image":{"@type":"ImageObject","inLanguage":"pt-BR","@id":"https:\/\/www.suno.com.br\/noticias\/#\/schema\/person\/image\/","url":"https:\/\/secure.gravatar.com\/avatar\/dac340933427a22924c9f99d1eb2e3f2?s=96&r=g","contentUrl":"https:\/\/secure.gravatar.com\/avatar\/dac340933427a22924c9f99d1eb2e3f2?s=96&r=g","caption":"Eduardo Vargas"},"description":"Jornalista formado pela UFSC, cobre macroeconomia, neg\u00f3cios e startups para o Suno Not\u00edcias, escrevendo principalmente not\u00edcias sobre o mercado financeiro e a bolsa de valores. No YouTube e no Instagram, \u00e9 respons\u00e1vel pela produ\u00e7\u00e3o de Reels e Shorts do Suno Not\u00edcias. Anteriormente, trabalhou cobrindo economia e cotidiano no ND+ e para o ND, maior jornal impresso de Santa Catarina. Cursou um semestre letivo de Estudos de M\u00eddia na Universidad de Buenos Aires.","url":"https:\/\/www.suno.com.br\/noticias\/author\/eduardo-vargas\/"}]}},"default_loop_html":"<div class=\"cardsPage__listCard__boxs\"><div class=\"cardsPage__listCard__boxs__img\"><a href=\"https:\/\/www.suno.com.br\/noticias\/expansao-notredame-gndi3-compra-hospital-maringa\/\"><img class=\"mask\" src=\"https:\/\/www.suno.com.br\/noticias\/wp-content\/themes\/suno\/resources\/images\/spotlight\/spotlight1img\/bg-mask.png\" alt=\"Image Mask\"\/><img src=\"https:\/\/files.sunoresearch.com.br\/n\/uploads\/2021\/05\/eaae8f8b-notredame-400x200.webp\" alt=\"Em expans\u00e3o, NotreDame (GNDI3) anuncia compra do Hospital Maring\u00e1\"\/><\/a><span class=\"spotlightCategory\"><a href=\"https:\/\/www.suno.com.br\/noticias\/negocios\/\">Neg\u00f3cios<\/a><\/span><\/div><div class=\"cardsPage__listCard__boxs__content\"><a href=\"https:\/\/www.suno.com.br\/noticias\/expansao-notredame-gndi3-compra-hospital-maringa\/\"><h2 class=\"content__title\">Em expans\u00e3o, NotreDame (GNDI3) anuncia compra do Hospital Maring\u00e1<\/h2><\/a><div class=\"newsContent__article__meta\"><div class=\"newsContent__article__meta__authorBox\"><a href=\"https:\/\/www.suno.com.br\/noticias\/author\/eduardo-vargas\/\" class=\"authorBox__avatar noMobi\"><img src=\"https:\/\/secure.gravatar.com\/avatar\/dac340933427a22924c9f99d1eb2e3f2?s=96&#038;r=g\" alt=\"Eduardo Vargas\"><\/a><div class=\"authorBox__name\"><span>por\n\t\t\t<a href=\"https:\/\/www.suno.com.br\/noticias\/author\/eduardo-vargas\/\"><span itemprop=\"author\">Eduardo Vargas<\/span><\/a><\/span><time datetime=\"2021-06-14T09:58:43-03:00\" itemprop=\"datePublished\">14\/06\/2021 09:58<\/time><\/div><\/div><\/div><\/div><\/div>","single_layout":"posts","amp_enabled":true,"_links":{"self":[{"href":"https:\/\/www.suno.com.br\/noticias\/wp-json\/wp\/v2\/posts\/157781"}],"collection":[{"href":"https:\/\/www.suno.com.br\/noticias\/wp-json\/wp\/v2\/posts"}],"about":[{"href":"https:\/\/www.suno.com.br\/noticias\/wp-json\/wp\/v2\/types\/post"}],"author":[{"embeddable":true,"href":"https:\/\/www.suno.com.br\/noticias\/wp-json\/wp\/v2\/users\/73"}],"replies":[{"embeddable":true,"href":"https:\/\/www.suno.com.br\/noticias\/wp-json\/wp\/v2\/comments?post=157781"}],"version-history":[{"count":3,"href":"https:\/\/www.suno.com.br\/noticias\/wp-json\/wp\/v2\/posts\/157781\/revisions"}],"predecessor-version":[{"id":157802,"href":"https:\/\/www.suno.com.br\/noticias\/wp-json\/wp\/v2\/posts\/157781\/revisions\/157802"}],"wp:featuredmedia":[{"embeddable":true,"href":"https:\/\/www.suno.com.br\/noticias\/wp-json\/wp\/v2\/media\/147745"}],"wp:attachment":[{"href":"https:\/\/www.suno.com.br\/noticias\/wp-json\/wp\/v2\/media?parent=157781"}],"wp:term":[{"taxonomy":"category","embeddable":true,"href":"https:\/\/www.suno.com.br\/noticias\/wp-json\/wp\/v2\/categories?post=157781"},{"taxonomy":"post_tag","embeddable":true,"href":"https:\/\/www.suno.com.br\/noticias\/wp-json\/wp\/v2\/tags?post=157781"},{"taxonomy":"suno_strategy","embeddable":true,"href":"https:\/\/www.suno.com.br\/noticias\/wp-json\/wp\/v2\/suno_strategy?post=157781"}],"curies":[{"name":"wp","href":"https:\/\/api.w.org\/{rel}","templated":true}]}}