{"id":15734,"date":"2019-02-18T19:37:07","date_gmt":"2019-02-18T22:37:07","guid":{"rendered":"https:\/\/www.suno.com.br\/noticias\/?p=15734"},"modified":"2019-02-18T19:37:07","modified_gmt":"2019-02-18T22:37:07","slug":"alpargatas-planeja-abrir-lojas-mexico","status":"publish","type":"post","link":"https:\/\/www.suno.com.br\/noticias\/alpargatas-planeja-abrir-lojas-mexico\/","title":{"rendered":"Alpargatas planeja abrir lojas no M\u00e9xico"},"content":{"rendered":"<p>A Alpargatas est\u00e1 estudando a possibilidade de entrar no mercado do varejo do M\u00e9xico abrindo lojas pr\u00f3prias.<\/p>\t<div class=\"wrapper-featured-image\">\n\t\t<figure class=\"spotlightImg\">\n\n\t\t\t<picture>\n\t\t\t\t<source media=\"(max-width: 768px)\" srcset=\"https:\/\/files.sunoresearch.com.br\/n\/uploads\/2019\/02\/23f42ca3-alpargatas-400x200.webp\">\n\t\t\t\t<img loading=\"lazy\" decoding=\"async\" class=\"newsContent__article__imgCapa lazyloadDisabled newsContent__article__imgCapa--noCaption\" src=\"https:\/\/files.sunoresearch.com.br\/n\/uploads\/2019\/02\/23f42ca3-alpargatas-800x450.webp\" width=\"800\" height=\"450\" alt=\"Alpargatas planeja abrir lojas no M\u00e9xico\" fetchpriority=high \/>\n\t\t\t<\/picture>\n\n\t\t\t<figcaption class=\"wp-caption-text wp-caption-text--hide\">Alpargatas (ALPA4) Foto: divulga\u00e7\u00e3o<\/figcaption>\n\t\t<\/figure>\n\t<\/div>\n\n\n<p>A empresa, dona das marcas\u00a0<strong>Havaianas, Osklen<\/strong> e <strong>Dup\u00e9,<\/strong> comercializa seus produtos no <strong>M\u00e9xico<\/strong> atrav\u00e9s de\u00a0parcerias com distribuidores. Entretanto, o diretor-presidente da <strong>Alpargatas,<\/strong>\u00a0Roberto Funari, afirmou nesta segunda-feira (18) que a empresa pretende entrar no mercado varejista do pa\u00eds.<\/p>\n<p>Funari comentou em\u00a0teleconfer\u00eancia com analistas os resultados financeiros do quarto trimestre. Na ocasi\u00e3o, ele salientou como o\u00a0sistema de vendas no varejo est\u00e1 sendo expandido em toda a <strong>Am\u00e9rica Latina.<\/strong><\/p>\n<p>Por exemplo, a <strong>Alpargatas<\/strong> j\u00e1 investiu no modelo de venda direta no varejo\u00a0 com a marca <strong>Havaianas<\/strong> em pa\u00edses como\u00a0<strong>Col\u00f4mbia<\/strong> e na <strong>Argentina.<\/strong><\/p>\n<p>Entretanto, na <strong>Argentina<\/strong> a <strong>Alpargatas<\/strong> estuda vender ativos considerados \u201cn\u00e3o estrat\u00e9gicos\u201d ao longo de 2019. Segundo Funari, os neg\u00f3cios &#8220;n\u00e3o significativos&#8221; ser\u00e3o vendidos.<\/p>\n<p>A empresa j\u00e1 come\u00e7ou esse processo de desinvestimento o ano passado. Em setembro\u00a0vendeu 22,5% da opera\u00e7\u00e3o da <strong>Topper<\/strong> na <strong>Argentina<\/strong> ao <strong>Grupo Sforza,<\/strong> por R$ 100 milh\u00f5es. No contrato, o comprador tem a op\u00e7\u00e3o de adquirir o restante da participa\u00e7\u00e3o na <strong>Topper<\/strong> no pa\u00eds.<\/p>\n<p>Al\u00e9m disso, essa estrat\u00e9gia de venda direta no mercado varejista ser\u00e1 implementada na <strong>\u00c1sia.<\/strong><\/p>\n<p>Tamb\u00e9m no continente asi\u00e1tico a empresa brasileira trabalha com distribuidores locais. Na <strong>\u00cdndia,<\/strong> por exemplo, a <strong>Alpargatas<\/strong> criou uma joint venture com a Periwinkle Fashions Private Limited. Na <strong>China<\/strong> trabalha com parceiros para a venda direta.<\/p>\n<h2>Resultado em queda<\/h2>\n<p>A Alpargatas registrou um <strong>lucro l\u00edquido<\/strong> em queda de 8,5% em 2018 em compara\u00e7\u00e3o com 2017. A empresa de cal\u00e7ados obteve um lucro de\u00a0R$ 331,6 milh\u00f5es.<\/p>\n<p>Entretanto, do ponto de vista do\u00a0<strong>lucro bruto,<\/strong> a <strong>Alpargatas<\/strong> registrou um crescimento de 4,5%, chegando a R$ 1,71 bilh\u00e3o. Mas margem bruta de lucro diminuiu de 0,2 ponto percentual, alcan\u00e7ando 43,9%. Do outro lado, o lucro antes de juros, impostos, deprecia\u00e7\u00e3o e amortiza\u00e7\u00e3o (EBITDA, na sigla em ingl\u00eas) subiu 16,1%, totalizando R$ 564,7 milh\u00f5es. Um resultado positivo obtido gra\u00e7as a um maior controle das despesas e ganhos com varia\u00e7\u00e3o cambial nas vendas para pa\u00edses do Hemisf\u00e9rio Norte.<\/p>\n<p>A <strong>receita<\/strong> l\u00edquida de <strong>Alpargatas<\/strong> cresceu cresceu 4,9% no mesmo ano, chegando a R$ 3,90 bilh\u00f5es. Participou desse resultado um\u00a0ganho n\u00e3o recorrente de R$ 9,4 milh\u00f5es em 2018, em compara\u00e7\u00e3o com uma perda de R$ 17,8 milh\u00f5es no ano anterior.<\/p>\n<h2>Resultados do 4\u00ba trimestre<\/h2>\n<p>Na an\u00e1lise trimestral, a <strong>Alpargatas<\/strong> registrou no 4\u00ba trimestre de 2018 um <strong>lucro l\u00edquido<\/strong> de\u00a0R$ 93,3 milh\u00f5es. Um resultado em aumento de 97,9% em compara\u00e7\u00e3o com o mesmo per\u00edodo de 2017.<\/p>\n<p>O aumento das <strong>vendas<\/strong> no <strong>Brasil<\/strong> e no mercado internacional, al\u00e9m dos ganhos com varia\u00e7\u00e3o cambial, contribu\u00edram para esse resultado. Os mercados angolano, paraguaio e colombiano tiveram desempenho positivo. Por outro lado, foram registrados resultados negativos na argentina e no M\u00e9xico.<\/p>\n<p>No 4\u00ba trimestre a <strong>receita l\u00edquida<\/strong> cresceu 8,75%, chegando a R$ 1,2 bilh\u00e3o, com R$ 944,9 milh\u00f5es obtidos no <strong>Brasil,<\/strong> um crescimento de 12,9%.<\/p>\n<h2>Volume de vendas em aumento<\/h2>\n<p>Sob o perfil do volume de vendas, as marcas <strong>Havaianas<\/strong> e <strong>Dup\u00e9<\/strong> cresceram 13%, alcan\u00e7ando 71,3 milh\u00f5es de pares. Por sua vez, as vendas de cal\u00e7ados esportivos aumentaram 0,3%, para 777 mil pares.<\/p>\n<p>As vendas no mercado internacional tamb\u00e9m registraram um aumento de 10,3%, totalizando 7,17 milh\u00f5es de unidades. Isso permitiu um aumento de 29,3% na receita l\u00edquida, que chegou a R$ 136,9 milh\u00f5es. A valoriza\u00e7\u00e3o do d\u00f3lar e do euro em compara\u00e7\u00e3o ao real tamb\u00e9m ajudou nesse resultado.<\/p>\n<p>Entretanto, na <strong>Argentina,<\/strong> as vendas ca\u00edram 26,7%, chegando a R$ 118,0 milh\u00f5es. A desvaloriza\u00e7\u00e3o do peso argentino e a compress\u00e3o do mercado n\u00e3o ajudaram nas vendas. A comercializa\u00e7\u00e3o de artigos esportivos caiu 29,7% em volume, para 3,67 milh\u00f5es de unidades. Por sua vez, as vendas de artigos t\u00eaxteis ca\u00edram 43,7%, para 1,9 mil quil\u00f4metros de tecidos.<\/p>\n<p>No 4\u00ba o lucro antes de juros, impostos, deprecia\u00e7\u00e3o e amortiza\u00e7\u00e3o <strong>(EBITDA,<\/strong> na sigla em ingl\u00eas) cresceu 117,9%, alcan\u00e7ando R$ 123,6 milh\u00f5es. Entretanto, excluindo os itens n\u00e3o recorrentes, o EBITDA recorrente cresceu 12,6%, chegando a R$ 220,3 milh\u00f5es.<\/p>\n<h2>Efeitos negativos no balan\u00e7o<\/h2>\n<p>Entre os itens n\u00e3o recorrentes destacados pela <strong>Alpargatas<\/strong> no balan\u00e7o do \u00faltimo trimestre do ano passado est\u00e1 o efeito negativo da venda da participa\u00e7\u00e3o na <strong>Topper Argentina<\/strong> (ASAIC). Al\u00e9m disso, tamb\u00e9m houveram perdas de estoque e rescis\u00f5es trabalhistas, mesmo com contrapartidas positivas de cr\u00e9ditos tribut\u00e1rios e baixa cont\u00e1bil de ativos. Um resultado afetado negativamente por R$ 41,2 milh\u00f5es.<\/p>\n<p>Na Argentina foi registrado um impacto negativo de R$ 40,3 milh\u00f5es. Desses, R$ 27,8 milh\u00f5es eram oriundos de ajuste de infla\u00e7\u00e3o e R$ 12,5 milh\u00f5es relativos \u00e0 reestrutura\u00e7\u00e3o das opera\u00e7\u00f5es. Por sua vez, a <strong>Alpargatas<\/strong> registrou um impacto negativo de R$ 15,2 milh\u00f5es nos Estados Unidos. Um resultado provocado pela provis\u00e3o de conting\u00eancia c\u00edvel na <strong>Alpa USA.<\/strong><\/p>\n","protected":false},"excerpt":{"rendered":"<p>A Alpargatas est\u00e1 estudando a possibilidade de entrar no mercado do varejo do M\u00e9xico abrindo lojas pr\u00f3prias. Alpargatas (ALPA4) Foto: divulga\u00e7\u00e3o A empresa, dona das marcas\u00a0Havaianas, Osklen e Dup\u00e9, comercializa seus produtos no M\u00e9xico atrav\u00e9s de\u00a0parcerias com distribuidores. Entretanto, o diretor-presidente da Alpargatas,\u00a0Roberto Funari, afirmou nesta segunda-feira (18) que a empresa pretende entrar no mercado [&hellip;]<\/p>\n","protected":false},"author":9,"featured_media":15744,"comment_status":"closed","ping_status":"closed","sticky":false,"template":"","format":"standard","meta":[],"categories":[60],"tags":[356,803],"suno_strategy":[],"class_list":["post-15734","post","type-post","status-publish","format-standard","has-post-thumbnail","hentry","category-mercado","tag-alpargatas-alpa3-alpa4","tag-varejo"],"yoast_head":"<!-- This site is optimized with the Yoast SEO plugin v24.4 - https:\/\/yoast.com\/wordpress\/plugins\/seo\/ -->\n<title>Alpargatas planeja entrar no mercado de varejo do M\u00e9xico<\/title>\n<meta name=\"description\" content=\"A Alpargatas est\u00e1 estudando a possibilidade de entrar no mercado do varejo do M\u00e9xico abrindo lojas pr\u00f3prias.\u00a0Clique aqui para saber mais.\" \/>\n<meta name=\"robots\" content=\"index, follow, max-snippet:-1, max-image-preview:large, max-video-preview:-1\" \/>\n<link rel=\"canonical\" href=\"https:\/\/www.suno.com.br\/noticias\/alpargatas-planeja-abrir-lojas-mexico\/\" \/>\n<meta property=\"og:locale\" content=\"pt_BR\" \/>\n<meta property=\"og:type\" content=\"article\" \/>\n<meta property=\"og:title\" content=\"Alpargatas planeja entrar no mercado de varejo do M\u00e9xico\" \/>\n<meta property=\"og:description\" content=\"A Alpargatas est\u00e1 estudando a possibilidade de entrar no mercado do varejo do M\u00e9xico abrindo lojas pr\u00f3prias.\u00a0Clique aqui para saber mais.\" \/>\n<meta property=\"og:url\" content=\"https:\/\/www.suno.com.br\/noticias\/alpargatas-planeja-abrir-lojas-mexico\/\" \/>\n<meta property=\"og:site_name\" content=\"Suno Not\u00edcias\" \/>\n<meta property=\"article:publisher\" content=\"https:\/\/facebook.com\/sunoresearch\" \/>\n<meta property=\"og:image\" content=\"https:\/\/files.sunoresearch.com.br\/n\/uploads\/2019\/02\/23f42ca3-alpargatas.jpg\" \/>\n\t<meta property=\"og:image:width\" content=\"3000\" \/>\n\t<meta property=\"og:image:height\" content=\"2000\" \/>\n\t<meta property=\"og:image:type\" content=\"image\/jpeg\" \/>\n<meta name=\"author\" content=\"Carlo Cauti\" \/>\n<meta name=\"twitter:card\" content=\"summary_large_image\" \/>\n<meta name=\"twitter:creator\" content=\"@sunoresearch\" \/>\n<meta name=\"twitter:site\" content=\"@sunoresearch\" \/>\n<meta name=\"twitter:label1\" content=\"Escrito por\" \/>\n\t<meta name=\"twitter:data1\" content=\"Carlo Cauti\" \/>\n\t<meta name=\"twitter:label2\" content=\"Est. tempo de leitura\" \/>\n\t<meta name=\"twitter:data2\" content=\"4 minutos\" \/>\n<script type=\"application\/ld+json\" class=\"yoast-schema-graph\">{\"@context\":\"https:\/\/schema.org\",\"@graph\":[{\"@type\":\"NewsArticle\",\"@id\":\"https:\/\/www.suno.com.br\/noticias\/alpargatas-planeja-abrir-lojas-mexico\/#article\",\"isPartOf\":{\"@id\":\"https:\/\/www.suno.com.br\/noticias\/alpargatas-planeja-abrir-lojas-mexico\/\"},\"author\":{\"name\":\"Carlo Cauti\",\"@id\":\"https:\/\/www.suno.com.br\/noticias\/#\/schema\/person\/e6e0f723cc177805027f4566c1d5e0c8\"},\"headline\":\"Alpargatas planeja abrir lojas no M\u00e9xico\",\"datePublished\":\"2019-02-18T22:37:07+00:00\",\"mainEntityOfPage\":{\"@id\":\"https:\/\/www.suno.com.br\/noticias\/alpargatas-planeja-abrir-lojas-mexico\/\"},\"wordCount\":835,\"publisher\":{\"@id\":\"https:\/\/www.suno.com.br\/noticias\/#organization\"},\"image\":{\"@id\":\"https:\/\/www.suno.com.br\/noticias\/alpargatas-planeja-abrir-lojas-mexico\/#primaryimage\"},\"thumbnailUrl\":\"https:\/\/files.sunoresearch.com.br\/n\/uploads\/2019\/02\/23f42ca3-alpargatas-scaled.webp\",\"keywords\":[\"Alpargatas (ALPA3\/ALPA4)\",\"varejo\"],\"articleSection\":[\"Mercado\"],\"inLanguage\":\"pt-BR\"},{\"@type\":\"WebPage\",\"@id\":\"https:\/\/www.suno.com.br\/noticias\/alpargatas-planeja-abrir-lojas-mexico\/\",\"url\":\"https:\/\/www.suno.com.br\/noticias\/alpargatas-planeja-abrir-lojas-mexico\/\",\"name\":\"Alpargatas planeja entrar no mercado de varejo do M\u00e9xico\",\"isPartOf\":{\"@id\":\"https:\/\/www.suno.com.br\/noticias\/#website\"},\"primaryImageOfPage\":{\"@id\":\"https:\/\/www.suno.com.br\/noticias\/alpargatas-planeja-abrir-lojas-mexico\/#primaryimage\"},\"image\":{\"@id\":\"https:\/\/www.suno.com.br\/noticias\/alpargatas-planeja-abrir-lojas-mexico\/#primaryimage\"},\"thumbnailUrl\":\"https:\/\/files.sunoresearch.com.br\/n\/uploads\/2019\/02\/23f42ca3-alpargatas-scaled.webp\",\"datePublished\":\"2019-02-18T22:37:07+00:00\",\"description\":\"A Alpargatas est\u00e1 estudando a possibilidade de entrar no mercado do varejo do M\u00e9xico abrindo lojas pr\u00f3prias.\u00a0Clique aqui para saber mais.\",\"breadcrumb\":{\"@id\":\"https:\/\/www.suno.com.br\/noticias\/alpargatas-planeja-abrir-lojas-mexico\/#breadcrumb\"},\"inLanguage\":\"pt-BR\",\"potentialAction\":[{\"@type\":\"ReadAction\",\"target\":[\"https:\/\/www.suno.com.br\/noticias\/alpargatas-planeja-abrir-lojas-mexico\/\"]}]},{\"@type\":\"ImageObject\",\"inLanguage\":\"pt-BR\",\"@id\":\"https:\/\/www.suno.com.br\/noticias\/alpargatas-planeja-abrir-lojas-mexico\/#primaryimage\",\"url\":\"https:\/\/files.sunoresearch.com.br\/n\/uploads\/2019\/02\/23f42ca3-alpargatas-scaled.webp\",\"contentUrl\":\"https:\/\/files.sunoresearch.com.br\/n\/uploads\/2019\/02\/23f42ca3-alpargatas-scaled.webp\",\"width\":2560,\"height\":1707,\"caption\":\"Alpargatas (ALPA4) Foto: divulga\u00e7\u00e3o\"},{\"@type\":\"BreadcrumbList\",\"@id\":\"https:\/\/www.suno.com.br\/noticias\/alpargatas-planeja-abrir-lojas-mexico\/#breadcrumb\",\"itemListElement\":[{\"@type\":\"ListItem\",\"position\":1,\"name\":\"Not\u00edcias\",\"item\":\"https:\/\/www.suno.com.br\/noticias\/\"},{\"@type\":\"ListItem\",\"position\":2,\"name\":\"Mercado\",\"item\":\"https:\/\/www.suno.com.br\/noticias\/mercado\/\"},{\"@type\":\"ListItem\",\"position\":3,\"name\":\"Alpargatas planeja abrir lojas no M\u00e9xico\"}]},{\"@type\":\"WebSite\",\"@id\":\"https:\/\/www.suno.com.br\/noticias\/#website\",\"url\":\"https:\/\/www.suno.com.br\/noticias\/\",\"name\":\"Suno Not\u00edcias\",\"description\":\"Seu portal de informa\u00e7\u00e3o sobre o mundo dos investimentos\",\"publisher\":{\"@id\":\"https:\/\/www.suno.com.br\/noticias\/#organization\"},\"potentialAction\":[{\"@type\":\"SearchAction\",\"target\":{\"@type\":\"EntryPoint\",\"urlTemplate\":\"https:\/\/www.suno.com.br\/noticias\/?s={search_term_string}\"},\"query-input\":{\"@type\":\"PropertyValueSpecification\",\"valueRequired\":true,\"valueName\":\"search_term_string\"}}],\"inLanguage\":\"pt-BR\"},{\"@type\":\"Organization\",\"@id\":\"https:\/\/www.suno.com.br\/noticias\/#organization\",\"name\":\"Suno Not\u00edcias\",\"url\":\"https:\/\/www.suno.com.br\/noticias\/\",\"logo\":{\"@type\":\"ImageObject\",\"inLanguage\":\"pt-BR\",\"@id\":\"https:\/\/www.suno.com.br\/noticias\/#\/schema\/logo\/image\/\",\"url\":\"https:\/\/files.sunoresearch.com.br\/n\/uploads\/2021\/09\/suno-logo.png\",\"contentUrl\":\"https:\/\/files.sunoresearch.com.br\/n\/uploads\/2021\/09\/suno-logo.png\",\"width\":180,\"height\":180,\"caption\":\"Suno Not\u00edcias\"},\"image\":{\"@id\":\"https:\/\/www.suno.com.br\/noticias\/#\/schema\/logo\/image\/\"},\"sameAs\":[\"https:\/\/facebook.com\/sunoresearch\",\"https:\/\/x.com\/sunoresearch\",\"https:\/\/www.instagram.com\/suno\",\"https:\/\/www.linkedin.com\/company\/suno-research\/\",\"https:\/\/www.youtube.com\/c\/sunoresearch\"]},{\"@type\":\"Person\",\"@id\":\"https:\/\/www.suno.com.br\/noticias\/#\/schema\/person\/e6e0f723cc177805027f4566c1d5e0c8\",\"name\":\"Carlo Cauti\",\"image\":{\"@type\":\"ImageObject\",\"inLanguage\":\"pt-BR\",\"@id\":\"https:\/\/www.suno.com.br\/noticias\/#\/schema\/person\/image\/\",\"url\":\"https:\/\/secure.gravatar.com\/avatar\/3ada9e0bd164c23abd4792a9606d583c?s=96&r=g\",\"contentUrl\":\"https:\/\/secure.gravatar.com\/avatar\/3ada9e0bd164c23abd4792a9606d583c?s=96&r=g\",\"caption\":\"Carlo Cauti\"},\"description\":\"Editor multim\u00eddia do SUNO Not\u00edcias. Italiano, formado em Ci\u00eancias Pol\u00edticas pela universidade LUISS G. Carli de Roma e mestre cum laude em Rela\u00e7\u00f5es Internacionais, Jornalismo Internacional e de Guerra e em Economia Internacional. Concluiu tamb\u00e9m um MBA em Finan\u00e7as na B3. No Brasil, teve passagem por ve\u00edculos como Estad\u00e3o, Globo, Veja e EXAME. e nas ag\u00eancias de not\u00edcias italianas ANSA e NOVA.\",\"url\":\"https:\/\/www.suno.com.br\/noticias\/author\/carlo-cauti\/\"}]}<\/script>\n<!-- \/ Yoast SEO plugin. -->","yoast_head_json":{"title":"Alpargatas planeja entrar no mercado de varejo do M\u00e9xico","description":"A Alpargatas est\u00e1 estudando a possibilidade de entrar no mercado do varejo do M\u00e9xico abrindo lojas pr\u00f3prias.\u00a0Clique aqui para saber mais.","robots":{"index":"index","follow":"follow","max-snippet":"max-snippet:-1","max-image-preview":"max-image-preview:large","max-video-preview":"max-video-preview:-1"},"canonical":"https:\/\/www.suno.com.br\/noticias\/alpargatas-planeja-abrir-lojas-mexico\/","og_locale":"pt_BR","og_type":"article","og_title":"Alpargatas planeja entrar no mercado de varejo do M\u00e9xico","og_description":"A Alpargatas est\u00e1 estudando a possibilidade de entrar no mercado do varejo do M\u00e9xico abrindo lojas pr\u00f3prias.\u00a0Clique aqui para saber mais.","og_url":"https:\/\/www.suno.com.br\/noticias\/alpargatas-planeja-abrir-lojas-mexico\/","og_site_name":"Suno Not\u00edcias","article_publisher":"https:\/\/facebook.com\/sunoresearch","og_image":[{"width":3000,"height":2000,"url":"https:\/\/files.sunoresearch.com.br\/n\/uploads\/2019\/02\/23f42ca3-alpargatas.jpg","type":"image\/jpeg"}],"author":"Carlo Cauti","twitter_card":"summary_large_image","twitter_creator":"@sunoresearch","twitter_site":"@sunoresearch","twitter_misc":{"Escrito por":"Carlo Cauti","Est. tempo de leitura":"4 minutos"},"schema":{"@context":"https:\/\/schema.org","@graph":[{"@type":"NewsArticle","@id":"https:\/\/www.suno.com.br\/noticias\/alpargatas-planeja-abrir-lojas-mexico\/#article","isPartOf":{"@id":"https:\/\/www.suno.com.br\/noticias\/alpargatas-planeja-abrir-lojas-mexico\/"},"author":{"name":"Carlo Cauti","@id":"https:\/\/www.suno.com.br\/noticias\/#\/schema\/person\/e6e0f723cc177805027f4566c1d5e0c8"},"headline":"Alpargatas planeja abrir lojas no M\u00e9xico","datePublished":"2019-02-18T22:37:07+00:00","mainEntityOfPage":{"@id":"https:\/\/www.suno.com.br\/noticias\/alpargatas-planeja-abrir-lojas-mexico\/"},"wordCount":835,"publisher":{"@id":"https:\/\/www.suno.com.br\/noticias\/#organization"},"image":{"@id":"https:\/\/www.suno.com.br\/noticias\/alpargatas-planeja-abrir-lojas-mexico\/#primaryimage"},"thumbnailUrl":"https:\/\/files.sunoresearch.com.br\/n\/uploads\/2019\/02\/23f42ca3-alpargatas-scaled.webp","keywords":["Alpargatas (ALPA3\/ALPA4)","varejo"],"articleSection":["Mercado"],"inLanguage":"pt-BR"},{"@type":"WebPage","@id":"https:\/\/www.suno.com.br\/noticias\/alpargatas-planeja-abrir-lojas-mexico\/","url":"https:\/\/www.suno.com.br\/noticias\/alpargatas-planeja-abrir-lojas-mexico\/","name":"Alpargatas planeja entrar no mercado de varejo do M\u00e9xico","isPartOf":{"@id":"https:\/\/www.suno.com.br\/noticias\/#website"},"primaryImageOfPage":{"@id":"https:\/\/www.suno.com.br\/noticias\/alpargatas-planeja-abrir-lojas-mexico\/#primaryimage"},"image":{"@id":"https:\/\/www.suno.com.br\/noticias\/alpargatas-planeja-abrir-lojas-mexico\/#primaryimage"},"thumbnailUrl":"https:\/\/files.sunoresearch.com.br\/n\/uploads\/2019\/02\/23f42ca3-alpargatas-scaled.webp","datePublished":"2019-02-18T22:37:07+00:00","description":"A Alpargatas est\u00e1 estudando a possibilidade de entrar no mercado do varejo do M\u00e9xico abrindo lojas pr\u00f3prias.\u00a0Clique aqui para saber mais.","breadcrumb":{"@id":"https:\/\/www.suno.com.br\/noticias\/alpargatas-planeja-abrir-lojas-mexico\/#breadcrumb"},"inLanguage":"pt-BR","potentialAction":[{"@type":"ReadAction","target":["https:\/\/www.suno.com.br\/noticias\/alpargatas-planeja-abrir-lojas-mexico\/"]}]},{"@type":"ImageObject","inLanguage":"pt-BR","@id":"https:\/\/www.suno.com.br\/noticias\/alpargatas-planeja-abrir-lojas-mexico\/#primaryimage","url":"https:\/\/files.sunoresearch.com.br\/n\/uploads\/2019\/02\/23f42ca3-alpargatas-scaled.webp","contentUrl":"https:\/\/files.sunoresearch.com.br\/n\/uploads\/2019\/02\/23f42ca3-alpargatas-scaled.webp","width":2560,"height":1707,"caption":"Alpargatas (ALPA4) Foto: divulga\u00e7\u00e3o"},{"@type":"BreadcrumbList","@id":"https:\/\/www.suno.com.br\/noticias\/alpargatas-planeja-abrir-lojas-mexico\/#breadcrumb","itemListElement":[{"@type":"ListItem","position":1,"name":"Not\u00edcias","item":"https:\/\/www.suno.com.br\/noticias\/"},{"@type":"ListItem","position":2,"name":"Mercado","item":"https:\/\/www.suno.com.br\/noticias\/mercado\/"},{"@type":"ListItem","position":3,"name":"Alpargatas planeja abrir lojas no M\u00e9xico"}]},{"@type":"WebSite","@id":"https:\/\/www.suno.com.br\/noticias\/#website","url":"https:\/\/www.suno.com.br\/noticias\/","name":"Suno Not\u00edcias","description":"Seu portal de informa\u00e7\u00e3o sobre o mundo dos investimentos","publisher":{"@id":"https:\/\/www.suno.com.br\/noticias\/#organization"},"potentialAction":[{"@type":"SearchAction","target":{"@type":"EntryPoint","urlTemplate":"https:\/\/www.suno.com.br\/noticias\/?s={search_term_string}"},"query-input":{"@type":"PropertyValueSpecification","valueRequired":true,"valueName":"search_term_string"}}],"inLanguage":"pt-BR"},{"@type":"Organization","@id":"https:\/\/www.suno.com.br\/noticias\/#organization","name":"Suno Not\u00edcias","url":"https:\/\/www.suno.com.br\/noticias\/","logo":{"@type":"ImageObject","inLanguage":"pt-BR","@id":"https:\/\/www.suno.com.br\/noticias\/#\/schema\/logo\/image\/","url":"https:\/\/files.sunoresearch.com.br\/n\/uploads\/2021\/09\/suno-logo.png","contentUrl":"https:\/\/files.sunoresearch.com.br\/n\/uploads\/2021\/09\/suno-logo.png","width":180,"height":180,"caption":"Suno Not\u00edcias"},"image":{"@id":"https:\/\/www.suno.com.br\/noticias\/#\/schema\/logo\/image\/"},"sameAs":["https:\/\/facebook.com\/sunoresearch","https:\/\/x.com\/sunoresearch","https:\/\/www.instagram.com\/suno","https:\/\/www.linkedin.com\/company\/suno-research\/","https:\/\/www.youtube.com\/c\/sunoresearch"]},{"@type":"Person","@id":"https:\/\/www.suno.com.br\/noticias\/#\/schema\/person\/e6e0f723cc177805027f4566c1d5e0c8","name":"Carlo Cauti","image":{"@type":"ImageObject","inLanguage":"pt-BR","@id":"https:\/\/www.suno.com.br\/noticias\/#\/schema\/person\/image\/","url":"https:\/\/secure.gravatar.com\/avatar\/3ada9e0bd164c23abd4792a9606d583c?s=96&r=g","contentUrl":"https:\/\/secure.gravatar.com\/avatar\/3ada9e0bd164c23abd4792a9606d583c?s=96&r=g","caption":"Carlo Cauti"},"description":"Editor multim\u00eddia do SUNO Not\u00edcias. Italiano, formado em Ci\u00eancias Pol\u00edticas pela universidade LUISS G. Carli de Roma e mestre cum laude em Rela\u00e7\u00f5es Internacionais, Jornalismo Internacional e de Guerra e em Economia Internacional. Concluiu tamb\u00e9m um MBA em Finan\u00e7as na B3. No Brasil, teve passagem por ve\u00edculos como Estad\u00e3o, Globo, Veja e EXAME. e nas ag\u00eancias de not\u00edcias italianas ANSA e NOVA.","url":"https:\/\/www.suno.com.br\/noticias\/author\/carlo-cauti\/"}]}},"default_loop_html":"<div class=\"cardsPage__listCard__boxs\"><div class=\"cardsPage__listCard__boxs__img\"><a href=\"https:\/\/www.suno.com.br\/noticias\/alpargatas-planeja-abrir-lojas-mexico\/\"><img class=\"mask\" src=\"https:\/\/www.suno.com.br\/noticias\/wp-content\/themes\/suno\/resources\/images\/spotlight\/spotlight1img\/bg-mask.png\" alt=\"Image Mask\"\/><img src=\"https:\/\/files.sunoresearch.com.br\/n\/uploads\/2019\/02\/23f42ca3-alpargatas-400x200.webp\" alt=\"Alpargatas planeja abrir lojas no M\u00e9xico\"\/><\/a><span class=\"spotlightCategory\"><a href=\"https:\/\/www.suno.com.br\/noticias\/mercado\/\">Mercado<\/a><\/span><\/div><div class=\"cardsPage__listCard__boxs__content\"><a href=\"https:\/\/www.suno.com.br\/noticias\/alpargatas-planeja-abrir-lojas-mexico\/\"><h2 class=\"content__title\">Alpargatas planeja abrir lojas no M\u00e9xico<\/h2><\/a><div class=\"newsContent__article__meta\"><div class=\"newsContent__article__meta__authorBox\"><a href=\"https:\/\/www.suno.com.br\/noticias\/author\/carlo-cauti\/\" class=\"authorBox__avatar noMobi\"><img src=\"https:\/\/files.sunoresearch.com.br\/n\/uploads\/2020\/08\/e3745f9a-perfil-carlo-cauti-150x150.webp\" alt=\"Carlo Cauti\"><\/a><div class=\"authorBox__name\"><span>por\n\t\t\t<a href=\"https:\/\/www.suno.com.br\/noticias\/author\/carlo-cauti\/\"><span itemprop=\"author\">Carlo Cauti<\/span><\/a><\/span><time datetime=\"2019-02-18T19:37:07-03:00\" itemprop=\"datePublished\">18\/02\/2019 19:37<\/time><\/div><\/div><\/div><\/div><\/div>","single_layout":"posts","amp_enabled":true,"_links":{"self":[{"href":"https:\/\/www.suno.com.br\/noticias\/wp-json\/wp\/v2\/posts\/15734"}],"collection":[{"href":"https:\/\/www.suno.com.br\/noticias\/wp-json\/wp\/v2\/posts"}],"about":[{"href":"https:\/\/www.suno.com.br\/noticias\/wp-json\/wp\/v2\/types\/post"}],"author":[{"embeddable":true,"href":"https:\/\/www.suno.com.br\/noticias\/wp-json\/wp\/v2\/users\/9"}],"replies":[{"embeddable":true,"href":"https:\/\/www.suno.com.br\/noticias\/wp-json\/wp\/v2\/comments?post=15734"}],"version-history":[{"count":0,"href":"https:\/\/www.suno.com.br\/noticias\/wp-json\/wp\/v2\/posts\/15734\/revisions"}],"wp:featuredmedia":[{"embeddable":true,"href":"https:\/\/www.suno.com.br\/noticias\/wp-json\/wp\/v2\/media\/15744"}],"wp:attachment":[{"href":"https:\/\/www.suno.com.br\/noticias\/wp-json\/wp\/v2\/media?parent=15734"}],"wp:term":[{"taxonomy":"category","embeddable":true,"href":"https:\/\/www.suno.com.br\/noticias\/wp-json\/wp\/v2\/categories?post=15734"},{"taxonomy":"post_tag","embeddable":true,"href":"https:\/\/www.suno.com.br\/noticias\/wp-json\/wp\/v2\/tags?post=15734"},{"taxonomy":"suno_strategy","embeddable":true,"href":"https:\/\/www.suno.com.br\/noticias\/wp-json\/wp\/v2\/suno_strategy?post=15734"}],"curies":[{"name":"wp","href":"https:\/\/api.w.org\/{rel}","templated":true}]}}