{"id":15726,"date":"2019-02-18T18:33:12","date_gmt":"2019-02-18T21:33:12","guid":{"rendered":"https:\/\/www.suno.com.br\/noticias\/?p=15726"},"modified":"2019-02-18T18:56:16","modified_gmt":"2019-02-18T21:56:16","slug":"gustavo-bebianno-exonerado-secretaria","status":"publish","type":"post","link":"https:\/\/www.suno.com.br\/noticias\/gustavo-bebianno-exonerado-secretaria\/","title":{"rendered":"Gustavo Bebianno \u00e9 exonerado da Secretaria-Geral, segundo porta-voz"},"content":{"rendered":"<p>O ministro da Secretaria-Geral, Gustavo Bebianno, foi, enfim, demitido nesta segunda (18) pelo presidente Jair Bolsonaro. O an\u00fancio foi dado pelo porta-voz da <a href=\"http:\/\/www2.planalto.gov.br\/\">Presid\u00eancia da Rep\u00fablica<\/a>, Ot\u00e1vio R\u00eago Barros.<\/p>\t<div class=\"wrapper-featured-image\">\n\t\t<figure class=\"spotlightImg\">\n\n\t\t\t<picture>\n\t\t\t\t<source media=\"(max-width: 768px)\" srcset=\"https:\/\/files.sunoresearch.com.br\/n\/uploads\/2018\/11\/aa6aaf2f-bebbiano-400x200.webp\">\n\t\t\t\t<img loading=\"lazy\" decoding=\"async\" class=\"newsContent__article__imgCapa lazyloadDisabled newsContent__article__imgCapa--noCaption\" src=\"https:\/\/files.sunoresearch.com.br\/n\/uploads\/2018\/11\/aa6aaf2f-bebbiano-jpg.webp\" width=\"800\" height=\"450\" alt=\"Gustavo Bebianno \u00e9 exonerado da Secretaria-Geral, segundo porta-voz\" fetchpriority=high \/>\n\t\t\t<\/picture>\n\n\t\t\t<figcaption class=\"wp-caption-text wp-caption-text--hide\">O ministro da Secretaria-Geral da Presid\u00eancia, Gustavo Bebianno.<\/figcaption>\n\t\t<\/figure>\n\t<\/div>\n\n\n<p><strong>Bebianno<\/strong> \u00e9 o primeiro <strong>ministro<\/strong> a deixar o governo. O ex-presidente do <strong>PSL<\/strong> era um dos &#8220;ministros palacianos&#8221;, que despachava do <strong>Planalto,<\/strong> e tamb\u00e9m considerado bra\u00e7o-direito do ent\u00e3o candidato <strong>Bolsonaro<\/strong> durante a campanha eleitoral.<\/p>\n<p><a href=\"https:\/\/www.suno.com.br\/noticias\/maia-crise-bebianno-atrapalhar-reforma\/\">Saiba mais: Maia: crise com Bebianno pode atrapalhar reforma da Previd\u00eancia<\/a><\/p>\n<p><a href=\"https:\/\/www.suno.com.br\/noticias\/promotor-investigar-flavio-bolsonaro\/\">Saiba mais: Ap\u00f3s cr\u00edticas, promotor abre m\u00e3o de investigar Fl\u00e1vio Bolsonaro<\/a><\/p>\n<h2>Entenda o caso Bebianno<\/h2>\n<p>O agora <strong>ex-ministro da Secretaria-Geral da Presid\u00eancia<\/strong>, Gustavo Bebianno, foi alvo de uma s\u00e9rie de reportagens da Folha de S. Paulo. Segundo o jornal, o PSL, ent\u00e3o presidido por <strong>Bebianno,<\/strong> administrou um esquema de<strong> candidaturas laranjas<\/strong> durante as elei\u00e7\u00f5es passadas.<\/p>\n<p>De acordo com a apura\u00e7\u00e3o da Folha, houve um repasse de R$ 400 mil do <strong>PSL<\/strong> para uma candidata a <strong>deputada federal<\/strong> do partido em <strong>Pernambuco<\/strong>. os recursos foram repassados somente\u00a0quatro dias antes das <strong>elei\u00e7\u00f5es<\/strong>. A candidata em quest\u00e3o recebeu apenas 274 votos.<\/p>\n<p>Al\u00e9m disso, <strong>Bebianno<\/strong> possivelmente tamb\u00e9m autorizou <strong>repasse<\/strong> de R$ 250 mil de verba p\u00fablica para a campanha eleitoral de uma ex-assessora. O <strong>dinheiro<\/strong>, segundo o jornal, teve como destino\u00a0para uma gr\u00e1fica registrada em endere\u00e7o de fachada.<\/p>\n<p>As publica\u00e7\u00f5es do jornal <strong>repercutiram<\/strong>, e diversos pol\u00edticos opinaram acerca da <strong>pol\u00eamica<\/strong>.<\/p>\n<p>&#8220;O presidente pertence ao <strong>PSL<\/strong>, mas [isso] n\u00e3o tem nada a ver com a campanha dele. Ent\u00e3o \u00e9 problema do partido. O <strong>partido<\/strong> que se explique&#8221;, disse o vice-presidente da Rep\u00fablica, <strong>Hamilton Mour\u00e3o<\/strong>.<\/p>\n<p>De acordo com o o portal Antagonista, o ministro negou, na quarta-feira (13), a possibilidade de uma <strong>crise de governo<\/strong> ter sido iniciada com as publica\u00e7\u00f5es do jornal.<\/p>\n<p>&#8220;N\u00e3o existe <strong>crise<\/strong> nenhuma. S\u00f3 hoje falei tr\u00eas vezes com o presidente&#8221;, disse <strong>Bebianno.<\/strong><\/p>\n<p>Contudo, o filho do presidente, <strong>Carlos Bolsonaro<\/strong> (PSL), negou as <strong>liga\u00e7\u00f5es<\/strong> do presidente da Rep\u00fablica com o ministro.<\/p>\n<p class=\"twitter-tweet\" data-cards=\"hidden\" data-lang=\"pt\">\n<p dir=\"ltr\" lang=\"pt\">Ontem estive 24h do dia ao lado do meu pai e afirmo: \u201c\u00c9 uma mentira absoluta de Gustavo Bebbiano que ontem teria falado 3 vezes com Jair Bolsonaro para tratar do assunto citado pelo Globo e retransmitido pelo Antagonista.\u201d <a href=\"https:\/\/t.co\/AqzZ0YPNOO\">pic.twitter.com\/AqzZ0YPNOO<\/a><\/p>\n<p>\u2014 Carlos Bolsonaro (@CarlosBolsonaro) <a href=\"https:\/\/twitter.com\/CarlosBolsonaro\/status\/1095698138382389249?ref_src=twsrc%5Etfw\">13 de fevereiro de 2019<\/a><\/p>\n<p><script async src=\"https:\/\/platform.twitter.com\/widgets.js\" charset=\"utf-8\"><\/script><\/p>\n<p>Mais tarde, <strong>Jair Bolsonaro<\/strong> republicou a fala de seu filho em sua pr\u00f3pria conta do Twitter.<\/p>\n<p>\u201cN\u00e3o tenho inten\u00e7\u00e3o de me <strong>demitir<\/strong>. N\u00e3o fiz nada de errado, meu trabalho continua sendo em benef\u00edcio do Brasil. O <strong>presidente<\/strong>, se entender que eu n\u00e3o devo mais continuar, ele certamente vai comunicar. Da minha parte, tudo foi feito com <strong>honestidade<\/strong> e corre\u00e7\u00e3o, ent\u00e3o vou esperar para ver o que acontece\u201d, defendeu-se <strong>Bebianno,<\/strong> ap\u00f3s o posicionamento do presidente em endossar a fala de seu filho, <strong>Carlos.<\/strong><\/p>\n<p>Ent\u00e3o, na \u00faltima sexta-feira (15), <strong>Bolsonaro<\/strong> e <strong>Bebianno<\/strong> tiveram encontro presencial pela primeira vez desde iniciada a <strong>crise de governo<\/strong>. O presidente teria sa\u00eddo da reuni\u00e3o decidido pela <strong>demiss\u00e3o<\/strong> de seu ministro, mas o <a href=\"https:\/\/www.suno.com.br\/noticias\/gustavo-bebianno-crise-governo-dou\/\"><strong>Di\u00e1rio Oficial da Uni\u00e3o<\/strong><\/a> desta segunda (18) n\u00e3o trazia sua <strong>exonera\u00e7\u00e3o.<\/strong><\/p>\n","protected":false},"excerpt":{"rendered":"<p>O ministro da Secretaria-Geral, Gustavo Bebianno, foi, enfim, demitido nesta segunda (18) pelo presidente Jair Bolsonaro. O an\u00fancio foi dado pelo porta-voz da Presid\u00eancia da Rep\u00fablica, Ot\u00e1vio R\u00eago Barros. O ministro da Secretaria-Geral da Presid\u00eancia, Gustavo Bebianno. Bebianno \u00e9 o primeiro ministro a deixar o governo. O ex-presidente do PSL era um dos &#8220;ministros palacianos&#8221;, [&hellip;]<\/p>\n","protected":false},"author":13,"featured_media":6609,"comment_status":"closed","ping_status":"closed","sticky":false,"template":"","format":"standard","meta":[],"categories":[61],"tags":[1165,719],"suno_strategy":[],"class_list":["post-15726","post","type-post","status-publish","format-standard","has-post-thumbnail","hentry","category-politica","tag-gustavo-bebianno","tag-jair-bolsonaro"],"yoast_head":"<!-- This site is optimized with the Yoast SEO plugin v24.4 - https:\/\/yoast.com\/wordpress\/plugins\/seo\/ -->\n<title>Gustavo Bebianno \u00e9 exonerado da Secretaria-Geral, segundo porta-voz<\/title>\n<meta name=\"description\" content=\"O ministro da Secretaria-Geral, Gustavo Bebianno, foi, enfim, demitido nesta segunda (18) pelo presidente Jair Bolsonaro. Clique e saiba mais\" \/>\n<meta name=\"robots\" content=\"index, follow, max-snippet:-1, max-image-preview:large, max-video-preview:-1\" \/>\n<link rel=\"canonical\" href=\"https:\/\/www.suno.com.br\/noticias\/gustavo-bebianno-exonerado-secretaria\/\" \/>\n<meta property=\"og:locale\" content=\"pt_BR\" \/>\n<meta property=\"og:type\" content=\"article\" \/>\n<meta property=\"og:title\" content=\"Gustavo Bebianno \u00e9 exonerado da Secretaria-Geral, segundo porta-voz\" \/>\n<meta property=\"og:description\" content=\"O ministro da Secretaria-Geral, Gustavo Bebianno, foi, enfim, demitido nesta segunda (18) pelo presidente Jair Bolsonaro. Clique e saiba mais\" \/>\n<meta property=\"og:url\" content=\"https:\/\/www.suno.com.br\/noticias\/gustavo-bebianno-exonerado-secretaria\/\" \/>\n<meta property=\"og:site_name\" content=\"Suno Not\u00edcias\" \/>\n<meta property=\"article:publisher\" content=\"https:\/\/facebook.com\/sunoresearch\" \/>\n<meta property=\"og:image\" content=\"https:\/\/files.sunoresearch.com.br\/n\/uploads\/2018\/11\/aa6aaf2f-bebbiano.jpg\" \/>\n\t<meta property=\"og:image:width\" content=\"754\" \/>\n\t<meta property=\"og:image:height\" content=\"545\" \/>\n\t<meta property=\"og:image:type\" content=\"image\/jpeg\" \/>\n<meta name=\"author\" content=\"Guilherme Caetano\" \/>\n<meta name=\"twitter:card\" content=\"summary_large_image\" \/>\n<meta name=\"twitter:creator\" content=\"@sunoresearch\" \/>\n<meta name=\"twitter:site\" content=\"@sunoresearch\" \/>\n<meta name=\"twitter:label1\" content=\"Escrito por\" \/>\n\t<meta name=\"twitter:data1\" content=\"Guilherme Caetano\" \/>\n\t<meta name=\"twitter:label2\" content=\"Est. tempo de leitura\" \/>\n\t<meta name=\"twitter:data2\" content=\"3 minutos\" \/>\n<script type=\"application\/ld+json\" class=\"yoast-schema-graph\">{\"@context\":\"https:\/\/schema.org\",\"@graph\":[{\"@type\":\"NewsArticle\",\"@id\":\"https:\/\/www.suno.com.br\/noticias\/gustavo-bebianno-exonerado-secretaria\/#article\",\"isPartOf\":{\"@id\":\"https:\/\/www.suno.com.br\/noticias\/gustavo-bebianno-exonerado-secretaria\/\"},\"author\":{\"name\":\"Guilherme Caetano\",\"@id\":\"https:\/\/www.suno.com.br\/noticias\/#\/schema\/person\/0d0c9687cd2f600c564f25980c140de9\"},\"headline\":\"Gustavo Bebianno \u00e9 exonerado da Secretaria-Geral, segundo porta-voz\",\"datePublished\":\"2019-02-18T21:33:12+00:00\",\"dateModified\":\"2019-02-18T21:56:16+00:00\",\"mainEntityOfPage\":{\"@id\":\"https:\/\/www.suno.com.br\/noticias\/gustavo-bebianno-exonerado-secretaria\/\"},\"wordCount\":542,\"publisher\":{\"@id\":\"https:\/\/www.suno.com.br\/noticias\/#organization\"},\"image\":{\"@id\":\"https:\/\/www.suno.com.br\/noticias\/gustavo-bebianno-exonerado-secretaria\/#primaryimage\"},\"thumbnailUrl\":\"https:\/\/files.sunoresearch.com.br\/n\/uploads\/2018\/11\/aa6aaf2f-bebbiano-jpg.webp\",\"keywords\":[\"Gustavo Bebianno\",\"Jair Bolsonaro\"],\"articleSection\":[\"Pol\u00edtica\"],\"inLanguage\":\"pt-BR\"},{\"@type\":\"WebPage\",\"@id\":\"https:\/\/www.suno.com.br\/noticias\/gustavo-bebianno-exonerado-secretaria\/\",\"url\":\"https:\/\/www.suno.com.br\/noticias\/gustavo-bebianno-exonerado-secretaria\/\",\"name\":\"Gustavo Bebianno \u00e9 exonerado da Secretaria-Geral, segundo porta-voz\",\"isPartOf\":{\"@id\":\"https:\/\/www.suno.com.br\/noticias\/#website\"},\"primaryImageOfPage\":{\"@id\":\"https:\/\/www.suno.com.br\/noticias\/gustavo-bebianno-exonerado-secretaria\/#primaryimage\"},\"image\":{\"@id\":\"https:\/\/www.suno.com.br\/noticias\/gustavo-bebianno-exonerado-secretaria\/#primaryimage\"},\"thumbnailUrl\":\"https:\/\/files.sunoresearch.com.br\/n\/uploads\/2018\/11\/aa6aaf2f-bebbiano-jpg.webp\",\"datePublished\":\"2019-02-18T21:33:12+00:00\",\"dateModified\":\"2019-02-18T21:56:16+00:00\",\"description\":\"O ministro da Secretaria-Geral, Gustavo Bebianno, foi, enfim, demitido nesta segunda (18) pelo presidente Jair Bolsonaro. Clique e saiba mais\",\"breadcrumb\":{\"@id\":\"https:\/\/www.suno.com.br\/noticias\/gustavo-bebianno-exonerado-secretaria\/#breadcrumb\"},\"inLanguage\":\"pt-BR\",\"potentialAction\":[{\"@type\":\"ReadAction\",\"target\":[\"https:\/\/www.suno.com.br\/noticias\/gustavo-bebianno-exonerado-secretaria\/\"]}]},{\"@type\":\"ImageObject\",\"inLanguage\":\"pt-BR\",\"@id\":\"https:\/\/www.suno.com.br\/noticias\/gustavo-bebianno-exonerado-secretaria\/#primaryimage\",\"url\":\"https:\/\/files.sunoresearch.com.br\/n\/uploads\/2018\/11\/aa6aaf2f-bebbiano-jpg.webp\",\"contentUrl\":\"https:\/\/files.sunoresearch.com.br\/n\/uploads\/2018\/11\/aa6aaf2f-bebbiano-jpg.webp\",\"width\":754,\"height\":545,\"caption\":\"O ministro da Secretaria-Geral da Presid\u00eancia, Gustavo Bebianno.\"},{\"@type\":\"BreadcrumbList\",\"@id\":\"https:\/\/www.suno.com.br\/noticias\/gustavo-bebianno-exonerado-secretaria\/#breadcrumb\",\"itemListElement\":[{\"@type\":\"ListItem\",\"position\":1,\"name\":\"Not\u00edcias\",\"item\":\"https:\/\/www.suno.com.br\/noticias\/\"},{\"@type\":\"ListItem\",\"position\":2,\"name\":\"Pol\u00edtica\",\"item\":\"https:\/\/www.suno.com.br\/noticias\/politica\/\"},{\"@type\":\"ListItem\",\"position\":3,\"name\":\"Gustavo Bebianno \u00e9 exonerado da Secretaria-Geral, segundo porta-voz\"}]},{\"@type\":\"WebSite\",\"@id\":\"https:\/\/www.suno.com.br\/noticias\/#website\",\"url\":\"https:\/\/www.suno.com.br\/noticias\/\",\"name\":\"Suno Not\u00edcias\",\"description\":\"Seu portal de informa\u00e7\u00e3o sobre o mundo dos investimentos\",\"publisher\":{\"@id\":\"https:\/\/www.suno.com.br\/noticias\/#organization\"},\"potentialAction\":[{\"@type\":\"SearchAction\",\"target\":{\"@type\":\"EntryPoint\",\"urlTemplate\":\"https:\/\/www.suno.com.br\/noticias\/?s={search_term_string}\"},\"query-input\":{\"@type\":\"PropertyValueSpecification\",\"valueRequired\":true,\"valueName\":\"search_term_string\"}}],\"inLanguage\":\"pt-BR\"},{\"@type\":\"Organization\",\"@id\":\"https:\/\/www.suno.com.br\/noticias\/#organization\",\"name\":\"Suno Not\u00edcias\",\"url\":\"https:\/\/www.suno.com.br\/noticias\/\",\"logo\":{\"@type\":\"ImageObject\",\"inLanguage\":\"pt-BR\",\"@id\":\"https:\/\/www.suno.com.br\/noticias\/#\/schema\/logo\/image\/\",\"url\":\"https:\/\/files.sunoresearch.com.br\/n\/uploads\/2021\/09\/suno-logo.png\",\"contentUrl\":\"https:\/\/files.sunoresearch.com.br\/n\/uploads\/2021\/09\/suno-logo.png\",\"width\":180,\"height\":180,\"caption\":\"Suno Not\u00edcias\"},\"image\":{\"@id\":\"https:\/\/www.suno.com.br\/noticias\/#\/schema\/logo\/image\/\"},\"sameAs\":[\"https:\/\/facebook.com\/sunoresearch\",\"https:\/\/x.com\/sunoresearch\",\"https:\/\/www.instagram.com\/suno\",\"https:\/\/www.linkedin.com\/company\/suno-research\/\",\"https:\/\/www.youtube.com\/c\/sunoresearch\"]},{\"@type\":\"Person\",\"@id\":\"https:\/\/www.suno.com.br\/noticias\/#\/schema\/person\/0d0c9687cd2f600c564f25980c140de9\",\"name\":\"Guilherme Caetano\",\"image\":{\"@type\":\"ImageObject\",\"inLanguage\":\"pt-BR\",\"@id\":\"https:\/\/www.suno.com.br\/noticias\/#\/schema\/person\/image\/\",\"url\":\"https:\/\/secure.gravatar.com\/avatar\/e48357351a01702a0d19307070e081bf?s=96&r=g\",\"contentUrl\":\"https:\/\/secure.gravatar.com\/avatar\/e48357351a01702a0d19307070e081bf?s=96&r=g\",\"caption\":\"Guilherme Caetano\"},\"description\":\"Formado em jornalismo pela Escola de Comunica\u00e7\u00f5es e Artes da USP, Guilherme Caetano escreve para o portal de not\u00edcias da Suno Research. Passou pelas reda\u00e7\u00f5es da Folha de S.Paulo e da revista \u00c9poca.\",\"url\":\"https:\/\/www.suno.com.br\/noticias\/author\/guilherme-caetano\/\"}]}<\/script>\n<!-- \/ Yoast SEO plugin. -->","yoast_head_json":{"title":"Gustavo Bebianno \u00e9 exonerado da Secretaria-Geral, segundo porta-voz","description":"O ministro da Secretaria-Geral, Gustavo Bebianno, foi, enfim, demitido nesta segunda (18) pelo presidente Jair Bolsonaro. Clique e saiba mais","robots":{"index":"index","follow":"follow","max-snippet":"max-snippet:-1","max-image-preview":"max-image-preview:large","max-video-preview":"max-video-preview:-1"},"canonical":"https:\/\/www.suno.com.br\/noticias\/gustavo-bebianno-exonerado-secretaria\/","og_locale":"pt_BR","og_type":"article","og_title":"Gustavo Bebianno \u00e9 exonerado da Secretaria-Geral, segundo porta-voz","og_description":"O ministro da Secretaria-Geral, Gustavo Bebianno, foi, enfim, demitido nesta segunda (18) pelo presidente Jair Bolsonaro. Clique e saiba mais","og_url":"https:\/\/www.suno.com.br\/noticias\/gustavo-bebianno-exonerado-secretaria\/","og_site_name":"Suno Not\u00edcias","article_publisher":"https:\/\/facebook.com\/sunoresearch","og_image":[{"width":754,"height":545,"url":"https:\/\/files.sunoresearch.com.br\/n\/uploads\/2018\/11\/aa6aaf2f-bebbiano.jpg","type":"image\/jpeg"}],"author":"Guilherme Caetano","twitter_card":"summary_large_image","twitter_creator":"@sunoresearch","twitter_site":"@sunoresearch","twitter_misc":{"Escrito por":"Guilherme Caetano","Est. tempo de leitura":"3 minutos"},"schema":{"@context":"https:\/\/schema.org","@graph":[{"@type":"NewsArticle","@id":"https:\/\/www.suno.com.br\/noticias\/gustavo-bebianno-exonerado-secretaria\/#article","isPartOf":{"@id":"https:\/\/www.suno.com.br\/noticias\/gustavo-bebianno-exonerado-secretaria\/"},"author":{"name":"Guilherme Caetano","@id":"https:\/\/www.suno.com.br\/noticias\/#\/schema\/person\/0d0c9687cd2f600c564f25980c140de9"},"headline":"Gustavo Bebianno \u00e9 exonerado da Secretaria-Geral, segundo porta-voz","datePublished":"2019-02-18T21:33:12+00:00","dateModified":"2019-02-18T21:56:16+00:00","mainEntityOfPage":{"@id":"https:\/\/www.suno.com.br\/noticias\/gustavo-bebianno-exonerado-secretaria\/"},"wordCount":542,"publisher":{"@id":"https:\/\/www.suno.com.br\/noticias\/#organization"},"image":{"@id":"https:\/\/www.suno.com.br\/noticias\/gustavo-bebianno-exonerado-secretaria\/#primaryimage"},"thumbnailUrl":"https:\/\/files.sunoresearch.com.br\/n\/uploads\/2018\/11\/aa6aaf2f-bebbiano-jpg.webp","keywords":["Gustavo Bebianno","Jair Bolsonaro"],"articleSection":["Pol\u00edtica"],"inLanguage":"pt-BR"},{"@type":"WebPage","@id":"https:\/\/www.suno.com.br\/noticias\/gustavo-bebianno-exonerado-secretaria\/","url":"https:\/\/www.suno.com.br\/noticias\/gustavo-bebianno-exonerado-secretaria\/","name":"Gustavo Bebianno \u00e9 exonerado da Secretaria-Geral, segundo porta-voz","isPartOf":{"@id":"https:\/\/www.suno.com.br\/noticias\/#website"},"primaryImageOfPage":{"@id":"https:\/\/www.suno.com.br\/noticias\/gustavo-bebianno-exonerado-secretaria\/#primaryimage"},"image":{"@id":"https:\/\/www.suno.com.br\/noticias\/gustavo-bebianno-exonerado-secretaria\/#primaryimage"},"thumbnailUrl":"https:\/\/files.sunoresearch.com.br\/n\/uploads\/2018\/11\/aa6aaf2f-bebbiano-jpg.webp","datePublished":"2019-02-18T21:33:12+00:00","dateModified":"2019-02-18T21:56:16+00:00","description":"O ministro da Secretaria-Geral, Gustavo Bebianno, foi, enfim, demitido nesta segunda (18) pelo presidente Jair Bolsonaro. Clique e saiba mais","breadcrumb":{"@id":"https:\/\/www.suno.com.br\/noticias\/gustavo-bebianno-exonerado-secretaria\/#breadcrumb"},"inLanguage":"pt-BR","potentialAction":[{"@type":"ReadAction","target":["https:\/\/www.suno.com.br\/noticias\/gustavo-bebianno-exonerado-secretaria\/"]}]},{"@type":"ImageObject","inLanguage":"pt-BR","@id":"https:\/\/www.suno.com.br\/noticias\/gustavo-bebianno-exonerado-secretaria\/#primaryimage","url":"https:\/\/files.sunoresearch.com.br\/n\/uploads\/2018\/11\/aa6aaf2f-bebbiano-jpg.webp","contentUrl":"https:\/\/files.sunoresearch.com.br\/n\/uploads\/2018\/11\/aa6aaf2f-bebbiano-jpg.webp","width":754,"height":545,"caption":"O ministro da Secretaria-Geral da Presid\u00eancia, Gustavo Bebianno."},{"@type":"BreadcrumbList","@id":"https:\/\/www.suno.com.br\/noticias\/gustavo-bebianno-exonerado-secretaria\/#breadcrumb","itemListElement":[{"@type":"ListItem","position":1,"name":"Not\u00edcias","item":"https:\/\/www.suno.com.br\/noticias\/"},{"@type":"ListItem","position":2,"name":"Pol\u00edtica","item":"https:\/\/www.suno.com.br\/noticias\/politica\/"},{"@type":"ListItem","position":3,"name":"Gustavo Bebianno \u00e9 exonerado da Secretaria-Geral, segundo porta-voz"}]},{"@type":"WebSite","@id":"https:\/\/www.suno.com.br\/noticias\/#website","url":"https:\/\/www.suno.com.br\/noticias\/","name":"Suno Not\u00edcias","description":"Seu portal de informa\u00e7\u00e3o sobre o mundo dos investimentos","publisher":{"@id":"https:\/\/www.suno.com.br\/noticias\/#organization"},"potentialAction":[{"@type":"SearchAction","target":{"@type":"EntryPoint","urlTemplate":"https:\/\/www.suno.com.br\/noticias\/?s={search_term_string}"},"query-input":{"@type":"PropertyValueSpecification","valueRequired":true,"valueName":"search_term_string"}}],"inLanguage":"pt-BR"},{"@type":"Organization","@id":"https:\/\/www.suno.com.br\/noticias\/#organization","name":"Suno Not\u00edcias","url":"https:\/\/www.suno.com.br\/noticias\/","logo":{"@type":"ImageObject","inLanguage":"pt-BR","@id":"https:\/\/www.suno.com.br\/noticias\/#\/schema\/logo\/image\/","url":"https:\/\/files.sunoresearch.com.br\/n\/uploads\/2021\/09\/suno-logo.png","contentUrl":"https:\/\/files.sunoresearch.com.br\/n\/uploads\/2021\/09\/suno-logo.png","width":180,"height":180,"caption":"Suno Not\u00edcias"},"image":{"@id":"https:\/\/www.suno.com.br\/noticias\/#\/schema\/logo\/image\/"},"sameAs":["https:\/\/facebook.com\/sunoresearch","https:\/\/x.com\/sunoresearch","https:\/\/www.instagram.com\/suno","https:\/\/www.linkedin.com\/company\/suno-research\/","https:\/\/www.youtube.com\/c\/sunoresearch"]},{"@type":"Person","@id":"https:\/\/www.suno.com.br\/noticias\/#\/schema\/person\/0d0c9687cd2f600c564f25980c140de9","name":"Guilherme Caetano","image":{"@type":"ImageObject","inLanguage":"pt-BR","@id":"https:\/\/www.suno.com.br\/noticias\/#\/schema\/person\/image\/","url":"https:\/\/secure.gravatar.com\/avatar\/e48357351a01702a0d19307070e081bf?s=96&r=g","contentUrl":"https:\/\/secure.gravatar.com\/avatar\/e48357351a01702a0d19307070e081bf?s=96&r=g","caption":"Guilherme Caetano"},"description":"Formado em jornalismo pela Escola de Comunica\u00e7\u00f5es e Artes da USP, Guilherme Caetano escreve para o portal de not\u00edcias da Suno Research. Passou pelas reda\u00e7\u00f5es da Folha de S.Paulo e da revista \u00c9poca.","url":"https:\/\/www.suno.com.br\/noticias\/author\/guilherme-caetano\/"}]}},"default_loop_html":"<div class=\"cardsPage__listCard__boxs\"><div class=\"cardsPage__listCard__boxs__img\"><a href=\"https:\/\/www.suno.com.br\/noticias\/gustavo-bebianno-exonerado-secretaria\/\"><img class=\"mask\" src=\"https:\/\/www.suno.com.br\/noticias\/wp-content\/themes\/suno\/resources\/images\/spotlight\/spotlight1img\/bg-mask.png\" alt=\"Image Mask\"\/><img src=\"https:\/\/files.sunoresearch.com.br\/n\/uploads\/2018\/11\/aa6aaf2f-bebbiano-400x200.webp\" alt=\"Gustavo Bebianno \u00e9 exonerado da Secretaria-Geral, segundo porta-voz\"\/><\/a><span class=\"spotlightCategory\"><a href=\"https:\/\/www.suno.com.br\/noticias\/politica\/\">Pol\u00edtica<\/a><\/span><\/div><div class=\"cardsPage__listCard__boxs__content\"><a href=\"https:\/\/www.suno.com.br\/noticias\/gustavo-bebianno-exonerado-secretaria\/\"><h2 class=\"content__title\">Gustavo Bebianno \u00e9 exonerado da Secretaria-Geral, segundo porta-voz<\/h2><\/a><div class=\"newsContent__article__meta\"><div class=\"newsContent__article__meta__authorBox\"><a href=\"https:\/\/www.suno.com.br\/noticias\/author\/guilherme-caetano\/\" class=\"authorBox__avatar noMobi\"><img src=\"https:\/\/secure.gravatar.com\/avatar\/e48357351a01702a0d19307070e081bf?s=96&#038;r=g\" alt=\"Guilherme Caetano\"><\/a><div class=\"authorBox__name\"><span>por\n\t\t\t<a href=\"https:\/\/www.suno.com.br\/noticias\/author\/guilherme-caetano\/\"><span itemprop=\"author\">Guilherme Caetano<\/span><\/a><\/span><time datetime=\"2019-02-18T18:33:12-03:00\" itemprop=\"datePublished\">18\/02\/2019 18:33<\/time><\/div><\/div><\/div><\/div><\/div>","single_layout":"posts","amp_enabled":true,"_links":{"self":[{"href":"https:\/\/www.suno.com.br\/noticias\/wp-json\/wp\/v2\/posts\/15726"}],"collection":[{"href":"https:\/\/www.suno.com.br\/noticias\/wp-json\/wp\/v2\/posts"}],"about":[{"href":"https:\/\/www.suno.com.br\/noticias\/wp-json\/wp\/v2\/types\/post"}],"author":[{"embeddable":true,"href":"https:\/\/www.suno.com.br\/noticias\/wp-json\/wp\/v2\/users\/13"}],"replies":[{"embeddable":true,"href":"https:\/\/www.suno.com.br\/noticias\/wp-json\/wp\/v2\/comments?post=15726"}],"version-history":[{"count":0,"href":"https:\/\/www.suno.com.br\/noticias\/wp-json\/wp\/v2\/posts\/15726\/revisions"}],"wp:featuredmedia":[{"embeddable":true,"href":"https:\/\/www.suno.com.br\/noticias\/wp-json\/wp\/v2\/media\/6609"}],"wp:attachment":[{"href":"https:\/\/www.suno.com.br\/noticias\/wp-json\/wp\/v2\/media?parent=15726"}],"wp:term":[{"taxonomy":"category","embeddable":true,"href":"https:\/\/www.suno.com.br\/noticias\/wp-json\/wp\/v2\/categories?post=15726"},{"taxonomy":"post_tag","embeddable":true,"href":"https:\/\/www.suno.com.br\/noticias\/wp-json\/wp\/v2\/tags?post=15726"},{"taxonomy":"suno_strategy","embeddable":true,"href":"https:\/\/www.suno.com.br\/noticias\/wp-json\/wp\/v2\/suno_strategy?post=15726"}],"curies":[{"name":"wp","href":"https:\/\/api.w.org\/{rel}","templated":true}]}}