{"id":15703,"date":"2019-02-18T16:58:12","date_gmt":"2019-02-18T19:58:12","guid":{"rendered":"https:\/\/www.suno.com.br\/noticias\/?p=15703"},"modified":"2021-02-17T22:49:56","modified_gmt":"2021-02-18T01:49:56","slug":"balanca-comercial-saldo-positivo-2","status":"publish","type":"post","link":"https:\/\/www.suno.com.br\/noticias\/balanca-comercial-saldo-positivo-2\/","title":{"rendered":"Balan\u00e7a comercial tem saldo positivo de US$ 3,8 bi na parcial desde ano"},"content":{"rendered":"<p>A balan\u00e7a comercial registou um super\u00e1vit de US$ 3,805 bilh\u00f5es na parcial deste ano, medido at\u00e9 o \u00faltimo domingo (17).<\/p>\t<div class=\"wrapper-featured-image\">\n\t\t<figure class=\"spotlightImg\">\n\n\t\t\t<picture>\n\t\t\t\t<source media=\"(max-width: 768px)\" srcset=\"https:\/\/files.sunoresearch.com.br\/n\/uploads\/2019\/02\/846521cc-balan\u00e7a-comercial-400x200.webp\">\n\t\t\t\t<img loading=\"lazy\" decoding=\"async\" class=\"newsContent__article__imgCapa lazyloadDisabled newsContent__article__imgCapa--noCaption\" src=\"https:\/\/files.sunoresearch.com.br\/n\/uploads\/2019\/02\/846521cc-balan\u00e7a-comercial-800x450.webp\" width=\"800\" height=\"450\" alt=\"Balan\u00e7a comercial tem saldo positivo de US$ 3,8 bi na parcial desde ano\" fetchpriority=high \/>\n\t\t\t<\/picture>\n\n\t\t\t<figcaption class=\"wp-caption-text wp-caption-text--hide\">Balan\u00e7a comercial<\/figcaption>\n\t\t<\/figure>\n\t<\/div>\n\n\n<p>Os dados da <strong>balan\u00e7a comercial<\/strong> foram divulgados nesta segunda-feira (18) pelo <strong>Minist\u00e9rio da Economia<\/strong>. O resultado de <a href=\"https:\/\/www.suno.com.br\/artigos\/superavit-comercial\/\"><strong>super\u00e1vit<\/strong><\/a> ocorre quando as exporta\u00e7\u00f5es s\u00e3o maiores que as importa\u00e7\u00f5es. Do contr\u00e1rio, o resultado \u00e9 de <strong>d\u00e9ficit<\/strong>.\u00a0Apesar do n\u00famero positivo, houve <strong>queda<\/strong> de 39,1% na compara\u00e7\u00e3o com o mesmo per\u00edodo do ano passado, quando o super\u00e1vit foi de US$ 6,256 bilh\u00f5es.<\/p>\n<p><a href=\"https:\/\/www.suno.com.br\/noticias\/balanca-comercial-superavit-fevereiro\/\">Saiba mais:\u00a0Balan\u00e7a comercial registra super\u00e1vit de US$ 1,06 bilh\u00e3o em fevereiro<\/a><\/p>\n<p>No acumulado de 2019, as <strong>exporta\u00e7\u00f5es<\/strong> chegaram a US$ 27,327 bilh\u00f5es, m\u00e9dia di\u00e1ria de US$ 828 milh\u00f5es, uma queda de 3,2% em rela\u00e7\u00e3o a 2018. J\u00e1 as <strong>importa\u00e7\u00f5es<\/strong> somaram US$ 23,522 bilh\u00f5es at\u00e9 agora, com US$ 712 milh\u00f5es por dia \u00fatil, um aumento de 8% em compara\u00e7\u00e3o com o mesmo per\u00edodo de 2018.<\/p>\n<h2>Fevereiro<\/h2>\n<p>No m\u00eas de fevereiro, houve um <strong>super\u00e1vit<\/strong> de US$ 1,613 bilh\u00e3o, divididos em:<\/p>\n<ul>\n<li><strong>exporta\u00e7\u00f5es<\/strong>: US$ 8,748 bilh\u00f5es (queda de 17,8% na compara\u00e7\u00e3o com 2018)<\/li>\n<li><strong>importa\u00e7\u00e3o<\/strong>: US$ 7,135 bilh\u00f5es (queda de 19%)<\/li>\n<\/ul>\n<p>Os produtos que puxaram a queda das exporta\u00e7\u00f5es foram os <strong>manufaturados<\/strong> (recuo de 29,9%)\u00a0 e <strong>semimanufaturados<\/strong> (queda de 18%). Por outro lado, os <strong>produtos b\u00e1sicos<\/strong> cresceram 1,2%.<\/p>\n<p>Nas importa\u00e7\u00f5es, a queda de <strong>ve\u00edculos e partes<\/strong> (-26,1%), <strong>combust\u00edveis<\/strong> e <strong>lubrificantes<\/strong> (-16,4%) e <strong>farmac\u00eauticos<\/strong> (-14,1%) foram os principais respons\u00e1veis pelo o resultado. Al\u00e9m disso, os <strong>equipamentos eletr\u00f4nicos <\/strong>ca\u00edram 11% e os <strong>equipamentos mec\u00e2nicos<\/strong>, 8,6%.<\/p>\n<h2>Balan\u00e7a comercial de 2018<\/h2>\n<p>No acumulado do ano de 2018, a <strong>balan\u00e7a comercial<\/strong> obteve um <strong>super\u00e1vit<\/strong> de US$ 58,3 bilh\u00f5es. Esse <strong>saldo positivo<\/strong> foi gerado pela eleva\u00e7\u00e3o das <strong>exporta\u00e7\u00f5es<\/strong> de produtos b\u00e1sicos. Por\u00e9m, o saldo da balan\u00e7a comercial foi 13% menor do que o registrado em 2017. As informa\u00e7\u00f5es s\u00e3o do <strong>Minist\u00e9rio da Economia<\/strong>.<\/p>\n<p><a href=\"https:\/\/www.suno.com.br\/noticias\/doria-incentivos-gm-investimentos\/\">Saiba mais: Governo Doria estuda incentivos \u00e0 GM ap\u00f3s investimentos de R$ 9 bi<\/a><\/p>\n<p>Para 2019, o <strong>mercado financeiro<\/strong> espera uma nova piora no <strong>saldo comercial<\/strong>. De acordo com o <a href=\"https:\/\/www.suno.com.br\/noticias\/boletim-focus-mercado-reduz-previsao-pib-2019\/\"><strong>Boletim Focus<\/strong> divulgado pelo <strong>Banco Central<\/strong>\u00a0nesta segunda-feira (18)<\/a>, as expectativas s\u00e3o de um saldo positivo de US$ 50,5 bilh\u00f5es nas <strong>transa\u00e7\u00f5es comerciais<\/strong> do Pa\u00eds com o exterior.<\/p>\n<p>Por outro lado, o <strong>Banco Central<\/strong>\u00a0prev\u00ea um super\u00e1vit de US$ 38 bilh\u00f5es na balan\u00e7a comercial desde ano. As <strong>exporta\u00e7\u00f5es<\/strong> devem chegar a US$ 250 bilh\u00f5es e as <strong>importa\u00e7\u00f5es<\/strong> a US$ 212 bilh\u00f5es.<\/p>\n<p><a href=\"https:\/\/www.suno.com.br\/noticias\/joao-doria-privatizacao-aeroportos-porto\/\">Saiba mais: Jo\u00e3o Doria anuncia privatiza\u00e7\u00e3o de aeroportos, hidrovia, porto e rodovias<\/a><\/p>\n<p>J\u00e1 a <strong>Associa\u00e7\u00e3o de Com\u00e9rcio Exterior do Brasil (AEB)<\/strong> calcula um super\u00e1vit da <strong>balan\u00e7a comercial<\/strong> menor, de US$ 32 bilh\u00f5es.<\/p>\n","protected":false},"excerpt":{"rendered":"<p>A balan\u00e7a comercial registou um super\u00e1vit de US$ 3,805 bilh\u00f5es na parcial deste ano, medido at\u00e9 o \u00faltimo domingo (17). Balan\u00e7a comercial Os dados da balan\u00e7a comercial foram divulgados nesta segunda-feira (18) pelo Minist\u00e9rio da Economia. O resultado de super\u00e1vit ocorre quando as exporta\u00e7\u00f5es s\u00e3o maiores que as importa\u00e7\u00f5es. Do contr\u00e1rio, o resultado \u00e9 de [&hellip;]<\/p>\n","protected":false},"author":14,"featured_media":15707,"comment_status":"closed","ping_status":"closed","sticky":false,"template":"","format":"standard","meta":[],"categories":[62],"tags":[914,1842,707,706,909],"suno_strategy":[],"class_list":["post-15703","post","type-post","status-publish","format-standard","has-post-thumbnail","hentry","category-economia","tag-balanca-comercial","tag-banco-central-bc","tag-exportacoes","tag-importacoes","tag-ministerio-da-economia"],"yoast_head":"<!-- This site is optimized with the Yoast SEO plugin v24.4 - https:\/\/yoast.com\/wordpress\/plugins\/seo\/ -->\n<title>Balan\u00e7a comercial tem saldo positivo de US$ 3,8 bi na parcial desde ano<\/title>\n<meta name=\"description\" content=\"Os dados da balan\u00e7a comercial foram divulgados nesta segunda-feira (18) pelo Minist\u00e9rio da Economia. Clique para saber mais.\" \/>\n<meta name=\"robots\" content=\"index, follow, max-snippet:-1, max-image-preview:large, max-video-preview:-1\" \/>\n<link rel=\"canonical\" href=\"https:\/\/www.suno.com.br\/noticias\/balanca-comercial-saldo-positivo-2\/\" \/>\n<meta property=\"og:locale\" content=\"pt_BR\" \/>\n<meta property=\"og:type\" content=\"article\" \/>\n<meta property=\"og:title\" content=\"Balan\u00e7a comercial tem saldo positivo de US$ 3,8 bi na parcial desde ano\" \/>\n<meta property=\"og:description\" content=\"Os dados da balan\u00e7a comercial foram divulgados nesta segunda-feira (18) pelo Minist\u00e9rio da Economia. Clique para saber mais.\" \/>\n<meta property=\"og:url\" content=\"https:\/\/www.suno.com.br\/noticias\/balanca-comercial-saldo-positivo-2\/\" \/>\n<meta property=\"og:site_name\" content=\"Suno Not\u00edcias\" \/>\n<meta property=\"article:publisher\" content=\"https:\/\/facebook.com\/sunoresearch\" \/>\n<meta property=\"og:image\" content=\"https:\/\/files.sunoresearch.com.br\/n\/uploads\/2019\/02\/846521cc-balan\u00e7a-comercial.jpg\" \/>\n\t<meta property=\"og:image:width\" content=\"1100\" \/>\n\t<meta property=\"og:image:height\" content=\"619\" \/>\n\t<meta property=\"og:image:type\" content=\"image\/jpeg\" \/>\n<meta name=\"author\" content=\"Renan Dantas\" \/>\n<meta name=\"twitter:card\" content=\"summary_large_image\" \/>\n<meta name=\"twitter:creator\" content=\"@sunoresearch\" \/>\n<meta name=\"twitter:site\" content=\"@sunoresearch\" \/>\n<meta name=\"twitter:label1\" content=\"Escrito por\" \/>\n\t<meta name=\"twitter:data1\" content=\"Renan Dantas\" \/>\n\t<meta name=\"twitter:label2\" content=\"Est. tempo de leitura\" \/>\n\t<meta name=\"twitter:data2\" content=\"2 minutos\" \/>\n<script type=\"application\/ld+json\" class=\"yoast-schema-graph\">{\"@context\":\"https:\/\/schema.org\",\"@graph\":[{\"@type\":\"NewsArticle\",\"@id\":\"https:\/\/www.suno.com.br\/noticias\/balanca-comercial-saldo-positivo-2\/#article\",\"isPartOf\":{\"@id\":\"https:\/\/www.suno.com.br\/noticias\/balanca-comercial-saldo-positivo-2\/\"},\"author\":{\"name\":\"Renan Dantas\",\"@id\":\"https:\/\/www.suno.com.br\/noticias\/#\/schema\/person\/3f7693d5795a3f6d5ce15309ee785699\"},\"headline\":\"Balan\u00e7a comercial tem saldo positivo de US$ 3,8 bi na parcial desde ano\",\"datePublished\":\"2019-02-18T19:58:12+00:00\",\"dateModified\":\"2021-02-18T01:49:56+00:00\",\"mainEntityOfPage\":{\"@id\":\"https:\/\/www.suno.com.br\/noticias\/balanca-comercial-saldo-positivo-2\/\"},\"wordCount\":467,\"publisher\":{\"@id\":\"https:\/\/www.suno.com.br\/noticias\/#organization\"},\"image\":{\"@id\":\"https:\/\/www.suno.com.br\/noticias\/balanca-comercial-saldo-positivo-2\/#primaryimage\"},\"thumbnailUrl\":\"https:\/\/files.sunoresearch.com.br\/n\/uploads\/2019\/02\/846521cc-balan\u00e7a-comercial.jpg\",\"keywords\":[\"balan\u00e7a comercial\",\"Banco Central (BC)\",\"exporta\u00e7\u00f5es\",\"importa\u00e7\u00f5es\",\"Minist\u00e9rio da Economia\"],\"articleSection\":[\"Economia\"],\"inLanguage\":\"pt-BR\"},{\"@type\":\"WebPage\",\"@id\":\"https:\/\/www.suno.com.br\/noticias\/balanca-comercial-saldo-positivo-2\/\",\"url\":\"https:\/\/www.suno.com.br\/noticias\/balanca-comercial-saldo-positivo-2\/\",\"name\":\"Balan\u00e7a comercial tem saldo positivo de US$ 3,8 bi na parcial desde ano\",\"isPartOf\":{\"@id\":\"https:\/\/www.suno.com.br\/noticias\/#website\"},\"primaryImageOfPage\":{\"@id\":\"https:\/\/www.suno.com.br\/noticias\/balanca-comercial-saldo-positivo-2\/#primaryimage\"},\"image\":{\"@id\":\"https:\/\/www.suno.com.br\/noticias\/balanca-comercial-saldo-positivo-2\/#primaryimage\"},\"thumbnailUrl\":\"https:\/\/files.sunoresearch.com.br\/n\/uploads\/2019\/02\/846521cc-balan\u00e7a-comercial.jpg\",\"datePublished\":\"2019-02-18T19:58:12+00:00\",\"dateModified\":\"2021-02-18T01:49:56+00:00\",\"description\":\"Os dados da balan\u00e7a comercial foram divulgados nesta segunda-feira (18) pelo Minist\u00e9rio da Economia. Clique para saber mais.\",\"breadcrumb\":{\"@id\":\"https:\/\/www.suno.com.br\/noticias\/balanca-comercial-saldo-positivo-2\/#breadcrumb\"},\"inLanguage\":\"pt-BR\",\"potentialAction\":[{\"@type\":\"ReadAction\",\"target\":[\"https:\/\/www.suno.com.br\/noticias\/balanca-comercial-saldo-positivo-2\/\"]}]},{\"@type\":\"ImageObject\",\"inLanguage\":\"pt-BR\",\"@id\":\"https:\/\/www.suno.com.br\/noticias\/balanca-comercial-saldo-positivo-2\/#primaryimage\",\"url\":\"https:\/\/files.sunoresearch.com.br\/n\/uploads\/2019\/02\/846521cc-balan\u00e7a-comercial.jpg\",\"contentUrl\":\"https:\/\/files.sunoresearch.com.br\/n\/uploads\/2019\/02\/846521cc-balan\u00e7a-comercial.jpg\",\"width\":1100,\"height\":619,\"caption\":\"Balan\u00e7a comercial\"},{\"@type\":\"BreadcrumbList\",\"@id\":\"https:\/\/www.suno.com.br\/noticias\/balanca-comercial-saldo-positivo-2\/#breadcrumb\",\"itemListElement\":[{\"@type\":\"ListItem\",\"position\":1,\"name\":\"Not\u00edcias\",\"item\":\"https:\/\/www.suno.com.br\/noticias\/\"},{\"@type\":\"ListItem\",\"position\":2,\"name\":\"Economia\",\"item\":\"https:\/\/www.suno.com.br\/noticias\/economia\/\"},{\"@type\":\"ListItem\",\"position\":3,\"name\":\"Balan\u00e7a comercial tem saldo positivo de US$ 3,8 bi na parcial desde ano\"}]},{\"@type\":\"WebSite\",\"@id\":\"https:\/\/www.suno.com.br\/noticias\/#website\",\"url\":\"https:\/\/www.suno.com.br\/noticias\/\",\"name\":\"Suno Not\u00edcias\",\"description\":\"Seu portal de informa\u00e7\u00e3o sobre o mundo dos investimentos\",\"publisher\":{\"@id\":\"https:\/\/www.suno.com.br\/noticias\/#organization\"},\"potentialAction\":[{\"@type\":\"SearchAction\",\"target\":{\"@type\":\"EntryPoint\",\"urlTemplate\":\"https:\/\/www.suno.com.br\/noticias\/?s={search_term_string}\"},\"query-input\":{\"@type\":\"PropertyValueSpecification\",\"valueRequired\":true,\"valueName\":\"search_term_string\"}}],\"inLanguage\":\"pt-BR\"},{\"@type\":\"Organization\",\"@id\":\"https:\/\/www.suno.com.br\/noticias\/#organization\",\"name\":\"Suno Not\u00edcias\",\"url\":\"https:\/\/www.suno.com.br\/noticias\/\",\"logo\":{\"@type\":\"ImageObject\",\"inLanguage\":\"pt-BR\",\"@id\":\"https:\/\/www.suno.com.br\/noticias\/#\/schema\/logo\/image\/\",\"url\":\"https:\/\/files.sunoresearch.com.br\/n\/uploads\/2021\/09\/suno-logo.png\",\"contentUrl\":\"https:\/\/files.sunoresearch.com.br\/n\/uploads\/2021\/09\/suno-logo.png\",\"width\":180,\"height\":180,\"caption\":\"Suno Not\u00edcias\"},\"image\":{\"@id\":\"https:\/\/www.suno.com.br\/noticias\/#\/schema\/logo\/image\/\"},\"sameAs\":[\"https:\/\/facebook.com\/sunoresearch\",\"https:\/\/x.com\/sunoresearch\",\"https:\/\/www.instagram.com\/suno\",\"https:\/\/www.linkedin.com\/company\/suno-research\/\",\"https:\/\/www.youtube.com\/c\/sunoresearch\"]},{\"@type\":\"Person\",\"@id\":\"https:\/\/www.suno.com.br\/noticias\/#\/schema\/person\/3f7693d5795a3f6d5ce15309ee785699\",\"name\":\"Renan Dantas\",\"image\":{\"@type\":\"ImageObject\",\"inLanguage\":\"pt-BR\",\"@id\":\"https:\/\/www.suno.com.br\/noticias\/#\/schema\/person\/image\/\",\"url\":\"https:\/\/secure.gravatar.com\/avatar\/1787b83e7484a08e51d62ac8b41c8396?s=96&r=g\",\"contentUrl\":\"https:\/\/secure.gravatar.com\/avatar\/1787b83e7484a08e51d62ac8b41c8396?s=96&r=g\",\"caption\":\"Renan Dantas\"},\"description\":\"Escreve sobre pol\u00edtica e mercado financeiro para o portal Suno Not\u00edcias. Antes, atuou na assessoria de comunica\u00e7\u00e3o do Minist\u00e9rio P\u00fablico do Trabalho e na R\u00e1dio Mackenzie, onde apresentava e produzia um programa sobre artistas da m\u00fasica brasileira. \u00c9 estudante na Universidade Presbiteriana Mackenzie.\",\"url\":\"https:\/\/www.suno.com.br\/noticias\/author\/renan-dantas\/\"}]}<\/script>\n<!-- \/ Yoast SEO plugin. -->","yoast_head_json":{"title":"Balan\u00e7a comercial tem saldo positivo de US$ 3,8 bi na parcial desde ano","description":"Os dados da balan\u00e7a comercial foram divulgados nesta segunda-feira (18) pelo Minist\u00e9rio da Economia. Clique para saber mais.","robots":{"index":"index","follow":"follow","max-snippet":"max-snippet:-1","max-image-preview":"max-image-preview:large","max-video-preview":"max-video-preview:-1"},"canonical":"https:\/\/www.suno.com.br\/noticias\/balanca-comercial-saldo-positivo-2\/","og_locale":"pt_BR","og_type":"article","og_title":"Balan\u00e7a comercial tem saldo positivo de US$ 3,8 bi na parcial desde ano","og_description":"Os dados da balan\u00e7a comercial foram divulgados nesta segunda-feira (18) pelo Minist\u00e9rio da Economia. Clique para saber mais.","og_url":"https:\/\/www.suno.com.br\/noticias\/balanca-comercial-saldo-positivo-2\/","og_site_name":"Suno Not\u00edcias","article_publisher":"https:\/\/facebook.com\/sunoresearch","og_image":[{"width":1100,"height":619,"url":"https:\/\/files.sunoresearch.com.br\/n\/uploads\/2019\/02\/846521cc-balan\u00e7a-comercial.jpg","type":"image\/jpeg"}],"author":"Renan Dantas","twitter_card":"summary_large_image","twitter_creator":"@sunoresearch","twitter_site":"@sunoresearch","twitter_misc":{"Escrito por":"Renan Dantas","Est. tempo de leitura":"2 minutos"},"schema":{"@context":"https:\/\/schema.org","@graph":[{"@type":"NewsArticle","@id":"https:\/\/www.suno.com.br\/noticias\/balanca-comercial-saldo-positivo-2\/#article","isPartOf":{"@id":"https:\/\/www.suno.com.br\/noticias\/balanca-comercial-saldo-positivo-2\/"},"author":{"name":"Renan Dantas","@id":"https:\/\/www.suno.com.br\/noticias\/#\/schema\/person\/3f7693d5795a3f6d5ce15309ee785699"},"headline":"Balan\u00e7a comercial tem saldo positivo de US$ 3,8 bi na parcial desde ano","datePublished":"2019-02-18T19:58:12+00:00","dateModified":"2021-02-18T01:49:56+00:00","mainEntityOfPage":{"@id":"https:\/\/www.suno.com.br\/noticias\/balanca-comercial-saldo-positivo-2\/"},"wordCount":467,"publisher":{"@id":"https:\/\/www.suno.com.br\/noticias\/#organization"},"image":{"@id":"https:\/\/www.suno.com.br\/noticias\/balanca-comercial-saldo-positivo-2\/#primaryimage"},"thumbnailUrl":"https:\/\/files.sunoresearch.com.br\/n\/uploads\/2019\/02\/846521cc-balan\u00e7a-comercial.jpg","keywords":["balan\u00e7a comercial","Banco Central (BC)","exporta\u00e7\u00f5es","importa\u00e7\u00f5es","Minist\u00e9rio da Economia"],"articleSection":["Economia"],"inLanguage":"pt-BR"},{"@type":"WebPage","@id":"https:\/\/www.suno.com.br\/noticias\/balanca-comercial-saldo-positivo-2\/","url":"https:\/\/www.suno.com.br\/noticias\/balanca-comercial-saldo-positivo-2\/","name":"Balan\u00e7a comercial tem saldo positivo de US$ 3,8 bi na parcial desde ano","isPartOf":{"@id":"https:\/\/www.suno.com.br\/noticias\/#website"},"primaryImageOfPage":{"@id":"https:\/\/www.suno.com.br\/noticias\/balanca-comercial-saldo-positivo-2\/#primaryimage"},"image":{"@id":"https:\/\/www.suno.com.br\/noticias\/balanca-comercial-saldo-positivo-2\/#primaryimage"},"thumbnailUrl":"https:\/\/files.sunoresearch.com.br\/n\/uploads\/2019\/02\/846521cc-balan\u00e7a-comercial.jpg","datePublished":"2019-02-18T19:58:12+00:00","dateModified":"2021-02-18T01:49:56+00:00","description":"Os dados da balan\u00e7a comercial foram divulgados nesta segunda-feira (18) pelo Minist\u00e9rio da Economia. Clique para saber mais.","breadcrumb":{"@id":"https:\/\/www.suno.com.br\/noticias\/balanca-comercial-saldo-positivo-2\/#breadcrumb"},"inLanguage":"pt-BR","potentialAction":[{"@type":"ReadAction","target":["https:\/\/www.suno.com.br\/noticias\/balanca-comercial-saldo-positivo-2\/"]}]},{"@type":"ImageObject","inLanguage":"pt-BR","@id":"https:\/\/www.suno.com.br\/noticias\/balanca-comercial-saldo-positivo-2\/#primaryimage","url":"https:\/\/files.sunoresearch.com.br\/n\/uploads\/2019\/02\/846521cc-balan\u00e7a-comercial.jpg","contentUrl":"https:\/\/files.sunoresearch.com.br\/n\/uploads\/2019\/02\/846521cc-balan\u00e7a-comercial.jpg","width":1100,"height":619,"caption":"Balan\u00e7a comercial"},{"@type":"BreadcrumbList","@id":"https:\/\/www.suno.com.br\/noticias\/balanca-comercial-saldo-positivo-2\/#breadcrumb","itemListElement":[{"@type":"ListItem","position":1,"name":"Not\u00edcias","item":"https:\/\/www.suno.com.br\/noticias\/"},{"@type":"ListItem","position":2,"name":"Economia","item":"https:\/\/www.suno.com.br\/noticias\/economia\/"},{"@type":"ListItem","position":3,"name":"Balan\u00e7a comercial tem saldo positivo de US$ 3,8 bi na parcial desde ano"}]},{"@type":"WebSite","@id":"https:\/\/www.suno.com.br\/noticias\/#website","url":"https:\/\/www.suno.com.br\/noticias\/","name":"Suno Not\u00edcias","description":"Seu portal de informa\u00e7\u00e3o sobre o mundo dos investimentos","publisher":{"@id":"https:\/\/www.suno.com.br\/noticias\/#organization"},"potentialAction":[{"@type":"SearchAction","target":{"@type":"EntryPoint","urlTemplate":"https:\/\/www.suno.com.br\/noticias\/?s={search_term_string}"},"query-input":{"@type":"PropertyValueSpecification","valueRequired":true,"valueName":"search_term_string"}}],"inLanguage":"pt-BR"},{"@type":"Organization","@id":"https:\/\/www.suno.com.br\/noticias\/#organization","name":"Suno Not\u00edcias","url":"https:\/\/www.suno.com.br\/noticias\/","logo":{"@type":"ImageObject","inLanguage":"pt-BR","@id":"https:\/\/www.suno.com.br\/noticias\/#\/schema\/logo\/image\/","url":"https:\/\/files.sunoresearch.com.br\/n\/uploads\/2021\/09\/suno-logo.png","contentUrl":"https:\/\/files.sunoresearch.com.br\/n\/uploads\/2021\/09\/suno-logo.png","width":180,"height":180,"caption":"Suno Not\u00edcias"},"image":{"@id":"https:\/\/www.suno.com.br\/noticias\/#\/schema\/logo\/image\/"},"sameAs":["https:\/\/facebook.com\/sunoresearch","https:\/\/x.com\/sunoresearch","https:\/\/www.instagram.com\/suno","https:\/\/www.linkedin.com\/company\/suno-research\/","https:\/\/www.youtube.com\/c\/sunoresearch"]},{"@type":"Person","@id":"https:\/\/www.suno.com.br\/noticias\/#\/schema\/person\/3f7693d5795a3f6d5ce15309ee785699","name":"Renan Dantas","image":{"@type":"ImageObject","inLanguage":"pt-BR","@id":"https:\/\/www.suno.com.br\/noticias\/#\/schema\/person\/image\/","url":"https:\/\/secure.gravatar.com\/avatar\/1787b83e7484a08e51d62ac8b41c8396?s=96&r=g","contentUrl":"https:\/\/secure.gravatar.com\/avatar\/1787b83e7484a08e51d62ac8b41c8396?s=96&r=g","caption":"Renan Dantas"},"description":"Escreve sobre pol\u00edtica e mercado financeiro para o portal Suno Not\u00edcias. Antes, atuou na assessoria de comunica\u00e7\u00e3o do Minist\u00e9rio P\u00fablico do Trabalho e na R\u00e1dio Mackenzie, onde apresentava e produzia um programa sobre artistas da m\u00fasica brasileira. \u00c9 estudante na Universidade Presbiteriana Mackenzie.","url":"https:\/\/www.suno.com.br\/noticias\/author\/renan-dantas\/"}]}},"default_loop_html":"<div class=\"cardsPage__listCard__boxs\"><div class=\"cardsPage__listCard__boxs__img\"><a href=\"https:\/\/www.suno.com.br\/noticias\/balanca-comercial-saldo-positivo-2\/\"><img class=\"mask\" src=\"https:\/\/www.suno.com.br\/noticias\/wp-content\/themes\/suno\/resources\/images\/spotlight\/spotlight1img\/bg-mask.png\" alt=\"Image Mask\"\/><img src=\"https:\/\/files.sunoresearch.com.br\/n\/uploads\/2019\/02\/846521cc-balan\u00e7a-comercial-400x200.webp\" alt=\"Balan\u00e7a comercial tem saldo positivo de US$ 3,8 bi na parcial desde ano\"\/><\/a><span class=\"spotlightCategory\"><a href=\"https:\/\/www.suno.com.br\/noticias\/economia\/\">Economia<\/a><\/span><\/div><div class=\"cardsPage__listCard__boxs__content\"><a href=\"https:\/\/www.suno.com.br\/noticias\/balanca-comercial-saldo-positivo-2\/\"><h2 class=\"content__title\">Balan\u00e7a comercial tem saldo positivo de US$ 3,8 bi na parcial desde ano<\/h2><\/a><div class=\"newsContent__article__meta\"><div class=\"newsContent__article__meta__authorBox\"><a href=\"https:\/\/www.suno.com.br\/noticias\/author\/renan-dantas\/\" class=\"authorBox__avatar noMobi\"><img src=\"https:\/\/secure.gravatar.com\/avatar\/1787b83e7484a08e51d62ac8b41c8396?s=96&#038;r=g\" alt=\"Renan Dantas\"><\/a><div class=\"authorBox__name\"><span>por\n\t\t\t<a href=\"https:\/\/www.suno.com.br\/noticias\/author\/renan-dantas\/\"><span itemprop=\"author\">Renan Dantas<\/span><\/a><\/span><time datetime=\"2019-02-18T16:58:12-03:00\" itemprop=\"datePublished\">18\/02\/2019 16:58<\/time><\/div><\/div><\/div><\/div><\/div>","single_layout":"posts","amp_enabled":true,"_links":{"self":[{"href":"https:\/\/www.suno.com.br\/noticias\/wp-json\/wp\/v2\/posts\/15703"}],"collection":[{"href":"https:\/\/www.suno.com.br\/noticias\/wp-json\/wp\/v2\/posts"}],"about":[{"href":"https:\/\/www.suno.com.br\/noticias\/wp-json\/wp\/v2\/types\/post"}],"author":[{"embeddable":true,"href":"https:\/\/www.suno.com.br\/noticias\/wp-json\/wp\/v2\/users\/14"}],"replies":[{"embeddable":true,"href":"https:\/\/www.suno.com.br\/noticias\/wp-json\/wp\/v2\/comments?post=15703"}],"version-history":[{"count":0,"href":"https:\/\/www.suno.com.br\/noticias\/wp-json\/wp\/v2\/posts\/15703\/revisions"}],"wp:featuredmedia":[{"embeddable":true,"href":"https:\/\/www.suno.com.br\/noticias\/wp-json\/wp\/v2\/media\/15707"}],"wp:attachment":[{"href":"https:\/\/www.suno.com.br\/noticias\/wp-json\/wp\/v2\/media?parent=15703"}],"wp:term":[{"taxonomy":"category","embeddable":true,"href":"https:\/\/www.suno.com.br\/noticias\/wp-json\/wp\/v2\/categories?post=15703"},{"taxonomy":"post_tag","embeddable":true,"href":"https:\/\/www.suno.com.br\/noticias\/wp-json\/wp\/v2\/tags?post=15703"},{"taxonomy":"suno_strategy","embeddable":true,"href":"https:\/\/www.suno.com.br\/noticias\/wp-json\/wp\/v2\/suno_strategy?post=15703"}],"curies":[{"name":"wp","href":"https:\/\/api.w.org\/{rel}","templated":true}]}}