{"id":15674,"date":"2019-02-18T13:43:27","date_gmt":"2019-02-18T16:43:27","guid":{"rendered":"https:\/\/www.suno.com.br\/noticias\/?p=15674"},"modified":"2019-02-18T13:43:27","modified_gmt":"2019-02-18T16:43:27","slug":"governo-leiloar-portos-ferrovia-50","status":"publish","type":"post","link":"https:\/\/www.suno.com.br\/noticias\/governo-leiloar-portos-ferrovia-50\/","title":{"rendered":"Governo quer leiloar 10 portos e ferrovia Norte-Sul nos pr\u00f3ximos 50 dias"},"content":{"rendered":"<p>O governo pretende concluir as concess\u00f5es de dez terminais portu\u00e1rios e a ferrovia Norte-Sul nos cem primeiros dias de gest\u00e3o. A meta foi declarada nesta segunda (18) pelo ministro da Infraestrutura, Tarc\u00edsio Gomes, em sua conta no Twitter.<\/p>\t<div class=\"wrapper-featured-image\">\n\t\t<figure class=\"spotlightImg\">\n\n\t\t\t<picture>\n\t\t\t\t<source media=\"(max-width: 768px)\" srcset=\"https:\/\/files.sunoresearch.com.br\/n\/uploads\/2019\/01\/a925b8db-o-ministro-das-infraestruturas-tarc\u00edsio-gomes-de-freitas-400x200.webp\">\n\t\t\t\t<img loading=\"lazy\" decoding=\"async\" class=\"newsContent__article__imgCapa lazyloadDisabled newsContent__article__imgCapa--noCaption\" src=\"https:\/\/files.sunoresearch.com.br\/n\/uploads\/2019\/01\/a925b8db-o-ministro-das-infraestruturas-tarc\u00edsio-gomes-de-freitas-800x450.webp\" width=\"800\" height=\"450\" alt=\"Governo quer leiloar 10 portos e ferrovia Norte-Sul nos pr\u00f3ximos 50 dias\" fetchpriority=high \/>\n\t\t\t<\/picture>\n\n\t\t\t<figcaption class=\"wp-caption-text wp-caption-text--hide\">O ministro das Infraestruturas Tarc\u00edsio Gomes de Freitas - governo Bolsonaro<\/figcaption>\n\t\t<\/figure>\n\t<\/div>\n\n\n<p>O <strong>ministro<\/strong> compartilhou uma publica\u00e7\u00e3o do <strong>presidente Jair Bolsonaro,<\/strong> sobre os <strong>leil\u00f5es dos aeroportos<\/strong> previstos para serem realizados em 15 de mar\u00e7o, e acrescentou a meta para a <strong>ferrovia<\/strong> e os <strong>portos.<\/strong><\/p>\n<p><a href=\"https:\/\/www.suno.com.br\/noticias\/concessoes-ferrovias-rodovias-prioridade-secretario\/\">Saiba mais: Concess\u00f5es de ferrovias e rodovias ser\u00e3o prioridade, diz secret\u00e1rio do PPI<\/a><\/p>\n<p>&#8220;Hoje assinaremos dois <strong>contratos<\/strong> importantes para o setor de <strong>Portos.<\/strong> Previs\u00e3o de mais de R$ 16 bilh\u00f5es em <strong>investimentos&#8221;,<\/strong> escreveu na rede social. Os <strong>contratos assinados<\/strong> preveem <strong>aportes<\/strong> no <strong>arrendamento<\/strong> do <strong>terminal<\/strong> de gran\u00e9is l\u00edquidos no <strong>Porto de Santar\u00e9m<\/strong> e a autoriza\u00e7\u00e3o do <strong>terminal<\/strong> do <strong>Porto do A\u00e7u<\/strong> para movimenta\u00e7\u00e3o de g\u00e1s natural liquefeito.<\/p>\n<p>O <strong>governo<\/strong> se encontra em seu 49\u00ba dia. Isto \u00e9, restam 51 dias para a <strong>meta<\/strong> de <strong>concess\u00f5es<\/strong> anunciada pelo ministro <strong>Tarc\u00edsio Gomes.<\/strong><\/p>\n<p><a href=\"https:\/\/www.suno.com.br\/noticias\/leilao-da-ferrovia-norte-sul-acontecera-em-marco-de-2019-anuncia-governo\/\">Saiba mais: Leil\u00e3o da ferrovia Norte-Sul acontecer\u00e1 em mar\u00e7o de 2019, anuncia governo<\/a><\/p>\n<h2>Leil\u00f5es dos aeroportos<\/h2>\n<p>Tamb\u00e9m nesta segunda (18), o\u00a0<a href=\"http:\/\/www2.planalto.gov.br\/\">presidente Jair Bolsonaro<\/a>\u00a0afirmou que os <a href=\"https:\/\/www.suno.com.br\/artigos\/privatizacao\/\">leil\u00f5es dos aeroportos<\/a> v\u00e3o gerar investimentos de pelo menos R$ 3,5 bilh\u00f5es. A informa\u00e7\u00e3o j\u00e1 havia sido dada pelo Programa de Parcerias de Investimentos (PPI).<\/p>\n<p>&#8220;Todos os <strong>leil\u00f5es dos aeroportos<\/strong> citados est\u00e3o previstos para serem realizados at\u00e9 <strong>mar\u00e7o<\/strong> deste ano&#8221;, escreveu <strong>Bolsonaro<\/strong> em seu Twitter. &#8220;Qualidade no servi\u00e7o espec\u00edfico, empregabilidade e <strong>economia.<\/strong> Estes s\u00e3o apenas os primeiros passos dentro desta \u00e1rea&#8221;.<\/p>\n<p>Ele citou os 12 <strong>aeroportos<\/strong> que v\u00e3o compor o <strong>leil\u00e3o:<\/strong><\/p>\n<ul>\n<li>Recife (PE)<\/li>\n<li>Macei\u00f3 (AL)<\/li>\n<li>Aracaju (SE)<\/li>\n<li>Juazeiro do Norte (CE)<\/li>\n<li>Jo\u00e3o Pessoa (PB)<\/li>\n<li>Campina Grande (PB)<\/li>\n<li>Vit\u00f3ria (ES)<\/li>\n<li>Maca\u00e9 (RJ)<\/li>\n<li>Cuiab\u00e1 (MT)<\/li>\n<li>Sinop (MT)<\/li>\n<li>Rondon\u00f3polis (MT)<\/li>\n<li>Alta Floresta (MT)<\/li>\n<\/ul>\n<p>Os <strong>aeroportos<\/strong> ser\u00e3o separados em tr\u00eas blocos: <strong>Centro-Oeste, Nordeste<\/strong> e <strong>Sudeste.<\/strong> O bloco <strong>Nordeste<\/strong> \u00e9 o que tem proje\u00e7\u00e3o de receber mais <strong>investimentos.<\/strong> Cerca de R$ 2,152 bilh\u00f5es devem ser <strong>aportados<\/strong> nos seis <strong>aeroportos<\/strong> da regi\u00e3o. Em seguida vem o bloco <strong>Centro-Oeste,<\/strong> com previs\u00e3o de receber R$ 770,6 milh\u00f5es. E ent\u00e3o o bloco <strong>Sudeste,<\/strong> com R$ 591,7 milh\u00f5es.<\/p>\n","protected":false},"excerpt":{"rendered":"<p>O governo pretende concluir as concess\u00f5es de dez terminais portu\u00e1rios e a ferrovia Norte-Sul nos cem primeiros dias de gest\u00e3o. A meta foi declarada nesta segunda (18) pelo ministro da Infraestrutura, Tarc\u00edsio Gomes, em sua conta no Twitter. O ministro das Infraestruturas Tarc\u00edsio Gomes de Freitas &#8211; governo Bolsonaro O ministro compartilhou uma publica\u00e7\u00e3o do [&hellip;]<\/p>\n","protected":false},"author":13,"featured_media":13445,"comment_status":"closed","ping_status":"closed","sticky":false,"template":"","format":"standard","meta":[],"categories":[62],"tags":[1085,719,1176,945],"suno_strategy":[],"class_list":["post-15674","post","type-post","status-publish","format-standard","has-post-thumbnail","hentry","category-economia","tag-aeroportos","tag-jair-bolsonaro","tag-ministerio-da-infraestrutura","tag-privatizacoes"],"yoast_head":"<!-- This site is optimized with the Yoast SEO plugin v24.4 - https:\/\/yoast.com\/wordpress\/plugins\/seo\/ -->\n<title>Governo quer leiloar 10 portos e ferrovia Norte-Sul nos pr\u00f3ximos 50 dias<\/title>\n<meta name=\"description\" content=\"O governo quer concluir as concess\u00f5es de 10 terminais portu\u00e1rios e a ferrovia Norte-Sul nos 100 primeiros dias de gest\u00e3o. Clique e saiba mais\" \/>\n<meta name=\"robots\" content=\"index, follow, max-snippet:-1, max-image-preview:large, max-video-preview:-1\" \/>\n<link rel=\"canonical\" href=\"https:\/\/www.suno.com.br\/noticias\/governo-leiloar-portos-ferrovia-50\/\" \/>\n<meta property=\"og:locale\" content=\"pt_BR\" \/>\n<meta property=\"og:type\" content=\"article\" \/>\n<meta property=\"og:title\" content=\"Governo quer leiloar 10 portos e ferrovia Norte-Sul nos pr\u00f3ximos 50 dias\" \/>\n<meta property=\"og:description\" content=\"O governo quer concluir as concess\u00f5es de 10 terminais portu\u00e1rios e a ferrovia Norte-Sul nos 100 primeiros dias de gest\u00e3o. Clique e saiba mais\" \/>\n<meta property=\"og:url\" content=\"https:\/\/www.suno.com.br\/noticias\/governo-leiloar-portos-ferrovia-50\/\" \/>\n<meta property=\"og:site_name\" content=\"Suno Not\u00edcias\" \/>\n<meta property=\"article:publisher\" content=\"https:\/\/facebook.com\/sunoresearch\" \/>\n<meta property=\"og:image\" content=\"https:\/\/files.sunoresearch.com.br\/n\/uploads\/2019\/01\/a925b8db-o-ministro-das-infraestruturas-tarc\u00edsio-gomes-de-freitas.jpg\" \/>\n\t<meta property=\"og:image:width\" content=\"1140\" \/>\n\t<meta property=\"og:image:height\" content=\"760\" \/>\n\t<meta property=\"og:image:type\" content=\"image\/jpeg\" \/>\n<meta name=\"author\" content=\"Guilherme Caetano\" \/>\n<meta name=\"twitter:card\" content=\"summary_large_image\" \/>\n<meta name=\"twitter:creator\" content=\"@sunoresearch\" \/>\n<meta name=\"twitter:site\" content=\"@sunoresearch\" \/>\n<meta name=\"twitter:label1\" content=\"Escrito por\" \/>\n\t<meta name=\"twitter:data1\" content=\"Guilherme Caetano\" \/>\n\t<meta name=\"twitter:label2\" content=\"Est. tempo de leitura\" \/>\n\t<meta name=\"twitter:data2\" content=\"2 minutos\" \/>\n<script type=\"application\/ld+json\" class=\"yoast-schema-graph\">{\"@context\":\"https:\/\/schema.org\",\"@graph\":[{\"@type\":\"NewsArticle\",\"@id\":\"https:\/\/www.suno.com.br\/noticias\/governo-leiloar-portos-ferrovia-50\/#article\",\"isPartOf\":{\"@id\":\"https:\/\/www.suno.com.br\/noticias\/governo-leiloar-portos-ferrovia-50\/\"},\"author\":{\"name\":\"Guilherme Caetano\",\"@id\":\"https:\/\/www.suno.com.br\/noticias\/#\/schema\/person\/0d0c9687cd2f600c564f25980c140de9\"},\"headline\":\"Governo quer leiloar 10 portos e ferrovia Norte-Sul nos pr\u00f3ximos 50 dias\",\"datePublished\":\"2019-02-18T16:43:27+00:00\",\"mainEntityOfPage\":{\"@id\":\"https:\/\/www.suno.com.br\/noticias\/governo-leiloar-portos-ferrovia-50\/\"},\"wordCount\":391,\"publisher\":{\"@id\":\"https:\/\/www.suno.com.br\/noticias\/#organization\"},\"image\":{\"@id\":\"https:\/\/www.suno.com.br\/noticias\/governo-leiloar-portos-ferrovia-50\/#primaryimage\"},\"thumbnailUrl\":\"https:\/\/files.sunoresearch.com.br\/n\/uploads\/2019\/01\/a925b8db-o-ministro-das-infraestruturas-tarc\u00edsio-gomes-de-freitas-jpg.webp\",\"keywords\":[\"aeroportos\",\"Jair Bolsonaro\",\"Minist\u00e9rio da Infraestrutura\",\"privatiza\u00e7\u00f5es\"],\"articleSection\":[\"Economia\"],\"inLanguage\":\"pt-BR\"},{\"@type\":\"WebPage\",\"@id\":\"https:\/\/www.suno.com.br\/noticias\/governo-leiloar-portos-ferrovia-50\/\",\"url\":\"https:\/\/www.suno.com.br\/noticias\/governo-leiloar-portos-ferrovia-50\/\",\"name\":\"Governo quer leiloar 10 portos e ferrovia Norte-Sul nos pr\u00f3ximos 50 dias\",\"isPartOf\":{\"@id\":\"https:\/\/www.suno.com.br\/noticias\/#website\"},\"primaryImageOfPage\":{\"@id\":\"https:\/\/www.suno.com.br\/noticias\/governo-leiloar-portos-ferrovia-50\/#primaryimage\"},\"image\":{\"@id\":\"https:\/\/www.suno.com.br\/noticias\/governo-leiloar-portos-ferrovia-50\/#primaryimage\"},\"thumbnailUrl\":\"https:\/\/files.sunoresearch.com.br\/n\/uploads\/2019\/01\/a925b8db-o-ministro-das-infraestruturas-tarc\u00edsio-gomes-de-freitas-jpg.webp\",\"datePublished\":\"2019-02-18T16:43:27+00:00\",\"description\":\"O governo quer concluir as concess\u00f5es de 10 terminais portu\u00e1rios e a ferrovia Norte-Sul nos 100 primeiros dias de gest\u00e3o. Clique e saiba mais\",\"breadcrumb\":{\"@id\":\"https:\/\/www.suno.com.br\/noticias\/governo-leiloar-portos-ferrovia-50\/#breadcrumb\"},\"inLanguage\":\"pt-BR\",\"potentialAction\":[{\"@type\":\"ReadAction\",\"target\":[\"https:\/\/www.suno.com.br\/noticias\/governo-leiloar-portos-ferrovia-50\/\"]}]},{\"@type\":\"ImageObject\",\"inLanguage\":\"pt-BR\",\"@id\":\"https:\/\/www.suno.com.br\/noticias\/governo-leiloar-portos-ferrovia-50\/#primaryimage\",\"url\":\"https:\/\/files.sunoresearch.com.br\/n\/uploads\/2019\/01\/a925b8db-o-ministro-das-infraestruturas-tarc\u00edsio-gomes-de-freitas-jpg.webp\",\"contentUrl\":\"https:\/\/files.sunoresearch.com.br\/n\/uploads\/2019\/01\/a925b8db-o-ministro-das-infraestruturas-tarc\u00edsio-gomes-de-freitas-jpg.webp\",\"width\":1140,\"height\":760,\"caption\":\"O ministro das Infraestruturas Tarc\u00edsio Gomes de Freitas - governo Bolsonaro\"},{\"@type\":\"BreadcrumbList\",\"@id\":\"https:\/\/www.suno.com.br\/noticias\/governo-leiloar-portos-ferrovia-50\/#breadcrumb\",\"itemListElement\":[{\"@type\":\"ListItem\",\"position\":1,\"name\":\"Not\u00edcias\",\"item\":\"https:\/\/www.suno.com.br\/noticias\/\"},{\"@type\":\"ListItem\",\"position\":2,\"name\":\"Economia\",\"item\":\"https:\/\/www.suno.com.br\/noticias\/economia\/\"},{\"@type\":\"ListItem\",\"position\":3,\"name\":\"Governo quer leiloar 10 portos e ferrovia Norte-Sul nos pr\u00f3ximos 50 dias\"}]},{\"@type\":\"WebSite\",\"@id\":\"https:\/\/www.suno.com.br\/noticias\/#website\",\"url\":\"https:\/\/www.suno.com.br\/noticias\/\",\"name\":\"Suno Not\u00edcias\",\"description\":\"Seu portal de informa\u00e7\u00e3o sobre o mundo dos investimentos\",\"publisher\":{\"@id\":\"https:\/\/www.suno.com.br\/noticias\/#organization\"},\"potentialAction\":[{\"@type\":\"SearchAction\",\"target\":{\"@type\":\"EntryPoint\",\"urlTemplate\":\"https:\/\/www.suno.com.br\/noticias\/?s={search_term_string}\"},\"query-input\":{\"@type\":\"PropertyValueSpecification\",\"valueRequired\":true,\"valueName\":\"search_term_string\"}}],\"inLanguage\":\"pt-BR\"},{\"@type\":\"Organization\",\"@id\":\"https:\/\/www.suno.com.br\/noticias\/#organization\",\"name\":\"Suno Not\u00edcias\",\"url\":\"https:\/\/www.suno.com.br\/noticias\/\",\"logo\":{\"@type\":\"ImageObject\",\"inLanguage\":\"pt-BR\",\"@id\":\"https:\/\/www.suno.com.br\/noticias\/#\/schema\/logo\/image\/\",\"url\":\"https:\/\/files.sunoresearch.com.br\/n\/uploads\/2021\/09\/suno-logo.png\",\"contentUrl\":\"https:\/\/files.sunoresearch.com.br\/n\/uploads\/2021\/09\/suno-logo.png\",\"width\":180,\"height\":180,\"caption\":\"Suno Not\u00edcias\"},\"image\":{\"@id\":\"https:\/\/www.suno.com.br\/noticias\/#\/schema\/logo\/image\/\"},\"sameAs\":[\"https:\/\/facebook.com\/sunoresearch\",\"https:\/\/x.com\/sunoresearch\",\"https:\/\/www.instagram.com\/suno\",\"https:\/\/www.linkedin.com\/company\/suno-research\/\",\"https:\/\/www.youtube.com\/c\/sunoresearch\"]},{\"@type\":\"Person\",\"@id\":\"https:\/\/www.suno.com.br\/noticias\/#\/schema\/person\/0d0c9687cd2f600c564f25980c140de9\",\"name\":\"Guilherme Caetano\",\"image\":{\"@type\":\"ImageObject\",\"inLanguage\":\"pt-BR\",\"@id\":\"https:\/\/www.suno.com.br\/noticias\/#\/schema\/person\/image\/\",\"url\":\"https:\/\/secure.gravatar.com\/avatar\/e48357351a01702a0d19307070e081bf?s=96&r=g\",\"contentUrl\":\"https:\/\/secure.gravatar.com\/avatar\/e48357351a01702a0d19307070e081bf?s=96&r=g\",\"caption\":\"Guilherme Caetano\"},\"description\":\"Formado em jornalismo pela Escola de Comunica\u00e7\u00f5es e Artes da USP, Guilherme Caetano escreve para o portal de not\u00edcias da Suno Research. Passou pelas reda\u00e7\u00f5es da Folha de S.Paulo e da revista \u00c9poca.\",\"url\":\"https:\/\/www.suno.com.br\/noticias\/author\/guilherme-caetano\/\"}]}<\/script>\n<!-- \/ Yoast SEO plugin. -->","yoast_head_json":{"title":"Governo quer leiloar 10 portos e ferrovia Norte-Sul nos pr\u00f3ximos 50 dias","description":"O governo quer concluir as concess\u00f5es de 10 terminais portu\u00e1rios e a ferrovia Norte-Sul nos 100 primeiros dias de gest\u00e3o. Clique e saiba mais","robots":{"index":"index","follow":"follow","max-snippet":"max-snippet:-1","max-image-preview":"max-image-preview:large","max-video-preview":"max-video-preview:-1"},"canonical":"https:\/\/www.suno.com.br\/noticias\/governo-leiloar-portos-ferrovia-50\/","og_locale":"pt_BR","og_type":"article","og_title":"Governo quer leiloar 10 portos e ferrovia Norte-Sul nos pr\u00f3ximos 50 dias","og_description":"O governo quer concluir as concess\u00f5es de 10 terminais portu\u00e1rios e a ferrovia Norte-Sul nos 100 primeiros dias de gest\u00e3o. Clique e saiba mais","og_url":"https:\/\/www.suno.com.br\/noticias\/governo-leiloar-portos-ferrovia-50\/","og_site_name":"Suno Not\u00edcias","article_publisher":"https:\/\/facebook.com\/sunoresearch","og_image":[{"width":1140,"height":760,"url":"https:\/\/files.sunoresearch.com.br\/n\/uploads\/2019\/01\/a925b8db-o-ministro-das-infraestruturas-tarc\u00edsio-gomes-de-freitas.jpg","type":"image\/jpeg"}],"author":"Guilherme Caetano","twitter_card":"summary_large_image","twitter_creator":"@sunoresearch","twitter_site":"@sunoresearch","twitter_misc":{"Escrito por":"Guilherme Caetano","Est. tempo de leitura":"2 minutos"},"schema":{"@context":"https:\/\/schema.org","@graph":[{"@type":"NewsArticle","@id":"https:\/\/www.suno.com.br\/noticias\/governo-leiloar-portos-ferrovia-50\/#article","isPartOf":{"@id":"https:\/\/www.suno.com.br\/noticias\/governo-leiloar-portos-ferrovia-50\/"},"author":{"name":"Guilherme Caetano","@id":"https:\/\/www.suno.com.br\/noticias\/#\/schema\/person\/0d0c9687cd2f600c564f25980c140de9"},"headline":"Governo quer leiloar 10 portos e ferrovia Norte-Sul nos pr\u00f3ximos 50 dias","datePublished":"2019-02-18T16:43:27+00:00","mainEntityOfPage":{"@id":"https:\/\/www.suno.com.br\/noticias\/governo-leiloar-portos-ferrovia-50\/"},"wordCount":391,"publisher":{"@id":"https:\/\/www.suno.com.br\/noticias\/#organization"},"image":{"@id":"https:\/\/www.suno.com.br\/noticias\/governo-leiloar-portos-ferrovia-50\/#primaryimage"},"thumbnailUrl":"https:\/\/files.sunoresearch.com.br\/n\/uploads\/2019\/01\/a925b8db-o-ministro-das-infraestruturas-tarc\u00edsio-gomes-de-freitas-jpg.webp","keywords":["aeroportos","Jair Bolsonaro","Minist\u00e9rio da Infraestrutura","privatiza\u00e7\u00f5es"],"articleSection":["Economia"],"inLanguage":"pt-BR"},{"@type":"WebPage","@id":"https:\/\/www.suno.com.br\/noticias\/governo-leiloar-portos-ferrovia-50\/","url":"https:\/\/www.suno.com.br\/noticias\/governo-leiloar-portos-ferrovia-50\/","name":"Governo quer leiloar 10 portos e ferrovia Norte-Sul nos pr\u00f3ximos 50 dias","isPartOf":{"@id":"https:\/\/www.suno.com.br\/noticias\/#website"},"primaryImageOfPage":{"@id":"https:\/\/www.suno.com.br\/noticias\/governo-leiloar-portos-ferrovia-50\/#primaryimage"},"image":{"@id":"https:\/\/www.suno.com.br\/noticias\/governo-leiloar-portos-ferrovia-50\/#primaryimage"},"thumbnailUrl":"https:\/\/files.sunoresearch.com.br\/n\/uploads\/2019\/01\/a925b8db-o-ministro-das-infraestruturas-tarc\u00edsio-gomes-de-freitas-jpg.webp","datePublished":"2019-02-18T16:43:27+00:00","description":"O governo quer concluir as concess\u00f5es de 10 terminais portu\u00e1rios e a ferrovia Norte-Sul nos 100 primeiros dias de gest\u00e3o. Clique e saiba mais","breadcrumb":{"@id":"https:\/\/www.suno.com.br\/noticias\/governo-leiloar-portos-ferrovia-50\/#breadcrumb"},"inLanguage":"pt-BR","potentialAction":[{"@type":"ReadAction","target":["https:\/\/www.suno.com.br\/noticias\/governo-leiloar-portos-ferrovia-50\/"]}]},{"@type":"ImageObject","inLanguage":"pt-BR","@id":"https:\/\/www.suno.com.br\/noticias\/governo-leiloar-portos-ferrovia-50\/#primaryimage","url":"https:\/\/files.sunoresearch.com.br\/n\/uploads\/2019\/01\/a925b8db-o-ministro-das-infraestruturas-tarc\u00edsio-gomes-de-freitas-jpg.webp","contentUrl":"https:\/\/files.sunoresearch.com.br\/n\/uploads\/2019\/01\/a925b8db-o-ministro-das-infraestruturas-tarc\u00edsio-gomes-de-freitas-jpg.webp","width":1140,"height":760,"caption":"O ministro das Infraestruturas Tarc\u00edsio Gomes de Freitas - governo Bolsonaro"},{"@type":"BreadcrumbList","@id":"https:\/\/www.suno.com.br\/noticias\/governo-leiloar-portos-ferrovia-50\/#breadcrumb","itemListElement":[{"@type":"ListItem","position":1,"name":"Not\u00edcias","item":"https:\/\/www.suno.com.br\/noticias\/"},{"@type":"ListItem","position":2,"name":"Economia","item":"https:\/\/www.suno.com.br\/noticias\/economia\/"},{"@type":"ListItem","position":3,"name":"Governo quer leiloar 10 portos e ferrovia Norte-Sul nos pr\u00f3ximos 50 dias"}]},{"@type":"WebSite","@id":"https:\/\/www.suno.com.br\/noticias\/#website","url":"https:\/\/www.suno.com.br\/noticias\/","name":"Suno Not\u00edcias","description":"Seu portal de informa\u00e7\u00e3o sobre o mundo dos investimentos","publisher":{"@id":"https:\/\/www.suno.com.br\/noticias\/#organization"},"potentialAction":[{"@type":"SearchAction","target":{"@type":"EntryPoint","urlTemplate":"https:\/\/www.suno.com.br\/noticias\/?s={search_term_string}"},"query-input":{"@type":"PropertyValueSpecification","valueRequired":true,"valueName":"search_term_string"}}],"inLanguage":"pt-BR"},{"@type":"Organization","@id":"https:\/\/www.suno.com.br\/noticias\/#organization","name":"Suno Not\u00edcias","url":"https:\/\/www.suno.com.br\/noticias\/","logo":{"@type":"ImageObject","inLanguage":"pt-BR","@id":"https:\/\/www.suno.com.br\/noticias\/#\/schema\/logo\/image\/","url":"https:\/\/files.sunoresearch.com.br\/n\/uploads\/2021\/09\/suno-logo.png","contentUrl":"https:\/\/files.sunoresearch.com.br\/n\/uploads\/2021\/09\/suno-logo.png","width":180,"height":180,"caption":"Suno Not\u00edcias"},"image":{"@id":"https:\/\/www.suno.com.br\/noticias\/#\/schema\/logo\/image\/"},"sameAs":["https:\/\/facebook.com\/sunoresearch","https:\/\/x.com\/sunoresearch","https:\/\/www.instagram.com\/suno","https:\/\/www.linkedin.com\/company\/suno-research\/","https:\/\/www.youtube.com\/c\/sunoresearch"]},{"@type":"Person","@id":"https:\/\/www.suno.com.br\/noticias\/#\/schema\/person\/0d0c9687cd2f600c564f25980c140de9","name":"Guilherme Caetano","image":{"@type":"ImageObject","inLanguage":"pt-BR","@id":"https:\/\/www.suno.com.br\/noticias\/#\/schema\/person\/image\/","url":"https:\/\/secure.gravatar.com\/avatar\/e48357351a01702a0d19307070e081bf?s=96&r=g","contentUrl":"https:\/\/secure.gravatar.com\/avatar\/e48357351a01702a0d19307070e081bf?s=96&r=g","caption":"Guilherme Caetano"},"description":"Formado em jornalismo pela Escola de Comunica\u00e7\u00f5es e Artes da USP, Guilherme Caetano escreve para o portal de not\u00edcias da Suno Research. Passou pelas reda\u00e7\u00f5es da Folha de S.Paulo e da revista \u00c9poca.","url":"https:\/\/www.suno.com.br\/noticias\/author\/guilherme-caetano\/"}]}},"default_loop_html":"<div class=\"cardsPage__listCard__boxs\"><div class=\"cardsPage__listCard__boxs__img\"><a href=\"https:\/\/www.suno.com.br\/noticias\/governo-leiloar-portos-ferrovia-50\/\"><img class=\"mask\" src=\"https:\/\/www.suno.com.br\/noticias\/wp-content\/themes\/suno\/resources\/images\/spotlight\/spotlight1img\/bg-mask.png\" alt=\"Image Mask\"\/><img src=\"https:\/\/files.sunoresearch.com.br\/n\/uploads\/2019\/01\/a925b8db-o-ministro-das-infraestruturas-tarc\u00edsio-gomes-de-freitas-400x200.webp\" alt=\"Governo quer leiloar 10 portos e ferrovia Norte-Sul nos pr\u00f3ximos 50 dias\"\/><\/a><span class=\"spotlightCategory\"><a href=\"https:\/\/www.suno.com.br\/noticias\/economia\/\">Economia<\/a><\/span><\/div><div class=\"cardsPage__listCard__boxs__content\"><a href=\"https:\/\/www.suno.com.br\/noticias\/governo-leiloar-portos-ferrovia-50\/\"><h2 class=\"content__title\">Governo quer leiloar 10 portos e ferrovia Norte-Sul nos pr\u00f3ximos 50 dias<\/h2><\/a><div class=\"newsContent__article__meta\"><div class=\"newsContent__article__meta__authorBox\"><a href=\"https:\/\/www.suno.com.br\/noticias\/author\/guilherme-caetano\/\" class=\"authorBox__avatar noMobi\"><img src=\"https:\/\/secure.gravatar.com\/avatar\/e48357351a01702a0d19307070e081bf?s=96&#038;r=g\" alt=\"Guilherme Caetano\"><\/a><div class=\"authorBox__name\"><span>por\n\t\t\t<a href=\"https:\/\/www.suno.com.br\/noticias\/author\/guilherme-caetano\/\"><span itemprop=\"author\">Guilherme Caetano<\/span><\/a><\/span><time datetime=\"2019-02-18T13:43:27-03:00\" itemprop=\"datePublished\">18\/02\/2019 13:43<\/time><\/div><\/div><\/div><\/div><\/div>","single_layout":"posts","amp_enabled":true,"_links":{"self":[{"href":"https:\/\/www.suno.com.br\/noticias\/wp-json\/wp\/v2\/posts\/15674"}],"collection":[{"href":"https:\/\/www.suno.com.br\/noticias\/wp-json\/wp\/v2\/posts"}],"about":[{"href":"https:\/\/www.suno.com.br\/noticias\/wp-json\/wp\/v2\/types\/post"}],"author":[{"embeddable":true,"href":"https:\/\/www.suno.com.br\/noticias\/wp-json\/wp\/v2\/users\/13"}],"replies":[{"embeddable":true,"href":"https:\/\/www.suno.com.br\/noticias\/wp-json\/wp\/v2\/comments?post=15674"}],"version-history":[{"count":0,"href":"https:\/\/www.suno.com.br\/noticias\/wp-json\/wp\/v2\/posts\/15674\/revisions"}],"wp:featuredmedia":[{"embeddable":true,"href":"https:\/\/www.suno.com.br\/noticias\/wp-json\/wp\/v2\/media\/13445"}],"wp:attachment":[{"href":"https:\/\/www.suno.com.br\/noticias\/wp-json\/wp\/v2\/media?parent=15674"}],"wp:term":[{"taxonomy":"category","embeddable":true,"href":"https:\/\/www.suno.com.br\/noticias\/wp-json\/wp\/v2\/categories?post=15674"},{"taxonomy":"post_tag","embeddable":true,"href":"https:\/\/www.suno.com.br\/noticias\/wp-json\/wp\/v2\/tags?post=15674"},{"taxonomy":"suno_strategy","embeddable":true,"href":"https:\/\/www.suno.com.br\/noticias\/wp-json\/wp\/v2\/suno_strategy?post=15674"}],"curies":[{"name":"wp","href":"https:\/\/api.w.org\/{rel}","templated":true}]}}