{"id":156636,"date":"2021-06-13T13:25:52","date_gmt":"2021-06-13T16:25:52","guid":{"rendered":"https:\/\/www.suno.com.br\/noticias\/?p=156636"},"modified":"2021-06-13T13:25:52","modified_gmt":"2021-06-13T16:25:52","slug":"g7-doara-1-bilhao-de-vacinas-paises-pobres","status":"publish","type":"post","link":"https:\/\/www.suno.com.br\/noticias\/g7-doara-1-bilhao-de-vacinas-paises-pobres\/","title":{"rendered":"G7 doar\u00e1 1 bilh\u00e3o de doses de vacinas contra Covid-19 a pa\u00edses pobres"},"content":{"rendered":"<p>O G7 concluiu um plano de doa\u00e7\u00e3o de 1 bilh\u00e3o de doses de <strong>vacinas<\/strong> aos pa\u00edses mais pobres at\u00e9 o fim de 2022. A decis\u00e3o foi tomada pelos l\u00edderes do grupo neste domingo (13) e tem por objetivo erradicar a pandemia, segundo o primeiro-ministro brit\u00e2nico Boris Johnson.<\/p>\t<div class=\"wrapper-featured-image\">\n\t\t<figure class=\"spotlightImg\">\n\n\t\t\t<picture>\n\t\t\t\t<source media=\"(max-width: 768px)\" srcset=\"https:\/\/files.sunoresearch.com.br\/n\/uploads\/2021\/06\/c1c0d10c-whatsapp-image-2021-06-04-at-16.15.02-1-400x200.webp\">\n\t\t\t\t<img loading=\"lazy\" decoding=\"async\" class=\"newsContent__article__imgCapa lazyloadDisabled \" src=\"https:\/\/files.sunoresearch.com.br\/n\/uploads\/2021\/06\/c1c0d10c-whatsapp-image-2021-06-04-at-16.15.02-1-800x450.webp\" width=\"800\" height=\"450\" alt=\"G7 doar\u00e1 1 bilh\u00e3o de doses de vacinas contra Covid-19 a pa\u00edses pobres\" fetchpriority=high \/>\n\t\t\t<\/picture>\n\n\t\t\t<figcaption class=\"wp-caption-text wp-caption-text--show\">Reuni\u00e3o do G7. Foto: Reprodu\u00e7\u00e3o Instagram<\/figcaption>\n\t\t<\/figure>\n\t<\/div>\n\n\n\t<p>\n\t\t<a href=\"https:\/\/lp.suno.com.br\/planilha-controle-gastos\/\" target=\"_blank\" data-element=\"shortcode-suno-banner\" title=\"Banner SUNO, clique e saiba mais\">\n\t\t\t<picture>\n\t\t\t\t<source media=\"(max-width: 500px)\" srcset=\"https:\/\/files.sunoresearch.com.br\/n\/uploads\/2023\/03\/400x300-Planilha-controle-de-gastos.png\">\n\t\t\t\t<img class=\"newsContent__article__imgCapa newsContent__article__imgCapa--banner\"\n\t\t\t\t\tsrc=\"https:\/\/files.sunoresearch.com.br\/n\/uploads\/2023\/03\/1420x240-Planilha-controle-de-gastos.png\"\n\t\t\t\t\tdata-promo-id=\"101751\"\t\t\t\t\t\t\t\t\t\twidth='1420' height='240'\t\t\t\t\talt=\"https:\/\/files.sunoresearch.com.br\/n\/uploads\/2023\/03\/1420x240-Planilha-controle-de-gastos.png\"\n\t\t\t\t>\n\t\t\t<\/picture>\n\t\t<\/a>\n\t<\/p>\n\n\n<p>&#8220;Pedi a meus colegas para ajudar a preparar e distribuir as doses necess\u00e1rias para imunizar o mundo at\u00e9 o final de 2022&#8221;, afirmou Johnson em uma entrevista coletiva nesta manh\u00e3. De acordo com o premi\u00ea, os l\u00edderes est\u00e3o &#8220;comprometidos com mais de 1 bilh\u00e3o de doses&#8221;, financiando-as ou atrav\u00e9s da <strong>Covax<\/strong>, iniciativa da Organiza\u00e7\u00e3o Mundial da Sa\u00fade (<strong>OMS<\/strong>) para compartilhamento de vacinas.<\/p>\n<p>&#8220;Os compromissos totais do G7 desde o in\u00edcio da pandemia preveem um total de mais de dois bilh\u00f5es de doses de vacina, com os compromissos desde nosso \u00faltimo encontro em fevereiro de 2021, incluindo aqui na Ba\u00eda de Carbis, prevendo um bilh\u00e3o de doses no decorrer do pr\u00f3ximo ano&#8221;, diz o documento oficial do grupo.<\/p>\n<p><a href=\"https:\/\/lp.suno.com.br\/suno-one\/\"><span style=\"font-weight: 400;\">Suno One: acesse gratuitamente eBooks, Minicursos, Artigos e Video Aulas sobre investimentos com um \u00fanico cadastro. Clique para saber mais!<\/span><\/a><\/p>\n<p>Os l\u00edderes estabeleceram a meta de acabar com a <strong>pandemia<\/strong> no pr\u00f3ximo ano, o que, de acordo com eles, exigir\u00e1 a vacina\u00e7\u00e3o de pelo menos 60% da popula\u00e7\u00e3o global. Essa meta \u00e9 uma revis\u00e3o de uma vers\u00e3o anterior do comunicado, que indicou o objetivo de imunizar 80% dos adultos, segundo reportou a <em>Bloomberg<\/em>.<\/p>\n<p>Ainda n\u00e3o h\u00e1 informa\u00e7\u00f5es sobre os pa\u00edses que receber\u00e3o as doses. Al\u00e9m do Reino Unido, integram o bloco:<\/p>\n<ul>\n<li>Alemanha;<\/li>\n<li>Canad\u00e1;<\/li>\n<li>Estados Unidos;<\/li>\n<li>Fran\u00e7a;<\/li>\n<li>It\u00e1lia;<\/li>\n<li>Jap\u00e3o.<\/li>\n<\/ul>\n\t<p>\n\t\t<a href=\"https:\/\/lp.suno.com.br\/planilha-controle-gastos\/\" target=\"_blank\" data-element=\"shortcode-suno-banner\" title=\"Banner SUNO, clique e saiba mais\">\n\t\t\t<picture>\n\t\t\t\t<source media=\"(max-width: 500px)\" srcset=\"https:\/\/files.sunoresearch.com.br\/n\/uploads\/2023\/03\/400x300-Planilha-controle-de-gastos.png\">\n\t\t\t\t<img class=\"newsContent__article__imgCapa newsContent__article__imgCapa--banner\"\n\t\t\t\t\tsrc=\"https:\/\/files.sunoresearch.com.br\/n\/uploads\/2023\/03\/1420x240-Planilha-controle-de-gastos.png\"\n\t\t\t\t\tdata-promo-id=\"101751\"\t\t\t\t\t\t\t\t\t\twidth='1420' height='240'\t\t\t\t\talt=\"https:\/\/files.sunoresearch.com.br\/n\/uploads\/2023\/03\/1420x240-Planilha-controle-de-gastos.png\"\n\t\t\t\t>\n\t\t\t<\/picture>\n\t\t<\/a>\n\t<\/p>\n\n\n<h2>Moderna quer produzir 4 bilh\u00f5es de vacinas at\u00e9 2022<\/h2>\n<p>A <strong>Moderna<\/strong> (M1RN34) tem como meta produzir cerca de 1 bilh\u00e3o de doses de vacina contra o <strong>coronav\u00edrus<\/strong> neste ano, segundo informou o executivo-chefe da companhia, St\u00e9phane Bancel, na \u00faltima quarta-feira (9). Para o ano que vem, a empresa pretende gerar 3 bilh\u00f5es de doses da vacina.<\/p>\n\t<div data-element=\"shortcode-read-more\" class=\"knowMore\">\n\t\t\t\t<span class=\"knowMore__title\">Leia tamb\u00e9m<\/span>\n\t\t\t\t<a class=\"knowMore__link\" href=\"https:\/\/www.suno.com.br\/noticias\/g7-aliquota-15-imposto-corporativo-global\/\">\n\t\t\tG7 discute al\u00edquota de &#039;pelo menos 15%&#039; para imposto corporativo global, diz ag\u00eancia\t\t<\/a>\n\t<\/div>\n\n\n<p>O executivo disse que, na avalia\u00e7\u00e3o dele, uma eventual quebra na patente de imunizantes contra o v\u00edrus teria &#8220;pouco impacto, no <a class=\"suno-keyword\" href=\"https:\/\/www.suno.com.br\/artigos\/curto-prazo\/\" target=\"_blank\" rel=\"noopener noreferrer\" data-force=\"no\" data-priority=\"1\">curto prazo<\/a>&#8220;, j\u00e1 que as empresas respons\u00e1veis possuem as mat\u00e9rias-primas e os processos para ger\u00e1-la e ser\u00e1 dif\u00edcil reproduzir isso em pouco tempo.<\/p>\n<p>Ele afirmou que a Moderna pretende manter um papel importante na luta contra a pandemia e disse que ela pode produzir mais <strong>vacinas<\/strong>, por\u00e9m enfatizou a import\u00e2ncia de que os pa\u00edses do G-7 e do mundo em geral fa\u00e7am encomendas com antecipa\u00e7\u00e3o, para que as empresas possam desenvolver capacidade e executar essas entregas nos prazos combinados.<\/p>\n\t<p>\n\t\t<a href=\"https:\/\/lp.suno.com.br\/planilha-de-controle-de-investimentos\/\" target=\"_blank\" data-element=\"shortcode-suno-banner\" title=\"Banner SUNO, clique e saiba mais\">\n\t\t\t<picture>\n\t\t\t\t<source media=\"(max-width: 500px)\" srcset=\"https:\/\/files.sunoresearch.com.br\/n\/uploads\/2023\/03\/400x300-Controle-de-Investimentos.png\">\n\t\t\t\t<img class=\"newsContent__article__imgCapa newsContent__article__imgCapa--banner\"\n\t\t\t\t\tsrc=\"https:\/\/files.sunoresearch.com.br\/n\/uploads\/2023\/03\/1420x240-Controle-de-Investimentos.png\"\n\t\t\t\t\tdata-promo-id=\"75934\"\t\t\t\t\t\t\t\t\t\twidth='1420' height='240'\t\t\t\t\talt=\"https:\/\/files.sunoresearch.com.br\/n\/uploads\/2023\/03\/1420x240-Controle-de-Investimentos.png\"\n\t\t\t\t>\n\t\t\t<\/picture>\n\t\t<\/a>\n\t<\/p>\n\n\n","protected":false},"excerpt":{"rendered":"<p>O G7 concluiu um plano de doa\u00e7\u00e3o de 1 bilh\u00e3o de doses de vacinas aos pa\u00edses mais pobres at\u00e9 o fim de 2022. A decis\u00e3o foi tomada pelos l\u00edderes do grupo neste domingo (13) e tem por objetivo erradicar a pandemia, segundo o primeiro-ministro brit\u00e2nico Boris Johnson. Reuni\u00e3o do G7. Foto: Reprodu\u00e7\u00e3o Instagram &#8220;Pedi a [&hellip;]<\/p>\n","protected":false},"author":24,"featured_media":154581,"comment_status":"closed","ping_status":"closed","sticky":false,"template":"","format":"standard","meta":[],"categories":[63],"tags":[5255,106413,2748,25002],"suno_strategy":[],"class_list":["post-156636","post","type-post","status-publish","format-standard","has-post-thumbnail","hentry","category-internacional","tag-covid-19","tag-g7","tag-pandemia","tag-vacina"],"yoast_head":"<!-- This site is optimized with the Yoast SEO plugin v24.4 - https:\/\/yoast.com\/wordpress\/plugins\/seo\/ -->\n<title>G7 doar\u00e1 1 bilh\u00e3o de doses de vacinas contra Covid-19 a pa\u00edses pobres<\/title>\n<meta name=\"description\" content=\"O G7 concluiu um plano de doa\u00e7\u00e3o de 1 bilh\u00e3o de doses de vacinas aos pa\u00edses mais pobres at\u00e9 o fim de 2022. Clique e saiba mais.\" \/>\n<meta name=\"robots\" content=\"index, follow, max-snippet:-1, max-image-preview:large, max-video-preview:-1\" \/>\n<link rel=\"canonical\" href=\"https:\/\/www.suno.com.br\/noticias\/g7-doara-1-bilhao-de-vacinas-paises-pobres\/\" \/>\n<meta property=\"og:locale\" content=\"pt_BR\" \/>\n<meta property=\"og:type\" content=\"article\" \/>\n<meta property=\"og:title\" content=\"G7 doar\u00e1 1 bilh\u00e3o de doses de vacinas contra Covid-19 a pa\u00edses pobres\" \/>\n<meta property=\"og:description\" content=\"O G7 concluiu um plano de doa\u00e7\u00e3o de 1 bilh\u00e3o de doses de vacinas aos pa\u00edses mais pobres at\u00e9 o fim de 2022. Clique e saiba mais.\" \/>\n<meta property=\"og:url\" content=\"https:\/\/www.suno.com.br\/noticias\/g7-doara-1-bilhao-de-vacinas-paises-pobres\/\" \/>\n<meta property=\"og:site_name\" content=\"Suno Not\u00edcias\" \/>\n<meta property=\"article:publisher\" content=\"https:\/\/facebook.com\/sunoresearch\" \/>\n<meta property=\"og:image\" content=\"https:\/\/files.sunoresearch.com.br\/n\/uploads\/2021\/06\/c1c0d10c-whatsapp-image-2021-06-04-at-16.15.02-1.jpg\" \/>\n\t<meta property=\"og:image:width\" content=\"1200\" \/>\n\t<meta property=\"og:image:height\" content=\"950\" \/>\n\t<meta property=\"og:image:type\" content=\"image\/jpeg\" \/>\n<meta name=\"author\" content=\"Jader Lazarini\" \/>\n<meta name=\"twitter:card\" content=\"summary_large_image\" \/>\n<meta name=\"twitter:creator\" content=\"@sunoresearch\" \/>\n<meta name=\"twitter:site\" content=\"@sunoresearch\" \/>\n<meta name=\"twitter:label1\" content=\"Escrito por\" \/>\n\t<meta name=\"twitter:data1\" content=\"Jader Lazarini\" \/>\n\t<meta name=\"twitter:label2\" content=\"Est. tempo de leitura\" \/>\n\t<meta name=\"twitter:data2\" content=\"2 minutos\" \/>\n<script type=\"application\/ld+json\" class=\"yoast-schema-graph\">{\"@context\":\"https:\/\/schema.org\",\"@graph\":[{\"@type\":\"NewsArticle\",\"@id\":\"https:\/\/www.suno.com.br\/noticias\/g7-doara-1-bilhao-de-vacinas-paises-pobres\/#article\",\"isPartOf\":{\"@id\":\"https:\/\/www.suno.com.br\/noticias\/g7-doara-1-bilhao-de-vacinas-paises-pobres\/\"},\"author\":{\"name\":\"Jader Lazarini\",\"@id\":\"https:\/\/www.suno.com.br\/noticias\/#\/schema\/person\/918d79de1f0281f01599b93f9ea6e23f\"},\"headline\":\"G7 doar\u00e1 1 bilh\u00e3o de doses de vacinas contra Covid-19 a pa\u00edses pobres\",\"datePublished\":\"2021-06-13T16:25:52+00:00\",\"mainEntityOfPage\":{\"@id\":\"https:\/\/www.suno.com.br\/noticias\/g7-doara-1-bilhao-de-vacinas-paises-pobres\/\"},\"wordCount\":484,\"publisher\":{\"@id\":\"https:\/\/www.suno.com.br\/noticias\/#organization\"},\"image\":{\"@id\":\"https:\/\/www.suno.com.br\/noticias\/g7-doara-1-bilhao-de-vacinas-paises-pobres\/#primaryimage\"},\"thumbnailUrl\":\"https:\/\/files.sunoresearch.com.br\/n\/uploads\/2021\/06\/c1c0d10c-whatsapp-image-2021-06-04-at-16.15.02-1-jpg.webp\",\"keywords\":[\"covid-19\",\"G7\",\"pandemia\",\"vacina\"],\"articleSection\":[\"Internacional\"],\"inLanguage\":\"pt-BR\"},{\"@type\":\"WebPage\",\"@id\":\"https:\/\/www.suno.com.br\/noticias\/g7-doara-1-bilhao-de-vacinas-paises-pobres\/\",\"url\":\"https:\/\/www.suno.com.br\/noticias\/g7-doara-1-bilhao-de-vacinas-paises-pobres\/\",\"name\":\"G7 doar\u00e1 1 bilh\u00e3o de doses de vacinas contra Covid-19 a pa\u00edses pobres\",\"isPartOf\":{\"@id\":\"https:\/\/www.suno.com.br\/noticias\/#website\"},\"primaryImageOfPage\":{\"@id\":\"https:\/\/www.suno.com.br\/noticias\/g7-doara-1-bilhao-de-vacinas-paises-pobres\/#primaryimage\"},\"image\":{\"@id\":\"https:\/\/www.suno.com.br\/noticias\/g7-doara-1-bilhao-de-vacinas-paises-pobres\/#primaryimage\"},\"thumbnailUrl\":\"https:\/\/files.sunoresearch.com.br\/n\/uploads\/2021\/06\/c1c0d10c-whatsapp-image-2021-06-04-at-16.15.02-1-jpg.webp\",\"datePublished\":\"2021-06-13T16:25:52+00:00\",\"description\":\"O G7 concluiu um plano de doa\u00e7\u00e3o de 1 bilh\u00e3o de doses de vacinas aos pa\u00edses mais pobres at\u00e9 o fim de 2022. Clique e saiba mais.\",\"breadcrumb\":{\"@id\":\"https:\/\/www.suno.com.br\/noticias\/g7-doara-1-bilhao-de-vacinas-paises-pobres\/#breadcrumb\"},\"inLanguage\":\"pt-BR\",\"potentialAction\":[{\"@type\":\"ReadAction\",\"target\":[\"https:\/\/www.suno.com.br\/noticias\/g7-doara-1-bilhao-de-vacinas-paises-pobres\/\"]}]},{\"@type\":\"ImageObject\",\"inLanguage\":\"pt-BR\",\"@id\":\"https:\/\/www.suno.com.br\/noticias\/g7-doara-1-bilhao-de-vacinas-paises-pobres\/#primaryimage\",\"url\":\"https:\/\/files.sunoresearch.com.br\/n\/uploads\/2021\/06\/c1c0d10c-whatsapp-image-2021-06-04-at-16.15.02-1-jpg.webp\",\"contentUrl\":\"https:\/\/files.sunoresearch.com.br\/n\/uploads\/2021\/06\/c1c0d10c-whatsapp-image-2021-06-04-at-16.15.02-1-jpg.webp\",\"width\":1200,\"height\":950,\"caption\":\"Reuni\u00e3o do G7. Foto: Reprodu\u00e7\u00e3o Instagram\"},{\"@type\":\"BreadcrumbList\",\"@id\":\"https:\/\/www.suno.com.br\/noticias\/g7-doara-1-bilhao-de-vacinas-paises-pobres\/#breadcrumb\",\"itemListElement\":[{\"@type\":\"ListItem\",\"position\":1,\"name\":\"Not\u00edcias\",\"item\":\"https:\/\/www.suno.com.br\/noticias\/\"},{\"@type\":\"ListItem\",\"position\":2,\"name\":\"Internacional\",\"item\":\"https:\/\/www.suno.com.br\/noticias\/internacional\/\"},{\"@type\":\"ListItem\",\"position\":3,\"name\":\"G7 doar\u00e1 1 bilh\u00e3o de doses de vacinas contra Covid-19 a pa\u00edses pobres\"}]},{\"@type\":\"WebSite\",\"@id\":\"https:\/\/www.suno.com.br\/noticias\/#website\",\"url\":\"https:\/\/www.suno.com.br\/noticias\/\",\"name\":\"Suno Not\u00edcias\",\"description\":\"Seu portal de informa\u00e7\u00e3o sobre o mundo dos investimentos\",\"publisher\":{\"@id\":\"https:\/\/www.suno.com.br\/noticias\/#organization\"},\"potentialAction\":[{\"@type\":\"SearchAction\",\"target\":{\"@type\":\"EntryPoint\",\"urlTemplate\":\"https:\/\/www.suno.com.br\/noticias\/?s={search_term_string}\"},\"query-input\":{\"@type\":\"PropertyValueSpecification\",\"valueRequired\":true,\"valueName\":\"search_term_string\"}}],\"inLanguage\":\"pt-BR\"},{\"@type\":\"Organization\",\"@id\":\"https:\/\/www.suno.com.br\/noticias\/#organization\",\"name\":\"Suno Not\u00edcias\",\"url\":\"https:\/\/www.suno.com.br\/noticias\/\",\"logo\":{\"@type\":\"ImageObject\",\"inLanguage\":\"pt-BR\",\"@id\":\"https:\/\/www.suno.com.br\/noticias\/#\/schema\/logo\/image\/\",\"url\":\"https:\/\/files.sunoresearch.com.br\/n\/uploads\/2021\/09\/suno-logo.png\",\"contentUrl\":\"https:\/\/files.sunoresearch.com.br\/n\/uploads\/2021\/09\/suno-logo.png\",\"width\":180,\"height\":180,\"caption\":\"Suno Not\u00edcias\"},\"image\":{\"@id\":\"https:\/\/www.suno.com.br\/noticias\/#\/schema\/logo\/image\/\"},\"sameAs\":[\"https:\/\/facebook.com\/sunoresearch\",\"https:\/\/x.com\/sunoresearch\",\"https:\/\/www.instagram.com\/suno\",\"https:\/\/www.linkedin.com\/company\/suno-research\/\",\"https:\/\/www.youtube.com\/c\/sunoresearch\"]},{\"@type\":\"Person\",\"@id\":\"https:\/\/www.suno.com.br\/noticias\/#\/schema\/person\/918d79de1f0281f01599b93f9ea6e23f\",\"name\":\"Jader Lazarini\",\"image\":{\"@type\":\"ImageObject\",\"inLanguage\":\"pt-BR\",\"@id\":\"https:\/\/www.suno.com.br\/noticias\/#\/schema\/person\/image\/\",\"url\":\"https:\/\/secure.gravatar.com\/avatar\/3c1ad8caa51589841baeb923fcddea97?s=96&r=g\",\"contentUrl\":\"https:\/\/secure.gravatar.com\/avatar\/3c1ad8caa51589841baeb923fcddea97?s=96&r=g\",\"caption\":\"Jader Lazarini\"},\"description\":\"Jader Lazarini escreve sobre investimentos, finan\u00e7as, economia e neg\u00f3cios. \u00c9 bacharel em Rela\u00e7\u00f5es Internacionais e analista CNPI (2619).\",\"url\":\"https:\/\/www.suno.com.br\/noticias\/author\/jader-lazarini\/\"}]}<\/script>\n<!-- \/ Yoast SEO plugin. -->","yoast_head_json":{"title":"G7 doar\u00e1 1 bilh\u00e3o de doses de vacinas contra Covid-19 a pa\u00edses pobres","description":"O G7 concluiu um plano de doa\u00e7\u00e3o de 1 bilh\u00e3o de doses de vacinas aos pa\u00edses mais pobres at\u00e9 o fim de 2022. Clique e saiba mais.","robots":{"index":"index","follow":"follow","max-snippet":"max-snippet:-1","max-image-preview":"max-image-preview:large","max-video-preview":"max-video-preview:-1"},"canonical":"https:\/\/www.suno.com.br\/noticias\/g7-doara-1-bilhao-de-vacinas-paises-pobres\/","og_locale":"pt_BR","og_type":"article","og_title":"G7 doar\u00e1 1 bilh\u00e3o de doses de vacinas contra Covid-19 a pa\u00edses pobres","og_description":"O G7 concluiu um plano de doa\u00e7\u00e3o de 1 bilh\u00e3o de doses de vacinas aos pa\u00edses mais pobres at\u00e9 o fim de 2022. Clique e saiba mais.","og_url":"https:\/\/www.suno.com.br\/noticias\/g7-doara-1-bilhao-de-vacinas-paises-pobres\/","og_site_name":"Suno Not\u00edcias","article_publisher":"https:\/\/facebook.com\/sunoresearch","og_image":[{"width":1200,"height":950,"url":"https:\/\/files.sunoresearch.com.br\/n\/uploads\/2021\/06\/c1c0d10c-whatsapp-image-2021-06-04-at-16.15.02-1.jpg","type":"image\/jpeg"}],"author":"Jader Lazarini","twitter_card":"summary_large_image","twitter_creator":"@sunoresearch","twitter_site":"@sunoresearch","twitter_misc":{"Escrito por":"Jader Lazarini","Est. tempo de leitura":"2 minutos"},"schema":{"@context":"https:\/\/schema.org","@graph":[{"@type":"NewsArticle","@id":"https:\/\/www.suno.com.br\/noticias\/g7-doara-1-bilhao-de-vacinas-paises-pobres\/#article","isPartOf":{"@id":"https:\/\/www.suno.com.br\/noticias\/g7-doara-1-bilhao-de-vacinas-paises-pobres\/"},"author":{"name":"Jader Lazarini","@id":"https:\/\/www.suno.com.br\/noticias\/#\/schema\/person\/918d79de1f0281f01599b93f9ea6e23f"},"headline":"G7 doar\u00e1 1 bilh\u00e3o de doses de vacinas contra Covid-19 a pa\u00edses pobres","datePublished":"2021-06-13T16:25:52+00:00","mainEntityOfPage":{"@id":"https:\/\/www.suno.com.br\/noticias\/g7-doara-1-bilhao-de-vacinas-paises-pobres\/"},"wordCount":484,"publisher":{"@id":"https:\/\/www.suno.com.br\/noticias\/#organization"},"image":{"@id":"https:\/\/www.suno.com.br\/noticias\/g7-doara-1-bilhao-de-vacinas-paises-pobres\/#primaryimage"},"thumbnailUrl":"https:\/\/files.sunoresearch.com.br\/n\/uploads\/2021\/06\/c1c0d10c-whatsapp-image-2021-06-04-at-16.15.02-1-jpg.webp","keywords":["covid-19","G7","pandemia","vacina"],"articleSection":["Internacional"],"inLanguage":"pt-BR"},{"@type":"WebPage","@id":"https:\/\/www.suno.com.br\/noticias\/g7-doara-1-bilhao-de-vacinas-paises-pobres\/","url":"https:\/\/www.suno.com.br\/noticias\/g7-doara-1-bilhao-de-vacinas-paises-pobres\/","name":"G7 doar\u00e1 1 bilh\u00e3o de doses de vacinas contra Covid-19 a pa\u00edses pobres","isPartOf":{"@id":"https:\/\/www.suno.com.br\/noticias\/#website"},"primaryImageOfPage":{"@id":"https:\/\/www.suno.com.br\/noticias\/g7-doara-1-bilhao-de-vacinas-paises-pobres\/#primaryimage"},"image":{"@id":"https:\/\/www.suno.com.br\/noticias\/g7-doara-1-bilhao-de-vacinas-paises-pobres\/#primaryimage"},"thumbnailUrl":"https:\/\/files.sunoresearch.com.br\/n\/uploads\/2021\/06\/c1c0d10c-whatsapp-image-2021-06-04-at-16.15.02-1-jpg.webp","datePublished":"2021-06-13T16:25:52+00:00","description":"O G7 concluiu um plano de doa\u00e7\u00e3o de 1 bilh\u00e3o de doses de vacinas aos pa\u00edses mais pobres at\u00e9 o fim de 2022. Clique e saiba mais.","breadcrumb":{"@id":"https:\/\/www.suno.com.br\/noticias\/g7-doara-1-bilhao-de-vacinas-paises-pobres\/#breadcrumb"},"inLanguage":"pt-BR","potentialAction":[{"@type":"ReadAction","target":["https:\/\/www.suno.com.br\/noticias\/g7-doara-1-bilhao-de-vacinas-paises-pobres\/"]}]},{"@type":"ImageObject","inLanguage":"pt-BR","@id":"https:\/\/www.suno.com.br\/noticias\/g7-doara-1-bilhao-de-vacinas-paises-pobres\/#primaryimage","url":"https:\/\/files.sunoresearch.com.br\/n\/uploads\/2021\/06\/c1c0d10c-whatsapp-image-2021-06-04-at-16.15.02-1-jpg.webp","contentUrl":"https:\/\/files.sunoresearch.com.br\/n\/uploads\/2021\/06\/c1c0d10c-whatsapp-image-2021-06-04-at-16.15.02-1-jpg.webp","width":1200,"height":950,"caption":"Reuni\u00e3o do G7. Foto: Reprodu\u00e7\u00e3o Instagram"},{"@type":"BreadcrumbList","@id":"https:\/\/www.suno.com.br\/noticias\/g7-doara-1-bilhao-de-vacinas-paises-pobres\/#breadcrumb","itemListElement":[{"@type":"ListItem","position":1,"name":"Not\u00edcias","item":"https:\/\/www.suno.com.br\/noticias\/"},{"@type":"ListItem","position":2,"name":"Internacional","item":"https:\/\/www.suno.com.br\/noticias\/internacional\/"},{"@type":"ListItem","position":3,"name":"G7 doar\u00e1 1 bilh\u00e3o de doses de vacinas contra Covid-19 a pa\u00edses pobres"}]},{"@type":"WebSite","@id":"https:\/\/www.suno.com.br\/noticias\/#website","url":"https:\/\/www.suno.com.br\/noticias\/","name":"Suno Not\u00edcias","description":"Seu portal de informa\u00e7\u00e3o sobre o mundo dos investimentos","publisher":{"@id":"https:\/\/www.suno.com.br\/noticias\/#organization"},"potentialAction":[{"@type":"SearchAction","target":{"@type":"EntryPoint","urlTemplate":"https:\/\/www.suno.com.br\/noticias\/?s={search_term_string}"},"query-input":{"@type":"PropertyValueSpecification","valueRequired":true,"valueName":"search_term_string"}}],"inLanguage":"pt-BR"},{"@type":"Organization","@id":"https:\/\/www.suno.com.br\/noticias\/#organization","name":"Suno Not\u00edcias","url":"https:\/\/www.suno.com.br\/noticias\/","logo":{"@type":"ImageObject","inLanguage":"pt-BR","@id":"https:\/\/www.suno.com.br\/noticias\/#\/schema\/logo\/image\/","url":"https:\/\/files.sunoresearch.com.br\/n\/uploads\/2021\/09\/suno-logo.png","contentUrl":"https:\/\/files.sunoresearch.com.br\/n\/uploads\/2021\/09\/suno-logo.png","width":180,"height":180,"caption":"Suno Not\u00edcias"},"image":{"@id":"https:\/\/www.suno.com.br\/noticias\/#\/schema\/logo\/image\/"},"sameAs":["https:\/\/facebook.com\/sunoresearch","https:\/\/x.com\/sunoresearch","https:\/\/www.instagram.com\/suno","https:\/\/www.linkedin.com\/company\/suno-research\/","https:\/\/www.youtube.com\/c\/sunoresearch"]},{"@type":"Person","@id":"https:\/\/www.suno.com.br\/noticias\/#\/schema\/person\/918d79de1f0281f01599b93f9ea6e23f","name":"Jader Lazarini","image":{"@type":"ImageObject","inLanguage":"pt-BR","@id":"https:\/\/www.suno.com.br\/noticias\/#\/schema\/person\/image\/","url":"https:\/\/secure.gravatar.com\/avatar\/3c1ad8caa51589841baeb923fcddea97?s=96&r=g","contentUrl":"https:\/\/secure.gravatar.com\/avatar\/3c1ad8caa51589841baeb923fcddea97?s=96&r=g","caption":"Jader Lazarini"},"description":"Jader Lazarini escreve sobre investimentos, finan\u00e7as, economia e neg\u00f3cios. \u00c9 bacharel em Rela\u00e7\u00f5es Internacionais e analista CNPI (2619).","url":"https:\/\/www.suno.com.br\/noticias\/author\/jader-lazarini\/"}]}},"default_loop_html":"<div class=\"cardsPage__listCard__boxs\"><div class=\"cardsPage__listCard__boxs__img\"><a href=\"https:\/\/www.suno.com.br\/noticias\/g7-doara-1-bilhao-de-vacinas-paises-pobres\/\"><img class=\"mask\" src=\"https:\/\/www.suno.com.br\/noticias\/wp-content\/themes\/suno\/resources\/images\/spotlight\/spotlight1img\/bg-mask.png\" alt=\"Image Mask\"\/><img src=\"https:\/\/files.sunoresearch.com.br\/n\/uploads\/2021\/06\/c1c0d10c-whatsapp-image-2021-06-04-at-16.15.02-1-400x200.webp\" alt=\"G7 doar\u00e1 1 bilh\u00e3o de doses de vacinas contra Covid-19 a pa\u00edses pobres\"\/><\/a><span class=\"spotlightCategory\"><a href=\"https:\/\/www.suno.com.br\/noticias\/internacional\/\">Internacional<\/a><\/span><\/div><div class=\"cardsPage__listCard__boxs__content\"><a href=\"https:\/\/www.suno.com.br\/noticias\/g7-doara-1-bilhao-de-vacinas-paises-pobres\/\"><h2 class=\"content__title\">G7 doar\u00e1 1 bilh\u00e3o de doses de vacinas contra Covid-19 a pa\u00edses pobres<\/h2><\/a><div class=\"newsContent__article__meta\"><div class=\"newsContent__article__meta__authorBox\"><a href=\"https:\/\/www.suno.com.br\/noticias\/author\/jader-lazarini\/\" class=\"authorBox__avatar noMobi\"><img src=\"https:\/\/files.sunoresearch.com.br\/n\/uploads\/2021\/01\/178e6598-foto-perfil-2-150x150.jpg\" alt=\"Jader Lazarini\"><\/a><div class=\"authorBox__name\"><span>por\n\t\t\t<a href=\"https:\/\/www.suno.com.br\/noticias\/author\/jader-lazarini\/\"><span itemprop=\"author\">Jader Lazarini<\/span><\/a><\/span><time datetime=\"2021-06-13T13:25:52-03:00\" itemprop=\"datePublished\">13\/06\/2021 13:25<\/time><\/div><\/div><\/div><\/div><\/div>","single_layout":"posts","amp_enabled":true,"_links":{"self":[{"href":"https:\/\/www.suno.com.br\/noticias\/wp-json\/wp\/v2\/posts\/156636"}],"collection":[{"href":"https:\/\/www.suno.com.br\/noticias\/wp-json\/wp\/v2\/posts"}],"about":[{"href":"https:\/\/www.suno.com.br\/noticias\/wp-json\/wp\/v2\/types\/post"}],"author":[{"embeddable":true,"href":"https:\/\/www.suno.com.br\/noticias\/wp-json\/wp\/v2\/users\/24"}],"replies":[{"embeddable":true,"href":"https:\/\/www.suno.com.br\/noticias\/wp-json\/wp\/v2\/comments?post=156636"}],"version-history":[{"count":2,"href":"https:\/\/www.suno.com.br\/noticias\/wp-json\/wp\/v2\/posts\/156636\/revisions"}],"predecessor-version":[{"id":156638,"href":"https:\/\/www.suno.com.br\/noticias\/wp-json\/wp\/v2\/posts\/156636\/revisions\/156638"}],"wp:featuredmedia":[{"embeddable":true,"href":"https:\/\/www.suno.com.br\/noticias\/wp-json\/wp\/v2\/media\/154581"}],"wp:attachment":[{"href":"https:\/\/www.suno.com.br\/noticias\/wp-json\/wp\/v2\/media?parent=156636"}],"wp:term":[{"taxonomy":"category","embeddable":true,"href":"https:\/\/www.suno.com.br\/noticias\/wp-json\/wp\/v2\/categories?post=156636"},{"taxonomy":"post_tag","embeddable":true,"href":"https:\/\/www.suno.com.br\/noticias\/wp-json\/wp\/v2\/tags?post=156636"},{"taxonomy":"suno_strategy","embeddable":true,"href":"https:\/\/www.suno.com.br\/noticias\/wp-json\/wp\/v2\/suno_strategy?post=156636"}],"curies":[{"name":"wp","href":"https:\/\/api.w.org\/{rel}","templated":true}]}}