{"id":156595,"date":"2021-06-13T10:19:30","date_gmt":"2021-06-13T13:19:30","guid":{"rendered":"https:\/\/www.suno.com.br\/noticias\/?p=156595"},"modified":"2021-06-13T11:30:25","modified_gmt":"2021-06-13T14:30:25","slug":"crise-hidrica-governo-reduz-vazao","status":"publish","type":"post","link":"https:\/\/www.suno.com.br\/noticias\/crise-hidrica-governo-reduz-vazao\/","title":{"rendered":"Crise h\u00eddrica: governo reduz vaz\u00e3o de usinas na Bacia do Paran\u00e1"},"content":{"rendered":"<p>Em meio \u00e0 <strong>crise h\u00eddrica<\/strong> que assola o Brasil, o governo decidiu reduzir a vaz\u00e3o de duas hidrel\u00e9tricas na Bacia do Paran\u00e1. Essa \u00e9 mais uma das medidas que objetiva conter os impactos da situa\u00e7\u00e3o, publicada em edi\u00e7\u00e3o extra do Di\u00e1rio Oficial da Uni\u00e3o (DOU) na noite da \u00faltima sexta-feira (11).<\/p>\t<div class=\"wrapper-featured-image\">\n\t\t<figure class=\"spotlightImg\">\n\n\t\t\t<picture>\n\t\t\t\t<source media=\"(max-width: 768px)\" srcset=\"https:\/\/files.sunoresearch.com.br\/n\/uploads\/2021\/06\/7211f8d1-surface-455120_1920-400x200.webp\">\n\t\t\t\t<img loading=\"lazy\" decoding=\"async\" class=\"newsContent__article__imgCapa lazyloadDisabled \" src=\"https:\/\/files.sunoresearch.com.br\/n\/uploads\/2021\/06\/7211f8d1-surface-455120_1920-800x450.webp\" width=\"800\" height=\"450\" alt=\"Crise h\u00eddrica: governo reduz vaz\u00e3o de usinas na Bacia do Paran\u00e1\" fetchpriority=high \/>\n\t\t\t<\/picture>\n\n\t\t\t<figcaption class=\"wp-caption-text wp-caption-text--show\">Foto: Pixabay.<\/figcaption>\n\t\t<\/figure>\n\t<\/div>\n\n\n\t<p>\n\t\t<a href=\"https:\/\/lp.suno.com.br\/planilha-controle-gastos\/\" target=\"_blank\" data-element=\"shortcode-suno-banner\" title=\"Banner SUNO, clique e saiba mais\">\n\t\t\t<picture>\n\t\t\t\t<source media=\"(max-width: 500px)\" srcset=\"https:\/\/files.sunoresearch.com.br\/n\/uploads\/2023\/03\/400x300-Planilha-controle-de-gastos.png\">\n\t\t\t\t<img class=\"newsContent__article__imgCapa newsContent__article__imgCapa--banner\"\n\t\t\t\t\tsrc=\"https:\/\/files.sunoresearch.com.br\/n\/uploads\/2023\/03\/1420x240-Planilha-controle-de-gastos.png\"\n\t\t\t\t\tdata-promo-id=\"101751\"\t\t\t\t\t\t\t\t\t\twidth='1420' height='240'\t\t\t\t\talt=\"https:\/\/files.sunoresearch.com.br\/n\/uploads\/2023\/03\/1420x240-Planilha-controle-de-gastos.png\"\n\t\t\t\t>\n\t\t\t<\/picture>\n\t\t<\/a>\n\t<\/p>\n\n\n<p>A portaria publicada pelo <strong>Minist\u00e9rio de Minas e Energia<\/strong> (MME) determina a diminui\u00e7\u00e3o imediata do fluxo de \u00e1gua das usinas de Jupi\u00e1, entre as cidades de Andradina e Castilho (SP) e Tr\u00eas Lagoas (MS), e Porto Primavera, entre Rosana (SP) e de Bataypor\u00e3 (MS). O Sudeste, especificamente S\u00e3o Paulo, \u00e9 a regi\u00e3o mais impactada pela crise h\u00eddrica.<\/p>\n<p>O texto determina que a deflu\u00eancia m\u00ednima de Jupi\u00e1, da concession\u00e1ria China Three Gorges Corporation Brasil (CTG Brasil), dever\u00e1 ser reduzida gradualmente de forma a atingir 2.300 metros c\u00fabicos por segundo (m\u00b3\/s) em 1\u00ba de julho; e a de Porto Primavera, da Cesp, a 2.700 m\u00b3\/s a partir da mesma data.<\/p>\n<p><a href=\"https:\/\/lp.suno.com.br\/suno-one\/\"><span style=\"font-weight: 400;\">Suno One: acesse gratuitamente eBooks, Minicursos, Artigos e Video Aulas sobre investimentos com um \u00fanico cadastro. Clique para saber mais!<\/span><\/a><\/p>\n<p>H\u00e1 duas semanas, o governo emitiu alerta de emerg\u00eancia h\u00eddrica para os cinco estados:<\/p>\n<ul>\n<li>Minas Gerais;<\/li>\n<li>Goi\u00e1s;<\/li>\n<li>Mato Grosso do Sul;<\/li>\n<li>S\u00e3o Paulo;<\/li>\n<li>Paran\u00e1.<\/li>\n<\/ul>\n<p>Segundo o jornal <em>O Estado de S.Paulo<\/em>, desde a primeira quinzena de maio, a <a href=\"https:\/\/www.suno.com.br\/acoes\/cesp6\/\">Cesp (CESP6)<\/a> e a CTG realizam os testes de redu\u00e7\u00e3o das deflu\u00eancias dessas duas <strong>usinas<\/strong>. Jupi\u00e1 teve a vaz\u00e3o gradualmente diminu\u00edda de 3.700 metros c\u00fabicos por segundo para 3.200 m\u00b3\/s, e Porto Primavera, de 4.300 m\u00b3\/s para 3.800 m\u00b3\/s.<\/p>\n\t<div data-element=\"shortcode-read-more\" class=\"knowMore\">\n\t\t\t\t<span class=\"knowMore__title\">Saiba mais<\/span>\n\t\t\t\t<a class=\"knowMore__link\" href=\"https:\/\/www.suno.com.br\/noticias\/crise-hidrica-oficializada-documento-ana\/\">\n\t\t\tCrise h\u00eddrica \u00e9 oficializada em novo documento da ANA\t\t<\/a>\n\t<\/div>\n\n\n<p>Contudo, no dia 4 de junho, o Operador Nacional do Sistema El\u00e9trico (ONS) j\u00e1 havia deixado claro em nota t\u00e9cnica que iria recomendar fluxos ainda menores e realizar as tratativas necess\u00e1rias com o Ibama e a <strong>Ag\u00eancia Nacional de \u00c1guas (ANA)<\/strong>, al\u00e9m das empresas donas das usinas. O objetivo \u00e9 monitorar e diminuir os impactos para o turismo, pescadores, fauna e meio ambiente.<\/p>\n<h2>XP alerta para empresas impactadas pela crise h\u00eddrica<\/h2>\n<p>Segundo a XP, a falta de chuvas tende a impactar, de forma mais relevante, <strong>AES Brasil<\/strong> (AESB3) e Cesp. O <a href=\"https:\/\/www.suno.com.br\/artigos\/iee\/\">segmento do setor el\u00e9trico<\/a> mais afetado pelo cen\u00e1rio \u00e9 o de <strong>gera\u00e7\u00e3o<\/strong>, que contempla essas duas empresas.<\/p>\n\t<p>\n\t\t<a href=\"https:\/\/lp.suno.com.br\/planilha-da-vida-financeira\/\" target=\"_blank\" data-element=\"shortcode-suno-banner\" title=\"Banner SUNO, clique e saiba mais\">\n\t\t\t<picture>\n\t\t\t\t<source media=\"(max-width: 500px)\" srcset=\"https:\/\/files.sunoresearch.com.br\/n\/uploads\/2023\/04\/400x300-Planilha-vida-financeira-true.png\">\n\t\t\t\t<img class=\"newsContent__article__imgCapa newsContent__article__imgCapa--banner\"\n\t\t\t\t\tsrc=\"https:\/\/files.sunoresearch.com.br\/n\/uploads\/2023\/04\/1420x240-Planilha-vida-financeira-true.png\"\n\t\t\t\t\tdata-promo-id=\"106682\"\t\t\t\t\t\t\t\t\t\twidth='1420' height='240'\t\t\t\t\talt=\"https:\/\/files.sunoresearch.com.br\/n\/uploads\/2023\/04\/1420x240-Planilha-vida-financeira-true.png\"\n\t\t\t\t>\n\t\t\t<\/picture>\n\t\t<\/a>\n\t<\/p>\n\n\n<p>Elas tiveram redu\u00e7\u00e3o na produ\u00e7\u00e3o de energia el\u00e9trica no primeiro trimestre, em 21% e 22%, respectivamente. &#8220;Isso ilustra que o impacto do d\u00e9ficit h\u00eddrico j\u00e1 \u00e9 uma realidade para algumas geradoras, principalmente as localizadas em regi\u00f5es mais afetadas&#8221;, diz a corretora.<\/p>\n<p>A tend\u00eancia \u00e9 de piora no n\u00edvel dos reservat\u00f3rios nos pr\u00f3ximos meses, comenta a XP, pois o fim de abril marca o fim do per\u00edodo \u00famido no Sudeste e Centro-Oeste. &#8220;Sazonalmente, j\u00e1 se espera que o armazenamento de \u00e1guas se reduza entre maio e outubro.&#8221;<\/p>\n<p>Mesmo com a <strong>crise h\u00eddrica<\/strong>, a <a href=\"https:\/\/www.suno.com.br\/artigos\/carteira-recomendada\/\">corretora n\u00e3o mudou a recomenda\u00e7\u00e3o<\/a> de nenhuma companhia. O pre\u00e7o-alvo para as a\u00e7\u00f5es da AES Brasil continua sendo de R$ 18, e para a Cesp de R$ 36, com a indica\u00e7\u00e3o de compra para ambas as empresas.<\/p>\n<p><em>Com informa\u00e7\u00f5es do Estad\u00e3o Conte\u00fado.\u00a0<\/em><\/p>\n\t<p>\n\t\t<a href=\"https:\/\/lp.suno.com.br\/planilha-de-controle-de-investimentos\/\" target=\"_blank\" data-element=\"shortcode-suno-banner\" title=\"Banner SUNO, clique e saiba mais\">\n\t\t\t<picture>\n\t\t\t\t<source media=\"(max-width: 500px)\" srcset=\"https:\/\/files.sunoresearch.com.br\/n\/uploads\/2023\/03\/400x300-Controle-de-Investimentos.png\">\n\t\t\t\t<img class=\"newsContent__article__imgCapa newsContent__article__imgCapa--banner\"\n\t\t\t\t\tsrc=\"https:\/\/files.sunoresearch.com.br\/n\/uploads\/2023\/03\/1420x240-Controle-de-Investimentos.png\"\n\t\t\t\t\tdata-promo-id=\"75934\"\t\t\t\t\t\t\t\t\t\twidth='1420' height='240'\t\t\t\t\talt=\"https:\/\/files.sunoresearch.com.br\/n\/uploads\/2023\/03\/1420x240-Controle-de-Investimentos.png\"\n\t\t\t\t>\n\t\t\t<\/picture>\n\t\t<\/a>\n\t<\/p>\n\n\n","protected":false},"excerpt":{"rendered":"<p>Em meio \u00e0 crise h\u00eddrica que assola o Brasil, o governo decidiu reduzir a vaz\u00e3o de duas hidrel\u00e9tricas na Bacia do Paran\u00e1. Essa \u00e9 mais uma das medidas que objetiva conter os impactos da situa\u00e7\u00e3o, publicada em edi\u00e7\u00e3o extra do Di\u00e1rio Oficial da Uni\u00e3o (DOU) na noite da \u00faltima sexta-feira (11). Foto: Pixabay. A portaria [&hellip;]<\/p>\n","protected":false},"author":24,"featured_media":156617,"comment_status":"closed","ping_status":"closed","sticky":false,"template":"","format":"standard","meta":[],"categories":[62],"tags":[106435,2153],"suno_strategy":[],"class_list":["post-156595","post","type-post","status-publish","format-standard","has-post-thumbnail","hentry","category-economia","tag-crise-hidrica","tag-energia-eletrica"],"yoast_head":"<!-- This site is optimized with the Yoast SEO plugin v24.4 - https:\/\/yoast.com\/wordpress\/plugins\/seo\/ -->\n<title>Crise h\u00eddrica: governo reduz vaz\u00e3o de usinas na Bacia do Paran\u00e1<\/title>\n<meta name=\"description\" content=\"Em meio \u00e0 crise h\u00eddrica que assola o Brasil, o governo decidiu reduzir a vaz\u00e3o de duas hidrel\u00e9tricas na Bacia do Paran\u00e1. Clique e saiba mais.\" \/>\n<meta name=\"robots\" content=\"index, follow, max-snippet:-1, max-image-preview:large, max-video-preview:-1\" \/>\n<link rel=\"canonical\" href=\"https:\/\/www.suno.com.br\/noticias\/crise-hidrica-governo-reduz-vazao\/\" \/>\n<meta property=\"og:locale\" content=\"pt_BR\" \/>\n<meta property=\"og:type\" content=\"article\" \/>\n<meta property=\"og:title\" content=\"Crise h\u00eddrica: governo reduz vaz\u00e3o de usinas na Bacia do Paran\u00e1\" \/>\n<meta property=\"og:description\" content=\"Em meio \u00e0 crise h\u00eddrica que assola o Brasil, o governo decidiu reduzir a vaz\u00e3o de duas hidrel\u00e9tricas na Bacia do Paran\u00e1. Clique e saiba mais.\" \/>\n<meta property=\"og:url\" content=\"https:\/\/www.suno.com.br\/noticias\/crise-hidrica-governo-reduz-vazao\/\" \/>\n<meta property=\"og:site_name\" content=\"Suno Not\u00edcias\" \/>\n<meta property=\"article:publisher\" content=\"https:\/\/facebook.com\/sunoresearch\" \/>\n<meta property=\"og:image\" content=\"https:\/\/files.sunoresearch.com.br\/n\/uploads\/2021\/06\/7211f8d1-surface-455120_1920.jpg\" \/>\n\t<meta property=\"og:image:width\" content=\"1920\" \/>\n\t<meta property=\"og:image:height\" content=\"1280\" \/>\n\t<meta property=\"og:image:type\" content=\"image\/jpeg\" \/>\n<meta name=\"author\" content=\"Jader Lazarini\" \/>\n<meta name=\"twitter:card\" content=\"summary_large_image\" \/>\n<meta name=\"twitter:creator\" content=\"@sunoresearch\" \/>\n<meta name=\"twitter:site\" content=\"@sunoresearch\" \/>\n<meta name=\"twitter:label1\" content=\"Escrito por\" \/>\n\t<meta name=\"twitter:data1\" content=\"Jader Lazarini\" \/>\n\t<meta name=\"twitter:label2\" content=\"Est. tempo de leitura\" \/>\n\t<meta name=\"twitter:data2\" content=\"3 minutos\" \/>\n<script type=\"application\/ld+json\" class=\"yoast-schema-graph\">{\"@context\":\"https:\/\/schema.org\",\"@graph\":[{\"@type\":\"NewsArticle\",\"@id\":\"https:\/\/www.suno.com.br\/noticias\/crise-hidrica-governo-reduz-vazao\/#article\",\"isPartOf\":{\"@id\":\"https:\/\/www.suno.com.br\/noticias\/crise-hidrica-governo-reduz-vazao\/\"},\"author\":{\"name\":\"Jader Lazarini\",\"@id\":\"https:\/\/www.suno.com.br\/noticias\/#\/schema\/person\/918d79de1f0281f01599b93f9ea6e23f\"},\"headline\":\"Crise h\u00eddrica: governo reduz vaz\u00e3o de usinas na Bacia do Paran\u00e1\",\"datePublished\":\"2021-06-13T13:19:30+00:00\",\"dateModified\":\"2021-06-13T14:30:25+00:00\",\"mainEntityOfPage\":{\"@id\":\"https:\/\/www.suno.com.br\/noticias\/crise-hidrica-governo-reduz-vazao\/\"},\"wordCount\":568,\"publisher\":{\"@id\":\"https:\/\/www.suno.com.br\/noticias\/#organization\"},\"image\":{\"@id\":\"https:\/\/www.suno.com.br\/noticias\/crise-hidrica-governo-reduz-vazao\/#primaryimage\"},\"thumbnailUrl\":\"https:\/\/files.sunoresearch.com.br\/n\/uploads\/2021\/06\/7211f8d1-surface-455120_1920-jpg.webp\",\"keywords\":[\"crise h\u00eddrica\",\"energia el\u00e9trica\"],\"articleSection\":[\"Economia\"],\"inLanguage\":\"pt-BR\"},{\"@type\":\"WebPage\",\"@id\":\"https:\/\/www.suno.com.br\/noticias\/crise-hidrica-governo-reduz-vazao\/\",\"url\":\"https:\/\/www.suno.com.br\/noticias\/crise-hidrica-governo-reduz-vazao\/\",\"name\":\"Crise h\u00eddrica: governo reduz vaz\u00e3o de usinas na Bacia do Paran\u00e1\",\"isPartOf\":{\"@id\":\"https:\/\/www.suno.com.br\/noticias\/#website\"},\"primaryImageOfPage\":{\"@id\":\"https:\/\/www.suno.com.br\/noticias\/crise-hidrica-governo-reduz-vazao\/#primaryimage\"},\"image\":{\"@id\":\"https:\/\/www.suno.com.br\/noticias\/crise-hidrica-governo-reduz-vazao\/#primaryimage\"},\"thumbnailUrl\":\"https:\/\/files.sunoresearch.com.br\/n\/uploads\/2021\/06\/7211f8d1-surface-455120_1920-jpg.webp\",\"datePublished\":\"2021-06-13T13:19:30+00:00\",\"dateModified\":\"2021-06-13T14:30:25+00:00\",\"description\":\"Em meio \u00e0 crise h\u00eddrica que assola o Brasil, o governo decidiu reduzir a vaz\u00e3o de duas hidrel\u00e9tricas na Bacia do Paran\u00e1. Clique e saiba mais.\",\"breadcrumb\":{\"@id\":\"https:\/\/www.suno.com.br\/noticias\/crise-hidrica-governo-reduz-vazao\/#breadcrumb\"},\"inLanguage\":\"pt-BR\",\"potentialAction\":[{\"@type\":\"ReadAction\",\"target\":[\"https:\/\/www.suno.com.br\/noticias\/crise-hidrica-governo-reduz-vazao\/\"]}]},{\"@type\":\"ImageObject\",\"inLanguage\":\"pt-BR\",\"@id\":\"https:\/\/www.suno.com.br\/noticias\/crise-hidrica-governo-reduz-vazao\/#primaryimage\",\"url\":\"https:\/\/files.sunoresearch.com.br\/n\/uploads\/2021\/06\/7211f8d1-surface-455120_1920-jpg.webp\",\"contentUrl\":\"https:\/\/files.sunoresearch.com.br\/n\/uploads\/2021\/06\/7211f8d1-surface-455120_1920-jpg.webp\",\"width\":1920,\"height\":1280,\"caption\":\"Foto: Pixabay.\"},{\"@type\":\"BreadcrumbList\",\"@id\":\"https:\/\/www.suno.com.br\/noticias\/crise-hidrica-governo-reduz-vazao\/#breadcrumb\",\"itemListElement\":[{\"@type\":\"ListItem\",\"position\":1,\"name\":\"Not\u00edcias\",\"item\":\"https:\/\/www.suno.com.br\/noticias\/\"},{\"@type\":\"ListItem\",\"position\":2,\"name\":\"Economia\",\"item\":\"https:\/\/www.suno.com.br\/noticias\/economia\/\"},{\"@type\":\"ListItem\",\"position\":3,\"name\":\"Crise h\u00eddrica: governo reduz vaz\u00e3o de usinas na Bacia do Paran\u00e1\"}]},{\"@type\":\"WebSite\",\"@id\":\"https:\/\/www.suno.com.br\/noticias\/#website\",\"url\":\"https:\/\/www.suno.com.br\/noticias\/\",\"name\":\"Suno Not\u00edcias\",\"description\":\"Seu portal de informa\u00e7\u00e3o sobre o mundo dos investimentos\",\"publisher\":{\"@id\":\"https:\/\/www.suno.com.br\/noticias\/#organization\"},\"potentialAction\":[{\"@type\":\"SearchAction\",\"target\":{\"@type\":\"EntryPoint\",\"urlTemplate\":\"https:\/\/www.suno.com.br\/noticias\/?s={search_term_string}\"},\"query-input\":{\"@type\":\"PropertyValueSpecification\",\"valueRequired\":true,\"valueName\":\"search_term_string\"}}],\"inLanguage\":\"pt-BR\"},{\"@type\":\"Organization\",\"@id\":\"https:\/\/www.suno.com.br\/noticias\/#organization\",\"name\":\"Suno Not\u00edcias\",\"url\":\"https:\/\/www.suno.com.br\/noticias\/\",\"logo\":{\"@type\":\"ImageObject\",\"inLanguage\":\"pt-BR\",\"@id\":\"https:\/\/www.suno.com.br\/noticias\/#\/schema\/logo\/image\/\",\"url\":\"https:\/\/files.sunoresearch.com.br\/n\/uploads\/2021\/09\/suno-logo.png\",\"contentUrl\":\"https:\/\/files.sunoresearch.com.br\/n\/uploads\/2021\/09\/suno-logo.png\",\"width\":180,\"height\":180,\"caption\":\"Suno Not\u00edcias\"},\"image\":{\"@id\":\"https:\/\/www.suno.com.br\/noticias\/#\/schema\/logo\/image\/\"},\"sameAs\":[\"https:\/\/facebook.com\/sunoresearch\",\"https:\/\/x.com\/sunoresearch\",\"https:\/\/www.instagram.com\/suno\",\"https:\/\/www.linkedin.com\/company\/suno-research\/\",\"https:\/\/www.youtube.com\/c\/sunoresearch\"]},{\"@type\":\"Person\",\"@id\":\"https:\/\/www.suno.com.br\/noticias\/#\/schema\/person\/918d79de1f0281f01599b93f9ea6e23f\",\"name\":\"Jader Lazarini\",\"image\":{\"@type\":\"ImageObject\",\"inLanguage\":\"pt-BR\",\"@id\":\"https:\/\/www.suno.com.br\/noticias\/#\/schema\/person\/image\/\",\"url\":\"https:\/\/secure.gravatar.com\/avatar\/3c1ad8caa51589841baeb923fcddea97?s=96&r=g\",\"contentUrl\":\"https:\/\/secure.gravatar.com\/avatar\/3c1ad8caa51589841baeb923fcddea97?s=96&r=g\",\"caption\":\"Jader Lazarini\"},\"description\":\"Jader Lazarini escreve sobre investimentos, finan\u00e7as, economia e neg\u00f3cios. \u00c9 bacharel em Rela\u00e7\u00f5es Internacionais e analista CNPI (2619).\",\"url\":\"https:\/\/www.suno.com.br\/noticias\/author\/jader-lazarini\/\"}]}<\/script>\n<!-- \/ Yoast SEO plugin. -->","yoast_head_json":{"title":"Crise h\u00eddrica: governo reduz vaz\u00e3o de usinas na Bacia do Paran\u00e1","description":"Em meio \u00e0 crise h\u00eddrica que assola o Brasil, o governo decidiu reduzir a vaz\u00e3o de duas hidrel\u00e9tricas na Bacia do Paran\u00e1. Clique e saiba mais.","robots":{"index":"index","follow":"follow","max-snippet":"max-snippet:-1","max-image-preview":"max-image-preview:large","max-video-preview":"max-video-preview:-1"},"canonical":"https:\/\/www.suno.com.br\/noticias\/crise-hidrica-governo-reduz-vazao\/","og_locale":"pt_BR","og_type":"article","og_title":"Crise h\u00eddrica: governo reduz vaz\u00e3o de usinas na Bacia do Paran\u00e1","og_description":"Em meio \u00e0 crise h\u00eddrica que assola o Brasil, o governo decidiu reduzir a vaz\u00e3o de duas hidrel\u00e9tricas na Bacia do Paran\u00e1. Clique e saiba mais.","og_url":"https:\/\/www.suno.com.br\/noticias\/crise-hidrica-governo-reduz-vazao\/","og_site_name":"Suno Not\u00edcias","article_publisher":"https:\/\/facebook.com\/sunoresearch","og_image":[{"width":1920,"height":1280,"url":"https:\/\/files.sunoresearch.com.br\/n\/uploads\/2021\/06\/7211f8d1-surface-455120_1920.jpg","type":"image\/jpeg"}],"author":"Jader Lazarini","twitter_card":"summary_large_image","twitter_creator":"@sunoresearch","twitter_site":"@sunoresearch","twitter_misc":{"Escrito por":"Jader Lazarini","Est. tempo de leitura":"3 minutos"},"schema":{"@context":"https:\/\/schema.org","@graph":[{"@type":"NewsArticle","@id":"https:\/\/www.suno.com.br\/noticias\/crise-hidrica-governo-reduz-vazao\/#article","isPartOf":{"@id":"https:\/\/www.suno.com.br\/noticias\/crise-hidrica-governo-reduz-vazao\/"},"author":{"name":"Jader Lazarini","@id":"https:\/\/www.suno.com.br\/noticias\/#\/schema\/person\/918d79de1f0281f01599b93f9ea6e23f"},"headline":"Crise h\u00eddrica: governo reduz vaz\u00e3o de usinas na Bacia do Paran\u00e1","datePublished":"2021-06-13T13:19:30+00:00","dateModified":"2021-06-13T14:30:25+00:00","mainEntityOfPage":{"@id":"https:\/\/www.suno.com.br\/noticias\/crise-hidrica-governo-reduz-vazao\/"},"wordCount":568,"publisher":{"@id":"https:\/\/www.suno.com.br\/noticias\/#organization"},"image":{"@id":"https:\/\/www.suno.com.br\/noticias\/crise-hidrica-governo-reduz-vazao\/#primaryimage"},"thumbnailUrl":"https:\/\/files.sunoresearch.com.br\/n\/uploads\/2021\/06\/7211f8d1-surface-455120_1920-jpg.webp","keywords":["crise h\u00eddrica","energia el\u00e9trica"],"articleSection":["Economia"],"inLanguage":"pt-BR"},{"@type":"WebPage","@id":"https:\/\/www.suno.com.br\/noticias\/crise-hidrica-governo-reduz-vazao\/","url":"https:\/\/www.suno.com.br\/noticias\/crise-hidrica-governo-reduz-vazao\/","name":"Crise h\u00eddrica: governo reduz vaz\u00e3o de usinas na Bacia do Paran\u00e1","isPartOf":{"@id":"https:\/\/www.suno.com.br\/noticias\/#website"},"primaryImageOfPage":{"@id":"https:\/\/www.suno.com.br\/noticias\/crise-hidrica-governo-reduz-vazao\/#primaryimage"},"image":{"@id":"https:\/\/www.suno.com.br\/noticias\/crise-hidrica-governo-reduz-vazao\/#primaryimage"},"thumbnailUrl":"https:\/\/files.sunoresearch.com.br\/n\/uploads\/2021\/06\/7211f8d1-surface-455120_1920-jpg.webp","datePublished":"2021-06-13T13:19:30+00:00","dateModified":"2021-06-13T14:30:25+00:00","description":"Em meio \u00e0 crise h\u00eddrica que assola o Brasil, o governo decidiu reduzir a vaz\u00e3o de duas hidrel\u00e9tricas na Bacia do Paran\u00e1. Clique e saiba mais.","breadcrumb":{"@id":"https:\/\/www.suno.com.br\/noticias\/crise-hidrica-governo-reduz-vazao\/#breadcrumb"},"inLanguage":"pt-BR","potentialAction":[{"@type":"ReadAction","target":["https:\/\/www.suno.com.br\/noticias\/crise-hidrica-governo-reduz-vazao\/"]}]},{"@type":"ImageObject","inLanguage":"pt-BR","@id":"https:\/\/www.suno.com.br\/noticias\/crise-hidrica-governo-reduz-vazao\/#primaryimage","url":"https:\/\/files.sunoresearch.com.br\/n\/uploads\/2021\/06\/7211f8d1-surface-455120_1920-jpg.webp","contentUrl":"https:\/\/files.sunoresearch.com.br\/n\/uploads\/2021\/06\/7211f8d1-surface-455120_1920-jpg.webp","width":1920,"height":1280,"caption":"Foto: Pixabay."},{"@type":"BreadcrumbList","@id":"https:\/\/www.suno.com.br\/noticias\/crise-hidrica-governo-reduz-vazao\/#breadcrumb","itemListElement":[{"@type":"ListItem","position":1,"name":"Not\u00edcias","item":"https:\/\/www.suno.com.br\/noticias\/"},{"@type":"ListItem","position":2,"name":"Economia","item":"https:\/\/www.suno.com.br\/noticias\/economia\/"},{"@type":"ListItem","position":3,"name":"Crise h\u00eddrica: governo reduz vaz\u00e3o de usinas na Bacia do Paran\u00e1"}]},{"@type":"WebSite","@id":"https:\/\/www.suno.com.br\/noticias\/#website","url":"https:\/\/www.suno.com.br\/noticias\/","name":"Suno Not\u00edcias","description":"Seu portal de informa\u00e7\u00e3o sobre o mundo dos investimentos","publisher":{"@id":"https:\/\/www.suno.com.br\/noticias\/#organization"},"potentialAction":[{"@type":"SearchAction","target":{"@type":"EntryPoint","urlTemplate":"https:\/\/www.suno.com.br\/noticias\/?s={search_term_string}"},"query-input":{"@type":"PropertyValueSpecification","valueRequired":true,"valueName":"search_term_string"}}],"inLanguage":"pt-BR"},{"@type":"Organization","@id":"https:\/\/www.suno.com.br\/noticias\/#organization","name":"Suno Not\u00edcias","url":"https:\/\/www.suno.com.br\/noticias\/","logo":{"@type":"ImageObject","inLanguage":"pt-BR","@id":"https:\/\/www.suno.com.br\/noticias\/#\/schema\/logo\/image\/","url":"https:\/\/files.sunoresearch.com.br\/n\/uploads\/2021\/09\/suno-logo.png","contentUrl":"https:\/\/files.sunoresearch.com.br\/n\/uploads\/2021\/09\/suno-logo.png","width":180,"height":180,"caption":"Suno Not\u00edcias"},"image":{"@id":"https:\/\/www.suno.com.br\/noticias\/#\/schema\/logo\/image\/"},"sameAs":["https:\/\/facebook.com\/sunoresearch","https:\/\/x.com\/sunoresearch","https:\/\/www.instagram.com\/suno","https:\/\/www.linkedin.com\/company\/suno-research\/","https:\/\/www.youtube.com\/c\/sunoresearch"]},{"@type":"Person","@id":"https:\/\/www.suno.com.br\/noticias\/#\/schema\/person\/918d79de1f0281f01599b93f9ea6e23f","name":"Jader Lazarini","image":{"@type":"ImageObject","inLanguage":"pt-BR","@id":"https:\/\/www.suno.com.br\/noticias\/#\/schema\/person\/image\/","url":"https:\/\/secure.gravatar.com\/avatar\/3c1ad8caa51589841baeb923fcddea97?s=96&r=g","contentUrl":"https:\/\/secure.gravatar.com\/avatar\/3c1ad8caa51589841baeb923fcddea97?s=96&r=g","caption":"Jader Lazarini"},"description":"Jader Lazarini escreve sobre investimentos, finan\u00e7as, economia e neg\u00f3cios. \u00c9 bacharel em Rela\u00e7\u00f5es Internacionais e analista CNPI (2619).","url":"https:\/\/www.suno.com.br\/noticias\/author\/jader-lazarini\/"}]}},"default_loop_html":"<div class=\"cardsPage__listCard__boxs\"><div class=\"cardsPage__listCard__boxs__img\"><a href=\"https:\/\/www.suno.com.br\/noticias\/crise-hidrica-governo-reduz-vazao\/\"><img class=\"mask\" src=\"https:\/\/www.suno.com.br\/noticias\/wp-content\/themes\/suno\/resources\/images\/spotlight\/spotlight1img\/bg-mask.png\" alt=\"Image Mask\"\/><img src=\"https:\/\/files.sunoresearch.com.br\/n\/uploads\/2021\/06\/7211f8d1-surface-455120_1920-400x200.webp\" alt=\"Crise h\u00eddrica: governo reduz vaz\u00e3o de usinas na Bacia do Paran\u00e1\"\/><\/a><span class=\"spotlightCategory\"><a href=\"https:\/\/www.suno.com.br\/noticias\/economia\/\">Economia<\/a><\/span><\/div><div class=\"cardsPage__listCard__boxs__content\"><a href=\"https:\/\/www.suno.com.br\/noticias\/crise-hidrica-governo-reduz-vazao\/\"><h2 class=\"content__title\">Crise h\u00eddrica: governo reduz vaz\u00e3o de usinas na Bacia do Paran\u00e1<\/h2><\/a><div class=\"newsContent__article__meta\"><div class=\"newsContent__article__meta__authorBox\"><a href=\"https:\/\/www.suno.com.br\/noticias\/author\/jader-lazarini\/\" class=\"authorBox__avatar noMobi\"><img src=\"https:\/\/files.sunoresearch.com.br\/n\/uploads\/2021\/01\/178e6598-foto-perfil-2-150x150.jpg\" alt=\"Jader Lazarini\"><\/a><div class=\"authorBox__name\"><span>por\n\t\t\t<a href=\"https:\/\/www.suno.com.br\/noticias\/author\/jader-lazarini\/\"><span itemprop=\"author\">Jader Lazarini<\/span><\/a><\/span><time datetime=\"2021-06-13T10:19:30-03:00\" itemprop=\"datePublished\">13\/06\/2021 10:19<\/time><\/div><\/div><\/div><\/div><\/div>","single_layout":"posts","amp_enabled":true,"_links":{"self":[{"href":"https:\/\/www.suno.com.br\/noticias\/wp-json\/wp\/v2\/posts\/156595"}],"collection":[{"href":"https:\/\/www.suno.com.br\/noticias\/wp-json\/wp\/v2\/posts"}],"about":[{"href":"https:\/\/www.suno.com.br\/noticias\/wp-json\/wp\/v2\/types\/post"}],"author":[{"embeddable":true,"href":"https:\/\/www.suno.com.br\/noticias\/wp-json\/wp\/v2\/users\/24"}],"replies":[{"embeddable":true,"href":"https:\/\/www.suno.com.br\/noticias\/wp-json\/wp\/v2\/comments?post=156595"}],"version-history":[{"count":3,"href":"https:\/\/www.suno.com.br\/noticias\/wp-json\/wp\/v2\/posts\/156595\/revisions"}],"predecessor-version":[{"id":156624,"href":"https:\/\/www.suno.com.br\/noticias\/wp-json\/wp\/v2\/posts\/156595\/revisions\/156624"}],"wp:featuredmedia":[{"embeddable":true,"href":"https:\/\/www.suno.com.br\/noticias\/wp-json\/wp\/v2\/media\/156617"}],"wp:attachment":[{"href":"https:\/\/www.suno.com.br\/noticias\/wp-json\/wp\/v2\/media?parent=156595"}],"wp:term":[{"taxonomy":"category","embeddable":true,"href":"https:\/\/www.suno.com.br\/noticias\/wp-json\/wp\/v2\/categories?post=156595"},{"taxonomy":"post_tag","embeddable":true,"href":"https:\/\/www.suno.com.br\/noticias\/wp-json\/wp\/v2\/tags?post=156595"},{"taxonomy":"suno_strategy","embeddable":true,"href":"https:\/\/www.suno.com.br\/noticias\/wp-json\/wp\/v2\/suno_strategy?post=156595"}],"curies":[{"name":"wp","href":"https:\/\/api.w.org\/{rel}","templated":true}]}}