{"id":156578,"date":"2021-06-12T16:46:51","date_gmt":"2021-06-12T19:46:51","guid":{"rendered":"https:\/\/www.suno.com.br\/noticias\/?p=156578"},"modified":"2021-06-12T17:02:09","modified_gmt":"2021-06-12T20:02:09","slug":"cielo-ciel3-gpa-pcar3-baixas-semana-ibovespa","status":"publish","type":"post","link":"https:\/\/www.suno.com.br\/noticias\/cielo-ciel3-gpa-pcar3-baixas-semana-ibovespa\/","title":{"rendered":"Cielo (CIEL3) e GPA (PCAR3) lideram baixas da semana no Ibovespa"},"content":{"rendered":"<p>Com uma semana que vem logo ap\u00f3s m\u00e1ximas hist\u00f3ricas, os pap\u00e9is da <a class=\"suno-keyword\" href=\"https:\/\/www.suno.com.br\/acoes\/CIEL3\/\" target=\"_blank\" rel=\"noopener noreferrer\" data-force=\"yes\" data-priority=\"2\">Cielo (CIEL3)<\/a> apresentaram quedas bruscas, com desvaloriza\u00e7\u00e3o de 7,69% no acumulado semanal.<\/p>\t<div class=\"wrapper-featured-image\">\n\t\t<figure class=\"spotlightImg\">\n\n\t\t\t<picture>\n\t\t\t\t<source media=\"(max-width: 768px)\" srcset=\"https:\/\/files.sunoresearch.com.br\/n\/uploads\/2021\/01\/3f6653d6-cielo-400x200.jpg\">\n\t\t\t\t<img loading=\"lazy\" decoding=\"async\" class=\"newsContent__article__imgCapa lazyloadDisabled \" src=\"https:\/\/files.sunoresearch.com.br\/n\/uploads\/2021\/01\/3f6653d6-cielo-800x450.jpg\" width=\"800\" height=\"450\" alt=\"Cielo (CIEL3) e GPA (PCAR3) lideram baixas da semana no Ibovespa\" fetchpriority=high \/>\n\t\t\t<\/picture>\n\n\t\t\t<figcaption class=\"wp-caption-text wp-caption-text--show\">Cielo (CIEL3): BTG v\u00ea lucros expressivos para 2023. Foto: Marcello Casal Jr\/Ag\u00eancia Brasil<\/figcaption>\n\t\t<\/figure>\n\t<\/div>\n\n\n\t<p>\n\t\t<a href=\"https:\/\/lp.suno.com.br\/planilha-controle-gastos\/\" target=\"_blank\" data-element=\"shortcode-suno-banner\" title=\"Banner SUNO, clique e saiba mais\">\n\t\t\t<picture>\n\t\t\t\t<source media=\"(max-width: 500px)\" srcset=\"https:\/\/files.sunoresearch.com.br\/n\/uploads\/2023\/03\/400x300-Planilha-controle-de-gastos.png\">\n\t\t\t\t<img class=\"newsContent__article__imgCapa newsContent__article__imgCapa--banner\"\n\t\t\t\t\tsrc=\"https:\/\/files.sunoresearch.com.br\/n\/uploads\/2023\/03\/1420x240-Planilha-controle-de-gastos.png\"\n\t\t\t\t\tdata-promo-id=\"101751\"\t\t\t\t\t\t\t\t\t\twidth='1420' height='240'\t\t\t\t\talt=\"https:\/\/files.sunoresearch.com.br\/n\/uploads\/2023\/03\/1420x240-Planilha-controle-de-gastos.png\"\n\t\t\t\t>\n\t\t\t<\/picture>\n\t\t<\/a>\n\t<\/p>\n\n\n<p>A maior partes das a\u00e7\u00f5es do Ibovespa, que fechou o preg\u00e3o de sexta em 129.441, teve queda &#8211; com 55 das 85 a\u00e7\u00f5es do \u00edndice caindo. Os pap\u00e9is de <a class=\"suno-keyword\" href=\"https:\/\/www.suno.com.br\/acoes\/PCAR3\/\" target=\"_blank\" rel=\"noopener noreferrer\" data-force=\"yes\" data-priority=\"2\">P\u00e3o de A\u00e7\u00facar (PCAR3)<\/a> e <a class=\"suno-keyword\" href=\"https:\/\/www.suno.com.br\/acoes\/IGTA3\/\" target=\"_blank\" rel=\"noopener noreferrer\" data-force=\"yes\" data-priority=\"2\">Iguatemi (IGTA3)<\/a> tiveram baixas expressivas, na toada.<\/p>\n<p>Vale ressaltar que foi justamente o setor de shoppings que apresentou maiores quedas no fim da semana. O \u00faltimo preg\u00e3o, na sexta-feira (11) teve <a href=\"https:\/\/www.suno.com.br\/noticias\/ibovespa-queda-iguatemi-igta3-brf-brfs3-11062021\/\">baixa generalizada no setor<\/a>.<\/p>\n<p><a href=\"https:\/\/lp.suno.com.br\/suno-one\/\">Suno One: acesse gratuitamente eBooks, Minicursos, Artigos e V\u00eddeo Aulas sobre investimentos com um \u00fanico cadastro. Clique para saber mais!<\/a><\/p>\n<p>Veja abaixo os ganhos acumulados dos pap\u00e9is que mais ca\u00edram do Ibovespa na semana:<\/p>\n<ul>\n<li><strong>Cielo (CIEL3)<\/strong>: -7,69%<\/li>\n<li><strong>GPA &#8211; Grupo P\u00e3o de A\u00e7\u00facar (PCAR3)<\/strong>: -7,40%<\/li>\n<li><strong>Iguatemi (IGTA3)<\/strong>: -6,80%<\/li>\n<li><strong><a class=\"suno-keyword\" href=\"https:\/\/www.suno.com.br\/acoes\/B3SA3\/\" target=\"_blank\" rel=\"noopener noreferrer\" data-force=\"yes\" data-priority=\"2\">B3 (B3SA3)<\/a><\/strong>: -6,44%<\/li>\n<li><strong><a class=\"suno-keyword\" href=\"https:\/\/www.suno.com.br\/acoes\/MULT3\/\" target=\"_blank\" rel=\"noopener noreferrer\" data-force=\"yes\" data-priority=\"2\">Multiplan (MULT3)<\/a><\/strong>: -6,40%<\/li>\n<\/ul>\n<h2>1. Cielo encabe\u00e7a baixas no Ibovespa<\/h2>\n<p>Nenhuma not\u00edcias direta da companhia a impacta negativamente, mas sim uma mudan\u00e7a nos ventos do setor.<\/p>\n<p>Recentemente a XP anunciou que deve passar a atuar no setor de cart\u00f5es de adquir\u00eancia, aumentando ainda mais a concorr\u00eancia.<\/p>\n<p>A maior queda no papel foi no preg\u00e3o de quarta-feira (9), quando as a\u00e7\u00f5es de Cielo ca\u00edam 2,86%, precificados a R$ 4,07.<\/p>\n<p>As a\u00e7\u00f5es caem 3,33% no m\u00eas, mas acumulam alta de 2,78% no ano. Atualmente o pre\u00e7o \u00e9 de R$ 38,50.<\/p>\n<h2>2. GPA &#8211; Grupo P\u00e3o de A\u00e7\u00facar<\/h2>\n<p>O pontap\u00e9 para a queda nos pap\u00e9is de PCAR3 foi um movimento pol\u00edtico.<\/p>\n<p>A fala do presidente da C\u00e2mara, Arthur Lira (PP-AL), incluiu uma cita\u00e7\u00e3o que o colocava contra a prorroga\u00e7\u00e3o do aux\u00edlio emergencial.<\/p>\n<p>Sem o presidente do parlamento em favor da medida, o consumo deve ser desestimulado, j\u00e1 que dificilmente a medida deve passar sem apoio do congresso.<\/p>\n<p>As a\u00e7\u00f5es ca\u00edram 3,92% no intradia de sexta (11) e somam acumulado mensal de alta de 2%.<\/p>\n\t<div data-element=\"shortcode-read-more\" class=\"knowMore\">\n\t\t\t\t<span class=\"knowMore__title\">Leia mais<\/span>\n\t\t\t\t<a class=\"knowMore__link\" href=\"https:\/\/www.suno.com.br\/noticias\/sanepar-sapr11-pao-de-acucar-pcar3-agenda-dividendos-126\/\">\n\t\t\tSanepar (SAPR11) e P\u00e3o de A\u00e7\u00facar (PCAR3): Veja as datas de corte e quem vai pagar dividendos na semana\t\t<\/a>\n\t<\/div>\n\n\n<h2>3. Iguatemi<\/h2>\n<p>Com queda generalizada nos shoppings, os pap\u00e9is das companhias do setor caem juntos, com maiores preju\u00edzos para o Iguatemi.<\/p>\n<p>H\u00e1 rota\u00e7\u00e3o no setor, e os pap\u00e9is da companhia veem uma desvaloriza\u00e7\u00e3o de 6,8% no acumulado semanal. No intradia de sexta (11) a queda foi de 3,93%. Atualmente o pre\u00e7o \u00e9 de R$ 42,51<\/p>\n<h2>4. B3<\/h2>\n<p>Os pap\u00e9is da companhia, assim como os da Cielo, enfrentam baixa com rumores de novos navegantes no oceano.<\/p>\n<p>Uma decis\u00e3o recente da <a class=\"suno-keyword\" href=\"https:\/\/www.suno.com.br\/artigos\/cvm\/\" target=\"_blank\" rel=\"noopener noreferrer\" data-force=\"no\" data-priority=\"2\">Comiss\u00e3o de Valores Mobili\u00e1rios (CVM)<\/a> abriram as portas para amplia\u00e7\u00e3o da concorr\u00eancia no mercado de bolsas de valores nacional.<\/p>\n<p>Atualmente, a B3 \u00e9 monopolista, mas pode enfrentar uma bolsa da XP futuramente, segundo rumores recentes.<\/p>\n<p>Al\u00e9m disso, no preg\u00e3o de sexta (11) alguns problemas t\u00e9cnicos foram registrados.<\/p>\n<p>O pre\u00e7o fica em R$ 16,10 por a\u00e7\u00e3o, sendo que a queda semanal \u00e9 de 6,44%, ante uma alta de 0,63% no intradia de sexta e uma baixa de 9,3% no acumulado mensal.<\/p>\n\t<p>\n\t\t<a href=\"https:\/\/lp.suno.com.br\/planilha-da-vida-financeira\/\" target=\"_blank\" data-element=\"shortcode-suno-banner\" title=\"Banner SUNO, clique e saiba mais\">\n\t\t\t<picture>\n\t\t\t\t<source media=\"(max-width: 500px)\" srcset=\"https:\/\/files.sunoresearch.com.br\/n\/uploads\/2023\/04\/400x300-Planilha-vida-financeira-true.png\">\n\t\t\t\t<img class=\"newsContent__article__imgCapa newsContent__article__imgCapa--banner\"\n\t\t\t\t\tsrc=\"https:\/\/files.sunoresearch.com.br\/n\/uploads\/2023\/04\/1420x240-Planilha-vida-financeira-true.png\"\n\t\t\t\t\tdata-promo-id=\"106682\"\t\t\t\t\t\t\t\t\t\twidth='1420' height='240'\t\t\t\t\talt=\"https:\/\/files.sunoresearch.com.br\/n\/uploads\/2023\/04\/1420x240-Planilha-vida-financeira-true.png\"\n\t\t\t\t>\n\t\t\t<\/picture>\n\t\t<\/a>\n\t<\/p>\n\n\n<h2>5. Multiplan<\/h2>\n<p>Apesar de ser o <a href=\"https:\/\/www.suno.com.br\/noticias\/multiplan-mult3-nome-favorito-setor-xp\/\">&#8220;nome favorito do setor&#8221;<\/a>, segundo a XP, a companhia teve uma queda que veio em conson\u00e2ncia com a baixa do setor.<\/p>\n<p>Com pre\u00e7o de\u00a0R$ 25,79, a queda foi de 2,9% no intradia de sexta (11), ao passo que a alta mensal fica em 3%.<\/p>\n\t<p>\n\t\t<a href=\"https:\/\/lp.suno.com.br\/planilha-de-controle-de-investimentos\/\" target=\"_blank\" data-element=\"shortcode-suno-banner\" title=\"Banner SUNO, clique e saiba mais\">\n\t\t\t<picture>\n\t\t\t\t<source media=\"(max-width: 500px)\" srcset=\"https:\/\/files.sunoresearch.com.br\/n\/uploads\/2023\/03\/400x300-Controle-de-Investimentos.png\">\n\t\t\t\t<img class=\"newsContent__article__imgCapa newsContent__article__imgCapa--banner\"\n\t\t\t\t\tsrc=\"https:\/\/files.sunoresearch.com.br\/n\/uploads\/2023\/03\/1420x240-Controle-de-Investimentos.png\"\n\t\t\t\t\tdata-promo-id=\"75934\"\t\t\t\t\t\t\t\t\t\twidth='1420' height='240'\t\t\t\t\talt=\"https:\/\/files.sunoresearch.com.br\/n\/uploads\/2023\/03\/1420x240-Controle-de-Investimentos.png\"\n\t\t\t\t>\n\t\t\t<\/picture>\n\t\t<\/a>\n\t<\/p>\n\n\n","protected":false},"excerpt":{"rendered":"<p>Com uma semana que vem logo ap\u00f3s m\u00e1ximas hist\u00f3ricas, os pap\u00e9is da Cielo (CIEL3) apresentaram quedas bruscas, com desvaloriza\u00e7\u00e3o de 7,69% no acumulado semanal. Cielo (CIEL3): BTG v\u00ea lucros expressivos para 2023. Foto: Marcello Casal Jr\/Ag\u00eancia Brasil A maior partes das a\u00e7\u00f5es do Ibovespa, que fechou o preg\u00e3o de sexta em 129.441, teve queda &#8211; [&hellip;]<\/p>\n","protected":false},"author":73,"featured_media":116360,"comment_status":"closed","ping_status":"closed","sticky":false,"template":"","format":"standard","meta":[],"categories":[60],"tags":[367,423,1964,106934,570],"suno_strategy":[],"class_list":["post-156578","post","type-post","status-publish","format-standard","has-post-thumbnail","hentry","category-mercado","tag-b3-b3sa3","tag-cielo-ciel3","tag-grupo-pao-de-acucar-pcar3-pcar4","tag-iguatemi-igti3","tag-multiplan-mult3"],"yoast_head":"<!-- This site is optimized with the Yoast SEO plugin v24.4 - https:\/\/yoast.com\/wordpress\/plugins\/seo\/ -->\n<title>Cielo (CIEL3) e GPA (PCAR3) lideram baixas da semana no Ibovespa<\/title>\n<meta name=\"description\" content=\"A semana teve mais baixas do que altas no Ibovespa, com destaque para Cielo e GPA, com quedas de 7%. Clique aqui e leia mais.\" \/>\n<meta name=\"robots\" content=\"index, follow, max-snippet:-1, max-image-preview:large, max-video-preview:-1\" \/>\n<link rel=\"canonical\" href=\"https:\/\/www.suno.com.br\/noticias\/cielo-ciel3-gpa-pcar3-baixas-semana-ibovespa\/\" \/>\n<meta property=\"og:locale\" content=\"pt_BR\" \/>\n<meta property=\"og:type\" content=\"article\" \/>\n<meta property=\"og:title\" content=\"Cielo (CIEL3) e GPA (PCAR3) lideram baixas da semana no Ibovespa\" \/>\n<meta property=\"og:description\" content=\"A semana teve mais baixas do que altas no Ibovespa, com destaque para Cielo e GPA, com quedas de 7%. Clique aqui e leia mais.\" \/>\n<meta property=\"og:url\" content=\"https:\/\/www.suno.com.br\/noticias\/cielo-ciel3-gpa-pcar3-baixas-semana-ibovespa\/\" \/>\n<meta property=\"og:site_name\" content=\"Suno Not\u00edcias\" \/>\n<meta property=\"article:publisher\" content=\"https:\/\/facebook.com\/sunoresearch\" \/>\n<meta property=\"og:image\" content=\"https:\/\/files.sunoresearch.com.br\/n\/uploads\/2021\/01\/3f6653d6-cielo-scaled.jpg\" \/>\n\t<meta property=\"og:image:width\" content=\"2560\" \/>\n\t<meta property=\"og:image:height\" content=\"1703\" \/>\n\t<meta property=\"og:image:type\" content=\"image\/jpeg\" \/>\n<meta name=\"author\" content=\"Eduardo Vargas\" \/>\n<meta name=\"twitter:card\" content=\"summary_large_image\" \/>\n<meta name=\"twitter:creator\" content=\"@sunoresearch\" \/>\n<meta name=\"twitter:site\" content=\"@sunoresearch\" \/>\n<meta name=\"twitter:label1\" content=\"Escrito por\" \/>\n\t<meta name=\"twitter:data1\" content=\"Eduardo Vargas\" \/>\n\t<meta name=\"twitter:label2\" content=\"Est. tempo de leitura\" \/>\n\t<meta name=\"twitter:data2\" content=\"3 minutos\" \/>\n<script type=\"application\/ld+json\" class=\"yoast-schema-graph\">{\"@context\":\"https:\/\/schema.org\",\"@graph\":[{\"@type\":\"NewsArticle\",\"@id\":\"https:\/\/www.suno.com.br\/noticias\/cielo-ciel3-gpa-pcar3-baixas-semana-ibovespa\/#article\",\"isPartOf\":{\"@id\":\"https:\/\/www.suno.com.br\/noticias\/cielo-ciel3-gpa-pcar3-baixas-semana-ibovespa\/\"},\"author\":{\"name\":\"Eduardo Vargas\",\"@id\":\"https:\/\/www.suno.com.br\/noticias\/#\/schema\/person\/7f4d362bf3518e76090143ae77bb49a5\"},\"headline\":\"Cielo (CIEL3) e GPA (PCAR3) lideram baixas da semana no Ibovespa\",\"datePublished\":\"2021-06-12T19:46:51+00:00\",\"dateModified\":\"2021-06-12T20:02:09+00:00\",\"mainEntityOfPage\":{\"@id\":\"https:\/\/www.suno.com.br\/noticias\/cielo-ciel3-gpa-pcar3-baixas-semana-ibovespa\/\"},\"wordCount\":574,\"publisher\":{\"@id\":\"https:\/\/www.suno.com.br\/noticias\/#organization\"},\"image\":{\"@id\":\"https:\/\/www.suno.com.br\/noticias\/cielo-ciel3-gpa-pcar3-baixas-semana-ibovespa\/#primaryimage\"},\"thumbnailUrl\":\"https:\/\/files.sunoresearch.com.br\/n\/uploads\/2021\/01\/3f6653d6-cielo-scaled.jpg\",\"keywords\":[\"B3 (B3SA3)\",\"Cielo (CIEL3)\",\"Grupo P\u00e3o de A\u00e7\u00facar (PCAR3\/PCAR4)\",\"Iguatemi (IGTI3)\",\"Multiplan (MULT3)\"],\"articleSection\":[\"Mercado\"],\"inLanguage\":\"pt-BR\"},{\"@type\":\"WebPage\",\"@id\":\"https:\/\/www.suno.com.br\/noticias\/cielo-ciel3-gpa-pcar3-baixas-semana-ibovespa\/\",\"url\":\"https:\/\/www.suno.com.br\/noticias\/cielo-ciel3-gpa-pcar3-baixas-semana-ibovespa\/\",\"name\":\"Cielo (CIEL3) e GPA (PCAR3) lideram baixas da semana no Ibovespa\",\"isPartOf\":{\"@id\":\"https:\/\/www.suno.com.br\/noticias\/#website\"},\"primaryImageOfPage\":{\"@id\":\"https:\/\/www.suno.com.br\/noticias\/cielo-ciel3-gpa-pcar3-baixas-semana-ibovespa\/#primaryimage\"},\"image\":{\"@id\":\"https:\/\/www.suno.com.br\/noticias\/cielo-ciel3-gpa-pcar3-baixas-semana-ibovespa\/#primaryimage\"},\"thumbnailUrl\":\"https:\/\/files.sunoresearch.com.br\/n\/uploads\/2021\/01\/3f6653d6-cielo-scaled.jpg\",\"datePublished\":\"2021-06-12T19:46:51+00:00\",\"dateModified\":\"2021-06-12T20:02:09+00:00\",\"description\":\"A semana teve mais baixas do que altas no Ibovespa, com destaque para Cielo e GPA, com quedas de 7%. Clique aqui e leia mais.\",\"breadcrumb\":{\"@id\":\"https:\/\/www.suno.com.br\/noticias\/cielo-ciel3-gpa-pcar3-baixas-semana-ibovespa\/#breadcrumb\"},\"inLanguage\":\"pt-BR\",\"potentialAction\":[{\"@type\":\"ReadAction\",\"target\":[\"https:\/\/www.suno.com.br\/noticias\/cielo-ciel3-gpa-pcar3-baixas-semana-ibovespa\/\"]}]},{\"@type\":\"ImageObject\",\"inLanguage\":\"pt-BR\",\"@id\":\"https:\/\/www.suno.com.br\/noticias\/cielo-ciel3-gpa-pcar3-baixas-semana-ibovespa\/#primaryimage\",\"url\":\"https:\/\/files.sunoresearch.com.br\/n\/uploads\/2021\/01\/3f6653d6-cielo-scaled.jpg\",\"contentUrl\":\"https:\/\/files.sunoresearch.com.br\/n\/uploads\/2021\/01\/3f6653d6-cielo-scaled.jpg\",\"width\":2560,\"height\":1703,\"caption\":\"Cielo (CIEL3): BTG v\u00ea lucros expressivos para 2023. Foto: Marcello Casal Jr\/Ag\u00eancia Brasil\"},{\"@type\":\"BreadcrumbList\",\"@id\":\"https:\/\/www.suno.com.br\/noticias\/cielo-ciel3-gpa-pcar3-baixas-semana-ibovespa\/#breadcrumb\",\"itemListElement\":[{\"@type\":\"ListItem\",\"position\":1,\"name\":\"Not\u00edcias\",\"item\":\"https:\/\/www.suno.com.br\/noticias\/\"},{\"@type\":\"ListItem\",\"position\":2,\"name\":\"Mercado\",\"item\":\"https:\/\/www.suno.com.br\/noticias\/mercado\/\"},{\"@type\":\"ListItem\",\"position\":3,\"name\":\"Cielo (CIEL3) e GPA (PCAR3) lideram baixas da semana no Ibovespa\"}]},{\"@type\":\"WebSite\",\"@id\":\"https:\/\/www.suno.com.br\/noticias\/#website\",\"url\":\"https:\/\/www.suno.com.br\/noticias\/\",\"name\":\"Suno Not\u00edcias\",\"description\":\"Seu portal de informa\u00e7\u00e3o sobre o mundo dos investimentos\",\"publisher\":{\"@id\":\"https:\/\/www.suno.com.br\/noticias\/#organization\"},\"potentialAction\":[{\"@type\":\"SearchAction\",\"target\":{\"@type\":\"EntryPoint\",\"urlTemplate\":\"https:\/\/www.suno.com.br\/noticias\/?s={search_term_string}\"},\"query-input\":{\"@type\":\"PropertyValueSpecification\",\"valueRequired\":true,\"valueName\":\"search_term_string\"}}],\"inLanguage\":\"pt-BR\"},{\"@type\":\"Organization\",\"@id\":\"https:\/\/www.suno.com.br\/noticias\/#organization\",\"name\":\"Suno Not\u00edcias\",\"url\":\"https:\/\/www.suno.com.br\/noticias\/\",\"logo\":{\"@type\":\"ImageObject\",\"inLanguage\":\"pt-BR\",\"@id\":\"https:\/\/www.suno.com.br\/noticias\/#\/schema\/logo\/image\/\",\"url\":\"https:\/\/files.sunoresearch.com.br\/n\/uploads\/2021\/09\/suno-logo.png\",\"contentUrl\":\"https:\/\/files.sunoresearch.com.br\/n\/uploads\/2021\/09\/suno-logo.png\",\"width\":180,\"height\":180,\"caption\":\"Suno Not\u00edcias\"},\"image\":{\"@id\":\"https:\/\/www.suno.com.br\/noticias\/#\/schema\/logo\/image\/\"},\"sameAs\":[\"https:\/\/facebook.com\/sunoresearch\",\"https:\/\/x.com\/sunoresearch\",\"https:\/\/www.instagram.com\/suno\",\"https:\/\/www.linkedin.com\/company\/suno-research\/\",\"https:\/\/www.youtube.com\/c\/sunoresearch\"]},{\"@type\":\"Person\",\"@id\":\"https:\/\/www.suno.com.br\/noticias\/#\/schema\/person\/7f4d362bf3518e76090143ae77bb49a5\",\"name\":\"Eduardo Vargas\",\"image\":{\"@type\":\"ImageObject\",\"inLanguage\":\"pt-BR\",\"@id\":\"https:\/\/www.suno.com.br\/noticias\/#\/schema\/person\/image\/\",\"url\":\"https:\/\/secure.gravatar.com\/avatar\/dac340933427a22924c9f99d1eb2e3f2?s=96&r=g\",\"contentUrl\":\"https:\/\/secure.gravatar.com\/avatar\/dac340933427a22924c9f99d1eb2e3f2?s=96&r=g\",\"caption\":\"Eduardo Vargas\"},\"description\":\"Jornalista formado pela UFSC, cobre macroeconomia, neg\u00f3cios e startups para o Suno Not\u00edcias, escrevendo principalmente not\u00edcias sobre o mercado financeiro e a bolsa de valores. No YouTube e no Instagram, \u00e9 respons\u00e1vel pela produ\u00e7\u00e3o de Reels e Shorts do Suno Not\u00edcias. Anteriormente, trabalhou cobrindo economia e cotidiano no ND+ e para o ND, maior jornal impresso de Santa Catarina. Cursou um semestre letivo de Estudos de M\u00eddia na Universidad de Buenos Aires.\",\"url\":\"https:\/\/www.suno.com.br\/noticias\/author\/eduardo-vargas\/\"}]}<\/script>\n<!-- \/ Yoast SEO plugin. -->","yoast_head_json":{"title":"Cielo (CIEL3) e GPA (PCAR3) lideram baixas da semana no Ibovespa","description":"A semana teve mais baixas do que altas no Ibovespa, com destaque para Cielo e GPA, com quedas de 7%. Clique aqui e leia mais.","robots":{"index":"index","follow":"follow","max-snippet":"max-snippet:-1","max-image-preview":"max-image-preview:large","max-video-preview":"max-video-preview:-1"},"canonical":"https:\/\/www.suno.com.br\/noticias\/cielo-ciel3-gpa-pcar3-baixas-semana-ibovespa\/","og_locale":"pt_BR","og_type":"article","og_title":"Cielo (CIEL3) e GPA (PCAR3) lideram baixas da semana no Ibovespa","og_description":"A semana teve mais baixas do que altas no Ibovespa, com destaque para Cielo e GPA, com quedas de 7%. Clique aqui e leia mais.","og_url":"https:\/\/www.suno.com.br\/noticias\/cielo-ciel3-gpa-pcar3-baixas-semana-ibovespa\/","og_site_name":"Suno Not\u00edcias","article_publisher":"https:\/\/facebook.com\/sunoresearch","og_image":[{"width":2560,"height":1703,"url":"https:\/\/files.sunoresearch.com.br\/n\/uploads\/2021\/01\/3f6653d6-cielo-scaled.jpg","type":"image\/jpeg"}],"author":"Eduardo Vargas","twitter_card":"summary_large_image","twitter_creator":"@sunoresearch","twitter_site":"@sunoresearch","twitter_misc":{"Escrito por":"Eduardo Vargas","Est. tempo de leitura":"3 minutos"},"schema":{"@context":"https:\/\/schema.org","@graph":[{"@type":"NewsArticle","@id":"https:\/\/www.suno.com.br\/noticias\/cielo-ciel3-gpa-pcar3-baixas-semana-ibovespa\/#article","isPartOf":{"@id":"https:\/\/www.suno.com.br\/noticias\/cielo-ciel3-gpa-pcar3-baixas-semana-ibovespa\/"},"author":{"name":"Eduardo Vargas","@id":"https:\/\/www.suno.com.br\/noticias\/#\/schema\/person\/7f4d362bf3518e76090143ae77bb49a5"},"headline":"Cielo (CIEL3) e GPA (PCAR3) lideram baixas da semana no Ibovespa","datePublished":"2021-06-12T19:46:51+00:00","dateModified":"2021-06-12T20:02:09+00:00","mainEntityOfPage":{"@id":"https:\/\/www.suno.com.br\/noticias\/cielo-ciel3-gpa-pcar3-baixas-semana-ibovespa\/"},"wordCount":574,"publisher":{"@id":"https:\/\/www.suno.com.br\/noticias\/#organization"},"image":{"@id":"https:\/\/www.suno.com.br\/noticias\/cielo-ciel3-gpa-pcar3-baixas-semana-ibovespa\/#primaryimage"},"thumbnailUrl":"https:\/\/files.sunoresearch.com.br\/n\/uploads\/2021\/01\/3f6653d6-cielo-scaled.jpg","keywords":["B3 (B3SA3)","Cielo (CIEL3)","Grupo P\u00e3o de A\u00e7\u00facar (PCAR3\/PCAR4)","Iguatemi (IGTI3)","Multiplan (MULT3)"],"articleSection":["Mercado"],"inLanguage":"pt-BR"},{"@type":"WebPage","@id":"https:\/\/www.suno.com.br\/noticias\/cielo-ciel3-gpa-pcar3-baixas-semana-ibovespa\/","url":"https:\/\/www.suno.com.br\/noticias\/cielo-ciel3-gpa-pcar3-baixas-semana-ibovespa\/","name":"Cielo (CIEL3) e GPA (PCAR3) lideram baixas da semana no Ibovespa","isPartOf":{"@id":"https:\/\/www.suno.com.br\/noticias\/#website"},"primaryImageOfPage":{"@id":"https:\/\/www.suno.com.br\/noticias\/cielo-ciel3-gpa-pcar3-baixas-semana-ibovespa\/#primaryimage"},"image":{"@id":"https:\/\/www.suno.com.br\/noticias\/cielo-ciel3-gpa-pcar3-baixas-semana-ibovespa\/#primaryimage"},"thumbnailUrl":"https:\/\/files.sunoresearch.com.br\/n\/uploads\/2021\/01\/3f6653d6-cielo-scaled.jpg","datePublished":"2021-06-12T19:46:51+00:00","dateModified":"2021-06-12T20:02:09+00:00","description":"A semana teve mais baixas do que altas no Ibovespa, com destaque para Cielo e GPA, com quedas de 7%. Clique aqui e leia mais.","breadcrumb":{"@id":"https:\/\/www.suno.com.br\/noticias\/cielo-ciel3-gpa-pcar3-baixas-semana-ibovespa\/#breadcrumb"},"inLanguage":"pt-BR","potentialAction":[{"@type":"ReadAction","target":["https:\/\/www.suno.com.br\/noticias\/cielo-ciel3-gpa-pcar3-baixas-semana-ibovespa\/"]}]},{"@type":"ImageObject","inLanguage":"pt-BR","@id":"https:\/\/www.suno.com.br\/noticias\/cielo-ciel3-gpa-pcar3-baixas-semana-ibovespa\/#primaryimage","url":"https:\/\/files.sunoresearch.com.br\/n\/uploads\/2021\/01\/3f6653d6-cielo-scaled.jpg","contentUrl":"https:\/\/files.sunoresearch.com.br\/n\/uploads\/2021\/01\/3f6653d6-cielo-scaled.jpg","width":2560,"height":1703,"caption":"Cielo (CIEL3): BTG v\u00ea lucros expressivos para 2023. Foto: Marcello Casal Jr\/Ag\u00eancia Brasil"},{"@type":"BreadcrumbList","@id":"https:\/\/www.suno.com.br\/noticias\/cielo-ciel3-gpa-pcar3-baixas-semana-ibovespa\/#breadcrumb","itemListElement":[{"@type":"ListItem","position":1,"name":"Not\u00edcias","item":"https:\/\/www.suno.com.br\/noticias\/"},{"@type":"ListItem","position":2,"name":"Mercado","item":"https:\/\/www.suno.com.br\/noticias\/mercado\/"},{"@type":"ListItem","position":3,"name":"Cielo (CIEL3) e GPA (PCAR3) lideram baixas da semana no Ibovespa"}]},{"@type":"WebSite","@id":"https:\/\/www.suno.com.br\/noticias\/#website","url":"https:\/\/www.suno.com.br\/noticias\/","name":"Suno Not\u00edcias","description":"Seu portal de informa\u00e7\u00e3o sobre o mundo dos investimentos","publisher":{"@id":"https:\/\/www.suno.com.br\/noticias\/#organization"},"potentialAction":[{"@type":"SearchAction","target":{"@type":"EntryPoint","urlTemplate":"https:\/\/www.suno.com.br\/noticias\/?s={search_term_string}"},"query-input":{"@type":"PropertyValueSpecification","valueRequired":true,"valueName":"search_term_string"}}],"inLanguage":"pt-BR"},{"@type":"Organization","@id":"https:\/\/www.suno.com.br\/noticias\/#organization","name":"Suno Not\u00edcias","url":"https:\/\/www.suno.com.br\/noticias\/","logo":{"@type":"ImageObject","inLanguage":"pt-BR","@id":"https:\/\/www.suno.com.br\/noticias\/#\/schema\/logo\/image\/","url":"https:\/\/files.sunoresearch.com.br\/n\/uploads\/2021\/09\/suno-logo.png","contentUrl":"https:\/\/files.sunoresearch.com.br\/n\/uploads\/2021\/09\/suno-logo.png","width":180,"height":180,"caption":"Suno Not\u00edcias"},"image":{"@id":"https:\/\/www.suno.com.br\/noticias\/#\/schema\/logo\/image\/"},"sameAs":["https:\/\/facebook.com\/sunoresearch","https:\/\/x.com\/sunoresearch","https:\/\/www.instagram.com\/suno","https:\/\/www.linkedin.com\/company\/suno-research\/","https:\/\/www.youtube.com\/c\/sunoresearch"]},{"@type":"Person","@id":"https:\/\/www.suno.com.br\/noticias\/#\/schema\/person\/7f4d362bf3518e76090143ae77bb49a5","name":"Eduardo Vargas","image":{"@type":"ImageObject","inLanguage":"pt-BR","@id":"https:\/\/www.suno.com.br\/noticias\/#\/schema\/person\/image\/","url":"https:\/\/secure.gravatar.com\/avatar\/dac340933427a22924c9f99d1eb2e3f2?s=96&r=g","contentUrl":"https:\/\/secure.gravatar.com\/avatar\/dac340933427a22924c9f99d1eb2e3f2?s=96&r=g","caption":"Eduardo Vargas"},"description":"Jornalista formado pela UFSC, cobre macroeconomia, neg\u00f3cios e startups para o Suno Not\u00edcias, escrevendo principalmente not\u00edcias sobre o mercado financeiro e a bolsa de valores. No YouTube e no Instagram, \u00e9 respons\u00e1vel pela produ\u00e7\u00e3o de Reels e Shorts do Suno Not\u00edcias. Anteriormente, trabalhou cobrindo economia e cotidiano no ND+ e para o ND, maior jornal impresso de Santa Catarina. Cursou um semestre letivo de Estudos de M\u00eddia na Universidad de Buenos Aires.","url":"https:\/\/www.suno.com.br\/noticias\/author\/eduardo-vargas\/"}]}},"default_loop_html":"<div class=\"cardsPage__listCard__boxs\"><div class=\"cardsPage__listCard__boxs__img\"><a href=\"https:\/\/www.suno.com.br\/noticias\/cielo-ciel3-gpa-pcar3-baixas-semana-ibovespa\/\"><img class=\"mask\" src=\"https:\/\/www.suno.com.br\/noticias\/wp-content\/themes\/suno\/resources\/images\/spotlight\/spotlight1img\/bg-mask.png\" alt=\"Image Mask\"\/><img src=\"https:\/\/files.sunoresearch.com.br\/n\/uploads\/2021\/01\/3f6653d6-cielo-400x200.jpg\" alt=\"Cielo (CIEL3) e GPA (PCAR3) lideram baixas da semana no Ibovespa\"\/><\/a><span class=\"spotlightCategory\"><a href=\"https:\/\/www.suno.com.br\/noticias\/mercado\/\">Mercado<\/a><\/span><\/div><div class=\"cardsPage__listCard__boxs__content\"><a href=\"https:\/\/www.suno.com.br\/noticias\/cielo-ciel3-gpa-pcar3-baixas-semana-ibovespa\/\"><h2 class=\"content__title\">Cielo (CIEL3) e GPA (PCAR3) lideram baixas da semana no Ibovespa<\/h2><\/a><div class=\"newsContent__article__meta\"><div class=\"newsContent__article__meta__authorBox\"><a href=\"https:\/\/www.suno.com.br\/noticias\/author\/eduardo-vargas\/\" class=\"authorBox__avatar noMobi\"><img src=\"https:\/\/secure.gravatar.com\/avatar\/dac340933427a22924c9f99d1eb2e3f2?s=96&#038;r=g\" alt=\"Eduardo Vargas\"><\/a><div class=\"authorBox__name\"><span>por\n\t\t\t<a href=\"https:\/\/www.suno.com.br\/noticias\/author\/eduardo-vargas\/\"><span itemprop=\"author\">Eduardo Vargas<\/span><\/a><\/span><time datetime=\"2021-06-12T16:46:51-03:00\" itemprop=\"datePublished\">12\/06\/2021 16:46<\/time><\/div><\/div><\/div><\/div><\/div>","single_layout":"posts","amp_enabled":true,"_links":{"self":[{"href":"https:\/\/www.suno.com.br\/noticias\/wp-json\/wp\/v2\/posts\/156578"}],"collection":[{"href":"https:\/\/www.suno.com.br\/noticias\/wp-json\/wp\/v2\/posts"}],"about":[{"href":"https:\/\/www.suno.com.br\/noticias\/wp-json\/wp\/v2\/types\/post"}],"author":[{"embeddable":true,"href":"https:\/\/www.suno.com.br\/noticias\/wp-json\/wp\/v2\/users\/73"}],"replies":[{"embeddable":true,"href":"https:\/\/www.suno.com.br\/noticias\/wp-json\/wp\/v2\/comments?post=156578"}],"version-history":[{"count":3,"href":"https:\/\/www.suno.com.br\/noticias\/wp-json\/wp\/v2\/posts\/156578\/revisions"}],"predecessor-version":[{"id":156594,"href":"https:\/\/www.suno.com.br\/noticias\/wp-json\/wp\/v2\/posts\/156578\/revisions\/156594"}],"wp:featuredmedia":[{"embeddable":true,"href":"https:\/\/www.suno.com.br\/noticias\/wp-json\/wp\/v2\/media\/116360"}],"wp:attachment":[{"href":"https:\/\/www.suno.com.br\/noticias\/wp-json\/wp\/v2\/media?parent=156578"}],"wp:term":[{"taxonomy":"category","embeddable":true,"href":"https:\/\/www.suno.com.br\/noticias\/wp-json\/wp\/v2\/categories?post=156578"},{"taxonomy":"post_tag","embeddable":true,"href":"https:\/\/www.suno.com.br\/noticias\/wp-json\/wp\/v2\/tags?post=156578"},{"taxonomy":"suno_strategy","embeddable":true,"href":"https:\/\/www.suno.com.br\/noticias\/wp-json\/wp\/v2\/suno_strategy?post=156578"}],"curies":[{"name":"wp","href":"https:\/\/api.w.org\/{rel}","templated":true}]}}