{"id":15648,"date":"2019-02-18T12:21:26","date_gmt":"2019-02-18T15:21:26","guid":{"rendered":"https:\/\/www.suno.com.br\/noticias\/?p=15648"},"modified":"2019-02-18T12:25:23","modified_gmt":"2019-02-18T15:25:23","slug":"gustavo-bebianno-crise-governo-dou","status":"publish","type":"post","link":"https:\/\/www.suno.com.br\/noticias\/gustavo-bebianno-crise-governo-dou\/","title":{"rendered":"Exonera\u00e7\u00e3o de Gustavo Bebianno n\u00e3o foi publicada no Di\u00e1rio Oficial"},"content":{"rendered":"<p>A edi\u00e7\u00e3o regular do <strong>Di\u00e1rio Oficial da Uni\u00e3o<\/strong> (DOU) desta segunda-feira (18) <strong>n\u00e3o<\/strong> apresentou a <strong>exonera\u00e7\u00e3o<\/strong> do\u00a0<strong>ministro da Secretaria-Geral da Presid\u00eancia<\/strong>, Gustavo Bebianno.<\/p>\t<div class=\"wrapper-featured-image\">\n\t\t<figure class=\"spotlightImg\">\n\n\t\t\t<picture>\n\t\t\t\t<source media=\"(max-width: 768px)\" srcset=\"https:\/\/files.sunoresearch.com.br\/n\/uploads\/2019\/02\/97f2209b-gustavo-bebianno-400x200.webp\">\n\t\t\t\t<img loading=\"lazy\" decoding=\"async\" class=\"newsContent__article__imgCapa lazyloadDisabled newsContent__article__imgCapa--noCaption\" src=\"https:\/\/files.sunoresearch.com.br\/n\/uploads\/2019\/02\/97f2209b-gustavo-bebianno-800x450.webp\" width=\"800\" height=\"450\" alt=\"Exonera\u00e7\u00e3o de Gustavo Bebianno n\u00e3o foi publicada no Di\u00e1rio Oficial\" fetchpriority=high \/>\n\t\t\t<\/picture>\n\n\t\t\t<figcaption class=\"wp-caption-text wp-caption-text--hide\">O ministro da Secretaria-Geral da Presid\u00eancia, Gustavo Bebianno. (Ag\u00eancia Brasil)<\/figcaption>\n\t\t<\/figure>\n\t<\/div>\n\n\n<p>A <strong>surpresa<\/strong> ocorre, pois, no s\u00e1bado (16) <strong>Jair Bolsonaro<\/strong> j\u00e1 estava com o ato de <strong>demiss\u00e3o<\/strong> de <strong>Gustavo Bebianno<\/strong> assinado, segundo o jornal &#8220;O Estado de S. Paulo&#8221;.<\/p>\n<p>Na mesma data, o pr\u00f3prio ministro confirmou que o presidente da Rep\u00fablica <strong>Jair Bolsonaro<\/strong> tinha inten\u00e7\u00e3o de exoner\u00e1-lo.<\/p>\n<p>&#8220;Sim, a sinaliza\u00e7\u00e3o \u00e9 essa. A tend\u00eancia \u00e9 essa, <strong>exonera\u00e7\u00e3o<\/strong>. Quando voc\u00eas perguntam, \u00e9 o seguinte, eu quero ver o papel com a exonera\u00e7\u00e3o, a hora que sair o papel com a exonera\u00e7\u00e3o \u00e9 porque eu fui exonerado&#8221;, afirmou o ministro \u00e0 Imprensa no s\u00e1bado.<\/p>\n<p>Apesar da demiss\u00e3o de Gustavo Bebianno n\u00e3o ter sido publicada ainda no <strong>Di\u00e1rio Oficial da Uni\u00e3o<\/strong>, poder\u00e1 ser feita em\u00a0<strong>edi\u00e7\u00e3o extra<\/strong> ao longo do dia.<\/p>\n<p>Durante a manh\u00e3 desta segunda-feira, <strong>Jair Bolsonaro<\/strong> encontrou-se com o ministro da Casa Civil,<strong> Onyx Lorenzoni<\/strong>, em reuni\u00e3o sem agendamento pr\u00e9vio.<\/p>\n<p>Assim, h\u00e1 indica\u00e7\u00e3o de que o governo ainda est\u00e1 debatendo a <strong>pauta<\/strong>.<\/p>\n<p><a href=\"https:\/\/www.suno.com.br\/noticias\/maia-crise-bebianno-atrapalhar-reforma\/\">Saiba mais &#8211;\u00a0Rodrigo Maia: crise com Bebianno pode atrapalhar reforma da Previd\u00eancia\u00a0<\/a><\/p>\n<h2>Entenda a crise de governo<\/h2>\n<p>O\u00a0<strong>ministro da Secretaria-Geral da Presid\u00eancia<\/strong>, Gustavo Bebianno, foi alvo de uma s\u00e9rie de reportagens da &#8220;Folha de S. Paulo&#8221;. O ministro tamb\u00e9m \u00e9 ex-presidente do <strong>PSL<\/strong>.<\/p>\n<p>Nas reportagens, o jornal denuncia um suposto esquema de<strong> candidaturas laranjas<\/strong> do partido. A <strong>fraude<\/strong> teria ocorrido na \u00e9poca em que Bebianno era l\u00edder do partido.<\/p>\n<p>De acordo com a apura\u00e7\u00e3o da &#8220;Folha de S.Paulo&#8221;, houve um repasse de R$ 400 mil do <strong>PSL<\/strong> para uma candidata a <strong>deputada federal<\/strong> do partido em <strong>Pernambuco<\/strong>.<\/p>\n<p>Tal <strong>repasse<\/strong> teria sido feito quatro dias antes das <strong>elei\u00e7\u00f5es<\/strong>. A candidata em quest\u00e3o recebeu apenas 274 votos.<\/p>\n<p>Al\u00e9m disso, Bebianno possivelmente tamb\u00e9m autorizou <strong>repasse<\/strong> de R$ 250 mil de verba p\u00fablica para a campanha eleitoral de uma ex-assessora.<\/p>\n<p>O <strong>dinheiro<\/strong>, segundo o jornal, foi <strong>repassado<\/strong> para uma gr\u00e1fica registrada em endere\u00e7o de fachada.<\/p>\n<p>As publica\u00e7\u00f5es do jornal <strong>repercutiram<\/strong>, e diversos pol\u00edticos opinaram acerca da <strong>pol\u00eamica<\/strong>.<\/p>\n<p>&#8220;O presidente pertence ao <strong>PSL<\/strong>, mas [isso] n\u00e3o tem nada a ver com a campanha dele. Ent\u00e3o \u00e9 problema do partido. O <strong>partido<\/strong> que se explique&#8221;, disse o vice-presidente da Rep\u00fablica, <strong>Hamilton Mour\u00e3o<\/strong>.<\/p>\n<p>De acordo com o o portal &#8220;Antagonista&#8221;, o ministro negou, na quarta-feira (13), a possibilidade de uma <strong>crise de governo<\/strong> ter sido iniciada com as publica\u00e7\u00f5es do jornal.<\/p>\n<p>&#8220;N\u00e3o existe <strong>crise<\/strong> nenhuma. S\u00f3 hoje falei tr\u00eas vezes com o presidente&#8221;, disse Bebianno.<\/p>\n<p>Contudo, o filho do presidente, <strong>Carlos Bolsonaro<\/strong> (PSL), negou as <strong>liga\u00e7\u00f5es<\/strong> do presidente da Rep\u00fablica com o ministro.<\/p>\n<p class=\"twitter-tweet\" data-cards=\"hidden\" data-lang=\"pt\">\n<p dir=\"ltr\" lang=\"pt\">Ontem estive 24h do dia ao lado do meu pai e afirmo: \u201c\u00c9 uma mentira absoluta de Gustavo Bebbiano que ontem teria falado 3 vezes com Jair Bolsonaro para tratar do assunto citado pelo Globo e retransmitido pelo Antagonista.\u201d <a href=\"https:\/\/t.co\/AqzZ0YPNOO\">pic.twitter.com\/AqzZ0YPNOO<\/a><\/p>\n<p>\u2014 Carlos Bolsonaro (@CarlosBolsonaro) <a href=\"https:\/\/twitter.com\/CarlosBolsonaro\/status\/1095698138382389249?ref_src=twsrc%5Etfw\">13 de fevereiro de 2019<\/a><\/p>\n<p><script async src=\"https:\/\/platform.twitter.com\/widgets.js\" charset=\"utf-8\"><\/script><\/p>\n<p>Mais tarde, <strong>Jair Bolsonaro<\/strong> republicou a fala de seu filho em sua pr\u00f3pria conta do Twitter.<\/p>\n<p>\u201cN\u00e3o tenho inten\u00e7\u00e3o de me <strong>demitir<\/strong>. N\u00e3o fiz nada de errado, meu trabalho continua sendo em benef\u00edcio do Brasil. O <strong>presidente<\/strong>, se entender que eu n\u00e3o devo mais continuar, ele certamente vai comunicar. Da minha parte, tudo foi feito com <strong>honestidade<\/strong> e corre\u00e7\u00e3o, ent\u00e3o vou esperar para ver o que acontece\u201d, defendeu-se Bebianno, ap\u00f3s o posicionamento do presidente em endossar a fala de seu filho, Carlos.<\/p>\n<p>Ent\u00e3o, na sexta-feira (15), o presidente e <strong>Gustavo Bebianno<\/strong> tiveram encontro presencial pela primeira vez desde iniciada a <strong>crise de governo<\/strong>.<\/p>\n","protected":false},"excerpt":{"rendered":"<p>A edi\u00e7\u00e3o regular do Di\u00e1rio Oficial da Uni\u00e3o (DOU) desta segunda-feira (18) n\u00e3o apresentou a exonera\u00e7\u00e3o do\u00a0ministro da Secretaria-Geral da Presid\u00eancia, Gustavo Bebianno. O ministro da Secretaria-Geral da Presid\u00eancia, Gustavo Bebianno. (Ag\u00eancia Brasil) A surpresa ocorre, pois, no s\u00e1bado (16) Jair Bolsonaro j\u00e1 estava com o ato de demiss\u00e3o de Gustavo Bebianno assinado, segundo o [&hellip;]<\/p>\n","protected":false},"author":12,"featured_media":15655,"comment_status":"closed","ping_status":"closed","sticky":false,"template":"","format":"standard","meta":[],"categories":[61],"tags":[1165,719,939],"suno_strategy":[],"class_list":["post-15648","post","type-post","status-publish","format-standard","has-post-thumbnail","hentry","category-politica","tag-gustavo-bebianno","tag-jair-bolsonaro","tag-onyx-lorenzoni"],"yoast_head":"<!-- This site is optimized with the Yoast SEO plugin v24.4 - https:\/\/yoast.com\/wordpress\/plugins\/seo\/ -->\n<title>Exonera\u00e7\u00e3o de Gustavo Bebianno n\u00e3o foi publicada no Di\u00e1rio Oficial<\/title>\n<meta name=\"description\" content=\"O Di\u00e1rio Oficial da Uni\u00e3o n\u00e3o apresentou a exonera\u00e7\u00e3o de Gustavo Bebianno, que protagoniza crise de governo. Clique para saber mais.\" \/>\n<meta name=\"robots\" content=\"index, follow, max-snippet:-1, max-image-preview:large, max-video-preview:-1\" \/>\n<link rel=\"canonical\" href=\"https:\/\/www.suno.com.br\/noticias\/gustavo-bebianno-crise-governo-dou\/\" \/>\n<meta property=\"og:locale\" content=\"pt_BR\" \/>\n<meta property=\"og:type\" content=\"article\" \/>\n<meta property=\"og:title\" content=\"Exonera\u00e7\u00e3o de Gustavo Bebianno n\u00e3o foi publicada no Di\u00e1rio Oficial\" \/>\n<meta property=\"og:description\" content=\"O Di\u00e1rio Oficial da Uni\u00e3o n\u00e3o apresentou a exonera\u00e7\u00e3o de Gustavo Bebianno, que protagoniza crise de governo. Clique para saber mais.\" \/>\n<meta property=\"og:url\" content=\"https:\/\/www.suno.com.br\/noticias\/gustavo-bebianno-crise-governo-dou\/\" \/>\n<meta property=\"og:site_name\" content=\"Suno Not\u00edcias\" \/>\n<meta property=\"article:publisher\" content=\"https:\/\/facebook.com\/sunoresearch\" \/>\n<meta property=\"og:image\" content=\"https:\/\/files.sunoresearch.com.br\/n\/uploads\/2019\/02\/97f2209b-gustavo-bebianno.jpg\" \/>\n\t<meta property=\"og:image:width\" content=\"1140\" \/>\n\t<meta property=\"og:image:height\" content=\"760\" \/>\n\t<meta property=\"og:image:type\" content=\"image\/jpeg\" \/>\n<meta name=\"author\" content=\"Amanda Gushiken\" \/>\n<meta name=\"twitter:card\" content=\"summary_large_image\" \/>\n<meta name=\"twitter:creator\" content=\"@sunoresearch\" \/>\n<meta name=\"twitter:site\" content=\"@sunoresearch\" \/>\n<meta name=\"twitter:label1\" content=\"Escrito por\" \/>\n\t<meta name=\"twitter:data1\" content=\"Amanda Gushiken\" \/>\n\t<meta name=\"twitter:label2\" content=\"Est. tempo de leitura\" \/>\n\t<meta name=\"twitter:data2\" content=\"3 minutos\" \/>\n<script type=\"application\/ld+json\" class=\"yoast-schema-graph\">{\"@context\":\"https:\/\/schema.org\",\"@graph\":[{\"@type\":\"NewsArticle\",\"@id\":\"https:\/\/www.suno.com.br\/noticias\/gustavo-bebianno-crise-governo-dou\/#article\",\"isPartOf\":{\"@id\":\"https:\/\/www.suno.com.br\/noticias\/gustavo-bebianno-crise-governo-dou\/\"},\"author\":{\"name\":\"Amanda Gushiken\",\"@id\":\"https:\/\/www.suno.com.br\/noticias\/#\/schema\/person\/a5b06fa4e879d8e8e119c6ed3cd630d1\"},\"headline\":\"Exonera\u00e7\u00e3o de Gustavo Bebianno n\u00e3o foi publicada no Di\u00e1rio Oficial\",\"datePublished\":\"2019-02-18T15:21:26+00:00\",\"dateModified\":\"2019-02-18T15:25:23+00:00\",\"mainEntityOfPage\":{\"@id\":\"https:\/\/www.suno.com.br\/noticias\/gustavo-bebianno-crise-governo-dou\/\"},\"wordCount\":645,\"publisher\":{\"@id\":\"https:\/\/www.suno.com.br\/noticias\/#organization\"},\"image\":{\"@id\":\"https:\/\/www.suno.com.br\/noticias\/gustavo-bebianno-crise-governo-dou\/#primaryimage\"},\"thumbnailUrl\":\"https:\/\/files.sunoresearch.com.br\/n\/uploads\/2019\/02\/97f2209b-gustavo-bebianno-jpg.webp\",\"keywords\":[\"Gustavo Bebianno\",\"Jair Bolsonaro\",\"Onyx Lorenzoni\"],\"articleSection\":[\"Pol\u00edtica\"],\"inLanguage\":\"pt-BR\"},{\"@type\":\"WebPage\",\"@id\":\"https:\/\/www.suno.com.br\/noticias\/gustavo-bebianno-crise-governo-dou\/\",\"url\":\"https:\/\/www.suno.com.br\/noticias\/gustavo-bebianno-crise-governo-dou\/\",\"name\":\"Exonera\u00e7\u00e3o de Gustavo Bebianno n\u00e3o foi publicada no Di\u00e1rio Oficial\",\"isPartOf\":{\"@id\":\"https:\/\/www.suno.com.br\/noticias\/#website\"},\"primaryImageOfPage\":{\"@id\":\"https:\/\/www.suno.com.br\/noticias\/gustavo-bebianno-crise-governo-dou\/#primaryimage\"},\"image\":{\"@id\":\"https:\/\/www.suno.com.br\/noticias\/gustavo-bebianno-crise-governo-dou\/#primaryimage\"},\"thumbnailUrl\":\"https:\/\/files.sunoresearch.com.br\/n\/uploads\/2019\/02\/97f2209b-gustavo-bebianno-jpg.webp\",\"datePublished\":\"2019-02-18T15:21:26+00:00\",\"dateModified\":\"2019-02-18T15:25:23+00:00\",\"description\":\"O Di\u00e1rio Oficial da Uni\u00e3o n\u00e3o apresentou a exonera\u00e7\u00e3o de Gustavo Bebianno, que protagoniza crise de governo. Clique para saber mais.\",\"breadcrumb\":{\"@id\":\"https:\/\/www.suno.com.br\/noticias\/gustavo-bebianno-crise-governo-dou\/#breadcrumb\"},\"inLanguage\":\"pt-BR\",\"potentialAction\":[{\"@type\":\"ReadAction\",\"target\":[\"https:\/\/www.suno.com.br\/noticias\/gustavo-bebianno-crise-governo-dou\/\"]}]},{\"@type\":\"ImageObject\",\"inLanguage\":\"pt-BR\",\"@id\":\"https:\/\/www.suno.com.br\/noticias\/gustavo-bebianno-crise-governo-dou\/#primaryimage\",\"url\":\"https:\/\/files.sunoresearch.com.br\/n\/uploads\/2019\/02\/97f2209b-gustavo-bebianno-jpg.webp\",\"contentUrl\":\"https:\/\/files.sunoresearch.com.br\/n\/uploads\/2019\/02\/97f2209b-gustavo-bebianno-jpg.webp\",\"width\":1140,\"height\":760,\"caption\":\"O ministro da Secretaria-Geral da Presid\u00eancia, Gustavo Bebianno. (Ag\u00eancia Brasil)\"},{\"@type\":\"BreadcrumbList\",\"@id\":\"https:\/\/www.suno.com.br\/noticias\/gustavo-bebianno-crise-governo-dou\/#breadcrumb\",\"itemListElement\":[{\"@type\":\"ListItem\",\"position\":1,\"name\":\"Not\u00edcias\",\"item\":\"https:\/\/www.suno.com.br\/noticias\/\"},{\"@type\":\"ListItem\",\"position\":2,\"name\":\"Pol\u00edtica\",\"item\":\"https:\/\/www.suno.com.br\/noticias\/politica\/\"},{\"@type\":\"ListItem\",\"position\":3,\"name\":\"Exonera\u00e7\u00e3o de Gustavo Bebianno n\u00e3o foi publicada no Di\u00e1rio Oficial\"}]},{\"@type\":\"WebSite\",\"@id\":\"https:\/\/www.suno.com.br\/noticias\/#website\",\"url\":\"https:\/\/www.suno.com.br\/noticias\/\",\"name\":\"Suno Not\u00edcias\",\"description\":\"Seu portal de informa\u00e7\u00e3o sobre o mundo dos investimentos\",\"publisher\":{\"@id\":\"https:\/\/www.suno.com.br\/noticias\/#organization\"},\"potentialAction\":[{\"@type\":\"SearchAction\",\"target\":{\"@type\":\"EntryPoint\",\"urlTemplate\":\"https:\/\/www.suno.com.br\/noticias\/?s={search_term_string}\"},\"query-input\":{\"@type\":\"PropertyValueSpecification\",\"valueRequired\":true,\"valueName\":\"search_term_string\"}}],\"inLanguage\":\"pt-BR\"},{\"@type\":\"Organization\",\"@id\":\"https:\/\/www.suno.com.br\/noticias\/#organization\",\"name\":\"Suno Not\u00edcias\",\"url\":\"https:\/\/www.suno.com.br\/noticias\/\",\"logo\":{\"@type\":\"ImageObject\",\"inLanguage\":\"pt-BR\",\"@id\":\"https:\/\/www.suno.com.br\/noticias\/#\/schema\/logo\/image\/\",\"url\":\"https:\/\/files.sunoresearch.com.br\/n\/uploads\/2021\/09\/suno-logo.png\",\"contentUrl\":\"https:\/\/files.sunoresearch.com.br\/n\/uploads\/2021\/09\/suno-logo.png\",\"width\":180,\"height\":180,\"caption\":\"Suno Not\u00edcias\"},\"image\":{\"@id\":\"https:\/\/www.suno.com.br\/noticias\/#\/schema\/logo\/image\/\"},\"sameAs\":[\"https:\/\/facebook.com\/sunoresearch\",\"https:\/\/x.com\/sunoresearch\",\"https:\/\/www.instagram.com\/suno\",\"https:\/\/www.linkedin.com\/company\/suno-research\/\",\"https:\/\/www.youtube.com\/c\/sunoresearch\"]},{\"@type\":\"Person\",\"@id\":\"https:\/\/www.suno.com.br\/noticias\/#\/schema\/person\/a5b06fa4e879d8e8e119c6ed3cd630d1\",\"name\":\"Amanda Gushiken\",\"image\":{\"@type\":\"ImageObject\",\"inLanguage\":\"pt-BR\",\"@id\":\"https:\/\/www.suno.com.br\/noticias\/#\/schema\/person\/image\/\",\"url\":\"https:\/\/secure.gravatar.com\/avatar\/ecd84705e6b65e3685ae80d725501fbe?s=96&r=g\",\"contentUrl\":\"https:\/\/secure.gravatar.com\/avatar\/ecd84705e6b65e3685ae80d725501fbe?s=96&r=g\",\"caption\":\"Amanda Gushiken\"},\"description\":\"Amanda Sayuri Gushiken escreve sobre finan\u00e7as e neg\u00f3cios para o portal Suno Not\u00edcias. Antes, trabalhou selecionando not\u00edcias da imprensa para clientes do mercado financeiro. Tamb\u00e9m desenvolveu pesquisa acad\u00eamica pela Universidade Anhembi Morumbi na \u00e1rea de Teorias da Comunica\u00e7\u00e3o e \u00e9 fot\u00f3grafa nas horas vagas.\",\"url\":\"https:\/\/www.suno.com.br\/noticias\/author\/amanda\/\"}]}<\/script>\n<!-- \/ Yoast SEO plugin. -->","yoast_head_json":{"title":"Exonera\u00e7\u00e3o de Gustavo Bebianno n\u00e3o foi publicada no Di\u00e1rio Oficial","description":"O Di\u00e1rio Oficial da Uni\u00e3o n\u00e3o apresentou a exonera\u00e7\u00e3o de Gustavo Bebianno, que protagoniza crise de governo. Clique para saber mais.","robots":{"index":"index","follow":"follow","max-snippet":"max-snippet:-1","max-image-preview":"max-image-preview:large","max-video-preview":"max-video-preview:-1"},"canonical":"https:\/\/www.suno.com.br\/noticias\/gustavo-bebianno-crise-governo-dou\/","og_locale":"pt_BR","og_type":"article","og_title":"Exonera\u00e7\u00e3o de Gustavo Bebianno n\u00e3o foi publicada no Di\u00e1rio Oficial","og_description":"O Di\u00e1rio Oficial da Uni\u00e3o n\u00e3o apresentou a exonera\u00e7\u00e3o de Gustavo Bebianno, que protagoniza crise de governo. Clique para saber mais.","og_url":"https:\/\/www.suno.com.br\/noticias\/gustavo-bebianno-crise-governo-dou\/","og_site_name":"Suno Not\u00edcias","article_publisher":"https:\/\/facebook.com\/sunoresearch","og_image":[{"width":1140,"height":760,"url":"https:\/\/files.sunoresearch.com.br\/n\/uploads\/2019\/02\/97f2209b-gustavo-bebianno.jpg","type":"image\/jpeg"}],"author":"Amanda Gushiken","twitter_card":"summary_large_image","twitter_creator":"@sunoresearch","twitter_site":"@sunoresearch","twitter_misc":{"Escrito por":"Amanda Gushiken","Est. tempo de leitura":"3 minutos"},"schema":{"@context":"https:\/\/schema.org","@graph":[{"@type":"NewsArticle","@id":"https:\/\/www.suno.com.br\/noticias\/gustavo-bebianno-crise-governo-dou\/#article","isPartOf":{"@id":"https:\/\/www.suno.com.br\/noticias\/gustavo-bebianno-crise-governo-dou\/"},"author":{"name":"Amanda Gushiken","@id":"https:\/\/www.suno.com.br\/noticias\/#\/schema\/person\/a5b06fa4e879d8e8e119c6ed3cd630d1"},"headline":"Exonera\u00e7\u00e3o de Gustavo Bebianno n\u00e3o foi publicada no Di\u00e1rio Oficial","datePublished":"2019-02-18T15:21:26+00:00","dateModified":"2019-02-18T15:25:23+00:00","mainEntityOfPage":{"@id":"https:\/\/www.suno.com.br\/noticias\/gustavo-bebianno-crise-governo-dou\/"},"wordCount":645,"publisher":{"@id":"https:\/\/www.suno.com.br\/noticias\/#organization"},"image":{"@id":"https:\/\/www.suno.com.br\/noticias\/gustavo-bebianno-crise-governo-dou\/#primaryimage"},"thumbnailUrl":"https:\/\/files.sunoresearch.com.br\/n\/uploads\/2019\/02\/97f2209b-gustavo-bebianno-jpg.webp","keywords":["Gustavo Bebianno","Jair Bolsonaro","Onyx Lorenzoni"],"articleSection":["Pol\u00edtica"],"inLanguage":"pt-BR"},{"@type":"WebPage","@id":"https:\/\/www.suno.com.br\/noticias\/gustavo-bebianno-crise-governo-dou\/","url":"https:\/\/www.suno.com.br\/noticias\/gustavo-bebianno-crise-governo-dou\/","name":"Exonera\u00e7\u00e3o de Gustavo Bebianno n\u00e3o foi publicada no Di\u00e1rio Oficial","isPartOf":{"@id":"https:\/\/www.suno.com.br\/noticias\/#website"},"primaryImageOfPage":{"@id":"https:\/\/www.suno.com.br\/noticias\/gustavo-bebianno-crise-governo-dou\/#primaryimage"},"image":{"@id":"https:\/\/www.suno.com.br\/noticias\/gustavo-bebianno-crise-governo-dou\/#primaryimage"},"thumbnailUrl":"https:\/\/files.sunoresearch.com.br\/n\/uploads\/2019\/02\/97f2209b-gustavo-bebianno-jpg.webp","datePublished":"2019-02-18T15:21:26+00:00","dateModified":"2019-02-18T15:25:23+00:00","description":"O Di\u00e1rio Oficial da Uni\u00e3o n\u00e3o apresentou a exonera\u00e7\u00e3o de Gustavo Bebianno, que protagoniza crise de governo. Clique para saber mais.","breadcrumb":{"@id":"https:\/\/www.suno.com.br\/noticias\/gustavo-bebianno-crise-governo-dou\/#breadcrumb"},"inLanguage":"pt-BR","potentialAction":[{"@type":"ReadAction","target":["https:\/\/www.suno.com.br\/noticias\/gustavo-bebianno-crise-governo-dou\/"]}]},{"@type":"ImageObject","inLanguage":"pt-BR","@id":"https:\/\/www.suno.com.br\/noticias\/gustavo-bebianno-crise-governo-dou\/#primaryimage","url":"https:\/\/files.sunoresearch.com.br\/n\/uploads\/2019\/02\/97f2209b-gustavo-bebianno-jpg.webp","contentUrl":"https:\/\/files.sunoresearch.com.br\/n\/uploads\/2019\/02\/97f2209b-gustavo-bebianno-jpg.webp","width":1140,"height":760,"caption":"O ministro da Secretaria-Geral da Presid\u00eancia, Gustavo Bebianno. (Ag\u00eancia Brasil)"},{"@type":"BreadcrumbList","@id":"https:\/\/www.suno.com.br\/noticias\/gustavo-bebianno-crise-governo-dou\/#breadcrumb","itemListElement":[{"@type":"ListItem","position":1,"name":"Not\u00edcias","item":"https:\/\/www.suno.com.br\/noticias\/"},{"@type":"ListItem","position":2,"name":"Pol\u00edtica","item":"https:\/\/www.suno.com.br\/noticias\/politica\/"},{"@type":"ListItem","position":3,"name":"Exonera\u00e7\u00e3o de Gustavo Bebianno n\u00e3o foi publicada no Di\u00e1rio Oficial"}]},{"@type":"WebSite","@id":"https:\/\/www.suno.com.br\/noticias\/#website","url":"https:\/\/www.suno.com.br\/noticias\/","name":"Suno Not\u00edcias","description":"Seu portal de informa\u00e7\u00e3o sobre o mundo dos investimentos","publisher":{"@id":"https:\/\/www.suno.com.br\/noticias\/#organization"},"potentialAction":[{"@type":"SearchAction","target":{"@type":"EntryPoint","urlTemplate":"https:\/\/www.suno.com.br\/noticias\/?s={search_term_string}"},"query-input":{"@type":"PropertyValueSpecification","valueRequired":true,"valueName":"search_term_string"}}],"inLanguage":"pt-BR"},{"@type":"Organization","@id":"https:\/\/www.suno.com.br\/noticias\/#organization","name":"Suno Not\u00edcias","url":"https:\/\/www.suno.com.br\/noticias\/","logo":{"@type":"ImageObject","inLanguage":"pt-BR","@id":"https:\/\/www.suno.com.br\/noticias\/#\/schema\/logo\/image\/","url":"https:\/\/files.sunoresearch.com.br\/n\/uploads\/2021\/09\/suno-logo.png","contentUrl":"https:\/\/files.sunoresearch.com.br\/n\/uploads\/2021\/09\/suno-logo.png","width":180,"height":180,"caption":"Suno Not\u00edcias"},"image":{"@id":"https:\/\/www.suno.com.br\/noticias\/#\/schema\/logo\/image\/"},"sameAs":["https:\/\/facebook.com\/sunoresearch","https:\/\/x.com\/sunoresearch","https:\/\/www.instagram.com\/suno","https:\/\/www.linkedin.com\/company\/suno-research\/","https:\/\/www.youtube.com\/c\/sunoresearch"]},{"@type":"Person","@id":"https:\/\/www.suno.com.br\/noticias\/#\/schema\/person\/a5b06fa4e879d8e8e119c6ed3cd630d1","name":"Amanda Gushiken","image":{"@type":"ImageObject","inLanguage":"pt-BR","@id":"https:\/\/www.suno.com.br\/noticias\/#\/schema\/person\/image\/","url":"https:\/\/secure.gravatar.com\/avatar\/ecd84705e6b65e3685ae80d725501fbe?s=96&r=g","contentUrl":"https:\/\/secure.gravatar.com\/avatar\/ecd84705e6b65e3685ae80d725501fbe?s=96&r=g","caption":"Amanda Gushiken"},"description":"Amanda Sayuri Gushiken escreve sobre finan\u00e7as e neg\u00f3cios para o portal Suno Not\u00edcias. Antes, trabalhou selecionando not\u00edcias da imprensa para clientes do mercado financeiro. Tamb\u00e9m desenvolveu pesquisa acad\u00eamica pela Universidade Anhembi Morumbi na \u00e1rea de Teorias da Comunica\u00e7\u00e3o e \u00e9 fot\u00f3grafa nas horas vagas.","url":"https:\/\/www.suno.com.br\/noticias\/author\/amanda\/"}]}},"default_loop_html":"<div class=\"cardsPage__listCard__boxs\"><div class=\"cardsPage__listCard__boxs__img\"><a href=\"https:\/\/www.suno.com.br\/noticias\/gustavo-bebianno-crise-governo-dou\/\"><img class=\"mask\" src=\"https:\/\/www.suno.com.br\/noticias\/wp-content\/themes\/suno\/resources\/images\/spotlight\/spotlight1img\/bg-mask.png\" alt=\"Image Mask\"\/><img src=\"https:\/\/files.sunoresearch.com.br\/n\/uploads\/2019\/02\/97f2209b-gustavo-bebianno-400x200.webp\" alt=\"Exonera\u00e7\u00e3o de Gustavo Bebianno n\u00e3o foi publicada no Di\u00e1rio Oficial\"\/><\/a><span class=\"spotlightCategory\"><a href=\"https:\/\/www.suno.com.br\/noticias\/politica\/\">Pol\u00edtica<\/a><\/span><\/div><div class=\"cardsPage__listCard__boxs__content\"><a href=\"https:\/\/www.suno.com.br\/noticias\/gustavo-bebianno-crise-governo-dou\/\"><h2 class=\"content__title\">Exonera\u00e7\u00e3o de Gustavo Bebianno n\u00e3o foi publicada no Di\u00e1rio Oficial<\/h2><\/a><div class=\"newsContent__article__meta\"><div class=\"newsContent__article__meta__authorBox\"><a href=\"https:\/\/www.suno.com.br\/noticias\/author\/amanda\/\" class=\"authorBox__avatar noMobi\"><img src=\"https:\/\/files.sunoresearch.com.br\/n\/uploads\/2018\/11\/c6ad30be-amanda-150x150.webp\" alt=\"Amanda Gushiken\"><\/a><div class=\"authorBox__name\"><span>por\n\t\t\t<a href=\"https:\/\/www.suno.com.br\/noticias\/author\/amanda\/\"><span itemprop=\"author\">Amanda Gushiken<\/span><\/a><\/span><time datetime=\"2019-02-18T12:21:26-03:00\" itemprop=\"datePublished\">18\/02\/2019 12:21<\/time><\/div><\/div><\/div><\/div><\/div>","single_layout":"posts","amp_enabled":true,"_links":{"self":[{"href":"https:\/\/www.suno.com.br\/noticias\/wp-json\/wp\/v2\/posts\/15648"}],"collection":[{"href":"https:\/\/www.suno.com.br\/noticias\/wp-json\/wp\/v2\/posts"}],"about":[{"href":"https:\/\/www.suno.com.br\/noticias\/wp-json\/wp\/v2\/types\/post"}],"author":[{"embeddable":true,"href":"https:\/\/www.suno.com.br\/noticias\/wp-json\/wp\/v2\/users\/12"}],"replies":[{"embeddable":true,"href":"https:\/\/www.suno.com.br\/noticias\/wp-json\/wp\/v2\/comments?post=15648"}],"version-history":[{"count":0,"href":"https:\/\/www.suno.com.br\/noticias\/wp-json\/wp\/v2\/posts\/15648\/revisions"}],"wp:featuredmedia":[{"embeddable":true,"href":"https:\/\/www.suno.com.br\/noticias\/wp-json\/wp\/v2\/media\/15655"}],"wp:attachment":[{"href":"https:\/\/www.suno.com.br\/noticias\/wp-json\/wp\/v2\/media?parent=15648"}],"wp:term":[{"taxonomy":"category","embeddable":true,"href":"https:\/\/www.suno.com.br\/noticias\/wp-json\/wp\/v2\/categories?post=15648"},{"taxonomy":"post_tag","embeddable":true,"href":"https:\/\/www.suno.com.br\/noticias\/wp-json\/wp\/v2\/tags?post=15648"},{"taxonomy":"suno_strategy","embeddable":true,"href":"https:\/\/www.suno.com.br\/noticias\/wp-json\/wp\/v2\/suno_strategy?post=15648"}],"curies":[{"name":"wp","href":"https:\/\/api.w.org\/{rel}","templated":true}]}}