{"id":156479,"date":"2021-06-11T18:11:37","date_gmt":"2021-06-11T21:11:37","guid":{"rendered":"https:\/\/www.suno.com.br\/noticias\/?p=156479"},"modified":"2021-06-11T18:11:37","modified_gmt":"2021-06-11T21:11:37","slug":"azul-azul4-recupera-80-do-volume-do-trafego-pre-pandemia","status":"publish","type":"post","link":"https:\/\/www.suno.com.br\/noticias\/azul-azul4-recupera-80-do-volume-do-trafego-pre-pandemia\/","title":{"rendered":"Azul (AZUL4) recupera 80% do volume do tr\u00e1fego pr\u00e9-pandemia"},"content":{"rendered":"<p>A <a class=\"suno-keyword\" href=\"https:\/\/www.suno.com.br\/acoes\/AZUL4\/\" target=\"_blank\" rel=\"noopener noreferrer\" data-force=\"yes\" data-priority=\"2\"><strong>Azul<\/strong> (AZUL4)<\/a> ampliou a disponibilidade de voos dom\u00e9sticos em maio na compara\u00e7\u00e3o com abril e recuperou mais de 80% de tr\u00e1fego pr\u00e9-pandemia.<\/p>\t<div class=\"wrapper-featured-image\">\n\t\t<figure class=\"spotlightImg\">\n\n\t\t\t<picture>\n\t\t\t\t<source media=\"(max-width: 768px)\" srcset=\"https:\/\/files.sunoresearch.com.br\/n\/uploads\/2021\/06\/06f5024f-aviao_azul_vacina_india_2-400x200.webp\">\n\t\t\t\t<img loading=\"lazy\" decoding=\"async\" class=\"newsContent__article__imgCapa lazyloadDisabled \" src=\"https:\/\/files.sunoresearch.com.br\/n\/uploads\/2021\/06\/06f5024f-aviao_azul_vacina_india_2-800x450.webp\" width=\"800\" height=\"450\" alt=\"Azul (AZUL4) recupera 80% do volume do tr\u00e1fego pr\u00e9-pandemia\" fetchpriority=high \/>\n\t\t\t<\/picture>\n\n\t\t\t<figcaption class=\"wp-caption-text wp-caption-text--show\">Azul (AZUL4). Foto: Divulga\u00e7\u00e3o<\/figcaption>\n\t\t<\/figure>\n\t<\/div>\n\n\n\t<p>\n\t\t<a href=\"https:\/\/lp.suno.com.br\/planilha-controle-gastos\/\" target=\"_blank\" data-element=\"shortcode-suno-banner\" title=\"Banner SUNO, clique e saiba mais\">\n\t\t\t<picture>\n\t\t\t\t<source media=\"(max-width: 500px)\" srcset=\"https:\/\/files.sunoresearch.com.br\/n\/uploads\/2023\/03\/400x300-Planilha-controle-de-gastos.png\">\n\t\t\t\t<img class=\"newsContent__article__imgCapa newsContent__article__imgCapa--banner\"\n\t\t\t\t\tsrc=\"https:\/\/files.sunoresearch.com.br\/n\/uploads\/2023\/03\/1420x240-Planilha-controle-de-gastos.png\"\n\t\t\t\t\tdata-promo-id=\"101751\"\t\t\t\t\t\t\t\t\t\twidth='1420' height='240'\t\t\t\t\talt=\"https:\/\/files.sunoresearch.com.br\/n\/uploads\/2023\/03\/1420x240-Planilha-controle-de-gastos.png\"\n\t\t\t\t>\n\t\t\t<\/picture>\n\t\t<\/a>\n\t<\/p>\n\n\n<p>Em informe mensal publicado para o mercado nesta sexta-feira (11), a Azul mostrou um <strong>tr\u00e1fego de passageiros<\/strong>, conhecida pela sigla RPK, de 1.455 milh\u00f5es em <strong>voos dom\u00e9sticos<\/strong>, avan\u00e7o de 14% na compara\u00e7\u00e3o com o m\u00eas anterior.<\/p>\n<p>No ano a ano, a companhia a\u00e9rea mostra um salto de 435% nos voos nacionais. Em maio de 2020, o setor enfrentava forte restri\u00e7\u00f5es com o avan\u00e7o da <strong>pandemia de covid-19<\/strong>.<\/p>\n<p>Com o resultado de maio, a Azul mostrou recupera\u00e7\u00e3o de 81,4% do volume pr\u00e9-pandemia, considerando os dados de maio de 2019.<\/p>\n<p><a href=\"https:\/\/lp.suno.com.br\/suno-one\/\">Suno One: acesse gratuitamente eBooks, Minicursos, Artigos e V\u00eddeo Aulas sobre investimentos com um \u00fanico cadastro. Clique para saber mais!<\/a><\/p>\n<p>A <strong>oferta dom\u00e9stica<\/strong>, ASK, subiu de 1.622 milh\u00f5es em abril para 1.863 milh\u00f5es no m\u00eas passado. O n\u00famero equivale a 86,9% da oferta em maio de 2019, antes das restri\u00e7\u00f5es.<\/p>\n<p>Veja, em detalhes, na tabela abaixo publicada pela Azul.<\/p>\n<figure id=\"attachment_156481\" aria-describedby=\"caption-attachment-156481\" style=\"width: 818px\" class=\"wp-caption alignnone\"><img loading=\"lazy\" decoding=\"async\" class=\"size-full wp-image-156481\" src=\"https:\/\/storage.googleapis.com\/wp-noticias\/2021\/06\/208c80d8-azulmaio.png\" alt=\"Azul recupera mais de 80% de demanda pr\u00e9-pandemia\" width=\"818\" height=\"473\" \/><figcaption id=\"caption-attachment-156481\" class=\"wp-caption-text\">Azul recupera mais de 80% de demanda pr\u00e9-pandemia<\/figcaption><\/figure>\n\t<p>\n\t\t<a href=\"https:\/\/lp.suno.com.br\/planilha-da-vida-financeira\/\" target=\"_blank\" data-element=\"shortcode-suno-banner\" title=\"Banner SUNO, clique e saiba mais\">\n\t\t\t<picture>\n\t\t\t\t<source media=\"(max-width: 500px)\" srcset=\"https:\/\/files.sunoresearch.com.br\/n\/uploads\/2023\/04\/400x300-Planilha-vida-financeira-true.png\">\n\t\t\t\t<img class=\"newsContent__article__imgCapa newsContent__article__imgCapa--banner\"\n\t\t\t\t\tsrc=\"https:\/\/files.sunoresearch.com.br\/n\/uploads\/2023\/04\/1420x240-Planilha-vida-financeira-true.png\"\n\t\t\t\t\tdata-promo-id=\"106682\"\t\t\t\t\t\t\t\t\t\twidth='1420' height='240'\t\t\t\t\talt=\"https:\/\/files.sunoresearch.com.br\/n\/uploads\/2023\/04\/1420x240-Planilha-vida-financeira-true.png\"\n\t\t\t\t>\n\t\t\t<\/picture>\n\t\t<\/a>\n\t<\/p>\n\n\n<h2 class=\"col-10 offset-1 animated fadeInDown dealy-750 display-6 display-md-4 display-lg-5 font-weight-bold alt-font text-center my-1\">Ap\u00f3s acordo, Azul anuncia novos voos para o Amazonas<\/h2>\n<p>Um acordo com os governos do Amazonas e federal a empresa a\u00e9rea Azul Linhas A\u00e9reas anunciou a expans\u00e3o de suas opera\u00e7\u00f5es no Amazonas. Se tudo correr conforme previsto, a companhia planeja come\u00e7ar a voar para oito cidades amazonenses e retomar as viagens para mais tr\u00eas destinos no estado ainda no segundo semestre.<img decoding=\"async\" src=\"https:\/\/agenciabrasil.ebc.com.br\/ebc.png?id=1412374&amp;o=node\" \/><img decoding=\"async\" src=\"https:\/\/agenciabrasil.ebc.com.br\/ebc.gif?id=1412374&amp;o=node\" \/><\/p>\n<p>As oito cidades que a companhia adicionar\u00e1 \u00e0 sua malha a\u00e9rea s\u00e3o <strong>Apu\u00ed, Barcelos, Borba, Eirunep\u00e9, Itacoatiara, Humait\u00e1, Novo Aripua\u00f1a e S\u00e3o Gabriel da Cachoeira<\/strong>. O in\u00edcio das opera\u00e7\u00f5es depende da conclus\u00e3o de melhorias na atual infraestrutura aeroportu\u00e1ria.<\/p>\n<p>O acordo com os governos estadual e federal tamb\u00e9m prev\u00ea a reativa\u00e7\u00e3o dos voos para Coari, L\u00e1brea e Mau\u00e9s e o aumento do n\u00famero de assentos dispon\u00edveis na rota que passa por Parintins, um dos quatro munic\u00edpios amazonenses onde a companhia atualmente opera &#8211; os outros tr\u00eas s\u00e3o Manaus, Tabatinga e Tef\u00e9.<\/p>\n<p>O governador do Amazonas, Wilson Lima, a expans\u00e3o das opera\u00e7\u00f5es da empresa para 11 novos destinos do estado. \u201cEstamos muito otimistas\u201d, disse o governador ao explicar que, em contrapartida, o governo estadual ofereceu incentivos \u00e0 empresa, como, por exemplo, a possibilidade de renovar a redu\u00e7\u00e3o da al\u00edquota do ICMS cobrado do combust\u00edvel de avia\u00e7\u00e3o.<\/p>\n<p>\u201cEsse acordo foi poss\u00edvel a partir dos incentivos que o governo do estado d\u00e1 a essa empresa, para fazer com que essas viagens se tornem vi\u00e1veis para ela e tamb\u00e9m para o consumidor\u201d, disse Wilson Lima.<\/p>\n<p>Segundo o governo estadual, o acordo inicial vale para o bi\u00eanio 2021\/2022, mas pode vir a ser ampliado mediante a manuten\u00e7\u00e3o de voos e cria\u00e7\u00e3o de novas rotas. O acordo tamb\u00e9m prev\u00ea que a empresa estabele\u00e7a voos diretos de Manaus para Bel\u00e9m, Boa Vista, Porto Velho, Recife, Santar\u00e9m (PA) e Campinas (SP).<\/p>\n<p>O ministro da Infraestrutura, Tarc\u00edsio Gomes de Freitas, tamb\u00e9m comemorou a iniciativa. \u201cEstamos falando de levar a avia\u00e7\u00e3o para o interior. De democratizar o servi\u00e7o de avia\u00e7\u00e3o e conectar as pessoas que l\u00e1, naquela regi\u00e3o, dependem muito do servi\u00e7o de transporte a\u00e9reo\u201d, disse o ministro ap\u00f3s se reunir com representantes da Azul, em Bras\u00edlia, na manh\u00e3 desta quinta-feira (10). \u201cEssa \u00e9 uma iniciativa que casa com a din\u00e2mica da nossa economia, cada vez mais voltada para o Norte do Brasil\u201d, acrescentou Freitas.<\/p>\n<p>De acordo com o minist\u00e9rio, o governo federal tem investido em melhorias nos aeroportos regionais operados pela Empresa Brasileira de Infraestrutura Aeroportu\u00e1ria (Infraero) com vistas a expandir a avia\u00e7\u00e3o regional em todo o pa\u00eds. Segundo a pasta, mais de R$ 1,4 bilh\u00e3o j\u00e1 foram investidos desde 2019 para a compra de equipamentos de navega\u00e7\u00e3o a\u00e9rea ou revitaliza\u00e7\u00e3o de aeroportos das cinco regi\u00f5es brasileiras.<\/p>\n<p>\u201cMuitos dos aeroportos foram constru\u00eddos nas d\u00e9cadas de 50, 60 e 70 e, aos poucos, foram sendo deixados de lado, sem uma manuten\u00e7\u00e3o e opera\u00e7\u00e3o corretas. Justamente por isso, estamos fazendo esse trabalho de revitaliza\u00e7\u00e3o e colocando esses aeroportos em condi\u00e7\u00f5es de infraestrutura para atender a opera\u00e7\u00e3o comercial, adequando ao porte das aeronaves demandadas\u201d, disse o secret\u00e1rio Nacional de Avia\u00e7\u00e3o Civil, Ronei Glanzmann, em nota.<\/p>\n<p>O governo federal espera atrair investimentos privados por meio da concess\u00e3o de aeroportos. O governo j\u00e1 realizou seis rodadas de leil\u00f5es, e a s\u00e9tima est\u00e1 prevista para ocorrer em 2022. H\u00e1 tamb\u00e9m um projeto que o pr\u00f3prio minist\u00e9rio trata como desestatiza\u00e7\u00e3o de oito aeroportos amazonenses (Barcelos, Carauari, Coari, Eirunep\u00e9, L\u00e1brea, Mau\u00e9s, Parintins e S\u00e3o Gabriel da Cachoeira) e que prev\u00ea a concess\u00e3o dos equipamentos por meio de parcerias p\u00fablico-privada.<\/p>\n<p><em>Com Ag\u00eancia Brasil<\/em><\/p>\n\t<p>\n\t\t<a href=\"https:\/\/lp.suno.com.br\/planilha-de-controle-de-investimentos\/\" target=\"_blank\" data-element=\"shortcode-suno-banner\" title=\"Banner SUNO, clique e saiba mais\">\n\t\t\t<picture>\n\t\t\t\t<source media=\"(max-width: 500px)\" srcset=\"https:\/\/files.sunoresearch.com.br\/n\/uploads\/2023\/03\/400x300-Controle-de-Investimentos.png\">\n\t\t\t\t<img class=\"newsContent__article__imgCapa newsContent__article__imgCapa--banner\"\n\t\t\t\t\tsrc=\"https:\/\/files.sunoresearch.com.br\/n\/uploads\/2023\/03\/1420x240-Controle-de-Investimentos.png\"\n\t\t\t\t\tdata-promo-id=\"75934\"\t\t\t\t\t\t\t\t\t\twidth='1420' height='240'\t\t\t\t\talt=\"https:\/\/files.sunoresearch.com.br\/n\/uploads\/2023\/03\/1420x240-Controle-de-Investimentos.png\"\n\t\t\t\t>\n\t\t\t<\/picture>\n\t\t<\/a>\n\t<\/p>\n\n\n","protected":false},"excerpt":{"rendered":"<p>A Azul (AZUL4) ampliou a disponibilidade de voos dom\u00e9sticos em maio na compara\u00e7\u00e3o com abril e recuperou mais de 80% de tr\u00e1fego pr\u00e9-pandemia. Azul (AZUL4). Foto: Divulga\u00e7\u00e3o Em informe mensal publicado para o mercado nesta sexta-feira (11), a Azul mostrou um tr\u00e1fego de passageiros, conhecida pela sigla RPK, de 1.455 milh\u00f5es em voos dom\u00e9sticos, avan\u00e7o [&hellip;]<\/p>\n","protected":false},"author":43,"featured_media":156482,"comment_status":"closed","ping_status":"closed","sticky":false,"template":"","format":"standard","meta":[],"categories":[64],"tags":[106932],"suno_strategy":[],"class_list":["post-156479","post","type-post","status-publish","format-standard","has-post-thumbnail","hentry","category-negocios","tag-azul-azul4"],"yoast_head":"<!-- This site is optimized with the Yoast SEO plugin v24.4 - https:\/\/yoast.com\/wordpress\/plugins\/seo\/ -->\n<title>Azul (AZUL4) recupera 80% do volume do tr\u00e1fego pr\u00e9-pandemia<\/title>\n<meta name=\"description\" content=\"Azul mostra recupera\u00e7\u00e3o na oferta e demanda por voos nacionais e adiciona mais destinos no segundo semestre. Clique e veja mais!\" \/>\n<meta name=\"robots\" content=\"index, follow, max-snippet:-1, max-image-preview:large, max-video-preview:-1\" \/>\n<link rel=\"canonical\" href=\"https:\/\/www.suno.com.br\/noticias\/azul-azul4-recupera-80-do-volume-do-trafego-pre-pandemia\/\" \/>\n<meta property=\"og:locale\" content=\"pt_BR\" \/>\n<meta property=\"og:type\" content=\"article\" \/>\n<meta property=\"og:title\" content=\"Azul (AZUL4) recupera 80% do volume do tr\u00e1fego pr\u00e9-pandemia\" \/>\n<meta property=\"og:description\" content=\"Azul mostra recupera\u00e7\u00e3o na oferta e demanda por voos nacionais e adiciona mais destinos no segundo semestre. Clique e veja mais!\" \/>\n<meta property=\"og:url\" content=\"https:\/\/www.suno.com.br\/noticias\/azul-azul4-recupera-80-do-volume-do-trafego-pre-pandemia\/\" \/>\n<meta property=\"og:site_name\" content=\"Suno Not\u00edcias\" \/>\n<meta property=\"article:publisher\" content=\"https:\/\/facebook.com\/sunoresearch\" \/>\n<meta property=\"article:author\" content=\"https:\/\/www.facebook.com\/sunonoticias\/\" \/>\n<meta property=\"og:image\" content=\"https:\/\/files.sunoresearch.com.br\/n\/uploads\/2021\/06\/06f5024f-aviao_azul_vacina_india_2.jpg\" \/>\n\t<meta property=\"og:image:width\" content=\"1280\" \/>\n\t<meta property=\"og:image:height\" content=\"855\" \/>\n\t<meta property=\"og:image:type\" content=\"image\/jpeg\" \/>\n<meta name=\"author\" content=\"Reda\u00e7\u00e3o Suno Not\u00edcias\" \/>\n<meta name=\"twitter:card\" content=\"summary_large_image\" \/>\n<meta name=\"twitter:creator\" content=\"@https:\/\/twitter.com\/sunoresearch\" \/>\n<meta name=\"twitter:site\" content=\"@sunoresearch\" \/>\n<meta name=\"twitter:label1\" content=\"Escrito por\" \/>\n\t<meta name=\"twitter:data1\" content=\"Reda\u00e7\u00e3o Suno Not\u00edcias\" \/>\n\t<meta name=\"twitter:label2\" content=\"Est. tempo de leitura\" \/>\n\t<meta name=\"twitter:data2\" content=\"4 minutos\" \/>\n<script type=\"application\/ld+json\" class=\"yoast-schema-graph\">{\"@context\":\"https:\/\/schema.org\",\"@graph\":[{\"@type\":\"NewsArticle\",\"@id\":\"https:\/\/www.suno.com.br\/noticias\/azul-azul4-recupera-80-do-volume-do-trafego-pre-pandemia\/#article\",\"isPartOf\":{\"@id\":\"https:\/\/www.suno.com.br\/noticias\/azul-azul4-recupera-80-do-volume-do-trafego-pre-pandemia\/\"},\"author\":{\"name\":\"Reda\u00e7\u00e3o Suno Not\u00edcias\",\"@id\":\"https:\/\/www.suno.com.br\/noticias\/#\/schema\/person\/c1b1bd3727fa852bd045e9dbff3673ea\"},\"headline\":\"Azul (AZUL4) recupera 80% do volume do tr\u00e1fego pr\u00e9-pandemia\",\"datePublished\":\"2021-06-11T21:11:37+00:00\",\"mainEntityOfPage\":{\"@id\":\"https:\/\/www.suno.com.br\/noticias\/azul-azul4-recupera-80-do-volume-do-trafego-pre-pandemia\/\"},\"wordCount\":859,\"publisher\":{\"@id\":\"https:\/\/www.suno.com.br\/noticias\/#organization\"},\"image\":{\"@id\":\"https:\/\/www.suno.com.br\/noticias\/azul-azul4-recupera-80-do-volume-do-trafego-pre-pandemia\/#primaryimage\"},\"thumbnailUrl\":\"https:\/\/files.sunoresearch.com.br\/n\/uploads\/2021\/06\/06f5024f-aviao_azul_vacina_india_2-jpg.webp\",\"keywords\":[\"Azul (AZUL4)\"],\"articleSection\":[\"Neg\u00f3cios\"],\"inLanguage\":\"pt-BR\"},{\"@type\":\"WebPage\",\"@id\":\"https:\/\/www.suno.com.br\/noticias\/azul-azul4-recupera-80-do-volume-do-trafego-pre-pandemia\/\",\"url\":\"https:\/\/www.suno.com.br\/noticias\/azul-azul4-recupera-80-do-volume-do-trafego-pre-pandemia\/\",\"name\":\"Azul (AZUL4) recupera 80% do volume do tr\u00e1fego pr\u00e9-pandemia\",\"isPartOf\":{\"@id\":\"https:\/\/www.suno.com.br\/noticias\/#website\"},\"primaryImageOfPage\":{\"@id\":\"https:\/\/www.suno.com.br\/noticias\/azul-azul4-recupera-80-do-volume-do-trafego-pre-pandemia\/#primaryimage\"},\"image\":{\"@id\":\"https:\/\/www.suno.com.br\/noticias\/azul-azul4-recupera-80-do-volume-do-trafego-pre-pandemia\/#primaryimage\"},\"thumbnailUrl\":\"https:\/\/files.sunoresearch.com.br\/n\/uploads\/2021\/06\/06f5024f-aviao_azul_vacina_india_2-jpg.webp\",\"datePublished\":\"2021-06-11T21:11:37+00:00\",\"description\":\"Azul mostra recupera\u00e7\u00e3o na oferta e demanda por voos nacionais e adiciona mais destinos no segundo semestre. Clique e veja mais!\",\"breadcrumb\":{\"@id\":\"https:\/\/www.suno.com.br\/noticias\/azul-azul4-recupera-80-do-volume-do-trafego-pre-pandemia\/#breadcrumb\"},\"inLanguage\":\"pt-BR\",\"potentialAction\":[{\"@type\":\"ReadAction\",\"target\":[\"https:\/\/www.suno.com.br\/noticias\/azul-azul4-recupera-80-do-volume-do-trafego-pre-pandemia\/\"]}]},{\"@type\":\"ImageObject\",\"inLanguage\":\"pt-BR\",\"@id\":\"https:\/\/www.suno.com.br\/noticias\/azul-azul4-recupera-80-do-volume-do-trafego-pre-pandemia\/#primaryimage\",\"url\":\"https:\/\/files.sunoresearch.com.br\/n\/uploads\/2021\/06\/06f5024f-aviao_azul_vacina_india_2-jpg.webp\",\"contentUrl\":\"https:\/\/files.sunoresearch.com.br\/n\/uploads\/2021\/06\/06f5024f-aviao_azul_vacina_india_2-jpg.webp\",\"width\":1280,\"height\":855,\"caption\":\"Azul (AZUL4). Foto: Divulga\u00e7\u00e3o\"},{\"@type\":\"BreadcrumbList\",\"@id\":\"https:\/\/www.suno.com.br\/noticias\/azul-azul4-recupera-80-do-volume-do-trafego-pre-pandemia\/#breadcrumb\",\"itemListElement\":[{\"@type\":\"ListItem\",\"position\":1,\"name\":\"Not\u00edcias\",\"item\":\"https:\/\/www.suno.com.br\/noticias\/\"},{\"@type\":\"ListItem\",\"position\":2,\"name\":\"Neg\u00f3cios\",\"item\":\"https:\/\/www.suno.com.br\/noticias\/negocios\/\"},{\"@type\":\"ListItem\",\"position\":3,\"name\":\"Azul (AZUL4) recupera 80% do volume do tr\u00e1fego pr\u00e9-pandemia\"}]},{\"@type\":\"WebSite\",\"@id\":\"https:\/\/www.suno.com.br\/noticias\/#website\",\"url\":\"https:\/\/www.suno.com.br\/noticias\/\",\"name\":\"Suno Not\u00edcias\",\"description\":\"Seu portal de informa\u00e7\u00e3o sobre o mundo dos investimentos\",\"publisher\":{\"@id\":\"https:\/\/www.suno.com.br\/noticias\/#organization\"},\"potentialAction\":[{\"@type\":\"SearchAction\",\"target\":{\"@type\":\"EntryPoint\",\"urlTemplate\":\"https:\/\/www.suno.com.br\/noticias\/?s={search_term_string}\"},\"query-input\":{\"@type\":\"PropertyValueSpecification\",\"valueRequired\":true,\"valueName\":\"search_term_string\"}}],\"inLanguage\":\"pt-BR\"},{\"@type\":\"Organization\",\"@id\":\"https:\/\/www.suno.com.br\/noticias\/#organization\",\"name\":\"Suno Not\u00edcias\",\"url\":\"https:\/\/www.suno.com.br\/noticias\/\",\"logo\":{\"@type\":\"ImageObject\",\"inLanguage\":\"pt-BR\",\"@id\":\"https:\/\/www.suno.com.br\/noticias\/#\/schema\/logo\/image\/\",\"url\":\"https:\/\/files.sunoresearch.com.br\/n\/uploads\/2021\/09\/suno-logo.png\",\"contentUrl\":\"https:\/\/files.sunoresearch.com.br\/n\/uploads\/2021\/09\/suno-logo.png\",\"width\":180,\"height\":180,\"caption\":\"Suno Not\u00edcias\"},\"image\":{\"@id\":\"https:\/\/www.suno.com.br\/noticias\/#\/schema\/logo\/image\/\"},\"sameAs\":[\"https:\/\/facebook.com\/sunoresearch\",\"https:\/\/x.com\/sunoresearch\",\"https:\/\/www.instagram.com\/suno\",\"https:\/\/www.linkedin.com\/company\/suno-research\/\",\"https:\/\/www.youtube.com\/c\/sunoresearch\"]},{\"@type\":\"Person\",\"@id\":\"https:\/\/www.suno.com.br\/noticias\/#\/schema\/person\/c1b1bd3727fa852bd045e9dbff3673ea\",\"name\":\"Reda\u00e7\u00e3o Suno Not\u00edcias\",\"image\":{\"@type\":\"ImageObject\",\"inLanguage\":\"pt-BR\",\"@id\":\"https:\/\/www.suno.com.br\/noticias\/#\/schema\/person\/image\/\",\"url\":\"https:\/\/secure.gravatar.com\/avatar\/b8104b9b5a71985d5238ee59fbe418af?s=96&r=g\",\"contentUrl\":\"https:\/\/secure.gravatar.com\/avatar\/b8104b9b5a71985d5238ee59fbe418af?s=96&r=g\",\"caption\":\"Reda\u00e7\u00e3o Suno Not\u00edcias\"},\"description\":\"O Suno Not\u00edcias \u00e9 um portal de informa\u00e7\u00f5es sobre Mercado Financeiro, Pol\u00edtica, Neg\u00f3cios, Economia e Finan\u00e7as Pessoais.\",\"sameAs\":[\"https:\/\/www.suno.com.br\/noticias\",\"https:\/\/www.facebook.com\/sunonoticias\/\",\"https:\/\/www.instagram.com\/sunonoticias\/\",\"https:\/\/x.com\/https:\/\/twitter.com\/sunoresearch\",\"https:\/\/www.youtube.com\/sunonoticias\"],\"url\":\"https:\/\/www.suno.com.br\/noticias\/author\/redacao-suno\/\"}]}<\/script>\n<!-- \/ Yoast SEO plugin. -->","yoast_head_json":{"title":"Azul (AZUL4) recupera 80% do volume do tr\u00e1fego pr\u00e9-pandemia","description":"Azul mostra recupera\u00e7\u00e3o na oferta e demanda por voos nacionais e adiciona mais destinos no segundo semestre. Clique e veja mais!","robots":{"index":"index","follow":"follow","max-snippet":"max-snippet:-1","max-image-preview":"max-image-preview:large","max-video-preview":"max-video-preview:-1"},"canonical":"https:\/\/www.suno.com.br\/noticias\/azul-azul4-recupera-80-do-volume-do-trafego-pre-pandemia\/","og_locale":"pt_BR","og_type":"article","og_title":"Azul (AZUL4) recupera 80% do volume do tr\u00e1fego pr\u00e9-pandemia","og_description":"Azul mostra recupera\u00e7\u00e3o na oferta e demanda por voos nacionais e adiciona mais destinos no segundo semestre. Clique e veja mais!","og_url":"https:\/\/www.suno.com.br\/noticias\/azul-azul4-recupera-80-do-volume-do-trafego-pre-pandemia\/","og_site_name":"Suno Not\u00edcias","article_publisher":"https:\/\/facebook.com\/sunoresearch","article_author":"https:\/\/www.facebook.com\/sunonoticias\/","og_image":[{"width":1280,"height":855,"url":"https:\/\/files.sunoresearch.com.br\/n\/uploads\/2021\/06\/06f5024f-aviao_azul_vacina_india_2.jpg","type":"image\/jpeg"}],"author":"Reda\u00e7\u00e3o Suno Not\u00edcias","twitter_card":"summary_large_image","twitter_creator":"@https:\/\/twitter.com\/sunoresearch","twitter_site":"@sunoresearch","twitter_misc":{"Escrito por":"Reda\u00e7\u00e3o Suno Not\u00edcias","Est. tempo de leitura":"4 minutos"},"schema":{"@context":"https:\/\/schema.org","@graph":[{"@type":"NewsArticle","@id":"https:\/\/www.suno.com.br\/noticias\/azul-azul4-recupera-80-do-volume-do-trafego-pre-pandemia\/#article","isPartOf":{"@id":"https:\/\/www.suno.com.br\/noticias\/azul-azul4-recupera-80-do-volume-do-trafego-pre-pandemia\/"},"author":{"name":"Reda\u00e7\u00e3o Suno Not\u00edcias","@id":"https:\/\/www.suno.com.br\/noticias\/#\/schema\/person\/c1b1bd3727fa852bd045e9dbff3673ea"},"headline":"Azul (AZUL4) recupera 80% do volume do tr\u00e1fego pr\u00e9-pandemia","datePublished":"2021-06-11T21:11:37+00:00","mainEntityOfPage":{"@id":"https:\/\/www.suno.com.br\/noticias\/azul-azul4-recupera-80-do-volume-do-trafego-pre-pandemia\/"},"wordCount":859,"publisher":{"@id":"https:\/\/www.suno.com.br\/noticias\/#organization"},"image":{"@id":"https:\/\/www.suno.com.br\/noticias\/azul-azul4-recupera-80-do-volume-do-trafego-pre-pandemia\/#primaryimage"},"thumbnailUrl":"https:\/\/files.sunoresearch.com.br\/n\/uploads\/2021\/06\/06f5024f-aviao_azul_vacina_india_2-jpg.webp","keywords":["Azul (AZUL4)"],"articleSection":["Neg\u00f3cios"],"inLanguage":"pt-BR"},{"@type":"WebPage","@id":"https:\/\/www.suno.com.br\/noticias\/azul-azul4-recupera-80-do-volume-do-trafego-pre-pandemia\/","url":"https:\/\/www.suno.com.br\/noticias\/azul-azul4-recupera-80-do-volume-do-trafego-pre-pandemia\/","name":"Azul (AZUL4) recupera 80% do volume do tr\u00e1fego pr\u00e9-pandemia","isPartOf":{"@id":"https:\/\/www.suno.com.br\/noticias\/#website"},"primaryImageOfPage":{"@id":"https:\/\/www.suno.com.br\/noticias\/azul-azul4-recupera-80-do-volume-do-trafego-pre-pandemia\/#primaryimage"},"image":{"@id":"https:\/\/www.suno.com.br\/noticias\/azul-azul4-recupera-80-do-volume-do-trafego-pre-pandemia\/#primaryimage"},"thumbnailUrl":"https:\/\/files.sunoresearch.com.br\/n\/uploads\/2021\/06\/06f5024f-aviao_azul_vacina_india_2-jpg.webp","datePublished":"2021-06-11T21:11:37+00:00","description":"Azul mostra recupera\u00e7\u00e3o na oferta e demanda por voos nacionais e adiciona mais destinos no segundo semestre. Clique e veja mais!","breadcrumb":{"@id":"https:\/\/www.suno.com.br\/noticias\/azul-azul4-recupera-80-do-volume-do-trafego-pre-pandemia\/#breadcrumb"},"inLanguage":"pt-BR","potentialAction":[{"@type":"ReadAction","target":["https:\/\/www.suno.com.br\/noticias\/azul-azul4-recupera-80-do-volume-do-trafego-pre-pandemia\/"]}]},{"@type":"ImageObject","inLanguage":"pt-BR","@id":"https:\/\/www.suno.com.br\/noticias\/azul-azul4-recupera-80-do-volume-do-trafego-pre-pandemia\/#primaryimage","url":"https:\/\/files.sunoresearch.com.br\/n\/uploads\/2021\/06\/06f5024f-aviao_azul_vacina_india_2-jpg.webp","contentUrl":"https:\/\/files.sunoresearch.com.br\/n\/uploads\/2021\/06\/06f5024f-aviao_azul_vacina_india_2-jpg.webp","width":1280,"height":855,"caption":"Azul (AZUL4). Foto: Divulga\u00e7\u00e3o"},{"@type":"BreadcrumbList","@id":"https:\/\/www.suno.com.br\/noticias\/azul-azul4-recupera-80-do-volume-do-trafego-pre-pandemia\/#breadcrumb","itemListElement":[{"@type":"ListItem","position":1,"name":"Not\u00edcias","item":"https:\/\/www.suno.com.br\/noticias\/"},{"@type":"ListItem","position":2,"name":"Neg\u00f3cios","item":"https:\/\/www.suno.com.br\/noticias\/negocios\/"},{"@type":"ListItem","position":3,"name":"Azul (AZUL4) recupera 80% do volume do tr\u00e1fego pr\u00e9-pandemia"}]},{"@type":"WebSite","@id":"https:\/\/www.suno.com.br\/noticias\/#website","url":"https:\/\/www.suno.com.br\/noticias\/","name":"Suno Not\u00edcias","description":"Seu portal de informa\u00e7\u00e3o sobre o mundo dos investimentos","publisher":{"@id":"https:\/\/www.suno.com.br\/noticias\/#organization"},"potentialAction":[{"@type":"SearchAction","target":{"@type":"EntryPoint","urlTemplate":"https:\/\/www.suno.com.br\/noticias\/?s={search_term_string}"},"query-input":{"@type":"PropertyValueSpecification","valueRequired":true,"valueName":"search_term_string"}}],"inLanguage":"pt-BR"},{"@type":"Organization","@id":"https:\/\/www.suno.com.br\/noticias\/#organization","name":"Suno Not\u00edcias","url":"https:\/\/www.suno.com.br\/noticias\/","logo":{"@type":"ImageObject","inLanguage":"pt-BR","@id":"https:\/\/www.suno.com.br\/noticias\/#\/schema\/logo\/image\/","url":"https:\/\/files.sunoresearch.com.br\/n\/uploads\/2021\/09\/suno-logo.png","contentUrl":"https:\/\/files.sunoresearch.com.br\/n\/uploads\/2021\/09\/suno-logo.png","width":180,"height":180,"caption":"Suno Not\u00edcias"},"image":{"@id":"https:\/\/www.suno.com.br\/noticias\/#\/schema\/logo\/image\/"},"sameAs":["https:\/\/facebook.com\/sunoresearch","https:\/\/x.com\/sunoresearch","https:\/\/www.instagram.com\/suno","https:\/\/www.linkedin.com\/company\/suno-research\/","https:\/\/www.youtube.com\/c\/sunoresearch"]},{"@type":"Person","@id":"https:\/\/www.suno.com.br\/noticias\/#\/schema\/person\/c1b1bd3727fa852bd045e9dbff3673ea","name":"Reda\u00e7\u00e3o Suno Not\u00edcias","image":{"@type":"ImageObject","inLanguage":"pt-BR","@id":"https:\/\/www.suno.com.br\/noticias\/#\/schema\/person\/image\/","url":"https:\/\/secure.gravatar.com\/avatar\/b8104b9b5a71985d5238ee59fbe418af?s=96&r=g","contentUrl":"https:\/\/secure.gravatar.com\/avatar\/b8104b9b5a71985d5238ee59fbe418af?s=96&r=g","caption":"Reda\u00e7\u00e3o Suno Not\u00edcias"},"description":"O Suno Not\u00edcias \u00e9 um portal de informa\u00e7\u00f5es sobre Mercado Financeiro, Pol\u00edtica, Neg\u00f3cios, Economia e Finan\u00e7as Pessoais.","sameAs":["https:\/\/www.suno.com.br\/noticias","https:\/\/www.facebook.com\/sunonoticias\/","https:\/\/www.instagram.com\/sunonoticias\/","https:\/\/x.com\/https:\/\/twitter.com\/sunoresearch","https:\/\/www.youtube.com\/sunonoticias"],"url":"https:\/\/www.suno.com.br\/noticias\/author\/redacao-suno\/"}]}},"default_loop_html":"<div class=\"cardsPage__listCard__boxs\"><div class=\"cardsPage__listCard__boxs__img\"><a href=\"https:\/\/www.suno.com.br\/noticias\/azul-azul4-recupera-80-do-volume-do-trafego-pre-pandemia\/\"><img class=\"mask\" src=\"https:\/\/www.suno.com.br\/noticias\/wp-content\/themes\/suno\/resources\/images\/spotlight\/spotlight1img\/bg-mask.png\" alt=\"Image Mask\"\/><img src=\"https:\/\/files.sunoresearch.com.br\/n\/uploads\/2021\/06\/06f5024f-aviao_azul_vacina_india_2-400x200.webp\" alt=\"Azul (AZUL4) recupera 80% do volume do tr\u00e1fego pr\u00e9-pandemia\"\/><\/a><span class=\"spotlightCategory\"><a href=\"https:\/\/www.suno.com.br\/noticias\/negocios\/\">Neg\u00f3cios<\/a><\/span><\/div><div class=\"cardsPage__listCard__boxs__content\"><a href=\"https:\/\/www.suno.com.br\/noticias\/azul-azul4-recupera-80-do-volume-do-trafego-pre-pandemia\/\"><h2 class=\"content__title\">Azul (AZUL4) recupera 80% do volume do tr\u00e1fego pr\u00e9-pandemia<\/h2><\/a><div class=\"newsContent__article__meta\"><div class=\"newsContent__article__meta__authorBox\"><a href=\"https:\/\/www.suno.com.br\/noticias\/author\/redacao-suno\/\" class=\"authorBox__avatar noMobi\"><img src=\"https:\/\/files.sunoresearch.com.br\/n\/uploads\/2020\/08\/0ace682d-redacao-1-150x150.webp\" alt=\"Reda\u00e7\u00e3o Suno Not\u00edcias\"><\/a><div class=\"authorBox__name\"><span>por\n\t\t\t<a href=\"https:\/\/www.suno.com.br\/noticias\/author\/redacao-suno\/\"><span itemprop=\"author\">Reda\u00e7\u00e3o Suno Not\u00edcias<\/span><\/a><\/span><time datetime=\"2021-06-11T18:11:37-03:00\" itemprop=\"datePublished\">11\/06\/2021 18:11<\/time><\/div><\/div><\/div><\/div><\/div>","single_layout":"posts","amp_enabled":true,"_links":{"self":[{"href":"https:\/\/www.suno.com.br\/noticias\/wp-json\/wp\/v2\/posts\/156479"}],"collection":[{"href":"https:\/\/www.suno.com.br\/noticias\/wp-json\/wp\/v2\/posts"}],"about":[{"href":"https:\/\/www.suno.com.br\/noticias\/wp-json\/wp\/v2\/types\/post"}],"author":[{"embeddable":true,"href":"https:\/\/www.suno.com.br\/noticias\/wp-json\/wp\/v2\/users\/43"}],"replies":[{"embeddable":true,"href":"https:\/\/www.suno.com.br\/noticias\/wp-json\/wp\/v2\/comments?post=156479"}],"version-history":[{"count":1,"href":"https:\/\/www.suno.com.br\/noticias\/wp-json\/wp\/v2\/posts\/156479\/revisions"}],"predecessor-version":[{"id":156483,"href":"https:\/\/www.suno.com.br\/noticias\/wp-json\/wp\/v2\/posts\/156479\/revisions\/156483"}],"wp:featuredmedia":[{"embeddable":true,"href":"https:\/\/www.suno.com.br\/noticias\/wp-json\/wp\/v2\/media\/156482"}],"wp:attachment":[{"href":"https:\/\/www.suno.com.br\/noticias\/wp-json\/wp\/v2\/media?parent=156479"}],"wp:term":[{"taxonomy":"category","embeddable":true,"href":"https:\/\/www.suno.com.br\/noticias\/wp-json\/wp\/v2\/categories?post=156479"},{"taxonomy":"post_tag","embeddable":true,"href":"https:\/\/www.suno.com.br\/noticias\/wp-json\/wp\/v2\/tags?post=156479"},{"taxonomy":"suno_strategy","embeddable":true,"href":"https:\/\/www.suno.com.br\/noticias\/wp-json\/wp\/v2\/suno_strategy?post=156479"}],"curies":[{"name":"wp","href":"https:\/\/api.w.org\/{rel}","templated":true}]}}