{"id":15638,"date":"2019-02-18T11:10:10","date_gmt":"2019-02-18T14:10:10","guid":{"rendered":"https:\/\/www.suno.com.br\/noticias\/?p=15638"},"modified":"2019-02-18T13:18:53","modified_gmt":"2019-02-18T16:18:53","slug":"ibovespa-02182019","status":"publish","type":"post","link":"https:\/\/www.suno.com.br\/noticias\/ibovespa-02182019\/","title":{"rendered":"Ibovespa opera em queda aguardando desfecho de crise no governo"},"content":{"rendered":"<p>O Ibovespa inicia a semana em baixa nesta segunda-feira (18) na <a href=\"https:\/\/www.suno.com.br\/artigos\/b3\/\">B3<\/a> (<a href=\"https:\/\/www.suno.com.br\/artigos\/bmf\/\">BM&amp;F<\/a> <a href=\"https:\/\/www.suno.com.br\/artigos\/bovespa-precedente-b3\/\">Bovespa<\/a>).<\/p>\t<div class=\"wrapper-featured-image\">\n\t\t<figure class=\"spotlightImg\">\n\n\t\t\t<picture>\n\t\t\t\t<source media=\"(max-width: 768px)\" srcset=\"https:\/\/files.sunoresearch.com.br\/n\/uploads\/2018\/10\/0e870344-ibovespa-400x200.webp\">\n\t\t\t\t<img loading=\"lazy\" decoding=\"async\" class=\"newsContent__article__imgCapa lazyloadDisabled newsContent__article__imgCapa--noCaption\" src=\"https:\/\/files.sunoresearch.com.br\/n\/uploads\/2018\/10\/0e870344-ibovespa-800x450.webp\" width=\"800\" height=\"450\" alt=\"Ibovespa opera em queda aguardando desfecho de crise no governo\" fetchpriority=high \/>\n\t\t\t<\/picture>\n\n\t\t\t<figcaption class=\"wp-caption-text wp-caption-text--hide\">ibovespa<\/figcaption>\n\t\t<\/figure>\n\t<\/div>\n\n\n<p>\u00c0s 10h19, o \u00edndice acion\u00e1rio <strong>Ibovespa\u00a0<\/strong>perdia 0,44% a\u00a097.101,44 pontos.<\/p>\n<p>A queda n\u00e3o \u00e9 significativa, ma reflete a aten\u00e7\u00e3o dos investidores com o cen\u00e1rio dom\u00e9stico. A\u00a0<strong>crise de governo<\/strong> protagonizada pelo ministro\u00a0da Secretaria-geral da Presid\u00eancia da Rep\u00fablica, <strong>Gustavo Bebianno<\/strong>, preocupa o mercado.<\/p>\n<p>A possibilidade de uma maior dificuldade na aprova\u00e7\u00e3o da <strong>Proposta de Emenda Constitucional<\/strong> (PEC) da <strong>reforma da Previd\u00eancia<\/strong> existe.<\/p>\n<p>Al\u00e9m disso, a Bolsa de Valores n\u00e3o tem a refer\u00eancia norte-americana, visto que \u00e9 <strong>feriado<\/strong> (Dia dos Presidentes) nos <strong>Estados Unidos da Am\u00e9rica<\/strong> (EUA).<\/p>\n<p><a href=\"https:\/\/www.suno.com.br\/noticias\/dolar-02182019\/\">Saiba mais &#8211;\u00a0D\u00f3lar abre acima de R$ 3,70 em dia de feriado nos EUA\u00a0<\/a><\/p>\n<h2>Governo Bolsonaro e a primeira crise<\/h2>\n<p>No \u00faltimo s\u00e1bado (16), <strong>Gustavo Bebianno<\/strong> confirmou que poderia ser exonerado nesta segunda-feira (18).<\/p>\n<p>Todavia, a edi\u00e7\u00e3o regular do <strong>Di\u00e1rio Oficial da Uni\u00e3o<\/strong> (DOU) de hoje <strong>n\u00e3o<\/strong> trouxe a <strong>exonera\u00e7\u00e3o<\/strong> de Gustavo Bebianno.<\/p>\n<p>O <strong>ministro<\/strong>, que tamb\u00e9m \u00e9 ex-presidente do <strong>PSL<\/strong>, foi alvo de uma s\u00e9rie de reportagens da &#8220;Folha de S. Paulo&#8221;.<\/p>\n<p>Nas reportagens, o jornal denuncia um suposto esquema de <strong>candidaturas laranjas<\/strong> do partido. A fraude teria ocorrido na \u00e9poca em que Bebianno era l\u00edder do partido.<\/p>\n<p>De acordo com o \u201cAntagonista\u201d, o ministro negou, na quarta-feira (13), a possibilidade de uma<strong> crise de governo<\/strong> ter sido iniciada com as publica\u00e7\u00f5es do jornal.<\/p>\n<p>\u201cN\u00e3o existe <strong>crise<\/strong> nenhuma. S\u00f3 hoje falei tr\u00eas vezes com o <strong>presidente<\/strong>\u201c, disse Bebianno.<\/p>\n<p>Contudo, o filho do presidente, <strong>Carlos Bolsonaro<\/strong> (PSL), negou as liga\u00e7\u00f5es do <strong>presidente da Rep\u00fablica<\/strong> com o ministro.<\/p>\n<p>Mais tarde,<strong> Jair Bolsonaro<\/strong> republicou a fala de seu filho em sua pr\u00f3pria conta do <strong>Twitter<\/strong>.<\/p>\n<p>A Imprensa especulou acerca da demiss\u00e3o do ministro, que supostamente ocorreria hoje. N\u00e3o tornou-se realidade.<\/p>\n<p><a href=\"https:\/\/www.suno.com.br\/noticias\/gustavo-bebianno-crise-governo-dou\/\">Saiba mais &#8211;\u00a0Exonera\u00e7\u00e3o de Gustavo Bebianno n\u00e3o foi publicada no Di\u00e1rio Oficial\u00a0<\/a><\/p>\n<p><a href=\"https:\/\/www.suno.com.br\/noticias\/maia-crise-bebianno-atrapalhar-reforma\/\">Saiba mais &#8211;\u00a0Rodrigo Maia: crise com Bebianno pode atrapalhar reforma da Previd\u00eancia\u00a0<\/a><\/p>\n<h2>Sess\u00e3o asi\u00e1tica<\/h2>\n<p>As <strong>bolsas asi\u00e1ticas<\/strong> apresentaram crescimentos acima de 1%, em meio \u00e0 expectativa de um <strong>acordo<\/strong> que finalize da <strong><a href=\"https:\/\/www.suno.com.br\/artigos\/guerra-comercial\/\">guerra comercial<\/a><\/strong>.<\/p>\n<p>O impulso para o otimismo do <strong>mercado<\/strong> \u00e9 proveniente da transfer\u00eancia das negocia\u00e7\u00f5es para <strong>Washington<\/strong>.<\/p>\n<p>Na semana passada, a reuni\u00e3o ocorreu em Pequim. Estavam presentes:<\/p>\n<ul>\n<li>Robert Lighthizer, representante de Com\u00e9rcio dos Estados Unidos da Am\u00e9rica (EUA);<\/li>\n<li>Steven Mnuchin, secret\u00e1rio do Tesouro dos <strong>EUA<\/strong>;<\/li>\n<li>Liu He, vice-primeiro-ministro da <strong>China<\/strong>.<\/li>\n<\/ul>\n<p>Na sexta-feira (15), ambos os lados disseram que houve \u201cprogresso\u201d durante as discuss\u00f5es.<\/p>\n<p>Na mesma data, foi anunciado o encontro em <strong>Washington<\/strong>, mais uma tentativa para selar acordo que encerre o conflito tarif\u00e1rio entre <strong>China<\/strong> e <strong>EUA<\/strong>.<\/p>\n<p>Confira abaixo o fechamento das principais <strong>bolsas asi\u00e1ticas<\/strong>:<\/p>\n<ul>\n<li><strong>Hong Kong:<\/strong> \u00edndice Hang Seng obteve alta de 1,60%;<\/li>\n<li><strong>Jap\u00e3o:<\/strong> \u00edndice Nikkei obteve alta de 1,82%;<\/li>\n<li><strong>China:<\/strong> \u00edndice Xangai obteve alta de 2,68%.<\/li>\n<\/ul>\n<h2>Destaques do Ibovespa<\/h2>\n<p>Por volta das 11h, as a\u00e7\u00f5es que apresentavam as maiores <strong>altas<\/strong> do <strong>Ibovespa<\/strong> eram:<\/p>\n<ul>\n<li>SUZB3: 0,7% a R$ 46,00<\/li>\n<li>ENBR3: 0,47%% a R$ 19,07<\/li>\n<li>CSNA3: 0,39% a R$ 10,18<\/li>\n<\/ul>\n<p>Dentre os papeis que tinham as mais maiores <b>quedas\u00a0<\/b>do Ibovespa estavam:<\/p>\n<ul>\n<li>ELET6: 2,84% a R$ 38,33<\/li>\n<li>BRDT3: 2,59% a R$ 25,55<\/li>\n<li>ELET3: 2,12% a R$ 35,54<\/li>\n<\/ul>\n<p><a href=\"https:\/\/www.suno.com.br\/noticias\/ibovespa-baixa-reforma-previdencia\/\">Saiba mais &#8211;\u00a0Ibovespa fecha em baixa ap\u00f3s alta de mais de 2% com Previd\u00eancia\u00a0<\/a><\/p>\n<p>No preg\u00e3o da sexta-feira (18), o <strong>Ibovespa<\/strong> fechou em alta de 0,5%, chegando a 97.525,91 pontos.<\/p>\n","protected":false},"excerpt":{"rendered":"<p>O Ibovespa inicia a semana em baixa nesta segunda-feira (18) na B3 (BM&amp;F Bovespa). ibovespa \u00c0s 10h19, o \u00edndice acion\u00e1rio Ibovespa\u00a0perdia 0,44% a\u00a097.101,44 pontos. A queda n\u00e3o \u00e9 significativa, ma reflete a aten\u00e7\u00e3o dos investidores com o cen\u00e1rio dom\u00e9stico. A\u00a0crise de governo protagonizada pelo ministro\u00a0da Secretaria-geral da Presid\u00eancia da Rep\u00fablica, Gustavo Bebianno, preocupa o mercado. [&hellip;]<\/p>\n","protected":false},"author":12,"featured_media":5075,"comment_status":"closed","ping_status":"closed","sticky":false,"template":"","format":"standard","meta":[],"categories":[60],"tags":[711,793,980,1165,721,719],"suno_strategy":[],"class_list":["post-15638","post","type-post","status-publish","format-standard","has-post-thumbnail","hentry","category-mercado","tag-china","tag-estados-unidos-eua","tag-guerra-comercial","tag-gustavo-bebianno","tag-ibovespa","tag-jair-bolsonaro"],"yoast_head":"<!-- This site is optimized with the Yoast SEO plugin v24.4 - https:\/\/yoast.com\/wordpress\/plugins\/seo\/ -->\n<title>Ibovespa opera em queda aguardando desfecho de crise no governo<\/title>\n<meta name=\"description\" content=\"O Ibovespa abriu em queda nesta segunda-feira (18). \u00c0s 10h19, o \u00edndice acion\u00e1rio perdia 0,44% a\u00a097.101,44 pontos. Clique para saber mais.\" \/>\n<meta name=\"robots\" content=\"index, follow, max-snippet:-1, max-image-preview:large, max-video-preview:-1\" \/>\n<link rel=\"canonical\" href=\"https:\/\/www.suno.com.br\/noticias\/ibovespa-02182019\/\" \/>\n<meta property=\"og:locale\" content=\"pt_BR\" \/>\n<meta property=\"og:type\" content=\"article\" \/>\n<meta property=\"og:title\" content=\"Ibovespa opera em queda aguardando desfecho de crise no governo\" \/>\n<meta property=\"og:description\" content=\"O Ibovespa abriu em queda nesta segunda-feira (18). \u00c0s 10h19, o \u00edndice acion\u00e1rio perdia 0,44% a\u00a097.101,44 pontos. Clique para saber mais.\" \/>\n<meta property=\"og:url\" content=\"https:\/\/www.suno.com.br\/noticias\/ibovespa-02182019\/\" \/>\n<meta property=\"og:site_name\" content=\"Suno Not\u00edcias\" \/>\n<meta property=\"article:publisher\" content=\"https:\/\/facebook.com\/sunoresearch\" \/>\n<meta property=\"og:image\" content=\"https:\/\/files.sunoresearch.com.br\/n\/uploads\/2018\/10\/0e870344-ibovespa.jpg\" \/>\n\t<meta property=\"og:image:width\" content=\"1920\" \/>\n\t<meta property=\"og:image:height\" content=\"1440\" \/>\n\t<meta property=\"og:image:type\" content=\"image\/jpeg\" \/>\n<meta name=\"author\" content=\"Amanda Gushiken\" \/>\n<meta name=\"twitter:card\" content=\"summary_large_image\" \/>\n<meta name=\"twitter:creator\" content=\"@sunoresearch\" \/>\n<meta name=\"twitter:site\" content=\"@sunoresearch\" \/>\n<meta name=\"twitter:label1\" content=\"Escrito por\" \/>\n\t<meta name=\"twitter:data1\" content=\"Amanda Gushiken\" \/>\n\t<meta name=\"twitter:label2\" content=\"Est. tempo de leitura\" \/>\n\t<meta name=\"twitter:data2\" content=\"3 minutos\" \/>\n<script type=\"application\/ld+json\" class=\"yoast-schema-graph\">{\"@context\":\"https:\/\/schema.org\",\"@graph\":[{\"@type\":\"NewsArticle\",\"@id\":\"https:\/\/www.suno.com.br\/noticias\/ibovespa-02182019\/#article\",\"isPartOf\":{\"@id\":\"https:\/\/www.suno.com.br\/noticias\/ibovespa-02182019\/\"},\"author\":{\"name\":\"Amanda Gushiken\",\"@id\":\"https:\/\/www.suno.com.br\/noticias\/#\/schema\/person\/a5b06fa4e879d8e8e119c6ed3cd630d1\"},\"headline\":\"Ibovespa opera em queda aguardando desfecho de crise no governo\",\"datePublished\":\"2019-02-18T14:10:10+00:00\",\"dateModified\":\"2019-02-18T16:18:53+00:00\",\"mainEntityOfPage\":{\"@id\":\"https:\/\/www.suno.com.br\/noticias\/ibovespa-02182019\/\"},\"wordCount\":575,\"publisher\":{\"@id\":\"https:\/\/www.suno.com.br\/noticias\/#organization\"},\"image\":{\"@id\":\"https:\/\/www.suno.com.br\/noticias\/ibovespa-02182019\/#primaryimage\"},\"thumbnailUrl\":\"https:\/\/files.sunoresearch.com.br\/n\/uploads\/2018\/10\/0e870344-ibovespa-jpg.webp\",\"keywords\":[\"China\",\"Estados Unidos (EUA)\",\"guerra comercial\",\"Gustavo Bebianno\",\"Ibovespa\",\"Jair Bolsonaro\"],\"articleSection\":[\"Mercado\"],\"inLanguage\":\"pt-BR\"},{\"@type\":\"WebPage\",\"@id\":\"https:\/\/www.suno.com.br\/noticias\/ibovespa-02182019\/\",\"url\":\"https:\/\/www.suno.com.br\/noticias\/ibovespa-02182019\/\",\"name\":\"Ibovespa opera em queda aguardando desfecho de crise no governo\",\"isPartOf\":{\"@id\":\"https:\/\/www.suno.com.br\/noticias\/#website\"},\"primaryImageOfPage\":{\"@id\":\"https:\/\/www.suno.com.br\/noticias\/ibovespa-02182019\/#primaryimage\"},\"image\":{\"@id\":\"https:\/\/www.suno.com.br\/noticias\/ibovespa-02182019\/#primaryimage\"},\"thumbnailUrl\":\"https:\/\/files.sunoresearch.com.br\/n\/uploads\/2018\/10\/0e870344-ibovespa-jpg.webp\",\"datePublished\":\"2019-02-18T14:10:10+00:00\",\"dateModified\":\"2019-02-18T16:18:53+00:00\",\"description\":\"O Ibovespa abriu em queda nesta segunda-feira (18). \u00c0s 10h19, o \u00edndice acion\u00e1rio perdia 0,44% a\u00a097.101,44 pontos. Clique para saber mais.\",\"breadcrumb\":{\"@id\":\"https:\/\/www.suno.com.br\/noticias\/ibovespa-02182019\/#breadcrumb\"},\"inLanguage\":\"pt-BR\",\"potentialAction\":[{\"@type\":\"ReadAction\",\"target\":[\"https:\/\/www.suno.com.br\/noticias\/ibovespa-02182019\/\"]}]},{\"@type\":\"ImageObject\",\"inLanguage\":\"pt-BR\",\"@id\":\"https:\/\/www.suno.com.br\/noticias\/ibovespa-02182019\/#primaryimage\",\"url\":\"https:\/\/files.sunoresearch.com.br\/n\/uploads\/2018\/10\/0e870344-ibovespa-jpg.webp\",\"contentUrl\":\"https:\/\/files.sunoresearch.com.br\/n\/uploads\/2018\/10\/0e870344-ibovespa-jpg.webp\",\"width\":1920,\"height\":1440,\"caption\":\"ibovespa\"},{\"@type\":\"BreadcrumbList\",\"@id\":\"https:\/\/www.suno.com.br\/noticias\/ibovespa-02182019\/#breadcrumb\",\"itemListElement\":[{\"@type\":\"ListItem\",\"position\":1,\"name\":\"Not\u00edcias\",\"item\":\"https:\/\/www.suno.com.br\/noticias\/\"},{\"@type\":\"ListItem\",\"position\":2,\"name\":\"Mercado\",\"item\":\"https:\/\/www.suno.com.br\/noticias\/mercado\/\"},{\"@type\":\"ListItem\",\"position\":3,\"name\":\"Ibovespa opera em queda aguardando desfecho de crise no governo\"}]},{\"@type\":\"WebSite\",\"@id\":\"https:\/\/www.suno.com.br\/noticias\/#website\",\"url\":\"https:\/\/www.suno.com.br\/noticias\/\",\"name\":\"Suno Not\u00edcias\",\"description\":\"Seu portal de informa\u00e7\u00e3o sobre o mundo dos investimentos\",\"publisher\":{\"@id\":\"https:\/\/www.suno.com.br\/noticias\/#organization\"},\"potentialAction\":[{\"@type\":\"SearchAction\",\"target\":{\"@type\":\"EntryPoint\",\"urlTemplate\":\"https:\/\/www.suno.com.br\/noticias\/?s={search_term_string}\"},\"query-input\":{\"@type\":\"PropertyValueSpecification\",\"valueRequired\":true,\"valueName\":\"search_term_string\"}}],\"inLanguage\":\"pt-BR\"},{\"@type\":\"Organization\",\"@id\":\"https:\/\/www.suno.com.br\/noticias\/#organization\",\"name\":\"Suno Not\u00edcias\",\"url\":\"https:\/\/www.suno.com.br\/noticias\/\",\"logo\":{\"@type\":\"ImageObject\",\"inLanguage\":\"pt-BR\",\"@id\":\"https:\/\/www.suno.com.br\/noticias\/#\/schema\/logo\/image\/\",\"url\":\"https:\/\/files.sunoresearch.com.br\/n\/uploads\/2021\/09\/suno-logo.png\",\"contentUrl\":\"https:\/\/files.sunoresearch.com.br\/n\/uploads\/2021\/09\/suno-logo.png\",\"width\":180,\"height\":180,\"caption\":\"Suno Not\u00edcias\"},\"image\":{\"@id\":\"https:\/\/www.suno.com.br\/noticias\/#\/schema\/logo\/image\/\"},\"sameAs\":[\"https:\/\/facebook.com\/sunoresearch\",\"https:\/\/x.com\/sunoresearch\",\"https:\/\/www.instagram.com\/suno\",\"https:\/\/www.linkedin.com\/company\/suno-research\/\",\"https:\/\/www.youtube.com\/c\/sunoresearch\"]},{\"@type\":\"Person\",\"@id\":\"https:\/\/www.suno.com.br\/noticias\/#\/schema\/person\/a5b06fa4e879d8e8e119c6ed3cd630d1\",\"name\":\"Amanda Gushiken\",\"image\":{\"@type\":\"ImageObject\",\"inLanguage\":\"pt-BR\",\"@id\":\"https:\/\/www.suno.com.br\/noticias\/#\/schema\/person\/image\/\",\"url\":\"https:\/\/secure.gravatar.com\/avatar\/ecd84705e6b65e3685ae80d725501fbe?s=96&r=g\",\"contentUrl\":\"https:\/\/secure.gravatar.com\/avatar\/ecd84705e6b65e3685ae80d725501fbe?s=96&r=g\",\"caption\":\"Amanda Gushiken\"},\"description\":\"Amanda Sayuri Gushiken escreve sobre finan\u00e7as e neg\u00f3cios para o portal Suno Not\u00edcias. Antes, trabalhou selecionando not\u00edcias da imprensa para clientes do mercado financeiro. Tamb\u00e9m desenvolveu pesquisa acad\u00eamica pela Universidade Anhembi Morumbi na \u00e1rea de Teorias da Comunica\u00e7\u00e3o e \u00e9 fot\u00f3grafa nas horas vagas.\",\"url\":\"https:\/\/www.suno.com.br\/noticias\/author\/amanda\/\"}]}<\/script>\n<!-- \/ Yoast SEO plugin. -->","yoast_head_json":{"title":"Ibovespa opera em queda aguardando desfecho de crise no governo","description":"O Ibovespa abriu em queda nesta segunda-feira (18). \u00c0s 10h19, o \u00edndice acion\u00e1rio perdia 0,44% a\u00a097.101,44 pontos. Clique para saber mais.","robots":{"index":"index","follow":"follow","max-snippet":"max-snippet:-1","max-image-preview":"max-image-preview:large","max-video-preview":"max-video-preview:-1"},"canonical":"https:\/\/www.suno.com.br\/noticias\/ibovespa-02182019\/","og_locale":"pt_BR","og_type":"article","og_title":"Ibovespa opera em queda aguardando desfecho de crise no governo","og_description":"O Ibovespa abriu em queda nesta segunda-feira (18). \u00c0s 10h19, o \u00edndice acion\u00e1rio perdia 0,44% a\u00a097.101,44 pontos. Clique para saber mais.","og_url":"https:\/\/www.suno.com.br\/noticias\/ibovespa-02182019\/","og_site_name":"Suno Not\u00edcias","article_publisher":"https:\/\/facebook.com\/sunoresearch","og_image":[{"width":1920,"height":1440,"url":"https:\/\/files.sunoresearch.com.br\/n\/uploads\/2018\/10\/0e870344-ibovespa.jpg","type":"image\/jpeg"}],"author":"Amanda Gushiken","twitter_card":"summary_large_image","twitter_creator":"@sunoresearch","twitter_site":"@sunoresearch","twitter_misc":{"Escrito por":"Amanda Gushiken","Est. tempo de leitura":"3 minutos"},"schema":{"@context":"https:\/\/schema.org","@graph":[{"@type":"NewsArticle","@id":"https:\/\/www.suno.com.br\/noticias\/ibovespa-02182019\/#article","isPartOf":{"@id":"https:\/\/www.suno.com.br\/noticias\/ibovespa-02182019\/"},"author":{"name":"Amanda Gushiken","@id":"https:\/\/www.suno.com.br\/noticias\/#\/schema\/person\/a5b06fa4e879d8e8e119c6ed3cd630d1"},"headline":"Ibovespa opera em queda aguardando desfecho de crise no governo","datePublished":"2019-02-18T14:10:10+00:00","dateModified":"2019-02-18T16:18:53+00:00","mainEntityOfPage":{"@id":"https:\/\/www.suno.com.br\/noticias\/ibovespa-02182019\/"},"wordCount":575,"publisher":{"@id":"https:\/\/www.suno.com.br\/noticias\/#organization"},"image":{"@id":"https:\/\/www.suno.com.br\/noticias\/ibovespa-02182019\/#primaryimage"},"thumbnailUrl":"https:\/\/files.sunoresearch.com.br\/n\/uploads\/2018\/10\/0e870344-ibovespa-jpg.webp","keywords":["China","Estados Unidos (EUA)","guerra comercial","Gustavo Bebianno","Ibovespa","Jair Bolsonaro"],"articleSection":["Mercado"],"inLanguage":"pt-BR"},{"@type":"WebPage","@id":"https:\/\/www.suno.com.br\/noticias\/ibovespa-02182019\/","url":"https:\/\/www.suno.com.br\/noticias\/ibovespa-02182019\/","name":"Ibovespa opera em queda aguardando desfecho de crise no governo","isPartOf":{"@id":"https:\/\/www.suno.com.br\/noticias\/#website"},"primaryImageOfPage":{"@id":"https:\/\/www.suno.com.br\/noticias\/ibovespa-02182019\/#primaryimage"},"image":{"@id":"https:\/\/www.suno.com.br\/noticias\/ibovespa-02182019\/#primaryimage"},"thumbnailUrl":"https:\/\/files.sunoresearch.com.br\/n\/uploads\/2018\/10\/0e870344-ibovespa-jpg.webp","datePublished":"2019-02-18T14:10:10+00:00","dateModified":"2019-02-18T16:18:53+00:00","description":"O Ibovespa abriu em queda nesta segunda-feira (18). \u00c0s 10h19, o \u00edndice acion\u00e1rio perdia 0,44% a\u00a097.101,44 pontos. Clique para saber mais.","breadcrumb":{"@id":"https:\/\/www.suno.com.br\/noticias\/ibovespa-02182019\/#breadcrumb"},"inLanguage":"pt-BR","potentialAction":[{"@type":"ReadAction","target":["https:\/\/www.suno.com.br\/noticias\/ibovespa-02182019\/"]}]},{"@type":"ImageObject","inLanguage":"pt-BR","@id":"https:\/\/www.suno.com.br\/noticias\/ibovespa-02182019\/#primaryimage","url":"https:\/\/files.sunoresearch.com.br\/n\/uploads\/2018\/10\/0e870344-ibovespa-jpg.webp","contentUrl":"https:\/\/files.sunoresearch.com.br\/n\/uploads\/2018\/10\/0e870344-ibovespa-jpg.webp","width":1920,"height":1440,"caption":"ibovespa"},{"@type":"BreadcrumbList","@id":"https:\/\/www.suno.com.br\/noticias\/ibovespa-02182019\/#breadcrumb","itemListElement":[{"@type":"ListItem","position":1,"name":"Not\u00edcias","item":"https:\/\/www.suno.com.br\/noticias\/"},{"@type":"ListItem","position":2,"name":"Mercado","item":"https:\/\/www.suno.com.br\/noticias\/mercado\/"},{"@type":"ListItem","position":3,"name":"Ibovespa opera em queda aguardando desfecho de crise no governo"}]},{"@type":"WebSite","@id":"https:\/\/www.suno.com.br\/noticias\/#website","url":"https:\/\/www.suno.com.br\/noticias\/","name":"Suno Not\u00edcias","description":"Seu portal de informa\u00e7\u00e3o sobre o mundo dos investimentos","publisher":{"@id":"https:\/\/www.suno.com.br\/noticias\/#organization"},"potentialAction":[{"@type":"SearchAction","target":{"@type":"EntryPoint","urlTemplate":"https:\/\/www.suno.com.br\/noticias\/?s={search_term_string}"},"query-input":{"@type":"PropertyValueSpecification","valueRequired":true,"valueName":"search_term_string"}}],"inLanguage":"pt-BR"},{"@type":"Organization","@id":"https:\/\/www.suno.com.br\/noticias\/#organization","name":"Suno Not\u00edcias","url":"https:\/\/www.suno.com.br\/noticias\/","logo":{"@type":"ImageObject","inLanguage":"pt-BR","@id":"https:\/\/www.suno.com.br\/noticias\/#\/schema\/logo\/image\/","url":"https:\/\/files.sunoresearch.com.br\/n\/uploads\/2021\/09\/suno-logo.png","contentUrl":"https:\/\/files.sunoresearch.com.br\/n\/uploads\/2021\/09\/suno-logo.png","width":180,"height":180,"caption":"Suno Not\u00edcias"},"image":{"@id":"https:\/\/www.suno.com.br\/noticias\/#\/schema\/logo\/image\/"},"sameAs":["https:\/\/facebook.com\/sunoresearch","https:\/\/x.com\/sunoresearch","https:\/\/www.instagram.com\/suno","https:\/\/www.linkedin.com\/company\/suno-research\/","https:\/\/www.youtube.com\/c\/sunoresearch"]},{"@type":"Person","@id":"https:\/\/www.suno.com.br\/noticias\/#\/schema\/person\/a5b06fa4e879d8e8e119c6ed3cd630d1","name":"Amanda Gushiken","image":{"@type":"ImageObject","inLanguage":"pt-BR","@id":"https:\/\/www.suno.com.br\/noticias\/#\/schema\/person\/image\/","url":"https:\/\/secure.gravatar.com\/avatar\/ecd84705e6b65e3685ae80d725501fbe?s=96&r=g","contentUrl":"https:\/\/secure.gravatar.com\/avatar\/ecd84705e6b65e3685ae80d725501fbe?s=96&r=g","caption":"Amanda Gushiken"},"description":"Amanda Sayuri Gushiken escreve sobre finan\u00e7as e neg\u00f3cios para o portal Suno Not\u00edcias. Antes, trabalhou selecionando not\u00edcias da imprensa para clientes do mercado financeiro. Tamb\u00e9m desenvolveu pesquisa acad\u00eamica pela Universidade Anhembi Morumbi na \u00e1rea de Teorias da Comunica\u00e7\u00e3o e \u00e9 fot\u00f3grafa nas horas vagas.","url":"https:\/\/www.suno.com.br\/noticias\/author\/amanda\/"}]}},"default_loop_html":"<div class=\"cardsPage__listCard__boxs\"><div class=\"cardsPage__listCard__boxs__img\"><a href=\"https:\/\/www.suno.com.br\/noticias\/ibovespa-02182019\/\"><img class=\"mask\" src=\"https:\/\/www.suno.com.br\/noticias\/wp-content\/themes\/suno\/resources\/images\/spotlight\/spotlight1img\/bg-mask.png\" alt=\"Image Mask\"\/><img src=\"https:\/\/files.sunoresearch.com.br\/n\/uploads\/2018\/10\/0e870344-ibovespa-400x200.webp\" alt=\"Ibovespa opera em queda aguardando desfecho de crise no governo\"\/><\/a><span class=\"spotlightCategory\"><a href=\"https:\/\/www.suno.com.br\/noticias\/mercado\/\">Mercado<\/a><\/span><\/div><div class=\"cardsPage__listCard__boxs__content\"><a href=\"https:\/\/www.suno.com.br\/noticias\/ibovespa-02182019\/\"><h2 class=\"content__title\">Ibovespa opera em queda aguardando desfecho de crise no governo<\/h2><\/a><div class=\"newsContent__article__meta\"><div class=\"newsContent__article__meta__authorBox\"><a href=\"https:\/\/www.suno.com.br\/noticias\/author\/amanda\/\" class=\"authorBox__avatar noMobi\"><img src=\"https:\/\/files.sunoresearch.com.br\/n\/uploads\/2018\/11\/c6ad30be-amanda-150x150.webp\" alt=\"Amanda Gushiken\"><\/a><div class=\"authorBox__name\"><span>por\n\t\t\t<a href=\"https:\/\/www.suno.com.br\/noticias\/author\/amanda\/\"><span itemprop=\"author\">Amanda Gushiken<\/span><\/a><\/span><time datetime=\"2019-02-18T11:10:10-03:00\" itemprop=\"datePublished\">18\/02\/2019 11:10<\/time><\/div><\/div><\/div><\/div><\/div>","single_layout":"posts","amp_enabled":true,"_links":{"self":[{"href":"https:\/\/www.suno.com.br\/noticias\/wp-json\/wp\/v2\/posts\/15638"}],"collection":[{"href":"https:\/\/www.suno.com.br\/noticias\/wp-json\/wp\/v2\/posts"}],"about":[{"href":"https:\/\/www.suno.com.br\/noticias\/wp-json\/wp\/v2\/types\/post"}],"author":[{"embeddable":true,"href":"https:\/\/www.suno.com.br\/noticias\/wp-json\/wp\/v2\/users\/12"}],"replies":[{"embeddable":true,"href":"https:\/\/www.suno.com.br\/noticias\/wp-json\/wp\/v2\/comments?post=15638"}],"version-history":[{"count":0,"href":"https:\/\/www.suno.com.br\/noticias\/wp-json\/wp\/v2\/posts\/15638\/revisions"}],"wp:featuredmedia":[{"embeddable":true,"href":"https:\/\/www.suno.com.br\/noticias\/wp-json\/wp\/v2\/media\/5075"}],"wp:attachment":[{"href":"https:\/\/www.suno.com.br\/noticias\/wp-json\/wp\/v2\/media?parent=15638"}],"wp:term":[{"taxonomy":"category","embeddable":true,"href":"https:\/\/www.suno.com.br\/noticias\/wp-json\/wp\/v2\/categories?post=15638"},{"taxonomy":"post_tag","embeddable":true,"href":"https:\/\/www.suno.com.br\/noticias\/wp-json\/wp\/v2\/tags?post=15638"},{"taxonomy":"suno_strategy","embeddable":true,"href":"https:\/\/www.suno.com.br\/noticias\/wp-json\/wp\/v2\/suno_strategy?post=15638"}],"curies":[{"name":"wp","href":"https:\/\/api.w.org\/{rel}","templated":true}]}}