{"id":15634,"date":"2019-02-18T10:07:28","date_gmt":"2019-02-18T13:07:28","guid":{"rendered":"https:\/\/www.suno.com.br\/noticias\/?p=15634"},"modified":"2019-02-18T12:24:49","modified_gmt":"2019-02-18T15:24:49","slug":"dolar-02182019","status":"publish","type":"post","link":"https:\/\/www.suno.com.br\/noticias\/dolar-02182019\/","title":{"rendered":"D\u00f3lar abre acima de R$ 3,70 em dia de feriado nos EUA"},"content":{"rendered":"<p>O d\u00f3lar abriu com avan\u00e7o nesta segunda-feira (18) na <a href=\"https:\/\/www.suno.com.br\/artigos\/b3\/\">B3<\/a> (<a href=\"https:\/\/www.suno.com.br\/artigos\/bmf\/\">BM&amp;F<\/a> <a href=\"https:\/\/www.suno.com.br\/artigos\/bovespa-precedente-b3\/\">Bovespa<\/a>).<\/p>\t<div class=\"wrapper-featured-image\">\n\t\t<figure class=\"spotlightImg\">\n\n\t\t\t<picture>\n\t\t\t\t<source media=\"(max-width: 768px)\" srcset=\"https:\/\/files.sunoresearch.com.br\/n\/uploads\/2019\/01\/7e88c6e8-d\u00f3lar-400x200.webp\">\n\t\t\t\t<img loading=\"lazy\" decoding=\"async\" class=\"newsContent__article__imgCapa lazyloadDisabled newsContent__article__imgCapa--noCaption\" src=\"https:\/\/files.sunoresearch.com.br\/n\/uploads\/2019\/01\/7e88c6e8-d\u00f3lar-800x450.webp\" width=\"800\" height=\"450\" alt=\"D\u00f3lar abre acima de R$ 3,70 em dia de feriado nos EUA\" fetchpriority=high \/>\n\t\t\t<\/picture>\n\n\t\t\t<figcaption class=\"wp-caption-text wp-caption-text--hide\">O d\u00f3lar hoje ampliou os ganhos ap\u00f3s avan\u00e7ar 0,43% no dia anterior<\/figcaption>\n\t\t<\/figure>\n\t<\/div>\n\n\n<p>Em dia de <strong>feriado<\/strong> nos Estados Unidos da Am\u00e9rica (<strong>EUA<\/strong>), o <strong>d\u00f3lar<\/strong> avan\u00e7a no primeiro preg\u00e3o da semana. A <a href=\"https:\/\/www.suno.com.br\/artigos\/liquidez\/\">liquidez<\/a> do mercado \u00e9 reduzida.<\/p>\n<p>O <strong>Dia dos Presidentes<\/strong> comemora os anivers\u00e1rios de dois ex-presidentes da na\u00e7\u00e3o norte-americana:<\/p>\n<ul>\n<li><strong>Abraham Lincoln<\/strong>, nascido do dia 12 de fevereiro;<\/li>\n<li>e <strong>George Washington<\/strong>, no dia 22 do mesmo m\u00eas.<\/li>\n<\/ul>\n<p>\u00c0s 9h36, as moedas seguiam as <strong>cota\u00e7\u00f5es<\/strong>:<\/p>\n<ul>\n<li><strong>D\u00f3lar:<\/strong> alta de 0,42% a R$\u00a03,7164<\/li>\n<li><a href=\"https:\/\/www.suno.com.br\/artigos\/euro\/\">Euro<\/a>: alta de\u00a00,79% a R$\u00a03,7164<\/li>\n<li>Libra esterlina: alta de\u00a00,70% a R$ 4,8035<\/li>\n<\/ul>\n<article>\n<div class=\"wall protected-content\">\n<div data-track-category=\"multicontent\" data-track-action=\"ultimo chunk conteudo\" data-track-noninteraction=\"false\" data-track-scroll=\"view\">\n<div class=\"mc-column content-text active-extra-styles \" data-block-type=\"unstyled\" data-block-weight=\"32\" data-block-id=\"6\">\n<p class=\"content-text__container \" data-track-category=\"Link no Texto\" data-track-links=\"\">O <a href=\"https:\/\/www.suno.com.br\/artigos\/bacen\/\">Banco Central<\/a> (BC) realiza nesta segunda-feira leil\u00e3o de at\u00e9 10,33 mil <a href=\"https:\/\/www.suno.com.br\/artigos\/swap-cambial\/\">swaps cambiais<\/a> tradicionais, correspondentes \u00e0 venda futura de d\u00f3lares para rolagem do vencimento de mar\u00e7o, no total de US$ 9,811 bilh\u00f5es.<\/p>\n<p><p data-track-category=\"Link no Texto\" data-track-links=\"\"><a href=\"https:\/\/www.suno.com.br\/noticias\/maia-crise-bebianno-atrapalhar-reforma\/\">Saiba mais &#8211;\u00a0Rodrigo Maia: crise com Bebianno pode atrapalhar reforma da Previd\u00eancia\u00a0<\/a><\/p>\n<\/p>\n<h2 data-track-category=\"Link no Texto\">Crise de governo<\/h2>\n<p>No \u00faltimo s\u00e1bado (16), o ministro\u00a0da Secretaria-Geral da Presid\u00eancia, <strong>Gustavo Bebianno<\/strong> confirmou que poderia ser exonerado nesta segunda.<\/p>\n<p>Contudo,\u00a0a edi\u00e7\u00e3o regular do <strong>Di\u00e1rio Oficial da Uni\u00e3o<\/strong> (DOU) desta data n\u00e3o trouxe a exonera\u00e7\u00e3o de Bebianno.<\/p>\n<p>A edi\u00e7\u00e3o do DOU \u00e9 de responsabilidade da Imprensa Nacional, subordinada \u00e0 <strong>Casa Civil<\/strong>.<\/p>\n<p><strong>Gustavo Bebianno<\/strong>, que tamb\u00e9m \u00e9 ex-presidente do PSL, protagoniza a primeira crise de governo do presidente da Rep\u00fablica, Jair Bolsonaro.<\/p>\n<p>O ministro foi\u00a0alvo de uma s\u00e9rie de reportagens da &#8220;Folha de S. Paulo&#8221;. Nas reportagens, o jornal denuncia um suposto esquema de <strong>candidaturas laranjas<\/strong> do partido.<\/p>\n<p>A fraude teria ocorrido na \u00e9poca em que <strong>Bebianno<\/strong> era l\u00edder do partido.<\/p>\n<p>De acordo com o &#8220;Antagonista&#8221;, o ministro negou, na quarta-feira (13), a possibilidade de uma<strong> crise de governo<\/strong> ter sido iniciada com as publica\u00e7\u00f5es do jornal.<\/p>\n<p>&#8220;N\u00e3o existe <strong>crise<\/strong> nenhuma. S\u00f3 hoje falei tr\u00eas vezes com o <strong>presidente<\/strong>&#8220;, disse <strong>Bebianno<\/strong>.<\/p>\n<p>Contudo, o filho do presidente, <strong>Carlos Bolsonaro<\/strong>, negou as liga\u00e7\u00f5es do presidente da Rep\u00fablica com o ministro.<\/p>\n<p>Mais tarde, <strong>Jair Bolsonaro<\/strong> republicou a fala de seu filho em sua pr\u00f3pria conta do Twitter.<\/p>\n<p>O mercado teme que a crise de governo torne-se um empecilho na aprova\u00e7\u00e3o da <strong>Proposta de Emenda Constitucional<\/strong> (PEC) da <strong>reforma da Previd\u00eancia<\/strong>.<\/p>\n<p><a href=\"https:\/\/www.suno.com.br\/noticias\/gustavo-bebianno-crise-governo-dou\/\">Saiba mais &#8211;\u00a0Exonera\u00e7\u00e3o de Gustavo Bebianno n\u00e3o foi publicada no Di\u00e1rio Oficial\u00a0<\/a><\/p>\n<h2>Boletim Focus<\/h2>\n<p>O <a href=\"https:\/\/www.suno.com.br\/artigos\/relatorio-focus\/\">Boletim Focus<\/a> desta semana reduziu as expectativas para o <strong><a href=\"https:\/\/www.suno.com.br\/artigos\/pib-produto-interno-bruto\/\">Produto Interno Bruto<\/a><\/strong> (PIB) brasileiro, de 2,5% a 2,48%.<\/p>\n<p>Para a <strong><a href=\"https:\/\/www.suno.com.br\/artigos\/taxa-selic\/\">taxa Selic<\/a> <\/strong>e a o<strong> <a href=\"https:\/\/www.suno.com.br\/artigos\/ipca\/\">\u00cdndice Nacional de Pre\u00e7os ao Consumidor Amplo<\/a> <\/strong>(IPCA), as proje\u00e7\u00f5es foram mantidas a 3,87% e 6,5%, nesta ordem.<\/p>\n<p>Na primeira reuni\u00e3o do <a href=\"https:\/\/www.suno.com.br\/artigos\/copom\/\">Comit\u00ea de Pol\u00edtica Monet\u00e1ria<\/a> (COPOM) deste ano, a <strong>taxa Selic<\/strong> foi mantida em seu n\u00edvel mais baixo (6,5%) pela s\u00e9tima vez consecutiva.<\/p>\n<p>Enquanto o <strong>IPCA<\/strong> de <strong>janeiro<\/strong> de 2019 registrou alta de 0,32%, valor superior ao 0,15% apresentado em dezembro.<\/p>\n<p>O <strong>IPCA<\/strong> \u00e9 o indicador oficial da infla\u00e7\u00e3o no Brasil, e \u00e9 divulgado mensal, quinzenal e anualmente pelo <strong>Instituto Brasileiro de Geografia e Estat\u00edstica<\/strong> (IBGE).<\/p>\n<p><p data-track-category=\"Link no Texto\" data-track-links=\"\"><a href=\"https:\/\/www.suno.com.br\/noticias\/dolar-cai-bolsonaro-idade-previdencia\/\">Saiba mais &#8211;\u00a0D\u00f3lar cai novamente ap\u00f3s Bolsonaro definir idade m\u00ednima na Previd\u00eancia\u00a0<\/a><\/p>\n<\/p>\n<p>Na \u00faltima sexta-feira (15), o <strong>d\u00f3lar <\/strong>fechou em queda de\u00a00,973% a\u00a0R$ 3,7037. O euro caiu\u00a00,518% a\u00a0R$ 4,1856, enquanto a libra subiu\u00a00,17% a R$ 4,7753.<\/p>\n<\/div>\n<\/div>\n<\/div>\n<\/article>\n","protected":false},"excerpt":{"rendered":"<p>O d\u00f3lar abriu com avan\u00e7o nesta segunda-feira (18) na B3 (BM&amp;F Bovespa). O d\u00f3lar hoje ampliou os ganhos ap\u00f3s avan\u00e7ar 0,43% no dia anterior Em dia de feriado nos Estados Unidos da Am\u00e9rica (EUA), o d\u00f3lar avan\u00e7a no primeiro preg\u00e3o da semana. A liquidez do mercado \u00e9 reduzida. O Dia dos Presidentes comemora os anivers\u00e1rios [&hellip;]<\/p>\n","protected":false},"author":12,"featured_media":12223,"comment_status":"closed","ping_status":"closed","sticky":false,"template":"","format":"standard","meta":[],"categories":[60],"tags":[326,793],"suno_strategy":[],"class_list":["post-15634","post","type-post","status-publish","format-standard","has-post-thumbnail","hentry","category-mercado","tag-dolar","tag-estados-unidos-eua"],"yoast_head":"<!-- This site is optimized with the Yoast SEO plugin v24.4 - https:\/\/yoast.com\/wordpress\/plugins\/seo\/ -->\n<title>D\u00f3lar abre acima de R$ 3,70 em dia de feriado nos EUA<\/title>\n<meta name=\"description\" content=\"O d\u00f3lar abriu em alta nesta segunda-feira (18). \u00c0s 9h36, a alta era de 0,42% a R$\u00a03,7164. Clique para saber mais.\" \/>\n<meta name=\"robots\" content=\"index, follow, max-snippet:-1, max-image-preview:large, max-video-preview:-1\" \/>\n<link rel=\"canonical\" href=\"https:\/\/www.suno.com.br\/noticias\/dolar-02182019\/\" \/>\n<meta property=\"og:locale\" content=\"pt_BR\" \/>\n<meta property=\"og:type\" content=\"article\" \/>\n<meta property=\"og:title\" content=\"D\u00f3lar abre acima de R$ 3,70 em dia de feriado nos EUA\" \/>\n<meta property=\"og:description\" content=\"O d\u00f3lar abriu em alta nesta segunda-feira (18). \u00c0s 9h36, a alta era de 0,42% a R$\u00a03,7164. Clique para saber mais.\" \/>\n<meta property=\"og:url\" content=\"https:\/\/www.suno.com.br\/noticias\/dolar-02182019\/\" \/>\n<meta property=\"og:site_name\" content=\"Suno Not\u00edcias\" \/>\n<meta property=\"article:publisher\" content=\"https:\/\/facebook.com\/sunoresearch\" \/>\n<meta property=\"og:image\" content=\"https:\/\/files.sunoresearch.com.br\/n\/uploads\/2019\/01\/7e88c6e8-d\u00f3lar.jpg\" \/>\n\t<meta property=\"og:image:width\" content=\"1024\" \/>\n\t<meta property=\"og:image:height\" content=\"658\" \/>\n\t<meta property=\"og:image:type\" content=\"image\/jpeg\" \/>\n<meta name=\"author\" content=\"Amanda Gushiken\" \/>\n<meta name=\"twitter:card\" content=\"summary_large_image\" \/>\n<meta name=\"twitter:creator\" content=\"@sunoresearch\" \/>\n<meta name=\"twitter:site\" content=\"@sunoresearch\" \/>\n<meta name=\"twitter:label1\" content=\"Escrito por\" \/>\n\t<meta name=\"twitter:data1\" content=\"Amanda Gushiken\" \/>\n\t<meta name=\"twitter:label2\" content=\"Est. tempo de leitura\" \/>\n\t<meta name=\"twitter:data2\" content=\"3 minutos\" \/>\n<script type=\"application\/ld+json\" class=\"yoast-schema-graph\">{\"@context\":\"https:\/\/schema.org\",\"@graph\":[{\"@type\":\"NewsArticle\",\"@id\":\"https:\/\/www.suno.com.br\/noticias\/dolar-02182019\/#article\",\"isPartOf\":{\"@id\":\"https:\/\/www.suno.com.br\/noticias\/dolar-02182019\/\"},\"author\":{\"name\":\"Amanda Gushiken\",\"@id\":\"https:\/\/www.suno.com.br\/noticias\/#\/schema\/person\/a5b06fa4e879d8e8e119c6ed3cd630d1\"},\"headline\":\"D\u00f3lar abre acima de R$ 3,70 em dia de feriado nos EUA\",\"datePublished\":\"2019-02-18T13:07:28+00:00\",\"dateModified\":\"2019-02-18T15:24:49+00:00\",\"mainEntityOfPage\":{\"@id\":\"https:\/\/www.suno.com.br\/noticias\/dolar-02182019\/\"},\"wordCount\":553,\"publisher\":{\"@id\":\"https:\/\/www.suno.com.br\/noticias\/#organization\"},\"image\":{\"@id\":\"https:\/\/www.suno.com.br\/noticias\/dolar-02182019\/#primaryimage\"},\"thumbnailUrl\":\"https:\/\/files.sunoresearch.com.br\/n\/uploads\/2019\/01\/7e88c6e8-d\u00f3lar-jpg.webp\",\"keywords\":[\"d\u00f3lar\",\"Estados Unidos (EUA)\"],\"articleSection\":[\"Mercado\"],\"inLanguage\":\"pt-BR\"},{\"@type\":\"WebPage\",\"@id\":\"https:\/\/www.suno.com.br\/noticias\/dolar-02182019\/\",\"url\":\"https:\/\/www.suno.com.br\/noticias\/dolar-02182019\/\",\"name\":\"D\u00f3lar abre acima de R$ 3,70 em dia de feriado nos EUA\",\"isPartOf\":{\"@id\":\"https:\/\/www.suno.com.br\/noticias\/#website\"},\"primaryImageOfPage\":{\"@id\":\"https:\/\/www.suno.com.br\/noticias\/dolar-02182019\/#primaryimage\"},\"image\":{\"@id\":\"https:\/\/www.suno.com.br\/noticias\/dolar-02182019\/#primaryimage\"},\"thumbnailUrl\":\"https:\/\/files.sunoresearch.com.br\/n\/uploads\/2019\/01\/7e88c6e8-d\u00f3lar-jpg.webp\",\"datePublished\":\"2019-02-18T13:07:28+00:00\",\"dateModified\":\"2019-02-18T15:24:49+00:00\",\"description\":\"O d\u00f3lar abriu em alta nesta segunda-feira (18). \u00c0s 9h36, a alta era de 0,42% a R$\u00a03,7164. Clique para saber mais.\",\"breadcrumb\":{\"@id\":\"https:\/\/www.suno.com.br\/noticias\/dolar-02182019\/#breadcrumb\"},\"inLanguage\":\"pt-BR\",\"potentialAction\":[{\"@type\":\"ReadAction\",\"target\":[\"https:\/\/www.suno.com.br\/noticias\/dolar-02182019\/\"]}]},{\"@type\":\"ImageObject\",\"inLanguage\":\"pt-BR\",\"@id\":\"https:\/\/www.suno.com.br\/noticias\/dolar-02182019\/#primaryimage\",\"url\":\"https:\/\/files.sunoresearch.com.br\/n\/uploads\/2019\/01\/7e88c6e8-d\u00f3lar-jpg.webp\",\"contentUrl\":\"https:\/\/files.sunoresearch.com.br\/n\/uploads\/2019\/01\/7e88c6e8-d\u00f3lar-jpg.webp\",\"width\":1024,\"height\":658,\"caption\":\"O d\u00f3lar hoje ampliou os ganhos ap\u00f3s avan\u00e7ar 0,43% no dia anterior\"},{\"@type\":\"BreadcrumbList\",\"@id\":\"https:\/\/www.suno.com.br\/noticias\/dolar-02182019\/#breadcrumb\",\"itemListElement\":[{\"@type\":\"ListItem\",\"position\":1,\"name\":\"Not\u00edcias\",\"item\":\"https:\/\/www.suno.com.br\/noticias\/\"},{\"@type\":\"ListItem\",\"position\":2,\"name\":\"Mercado\",\"item\":\"https:\/\/www.suno.com.br\/noticias\/mercado\/\"},{\"@type\":\"ListItem\",\"position\":3,\"name\":\"D\u00f3lar abre acima de R$ 3,70 em dia de feriado nos EUA\"}]},{\"@type\":\"WebSite\",\"@id\":\"https:\/\/www.suno.com.br\/noticias\/#website\",\"url\":\"https:\/\/www.suno.com.br\/noticias\/\",\"name\":\"Suno Not\u00edcias\",\"description\":\"Seu portal de informa\u00e7\u00e3o sobre o mundo dos investimentos\",\"publisher\":{\"@id\":\"https:\/\/www.suno.com.br\/noticias\/#organization\"},\"potentialAction\":[{\"@type\":\"SearchAction\",\"target\":{\"@type\":\"EntryPoint\",\"urlTemplate\":\"https:\/\/www.suno.com.br\/noticias\/?s={search_term_string}\"},\"query-input\":{\"@type\":\"PropertyValueSpecification\",\"valueRequired\":true,\"valueName\":\"search_term_string\"}}],\"inLanguage\":\"pt-BR\"},{\"@type\":\"Organization\",\"@id\":\"https:\/\/www.suno.com.br\/noticias\/#organization\",\"name\":\"Suno Not\u00edcias\",\"url\":\"https:\/\/www.suno.com.br\/noticias\/\",\"logo\":{\"@type\":\"ImageObject\",\"inLanguage\":\"pt-BR\",\"@id\":\"https:\/\/www.suno.com.br\/noticias\/#\/schema\/logo\/image\/\",\"url\":\"https:\/\/files.sunoresearch.com.br\/n\/uploads\/2021\/09\/suno-logo.png\",\"contentUrl\":\"https:\/\/files.sunoresearch.com.br\/n\/uploads\/2021\/09\/suno-logo.png\",\"width\":180,\"height\":180,\"caption\":\"Suno Not\u00edcias\"},\"image\":{\"@id\":\"https:\/\/www.suno.com.br\/noticias\/#\/schema\/logo\/image\/\"},\"sameAs\":[\"https:\/\/facebook.com\/sunoresearch\",\"https:\/\/x.com\/sunoresearch\",\"https:\/\/www.instagram.com\/suno\",\"https:\/\/www.linkedin.com\/company\/suno-research\/\",\"https:\/\/www.youtube.com\/c\/sunoresearch\"]},{\"@type\":\"Person\",\"@id\":\"https:\/\/www.suno.com.br\/noticias\/#\/schema\/person\/a5b06fa4e879d8e8e119c6ed3cd630d1\",\"name\":\"Amanda Gushiken\",\"image\":{\"@type\":\"ImageObject\",\"inLanguage\":\"pt-BR\",\"@id\":\"https:\/\/www.suno.com.br\/noticias\/#\/schema\/person\/image\/\",\"url\":\"https:\/\/secure.gravatar.com\/avatar\/ecd84705e6b65e3685ae80d725501fbe?s=96&r=g\",\"contentUrl\":\"https:\/\/secure.gravatar.com\/avatar\/ecd84705e6b65e3685ae80d725501fbe?s=96&r=g\",\"caption\":\"Amanda Gushiken\"},\"description\":\"Amanda Sayuri Gushiken escreve sobre finan\u00e7as e neg\u00f3cios para o portal Suno Not\u00edcias. Antes, trabalhou selecionando not\u00edcias da imprensa para clientes do mercado financeiro. Tamb\u00e9m desenvolveu pesquisa acad\u00eamica pela Universidade Anhembi Morumbi na \u00e1rea de Teorias da Comunica\u00e7\u00e3o e \u00e9 fot\u00f3grafa nas horas vagas.\",\"url\":\"https:\/\/www.suno.com.br\/noticias\/author\/amanda\/\"}]}<\/script>\n<!-- \/ Yoast SEO plugin. -->","yoast_head_json":{"title":"D\u00f3lar abre acima de R$ 3,70 em dia de feriado nos EUA","description":"O d\u00f3lar abriu em alta nesta segunda-feira (18). \u00c0s 9h36, a alta era de 0,42% a R$\u00a03,7164. Clique para saber mais.","robots":{"index":"index","follow":"follow","max-snippet":"max-snippet:-1","max-image-preview":"max-image-preview:large","max-video-preview":"max-video-preview:-1"},"canonical":"https:\/\/www.suno.com.br\/noticias\/dolar-02182019\/","og_locale":"pt_BR","og_type":"article","og_title":"D\u00f3lar abre acima de R$ 3,70 em dia de feriado nos EUA","og_description":"O d\u00f3lar abriu em alta nesta segunda-feira (18). \u00c0s 9h36, a alta era de 0,42% a R$\u00a03,7164. Clique para saber mais.","og_url":"https:\/\/www.suno.com.br\/noticias\/dolar-02182019\/","og_site_name":"Suno Not\u00edcias","article_publisher":"https:\/\/facebook.com\/sunoresearch","og_image":[{"width":1024,"height":658,"url":"https:\/\/files.sunoresearch.com.br\/n\/uploads\/2019\/01\/7e88c6e8-d\u00f3lar.jpg","type":"image\/jpeg"}],"author":"Amanda Gushiken","twitter_card":"summary_large_image","twitter_creator":"@sunoresearch","twitter_site":"@sunoresearch","twitter_misc":{"Escrito por":"Amanda Gushiken","Est. tempo de leitura":"3 minutos"},"schema":{"@context":"https:\/\/schema.org","@graph":[{"@type":"NewsArticle","@id":"https:\/\/www.suno.com.br\/noticias\/dolar-02182019\/#article","isPartOf":{"@id":"https:\/\/www.suno.com.br\/noticias\/dolar-02182019\/"},"author":{"name":"Amanda Gushiken","@id":"https:\/\/www.suno.com.br\/noticias\/#\/schema\/person\/a5b06fa4e879d8e8e119c6ed3cd630d1"},"headline":"D\u00f3lar abre acima de R$ 3,70 em dia de feriado nos EUA","datePublished":"2019-02-18T13:07:28+00:00","dateModified":"2019-02-18T15:24:49+00:00","mainEntityOfPage":{"@id":"https:\/\/www.suno.com.br\/noticias\/dolar-02182019\/"},"wordCount":553,"publisher":{"@id":"https:\/\/www.suno.com.br\/noticias\/#organization"},"image":{"@id":"https:\/\/www.suno.com.br\/noticias\/dolar-02182019\/#primaryimage"},"thumbnailUrl":"https:\/\/files.sunoresearch.com.br\/n\/uploads\/2019\/01\/7e88c6e8-d\u00f3lar-jpg.webp","keywords":["d\u00f3lar","Estados Unidos (EUA)"],"articleSection":["Mercado"],"inLanguage":"pt-BR"},{"@type":"WebPage","@id":"https:\/\/www.suno.com.br\/noticias\/dolar-02182019\/","url":"https:\/\/www.suno.com.br\/noticias\/dolar-02182019\/","name":"D\u00f3lar abre acima de R$ 3,70 em dia de feriado nos EUA","isPartOf":{"@id":"https:\/\/www.suno.com.br\/noticias\/#website"},"primaryImageOfPage":{"@id":"https:\/\/www.suno.com.br\/noticias\/dolar-02182019\/#primaryimage"},"image":{"@id":"https:\/\/www.suno.com.br\/noticias\/dolar-02182019\/#primaryimage"},"thumbnailUrl":"https:\/\/files.sunoresearch.com.br\/n\/uploads\/2019\/01\/7e88c6e8-d\u00f3lar-jpg.webp","datePublished":"2019-02-18T13:07:28+00:00","dateModified":"2019-02-18T15:24:49+00:00","description":"O d\u00f3lar abriu em alta nesta segunda-feira (18). \u00c0s 9h36, a alta era de 0,42% a R$\u00a03,7164. Clique para saber mais.","breadcrumb":{"@id":"https:\/\/www.suno.com.br\/noticias\/dolar-02182019\/#breadcrumb"},"inLanguage":"pt-BR","potentialAction":[{"@type":"ReadAction","target":["https:\/\/www.suno.com.br\/noticias\/dolar-02182019\/"]}]},{"@type":"ImageObject","inLanguage":"pt-BR","@id":"https:\/\/www.suno.com.br\/noticias\/dolar-02182019\/#primaryimage","url":"https:\/\/files.sunoresearch.com.br\/n\/uploads\/2019\/01\/7e88c6e8-d\u00f3lar-jpg.webp","contentUrl":"https:\/\/files.sunoresearch.com.br\/n\/uploads\/2019\/01\/7e88c6e8-d\u00f3lar-jpg.webp","width":1024,"height":658,"caption":"O d\u00f3lar hoje ampliou os ganhos ap\u00f3s avan\u00e7ar 0,43% no dia anterior"},{"@type":"BreadcrumbList","@id":"https:\/\/www.suno.com.br\/noticias\/dolar-02182019\/#breadcrumb","itemListElement":[{"@type":"ListItem","position":1,"name":"Not\u00edcias","item":"https:\/\/www.suno.com.br\/noticias\/"},{"@type":"ListItem","position":2,"name":"Mercado","item":"https:\/\/www.suno.com.br\/noticias\/mercado\/"},{"@type":"ListItem","position":3,"name":"D\u00f3lar abre acima de R$ 3,70 em dia de feriado nos EUA"}]},{"@type":"WebSite","@id":"https:\/\/www.suno.com.br\/noticias\/#website","url":"https:\/\/www.suno.com.br\/noticias\/","name":"Suno Not\u00edcias","description":"Seu portal de informa\u00e7\u00e3o sobre o mundo dos investimentos","publisher":{"@id":"https:\/\/www.suno.com.br\/noticias\/#organization"},"potentialAction":[{"@type":"SearchAction","target":{"@type":"EntryPoint","urlTemplate":"https:\/\/www.suno.com.br\/noticias\/?s={search_term_string}"},"query-input":{"@type":"PropertyValueSpecification","valueRequired":true,"valueName":"search_term_string"}}],"inLanguage":"pt-BR"},{"@type":"Organization","@id":"https:\/\/www.suno.com.br\/noticias\/#organization","name":"Suno Not\u00edcias","url":"https:\/\/www.suno.com.br\/noticias\/","logo":{"@type":"ImageObject","inLanguage":"pt-BR","@id":"https:\/\/www.suno.com.br\/noticias\/#\/schema\/logo\/image\/","url":"https:\/\/files.sunoresearch.com.br\/n\/uploads\/2021\/09\/suno-logo.png","contentUrl":"https:\/\/files.sunoresearch.com.br\/n\/uploads\/2021\/09\/suno-logo.png","width":180,"height":180,"caption":"Suno Not\u00edcias"},"image":{"@id":"https:\/\/www.suno.com.br\/noticias\/#\/schema\/logo\/image\/"},"sameAs":["https:\/\/facebook.com\/sunoresearch","https:\/\/x.com\/sunoresearch","https:\/\/www.instagram.com\/suno","https:\/\/www.linkedin.com\/company\/suno-research\/","https:\/\/www.youtube.com\/c\/sunoresearch"]},{"@type":"Person","@id":"https:\/\/www.suno.com.br\/noticias\/#\/schema\/person\/a5b06fa4e879d8e8e119c6ed3cd630d1","name":"Amanda Gushiken","image":{"@type":"ImageObject","inLanguage":"pt-BR","@id":"https:\/\/www.suno.com.br\/noticias\/#\/schema\/person\/image\/","url":"https:\/\/secure.gravatar.com\/avatar\/ecd84705e6b65e3685ae80d725501fbe?s=96&r=g","contentUrl":"https:\/\/secure.gravatar.com\/avatar\/ecd84705e6b65e3685ae80d725501fbe?s=96&r=g","caption":"Amanda Gushiken"},"description":"Amanda Sayuri Gushiken escreve sobre finan\u00e7as e neg\u00f3cios para o portal Suno Not\u00edcias. Antes, trabalhou selecionando not\u00edcias da imprensa para clientes do mercado financeiro. Tamb\u00e9m desenvolveu pesquisa acad\u00eamica pela Universidade Anhembi Morumbi na \u00e1rea de Teorias da Comunica\u00e7\u00e3o e \u00e9 fot\u00f3grafa nas horas vagas.","url":"https:\/\/www.suno.com.br\/noticias\/author\/amanda\/"}]}},"default_loop_html":"<div class=\"cardsPage__listCard__boxs\"><div class=\"cardsPage__listCard__boxs__img\"><a href=\"https:\/\/www.suno.com.br\/noticias\/dolar-02182019\/\"><img class=\"mask\" src=\"https:\/\/www.suno.com.br\/noticias\/wp-content\/themes\/suno\/resources\/images\/spotlight\/spotlight1img\/bg-mask.png\" alt=\"Image Mask\"\/><img src=\"https:\/\/files.sunoresearch.com.br\/n\/uploads\/2019\/01\/7e88c6e8-d\u00f3lar-400x200.webp\" alt=\"D\u00f3lar abre acima de R$ 3,70 em dia de feriado nos EUA\"\/><\/a><span class=\"spotlightCategory\"><a href=\"https:\/\/www.suno.com.br\/noticias\/mercado\/\">Mercado<\/a><\/span><\/div><div class=\"cardsPage__listCard__boxs__content\"><a href=\"https:\/\/www.suno.com.br\/noticias\/dolar-02182019\/\"><h2 class=\"content__title\">D\u00f3lar abre acima de R$ 3,70 em dia de feriado nos EUA<\/h2><\/a><div class=\"newsContent__article__meta\"><div class=\"newsContent__article__meta__authorBox\"><a href=\"https:\/\/www.suno.com.br\/noticias\/author\/amanda\/\" class=\"authorBox__avatar noMobi\"><img src=\"https:\/\/files.sunoresearch.com.br\/n\/uploads\/2018\/11\/c6ad30be-amanda-150x150.webp\" alt=\"Amanda Gushiken\"><\/a><div class=\"authorBox__name\"><span>por\n\t\t\t<a href=\"https:\/\/www.suno.com.br\/noticias\/author\/amanda\/\"><span itemprop=\"author\">Amanda Gushiken<\/span><\/a><\/span><time datetime=\"2019-02-18T10:07:28-03:00\" itemprop=\"datePublished\">18\/02\/2019 10:07<\/time><\/div><\/div><\/div><\/div><\/div>","single_layout":"posts","amp_enabled":true,"_links":{"self":[{"href":"https:\/\/www.suno.com.br\/noticias\/wp-json\/wp\/v2\/posts\/15634"}],"collection":[{"href":"https:\/\/www.suno.com.br\/noticias\/wp-json\/wp\/v2\/posts"}],"about":[{"href":"https:\/\/www.suno.com.br\/noticias\/wp-json\/wp\/v2\/types\/post"}],"author":[{"embeddable":true,"href":"https:\/\/www.suno.com.br\/noticias\/wp-json\/wp\/v2\/users\/12"}],"replies":[{"embeddable":true,"href":"https:\/\/www.suno.com.br\/noticias\/wp-json\/wp\/v2\/comments?post=15634"}],"version-history":[{"count":0,"href":"https:\/\/www.suno.com.br\/noticias\/wp-json\/wp\/v2\/posts\/15634\/revisions"}],"wp:featuredmedia":[{"embeddable":true,"href":"https:\/\/www.suno.com.br\/noticias\/wp-json\/wp\/v2\/media\/12223"}],"wp:attachment":[{"href":"https:\/\/www.suno.com.br\/noticias\/wp-json\/wp\/v2\/media?parent=15634"}],"wp:term":[{"taxonomy":"category","embeddable":true,"href":"https:\/\/www.suno.com.br\/noticias\/wp-json\/wp\/v2\/categories?post=15634"},{"taxonomy":"post_tag","embeddable":true,"href":"https:\/\/www.suno.com.br\/noticias\/wp-json\/wp\/v2\/tags?post=15634"},{"taxonomy":"suno_strategy","embeddable":true,"href":"https:\/\/www.suno.com.br\/noticias\/wp-json\/wp\/v2\/suno_strategy?post=15634"}],"curies":[{"name":"wp","href":"https:\/\/api.w.org\/{rel}","templated":true}]}}