{"id":156223,"date":"2021-06-11T10:29:16","date_gmt":"2021-06-11T13:29:16","guid":{"rendered":"https:\/\/www.suno.com.br\/noticias\/?p=156223"},"modified":"2021-06-11T10:29:16","modified_gmt":"2021-06-11T13:29:16","slug":"destaques-de-empresas-arezzo-arzz3-sabesp-sbsp3-ecorodovias-ecor3","status":"publish","type":"post","link":"https:\/\/www.suno.com.br\/noticias\/destaques-de-empresas-arezzo-arzz3-sabesp-sbsp3-ecorodovias-ecor3\/","title":{"rendered":"Destaques de Empresas: Arezzo (ARZZ3), Sabesp (SBSP3) e Ecorodovias (ECOR3)"},"content":{"rendered":"<p>Nos<strong> destaques de empresas<\/strong> desta sexta-feira (11) chama a aten\u00e7\u00e3o do mercado a <a class=\"suno-keyword\" href=\"https:\/\/www.suno.com.br\/acoes\/ARZZ3\/\" target=\"_blank\" rel=\"noopener noreferrer\" data-force=\"yes\" data-priority=\"2\">Arezzo (ARZZ3)<\/a> que comprou a marca de streetwear BAW Clothing por R$ 105 milh\u00f5es.<\/p>\t<div class=\"wrapper-featured-image\">\n\t\t<figure class=\"spotlightImg\">\n\n\t\t\t<picture>\n\t\t\t\t<source media=\"(max-width: 768px)\" srcset=\"https:\/\/files.sunoresearch.com.br\/n\/uploads\/2021\/06\/e3744fec-people-2588956_1920-400x200.webp\">\n\t\t\t\t<img loading=\"lazy\" decoding=\"async\" class=\"newsContent__article__imgCapa lazyloadDisabled \" src=\"https:\/\/files.sunoresearch.com.br\/n\/uploads\/2021\/06\/e3744fec-people-2588956_1920-800x450.webp\" width=\"800\" height=\"450\" alt=\"Destaques de Empresas: Arezzo (ARZZ3), Sabesp (SBSP3) e Ecorodovias (ECOR3)\" fetchpriority=high \/>\n\t\t\t<\/picture>\n\n\t\t\t<figcaption class=\"wp-caption-text wp-caption-text--show\">Vans (marca da Arezzo no Brasil). Foto: Pixabay<\/figcaption>\n\t\t<\/figure>\n\t<\/div>\n\n\n\t<p>\n\t\t<a href=\"https:\/\/lp.suno.com.br\/planilha-controle-gastos\/\" target=\"_blank\" data-element=\"shortcode-suno-banner\" title=\"Banner SUNO, clique e saiba mais\">\n\t\t\t<picture>\n\t\t\t\t<source media=\"(max-width: 500px)\" srcset=\"https:\/\/files.sunoresearch.com.br\/n\/uploads\/2023\/03\/400x300-Planilha-controle-de-gastos.png\">\n\t\t\t\t<img class=\"newsContent__article__imgCapa newsContent__article__imgCapa--banner\"\n\t\t\t\t\tsrc=\"https:\/\/files.sunoresearch.com.br\/n\/uploads\/2023\/03\/1420x240-Planilha-controle-de-gastos.png\"\n\t\t\t\t\tdata-promo-id=\"101751\"\t\t\t\t\t\t\t\t\t\twidth='1420' height='240'\t\t\t\t\talt=\"https:\/\/files.sunoresearch.com.br\/n\/uploads\/2023\/03\/1420x240-Planilha-controle-de-gastos.png\"\n\t\t\t\t>\n\t\t\t<\/picture>\n\t\t<\/a>\n\t<\/p>\n\n\n<p>Entre os destaques de empresas est\u00e1 tamb\u00e9m a privatiza\u00e7\u00e3o da <a href=\"https:\/\/www.suno.com.br\/acoes\/sbsp3\/\"><strong>Sabesp <\/strong>(SBSP3)<\/a> que tem um prazo de estudos de seis meses para o governo de S\u00e3o Paulo decidir se ir\u00e1 privatizar a companhia. A empresa tamb\u00e9m aprovou a emiss\u00e3o de at\u00e9 R$ 1,2 bilh\u00f5es em deb\u00eantures.<\/p>\n<p><a href=\"https:\/\/lp.suno.com.br\/suno-one\/\">Suno One: acesse gratuitamente eBooks, Minicursos, Artigos e V\u00eddeo Aulas sobre investimentos com um \u00fanico cadastro. Clique para saber mais!<\/a><\/p>\n<p>Por sua vez, a <a class=\"suno-keyword\" href=\"https:\/\/www.suno.com.br\/acoes\/ECOR3\/\" target=\"_blank\" rel=\"noopener noreferrer\" data-force=\"yes\" data-priority=\"2\"><strong>Ecorodovias<\/strong> (ECOR3)<\/a> anunciou uma oferta de a\u00e7\u00f5es conhecida como follow-on, que pode movimentar at\u00e9 R$ 2,2 bilh\u00f5es. J\u00e1 a <strong><a class=\"suno-keyword\" href=\"https:\/\/www.suno.com.br\/acoes\/AZUL4\/\" target=\"_blank\" rel=\"noopener noreferrer\" data-force=\"yes\" data-priority=\"2\">Azul <\/a><\/strong><a class=\"suno-keyword\" href=\"https:\/\/www.suno.com.br\/acoes\/AZUL4\/\" target=\"_blank\" rel=\"noopener noreferrer\" data-force=\"yes\" data-priority=\"2\">(AZUL4)<\/a> precificou a oferta de US$ 600 milh\u00f5es no exterior.\u00a0A <a class=\"suno-keyword\" href=\"https:\/\/www.suno.com.br\/acoes\/PETR4\/\" target=\"_blank\" rel=\"noopener noreferrer\" data-force=\"yes\" data-priority=\"2\"><strong>Petrobras<\/strong> (PETR4)\u00a0<\/a>concluiu a oferta de t\u00edtulos no mercado de capitais internacional no valor de US$ 1,5 bilh\u00e3o.<\/p>\n<p>Veja os destaques de empresas desta sexta-feira:<\/p>\n<h2>Arezzo<\/h2>\n<p>A Arezzo comprou a marca de streetwear BAW Clothing por R$ 105 milh\u00f5es. A empresa, que s\u00f3 vende online, tem como p\u00fablico-alvo as pessoas de 20 a 30 anos e conta com a divulga\u00e7\u00e3o de grandes influenciadores digitais atrav\u00e9s de suas redes sociais.<\/p>\n\t<div data-element=\"shortcode-read-more\" class=\"knowMore\">\n\t\t\t\t<span class=\"knowMore__title\">Saiba Mais <\/span>\n\t\t\t\t<a class=\"knowMore__link\" href=\"https:\/\/www.suno.com.br\/noticias\/arezzo-arzz3-baw-105-milhoes\/\">\n\t\t\tArezzo (ARZZ3) compra BAW, marca de streetwear, por R$ 105 milh\u00f5es\t\t<\/a>\n\t<\/div>\n\n\n<p>Segundo o <a class=\"suno-keyword\" href=\"https:\/\/www.suno.com.br\/artigos\/fato-relevante\/\" target=\"_blank\" rel=\"noopener noreferrer\" data-force=\"no\" data-priority=\"1\">fato relevante<\/a>, o montante de R$ 35 milh\u00f5es ser\u00e1 pago em dinheiro na data do fechamento da opera\u00e7\u00e3o, j\u00e1 o valor de R$ 50 milh\u00f5es ser\u00e1 por meio da entrega de um determinado n\u00famero de a\u00e7\u00f5es da Arezzo e os R$ 20 milh\u00f5es ser\u00e3o pagos em dinheiro no anivers\u00e1rio de cinco anos do fechamento.<\/p>\n<h2>Sabesp<\/h2>\n<p>Entre os destaques de empresas est\u00e1 a Sabesp, ap\u00f3s o Governo do Estado de S\u00e3o Paulo decidir contratar o International Finance Corporation (IFC) para estudar a privatiza\u00e7\u00e3o da\u00a0companhia estatal de tratamento de \u00e1gua e esgoto de S\u00e3o Paulo. A informa\u00e7\u00e3o \u00e9 do secret\u00e1rio de Fazenda do estado, <a class=\"suno-keyword\" href=\"https:\/\/www.suno.com.br\/tudo-sobre\/henrique-meirelles\/\" target=\"_blank\" rel=\"noopener noreferrer\" data-force=\"no\" data-priority=\"2\">Henrique Meirelles<\/a>, que concedeu entrevista ao jornal Valor Econ\u00f4mico citando que &#8220;muito provavelmente&#8221; a privatiza\u00e7\u00e3o ser\u00e1 feita pela empresa de consultoria.<\/p>\n\t<div data-element=\"shortcode-read-more\" class=\"knowMore\">\n\t\t\t\t<span class=\"knowMore__title\">Saiba Mais<\/span>\n\t\t\t\t<a class=\"knowMore__link\" href=\"https:\/\/www.suno.com.br\/noticias\/sabesp-sbsp3-privatizacao-sabesp-6-meses-meirelles\/\">\n\t\t\tPrivatiza\u00e7\u00e3o da Sabesp (SBPS3) come\u00e7ar\u00e1 em 6 meses e ser\u00e1 estudada pelo IFC, diz Meirelles\t\t<\/a>\n\t<\/div>\n\n\n<p>Em at\u00e9 seis meses o governo de S\u00e3o Paulo deve tomar a decis\u00e3o sobre a poss\u00edvel <strong>privatiza\u00e7\u00e3o<\/strong> da Sabesp, o que deve ocorrer logo ap\u00f3s o executivo estudar o caso. \u201cO <strong>IFC<\/strong> \u00e9 a melhor ag\u00eancia, a mais qualificada, a mais isenta, de maior experi\u00eancia global nesse aspecto. Eles v\u00e3o apresentar um trabalho e, a\u00ed, vamos, discuti-lo\u201d, afirmou Meirelles, na entrevista.<\/p>\n\t<div data-element=\"shortcode-read-more\" class=\"knowMore\">\n\t\t\t\t<span class=\"knowMore__title\">Saiba Mais<\/span>\n\t\t\t\t<a class=\"knowMore__link\" href=\"https:\/\/www.suno.com.br\/noticias\/sabesp-sbsp3-aprva-emissao-debentures\/\">\n\t\t\tSabesp (SBSP3) aprova emiss\u00e3o de at\u00e9 R$ 1,2 bi em deb\u00eantures\t\t<\/a>\n\t<\/div>\n\n\n<p>Al\u00e9m disso, o\u00a0conselho de administra\u00e7\u00e3o da <strong>Sabesp<\/strong> aprovou na quinta-feira (10) a realiza\u00e7\u00e3o da 28\u00aa emiss\u00e3o de deb\u00eantures simples, n\u00e3o convers\u00edveis em a\u00e7\u00f5es, em at\u00e9 3 s\u00e9ries, para distribui\u00e7\u00e3o p\u00fablica, no montante total de at\u00e9 R$ 1,2 bilh\u00e3o.<\/p>\n<h2>Ecorodovias<\/h2>\n<p>A <strong>Ecorodovias<\/strong> ir\u00e1 realizar uma <a class=\"suno-keyword\" href=\"https:\/\/www.suno.com.br\/artigos\/oferta-de-acoes\/\" target=\"_blank\" rel=\"noopener noreferrer\" data-force=\"no\" data-priority=\"1\">oferta de a\u00e7\u00f5es<\/a>, conhecida como follow-on, que pode movimentar at\u00e9 R$ 2,2 bilh\u00f5es. A distribui\u00e7\u00e3o ser\u00e1 feita com esfor\u00e7os restritos, ou seja, ser\u00e1 destinada apenas a um grupo de investidores qualificados sem a participa\u00e7\u00e3o aberta ao p\u00fablico em geral.<\/p>\n\t<div data-element=\"shortcode-read-more\" class=\"knowMore\">\n\t\t\t\t<span class=\"knowMore__title\">Saiba Mais<\/span>\n\t\t\t\t<a class=\"knowMore__link\" href=\"https:\/\/www.suno.com.br\/noticias\/ecorodovias-ecor3-follow-on-2-2-bilhoes\/\">\n\t\t\tEcorodovias (ECOR3) anuncia follow-on que pode movimentar at\u00e9 R$ 2,2 bilh\u00f5es\t\t<\/a>\n\t<\/div>\n\n\n<p>Segundo o <a class=\"suno-keyword\" href=\"https:\/\/www.suno.com.br\/artigos\/fato-relevante\/\" target=\"_blank\" rel=\"noopener noreferrer\" data-force=\"no\" data-priority=\"1\">fato relevante<\/a> da Ecorodovias, o montante total da oferta seria de R$ 1,8 bilh\u00e3o, usando como base o valor de fechamento das a\u00e7\u00f5es da \u00faltima ter\u00e7a-feira (8), a R$ 13,22. J\u00e1 considerando o lote adicional de a\u00e7\u00f5es, a opera\u00e7\u00e3o seria de R$ 2,2 bilh\u00f5es. O valor da a\u00e7\u00e3o ainda ser\u00e1 definido no processo de Bookbuilding.<\/p>\n<h2>Azul<\/h2>\n<p>Entre os destaques de empresas est\u00e1 a Azul que informou que sua controlada precificou uma oferta no exterior no valor total de US$ 600 milh\u00f5es (cerca de R$ 3,4 bilh\u00f5es) de <em>Senior Notes<\/em> com vencimento em 2026 e remunera\u00e7\u00e3o de 7,25% por ano.<\/p>\n\t<div data-element=\"shortcode-read-more\" class=\"knowMore\">\n\t\t\t\t<span class=\"knowMore__title\">Saiba Mais<\/span>\n\t\t\t\t<a class=\"knowMore__link\" href=\"https:\/\/www.suno.com.br\/noticias\/azul-azul4-oferta-600-milhoes\/\">\n\t\t\tAzul (AZUL4) precifica oferta de US$ 600 milh\u00f5es no exterior\t\t<\/a>\n\t<\/div>\n\n\n<p>Segundo o <a class=\"suno-keyword\" href=\"https:\/\/www.suno.com.br\/artigos\/fato-relevante\/\" target=\"_blank\" rel=\"noopener noreferrer\" data-force=\"no\" data-priority=\"1\">fato relevante<\/a>, os recursos l\u00edquidos provenientes da emiss\u00e3o ser\u00e3o utilizados pela companhia para prop\u00f3sitos corporativos. A Azul Investments acredita que emitir\u00e1 as notes em 15 de junho de 2021.<\/p>\n<h2>Petrobras<\/h2>\n<p>A <strong>Petrobras<\/strong> concluiu ontem, atrav\u00e9s de sua <a href=\"https:\/\/www.suno.com.br\/artigos\/subsidiaria\/\">subsidi\u00e1ria integral<\/a> Petrobras Global Finance (PGF), a oferta de t\u00edtulos no mercado de capitais internacional, no valor de US$ 1,5 bilh\u00e3o, atrav\u00e9s da emiss\u00e3o dos t\u00edtulos PGF 5,50% Global Notes com vencimento em junho de 2051.<\/p>\n\t<div data-element=\"shortcode-read-more\" class=\"knowMore\">\n\t\t\t\t<span class=\"knowMore__title\">Saiba Mais<\/span>\n\t\t\t\t<a class=\"knowMore__link\" href=\"https:\/\/www.suno.com.br\/noticias\/petrobras-petr4-conclui-emissao-titulos-globais\/\">\n\t\t\tPetrobras (PETR4) conclui emiss\u00e3o de US$ 1,5 bi em t\u00edtulos globais\t\t<\/a>\n\t<\/div>\n\n\n<p>Em fato relevante, a companhia destaca que a opera\u00e7\u00e3o foi precificada em 2 de junho desse ano, e representou a menor taxa de retorno de uma emiss\u00e3o na hist\u00f3ria da Petrobras para um bond de 30 anos.<\/p>\n<p>Os <strong>destaques de empresas<\/strong> do Suno Not\u00edcias mostram os principais acontecimentos que prometem movimentar o mercado durante o dia.<\/p>\n\t<p>\n\t\t<a href=\"https:\/\/lp.suno.com.br\/planilha-da-vida-financeira\/\" target=\"_blank\" data-element=\"shortcode-suno-banner\" title=\"Banner SUNO, clique e saiba mais\">\n\t\t\t<picture>\n\t\t\t\t<source media=\"(max-width: 500px)\" srcset=\"https:\/\/files.sunoresearch.com.br\/n\/uploads\/2023\/04\/400x300-Planilha-vida-financeira-true.png\">\n\t\t\t\t<img class=\"newsContent__article__imgCapa newsContent__article__imgCapa--banner\"\n\t\t\t\t\tsrc=\"https:\/\/files.sunoresearch.com.br\/n\/uploads\/2023\/04\/1420x240-Planilha-vida-financeira-true.png\"\n\t\t\t\t\tdata-promo-id=\"106682\"\t\t\t\t\t\t\t\t\t\twidth='1420' height='240'\t\t\t\t\talt=\"https:\/\/files.sunoresearch.com.br\/n\/uploads\/2023\/04\/1420x240-Planilha-vida-financeira-true.png\"\n\t\t\t\t>\n\t\t\t<\/picture>\n\t\t<\/a>\n\t<\/p>\n\n\n","protected":false},"excerpt":{"rendered":"<p>Nos destaques de empresas desta sexta-feira (11) chama a aten\u00e7\u00e3o do mercado a Arezzo (ARZZ3) que comprou a marca de streetwear BAW Clothing por R$ 105 milh\u00f5es. Vans (marca da Arezzo no Brasil). Foto: Pixabay Entre os destaques de empresas est\u00e1 tamb\u00e9m a privatiza\u00e7\u00e3o da Sabesp (SBSP3) que tem um prazo de estudos de seis [&hellip;]<\/p>\n","protected":false},"author":15,"featured_media":155608,"comment_status":"closed","ping_status":"closed","sticky":false,"template":"","format":"standard","meta":[],"categories":[64],"tags":[],"suno_strategy":[],"class_list":["post-156223","post","type-post","status-publish","format-standard","has-post-thumbnail","hentry","category-negocios"],"yoast_head":"<!-- This site is optimized with the Yoast SEO plugin v24.4 - https:\/\/yoast.com\/wordpress\/plugins\/seo\/ -->\n<title>Destaques de Empresas: Arezzo (ARZZ3), Sabesp (SBSP3) e Petrobras<\/title>\n<meta name=\"description\" content=\"Os destaques de empresas do Suno Not\u00edcias mostram os principais acontecimentos que prometem movimentar o mercado durante o dia. Clique aqui\" \/>\n<meta name=\"robots\" content=\"index, follow, max-snippet:-1, max-image-preview:large, max-video-preview:-1\" \/>\n<link rel=\"canonical\" href=\"https:\/\/www.suno.com.br\/noticias\/destaques-de-empresas-arezzo-arzz3-sabesp-sbsp3-ecorodovias-ecor3\/\" \/>\n<meta property=\"og:locale\" content=\"pt_BR\" \/>\n<meta property=\"og:type\" content=\"article\" \/>\n<meta property=\"og:title\" content=\"Destaques de Empresas: Arezzo (ARZZ3), Sabesp (SBSP3) e Petrobras\" \/>\n<meta property=\"og:description\" content=\"Os destaques de empresas do Suno Not\u00edcias mostram os principais acontecimentos que prometem movimentar o mercado durante o dia. Clique aqui\" \/>\n<meta property=\"og:url\" content=\"https:\/\/www.suno.com.br\/noticias\/destaques-de-empresas-arezzo-arzz3-sabesp-sbsp3-ecorodovias-ecor3\/\" \/>\n<meta property=\"og:site_name\" content=\"Suno Not\u00edcias\" \/>\n<meta property=\"article:publisher\" content=\"https:\/\/facebook.com\/sunoresearch\" \/>\n<meta property=\"og:image\" content=\"https:\/\/files.sunoresearch.com.br\/n\/uploads\/2021\/06\/e3744fec-people-2588956_1920.jpg\" \/>\n\t<meta property=\"og:image:width\" content=\"1920\" \/>\n\t<meta property=\"og:image:height\" content=\"1280\" \/>\n\t<meta property=\"og:image:type\" content=\"image\/jpeg\" \/>\n<meta name=\"author\" content=\"Poliana Santos\" \/>\n<meta name=\"twitter:card\" content=\"summary_large_image\" \/>\n<meta name=\"twitter:creator\" content=\"@sunoresearch\" \/>\n<meta name=\"twitter:site\" content=\"@sunoresearch\" \/>\n<meta name=\"twitter:label1\" content=\"Escrito por\" \/>\n\t<meta name=\"twitter:data1\" content=\"Poliana Santos\" \/>\n\t<meta name=\"twitter:label2\" content=\"Est. tempo de leitura\" \/>\n\t<meta name=\"twitter:data2\" content=\"4 minutos\" \/>\n<script type=\"application\/ld+json\" class=\"yoast-schema-graph\">{\"@context\":\"https:\/\/schema.org\",\"@graph\":[{\"@type\":\"NewsArticle\",\"@id\":\"https:\/\/www.suno.com.br\/noticias\/destaques-de-empresas-arezzo-arzz3-sabesp-sbsp3-ecorodovias-ecor3\/#article\",\"isPartOf\":{\"@id\":\"https:\/\/www.suno.com.br\/noticias\/destaques-de-empresas-arezzo-arzz3-sabesp-sbsp3-ecorodovias-ecor3\/\"},\"author\":{\"name\":\"Poliana Santos\",\"@id\":\"https:\/\/www.suno.com.br\/noticias\/#\/schema\/person\/02ec1f752758247878a2bf4abee1aeda\"},\"headline\":\"Destaques de Empresas: Arezzo (ARZZ3), Sabesp (SBSP3) e Ecorodovias (ECOR3)\",\"datePublished\":\"2021-06-11T13:29:16+00:00\",\"mainEntityOfPage\":{\"@id\":\"https:\/\/www.suno.com.br\/noticias\/destaques-de-empresas-arezzo-arzz3-sabesp-sbsp3-ecorodovias-ecor3\/\"},\"wordCount\":810,\"publisher\":{\"@id\":\"https:\/\/www.suno.com.br\/noticias\/#organization\"},\"image\":{\"@id\":\"https:\/\/www.suno.com.br\/noticias\/destaques-de-empresas-arezzo-arzz3-sabesp-sbsp3-ecorodovias-ecor3\/#primaryimage\"},\"thumbnailUrl\":\"https:\/\/files.sunoresearch.com.br\/n\/uploads\/2021\/06\/e3744fec-people-2588956_1920-jpg.webp\",\"articleSection\":[\"Neg\u00f3cios\"],\"inLanguage\":\"pt-BR\"},{\"@type\":\"WebPage\",\"@id\":\"https:\/\/www.suno.com.br\/noticias\/destaques-de-empresas-arezzo-arzz3-sabesp-sbsp3-ecorodovias-ecor3\/\",\"url\":\"https:\/\/www.suno.com.br\/noticias\/destaques-de-empresas-arezzo-arzz3-sabesp-sbsp3-ecorodovias-ecor3\/\",\"name\":\"Destaques de Empresas: Arezzo (ARZZ3), Sabesp (SBSP3) e Petrobras\",\"isPartOf\":{\"@id\":\"https:\/\/www.suno.com.br\/noticias\/#website\"},\"primaryImageOfPage\":{\"@id\":\"https:\/\/www.suno.com.br\/noticias\/destaques-de-empresas-arezzo-arzz3-sabesp-sbsp3-ecorodovias-ecor3\/#primaryimage\"},\"image\":{\"@id\":\"https:\/\/www.suno.com.br\/noticias\/destaques-de-empresas-arezzo-arzz3-sabesp-sbsp3-ecorodovias-ecor3\/#primaryimage\"},\"thumbnailUrl\":\"https:\/\/files.sunoresearch.com.br\/n\/uploads\/2021\/06\/e3744fec-people-2588956_1920-jpg.webp\",\"datePublished\":\"2021-06-11T13:29:16+00:00\",\"description\":\"Os destaques de empresas do Suno Not\u00edcias mostram os principais acontecimentos que prometem movimentar o mercado durante o dia. Clique aqui\",\"breadcrumb\":{\"@id\":\"https:\/\/www.suno.com.br\/noticias\/destaques-de-empresas-arezzo-arzz3-sabesp-sbsp3-ecorodovias-ecor3\/#breadcrumb\"},\"inLanguage\":\"pt-BR\",\"potentialAction\":[{\"@type\":\"ReadAction\",\"target\":[\"https:\/\/www.suno.com.br\/noticias\/destaques-de-empresas-arezzo-arzz3-sabesp-sbsp3-ecorodovias-ecor3\/\"]}]},{\"@type\":\"ImageObject\",\"inLanguage\":\"pt-BR\",\"@id\":\"https:\/\/www.suno.com.br\/noticias\/destaques-de-empresas-arezzo-arzz3-sabesp-sbsp3-ecorodovias-ecor3\/#primaryimage\",\"url\":\"https:\/\/files.sunoresearch.com.br\/n\/uploads\/2021\/06\/e3744fec-people-2588956_1920-jpg.webp\",\"contentUrl\":\"https:\/\/files.sunoresearch.com.br\/n\/uploads\/2021\/06\/e3744fec-people-2588956_1920-jpg.webp\",\"width\":1920,\"height\":1280,\"caption\":\"Vans (marca da Arezzo no Brasil). Foto: Pixabay\"},{\"@type\":\"BreadcrumbList\",\"@id\":\"https:\/\/www.suno.com.br\/noticias\/destaques-de-empresas-arezzo-arzz3-sabesp-sbsp3-ecorodovias-ecor3\/#breadcrumb\",\"itemListElement\":[{\"@type\":\"ListItem\",\"position\":1,\"name\":\"Not\u00edcias\",\"item\":\"https:\/\/www.suno.com.br\/noticias\/\"},{\"@type\":\"ListItem\",\"position\":2,\"name\":\"Neg\u00f3cios\",\"item\":\"https:\/\/www.suno.com.br\/noticias\/negocios\/\"},{\"@type\":\"ListItem\",\"position\":3,\"name\":\"Destaques de Empresas: Arezzo (ARZZ3), Sabesp (SBSP3) e Ecorodovias (ECOR3)\"}]},{\"@type\":\"WebSite\",\"@id\":\"https:\/\/www.suno.com.br\/noticias\/#website\",\"url\":\"https:\/\/www.suno.com.br\/noticias\/\",\"name\":\"Suno Not\u00edcias\",\"description\":\"Seu portal de informa\u00e7\u00e3o sobre o mundo dos investimentos\",\"publisher\":{\"@id\":\"https:\/\/www.suno.com.br\/noticias\/#organization\"},\"potentialAction\":[{\"@type\":\"SearchAction\",\"target\":{\"@type\":\"EntryPoint\",\"urlTemplate\":\"https:\/\/www.suno.com.br\/noticias\/?s={search_term_string}\"},\"query-input\":{\"@type\":\"PropertyValueSpecification\",\"valueRequired\":true,\"valueName\":\"search_term_string\"}}],\"inLanguage\":\"pt-BR\"},{\"@type\":\"Organization\",\"@id\":\"https:\/\/www.suno.com.br\/noticias\/#organization\",\"name\":\"Suno Not\u00edcias\",\"url\":\"https:\/\/www.suno.com.br\/noticias\/\",\"logo\":{\"@type\":\"ImageObject\",\"inLanguage\":\"pt-BR\",\"@id\":\"https:\/\/www.suno.com.br\/noticias\/#\/schema\/logo\/image\/\",\"url\":\"https:\/\/files.sunoresearch.com.br\/n\/uploads\/2021\/09\/suno-logo.png\",\"contentUrl\":\"https:\/\/files.sunoresearch.com.br\/n\/uploads\/2021\/09\/suno-logo.png\",\"width\":180,\"height\":180,\"caption\":\"Suno Not\u00edcias\"},\"image\":{\"@id\":\"https:\/\/www.suno.com.br\/noticias\/#\/schema\/logo\/image\/\"},\"sameAs\":[\"https:\/\/facebook.com\/sunoresearch\",\"https:\/\/x.com\/sunoresearch\",\"https:\/\/www.instagram.com\/suno\",\"https:\/\/www.linkedin.com\/company\/suno-research\/\",\"https:\/\/www.youtube.com\/c\/sunoresearch\"]},{\"@type\":\"Person\",\"@id\":\"https:\/\/www.suno.com.br\/noticias\/#\/schema\/person\/02ec1f752758247878a2bf4abee1aeda\",\"name\":\"Poliana Santos\",\"image\":{\"@type\":\"ImageObject\",\"inLanguage\":\"pt-BR\",\"@id\":\"https:\/\/www.suno.com.br\/noticias\/#\/schema\/person\/image\/\",\"url\":\"https:\/\/secure.gravatar.com\/avatar\/0645bd32f23d87b2130f2b2dff1d3f8d?s=96&r=g\",\"contentUrl\":\"https:\/\/secure.gravatar.com\/avatar\/0645bd32f23d87b2130f2b2dff1d3f8d?s=96&r=g\",\"caption\":\"Poliana Santos\"},\"description\":\"Rep\u00f3rter no Suno Not\u00edcias, com cobertura em mercado financeiro, economia, finan\u00e7as pessoais, renda fixa e varejo. Jornalista formada pela Faculdade C\u00e1sper L\u00edbero e possui passagem na R\u00e1dio Gazeta AM com a produ\u00e7\u00e3o de conte\u00fado sobre economia, pol\u00edtica, sa\u00fade, moda e m\u00fasica. Possui certificado de conclus\u00e3o do curso de An\u00e1lise de Balan\u00e7os pela Funda\u00e7\u00e3o Bradesco, Agenda Brasil pela FAAP, Educa\u00e7\u00e3o Pol\u00edtica por Alexandre Garcia e do Tesouro Direto e Mercado de A\u00e7\u00f5es pela B3.\",\"url\":\"https:\/\/www.suno.com.br\/noticias\/author\/poliana-santos\/\"}]}<\/script>\n<!-- \/ Yoast SEO plugin. -->","yoast_head_json":{"title":"Destaques de Empresas: Arezzo (ARZZ3), Sabesp (SBSP3) e Petrobras","description":"Os destaques de empresas do Suno Not\u00edcias mostram os principais acontecimentos que prometem movimentar o mercado durante o dia. Clique aqui","robots":{"index":"index","follow":"follow","max-snippet":"max-snippet:-1","max-image-preview":"max-image-preview:large","max-video-preview":"max-video-preview:-1"},"canonical":"https:\/\/www.suno.com.br\/noticias\/destaques-de-empresas-arezzo-arzz3-sabesp-sbsp3-ecorodovias-ecor3\/","og_locale":"pt_BR","og_type":"article","og_title":"Destaques de Empresas: Arezzo (ARZZ3), Sabesp (SBSP3) e Petrobras","og_description":"Os destaques de empresas do Suno Not\u00edcias mostram os principais acontecimentos que prometem movimentar o mercado durante o dia. Clique aqui","og_url":"https:\/\/www.suno.com.br\/noticias\/destaques-de-empresas-arezzo-arzz3-sabesp-sbsp3-ecorodovias-ecor3\/","og_site_name":"Suno Not\u00edcias","article_publisher":"https:\/\/facebook.com\/sunoresearch","og_image":[{"width":1920,"height":1280,"url":"https:\/\/files.sunoresearch.com.br\/n\/uploads\/2021\/06\/e3744fec-people-2588956_1920.jpg","type":"image\/jpeg"}],"author":"Poliana Santos","twitter_card":"summary_large_image","twitter_creator":"@sunoresearch","twitter_site":"@sunoresearch","twitter_misc":{"Escrito por":"Poliana Santos","Est. tempo de leitura":"4 minutos"},"schema":{"@context":"https:\/\/schema.org","@graph":[{"@type":"NewsArticle","@id":"https:\/\/www.suno.com.br\/noticias\/destaques-de-empresas-arezzo-arzz3-sabesp-sbsp3-ecorodovias-ecor3\/#article","isPartOf":{"@id":"https:\/\/www.suno.com.br\/noticias\/destaques-de-empresas-arezzo-arzz3-sabesp-sbsp3-ecorodovias-ecor3\/"},"author":{"name":"Poliana Santos","@id":"https:\/\/www.suno.com.br\/noticias\/#\/schema\/person\/02ec1f752758247878a2bf4abee1aeda"},"headline":"Destaques de Empresas: Arezzo (ARZZ3), Sabesp (SBSP3) e Ecorodovias (ECOR3)","datePublished":"2021-06-11T13:29:16+00:00","mainEntityOfPage":{"@id":"https:\/\/www.suno.com.br\/noticias\/destaques-de-empresas-arezzo-arzz3-sabesp-sbsp3-ecorodovias-ecor3\/"},"wordCount":810,"publisher":{"@id":"https:\/\/www.suno.com.br\/noticias\/#organization"},"image":{"@id":"https:\/\/www.suno.com.br\/noticias\/destaques-de-empresas-arezzo-arzz3-sabesp-sbsp3-ecorodovias-ecor3\/#primaryimage"},"thumbnailUrl":"https:\/\/files.sunoresearch.com.br\/n\/uploads\/2021\/06\/e3744fec-people-2588956_1920-jpg.webp","articleSection":["Neg\u00f3cios"],"inLanguage":"pt-BR"},{"@type":"WebPage","@id":"https:\/\/www.suno.com.br\/noticias\/destaques-de-empresas-arezzo-arzz3-sabesp-sbsp3-ecorodovias-ecor3\/","url":"https:\/\/www.suno.com.br\/noticias\/destaques-de-empresas-arezzo-arzz3-sabesp-sbsp3-ecorodovias-ecor3\/","name":"Destaques de Empresas: Arezzo (ARZZ3), Sabesp (SBSP3) e Petrobras","isPartOf":{"@id":"https:\/\/www.suno.com.br\/noticias\/#website"},"primaryImageOfPage":{"@id":"https:\/\/www.suno.com.br\/noticias\/destaques-de-empresas-arezzo-arzz3-sabesp-sbsp3-ecorodovias-ecor3\/#primaryimage"},"image":{"@id":"https:\/\/www.suno.com.br\/noticias\/destaques-de-empresas-arezzo-arzz3-sabesp-sbsp3-ecorodovias-ecor3\/#primaryimage"},"thumbnailUrl":"https:\/\/files.sunoresearch.com.br\/n\/uploads\/2021\/06\/e3744fec-people-2588956_1920-jpg.webp","datePublished":"2021-06-11T13:29:16+00:00","description":"Os destaques de empresas do Suno Not\u00edcias mostram os principais acontecimentos que prometem movimentar o mercado durante o dia. Clique aqui","breadcrumb":{"@id":"https:\/\/www.suno.com.br\/noticias\/destaques-de-empresas-arezzo-arzz3-sabesp-sbsp3-ecorodovias-ecor3\/#breadcrumb"},"inLanguage":"pt-BR","potentialAction":[{"@type":"ReadAction","target":["https:\/\/www.suno.com.br\/noticias\/destaques-de-empresas-arezzo-arzz3-sabesp-sbsp3-ecorodovias-ecor3\/"]}]},{"@type":"ImageObject","inLanguage":"pt-BR","@id":"https:\/\/www.suno.com.br\/noticias\/destaques-de-empresas-arezzo-arzz3-sabesp-sbsp3-ecorodovias-ecor3\/#primaryimage","url":"https:\/\/files.sunoresearch.com.br\/n\/uploads\/2021\/06\/e3744fec-people-2588956_1920-jpg.webp","contentUrl":"https:\/\/files.sunoresearch.com.br\/n\/uploads\/2021\/06\/e3744fec-people-2588956_1920-jpg.webp","width":1920,"height":1280,"caption":"Vans (marca da Arezzo no Brasil). Foto: Pixabay"},{"@type":"BreadcrumbList","@id":"https:\/\/www.suno.com.br\/noticias\/destaques-de-empresas-arezzo-arzz3-sabesp-sbsp3-ecorodovias-ecor3\/#breadcrumb","itemListElement":[{"@type":"ListItem","position":1,"name":"Not\u00edcias","item":"https:\/\/www.suno.com.br\/noticias\/"},{"@type":"ListItem","position":2,"name":"Neg\u00f3cios","item":"https:\/\/www.suno.com.br\/noticias\/negocios\/"},{"@type":"ListItem","position":3,"name":"Destaques de Empresas: Arezzo (ARZZ3), Sabesp (SBSP3) e Ecorodovias (ECOR3)"}]},{"@type":"WebSite","@id":"https:\/\/www.suno.com.br\/noticias\/#website","url":"https:\/\/www.suno.com.br\/noticias\/","name":"Suno Not\u00edcias","description":"Seu portal de informa\u00e7\u00e3o sobre o mundo dos investimentos","publisher":{"@id":"https:\/\/www.suno.com.br\/noticias\/#organization"},"potentialAction":[{"@type":"SearchAction","target":{"@type":"EntryPoint","urlTemplate":"https:\/\/www.suno.com.br\/noticias\/?s={search_term_string}"},"query-input":{"@type":"PropertyValueSpecification","valueRequired":true,"valueName":"search_term_string"}}],"inLanguage":"pt-BR"},{"@type":"Organization","@id":"https:\/\/www.suno.com.br\/noticias\/#organization","name":"Suno Not\u00edcias","url":"https:\/\/www.suno.com.br\/noticias\/","logo":{"@type":"ImageObject","inLanguage":"pt-BR","@id":"https:\/\/www.suno.com.br\/noticias\/#\/schema\/logo\/image\/","url":"https:\/\/files.sunoresearch.com.br\/n\/uploads\/2021\/09\/suno-logo.png","contentUrl":"https:\/\/files.sunoresearch.com.br\/n\/uploads\/2021\/09\/suno-logo.png","width":180,"height":180,"caption":"Suno Not\u00edcias"},"image":{"@id":"https:\/\/www.suno.com.br\/noticias\/#\/schema\/logo\/image\/"},"sameAs":["https:\/\/facebook.com\/sunoresearch","https:\/\/x.com\/sunoresearch","https:\/\/www.instagram.com\/suno","https:\/\/www.linkedin.com\/company\/suno-research\/","https:\/\/www.youtube.com\/c\/sunoresearch"]},{"@type":"Person","@id":"https:\/\/www.suno.com.br\/noticias\/#\/schema\/person\/02ec1f752758247878a2bf4abee1aeda","name":"Poliana Santos","image":{"@type":"ImageObject","inLanguage":"pt-BR","@id":"https:\/\/www.suno.com.br\/noticias\/#\/schema\/person\/image\/","url":"https:\/\/secure.gravatar.com\/avatar\/0645bd32f23d87b2130f2b2dff1d3f8d?s=96&r=g","contentUrl":"https:\/\/secure.gravatar.com\/avatar\/0645bd32f23d87b2130f2b2dff1d3f8d?s=96&r=g","caption":"Poliana Santos"},"description":"Rep\u00f3rter no Suno Not\u00edcias, com cobertura em mercado financeiro, economia, finan\u00e7as pessoais, renda fixa e varejo. Jornalista formada pela Faculdade C\u00e1sper L\u00edbero e possui passagem na R\u00e1dio Gazeta AM com a produ\u00e7\u00e3o de conte\u00fado sobre economia, pol\u00edtica, sa\u00fade, moda e m\u00fasica. Possui certificado de conclus\u00e3o do curso de An\u00e1lise de Balan\u00e7os pela Funda\u00e7\u00e3o Bradesco, Agenda Brasil pela FAAP, Educa\u00e7\u00e3o Pol\u00edtica por Alexandre Garcia e do Tesouro Direto e Mercado de A\u00e7\u00f5es pela B3.","url":"https:\/\/www.suno.com.br\/noticias\/author\/poliana-santos\/"}]}},"default_loop_html":"<div class=\"cardsPage__listCard__boxs\"><div class=\"cardsPage__listCard__boxs__img\"><a href=\"https:\/\/www.suno.com.br\/noticias\/destaques-de-empresas-arezzo-arzz3-sabesp-sbsp3-ecorodovias-ecor3\/\"><img class=\"mask\" src=\"https:\/\/www.suno.com.br\/noticias\/wp-content\/themes\/suno\/resources\/images\/spotlight\/spotlight1img\/bg-mask.png\" alt=\"Image Mask\"\/><img src=\"https:\/\/files.sunoresearch.com.br\/n\/uploads\/2021\/06\/e3744fec-people-2588956_1920-400x200.webp\" alt=\"Destaques de Empresas: Arezzo (ARZZ3), Sabesp (SBSP3) e Ecorodovias (ECOR3)\"\/><\/a><span class=\"spotlightCategory\"><a href=\"https:\/\/www.suno.com.br\/noticias\/negocios\/\">Neg\u00f3cios<\/a><\/span><\/div><div class=\"cardsPage__listCard__boxs__content\"><a href=\"https:\/\/www.suno.com.br\/noticias\/destaques-de-empresas-arezzo-arzz3-sabesp-sbsp3-ecorodovias-ecor3\/\"><h2 class=\"content__title\">Destaques de Empresas: Arezzo (ARZZ3), Sabesp (SBSP3) e Ecorodovias (ECOR3)<\/h2><\/a><div class=\"newsContent__article__meta\"><div class=\"newsContent__article__meta__authorBox\"><a href=\"https:\/\/www.suno.com.br\/noticias\/author\/poliana-santos\/\" class=\"authorBox__avatar noMobi\"><img src=\"https:\/\/files.sunoresearch.com.br\/n\/uploads\/2020\/08\/7ef34026-whatsapp-image-2020-08-03-at-12.37.57-150x150.webp\" alt=\"Poliana Santos\"><\/a><div class=\"authorBox__name\"><span>por\n\t\t\t<a href=\"https:\/\/www.suno.com.br\/noticias\/author\/poliana-santos\/\"><span itemprop=\"author\">Poliana Santos<\/span><\/a><\/span><time datetime=\"2021-06-11T10:29:16-03:00\" itemprop=\"datePublished\">11\/06\/2021 10:29<\/time><\/div><\/div><\/div><\/div><\/div>","single_layout":"posts","amp_enabled":true,"_links":{"self":[{"href":"https:\/\/www.suno.com.br\/noticias\/wp-json\/wp\/v2\/posts\/156223"}],"collection":[{"href":"https:\/\/www.suno.com.br\/noticias\/wp-json\/wp\/v2\/posts"}],"about":[{"href":"https:\/\/www.suno.com.br\/noticias\/wp-json\/wp\/v2\/types\/post"}],"author":[{"embeddable":true,"href":"https:\/\/www.suno.com.br\/noticias\/wp-json\/wp\/v2\/users\/15"}],"replies":[{"embeddable":true,"href":"https:\/\/www.suno.com.br\/noticias\/wp-json\/wp\/v2\/comments?post=156223"}],"version-history":[{"count":2,"href":"https:\/\/www.suno.com.br\/noticias\/wp-json\/wp\/v2\/posts\/156223\/revisions"}],"predecessor-version":[{"id":156236,"href":"https:\/\/www.suno.com.br\/noticias\/wp-json\/wp\/v2\/posts\/156223\/revisions\/156236"}],"wp:featuredmedia":[{"embeddable":true,"href":"https:\/\/www.suno.com.br\/noticias\/wp-json\/wp\/v2\/media\/155608"}],"wp:attachment":[{"href":"https:\/\/www.suno.com.br\/noticias\/wp-json\/wp\/v2\/media?parent=156223"}],"wp:term":[{"taxonomy":"category","embeddable":true,"href":"https:\/\/www.suno.com.br\/noticias\/wp-json\/wp\/v2\/categories?post=156223"},{"taxonomy":"post_tag","embeddable":true,"href":"https:\/\/www.suno.com.br\/noticias\/wp-json\/wp\/v2\/tags?post=156223"},{"taxonomy":"suno_strategy","embeddable":true,"href":"https:\/\/www.suno.com.br\/noticias\/wp-json\/wp\/v2\/suno_strategy?post=156223"}],"curies":[{"name":"wp","href":"https:\/\/api.w.org\/{rel}","templated":true}]}}