{"id":156192,"date":"2021-06-11T09:12:11","date_gmt":"2021-06-11T12:12:11","guid":{"rendered":"https:\/\/www.suno.com.br\/noticias\/?p=156192"},"modified":"2021-06-11T09:12:11","modified_gmt":"2021-06-11T12:12:11","slug":"sabesp-sbsp3-privatizacao-sabesp-6-meses-meirelles","status":"publish","type":"post","link":"https:\/\/www.suno.com.br\/noticias\/sabesp-sbsp3-privatizacao-sabesp-6-meses-meirelles\/","title":{"rendered":"Privatiza\u00e7\u00e3o da Sabesp (SBPS3) come\u00e7ar\u00e1 em 6 meses e ser\u00e1 estudada pelo IFC, diz Meirelles"},"content":{"rendered":"<p>O Governo do Estado de S\u00e3o Paulo decidiu contratar o International Finance Corporation (IFC) para estudar a privatiza\u00e7\u00e3o a <a href=\"https:\/\/www.suno.com.br\/acoes\/sbsp3\/\"><strong>Sabesp <\/strong>(SBSP3)<\/a>, companhia estatal de tratamento de \u00e1gua e esgoto de S\u00e3o Paulo. A informa\u00e7\u00e3o \u00e9 do secret\u00e1rio de Fazenda do estado, <a class=\"suno-keyword\" href=\"https:\/\/www.suno.com.br\/tudo-sobre\/henrique-meirelles\/\" target=\"_blank\" rel=\"noopener noreferrer\" data-force=\"no\" data-priority=\"2\">Henrique Meirelles<\/a>, que concedeu entrevista ao jornal Valor Econ\u00f4mico citando que &#8220;muito provavelmente&#8221; a privatiza\u00e7\u00e3o ser\u00e1 feita pela empresa de consultoria.<\/p>\t<div class=\"wrapper-featured-image\">\n\t\t<figure class=\"spotlightImg\">\n\n\t\t\t<picture>\n\t\t\t\t<source media=\"(max-width: 768px)\" srcset=\"https:\/\/files.sunoresearch.com.br\/n\/uploads\/2019\/01\/7157f1f4-henrique-meirelles-400x200.webp\">\n\t\t\t\t<img loading=\"lazy\" decoding=\"async\" class=\"newsContent__article__imgCapa lazyloadDisabled \" src=\"https:\/\/files.sunoresearch.com.br\/n\/uploads\/2019\/01\/7157f1f4-henrique-meirelles-800x450.webp\" width=\"800\" height=\"450\" alt=\"Privatiza\u00e7\u00e3o da Sabesp (SBPS3) come\u00e7ar\u00e1 em 6 meses e ser\u00e1 estudada pelo IFC, diz Meirelles\" fetchpriority=high \/>\n\t\t\t<\/picture>\n\n\t\t\t<figcaption class=\"wp-caption-text wp-caption-text--show\">Segundo Meirelles, &quot;N\u00e3o adianta dizer que est\u00e1 muito grande o precat\u00f3rio&quot; - Foto: Ag\u00eancia Brasil<\/figcaption>\n\t\t<\/figure>\n\t<\/div>\n\n\n\t<p>\n\t\t<a href=\"https:\/\/lp.suno.com.br\/planilha-controle-gastos\/\" target=\"_blank\" data-element=\"shortcode-suno-banner\" title=\"Banner SUNO, clique e saiba mais\">\n\t\t\t<picture>\n\t\t\t\t<source media=\"(max-width: 500px)\" srcset=\"https:\/\/files.sunoresearch.com.br\/n\/uploads\/2023\/03\/400x300-Planilha-controle-de-gastos.png\">\n\t\t\t\t<img class=\"newsContent__article__imgCapa newsContent__article__imgCapa--banner\"\n\t\t\t\t\tsrc=\"https:\/\/files.sunoresearch.com.br\/n\/uploads\/2023\/03\/1420x240-Planilha-controle-de-gastos.png\"\n\t\t\t\t\tdata-promo-id=\"101751\"\t\t\t\t\t\t\t\t\t\twidth='1420' height='240'\t\t\t\t\talt=\"https:\/\/files.sunoresearch.com.br\/n\/uploads\/2023\/03\/1420x240-Planilha-controle-de-gastos.png\"\n\t\t\t\t>\n\t\t\t<\/picture>\n\t\t<\/a>\n\t<\/p>\n\n\n<p>Em at\u00e9 seis meses o governo de S\u00e3o Paulo deve tomar a decis\u00e3o sobre a poss\u00edvel <strong>privatiza\u00e7\u00e3o<\/strong> da Sabesp, o que deve ocorrer logo ap\u00f3s o executivo estudar o caso. \u201cO <strong>IFC<\/strong> \u00e9 a melhor ag\u00eancia, a mais qualificada, a mais isenta, de maior experi\u00eancia global nesse aspecto. Eles v\u00e3o apresentar um trabalho e, a\u00ed, vamos, discuti-lo\u201d, afirmou Meirelles, na entrevista.<\/p>\n<p>Meirelles citou que o governo est\u00e1 em um &#8220;processo inicial&#8221;, deve cumprir o prazo de seis meses para iniciar cabo \u00e0 privatiza\u00e7\u00e3o e que n\u00e3o existem decis\u00f5es tomadas sobre as condi\u00e7\u00f5es da privatiza\u00e7\u00e3o.<\/p>\n<p><a href=\"https:\/\/lp.suno.com.br\/suno-one\/?ppp=noticias\/hospital-care-pedido-ipo-cvm\/\"><b>Suno One: acesse gratuitamente eBooks, Minicursos, Artigos e V\u00eddeo Aulas sobre investimentos com um \u00fanico cadastro. Clique para saber mais!<\/b><\/a><\/p>\n<p>O ex-ministro afirmou que sua opini\u00e3o n\u00e3o \u00e9 &#8220;ideol\u00f3gica&#8221; em se tratando da quest\u00e3o &#8211; disse que depois da an\u00e1lise do IFC o governo optar\u00e1 pela capitaliza\u00e7\u00e3o da companhia, com manuten\u00e7\u00e3o do <a class=\"suno-keyword\" href=\"https:\/\/www.suno.com.br\/artigos\/controle-acionario\/\" target=\"_blank\" rel=\"noopener noreferrer\" data-force=\"no\" data-priority=\"1\">controle acion\u00e1rio<\/a> da empresa por parte do governo de S\u00e3o Paulo, com incremento de capital <strong>privado<\/strong> ou privatiza\u00e7\u00e3o.<\/p>\n<p>&#8220;Em todos os casos, prefiro ter abordagem t\u00e9cnica. N\u00e3o reajo ideologicamente a qualquer coisa. Confio que a melhor solu\u00e7\u00e3o prevalece mediante uma an\u00e1lise criteriosa e rigorosa de \u00f3rg\u00e3os internacionais&#8221;, disse.<\/p>\n\n\t<div data-element=\"shortcode-read-more\" class=\"readToo\">\n\t\t\t\t<span class=\"readToo__title\">Saiba mais<\/span>\n\t\t\t\t<ul class=\"readToo__list\">\n\t\t\t<li><a href=\"https:\/\/www.suno.com.br\/noticias\/sabesp-sbsp3-aprva-emissao-debentures\/\">Sabesp (SBSP3) aprova emiss\u00e3o de at\u00e9 R$ 1,2 bi em deb\u00eantures<\/a><\/li><li><a href=\"https:\/\/www.suno.com.br\/noticias\/eletrobras-elet3-relator-mp-garante-texto-pronto-semana-que-vem\/\">Eletrobras (ELET3): Relator garante texto pronto na semana que vem<\/a><\/li>\t\t<\/ul>\n\t<\/div>\n\n\n<p>\u00c9 um dilema semelhante ao do executivo federal quando planejava a &#8211; agora em tramita\u00e7\u00e3o &#8211; privatiza\u00e7\u00e3o da <a class=\"suno-keyword\" href=\"https:\/\/www.suno.com.br\/acoes\/ELET3\/\" target=\"_blank\" rel=\"noopener noreferrer\" data-force=\"yes\" data-priority=\"2\"><strong>Eletrobras<\/strong> (ELET3)<\/a>. Meirelles, contudo, defende a venda da estatal el\u00e9trica, diferentemente da amplia\u00e7\u00e3o de <a class=\"suno-keyword\" href=\"https:\/\/www.suno.com.br\/artigos\/oferta-de-acoes\/\" target=\"_blank\" rel=\"noopener noreferrer\" data-force=\"no\" data-priority=\"1\">oferta de a\u00e7\u00f5es<\/a>, como consta no texto que deve ser votado na pr\u00f3xima semana pelo senado.<\/p>\n<p>As a\u00e7\u00f5es da Sabesp est\u00e3o precificadas a R$ 38,29, considerando os valores do fechamento do preg\u00e3o de quinta-feira (10). Ou seja, o <a class=\"suno-keyword\" href=\"https:\/\/www.suno.com.br\/artigos\/valor-de-mercado\/\" target=\"_blank\" rel=\"noopener noreferrer\" data-force=\"no\" data-priority=\"1\">valor de mercado<\/a> atual da estatal \u00e9 de R$ 26,2 bilh\u00f5es, segundo os n\u00fameros da Bolsa de Valores de S\u00e3o Paulo (B3).<\/p>\n\t<p>\n\t\t<a href=\"https:\/\/lp.suno.com.br\/planilha-da-vida-financeira\/\" target=\"_blank\" data-element=\"shortcode-suno-banner\" title=\"Banner SUNO, clique e saiba mais\">\n\t\t\t<picture>\n\t\t\t\t<source media=\"(max-width: 500px)\" srcset=\"https:\/\/files.sunoresearch.com.br\/n\/uploads\/2023\/04\/400x300-Planilha-vida-financeira-true.png\">\n\t\t\t\t<img class=\"newsContent__article__imgCapa newsContent__article__imgCapa--banner\"\n\t\t\t\t\tsrc=\"https:\/\/files.sunoresearch.com.br\/n\/uploads\/2023\/04\/1420x240-Planilha-vida-financeira-true.png\"\n\t\t\t\t\tdata-promo-id=\"106682\"\t\t\t\t\t\t\t\t\t\twidth='1420' height='240'\t\t\t\t\talt=\"https:\/\/files.sunoresearch.com.br\/n\/uploads\/2023\/04\/1420x240-Planilha-vida-financeira-true.png\"\n\t\t\t\t>\n\t\t\t<\/picture>\n\t\t<\/a>\n\t<\/p>\n\n\n<h2>Meirelles ressalta lei do saneamento como ponto positivo para a Sabesp<\/h2>\n<p>A afirma\u00e7\u00e3o sobre o IFC veio logo ap\u00f3s uma pergunta sobre o Marco Legal do <strong>Saneamento<\/strong>. O secret\u00e1rio v\u00ea a legisla\u00e7\u00e3o com bons olhos, e cita que a mesma balizou a privatiza\u00e7\u00e3o da Cedae, estatal fluminense de \u00e1gua e esgoto.<\/p>\n<p>&#8220;A lei do saneamento ficou muito boa, \u00e9 um avan\u00e7o muito grande, d\u00e1 condi\u00e7\u00f5es para a entrada do capital privado, inclusive, do estrangeiro, tanto que isso j\u00e1 est\u00e1 acontecendo no Rio, com a privatiza\u00e7\u00e3o de partes da Cedae. J\u00e1 a medida provis\u00f3ria de privatiza\u00e7\u00e3o da Eletrobras teve altera\u00e7\u00f5es que prejudicam o projeto original, do qual tratei diretamente&#8221;, disse Meirelles, antes de entrar no assunto da <strong>Sabesp<\/strong>.<\/p>\n\t<p>\n\t\t<a href=\"https:\/\/lp.suno.com.br\/planilha-de-controle-de-investimentos\/\" target=\"_blank\" data-element=\"shortcode-suno-banner\" title=\"Banner SUNO, clique e saiba mais\">\n\t\t\t<picture>\n\t\t\t\t<source media=\"(max-width: 500px)\" srcset=\"https:\/\/files.sunoresearch.com.br\/n\/uploads\/2023\/03\/400x300-Controle-de-Investimentos.png\">\n\t\t\t\t<img class=\"newsContent__article__imgCapa newsContent__article__imgCapa--banner\"\n\t\t\t\t\tsrc=\"https:\/\/files.sunoresearch.com.br\/n\/uploads\/2023\/03\/1420x240-Controle-de-Investimentos.png\"\n\t\t\t\t\tdata-promo-id=\"75934\"\t\t\t\t\t\t\t\t\t\twidth='1420' height='240'\t\t\t\t\talt=\"https:\/\/files.sunoresearch.com.br\/n\/uploads\/2023\/03\/1420x240-Controle-de-Investimentos.png\"\n\t\t\t\t>\n\t\t\t<\/picture>\n\t\t<\/a>\n\t<\/p>\n\n\n","protected":false},"excerpt":{"rendered":"<p>O Governo do Estado de S\u00e3o Paulo decidiu contratar o International Finance Corporation (IFC) para estudar a privatiza\u00e7\u00e3o a Sabesp (SBSP3), companhia estatal de tratamento de \u00e1gua e esgoto de S\u00e3o Paulo. A informa\u00e7\u00e3o \u00e9 do secret\u00e1rio de Fazenda do estado, Henrique Meirelles, que concedeu entrevista ao jornal Valor Econ\u00f4mico citando que &#8220;muito provavelmente&#8221; a [&hellip;]<\/p>\n","protected":false},"author":73,"featured_media":12676,"comment_status":"closed","ping_status":"closed","sticky":false,"template":"","format":"standard","meta":[],"categories":[64],"tags":[455,720,104992,945,621,843,12552],"suno_strategy":[],"class_list":["post-156192","post","type-post","status-publish","format-standard","has-post-thumbnail","hentry","category-negocios","tag-eletrobras-elet3-elet5-elet6","tag-henrique-meirelles","tag-privatizacao-da-eletrobras","tag-privatizacoes","tag-sabesp","tag-sao-paulo","tag-sbsp3"],"yoast_head":"<!-- This site is optimized with the Yoast SEO plugin v24.4 - https:\/\/yoast.com\/wordpress\/plugins\/seo\/ -->\n<title>Sabesp (SBPS3): Privatiza\u00e7\u00e3o come\u00e7ar\u00e1 em 6 meses, diz Meirelles<\/title>\n<meta name=\"description\" content=\"A Sabesp deve ter privatiza\u00e7\u00e3o estudada pelo International Finance Corporation e iniciada em seis meses. Clique aqui e leia mais.\" \/>\n<meta name=\"robots\" content=\"index, follow, max-snippet:-1, max-image-preview:large, max-video-preview:-1\" \/>\n<link rel=\"canonical\" href=\"https:\/\/www.suno.com.br\/noticias\/sabesp-sbsp3-privatizacao-sabesp-6-meses-meirelles\/\" \/>\n<meta property=\"og:locale\" content=\"pt_BR\" \/>\n<meta property=\"og:type\" content=\"article\" \/>\n<meta property=\"og:title\" content=\"Sabesp (SBPS3): Privatiza\u00e7\u00e3o come\u00e7ar\u00e1 em 6 meses, diz Meirelles\" \/>\n<meta property=\"og:description\" content=\"A Sabesp deve ter privatiza\u00e7\u00e3o estudada pelo International Finance Corporation e iniciada em seis meses. Clique aqui e leia mais.\" \/>\n<meta property=\"og:url\" content=\"https:\/\/www.suno.com.br\/noticias\/sabesp-sbsp3-privatizacao-sabesp-6-meses-meirelles\/\" \/>\n<meta property=\"og:site_name\" content=\"Suno Not\u00edcias\" \/>\n<meta property=\"article:publisher\" content=\"https:\/\/facebook.com\/sunoresearch\" \/>\n<meta property=\"og:image\" content=\"https:\/\/files.sunoresearch.com.br\/n\/uploads\/2019\/01\/7157f1f4-henrique-meirelles.jpg\" \/>\n\t<meta property=\"og:image:width\" content=\"3363\" \/>\n\t<meta property=\"og:image:height\" content=\"2244\" \/>\n\t<meta property=\"og:image:type\" content=\"image\/jpeg\" \/>\n<meta name=\"author\" content=\"Eduardo Vargas\" \/>\n<meta name=\"twitter:card\" content=\"summary_large_image\" \/>\n<meta name=\"twitter:creator\" content=\"@sunoresearch\" \/>\n<meta name=\"twitter:site\" content=\"@sunoresearch\" \/>\n<meta name=\"twitter:label1\" content=\"Escrito por\" \/>\n\t<meta name=\"twitter:data1\" content=\"Eduardo Vargas\" \/>\n\t<meta name=\"twitter:label2\" content=\"Est. tempo de leitura\" \/>\n\t<meta name=\"twitter:data2\" content=\"3 minutos\" \/>\n<script type=\"application\/ld+json\" class=\"yoast-schema-graph\">{\"@context\":\"https:\/\/schema.org\",\"@graph\":[{\"@type\":\"NewsArticle\",\"@id\":\"https:\/\/www.suno.com.br\/noticias\/sabesp-sbsp3-privatizacao-sabesp-6-meses-meirelles\/#article\",\"isPartOf\":{\"@id\":\"https:\/\/www.suno.com.br\/noticias\/sabesp-sbsp3-privatizacao-sabesp-6-meses-meirelles\/\"},\"author\":{\"name\":\"Eduardo Vargas\",\"@id\":\"https:\/\/www.suno.com.br\/noticias\/#\/schema\/person\/7f4d362bf3518e76090143ae77bb49a5\"},\"headline\":\"Privatiza\u00e7\u00e3o da Sabesp (SBPS3) come\u00e7ar\u00e1 em 6 meses e ser\u00e1 estudada pelo IFC, diz Meirelles\",\"datePublished\":\"2021-06-11T12:12:11+00:00\",\"mainEntityOfPage\":{\"@id\":\"https:\/\/www.suno.com.br\/noticias\/sabesp-sbsp3-privatizacao-sabesp-6-meses-meirelles\/\"},\"wordCount\":546,\"publisher\":{\"@id\":\"https:\/\/www.suno.com.br\/noticias\/#organization\"},\"image\":{\"@id\":\"https:\/\/www.suno.com.br\/noticias\/sabesp-sbsp3-privatizacao-sabesp-6-meses-meirelles\/#primaryimage\"},\"thumbnailUrl\":\"https:\/\/files.sunoresearch.com.br\/n\/uploads\/2019\/01\/7157f1f4-henrique-meirelles-scaled.webp\",\"keywords\":[\"Eletrobras (ELET3\/ELET5\/ELET6)\",\"Henrique Meirelles\",\"privatiza\u00e7\u00e3o da Eletrobras\",\"privatiza\u00e7\u00f5es\",\"Sabesp\",\"S\u00e3o Paulo\",\"SBSP3\"],\"articleSection\":[\"Neg\u00f3cios\"],\"inLanguage\":\"pt-BR\"},{\"@type\":\"WebPage\",\"@id\":\"https:\/\/www.suno.com.br\/noticias\/sabesp-sbsp3-privatizacao-sabesp-6-meses-meirelles\/\",\"url\":\"https:\/\/www.suno.com.br\/noticias\/sabesp-sbsp3-privatizacao-sabesp-6-meses-meirelles\/\",\"name\":\"Sabesp (SBPS3): Privatiza\u00e7\u00e3o come\u00e7ar\u00e1 em 6 meses, diz Meirelles\",\"isPartOf\":{\"@id\":\"https:\/\/www.suno.com.br\/noticias\/#website\"},\"primaryImageOfPage\":{\"@id\":\"https:\/\/www.suno.com.br\/noticias\/sabesp-sbsp3-privatizacao-sabesp-6-meses-meirelles\/#primaryimage\"},\"image\":{\"@id\":\"https:\/\/www.suno.com.br\/noticias\/sabesp-sbsp3-privatizacao-sabesp-6-meses-meirelles\/#primaryimage\"},\"thumbnailUrl\":\"https:\/\/files.sunoresearch.com.br\/n\/uploads\/2019\/01\/7157f1f4-henrique-meirelles-scaled.webp\",\"datePublished\":\"2021-06-11T12:12:11+00:00\",\"description\":\"A Sabesp deve ter privatiza\u00e7\u00e3o estudada pelo International Finance Corporation e iniciada em seis meses. Clique aqui e leia mais.\",\"breadcrumb\":{\"@id\":\"https:\/\/www.suno.com.br\/noticias\/sabesp-sbsp3-privatizacao-sabesp-6-meses-meirelles\/#breadcrumb\"},\"inLanguage\":\"pt-BR\",\"potentialAction\":[{\"@type\":\"ReadAction\",\"target\":[\"https:\/\/www.suno.com.br\/noticias\/sabesp-sbsp3-privatizacao-sabesp-6-meses-meirelles\/\"]}]},{\"@type\":\"ImageObject\",\"inLanguage\":\"pt-BR\",\"@id\":\"https:\/\/www.suno.com.br\/noticias\/sabesp-sbsp3-privatizacao-sabesp-6-meses-meirelles\/#primaryimage\",\"url\":\"https:\/\/files.sunoresearch.com.br\/n\/uploads\/2019\/01\/7157f1f4-henrique-meirelles-scaled.webp\",\"contentUrl\":\"https:\/\/files.sunoresearch.com.br\/n\/uploads\/2019\/01\/7157f1f4-henrique-meirelles-scaled.webp\",\"width\":2560,\"height\":1708,\"caption\":\"Segundo Meirelles, \\\"N\u00e3o adianta dizer que est\u00e1 muito grande o precat\u00f3rio\\\" - Foto: Ag\u00eancia Brasil\"},{\"@type\":\"BreadcrumbList\",\"@id\":\"https:\/\/www.suno.com.br\/noticias\/sabesp-sbsp3-privatizacao-sabesp-6-meses-meirelles\/#breadcrumb\",\"itemListElement\":[{\"@type\":\"ListItem\",\"position\":1,\"name\":\"Not\u00edcias\",\"item\":\"https:\/\/www.suno.com.br\/noticias\/\"},{\"@type\":\"ListItem\",\"position\":2,\"name\":\"Neg\u00f3cios\",\"item\":\"https:\/\/www.suno.com.br\/noticias\/negocios\/\"},{\"@type\":\"ListItem\",\"position\":3,\"name\":\"Privatiza\u00e7\u00e3o da Sabesp (SBPS3) come\u00e7ar\u00e1 em 6 meses e ser\u00e1 estudada pelo IFC, diz Meirelles\"}]},{\"@type\":\"WebSite\",\"@id\":\"https:\/\/www.suno.com.br\/noticias\/#website\",\"url\":\"https:\/\/www.suno.com.br\/noticias\/\",\"name\":\"Suno Not\u00edcias\",\"description\":\"Seu portal de informa\u00e7\u00e3o sobre o mundo dos investimentos\",\"publisher\":{\"@id\":\"https:\/\/www.suno.com.br\/noticias\/#organization\"},\"potentialAction\":[{\"@type\":\"SearchAction\",\"target\":{\"@type\":\"EntryPoint\",\"urlTemplate\":\"https:\/\/www.suno.com.br\/noticias\/?s={search_term_string}\"},\"query-input\":{\"@type\":\"PropertyValueSpecification\",\"valueRequired\":true,\"valueName\":\"search_term_string\"}}],\"inLanguage\":\"pt-BR\"},{\"@type\":\"Organization\",\"@id\":\"https:\/\/www.suno.com.br\/noticias\/#organization\",\"name\":\"Suno Not\u00edcias\",\"url\":\"https:\/\/www.suno.com.br\/noticias\/\",\"logo\":{\"@type\":\"ImageObject\",\"inLanguage\":\"pt-BR\",\"@id\":\"https:\/\/www.suno.com.br\/noticias\/#\/schema\/logo\/image\/\",\"url\":\"https:\/\/files.sunoresearch.com.br\/n\/uploads\/2021\/09\/suno-logo.png\",\"contentUrl\":\"https:\/\/files.sunoresearch.com.br\/n\/uploads\/2021\/09\/suno-logo.png\",\"width\":180,\"height\":180,\"caption\":\"Suno Not\u00edcias\"},\"image\":{\"@id\":\"https:\/\/www.suno.com.br\/noticias\/#\/schema\/logo\/image\/\"},\"sameAs\":[\"https:\/\/facebook.com\/sunoresearch\",\"https:\/\/x.com\/sunoresearch\",\"https:\/\/www.instagram.com\/suno\",\"https:\/\/www.linkedin.com\/company\/suno-research\/\",\"https:\/\/www.youtube.com\/c\/sunoresearch\"]},{\"@type\":\"Person\",\"@id\":\"https:\/\/www.suno.com.br\/noticias\/#\/schema\/person\/7f4d362bf3518e76090143ae77bb49a5\",\"name\":\"Eduardo Vargas\",\"image\":{\"@type\":\"ImageObject\",\"inLanguage\":\"pt-BR\",\"@id\":\"https:\/\/www.suno.com.br\/noticias\/#\/schema\/person\/image\/\",\"url\":\"https:\/\/secure.gravatar.com\/avatar\/dac340933427a22924c9f99d1eb2e3f2?s=96&r=g\",\"contentUrl\":\"https:\/\/secure.gravatar.com\/avatar\/dac340933427a22924c9f99d1eb2e3f2?s=96&r=g\",\"caption\":\"Eduardo Vargas\"},\"description\":\"Jornalista formado pela UFSC, cobre macroeconomia, neg\u00f3cios e startups para o Suno Not\u00edcias, escrevendo principalmente not\u00edcias sobre o mercado financeiro e a bolsa de valores. No YouTube e no Instagram, \u00e9 respons\u00e1vel pela produ\u00e7\u00e3o de Reels e Shorts do Suno Not\u00edcias. Anteriormente, trabalhou cobrindo economia e cotidiano no ND+ e para o ND, maior jornal impresso de Santa Catarina. Cursou um semestre letivo de Estudos de M\u00eddia na Universidad de Buenos Aires.\",\"url\":\"https:\/\/www.suno.com.br\/noticias\/author\/eduardo-vargas\/\"}]}<\/script>\n<!-- \/ Yoast SEO plugin. -->","yoast_head_json":{"title":"Sabesp (SBPS3): Privatiza\u00e7\u00e3o come\u00e7ar\u00e1 em 6 meses, diz Meirelles","description":"A Sabesp deve ter privatiza\u00e7\u00e3o estudada pelo International Finance Corporation e iniciada em seis meses. Clique aqui e leia mais.","robots":{"index":"index","follow":"follow","max-snippet":"max-snippet:-1","max-image-preview":"max-image-preview:large","max-video-preview":"max-video-preview:-1"},"canonical":"https:\/\/www.suno.com.br\/noticias\/sabesp-sbsp3-privatizacao-sabesp-6-meses-meirelles\/","og_locale":"pt_BR","og_type":"article","og_title":"Sabesp (SBPS3): Privatiza\u00e7\u00e3o come\u00e7ar\u00e1 em 6 meses, diz Meirelles","og_description":"A Sabesp deve ter privatiza\u00e7\u00e3o estudada pelo International Finance Corporation e iniciada em seis meses. Clique aqui e leia mais.","og_url":"https:\/\/www.suno.com.br\/noticias\/sabesp-sbsp3-privatizacao-sabesp-6-meses-meirelles\/","og_site_name":"Suno Not\u00edcias","article_publisher":"https:\/\/facebook.com\/sunoresearch","og_image":[{"width":3363,"height":2244,"url":"https:\/\/files.sunoresearch.com.br\/n\/uploads\/2019\/01\/7157f1f4-henrique-meirelles.jpg","type":"image\/jpeg"}],"author":"Eduardo Vargas","twitter_card":"summary_large_image","twitter_creator":"@sunoresearch","twitter_site":"@sunoresearch","twitter_misc":{"Escrito por":"Eduardo Vargas","Est. tempo de leitura":"3 minutos"},"schema":{"@context":"https:\/\/schema.org","@graph":[{"@type":"NewsArticle","@id":"https:\/\/www.suno.com.br\/noticias\/sabesp-sbsp3-privatizacao-sabesp-6-meses-meirelles\/#article","isPartOf":{"@id":"https:\/\/www.suno.com.br\/noticias\/sabesp-sbsp3-privatizacao-sabesp-6-meses-meirelles\/"},"author":{"name":"Eduardo Vargas","@id":"https:\/\/www.suno.com.br\/noticias\/#\/schema\/person\/7f4d362bf3518e76090143ae77bb49a5"},"headline":"Privatiza\u00e7\u00e3o da Sabesp (SBPS3) come\u00e7ar\u00e1 em 6 meses e ser\u00e1 estudada pelo IFC, diz Meirelles","datePublished":"2021-06-11T12:12:11+00:00","mainEntityOfPage":{"@id":"https:\/\/www.suno.com.br\/noticias\/sabesp-sbsp3-privatizacao-sabesp-6-meses-meirelles\/"},"wordCount":546,"publisher":{"@id":"https:\/\/www.suno.com.br\/noticias\/#organization"},"image":{"@id":"https:\/\/www.suno.com.br\/noticias\/sabesp-sbsp3-privatizacao-sabesp-6-meses-meirelles\/#primaryimage"},"thumbnailUrl":"https:\/\/files.sunoresearch.com.br\/n\/uploads\/2019\/01\/7157f1f4-henrique-meirelles-scaled.webp","keywords":["Eletrobras (ELET3\/ELET5\/ELET6)","Henrique Meirelles","privatiza\u00e7\u00e3o da Eletrobras","privatiza\u00e7\u00f5es","Sabesp","S\u00e3o Paulo","SBSP3"],"articleSection":["Neg\u00f3cios"],"inLanguage":"pt-BR"},{"@type":"WebPage","@id":"https:\/\/www.suno.com.br\/noticias\/sabesp-sbsp3-privatizacao-sabesp-6-meses-meirelles\/","url":"https:\/\/www.suno.com.br\/noticias\/sabesp-sbsp3-privatizacao-sabesp-6-meses-meirelles\/","name":"Sabesp (SBPS3): Privatiza\u00e7\u00e3o come\u00e7ar\u00e1 em 6 meses, diz Meirelles","isPartOf":{"@id":"https:\/\/www.suno.com.br\/noticias\/#website"},"primaryImageOfPage":{"@id":"https:\/\/www.suno.com.br\/noticias\/sabesp-sbsp3-privatizacao-sabesp-6-meses-meirelles\/#primaryimage"},"image":{"@id":"https:\/\/www.suno.com.br\/noticias\/sabesp-sbsp3-privatizacao-sabesp-6-meses-meirelles\/#primaryimage"},"thumbnailUrl":"https:\/\/files.sunoresearch.com.br\/n\/uploads\/2019\/01\/7157f1f4-henrique-meirelles-scaled.webp","datePublished":"2021-06-11T12:12:11+00:00","description":"A Sabesp deve ter privatiza\u00e7\u00e3o estudada pelo International Finance Corporation e iniciada em seis meses. Clique aqui e leia mais.","breadcrumb":{"@id":"https:\/\/www.suno.com.br\/noticias\/sabesp-sbsp3-privatizacao-sabesp-6-meses-meirelles\/#breadcrumb"},"inLanguage":"pt-BR","potentialAction":[{"@type":"ReadAction","target":["https:\/\/www.suno.com.br\/noticias\/sabesp-sbsp3-privatizacao-sabesp-6-meses-meirelles\/"]}]},{"@type":"ImageObject","inLanguage":"pt-BR","@id":"https:\/\/www.suno.com.br\/noticias\/sabesp-sbsp3-privatizacao-sabesp-6-meses-meirelles\/#primaryimage","url":"https:\/\/files.sunoresearch.com.br\/n\/uploads\/2019\/01\/7157f1f4-henrique-meirelles-scaled.webp","contentUrl":"https:\/\/files.sunoresearch.com.br\/n\/uploads\/2019\/01\/7157f1f4-henrique-meirelles-scaled.webp","width":2560,"height":1708,"caption":"Segundo Meirelles, \"N\u00e3o adianta dizer que est\u00e1 muito grande o precat\u00f3rio\" - Foto: Ag\u00eancia Brasil"},{"@type":"BreadcrumbList","@id":"https:\/\/www.suno.com.br\/noticias\/sabesp-sbsp3-privatizacao-sabesp-6-meses-meirelles\/#breadcrumb","itemListElement":[{"@type":"ListItem","position":1,"name":"Not\u00edcias","item":"https:\/\/www.suno.com.br\/noticias\/"},{"@type":"ListItem","position":2,"name":"Neg\u00f3cios","item":"https:\/\/www.suno.com.br\/noticias\/negocios\/"},{"@type":"ListItem","position":3,"name":"Privatiza\u00e7\u00e3o da Sabesp (SBPS3) come\u00e7ar\u00e1 em 6 meses e ser\u00e1 estudada pelo IFC, diz Meirelles"}]},{"@type":"WebSite","@id":"https:\/\/www.suno.com.br\/noticias\/#website","url":"https:\/\/www.suno.com.br\/noticias\/","name":"Suno Not\u00edcias","description":"Seu portal de informa\u00e7\u00e3o sobre o mundo dos investimentos","publisher":{"@id":"https:\/\/www.suno.com.br\/noticias\/#organization"},"potentialAction":[{"@type":"SearchAction","target":{"@type":"EntryPoint","urlTemplate":"https:\/\/www.suno.com.br\/noticias\/?s={search_term_string}"},"query-input":{"@type":"PropertyValueSpecification","valueRequired":true,"valueName":"search_term_string"}}],"inLanguage":"pt-BR"},{"@type":"Organization","@id":"https:\/\/www.suno.com.br\/noticias\/#organization","name":"Suno Not\u00edcias","url":"https:\/\/www.suno.com.br\/noticias\/","logo":{"@type":"ImageObject","inLanguage":"pt-BR","@id":"https:\/\/www.suno.com.br\/noticias\/#\/schema\/logo\/image\/","url":"https:\/\/files.sunoresearch.com.br\/n\/uploads\/2021\/09\/suno-logo.png","contentUrl":"https:\/\/files.sunoresearch.com.br\/n\/uploads\/2021\/09\/suno-logo.png","width":180,"height":180,"caption":"Suno Not\u00edcias"},"image":{"@id":"https:\/\/www.suno.com.br\/noticias\/#\/schema\/logo\/image\/"},"sameAs":["https:\/\/facebook.com\/sunoresearch","https:\/\/x.com\/sunoresearch","https:\/\/www.instagram.com\/suno","https:\/\/www.linkedin.com\/company\/suno-research\/","https:\/\/www.youtube.com\/c\/sunoresearch"]},{"@type":"Person","@id":"https:\/\/www.suno.com.br\/noticias\/#\/schema\/person\/7f4d362bf3518e76090143ae77bb49a5","name":"Eduardo Vargas","image":{"@type":"ImageObject","inLanguage":"pt-BR","@id":"https:\/\/www.suno.com.br\/noticias\/#\/schema\/person\/image\/","url":"https:\/\/secure.gravatar.com\/avatar\/dac340933427a22924c9f99d1eb2e3f2?s=96&r=g","contentUrl":"https:\/\/secure.gravatar.com\/avatar\/dac340933427a22924c9f99d1eb2e3f2?s=96&r=g","caption":"Eduardo Vargas"},"description":"Jornalista formado pela UFSC, cobre macroeconomia, neg\u00f3cios e startups para o Suno Not\u00edcias, escrevendo principalmente not\u00edcias sobre o mercado financeiro e a bolsa de valores. No YouTube e no Instagram, \u00e9 respons\u00e1vel pela produ\u00e7\u00e3o de Reels e Shorts do Suno Not\u00edcias. Anteriormente, trabalhou cobrindo economia e cotidiano no ND+ e para o ND, maior jornal impresso de Santa Catarina. Cursou um semestre letivo de Estudos de M\u00eddia na Universidad de Buenos Aires.","url":"https:\/\/www.suno.com.br\/noticias\/author\/eduardo-vargas\/"}]}},"default_loop_html":"<div class=\"cardsPage__listCard__boxs\"><div class=\"cardsPage__listCard__boxs__img\"><a href=\"https:\/\/www.suno.com.br\/noticias\/eletrobras-elet3-relator-mp-garante-texto-pronto-semana-que-vem\/\"><img class=\"mask\" src=\"https:\/\/www.suno.com.br\/noticias\/wp-content\/themes\/suno\/resources\/images\/spotlight\/spotlight1img\/bg-mask.png\" alt=\"Image Mask\"\/><img src=\"https:\/\/files.sunoresearch.com.br\/n\/uploads\/2021\/05\/be54ebc2-71349630_2394500990658014_3607596520880209920_n-400x200.webp\" alt=\"Eletrobras (ELET3): Relator garante texto pronto na semana que vem\"\/><\/a><span class=\"spotlightCategory\"><a href=\"https:\/\/www.suno.com.br\/noticias\/negocios\/\">Neg\u00f3cios<\/a><\/span><\/div><div class=\"cardsPage__listCard__boxs__content\"><a href=\"https:\/\/www.suno.com.br\/noticias\/eletrobras-elet3-relator-mp-garante-texto-pronto-semana-que-vem\/\"><h2 class=\"content__title\">Eletrobras (ELET3): Relator garante texto pronto na semana que vem<\/h2><\/a><div class=\"newsContent__article__meta\"><div class=\"newsContent__article__meta__authorBox\"><a href=\"https:\/\/www.suno.com.br\/noticias\/author\/eduardo-vargas\/\" class=\"authorBox__avatar noMobi\"><img src=\"https:\/\/secure.gravatar.com\/avatar\/dac340933427a22924c9f99d1eb2e3f2?s=96&#038;r=g\" alt=\"Eduardo Vargas\"><\/a><div class=\"authorBox__name\"><span>por\n\t\t\t<a href=\"https:\/\/www.suno.com.br\/noticias\/author\/eduardo-vargas\/\"><span itemprop=\"author\">Eduardo Vargas<\/span><\/a><\/span><time datetime=\"2021-06-10T09:52:05-03:00\" itemprop=\"datePublished\">10\/06\/2021 09:52<\/time><\/div><\/div><\/div><\/div><\/div>","single_layout":"posts","amp_enabled":true,"_links":{"self":[{"href":"https:\/\/www.suno.com.br\/noticias\/wp-json\/wp\/v2\/posts\/156192"}],"collection":[{"href":"https:\/\/www.suno.com.br\/noticias\/wp-json\/wp\/v2\/posts"}],"about":[{"href":"https:\/\/www.suno.com.br\/noticias\/wp-json\/wp\/v2\/types\/post"}],"author":[{"embeddable":true,"href":"https:\/\/www.suno.com.br\/noticias\/wp-json\/wp\/v2\/users\/73"}],"replies":[{"embeddable":true,"href":"https:\/\/www.suno.com.br\/noticias\/wp-json\/wp\/v2\/comments?post=156192"}],"version-history":[{"count":3,"href":"https:\/\/www.suno.com.br\/noticias\/wp-json\/wp\/v2\/posts\/156192\/revisions"}],"predecessor-version":[{"id":156212,"href":"https:\/\/www.suno.com.br\/noticias\/wp-json\/wp\/v2\/posts\/156192\/revisions\/156212"}],"wp:featuredmedia":[{"embeddable":true,"href":"https:\/\/www.suno.com.br\/noticias\/wp-json\/wp\/v2\/media\/12676"}],"wp:attachment":[{"href":"https:\/\/www.suno.com.br\/noticias\/wp-json\/wp\/v2\/media?parent=156192"}],"wp:term":[{"taxonomy":"category","embeddable":true,"href":"https:\/\/www.suno.com.br\/noticias\/wp-json\/wp\/v2\/categories?post=156192"},{"taxonomy":"post_tag","embeddable":true,"href":"https:\/\/www.suno.com.br\/noticias\/wp-json\/wp\/v2\/tags?post=156192"},{"taxonomy":"suno_strategy","embeddable":true,"href":"https:\/\/www.suno.com.br\/noticias\/wp-json\/wp\/v2\/suno_strategy?post=156192"}],"curies":[{"name":"wp","href":"https:\/\/api.w.org\/{rel}","templated":true}]}}