{"id":15614,"date":"2019-02-17T18:20:10","date_gmt":"2019-02-17T21:20:10","guid":{"rendered":"https:\/\/www.suno.com.br\/noticias\/?p=15614"},"modified":"2019-03-08T10:10:01","modified_gmt":"2019-03-08T13:10:01","slug":"cade-aprova-venda-distribuidora-eletrobras","status":"publish","type":"post","link":"https:\/\/www.suno.com.br\/noticias\/cade-aprova-venda-distribuidora-eletrobras\/","title":{"rendered":"Cade aprova venda da distribuidora Eletrobras Amazonas Energia"},"content":{"rendered":"<p>A Eletrobras informou que o <strong>Conselho Administrativo de Defesa Econ\u00f4mica (Cade)<\/strong> aprovou a venda de sua distribuidora <strong>Amazonas Energia<\/strong> ao cons\u00f3rcio Oliveira\/Atem. O informe ao mercado foi divulgado na \u00faltima sexta-feira (15).<\/p>\t<div class=\"wrapper-featured-image\">\n\t\t<figure class=\"spotlightImg\">\n\n\t\t\t<picture>\n\t\t\t\t<source media=\"(max-width: 768px)\" srcset=\"https:\/\/files.sunoresearch.com.br\/n\/uploads\/2019\/02\/afc0d8e9-eletrobras-400x200.webp\">\n\t\t\t\t<img loading=\"lazy\" decoding=\"async\" class=\"newsContent__article__imgCapa lazyloadDisabled newsContent__article__imgCapa--noCaption\" src=\"https:\/\/files.sunoresearch.com.br\/n\/uploads\/2019\/02\/afc0d8e9-eletrobras-800x450.webp\" width=\"800\" height=\"450\" alt=\"Cade aprova venda da distribuidora Eletrobras Amazonas Energia\" fetchpriority=high \/>\n\t\t\t<\/picture>\n\n\t\t\t<figcaption class=\"wp-caption-text wp-caption-text--hide\">Cade aprova venda da distribuidora Eletrobras Amazonas Energia<\/figcaption>\n\t\t<\/figure>\n\t<\/div>\n\n\n<p>No entanto, a venda da distribuidora da <strong>Eletrobras<\/strong> passava por questionamentos por conta de uma poss\u00edvel concentra\u00e7\u00e3o de mercado da compradora, que j\u00e1 havia comprado a Boa Vista Energia, <strong>distribuidora<\/strong> da companhia do estado de Roraima.<\/p>\n<p>O questionamento foi apresentando pela empresa <strong>Gopower &amp; Air<\/strong>. A Oliveiras Energia atua com fornecimento de energia com <strong>termoel\u00e9tricas<\/strong> no Amazonas e Roraima. A <strong>ATEM<\/strong> distribui petr\u00f3leo.<\/p>\n<p>Entretanto, a decis\u00e3o da \u00faltima sexta pode ser questionada em at\u00e9 15 dias, por meio de recurso.<\/p>\n<p>De acordo com a Eletrobras, a transfer\u00eancia do comando da distribuidora faz parte do processo final de desestatiza\u00e7\u00e3o.\u00a0&#8220;Com isso, a etapa de capitaliza\u00e7\u00e3o de d\u00edvida, por parte da Eletrobras, na supracitada <strong>Distribuidora<\/strong> est\u00e1 suspensa at\u00e9 que seja proferida a decis\u00e3o definitiva pelo <strong>Cade<\/strong>&#8220;.<\/p>\n<p><a href=\"https:\/\/www.suno.com.br\/noticias\/eletrobras-precisa-capitalizada-presidente-estatal\/\">Saiba mais:\u00a0A Eletrobras precisa ser capitalizada, diz presidente da estatal<\/a><\/p>\n<h2>Questionamento da GoPower<\/h2>\n<p>Em seu questionamento, a <strong>GoPower <\/strong>afirmou que antes da privatiza\u00e7\u00e3o, a <strong>Oliveira Energia<\/strong> j\u00e1 era a principal fornecedora de geradores el\u00e9tricos da distribuidora\u00a0<strong>Eletrobras Amazonas<\/strong>. Dessa forma, corre-se o risco da <strong>Oliveira<\/strong> fechar o mercado concentrando as vendas.<\/p>\n<p>Al\u00e9m disso, a\u00a0<strong>Atem<\/strong>\u00a0tamb\u00e9m est\u00e1 sendo alvo do questionamento. Isso porque a maior parte da energia gerado no Amazonas vem de <strong>usinas t\u00e9rmicas<\/strong> movidas a <strong>\u00f3leo<\/strong>. A empresa \u00e9 s\u00f3cia da <strong>Oliveira<\/strong> no cons\u00f3rcio que venceu o leil\u00e3o.<\/p>\n<p><a href=\"https:\/\/www.suno.com.br\/noticias\/gopower-privatizacao-eletrobras-amazonas-cade\/\">Saiba mais:\u00a0GoPower questiona privatiza\u00e7\u00e3o da Eletrobras Amazonas Energia no Cade<\/a><\/p>\n<p>De acordo com a\u00a0<strong>GoPower<\/strong>, a aquisi\u00e7\u00e3o da <strong>Oliveira Energia<\/strong>\u00a0&#8220;resulta na verticaliza\u00e7\u00e3o de toda a cadeia de produ\u00e7\u00e3o e distribui\u00e7\u00e3o de energia el\u00e9trica, desde a aquisi\u00e7\u00e3o e distribui\u00e7\u00e3o do \u00f3leo diesel, passando pela (I) loca\u00e7\u00e3o de grupos geradores; (II) gera\u00e7\u00e3o de energia el\u00e9trica; (III) aquisi\u00e7\u00e3o de combust\u00edvel; at\u00e9 (IV) a distribui\u00e7\u00e3o ao consumidor final&#8221;, diz a companhia em sua a\u00e7\u00e3o<\/p>\n<p>O leil\u00e3o que <strong>privatizou<\/strong> a distribuidora da <strong>Eletrobras<\/strong> Amazonas Energia, aconteceu no dia 10 de dezembro de 2018.<\/p>\n","protected":false},"excerpt":{"rendered":"<p>A Eletrobras informou que o Conselho Administrativo de Defesa Econ\u00f4mica (Cade) aprovou a venda de sua distribuidora Amazonas Energia ao cons\u00f3rcio Oliveira\/Atem. O informe ao mercado foi divulgado na \u00faltima sexta-feira (15). Cade aprova venda da distribuidora Eletrobras Amazonas Energia No entanto, a venda da distribuidora da Eletrobras passava por questionamentos por conta de uma [&hellip;]<\/p>\n","protected":false},"author":11,"featured_media":15617,"comment_status":"closed","ping_status":"closed","sticky":false,"template":"","format":"standard","meta":[],"categories":[61],"tags":[851,455],"suno_strategy":[],"class_list":["post-15614","post","type-post","status-publish","format-standard","has-post-thumbnail","hentry","category-politica","tag-cade","tag-eletrobras-elet3-elet5-elet6"],"yoast_head":"<!-- This site is optimized with the Yoast SEO plugin v24.4 - https:\/\/yoast.com\/wordpress\/plugins\/seo\/ -->\n<title>Cade aprova venda da distribuidora Eletrobras Amazonas Energia<\/title>\n<meta name=\"description\" content=\"Leil\u00e3o da distribuidora da Eletrobras aconteceu em 10 de dezembro; Venda havia sido questionada no Cade. Clique para saber mais.\" \/>\n<meta name=\"robots\" content=\"index, follow, max-snippet:-1, max-image-preview:large, max-video-preview:-1\" \/>\n<link rel=\"canonical\" href=\"https:\/\/www.suno.com.br\/noticias\/cade-aprova-venda-distribuidora-eletrobras\/\" \/>\n<meta property=\"og:locale\" content=\"pt_BR\" \/>\n<meta property=\"og:type\" content=\"article\" \/>\n<meta property=\"og:title\" content=\"Cade aprova venda da distribuidora Eletrobras Amazonas Energia\" \/>\n<meta property=\"og:description\" content=\"Leil\u00e3o da distribuidora da Eletrobras aconteceu em 10 de dezembro; Venda havia sido questionada no Cade. Clique para saber mais.\" \/>\n<meta property=\"og:url\" content=\"https:\/\/www.suno.com.br\/noticias\/cade-aprova-venda-distribuidora-eletrobras\/\" \/>\n<meta property=\"og:site_name\" content=\"Suno Not\u00edcias\" \/>\n<meta property=\"article:publisher\" content=\"https:\/\/facebook.com\/sunoresearch\" \/>\n<meta property=\"og:image\" content=\"https:\/\/files.sunoresearch.com.br\/n\/uploads\/2019\/02\/afc0d8e9-eletrobras.jpg\" \/>\n\t<meta property=\"og:image:width\" content=\"1140\" \/>\n\t<meta property=\"og:image:height\" content=\"760\" \/>\n\t<meta property=\"og:image:type\" content=\"image\/jpeg\" \/>\n<meta name=\"author\" content=\"Renan Bandeira\" \/>\n<meta name=\"twitter:card\" content=\"summary_large_image\" \/>\n<meta name=\"twitter:creator\" content=\"@sunoresearch\" \/>\n<meta name=\"twitter:site\" content=\"@sunoresearch\" \/>\n<meta name=\"twitter:label1\" content=\"Escrito por\" \/>\n\t<meta name=\"twitter:data1\" content=\"Renan Bandeira\" \/>\n\t<meta name=\"twitter:label2\" content=\"Est. tempo de leitura\" \/>\n\t<meta name=\"twitter:data2\" content=\"2 minutos\" \/>\n<script type=\"application\/ld+json\" class=\"yoast-schema-graph\">{\"@context\":\"https:\/\/schema.org\",\"@graph\":[{\"@type\":\"NewsArticle\",\"@id\":\"https:\/\/www.suno.com.br\/noticias\/cade-aprova-venda-distribuidora-eletrobras\/#article\",\"isPartOf\":{\"@id\":\"https:\/\/www.suno.com.br\/noticias\/cade-aprova-venda-distribuidora-eletrobras\/\"},\"author\":{\"name\":\"Renan Bandeira\",\"@id\":\"https:\/\/www.suno.com.br\/noticias\/#\/schema\/person\/fc144a1c6108bd1dcd43784e88a3c138\"},\"headline\":\"Cade aprova venda da distribuidora Eletrobras Amazonas Energia\",\"datePublished\":\"2019-02-17T21:20:10+00:00\",\"dateModified\":\"2019-03-08T13:10:01+00:00\",\"mainEntityOfPage\":{\"@id\":\"https:\/\/www.suno.com.br\/noticias\/cade-aprova-venda-distribuidora-eletrobras\/\"},\"wordCount\":377,\"publisher\":{\"@id\":\"https:\/\/www.suno.com.br\/noticias\/#organization\"},\"image\":{\"@id\":\"https:\/\/www.suno.com.br\/noticias\/cade-aprova-venda-distribuidora-eletrobras\/#primaryimage\"},\"thumbnailUrl\":\"https:\/\/files.sunoresearch.com.br\/n\/uploads\/2019\/02\/afc0d8e9-eletrobras-jpg.webp\",\"keywords\":[\"CADE\",\"Eletrobras (ELET3\/ELET5\/ELET6)\"],\"articleSection\":[\"Pol\u00edtica\"],\"inLanguage\":\"pt-BR\"},{\"@type\":\"WebPage\",\"@id\":\"https:\/\/www.suno.com.br\/noticias\/cade-aprova-venda-distribuidora-eletrobras\/\",\"url\":\"https:\/\/www.suno.com.br\/noticias\/cade-aprova-venda-distribuidora-eletrobras\/\",\"name\":\"Cade aprova venda da distribuidora Eletrobras Amazonas Energia\",\"isPartOf\":{\"@id\":\"https:\/\/www.suno.com.br\/noticias\/#website\"},\"primaryImageOfPage\":{\"@id\":\"https:\/\/www.suno.com.br\/noticias\/cade-aprova-venda-distribuidora-eletrobras\/#primaryimage\"},\"image\":{\"@id\":\"https:\/\/www.suno.com.br\/noticias\/cade-aprova-venda-distribuidora-eletrobras\/#primaryimage\"},\"thumbnailUrl\":\"https:\/\/files.sunoresearch.com.br\/n\/uploads\/2019\/02\/afc0d8e9-eletrobras-jpg.webp\",\"datePublished\":\"2019-02-17T21:20:10+00:00\",\"dateModified\":\"2019-03-08T13:10:01+00:00\",\"description\":\"Leil\u00e3o da distribuidora da Eletrobras aconteceu em 10 de dezembro; Venda havia sido questionada no Cade. Clique para saber mais.\",\"breadcrumb\":{\"@id\":\"https:\/\/www.suno.com.br\/noticias\/cade-aprova-venda-distribuidora-eletrobras\/#breadcrumb\"},\"inLanguage\":\"pt-BR\",\"potentialAction\":[{\"@type\":\"ReadAction\",\"target\":[\"https:\/\/www.suno.com.br\/noticias\/cade-aprova-venda-distribuidora-eletrobras\/\"]}]},{\"@type\":\"ImageObject\",\"inLanguage\":\"pt-BR\",\"@id\":\"https:\/\/www.suno.com.br\/noticias\/cade-aprova-venda-distribuidora-eletrobras\/#primaryimage\",\"url\":\"https:\/\/files.sunoresearch.com.br\/n\/uploads\/2019\/02\/afc0d8e9-eletrobras-jpg.webp\",\"contentUrl\":\"https:\/\/files.sunoresearch.com.br\/n\/uploads\/2019\/02\/afc0d8e9-eletrobras-jpg.webp\",\"width\":1140,\"height\":760,\"caption\":\"Cade aprova venda da distribuidora Eletrobras Amazonas Energia\"},{\"@type\":\"BreadcrumbList\",\"@id\":\"https:\/\/www.suno.com.br\/noticias\/cade-aprova-venda-distribuidora-eletrobras\/#breadcrumb\",\"itemListElement\":[{\"@type\":\"ListItem\",\"position\":1,\"name\":\"Not\u00edcias\",\"item\":\"https:\/\/www.suno.com.br\/noticias\/\"},{\"@type\":\"ListItem\",\"position\":2,\"name\":\"Pol\u00edtica\",\"item\":\"https:\/\/www.suno.com.br\/noticias\/politica\/\"},{\"@type\":\"ListItem\",\"position\":3,\"name\":\"Cade aprova venda da distribuidora Eletrobras Amazonas Energia\"}]},{\"@type\":\"WebSite\",\"@id\":\"https:\/\/www.suno.com.br\/noticias\/#website\",\"url\":\"https:\/\/www.suno.com.br\/noticias\/\",\"name\":\"Suno Not\u00edcias\",\"description\":\"Seu portal de informa\u00e7\u00e3o sobre o mundo dos investimentos\",\"publisher\":{\"@id\":\"https:\/\/www.suno.com.br\/noticias\/#organization\"},\"potentialAction\":[{\"@type\":\"SearchAction\",\"target\":{\"@type\":\"EntryPoint\",\"urlTemplate\":\"https:\/\/www.suno.com.br\/noticias\/?s={search_term_string}\"},\"query-input\":{\"@type\":\"PropertyValueSpecification\",\"valueRequired\":true,\"valueName\":\"search_term_string\"}}],\"inLanguage\":\"pt-BR\"},{\"@type\":\"Organization\",\"@id\":\"https:\/\/www.suno.com.br\/noticias\/#organization\",\"name\":\"Suno Not\u00edcias\",\"url\":\"https:\/\/www.suno.com.br\/noticias\/\",\"logo\":{\"@type\":\"ImageObject\",\"inLanguage\":\"pt-BR\",\"@id\":\"https:\/\/www.suno.com.br\/noticias\/#\/schema\/logo\/image\/\",\"url\":\"https:\/\/files.sunoresearch.com.br\/n\/uploads\/2021\/09\/suno-logo.png\",\"contentUrl\":\"https:\/\/files.sunoresearch.com.br\/n\/uploads\/2021\/09\/suno-logo.png\",\"width\":180,\"height\":180,\"caption\":\"Suno Not\u00edcias\"},\"image\":{\"@id\":\"https:\/\/www.suno.com.br\/noticias\/#\/schema\/logo\/image\/\"},\"sameAs\":[\"https:\/\/facebook.com\/sunoresearch\",\"https:\/\/x.com\/sunoresearch\",\"https:\/\/www.instagram.com\/suno\",\"https:\/\/www.linkedin.com\/company\/suno-research\/\",\"https:\/\/www.youtube.com\/c\/sunoresearch\"]},{\"@type\":\"Person\",\"@id\":\"https:\/\/www.suno.com.br\/noticias\/#\/schema\/person\/fc144a1c6108bd1dcd43784e88a3c138\",\"name\":\"Renan Bandeira\",\"image\":{\"@type\":\"ImageObject\",\"inLanguage\":\"pt-BR\",\"@id\":\"https:\/\/www.suno.com.br\/noticias\/#\/schema\/person\/image\/\",\"url\":\"https:\/\/secure.gravatar.com\/avatar\/68359cdb608f14f11bbefcb78f3fc747?s=96&r=g\",\"contentUrl\":\"https:\/\/secure.gravatar.com\/avatar\/68359cdb608f14f11bbefcb78f3fc747?s=96&r=g\",\"caption\":\"Renan Bandeira\"},\"description\":\"Renan Bandeira escreve sobre pol\u00edtica e economia para o portal da Suno Research. Antes da Suno, trabalhou em uma rede de televis\u00e3o, onde fazia reportagens sobre os mesmos temas. Estuda na Universidade Metodista de S\u00e3o Paulo.\",\"url\":\"https:\/\/www.suno.com.br\/noticias\/author\/renan-bandeira\/\"}]}<\/script>\n<!-- \/ Yoast SEO plugin. -->","yoast_head_json":{"title":"Cade aprova venda da distribuidora Eletrobras Amazonas Energia","description":"Leil\u00e3o da distribuidora da Eletrobras aconteceu em 10 de dezembro; Venda havia sido questionada no Cade. Clique para saber mais.","robots":{"index":"index","follow":"follow","max-snippet":"max-snippet:-1","max-image-preview":"max-image-preview:large","max-video-preview":"max-video-preview:-1"},"canonical":"https:\/\/www.suno.com.br\/noticias\/cade-aprova-venda-distribuidora-eletrobras\/","og_locale":"pt_BR","og_type":"article","og_title":"Cade aprova venda da distribuidora Eletrobras Amazonas Energia","og_description":"Leil\u00e3o da distribuidora da Eletrobras aconteceu em 10 de dezembro; Venda havia sido questionada no Cade. Clique para saber mais.","og_url":"https:\/\/www.suno.com.br\/noticias\/cade-aprova-venda-distribuidora-eletrobras\/","og_site_name":"Suno Not\u00edcias","article_publisher":"https:\/\/facebook.com\/sunoresearch","og_image":[{"width":1140,"height":760,"url":"https:\/\/files.sunoresearch.com.br\/n\/uploads\/2019\/02\/afc0d8e9-eletrobras.jpg","type":"image\/jpeg"}],"author":"Renan Bandeira","twitter_card":"summary_large_image","twitter_creator":"@sunoresearch","twitter_site":"@sunoresearch","twitter_misc":{"Escrito por":"Renan Bandeira","Est. tempo de leitura":"2 minutos"},"schema":{"@context":"https:\/\/schema.org","@graph":[{"@type":"NewsArticle","@id":"https:\/\/www.suno.com.br\/noticias\/cade-aprova-venda-distribuidora-eletrobras\/#article","isPartOf":{"@id":"https:\/\/www.suno.com.br\/noticias\/cade-aprova-venda-distribuidora-eletrobras\/"},"author":{"name":"Renan Bandeira","@id":"https:\/\/www.suno.com.br\/noticias\/#\/schema\/person\/fc144a1c6108bd1dcd43784e88a3c138"},"headline":"Cade aprova venda da distribuidora Eletrobras Amazonas Energia","datePublished":"2019-02-17T21:20:10+00:00","dateModified":"2019-03-08T13:10:01+00:00","mainEntityOfPage":{"@id":"https:\/\/www.suno.com.br\/noticias\/cade-aprova-venda-distribuidora-eletrobras\/"},"wordCount":377,"publisher":{"@id":"https:\/\/www.suno.com.br\/noticias\/#organization"},"image":{"@id":"https:\/\/www.suno.com.br\/noticias\/cade-aprova-venda-distribuidora-eletrobras\/#primaryimage"},"thumbnailUrl":"https:\/\/files.sunoresearch.com.br\/n\/uploads\/2019\/02\/afc0d8e9-eletrobras-jpg.webp","keywords":["CADE","Eletrobras (ELET3\/ELET5\/ELET6)"],"articleSection":["Pol\u00edtica"],"inLanguage":"pt-BR"},{"@type":"WebPage","@id":"https:\/\/www.suno.com.br\/noticias\/cade-aprova-venda-distribuidora-eletrobras\/","url":"https:\/\/www.suno.com.br\/noticias\/cade-aprova-venda-distribuidora-eletrobras\/","name":"Cade aprova venda da distribuidora Eletrobras Amazonas Energia","isPartOf":{"@id":"https:\/\/www.suno.com.br\/noticias\/#website"},"primaryImageOfPage":{"@id":"https:\/\/www.suno.com.br\/noticias\/cade-aprova-venda-distribuidora-eletrobras\/#primaryimage"},"image":{"@id":"https:\/\/www.suno.com.br\/noticias\/cade-aprova-venda-distribuidora-eletrobras\/#primaryimage"},"thumbnailUrl":"https:\/\/files.sunoresearch.com.br\/n\/uploads\/2019\/02\/afc0d8e9-eletrobras-jpg.webp","datePublished":"2019-02-17T21:20:10+00:00","dateModified":"2019-03-08T13:10:01+00:00","description":"Leil\u00e3o da distribuidora da Eletrobras aconteceu em 10 de dezembro; Venda havia sido questionada no Cade. Clique para saber mais.","breadcrumb":{"@id":"https:\/\/www.suno.com.br\/noticias\/cade-aprova-venda-distribuidora-eletrobras\/#breadcrumb"},"inLanguage":"pt-BR","potentialAction":[{"@type":"ReadAction","target":["https:\/\/www.suno.com.br\/noticias\/cade-aprova-venda-distribuidora-eletrobras\/"]}]},{"@type":"ImageObject","inLanguage":"pt-BR","@id":"https:\/\/www.suno.com.br\/noticias\/cade-aprova-venda-distribuidora-eletrobras\/#primaryimage","url":"https:\/\/files.sunoresearch.com.br\/n\/uploads\/2019\/02\/afc0d8e9-eletrobras-jpg.webp","contentUrl":"https:\/\/files.sunoresearch.com.br\/n\/uploads\/2019\/02\/afc0d8e9-eletrobras-jpg.webp","width":1140,"height":760,"caption":"Cade aprova venda da distribuidora Eletrobras Amazonas Energia"},{"@type":"BreadcrumbList","@id":"https:\/\/www.suno.com.br\/noticias\/cade-aprova-venda-distribuidora-eletrobras\/#breadcrumb","itemListElement":[{"@type":"ListItem","position":1,"name":"Not\u00edcias","item":"https:\/\/www.suno.com.br\/noticias\/"},{"@type":"ListItem","position":2,"name":"Pol\u00edtica","item":"https:\/\/www.suno.com.br\/noticias\/politica\/"},{"@type":"ListItem","position":3,"name":"Cade aprova venda da distribuidora Eletrobras Amazonas Energia"}]},{"@type":"WebSite","@id":"https:\/\/www.suno.com.br\/noticias\/#website","url":"https:\/\/www.suno.com.br\/noticias\/","name":"Suno Not\u00edcias","description":"Seu portal de informa\u00e7\u00e3o sobre o mundo dos investimentos","publisher":{"@id":"https:\/\/www.suno.com.br\/noticias\/#organization"},"potentialAction":[{"@type":"SearchAction","target":{"@type":"EntryPoint","urlTemplate":"https:\/\/www.suno.com.br\/noticias\/?s={search_term_string}"},"query-input":{"@type":"PropertyValueSpecification","valueRequired":true,"valueName":"search_term_string"}}],"inLanguage":"pt-BR"},{"@type":"Organization","@id":"https:\/\/www.suno.com.br\/noticias\/#organization","name":"Suno Not\u00edcias","url":"https:\/\/www.suno.com.br\/noticias\/","logo":{"@type":"ImageObject","inLanguage":"pt-BR","@id":"https:\/\/www.suno.com.br\/noticias\/#\/schema\/logo\/image\/","url":"https:\/\/files.sunoresearch.com.br\/n\/uploads\/2021\/09\/suno-logo.png","contentUrl":"https:\/\/files.sunoresearch.com.br\/n\/uploads\/2021\/09\/suno-logo.png","width":180,"height":180,"caption":"Suno Not\u00edcias"},"image":{"@id":"https:\/\/www.suno.com.br\/noticias\/#\/schema\/logo\/image\/"},"sameAs":["https:\/\/facebook.com\/sunoresearch","https:\/\/x.com\/sunoresearch","https:\/\/www.instagram.com\/suno","https:\/\/www.linkedin.com\/company\/suno-research\/","https:\/\/www.youtube.com\/c\/sunoresearch"]},{"@type":"Person","@id":"https:\/\/www.suno.com.br\/noticias\/#\/schema\/person\/fc144a1c6108bd1dcd43784e88a3c138","name":"Renan Bandeira","image":{"@type":"ImageObject","inLanguage":"pt-BR","@id":"https:\/\/www.suno.com.br\/noticias\/#\/schema\/person\/image\/","url":"https:\/\/secure.gravatar.com\/avatar\/68359cdb608f14f11bbefcb78f3fc747?s=96&r=g","contentUrl":"https:\/\/secure.gravatar.com\/avatar\/68359cdb608f14f11bbefcb78f3fc747?s=96&r=g","caption":"Renan Bandeira"},"description":"Renan Bandeira escreve sobre pol\u00edtica e economia para o portal da Suno Research. Antes da Suno, trabalhou em uma rede de televis\u00e3o, onde fazia reportagens sobre os mesmos temas. Estuda na Universidade Metodista de S\u00e3o Paulo.","url":"https:\/\/www.suno.com.br\/noticias\/author\/renan-bandeira\/"}]}},"default_loop_html":"<div class=\"cardsPage__listCard__boxs\"><div class=\"cardsPage__listCard__boxs__img\"><a href=\"https:\/\/www.suno.com.br\/noticias\/cade-aprova-venda-distribuidora-eletrobras\/\"><img class=\"mask\" src=\"https:\/\/www.suno.com.br\/noticias\/wp-content\/themes\/suno\/resources\/images\/spotlight\/spotlight1img\/bg-mask.png\" alt=\"Image Mask\"\/><img src=\"https:\/\/files.sunoresearch.com.br\/n\/uploads\/2019\/02\/afc0d8e9-eletrobras-400x200.webp\" alt=\"Cade aprova venda da distribuidora Eletrobras Amazonas Energia\"\/><\/a><span class=\"spotlightCategory\"><a href=\"https:\/\/www.suno.com.br\/noticias\/politica\/\">Pol\u00edtica<\/a><\/span><\/div><div class=\"cardsPage__listCard__boxs__content\"><a href=\"https:\/\/www.suno.com.br\/noticias\/cade-aprova-venda-distribuidora-eletrobras\/\"><h2 class=\"content__title\">Cade aprova venda da distribuidora Eletrobras Amazonas Energia<\/h2><\/a><div class=\"newsContent__article__meta\"><div class=\"newsContent__article__meta__authorBox\"><a href=\"https:\/\/www.suno.com.br\/noticias\/author\/renan-bandeira\/\" class=\"authorBox__avatar noMobi\"><img src=\"https:\/\/secure.gravatar.com\/avatar\/68359cdb608f14f11bbefcb78f3fc747?s=96&#038;r=g\" alt=\"Renan Bandeira\"><\/a><div class=\"authorBox__name\"><span>por\n\t\t\t<a href=\"https:\/\/www.suno.com.br\/noticias\/author\/renan-bandeira\/\"><span itemprop=\"author\">Renan Bandeira<\/span><\/a><\/span><time datetime=\"2019-02-17T18:20:10-03:00\" itemprop=\"datePublished\">17\/02\/2019 18:20<\/time><\/div><\/div><\/div><\/div><\/div>","single_layout":"posts","amp_enabled":true,"_links":{"self":[{"href":"https:\/\/www.suno.com.br\/noticias\/wp-json\/wp\/v2\/posts\/15614"}],"collection":[{"href":"https:\/\/www.suno.com.br\/noticias\/wp-json\/wp\/v2\/posts"}],"about":[{"href":"https:\/\/www.suno.com.br\/noticias\/wp-json\/wp\/v2\/types\/post"}],"author":[{"embeddable":true,"href":"https:\/\/www.suno.com.br\/noticias\/wp-json\/wp\/v2\/users\/11"}],"replies":[{"embeddable":true,"href":"https:\/\/www.suno.com.br\/noticias\/wp-json\/wp\/v2\/comments?post=15614"}],"version-history":[{"count":0,"href":"https:\/\/www.suno.com.br\/noticias\/wp-json\/wp\/v2\/posts\/15614\/revisions"}],"wp:featuredmedia":[{"embeddable":true,"href":"https:\/\/www.suno.com.br\/noticias\/wp-json\/wp\/v2\/media\/15617"}],"wp:attachment":[{"href":"https:\/\/www.suno.com.br\/noticias\/wp-json\/wp\/v2\/media?parent=15614"}],"wp:term":[{"taxonomy":"category","embeddable":true,"href":"https:\/\/www.suno.com.br\/noticias\/wp-json\/wp\/v2\/categories?post=15614"},{"taxonomy":"post_tag","embeddable":true,"href":"https:\/\/www.suno.com.br\/noticias\/wp-json\/wp\/v2\/tags?post=15614"},{"taxonomy":"suno_strategy","embeddable":true,"href":"https:\/\/www.suno.com.br\/noticias\/wp-json\/wp\/v2\/suno_strategy?post=15614"}],"curies":[{"name":"wp","href":"https:\/\/api.w.org\/{rel}","templated":true}]}}