{"id":15610,"date":"2019-02-17T17:30:38","date_gmt":"2019-02-17T20:30:38","guid":{"rendered":"https:\/\/www.suno.com.br\/noticias\/?p=15610"},"modified":"2019-02-17T17:30:38","modified_gmt":"2019-02-17T20:30:38","slug":"trump-ameacar-montadoras-taxa","status":"publish","type":"post","link":"https:\/\/www.suno.com.br\/noticias\/trump-ameacar-montadoras-taxa\/","title":{"rendered":"Trump pode amea\u00e7ar montadoras com 25% de taxa sobre importa\u00e7\u00f5es"},"content":{"rendered":"<p>O presidente dos Estados Unidos, Donald Trump, pode amea\u00e7ar montadoras e autope\u00e7as importadas com tarifas alfandeg\u00e1rias. No entanto, a a\u00e7\u00e3o pode acontecer ap\u00f3s o Departamento de Com\u00e9rcio dos EUA entregar um relat\u00f3rio confidencial ao presidente.<\/p>\t<div class=\"wrapper-featured-image\">\n\t\t<figure class=\"spotlightImg\">\n\n\t\t\t<picture>\n\t\t\t\t<source media=\"(max-width: 768px)\" srcset=\"https:\/\/files.sunoresearch.com.br\/n\/uploads\/2019\/02\/17767573-trump-400x200.webp\">\n\t\t\t\t<img loading=\"lazy\" decoding=\"async\" class=\"newsContent__article__imgCapa lazyloadDisabled newsContent__article__imgCapa--noCaption\" src=\"https:\/\/files.sunoresearch.com.br\/n\/uploads\/2019\/02\/17767573-trump-800x450.webp\" width=\"800\" height=\"450\" alt=\"Trump pode amea\u00e7ar montadoras com 25% de taxa sobre importa\u00e7\u00f5es\" fetchpriority=high \/>\n\t\t\t<\/picture>\n\n\t\t\t<figcaption class=\"wp-caption-text wp-caption-text--hide\">Trump imp\u00f5e limites ao com\u00e9rcio da Huawei com os EUA<\/figcaption>\n\t\t<\/figure>\n\t<\/div>\n\n\n<p>De acordo com autoridades da <strong>ind\u00fastria automobil\u00edstica<\/strong>, na \u00faltima sexta-feira (15), o documento entregue pode fazer com que <strong>Donald Trump<\/strong> considere as <strong>importa\u00e7\u00f5es<\/strong> como uma amea\u00e7a \u00e0 seguran\u00e7a nacional.<\/p>\n<p>A partir do relat\u00f3rio as <strong>tarifas<\/strong> podem chegar at\u00e9 a 25% sobre carros e pe\u00e7as importados. Dessa forma, a\u00e7\u00e3o pode custar centenas de <strong>milhares de empregos<\/strong> nos EUA.<\/p>\n<p>Entretanto, o conte\u00fado dos pap\u00e9is seguir\u00e1 confidencial enquanto Trump considera as <strong>recomenda\u00e7\u00f5es<\/strong>. Dessa forma, os exportadores de autom\u00f3veis e pe\u00e7as ficam no &#8220;escuro&#8221; em rela\u00e7\u00e3o a decis\u00e3o e as poss\u00edveis consequ\u00eancias dela.<\/p>\n<p>De acordo com autoridades da ind\u00fastria automobil\u00edstica, a expectativa \u00e9 que o relat\u00f3rio recomende a aplica\u00e7\u00e3o de algumas tarifas para ajudar os Estados Unidos nas negocia\u00e7\u00f5es com <strong>Jap\u00e3o<\/strong> e <strong>Uni\u00e3o Europeia<\/strong>, neste ano.<\/p>\n<p>O documento \u00e9 uma sequ\u00eancia da investiga\u00e7\u00e3o do Departamento de Com\u00e9rcio em maio de 2018, a pedido de Trump. No entanto, o processo tinha como objetivo avaliar os efeitos da importa\u00e7\u00e3o na seguran\u00e7a nacional.<\/p>\n<p>Segundo a &#8220;Reuters&#8221;, a vers\u00e3o final deve ser entregue \u00e0 Casa Branca neste domingo.<\/p>\n<p><a href=\"https:\/\/www.suno.com.br\/noticias\/adiar-prazo-acordo-comercial-trump\/\">Saiba mais:\u00a0Negocia\u00e7\u00e3o complicada pode adiar prazo do acordo comercial, diz Trump<\/a><\/p>\n<p><a href=\"https:\/\/www.suno.com.br\/noticias\/eua-china-negociacoes-guerra-comercial\/\">Saiba mais:\u00a0Representante comercial dos EUA chega \u00e0 China para negocia\u00e7\u00f5es<\/a><\/p>\n<h2>Tarifas alfandeg\u00e1rias<\/h2>\n<p>Tanto montadoras quanto fornecedores de pe\u00e7as estimam que o relat\u00f3rio ir\u00e1 indicar a implementa\u00e7\u00e3o de 20% a 25% sobre carros e pe\u00e7as. Al\u00e9m disso, \u00e9 esperado <strong>tarifas mais restritas<\/strong> voltadas a componentes e tecnologias de carros novos ou aut\u00f4nomos, conectados \u00e0 internet.<\/p>\n<p>De acordo com o relat\u00f3rio do Centro para Pesquisa Automotiva, na \u00faltima sexta-feira (15), apontou que no pior dos casos a tarifa de 25% geraria a perda de 367 mil <strong>empregos<\/strong> no setor automobil\u00edstico dos <strong>Estados Unidos<\/strong>.<\/p>\n<p>O relat\u00f3rio ainda aponta que os ve\u00edculos leves teriam uma alta m\u00e9dia de US$ 2.750 em seus pre\u00e7os. Assim, 1,3 milh\u00e3o de unidades deixaram de ser vendidas anualmente, for\u00e7ando os consumidores a buscar o mercado de carros usados.<\/p>\n<h2>Acordo comercial<\/h2>\n<p>As tarifas n\u00e3o assustam apenas as empresas europeias. Os Estados Unidos e a China negociam um acordo comercial para que n\u00e3o haja alta nas tarifas sobre importa\u00e7\u00f5es<\/p>\n<p>A amea\u00e7a dos <strong>Estados Unidos<\/strong> \u00e9 de que sejam aumentadas as tarifas sobre US$ 200 bilh\u00f5es de <strong>importa\u00e7\u00f5es<\/strong> chinesas. Isso, caso n\u00e3o seja fechado nenhum <strong>acordo comercial <\/strong>at\u00e9 1\u00ba de mar\u00e7o.<\/p>\n<p>No entanto,\u00a0<strong>Trump<\/strong> deve elevar as <strong>tarifas<\/strong> de 10% para 25% ap\u00f3s o prazo.<\/p>\n<p>Al\u00e9m disso, presidente dos Estados Unidos afirmou, na \u00faltima sexta-feira (15), que pode prorrogar o prazo para o fechamento do acordo comercial com a China, previsto para 1\u00ba de mar\u00e7o.<\/p>\n<p>&#8220;Existe uma possibilidade de eu<strong> prorrogar a data<\/strong>&#8220;, disse <strong>Donald\u00a0Trump<\/strong> sobre o <strong>acordo comercial<\/strong> em entrevista \u00e0 imprensa.<\/p>\n","protected":false},"excerpt":{"rendered":"<p>O presidente dos Estados Unidos, Donald Trump, pode amea\u00e7ar montadoras e autope\u00e7as importadas com tarifas alfandeg\u00e1rias. No entanto, a a\u00e7\u00e3o pode acontecer ap\u00f3s o Departamento de Com\u00e9rcio dos EUA entregar um relat\u00f3rio confidencial ao presidente. Trump imp\u00f5e limites ao com\u00e9rcio da Huawei com os EUA De acordo com autoridades da ind\u00fastria automobil\u00edstica, na \u00faltima sexta-feira [&hellip;]<\/p>\n","protected":false},"author":11,"featured_media":15612,"comment_status":"closed","ping_status":"closed","sticky":false,"template":"","format":"standard","meta":[],"categories":[63],"tags":[724,706],"suno_strategy":[],"class_list":["post-15610","post","type-post","status-publish","format-standard","has-post-thumbnail","hentry","category-internacional","tag-donald-trump","tag-importacoes"],"yoast_head":"<!-- This site is optimized with the Yoast SEO plugin v24.4 - https:\/\/yoast.com\/wordpress\/plugins\/seo\/ -->\n<title>Trump pode amea\u00e7ar montadoras com 25% de taxa sobre importa\u00e7\u00f5es<\/title>\n<meta name=\"description\" content=\"Trump deve receber documentos neste domingo (17); Relat\u00f3rio do Departamento de Com\u00e9rcio \u00e9 confidencial. Clique para saber mais.\" \/>\n<meta name=\"robots\" content=\"index, follow, max-snippet:-1, max-image-preview:large, max-video-preview:-1\" \/>\n<link rel=\"canonical\" href=\"https:\/\/www.suno.com.br\/noticias\/trump-ameacar-montadoras-taxa\/\" \/>\n<meta property=\"og:locale\" content=\"pt_BR\" \/>\n<meta property=\"og:type\" content=\"article\" \/>\n<meta property=\"og:title\" content=\"Trump pode amea\u00e7ar montadoras com 25% de taxa sobre importa\u00e7\u00f5es\" \/>\n<meta property=\"og:description\" content=\"Trump deve receber documentos neste domingo (17); Relat\u00f3rio do Departamento de Com\u00e9rcio \u00e9 confidencial. Clique para saber mais.\" \/>\n<meta property=\"og:url\" content=\"https:\/\/www.suno.com.br\/noticias\/trump-ameacar-montadoras-taxa\/\" \/>\n<meta property=\"og:site_name\" content=\"Suno Not\u00edcias\" \/>\n<meta property=\"article:publisher\" content=\"https:\/\/facebook.com\/sunoresearch\" \/>\n<meta property=\"og:image\" content=\"https:\/\/files.sunoresearch.com.br\/n\/uploads\/2019\/02\/17767573-trump.jpg\" \/>\n\t<meta property=\"og:image:width\" content=\"2901\" \/>\n\t<meta property=\"og:image:height\" content=\"2004\" \/>\n\t<meta property=\"og:image:type\" content=\"image\/jpeg\" \/>\n<meta name=\"author\" content=\"Renan Bandeira\" \/>\n<meta name=\"twitter:card\" content=\"summary_large_image\" \/>\n<meta name=\"twitter:creator\" content=\"@sunoresearch\" \/>\n<meta name=\"twitter:site\" content=\"@sunoresearch\" \/>\n<meta name=\"twitter:label1\" content=\"Escrito por\" \/>\n\t<meta name=\"twitter:data1\" content=\"Renan Bandeira\" \/>\n\t<meta name=\"twitter:label2\" content=\"Est. tempo de leitura\" \/>\n\t<meta name=\"twitter:data2\" content=\"3 minutos\" \/>\n<script type=\"application\/ld+json\" class=\"yoast-schema-graph\">{\"@context\":\"https:\/\/schema.org\",\"@graph\":[{\"@type\":\"NewsArticle\",\"@id\":\"https:\/\/www.suno.com.br\/noticias\/trump-ameacar-montadoras-taxa\/#article\",\"isPartOf\":{\"@id\":\"https:\/\/www.suno.com.br\/noticias\/trump-ameacar-montadoras-taxa\/\"},\"author\":{\"name\":\"Renan Bandeira\",\"@id\":\"https:\/\/www.suno.com.br\/noticias\/#\/schema\/person\/fc144a1c6108bd1dcd43784e88a3c138\"},\"headline\":\"Trump pode amea\u00e7ar montadoras com 25% de taxa sobre importa\u00e7\u00f5es\",\"datePublished\":\"2019-02-17T20:30:38+00:00\",\"mainEntityOfPage\":{\"@id\":\"https:\/\/www.suno.com.br\/noticias\/trump-ameacar-montadoras-taxa\/\"},\"wordCount\":521,\"publisher\":{\"@id\":\"https:\/\/www.suno.com.br\/noticias\/#organization\"},\"image\":{\"@id\":\"https:\/\/www.suno.com.br\/noticias\/trump-ameacar-montadoras-taxa\/#primaryimage\"},\"thumbnailUrl\":\"https:\/\/files.sunoresearch.com.br\/n\/uploads\/2019\/02\/17767573-trump-scaled.webp\",\"keywords\":[\"Donald Trump\",\"importa\u00e7\u00f5es\"],\"articleSection\":[\"Internacional\"],\"inLanguage\":\"pt-BR\"},{\"@type\":\"WebPage\",\"@id\":\"https:\/\/www.suno.com.br\/noticias\/trump-ameacar-montadoras-taxa\/\",\"url\":\"https:\/\/www.suno.com.br\/noticias\/trump-ameacar-montadoras-taxa\/\",\"name\":\"Trump pode amea\u00e7ar montadoras com 25% de taxa sobre importa\u00e7\u00f5es\",\"isPartOf\":{\"@id\":\"https:\/\/www.suno.com.br\/noticias\/#website\"},\"primaryImageOfPage\":{\"@id\":\"https:\/\/www.suno.com.br\/noticias\/trump-ameacar-montadoras-taxa\/#primaryimage\"},\"image\":{\"@id\":\"https:\/\/www.suno.com.br\/noticias\/trump-ameacar-montadoras-taxa\/#primaryimage\"},\"thumbnailUrl\":\"https:\/\/files.sunoresearch.com.br\/n\/uploads\/2019\/02\/17767573-trump-scaled.webp\",\"datePublished\":\"2019-02-17T20:30:38+00:00\",\"description\":\"Trump deve receber documentos neste domingo (17); Relat\u00f3rio do Departamento de Com\u00e9rcio \u00e9 confidencial. Clique para saber mais.\",\"breadcrumb\":{\"@id\":\"https:\/\/www.suno.com.br\/noticias\/trump-ameacar-montadoras-taxa\/#breadcrumb\"},\"inLanguage\":\"pt-BR\",\"potentialAction\":[{\"@type\":\"ReadAction\",\"target\":[\"https:\/\/www.suno.com.br\/noticias\/trump-ameacar-montadoras-taxa\/\"]}]},{\"@type\":\"ImageObject\",\"inLanguage\":\"pt-BR\",\"@id\":\"https:\/\/www.suno.com.br\/noticias\/trump-ameacar-montadoras-taxa\/#primaryimage\",\"url\":\"https:\/\/files.sunoresearch.com.br\/n\/uploads\/2019\/02\/17767573-trump-scaled.webp\",\"contentUrl\":\"https:\/\/files.sunoresearch.com.br\/n\/uploads\/2019\/02\/17767573-trump-scaled.webp\",\"width\":2560,\"height\":1768,\"caption\":\"Trump imp\u00f5e limites ao com\u00e9rcio da Huawei com os EUA\"},{\"@type\":\"BreadcrumbList\",\"@id\":\"https:\/\/www.suno.com.br\/noticias\/trump-ameacar-montadoras-taxa\/#breadcrumb\",\"itemListElement\":[{\"@type\":\"ListItem\",\"position\":1,\"name\":\"Not\u00edcias\",\"item\":\"https:\/\/www.suno.com.br\/noticias\/\"},{\"@type\":\"ListItem\",\"position\":2,\"name\":\"Internacional\",\"item\":\"https:\/\/www.suno.com.br\/noticias\/internacional\/\"},{\"@type\":\"ListItem\",\"position\":3,\"name\":\"Trump pode amea\u00e7ar montadoras com 25% de taxa sobre importa\u00e7\u00f5es\"}]},{\"@type\":\"WebSite\",\"@id\":\"https:\/\/www.suno.com.br\/noticias\/#website\",\"url\":\"https:\/\/www.suno.com.br\/noticias\/\",\"name\":\"Suno Not\u00edcias\",\"description\":\"Seu portal de informa\u00e7\u00e3o sobre o mundo dos investimentos\",\"publisher\":{\"@id\":\"https:\/\/www.suno.com.br\/noticias\/#organization\"},\"potentialAction\":[{\"@type\":\"SearchAction\",\"target\":{\"@type\":\"EntryPoint\",\"urlTemplate\":\"https:\/\/www.suno.com.br\/noticias\/?s={search_term_string}\"},\"query-input\":{\"@type\":\"PropertyValueSpecification\",\"valueRequired\":true,\"valueName\":\"search_term_string\"}}],\"inLanguage\":\"pt-BR\"},{\"@type\":\"Organization\",\"@id\":\"https:\/\/www.suno.com.br\/noticias\/#organization\",\"name\":\"Suno Not\u00edcias\",\"url\":\"https:\/\/www.suno.com.br\/noticias\/\",\"logo\":{\"@type\":\"ImageObject\",\"inLanguage\":\"pt-BR\",\"@id\":\"https:\/\/www.suno.com.br\/noticias\/#\/schema\/logo\/image\/\",\"url\":\"https:\/\/files.sunoresearch.com.br\/n\/uploads\/2021\/09\/suno-logo.png\",\"contentUrl\":\"https:\/\/files.sunoresearch.com.br\/n\/uploads\/2021\/09\/suno-logo.png\",\"width\":180,\"height\":180,\"caption\":\"Suno Not\u00edcias\"},\"image\":{\"@id\":\"https:\/\/www.suno.com.br\/noticias\/#\/schema\/logo\/image\/\"},\"sameAs\":[\"https:\/\/facebook.com\/sunoresearch\",\"https:\/\/x.com\/sunoresearch\",\"https:\/\/www.instagram.com\/suno\",\"https:\/\/www.linkedin.com\/company\/suno-research\/\",\"https:\/\/www.youtube.com\/c\/sunoresearch\"]},{\"@type\":\"Person\",\"@id\":\"https:\/\/www.suno.com.br\/noticias\/#\/schema\/person\/fc144a1c6108bd1dcd43784e88a3c138\",\"name\":\"Renan Bandeira\",\"image\":{\"@type\":\"ImageObject\",\"inLanguage\":\"pt-BR\",\"@id\":\"https:\/\/www.suno.com.br\/noticias\/#\/schema\/person\/image\/\",\"url\":\"https:\/\/secure.gravatar.com\/avatar\/68359cdb608f14f11bbefcb78f3fc747?s=96&r=g\",\"contentUrl\":\"https:\/\/secure.gravatar.com\/avatar\/68359cdb608f14f11bbefcb78f3fc747?s=96&r=g\",\"caption\":\"Renan Bandeira\"},\"description\":\"Renan Bandeira escreve sobre pol\u00edtica e economia para o portal da Suno Research. Antes da Suno, trabalhou em uma rede de televis\u00e3o, onde fazia reportagens sobre os mesmos temas. Estuda na Universidade Metodista de S\u00e3o Paulo.\",\"url\":\"https:\/\/www.suno.com.br\/noticias\/author\/renan-bandeira\/\"}]}<\/script>\n<!-- \/ Yoast SEO plugin. -->","yoast_head_json":{"title":"Trump pode amea\u00e7ar montadoras com 25% de taxa sobre importa\u00e7\u00f5es","description":"Trump deve receber documentos neste domingo (17); Relat\u00f3rio do Departamento de Com\u00e9rcio \u00e9 confidencial. Clique para saber mais.","robots":{"index":"index","follow":"follow","max-snippet":"max-snippet:-1","max-image-preview":"max-image-preview:large","max-video-preview":"max-video-preview:-1"},"canonical":"https:\/\/www.suno.com.br\/noticias\/trump-ameacar-montadoras-taxa\/","og_locale":"pt_BR","og_type":"article","og_title":"Trump pode amea\u00e7ar montadoras com 25% de taxa sobre importa\u00e7\u00f5es","og_description":"Trump deve receber documentos neste domingo (17); Relat\u00f3rio do Departamento de Com\u00e9rcio \u00e9 confidencial. Clique para saber mais.","og_url":"https:\/\/www.suno.com.br\/noticias\/trump-ameacar-montadoras-taxa\/","og_site_name":"Suno Not\u00edcias","article_publisher":"https:\/\/facebook.com\/sunoresearch","og_image":[{"width":2901,"height":2004,"url":"https:\/\/files.sunoresearch.com.br\/n\/uploads\/2019\/02\/17767573-trump.jpg","type":"image\/jpeg"}],"author":"Renan Bandeira","twitter_card":"summary_large_image","twitter_creator":"@sunoresearch","twitter_site":"@sunoresearch","twitter_misc":{"Escrito por":"Renan Bandeira","Est. tempo de leitura":"3 minutos"},"schema":{"@context":"https:\/\/schema.org","@graph":[{"@type":"NewsArticle","@id":"https:\/\/www.suno.com.br\/noticias\/trump-ameacar-montadoras-taxa\/#article","isPartOf":{"@id":"https:\/\/www.suno.com.br\/noticias\/trump-ameacar-montadoras-taxa\/"},"author":{"name":"Renan Bandeira","@id":"https:\/\/www.suno.com.br\/noticias\/#\/schema\/person\/fc144a1c6108bd1dcd43784e88a3c138"},"headline":"Trump pode amea\u00e7ar montadoras com 25% de taxa sobre importa\u00e7\u00f5es","datePublished":"2019-02-17T20:30:38+00:00","mainEntityOfPage":{"@id":"https:\/\/www.suno.com.br\/noticias\/trump-ameacar-montadoras-taxa\/"},"wordCount":521,"publisher":{"@id":"https:\/\/www.suno.com.br\/noticias\/#organization"},"image":{"@id":"https:\/\/www.suno.com.br\/noticias\/trump-ameacar-montadoras-taxa\/#primaryimage"},"thumbnailUrl":"https:\/\/files.sunoresearch.com.br\/n\/uploads\/2019\/02\/17767573-trump-scaled.webp","keywords":["Donald Trump","importa\u00e7\u00f5es"],"articleSection":["Internacional"],"inLanguage":"pt-BR"},{"@type":"WebPage","@id":"https:\/\/www.suno.com.br\/noticias\/trump-ameacar-montadoras-taxa\/","url":"https:\/\/www.suno.com.br\/noticias\/trump-ameacar-montadoras-taxa\/","name":"Trump pode amea\u00e7ar montadoras com 25% de taxa sobre importa\u00e7\u00f5es","isPartOf":{"@id":"https:\/\/www.suno.com.br\/noticias\/#website"},"primaryImageOfPage":{"@id":"https:\/\/www.suno.com.br\/noticias\/trump-ameacar-montadoras-taxa\/#primaryimage"},"image":{"@id":"https:\/\/www.suno.com.br\/noticias\/trump-ameacar-montadoras-taxa\/#primaryimage"},"thumbnailUrl":"https:\/\/files.sunoresearch.com.br\/n\/uploads\/2019\/02\/17767573-trump-scaled.webp","datePublished":"2019-02-17T20:30:38+00:00","description":"Trump deve receber documentos neste domingo (17); Relat\u00f3rio do Departamento de Com\u00e9rcio \u00e9 confidencial. Clique para saber mais.","breadcrumb":{"@id":"https:\/\/www.suno.com.br\/noticias\/trump-ameacar-montadoras-taxa\/#breadcrumb"},"inLanguage":"pt-BR","potentialAction":[{"@type":"ReadAction","target":["https:\/\/www.suno.com.br\/noticias\/trump-ameacar-montadoras-taxa\/"]}]},{"@type":"ImageObject","inLanguage":"pt-BR","@id":"https:\/\/www.suno.com.br\/noticias\/trump-ameacar-montadoras-taxa\/#primaryimage","url":"https:\/\/files.sunoresearch.com.br\/n\/uploads\/2019\/02\/17767573-trump-scaled.webp","contentUrl":"https:\/\/files.sunoresearch.com.br\/n\/uploads\/2019\/02\/17767573-trump-scaled.webp","width":2560,"height":1768,"caption":"Trump imp\u00f5e limites ao com\u00e9rcio da Huawei com os EUA"},{"@type":"BreadcrumbList","@id":"https:\/\/www.suno.com.br\/noticias\/trump-ameacar-montadoras-taxa\/#breadcrumb","itemListElement":[{"@type":"ListItem","position":1,"name":"Not\u00edcias","item":"https:\/\/www.suno.com.br\/noticias\/"},{"@type":"ListItem","position":2,"name":"Internacional","item":"https:\/\/www.suno.com.br\/noticias\/internacional\/"},{"@type":"ListItem","position":3,"name":"Trump pode amea\u00e7ar montadoras com 25% de taxa sobre importa\u00e7\u00f5es"}]},{"@type":"WebSite","@id":"https:\/\/www.suno.com.br\/noticias\/#website","url":"https:\/\/www.suno.com.br\/noticias\/","name":"Suno Not\u00edcias","description":"Seu portal de informa\u00e7\u00e3o sobre o mundo dos investimentos","publisher":{"@id":"https:\/\/www.suno.com.br\/noticias\/#organization"},"potentialAction":[{"@type":"SearchAction","target":{"@type":"EntryPoint","urlTemplate":"https:\/\/www.suno.com.br\/noticias\/?s={search_term_string}"},"query-input":{"@type":"PropertyValueSpecification","valueRequired":true,"valueName":"search_term_string"}}],"inLanguage":"pt-BR"},{"@type":"Organization","@id":"https:\/\/www.suno.com.br\/noticias\/#organization","name":"Suno Not\u00edcias","url":"https:\/\/www.suno.com.br\/noticias\/","logo":{"@type":"ImageObject","inLanguage":"pt-BR","@id":"https:\/\/www.suno.com.br\/noticias\/#\/schema\/logo\/image\/","url":"https:\/\/files.sunoresearch.com.br\/n\/uploads\/2021\/09\/suno-logo.png","contentUrl":"https:\/\/files.sunoresearch.com.br\/n\/uploads\/2021\/09\/suno-logo.png","width":180,"height":180,"caption":"Suno Not\u00edcias"},"image":{"@id":"https:\/\/www.suno.com.br\/noticias\/#\/schema\/logo\/image\/"},"sameAs":["https:\/\/facebook.com\/sunoresearch","https:\/\/x.com\/sunoresearch","https:\/\/www.instagram.com\/suno","https:\/\/www.linkedin.com\/company\/suno-research\/","https:\/\/www.youtube.com\/c\/sunoresearch"]},{"@type":"Person","@id":"https:\/\/www.suno.com.br\/noticias\/#\/schema\/person\/fc144a1c6108bd1dcd43784e88a3c138","name":"Renan Bandeira","image":{"@type":"ImageObject","inLanguage":"pt-BR","@id":"https:\/\/www.suno.com.br\/noticias\/#\/schema\/person\/image\/","url":"https:\/\/secure.gravatar.com\/avatar\/68359cdb608f14f11bbefcb78f3fc747?s=96&r=g","contentUrl":"https:\/\/secure.gravatar.com\/avatar\/68359cdb608f14f11bbefcb78f3fc747?s=96&r=g","caption":"Renan Bandeira"},"description":"Renan Bandeira escreve sobre pol\u00edtica e economia para o portal da Suno Research. Antes da Suno, trabalhou em uma rede de televis\u00e3o, onde fazia reportagens sobre os mesmos temas. Estuda na Universidade Metodista de S\u00e3o Paulo.","url":"https:\/\/www.suno.com.br\/noticias\/author\/renan-bandeira\/"}]}},"default_loop_html":"<div class=\"cardsPage__listCard__boxs\"><div class=\"cardsPage__listCard__boxs__img\"><a href=\"https:\/\/www.suno.com.br\/noticias\/trump-ameacar-montadoras-taxa\/\"><img class=\"mask\" src=\"https:\/\/www.suno.com.br\/noticias\/wp-content\/themes\/suno\/resources\/images\/spotlight\/spotlight1img\/bg-mask.png\" alt=\"Image Mask\"\/><img src=\"https:\/\/files.sunoresearch.com.br\/n\/uploads\/2019\/02\/17767573-trump-400x200.webp\" alt=\"Trump pode amea\u00e7ar montadoras com 25% de taxa sobre importa\u00e7\u00f5es\"\/><\/a><span class=\"spotlightCategory\"><a href=\"https:\/\/www.suno.com.br\/noticias\/internacional\/\">Internacional<\/a><\/span><\/div><div class=\"cardsPage__listCard__boxs__content\"><a href=\"https:\/\/www.suno.com.br\/noticias\/trump-ameacar-montadoras-taxa\/\"><h2 class=\"content__title\">Trump pode amea\u00e7ar montadoras com 25% de taxa sobre importa\u00e7\u00f5es<\/h2><\/a><div class=\"newsContent__article__meta\"><div class=\"newsContent__article__meta__authorBox\"><a href=\"https:\/\/www.suno.com.br\/noticias\/author\/renan-bandeira\/\" class=\"authorBox__avatar noMobi\"><img src=\"https:\/\/secure.gravatar.com\/avatar\/68359cdb608f14f11bbefcb78f3fc747?s=96&#038;r=g\" alt=\"Renan Bandeira\"><\/a><div class=\"authorBox__name\"><span>por\n\t\t\t<a href=\"https:\/\/www.suno.com.br\/noticias\/author\/renan-bandeira\/\"><span itemprop=\"author\">Renan Bandeira<\/span><\/a><\/span><time datetime=\"2019-02-17T17:30:38-03:00\" itemprop=\"datePublished\">17\/02\/2019 17:30<\/time><\/div><\/div><\/div><\/div><\/div>","single_layout":"posts","amp_enabled":true,"_links":{"self":[{"href":"https:\/\/www.suno.com.br\/noticias\/wp-json\/wp\/v2\/posts\/15610"}],"collection":[{"href":"https:\/\/www.suno.com.br\/noticias\/wp-json\/wp\/v2\/posts"}],"about":[{"href":"https:\/\/www.suno.com.br\/noticias\/wp-json\/wp\/v2\/types\/post"}],"author":[{"embeddable":true,"href":"https:\/\/www.suno.com.br\/noticias\/wp-json\/wp\/v2\/users\/11"}],"replies":[{"embeddable":true,"href":"https:\/\/www.suno.com.br\/noticias\/wp-json\/wp\/v2\/comments?post=15610"}],"version-history":[{"count":0,"href":"https:\/\/www.suno.com.br\/noticias\/wp-json\/wp\/v2\/posts\/15610\/revisions"}],"wp:featuredmedia":[{"embeddable":true,"href":"https:\/\/www.suno.com.br\/noticias\/wp-json\/wp\/v2\/media\/15612"}],"wp:attachment":[{"href":"https:\/\/www.suno.com.br\/noticias\/wp-json\/wp\/v2\/media?parent=15610"}],"wp:term":[{"taxonomy":"category","embeddable":true,"href":"https:\/\/www.suno.com.br\/noticias\/wp-json\/wp\/v2\/categories?post=15610"},{"taxonomy":"post_tag","embeddable":true,"href":"https:\/\/www.suno.com.br\/noticias\/wp-json\/wp\/v2\/tags?post=15610"},{"taxonomy":"suno_strategy","embeddable":true,"href":"https:\/\/www.suno.com.br\/noticias\/wp-json\/wp\/v2\/suno_strategy?post=15610"}],"curies":[{"name":"wp","href":"https:\/\/api.w.org\/{rel}","templated":true}]}}