{"id":15607,"date":"2019-02-17T16:27:09","date_gmt":"2019-02-17T19:27:09","guid":{"rendered":"https:\/\/www.suno.com.br\/noticias\/?p=15607"},"modified":"2019-02-17T16:27:09","modified_gmt":"2019-02-17T19:27:09","slug":"airbus-dificeis-decisoes-brexit","status":"publish","type":"post","link":"https:\/\/www.suno.com.br\/noticias\/airbus-dificeis-decisoes-brexit\/","title":{"rendered":"Airbus fala em tomar &#8220;dif\u00edceis decis\u00f5es&#8221; caso n\u00e3o haja acordo no Brexit"},"content":{"rendered":"<p>Vice-presidente da Airbus, Katherine Bennett, pressiona sobre Brexit e diz que ter\u00e1 que tomar &#8220;dif\u00edceis decis\u00f5es&#8221; sobre investimentos futuros caso o Reino Unido deixe a Uni\u00e3o Europeia sem acordo.<\/p>\t<div class=\"wrapper-featured-image\">\n\t\t<figure class=\"spotlightImg\">\n\n\t\t\t<picture>\n\t\t\t\t<source media=\"(max-width: 768px)\" srcset=\"https:\/\/files.sunoresearch.com.br\/n\/uploads\/2019\/02\/5e4af72e-airbus-400x200.webp\">\n\t\t\t\t<img loading=\"lazy\" decoding=\"async\" class=\"newsContent__article__imgCapa lazyloadDisabled newsContent__article__imgCapa--noCaption\" src=\"https:\/\/files.sunoresearch.com.br\/n\/uploads\/2019\/02\/5e4af72e-airbus-800x450.webp\" width=\"800\" height=\"450\" alt=\"Airbus fala em tomar &#8220;dif\u00edceis decis\u00f5es&#8221; caso n\u00e3o haja acordo no Brexit\" fetchpriority=high \/>\n\t\t\t<\/picture>\n\n\t\t\t<figcaption class=\"wp-caption-text wp-caption-text--hide\"><\/figcaption>\n\t\t<\/figure>\n\t<\/div>\n\n\n<p>&#8220;N\u00e3o h\u00e1 como sair &#8220;sem acordo&#8221; e de forma negociada, isso \u00e9 absolutamente catastr\u00f3fico para n\u00f3s&#8221;, declarou a vice-presidente da <strong>Airbus<\/strong> \u00e0 &#8220;BBC&#8221; neste domingo (17).<\/p>\n<p>Al\u00e9m disso, a empresa fala sobre uma nova atitude caso n\u00e3o haja acordo.\u00a0&#8220;Algumas dif\u00edceis decis\u00f5es ter\u00e3o de ser tomadas se n\u00e3o houver um acordo&#8230;n\u00f3s teremos que avaliar nossos <strong>investimentos<\/strong> futuros.&#8221;<\/p>\n<p>De acordo com a fabricante de aeronaves que j\u00e1 foram investidos &#8220;dezenas de milh\u00f5es de euros&#8221; em estocagem de pe\u00e7as e seguran\u00e7a de sistemas de TI por conta do <strong>Brexit<\/strong>.<\/p>\n<p><a href=\"https:\/\/www.suno.com.br\/noticias\/airbus-superjumbo-a380-fim-producao\/\">Saiba mais:\u00a0Airbus informa encerramento de produ\u00e7\u00e3o do superjumbo A380<\/a><\/p>\n<h2>May \u00e9 derrotada novamente<\/h2>\n<p>Na \u00faltima quinta-feira, em uma vota\u00e7\u00e3o simb\u00f3lica, a primeira-ministra do <strong>Reino Unido<\/strong>, <strong>Theresa May<\/strong>, foi derrotada novamente em rela\u00e7\u00e3o ao plano estrat\u00e9gico para conseguir o acordo <strong>Brexit<\/strong> com a <strong>Uni\u00e3o Europeia<\/strong>.<\/p>\n<article>\n<div class=\"wall protected-content\">\n<div class=\"mc-column content-text active-extra-styles \" data-block-type=\"unstyled\" data-block-weight=\"29\" data-block-id=\"5\">\n<p class=\"content-text__container \" data-track-category=\"Link no Texto\" data-track-links=\"\">O objetivo da primeira-ministra brit\u00e2nica \u00e9 convencer a lideran\u00e7a da Uni\u00e3o Europeia que se houver a renegocia\u00e7\u00e3o de alguns pontos, o acordo rejeitado em 29 de janeiro pelo Parlamento pode ser aprovado.<\/p>\n<\/div>\n<div class=\"mc-column content-text active-extra-styles \" data-block-type=\"unstyled\" data-block-weight=\"30\" data-block-id=\"7\">\n<p class=\"content-text__container \" data-track-category=\"Link no Texto\" data-track-links=\"\">Al\u00e9m disso, May deve se reunir com cada l\u00edder do bloco econ\u00f4mico e tamb\u00e9m com o chefe da <strong>Comiss\u00e3o Europeia<\/strong> afim de conseguir mudan\u00e7as para o acordo de sa\u00edda da Uni\u00e3o Europeia.<\/p>\n<h2 data-track-category=\"Link no Texto\">Lucro da Airbus<\/h2>\n<p>Na \u00faltima quinta-feira (14), a Airbus divulgou seu balan\u00e7o financeiro. No entanto, os resultados foram acima do esperado pelo mercado.<\/p>\n<p>A fabricante registrou um\u00a0<strong>lucro operacional<\/strong> de 3,096 bilh\u00f5es de euros no <strong>quarto trimestre<\/strong> de 2018, uma alta de 56% no comparativo ao mesmo per\u00edodo do ano anterior. Al\u00e9m disso, as\u00a0<strong>receitas<\/strong> subiram 11% no acumulado dos tr\u00eas meses, atingindo 23,286 bilh\u00f5es de euros.<\/p>\n<p>De acordo com a Reuters, analistas do mercado haviam calculado\u00a0um <strong>lucro<\/strong> de 2,292 bilh\u00f5es de euros<strong>.<\/strong>\u00a0No caso da\u00a0<strong>receita,<\/strong>\u00a0a estimativa era de 22,372 bilh\u00f5es de euros. Entretanto, ambas as <strong>proje\u00e7\u00f5es<\/strong> foram <strong>superadas<\/strong> com folga pela <strong>fabricante.<\/strong><\/p>\n<\/div>\n<p><a href=\"https:\/\/www.suno.com.br\/noticias\/lucro-airbus-desempenho-eleva-acoes\/\">Saiba mais:\u00a0Lucro da Airbus cresce 56%; desempenho robusto eleva a\u00e7\u00f5es<\/a><\/p>\n<p>No mesmo dia em que foram divulgadas os dados as a\u00e7\u00f5es da <strong>Airbus<\/strong> subiram 5,4%.<\/p>\n<\/div>\n<\/article>\n","protected":false},"excerpt":{"rendered":"<p>Vice-presidente da Airbus, Katherine Bennett, pressiona sobre Brexit e diz que ter\u00e1 que tomar &#8220;dif\u00edceis decis\u00f5es&#8221; sobre investimentos futuros caso o Reino Unido deixe a Uni\u00e3o Europeia sem acordo. &#8220;N\u00e3o h\u00e1 como sair &#8220;sem acordo&#8221; e de forma negociada, isso \u00e9 absolutamente catastr\u00f3fico para n\u00f3s&#8221;, declarou a vice-presidente da Airbus \u00e0 &#8220;BBC&#8221; neste domingo (17). [&hellip;]<\/p>\n","protected":false},"author":11,"featured_media":15608,"comment_status":"closed","ping_status":"closed","sticky":false,"template":"","format":"standard","meta":[],"categories":[63],"tags":[947,753],"suno_strategy":[],"class_list":["post-15607","post","type-post","status-publish","format-standard","has-post-thumbnail","hentry","category-internacional","tag-airbus","tag-brexit"],"yoast_head":"<!-- This site is optimized with the Yoast SEO plugin v24.4 - https:\/\/yoast.com\/wordpress\/plugins\/seo\/ -->\n<title>Airbus fala em tomar &quot;dif\u00edceis decis\u00f5es&quot; caso n\u00e3o haja acordo no Brexit<\/title>\n<meta name=\"description\" content=\"Airbus ainda declara que seria &quot;catastr\u00f3fico&quot; n\u00e3o haver acordo do Brexit; May foi derritada novamente em vota\u00e7\u00e3o. Clique para saber mais.\" \/>\n<meta name=\"robots\" content=\"index, follow, max-snippet:-1, max-image-preview:large, max-video-preview:-1\" \/>\n<link rel=\"canonical\" href=\"https:\/\/www.suno.com.br\/noticias\/airbus-dificeis-decisoes-brexit\/\" \/>\n<meta property=\"og:locale\" content=\"pt_BR\" \/>\n<meta property=\"og:type\" content=\"article\" \/>\n<meta property=\"og:title\" content=\"Airbus fala em tomar &quot;dif\u00edceis decis\u00f5es&quot; caso n\u00e3o haja acordo no Brexit\" \/>\n<meta property=\"og:description\" content=\"Airbus ainda declara que seria &quot;catastr\u00f3fico&quot; n\u00e3o haver acordo do Brexit; May foi derritada novamente em vota\u00e7\u00e3o. Clique para saber mais.\" \/>\n<meta property=\"og:url\" content=\"https:\/\/www.suno.com.br\/noticias\/airbus-dificeis-decisoes-brexit\/\" \/>\n<meta property=\"og:site_name\" content=\"Suno Not\u00edcias\" \/>\n<meta property=\"article:publisher\" content=\"https:\/\/facebook.com\/sunoresearch\" \/>\n<meta property=\"og:image\" content=\"https:\/\/files.sunoresearch.com.br\/n\/uploads\/2019\/02\/5e4af72e-airbus.jpg\" \/>\n\t<meta property=\"og:image:width\" content=\"1280\" \/>\n\t<meta property=\"og:image:height\" content=\"847\" \/>\n\t<meta property=\"og:image:type\" content=\"image\/jpeg\" \/>\n<meta name=\"author\" content=\"Renan Bandeira\" \/>\n<meta name=\"twitter:card\" content=\"summary_large_image\" \/>\n<meta name=\"twitter:creator\" content=\"@sunoresearch\" \/>\n<meta name=\"twitter:site\" content=\"@sunoresearch\" \/>\n<meta name=\"twitter:label1\" content=\"Escrito por\" \/>\n\t<meta name=\"twitter:data1\" content=\"Renan Bandeira\" \/>\n\t<meta name=\"twitter:label2\" content=\"Est. tempo de leitura\" \/>\n\t<meta name=\"twitter:data2\" content=\"2 minutos\" \/>\n<script type=\"application\/ld+json\" class=\"yoast-schema-graph\">{\"@context\":\"https:\/\/schema.org\",\"@graph\":[{\"@type\":\"NewsArticle\",\"@id\":\"https:\/\/www.suno.com.br\/noticias\/airbus-dificeis-decisoes-brexit\/#article\",\"isPartOf\":{\"@id\":\"https:\/\/www.suno.com.br\/noticias\/airbus-dificeis-decisoes-brexit\/\"},\"author\":{\"name\":\"Renan Bandeira\",\"@id\":\"https:\/\/www.suno.com.br\/noticias\/#\/schema\/person\/fc144a1c6108bd1dcd43784e88a3c138\"},\"headline\":\"Airbus fala em tomar &#8220;dif\u00edceis decis\u00f5es&#8221; caso n\u00e3o haja acordo no Brexit\",\"datePublished\":\"2019-02-17T19:27:09+00:00\",\"mainEntityOfPage\":{\"@id\":\"https:\/\/www.suno.com.br\/noticias\/airbus-dificeis-decisoes-brexit\/\"},\"wordCount\":402,\"publisher\":{\"@id\":\"https:\/\/www.suno.com.br\/noticias\/#organization\"},\"image\":{\"@id\":\"https:\/\/www.suno.com.br\/noticias\/airbus-dificeis-decisoes-brexit\/#primaryimage\"},\"thumbnailUrl\":\"https:\/\/files.sunoresearch.com.br\/n\/uploads\/2019\/02\/5e4af72e-airbus-jpg.webp\",\"keywords\":[\"Airbus\",\"Brexit\"],\"articleSection\":[\"Internacional\"],\"inLanguage\":\"pt-BR\"},{\"@type\":\"WebPage\",\"@id\":\"https:\/\/www.suno.com.br\/noticias\/airbus-dificeis-decisoes-brexit\/\",\"url\":\"https:\/\/www.suno.com.br\/noticias\/airbus-dificeis-decisoes-brexit\/\",\"name\":\"Airbus fala em tomar \\\"dif\u00edceis decis\u00f5es\\\" caso n\u00e3o haja acordo no Brexit\",\"isPartOf\":{\"@id\":\"https:\/\/www.suno.com.br\/noticias\/#website\"},\"primaryImageOfPage\":{\"@id\":\"https:\/\/www.suno.com.br\/noticias\/airbus-dificeis-decisoes-brexit\/#primaryimage\"},\"image\":{\"@id\":\"https:\/\/www.suno.com.br\/noticias\/airbus-dificeis-decisoes-brexit\/#primaryimage\"},\"thumbnailUrl\":\"https:\/\/files.sunoresearch.com.br\/n\/uploads\/2019\/02\/5e4af72e-airbus-jpg.webp\",\"datePublished\":\"2019-02-17T19:27:09+00:00\",\"description\":\"Airbus ainda declara que seria \\\"catastr\u00f3fico\\\" n\u00e3o haver acordo do Brexit; May foi derritada novamente em vota\u00e7\u00e3o. Clique para saber mais.\",\"breadcrumb\":{\"@id\":\"https:\/\/www.suno.com.br\/noticias\/airbus-dificeis-decisoes-brexit\/#breadcrumb\"},\"inLanguage\":\"pt-BR\",\"potentialAction\":[{\"@type\":\"ReadAction\",\"target\":[\"https:\/\/www.suno.com.br\/noticias\/airbus-dificeis-decisoes-brexit\/\"]}]},{\"@type\":\"ImageObject\",\"inLanguage\":\"pt-BR\",\"@id\":\"https:\/\/www.suno.com.br\/noticias\/airbus-dificeis-decisoes-brexit\/#primaryimage\",\"url\":\"https:\/\/files.sunoresearch.com.br\/n\/uploads\/2019\/02\/5e4af72e-airbus-jpg.webp\",\"contentUrl\":\"https:\/\/files.sunoresearch.com.br\/n\/uploads\/2019\/02\/5e4af72e-airbus-jpg.webp\",\"width\":1280,\"height\":847,\"caption\":\"EUA\"},{\"@type\":\"BreadcrumbList\",\"@id\":\"https:\/\/www.suno.com.br\/noticias\/airbus-dificeis-decisoes-brexit\/#breadcrumb\",\"itemListElement\":[{\"@type\":\"ListItem\",\"position\":1,\"name\":\"Not\u00edcias\",\"item\":\"https:\/\/www.suno.com.br\/noticias\/\"},{\"@type\":\"ListItem\",\"position\":2,\"name\":\"Internacional\",\"item\":\"https:\/\/www.suno.com.br\/noticias\/internacional\/\"},{\"@type\":\"ListItem\",\"position\":3,\"name\":\"Airbus fala em tomar &#8220;dif\u00edceis decis\u00f5es&#8221; caso n\u00e3o haja acordo no Brexit\"}]},{\"@type\":\"WebSite\",\"@id\":\"https:\/\/www.suno.com.br\/noticias\/#website\",\"url\":\"https:\/\/www.suno.com.br\/noticias\/\",\"name\":\"Suno Not\u00edcias\",\"description\":\"Seu portal de informa\u00e7\u00e3o sobre o mundo dos investimentos\",\"publisher\":{\"@id\":\"https:\/\/www.suno.com.br\/noticias\/#organization\"},\"potentialAction\":[{\"@type\":\"SearchAction\",\"target\":{\"@type\":\"EntryPoint\",\"urlTemplate\":\"https:\/\/www.suno.com.br\/noticias\/?s={search_term_string}\"},\"query-input\":{\"@type\":\"PropertyValueSpecification\",\"valueRequired\":true,\"valueName\":\"search_term_string\"}}],\"inLanguage\":\"pt-BR\"},{\"@type\":\"Organization\",\"@id\":\"https:\/\/www.suno.com.br\/noticias\/#organization\",\"name\":\"Suno Not\u00edcias\",\"url\":\"https:\/\/www.suno.com.br\/noticias\/\",\"logo\":{\"@type\":\"ImageObject\",\"inLanguage\":\"pt-BR\",\"@id\":\"https:\/\/www.suno.com.br\/noticias\/#\/schema\/logo\/image\/\",\"url\":\"https:\/\/files.sunoresearch.com.br\/n\/uploads\/2021\/09\/suno-logo.png\",\"contentUrl\":\"https:\/\/files.sunoresearch.com.br\/n\/uploads\/2021\/09\/suno-logo.png\",\"width\":180,\"height\":180,\"caption\":\"Suno Not\u00edcias\"},\"image\":{\"@id\":\"https:\/\/www.suno.com.br\/noticias\/#\/schema\/logo\/image\/\"},\"sameAs\":[\"https:\/\/facebook.com\/sunoresearch\",\"https:\/\/x.com\/sunoresearch\",\"https:\/\/www.instagram.com\/suno\",\"https:\/\/www.linkedin.com\/company\/suno-research\/\",\"https:\/\/www.youtube.com\/c\/sunoresearch\"]},{\"@type\":\"Person\",\"@id\":\"https:\/\/www.suno.com.br\/noticias\/#\/schema\/person\/fc144a1c6108bd1dcd43784e88a3c138\",\"name\":\"Renan Bandeira\",\"image\":{\"@type\":\"ImageObject\",\"inLanguage\":\"pt-BR\",\"@id\":\"https:\/\/www.suno.com.br\/noticias\/#\/schema\/person\/image\/\",\"url\":\"https:\/\/secure.gravatar.com\/avatar\/68359cdb608f14f11bbefcb78f3fc747?s=96&r=g\",\"contentUrl\":\"https:\/\/secure.gravatar.com\/avatar\/68359cdb608f14f11bbefcb78f3fc747?s=96&r=g\",\"caption\":\"Renan Bandeira\"},\"description\":\"Renan Bandeira escreve sobre pol\u00edtica e economia para o portal da Suno Research. Antes da Suno, trabalhou em uma rede de televis\u00e3o, onde fazia reportagens sobre os mesmos temas. Estuda na Universidade Metodista de S\u00e3o Paulo.\",\"url\":\"https:\/\/www.suno.com.br\/noticias\/author\/renan-bandeira\/\"}]}<\/script>\n<!-- \/ Yoast SEO plugin. -->","yoast_head_json":{"title":"Airbus fala em tomar \"dif\u00edceis decis\u00f5es\" caso n\u00e3o haja acordo no Brexit","description":"Airbus ainda declara que seria \"catastr\u00f3fico\" n\u00e3o haver acordo do Brexit; May foi derritada novamente em vota\u00e7\u00e3o. Clique para saber mais.","robots":{"index":"index","follow":"follow","max-snippet":"max-snippet:-1","max-image-preview":"max-image-preview:large","max-video-preview":"max-video-preview:-1"},"canonical":"https:\/\/www.suno.com.br\/noticias\/airbus-dificeis-decisoes-brexit\/","og_locale":"pt_BR","og_type":"article","og_title":"Airbus fala em tomar \"dif\u00edceis decis\u00f5es\" caso n\u00e3o haja acordo no Brexit","og_description":"Airbus ainda declara que seria \"catastr\u00f3fico\" n\u00e3o haver acordo do Brexit; May foi derritada novamente em vota\u00e7\u00e3o. Clique para saber mais.","og_url":"https:\/\/www.suno.com.br\/noticias\/airbus-dificeis-decisoes-brexit\/","og_site_name":"Suno Not\u00edcias","article_publisher":"https:\/\/facebook.com\/sunoresearch","og_image":[{"width":1280,"height":847,"url":"https:\/\/files.sunoresearch.com.br\/n\/uploads\/2019\/02\/5e4af72e-airbus.jpg","type":"image\/jpeg"}],"author":"Renan Bandeira","twitter_card":"summary_large_image","twitter_creator":"@sunoresearch","twitter_site":"@sunoresearch","twitter_misc":{"Escrito por":"Renan Bandeira","Est. tempo de leitura":"2 minutos"},"schema":{"@context":"https:\/\/schema.org","@graph":[{"@type":"NewsArticle","@id":"https:\/\/www.suno.com.br\/noticias\/airbus-dificeis-decisoes-brexit\/#article","isPartOf":{"@id":"https:\/\/www.suno.com.br\/noticias\/airbus-dificeis-decisoes-brexit\/"},"author":{"name":"Renan Bandeira","@id":"https:\/\/www.suno.com.br\/noticias\/#\/schema\/person\/fc144a1c6108bd1dcd43784e88a3c138"},"headline":"Airbus fala em tomar &#8220;dif\u00edceis decis\u00f5es&#8221; caso n\u00e3o haja acordo no Brexit","datePublished":"2019-02-17T19:27:09+00:00","mainEntityOfPage":{"@id":"https:\/\/www.suno.com.br\/noticias\/airbus-dificeis-decisoes-brexit\/"},"wordCount":402,"publisher":{"@id":"https:\/\/www.suno.com.br\/noticias\/#organization"},"image":{"@id":"https:\/\/www.suno.com.br\/noticias\/airbus-dificeis-decisoes-brexit\/#primaryimage"},"thumbnailUrl":"https:\/\/files.sunoresearch.com.br\/n\/uploads\/2019\/02\/5e4af72e-airbus-jpg.webp","keywords":["Airbus","Brexit"],"articleSection":["Internacional"],"inLanguage":"pt-BR"},{"@type":"WebPage","@id":"https:\/\/www.suno.com.br\/noticias\/airbus-dificeis-decisoes-brexit\/","url":"https:\/\/www.suno.com.br\/noticias\/airbus-dificeis-decisoes-brexit\/","name":"Airbus fala em tomar \"dif\u00edceis decis\u00f5es\" caso n\u00e3o haja acordo no Brexit","isPartOf":{"@id":"https:\/\/www.suno.com.br\/noticias\/#website"},"primaryImageOfPage":{"@id":"https:\/\/www.suno.com.br\/noticias\/airbus-dificeis-decisoes-brexit\/#primaryimage"},"image":{"@id":"https:\/\/www.suno.com.br\/noticias\/airbus-dificeis-decisoes-brexit\/#primaryimage"},"thumbnailUrl":"https:\/\/files.sunoresearch.com.br\/n\/uploads\/2019\/02\/5e4af72e-airbus-jpg.webp","datePublished":"2019-02-17T19:27:09+00:00","description":"Airbus ainda declara que seria \"catastr\u00f3fico\" n\u00e3o haver acordo do Brexit; May foi derritada novamente em vota\u00e7\u00e3o. Clique para saber mais.","breadcrumb":{"@id":"https:\/\/www.suno.com.br\/noticias\/airbus-dificeis-decisoes-brexit\/#breadcrumb"},"inLanguage":"pt-BR","potentialAction":[{"@type":"ReadAction","target":["https:\/\/www.suno.com.br\/noticias\/airbus-dificeis-decisoes-brexit\/"]}]},{"@type":"ImageObject","inLanguage":"pt-BR","@id":"https:\/\/www.suno.com.br\/noticias\/airbus-dificeis-decisoes-brexit\/#primaryimage","url":"https:\/\/files.sunoresearch.com.br\/n\/uploads\/2019\/02\/5e4af72e-airbus-jpg.webp","contentUrl":"https:\/\/files.sunoresearch.com.br\/n\/uploads\/2019\/02\/5e4af72e-airbus-jpg.webp","width":1280,"height":847,"caption":"EUA"},{"@type":"BreadcrumbList","@id":"https:\/\/www.suno.com.br\/noticias\/airbus-dificeis-decisoes-brexit\/#breadcrumb","itemListElement":[{"@type":"ListItem","position":1,"name":"Not\u00edcias","item":"https:\/\/www.suno.com.br\/noticias\/"},{"@type":"ListItem","position":2,"name":"Internacional","item":"https:\/\/www.suno.com.br\/noticias\/internacional\/"},{"@type":"ListItem","position":3,"name":"Airbus fala em tomar &#8220;dif\u00edceis decis\u00f5es&#8221; caso n\u00e3o haja acordo no Brexit"}]},{"@type":"WebSite","@id":"https:\/\/www.suno.com.br\/noticias\/#website","url":"https:\/\/www.suno.com.br\/noticias\/","name":"Suno Not\u00edcias","description":"Seu portal de informa\u00e7\u00e3o sobre o mundo dos investimentos","publisher":{"@id":"https:\/\/www.suno.com.br\/noticias\/#organization"},"potentialAction":[{"@type":"SearchAction","target":{"@type":"EntryPoint","urlTemplate":"https:\/\/www.suno.com.br\/noticias\/?s={search_term_string}"},"query-input":{"@type":"PropertyValueSpecification","valueRequired":true,"valueName":"search_term_string"}}],"inLanguage":"pt-BR"},{"@type":"Organization","@id":"https:\/\/www.suno.com.br\/noticias\/#organization","name":"Suno Not\u00edcias","url":"https:\/\/www.suno.com.br\/noticias\/","logo":{"@type":"ImageObject","inLanguage":"pt-BR","@id":"https:\/\/www.suno.com.br\/noticias\/#\/schema\/logo\/image\/","url":"https:\/\/files.sunoresearch.com.br\/n\/uploads\/2021\/09\/suno-logo.png","contentUrl":"https:\/\/files.sunoresearch.com.br\/n\/uploads\/2021\/09\/suno-logo.png","width":180,"height":180,"caption":"Suno Not\u00edcias"},"image":{"@id":"https:\/\/www.suno.com.br\/noticias\/#\/schema\/logo\/image\/"},"sameAs":["https:\/\/facebook.com\/sunoresearch","https:\/\/x.com\/sunoresearch","https:\/\/www.instagram.com\/suno","https:\/\/www.linkedin.com\/company\/suno-research\/","https:\/\/www.youtube.com\/c\/sunoresearch"]},{"@type":"Person","@id":"https:\/\/www.suno.com.br\/noticias\/#\/schema\/person\/fc144a1c6108bd1dcd43784e88a3c138","name":"Renan Bandeira","image":{"@type":"ImageObject","inLanguage":"pt-BR","@id":"https:\/\/www.suno.com.br\/noticias\/#\/schema\/person\/image\/","url":"https:\/\/secure.gravatar.com\/avatar\/68359cdb608f14f11bbefcb78f3fc747?s=96&r=g","contentUrl":"https:\/\/secure.gravatar.com\/avatar\/68359cdb608f14f11bbefcb78f3fc747?s=96&r=g","caption":"Renan Bandeira"},"description":"Renan Bandeira escreve sobre pol\u00edtica e economia para o portal da Suno Research. Antes da Suno, trabalhou em uma rede de televis\u00e3o, onde fazia reportagens sobre os mesmos temas. Estuda na Universidade Metodista de S\u00e3o Paulo.","url":"https:\/\/www.suno.com.br\/noticias\/author\/renan-bandeira\/"}]}},"default_loop_html":"<div class=\"cardsPage__listCard__boxs\"><div class=\"cardsPage__listCard__boxs__img\"><a href=\"https:\/\/www.suno.com.br\/noticias\/airbus-dificeis-decisoes-brexit\/\"><img class=\"mask\" src=\"https:\/\/www.suno.com.br\/noticias\/wp-content\/themes\/suno\/resources\/images\/spotlight\/spotlight1img\/bg-mask.png\" alt=\"Image Mask\"\/><img src=\"https:\/\/files.sunoresearch.com.br\/n\/uploads\/2019\/02\/5e4af72e-airbus-400x200.webp\" alt=\"Airbus fala em tomar &#8220;dif\u00edceis decis\u00f5es&#8221; caso n\u00e3o haja acordo no Brexit\"\/><\/a><span class=\"spotlightCategory\"><a href=\"https:\/\/www.suno.com.br\/noticias\/internacional\/\">Internacional<\/a><\/span><\/div><div class=\"cardsPage__listCard__boxs__content\"><a href=\"https:\/\/www.suno.com.br\/noticias\/airbus-dificeis-decisoes-brexit\/\"><h2 class=\"content__title\">Airbus fala em tomar &#8220;dif\u00edceis decis\u00f5es&#8221; caso n\u00e3o haja acordo no Brexit<\/h2><\/a><div class=\"newsContent__article__meta\"><div class=\"newsContent__article__meta__authorBox\"><a href=\"https:\/\/www.suno.com.br\/noticias\/author\/renan-bandeira\/\" class=\"authorBox__avatar noMobi\"><img src=\"https:\/\/secure.gravatar.com\/avatar\/68359cdb608f14f11bbefcb78f3fc747?s=96&#038;r=g\" alt=\"Renan Bandeira\"><\/a><div class=\"authorBox__name\"><span>por\n\t\t\t<a href=\"https:\/\/www.suno.com.br\/noticias\/author\/renan-bandeira\/\"><span itemprop=\"author\">Renan Bandeira<\/span><\/a><\/span><time datetime=\"2019-02-17T16:27:09-03:00\" itemprop=\"datePublished\">17\/02\/2019 16:27<\/time><\/div><\/div><\/div><\/div><\/div>","single_layout":"posts","amp_enabled":true,"_links":{"self":[{"href":"https:\/\/www.suno.com.br\/noticias\/wp-json\/wp\/v2\/posts\/15607"}],"collection":[{"href":"https:\/\/www.suno.com.br\/noticias\/wp-json\/wp\/v2\/posts"}],"about":[{"href":"https:\/\/www.suno.com.br\/noticias\/wp-json\/wp\/v2\/types\/post"}],"author":[{"embeddable":true,"href":"https:\/\/www.suno.com.br\/noticias\/wp-json\/wp\/v2\/users\/11"}],"replies":[{"embeddable":true,"href":"https:\/\/www.suno.com.br\/noticias\/wp-json\/wp\/v2\/comments?post=15607"}],"version-history":[{"count":0,"href":"https:\/\/www.suno.com.br\/noticias\/wp-json\/wp\/v2\/posts\/15607\/revisions"}],"wp:featuredmedia":[{"embeddable":true,"href":"https:\/\/www.suno.com.br\/noticias\/wp-json\/wp\/v2\/media\/15608"}],"wp:attachment":[{"href":"https:\/\/www.suno.com.br\/noticias\/wp-json\/wp\/v2\/media?parent=15607"}],"wp:term":[{"taxonomy":"category","embeddable":true,"href":"https:\/\/www.suno.com.br\/noticias\/wp-json\/wp\/v2\/categories?post=15607"},{"taxonomy":"post_tag","embeddable":true,"href":"https:\/\/www.suno.com.br\/noticias\/wp-json\/wp\/v2\/tags?post=15607"},{"taxonomy":"suno_strategy","embeddable":true,"href":"https:\/\/www.suno.com.br\/noticias\/wp-json\/wp\/v2\/suno_strategy?post=15607"}],"curies":[{"name":"wp","href":"https:\/\/api.w.org\/{rel}","templated":true}]}}