{"id":156020,"date":"2021-06-10T14:37:16","date_gmt":"2021-06-10T17:37:16","guid":{"rendered":"https:\/\/www.suno.com.br\/noticias\/?p=156020"},"modified":"2021-06-10T16:56:48","modified_gmt":"2021-06-10T19:56:48","slug":"zona-do-euro-inflacao-subir-2o-semestre-lagarde","status":"publish","type":"post","link":"https:\/\/www.suno.com.br\/noticias\/zona-do-euro-inflacao-subir-2o-semestre-lagarde\/","title":{"rendered":"Zona do euro: &#8216;Infla\u00e7\u00e3o n\u00e3o nos preocupa&#8217;, diz Lagarde"},"content":{"rendered":"<p>A <strong>infla\u00e7\u00e3o na zona do euro<\/strong> deve subir mais no segundo semestre deste ano e ent\u00e3o cair conforme fatores tempor\u00e1rios perderem for\u00e7a, informou a presidente do <a href=\"https:\/\/www.suno.com.br\/artigos\/bce\/\">Banco Central Europeu<strong> (BCE)<\/strong><\/a>, Christine Lagarde nesta quinta-feira (10).<\/p>\t<div class=\"wrapper-featured-image\">\n\t\t<figure class=\"spotlightImg\">\n\n\t\t\t<picture>\n\t\t\t\t<source media=\"(max-width: 768px)\" srcset=\"https:\/\/files.sunoresearch.com.br\/n\/uploads\/2021\/05\/1b110121-euro-sculpture-2867935_1280-400x200.webp\">\n\t\t\t\t<img loading=\"lazy\" decoding=\"async\" class=\"newsContent__article__imgCapa lazyloadDisabled \" src=\"https:\/\/files.sunoresearch.com.br\/n\/uploads\/2021\/05\/1b110121-euro-sculpture-2867935_1280-800x450.webp\" width=\"800\" height=\"450\" alt=\"Zona do euro: &#8216;Infla\u00e7\u00e3o n\u00e3o nos preocupa&#8217;, diz Lagarde\" fetchpriority=high \/>\n\t\t\t<\/picture>\n\n\t\t\t<figcaption class=\"wp-caption-text wp-caption-text--show\">Europa. Foto: Pixabay<\/figcaption>\n\t\t<\/figure>\n\t<\/div>\n\n\n\t<p>\n\t\t<a href=\"https:\/\/lp.suno.com.br\/planilha-controle-gastos\/\" target=\"_blank\" data-element=\"shortcode-suno-banner\" title=\"Banner SUNO, clique e saiba mais\">\n\t\t\t<picture>\n\t\t\t\t<source media=\"(max-width: 500px)\" srcset=\"https:\/\/files.sunoresearch.com.br\/n\/uploads\/2023\/03\/400x300-Planilha-controle-de-gastos.png\">\n\t\t\t\t<img class=\"newsContent__article__imgCapa newsContent__article__imgCapa--banner\"\n\t\t\t\t\tsrc=\"https:\/\/files.sunoresearch.com.br\/n\/uploads\/2023\/03\/1420x240-Planilha-controle-de-gastos.png\"\n\t\t\t\t\tdata-promo-id=\"101751\"\t\t\t\t\t\t\t\t\t\twidth='1420' height='240'\t\t\t\t\talt=\"https:\/\/files.sunoresearch.com.br\/n\/uploads\/2023\/03\/1420x240-Planilha-controle-de-gastos.png\"\n\t\t\t\t>\n\t\t\t<\/picture>\n\t\t<\/a>\n\t<\/p>\n\n\n<p>De acordo com Lagarde, a infla\u00e7\u00e3o na zona do euro subiu a 2% em maio deste ano em fun\u00e7\u00e3o do aumento nos pre\u00e7os da energia no ritmo mais forte desde o final de 2018. O resultado foi acima da meta do Banco central Europeu de &#8220;abaixo mas perto de 2%&#8221;.<\/p>\n<p>Segundo a Reuters, economistas consultados pelo jornal esperam que a infla\u00e7\u00e3o na regi\u00e3o fique em 1,8% em 2021. Enquanto em 2022, deve cair a 1,3% e em 2023, 1,5%.<\/p>\n<p><a href=\"https:\/\/lp.suno.com.br\/suno-one\/\">Suno One: acesse gratuitamente eBooks, Minicursos, Artigos e Video Aulas sobre investimentos com um \u00fanico cadastro. Clique para saber mais!<\/a><\/p>\n<h2>BCE mant\u00e9m juros e promete seguir comprando b\u00f4nus em ritmo mais acelerado<\/h2>\n<p>O Banco Central Europeu (BCE) decidiu deixar sua pol\u00edtica monet\u00e1ria inalterada ap\u00f3s reuni\u00e3o conclu\u00edda nesta quinta-feira, 10, como se previa, e reiterou que continuar\u00e1 comprando b\u00f4nus em ritmo &#8220;significativamente&#8221; mais r\u00e1pido do que no come\u00e7o do ano.<\/p>\n<p>As principais taxas de juros do BCE, a de refinanciamento e a de dep\u00f3sitos, permaneceram em 0% e -0,50%, respectivamente. Al\u00e9m disso, o BCE manteve o volume de seu Programa de Compras de Emerg\u00eancia na Pandemia (PEPP, na sigla em ingl\u00eas) em 1,85 trilh\u00e3o de euros.<\/p>\n<p>Segundo o BCE, o PEPP poder\u00e1 ser &#8220;recalibrado&#8221;, se necess\u00e1rio, mas talvez n\u00e3o seja utilizado integralmente se as condi\u00e7\u00f5es de financiamento forem favor\u00e1veis. As compras ocorrer\u00e3o de maneira flex\u00edvel para evitar eventual aperto nas condi\u00e7\u00f5es, acrescentou a institui\u00e7\u00e3o. Em mar\u00e7o, o BCE decidiu acelerar as compras de ativos por meio do PEPP.<\/p>\n<p>O BCE tamb\u00e9m deixou inalterado o tamanho do Programa de Compras de Ativos (APP, na sigla em ingl\u00eas), em 120 bilh\u00f5es de euros, a um ritmo mensal de 20 bilh\u00f5es de euros. As compras do APP ser\u00e3o realizadas &#8220;pelo tempo que for necess\u00e1rio&#8221;, reafirmou a autoridade monet\u00e1ria.<\/p>\n<p><a href=\"https:\/\/www.suno.com.br\/noticias\/bce-retomada-economia-encorajadora-pandemia-desafio\/\">Veja Tamb\u00e9m: BCE: &#8220;retomada na economia foi encorajadora, mas pandemia segue como desafio&#8221;<\/a><\/p>\n<p>Em comunicado, o BCE reafirmou ainda que o per\u00edodo de vig\u00eancia do PEPP ir\u00e1 &#8220;pelo menos&#8221; at\u00e9 o fim de mar\u00e7o de 2022. A institui\u00e7\u00e3o voltou a ressaltar, por\u00e9m, que as compras do PEPP continuar\u00e3o at\u00e9 que a crise da covid-19 seja superada.<\/p>\n<p>O <strong>BCE<\/strong> reafirmou tamb\u00e9m que os juros b\u00e1sicos v\u00e3o continuar nos n\u00edveis atuais ou menores &#8220;at\u00e9 que a perspectiva de infla\u00e7\u00e3o convirja de forma robusta&#8221; para sua meta, que \u00e9 de uma taxa ligeiramente inferior a 2%, e que est\u00e1 disposto a ajustar todos os seus instrumentos, se necess\u00e1rio.<\/p>\n<p><em>Com informa\u00e7\u00f5es do Estad\u00e3o Conte\u00fado<\/em><\/p>\n\t<p>\n\t\t<a href=\"https:\/\/lp.suno.com.br\/planilha-de-controle-de-investimentos\/\" target=\"_blank\" data-element=\"shortcode-suno-banner\" title=\"Banner SUNO, clique e saiba mais\">\n\t\t\t<picture>\n\t\t\t\t<source media=\"(max-width: 500px)\" srcset=\"https:\/\/files.sunoresearch.com.br\/n\/uploads\/2023\/03\/400x300-Controle-de-Investimentos.png\">\n\t\t\t\t<img class=\"newsContent__article__imgCapa newsContent__article__imgCapa--banner\"\n\t\t\t\t\tsrc=\"https:\/\/files.sunoresearch.com.br\/n\/uploads\/2023\/03\/1420x240-Controle-de-Investimentos.png\"\n\t\t\t\t\tdata-promo-id=\"75934\"\t\t\t\t\t\t\t\t\t\twidth='1420' height='240'\t\t\t\t\talt=\"https:\/\/files.sunoresearch.com.br\/n\/uploads\/2023\/03\/1420x240-Controle-de-Investimentos.png\"\n\t\t\t\t>\n\t\t\t<\/picture>\n\t\t<\/a>\n\t<\/p>\n\n\n","protected":false},"excerpt":{"rendered":"<p>A infla\u00e7\u00e3o na zona do euro deve subir mais no segundo semestre deste ano e ent\u00e3o cair conforme fatores tempor\u00e1rios perderem for\u00e7a, informou a presidente do Banco Central Europeu (BCE), Christine Lagarde nesta quinta-feira (10). Europa. Foto: Pixabay De acordo com Lagarde, a infla\u00e7\u00e3o na zona do euro subiu a 2% em maio deste ano [&hellip;]<\/p>\n","protected":false},"author":56,"featured_media":145089,"comment_status":"closed","ping_status":"closed","sticky":false,"template":"","format":"standard","meta":[],"categories":[62],"tags":[1528,710,850,991],"suno_strategy":[],"class_list":["post-156020","post","type-post","status-publish","format-standard","has-post-thumbnail","hentry","category-economia","tag-christine-lagarde","tag-europa","tag-inflacao","tag-zona-do-euro"],"yoast_head":"<!-- This site is optimized with the Yoast SEO plugin v24.4 - https:\/\/yoast.com\/wordpress\/plugins\/seo\/ -->\n<title>Zona do euro: Infla\u00e7\u00e3o deve subir mais no 2\u00ba semestre e ent\u00e3o cair, diz Lagarde<\/title>\n<meta name=\"description\" content=\"A presidente do Banco Central Europeu (BCE) espera que a infla\u00e7\u00e3o na zona do euro aumente mais no 2\u00ba semestre. Clique aqui para saber mais.\" \/>\n<meta name=\"robots\" content=\"index, follow, max-snippet:-1, max-image-preview:large, max-video-preview:-1\" \/>\n<link rel=\"canonical\" href=\"https:\/\/www.suno.com.br\/noticias\/zona-do-euro-inflacao-subir-2o-semestre-lagarde\/\" \/>\n<meta property=\"og:locale\" content=\"pt_BR\" \/>\n<meta property=\"og:type\" content=\"article\" \/>\n<meta property=\"og:title\" content=\"Zona do euro: Infla\u00e7\u00e3o deve subir mais no 2\u00ba semestre e ent\u00e3o cair, diz Lagarde\" \/>\n<meta property=\"og:description\" content=\"A presidente do Banco Central Europeu (BCE) espera que a infla\u00e7\u00e3o na zona do euro aumente mais no 2\u00ba semestre. Clique aqui para saber mais.\" \/>\n<meta property=\"og:url\" content=\"https:\/\/www.suno.com.br\/noticias\/zona-do-euro-inflacao-subir-2o-semestre-lagarde\/\" \/>\n<meta property=\"og:site_name\" content=\"Suno Not\u00edcias\" \/>\n<meta property=\"article:publisher\" content=\"https:\/\/facebook.com\/sunoresearch\" \/>\n<meta property=\"og:image\" content=\"https:\/\/files.sunoresearch.com.br\/n\/uploads\/2021\/05\/1b110121-euro-sculpture-2867935_1280.jpg\" \/>\n\t<meta property=\"og:image:width\" content=\"1280\" \/>\n\t<meta property=\"og:image:height\" content=\"960\" \/>\n\t<meta property=\"og:image:type\" content=\"image\/jpeg\" \/>\n<meta name=\"author\" content=\"Rafaela La Regina\" \/>\n<meta name=\"twitter:card\" content=\"summary_large_image\" \/>\n<meta name=\"twitter:creator\" content=\"@sunoresearch\" \/>\n<meta name=\"twitter:site\" content=\"@sunoresearch\" \/>\n<meta name=\"twitter:label1\" content=\"Escrito por\" \/>\n\t<meta name=\"twitter:data1\" content=\"Rafaela La Regina\" \/>\n\t<meta name=\"twitter:label2\" content=\"Est. tempo de leitura\" \/>\n\t<meta name=\"twitter:data2\" content=\"2 minutos\" \/>\n<script type=\"application\/ld+json\" class=\"yoast-schema-graph\">{\"@context\":\"https:\/\/schema.org\",\"@graph\":[{\"@type\":\"NewsArticle\",\"@id\":\"https:\/\/www.suno.com.br\/noticias\/zona-do-euro-inflacao-subir-2o-semestre-lagarde\/#article\",\"isPartOf\":{\"@id\":\"https:\/\/www.suno.com.br\/noticias\/zona-do-euro-inflacao-subir-2o-semestre-lagarde\/\"},\"author\":{\"name\":\"Rafaela La Regina\",\"@id\":\"https:\/\/www.suno.com.br\/noticias\/#\/schema\/person\/e672ca8cea627fe715fa29bca7da95e0\"},\"headline\":\"Zona do euro: &#8216;Infla\u00e7\u00e3o n\u00e3o nos preocupa&#8217;, diz Lagarde\",\"datePublished\":\"2021-06-10T17:37:16+00:00\",\"dateModified\":\"2021-06-10T19:56:48+00:00\",\"mainEntityOfPage\":{\"@id\":\"https:\/\/www.suno.com.br\/noticias\/zona-do-euro-inflacao-subir-2o-semestre-lagarde\/\"},\"wordCount\":493,\"publisher\":{\"@id\":\"https:\/\/www.suno.com.br\/noticias\/#organization\"},\"image\":{\"@id\":\"https:\/\/www.suno.com.br\/noticias\/zona-do-euro-inflacao-subir-2o-semestre-lagarde\/#primaryimage\"},\"thumbnailUrl\":\"https:\/\/files.sunoresearch.com.br\/n\/uploads\/2021\/05\/1b110121-euro-sculpture-2867935_1280-jpg.webp\",\"keywords\":[\"Christine Lagarde\",\"Europa\",\"infla\u00e7\u00e3o\",\"zona do euro\"],\"articleSection\":[\"Economia\"],\"inLanguage\":\"pt-BR\"},{\"@type\":\"WebPage\",\"@id\":\"https:\/\/www.suno.com.br\/noticias\/zona-do-euro-inflacao-subir-2o-semestre-lagarde\/\",\"url\":\"https:\/\/www.suno.com.br\/noticias\/zona-do-euro-inflacao-subir-2o-semestre-lagarde\/\",\"name\":\"Zona do euro: Infla\u00e7\u00e3o deve subir mais no 2\u00ba semestre e ent\u00e3o cair, diz Lagarde\",\"isPartOf\":{\"@id\":\"https:\/\/www.suno.com.br\/noticias\/#website\"},\"primaryImageOfPage\":{\"@id\":\"https:\/\/www.suno.com.br\/noticias\/zona-do-euro-inflacao-subir-2o-semestre-lagarde\/#primaryimage\"},\"image\":{\"@id\":\"https:\/\/www.suno.com.br\/noticias\/zona-do-euro-inflacao-subir-2o-semestre-lagarde\/#primaryimage\"},\"thumbnailUrl\":\"https:\/\/files.sunoresearch.com.br\/n\/uploads\/2021\/05\/1b110121-euro-sculpture-2867935_1280-jpg.webp\",\"datePublished\":\"2021-06-10T17:37:16+00:00\",\"dateModified\":\"2021-06-10T19:56:48+00:00\",\"description\":\"A presidente do Banco Central Europeu (BCE) espera que a infla\u00e7\u00e3o na zona do euro aumente mais no 2\u00ba semestre. Clique aqui para saber mais.\",\"breadcrumb\":{\"@id\":\"https:\/\/www.suno.com.br\/noticias\/zona-do-euro-inflacao-subir-2o-semestre-lagarde\/#breadcrumb\"},\"inLanguage\":\"pt-BR\",\"potentialAction\":[{\"@type\":\"ReadAction\",\"target\":[\"https:\/\/www.suno.com.br\/noticias\/zona-do-euro-inflacao-subir-2o-semestre-lagarde\/\"]}]},{\"@type\":\"ImageObject\",\"inLanguage\":\"pt-BR\",\"@id\":\"https:\/\/www.suno.com.br\/noticias\/zona-do-euro-inflacao-subir-2o-semestre-lagarde\/#primaryimage\",\"url\":\"https:\/\/files.sunoresearch.com.br\/n\/uploads\/2021\/05\/1b110121-euro-sculpture-2867935_1280-jpg.webp\",\"contentUrl\":\"https:\/\/files.sunoresearch.com.br\/n\/uploads\/2021\/05\/1b110121-euro-sculpture-2867935_1280-jpg.webp\",\"width\":1280,\"height\":960,\"caption\":\"Europa. Foto: Pixabay\"},{\"@type\":\"BreadcrumbList\",\"@id\":\"https:\/\/www.suno.com.br\/noticias\/zona-do-euro-inflacao-subir-2o-semestre-lagarde\/#breadcrumb\",\"itemListElement\":[{\"@type\":\"ListItem\",\"position\":1,\"name\":\"Not\u00edcias\",\"item\":\"https:\/\/www.suno.com.br\/noticias\/\"},{\"@type\":\"ListItem\",\"position\":2,\"name\":\"Economia\",\"item\":\"https:\/\/www.suno.com.br\/noticias\/economia\/\"},{\"@type\":\"ListItem\",\"position\":3,\"name\":\"Zona do euro: &#8216;Infla\u00e7\u00e3o n\u00e3o nos preocupa&#8217;, diz Lagarde\"}]},{\"@type\":\"WebSite\",\"@id\":\"https:\/\/www.suno.com.br\/noticias\/#website\",\"url\":\"https:\/\/www.suno.com.br\/noticias\/\",\"name\":\"Suno Not\u00edcias\",\"description\":\"Seu portal de informa\u00e7\u00e3o sobre o mundo dos investimentos\",\"publisher\":{\"@id\":\"https:\/\/www.suno.com.br\/noticias\/#organization\"},\"potentialAction\":[{\"@type\":\"SearchAction\",\"target\":{\"@type\":\"EntryPoint\",\"urlTemplate\":\"https:\/\/www.suno.com.br\/noticias\/?s={search_term_string}\"},\"query-input\":{\"@type\":\"PropertyValueSpecification\",\"valueRequired\":true,\"valueName\":\"search_term_string\"}}],\"inLanguage\":\"pt-BR\"},{\"@type\":\"Organization\",\"@id\":\"https:\/\/www.suno.com.br\/noticias\/#organization\",\"name\":\"Suno Not\u00edcias\",\"url\":\"https:\/\/www.suno.com.br\/noticias\/\",\"logo\":{\"@type\":\"ImageObject\",\"inLanguage\":\"pt-BR\",\"@id\":\"https:\/\/www.suno.com.br\/noticias\/#\/schema\/logo\/image\/\",\"url\":\"https:\/\/files.sunoresearch.com.br\/n\/uploads\/2021\/09\/suno-logo.png\",\"contentUrl\":\"https:\/\/files.sunoresearch.com.br\/n\/uploads\/2021\/09\/suno-logo.png\",\"width\":180,\"height\":180,\"caption\":\"Suno Not\u00edcias\"},\"image\":{\"@id\":\"https:\/\/www.suno.com.br\/noticias\/#\/schema\/logo\/image\/\"},\"sameAs\":[\"https:\/\/facebook.com\/sunoresearch\",\"https:\/\/x.com\/sunoresearch\",\"https:\/\/www.instagram.com\/suno\",\"https:\/\/www.linkedin.com\/company\/suno-research\/\",\"https:\/\/www.youtube.com\/c\/sunoresearch\"]},{\"@type\":\"Person\",\"@id\":\"https:\/\/www.suno.com.br\/noticias\/#\/schema\/person\/e672ca8cea627fe715fa29bca7da95e0\",\"name\":\"Rafaela La Regina\",\"image\":{\"@type\":\"ImageObject\",\"inLanguage\":\"pt-BR\",\"@id\":\"https:\/\/www.suno.com.br\/noticias\/#\/schema\/person\/image\/\",\"url\":\"https:\/\/secure.gravatar.com\/avatar\/d2c75a52d243deb93d0465fdcb21bd37?s=96&r=g\",\"contentUrl\":\"https:\/\/secure.gravatar.com\/avatar\/d2c75a52d243deb93d0465fdcb21bd37?s=96&r=g\",\"caption\":\"Rafaela La Regina\"},\"description\":\"Estagi\u00e1ria no Suno Not\u00edcias. Escreve sobre economia, pol\u00edtica e neg\u00f3cios. Estuda Rela\u00e7\u00f5es Internacionais no IBMEC-SP.\",\"url\":\"https:\/\/www.suno.com.br\/noticias\/author\/rafaela-la-regina\/\"}]}<\/script>\n<!-- \/ Yoast SEO plugin. -->","yoast_head_json":{"title":"Zona do euro: Infla\u00e7\u00e3o deve subir mais no 2\u00ba semestre e ent\u00e3o cair, diz Lagarde","description":"A presidente do Banco Central Europeu (BCE) espera que a infla\u00e7\u00e3o na zona do euro aumente mais no 2\u00ba semestre. Clique aqui para saber mais.","robots":{"index":"index","follow":"follow","max-snippet":"max-snippet:-1","max-image-preview":"max-image-preview:large","max-video-preview":"max-video-preview:-1"},"canonical":"https:\/\/www.suno.com.br\/noticias\/zona-do-euro-inflacao-subir-2o-semestre-lagarde\/","og_locale":"pt_BR","og_type":"article","og_title":"Zona do euro: Infla\u00e7\u00e3o deve subir mais no 2\u00ba semestre e ent\u00e3o cair, diz Lagarde","og_description":"A presidente do Banco Central Europeu (BCE) espera que a infla\u00e7\u00e3o na zona do euro aumente mais no 2\u00ba semestre. Clique aqui para saber mais.","og_url":"https:\/\/www.suno.com.br\/noticias\/zona-do-euro-inflacao-subir-2o-semestre-lagarde\/","og_site_name":"Suno Not\u00edcias","article_publisher":"https:\/\/facebook.com\/sunoresearch","og_image":[{"width":1280,"height":960,"url":"https:\/\/files.sunoresearch.com.br\/n\/uploads\/2021\/05\/1b110121-euro-sculpture-2867935_1280.jpg","type":"image\/jpeg"}],"author":"Rafaela La Regina","twitter_card":"summary_large_image","twitter_creator":"@sunoresearch","twitter_site":"@sunoresearch","twitter_misc":{"Escrito por":"Rafaela La Regina","Est. tempo de leitura":"2 minutos"},"schema":{"@context":"https:\/\/schema.org","@graph":[{"@type":"NewsArticle","@id":"https:\/\/www.suno.com.br\/noticias\/zona-do-euro-inflacao-subir-2o-semestre-lagarde\/#article","isPartOf":{"@id":"https:\/\/www.suno.com.br\/noticias\/zona-do-euro-inflacao-subir-2o-semestre-lagarde\/"},"author":{"name":"Rafaela La Regina","@id":"https:\/\/www.suno.com.br\/noticias\/#\/schema\/person\/e672ca8cea627fe715fa29bca7da95e0"},"headline":"Zona do euro: &#8216;Infla\u00e7\u00e3o n\u00e3o nos preocupa&#8217;, diz Lagarde","datePublished":"2021-06-10T17:37:16+00:00","dateModified":"2021-06-10T19:56:48+00:00","mainEntityOfPage":{"@id":"https:\/\/www.suno.com.br\/noticias\/zona-do-euro-inflacao-subir-2o-semestre-lagarde\/"},"wordCount":493,"publisher":{"@id":"https:\/\/www.suno.com.br\/noticias\/#organization"},"image":{"@id":"https:\/\/www.suno.com.br\/noticias\/zona-do-euro-inflacao-subir-2o-semestre-lagarde\/#primaryimage"},"thumbnailUrl":"https:\/\/files.sunoresearch.com.br\/n\/uploads\/2021\/05\/1b110121-euro-sculpture-2867935_1280-jpg.webp","keywords":["Christine Lagarde","Europa","infla\u00e7\u00e3o","zona do euro"],"articleSection":["Economia"],"inLanguage":"pt-BR"},{"@type":"WebPage","@id":"https:\/\/www.suno.com.br\/noticias\/zona-do-euro-inflacao-subir-2o-semestre-lagarde\/","url":"https:\/\/www.suno.com.br\/noticias\/zona-do-euro-inflacao-subir-2o-semestre-lagarde\/","name":"Zona do euro: Infla\u00e7\u00e3o deve subir mais no 2\u00ba semestre e ent\u00e3o cair, diz Lagarde","isPartOf":{"@id":"https:\/\/www.suno.com.br\/noticias\/#website"},"primaryImageOfPage":{"@id":"https:\/\/www.suno.com.br\/noticias\/zona-do-euro-inflacao-subir-2o-semestre-lagarde\/#primaryimage"},"image":{"@id":"https:\/\/www.suno.com.br\/noticias\/zona-do-euro-inflacao-subir-2o-semestre-lagarde\/#primaryimage"},"thumbnailUrl":"https:\/\/files.sunoresearch.com.br\/n\/uploads\/2021\/05\/1b110121-euro-sculpture-2867935_1280-jpg.webp","datePublished":"2021-06-10T17:37:16+00:00","dateModified":"2021-06-10T19:56:48+00:00","description":"A presidente do Banco Central Europeu (BCE) espera que a infla\u00e7\u00e3o na zona do euro aumente mais no 2\u00ba semestre. Clique aqui para saber mais.","breadcrumb":{"@id":"https:\/\/www.suno.com.br\/noticias\/zona-do-euro-inflacao-subir-2o-semestre-lagarde\/#breadcrumb"},"inLanguage":"pt-BR","potentialAction":[{"@type":"ReadAction","target":["https:\/\/www.suno.com.br\/noticias\/zona-do-euro-inflacao-subir-2o-semestre-lagarde\/"]}]},{"@type":"ImageObject","inLanguage":"pt-BR","@id":"https:\/\/www.suno.com.br\/noticias\/zona-do-euro-inflacao-subir-2o-semestre-lagarde\/#primaryimage","url":"https:\/\/files.sunoresearch.com.br\/n\/uploads\/2021\/05\/1b110121-euro-sculpture-2867935_1280-jpg.webp","contentUrl":"https:\/\/files.sunoresearch.com.br\/n\/uploads\/2021\/05\/1b110121-euro-sculpture-2867935_1280-jpg.webp","width":1280,"height":960,"caption":"Europa. Foto: Pixabay"},{"@type":"BreadcrumbList","@id":"https:\/\/www.suno.com.br\/noticias\/zona-do-euro-inflacao-subir-2o-semestre-lagarde\/#breadcrumb","itemListElement":[{"@type":"ListItem","position":1,"name":"Not\u00edcias","item":"https:\/\/www.suno.com.br\/noticias\/"},{"@type":"ListItem","position":2,"name":"Economia","item":"https:\/\/www.suno.com.br\/noticias\/economia\/"},{"@type":"ListItem","position":3,"name":"Zona do euro: &#8216;Infla\u00e7\u00e3o n\u00e3o nos preocupa&#8217;, diz Lagarde"}]},{"@type":"WebSite","@id":"https:\/\/www.suno.com.br\/noticias\/#website","url":"https:\/\/www.suno.com.br\/noticias\/","name":"Suno Not\u00edcias","description":"Seu portal de informa\u00e7\u00e3o sobre o mundo dos investimentos","publisher":{"@id":"https:\/\/www.suno.com.br\/noticias\/#organization"},"potentialAction":[{"@type":"SearchAction","target":{"@type":"EntryPoint","urlTemplate":"https:\/\/www.suno.com.br\/noticias\/?s={search_term_string}"},"query-input":{"@type":"PropertyValueSpecification","valueRequired":true,"valueName":"search_term_string"}}],"inLanguage":"pt-BR"},{"@type":"Organization","@id":"https:\/\/www.suno.com.br\/noticias\/#organization","name":"Suno Not\u00edcias","url":"https:\/\/www.suno.com.br\/noticias\/","logo":{"@type":"ImageObject","inLanguage":"pt-BR","@id":"https:\/\/www.suno.com.br\/noticias\/#\/schema\/logo\/image\/","url":"https:\/\/files.sunoresearch.com.br\/n\/uploads\/2021\/09\/suno-logo.png","contentUrl":"https:\/\/files.sunoresearch.com.br\/n\/uploads\/2021\/09\/suno-logo.png","width":180,"height":180,"caption":"Suno Not\u00edcias"},"image":{"@id":"https:\/\/www.suno.com.br\/noticias\/#\/schema\/logo\/image\/"},"sameAs":["https:\/\/facebook.com\/sunoresearch","https:\/\/x.com\/sunoresearch","https:\/\/www.instagram.com\/suno","https:\/\/www.linkedin.com\/company\/suno-research\/","https:\/\/www.youtube.com\/c\/sunoresearch"]},{"@type":"Person","@id":"https:\/\/www.suno.com.br\/noticias\/#\/schema\/person\/e672ca8cea627fe715fa29bca7da95e0","name":"Rafaela La Regina","image":{"@type":"ImageObject","inLanguage":"pt-BR","@id":"https:\/\/www.suno.com.br\/noticias\/#\/schema\/person\/image\/","url":"https:\/\/secure.gravatar.com\/avatar\/d2c75a52d243deb93d0465fdcb21bd37?s=96&r=g","contentUrl":"https:\/\/secure.gravatar.com\/avatar\/d2c75a52d243deb93d0465fdcb21bd37?s=96&r=g","caption":"Rafaela La Regina"},"description":"Estagi\u00e1ria no Suno Not\u00edcias. Escreve sobre economia, pol\u00edtica e neg\u00f3cios. Estuda Rela\u00e7\u00f5es Internacionais no IBMEC-SP.","url":"https:\/\/www.suno.com.br\/noticias\/author\/rafaela-la-regina\/"}]}},"default_loop_html":"<div class=\"cardsPage__listCard__boxs\"><div class=\"cardsPage__listCard__boxs__img\"><a href=\"https:\/\/www.suno.com.br\/noticias\/zona-do-euro-inflacao-subir-2o-semestre-lagarde\/\"><img class=\"mask\" src=\"https:\/\/www.suno.com.br\/noticias\/wp-content\/themes\/suno\/resources\/images\/spotlight\/spotlight1img\/bg-mask.png\" alt=\"Image Mask\"\/><img src=\"https:\/\/files.sunoresearch.com.br\/n\/uploads\/2021\/05\/1b110121-euro-sculpture-2867935_1280-400x200.webp\" alt=\"Zona do euro: &#8216;Infla\u00e7\u00e3o n\u00e3o nos preocupa&#8217;, diz Lagarde\"\/><\/a><span class=\"spotlightCategory\"><a href=\"https:\/\/www.suno.com.br\/noticias\/economia\/\">Economia<\/a><\/span><\/div><div class=\"cardsPage__listCard__boxs__content\"><a href=\"https:\/\/www.suno.com.br\/noticias\/zona-do-euro-inflacao-subir-2o-semestre-lagarde\/\"><h2 class=\"content__title\">Zona do euro: &#8216;Infla\u00e7\u00e3o n\u00e3o nos preocupa&#8217;, diz Lagarde<\/h2><\/a><div class=\"newsContent__article__meta\"><div class=\"newsContent__article__meta__authorBox\"><a href=\"https:\/\/www.suno.com.br\/noticias\/author\/rafaela-la-regina\/\" class=\"authorBox__avatar noMobi\"><img src=\"https:\/\/secure.gravatar.com\/avatar\/d2c75a52d243deb93d0465fdcb21bd37?s=96&#038;r=g\" alt=\"Rafaela La Regina\"><\/a><div class=\"authorBox__name\"><span>por\n\t\t\t<a href=\"https:\/\/www.suno.com.br\/noticias\/author\/rafaela-la-regina\/\"><span itemprop=\"author\">Rafaela La Regina<\/span><\/a><\/span><time datetime=\"2021-06-10T14:37:16-03:00\" itemprop=\"datePublished\">10\/06\/2021 14:37<\/time><\/div><\/div><\/div><\/div><\/div>","single_layout":"posts","amp_enabled":true,"_links":{"self":[{"href":"https:\/\/www.suno.com.br\/noticias\/wp-json\/wp\/v2\/posts\/156020"}],"collection":[{"href":"https:\/\/www.suno.com.br\/noticias\/wp-json\/wp\/v2\/posts"}],"about":[{"href":"https:\/\/www.suno.com.br\/noticias\/wp-json\/wp\/v2\/types\/post"}],"author":[{"embeddable":true,"href":"https:\/\/www.suno.com.br\/noticias\/wp-json\/wp\/v2\/users\/56"}],"replies":[{"embeddable":true,"href":"https:\/\/www.suno.com.br\/noticias\/wp-json\/wp\/v2\/comments?post=156020"}],"version-history":[{"count":3,"href":"https:\/\/www.suno.com.br\/noticias\/wp-json\/wp\/v2\/posts\/156020\/revisions"}],"predecessor-version":[{"id":156077,"href":"https:\/\/www.suno.com.br\/noticias\/wp-json\/wp\/v2\/posts\/156020\/revisions\/156077"}],"wp:featuredmedia":[{"embeddable":true,"href":"https:\/\/www.suno.com.br\/noticias\/wp-json\/wp\/v2\/media\/145089"}],"wp:attachment":[{"href":"https:\/\/www.suno.com.br\/noticias\/wp-json\/wp\/v2\/media?parent=156020"}],"wp:term":[{"taxonomy":"category","embeddable":true,"href":"https:\/\/www.suno.com.br\/noticias\/wp-json\/wp\/v2\/categories?post=156020"},{"taxonomy":"post_tag","embeddable":true,"href":"https:\/\/www.suno.com.br\/noticias\/wp-json\/wp\/v2\/tags?post=156020"},{"taxonomy":"suno_strategy","embeddable":true,"href":"https:\/\/www.suno.com.br\/noticias\/wp-json\/wp\/v2\/suno_strategy?post=156020"}],"curies":[{"name":"wp","href":"https:\/\/api.w.org\/{rel}","templated":true}]}}