{"id":15593,"date":"2019-02-17T11:05:32","date_gmt":"2019-02-17T14:05:32","guid":{"rendered":"https:\/\/www.suno.com.br\/noticias\/?p=15593"},"modified":"2021-06-13T23:48:35","modified_gmt":"2021-06-14T02:48:35","slug":"a-seguir-crise-no-planalto-guerra-comercial-na-china-e-temporada-de-resultados-acelera","status":"publish","type":"post","link":"https:\/\/www.suno.com.br\/noticias\/a-seguir-crise-no-planalto-guerra-comercial-na-china-e-temporada-de-resultados-acelera\/","title":{"rendered":"A Seguir: Crise no Planalto, Guerra Comercial na China e Temporada de Resultados Acelera"},"content":{"rendered":"<h2>O que deve movimentar a semana no Brasil<\/h2>\n<p><strong>Bolsonaro deixa hospital<\/strong><\/p>\t<div class=\"wrapper-featured-image\">\n\t\t<figure class=\"spotlightImg\">\n\n\t\t\t<picture>\n\t\t\t\t<source media=\"(max-width: 768px)\" srcset=\"https:\/\/files.sunoresearch.com.br\/n\/uploads\/2018\/09\/f6a41aec-china-trump-400x200.webp\">\n\t\t\t\t<img loading=\"lazy\" decoding=\"async\" class=\"newsContent__article__imgCapa lazyloadDisabled newsContent__article__imgCapa--noCaption\" src=\"https:\/\/files.sunoresearch.com.br\/n\/uploads\/2018\/09\/f6a41aec-china-trump-800x450.webp\" width=\"800\" height=\"450\" alt=\"A Seguir: Crise no Planalto, Guerra Comercial na China e Temporada de Resultados Acelera\" fetchpriority=high \/>\n\t\t\t<\/picture>\n\n\t\t\t<figcaption class=\"wp-caption-text wp-caption-text--hide\">Estados Unidos imp\u00f5em novas san\u00e7\u00f5es ao Ir\u00e3<\/figcaption>\n\t\t<\/figure>\n\t<\/div>\n\n<h2>O que deve movimentar a semana no Brasil<\/h2>\n\n<p>Na \u00faltima semana o Presidente Bolsonaro finalmente recebeu alta m\u00e9dica ap\u00f3s a cirurgia para retirada da bolsa de colostomia que usava desde o atentado sofrido durante a campanha no ano passado.<\/p>\n<p>A sa\u00edda do hospital \u00e9 um sinal positivo em frente as teorias de que o estado de sa\u00fade do presidente estava mais grave do que os boletins m\u00e9dicos informavam.<\/p>\n<p><a href=\"https:\/\/www.suno.com.br\/noticias\/presidente-bolsonaro-liberado-pelos-medicos\/\">Veja mais: Presidente Bolsonaro \u00e9 liberado pelos m\u00e9dicos e volta para Bras\u00edlia<\/a><\/p>\n<hr \/>\n<p><strong>Conflitos e crises internas no Planalto<\/strong><\/p>\n<p>Entretanto, a situa\u00e7\u00e3o n\u00e3o se manteve positiva por muito tempo.<\/p>\n<p>Devido a conflitos internos no partido, Gustavo Bebianno \u00e9 retirado como ministro da Secretaria Geral da Presid\u00eancia.<\/p>\n<p>O conflito \u00e9 relevante visto que um dos principais papeis de Bebianno seria ajudar no processo de aprova\u00e7\u00e3o do pacote de medidas da reforma da previd\u00eancia que ser\u00e1 proposto por Paulo Guedes.<\/p>\n<p><a href=\"https:\/\/www.suno.com.br\/noticias\/maia-crise-bebianno-atrapalhar-reforma\/\">Veja mais:\u00a0Rodrigo Maia: crise com Bebianno pode atrapalhar reforma da Previd\u00eancia<\/a><\/p>\n<p>Todo esse movimento acabou por gerar a imagem de uma poss\u00edvel crise interna no governo, o que pode vir a enfraquecer a imagem de que Bolsonaro e sua equipe ser\u00e3o capazes de aprovar as medidas necess\u00e1rias para o pa\u00eds se recuperar definitivamente da crise vivida nos \u00faltimos anos e garantir a sustentabilidade das contas p\u00fablicas no futuro.<\/p>\n<hr \/>\n<p><strong>Resultados 4T2018<\/strong><\/p>\n<p>J\u00e1 saindo do campo pol\u00edtico e voltando ao mercado diretamente, nessa semana continuamos com a temporada de resultados do 4T2018.<\/p>\n<p>Entre os destaques temos a Magazine Luiza (MGLU3), a TIM (TIMP3) a Telefonica (VIVT3) e a Ultrapar (UGPA3), al\u00e9m de v\u00e1rias outras gigantes da bolsa.<\/p>\n<p><a href=\"https:\/\/www.suno.com.br\/nossas-assinaturas\/suno-premium\/\">Como sempre, nossos assinantes receber\u00e3o an\u00e1lises completas das principais empresas nos relat\u00f3rios semanais e coment\u00e1rios sobre os resultados com destaques relevantes no Suno Call Premium.<\/a><\/p>\n<hr \/>\n<h2>O que deve movimentar o mundo essa semana<\/h2>\n<p><strong>Continua\u00e7\u00e3o da guerra comercial entre EUA e CHINA<\/strong><\/p>\n<p>J\u00e1 na nossa vis\u00e3o global, o cen\u00e1rio continua um tanto quanto complexo, com as negocia\u00e7\u00f5es sobre o fim da guerra comercial entre EUA e China ainda sem um final a vista.<\/p>\n<p>Apesar de ambos os lados terem reportado progressos durante as negocia\u00e7\u00f5es realizadas em Pequim durante a \u00faltima semana, Washignton mantem a vis\u00e3o de que muito ainda precisa ser discutido antes do fim do deadline para a imposi\u00e7\u00e3o de novas tarifas em 1\u00ba de Mar\u00e7o.<\/p>\n<p>Por outro lado, o Presidente Trump j\u00e1 admitiu que a data pode ser alterada caso as conversas sigam positivas, dando mais tempo para um acordo antes de escalar a imposi\u00e7\u00e3o de tarifas.<\/p>\n<p><a href=\"https:\/\/www.suno.com.br\/noticias\/adiar-prazo-acordo-comercial-trump\/\">Veja mais:\u00a0Negocia\u00e7\u00e3o complicada pode adiar prazo do acordo comercial, diz Trump\u00a0<\/a><\/p>\n<hr \/>\n<p><strong>Ata de reuni\u00e3o do FED<\/strong><\/p>\n<p>Ainda nos EUA, nessa semana devemos ter a libera\u00e7\u00e3o da ata da \u00faltima reuni\u00e3o do FED na quarta-feira.<\/p>\n<p>Durante a reuni\u00e3o o BC Americano optou por manter a taxa de juros, al\u00e9m de deixar claro que pretende reduzir o ritmo de aumentos na taxa, adotando uma pol\u00edtica alinhada com o mercado e as necessidades econ\u00f4micas.<\/p>\n<hr \/>\n<p><strong>Temporada de Resultados e Walmart<\/strong><\/p>\n<p>Por fim, nessa semana tamb\u00e9m temos a libera\u00e7\u00e3o de resultados de grandes empresas nos EUA, sendo o principal destaque o Walmart.<\/p>\n<p>De modo geral o mercado espera ver o impacto da guerra entre a empresa e a Amazon pelo controle do varejo on e off-line.<\/p>\n<p>O mercado espera um aumento de \u00a0SSS (same store sales) de 3% no U.S, o que indicaria que a empresa est\u00e1 conseguindo manter sua posi\u00e7\u00e3o e continuar brigando com a Amazon pelo dom\u00ednio do varejo.<\/p>\n<p>Al\u00e9m do Walmart, entre outros resultados not\u00e1veis para a semana est\u00e3o a CVS, Kraft Heinz e Baidu.<\/p>\n","protected":false},"excerpt":{"rendered":"<p>O que deve movimentar a semana no Brasil Bolsonaro deixa hospital Estados Unidos imp\u00f5em novas san\u00e7\u00f5es ao Ir\u00e3 O que deve movimentar a semana no Brasil Na \u00faltima semana o Presidente Bolsonaro finalmente recebeu alta m\u00e9dica ap\u00f3s a cirurgia para retirada da bolsa de colostomia que usava desde o atentado sofrido durante a campanha no [&hellip;]<\/p>\n","protected":false},"author":2,"featured_media":3777,"comment_status":"closed","ping_status":"closed","sticky":false,"template":"","format":"standard","meta":[],"categories":[60],"tags":[309,711,724,740,793,721,719],"suno_strategy":[],"class_list":["post-15593","post","type-post","status-publish","format-standard","has-post-thumbnail","hentry","category-mercado","tag-bolsa-de-valores","tag-china","tag-donald-trump","tag-economia","tag-estados-unidos-eua","tag-ibovespa","tag-jair-bolsonaro"],"yoast_head":"<!-- This site is optimized with the Yoast SEO plugin v24.4 - https:\/\/yoast.com\/wordpress\/plugins\/seo\/ -->\n<title>A Seguir: Crise no Planalto, Guerra Comercial na China e Temporada de Resultados Acelera<\/title>\n<meta name=\"robots\" content=\"index, follow, max-snippet:-1, max-image-preview:large, max-video-preview:-1\" \/>\n<link rel=\"canonical\" href=\"https:\/\/www.suno.com.br\/noticias\/a-seguir-crise-no-planalto-guerra-comercial-na-china-e-temporada-de-resultados-acelera\/\" \/>\n<meta property=\"og:locale\" content=\"pt_BR\" \/>\n<meta property=\"og:type\" content=\"article\" \/>\n<meta property=\"og:title\" content=\"A Seguir: Crise no Planalto, Guerra Comercial na China e Temporada de Resultados Acelera\" \/>\n<meta property=\"og:description\" content=\"O que deve movimentar a semana no Brasil Bolsonaro deixa hospital Estados Unidos imp\u00f5em novas san\u00e7\u00f5es ao Ir\u00e3 O que deve movimentar a semana no Brasil Na \u00faltima semana o Presidente Bolsonaro finalmente recebeu alta m\u00e9dica ap\u00f3s a cirurgia para retirada da bolsa de colostomia que usava desde o atentado sofrido durante a campanha no [&hellip;]\" \/>\n<meta property=\"og:url\" content=\"https:\/\/www.suno.com.br\/noticias\/a-seguir-crise-no-planalto-guerra-comercial-na-china-e-temporada-de-resultados-acelera\/\" \/>\n<meta property=\"og:site_name\" content=\"Suno Not\u00edcias\" \/>\n<meta property=\"article:publisher\" content=\"https:\/\/facebook.com\/sunoresearch\" \/>\n<meta property=\"article:author\" content=\"https:\/\/www.facebook.com\/joaovitor2763\" \/>\n<meta property=\"og:image\" content=\"https:\/\/files.sunoresearch.com.br\/n\/uploads\/2018\/09\/f6a41aec-china-trump.jpg\" \/>\n\t<meta property=\"og:image:width\" content=\"2560\" \/>\n\t<meta property=\"og:image:height\" content=\"1706\" \/>\n\t<meta property=\"og:image:type\" content=\"image\/jpeg\" \/>\n<meta name=\"author\" content=\"Jo\u00e3o Vitor Chaves Silva\" \/>\n<meta name=\"twitter:card\" content=\"summary_large_image\" \/>\n<meta name=\"twitter:creator\" content=\"@https:\/\/twitter.com\/joaovitor2763\" \/>\n<meta name=\"twitter:site\" content=\"@sunoresearch\" \/>\n<meta name=\"twitter:label1\" content=\"Escrito por\" \/>\n\t<meta name=\"twitter:data1\" content=\"Jo\u00e3o Vitor Chaves Silva\" \/>\n\t<meta name=\"twitter:label2\" content=\"Est. tempo de leitura\" \/>\n\t<meta name=\"twitter:data2\" content=\"3 minutos\" \/>\n<script type=\"application\/ld+json\" class=\"yoast-schema-graph\">{\"@context\":\"https:\/\/schema.org\",\"@graph\":[{\"@type\":\"NewsArticle\",\"@id\":\"https:\/\/www.suno.com.br\/noticias\/a-seguir-crise-no-planalto-guerra-comercial-na-china-e-temporada-de-resultados-acelera\/#article\",\"isPartOf\":{\"@id\":\"https:\/\/www.suno.com.br\/noticias\/a-seguir-crise-no-planalto-guerra-comercial-na-china-e-temporada-de-resultados-acelera\/\"},\"author\":{\"name\":\"Jo\u00e3o Vitor Chaves Silva\",\"@id\":\"https:\/\/www.suno.com.br\/noticias\/#\/schema\/person\/962c5e214a16b408badbd2e3e889decc\"},\"headline\":\"A Seguir: Crise no Planalto, Guerra Comercial na China e Temporada de Resultados Acelera\",\"datePublished\":\"2019-02-17T14:05:32+00:00\",\"dateModified\":\"2021-06-14T02:48:35+00:00\",\"mainEntityOfPage\":{\"@id\":\"https:\/\/www.suno.com.br\/noticias\/a-seguir-crise-no-planalto-guerra-comercial-na-china-e-temporada-de-resultados-acelera\/\"},\"wordCount\":644,\"publisher\":{\"@id\":\"https:\/\/www.suno.com.br\/noticias\/#organization\"},\"image\":{\"@id\":\"https:\/\/www.suno.com.br\/noticias\/a-seguir-crise-no-planalto-guerra-comercial-na-china-e-temporada-de-resultados-acelera\/#primaryimage\"},\"thumbnailUrl\":\"https:\/\/files.sunoresearch.com.br\/n\/uploads\/2018\/09\/f6a41aec-china-trump-jpg.webp\",\"keywords\":[\"Bolsa de Valores\",\"China\",\"Donald Trump\",\"Economia\",\"Estados Unidos (EUA)\",\"Ibovespa\",\"Jair Bolsonaro\"],\"articleSection\":[\"Mercado\"],\"inLanguage\":\"pt-BR\"},{\"@type\":\"WebPage\",\"@id\":\"https:\/\/www.suno.com.br\/noticias\/a-seguir-crise-no-planalto-guerra-comercial-na-china-e-temporada-de-resultados-acelera\/\",\"url\":\"https:\/\/www.suno.com.br\/noticias\/a-seguir-crise-no-planalto-guerra-comercial-na-china-e-temporada-de-resultados-acelera\/\",\"name\":\"A Seguir: Crise no Planalto, Guerra Comercial na China e Temporada de Resultados Acelera\",\"isPartOf\":{\"@id\":\"https:\/\/www.suno.com.br\/noticias\/#website\"},\"primaryImageOfPage\":{\"@id\":\"https:\/\/www.suno.com.br\/noticias\/a-seguir-crise-no-planalto-guerra-comercial-na-china-e-temporada-de-resultados-acelera\/#primaryimage\"},\"image\":{\"@id\":\"https:\/\/www.suno.com.br\/noticias\/a-seguir-crise-no-planalto-guerra-comercial-na-china-e-temporada-de-resultados-acelera\/#primaryimage\"},\"thumbnailUrl\":\"https:\/\/files.sunoresearch.com.br\/n\/uploads\/2018\/09\/f6a41aec-china-trump-jpg.webp\",\"datePublished\":\"2019-02-17T14:05:32+00:00\",\"dateModified\":\"2021-06-14T02:48:35+00:00\",\"breadcrumb\":{\"@id\":\"https:\/\/www.suno.com.br\/noticias\/a-seguir-crise-no-planalto-guerra-comercial-na-china-e-temporada-de-resultados-acelera\/#breadcrumb\"},\"inLanguage\":\"pt-BR\",\"potentialAction\":[{\"@type\":\"ReadAction\",\"target\":[\"https:\/\/www.suno.com.br\/noticias\/a-seguir-crise-no-planalto-guerra-comercial-na-china-e-temporada-de-resultados-acelera\/\"]}]},{\"@type\":\"ImageObject\",\"inLanguage\":\"pt-BR\",\"@id\":\"https:\/\/www.suno.com.br\/noticias\/a-seguir-crise-no-planalto-guerra-comercial-na-china-e-temporada-de-resultados-acelera\/#primaryimage\",\"url\":\"https:\/\/files.sunoresearch.com.br\/n\/uploads\/2018\/09\/f6a41aec-china-trump-jpg.webp\",\"contentUrl\":\"https:\/\/files.sunoresearch.com.br\/n\/uploads\/2018\/09\/f6a41aec-china-trump-jpg.webp\",\"width\":2560,\"height\":1706,\"caption\":\"Estados Unidos imp\u00f5em novas san\u00e7\u00f5es ao Ir\u00e3\"},{\"@type\":\"BreadcrumbList\",\"@id\":\"https:\/\/www.suno.com.br\/noticias\/a-seguir-crise-no-planalto-guerra-comercial-na-china-e-temporada-de-resultados-acelera\/#breadcrumb\",\"itemListElement\":[{\"@type\":\"ListItem\",\"position\":1,\"name\":\"Not\u00edcias\",\"item\":\"https:\/\/www.suno.com.br\/noticias\/\"},{\"@type\":\"ListItem\",\"position\":2,\"name\":\"Mercado\",\"item\":\"https:\/\/www.suno.com.br\/noticias\/mercado\/\"},{\"@type\":\"ListItem\",\"position\":3,\"name\":\"A Seguir: Crise no Planalto, Guerra Comercial na China e Temporada de Resultados Acelera\"}]},{\"@type\":\"WebSite\",\"@id\":\"https:\/\/www.suno.com.br\/noticias\/#website\",\"url\":\"https:\/\/www.suno.com.br\/noticias\/\",\"name\":\"Suno Not\u00edcias\",\"description\":\"Seu portal de informa\u00e7\u00e3o sobre o mundo dos investimentos\",\"publisher\":{\"@id\":\"https:\/\/www.suno.com.br\/noticias\/#organization\"},\"potentialAction\":[{\"@type\":\"SearchAction\",\"target\":{\"@type\":\"EntryPoint\",\"urlTemplate\":\"https:\/\/www.suno.com.br\/noticias\/?s={search_term_string}\"},\"query-input\":{\"@type\":\"PropertyValueSpecification\",\"valueRequired\":true,\"valueName\":\"search_term_string\"}}],\"inLanguage\":\"pt-BR\"},{\"@type\":\"Organization\",\"@id\":\"https:\/\/www.suno.com.br\/noticias\/#organization\",\"name\":\"Suno Not\u00edcias\",\"url\":\"https:\/\/www.suno.com.br\/noticias\/\",\"logo\":{\"@type\":\"ImageObject\",\"inLanguage\":\"pt-BR\",\"@id\":\"https:\/\/www.suno.com.br\/noticias\/#\/schema\/logo\/image\/\",\"url\":\"https:\/\/files.sunoresearch.com.br\/n\/uploads\/2021\/09\/suno-logo.png\",\"contentUrl\":\"https:\/\/files.sunoresearch.com.br\/n\/uploads\/2021\/09\/suno-logo.png\",\"width\":180,\"height\":180,\"caption\":\"Suno Not\u00edcias\"},\"image\":{\"@id\":\"https:\/\/www.suno.com.br\/noticias\/#\/schema\/logo\/image\/\"},\"sameAs\":[\"https:\/\/facebook.com\/sunoresearch\",\"https:\/\/x.com\/sunoresearch\",\"https:\/\/www.instagram.com\/suno\",\"https:\/\/www.linkedin.com\/company\/suno-research\/\",\"https:\/\/www.youtube.com\/c\/sunoresearch\"]},{\"@type\":\"Person\",\"@id\":\"https:\/\/www.suno.com.br\/noticias\/#\/schema\/person\/962c5e214a16b408badbd2e3e889decc\",\"name\":\"Jo\u00e3o Vitor Chaves Silva\",\"image\":{\"@type\":\"ImageObject\",\"inLanguage\":\"pt-BR\",\"@id\":\"https:\/\/www.suno.com.br\/noticias\/#\/schema\/person\/image\/\",\"url\":\"https:\/\/secure.gravatar.com\/avatar\/e2e62d3d83007a9c98150149e35d1c78?s=96&r=g\",\"contentUrl\":\"https:\/\/secure.gravatar.com\/avatar\/e2e62d3d83007a9c98150149e35d1c78?s=96&r=g\",\"caption\":\"Jo\u00e3o Vitor Chaves Silva\"},\"description\":\"Fundador do Empreenda Junto, 2\u00ba\u00a0Maior comunidade online de empreendedores do Brasil, 1\u00ba\u00a0Brasileiro e Pessoa mais jovem a receber o t\u00edtulo de Teacher Of New Ventures And Leadership pelo MIT GEB, COO da Suno Research.\",\"sameAs\":[\"https:\/\/www.suno.com.br\",\"https:\/\/www.facebook.com\/joaovitor2763\",\"https:\/\/x.com\/https:\/\/twitter.com\/joaovitor2763\"],\"url\":\"https:\/\/www.suno.com.br\/noticias\/author\/joao-vitor\/\"}]}<\/script>\n<!-- \/ Yoast SEO plugin. -->","yoast_head_json":{"title":"A Seguir: Crise no Planalto, Guerra Comercial na China e Temporada de Resultados Acelera","robots":{"index":"index","follow":"follow","max-snippet":"max-snippet:-1","max-image-preview":"max-image-preview:large","max-video-preview":"max-video-preview:-1"},"canonical":"https:\/\/www.suno.com.br\/noticias\/a-seguir-crise-no-planalto-guerra-comercial-na-china-e-temporada-de-resultados-acelera\/","og_locale":"pt_BR","og_type":"article","og_title":"A Seguir: Crise no Planalto, Guerra Comercial na China e Temporada de Resultados Acelera","og_description":"O que deve movimentar a semana no Brasil Bolsonaro deixa hospital Estados Unidos imp\u00f5em novas san\u00e7\u00f5es ao Ir\u00e3 O que deve movimentar a semana no Brasil Na \u00faltima semana o Presidente Bolsonaro finalmente recebeu alta m\u00e9dica ap\u00f3s a cirurgia para retirada da bolsa de colostomia que usava desde o atentado sofrido durante a campanha no [&hellip;]","og_url":"https:\/\/www.suno.com.br\/noticias\/a-seguir-crise-no-planalto-guerra-comercial-na-china-e-temporada-de-resultados-acelera\/","og_site_name":"Suno Not\u00edcias","article_publisher":"https:\/\/facebook.com\/sunoresearch","article_author":"https:\/\/www.facebook.com\/joaovitor2763","og_image":[{"width":2560,"height":1706,"url":"https:\/\/files.sunoresearch.com.br\/n\/uploads\/2018\/09\/f6a41aec-china-trump.jpg","type":"image\/jpeg"}],"author":"Jo\u00e3o Vitor Chaves Silva","twitter_card":"summary_large_image","twitter_creator":"@https:\/\/twitter.com\/joaovitor2763","twitter_site":"@sunoresearch","twitter_misc":{"Escrito por":"Jo\u00e3o Vitor Chaves Silva","Est. tempo de leitura":"3 minutos"},"schema":{"@context":"https:\/\/schema.org","@graph":[{"@type":"NewsArticle","@id":"https:\/\/www.suno.com.br\/noticias\/a-seguir-crise-no-planalto-guerra-comercial-na-china-e-temporada-de-resultados-acelera\/#article","isPartOf":{"@id":"https:\/\/www.suno.com.br\/noticias\/a-seguir-crise-no-planalto-guerra-comercial-na-china-e-temporada-de-resultados-acelera\/"},"author":{"name":"Jo\u00e3o Vitor Chaves Silva","@id":"https:\/\/www.suno.com.br\/noticias\/#\/schema\/person\/962c5e214a16b408badbd2e3e889decc"},"headline":"A Seguir: Crise no Planalto, Guerra Comercial na China e Temporada de Resultados Acelera","datePublished":"2019-02-17T14:05:32+00:00","dateModified":"2021-06-14T02:48:35+00:00","mainEntityOfPage":{"@id":"https:\/\/www.suno.com.br\/noticias\/a-seguir-crise-no-planalto-guerra-comercial-na-china-e-temporada-de-resultados-acelera\/"},"wordCount":644,"publisher":{"@id":"https:\/\/www.suno.com.br\/noticias\/#organization"},"image":{"@id":"https:\/\/www.suno.com.br\/noticias\/a-seguir-crise-no-planalto-guerra-comercial-na-china-e-temporada-de-resultados-acelera\/#primaryimage"},"thumbnailUrl":"https:\/\/files.sunoresearch.com.br\/n\/uploads\/2018\/09\/f6a41aec-china-trump-jpg.webp","keywords":["Bolsa de Valores","China","Donald Trump","Economia","Estados Unidos (EUA)","Ibovespa","Jair Bolsonaro"],"articleSection":["Mercado"],"inLanguage":"pt-BR"},{"@type":"WebPage","@id":"https:\/\/www.suno.com.br\/noticias\/a-seguir-crise-no-planalto-guerra-comercial-na-china-e-temporada-de-resultados-acelera\/","url":"https:\/\/www.suno.com.br\/noticias\/a-seguir-crise-no-planalto-guerra-comercial-na-china-e-temporada-de-resultados-acelera\/","name":"A Seguir: Crise no Planalto, Guerra Comercial na China e Temporada de Resultados Acelera","isPartOf":{"@id":"https:\/\/www.suno.com.br\/noticias\/#website"},"primaryImageOfPage":{"@id":"https:\/\/www.suno.com.br\/noticias\/a-seguir-crise-no-planalto-guerra-comercial-na-china-e-temporada-de-resultados-acelera\/#primaryimage"},"image":{"@id":"https:\/\/www.suno.com.br\/noticias\/a-seguir-crise-no-planalto-guerra-comercial-na-china-e-temporada-de-resultados-acelera\/#primaryimage"},"thumbnailUrl":"https:\/\/files.sunoresearch.com.br\/n\/uploads\/2018\/09\/f6a41aec-china-trump-jpg.webp","datePublished":"2019-02-17T14:05:32+00:00","dateModified":"2021-06-14T02:48:35+00:00","breadcrumb":{"@id":"https:\/\/www.suno.com.br\/noticias\/a-seguir-crise-no-planalto-guerra-comercial-na-china-e-temporada-de-resultados-acelera\/#breadcrumb"},"inLanguage":"pt-BR","potentialAction":[{"@type":"ReadAction","target":["https:\/\/www.suno.com.br\/noticias\/a-seguir-crise-no-planalto-guerra-comercial-na-china-e-temporada-de-resultados-acelera\/"]}]},{"@type":"ImageObject","inLanguage":"pt-BR","@id":"https:\/\/www.suno.com.br\/noticias\/a-seguir-crise-no-planalto-guerra-comercial-na-china-e-temporada-de-resultados-acelera\/#primaryimage","url":"https:\/\/files.sunoresearch.com.br\/n\/uploads\/2018\/09\/f6a41aec-china-trump-jpg.webp","contentUrl":"https:\/\/files.sunoresearch.com.br\/n\/uploads\/2018\/09\/f6a41aec-china-trump-jpg.webp","width":2560,"height":1706,"caption":"Estados Unidos imp\u00f5em novas san\u00e7\u00f5es ao Ir\u00e3"},{"@type":"BreadcrumbList","@id":"https:\/\/www.suno.com.br\/noticias\/a-seguir-crise-no-planalto-guerra-comercial-na-china-e-temporada-de-resultados-acelera\/#breadcrumb","itemListElement":[{"@type":"ListItem","position":1,"name":"Not\u00edcias","item":"https:\/\/www.suno.com.br\/noticias\/"},{"@type":"ListItem","position":2,"name":"Mercado","item":"https:\/\/www.suno.com.br\/noticias\/mercado\/"},{"@type":"ListItem","position":3,"name":"A Seguir: Crise no Planalto, Guerra Comercial na China e Temporada de Resultados Acelera"}]},{"@type":"WebSite","@id":"https:\/\/www.suno.com.br\/noticias\/#website","url":"https:\/\/www.suno.com.br\/noticias\/","name":"Suno Not\u00edcias","description":"Seu portal de informa\u00e7\u00e3o sobre o mundo dos investimentos","publisher":{"@id":"https:\/\/www.suno.com.br\/noticias\/#organization"},"potentialAction":[{"@type":"SearchAction","target":{"@type":"EntryPoint","urlTemplate":"https:\/\/www.suno.com.br\/noticias\/?s={search_term_string}"},"query-input":{"@type":"PropertyValueSpecification","valueRequired":true,"valueName":"search_term_string"}}],"inLanguage":"pt-BR"},{"@type":"Organization","@id":"https:\/\/www.suno.com.br\/noticias\/#organization","name":"Suno Not\u00edcias","url":"https:\/\/www.suno.com.br\/noticias\/","logo":{"@type":"ImageObject","inLanguage":"pt-BR","@id":"https:\/\/www.suno.com.br\/noticias\/#\/schema\/logo\/image\/","url":"https:\/\/files.sunoresearch.com.br\/n\/uploads\/2021\/09\/suno-logo.png","contentUrl":"https:\/\/files.sunoresearch.com.br\/n\/uploads\/2021\/09\/suno-logo.png","width":180,"height":180,"caption":"Suno Not\u00edcias"},"image":{"@id":"https:\/\/www.suno.com.br\/noticias\/#\/schema\/logo\/image\/"},"sameAs":["https:\/\/facebook.com\/sunoresearch","https:\/\/x.com\/sunoresearch","https:\/\/www.instagram.com\/suno","https:\/\/www.linkedin.com\/company\/suno-research\/","https:\/\/www.youtube.com\/c\/sunoresearch"]},{"@type":"Person","@id":"https:\/\/www.suno.com.br\/noticias\/#\/schema\/person\/962c5e214a16b408badbd2e3e889decc","name":"Jo\u00e3o Vitor Chaves Silva","image":{"@type":"ImageObject","inLanguage":"pt-BR","@id":"https:\/\/www.suno.com.br\/noticias\/#\/schema\/person\/image\/","url":"https:\/\/secure.gravatar.com\/avatar\/e2e62d3d83007a9c98150149e35d1c78?s=96&r=g","contentUrl":"https:\/\/secure.gravatar.com\/avatar\/e2e62d3d83007a9c98150149e35d1c78?s=96&r=g","caption":"Jo\u00e3o Vitor Chaves Silva"},"description":"Fundador do Empreenda Junto, 2\u00ba\u00a0Maior comunidade online de empreendedores do Brasil, 1\u00ba\u00a0Brasileiro e Pessoa mais jovem a receber o t\u00edtulo de Teacher Of New Ventures And Leadership pelo MIT GEB, COO da Suno Research.","sameAs":["https:\/\/www.suno.com.br","https:\/\/www.facebook.com\/joaovitor2763","https:\/\/x.com\/https:\/\/twitter.com\/joaovitor2763"],"url":"https:\/\/www.suno.com.br\/noticias\/author\/joao-vitor\/"}]}},"default_loop_html":"<div class=\"cardsPage__listCard__boxs\"><div class=\"cardsPage__listCard__boxs__img\"><a href=\"https:\/\/www.suno.com.br\/noticias\/a-seguir-crise-no-planalto-guerra-comercial-na-china-e-temporada-de-resultados-acelera\/\"><img class=\"mask\" src=\"https:\/\/www.suno.com.br\/noticias\/wp-content\/themes\/suno\/resources\/images\/spotlight\/spotlight1img\/bg-mask.png\" alt=\"Image Mask\"\/><img src=\"https:\/\/files.sunoresearch.com.br\/n\/uploads\/2018\/09\/f6a41aec-china-trump-400x200.webp\" alt=\"A Seguir: Crise no Planalto, Guerra Comercial na China e Temporada de Resultados Acelera\"\/><\/a><span class=\"spotlightCategory\"><a href=\"https:\/\/www.suno.com.br\/noticias\/mercado\/\">Mercado<\/a><\/span><\/div><div class=\"cardsPage__listCard__boxs__content\"><a href=\"https:\/\/www.suno.com.br\/noticias\/a-seguir-crise-no-planalto-guerra-comercial-na-china-e-temporada-de-resultados-acelera\/\"><h2 class=\"content__title\">A Seguir: Crise no Planalto, Guerra Comercial na China e Temporada de Resultados Acelera<\/h2><\/a><div class=\"newsContent__article__meta\"><div class=\"newsContent__article__meta__authorBox\"><a href=\"https:\/\/www.suno.com.br\/noticias\/author\/joao-vitor\/\" class=\"authorBox__avatar noMobi\"><img src=\"https:\/\/secure.gravatar.com\/avatar\/e2e62d3d83007a9c98150149e35d1c78?s=96&#038;r=g\" alt=\"Jo\u00e3o Vitor Chaves Silva\"><\/a><div class=\"authorBox__name\"><span>por\n\t\t\t<a href=\"https:\/\/www.suno.com.br\/noticias\/author\/joao-vitor\/\"><span itemprop=\"author\">Jo\u00e3o Vitor Chaves Silva<\/span><\/a><\/span><time datetime=\"2019-02-17T11:05:32-03:00\" itemprop=\"datePublished\">17\/02\/2019 11:05<\/time><\/div><\/div><\/div><\/div><\/div>","single_layout":"posts","amp_enabled":true,"_links":{"self":[{"href":"https:\/\/www.suno.com.br\/noticias\/wp-json\/wp\/v2\/posts\/15593"}],"collection":[{"href":"https:\/\/www.suno.com.br\/noticias\/wp-json\/wp\/v2\/posts"}],"about":[{"href":"https:\/\/www.suno.com.br\/noticias\/wp-json\/wp\/v2\/types\/post"}],"author":[{"embeddable":true,"href":"https:\/\/www.suno.com.br\/noticias\/wp-json\/wp\/v2\/users\/2"}],"replies":[{"embeddable":true,"href":"https:\/\/www.suno.com.br\/noticias\/wp-json\/wp\/v2\/comments?post=15593"}],"version-history":[{"count":1,"href":"https:\/\/www.suno.com.br\/noticias\/wp-json\/wp\/v2\/posts\/15593\/revisions"}],"predecessor-version":[{"id":157477,"href":"https:\/\/www.suno.com.br\/noticias\/wp-json\/wp\/v2\/posts\/15593\/revisions\/157477"}],"wp:featuredmedia":[{"embeddable":true,"href":"https:\/\/www.suno.com.br\/noticias\/wp-json\/wp\/v2\/media\/3777"}],"wp:attachment":[{"href":"https:\/\/www.suno.com.br\/noticias\/wp-json\/wp\/v2\/media?parent=15593"}],"wp:term":[{"taxonomy":"category","embeddable":true,"href":"https:\/\/www.suno.com.br\/noticias\/wp-json\/wp\/v2\/categories?post=15593"},{"taxonomy":"post_tag","embeddable":true,"href":"https:\/\/www.suno.com.br\/noticias\/wp-json\/wp\/v2\/tags?post=15593"},{"taxonomy":"suno_strategy","embeddable":true,"href":"https:\/\/www.suno.com.br\/noticias\/wp-json\/wp\/v2\/suno_strategy?post=15593"}],"curies":[{"name":"wp","href":"https:\/\/api.w.org\/{rel}","templated":true}]}}