{"id":155856,"date":"2021-06-10T09:52:05","date_gmt":"2021-06-10T12:52:05","guid":{"rendered":"https:\/\/www.suno.com.br\/noticias\/?p=155856"},"modified":"2021-06-21T05:55:05","modified_gmt":"2021-06-21T08:55:05","slug":"eletrobras-elet3-relator-mp-garante-texto-pronto-semana-que-vem","status":"publish","type":"post","link":"https:\/\/www.suno.com.br\/noticias\/eletrobras-elet3-relator-mp-garante-texto-pronto-semana-que-vem\/","title":{"rendered":"Eletrobras (ELET3): Relator garante texto pronto na semana que vem"},"content":{"rendered":"<p>O senador Marcos Rog\u00e9rio (DEM-RO), relator da Medida Provis\u00f3ria (MP) da privatiza\u00e7\u00e3o da <a href=\"https:\/\/www.suno.com.br\/acoes\/elet3\/\"><strong>Eletrobras<\/strong> (ELET3)<\/a>, adiantou que deve finalizar seu relat\u00f3rio at\u00e9 a pr\u00f3xima ter\u00e7a-feira (15), da semana que vem.<\/p>\t<div class=\"wrapper-featured-image\">\n\t\t<figure class=\"spotlightImg\">\n\n\t\t\t<picture>\n\t\t\t\t<source media=\"(max-width: 768px)\" srcset=\"https:\/\/files.sunoresearch.com.br\/n\/uploads\/2021\/05\/be54ebc2-71349630_2394500990658014_3607596520880209920_n-400x200.webp\">\n\t\t\t\t<img loading=\"lazy\" decoding=\"async\" class=\"newsContent__article__imgCapa lazyloadDisabled \" src=\"https:\/\/files.sunoresearch.com.br\/n\/uploads\/2021\/05\/be54ebc2-71349630_2394500990658014_3607596520880209920_n-800x450.webp\" width=\"800\" height=\"450\" alt=\"Eletrobras (ELET3): Relator garante texto pronto na semana que vem\" fetchpriority=high \/>\n\t\t\t<\/picture>\n\n\t\t\t<figcaption class=\"wp-caption-text wp-caption-text--show\">Plano de moderniza\u00e7\u00e3o da Eletrobras prev\u00ea digitaliza\u00e7\u00e3o e compra de equipamentos mais novos - Foto: Reprodu\u00e7\u00e3o\/Eletrobras<\/figcaption>\n\t\t<\/figure>\n\t<\/div>\n\n\n\t<p>\n\t\t<a href=\"https:\/\/lp.suno.com.br\/planilha-controle-gastos\/\" target=\"_blank\" data-element=\"shortcode-suno-banner\" title=\"Banner SUNO, clique e saiba mais\">\n\t\t\t<picture>\n\t\t\t\t<source media=\"(max-width: 500px)\" srcset=\"https:\/\/files.sunoresearch.com.br\/n\/uploads\/2023\/03\/400x300-Planilha-controle-de-gastos.png\">\n\t\t\t\t<img class=\"newsContent__article__imgCapa newsContent__article__imgCapa--banner\"\n\t\t\t\t\tsrc=\"https:\/\/files.sunoresearch.com.br\/n\/uploads\/2023\/03\/1420x240-Planilha-controle-de-gastos.png\"\n\t\t\t\t\tdata-promo-id=\"101751\"\t\t\t\t\t\t\t\t\t\twidth='1420' height='240'\t\t\t\t\talt=\"https:\/\/files.sunoresearch.com.br\/n\/uploads\/2023\/03\/1420x240-Planilha-controle-de-gastos.png\"\n\t\t\t\t>\n\t\t\t<\/picture>\n\t\t<\/a>\n\t<\/p>\n\n\n<p>A inten\u00e7\u00e3o do parlamentar \u00e9 que o texto j\u00e1 seja discutido no plen\u00e1rio no mesmo dia, mantendo a celeridade na <a href=\"https:\/\/www.suno.com.br\/artigos\/privatizacao\/\">privatiza\u00e7\u00e3o da Eletrobras<\/a>.<\/p>\n<p>O senador, juntamente com o <strong>ministro de Minas e Energia<\/strong>, Bento Albuquerque, concedeu entrevista ap\u00f3s encontro na noite desta quarta-feira (8).<\/p>\n<p><a href=\"https:\/\/lp.suno.com.br\/suno-one\/?ppp=noticias\/hospital-care-pedido-ipo-cvm\/\"><b>Suno One: acesse gratuitamente eBooks, Minicursos, Artigos e V\u00eddeo Aulas sobre investimentos com um \u00fanico cadastro. Clique para saber mais!<\/b><\/a><\/p>\n<p>&#8220;N\u00f3s devemos ter sess\u00e3o do <strong>Senado<\/strong> na ter\u00e7a, ent\u00e3o a ideia \u00e9 que, no m\u00e1ximo, na ter\u00e7a a gente tenha o relat\u00f3rio pronto, apresentado, com a <a href=\"https:\/\/www.suno.com.br\/artigos\/controle-acionario\/\">mat\u00e9ria em pauta para vota\u00e7\u00e3o<\/a>. Para que haja tempo suficiente para que, havendo mudan\u00e7as no texto no Senado, a C\u00e2mara tenha folga para votar a mat\u00e9ria naquilo que foi modificado no Senado&#8221;, disse o parlamentar.<\/p>\n<p>A <strong>MP<\/strong> precisa ser aprovada pelo Congresso Nacional at\u00e9 o dia 22 ou perder\u00e1 a validade.<\/p>\n<p>Rog\u00e9rio afirmou que ir\u00e1 analisar todas as sugest\u00f5es, pleitos e emendas apresentadas por senadores a partir de amanh\u00e3. O senador, da mesma forma, ressaltou que a inten\u00e7\u00e3o \u00e9 chegar a um texto de converg\u00eancia.<\/p>\n\t<div data-element=\"shortcode-read-more\" class=\"knowMore\">\n\t\t\t\t<span class=\"knowMore__title\">Saiba mais<\/span>\n\t\t\t\t<a class=\"knowMore__link\" href=\"https:\/\/www.suno.com.br\/noticias\/katia-abreu-privatizar-eletrobras-elet3-tarifa-cara\/\">\n\t\t\tEletrobras (ELET3): N\u00e3o \u00e9 hora de impor tarifa cara, diz K\u00e1tia Abreu sobre privatiza\u00e7\u00e3o\t\t<\/a>\n\t<\/div>\n\n\n<p>&#8220;O trabalho nesse momento \u00e9 justamente de ampliar as conversas, di\u00e1logos, para busca do entendimento, para votar essa mat\u00e9ria dentro do ambiente de converg\u00eancia. V\u00e1rios segmentos t\u00eam seus pontos de vista e contribui\u00e7\u00f5es, mas o esfor\u00e7o, como relator, \u00e9 procurar entendimento&#8221;, disse.<\/p>\n<p>&#8220;Penso que vamos conseguir, ao final, apresentar um relat\u00f3rio que congregue todas essas pondera\u00e7\u00f5es que est\u00e3o sendo apresentadas neste momento&#8221;, acrescentou.<\/p>\n<h2>Senador defendeu mudan\u00e7as feitas pelos deputados<\/h2>\n<p>Al\u00e9m disso, o senador afirmou que ainda n\u00e3o h\u00e1 defini\u00e7\u00e3o do que ser\u00e1 ou n\u00e3o inclu\u00eddo em seu parecer, mas defendeu as mudan\u00e7as feitas no texto pelos <strong>deputados<\/strong>.<\/p>\n<p>&#8220;N\u00e3o acho que seja o caso de desconsiderar o que a C\u00e2mara fez. A C\u00e2mara avan\u00e7ou muito nessa mat\u00e9ria&#8221;, disse. Ele afirmou que est\u00e1 em contato com o deputado Elmar Nascimento (DEM-BA), que relatou a MP na Casa, sobre poss\u00edveis altera\u00e7\u00f5es que ser\u00e3o propostas no Senado.<\/p>\n<h2>Consumidor n\u00e3o pagar\u00e1 a conta, diz Ministro<\/h2>\n<p>Questionado sobre o poss\u00edvel aumento das tarifas por conta dos trechos, Rog\u00e9rio afirmou que teve acesso aos n\u00fameros oficiais do Minist\u00e9rio de Minas e Energia que apontam em dire\u00e7\u00e3o contr\u00e1ria, de redu\u00e7\u00e3o nos valores.<\/p>\n<p>Segundo c\u00e1lculos divulgados pelo MME nesta tarde, as medidas aprovadas pelos deputados podem reduzir as tarifas de energia em 6,34% para os consumidores atendidos pelas distribuidoras, como os residenciais. Em outros cen\u00e1rios, os efeitos podem variar de 5,10% a 7,365%.<\/p>\n\t<p>\n\t\t<a href=\"https:\/\/lp.suno.com.br\/planilha-da-vida-financeira\/\" target=\"_blank\" data-element=\"shortcode-suno-banner\" title=\"Banner SUNO, clique e saiba mais\">\n\t\t\t<picture>\n\t\t\t\t<source media=\"(max-width: 500px)\" srcset=\"https:\/\/files.sunoresearch.com.br\/n\/uploads\/2023\/04\/400x300-Planilha-vida-financeira-true.png\">\n\t\t\t\t<img class=\"newsContent__article__imgCapa newsContent__article__imgCapa--banner\"\n\t\t\t\t\tsrc=\"https:\/\/files.sunoresearch.com.br\/n\/uploads\/2023\/04\/1420x240-Planilha-vida-financeira-true.png\"\n\t\t\t\t\tdata-promo-id=\"106682\"\t\t\t\t\t\t\t\t\t\twidth='1420' height='240'\t\t\t\t\talt=\"https:\/\/files.sunoresearch.com.br\/n\/uploads\/2023\/04\/1420x240-Planilha-vida-financeira-true.png\"\n\t\t\t\t>\n\t\t\t<\/picture>\n\t\t<\/a>\n\t<\/p>\n\n\n<p>&#8220;Em nenhum momento se <a href=\"https:\/\/www.suno.com.br\/artigos\/austeridade\/\">pensou em transferir esse encargo para o consumidor<\/a> &#8220;, afirmou o ministro de Minas e Energia, Bento Albuquerque.<\/p>\n<p><iframe loading=\"lazy\" title=\"YouTube video player\" src=\"https:\/\/www.youtube.com\/embed\/aoitcpNJdf0\" width=\"853\" height=\"480\" frameborder=\"0\" allowfullscreen=\"allowfullscreen\"><\/iframe><\/p>\n<p>&nbsp;<\/p>\n<h2>Cota\u00e7\u00e3o de Eletrobras<\/h2>\n<p><a href=\"https:\/\/www.suno.com.br\/artigos\/o-que-sao-acoes-ordinarias-preferenciais-e-units\/\">As a\u00e7\u00f5es da\u00a0<strong>Eletrobras<\/strong> est\u00e3o precificadas R$ 45,22<\/a>, ap\u00f3s alta de 0,38% no intradia do preg\u00e3o de quarta (9). O acumulado semanal \u00e9 de uma alta de 0,49%. Contudo, no acumulado mensal, os pap\u00e9is da estatal somam uma valoriza\u00e7\u00e3o de 19,63%.<\/p>\n<p><em><strong>Com informa\u00e7\u00f5es do Estad\u00e3o Conte\u00fado<\/strong><\/em><\/p>\n\t<p>\n\t\t<a href=\"https:\/\/lp.suno.com.br\/planilha-de-controle-de-investimentos\/\" target=\"_blank\" data-element=\"shortcode-suno-banner\" title=\"Banner SUNO, clique e saiba mais\">\n\t\t\t<picture>\n\t\t\t\t<source media=\"(max-width: 500px)\" srcset=\"https:\/\/files.sunoresearch.com.br\/n\/uploads\/2023\/03\/400x300-Controle-de-Investimentos.png\">\n\t\t\t\t<img class=\"newsContent__article__imgCapa newsContent__article__imgCapa--banner\"\n\t\t\t\t\tsrc=\"https:\/\/files.sunoresearch.com.br\/n\/uploads\/2023\/03\/1420x240-Controle-de-Investimentos.png\"\n\t\t\t\t\tdata-promo-id=\"75934\"\t\t\t\t\t\t\t\t\t\twidth='1420' height='240'\t\t\t\t\talt=\"https:\/\/files.sunoresearch.com.br\/n\/uploads\/2023\/03\/1420x240-Controle-de-Investimentos.png\"\n\t\t\t\t>\n\t\t\t<\/picture>\n\t\t<\/a>\n\t<\/p>\n\n\n","protected":false},"excerpt":{"rendered":"<p>O senador Marcos Rog\u00e9rio (DEM-RO), relator da Medida Provis\u00f3ria (MP) da privatiza\u00e7\u00e3o da Eletrobras (ELET3), adiantou que deve finalizar seu relat\u00f3rio at\u00e9 a pr\u00f3xima ter\u00e7a-feira (15), da semana que vem. Plano de moderniza\u00e7\u00e3o da Eletrobras prev\u00ea digitaliza\u00e7\u00e3o e compra de equipamentos mais novos &#8211; Foto: Reprodu\u00e7\u00e3o\/Eletrobras A inten\u00e7\u00e3o do parlamentar \u00e9 que o texto j\u00e1 [&hellip;]<\/p>\n","protected":false},"author":73,"featured_media":150099,"comment_status":"closed","ping_status":"closed","sticky":false,"template":"","format":"standard","meta":[],"categories":[64],"tags":[938,901,455,104992,945,1068],"suno_strategy":[],"class_list":["post-155856","post","type-post","status-publish","format-standard","has-post-thumbnail","hentry","category-negocios","tag-camara-dos-deputados","tag-congresso-nacional","tag-eletrobras-elet3-elet5-elet6","tag-privatizacao-da-eletrobras","tag-privatizacoes","tag-senado-federal"],"yoast_head":"<!-- This site is optimized with the Yoast SEO plugin v24.4 - https:\/\/yoast.com\/wordpress\/plugins\/seo\/ -->\n<title>Eletrobras (ELET3): Relator garante texto pronto na semana que vem<\/title>\n<meta name=\"description\" content=\"O senador Marcos Rog\u00e9rio, ressaltou que o seu parecer sobre a MP da Eletrobras ficar\u00e1 pronto j\u00e1 na ter\u00e7a (13). Clique aqui e leia mais.\" \/>\n<meta name=\"robots\" content=\"index, follow, max-snippet:-1, max-image-preview:large, max-video-preview:-1\" \/>\n<link rel=\"canonical\" href=\"https:\/\/www.suno.com.br\/noticias\/eletrobras-elet3-relator-mp-garante-texto-pronto-semana-que-vem\/\" \/>\n<meta property=\"og:locale\" content=\"pt_BR\" \/>\n<meta property=\"og:type\" content=\"article\" \/>\n<meta property=\"og:title\" content=\"Eletrobras (ELET3): Relator garante texto pronto na semana que vem\" \/>\n<meta property=\"og:description\" content=\"O senador Marcos Rog\u00e9rio, ressaltou que o seu parecer sobre a MP da Eletrobras ficar\u00e1 pronto j\u00e1 na ter\u00e7a (13). Clique aqui e leia mais.\" \/>\n<meta property=\"og:url\" content=\"https:\/\/www.suno.com.br\/noticias\/eletrobras-elet3-relator-mp-garante-texto-pronto-semana-que-vem\/\" \/>\n<meta property=\"og:site_name\" content=\"Suno Not\u00edcias\" \/>\n<meta property=\"article:publisher\" content=\"https:\/\/facebook.com\/sunoresearch\" \/>\n<meta property=\"og:image\" content=\"https:\/\/files.sunoresearch.com.br\/n\/uploads\/2021\/05\/be54ebc2-71349630_2394500990658014_3607596520880209920_n.jpg\" \/>\n\t<meta property=\"og:image:width\" content=\"1200\" \/>\n\t<meta property=\"og:image:height\" content=\"628\" \/>\n\t<meta property=\"og:image:type\" content=\"image\/jpeg\" \/>\n<meta name=\"author\" content=\"Eduardo Vargas\" \/>\n<meta name=\"twitter:card\" content=\"summary_large_image\" \/>\n<meta name=\"twitter:creator\" content=\"@sunoresearch\" \/>\n<meta name=\"twitter:site\" content=\"@sunoresearch\" \/>\n<meta name=\"twitter:label1\" content=\"Escrito por\" \/>\n\t<meta name=\"twitter:data1\" content=\"Eduardo Vargas\" \/>\n\t<meta name=\"twitter:label2\" content=\"Est. tempo de leitura\" \/>\n\t<meta name=\"twitter:data2\" content=\"3 minutos\" \/>\n<script type=\"application\/ld+json\" class=\"yoast-schema-graph\">{\"@context\":\"https:\/\/schema.org\",\"@graph\":[{\"@type\":\"NewsArticle\",\"@id\":\"https:\/\/www.suno.com.br\/noticias\/eletrobras-elet3-relator-mp-garante-texto-pronto-semana-que-vem\/#article\",\"isPartOf\":{\"@id\":\"https:\/\/www.suno.com.br\/noticias\/eletrobras-elet3-relator-mp-garante-texto-pronto-semana-que-vem\/\"},\"author\":{\"name\":\"Eduardo Vargas\",\"@id\":\"https:\/\/www.suno.com.br\/noticias\/#\/schema\/person\/7f4d362bf3518e76090143ae77bb49a5\"},\"headline\":\"Eletrobras (ELET3): Relator garante texto pronto na semana que vem\",\"datePublished\":\"2021-06-10T12:52:05+00:00\",\"dateModified\":\"2021-06-21T08:55:05+00:00\",\"mainEntityOfPage\":{\"@id\":\"https:\/\/www.suno.com.br\/noticias\/eletrobras-elet3-relator-mp-garante-texto-pronto-semana-que-vem\/\"},\"wordCount\":581,\"publisher\":{\"@id\":\"https:\/\/www.suno.com.br\/noticias\/#organization\"},\"image\":{\"@id\":\"https:\/\/www.suno.com.br\/noticias\/eletrobras-elet3-relator-mp-garante-texto-pronto-semana-que-vem\/#primaryimage\"},\"thumbnailUrl\":\"https:\/\/files.sunoresearch.com.br\/n\/uploads\/2021\/05\/be54ebc2-71349630_2394500990658014_3607596520880209920_n-jpg.webp\",\"keywords\":[\"C\u00e2mara dos Deputados\",\"Congresso Nacional\",\"Eletrobras (ELET3\/ELET5\/ELET6)\",\"privatiza\u00e7\u00e3o da Eletrobras\",\"privatiza\u00e7\u00f5es\",\"Senado Federal\"],\"articleSection\":[\"Neg\u00f3cios\"],\"inLanguage\":\"pt-BR\"},{\"@type\":\"WebPage\",\"@id\":\"https:\/\/www.suno.com.br\/noticias\/eletrobras-elet3-relator-mp-garante-texto-pronto-semana-que-vem\/\",\"url\":\"https:\/\/www.suno.com.br\/noticias\/eletrobras-elet3-relator-mp-garante-texto-pronto-semana-que-vem\/\",\"name\":\"Eletrobras (ELET3): Relator garante texto pronto na semana que vem\",\"isPartOf\":{\"@id\":\"https:\/\/www.suno.com.br\/noticias\/#website\"},\"primaryImageOfPage\":{\"@id\":\"https:\/\/www.suno.com.br\/noticias\/eletrobras-elet3-relator-mp-garante-texto-pronto-semana-que-vem\/#primaryimage\"},\"image\":{\"@id\":\"https:\/\/www.suno.com.br\/noticias\/eletrobras-elet3-relator-mp-garante-texto-pronto-semana-que-vem\/#primaryimage\"},\"thumbnailUrl\":\"https:\/\/files.sunoresearch.com.br\/n\/uploads\/2021\/05\/be54ebc2-71349630_2394500990658014_3607596520880209920_n-jpg.webp\",\"datePublished\":\"2021-06-10T12:52:05+00:00\",\"dateModified\":\"2021-06-21T08:55:05+00:00\",\"description\":\"O senador Marcos Rog\u00e9rio, ressaltou que o seu parecer sobre a MP da Eletrobras ficar\u00e1 pronto j\u00e1 na ter\u00e7a (13). Clique aqui e leia mais.\",\"breadcrumb\":{\"@id\":\"https:\/\/www.suno.com.br\/noticias\/eletrobras-elet3-relator-mp-garante-texto-pronto-semana-que-vem\/#breadcrumb\"},\"inLanguage\":\"pt-BR\",\"potentialAction\":[{\"@type\":\"ReadAction\",\"target\":[\"https:\/\/www.suno.com.br\/noticias\/eletrobras-elet3-relator-mp-garante-texto-pronto-semana-que-vem\/\"]}]},{\"@type\":\"ImageObject\",\"inLanguage\":\"pt-BR\",\"@id\":\"https:\/\/www.suno.com.br\/noticias\/eletrobras-elet3-relator-mp-garante-texto-pronto-semana-que-vem\/#primaryimage\",\"url\":\"https:\/\/files.sunoresearch.com.br\/n\/uploads\/2021\/05\/be54ebc2-71349630_2394500990658014_3607596520880209920_n-jpg.webp\",\"contentUrl\":\"https:\/\/files.sunoresearch.com.br\/n\/uploads\/2021\/05\/be54ebc2-71349630_2394500990658014_3607596520880209920_n-jpg.webp\",\"width\":1200,\"height\":628,\"caption\":\"Plano de moderniza\u00e7\u00e3o da Eletrobras prev\u00ea digitaliza\u00e7\u00e3o e compra de equipamentos mais novos - Foto: Reprodu\u00e7\u00e3o\/Eletrobras\"},{\"@type\":\"BreadcrumbList\",\"@id\":\"https:\/\/www.suno.com.br\/noticias\/eletrobras-elet3-relator-mp-garante-texto-pronto-semana-que-vem\/#breadcrumb\",\"itemListElement\":[{\"@type\":\"ListItem\",\"position\":1,\"name\":\"Not\u00edcias\",\"item\":\"https:\/\/www.suno.com.br\/noticias\/\"},{\"@type\":\"ListItem\",\"position\":2,\"name\":\"Neg\u00f3cios\",\"item\":\"https:\/\/www.suno.com.br\/noticias\/negocios\/\"},{\"@type\":\"ListItem\",\"position\":3,\"name\":\"Eletrobras (ELET3): Relator garante texto pronto na semana que vem\"}]},{\"@type\":\"WebSite\",\"@id\":\"https:\/\/www.suno.com.br\/noticias\/#website\",\"url\":\"https:\/\/www.suno.com.br\/noticias\/\",\"name\":\"Suno Not\u00edcias\",\"description\":\"Seu portal de informa\u00e7\u00e3o sobre o mundo dos investimentos\",\"publisher\":{\"@id\":\"https:\/\/www.suno.com.br\/noticias\/#organization\"},\"potentialAction\":[{\"@type\":\"SearchAction\",\"target\":{\"@type\":\"EntryPoint\",\"urlTemplate\":\"https:\/\/www.suno.com.br\/noticias\/?s={search_term_string}\"},\"query-input\":{\"@type\":\"PropertyValueSpecification\",\"valueRequired\":true,\"valueName\":\"search_term_string\"}}],\"inLanguage\":\"pt-BR\"},{\"@type\":\"Organization\",\"@id\":\"https:\/\/www.suno.com.br\/noticias\/#organization\",\"name\":\"Suno Not\u00edcias\",\"url\":\"https:\/\/www.suno.com.br\/noticias\/\",\"logo\":{\"@type\":\"ImageObject\",\"inLanguage\":\"pt-BR\",\"@id\":\"https:\/\/www.suno.com.br\/noticias\/#\/schema\/logo\/image\/\",\"url\":\"https:\/\/files.sunoresearch.com.br\/n\/uploads\/2021\/09\/suno-logo.png\",\"contentUrl\":\"https:\/\/files.sunoresearch.com.br\/n\/uploads\/2021\/09\/suno-logo.png\",\"width\":180,\"height\":180,\"caption\":\"Suno Not\u00edcias\"},\"image\":{\"@id\":\"https:\/\/www.suno.com.br\/noticias\/#\/schema\/logo\/image\/\"},\"sameAs\":[\"https:\/\/facebook.com\/sunoresearch\",\"https:\/\/x.com\/sunoresearch\",\"https:\/\/www.instagram.com\/suno\",\"https:\/\/www.linkedin.com\/company\/suno-research\/\",\"https:\/\/www.youtube.com\/c\/sunoresearch\"]},{\"@type\":\"Person\",\"@id\":\"https:\/\/www.suno.com.br\/noticias\/#\/schema\/person\/7f4d362bf3518e76090143ae77bb49a5\",\"name\":\"Eduardo Vargas\",\"image\":{\"@type\":\"ImageObject\",\"inLanguage\":\"pt-BR\",\"@id\":\"https:\/\/www.suno.com.br\/noticias\/#\/schema\/person\/image\/\",\"url\":\"https:\/\/secure.gravatar.com\/avatar\/dac340933427a22924c9f99d1eb2e3f2?s=96&r=g\",\"contentUrl\":\"https:\/\/secure.gravatar.com\/avatar\/dac340933427a22924c9f99d1eb2e3f2?s=96&r=g\",\"caption\":\"Eduardo Vargas\"},\"description\":\"Jornalista formado pela UFSC, cobre macroeconomia, neg\u00f3cios e startups para o Suno Not\u00edcias, escrevendo principalmente not\u00edcias sobre o mercado financeiro e a bolsa de valores. No YouTube e no Instagram, \u00e9 respons\u00e1vel pela produ\u00e7\u00e3o de Reels e Shorts do Suno Not\u00edcias. Anteriormente, trabalhou cobrindo economia e cotidiano no ND+ e para o ND, maior jornal impresso de Santa Catarina. Cursou um semestre letivo de Estudos de M\u00eddia na Universidad de Buenos Aires.\",\"url\":\"https:\/\/www.suno.com.br\/noticias\/author\/eduardo-vargas\/\"}]}<\/script>\n<!-- \/ Yoast SEO plugin. -->","yoast_head_json":{"title":"Eletrobras (ELET3): Relator garante texto pronto na semana que vem","description":"O senador Marcos Rog\u00e9rio, ressaltou que o seu parecer sobre a MP da Eletrobras ficar\u00e1 pronto j\u00e1 na ter\u00e7a (13). Clique aqui e leia mais.","robots":{"index":"index","follow":"follow","max-snippet":"max-snippet:-1","max-image-preview":"max-image-preview:large","max-video-preview":"max-video-preview:-1"},"canonical":"https:\/\/www.suno.com.br\/noticias\/eletrobras-elet3-relator-mp-garante-texto-pronto-semana-que-vem\/","og_locale":"pt_BR","og_type":"article","og_title":"Eletrobras (ELET3): Relator garante texto pronto na semana que vem","og_description":"O senador Marcos Rog\u00e9rio, ressaltou que o seu parecer sobre a MP da Eletrobras ficar\u00e1 pronto j\u00e1 na ter\u00e7a (13). Clique aqui e leia mais.","og_url":"https:\/\/www.suno.com.br\/noticias\/eletrobras-elet3-relator-mp-garante-texto-pronto-semana-que-vem\/","og_site_name":"Suno Not\u00edcias","article_publisher":"https:\/\/facebook.com\/sunoresearch","og_image":[{"width":1200,"height":628,"url":"https:\/\/files.sunoresearch.com.br\/n\/uploads\/2021\/05\/be54ebc2-71349630_2394500990658014_3607596520880209920_n.jpg","type":"image\/jpeg"}],"author":"Eduardo Vargas","twitter_card":"summary_large_image","twitter_creator":"@sunoresearch","twitter_site":"@sunoresearch","twitter_misc":{"Escrito por":"Eduardo Vargas","Est. tempo de leitura":"3 minutos"},"schema":{"@context":"https:\/\/schema.org","@graph":[{"@type":"NewsArticle","@id":"https:\/\/www.suno.com.br\/noticias\/eletrobras-elet3-relator-mp-garante-texto-pronto-semana-que-vem\/#article","isPartOf":{"@id":"https:\/\/www.suno.com.br\/noticias\/eletrobras-elet3-relator-mp-garante-texto-pronto-semana-que-vem\/"},"author":{"name":"Eduardo Vargas","@id":"https:\/\/www.suno.com.br\/noticias\/#\/schema\/person\/7f4d362bf3518e76090143ae77bb49a5"},"headline":"Eletrobras (ELET3): Relator garante texto pronto na semana que vem","datePublished":"2021-06-10T12:52:05+00:00","dateModified":"2021-06-21T08:55:05+00:00","mainEntityOfPage":{"@id":"https:\/\/www.suno.com.br\/noticias\/eletrobras-elet3-relator-mp-garante-texto-pronto-semana-que-vem\/"},"wordCount":581,"publisher":{"@id":"https:\/\/www.suno.com.br\/noticias\/#organization"},"image":{"@id":"https:\/\/www.suno.com.br\/noticias\/eletrobras-elet3-relator-mp-garante-texto-pronto-semana-que-vem\/#primaryimage"},"thumbnailUrl":"https:\/\/files.sunoresearch.com.br\/n\/uploads\/2021\/05\/be54ebc2-71349630_2394500990658014_3607596520880209920_n-jpg.webp","keywords":["C\u00e2mara dos Deputados","Congresso Nacional","Eletrobras (ELET3\/ELET5\/ELET6)","privatiza\u00e7\u00e3o da Eletrobras","privatiza\u00e7\u00f5es","Senado Federal"],"articleSection":["Neg\u00f3cios"],"inLanguage":"pt-BR"},{"@type":"WebPage","@id":"https:\/\/www.suno.com.br\/noticias\/eletrobras-elet3-relator-mp-garante-texto-pronto-semana-que-vem\/","url":"https:\/\/www.suno.com.br\/noticias\/eletrobras-elet3-relator-mp-garante-texto-pronto-semana-que-vem\/","name":"Eletrobras (ELET3): Relator garante texto pronto na semana que vem","isPartOf":{"@id":"https:\/\/www.suno.com.br\/noticias\/#website"},"primaryImageOfPage":{"@id":"https:\/\/www.suno.com.br\/noticias\/eletrobras-elet3-relator-mp-garante-texto-pronto-semana-que-vem\/#primaryimage"},"image":{"@id":"https:\/\/www.suno.com.br\/noticias\/eletrobras-elet3-relator-mp-garante-texto-pronto-semana-que-vem\/#primaryimage"},"thumbnailUrl":"https:\/\/files.sunoresearch.com.br\/n\/uploads\/2021\/05\/be54ebc2-71349630_2394500990658014_3607596520880209920_n-jpg.webp","datePublished":"2021-06-10T12:52:05+00:00","dateModified":"2021-06-21T08:55:05+00:00","description":"O senador Marcos Rog\u00e9rio, ressaltou que o seu parecer sobre a MP da Eletrobras ficar\u00e1 pronto j\u00e1 na ter\u00e7a (13). Clique aqui e leia mais.","breadcrumb":{"@id":"https:\/\/www.suno.com.br\/noticias\/eletrobras-elet3-relator-mp-garante-texto-pronto-semana-que-vem\/#breadcrumb"},"inLanguage":"pt-BR","potentialAction":[{"@type":"ReadAction","target":["https:\/\/www.suno.com.br\/noticias\/eletrobras-elet3-relator-mp-garante-texto-pronto-semana-que-vem\/"]}]},{"@type":"ImageObject","inLanguage":"pt-BR","@id":"https:\/\/www.suno.com.br\/noticias\/eletrobras-elet3-relator-mp-garante-texto-pronto-semana-que-vem\/#primaryimage","url":"https:\/\/files.sunoresearch.com.br\/n\/uploads\/2021\/05\/be54ebc2-71349630_2394500990658014_3607596520880209920_n-jpg.webp","contentUrl":"https:\/\/files.sunoresearch.com.br\/n\/uploads\/2021\/05\/be54ebc2-71349630_2394500990658014_3607596520880209920_n-jpg.webp","width":1200,"height":628,"caption":"Plano de moderniza\u00e7\u00e3o da Eletrobras prev\u00ea digitaliza\u00e7\u00e3o e compra de equipamentos mais novos - Foto: Reprodu\u00e7\u00e3o\/Eletrobras"},{"@type":"BreadcrumbList","@id":"https:\/\/www.suno.com.br\/noticias\/eletrobras-elet3-relator-mp-garante-texto-pronto-semana-que-vem\/#breadcrumb","itemListElement":[{"@type":"ListItem","position":1,"name":"Not\u00edcias","item":"https:\/\/www.suno.com.br\/noticias\/"},{"@type":"ListItem","position":2,"name":"Neg\u00f3cios","item":"https:\/\/www.suno.com.br\/noticias\/negocios\/"},{"@type":"ListItem","position":3,"name":"Eletrobras (ELET3): Relator garante texto pronto na semana que vem"}]},{"@type":"WebSite","@id":"https:\/\/www.suno.com.br\/noticias\/#website","url":"https:\/\/www.suno.com.br\/noticias\/","name":"Suno Not\u00edcias","description":"Seu portal de informa\u00e7\u00e3o sobre o mundo dos investimentos","publisher":{"@id":"https:\/\/www.suno.com.br\/noticias\/#organization"},"potentialAction":[{"@type":"SearchAction","target":{"@type":"EntryPoint","urlTemplate":"https:\/\/www.suno.com.br\/noticias\/?s={search_term_string}"},"query-input":{"@type":"PropertyValueSpecification","valueRequired":true,"valueName":"search_term_string"}}],"inLanguage":"pt-BR"},{"@type":"Organization","@id":"https:\/\/www.suno.com.br\/noticias\/#organization","name":"Suno Not\u00edcias","url":"https:\/\/www.suno.com.br\/noticias\/","logo":{"@type":"ImageObject","inLanguage":"pt-BR","@id":"https:\/\/www.suno.com.br\/noticias\/#\/schema\/logo\/image\/","url":"https:\/\/files.sunoresearch.com.br\/n\/uploads\/2021\/09\/suno-logo.png","contentUrl":"https:\/\/files.sunoresearch.com.br\/n\/uploads\/2021\/09\/suno-logo.png","width":180,"height":180,"caption":"Suno Not\u00edcias"},"image":{"@id":"https:\/\/www.suno.com.br\/noticias\/#\/schema\/logo\/image\/"},"sameAs":["https:\/\/facebook.com\/sunoresearch","https:\/\/x.com\/sunoresearch","https:\/\/www.instagram.com\/suno","https:\/\/www.linkedin.com\/company\/suno-research\/","https:\/\/www.youtube.com\/c\/sunoresearch"]},{"@type":"Person","@id":"https:\/\/www.suno.com.br\/noticias\/#\/schema\/person\/7f4d362bf3518e76090143ae77bb49a5","name":"Eduardo Vargas","image":{"@type":"ImageObject","inLanguage":"pt-BR","@id":"https:\/\/www.suno.com.br\/noticias\/#\/schema\/person\/image\/","url":"https:\/\/secure.gravatar.com\/avatar\/dac340933427a22924c9f99d1eb2e3f2?s=96&r=g","contentUrl":"https:\/\/secure.gravatar.com\/avatar\/dac340933427a22924c9f99d1eb2e3f2?s=96&r=g","caption":"Eduardo Vargas"},"description":"Jornalista formado pela UFSC, cobre macroeconomia, neg\u00f3cios e startups para o Suno Not\u00edcias, escrevendo principalmente not\u00edcias sobre o mercado financeiro e a bolsa de valores. No YouTube e no Instagram, \u00e9 respons\u00e1vel pela produ\u00e7\u00e3o de Reels e Shorts do Suno Not\u00edcias. Anteriormente, trabalhou cobrindo economia e cotidiano no ND+ e para o ND, maior jornal impresso de Santa Catarina. Cursou um semestre letivo de Estudos de M\u00eddia na Universidad de Buenos Aires.","url":"https:\/\/www.suno.com.br\/noticias\/author\/eduardo-vargas\/"}]}},"default_loop_html":"<div class=\"cardsPage__listCard__boxs\"><div class=\"cardsPage__listCard__boxs__img\"><a href=\"https:\/\/www.suno.com.br\/noticias\/eletrobras-elet3-relator-mp-garante-texto-pronto-semana-que-vem\/\"><img class=\"mask\" src=\"https:\/\/www.suno.com.br\/noticias\/wp-content\/themes\/suno\/resources\/images\/spotlight\/spotlight1img\/bg-mask.png\" alt=\"Image Mask\"\/><img src=\"https:\/\/files.sunoresearch.com.br\/n\/uploads\/2021\/05\/be54ebc2-71349630_2394500990658014_3607596520880209920_n-400x200.webp\" alt=\"Eletrobras (ELET3): Relator garante texto pronto na semana que vem\"\/><\/a><span class=\"spotlightCategory\"><a href=\"https:\/\/www.suno.com.br\/noticias\/negocios\/\">Neg\u00f3cios<\/a><\/span><\/div><div class=\"cardsPage__listCard__boxs__content\"><a href=\"https:\/\/www.suno.com.br\/noticias\/eletrobras-elet3-relator-mp-garante-texto-pronto-semana-que-vem\/\"><h2 class=\"content__title\">Eletrobras (ELET3): Relator garante texto pronto na semana que vem<\/h2><\/a><div class=\"newsContent__article__meta\"><div class=\"newsContent__article__meta__authorBox\"><a href=\"https:\/\/www.suno.com.br\/noticias\/author\/eduardo-vargas\/\" class=\"authorBox__avatar noMobi\"><img src=\"https:\/\/secure.gravatar.com\/avatar\/dac340933427a22924c9f99d1eb2e3f2?s=96&#038;r=g\" alt=\"Eduardo Vargas\"><\/a><div class=\"authorBox__name\"><span>por\n\t\t\t<a href=\"https:\/\/www.suno.com.br\/noticias\/author\/eduardo-vargas\/\"><span itemprop=\"author\">Eduardo Vargas<\/span><\/a><\/span><time datetime=\"2021-06-10T09:52:05-03:00\" itemprop=\"datePublished\">10\/06\/2021 09:52<\/time><\/div><\/div><\/div><\/div><\/div>","single_layout":"posts","amp_enabled":true,"_links":{"self":[{"href":"https:\/\/www.suno.com.br\/noticias\/wp-json\/wp\/v2\/posts\/155856"}],"collection":[{"href":"https:\/\/www.suno.com.br\/noticias\/wp-json\/wp\/v2\/posts"}],"about":[{"href":"https:\/\/www.suno.com.br\/noticias\/wp-json\/wp\/v2\/types\/post"}],"author":[{"embeddable":true,"href":"https:\/\/www.suno.com.br\/noticias\/wp-json\/wp\/v2\/users\/73"}],"replies":[{"embeddable":true,"href":"https:\/\/www.suno.com.br\/noticias\/wp-json\/wp\/v2\/comments?post=155856"}],"version-history":[{"count":4,"href":"https:\/\/www.suno.com.br\/noticias\/wp-json\/wp\/v2\/posts\/155856\/revisions"}],"predecessor-version":[{"id":155934,"href":"https:\/\/www.suno.com.br\/noticias\/wp-json\/wp\/v2\/posts\/155856\/revisions\/155934"}],"wp:featuredmedia":[{"embeddable":true,"href":"https:\/\/www.suno.com.br\/noticias\/wp-json\/wp\/v2\/media\/150099"}],"wp:attachment":[{"href":"https:\/\/www.suno.com.br\/noticias\/wp-json\/wp\/v2\/media?parent=155856"}],"wp:term":[{"taxonomy":"category","embeddable":true,"href":"https:\/\/www.suno.com.br\/noticias\/wp-json\/wp\/v2\/categories?post=155856"},{"taxonomy":"post_tag","embeddable":true,"href":"https:\/\/www.suno.com.br\/noticias\/wp-json\/wp\/v2\/tags?post=155856"},{"taxonomy":"suno_strategy","embeddable":true,"href":"https:\/\/www.suno.com.br\/noticias\/wp-json\/wp\/v2\/suno_strategy?post=155856"}],"curies":[{"name":"wp","href":"https:\/\/api.w.org\/{rel}","templated":true}]}}