{"id":15575,"date":"2019-02-16T15:10:54","date_gmt":"2019-02-16T17:10:54","guid":{"rendered":"https:\/\/www.suno.com.br\/noticias\/?p=15575"},"modified":"2019-02-16T15:10:54","modified_gmt":"2019-02-16T17:10:54","slug":"governo-limita-gastos-marco-orcamento","status":"publish","type":"post","link":"https:\/\/www.suno.com.br\/noticias\/governo-limita-gastos-marco-orcamento\/","title":{"rendered":"Governo limita gastos at\u00e9 mar\u00e7o em 1\/18 do or\u00e7amento"},"content":{"rendered":"<p>O governo federal informou que vai limitar os <strong>gastos<\/strong> at\u00e9 mar\u00e7o a 1\/18 da <strong>Lei\u00a0<\/strong><strong>Or\u00e7ament\u00e1ria Anual (LOA)<\/strong> de 2019.<\/p>\t<div class=\"wrapper-featured-image\">\n\t\t<figure class=\"spotlightImg\">\n\n\t\t\t<picture>\n\t\t\t\t<source media=\"(max-width: 768px)\" srcset=\"https:\/\/files.sunoresearch.com.br\/n\/uploads\/2019\/02\/6de89929-minist\u00e9rio-da-economia-400x200.webp\">\n\t\t\t\t<img loading=\"lazy\" decoding=\"async\" class=\"newsContent__article__imgCapa lazyloadDisabled newsContent__article__imgCapa--noCaption\" src=\"https:\/\/files.sunoresearch.com.br\/n\/uploads\/2019\/02\/6de89929-minist\u00e9rio-da-economia-800x450.webp\" width=\"800\" height=\"450\" alt=\"Governo limita gastos at\u00e9 mar\u00e7o em 1\/18 do or\u00e7amento\" fetchpriority=high \/>\n\t\t\t<\/picture>\n\n\t\t\t<figcaption class=\"wp-caption-text wp-caption-text--hide\">O governo prop\u00f4s medidas, para amenizar os impactos do desemprego frente a crise do novo coronav\u00edrus. Clique aqui para saber mais.<\/figcaption>\n\t\t<\/figure>\n\t<\/div>\n\n\n<p>A decis\u00e3o de <strong>contingenciamento dos gastos<\/strong> foi tomada Junta de Execu\u00e7\u00e3o Or\u00e7ament\u00e1ria (JEO), durante uma reuni\u00e3o na\u00a0\u00faltima segunda-feira (11).\u00a0 O <strong>Minist\u00e9rio da Economia<\/strong> informou nesta sexta-feira (15) sobre a limita\u00e7\u00e3o das despesas mensais do <strong>governo<\/strong> at\u00e9 mar\u00e7o. A execu\u00e7\u00e3o or\u00e7ament\u00e1ria foi inclu\u00edda em um decreto presidencial publicado em uma edi\u00e7\u00e3o extraordin\u00e1ria do &#8220;Di\u00e1rio Oficial da Uni\u00e3o&#8221;.<\/p>\n<p>Segundo o <strong>Minist\u00e9rio,<\/strong> essa conten\u00e7\u00e3o dos gastos no primeiro trimestre \u00e9 &#8220;fundamental&#8221;. Isso porque fornece &#8220;continuidade da sinaliza\u00e7\u00e3o aos agentes econ\u00f4micos do comprometimento do atual governo na manuten\u00e7\u00e3o de uma pol\u00edtica fiscal consistente, para garantia da sustentabilidade da d\u00edvida p\u00fablica no longo prazo&#8221;.<\/p>\n<p><a href=\"https:\/\/www.suno.com.br\/noticias\/congresso-aprova-orcamento-2019-com-salario-minimo-de-r-1-006\/\">Saiba mais: Congresso aprova Or\u00e7amento 2019 com sal\u00e1rio m\u00ednimo de R$ 1.006\u00a0<\/a><\/p>\n<p>O objetivo do governo \u00e9 cumprir a meta fiscal para 2019. Segundo o <strong>Minist\u00e9rio da Economia,<\/strong> o relat\u00f3rio bimestral de receitas e despesas divulgado em mar\u00e7o permitir\u00e1 avalia\u00e7\u00e3o sobre necessidade de cortes no or\u00e7amento.<\/p>\n<p>A <strong>meta fiscal<\/strong> estabelecida para 2019 prev\u00ea um <strong>d\u00e9ficit prim\u00e1rio<\/strong> de at\u00e9 R$ 139 bilh\u00f5es. A meta \u00e9 prevista no or\u00e7amento\u00a0<a href=\"https:\/\/www.suno.com.br\/noticias\/congresso-aprova-orcamento-2019-com-salario-minimo-de-r-1-006\/\">aprovado<\/a> pelo Congresso no dia 19 de dezembro. O or\u00e7amento foi <a href=\"https:\/\/www.suno.com.br\/noticias\/bolsonaro-sanciona-lei-orcamento-2019\/\">sancionado<\/a> pelo presidente da Rep\u00fablica, Jair Bolsonaro, no dia 16 de janeiro, com vetos parciais.\u00a0 O texto prev\u00ea receitas e despesas totais de R$ 3.381 trilh\u00f5es para 2019.<\/p>\n<p>O relat\u00f3rio bimestral apresenta uma an\u00e1lise sobre o andamento do gastos e da arrecada\u00e7\u00e3o do governo. A partir desse documento \u00e9 poss\u00edvel verificar se o or\u00e7amento est\u00e1 procedendo como previsto pelo <strong>Executivo.<\/strong><\/p>\n<p><a href=\"https:\/\/www.suno.com.br\/noticias\/bolsonaro-sanciona-lei-orcamento-2019\/\">Saiba mais: Jair Bolsonaro sanciona Lei do Or\u00e7amento de 2019 com vetos parciais\u00a0<\/a><\/p>\n<p>&#8220;Seguindo o princ\u00edpio de prud\u00eancia que norteou a edi\u00e7\u00e3o da LRF (Lei de<br \/>\nResponsabilidade Fiscal), a programa\u00e7\u00e3o cont\u00e9m valores espec\u00edficos para empenho de despesas at\u00e9 mar\u00e7o, uma vez que ao final desse m\u00eas ser\u00e1 realizada a primeira avalia\u00e7\u00e3o bimestral de receitas e despesas do ano e, na ocasi\u00e3o, ser\u00e1 avaliada a necessidade ou n\u00e3o de adotar medidas de limita\u00e7\u00e3o or\u00e7ament\u00e1ria e financeira&#8221;, informou o <strong>governo<\/strong> em nota.<\/p>\n","protected":false},"excerpt":{"rendered":"<p>O governo federal informou que vai limitar os gastos at\u00e9 mar\u00e7o a 1\/18 da Lei\u00a0Or\u00e7ament\u00e1ria Anual (LOA) de 2019. O governo prop\u00f4s medidas, para amenizar os impactos do desemprego frente a crise do novo coronav\u00edrus. Clique aqui para saber mais. A decis\u00e3o de contingenciamento dos gastos foi tomada Junta de Execu\u00e7\u00e3o Or\u00e7ament\u00e1ria (JEO), durante uma [&hellip;]<\/p>\n","protected":false},"author":9,"featured_media":15588,"comment_status":"closed","ping_status":"closed","sticky":false,"template":"","format":"standard","meta":[],"categories":[61],"tags":[909,1128],"suno_strategy":[],"class_list":["post-15575","post","type-post","status-publish","format-standard","has-post-thumbnail","hentry","category-politica","tag-ministerio-da-economia","tag-orcamento-publico"],"yoast_head":"<!-- This site is optimized with the Yoast SEO plugin v24.4 - https:\/\/yoast.com\/wordpress\/plugins\/seo\/ -->\n<title>Governo limita gastos at\u00e9 mar\u00e7o em 1\/18 do or\u00e7amento<\/title>\n<meta name=\"description\" content=\"O governo federal informou que vai limitar os gastos at\u00e9 mar\u00e7o a 1\/18 da Lei\u00a0Or\u00e7ament\u00e1ria Anual (LOA) de 2019. Clique aqui para saber mais.\" \/>\n<meta name=\"robots\" content=\"index, follow, max-snippet:-1, max-image-preview:large, max-video-preview:-1\" \/>\n<link rel=\"canonical\" href=\"https:\/\/www.suno.com.br\/noticias\/governo-limita-gastos-marco-orcamento\/\" \/>\n<meta property=\"og:locale\" content=\"pt_BR\" \/>\n<meta property=\"og:type\" content=\"article\" \/>\n<meta property=\"og:title\" content=\"Governo limita gastos at\u00e9 mar\u00e7o em 1\/18 do or\u00e7amento\" \/>\n<meta property=\"og:description\" content=\"O governo federal informou que vai limitar os gastos at\u00e9 mar\u00e7o a 1\/18 da Lei\u00a0Or\u00e7ament\u00e1ria Anual (LOA) de 2019. Clique aqui para saber mais.\" \/>\n<meta property=\"og:url\" content=\"https:\/\/www.suno.com.br\/noticias\/governo-limita-gastos-marco-orcamento\/\" \/>\n<meta property=\"og:site_name\" content=\"Suno Not\u00edcias\" \/>\n<meta property=\"article:publisher\" content=\"https:\/\/facebook.com\/sunoresearch\" \/>\n<meta property=\"og:image\" content=\"https:\/\/files.sunoresearch.com.br\/n\/uploads\/2019\/02\/6de89929-minist\u00e9rio-da-economia.jpg\" \/>\n\t<meta property=\"og:image:width\" content=\"1140\" \/>\n\t<meta property=\"og:image:height\" content=\"760\" \/>\n\t<meta property=\"og:image:type\" content=\"image\/jpeg\" \/>\n<meta name=\"author\" content=\"Carlo Cauti\" \/>\n<meta name=\"twitter:card\" content=\"summary_large_image\" \/>\n<meta name=\"twitter:creator\" content=\"@sunoresearch\" \/>\n<meta name=\"twitter:site\" content=\"@sunoresearch\" \/>\n<meta name=\"twitter:label1\" content=\"Escrito por\" \/>\n\t<meta name=\"twitter:data1\" content=\"Carlo Cauti\" \/>\n\t<meta name=\"twitter:label2\" content=\"Est. tempo de leitura\" \/>\n\t<meta name=\"twitter:data2\" content=\"2 minutos\" \/>\n<script type=\"application\/ld+json\" class=\"yoast-schema-graph\">{\"@context\":\"https:\/\/schema.org\",\"@graph\":[{\"@type\":\"NewsArticle\",\"@id\":\"https:\/\/www.suno.com.br\/noticias\/governo-limita-gastos-marco-orcamento\/#article\",\"isPartOf\":{\"@id\":\"https:\/\/www.suno.com.br\/noticias\/governo-limita-gastos-marco-orcamento\/\"},\"author\":{\"name\":\"Carlo Cauti\",\"@id\":\"https:\/\/www.suno.com.br\/noticias\/#\/schema\/person\/e6e0f723cc177805027f4566c1d5e0c8\"},\"headline\":\"Governo limita gastos at\u00e9 mar\u00e7o em 1\/18 do or\u00e7amento\",\"datePublished\":\"2019-02-16T17:10:54+00:00\",\"mainEntityOfPage\":{\"@id\":\"https:\/\/www.suno.com.br\/noticias\/governo-limita-gastos-marco-orcamento\/\"},\"wordCount\":392,\"publisher\":{\"@id\":\"https:\/\/www.suno.com.br\/noticias\/#organization\"},\"image\":{\"@id\":\"https:\/\/www.suno.com.br\/noticias\/governo-limita-gastos-marco-orcamento\/#primaryimage\"},\"thumbnailUrl\":\"https:\/\/files.sunoresearch.com.br\/n\/uploads\/2019\/02\/6de89929-minist\u00e9rio-da-economia-jpg.webp\",\"keywords\":[\"Minist\u00e9rio da Economia\",\"Or\u00e7amento P\u00fablico\"],\"articleSection\":[\"Pol\u00edtica\"],\"inLanguage\":\"pt-BR\"},{\"@type\":\"WebPage\",\"@id\":\"https:\/\/www.suno.com.br\/noticias\/governo-limita-gastos-marco-orcamento\/\",\"url\":\"https:\/\/www.suno.com.br\/noticias\/governo-limita-gastos-marco-orcamento\/\",\"name\":\"Governo limita gastos at\u00e9 mar\u00e7o em 1\/18 do or\u00e7amento\",\"isPartOf\":{\"@id\":\"https:\/\/www.suno.com.br\/noticias\/#website\"},\"primaryImageOfPage\":{\"@id\":\"https:\/\/www.suno.com.br\/noticias\/governo-limita-gastos-marco-orcamento\/#primaryimage\"},\"image\":{\"@id\":\"https:\/\/www.suno.com.br\/noticias\/governo-limita-gastos-marco-orcamento\/#primaryimage\"},\"thumbnailUrl\":\"https:\/\/files.sunoresearch.com.br\/n\/uploads\/2019\/02\/6de89929-minist\u00e9rio-da-economia-jpg.webp\",\"datePublished\":\"2019-02-16T17:10:54+00:00\",\"description\":\"O governo federal informou que vai limitar os gastos at\u00e9 mar\u00e7o a 1\/18 da Lei\u00a0Or\u00e7ament\u00e1ria Anual (LOA) de 2019. Clique aqui para saber mais.\",\"breadcrumb\":{\"@id\":\"https:\/\/www.suno.com.br\/noticias\/governo-limita-gastos-marco-orcamento\/#breadcrumb\"},\"inLanguage\":\"pt-BR\",\"potentialAction\":[{\"@type\":\"ReadAction\",\"target\":[\"https:\/\/www.suno.com.br\/noticias\/governo-limita-gastos-marco-orcamento\/\"]}]},{\"@type\":\"ImageObject\",\"inLanguage\":\"pt-BR\",\"@id\":\"https:\/\/www.suno.com.br\/noticias\/governo-limita-gastos-marco-orcamento\/#primaryimage\",\"url\":\"https:\/\/files.sunoresearch.com.br\/n\/uploads\/2019\/02\/6de89929-minist\u00e9rio-da-economia-jpg.webp\",\"contentUrl\":\"https:\/\/files.sunoresearch.com.br\/n\/uploads\/2019\/02\/6de89929-minist\u00e9rio-da-economia-jpg.webp\",\"width\":1140,\"height\":760,\"caption\":\"O governo prop\u00f4s medidas, para amenizar os impactos do desemprego frente a crise do novo coronav\u00edrus. Clique aqui para saber mais.\"},{\"@type\":\"BreadcrumbList\",\"@id\":\"https:\/\/www.suno.com.br\/noticias\/governo-limita-gastos-marco-orcamento\/#breadcrumb\",\"itemListElement\":[{\"@type\":\"ListItem\",\"position\":1,\"name\":\"Not\u00edcias\",\"item\":\"https:\/\/www.suno.com.br\/noticias\/\"},{\"@type\":\"ListItem\",\"position\":2,\"name\":\"Pol\u00edtica\",\"item\":\"https:\/\/www.suno.com.br\/noticias\/politica\/\"},{\"@type\":\"ListItem\",\"position\":3,\"name\":\"Governo limita gastos at\u00e9 mar\u00e7o em 1\/18 do or\u00e7amento\"}]},{\"@type\":\"WebSite\",\"@id\":\"https:\/\/www.suno.com.br\/noticias\/#website\",\"url\":\"https:\/\/www.suno.com.br\/noticias\/\",\"name\":\"Suno Not\u00edcias\",\"description\":\"Seu portal de informa\u00e7\u00e3o sobre o mundo dos investimentos\",\"publisher\":{\"@id\":\"https:\/\/www.suno.com.br\/noticias\/#organization\"},\"potentialAction\":[{\"@type\":\"SearchAction\",\"target\":{\"@type\":\"EntryPoint\",\"urlTemplate\":\"https:\/\/www.suno.com.br\/noticias\/?s={search_term_string}\"},\"query-input\":{\"@type\":\"PropertyValueSpecification\",\"valueRequired\":true,\"valueName\":\"search_term_string\"}}],\"inLanguage\":\"pt-BR\"},{\"@type\":\"Organization\",\"@id\":\"https:\/\/www.suno.com.br\/noticias\/#organization\",\"name\":\"Suno Not\u00edcias\",\"url\":\"https:\/\/www.suno.com.br\/noticias\/\",\"logo\":{\"@type\":\"ImageObject\",\"inLanguage\":\"pt-BR\",\"@id\":\"https:\/\/www.suno.com.br\/noticias\/#\/schema\/logo\/image\/\",\"url\":\"https:\/\/files.sunoresearch.com.br\/n\/uploads\/2021\/09\/suno-logo.png\",\"contentUrl\":\"https:\/\/files.sunoresearch.com.br\/n\/uploads\/2021\/09\/suno-logo.png\",\"width\":180,\"height\":180,\"caption\":\"Suno Not\u00edcias\"},\"image\":{\"@id\":\"https:\/\/www.suno.com.br\/noticias\/#\/schema\/logo\/image\/\"},\"sameAs\":[\"https:\/\/facebook.com\/sunoresearch\",\"https:\/\/x.com\/sunoresearch\",\"https:\/\/www.instagram.com\/suno\",\"https:\/\/www.linkedin.com\/company\/suno-research\/\",\"https:\/\/www.youtube.com\/c\/sunoresearch\"]},{\"@type\":\"Person\",\"@id\":\"https:\/\/www.suno.com.br\/noticias\/#\/schema\/person\/e6e0f723cc177805027f4566c1d5e0c8\",\"name\":\"Carlo Cauti\",\"image\":{\"@type\":\"ImageObject\",\"inLanguage\":\"pt-BR\",\"@id\":\"https:\/\/www.suno.com.br\/noticias\/#\/schema\/person\/image\/\",\"url\":\"https:\/\/secure.gravatar.com\/avatar\/3ada9e0bd164c23abd4792a9606d583c?s=96&r=g\",\"contentUrl\":\"https:\/\/secure.gravatar.com\/avatar\/3ada9e0bd164c23abd4792a9606d583c?s=96&r=g\",\"caption\":\"Carlo Cauti\"},\"description\":\"Editor multim\u00eddia do SUNO Not\u00edcias. Italiano, formado em Ci\u00eancias Pol\u00edticas pela universidade LUISS G. Carli de Roma e mestre cum laude em Rela\u00e7\u00f5es Internacionais, Jornalismo Internacional e de Guerra e em Economia Internacional. Concluiu tamb\u00e9m um MBA em Finan\u00e7as na B3. No Brasil, teve passagem por ve\u00edculos como Estad\u00e3o, Globo, Veja e EXAME. e nas ag\u00eancias de not\u00edcias italianas ANSA e NOVA.\",\"url\":\"https:\/\/www.suno.com.br\/noticias\/author\/carlo-cauti\/\"}]}<\/script>\n<!-- \/ Yoast SEO plugin. -->","yoast_head_json":{"title":"Governo limita gastos at\u00e9 mar\u00e7o em 1\/18 do or\u00e7amento","description":"O governo federal informou que vai limitar os gastos at\u00e9 mar\u00e7o a 1\/18 da Lei\u00a0Or\u00e7ament\u00e1ria Anual (LOA) de 2019. Clique aqui para saber mais.","robots":{"index":"index","follow":"follow","max-snippet":"max-snippet:-1","max-image-preview":"max-image-preview:large","max-video-preview":"max-video-preview:-1"},"canonical":"https:\/\/www.suno.com.br\/noticias\/governo-limita-gastos-marco-orcamento\/","og_locale":"pt_BR","og_type":"article","og_title":"Governo limita gastos at\u00e9 mar\u00e7o em 1\/18 do or\u00e7amento","og_description":"O governo federal informou que vai limitar os gastos at\u00e9 mar\u00e7o a 1\/18 da Lei\u00a0Or\u00e7ament\u00e1ria Anual (LOA) de 2019. Clique aqui para saber mais.","og_url":"https:\/\/www.suno.com.br\/noticias\/governo-limita-gastos-marco-orcamento\/","og_site_name":"Suno Not\u00edcias","article_publisher":"https:\/\/facebook.com\/sunoresearch","og_image":[{"width":1140,"height":760,"url":"https:\/\/files.sunoresearch.com.br\/n\/uploads\/2019\/02\/6de89929-minist\u00e9rio-da-economia.jpg","type":"image\/jpeg"}],"author":"Carlo Cauti","twitter_card":"summary_large_image","twitter_creator":"@sunoresearch","twitter_site":"@sunoresearch","twitter_misc":{"Escrito por":"Carlo Cauti","Est. tempo de leitura":"2 minutos"},"schema":{"@context":"https:\/\/schema.org","@graph":[{"@type":"NewsArticle","@id":"https:\/\/www.suno.com.br\/noticias\/governo-limita-gastos-marco-orcamento\/#article","isPartOf":{"@id":"https:\/\/www.suno.com.br\/noticias\/governo-limita-gastos-marco-orcamento\/"},"author":{"name":"Carlo Cauti","@id":"https:\/\/www.suno.com.br\/noticias\/#\/schema\/person\/e6e0f723cc177805027f4566c1d5e0c8"},"headline":"Governo limita gastos at\u00e9 mar\u00e7o em 1\/18 do or\u00e7amento","datePublished":"2019-02-16T17:10:54+00:00","mainEntityOfPage":{"@id":"https:\/\/www.suno.com.br\/noticias\/governo-limita-gastos-marco-orcamento\/"},"wordCount":392,"publisher":{"@id":"https:\/\/www.suno.com.br\/noticias\/#organization"},"image":{"@id":"https:\/\/www.suno.com.br\/noticias\/governo-limita-gastos-marco-orcamento\/#primaryimage"},"thumbnailUrl":"https:\/\/files.sunoresearch.com.br\/n\/uploads\/2019\/02\/6de89929-minist\u00e9rio-da-economia-jpg.webp","keywords":["Minist\u00e9rio da Economia","Or\u00e7amento P\u00fablico"],"articleSection":["Pol\u00edtica"],"inLanguage":"pt-BR"},{"@type":"WebPage","@id":"https:\/\/www.suno.com.br\/noticias\/governo-limita-gastos-marco-orcamento\/","url":"https:\/\/www.suno.com.br\/noticias\/governo-limita-gastos-marco-orcamento\/","name":"Governo limita gastos at\u00e9 mar\u00e7o em 1\/18 do or\u00e7amento","isPartOf":{"@id":"https:\/\/www.suno.com.br\/noticias\/#website"},"primaryImageOfPage":{"@id":"https:\/\/www.suno.com.br\/noticias\/governo-limita-gastos-marco-orcamento\/#primaryimage"},"image":{"@id":"https:\/\/www.suno.com.br\/noticias\/governo-limita-gastos-marco-orcamento\/#primaryimage"},"thumbnailUrl":"https:\/\/files.sunoresearch.com.br\/n\/uploads\/2019\/02\/6de89929-minist\u00e9rio-da-economia-jpg.webp","datePublished":"2019-02-16T17:10:54+00:00","description":"O governo federal informou que vai limitar os gastos at\u00e9 mar\u00e7o a 1\/18 da Lei\u00a0Or\u00e7ament\u00e1ria Anual (LOA) de 2019. Clique aqui para saber mais.","breadcrumb":{"@id":"https:\/\/www.suno.com.br\/noticias\/governo-limita-gastos-marco-orcamento\/#breadcrumb"},"inLanguage":"pt-BR","potentialAction":[{"@type":"ReadAction","target":["https:\/\/www.suno.com.br\/noticias\/governo-limita-gastos-marco-orcamento\/"]}]},{"@type":"ImageObject","inLanguage":"pt-BR","@id":"https:\/\/www.suno.com.br\/noticias\/governo-limita-gastos-marco-orcamento\/#primaryimage","url":"https:\/\/files.sunoresearch.com.br\/n\/uploads\/2019\/02\/6de89929-minist\u00e9rio-da-economia-jpg.webp","contentUrl":"https:\/\/files.sunoresearch.com.br\/n\/uploads\/2019\/02\/6de89929-minist\u00e9rio-da-economia-jpg.webp","width":1140,"height":760,"caption":"O governo prop\u00f4s medidas, para amenizar os impactos do desemprego frente a crise do novo coronav\u00edrus. Clique aqui para saber mais."},{"@type":"BreadcrumbList","@id":"https:\/\/www.suno.com.br\/noticias\/governo-limita-gastos-marco-orcamento\/#breadcrumb","itemListElement":[{"@type":"ListItem","position":1,"name":"Not\u00edcias","item":"https:\/\/www.suno.com.br\/noticias\/"},{"@type":"ListItem","position":2,"name":"Pol\u00edtica","item":"https:\/\/www.suno.com.br\/noticias\/politica\/"},{"@type":"ListItem","position":3,"name":"Governo limita gastos at\u00e9 mar\u00e7o em 1\/18 do or\u00e7amento"}]},{"@type":"WebSite","@id":"https:\/\/www.suno.com.br\/noticias\/#website","url":"https:\/\/www.suno.com.br\/noticias\/","name":"Suno Not\u00edcias","description":"Seu portal de informa\u00e7\u00e3o sobre o mundo dos investimentos","publisher":{"@id":"https:\/\/www.suno.com.br\/noticias\/#organization"},"potentialAction":[{"@type":"SearchAction","target":{"@type":"EntryPoint","urlTemplate":"https:\/\/www.suno.com.br\/noticias\/?s={search_term_string}"},"query-input":{"@type":"PropertyValueSpecification","valueRequired":true,"valueName":"search_term_string"}}],"inLanguage":"pt-BR"},{"@type":"Organization","@id":"https:\/\/www.suno.com.br\/noticias\/#organization","name":"Suno Not\u00edcias","url":"https:\/\/www.suno.com.br\/noticias\/","logo":{"@type":"ImageObject","inLanguage":"pt-BR","@id":"https:\/\/www.suno.com.br\/noticias\/#\/schema\/logo\/image\/","url":"https:\/\/files.sunoresearch.com.br\/n\/uploads\/2021\/09\/suno-logo.png","contentUrl":"https:\/\/files.sunoresearch.com.br\/n\/uploads\/2021\/09\/suno-logo.png","width":180,"height":180,"caption":"Suno Not\u00edcias"},"image":{"@id":"https:\/\/www.suno.com.br\/noticias\/#\/schema\/logo\/image\/"},"sameAs":["https:\/\/facebook.com\/sunoresearch","https:\/\/x.com\/sunoresearch","https:\/\/www.instagram.com\/suno","https:\/\/www.linkedin.com\/company\/suno-research\/","https:\/\/www.youtube.com\/c\/sunoresearch"]},{"@type":"Person","@id":"https:\/\/www.suno.com.br\/noticias\/#\/schema\/person\/e6e0f723cc177805027f4566c1d5e0c8","name":"Carlo Cauti","image":{"@type":"ImageObject","inLanguage":"pt-BR","@id":"https:\/\/www.suno.com.br\/noticias\/#\/schema\/person\/image\/","url":"https:\/\/secure.gravatar.com\/avatar\/3ada9e0bd164c23abd4792a9606d583c?s=96&r=g","contentUrl":"https:\/\/secure.gravatar.com\/avatar\/3ada9e0bd164c23abd4792a9606d583c?s=96&r=g","caption":"Carlo Cauti"},"description":"Editor multim\u00eddia do SUNO Not\u00edcias. Italiano, formado em Ci\u00eancias Pol\u00edticas pela universidade LUISS G. Carli de Roma e mestre cum laude em Rela\u00e7\u00f5es Internacionais, Jornalismo Internacional e de Guerra e em Economia Internacional. Concluiu tamb\u00e9m um MBA em Finan\u00e7as na B3. No Brasil, teve passagem por ve\u00edculos como Estad\u00e3o, Globo, Veja e EXAME. e nas ag\u00eancias de not\u00edcias italianas ANSA e NOVA.","url":"https:\/\/www.suno.com.br\/noticias\/author\/carlo-cauti\/"}]}},"default_loop_html":"<div class=\"cardsPage__listCard__boxs\"><div class=\"cardsPage__listCard__boxs__img\"><a href=\"https:\/\/www.suno.com.br\/noticias\/governo-limita-gastos-marco-orcamento\/\"><img class=\"mask\" src=\"https:\/\/www.suno.com.br\/noticias\/wp-content\/themes\/suno\/resources\/images\/spotlight\/spotlight1img\/bg-mask.png\" alt=\"Image Mask\"\/><img src=\"https:\/\/files.sunoresearch.com.br\/n\/uploads\/2019\/02\/6de89929-minist\u00e9rio-da-economia-400x200.webp\" alt=\"Governo limita gastos at\u00e9 mar\u00e7o em 1\/18 do or\u00e7amento\"\/><\/a><span class=\"spotlightCategory\"><a href=\"https:\/\/www.suno.com.br\/noticias\/politica\/\">Pol\u00edtica<\/a><\/span><\/div><div class=\"cardsPage__listCard__boxs__content\"><a href=\"https:\/\/www.suno.com.br\/noticias\/governo-limita-gastos-marco-orcamento\/\"><h2 class=\"content__title\">Governo limita gastos at\u00e9 mar\u00e7o em 1\/18 do or\u00e7amento<\/h2><\/a><div class=\"newsContent__article__meta\"><div class=\"newsContent__article__meta__authorBox\"><a href=\"https:\/\/www.suno.com.br\/noticias\/author\/carlo-cauti\/\" class=\"authorBox__avatar noMobi\"><img src=\"https:\/\/files.sunoresearch.com.br\/n\/uploads\/2020\/08\/e3745f9a-perfil-carlo-cauti-150x150.webp\" alt=\"Carlo Cauti\"><\/a><div class=\"authorBox__name\"><span>por\n\t\t\t<a href=\"https:\/\/www.suno.com.br\/noticias\/author\/carlo-cauti\/\"><span itemprop=\"author\">Carlo Cauti<\/span><\/a><\/span><time datetime=\"2019-02-16T15:10:54-02:00\" itemprop=\"datePublished\">16\/02\/2019 15:10<\/time><\/div><\/div><\/div><\/div><\/div>","single_layout":"posts","amp_enabled":true,"_links":{"self":[{"href":"https:\/\/www.suno.com.br\/noticias\/wp-json\/wp\/v2\/posts\/15575"}],"collection":[{"href":"https:\/\/www.suno.com.br\/noticias\/wp-json\/wp\/v2\/posts"}],"about":[{"href":"https:\/\/www.suno.com.br\/noticias\/wp-json\/wp\/v2\/types\/post"}],"author":[{"embeddable":true,"href":"https:\/\/www.suno.com.br\/noticias\/wp-json\/wp\/v2\/users\/9"}],"replies":[{"embeddable":true,"href":"https:\/\/www.suno.com.br\/noticias\/wp-json\/wp\/v2\/comments?post=15575"}],"version-history":[{"count":0,"href":"https:\/\/www.suno.com.br\/noticias\/wp-json\/wp\/v2\/posts\/15575\/revisions"}],"wp:featuredmedia":[{"embeddable":true,"href":"https:\/\/www.suno.com.br\/noticias\/wp-json\/wp\/v2\/media\/15588"}],"wp:attachment":[{"href":"https:\/\/www.suno.com.br\/noticias\/wp-json\/wp\/v2\/media?parent=15575"}],"wp:term":[{"taxonomy":"category","embeddable":true,"href":"https:\/\/www.suno.com.br\/noticias\/wp-json\/wp\/v2\/categories?post=15575"},{"taxonomy":"post_tag","embeddable":true,"href":"https:\/\/www.suno.com.br\/noticias\/wp-json\/wp\/v2\/tags?post=15575"},{"taxonomy":"suno_strategy","embeddable":true,"href":"https:\/\/www.suno.com.br\/noticias\/wp-json\/wp\/v2\/suno_strategy?post=15575"}],"curies":[{"name":"wp","href":"https:\/\/api.w.org\/{rel}","templated":true}]}}