{"id":155728,"date":"2021-06-09T16:53:56","date_gmt":"2021-06-09T19:53:56","guid":{"rendered":"https:\/\/www.suno.com.br\/noticias\/?p=155728"},"modified":"2021-06-09T16:53:56","modified_gmt":"2021-06-09T19:53:56","slug":"apple-aapl34-multa-77mi-app-brasil","status":"publish","type":"post","link":"https:\/\/www.suno.com.br\/noticias\/apple-aapl34-multa-77mi-app-brasil\/","title":{"rendered":"Apple (AAPL34) pagar\u00e1 multa de R$ 7,7 mi por causa do aplicativo FaceApp"},"content":{"rendered":"<p>Ap\u00f3s ser multada pela Funda\u00e7\u00e3o Procon-SP em agosto de 2019, a <a href=\"https:\/\/www.suno.com.br\/artigos\/apple-a-empresa-de-1-trilhao-de-dolares\/\"><strong>Apple<\/strong> (AAPL34)<\/a> ter\u00e1 que pagar a multa de R$ 7,7 milh\u00f5es, por ter fornecido o aplicativo FaceApp aos brasileiros sem termos de uso em portugu\u00eas. O App ficou conhecido por utilizar recursos de intelig\u00eancia artificial para gerar vers\u00f5es diferentes do seu rosto a partir de fotografias, como por exemplo, envelhecer o usu\u00e1rio.<\/p>\t<div class=\"wrapper-featured-image\">\n\t\t<figure class=\"spotlightImg\">\n\n\t\t\t<picture>\n\t\t\t\t<source media=\"(max-width: 768px)\" srcset=\"https:\/\/files.sunoresearch.com.br\/n\/uploads\/2021\/04\/623c3fab-pexels-mateusz-dach-1294886-400x200.jpg\">\n\t\t\t\t<img loading=\"lazy\" decoding=\"async\" class=\"newsContent__article__imgCapa lazyloadDisabled \" src=\"https:\/\/files.sunoresearch.com.br\/n\/uploads\/2021\/04\/623c3fab-pexels-mateusz-dach-1294886-800x450.jpg\" width=\"800\" height=\"450\" alt=\"Apple (AAPL34) pagar\u00e1 multa de R$ 7,7 mi por causa do aplicativo FaceApp\" fetchpriority=high \/>\n\t\t\t<\/picture>\n\n\t\t\t<figcaption class=\"wp-caption-text wp-caption-text--show\">Apple: resultados operacionais recordes &quot;permitiram devolver quase US$ 27 bilh\u00f5es aos nossos acionistas durante o trimestre&quot;, diz CFO. Foto: Pixabay<\/figcaption>\n\t\t<\/figure>\n\t<\/div>\n\n\n\t<p>\n\t\t<a href=\"https:\/\/lp.suno.com.br\/planilha-controle-gastos\/\" target=\"_blank\" data-element=\"shortcode-suno-banner\" title=\"Banner SUNO, clique e saiba mais\">\n\t\t\t<picture>\n\t\t\t\t<source media=\"(max-width: 500px)\" srcset=\"https:\/\/files.sunoresearch.com.br\/n\/uploads\/2023\/03\/400x300-Planilha-controle-de-gastos.png\">\n\t\t\t\t<img class=\"newsContent__article__imgCapa newsContent__article__imgCapa--banner\"\n\t\t\t\t\tsrc=\"https:\/\/files.sunoresearch.com.br\/n\/uploads\/2023\/03\/1420x240-Planilha-controle-de-gastos.png\"\n\t\t\t\t\tdata-promo-id=\"101751\"\t\t\t\t\t\t\t\t\t\twidth='1420' height='240'\t\t\t\t\talt=\"https:\/\/files.sunoresearch.com.br\/n\/uploads\/2023\/03\/1420x240-Planilha-controle-de-gastos.png\"\n\t\t\t\t>\n\t\t\t<\/picture>\n\t\t<\/a>\n\t<\/p>\n\n\n<p>Apesar da Apple ter tentado recorrer, o juiz de direito Sergio Serrano Nunes Filho, da 1\u00aa Vara da Fazenda P\u00fablica de S\u00e3o Paulo, manteve a san\u00e7\u00e3o aplicada.<\/p>\n<p>Recentemente, o Google (GOGL34) tamb\u00e9m foi multado pelo mesmo motivo, por\u00e9m, teve que pagar R$ 10 milh\u00f5es em sua pena.<\/p>\n<p><a href=\"https:\/\/lp.suno.com.br\/suno-one\/\">Suno One: acesse gratuitamente eBooks, Minicursos, Artigos e Video Aulas sobre investimentos com um \u00fanico cadastro. Clique para saber mais!<\/a><\/p>\n<p>De acordo com o Procon-SP, nos termos de servi\u00e7o, que n\u00e3o estavam traduzidos para a l\u00edngua portuguesa, havia a possibilidade de compartilhamento dos dados do usu\u00e1rio com outras empresas, ou at\u00e9 para outros pa\u00edses, sem as mesmas leis de prote\u00e7\u00e3o de dados que as do Brasil.<\/p>\n<p>\u201cEst\u00e1 a\u00ed a prova de que a interven\u00e7\u00e3o do Procon-SP foi necess\u00e1ria para coibir irregularidades na oferta de um aplicativo aparentemente inofensivo, mas que estava colocando em risco informa\u00e7\u00f5es valiosas e privadas do consumidor brasileiro. Estamos atentos a toda e qualquer tentativa de burlar as leis que protegem nossos cidad\u00e3os\u201d, diz, em nota, Fernando Capez, diretor-executivo do Procon-SP.<\/p>\n<h2>Apple: Tim Cook rebate acusa\u00e7\u00f5es de monop\u00f3lio da App Store<\/h2>\n<p>O CEO da <strong>Apple<\/strong>, <a href=\"https:\/\/www.suno.com.br\/tudo-sobre\/tim-cook\/\">Tim Cook<\/a>, testemunhou em maio, no julgamento em que a desenvolvedora de jogos Epic acusa a App Store de abusar de sua suposta posi\u00e7\u00e3o dominante.<\/p>\n<p>Cook rebateu as acusa\u00e7\u00f5es de que a Apple estava operando um monop\u00f3lio ilegal em um teste que poderia ter consequ\u00eancias de longo alcance para 1 bilh\u00e3o de usu\u00e1rios do iPhone e milhares de desenvolvedores.<\/p>\n<p>De acordo com o executivo da Apple, o iPhone \u00e9 um produto em um mercado &#8220;ferozmente competitivo&#8221;.<\/p>\n<p>A Epic Games, criadora do Fortnite, argumenta que a Apple abusa de sua posi\u00e7\u00e3o ao for\u00e7ar os desenvolvedores a distribuir aplicativos por meio de sua App Store, onde recebe uma comiss\u00e3o de 15 a 30%.<\/p>\n\t<p>\n\t\t<a href=\"https:\/\/lp.suno.com.br\/planilha-da-vida-financeira\/\" target=\"_blank\" data-element=\"shortcode-suno-banner\" title=\"Banner SUNO, clique e saiba mais\">\n\t\t\t<picture>\n\t\t\t\t<source media=\"(max-width: 500px)\" srcset=\"https:\/\/files.sunoresearch.com.br\/n\/uploads\/2023\/04\/400x300-Planilha-vida-financeira-true.png\">\n\t\t\t\t<img class=\"newsContent__article__imgCapa newsContent__article__imgCapa--banner\"\n\t\t\t\t\tsrc=\"https:\/\/files.sunoresearch.com.br\/n\/uploads\/2023\/04\/1420x240-Planilha-vida-financeira-true.png\"\n\t\t\t\t\tdata-promo-id=\"106682\"\t\t\t\t\t\t\t\t\t\twidth='1420' height='240'\t\t\t\t\talt=\"https:\/\/files.sunoresearch.com.br\/n\/uploads\/2023\/04\/1420x240-Planilha-vida-financeira-true.png\"\n\t\t\t\t>\n\t\t\t<\/picture>\n\t\t<\/a>\n\t<\/p>\n\n\n<p>A Apple retirou o Fortnite da App Store no ano passado, quando a Epic tentou contornar as taxas dando aos jogadores do jogo uma maneira de fazer compras no aplicativo sem comiss\u00e3o.<\/p>\n<p>Cook divulgou uma lista de fabricantes de celulares rivais para ilustrar o mercado competitivo e disse que os clientes do iPhone valorizam a experi\u00eancia de curadoria de ter uma \u00fanica loja de aplicativos.<\/p>\n<p>\u201cPara n\u00f3s, o cliente \u00e9 tudo\u201d, disse. &#8220;Estamos tentando dar ao cliente uma solu\u00e7\u00e3o integrada de hardware, software e servi\u00e7os.&#8221;<\/p>\n<p>O ecossistema de software, hardware e servi\u00e7os da <strong>Apple<\/strong> est\u00e1 sob an\u00e1lise por reguladores em Washington e Bruxelas, onde a Epic tamb\u00e9m tem protestado contra a fabricante do iPhone.<\/p>\n\t<p>\n\t\t<a href=\"https:\/\/lp.suno.com.br\/planilha-de-controle-de-investimentos\/\" target=\"_blank\" data-element=\"shortcode-suno-banner\" title=\"Banner SUNO, clique e saiba mais\">\n\t\t\t<picture>\n\t\t\t\t<source media=\"(max-width: 500px)\" srcset=\"https:\/\/files.sunoresearch.com.br\/n\/uploads\/2023\/03\/400x300-Controle-de-Investimentos.png\">\n\t\t\t\t<img class=\"newsContent__article__imgCapa newsContent__article__imgCapa--banner\"\n\t\t\t\t\tsrc=\"https:\/\/files.sunoresearch.com.br\/n\/uploads\/2023\/03\/1420x240-Controle-de-Investimentos.png\"\n\t\t\t\t\tdata-promo-id=\"75934\"\t\t\t\t\t\t\t\t\t\twidth='1420' height='240'\t\t\t\t\talt=\"https:\/\/files.sunoresearch.com.br\/n\/uploads\/2023\/03\/1420x240-Controle-de-Investimentos.png\"\n\t\t\t\t>\n\t\t\t<\/picture>\n\t\t<\/a>\n\t<\/p>\n\n\n","protected":false},"excerpt":{"rendered":"<p>Ap\u00f3s ser multada pela Funda\u00e7\u00e3o Procon-SP em agosto de 2019, a Apple (AAPL34) ter\u00e1 que pagar a multa de R$ 7,7 milh\u00f5es, por ter fornecido o aplicativo FaceApp aos brasileiros sem termos de uso em portugu\u00eas. O App ficou conhecido por utilizar recursos de intelig\u00eancia artificial para gerar vers\u00f5es diferentes do seu rosto a partir [&hellip;]<\/p>\n","protected":false},"author":56,"featured_media":143192,"comment_status":"closed","ping_status":"closed","sticky":false,"template":"","format":"standard","meta":[],"categories":[64],"tags":[97373,794],"suno_strategy":[],"class_list":["post-155728","post","type-post","status-publish","format-standard","has-post-thumbnail","hentry","category-negocios","tag-app-store","tag-apple-aapl34"],"yoast_head":"<!-- This site is optimized with the Yoast SEO plugin v24.4 - https:\/\/yoast.com\/wordpress\/plugins\/seo\/ -->\n<title>Apple (AAPL34) pagar\u00e1 multa de R$ 7,7 mi por causa do FaceApp<\/title>\n<meta name=\"description\" content=\"A Apple foi multada por ter fornecido o aplicativo FaceApp aos brasileiros sem termos de uso em portugu\u00eas. Clique aqui para saber mais.\" \/>\n<meta name=\"robots\" content=\"index, follow, max-snippet:-1, max-image-preview:large, max-video-preview:-1\" \/>\n<link rel=\"canonical\" href=\"https:\/\/www.suno.com.br\/noticias\/apple-aapl34-multa-77mi-app-brasil\/\" \/>\n<meta property=\"og:locale\" content=\"pt_BR\" \/>\n<meta property=\"og:type\" content=\"article\" \/>\n<meta property=\"og:title\" content=\"Apple (AAPL34) pagar\u00e1 multa de R$ 7,7 mi por causa do FaceApp\" \/>\n<meta property=\"og:description\" content=\"A Apple foi multada por ter fornecido o aplicativo FaceApp aos brasileiros sem termos de uso em portugu\u00eas. Clique aqui para saber mais.\" \/>\n<meta property=\"og:url\" content=\"https:\/\/www.suno.com.br\/noticias\/apple-aapl34-multa-77mi-app-brasil\/\" \/>\n<meta property=\"og:site_name\" content=\"Suno Not\u00edcias\" \/>\n<meta property=\"article:publisher\" content=\"https:\/\/facebook.com\/sunoresearch\" \/>\n<meta property=\"og:image\" content=\"https:\/\/files.sunoresearch.com.br\/n\/uploads\/2021\/04\/623c3fab-pexels-mateusz-dach-1294886-scaled.jpg\" \/>\n\t<meta property=\"og:image:width\" content=\"2560\" \/>\n\t<meta property=\"og:image:height\" content=\"1618\" \/>\n\t<meta property=\"og:image:type\" content=\"image\/jpeg\" \/>\n<meta name=\"author\" content=\"Rafaela La Regina\" \/>\n<meta name=\"twitter:card\" content=\"summary_large_image\" \/>\n<meta name=\"twitter:creator\" content=\"@sunoresearch\" \/>\n<meta name=\"twitter:site\" content=\"@sunoresearch\" \/>\n<meta name=\"twitter:label1\" content=\"Escrito por\" \/>\n\t<meta name=\"twitter:data1\" content=\"Rafaela La Regina\" \/>\n\t<meta name=\"twitter:label2\" content=\"Est. tempo de leitura\" \/>\n\t<meta name=\"twitter:data2\" content=\"3 minutos\" \/>\n<script type=\"application\/ld+json\" class=\"yoast-schema-graph\">{\"@context\":\"https:\/\/schema.org\",\"@graph\":[{\"@type\":\"NewsArticle\",\"@id\":\"https:\/\/www.suno.com.br\/noticias\/apple-aapl34-multa-77mi-app-brasil\/#article\",\"isPartOf\":{\"@id\":\"https:\/\/www.suno.com.br\/noticias\/apple-aapl34-multa-77mi-app-brasil\/\"},\"author\":{\"name\":\"Rafaela La Regina\",\"@id\":\"https:\/\/www.suno.com.br\/noticias\/#\/schema\/person\/e672ca8cea627fe715fa29bca7da95e0\"},\"headline\":\"Apple (AAPL34) pagar\u00e1 multa de R$ 7,7 mi por causa do aplicativo FaceApp\",\"datePublished\":\"2021-06-09T19:53:56+00:00\",\"mainEntityOfPage\":{\"@id\":\"https:\/\/www.suno.com.br\/noticias\/apple-aapl34-multa-77mi-app-brasil\/\"},\"wordCount\":527,\"publisher\":{\"@id\":\"https:\/\/www.suno.com.br\/noticias\/#organization\"},\"image\":{\"@id\":\"https:\/\/www.suno.com.br\/noticias\/apple-aapl34-multa-77mi-app-brasil\/#primaryimage\"},\"thumbnailUrl\":\"https:\/\/files.sunoresearch.com.br\/n\/uploads\/2021\/04\/623c3fab-pexels-mateusz-dach-1294886-scaled.jpg\",\"keywords\":[\"App Store\",\"Apple (AAPL34)\"],\"articleSection\":[\"Neg\u00f3cios\"],\"inLanguage\":\"pt-BR\"},{\"@type\":\"WebPage\",\"@id\":\"https:\/\/www.suno.com.br\/noticias\/apple-aapl34-multa-77mi-app-brasil\/\",\"url\":\"https:\/\/www.suno.com.br\/noticias\/apple-aapl34-multa-77mi-app-brasil\/\",\"name\":\"Apple (AAPL34) pagar\u00e1 multa de R$ 7,7 mi por causa do FaceApp\",\"isPartOf\":{\"@id\":\"https:\/\/www.suno.com.br\/noticias\/#website\"},\"primaryImageOfPage\":{\"@id\":\"https:\/\/www.suno.com.br\/noticias\/apple-aapl34-multa-77mi-app-brasil\/#primaryimage\"},\"image\":{\"@id\":\"https:\/\/www.suno.com.br\/noticias\/apple-aapl34-multa-77mi-app-brasil\/#primaryimage\"},\"thumbnailUrl\":\"https:\/\/files.sunoresearch.com.br\/n\/uploads\/2021\/04\/623c3fab-pexels-mateusz-dach-1294886-scaled.jpg\",\"datePublished\":\"2021-06-09T19:53:56+00:00\",\"description\":\"A Apple foi multada por ter fornecido o aplicativo FaceApp aos brasileiros sem termos de uso em portugu\u00eas. Clique aqui para saber mais.\",\"breadcrumb\":{\"@id\":\"https:\/\/www.suno.com.br\/noticias\/apple-aapl34-multa-77mi-app-brasil\/#breadcrumb\"},\"inLanguage\":\"pt-BR\",\"potentialAction\":[{\"@type\":\"ReadAction\",\"target\":[\"https:\/\/www.suno.com.br\/noticias\/apple-aapl34-multa-77mi-app-brasil\/\"]}]},{\"@type\":\"ImageObject\",\"inLanguage\":\"pt-BR\",\"@id\":\"https:\/\/www.suno.com.br\/noticias\/apple-aapl34-multa-77mi-app-brasil\/#primaryimage\",\"url\":\"https:\/\/files.sunoresearch.com.br\/n\/uploads\/2021\/04\/623c3fab-pexels-mateusz-dach-1294886-scaled.jpg\",\"contentUrl\":\"https:\/\/files.sunoresearch.com.br\/n\/uploads\/2021\/04\/623c3fab-pexels-mateusz-dach-1294886-scaled.jpg\",\"width\":2560,\"height\":1618,\"caption\":\"Apple: resultados operacionais recordes \\\"permitiram devolver quase US$ 27 bilh\u00f5es aos nossos acionistas durante o trimestre\\\", diz CFO. Foto: Pixabay\"},{\"@type\":\"BreadcrumbList\",\"@id\":\"https:\/\/www.suno.com.br\/noticias\/apple-aapl34-multa-77mi-app-brasil\/#breadcrumb\",\"itemListElement\":[{\"@type\":\"ListItem\",\"position\":1,\"name\":\"Not\u00edcias\",\"item\":\"https:\/\/www.suno.com.br\/noticias\/\"},{\"@type\":\"ListItem\",\"position\":2,\"name\":\"Neg\u00f3cios\",\"item\":\"https:\/\/www.suno.com.br\/noticias\/negocios\/\"},{\"@type\":\"ListItem\",\"position\":3,\"name\":\"Apple (AAPL34) pagar\u00e1 multa de R$ 7,7 mi por causa do aplicativo FaceApp\"}]},{\"@type\":\"WebSite\",\"@id\":\"https:\/\/www.suno.com.br\/noticias\/#website\",\"url\":\"https:\/\/www.suno.com.br\/noticias\/\",\"name\":\"Suno Not\u00edcias\",\"description\":\"Seu portal de informa\u00e7\u00e3o sobre o mundo dos investimentos\",\"publisher\":{\"@id\":\"https:\/\/www.suno.com.br\/noticias\/#organization\"},\"potentialAction\":[{\"@type\":\"SearchAction\",\"target\":{\"@type\":\"EntryPoint\",\"urlTemplate\":\"https:\/\/www.suno.com.br\/noticias\/?s={search_term_string}\"},\"query-input\":{\"@type\":\"PropertyValueSpecification\",\"valueRequired\":true,\"valueName\":\"search_term_string\"}}],\"inLanguage\":\"pt-BR\"},{\"@type\":\"Organization\",\"@id\":\"https:\/\/www.suno.com.br\/noticias\/#organization\",\"name\":\"Suno Not\u00edcias\",\"url\":\"https:\/\/www.suno.com.br\/noticias\/\",\"logo\":{\"@type\":\"ImageObject\",\"inLanguage\":\"pt-BR\",\"@id\":\"https:\/\/www.suno.com.br\/noticias\/#\/schema\/logo\/image\/\",\"url\":\"https:\/\/files.sunoresearch.com.br\/n\/uploads\/2021\/09\/suno-logo.png\",\"contentUrl\":\"https:\/\/files.sunoresearch.com.br\/n\/uploads\/2021\/09\/suno-logo.png\",\"width\":180,\"height\":180,\"caption\":\"Suno Not\u00edcias\"},\"image\":{\"@id\":\"https:\/\/www.suno.com.br\/noticias\/#\/schema\/logo\/image\/\"},\"sameAs\":[\"https:\/\/facebook.com\/sunoresearch\",\"https:\/\/x.com\/sunoresearch\",\"https:\/\/www.instagram.com\/suno\",\"https:\/\/www.linkedin.com\/company\/suno-research\/\",\"https:\/\/www.youtube.com\/c\/sunoresearch\"]},{\"@type\":\"Person\",\"@id\":\"https:\/\/www.suno.com.br\/noticias\/#\/schema\/person\/e672ca8cea627fe715fa29bca7da95e0\",\"name\":\"Rafaela La Regina\",\"image\":{\"@type\":\"ImageObject\",\"inLanguage\":\"pt-BR\",\"@id\":\"https:\/\/www.suno.com.br\/noticias\/#\/schema\/person\/image\/\",\"url\":\"https:\/\/secure.gravatar.com\/avatar\/d2c75a52d243deb93d0465fdcb21bd37?s=96&r=g\",\"contentUrl\":\"https:\/\/secure.gravatar.com\/avatar\/d2c75a52d243deb93d0465fdcb21bd37?s=96&r=g\",\"caption\":\"Rafaela La Regina\"},\"description\":\"Estagi\u00e1ria no Suno Not\u00edcias. Escreve sobre economia, pol\u00edtica e neg\u00f3cios. Estuda Rela\u00e7\u00f5es Internacionais no IBMEC-SP.\",\"url\":\"https:\/\/www.suno.com.br\/noticias\/author\/rafaela-la-regina\/\"}]}<\/script>\n<!-- \/ Yoast SEO plugin. -->","yoast_head_json":{"title":"Apple (AAPL34) pagar\u00e1 multa de R$ 7,7 mi por causa do FaceApp","description":"A Apple foi multada por ter fornecido o aplicativo FaceApp aos brasileiros sem termos de uso em portugu\u00eas. Clique aqui para saber mais.","robots":{"index":"index","follow":"follow","max-snippet":"max-snippet:-1","max-image-preview":"max-image-preview:large","max-video-preview":"max-video-preview:-1"},"canonical":"https:\/\/www.suno.com.br\/noticias\/apple-aapl34-multa-77mi-app-brasil\/","og_locale":"pt_BR","og_type":"article","og_title":"Apple (AAPL34) pagar\u00e1 multa de R$ 7,7 mi por causa do FaceApp","og_description":"A Apple foi multada por ter fornecido o aplicativo FaceApp aos brasileiros sem termos de uso em portugu\u00eas. Clique aqui para saber mais.","og_url":"https:\/\/www.suno.com.br\/noticias\/apple-aapl34-multa-77mi-app-brasil\/","og_site_name":"Suno Not\u00edcias","article_publisher":"https:\/\/facebook.com\/sunoresearch","og_image":[{"width":2560,"height":1618,"url":"https:\/\/files.sunoresearch.com.br\/n\/uploads\/2021\/04\/623c3fab-pexels-mateusz-dach-1294886-scaled.jpg","type":"image\/jpeg"}],"author":"Rafaela La Regina","twitter_card":"summary_large_image","twitter_creator":"@sunoresearch","twitter_site":"@sunoresearch","twitter_misc":{"Escrito por":"Rafaela La Regina","Est. tempo de leitura":"3 minutos"},"schema":{"@context":"https:\/\/schema.org","@graph":[{"@type":"NewsArticle","@id":"https:\/\/www.suno.com.br\/noticias\/apple-aapl34-multa-77mi-app-brasil\/#article","isPartOf":{"@id":"https:\/\/www.suno.com.br\/noticias\/apple-aapl34-multa-77mi-app-brasil\/"},"author":{"name":"Rafaela La Regina","@id":"https:\/\/www.suno.com.br\/noticias\/#\/schema\/person\/e672ca8cea627fe715fa29bca7da95e0"},"headline":"Apple (AAPL34) pagar\u00e1 multa de R$ 7,7 mi por causa do aplicativo FaceApp","datePublished":"2021-06-09T19:53:56+00:00","mainEntityOfPage":{"@id":"https:\/\/www.suno.com.br\/noticias\/apple-aapl34-multa-77mi-app-brasil\/"},"wordCount":527,"publisher":{"@id":"https:\/\/www.suno.com.br\/noticias\/#organization"},"image":{"@id":"https:\/\/www.suno.com.br\/noticias\/apple-aapl34-multa-77mi-app-brasil\/#primaryimage"},"thumbnailUrl":"https:\/\/files.sunoresearch.com.br\/n\/uploads\/2021\/04\/623c3fab-pexels-mateusz-dach-1294886-scaled.jpg","keywords":["App Store","Apple (AAPL34)"],"articleSection":["Neg\u00f3cios"],"inLanguage":"pt-BR"},{"@type":"WebPage","@id":"https:\/\/www.suno.com.br\/noticias\/apple-aapl34-multa-77mi-app-brasil\/","url":"https:\/\/www.suno.com.br\/noticias\/apple-aapl34-multa-77mi-app-brasil\/","name":"Apple (AAPL34) pagar\u00e1 multa de R$ 7,7 mi por causa do FaceApp","isPartOf":{"@id":"https:\/\/www.suno.com.br\/noticias\/#website"},"primaryImageOfPage":{"@id":"https:\/\/www.suno.com.br\/noticias\/apple-aapl34-multa-77mi-app-brasil\/#primaryimage"},"image":{"@id":"https:\/\/www.suno.com.br\/noticias\/apple-aapl34-multa-77mi-app-brasil\/#primaryimage"},"thumbnailUrl":"https:\/\/files.sunoresearch.com.br\/n\/uploads\/2021\/04\/623c3fab-pexels-mateusz-dach-1294886-scaled.jpg","datePublished":"2021-06-09T19:53:56+00:00","description":"A Apple foi multada por ter fornecido o aplicativo FaceApp aos brasileiros sem termos de uso em portugu\u00eas. Clique aqui para saber mais.","breadcrumb":{"@id":"https:\/\/www.suno.com.br\/noticias\/apple-aapl34-multa-77mi-app-brasil\/#breadcrumb"},"inLanguage":"pt-BR","potentialAction":[{"@type":"ReadAction","target":["https:\/\/www.suno.com.br\/noticias\/apple-aapl34-multa-77mi-app-brasil\/"]}]},{"@type":"ImageObject","inLanguage":"pt-BR","@id":"https:\/\/www.suno.com.br\/noticias\/apple-aapl34-multa-77mi-app-brasil\/#primaryimage","url":"https:\/\/files.sunoresearch.com.br\/n\/uploads\/2021\/04\/623c3fab-pexels-mateusz-dach-1294886-scaled.jpg","contentUrl":"https:\/\/files.sunoresearch.com.br\/n\/uploads\/2021\/04\/623c3fab-pexels-mateusz-dach-1294886-scaled.jpg","width":2560,"height":1618,"caption":"Apple: resultados operacionais recordes \"permitiram devolver quase US$ 27 bilh\u00f5es aos nossos acionistas durante o trimestre\", diz CFO. Foto: Pixabay"},{"@type":"BreadcrumbList","@id":"https:\/\/www.suno.com.br\/noticias\/apple-aapl34-multa-77mi-app-brasil\/#breadcrumb","itemListElement":[{"@type":"ListItem","position":1,"name":"Not\u00edcias","item":"https:\/\/www.suno.com.br\/noticias\/"},{"@type":"ListItem","position":2,"name":"Neg\u00f3cios","item":"https:\/\/www.suno.com.br\/noticias\/negocios\/"},{"@type":"ListItem","position":3,"name":"Apple (AAPL34) pagar\u00e1 multa de R$ 7,7 mi por causa do aplicativo FaceApp"}]},{"@type":"WebSite","@id":"https:\/\/www.suno.com.br\/noticias\/#website","url":"https:\/\/www.suno.com.br\/noticias\/","name":"Suno Not\u00edcias","description":"Seu portal de informa\u00e7\u00e3o sobre o mundo dos investimentos","publisher":{"@id":"https:\/\/www.suno.com.br\/noticias\/#organization"},"potentialAction":[{"@type":"SearchAction","target":{"@type":"EntryPoint","urlTemplate":"https:\/\/www.suno.com.br\/noticias\/?s={search_term_string}"},"query-input":{"@type":"PropertyValueSpecification","valueRequired":true,"valueName":"search_term_string"}}],"inLanguage":"pt-BR"},{"@type":"Organization","@id":"https:\/\/www.suno.com.br\/noticias\/#organization","name":"Suno Not\u00edcias","url":"https:\/\/www.suno.com.br\/noticias\/","logo":{"@type":"ImageObject","inLanguage":"pt-BR","@id":"https:\/\/www.suno.com.br\/noticias\/#\/schema\/logo\/image\/","url":"https:\/\/files.sunoresearch.com.br\/n\/uploads\/2021\/09\/suno-logo.png","contentUrl":"https:\/\/files.sunoresearch.com.br\/n\/uploads\/2021\/09\/suno-logo.png","width":180,"height":180,"caption":"Suno Not\u00edcias"},"image":{"@id":"https:\/\/www.suno.com.br\/noticias\/#\/schema\/logo\/image\/"},"sameAs":["https:\/\/facebook.com\/sunoresearch","https:\/\/x.com\/sunoresearch","https:\/\/www.instagram.com\/suno","https:\/\/www.linkedin.com\/company\/suno-research\/","https:\/\/www.youtube.com\/c\/sunoresearch"]},{"@type":"Person","@id":"https:\/\/www.suno.com.br\/noticias\/#\/schema\/person\/e672ca8cea627fe715fa29bca7da95e0","name":"Rafaela La Regina","image":{"@type":"ImageObject","inLanguage":"pt-BR","@id":"https:\/\/www.suno.com.br\/noticias\/#\/schema\/person\/image\/","url":"https:\/\/secure.gravatar.com\/avatar\/d2c75a52d243deb93d0465fdcb21bd37?s=96&r=g","contentUrl":"https:\/\/secure.gravatar.com\/avatar\/d2c75a52d243deb93d0465fdcb21bd37?s=96&r=g","caption":"Rafaela La Regina"},"description":"Estagi\u00e1ria no Suno Not\u00edcias. Escreve sobre economia, pol\u00edtica e neg\u00f3cios. Estuda Rela\u00e7\u00f5es Internacionais no IBMEC-SP.","url":"https:\/\/www.suno.com.br\/noticias\/author\/rafaela-la-regina\/"}]}},"default_loop_html":"<div class=\"cardsPage__listCard__boxs\"><div class=\"cardsPage__listCard__boxs__img\"><a href=\"https:\/\/www.suno.com.br\/noticias\/apple-aapl34-multa-77mi-app-brasil\/\"><img class=\"mask\" src=\"https:\/\/www.suno.com.br\/noticias\/wp-content\/themes\/suno\/resources\/images\/spotlight\/spotlight1img\/bg-mask.png\" alt=\"Image Mask\"\/><img src=\"https:\/\/files.sunoresearch.com.br\/n\/uploads\/2021\/04\/623c3fab-pexels-mateusz-dach-1294886-400x200.jpg\" alt=\"Apple (AAPL34) pagar\u00e1 multa de R$ 7,7 mi por causa do aplicativo FaceApp\"\/><\/a><span class=\"spotlightCategory\"><a href=\"https:\/\/www.suno.com.br\/noticias\/negocios\/\">Neg\u00f3cios<\/a><\/span><\/div><div class=\"cardsPage__listCard__boxs__content\"><a href=\"https:\/\/www.suno.com.br\/noticias\/apple-aapl34-multa-77mi-app-brasil\/\"><h2 class=\"content__title\">Apple (AAPL34) pagar\u00e1 multa de R$ 7,7 mi por causa do aplicativo FaceApp<\/h2><\/a><div class=\"newsContent__article__meta\"><div class=\"newsContent__article__meta__authorBox\"><a href=\"https:\/\/www.suno.com.br\/noticias\/author\/rafaela-la-regina\/\" class=\"authorBox__avatar noMobi\"><img src=\"https:\/\/secure.gravatar.com\/avatar\/d2c75a52d243deb93d0465fdcb21bd37?s=96&#038;r=g\" alt=\"Rafaela La Regina\"><\/a><div class=\"authorBox__name\"><span>por\n\t\t\t<a href=\"https:\/\/www.suno.com.br\/noticias\/author\/rafaela-la-regina\/\"><span itemprop=\"author\">Rafaela La Regina<\/span><\/a><\/span><time datetime=\"2021-06-09T16:53:56-03:00\" itemprop=\"datePublished\">09\/06\/2021 16:53<\/time><\/div><\/div><\/div><\/div><\/div>","single_layout":"posts","amp_enabled":true,"_links":{"self":[{"href":"https:\/\/www.suno.com.br\/noticias\/wp-json\/wp\/v2\/posts\/155728"}],"collection":[{"href":"https:\/\/www.suno.com.br\/noticias\/wp-json\/wp\/v2\/posts"}],"about":[{"href":"https:\/\/www.suno.com.br\/noticias\/wp-json\/wp\/v2\/types\/post"}],"author":[{"embeddable":true,"href":"https:\/\/www.suno.com.br\/noticias\/wp-json\/wp\/v2\/users\/56"}],"replies":[{"embeddable":true,"href":"https:\/\/www.suno.com.br\/noticias\/wp-json\/wp\/v2\/comments?post=155728"}],"version-history":[{"count":1,"href":"https:\/\/www.suno.com.br\/noticias\/wp-json\/wp\/v2\/posts\/155728\/revisions"}],"predecessor-version":[{"id":155750,"href":"https:\/\/www.suno.com.br\/noticias\/wp-json\/wp\/v2\/posts\/155728\/revisions\/155750"}],"wp:featuredmedia":[{"embeddable":true,"href":"https:\/\/www.suno.com.br\/noticias\/wp-json\/wp\/v2\/media\/143192"}],"wp:attachment":[{"href":"https:\/\/www.suno.com.br\/noticias\/wp-json\/wp\/v2\/media?parent=155728"}],"wp:term":[{"taxonomy":"category","embeddable":true,"href":"https:\/\/www.suno.com.br\/noticias\/wp-json\/wp\/v2\/categories?post=155728"},{"taxonomy":"post_tag","embeddable":true,"href":"https:\/\/www.suno.com.br\/noticias\/wp-json\/wp\/v2\/tags?post=155728"},{"taxonomy":"suno_strategy","embeddable":true,"href":"https:\/\/www.suno.com.br\/noticias\/wp-json\/wp\/v2\/suno_strategy?post=155728"}],"curies":[{"name":"wp","href":"https:\/\/api.w.org\/{rel}","templated":true}]}}