{"id":155623,"date":"2021-06-09T18:05:31","date_gmt":"2021-06-09T21:05:31","guid":{"rendered":"https:\/\/www.suno.com.br\/noticias\/?p=155623"},"modified":"2021-06-13T23:38:36","modified_gmt":"2021-06-14T02:38:36","slug":"incorporadoras-alta-lancamentos-imoveis-1t21","status":"publish","type":"post","link":"https:\/\/www.suno.com.br\/noticias\/incorporadoras-alta-lancamentos-imoveis-1t21\/","title":{"rendered":"Im\u00f3veis: Incorporadoras registram alta de lan\u00e7amentos e vendas no 1T21"},"content":{"rendered":"<p>Apesar da pandemia, os primeiros meses do ano foram positivos para as maiores incorporadoras do Brasil, que registraram expans\u00e3o dos neg\u00f3cios. De acordo com um levantamento da Associa\u00e7\u00e3o Brasileira de Incorporadoras Imobili\u00e1rias (Abrainc) em parceria com a Funda\u00e7\u00e3o Instituto de Pesquisas Econ\u00f4micas (Fipe), divulgado nesta quarta-feira (9), os lan\u00e7amentos de <strong>im\u00f3veis<\/strong> somaram 26.384 unidades durante o primeiro trimestre de 2020, o que equivale a um crescimento de 39% em rela\u00e7\u00e3o ao mesmo per\u00edodo do ano passado.<\/p>\t<div class=\"wrapper-featured-image\">\n\t\t<figure class=\"spotlightImg\">\n\n\t\t\t<picture>\n\t\t\t\t<source media=\"(max-width: 768px)\" srcset=\"https:\/\/files.sunoresearch.com.br\/n\/uploads\/2021\/03\/d41a622a-imovies-400x200.webp\">\n\t\t\t\t<img loading=\"lazy\" decoding=\"async\" class=\"newsContent__article__imgCapa lazyloadDisabled \" src=\"https:\/\/files.sunoresearch.com.br\/n\/uploads\/2021\/03\/d41a622a-imovies-800x450.webp\" width=\"800\" height=\"450\" alt=\"Im\u00f3veis: Incorporadoras registram alta de lan\u00e7amentos e vendas no 1T21\" fetchpriority=high \/>\n\t\t\t<\/picture>\n\n\t\t\t<figcaption class=\"wp-caption-text wp-caption-text--show\">fundos imobili\u00e1rios. Foto: Pexels<\/figcaption>\n\t\t<\/figure>\n\t<\/div>\n\n\n\t<p>\n\t\t<a href=\"https:\/\/lp.suno.com.br\/planilha-controle-gastos\/\" target=\"_blank\" data-element=\"shortcode-suno-banner\" title=\"Banner SUNO, clique e saiba mais\">\n\t\t\t<picture>\n\t\t\t\t<source media=\"(max-width: 500px)\" srcset=\"https:\/\/files.sunoresearch.com.br\/n\/uploads\/2023\/03\/400x300-Planilha-controle-de-gastos.png\">\n\t\t\t\t<img class=\"newsContent__article__imgCapa newsContent__article__imgCapa--banner\"\n\t\t\t\t\tsrc=\"https:\/\/files.sunoresearch.com.br\/n\/uploads\/2023\/03\/1420x240-Planilha-controle-de-gastos.png\"\n\t\t\t\t\tdata-promo-id=\"101751\"\t\t\t\t\t\t\t\t\t\twidth='1420' height='240'\t\t\t\t\talt=\"https:\/\/files.sunoresearch.com.br\/n\/uploads\/2023\/03\/1420x240-Planilha-controle-de-gastos.png\"\n\t\t\t\t>\n\t\t\t<\/picture>\n\t\t<\/a>\n\t<\/p>\n\n\n<p>Al\u00e9m disso, a pesquisa mostra que no acumulado dos \u00faltimos 12 meses, os <strong>lan\u00e7amentos de im\u00f3veis<\/strong> totalizaram 128.445 unidades, correspondendo a uma alta de 10,6% na compara\u00e7\u00e3o anualizada.<\/p>\n<p>A pesquisa considera os resultados de 18 empresas associadas, com atua\u00e7\u00e3o concentrada na Regi\u00e3o Sudeste, principalmente na regi\u00e3o metropolitana de S\u00e3o Paulo.<\/p>\n<p><a href=\"https:\/\/lp.suno.com.br\/suno-one\/\">\u00a0Suno One: acesse gratuitamente eBooks, Minicursos, Artigos e V\u00eddeo Aulas sobre investimentos com um \u00fanico cadastro. Clique para saber mais!<\/a><\/p>\n<p>Os dados da Abrainc e da <strong>Fipe<\/strong> mostraram tamb\u00e9m que as vendas totais no primeiro trimestre subiram 21%, para 34.823 unidades, e nos \u00faltimos 12 meses avan\u00e7aram 27,1%, para 144.688 unidades. Por sua vez, as vendas l\u00edquidas &#8211; excluindo os distratos &#8211; cresceram 22,3% no primeiro trimestre e subiram 28,3% nos \u00faltimos 12 meses.<\/p>\n<p>Para o presidente da <strong>Abrainc<\/strong>, Luiz Fran\u00e7a, o bom ritmo de lan\u00e7amentos e vendas no primeiro trimestre demonstra que a confian\u00e7a dos empreendedores permanece inalterada, assim como a demanda dos consumidores pela aquisi\u00e7\u00e3o da casa pr\u00f3pria.<\/p>\n\t<p>\n\t\t<a href=\"https:\/\/lp.suno.com.br\/planilha-da-vida-financeira\/\" target=\"_blank\" data-element=\"shortcode-suno-banner\" title=\"Banner SUNO, clique e saiba mais\">\n\t\t\t<picture>\n\t\t\t\t<source media=\"(max-width: 500px)\" srcset=\"https:\/\/files.sunoresearch.com.br\/n\/uploads\/2023\/04\/400x300-Planilha-vida-financeira-true.png\">\n\t\t\t\t<img class=\"newsContent__article__imgCapa newsContent__article__imgCapa--banner\"\n\t\t\t\t\tsrc=\"https:\/\/files.sunoresearch.com.br\/n\/uploads\/2023\/04\/1420x240-Planilha-vida-financeira-true.png\"\n\t\t\t\t\tdata-promo-id=\"106682\"\t\t\t\t\t\t\t\t\t\twidth='1420' height='240'\t\t\t\t\talt=\"https:\/\/files.sunoresearch.com.br\/n\/uploads\/2023\/04\/1420x240-Planilha-vida-financeira-true.png\"\n\t\t\t\t>\n\t\t\t<\/picture>\n\t\t<\/a>\n\t<\/p>\n\n\n<p>&#8220;O ambiente de neg\u00f3cios permanece prop\u00edcio, com grande atratividade para o investimento em im\u00f3veis em compara\u00e7\u00e3o com as <a class=\"suno-keyword\" style=\"background: greenyellow;\" href=\"https:\/\/www.suno.com.br\/artigos\/aplicacoes-financeiras\/\" target=\"_blank\" rel=\"noopener noreferrer\" data-force=\"no\" data-priority=\"1\">aplica\u00e7\u00f5es financeiras<\/a> tradicionais&#8221;, disse, citando o juro real negativo (IPCA acima da Selic), que estimula a migra\u00e7\u00e3o de investimentos em renda fixa para aplica\u00e7\u00f5es de maior risco.<\/p>\n<p>Fran\u00e7a tamb\u00e9m citou que s\u00e3o favor\u00e1veis as perspectivas para quem busca a primeira moradia, por conta das taxas de juros baixas dos financiamentos imobili\u00e1rios. Outro ponto que tem sido visto desde o come\u00e7o da pandemia foi a procura por im\u00f3veis maiores, j\u00e1 que as pessoas t\u00eam passado mais tempo em casa.<\/p>\n<h2>Mercado imobili\u00e1rio teve comportamento inesperado na pandemia<\/h2>\n<p>&#8220;Ningu\u00e9m esperava que o<a href=\"https:\/\/www.suno.com.br\/artigos\/mercado-imobiliario\/\"> mercado imobili\u00e1rio<\/a> teria o comportamento que teve na pandemia. Foi uma surpresa muito grande para economistas, empres\u00e1rios e investidores&#8221;, emendou Fran\u00e7a, referindo-se aos resultados obtidos at\u00e9 aqui.<\/p>\n\t<div data-element=\"shortcode-read-more\" class=\"knowMore\">\n\t\t\t\t<span class=\"knowMore__title\">Veja tamb\u00e9m<\/span>\n\t\t\t\t<a class=\"knowMore__link\" href=\"https:\/\/www.suno.com.br\/noticias\/imoveis-preco-salas-comerciais-avanca-abril-fipezap\/\">\n\t\t\tIm\u00f3veis: Valor do aluguel de salas e conjuntos comerciais avan\u00e7a 0,32% em abril\t\t<\/a>\n\t<\/div>\n\n\n<p>O presidente da Abrainc lembrou ainda que o setor foi classificado como &#8220;servi\u00e7o essencial&#8221;, o que permitiu que os canteiros de obras permanecessem abertos, sustentando empregos na constru\u00e7\u00e3o de <strong>im\u00f3veis<\/strong>. J\u00e1 os estandes tiveram que ser fechados junto com o com\u00e9rcio.<\/p>\n<p><em>Com informa\u00e7\u00f5es do Estad\u00e3o Conte\u00fado<\/em><\/p>\n\t<p>\n\t\t<a href=\"https:\/\/lp.suno.com.br\/planilha-de-controle-de-investimentos\/\" target=\"_blank\" data-element=\"shortcode-suno-banner\" title=\"Banner SUNO, clique e saiba mais\">\n\t\t\t<picture>\n\t\t\t\t<source media=\"(max-width: 500px)\" srcset=\"https:\/\/files.sunoresearch.com.br\/n\/uploads\/2023\/03\/400x300-Controle-de-Investimentos.png\">\n\t\t\t\t<img class=\"newsContent__article__imgCapa newsContent__article__imgCapa--banner\"\n\t\t\t\t\tsrc=\"https:\/\/files.sunoresearch.com.br\/n\/uploads\/2023\/03\/1420x240-Controle-de-Investimentos.png\"\n\t\t\t\t\tdata-promo-id=\"75934\"\t\t\t\t\t\t\t\t\t\twidth='1420' height='240'\t\t\t\t\talt=\"https:\/\/files.sunoresearch.com.br\/n\/uploads\/2023\/03\/1420x240-Controle-de-Investimentos.png\"\n\t\t\t\t>\n\t\t\t<\/picture>\n\t\t<\/a>\n\t<\/p>\n\n\n","protected":false},"excerpt":{"rendered":"<p>Apesar da pandemia, os primeiros meses do ano foram positivos para as maiores incorporadoras do Brasil, que registraram expans\u00e3o dos neg\u00f3cios. De acordo com um levantamento da Associa\u00e7\u00e3o Brasileira de Incorporadoras Imobili\u00e1rias (Abrainc) em parceria com a Funda\u00e7\u00e3o Instituto de Pesquisas Econ\u00f4micas (Fipe), divulgado nesta quarta-feira (9), os lan\u00e7amentos de im\u00f3veis somaram 26.384 unidades durante [&hellip;]<\/p>\n","protected":false},"author":39,"featured_media":128504,"comment_status":"closed","ping_status":"closed","sticky":false,"template":"","format":"standard","meta":[],"categories":[66],"tags":[105816,1904],"suno_strategy":[],"class_list":["post-155623","post","type-post","status-publish","format-standard","has-post-thumbnail","hentry","category-fiis","tag-especialistas","tag-mercado-imobiliario"],"yoast_head":"<!-- This site is optimized with the Yoast SEO plugin v24.4 - https:\/\/yoast.com\/wordpress\/plugins\/seo\/ -->\n<title>Im\u00f3veis: Incorporadoras registram alta de lan\u00e7amentos e vendas no 1T21<\/title>\n<meta name=\"description\" content=\"Os lan\u00e7amentos de im\u00f3veis somaram 26.384 unidades durante o primeiro trimestre de 2020, um crescimento de 39%. Clique e saiba mais!\" \/>\n<meta name=\"robots\" content=\"index, follow, max-snippet:-1, max-image-preview:large, max-video-preview:-1\" \/>\n<link rel=\"canonical\" href=\"https:\/\/www.suno.com.br\/noticias\/incorporadoras-alta-lancamentos-imoveis-1t21\/\" \/>\n<meta property=\"og:locale\" content=\"pt_BR\" \/>\n<meta property=\"og:type\" content=\"article\" \/>\n<meta property=\"og:title\" content=\"Im\u00f3veis: Incorporadoras registram alta de lan\u00e7amentos e vendas no 1T21\" \/>\n<meta property=\"og:description\" content=\"Os lan\u00e7amentos de im\u00f3veis somaram 26.384 unidades durante o primeiro trimestre de 2020, um crescimento de 39%. Clique e saiba mais!\" \/>\n<meta property=\"og:url\" content=\"https:\/\/www.suno.com.br\/noticias\/incorporadoras-alta-lancamentos-imoveis-1t21\/\" \/>\n<meta property=\"og:site_name\" content=\"Suno Not\u00edcias\" \/>\n<meta property=\"article:publisher\" content=\"https:\/\/facebook.com\/sunoresearch\" \/>\n<meta property=\"og:image\" content=\"https:\/\/files.sunoresearch.com.br\/n\/uploads\/2021\/03\/d41a622a-imovies.jpg\" \/>\n\t<meta property=\"og:image:width\" content=\"1920\" \/>\n\t<meta property=\"og:image:height\" content=\"1280\" \/>\n\t<meta property=\"og:image:type\" content=\"image\/jpeg\" \/>\n<meta name=\"author\" content=\"Laura Moutinho\" \/>\n<meta name=\"twitter:card\" content=\"summary_large_image\" \/>\n<meta name=\"twitter:creator\" content=\"@sunoresearch\" \/>\n<meta name=\"twitter:site\" content=\"@sunoresearch\" \/>\n<meta name=\"twitter:label1\" content=\"Escrito por\" \/>\n\t<meta name=\"twitter:data1\" content=\"Laura Moutinho\" \/>\n\t<meta name=\"twitter:label2\" content=\"Est. tempo de leitura\" \/>\n\t<meta name=\"twitter:data2\" content=\"2 minutos\" \/>\n<script type=\"application\/ld+json\" class=\"yoast-schema-graph\">{\"@context\":\"https:\/\/schema.org\",\"@graph\":[{\"@type\":\"NewsArticle\",\"@id\":\"https:\/\/www.suno.com.br\/noticias\/incorporadoras-alta-lancamentos-imoveis-1t21\/#article\",\"isPartOf\":{\"@id\":\"https:\/\/www.suno.com.br\/noticias\/incorporadoras-alta-lancamentos-imoveis-1t21\/\"},\"author\":{\"name\":\"Laura Moutinho\",\"@id\":\"https:\/\/www.suno.com.br\/noticias\/#\/schema\/person\/3df0d2808748b74496efe5dbeaef2c72\"},\"headline\":\"Im\u00f3veis: Incorporadoras registram alta de lan\u00e7amentos e vendas no 1T21\",\"datePublished\":\"2021-06-09T21:05:31+00:00\",\"dateModified\":\"2021-06-14T02:38:36+00:00\",\"mainEntityOfPage\":{\"@id\":\"https:\/\/www.suno.com.br\/noticias\/incorporadoras-alta-lancamentos-imoveis-1t21\/\"},\"wordCount\":483,\"publisher\":{\"@id\":\"https:\/\/www.suno.com.br\/noticias\/#organization\"},\"image\":{\"@id\":\"https:\/\/www.suno.com.br\/noticias\/incorporadoras-alta-lancamentos-imoveis-1t21\/#primaryimage\"},\"thumbnailUrl\":\"https:\/\/files.sunoresearch.com.br\/n\/uploads\/2021\/03\/d41a622a-imovies-jpg.webp\",\"keywords\":[\"Especialistas\",\"mercado imobili\u00e1rio\"],\"articleSection\":[\"FIIs\"],\"inLanguage\":\"pt-BR\"},{\"@type\":\"WebPage\",\"@id\":\"https:\/\/www.suno.com.br\/noticias\/incorporadoras-alta-lancamentos-imoveis-1t21\/\",\"url\":\"https:\/\/www.suno.com.br\/noticias\/incorporadoras-alta-lancamentos-imoveis-1t21\/\",\"name\":\"Im\u00f3veis: Incorporadoras registram alta de lan\u00e7amentos e vendas no 1T21\",\"isPartOf\":{\"@id\":\"https:\/\/www.suno.com.br\/noticias\/#website\"},\"primaryImageOfPage\":{\"@id\":\"https:\/\/www.suno.com.br\/noticias\/incorporadoras-alta-lancamentos-imoveis-1t21\/#primaryimage\"},\"image\":{\"@id\":\"https:\/\/www.suno.com.br\/noticias\/incorporadoras-alta-lancamentos-imoveis-1t21\/#primaryimage\"},\"thumbnailUrl\":\"https:\/\/files.sunoresearch.com.br\/n\/uploads\/2021\/03\/d41a622a-imovies-jpg.webp\",\"datePublished\":\"2021-06-09T21:05:31+00:00\",\"dateModified\":\"2021-06-14T02:38:36+00:00\",\"description\":\"Os lan\u00e7amentos de im\u00f3veis somaram 26.384 unidades durante o primeiro trimestre de 2020, um crescimento de 39%. Clique e saiba mais!\",\"breadcrumb\":{\"@id\":\"https:\/\/www.suno.com.br\/noticias\/incorporadoras-alta-lancamentos-imoveis-1t21\/#breadcrumb\"},\"inLanguage\":\"pt-BR\",\"potentialAction\":[{\"@type\":\"ReadAction\",\"target\":[\"https:\/\/www.suno.com.br\/noticias\/incorporadoras-alta-lancamentos-imoveis-1t21\/\"]}]},{\"@type\":\"ImageObject\",\"inLanguage\":\"pt-BR\",\"@id\":\"https:\/\/www.suno.com.br\/noticias\/incorporadoras-alta-lancamentos-imoveis-1t21\/#primaryimage\",\"url\":\"https:\/\/files.sunoresearch.com.br\/n\/uploads\/2021\/03\/d41a622a-imovies-jpg.webp\",\"contentUrl\":\"https:\/\/files.sunoresearch.com.br\/n\/uploads\/2021\/03\/d41a622a-imovies-jpg.webp\",\"width\":1920,\"height\":1280,\"caption\":\"fundos imobili\u00e1rios. Foto: Pexels\"},{\"@type\":\"BreadcrumbList\",\"@id\":\"https:\/\/www.suno.com.br\/noticias\/incorporadoras-alta-lancamentos-imoveis-1t21\/#breadcrumb\",\"itemListElement\":[{\"@type\":\"ListItem\",\"position\":1,\"name\":\"Not\u00edcias\",\"item\":\"https:\/\/www.suno.com.br\/noticias\/\"},{\"@type\":\"ListItem\",\"position\":2,\"name\":\"FIIs\",\"item\":\"https:\/\/www.suno.com.br\/noticias\/fiis\/\"},{\"@type\":\"ListItem\",\"position\":3,\"name\":\"Im\u00f3veis: Incorporadoras registram alta de lan\u00e7amentos e vendas no 1T21\"}]},{\"@type\":\"WebSite\",\"@id\":\"https:\/\/www.suno.com.br\/noticias\/#website\",\"url\":\"https:\/\/www.suno.com.br\/noticias\/\",\"name\":\"Suno Not\u00edcias\",\"description\":\"Seu portal de informa\u00e7\u00e3o sobre o mundo dos investimentos\",\"publisher\":{\"@id\":\"https:\/\/www.suno.com.br\/noticias\/#organization\"},\"potentialAction\":[{\"@type\":\"SearchAction\",\"target\":{\"@type\":\"EntryPoint\",\"urlTemplate\":\"https:\/\/www.suno.com.br\/noticias\/?s={search_term_string}\"},\"query-input\":{\"@type\":\"PropertyValueSpecification\",\"valueRequired\":true,\"valueName\":\"search_term_string\"}}],\"inLanguage\":\"pt-BR\"},{\"@type\":\"Organization\",\"@id\":\"https:\/\/www.suno.com.br\/noticias\/#organization\",\"name\":\"Suno Not\u00edcias\",\"url\":\"https:\/\/www.suno.com.br\/noticias\/\",\"logo\":{\"@type\":\"ImageObject\",\"inLanguage\":\"pt-BR\",\"@id\":\"https:\/\/www.suno.com.br\/noticias\/#\/schema\/logo\/image\/\",\"url\":\"https:\/\/files.sunoresearch.com.br\/n\/uploads\/2021\/09\/suno-logo.png\",\"contentUrl\":\"https:\/\/files.sunoresearch.com.br\/n\/uploads\/2021\/09\/suno-logo.png\",\"width\":180,\"height\":180,\"caption\":\"Suno Not\u00edcias\"},\"image\":{\"@id\":\"https:\/\/www.suno.com.br\/noticias\/#\/schema\/logo\/image\/\"},\"sameAs\":[\"https:\/\/facebook.com\/sunoresearch\",\"https:\/\/x.com\/sunoresearch\",\"https:\/\/www.instagram.com\/suno\",\"https:\/\/www.linkedin.com\/company\/suno-research\/\",\"https:\/\/www.youtube.com\/c\/sunoresearch\"]},{\"@type\":\"Person\",\"@id\":\"https:\/\/www.suno.com.br\/noticias\/#\/schema\/person\/3df0d2808748b74496efe5dbeaef2c72\",\"name\":\"Laura Moutinho\",\"image\":{\"@type\":\"ImageObject\",\"inLanguage\":\"pt-BR\",\"@id\":\"https:\/\/www.suno.com.br\/noticias\/#\/schema\/person\/image\/\",\"url\":\"https:\/\/secure.gravatar.com\/avatar\/7571c7c8ca3a6fca5e41384ece5557ff?s=96&r=g\",\"contentUrl\":\"https:\/\/secure.gravatar.com\/avatar\/7571c7c8ca3a6fca5e41384ece5557ff?s=96&r=g\",\"caption\":\"Laura Moutinho\"},\"description\":\"Estagi\u00e1ria na Suno Not\u00edcias, escreve not\u00edcias que afetam o mercado financeiro. Estuda administra\u00e7\u00e3o na Universidade Presbiteriana Mackenzie.\",\"url\":\"https:\/\/www.suno.com.br\/noticias\/author\/laura-moutinho\/\"}]}<\/script>\n<!-- \/ Yoast SEO plugin. -->","yoast_head_json":{"title":"Im\u00f3veis: Incorporadoras registram alta de lan\u00e7amentos e vendas no 1T21","description":"Os lan\u00e7amentos de im\u00f3veis somaram 26.384 unidades durante o primeiro trimestre de 2020, um crescimento de 39%. Clique e saiba mais!","robots":{"index":"index","follow":"follow","max-snippet":"max-snippet:-1","max-image-preview":"max-image-preview:large","max-video-preview":"max-video-preview:-1"},"canonical":"https:\/\/www.suno.com.br\/noticias\/incorporadoras-alta-lancamentos-imoveis-1t21\/","og_locale":"pt_BR","og_type":"article","og_title":"Im\u00f3veis: Incorporadoras registram alta de lan\u00e7amentos e vendas no 1T21","og_description":"Os lan\u00e7amentos de im\u00f3veis somaram 26.384 unidades durante o primeiro trimestre de 2020, um crescimento de 39%. Clique e saiba mais!","og_url":"https:\/\/www.suno.com.br\/noticias\/incorporadoras-alta-lancamentos-imoveis-1t21\/","og_site_name":"Suno Not\u00edcias","article_publisher":"https:\/\/facebook.com\/sunoresearch","og_image":[{"width":1920,"height":1280,"url":"https:\/\/files.sunoresearch.com.br\/n\/uploads\/2021\/03\/d41a622a-imovies.jpg","type":"image\/jpeg"}],"author":"Laura Moutinho","twitter_card":"summary_large_image","twitter_creator":"@sunoresearch","twitter_site":"@sunoresearch","twitter_misc":{"Escrito por":"Laura Moutinho","Est. tempo de leitura":"2 minutos"},"schema":{"@context":"https:\/\/schema.org","@graph":[{"@type":"NewsArticle","@id":"https:\/\/www.suno.com.br\/noticias\/incorporadoras-alta-lancamentos-imoveis-1t21\/#article","isPartOf":{"@id":"https:\/\/www.suno.com.br\/noticias\/incorporadoras-alta-lancamentos-imoveis-1t21\/"},"author":{"name":"Laura Moutinho","@id":"https:\/\/www.suno.com.br\/noticias\/#\/schema\/person\/3df0d2808748b74496efe5dbeaef2c72"},"headline":"Im\u00f3veis: Incorporadoras registram alta de lan\u00e7amentos e vendas no 1T21","datePublished":"2021-06-09T21:05:31+00:00","dateModified":"2021-06-14T02:38:36+00:00","mainEntityOfPage":{"@id":"https:\/\/www.suno.com.br\/noticias\/incorporadoras-alta-lancamentos-imoveis-1t21\/"},"wordCount":483,"publisher":{"@id":"https:\/\/www.suno.com.br\/noticias\/#organization"},"image":{"@id":"https:\/\/www.suno.com.br\/noticias\/incorporadoras-alta-lancamentos-imoveis-1t21\/#primaryimage"},"thumbnailUrl":"https:\/\/files.sunoresearch.com.br\/n\/uploads\/2021\/03\/d41a622a-imovies-jpg.webp","keywords":["Especialistas","mercado imobili\u00e1rio"],"articleSection":["FIIs"],"inLanguage":"pt-BR"},{"@type":"WebPage","@id":"https:\/\/www.suno.com.br\/noticias\/incorporadoras-alta-lancamentos-imoveis-1t21\/","url":"https:\/\/www.suno.com.br\/noticias\/incorporadoras-alta-lancamentos-imoveis-1t21\/","name":"Im\u00f3veis: Incorporadoras registram alta de lan\u00e7amentos e vendas no 1T21","isPartOf":{"@id":"https:\/\/www.suno.com.br\/noticias\/#website"},"primaryImageOfPage":{"@id":"https:\/\/www.suno.com.br\/noticias\/incorporadoras-alta-lancamentos-imoveis-1t21\/#primaryimage"},"image":{"@id":"https:\/\/www.suno.com.br\/noticias\/incorporadoras-alta-lancamentos-imoveis-1t21\/#primaryimage"},"thumbnailUrl":"https:\/\/files.sunoresearch.com.br\/n\/uploads\/2021\/03\/d41a622a-imovies-jpg.webp","datePublished":"2021-06-09T21:05:31+00:00","dateModified":"2021-06-14T02:38:36+00:00","description":"Os lan\u00e7amentos de im\u00f3veis somaram 26.384 unidades durante o primeiro trimestre de 2020, um crescimento de 39%. Clique e saiba mais!","breadcrumb":{"@id":"https:\/\/www.suno.com.br\/noticias\/incorporadoras-alta-lancamentos-imoveis-1t21\/#breadcrumb"},"inLanguage":"pt-BR","potentialAction":[{"@type":"ReadAction","target":["https:\/\/www.suno.com.br\/noticias\/incorporadoras-alta-lancamentos-imoveis-1t21\/"]}]},{"@type":"ImageObject","inLanguage":"pt-BR","@id":"https:\/\/www.suno.com.br\/noticias\/incorporadoras-alta-lancamentos-imoveis-1t21\/#primaryimage","url":"https:\/\/files.sunoresearch.com.br\/n\/uploads\/2021\/03\/d41a622a-imovies-jpg.webp","contentUrl":"https:\/\/files.sunoresearch.com.br\/n\/uploads\/2021\/03\/d41a622a-imovies-jpg.webp","width":1920,"height":1280,"caption":"fundos imobili\u00e1rios. Foto: Pexels"},{"@type":"BreadcrumbList","@id":"https:\/\/www.suno.com.br\/noticias\/incorporadoras-alta-lancamentos-imoveis-1t21\/#breadcrumb","itemListElement":[{"@type":"ListItem","position":1,"name":"Not\u00edcias","item":"https:\/\/www.suno.com.br\/noticias\/"},{"@type":"ListItem","position":2,"name":"FIIs","item":"https:\/\/www.suno.com.br\/noticias\/fiis\/"},{"@type":"ListItem","position":3,"name":"Im\u00f3veis: Incorporadoras registram alta de lan\u00e7amentos e vendas no 1T21"}]},{"@type":"WebSite","@id":"https:\/\/www.suno.com.br\/noticias\/#website","url":"https:\/\/www.suno.com.br\/noticias\/","name":"Suno Not\u00edcias","description":"Seu portal de informa\u00e7\u00e3o sobre o mundo dos investimentos","publisher":{"@id":"https:\/\/www.suno.com.br\/noticias\/#organization"},"potentialAction":[{"@type":"SearchAction","target":{"@type":"EntryPoint","urlTemplate":"https:\/\/www.suno.com.br\/noticias\/?s={search_term_string}"},"query-input":{"@type":"PropertyValueSpecification","valueRequired":true,"valueName":"search_term_string"}}],"inLanguage":"pt-BR"},{"@type":"Organization","@id":"https:\/\/www.suno.com.br\/noticias\/#organization","name":"Suno Not\u00edcias","url":"https:\/\/www.suno.com.br\/noticias\/","logo":{"@type":"ImageObject","inLanguage":"pt-BR","@id":"https:\/\/www.suno.com.br\/noticias\/#\/schema\/logo\/image\/","url":"https:\/\/files.sunoresearch.com.br\/n\/uploads\/2021\/09\/suno-logo.png","contentUrl":"https:\/\/files.sunoresearch.com.br\/n\/uploads\/2021\/09\/suno-logo.png","width":180,"height":180,"caption":"Suno Not\u00edcias"},"image":{"@id":"https:\/\/www.suno.com.br\/noticias\/#\/schema\/logo\/image\/"},"sameAs":["https:\/\/facebook.com\/sunoresearch","https:\/\/x.com\/sunoresearch","https:\/\/www.instagram.com\/suno","https:\/\/www.linkedin.com\/company\/suno-research\/","https:\/\/www.youtube.com\/c\/sunoresearch"]},{"@type":"Person","@id":"https:\/\/www.suno.com.br\/noticias\/#\/schema\/person\/3df0d2808748b74496efe5dbeaef2c72","name":"Laura Moutinho","image":{"@type":"ImageObject","inLanguage":"pt-BR","@id":"https:\/\/www.suno.com.br\/noticias\/#\/schema\/person\/image\/","url":"https:\/\/secure.gravatar.com\/avatar\/7571c7c8ca3a6fca5e41384ece5557ff?s=96&r=g","contentUrl":"https:\/\/secure.gravatar.com\/avatar\/7571c7c8ca3a6fca5e41384ece5557ff?s=96&r=g","caption":"Laura Moutinho"},"description":"Estagi\u00e1ria na Suno Not\u00edcias, escreve not\u00edcias que afetam o mercado financeiro. Estuda administra\u00e7\u00e3o na Universidade Presbiteriana Mackenzie.","url":"https:\/\/www.suno.com.br\/noticias\/author\/laura-moutinho\/"}]}},"default_loop_html":"<div class=\"cardsPage__listCard__boxs\"><div class=\"cardsPage__listCard__boxs__img\"><a href=\"https:\/\/www.suno.com.br\/noticias\/incorporadoras-alta-lancamentos-imoveis-1t21\/\"><img class=\"mask\" src=\"https:\/\/www.suno.com.br\/noticias\/wp-content\/themes\/suno\/resources\/images\/spotlight\/spotlight1img\/bg-mask.png\" alt=\"Image Mask\"\/><img src=\"https:\/\/files.sunoresearch.com.br\/n\/uploads\/2021\/03\/d41a622a-imovies-400x200.webp\" alt=\"Im\u00f3veis: Incorporadoras registram alta de lan\u00e7amentos e vendas no 1T21\"\/><\/a><span class=\"spotlightCategory\"><a href=\"https:\/\/www.suno.com.br\/noticias\/fiis\/\">FIIs<\/a><\/span><\/div><div class=\"cardsPage__listCard__boxs__content\"><a href=\"https:\/\/www.suno.com.br\/noticias\/incorporadoras-alta-lancamentos-imoveis-1t21\/\"><h2 class=\"content__title\">Im\u00f3veis: Incorporadoras registram alta de lan\u00e7amentos e vendas no 1T21<\/h2><\/a><div class=\"newsContent__article__meta\"><div class=\"newsContent__article__meta__authorBox\"><a href=\"https:\/\/www.suno.com.br\/noticias\/author\/laura-moutinho\/\" class=\"authorBox__avatar noMobi\"><img src=\"https:\/\/files.sunoresearch.com.br\/n\/uploads\/2020\/08\/531ff69d-whatsapp-image-2020-08-03-at-14.54.38-150x150.webp\" alt=\"Laura Moutinho\"><\/a><div class=\"authorBox__name\"><span>por\n\t\t\t<a href=\"https:\/\/www.suno.com.br\/noticias\/author\/laura-moutinho\/\"><span itemprop=\"author\">Laura Moutinho<\/span><\/a><\/span><time datetime=\"2021-06-09T18:05:31-03:00\" itemprop=\"datePublished\">09\/06\/2021 18:05<\/time><\/div><\/div><\/div><\/div><\/div>","single_layout":"posts","amp_enabled":true,"_links":{"self":[{"href":"https:\/\/www.suno.com.br\/noticias\/wp-json\/wp\/v2\/posts\/155623"}],"collection":[{"href":"https:\/\/www.suno.com.br\/noticias\/wp-json\/wp\/v2\/posts"}],"about":[{"href":"https:\/\/www.suno.com.br\/noticias\/wp-json\/wp\/v2\/types\/post"}],"author":[{"embeddable":true,"href":"https:\/\/www.suno.com.br\/noticias\/wp-json\/wp\/v2\/users\/39"}],"replies":[{"embeddable":true,"href":"https:\/\/www.suno.com.br\/noticias\/wp-json\/wp\/v2\/comments?post=155623"}],"version-history":[{"count":3,"href":"https:\/\/www.suno.com.br\/noticias\/wp-json\/wp\/v2\/posts\/155623\/revisions"}],"predecessor-version":[{"id":155771,"href":"https:\/\/www.suno.com.br\/noticias\/wp-json\/wp\/v2\/posts\/155623\/revisions\/155771"}],"wp:featuredmedia":[{"embeddable":true,"href":"https:\/\/www.suno.com.br\/noticias\/wp-json\/wp\/v2\/media\/128504"}],"wp:attachment":[{"href":"https:\/\/www.suno.com.br\/noticias\/wp-json\/wp\/v2\/media?parent=155623"}],"wp:term":[{"taxonomy":"category","embeddable":true,"href":"https:\/\/www.suno.com.br\/noticias\/wp-json\/wp\/v2\/categories?post=155623"},{"taxonomy":"post_tag","embeddable":true,"href":"https:\/\/www.suno.com.br\/noticias\/wp-json\/wp\/v2\/tags?post=155623"},{"taxonomy":"suno_strategy","embeddable":true,"href":"https:\/\/www.suno.com.br\/noticias\/wp-json\/wp\/v2\/suno_strategy?post=155623"}],"curies":[{"name":"wp","href":"https:\/\/api.w.org\/{rel}","templated":true}]}}