{"id":155502,"date":"2021-06-09T08:53:40","date_gmt":"2021-06-09T11:53:40","guid":{"rendered":"https:\/\/www.suno.com.br\/noticias\/?p=155502"},"modified":"2021-06-21T05:55:07","modified_gmt":"2021-06-21T08:55:07","slug":"eletrobras-elet3-sobe-mais-relator-mp-parecer-sexta","status":"publish","type":"post","link":"https:\/\/www.suno.com.br\/noticias\/eletrobras-elet3-sobe-mais-relator-mp-parecer-sexta\/","title":{"rendered":"Eletrobras (ELET3) vai subindo com expectativa de privatiza\u00e7\u00e3o; relator dar\u00e1 parecer at\u00e9 sexta"},"content":{"rendered":"<p>O senador Marcos Rog\u00e9rio (DEM-RO), relator da Medida Provis\u00f3ria (MP) da privatiza\u00e7\u00e3o da <a href=\"https:\/\/www.suno.com.br\/acoes\/elet3\/\"><strong>Eletrobras<\/strong> (ELET3)<\/a>, pretende entregar o seu parecer sobre o texto at\u00e9 o fim desta semana. A expectativa sobre a privatiza\u00e7\u00e3o tem gerado um impacto positivo sobre o papel, que acumula alta mensal de 19,66%, cotado a R$ 45. Vale lembrar que a a\u00e7\u00e3o come\u00e7ou o ano na casa dos R$ 35 e chegou a cair para R$ 27 em fevereiro.<\/p>\t<div class=\"wrapper-featured-image\">\n\t\t<figure class=\"spotlightImg\">\n\n\t\t\t<picture>\n\t\t\t\t<source media=\"(max-width: 768px)\" srcset=\"https:\/\/files.sunoresearch.com.br\/n\/uploads\/2021\/05\/77de2464-116018977_3069258553182251_5230620679520675942_n-400x200.webp\">\n\t\t\t\t<img loading=\"lazy\" decoding=\"async\" class=\"newsContent__article__imgCapa lazyloadDisabled \" src=\"https:\/\/files.sunoresearch.com.br\/n\/uploads\/2021\/05\/77de2464-116018977_3069258553182251_5230620679520675942_n-800x450.webp\" width=\"800\" height=\"450\" alt=\"Eletrobras (ELET3) vai subindo com expectativa de privatiza\u00e7\u00e3o; relator dar\u00e1 parecer at\u00e9 sexta\" fetchpriority=high \/>\n\t\t\t<\/picture>\n\n\t\t\t<figcaption class=\"wp-caption-text wp-caption-text--show\">Eletrobras. Foto: Reprodu\u00e7\u00e3o Facebook<\/figcaption>\n\t\t<\/figure>\n\t<\/div>\n\n\n\t<p>\n\t\t<a href=\"https:\/\/lp.suno.com.br\/planilha-controle-gastos\/\" target=\"_blank\" data-element=\"shortcode-suno-banner\" title=\"Banner SUNO, clique e saiba mais\">\n\t\t\t<picture>\n\t\t\t\t<source media=\"(max-width: 500px)\" srcset=\"https:\/\/files.sunoresearch.com.br\/n\/uploads\/2023\/03\/400x300-Planilha-controle-de-gastos.png\">\n\t\t\t\t<img class=\"newsContent__article__imgCapa newsContent__article__imgCapa--banner\"\n\t\t\t\t\tsrc=\"https:\/\/files.sunoresearch.com.br\/n\/uploads\/2023\/03\/1420x240-Planilha-controle-de-gastos.png\"\n\t\t\t\t\tdata-promo-id=\"101751\"\t\t\t\t\t\t\t\t\t\twidth='1420' height='240'\t\t\t\t\talt=\"https:\/\/files.sunoresearch.com.br\/n\/uploads\/2023\/03\/1420x240-Planilha-controle-de-gastos.png\"\n\t\t\t\t>\n\t\t\t<\/picture>\n\t\t<\/a>\n\t<\/p>\n\n\n<p>Segundo o parlamentar, a ideia \u00e9 levar o texto a plen\u00e1rio na quinta-feira (10) ou no in\u00edcio da semana que vem. O <strong>relator<\/strong>, na tarde de ter\u00e7a (8), se encontrou com o ministro da economia, <a class=\"suno-keyword\" href=\"https:\/\/www.suno.com.br\/tudo-sobre\/paulo-guedes\/\" target=\"_blank\" rel=\"noopener noreferrer\" data-force=\"no\" data-priority=\"2\">Paulo Guedes<\/a>. Ambos falaram \u00e0 imprensa ap\u00f3s o encontro.<\/p>\n<p>\u201cVamos apresentar um relat\u00f3rio que vai procurar reunir as converg\u00eancias. E nos pontos que houver diverg\u00eancias, vamos submeter a voto. Mas o nosso esfor\u00e7o, num compromisso que fiz com o ministro <strong>Paulo Guedes<\/strong>, \u00e9 de apresentar o relat\u00f3rio ainda esta semana e votarmos, se n\u00e3o na quinta-feira, no in\u00edcio da pr\u00f3xima semana\u201d, disse o relator.<\/p>\n<p><a href=\"https:\/\/lp.suno.com.br\/suno-one\/?ppp=noticias\/hospital-care-pedido-ipo-cvm\/\"><b>Suno One: acesse gratuitamente eBooks, Minicursos, Artigos e V\u00eddeo Aulas sobre investimentos com um \u00fanico cadastro. Clique para saber mais!<\/b><\/a><\/p>\n<p>Al\u00e9m disso, o senador afirmou que vai tentar deixar o texto mais pr\u00f3ximo do que foi aprovado na <strong>C\u00e2mara<\/strong>.<\/p>\n<p>\u201cN\u00e3o descarto a possibilidade de acolher emenda. \u00c9 prerrogativa dos senadores sugerir melhorias, faz parte do processo. Mas o nosso esfor\u00e7o \u00e9 trabalhar com o texto que veio da C\u00e2mara, e que h\u00e1 um entendimento com o governo, sem grandes altera\u00e7\u00f5es\u201d.<\/p>\n<h2>Aux\u00edlio emergencial<\/h2>\n<p>Na sa\u00edda do encontro, Guedes foi questionado por jornalistas sobre uma poss\u00edvel prorroga\u00e7\u00e3o do aux\u00edlio emergencial. Ele afirmou que a decis\u00e3o \u00e9 do presidente da Rep\u00fablica, Jair Bolsonaro (sem partido), e do ministro da Cidadania, Jo\u00e3o Roma, e que cabe a ele fazer os c\u00e1lculos de impacto nos cofres p\u00fablicos.<\/p>\n<p>Segundo ele, cada m\u00eas de pagamento do aux\u00edlio traz um gasto de R$ 9 bilh\u00f5es. O aux\u00edlio atual est\u00e1 previsto at\u00e9 o m\u00eas de julho.<\/p>\n\n\t<div data-element=\"shortcode-read-more\" class=\"readToo\">\n\t\t\t\t<span class=\"readToo__title\">Saiba mais<\/span>\n\t\t\t\t<ul class=\"readToo__list\">\n\t\t\t<li><a href=\"https:\/\/www.suno.com.br\/noticias\/eletrobras-elet3-cade-analise-contratacao-termicas\/\">Eletrobras (ELET3): coordenador do Cade defende an\u00e1lise sobre contrata\u00e7\u00e3o de t\u00e9rmicas<\/a><\/li><li><a href=\"https:\/\/www.suno.com.br\/noticias\/mudancas-mp-eletrobras-elet3-encarecer-contas\/\">Associa\u00e7\u00f5es questionam mudan\u00e7as na MP da Eletrobras (ELET3) que podem encarecer contas<\/a><\/li>\t\t<\/ul>\n\t<\/div>\n\n\n<p>Guedes citou uma \u201cexpectativa geral\u201d de que todos os brasileiros adultos estejam vacinados em \u201cdois, tr\u00eas meses\u201d e, <a href=\"https:\/\/www.suno.com.br\/noticias\/coronavoucher-guedes-governo-renovar-auxilio-2-3-meses\/\">com isso, o aux\u00edlio seria necess\u00e1rio at\u00e9 setembro<\/a>.<\/p>\n<p>&#8220;Existe uma expectativa geral de que nos pr\u00f3ximos dois, tr\u00eas meses a popula\u00e7\u00e3o adulta brasileira esteja toda vacinada. E \u00e9 o ritmo da pandemia que dita a necessidade de extens\u00e3o do aux\u00edlio emergencial. Dois meses a mais, seriam R$ 18 bilh\u00f5es [a mais]\u201d, disse o <a href=\"https:\/\/www.suno.com.br\/artigos\/ministerio-da-economia\/\">ministro da economia<\/a>.<\/p>\n<p>Ele acrescentou que esse valor cairia para R$ 11 bilh\u00f5es por causa de R$ 7 bilh\u00f5es que sobraram do \u00faltimo aux\u00edlio pago pelo governo.<\/p>\n<p>Hoje, na Comiss\u00e3o Parlamentar de Inqu\u00e9rito (CPI) da Pandemia, o ministro da Sa\u00fade, Marcelo Queiroga, disse que sua prioridade no comando da pasta \u00e9 aumentar a vacina\u00e7\u00e3o no pa\u00eds e que o esfor\u00e7o \u00e9 para vacinar toda a popula\u00e7\u00e3o adulta at\u00e9 o final do ano.<\/p>\n<h2>Privatiza\u00e7\u00e3o da Eletrobras \u00e9 &#8220;esquisita&#8221;, diz especialista<\/h2>\n<p>Na noite do dia 19 de maio a C\u00e2mara aprovou a <strong>MP<\/strong> que prev\u00ea a desestatiza\u00e7\u00e3o da estatal do setor de energia, prevendo um modelo que, no fim das contas, amplia a <a class=\"suno-keyword\" href=\"https:\/\/www.suno.com.br\/artigos\/oferta-de-acoes\/\" target=\"_blank\" rel=\"noopener noreferrer\" data-force=\"no\" data-priority=\"1\">oferta de a\u00e7\u00f5es<\/a> na <a href=\"https:\/\/www.suno.com.br\/artigos\/b3\/\">Bolsa de Valores de S\u00e3o Paulo (B3)<\/a> e reduz a deten\u00e7\u00e3o da Uni\u00e3o em rela\u00e7\u00e3o aos pap\u00e9is.<\/p>\n<p>Contudo, o Estado ainda mant\u00e9m a <em><a class=\"suno-keyword\" href=\"https:\/\/www.suno.com.br\/artigos\/golden-share\/\" target=\"_blank\" rel=\"noopener noreferrer\" data-force=\"no\" data-priority=\"1\">golden share<\/a><\/em> &#8211; uma fatia de a\u00e7\u00f5es preferencial que garante que o governo brasileiro possua o poder de veto para quest\u00f5es estrat\u00e9gicas.<\/p>\n\t<p>\n\t\t<a href=\"https:\/\/lp.suno.com.br\/planilha-da-vida-financeira\/\" target=\"_blank\" data-element=\"shortcode-suno-banner\" title=\"Banner SUNO, clique e saiba mais\">\n\t\t\t<picture>\n\t\t\t\t<source media=\"(max-width: 500px)\" srcset=\"https:\/\/files.sunoresearch.com.br\/n\/uploads\/2023\/04\/400x300-Planilha-vida-financeira-true.png\">\n\t\t\t\t<img class=\"newsContent__article__imgCapa newsContent__article__imgCapa--banner\"\n\t\t\t\t\tsrc=\"https:\/\/files.sunoresearch.com.br\/n\/uploads\/2023\/04\/1420x240-Planilha-vida-financeira-true.png\"\n\t\t\t\t\tdata-promo-id=\"106682\"\t\t\t\t\t\t\t\t\t\twidth='1420' height='240'\t\t\t\t\talt=\"https:\/\/files.sunoresearch.com.br\/n\/uploads\/2023\/04\/1420x240-Planilha-vida-financeira-true.png\"\n\t\t\t\t>\n\t\t\t<\/picture>\n\t\t<\/a>\n\t<\/p>\n\n\n<p>Ainda assim, esse modelo n\u00e3o foi recebido com amplo aceite pelo mercado, recebendo algumas cr\u00edticas e an\u00e1lises negativas de especialistas.<\/p>\n<p>\u201c\u00c9 uma <strong>privatiza\u00e7\u00e3o<\/strong> esquisita\u201d, pontuou Rodrigo Leite, professor de Finan\u00e7as e Controle Gerencial do Coppead\/UFRJ. \u201cSui generis\u201d, acrescentou o docente, <a href=\"https:\/\/www.suno.com.br\/noticias\/privatizacao-eletrobras-elet3-nao-facil-senado\/\">em entrevista ao Suno Not\u00edcias<\/a>.<\/p>\n<h2>Desempenho das a\u00e7\u00f5es<\/h2>\n<p>No fechamento do preg\u00e3o desta ter\u00e7a-feira (8), <a href=\"https:\/\/www.suno.com.br\/artigos\/o-que-sao-acoes-ordinarias-preferenciais-e-units\/\">os pap\u00e9is da companhia apresentavam queda de 2,65%,<\/a> apesar da alta no acumulado mensal.<\/p>\n<p>Deste modo, os pap\u00e9is da <strong>Eletrobras<\/strong> apresentam pre\u00e7o de <a href=\"https:\/\/www.suno.com.br\/artigos\/acoes-ordinarias\/\">R$ 45,23 por a\u00e7\u00e3o ordin\u00e1ria<\/a>, com volatilidade estimulada pela discuss\u00e3o sobre a privatiza\u00e7\u00e3o.<\/p>\n<p><iframe loading=\"lazy\" title=\"YouTube video player\" src=\"https:\/\/www.youtube.com\/embed\/aoitcpNJdf0\" width=\"853\" height=\"480\" frameborder=\"0\" allowfullscreen=\"allowfullscreen\"><\/iframe><\/p>\n<p><strong><em>Com informa\u00e7\u00f5es da Ag\u00eancia Brasil<\/em><\/strong><\/p>\n\t<p>\n\t\t<a href=\"https:\/\/lp.suno.com.br\/planilha-de-controle-de-investimentos\/\" target=\"_blank\" data-element=\"shortcode-suno-banner\" title=\"Banner SUNO, clique e saiba mais\">\n\t\t\t<picture>\n\t\t\t\t<source media=\"(max-width: 500px)\" srcset=\"https:\/\/files.sunoresearch.com.br\/n\/uploads\/2023\/03\/400x300-Controle-de-Investimentos.png\">\n\t\t\t\t<img class=\"newsContent__article__imgCapa newsContent__article__imgCapa--banner\"\n\t\t\t\t\tsrc=\"https:\/\/files.sunoresearch.com.br\/n\/uploads\/2023\/03\/1420x240-Controle-de-Investimentos.png\"\n\t\t\t\t\tdata-promo-id=\"75934\"\t\t\t\t\t\t\t\t\t\twidth='1420' height='240'\t\t\t\t\talt=\"https:\/\/files.sunoresearch.com.br\/n\/uploads\/2023\/03\/1420x240-Controle-de-Investimentos.png\"\n\t\t\t\t>\n\t\t\t<\/picture>\n\t\t<\/a>\n\t<\/p>\n\n\n","protected":false},"excerpt":{"rendered":"<p>O senador Marcos Rog\u00e9rio (DEM-RO), relator da Medida Provis\u00f3ria (MP) da privatiza\u00e7\u00e3o da Eletrobras (ELET3), pretende entregar o seu parecer sobre o texto at\u00e9 o fim desta semana. A expectativa sobre a privatiza\u00e7\u00e3o tem gerado um impacto positivo sobre o papel, que acumula alta mensal de 19,66%, cotado a R$ 45. Vale lembrar que a [&hellip;]<\/p>\n","protected":false},"author":73,"featured_media":149921,"comment_status":"closed","ping_status":"closed","sticky":false,"template":"","format":"standard","meta":[],"categories":[64],"tags":[938,901,455,106081,2153,796],"suno_strategy":[],"class_list":["post-155502","post","type-post","status-publish","format-standard","has-post-thumbnail","hentry","category-negocios","tag-camara-dos-deputados","tag-congresso-nacional","tag-eletrobras-elet3-elet5-elet6","tag-energia","tag-energia-eletrica","tag-paulo-guedes"],"yoast_head":"<!-- This site is optimized with the Yoast SEO plugin v24.4 - https:\/\/yoast.com\/wordpress\/plugins\/seo\/ -->\n<title>Eletrobras (ELET3) sobe mais? Relator da MP dar\u00e1 parecer at\u00e9 sexta<\/title>\n<meta name=\"description\" content=\"O relator da MP da Eletrobras disse, ap\u00f3s encontro com Guedes, que o texto pode ser votado nesta quinta. Clique aqui e saiba mais.\" \/>\n<meta name=\"robots\" content=\"index, follow, max-snippet:-1, max-image-preview:large, max-video-preview:-1\" \/>\n<link rel=\"canonical\" href=\"https:\/\/www.suno.com.br\/noticias\/eletrobras-elet3-sobe-mais-relator-mp-parecer-sexta\/\" \/>\n<meta property=\"og:locale\" content=\"pt_BR\" \/>\n<meta property=\"og:type\" content=\"article\" \/>\n<meta property=\"og:title\" content=\"Eletrobras (ELET3) sobe mais? Relator da MP dar\u00e1 parecer at\u00e9 sexta\" \/>\n<meta property=\"og:description\" content=\"O relator da MP da Eletrobras disse, ap\u00f3s encontro com Guedes, que o texto pode ser votado nesta quinta. Clique aqui e saiba mais.\" \/>\n<meta property=\"og:url\" content=\"https:\/\/www.suno.com.br\/noticias\/eletrobras-elet3-sobe-mais-relator-mp-parecer-sexta\/\" \/>\n<meta property=\"og:site_name\" content=\"Suno Not\u00edcias\" \/>\n<meta property=\"article:publisher\" content=\"https:\/\/facebook.com\/sunoresearch\" \/>\n<meta property=\"og:image\" content=\"https:\/\/files.sunoresearch.com.br\/n\/uploads\/2021\/05\/77de2464-116018977_3069258553182251_5230620679520675942_n.jpg\" \/>\n\t<meta property=\"og:image:width\" content=\"1200\" \/>\n\t<meta property=\"og:image:height\" content=\"782\" \/>\n\t<meta property=\"og:image:type\" content=\"image\/jpeg\" \/>\n<meta name=\"author\" content=\"Eduardo Vargas\" \/>\n<meta name=\"twitter:card\" content=\"summary_large_image\" \/>\n<meta name=\"twitter:creator\" content=\"@sunoresearch\" \/>\n<meta name=\"twitter:site\" content=\"@sunoresearch\" \/>\n<meta name=\"twitter:label1\" content=\"Escrito por\" \/>\n\t<meta name=\"twitter:data1\" content=\"Eduardo Vargas\" \/>\n\t<meta name=\"twitter:label2\" content=\"Est. tempo de leitura\" \/>\n\t<meta name=\"twitter:data2\" content=\"4 minutos\" \/>\n<script type=\"application\/ld+json\" class=\"yoast-schema-graph\">{\"@context\":\"https:\/\/schema.org\",\"@graph\":[{\"@type\":\"NewsArticle\",\"@id\":\"https:\/\/www.suno.com.br\/noticias\/eletrobras-elet3-sobe-mais-relator-mp-parecer-sexta\/#article\",\"isPartOf\":{\"@id\":\"https:\/\/www.suno.com.br\/noticias\/eletrobras-elet3-sobe-mais-relator-mp-parecer-sexta\/\"},\"author\":{\"name\":\"Eduardo Vargas\",\"@id\":\"https:\/\/www.suno.com.br\/noticias\/#\/schema\/person\/7f4d362bf3518e76090143ae77bb49a5\"},\"headline\":\"Eletrobras (ELET3) vai subindo com expectativa de privatiza\u00e7\u00e3o; relator dar\u00e1 parecer at\u00e9 sexta\",\"datePublished\":\"2021-06-09T11:53:40+00:00\",\"dateModified\":\"2021-06-21T08:55:07+00:00\",\"mainEntityOfPage\":{\"@id\":\"https:\/\/www.suno.com.br\/noticias\/eletrobras-elet3-sobe-mais-relator-mp-parecer-sexta\/\"},\"wordCount\":753,\"publisher\":{\"@id\":\"https:\/\/www.suno.com.br\/noticias\/#organization\"},\"image\":{\"@id\":\"https:\/\/www.suno.com.br\/noticias\/eletrobras-elet3-sobe-mais-relator-mp-parecer-sexta\/#primaryimage\"},\"thumbnailUrl\":\"https:\/\/files.sunoresearch.com.br\/n\/uploads\/2021\/05\/77de2464-116018977_3069258553182251_5230620679520675942_n-jpg.webp\",\"keywords\":[\"C\u00e2mara dos Deputados\",\"Congresso Nacional\",\"Eletrobras (ELET3\/ELET5\/ELET6)\",\"energia\",\"energia el\u00e9trica\",\"Paulo Guedes\"],\"articleSection\":[\"Neg\u00f3cios\"],\"inLanguage\":\"pt-BR\"},{\"@type\":\"WebPage\",\"@id\":\"https:\/\/www.suno.com.br\/noticias\/eletrobras-elet3-sobe-mais-relator-mp-parecer-sexta\/\",\"url\":\"https:\/\/www.suno.com.br\/noticias\/eletrobras-elet3-sobe-mais-relator-mp-parecer-sexta\/\",\"name\":\"Eletrobras (ELET3) sobe mais? Relator da MP dar\u00e1 parecer at\u00e9 sexta\",\"isPartOf\":{\"@id\":\"https:\/\/www.suno.com.br\/noticias\/#website\"},\"primaryImageOfPage\":{\"@id\":\"https:\/\/www.suno.com.br\/noticias\/eletrobras-elet3-sobe-mais-relator-mp-parecer-sexta\/#primaryimage\"},\"image\":{\"@id\":\"https:\/\/www.suno.com.br\/noticias\/eletrobras-elet3-sobe-mais-relator-mp-parecer-sexta\/#primaryimage\"},\"thumbnailUrl\":\"https:\/\/files.sunoresearch.com.br\/n\/uploads\/2021\/05\/77de2464-116018977_3069258553182251_5230620679520675942_n-jpg.webp\",\"datePublished\":\"2021-06-09T11:53:40+00:00\",\"dateModified\":\"2021-06-21T08:55:07+00:00\",\"description\":\"O relator da MP da Eletrobras disse, ap\u00f3s encontro com Guedes, que o texto pode ser votado nesta quinta. Clique aqui e saiba mais.\",\"breadcrumb\":{\"@id\":\"https:\/\/www.suno.com.br\/noticias\/eletrobras-elet3-sobe-mais-relator-mp-parecer-sexta\/#breadcrumb\"},\"inLanguage\":\"pt-BR\",\"potentialAction\":[{\"@type\":\"ReadAction\",\"target\":[\"https:\/\/www.suno.com.br\/noticias\/eletrobras-elet3-sobe-mais-relator-mp-parecer-sexta\/\"]}]},{\"@type\":\"ImageObject\",\"inLanguage\":\"pt-BR\",\"@id\":\"https:\/\/www.suno.com.br\/noticias\/eletrobras-elet3-sobe-mais-relator-mp-parecer-sexta\/#primaryimage\",\"url\":\"https:\/\/files.sunoresearch.com.br\/n\/uploads\/2021\/05\/77de2464-116018977_3069258553182251_5230620679520675942_n-jpg.webp\",\"contentUrl\":\"https:\/\/files.sunoresearch.com.br\/n\/uploads\/2021\/05\/77de2464-116018977_3069258553182251_5230620679520675942_n-jpg.webp\",\"width\":1200,\"height\":782,\"caption\":\"Eletrobras. Foto: Reprodu\u00e7\u00e3o Facebook\"},{\"@type\":\"BreadcrumbList\",\"@id\":\"https:\/\/www.suno.com.br\/noticias\/eletrobras-elet3-sobe-mais-relator-mp-parecer-sexta\/#breadcrumb\",\"itemListElement\":[{\"@type\":\"ListItem\",\"position\":1,\"name\":\"Not\u00edcias\",\"item\":\"https:\/\/www.suno.com.br\/noticias\/\"},{\"@type\":\"ListItem\",\"position\":2,\"name\":\"Neg\u00f3cios\",\"item\":\"https:\/\/www.suno.com.br\/noticias\/negocios\/\"},{\"@type\":\"ListItem\",\"position\":3,\"name\":\"Eletrobras (ELET3) vai subindo com expectativa de privatiza\u00e7\u00e3o; relator dar\u00e1 parecer at\u00e9 sexta\"}]},{\"@type\":\"WebSite\",\"@id\":\"https:\/\/www.suno.com.br\/noticias\/#website\",\"url\":\"https:\/\/www.suno.com.br\/noticias\/\",\"name\":\"Suno Not\u00edcias\",\"description\":\"Seu portal de informa\u00e7\u00e3o sobre o mundo dos investimentos\",\"publisher\":{\"@id\":\"https:\/\/www.suno.com.br\/noticias\/#organization\"},\"potentialAction\":[{\"@type\":\"SearchAction\",\"target\":{\"@type\":\"EntryPoint\",\"urlTemplate\":\"https:\/\/www.suno.com.br\/noticias\/?s={search_term_string}\"},\"query-input\":{\"@type\":\"PropertyValueSpecification\",\"valueRequired\":true,\"valueName\":\"search_term_string\"}}],\"inLanguage\":\"pt-BR\"},{\"@type\":\"Organization\",\"@id\":\"https:\/\/www.suno.com.br\/noticias\/#organization\",\"name\":\"Suno Not\u00edcias\",\"url\":\"https:\/\/www.suno.com.br\/noticias\/\",\"logo\":{\"@type\":\"ImageObject\",\"inLanguage\":\"pt-BR\",\"@id\":\"https:\/\/www.suno.com.br\/noticias\/#\/schema\/logo\/image\/\",\"url\":\"https:\/\/files.sunoresearch.com.br\/n\/uploads\/2021\/09\/suno-logo.png\",\"contentUrl\":\"https:\/\/files.sunoresearch.com.br\/n\/uploads\/2021\/09\/suno-logo.png\",\"width\":180,\"height\":180,\"caption\":\"Suno Not\u00edcias\"},\"image\":{\"@id\":\"https:\/\/www.suno.com.br\/noticias\/#\/schema\/logo\/image\/\"},\"sameAs\":[\"https:\/\/facebook.com\/sunoresearch\",\"https:\/\/x.com\/sunoresearch\",\"https:\/\/www.instagram.com\/suno\",\"https:\/\/www.linkedin.com\/company\/suno-research\/\",\"https:\/\/www.youtube.com\/c\/sunoresearch\"]},{\"@type\":\"Person\",\"@id\":\"https:\/\/www.suno.com.br\/noticias\/#\/schema\/person\/7f4d362bf3518e76090143ae77bb49a5\",\"name\":\"Eduardo Vargas\",\"image\":{\"@type\":\"ImageObject\",\"inLanguage\":\"pt-BR\",\"@id\":\"https:\/\/www.suno.com.br\/noticias\/#\/schema\/person\/image\/\",\"url\":\"https:\/\/secure.gravatar.com\/avatar\/dac340933427a22924c9f99d1eb2e3f2?s=96&r=g\",\"contentUrl\":\"https:\/\/secure.gravatar.com\/avatar\/dac340933427a22924c9f99d1eb2e3f2?s=96&r=g\",\"caption\":\"Eduardo Vargas\"},\"description\":\"Jornalista formado pela UFSC, cobre macroeconomia, neg\u00f3cios e startups para o Suno Not\u00edcias, escrevendo principalmente not\u00edcias sobre o mercado financeiro e a bolsa de valores. No YouTube e no Instagram, \u00e9 respons\u00e1vel pela produ\u00e7\u00e3o de Reels e Shorts do Suno Not\u00edcias. Anteriormente, trabalhou cobrindo economia e cotidiano no ND+ e para o ND, maior jornal impresso de Santa Catarina. Cursou um semestre letivo de Estudos de M\u00eddia na Universidad de Buenos Aires.\",\"url\":\"https:\/\/www.suno.com.br\/noticias\/author\/eduardo-vargas\/\"}]}<\/script>\n<!-- \/ Yoast SEO plugin. -->","yoast_head_json":{"title":"Eletrobras (ELET3) sobe mais? Relator da MP dar\u00e1 parecer at\u00e9 sexta","description":"O relator da MP da Eletrobras disse, ap\u00f3s encontro com Guedes, que o texto pode ser votado nesta quinta. Clique aqui e saiba mais.","robots":{"index":"index","follow":"follow","max-snippet":"max-snippet:-1","max-image-preview":"max-image-preview:large","max-video-preview":"max-video-preview:-1"},"canonical":"https:\/\/www.suno.com.br\/noticias\/eletrobras-elet3-sobe-mais-relator-mp-parecer-sexta\/","og_locale":"pt_BR","og_type":"article","og_title":"Eletrobras (ELET3) sobe mais? Relator da MP dar\u00e1 parecer at\u00e9 sexta","og_description":"O relator da MP da Eletrobras disse, ap\u00f3s encontro com Guedes, que o texto pode ser votado nesta quinta. Clique aqui e saiba mais.","og_url":"https:\/\/www.suno.com.br\/noticias\/eletrobras-elet3-sobe-mais-relator-mp-parecer-sexta\/","og_site_name":"Suno Not\u00edcias","article_publisher":"https:\/\/facebook.com\/sunoresearch","og_image":[{"width":1200,"height":782,"url":"https:\/\/files.sunoresearch.com.br\/n\/uploads\/2021\/05\/77de2464-116018977_3069258553182251_5230620679520675942_n.jpg","type":"image\/jpeg"}],"author":"Eduardo Vargas","twitter_card":"summary_large_image","twitter_creator":"@sunoresearch","twitter_site":"@sunoresearch","twitter_misc":{"Escrito por":"Eduardo Vargas","Est. tempo de leitura":"4 minutos"},"schema":{"@context":"https:\/\/schema.org","@graph":[{"@type":"NewsArticle","@id":"https:\/\/www.suno.com.br\/noticias\/eletrobras-elet3-sobe-mais-relator-mp-parecer-sexta\/#article","isPartOf":{"@id":"https:\/\/www.suno.com.br\/noticias\/eletrobras-elet3-sobe-mais-relator-mp-parecer-sexta\/"},"author":{"name":"Eduardo Vargas","@id":"https:\/\/www.suno.com.br\/noticias\/#\/schema\/person\/7f4d362bf3518e76090143ae77bb49a5"},"headline":"Eletrobras (ELET3) vai subindo com expectativa de privatiza\u00e7\u00e3o; relator dar\u00e1 parecer at\u00e9 sexta","datePublished":"2021-06-09T11:53:40+00:00","dateModified":"2021-06-21T08:55:07+00:00","mainEntityOfPage":{"@id":"https:\/\/www.suno.com.br\/noticias\/eletrobras-elet3-sobe-mais-relator-mp-parecer-sexta\/"},"wordCount":753,"publisher":{"@id":"https:\/\/www.suno.com.br\/noticias\/#organization"},"image":{"@id":"https:\/\/www.suno.com.br\/noticias\/eletrobras-elet3-sobe-mais-relator-mp-parecer-sexta\/#primaryimage"},"thumbnailUrl":"https:\/\/files.sunoresearch.com.br\/n\/uploads\/2021\/05\/77de2464-116018977_3069258553182251_5230620679520675942_n-jpg.webp","keywords":["C\u00e2mara dos Deputados","Congresso Nacional","Eletrobras (ELET3\/ELET5\/ELET6)","energia","energia el\u00e9trica","Paulo Guedes"],"articleSection":["Neg\u00f3cios"],"inLanguage":"pt-BR"},{"@type":"WebPage","@id":"https:\/\/www.suno.com.br\/noticias\/eletrobras-elet3-sobe-mais-relator-mp-parecer-sexta\/","url":"https:\/\/www.suno.com.br\/noticias\/eletrobras-elet3-sobe-mais-relator-mp-parecer-sexta\/","name":"Eletrobras (ELET3) sobe mais? Relator da MP dar\u00e1 parecer at\u00e9 sexta","isPartOf":{"@id":"https:\/\/www.suno.com.br\/noticias\/#website"},"primaryImageOfPage":{"@id":"https:\/\/www.suno.com.br\/noticias\/eletrobras-elet3-sobe-mais-relator-mp-parecer-sexta\/#primaryimage"},"image":{"@id":"https:\/\/www.suno.com.br\/noticias\/eletrobras-elet3-sobe-mais-relator-mp-parecer-sexta\/#primaryimage"},"thumbnailUrl":"https:\/\/files.sunoresearch.com.br\/n\/uploads\/2021\/05\/77de2464-116018977_3069258553182251_5230620679520675942_n-jpg.webp","datePublished":"2021-06-09T11:53:40+00:00","dateModified":"2021-06-21T08:55:07+00:00","description":"O relator da MP da Eletrobras disse, ap\u00f3s encontro com Guedes, que o texto pode ser votado nesta quinta. Clique aqui e saiba mais.","breadcrumb":{"@id":"https:\/\/www.suno.com.br\/noticias\/eletrobras-elet3-sobe-mais-relator-mp-parecer-sexta\/#breadcrumb"},"inLanguage":"pt-BR","potentialAction":[{"@type":"ReadAction","target":["https:\/\/www.suno.com.br\/noticias\/eletrobras-elet3-sobe-mais-relator-mp-parecer-sexta\/"]}]},{"@type":"ImageObject","inLanguage":"pt-BR","@id":"https:\/\/www.suno.com.br\/noticias\/eletrobras-elet3-sobe-mais-relator-mp-parecer-sexta\/#primaryimage","url":"https:\/\/files.sunoresearch.com.br\/n\/uploads\/2021\/05\/77de2464-116018977_3069258553182251_5230620679520675942_n-jpg.webp","contentUrl":"https:\/\/files.sunoresearch.com.br\/n\/uploads\/2021\/05\/77de2464-116018977_3069258553182251_5230620679520675942_n-jpg.webp","width":1200,"height":782,"caption":"Eletrobras. Foto: Reprodu\u00e7\u00e3o Facebook"},{"@type":"BreadcrumbList","@id":"https:\/\/www.suno.com.br\/noticias\/eletrobras-elet3-sobe-mais-relator-mp-parecer-sexta\/#breadcrumb","itemListElement":[{"@type":"ListItem","position":1,"name":"Not\u00edcias","item":"https:\/\/www.suno.com.br\/noticias\/"},{"@type":"ListItem","position":2,"name":"Neg\u00f3cios","item":"https:\/\/www.suno.com.br\/noticias\/negocios\/"},{"@type":"ListItem","position":3,"name":"Eletrobras (ELET3) vai subindo com expectativa de privatiza\u00e7\u00e3o; relator dar\u00e1 parecer at\u00e9 sexta"}]},{"@type":"WebSite","@id":"https:\/\/www.suno.com.br\/noticias\/#website","url":"https:\/\/www.suno.com.br\/noticias\/","name":"Suno Not\u00edcias","description":"Seu portal de informa\u00e7\u00e3o sobre o mundo dos investimentos","publisher":{"@id":"https:\/\/www.suno.com.br\/noticias\/#organization"},"potentialAction":[{"@type":"SearchAction","target":{"@type":"EntryPoint","urlTemplate":"https:\/\/www.suno.com.br\/noticias\/?s={search_term_string}"},"query-input":{"@type":"PropertyValueSpecification","valueRequired":true,"valueName":"search_term_string"}}],"inLanguage":"pt-BR"},{"@type":"Organization","@id":"https:\/\/www.suno.com.br\/noticias\/#organization","name":"Suno Not\u00edcias","url":"https:\/\/www.suno.com.br\/noticias\/","logo":{"@type":"ImageObject","inLanguage":"pt-BR","@id":"https:\/\/www.suno.com.br\/noticias\/#\/schema\/logo\/image\/","url":"https:\/\/files.sunoresearch.com.br\/n\/uploads\/2021\/09\/suno-logo.png","contentUrl":"https:\/\/files.sunoresearch.com.br\/n\/uploads\/2021\/09\/suno-logo.png","width":180,"height":180,"caption":"Suno Not\u00edcias"},"image":{"@id":"https:\/\/www.suno.com.br\/noticias\/#\/schema\/logo\/image\/"},"sameAs":["https:\/\/facebook.com\/sunoresearch","https:\/\/x.com\/sunoresearch","https:\/\/www.instagram.com\/suno","https:\/\/www.linkedin.com\/company\/suno-research\/","https:\/\/www.youtube.com\/c\/sunoresearch"]},{"@type":"Person","@id":"https:\/\/www.suno.com.br\/noticias\/#\/schema\/person\/7f4d362bf3518e76090143ae77bb49a5","name":"Eduardo Vargas","image":{"@type":"ImageObject","inLanguage":"pt-BR","@id":"https:\/\/www.suno.com.br\/noticias\/#\/schema\/person\/image\/","url":"https:\/\/secure.gravatar.com\/avatar\/dac340933427a22924c9f99d1eb2e3f2?s=96&r=g","contentUrl":"https:\/\/secure.gravatar.com\/avatar\/dac340933427a22924c9f99d1eb2e3f2?s=96&r=g","caption":"Eduardo Vargas"},"description":"Jornalista formado pela UFSC, cobre macroeconomia, neg\u00f3cios e startups para o Suno Not\u00edcias, escrevendo principalmente not\u00edcias sobre o mercado financeiro e a bolsa de valores. No YouTube e no Instagram, \u00e9 respons\u00e1vel pela produ\u00e7\u00e3o de Reels e Shorts do Suno Not\u00edcias. Anteriormente, trabalhou cobrindo economia e cotidiano no ND+ e para o ND, maior jornal impresso de Santa Catarina. Cursou um semestre letivo de Estudos de M\u00eddia na Universidad de Buenos Aires.","url":"https:\/\/www.suno.com.br\/noticias\/author\/eduardo-vargas\/"}]}},"default_loop_html":"<div class=\"cardsPage__listCard__boxs\"><div class=\"cardsPage__listCard__boxs__img\"><a href=\"https:\/\/www.suno.com.br\/noticias\/mudancas-mp-eletrobras-elet3-encarecer-contas\/\"><img class=\"mask\" src=\"https:\/\/www.suno.com.br\/noticias\/wp-content\/themes\/suno\/resources\/images\/spotlight\/spotlight1img\/bg-mask.png\" alt=\"Image Mask\"\/><img src=\"https:\/\/files.sunoresearch.com.br\/n\/uploads\/2021\/05\/77de2464-116018977_3069258553182251_5230620679520675942_n-400x200.webp\" alt=\"Associa\u00e7\u00f5es questionam mudan\u00e7as na MP da Eletrobras (ELET3) que podem encarecer contas\"\/><\/a><span class=\"spotlightCategory\"><a href=\"https:\/\/www.suno.com.br\/noticias\/negocios\/\">Neg\u00f3cios<\/a><\/span><\/div><div class=\"cardsPage__listCard__boxs__content\"><a href=\"https:\/\/www.suno.com.br\/noticias\/mudancas-mp-eletrobras-elet3-encarecer-contas\/\"><h2 class=\"content__title\">Associa\u00e7\u00f5es questionam mudan\u00e7as na MP da Eletrobras (ELET3) que podem encarecer contas<\/h2><\/a><div class=\"newsContent__article__meta\"><div class=\"newsContent__article__meta__authorBox\"><a href=\"https:\/\/www.suno.com.br\/noticias\/author\/rafaela-la-regina\/\" class=\"authorBox__avatar noMobi\"><img src=\"https:\/\/secure.gravatar.com\/avatar\/d2c75a52d243deb93d0465fdcb21bd37?s=96&#038;r=g\" alt=\"Rafaela La Regina\"><\/a><div class=\"authorBox__name\"><span>por\n\t\t\t<a href=\"https:\/\/www.suno.com.br\/noticias\/author\/rafaela-la-regina\/\"><span itemprop=\"author\">Rafaela La Regina<\/span><\/a><\/span><time datetime=\"2021-06-02T15:50:46-03:00\" itemprop=\"datePublished\">02\/06\/2021 15:50<\/time><\/div><\/div><\/div><\/div><\/div>","single_layout":"posts","amp_enabled":true,"_links":{"self":[{"href":"https:\/\/www.suno.com.br\/noticias\/wp-json\/wp\/v2\/posts\/155502"}],"collection":[{"href":"https:\/\/www.suno.com.br\/noticias\/wp-json\/wp\/v2\/posts"}],"about":[{"href":"https:\/\/www.suno.com.br\/noticias\/wp-json\/wp\/v2\/types\/post"}],"author":[{"embeddable":true,"href":"https:\/\/www.suno.com.br\/noticias\/wp-json\/wp\/v2\/users\/73"}],"replies":[{"embeddable":true,"href":"https:\/\/www.suno.com.br\/noticias\/wp-json\/wp\/v2\/comments?post=155502"}],"version-history":[{"count":3,"href":"https:\/\/www.suno.com.br\/noticias\/wp-json\/wp\/v2\/posts\/155502\/revisions"}],"predecessor-version":[{"id":155517,"href":"https:\/\/www.suno.com.br\/noticias\/wp-json\/wp\/v2\/posts\/155502\/revisions\/155517"}],"wp:featuredmedia":[{"embeddable":true,"href":"https:\/\/www.suno.com.br\/noticias\/wp-json\/wp\/v2\/media\/149921"}],"wp:attachment":[{"href":"https:\/\/www.suno.com.br\/noticias\/wp-json\/wp\/v2\/media?parent=155502"}],"wp:term":[{"taxonomy":"category","embeddable":true,"href":"https:\/\/www.suno.com.br\/noticias\/wp-json\/wp\/v2\/categories?post=155502"},{"taxonomy":"post_tag","embeddable":true,"href":"https:\/\/www.suno.com.br\/noticias\/wp-json\/wp\/v2\/tags?post=155502"},{"taxonomy":"suno_strategy","embeddable":true,"href":"https:\/\/www.suno.com.br\/noticias\/wp-json\/wp\/v2\/suno_strategy?post=155502"}],"curies":[{"name":"wp","href":"https:\/\/api.w.org\/{rel}","templated":true}]}}