{"id":15550,"date":"2019-02-15T20:43:28","date_gmt":"2019-02-15T22:43:28","guid":{"rendered":"https:\/\/www.suno.com.br\/noticias\/?p=15550"},"modified":"2019-02-15T20:43:28","modified_gmt":"2019-02-15T22:43:28","slug":"governo-desiste-suspender-reajuste","status":"publish","type":"post","link":"https:\/\/www.suno.com.br\/noticias\/governo-desiste-suspender-reajuste\/","title":{"rendered":"Governo desiste de suspender reajuste e ter\u00e1 gasto extra de R$ 4,7 bi"},"content":{"rendered":"<p>O governo n\u00e3o vai mais tentar suspender o reajuste salarial de servidores p\u00fablicos. Com isso, a Uni\u00e3o vai ter um gasto extra de R$ 4,7 bilh\u00f5es em 2019.<\/p>\t<div class=\"wrapper-featured-image\">\n\t\t<figure class=\"spotlightImg\">\n\n\t\t\t<picture>\n\t\t\t\t<source media=\"(max-width: 768px)\" srcset=\"https:\/\/files.sunoresearch.com.br\/n\/uploads\/2019\/02\/49a3d20e-pib-400x200.webp\">\n\t\t\t\t<img loading=\"lazy\" decoding=\"async\" class=\"newsContent__article__imgCapa lazyloadDisabled newsContent__article__imgCapa--noCaption\" src=\"https:\/\/files.sunoresearch.com.br\/n\/uploads\/2019\/02\/49a3d20e-pib-800x450.webp\" width=\"800\" height=\"450\" alt=\"Governo desiste de suspender reajuste e ter\u00e1 gasto extra de R$ 4,7 bi\" fetchpriority=high \/>\n\t\t\t<\/picture>\n\n\t\t\t<figcaption class=\"wp-caption-text wp-caption-text--hide\">A primeira pr\u00e9via do Indicador de Atividade Econ\u00f4mica (IAE) mostrou contra\u00e7\u00e3o de 11,2% no PIB<\/figcaption>\n\t\t<\/figure>\n\t<\/div>\n\n\n<p>A <strong>medida provis\u00f3ria (MP)<\/strong> relacionada ao <strong>reajuste salarial<\/strong> n\u00e3o foi votada no <strong>Congresso<\/strong> e, com isso, <strong>perdeu\u00a0a validade<\/strong> na \u00faltima semana. Integrantes do governo ouvidos pela Folha de S.Paulo disseram n\u00e3o ter mais como <strong>reverter<\/strong> o <strong>aumento de sal\u00e1rio<\/strong> <strong>dos servidores p\u00fablicos<\/strong>.<\/p>\n<p><a href=\"https:\/\/www.suno.com.br\/noticias\/mercado-finaneiro-reduz-previsao-deficit\/\">Saiba mais: Mercado financeiro reduz previs\u00e3o de d\u00e9ficit nas contas p\u00fablicas em 2019<\/a><\/p>\n<p>A <strong>proposta<\/strong> havia sido apresentada pelo ent\u00e3o presidente <strong>Michel Temer<\/strong> no ano passado. O texto visava <strong>aliviar as contas p\u00fablicas<\/strong>, jogando para 2019 o pagamento da <strong>parcela<\/strong> de <strong>reajustes<\/strong> concedidos em 2015 e 2016 para <strong>servidores<\/strong> <strong>do governo<\/strong>. Assim, haveria uma pequena redu\u00e7\u00e3o no <strong>rombo fiscal,<\/strong> cuja previs\u00e3o para este ano \u00e9 de R$ 139 bilh\u00f5es. A <strong>MP<\/strong> foi editada em setembro, mas n\u00e3o chegou a ser votada no plen\u00e1rio do <strong>Congresso.<\/strong><\/p>\n<p>O ministro <strong>Ricardo Lewandowski,<\/strong> do <strong><a href=\"http:\/\/www.stf.jus.br\/\">Supremo Tribunal Federal (STF)<\/a><\/strong>, j\u00e1 havia suspendido a <strong>medida.<\/strong> Isso obrigou o governo a incluir o <strong>aumento salarial<\/strong> na folha de janeiro. Assim, 209 mil <strong>servidores<\/strong> ativos e 163 mil inativos ter\u00e3o o <strong>reajuste<\/strong> assegurado. Outros 124 mil cargos comissionados e gratifica\u00e7\u00f5es ser\u00e3o beneficiados.<\/p>\n<p><a href=\"https:\/\/www.suno.com.br\/noticias\/agronegocio-mira-tributacao-estadual\/\">Saiba mais: Motor da economia, agroneg\u00f3cio entra na mira da tributa\u00e7\u00e3o estadual<\/a><\/p>\n<p>O secret\u00e1rio especial adjunto de <a href=\"http:\/\/www.fazenda.gov.br\/\">Desburocratiza\u00e7\u00e3o, Gest\u00e3o e Governo Digital<\/a>, <strong><a href=\"https:\/\/www.suno.com.br\/artigos\/ministerio-da-fazenda\/\">Gleisson Rubin<\/a>,<\/strong> disse que n\u00e3o h\u00e1 como o governo fazer novas tentativas de <strong>suspender<\/strong> o <strong>reajuste.<\/strong> Em entrevista ao jornal, ele disse que s\u00f3 seria poss\u00edvel reverter o quadro por meio de uma <strong>suspens\u00e3o<\/strong> do <strong>aumento<\/strong> &#8211; mas a legisla\u00e7\u00e3o, nesse caso, n\u00e3o permite essa op\u00e7\u00e3o. A <strong>Lei de Responsabilidade Fiscal (LRF)<\/strong> s\u00f3 autoriza a suspens\u00e3o de <strong>reajuste salarial<\/strong> se os <strong>gastos<\/strong> do Executivo com pessoal passarem do teto de\u00a0 37,9% da <strong>Receita Corrente L\u00edquida<\/strong> &#8211; que se encontra em 27,8% atualmente.<\/p>\n","protected":false},"excerpt":{"rendered":"<p>O governo n\u00e3o vai mais tentar suspender o reajuste salarial de servidores p\u00fablicos. Com isso, a Uni\u00e3o vai ter um gasto extra de R$ 4,7 bilh\u00f5es em 2019. A primeira pr\u00e9via do Indicador de Atividade Econ\u00f4mica (IAE) mostrou contra\u00e7\u00e3o de 11,2% no PIB A medida provis\u00f3ria (MP) relacionada ao reajuste salarial n\u00e3o foi votada no [&hellip;]<\/p>\n","protected":false},"author":13,"featured_media":15528,"comment_status":"closed","ping_status":"closed","sticky":false,"template":"","format":"standard","meta":[],"categories":[62],"tags":[1128],"suno_strategy":[],"class_list":["post-15550","post","type-post","status-publish","format-standard","has-post-thumbnail","hentry","category-economia","tag-orcamento-publico"],"yoast_head":"<!-- This site is optimized with the Yoast SEO plugin v24.4 - https:\/\/yoast.com\/wordpress\/plugins\/seo\/ -->\n<title>Governo desiste de suspender reajuste e ter\u00e1 gasto extra de R$ 4,7 bi<\/title>\n<meta name=\"description\" content=\"O governo n\u00e3o tentar\u00e1 suspender o reajuste salarial de servidores p\u00fablicos, cujo custo ser\u00e1 de R$ 4,7 bilh\u00f5es em 2019. Clique e saiba mais\" \/>\n<meta name=\"robots\" content=\"index, follow, max-snippet:-1, max-image-preview:large, max-video-preview:-1\" \/>\n<link rel=\"canonical\" href=\"https:\/\/www.suno.com.br\/noticias\/governo-desiste-suspender-reajuste\/\" \/>\n<meta property=\"og:locale\" content=\"pt_BR\" \/>\n<meta property=\"og:type\" content=\"article\" \/>\n<meta property=\"og:title\" content=\"Governo desiste de suspender reajuste e ter\u00e1 gasto extra de R$ 4,7 bi\" \/>\n<meta property=\"og:description\" content=\"O governo n\u00e3o tentar\u00e1 suspender o reajuste salarial de servidores p\u00fablicos, cujo custo ser\u00e1 de R$ 4,7 bilh\u00f5es em 2019. Clique e saiba mais\" \/>\n<meta property=\"og:url\" content=\"https:\/\/www.suno.com.br\/noticias\/governo-desiste-suspender-reajuste\/\" \/>\n<meta property=\"og:site_name\" content=\"Suno Not\u00edcias\" \/>\n<meta property=\"article:publisher\" content=\"https:\/\/facebook.com\/sunoresearch\" \/>\n<meta property=\"og:image\" content=\"https:\/\/files.sunoresearch.com.br\/n\/uploads\/2019\/02\/49a3d20e-pib.jpg\" \/>\n\t<meta property=\"og:image:width\" content=\"850\" \/>\n\t<meta property=\"og:image:height\" content=\"566\" \/>\n\t<meta property=\"og:image:type\" content=\"image\/jpeg\" \/>\n<meta name=\"author\" content=\"Guilherme Caetano\" \/>\n<meta name=\"twitter:card\" content=\"summary_large_image\" \/>\n<meta name=\"twitter:creator\" content=\"@sunoresearch\" \/>\n<meta name=\"twitter:site\" content=\"@sunoresearch\" \/>\n<meta name=\"twitter:label1\" content=\"Escrito por\" \/>\n\t<meta name=\"twitter:data1\" content=\"Guilherme Caetano\" \/>\n\t<meta name=\"twitter:label2\" content=\"Est. tempo de leitura\" \/>\n\t<meta name=\"twitter:data2\" content=\"2 minutos\" \/>\n<script type=\"application\/ld+json\" class=\"yoast-schema-graph\">{\"@context\":\"https:\/\/schema.org\",\"@graph\":[{\"@type\":\"NewsArticle\",\"@id\":\"https:\/\/www.suno.com.br\/noticias\/governo-desiste-suspender-reajuste\/#article\",\"isPartOf\":{\"@id\":\"https:\/\/www.suno.com.br\/noticias\/governo-desiste-suspender-reajuste\/\"},\"author\":{\"name\":\"Guilherme Caetano\",\"@id\":\"https:\/\/www.suno.com.br\/noticias\/#\/schema\/person\/0d0c9687cd2f600c564f25980c140de9\"},\"headline\":\"Governo desiste de suspender reajuste e ter\u00e1 gasto extra de R$ 4,7 bi\",\"datePublished\":\"2019-02-15T22:43:28+00:00\",\"mainEntityOfPage\":{\"@id\":\"https:\/\/www.suno.com.br\/noticias\/governo-desiste-suspender-reajuste\/\"},\"wordCount\":344,\"publisher\":{\"@id\":\"https:\/\/www.suno.com.br\/noticias\/#organization\"},\"image\":{\"@id\":\"https:\/\/www.suno.com.br\/noticias\/governo-desiste-suspender-reajuste\/#primaryimage\"},\"thumbnailUrl\":\"https:\/\/files.sunoresearch.com.br\/n\/uploads\/2019\/02\/49a3d20e-pib-jpg.webp\",\"keywords\":[\"Or\u00e7amento P\u00fablico\"],\"articleSection\":[\"Economia\"],\"inLanguage\":\"pt-BR\"},{\"@type\":\"WebPage\",\"@id\":\"https:\/\/www.suno.com.br\/noticias\/governo-desiste-suspender-reajuste\/\",\"url\":\"https:\/\/www.suno.com.br\/noticias\/governo-desiste-suspender-reajuste\/\",\"name\":\"Governo desiste de suspender reajuste e ter\u00e1 gasto extra de R$ 4,7 bi\",\"isPartOf\":{\"@id\":\"https:\/\/www.suno.com.br\/noticias\/#website\"},\"primaryImageOfPage\":{\"@id\":\"https:\/\/www.suno.com.br\/noticias\/governo-desiste-suspender-reajuste\/#primaryimage\"},\"image\":{\"@id\":\"https:\/\/www.suno.com.br\/noticias\/governo-desiste-suspender-reajuste\/#primaryimage\"},\"thumbnailUrl\":\"https:\/\/files.sunoresearch.com.br\/n\/uploads\/2019\/02\/49a3d20e-pib-jpg.webp\",\"datePublished\":\"2019-02-15T22:43:28+00:00\",\"description\":\"O governo n\u00e3o tentar\u00e1 suspender o reajuste salarial de servidores p\u00fablicos, cujo custo ser\u00e1 de R$ 4,7 bilh\u00f5es em 2019. Clique e saiba mais\",\"breadcrumb\":{\"@id\":\"https:\/\/www.suno.com.br\/noticias\/governo-desiste-suspender-reajuste\/#breadcrumb\"},\"inLanguage\":\"pt-BR\",\"potentialAction\":[{\"@type\":\"ReadAction\",\"target\":[\"https:\/\/www.suno.com.br\/noticias\/governo-desiste-suspender-reajuste\/\"]}]},{\"@type\":\"ImageObject\",\"inLanguage\":\"pt-BR\",\"@id\":\"https:\/\/www.suno.com.br\/noticias\/governo-desiste-suspender-reajuste\/#primaryimage\",\"url\":\"https:\/\/files.sunoresearch.com.br\/n\/uploads\/2019\/02\/49a3d20e-pib-jpg.webp\",\"contentUrl\":\"https:\/\/files.sunoresearch.com.br\/n\/uploads\/2019\/02\/49a3d20e-pib-jpg.webp\",\"width\":850,\"height\":566,\"caption\":\"A primeira pr\u00e9via do Indicador de Atividade Econ\u00f4mica (IAE) mostrou contra\u00e7\u00e3o de 11,2% no PIB\"},{\"@type\":\"BreadcrumbList\",\"@id\":\"https:\/\/www.suno.com.br\/noticias\/governo-desiste-suspender-reajuste\/#breadcrumb\",\"itemListElement\":[{\"@type\":\"ListItem\",\"position\":1,\"name\":\"Not\u00edcias\",\"item\":\"https:\/\/www.suno.com.br\/noticias\/\"},{\"@type\":\"ListItem\",\"position\":2,\"name\":\"Economia\",\"item\":\"https:\/\/www.suno.com.br\/noticias\/economia\/\"},{\"@type\":\"ListItem\",\"position\":3,\"name\":\"Governo desiste de suspender reajuste e ter\u00e1 gasto extra de R$ 4,7 bi\"}]},{\"@type\":\"WebSite\",\"@id\":\"https:\/\/www.suno.com.br\/noticias\/#website\",\"url\":\"https:\/\/www.suno.com.br\/noticias\/\",\"name\":\"Suno Not\u00edcias\",\"description\":\"Seu portal de informa\u00e7\u00e3o sobre o mundo dos investimentos\",\"publisher\":{\"@id\":\"https:\/\/www.suno.com.br\/noticias\/#organization\"},\"potentialAction\":[{\"@type\":\"SearchAction\",\"target\":{\"@type\":\"EntryPoint\",\"urlTemplate\":\"https:\/\/www.suno.com.br\/noticias\/?s={search_term_string}\"},\"query-input\":{\"@type\":\"PropertyValueSpecification\",\"valueRequired\":true,\"valueName\":\"search_term_string\"}}],\"inLanguage\":\"pt-BR\"},{\"@type\":\"Organization\",\"@id\":\"https:\/\/www.suno.com.br\/noticias\/#organization\",\"name\":\"Suno Not\u00edcias\",\"url\":\"https:\/\/www.suno.com.br\/noticias\/\",\"logo\":{\"@type\":\"ImageObject\",\"inLanguage\":\"pt-BR\",\"@id\":\"https:\/\/www.suno.com.br\/noticias\/#\/schema\/logo\/image\/\",\"url\":\"https:\/\/files.sunoresearch.com.br\/n\/uploads\/2021\/09\/suno-logo.png\",\"contentUrl\":\"https:\/\/files.sunoresearch.com.br\/n\/uploads\/2021\/09\/suno-logo.png\",\"width\":180,\"height\":180,\"caption\":\"Suno Not\u00edcias\"},\"image\":{\"@id\":\"https:\/\/www.suno.com.br\/noticias\/#\/schema\/logo\/image\/\"},\"sameAs\":[\"https:\/\/facebook.com\/sunoresearch\",\"https:\/\/x.com\/sunoresearch\",\"https:\/\/www.instagram.com\/suno\",\"https:\/\/www.linkedin.com\/company\/suno-research\/\",\"https:\/\/www.youtube.com\/c\/sunoresearch\"]},{\"@type\":\"Person\",\"@id\":\"https:\/\/www.suno.com.br\/noticias\/#\/schema\/person\/0d0c9687cd2f600c564f25980c140de9\",\"name\":\"Guilherme Caetano\",\"image\":{\"@type\":\"ImageObject\",\"inLanguage\":\"pt-BR\",\"@id\":\"https:\/\/www.suno.com.br\/noticias\/#\/schema\/person\/image\/\",\"url\":\"https:\/\/secure.gravatar.com\/avatar\/e48357351a01702a0d19307070e081bf?s=96&r=g\",\"contentUrl\":\"https:\/\/secure.gravatar.com\/avatar\/e48357351a01702a0d19307070e081bf?s=96&r=g\",\"caption\":\"Guilherme Caetano\"},\"description\":\"Formado em jornalismo pela Escola de Comunica\u00e7\u00f5es e Artes da USP, Guilherme Caetano escreve para o portal de not\u00edcias da Suno Research. Passou pelas reda\u00e7\u00f5es da Folha de S.Paulo e da revista \u00c9poca.\",\"url\":\"https:\/\/www.suno.com.br\/noticias\/author\/guilherme-caetano\/\"}]}<\/script>\n<!-- \/ Yoast SEO plugin. -->","yoast_head_json":{"title":"Governo desiste de suspender reajuste e ter\u00e1 gasto extra de R$ 4,7 bi","description":"O governo n\u00e3o tentar\u00e1 suspender o reajuste salarial de servidores p\u00fablicos, cujo custo ser\u00e1 de R$ 4,7 bilh\u00f5es em 2019. Clique e saiba mais","robots":{"index":"index","follow":"follow","max-snippet":"max-snippet:-1","max-image-preview":"max-image-preview:large","max-video-preview":"max-video-preview:-1"},"canonical":"https:\/\/www.suno.com.br\/noticias\/governo-desiste-suspender-reajuste\/","og_locale":"pt_BR","og_type":"article","og_title":"Governo desiste de suspender reajuste e ter\u00e1 gasto extra de R$ 4,7 bi","og_description":"O governo n\u00e3o tentar\u00e1 suspender o reajuste salarial de servidores p\u00fablicos, cujo custo ser\u00e1 de R$ 4,7 bilh\u00f5es em 2019. Clique e saiba mais","og_url":"https:\/\/www.suno.com.br\/noticias\/governo-desiste-suspender-reajuste\/","og_site_name":"Suno Not\u00edcias","article_publisher":"https:\/\/facebook.com\/sunoresearch","og_image":[{"width":850,"height":566,"url":"https:\/\/files.sunoresearch.com.br\/n\/uploads\/2019\/02\/49a3d20e-pib.jpg","type":"image\/jpeg"}],"author":"Guilherme Caetano","twitter_card":"summary_large_image","twitter_creator":"@sunoresearch","twitter_site":"@sunoresearch","twitter_misc":{"Escrito por":"Guilherme Caetano","Est. tempo de leitura":"2 minutos"},"schema":{"@context":"https:\/\/schema.org","@graph":[{"@type":"NewsArticle","@id":"https:\/\/www.suno.com.br\/noticias\/governo-desiste-suspender-reajuste\/#article","isPartOf":{"@id":"https:\/\/www.suno.com.br\/noticias\/governo-desiste-suspender-reajuste\/"},"author":{"name":"Guilherme Caetano","@id":"https:\/\/www.suno.com.br\/noticias\/#\/schema\/person\/0d0c9687cd2f600c564f25980c140de9"},"headline":"Governo desiste de suspender reajuste e ter\u00e1 gasto extra de R$ 4,7 bi","datePublished":"2019-02-15T22:43:28+00:00","mainEntityOfPage":{"@id":"https:\/\/www.suno.com.br\/noticias\/governo-desiste-suspender-reajuste\/"},"wordCount":344,"publisher":{"@id":"https:\/\/www.suno.com.br\/noticias\/#organization"},"image":{"@id":"https:\/\/www.suno.com.br\/noticias\/governo-desiste-suspender-reajuste\/#primaryimage"},"thumbnailUrl":"https:\/\/files.sunoresearch.com.br\/n\/uploads\/2019\/02\/49a3d20e-pib-jpg.webp","keywords":["Or\u00e7amento P\u00fablico"],"articleSection":["Economia"],"inLanguage":"pt-BR"},{"@type":"WebPage","@id":"https:\/\/www.suno.com.br\/noticias\/governo-desiste-suspender-reajuste\/","url":"https:\/\/www.suno.com.br\/noticias\/governo-desiste-suspender-reajuste\/","name":"Governo desiste de suspender reajuste e ter\u00e1 gasto extra de R$ 4,7 bi","isPartOf":{"@id":"https:\/\/www.suno.com.br\/noticias\/#website"},"primaryImageOfPage":{"@id":"https:\/\/www.suno.com.br\/noticias\/governo-desiste-suspender-reajuste\/#primaryimage"},"image":{"@id":"https:\/\/www.suno.com.br\/noticias\/governo-desiste-suspender-reajuste\/#primaryimage"},"thumbnailUrl":"https:\/\/files.sunoresearch.com.br\/n\/uploads\/2019\/02\/49a3d20e-pib-jpg.webp","datePublished":"2019-02-15T22:43:28+00:00","description":"O governo n\u00e3o tentar\u00e1 suspender o reajuste salarial de servidores p\u00fablicos, cujo custo ser\u00e1 de R$ 4,7 bilh\u00f5es em 2019. Clique e saiba mais","breadcrumb":{"@id":"https:\/\/www.suno.com.br\/noticias\/governo-desiste-suspender-reajuste\/#breadcrumb"},"inLanguage":"pt-BR","potentialAction":[{"@type":"ReadAction","target":["https:\/\/www.suno.com.br\/noticias\/governo-desiste-suspender-reajuste\/"]}]},{"@type":"ImageObject","inLanguage":"pt-BR","@id":"https:\/\/www.suno.com.br\/noticias\/governo-desiste-suspender-reajuste\/#primaryimage","url":"https:\/\/files.sunoresearch.com.br\/n\/uploads\/2019\/02\/49a3d20e-pib-jpg.webp","contentUrl":"https:\/\/files.sunoresearch.com.br\/n\/uploads\/2019\/02\/49a3d20e-pib-jpg.webp","width":850,"height":566,"caption":"A primeira pr\u00e9via do Indicador de Atividade Econ\u00f4mica (IAE) mostrou contra\u00e7\u00e3o de 11,2% no PIB"},{"@type":"BreadcrumbList","@id":"https:\/\/www.suno.com.br\/noticias\/governo-desiste-suspender-reajuste\/#breadcrumb","itemListElement":[{"@type":"ListItem","position":1,"name":"Not\u00edcias","item":"https:\/\/www.suno.com.br\/noticias\/"},{"@type":"ListItem","position":2,"name":"Economia","item":"https:\/\/www.suno.com.br\/noticias\/economia\/"},{"@type":"ListItem","position":3,"name":"Governo desiste de suspender reajuste e ter\u00e1 gasto extra de R$ 4,7 bi"}]},{"@type":"WebSite","@id":"https:\/\/www.suno.com.br\/noticias\/#website","url":"https:\/\/www.suno.com.br\/noticias\/","name":"Suno Not\u00edcias","description":"Seu portal de informa\u00e7\u00e3o sobre o mundo dos investimentos","publisher":{"@id":"https:\/\/www.suno.com.br\/noticias\/#organization"},"potentialAction":[{"@type":"SearchAction","target":{"@type":"EntryPoint","urlTemplate":"https:\/\/www.suno.com.br\/noticias\/?s={search_term_string}"},"query-input":{"@type":"PropertyValueSpecification","valueRequired":true,"valueName":"search_term_string"}}],"inLanguage":"pt-BR"},{"@type":"Organization","@id":"https:\/\/www.suno.com.br\/noticias\/#organization","name":"Suno Not\u00edcias","url":"https:\/\/www.suno.com.br\/noticias\/","logo":{"@type":"ImageObject","inLanguage":"pt-BR","@id":"https:\/\/www.suno.com.br\/noticias\/#\/schema\/logo\/image\/","url":"https:\/\/files.sunoresearch.com.br\/n\/uploads\/2021\/09\/suno-logo.png","contentUrl":"https:\/\/files.sunoresearch.com.br\/n\/uploads\/2021\/09\/suno-logo.png","width":180,"height":180,"caption":"Suno Not\u00edcias"},"image":{"@id":"https:\/\/www.suno.com.br\/noticias\/#\/schema\/logo\/image\/"},"sameAs":["https:\/\/facebook.com\/sunoresearch","https:\/\/x.com\/sunoresearch","https:\/\/www.instagram.com\/suno","https:\/\/www.linkedin.com\/company\/suno-research\/","https:\/\/www.youtube.com\/c\/sunoresearch"]},{"@type":"Person","@id":"https:\/\/www.suno.com.br\/noticias\/#\/schema\/person\/0d0c9687cd2f600c564f25980c140de9","name":"Guilherme Caetano","image":{"@type":"ImageObject","inLanguage":"pt-BR","@id":"https:\/\/www.suno.com.br\/noticias\/#\/schema\/person\/image\/","url":"https:\/\/secure.gravatar.com\/avatar\/e48357351a01702a0d19307070e081bf?s=96&r=g","contentUrl":"https:\/\/secure.gravatar.com\/avatar\/e48357351a01702a0d19307070e081bf?s=96&r=g","caption":"Guilherme Caetano"},"description":"Formado em jornalismo pela Escola de Comunica\u00e7\u00f5es e Artes da USP, Guilherme Caetano escreve para o portal de not\u00edcias da Suno Research. Passou pelas reda\u00e7\u00f5es da Folha de S.Paulo e da revista \u00c9poca.","url":"https:\/\/www.suno.com.br\/noticias\/author\/guilherme-caetano\/"}]}},"default_loop_html":"<div class=\"cardsPage__listCard__boxs\"><div class=\"cardsPage__listCard__boxs__img\"><a href=\"https:\/\/www.suno.com.br\/noticias\/governo-desiste-suspender-reajuste\/\"><img class=\"mask\" src=\"https:\/\/www.suno.com.br\/noticias\/wp-content\/themes\/suno\/resources\/images\/spotlight\/spotlight1img\/bg-mask.png\" alt=\"Image Mask\"\/><img src=\"https:\/\/files.sunoresearch.com.br\/n\/uploads\/2019\/02\/49a3d20e-pib-400x200.webp\" alt=\"Governo desiste de suspender reajuste e ter\u00e1 gasto extra de R$ 4,7 bi\"\/><\/a><span class=\"spotlightCategory\"><a href=\"https:\/\/www.suno.com.br\/noticias\/economia\/\">Economia<\/a><\/span><\/div><div class=\"cardsPage__listCard__boxs__content\"><a href=\"https:\/\/www.suno.com.br\/noticias\/governo-desiste-suspender-reajuste\/\"><h2 class=\"content__title\">Governo desiste de suspender reajuste e ter\u00e1 gasto extra de R$ 4,7 bi<\/h2><\/a><div class=\"newsContent__article__meta\"><div class=\"newsContent__article__meta__authorBox\"><a href=\"https:\/\/www.suno.com.br\/noticias\/author\/guilherme-caetano\/\" class=\"authorBox__avatar noMobi\"><img src=\"https:\/\/secure.gravatar.com\/avatar\/e48357351a01702a0d19307070e081bf?s=96&#038;r=g\" alt=\"Guilherme Caetano\"><\/a><div class=\"authorBox__name\"><span>por\n\t\t\t<a href=\"https:\/\/www.suno.com.br\/noticias\/author\/guilherme-caetano\/\"><span itemprop=\"author\">Guilherme Caetano<\/span><\/a><\/span><time datetime=\"2019-02-15T20:43:28-02:00\" itemprop=\"datePublished\">15\/02\/2019 20:43<\/time><\/div><\/div><\/div><\/div><\/div>","single_layout":"posts","amp_enabled":true,"_links":{"self":[{"href":"https:\/\/www.suno.com.br\/noticias\/wp-json\/wp\/v2\/posts\/15550"}],"collection":[{"href":"https:\/\/www.suno.com.br\/noticias\/wp-json\/wp\/v2\/posts"}],"about":[{"href":"https:\/\/www.suno.com.br\/noticias\/wp-json\/wp\/v2\/types\/post"}],"author":[{"embeddable":true,"href":"https:\/\/www.suno.com.br\/noticias\/wp-json\/wp\/v2\/users\/13"}],"replies":[{"embeddable":true,"href":"https:\/\/www.suno.com.br\/noticias\/wp-json\/wp\/v2\/comments?post=15550"}],"version-history":[{"count":0,"href":"https:\/\/www.suno.com.br\/noticias\/wp-json\/wp\/v2\/posts\/15550\/revisions"}],"wp:featuredmedia":[{"embeddable":true,"href":"https:\/\/www.suno.com.br\/noticias\/wp-json\/wp\/v2\/media\/15528"}],"wp:attachment":[{"href":"https:\/\/www.suno.com.br\/noticias\/wp-json\/wp\/v2\/media?parent=15550"}],"wp:term":[{"taxonomy":"category","embeddable":true,"href":"https:\/\/www.suno.com.br\/noticias\/wp-json\/wp\/v2\/categories?post=15550"},{"taxonomy":"post_tag","embeddable":true,"href":"https:\/\/www.suno.com.br\/noticias\/wp-json\/wp\/v2\/tags?post=15550"},{"taxonomy":"suno_strategy","embeddable":true,"href":"https:\/\/www.suno.com.br\/noticias\/wp-json\/wp\/v2\/suno_strategy?post=15550"}],"curies":[{"name":"wp","href":"https:\/\/api.w.org\/{rel}","templated":true}]}}