{"id":155423,"date":"2021-06-08T19:55:29","date_gmt":"2021-06-08T22:55:29","guid":{"rendered":"https:\/\/www.suno.com.br\/noticias\/?p=155423"},"modified":"2021-06-08T19:57:45","modified_gmt":"2021-06-08T22:57:45","slug":"fitch-rating-banco-do-brasil-bbas3-negativa","status":"publish","type":"post","link":"https:\/\/www.suno.com.br\/noticias\/fitch-rating-banco-do-brasil-bbas3-negativa\/","title":{"rendered":"Banco do Brasil (BBAS3): Fitch reafirma rating BB- com perspectiva negativa"},"content":{"rendered":"<p>O rating BB- do <a class=\"suno-keyword\" href=\"https:\/\/www.suno.com.br\/acoes\/BBAS3\/\" target=\"_blank\" rel=\"noopener noreferrer\" data-force=\"yes\" data-priority=\"2\"><strong>Banco do Brasil<\/strong> (BBAS3)<\/a>, com perspectiva negativa, foi reafirmado pela ag\u00eancia de classifica\u00e7\u00e3o de riscos Fitch nesta ter\u00e7a-feira (8).<\/p>\t<div class=\"wrapper-featured-image\">\n\t\t<figure class=\"spotlightImg\">\n\n\t\t\t<picture>\n\t\t\t\t<source media=\"(max-width: 768px)\" srcset=\"https:\/\/files.sunoresearch.com.br\/n\/uploads\/2021\/06\/0acb8dc3-43443676465_f49cd3d702_k-400x200.webp\">\n\t\t\t\t<img loading=\"lazy\" decoding=\"async\" class=\"newsContent__article__imgCapa lazyloadDisabled \" src=\"https:\/\/files.sunoresearch.com.br\/n\/uploads\/2021\/06\/0acb8dc3-43443676465_f49cd3d702_k-800x450.webp\" width=\"800\" height=\"450\" alt=\"Banco do Brasil (BBAS3): Fitch reafirma rating BB- com perspectiva negativa\" fetchpriority=high \/>\n\t\t\t<\/picture>\n\n\t\t\t<figcaption class=\"wp-caption-text wp-caption-text--show\">Banco do Brasil confirmou inconsist\u00eancia em seus sistemas na tarde desta sexta-feira. Foto: Fernando Bizerra\/Ag\u00eancia Senado<\/figcaption>\n\t\t<\/figure>\n\t<\/div>\n\n\n\t<p>\n\t\t<a href=\"https:\/\/lp.suno.com.br\/planilha-controle-gastos\/\" target=\"_blank\" data-element=\"shortcode-suno-banner\" title=\"Banner SUNO, clique e saiba mais\">\n\t\t\t<picture>\n\t\t\t\t<source media=\"(max-width: 500px)\" srcset=\"https:\/\/files.sunoresearch.com.br\/n\/uploads\/2023\/03\/400x300-Planilha-controle-de-gastos.png\">\n\t\t\t\t<img class=\"newsContent__article__imgCapa newsContent__article__imgCapa--banner\"\n\t\t\t\t\tsrc=\"https:\/\/files.sunoresearch.com.br\/n\/uploads\/2023\/03\/1420x240-Planilha-controle-de-gastos.png\"\n\t\t\t\t\tdata-promo-id=\"101751\"\t\t\t\t\t\t\t\t\t\twidth='1420' height='240'\t\t\t\t\talt=\"https:\/\/files.sunoresearch.com.br\/n\/uploads\/2023\/03\/1420x240-Planilha-controle-de-gastos.png\"\n\t\t\t\t>\n\t\t\t<\/picture>\n\t\t<\/a>\n\t<\/p>\n\n\n<p>Em seu relat\u00f3rio, a Fitch afirmou ter a vis\u00e3o de que o Banco do Brasil receberia apoio do governo, se necess\u00e1rio.\u00a0&#8220;Isso reflete a propriedade majorit\u00e1ria do governo federal, seu papel pol\u00edtico fundamental, especialmente nos empr\u00e9stimos rurais e na import\u00e2ncia sist\u00eamica&#8221;, afirmou a ag\u00eancia de classifica\u00e7\u00e3o de risco.<\/p>\n<p>Contudo, a ag\u00eancia destacou que as restri\u00e7\u00f5es impostas pelo ambiente operacional continuam desafiadoras.<\/p>\n<p><a href=\"https:\/\/lp.suno.com.br\/suno-one\/\">Suno One: acesse gratuitamente eBooks, Minicursos, Artigos e V\u00eddeo Aulas sobre investimentos com um \u00fanico cadastro. Clique para saber mais!<\/a><\/p>\n<p>As mudan\u00e7as &#8220;constantes&#8221; na alta administra\u00e7\u00e3o do Banco do Brasil, segundo a Fitch, n\u00e3o devem afetar a estrat\u00e9gia de <a class=\"suno-keyword\" href=\"https:\/\/www.suno.com.br\/artigos\/longo-prazo\/\" target=\"_blank\" rel=\"noopener noreferrer\" data-force=\"no\" data-priority=\"1\">longo prazo<\/a> do banco porque a linha de atua\u00e7\u00e3o dos comit\u00eas foi mantida.<\/p>\n<p>&#8220;At\u00e9 agora, a Fitch n\u00e3o viu nenhum sinal de influ\u00eancia que pudesse indicar uma m\u00e1 gest\u00e3o. No entanto, a ag\u00eancia monitorar\u00e1 continuamente a potencial interfer\u00eancia pol\u00edtica no banco e seus efeitos&#8221;, ressaltou.<\/p>\n\t<p>\n\t\t<a href=\"https:\/\/lp.suno.com.br\/planilha-da-vida-financeira\/\" target=\"_blank\" data-element=\"shortcode-suno-banner\" title=\"Banner SUNO, clique e saiba mais\">\n\t\t\t<picture>\n\t\t\t\t<source media=\"(max-width: 500px)\" srcset=\"https:\/\/files.sunoresearch.com.br\/n\/uploads\/2023\/04\/400x300-Planilha-vida-financeira-true.png\">\n\t\t\t\t<img class=\"newsContent__article__imgCapa newsContent__article__imgCapa--banner\"\n\t\t\t\t\tsrc=\"https:\/\/files.sunoresearch.com.br\/n\/uploads\/2023\/04\/1420x240-Planilha-vida-financeira-true.png\"\n\t\t\t\t\tdata-promo-id=\"106682\"\t\t\t\t\t\t\t\t\t\twidth='1420' height='240'\t\t\t\t\talt=\"https:\/\/files.sunoresearch.com.br\/n\/uploads\/2023\/04\/1420x240-Planilha-vida-financeira-true.png\"\n\t\t\t\t>\n\t\t\t<\/picture>\n\t\t<\/a>\n\t<\/p>\n\n\n<p>Vale lembrar que no dia 27 de maio, a Fitch tamb\u00e9m reafirmou o rating soberano BB- do Brasil, com perspectiva negativa.<\/p>\n<h4>Veja tamb\u00e9m:<\/h4>\n<h2>Banco do Brasil recebe aval do BC \u00e0 incorpora\u00e7\u00e3o da Bescval<\/h2>\n<p>O Banco do Brasil\u00a0recebeu na \u00faltima ter\u00e7a-feira (1) o aval do <a href=\"https:\/\/www.suno.com.br\/artigos\/bacen\/\">Banco Central (BC)<\/a> para a incorpora\u00e7\u00e3o da Bescval, uma antiga corretora do grupo sediada em Santa Catarina. A extin\u00e7\u00e3o e a incorpora\u00e7\u00e3o da empresa \u00e0 estrutura do banco foram aprovadas pelos acionistas em mar\u00e7o.<\/p>\n<p>Seguindo o protocolo de avalia\u00e7\u00e3o, o banco estatal vai entregar uma a\u00e7\u00e3o ordin\u00e1ria de sua pr\u00f3pria emiss\u00e3o para cada 90.994,324415154 a\u00e7\u00f5es da Bescval, detidas por acionistas minorit\u00e1rios da corretora.<\/p>\n\n\t<div data-element=\"shortcode-read-more\" class=\"readToo\">\n\t\t\t\t<span class=\"readToo__title\">Veja tamb\u00e9m<\/span>\n\t\t\t\t<ul class=\"readToo__list\">\n\t\t\t<li><a href=\"https:\/\/www.suno.com.br\/noticias\/banco-do-brasil-bbas3-xp-maior-pagamento-consumo-cobertura\/\">Banco do Brasil (BBAS3): XP prev\u00ea maior pagamento e consumo de cobertura<\/a><\/li><li><a href=\"https:\/\/www.suno.com.br\/noticias\/banco-do-brasil-bbas3-resultado-1t21\/\">Banco do Brasil (BBAS3) registra alta de 31,9% no lucro l\u00edquido do 1T21<\/a><\/li>\t\t<\/ul>\n\t<\/div>\n\n\n<p>A Bescval faz a gest\u00e3o apenas dos pr\u00f3prios recursos, e n\u00e3o conta com quadro pr\u00f3prio de pessoal, espa\u00e7o f\u00edsico, recursos materiais ou tecnol\u00f3gicos.<\/p>\n<p>O banco estatal \u00e9 dono de 99,62% das a\u00e7\u00f5es da corretora, que tamb\u00e9m n\u00e3o possui opera\u00e7\u00f5es comerciais.<\/p>\n<h2>\u00daltima cota\u00e7\u00e3o do BBAS3<\/h2>\n<p>A a\u00e7\u00e3o do\u00a0<strong>Banco do Brasil (BBAS3)\u00a0<\/strong>encerrou a sess\u00e3o de hoje em queda de 0,60%, valendo R$ 36,30.<\/p>\n<p><em>Com informa\u00e7\u00f5es do Estad\u00e3o Conte\u00fado.<\/em><\/p>\n\t<p>\n\t\t<a href=\"https:\/\/lp.suno.com.br\/planilha-de-controle-de-investimentos\/\" target=\"_blank\" data-element=\"shortcode-suno-banner\" title=\"Banner SUNO, clique e saiba mais\">\n\t\t\t<picture>\n\t\t\t\t<source media=\"(max-width: 500px)\" srcset=\"https:\/\/files.sunoresearch.com.br\/n\/uploads\/2023\/03\/400x300-Controle-de-Investimentos.png\">\n\t\t\t\t<img class=\"newsContent__article__imgCapa newsContent__article__imgCapa--banner\"\n\t\t\t\t\tsrc=\"https:\/\/files.sunoresearch.com.br\/n\/uploads\/2023\/03\/1420x240-Controle-de-Investimentos.png\"\n\t\t\t\t\tdata-promo-id=\"75934\"\t\t\t\t\t\t\t\t\t\twidth='1420' height='240'\t\t\t\t\talt=\"https:\/\/files.sunoresearch.com.br\/n\/uploads\/2023\/03\/1420x240-Controle-de-Investimentos.png\"\n\t\t\t\t>\n\t\t\t<\/picture>\n\t\t<\/a>\n\t<\/p>\n\n\n","protected":false},"excerpt":{"rendered":"<p>O rating BB- do Banco do Brasil (BBAS3), com perspectiva negativa, foi reafirmado pela ag\u00eancia de classifica\u00e7\u00e3o de riscos Fitch nesta ter\u00e7a-feira (8). Banco do Brasil (BBAS3) Foto: Pinterest Em seu relat\u00f3rio, a Fitch afirmou ter a vis\u00e3o de que o Banco do Brasil receberia apoio do governo, se necess\u00e1rio.\u00a0&#8220;Isso reflete a propriedade majorit\u00e1ria do [&hellip;]<\/p>\n","protected":false},"author":39,"featured_media":154736,"comment_status":"closed","ping_status":"closed","sticky":false,"template":"","format":"standard","meta":[],"categories":[64],"tags":[732,1034,105816,1277],"suno_strategy":[],"class_list":["post-155423","post","type-post","status-publish","format-standard","has-post-thumbnail","hentry","category-negocios","tag-banco-do-brasil-bbas3","tag-classificacao-de-risco-rating","tag-especialistas","tag-fitch"],"yoast_head":"<!-- This site is optimized with the Yoast SEO plugin v24.4 - https:\/\/yoast.com\/wordpress\/plugins\/seo\/ -->\n<title>Banco do Brasil: Fitch reafirma rating BB- com perspectiva negativa<\/title>\n<meta name=\"description\" content=\"O rating BB- do Banco do Brasil (BBAS3), com perspectiva negativa, foi reafirmado pela Fitch nesta ter\u00e7a-feira (8). Clique e saiba mais!\" \/>\n<meta name=\"robots\" content=\"index, follow, max-snippet:-1, max-image-preview:large, max-video-preview:-1\" \/>\n<link rel=\"canonical\" href=\"https:\/\/www.suno.com.br\/noticias\/fitch-rating-banco-do-brasil-bbas3-negativa\/\" \/>\n<meta property=\"og:locale\" content=\"pt_BR\" \/>\n<meta property=\"og:type\" content=\"article\" \/>\n<meta property=\"og:title\" content=\"Banco do Brasil: Fitch reafirma rating BB- com perspectiva negativa\" \/>\n<meta property=\"og:description\" content=\"O rating BB- do Banco do Brasil (BBAS3), com perspectiva negativa, foi reafirmado pela Fitch nesta ter\u00e7a-feira (8). Clique e saiba mais!\" \/>\n<meta property=\"og:url\" content=\"https:\/\/www.suno.com.br\/noticias\/fitch-rating-banco-do-brasil-bbas3-negativa\/\" \/>\n<meta property=\"og:site_name\" content=\"Suno Not\u00edcias\" \/>\n<meta property=\"article:publisher\" content=\"https:\/\/facebook.com\/sunoresearch\" \/>\n<meta property=\"og:image\" content=\"https:\/\/files.sunoresearch.com.br\/n\/uploads\/2021\/06\/0acb8dc3-43443676465_f49cd3d702_k.jpg\" \/>\n\t<meta property=\"og:image:width\" content=\"2048\" \/>\n\t<meta property=\"og:image:height\" content=\"1367\" \/>\n\t<meta property=\"og:image:type\" content=\"image\/jpeg\" \/>\n<meta name=\"author\" content=\"Laura Moutinho\" \/>\n<meta name=\"twitter:card\" content=\"summary_large_image\" \/>\n<meta name=\"twitter:creator\" content=\"@sunoresearch\" \/>\n<meta name=\"twitter:site\" content=\"@sunoresearch\" \/>\n<meta name=\"twitter:label1\" content=\"Escrito por\" \/>\n\t<meta name=\"twitter:data1\" content=\"Laura Moutinho\" \/>\n\t<meta name=\"twitter:label2\" content=\"Est. tempo de leitura\" \/>\n\t<meta name=\"twitter:data2\" content=\"2 minutos\" \/>\n<script type=\"application\/ld+json\" class=\"yoast-schema-graph\">{\"@context\":\"https:\/\/schema.org\",\"@graph\":[{\"@type\":\"NewsArticle\",\"@id\":\"https:\/\/www.suno.com.br\/noticias\/fitch-rating-banco-do-brasil-bbas3-negativa\/#article\",\"isPartOf\":{\"@id\":\"https:\/\/www.suno.com.br\/noticias\/fitch-rating-banco-do-brasil-bbas3-negativa\/\"},\"author\":{\"name\":\"Laura Moutinho\",\"@id\":\"https:\/\/www.suno.com.br\/noticias\/#\/schema\/person\/3df0d2808748b74496efe5dbeaef2c72\"},\"headline\":\"Banco do Brasil (BBAS3): Fitch reafirma rating BB- com perspectiva negativa\",\"datePublished\":\"2021-06-08T22:55:29+00:00\",\"dateModified\":\"2021-06-08T22:57:45+00:00\",\"mainEntityOfPage\":{\"@id\":\"https:\/\/www.suno.com.br\/noticias\/fitch-rating-banco-do-brasil-bbas3-negativa\/\"},\"wordCount\":423,\"publisher\":{\"@id\":\"https:\/\/www.suno.com.br\/noticias\/#organization\"},\"image\":{\"@id\":\"https:\/\/www.suno.com.br\/noticias\/fitch-rating-banco-do-brasil-bbas3-negativa\/#primaryimage\"},\"thumbnailUrl\":\"https:\/\/files.sunoresearch.com.br\/n\/uploads\/2021\/06\/0acb8dc3-43443676465_f49cd3d702_k-jpg.webp\",\"keywords\":[\"Banco do Brasil (BBAS3)\",\"Classifica\u00e7\u00e3o de Risco (Rating)\",\"Especialistas\",\"Fitch\"],\"articleSection\":[\"Neg\u00f3cios\"],\"inLanguage\":\"pt-BR\"},{\"@type\":\"WebPage\",\"@id\":\"https:\/\/www.suno.com.br\/noticias\/fitch-rating-banco-do-brasil-bbas3-negativa\/\",\"url\":\"https:\/\/www.suno.com.br\/noticias\/fitch-rating-banco-do-brasil-bbas3-negativa\/\",\"name\":\"Banco do Brasil: Fitch reafirma rating BB- com perspectiva negativa\",\"isPartOf\":{\"@id\":\"https:\/\/www.suno.com.br\/noticias\/#website\"},\"primaryImageOfPage\":{\"@id\":\"https:\/\/www.suno.com.br\/noticias\/fitch-rating-banco-do-brasil-bbas3-negativa\/#primaryimage\"},\"image\":{\"@id\":\"https:\/\/www.suno.com.br\/noticias\/fitch-rating-banco-do-brasil-bbas3-negativa\/#primaryimage\"},\"thumbnailUrl\":\"https:\/\/files.sunoresearch.com.br\/n\/uploads\/2021\/06\/0acb8dc3-43443676465_f49cd3d702_k-jpg.webp\",\"datePublished\":\"2021-06-08T22:55:29+00:00\",\"dateModified\":\"2021-06-08T22:57:45+00:00\",\"description\":\"O rating BB- do Banco do Brasil (BBAS3), com perspectiva negativa, foi reafirmado pela Fitch nesta ter\u00e7a-feira (8). Clique e saiba mais!\",\"breadcrumb\":{\"@id\":\"https:\/\/www.suno.com.br\/noticias\/fitch-rating-banco-do-brasil-bbas3-negativa\/#breadcrumb\"},\"inLanguage\":\"pt-BR\",\"potentialAction\":[{\"@type\":\"ReadAction\",\"target\":[\"https:\/\/www.suno.com.br\/noticias\/fitch-rating-banco-do-brasil-bbas3-negativa\/\"]}]},{\"@type\":\"ImageObject\",\"inLanguage\":\"pt-BR\",\"@id\":\"https:\/\/www.suno.com.br\/noticias\/fitch-rating-banco-do-brasil-bbas3-negativa\/#primaryimage\",\"url\":\"https:\/\/files.sunoresearch.com.br\/n\/uploads\/2021\/06\/0acb8dc3-43443676465_f49cd3d702_k-jpg.webp\",\"contentUrl\":\"https:\/\/files.sunoresearch.com.br\/n\/uploads\/2021\/06\/0acb8dc3-43443676465_f49cd3d702_k-jpg.webp\",\"width\":2048,\"height\":1367,\"caption\":\"Banco do Brasil confirmou inconsist\u00eancia em seus sistemas na tarde desta sexta-feira. Foto: Fernando Bizerra\/Ag\u00eancia Senado\"},{\"@type\":\"BreadcrumbList\",\"@id\":\"https:\/\/www.suno.com.br\/noticias\/fitch-rating-banco-do-brasil-bbas3-negativa\/#breadcrumb\",\"itemListElement\":[{\"@type\":\"ListItem\",\"position\":1,\"name\":\"Not\u00edcias\",\"item\":\"https:\/\/www.suno.com.br\/noticias\/\"},{\"@type\":\"ListItem\",\"position\":2,\"name\":\"Neg\u00f3cios\",\"item\":\"https:\/\/www.suno.com.br\/noticias\/negocios\/\"},{\"@type\":\"ListItem\",\"position\":3,\"name\":\"Banco do Brasil (BBAS3): Fitch reafirma rating BB- com perspectiva negativa\"}]},{\"@type\":\"WebSite\",\"@id\":\"https:\/\/www.suno.com.br\/noticias\/#website\",\"url\":\"https:\/\/www.suno.com.br\/noticias\/\",\"name\":\"Suno Not\u00edcias\",\"description\":\"Seu portal de informa\u00e7\u00e3o sobre o mundo dos investimentos\",\"publisher\":{\"@id\":\"https:\/\/www.suno.com.br\/noticias\/#organization\"},\"potentialAction\":[{\"@type\":\"SearchAction\",\"target\":{\"@type\":\"EntryPoint\",\"urlTemplate\":\"https:\/\/www.suno.com.br\/noticias\/?s={search_term_string}\"},\"query-input\":{\"@type\":\"PropertyValueSpecification\",\"valueRequired\":true,\"valueName\":\"search_term_string\"}}],\"inLanguage\":\"pt-BR\"},{\"@type\":\"Organization\",\"@id\":\"https:\/\/www.suno.com.br\/noticias\/#organization\",\"name\":\"Suno Not\u00edcias\",\"url\":\"https:\/\/www.suno.com.br\/noticias\/\",\"logo\":{\"@type\":\"ImageObject\",\"inLanguage\":\"pt-BR\",\"@id\":\"https:\/\/www.suno.com.br\/noticias\/#\/schema\/logo\/image\/\",\"url\":\"https:\/\/files.sunoresearch.com.br\/n\/uploads\/2021\/09\/suno-logo.png\",\"contentUrl\":\"https:\/\/files.sunoresearch.com.br\/n\/uploads\/2021\/09\/suno-logo.png\",\"width\":180,\"height\":180,\"caption\":\"Suno Not\u00edcias\"},\"image\":{\"@id\":\"https:\/\/www.suno.com.br\/noticias\/#\/schema\/logo\/image\/\"},\"sameAs\":[\"https:\/\/facebook.com\/sunoresearch\",\"https:\/\/x.com\/sunoresearch\",\"https:\/\/www.instagram.com\/suno\",\"https:\/\/www.linkedin.com\/company\/suno-research\/\",\"https:\/\/www.youtube.com\/c\/sunoresearch\"]},{\"@type\":\"Person\",\"@id\":\"https:\/\/www.suno.com.br\/noticias\/#\/schema\/person\/3df0d2808748b74496efe5dbeaef2c72\",\"name\":\"Laura Moutinho\",\"image\":{\"@type\":\"ImageObject\",\"inLanguage\":\"pt-BR\",\"@id\":\"https:\/\/www.suno.com.br\/noticias\/#\/schema\/person\/image\/\",\"url\":\"https:\/\/secure.gravatar.com\/avatar\/7571c7c8ca3a6fca5e41384ece5557ff?s=96&r=g\",\"contentUrl\":\"https:\/\/secure.gravatar.com\/avatar\/7571c7c8ca3a6fca5e41384ece5557ff?s=96&r=g\",\"caption\":\"Laura Moutinho\"},\"description\":\"Estagi\u00e1ria na Suno Not\u00edcias, escreve not\u00edcias que afetam o mercado financeiro. Estuda administra\u00e7\u00e3o na Universidade Presbiteriana Mackenzie.\",\"url\":\"https:\/\/www.suno.com.br\/noticias\/author\/laura-moutinho\/\"}]}<\/script>\n<!-- \/ Yoast SEO plugin. -->","yoast_head_json":{"title":"Banco do Brasil: Fitch reafirma rating BB- com perspectiva negativa","description":"O rating BB- do Banco do Brasil (BBAS3), com perspectiva negativa, foi reafirmado pela Fitch nesta ter\u00e7a-feira (8). Clique e saiba mais!","robots":{"index":"index","follow":"follow","max-snippet":"max-snippet:-1","max-image-preview":"max-image-preview:large","max-video-preview":"max-video-preview:-1"},"canonical":"https:\/\/www.suno.com.br\/noticias\/fitch-rating-banco-do-brasil-bbas3-negativa\/","og_locale":"pt_BR","og_type":"article","og_title":"Banco do Brasil: Fitch reafirma rating BB- com perspectiva negativa","og_description":"O rating BB- do Banco do Brasil (BBAS3), com perspectiva negativa, foi reafirmado pela Fitch nesta ter\u00e7a-feira (8). Clique e saiba mais!","og_url":"https:\/\/www.suno.com.br\/noticias\/fitch-rating-banco-do-brasil-bbas3-negativa\/","og_site_name":"Suno Not\u00edcias","article_publisher":"https:\/\/facebook.com\/sunoresearch","og_image":[{"width":2048,"height":1367,"url":"https:\/\/files.sunoresearch.com.br\/n\/uploads\/2021\/06\/0acb8dc3-43443676465_f49cd3d702_k.jpg","type":"image\/jpeg"}],"author":"Laura Moutinho","twitter_card":"summary_large_image","twitter_creator":"@sunoresearch","twitter_site":"@sunoresearch","twitter_misc":{"Escrito por":"Laura Moutinho","Est. tempo de leitura":"2 minutos"},"schema":{"@context":"https:\/\/schema.org","@graph":[{"@type":"NewsArticle","@id":"https:\/\/www.suno.com.br\/noticias\/fitch-rating-banco-do-brasil-bbas3-negativa\/#article","isPartOf":{"@id":"https:\/\/www.suno.com.br\/noticias\/fitch-rating-banco-do-brasil-bbas3-negativa\/"},"author":{"name":"Laura Moutinho","@id":"https:\/\/www.suno.com.br\/noticias\/#\/schema\/person\/3df0d2808748b74496efe5dbeaef2c72"},"headline":"Banco do Brasil (BBAS3): Fitch reafirma rating BB- com perspectiva negativa","datePublished":"2021-06-08T22:55:29+00:00","dateModified":"2021-06-08T22:57:45+00:00","mainEntityOfPage":{"@id":"https:\/\/www.suno.com.br\/noticias\/fitch-rating-banco-do-brasil-bbas3-negativa\/"},"wordCount":423,"publisher":{"@id":"https:\/\/www.suno.com.br\/noticias\/#organization"},"image":{"@id":"https:\/\/www.suno.com.br\/noticias\/fitch-rating-banco-do-brasil-bbas3-negativa\/#primaryimage"},"thumbnailUrl":"https:\/\/files.sunoresearch.com.br\/n\/uploads\/2021\/06\/0acb8dc3-43443676465_f49cd3d702_k-jpg.webp","keywords":["Banco do Brasil (BBAS3)","Classifica\u00e7\u00e3o de Risco (Rating)","Especialistas","Fitch"],"articleSection":["Neg\u00f3cios"],"inLanguage":"pt-BR"},{"@type":"WebPage","@id":"https:\/\/www.suno.com.br\/noticias\/fitch-rating-banco-do-brasil-bbas3-negativa\/","url":"https:\/\/www.suno.com.br\/noticias\/fitch-rating-banco-do-brasil-bbas3-negativa\/","name":"Banco do Brasil: Fitch reafirma rating BB- com perspectiva negativa","isPartOf":{"@id":"https:\/\/www.suno.com.br\/noticias\/#website"},"primaryImageOfPage":{"@id":"https:\/\/www.suno.com.br\/noticias\/fitch-rating-banco-do-brasil-bbas3-negativa\/#primaryimage"},"image":{"@id":"https:\/\/www.suno.com.br\/noticias\/fitch-rating-banco-do-brasil-bbas3-negativa\/#primaryimage"},"thumbnailUrl":"https:\/\/files.sunoresearch.com.br\/n\/uploads\/2021\/06\/0acb8dc3-43443676465_f49cd3d702_k-jpg.webp","datePublished":"2021-06-08T22:55:29+00:00","dateModified":"2021-06-08T22:57:45+00:00","description":"O rating BB- do Banco do Brasil (BBAS3), com perspectiva negativa, foi reafirmado pela Fitch nesta ter\u00e7a-feira (8). Clique e saiba mais!","breadcrumb":{"@id":"https:\/\/www.suno.com.br\/noticias\/fitch-rating-banco-do-brasil-bbas3-negativa\/#breadcrumb"},"inLanguage":"pt-BR","potentialAction":[{"@type":"ReadAction","target":["https:\/\/www.suno.com.br\/noticias\/fitch-rating-banco-do-brasil-bbas3-negativa\/"]}]},{"@type":"ImageObject","inLanguage":"pt-BR","@id":"https:\/\/www.suno.com.br\/noticias\/fitch-rating-banco-do-brasil-bbas3-negativa\/#primaryimage","url":"https:\/\/files.sunoresearch.com.br\/n\/uploads\/2021\/06\/0acb8dc3-43443676465_f49cd3d702_k-jpg.webp","contentUrl":"https:\/\/files.sunoresearch.com.br\/n\/uploads\/2021\/06\/0acb8dc3-43443676465_f49cd3d702_k-jpg.webp","width":2048,"height":1367,"caption":"Banco do Brasil confirmou inconsist\u00eancia em seus sistemas na tarde desta sexta-feira. Foto: Fernando Bizerra\/Ag\u00eancia Senado"},{"@type":"BreadcrumbList","@id":"https:\/\/www.suno.com.br\/noticias\/fitch-rating-banco-do-brasil-bbas3-negativa\/#breadcrumb","itemListElement":[{"@type":"ListItem","position":1,"name":"Not\u00edcias","item":"https:\/\/www.suno.com.br\/noticias\/"},{"@type":"ListItem","position":2,"name":"Neg\u00f3cios","item":"https:\/\/www.suno.com.br\/noticias\/negocios\/"},{"@type":"ListItem","position":3,"name":"Banco do Brasil (BBAS3): Fitch reafirma rating BB- com perspectiva negativa"}]},{"@type":"WebSite","@id":"https:\/\/www.suno.com.br\/noticias\/#website","url":"https:\/\/www.suno.com.br\/noticias\/","name":"Suno Not\u00edcias","description":"Seu portal de informa\u00e7\u00e3o sobre o mundo dos investimentos","publisher":{"@id":"https:\/\/www.suno.com.br\/noticias\/#organization"},"potentialAction":[{"@type":"SearchAction","target":{"@type":"EntryPoint","urlTemplate":"https:\/\/www.suno.com.br\/noticias\/?s={search_term_string}"},"query-input":{"@type":"PropertyValueSpecification","valueRequired":true,"valueName":"search_term_string"}}],"inLanguage":"pt-BR"},{"@type":"Organization","@id":"https:\/\/www.suno.com.br\/noticias\/#organization","name":"Suno Not\u00edcias","url":"https:\/\/www.suno.com.br\/noticias\/","logo":{"@type":"ImageObject","inLanguage":"pt-BR","@id":"https:\/\/www.suno.com.br\/noticias\/#\/schema\/logo\/image\/","url":"https:\/\/files.sunoresearch.com.br\/n\/uploads\/2021\/09\/suno-logo.png","contentUrl":"https:\/\/files.sunoresearch.com.br\/n\/uploads\/2021\/09\/suno-logo.png","width":180,"height":180,"caption":"Suno Not\u00edcias"},"image":{"@id":"https:\/\/www.suno.com.br\/noticias\/#\/schema\/logo\/image\/"},"sameAs":["https:\/\/facebook.com\/sunoresearch","https:\/\/x.com\/sunoresearch","https:\/\/www.instagram.com\/suno","https:\/\/www.linkedin.com\/company\/suno-research\/","https:\/\/www.youtube.com\/c\/sunoresearch"]},{"@type":"Person","@id":"https:\/\/www.suno.com.br\/noticias\/#\/schema\/person\/3df0d2808748b74496efe5dbeaef2c72","name":"Laura Moutinho","image":{"@type":"ImageObject","inLanguage":"pt-BR","@id":"https:\/\/www.suno.com.br\/noticias\/#\/schema\/person\/image\/","url":"https:\/\/secure.gravatar.com\/avatar\/7571c7c8ca3a6fca5e41384ece5557ff?s=96&r=g","contentUrl":"https:\/\/secure.gravatar.com\/avatar\/7571c7c8ca3a6fca5e41384ece5557ff?s=96&r=g","caption":"Laura Moutinho"},"description":"Estagi\u00e1ria na Suno Not\u00edcias, escreve not\u00edcias que afetam o mercado financeiro. Estuda administra\u00e7\u00e3o na Universidade Presbiteriana Mackenzie.","url":"https:\/\/www.suno.com.br\/noticias\/author\/laura-moutinho\/"}]}},"default_loop_html":"<div class=\"cardsPage__listCard__boxs\"><div class=\"cardsPage__listCard__boxs__img\"><a href=\"https:\/\/www.suno.com.br\/noticias\/banco-do-brasil-bbas3-resultado-1t21\/\"><img class=\"mask\" src=\"https:\/\/www.suno.com.br\/noticias\/wp-content\/themes\/suno\/resources\/images\/spotlight\/spotlight1img\/bg-mask.png\" alt=\"Image Mask\"\/><img src=\"https:\/\/files.sunoresearch.com.br\/n\/uploads\/2021\/02\/16da4bb8-banco-do-brasil-2-400x200.webp\" alt=\"Banco do Brasil (BBAS3) registra alta de 31,9% no lucro l\u00edquido do 1T21\"\/><\/a><span class=\"spotlightCategory\"><a href=\"https:\/\/www.suno.com.br\/noticias\/negocios\/\">Neg\u00f3cios<\/a><\/span><\/div><div class=\"cardsPage__listCard__boxs__content\"><a href=\"https:\/\/www.suno.com.br\/noticias\/banco-do-brasil-bbas3-resultado-1t21\/\"><h2 class=\"content__title\">Banco do Brasil (BBAS3) registra alta de 31,9% no lucro l\u00edquido do 1T21<\/h2><\/a><div class=\"newsContent__article__meta\"><div class=\"newsContent__article__meta__authorBox\"><a href=\"https:\/\/www.suno.com.br\/noticias\/author\/carlo-cauti\/\" class=\"authorBox__avatar noMobi\"><img src=\"https:\/\/files.sunoresearch.com.br\/n\/uploads\/2020\/08\/e3745f9a-perfil-carlo-cauti-150x150.webp\" alt=\"Carlo Cauti\"><\/a><div class=\"authorBox__name\"><span>por\n\t\t\t<a href=\"https:\/\/www.suno.com.br\/noticias\/author\/carlo-cauti\/\"><span itemprop=\"author\">Carlo Cauti<\/span><\/a><\/span><time datetime=\"2021-05-06T20:23:09-03:00\" itemprop=\"datePublished\">06\/05\/2021 20:23<\/time><\/div><\/div><\/div><\/div><\/div>","single_layout":"posts","amp_enabled":true,"_links":{"self":[{"href":"https:\/\/www.suno.com.br\/noticias\/wp-json\/wp\/v2\/posts\/155423"}],"collection":[{"href":"https:\/\/www.suno.com.br\/noticias\/wp-json\/wp\/v2\/posts"}],"about":[{"href":"https:\/\/www.suno.com.br\/noticias\/wp-json\/wp\/v2\/types\/post"}],"author":[{"embeddable":true,"href":"https:\/\/www.suno.com.br\/noticias\/wp-json\/wp\/v2\/users\/39"}],"replies":[{"embeddable":true,"href":"https:\/\/www.suno.com.br\/noticias\/wp-json\/wp\/v2\/comments?post=155423"}],"version-history":[{"count":4,"href":"https:\/\/www.suno.com.br\/noticias\/wp-json\/wp\/v2\/posts\/155423\/revisions"}],"predecessor-version":[{"id":155460,"href":"https:\/\/www.suno.com.br\/noticias\/wp-json\/wp\/v2\/posts\/155423\/revisions\/155460"}],"wp:featuredmedia":[{"embeddable":true,"href":"https:\/\/www.suno.com.br\/noticias\/wp-json\/wp\/v2\/media\/154736"}],"wp:attachment":[{"href":"https:\/\/www.suno.com.br\/noticias\/wp-json\/wp\/v2\/media?parent=155423"}],"wp:term":[{"taxonomy":"category","embeddable":true,"href":"https:\/\/www.suno.com.br\/noticias\/wp-json\/wp\/v2\/categories?post=155423"},{"taxonomy":"post_tag","embeddable":true,"href":"https:\/\/www.suno.com.br\/noticias\/wp-json\/wp\/v2\/tags?post=155423"},{"taxonomy":"suno_strategy","embeddable":true,"href":"https:\/\/www.suno.com.br\/noticias\/wp-json\/wp\/v2\/suno_strategy?post=155423"}],"curies":[{"name":"wp","href":"https:\/\/api.w.org\/{rel}","templated":true}]}}