{"id":155388,"date":"2021-07-13T09:28:55","date_gmt":"2021-07-13T12:28:55","guid":{"rendered":"https:\/\/www.suno.com.br\/noticias\/?p=155388"},"modified":"2021-07-13T15:07:31","modified_gmt":"2021-07-13T18:07:31","slug":"pm3-unicornio-edutech","status":"publish","type":"post","link":"https:\/\/www.suno.com.br\/noticias\/pm3-unicornio-edutech\/","title":{"rendered":"PM3: CEO diz que a startup cresce, mas n\u00e3o pretende virar unic\u00f3rnio"},"content":{"rendered":"<p>Se o caminho que toda startup precisa \u00e9 se tornar um unic\u00f3rnio, ou seja, uma empresa avaliada em mais de US$ 1 bilh\u00e3o, a <strong>PM3<\/strong>, edtech especializada em ofertar cursos de <em>product management<\/em>, n\u00e3o faz quest\u00e3o de seguir essa rota.<\/p>\t<div class=\"wrapper-featured-image\">\n\t\t<figure class=\"spotlightImg\">\n\n\t\t\t<picture>\n\t\t\t\t<source media=\"(max-width: 768px)\" srcset=\"https:\/\/files.sunoresearch.com.br\/n\/uploads\/2021\/06\/9b4259cc-foto-marcell-retangular-400x200.webp\">\n\t\t\t\t<img loading=\"lazy\" decoding=\"async\" class=\"newsContent__article__imgCapa lazyloadDisabled \" src=\"https:\/\/files.sunoresearch.com.br\/n\/uploads\/2021\/06\/9b4259cc-foto-marcell-retangular-800x450.webp\" width=\"800\" height=\"450\" alt=\"PM3: CEO diz que a startup cresce, mas n\u00e3o pretende virar unic\u00f3rnio\" fetchpriority=high \/>\n\t\t\t<\/picture>\n\n\t\t\t<figcaption class=\"wp-caption-text wp-caption-text--show\">O co-fundador da PM3 e diretor-presidente (CEO), Marcell Almeida - Foto: Divulga\u00e7\u00e3o<\/figcaption>\n\t\t<\/figure>\n\t<\/div>\n\n\n\t<p>\n\t\t<a href=\"https:\/\/lp.suno.com.br\/planilha-controle-gastos\/\" target=\"_blank\" data-element=\"shortcode-suno-banner\" title=\"Banner SUNO, clique e saiba mais\">\n\t\t\t<picture>\n\t\t\t\t<source media=\"(max-width: 500px)\" srcset=\"https:\/\/files.sunoresearch.com.br\/n\/uploads\/2023\/03\/400x300-Planilha-controle-de-gastos.png\">\n\t\t\t\t<img class=\"newsContent__article__imgCapa newsContent__article__imgCapa--banner\"\n\t\t\t\t\tsrc=\"https:\/\/files.sunoresearch.com.br\/n\/uploads\/2023\/03\/1420x240-Planilha-controle-de-gastos.png\"\n\t\t\t\t\tdata-promo-id=\"101751\"\t\t\t\t\t\t\t\t\t\twidth='1420' height='240'\t\t\t\t\talt=\"https:\/\/files.sunoresearch.com.br\/n\/uploads\/2023\/03\/1420x240-Planilha-controle-de-gastos.png\"\n\t\t\t\t>\n\t\t\t<\/picture>\n\t\t<\/a>\n\t<\/p>\n\n\n<p>Para o co-fundador da PM3 e <a href=\"https:\/\/www.suno.com.br\/artigos\/ceo\/\">diretor-presidente (<strong>CEO<\/strong>)<\/a>, Marcell Almeida, a <strong>companhia<\/strong> n\u00e3o precisa, necessariamente, virar um unic\u00f3rnio, mas isso n\u00e3o quer dizer que ela n\u00e3o ser\u00e1 lucrativa.<\/p>\n<p>&#8220;N\u00e3o seremos um <strong><a href=\"https:\/\/www.suno.com.br\/noticias\/por-israel-tornou-pais-unicornios\/\">unic\u00f3rnio<\/a><\/strong>, mas sim extremamente saud\u00e1veis, com uma margem muito boa, dando dinheiro. Essas empresas que levantam capital via de regra n\u00e3o d\u00e3o dinheiro. N\u00e3o vejo glamour em virar unic\u00f3rnio&#8221;, disse em entrevista ao <strong>Suno Not\u00edcias<\/strong>.<\/p>\n<h2>Cursos na \u00e1rea de tecnologia<\/h2>\n<p>De acordo com Almeida, como o setor de educa\u00e7\u00e3o tem um ritmo diferente de outros, \u00e9 natural que a PM3 trace caminhos distintos.<\/p>\n<ul>\n<li>A PM3 vende cursos a profissionais de tecnologia, que podem acessar conte\u00fados durante seis ou 12 meses<\/li>\n<li>A empresa diz ter alcan\u00e7ado mais de quatro mil alunos que buscam forma\u00e7\u00e3o nesse segmento<\/li>\n<li>A <strong>edtech<\/strong> conta, atualmente, com tr\u00eas cursos na categoria <em>on demand<\/em> lan\u00e7ados (Product Management, Product Discovery e Product Growth).<\/li>\n<\/ul>\n\n\t<div data-element=\"shortcode-read-more\" class=\"readToo\">\n\t\t\t\t<span class=\"readToo__title\">Leia mais<\/span>\n\t\t\t\t<ul class=\"readToo__list\">\n\t\t\t<li><a href=\"https:\/\/www.suno.com.br\/noticias\/vtex-protocola-ipo-ny\/\">VTEX, unic\u00f3rnio brasileiro, protocola pedido de IPO em Nova York<\/a><\/li><li><a href=\"https:\/\/www.suno.com.br\/noticias\/2021-aumento-74-unicornios-brasil\/\">N\u00famero de startups &#8216;unic\u00f3rnios&#8217; cresce 74% no mundo em 2021; Brasil s\u00f3 lan\u00e7ou um deles<\/a><\/li>\t\t<\/ul>\n\t<\/div>\n\n\n<p>&#8220;Um mercado de educa\u00e7\u00e3o cresce mais devagar. O ticket n\u00e3o \u00e9 de<strong> fintech<\/strong>: nosso <strong><em>valuation<\/em><\/strong> \u00e9 menor e, por isso, n\u00e3o seremos unic\u00f3rnios. Se voc\u00ea atira para todo lado, prejudica sua marca e seu produto&#8221;, afirma.<\/p>\n<h2>PM3: &#8220;sem v\u00edcio de capta\u00e7\u00e3o&#8221;<\/h2>\n<p>Marcell Almeida, que j\u00e1 passou por Nubank, Easy Taxi e VivaReal, tem uma vis\u00e3o um pouco diferente do restante do ecossistema.<\/p>\n<p>Lembra que muitos <strong>gestores de fundos<\/strong> despejam caminh\u00f5es de dinheiro em startups novas e que ainda n\u00e3o geram caixa.<\/p>\n<p>Para ele, as<strong> startups<\/strong> est\u00e3o caindo em um v\u00edcio de capta\u00e7\u00e3o gra\u00e7as \u00e0 grande oferta de capital dispon\u00edvel no setor.<\/p>\n\t<div data-element=\"shortcode-read-more\" class=\"knowMore\">\n\t\t\t\t<span class=\"knowMore__title\">Veja Tamb\u00e9m<\/span>\n\t\t\t\t<a class=\"knowMore__link\" href=\"https:\/\/www.suno.com.br\/noticias\/dna-consult-exames\/\">\n\t\t\tDNA Consult: al\u00e9m de paternidade, startup usa teste de DNA para melhorar sa\u00fade\t\t<\/a>\n\t<\/div>\n\n\n<p>&#8220;V\u00e1rias startups n\u00e3o precisam captar. Elas podem muito bem reinvestir o pr\u00f3prio dinheiro, o que por v\u00e1rios motivos pode ser mais eficiente&#8221;, diz.<\/p>\n<p>&#8220;Essa frenesi de investimentos vai continuar porque as pessoas ainda n\u00e3o viram que podem perder capital daqui a alguns anos&#8221;, opina Almeida.<\/p>\n<h2>Ferramentas fora da empresa<\/h2>\n<p>Por ter essa vis\u00e3o, a PM3 diz n\u00e3o ter necessidade de capital t\u00e3o elevada quanto outras <strong><a href=\"https:\/\/www.suno.com.br\/noticias\/setor-tecnologia-crescimento-exponencial-consultoria\/\">empresas de tecnologia<\/a><\/strong>. Almeida conta que opta por buscar ferramentas fora de casa em vez de desenvolv\u00ea-las.<\/p>\n<p>&#8220;A PM3 \u00e9 90% no-code. N\u00e3o temos <strong>desenvolvedores de softwares<\/strong>, mas contratamos ferramentas que conversam entre si. Pagamos a anuidade, mas \u00e9 muito mais barato do que ter um time de desenvolvedores dentro da empresa&#8221;, diz.<\/p>\n\t<p>\n\t\t<a href=\"\" target=\"_blank\" data-element=\"shortcode-suno-banner\" title=\"Banner SUNO, clique e saiba mais\">\n\t\t\t<picture>\n\t\t\t\t<source media=\"(max-width: 500px)\" srcset=\"\">\n\t\t\t\t<img class=\"newsContent__article__imgCapa newsContent__article__imgCapa--banner\"\n\t\t\t\t\tsrc=\"\"\n\t\t\t\t\tdata-promo-id=\"77053\"\t\t\t\t\t\t\t\t\t\t\t\t\t\t\talt=\"\"\n\t\t\t\t>\n\t\t\t<\/picture>\n\t\t<\/a>\n\t<\/p>\n\n\n<p>&#8220;A gente faz as coisas de maneira simples. Tem muita empresa que poderia ser assim, mas falta o conhecimento de <strong><a href=\"https:\/\/www.suno.com.br\/artigos\/bootstrapping\/\">bootstrap<\/a><\/strong>&#8220;, complementa.<\/p>\n<h2>PM3: faturamento de R$ 100 milh\u00f5es em 2021<\/h2>\n<p>A estrat\u00e9gia, ao que parece, vem dando resultado. A PM3 foi parcialmente vendida este ano para o <strong>Grupo Alura<\/strong>, o maior grupo de educa\u00e7\u00e3o na \u00e1rea de tecnologia no Brasil.<\/p>\n<p>O grupo possui os mesmos investidores do Coursera. Juntas, PM3 e <strong>Alura<\/strong> devem ultrapassar o faturamento de R$ 100 milh\u00f5es em 2021.<\/p>\n<p>&#8220;Estamos crescendo 300% por m\u00eas ante o ano passado e est\u00e1 bem acima da nossa proje\u00e7\u00e3o, que j\u00e1 era otimista&#8221;, afirma o CEO.<\/p>\n<p>Segundo Marcell Almeida, a demanda por educa\u00e7\u00e3o a dist\u00e2ncia, principalmente na \u00e1rea de tecnologia, deve continuar a crescer e tamb\u00e9m n\u00e3o deve arrefecer com o final da pandemia causada pelo novo coronav\u00edrus.<\/p>\n<p>&#8220;A educa\u00e7\u00e3o em tecnologia tem muita probabilidade de ter um gap gigantesco de vagas. H\u00e1 mais startups, desenvolvimento e tecnologia. Como somos mais focados em produtos, preenchemos essa necessidade&#8221;, explica o CEO da <strong>PM3<\/strong>.<\/p>\n\t<p>\n\t\t<a href=\"https:\/\/lp.suno.com.br\/planilha-de-controle-de-investimentos\/\" target=\"_blank\" data-element=\"shortcode-suno-banner\" title=\"Banner SUNO, clique e saiba mais\">\n\t\t\t<picture>\n\t\t\t\t<source media=\"(max-width: 500px)\" srcset=\"https:\/\/files.sunoresearch.com.br\/n\/uploads\/2023\/03\/400x300-Controle-de-Investimentos.png\">\n\t\t\t\t<img class=\"newsContent__article__imgCapa newsContent__article__imgCapa--banner\"\n\t\t\t\t\tsrc=\"https:\/\/files.sunoresearch.com.br\/n\/uploads\/2023\/03\/1420x240-Controle-de-Investimentos.png\"\n\t\t\t\t\tdata-promo-id=\"75934\"\t\t\t\t\t\t\t\t\t\twidth='1420' height='240'\t\t\t\t\talt=\"https:\/\/files.sunoresearch.com.br\/n\/uploads\/2023\/03\/1420x240-Controle-de-Investimentos.png\"\n\t\t\t\t>\n\t\t\t<\/picture>\n\t\t<\/a>\n\t<\/p>\n\n\n","protected":false},"excerpt":{"rendered":"<p>Se o caminho que toda startup precisa \u00e9 se tornar um unic\u00f3rnio, ou seja, uma empresa avaliada em mais de US$ 1 bilh\u00e3o, a PM3, edtech especializada em ofertar cursos de product management, n\u00e3o faz quest\u00e3o de seguir essa rota. Startups. Foto: Pixabay Para o co-fundador da PM3 e diretor-presidente (CEO), Marcell Almeida, a companhia [&hellip;]<\/p>\n","protected":false},"author":27,"featured_media":160749,"comment_status":"closed","ping_status":"closed","sticky":false,"template":"","format":"standard","meta":[],"categories":[106394],"tags":[106457],"suno_strategy":[],"class_list":["post-155388","post","type-post","status-publish","format-standard","has-post-thumbnail","hentry","category-startups","tag-pm3"],"yoast_head":"<!-- This site is optimized with the Yoast SEO plugin v24.4 - https:\/\/yoast.com\/wordpress\/plugins\/seo\/ -->\n<title>PM3: CEO diz que a startup cresce, mas n\u00e3o pretende virar unic\u00f3rnio<\/title>\n<meta name=\"description\" content=\"Para CEO da PM3, a startup n\u00e3o precisa crescer rapidamente para justificar investimentos. Clique aqui para ler mais sobre a PM3\" \/>\n<meta name=\"robots\" content=\"index, follow, max-snippet:-1, max-image-preview:large, max-video-preview:-1\" \/>\n<link rel=\"canonical\" href=\"https:\/\/www.suno.com.br\/noticias\/pm3-unicornio-edutech\/\" \/>\n<meta property=\"og:locale\" content=\"pt_BR\" \/>\n<meta property=\"og:type\" content=\"article\" \/>\n<meta property=\"og:title\" content=\"PM3: CEO diz que a startup cresce, mas n\u00e3o pretende virar unic\u00f3rnio\" \/>\n<meta property=\"og:description\" content=\"Para CEO da PM3, a startup n\u00e3o precisa crescer rapidamente para justificar investimentos. Clique aqui para ler mais sobre a PM3\" \/>\n<meta property=\"og:url\" content=\"https:\/\/www.suno.com.br\/noticias\/pm3-unicornio-edutech\/\" \/>\n<meta property=\"og:site_name\" content=\"Suno Not\u00edcias\" \/>\n<meta property=\"article:publisher\" content=\"https:\/\/facebook.com\/sunoresearch\" \/>\n<meta property=\"og:image\" content=\"https:\/\/files.sunoresearch.com.br\/n\/uploads\/2021\/06\/9b4259cc-foto-marcell-retangular.jpg\" \/>\n\t<meta property=\"og:image:width\" content=\"1920\" \/>\n\t<meta property=\"og:image:height\" content=\"1280\" \/>\n\t<meta property=\"og:image:type\" content=\"image\/jpeg\" \/>\n<meta name=\"author\" content=\"Vinicius Pereira\" \/>\n<meta name=\"twitter:card\" content=\"summary_large_image\" \/>\n<meta name=\"twitter:creator\" content=\"@https:\/\/twitter.com\/viniciuspjornal\" \/>\n<meta name=\"twitter:site\" content=\"@sunoresearch\" \/>\n<meta name=\"twitter:label1\" content=\"Escrito por\" \/>\n\t<meta name=\"twitter:data1\" content=\"Vinicius Pereira\" \/>\n\t<meta name=\"twitter:label2\" content=\"Est. tempo de leitura\" \/>\n\t<meta name=\"twitter:data2\" content=\"3 minutos\" \/>\n<script type=\"application\/ld+json\" class=\"yoast-schema-graph\">{\"@context\":\"https:\/\/schema.org\",\"@graph\":[{\"@type\":\"NewsArticle\",\"@id\":\"https:\/\/www.suno.com.br\/noticias\/pm3-unicornio-edutech\/#article\",\"isPartOf\":{\"@id\":\"https:\/\/www.suno.com.br\/noticias\/pm3-unicornio-edutech\/\"},\"author\":{\"name\":\"Vinicius Pereira\",\"@id\":\"https:\/\/www.suno.com.br\/noticias\/#\/schema\/person\/a20761b96e4df7eb57f1f9e41be1dbf3\"},\"headline\":\"PM3: CEO diz que a startup cresce, mas n\u00e3o pretende virar unic\u00f3rnio\",\"datePublished\":\"2021-07-13T12:28:55+00:00\",\"dateModified\":\"2021-07-13T18:07:31+00:00\",\"mainEntityOfPage\":{\"@id\":\"https:\/\/www.suno.com.br\/noticias\/pm3-unicornio-edutech\/\"},\"wordCount\":656,\"publisher\":{\"@id\":\"https:\/\/www.suno.com.br\/noticias\/#organization\"},\"image\":{\"@id\":\"https:\/\/www.suno.com.br\/noticias\/pm3-unicornio-edutech\/#primaryimage\"},\"thumbnailUrl\":\"https:\/\/files.sunoresearch.com.br\/n\/uploads\/2021\/06\/9b4259cc-foto-marcell-retangular-jpg.webp\",\"keywords\":[\"PM3\"],\"articleSection\":[\"Startups\"],\"inLanguage\":\"pt-BR\"},{\"@type\":\"WebPage\",\"@id\":\"https:\/\/www.suno.com.br\/noticias\/pm3-unicornio-edutech\/\",\"url\":\"https:\/\/www.suno.com.br\/noticias\/pm3-unicornio-edutech\/\",\"name\":\"PM3: CEO diz que a startup cresce, mas n\u00e3o pretende virar unic\u00f3rnio\",\"isPartOf\":{\"@id\":\"https:\/\/www.suno.com.br\/noticias\/#website\"},\"primaryImageOfPage\":{\"@id\":\"https:\/\/www.suno.com.br\/noticias\/pm3-unicornio-edutech\/#primaryimage\"},\"image\":{\"@id\":\"https:\/\/www.suno.com.br\/noticias\/pm3-unicornio-edutech\/#primaryimage\"},\"thumbnailUrl\":\"https:\/\/files.sunoresearch.com.br\/n\/uploads\/2021\/06\/9b4259cc-foto-marcell-retangular-jpg.webp\",\"datePublished\":\"2021-07-13T12:28:55+00:00\",\"dateModified\":\"2021-07-13T18:07:31+00:00\",\"description\":\"Para CEO da PM3, a startup n\u00e3o precisa crescer rapidamente para justificar investimentos. Clique aqui para ler mais sobre a PM3\",\"breadcrumb\":{\"@id\":\"https:\/\/www.suno.com.br\/noticias\/pm3-unicornio-edutech\/#breadcrumb\"},\"inLanguage\":\"pt-BR\",\"potentialAction\":[{\"@type\":\"ReadAction\",\"target\":[\"https:\/\/www.suno.com.br\/noticias\/pm3-unicornio-edutech\/\"]}]},{\"@type\":\"ImageObject\",\"inLanguage\":\"pt-BR\",\"@id\":\"https:\/\/www.suno.com.br\/noticias\/pm3-unicornio-edutech\/#primaryimage\",\"url\":\"https:\/\/files.sunoresearch.com.br\/n\/uploads\/2021\/06\/9b4259cc-foto-marcell-retangular-jpg.webp\",\"contentUrl\":\"https:\/\/files.sunoresearch.com.br\/n\/uploads\/2021\/06\/9b4259cc-foto-marcell-retangular-jpg.webp\",\"width\":1920,\"height\":1280,\"caption\":\"O co-fundador da PM3 e diretor-presidente (CEO), Marcell Almeida - Foto: Divulga\u00e7\u00e3o\"},{\"@type\":\"BreadcrumbList\",\"@id\":\"https:\/\/www.suno.com.br\/noticias\/pm3-unicornio-edutech\/#breadcrumb\",\"itemListElement\":[{\"@type\":\"ListItem\",\"position\":1,\"name\":\"Not\u00edcias\",\"item\":\"https:\/\/www.suno.com.br\/noticias\/\"},{\"@type\":\"ListItem\",\"position\":2,\"name\":\"Startups\",\"item\":\"https:\/\/www.suno.com.br\/noticias\/startups\/\"},{\"@type\":\"ListItem\",\"position\":3,\"name\":\"PM3: CEO diz que a startup cresce, mas n\u00e3o pretende virar unic\u00f3rnio\"}]},{\"@type\":\"WebSite\",\"@id\":\"https:\/\/www.suno.com.br\/noticias\/#website\",\"url\":\"https:\/\/www.suno.com.br\/noticias\/\",\"name\":\"Suno Not\u00edcias\",\"description\":\"Seu portal de informa\u00e7\u00e3o sobre o mundo dos investimentos\",\"publisher\":{\"@id\":\"https:\/\/www.suno.com.br\/noticias\/#organization\"},\"potentialAction\":[{\"@type\":\"SearchAction\",\"target\":{\"@type\":\"EntryPoint\",\"urlTemplate\":\"https:\/\/www.suno.com.br\/noticias\/?s={search_term_string}\"},\"query-input\":{\"@type\":\"PropertyValueSpecification\",\"valueRequired\":true,\"valueName\":\"search_term_string\"}}],\"inLanguage\":\"pt-BR\"},{\"@type\":\"Organization\",\"@id\":\"https:\/\/www.suno.com.br\/noticias\/#organization\",\"name\":\"Suno Not\u00edcias\",\"url\":\"https:\/\/www.suno.com.br\/noticias\/\",\"logo\":{\"@type\":\"ImageObject\",\"inLanguage\":\"pt-BR\",\"@id\":\"https:\/\/www.suno.com.br\/noticias\/#\/schema\/logo\/image\/\",\"url\":\"https:\/\/files.sunoresearch.com.br\/n\/uploads\/2021\/09\/suno-logo.png\",\"contentUrl\":\"https:\/\/files.sunoresearch.com.br\/n\/uploads\/2021\/09\/suno-logo.png\",\"width\":180,\"height\":180,\"caption\":\"Suno Not\u00edcias\"},\"image\":{\"@id\":\"https:\/\/www.suno.com.br\/noticias\/#\/schema\/logo\/image\/\"},\"sameAs\":[\"https:\/\/facebook.com\/sunoresearch\",\"https:\/\/x.com\/sunoresearch\",\"https:\/\/www.instagram.com\/suno\",\"https:\/\/www.linkedin.com\/company\/suno-research\/\",\"https:\/\/www.youtube.com\/c\/sunoresearch\"]},{\"@type\":\"Person\",\"@id\":\"https:\/\/www.suno.com.br\/noticias\/#\/schema\/person\/a20761b96e4df7eb57f1f9e41be1dbf3\",\"name\":\"Vinicius Pereira\",\"image\":{\"@type\":\"ImageObject\",\"inLanguage\":\"pt-BR\",\"@id\":\"https:\/\/www.suno.com.br\/noticias\/#\/schema\/person\/image\/\",\"url\":\"https:\/\/secure.gravatar.com\/avatar\/783866b933198f5cc4c5d03fcc8b1301?s=96&r=g\",\"contentUrl\":\"https:\/\/secure.gravatar.com\/avatar\/783866b933198f5cc4c5d03fcc8b1301?s=96&r=g\",\"caption\":\"Vinicius Pereira\"},\"description\":\"Vinicius Pereira foi rep\u00f3rter de economia da Folha de S.Paulo, stringer do jornal no Canad\u00e1 e colaborador de VEJA. J\u00e1 escreveu tamb\u00e9m para BBC Brasil, The Intercept Brasil e UOL. Tem MBA em Informa\u00e7\u00f5es Econ\u00f4mico-Financeiras e Mercado de Capitais pela FIA\/B3.\",\"sameAs\":[\"https:\/\/x.com\/https:\/\/twitter.com\/viniciuspjornal\"],\"url\":\"https:\/\/www.suno.com.br\/noticias\/author\/vinicius-pereira\/\"}]}<\/script>\n<!-- \/ Yoast SEO plugin. -->","yoast_head_json":{"title":"PM3: CEO diz que a startup cresce, mas n\u00e3o pretende virar unic\u00f3rnio","description":"Para CEO da PM3, a startup n\u00e3o precisa crescer rapidamente para justificar investimentos. Clique aqui para ler mais sobre a PM3","robots":{"index":"index","follow":"follow","max-snippet":"max-snippet:-1","max-image-preview":"max-image-preview:large","max-video-preview":"max-video-preview:-1"},"canonical":"https:\/\/www.suno.com.br\/noticias\/pm3-unicornio-edutech\/","og_locale":"pt_BR","og_type":"article","og_title":"PM3: CEO diz que a startup cresce, mas n\u00e3o pretende virar unic\u00f3rnio","og_description":"Para CEO da PM3, a startup n\u00e3o precisa crescer rapidamente para justificar investimentos. Clique aqui para ler mais sobre a PM3","og_url":"https:\/\/www.suno.com.br\/noticias\/pm3-unicornio-edutech\/","og_site_name":"Suno Not\u00edcias","article_publisher":"https:\/\/facebook.com\/sunoresearch","og_image":[{"width":1920,"height":1280,"url":"https:\/\/files.sunoresearch.com.br\/n\/uploads\/2021\/06\/9b4259cc-foto-marcell-retangular.jpg","type":"image\/jpeg"}],"author":"Vinicius Pereira","twitter_card":"summary_large_image","twitter_creator":"@https:\/\/twitter.com\/viniciuspjornal","twitter_site":"@sunoresearch","twitter_misc":{"Escrito por":"Vinicius Pereira","Est. tempo de leitura":"3 minutos"},"schema":{"@context":"https:\/\/schema.org","@graph":[{"@type":"NewsArticle","@id":"https:\/\/www.suno.com.br\/noticias\/pm3-unicornio-edutech\/#article","isPartOf":{"@id":"https:\/\/www.suno.com.br\/noticias\/pm3-unicornio-edutech\/"},"author":{"name":"Vinicius Pereira","@id":"https:\/\/www.suno.com.br\/noticias\/#\/schema\/person\/a20761b96e4df7eb57f1f9e41be1dbf3"},"headline":"PM3: CEO diz que a startup cresce, mas n\u00e3o pretende virar unic\u00f3rnio","datePublished":"2021-07-13T12:28:55+00:00","dateModified":"2021-07-13T18:07:31+00:00","mainEntityOfPage":{"@id":"https:\/\/www.suno.com.br\/noticias\/pm3-unicornio-edutech\/"},"wordCount":656,"publisher":{"@id":"https:\/\/www.suno.com.br\/noticias\/#organization"},"image":{"@id":"https:\/\/www.suno.com.br\/noticias\/pm3-unicornio-edutech\/#primaryimage"},"thumbnailUrl":"https:\/\/files.sunoresearch.com.br\/n\/uploads\/2021\/06\/9b4259cc-foto-marcell-retangular-jpg.webp","keywords":["PM3"],"articleSection":["Startups"],"inLanguage":"pt-BR"},{"@type":"WebPage","@id":"https:\/\/www.suno.com.br\/noticias\/pm3-unicornio-edutech\/","url":"https:\/\/www.suno.com.br\/noticias\/pm3-unicornio-edutech\/","name":"PM3: CEO diz que a startup cresce, mas n\u00e3o pretende virar unic\u00f3rnio","isPartOf":{"@id":"https:\/\/www.suno.com.br\/noticias\/#website"},"primaryImageOfPage":{"@id":"https:\/\/www.suno.com.br\/noticias\/pm3-unicornio-edutech\/#primaryimage"},"image":{"@id":"https:\/\/www.suno.com.br\/noticias\/pm3-unicornio-edutech\/#primaryimage"},"thumbnailUrl":"https:\/\/files.sunoresearch.com.br\/n\/uploads\/2021\/06\/9b4259cc-foto-marcell-retangular-jpg.webp","datePublished":"2021-07-13T12:28:55+00:00","dateModified":"2021-07-13T18:07:31+00:00","description":"Para CEO da PM3, a startup n\u00e3o precisa crescer rapidamente para justificar investimentos. Clique aqui para ler mais sobre a PM3","breadcrumb":{"@id":"https:\/\/www.suno.com.br\/noticias\/pm3-unicornio-edutech\/#breadcrumb"},"inLanguage":"pt-BR","potentialAction":[{"@type":"ReadAction","target":["https:\/\/www.suno.com.br\/noticias\/pm3-unicornio-edutech\/"]}]},{"@type":"ImageObject","inLanguage":"pt-BR","@id":"https:\/\/www.suno.com.br\/noticias\/pm3-unicornio-edutech\/#primaryimage","url":"https:\/\/files.sunoresearch.com.br\/n\/uploads\/2021\/06\/9b4259cc-foto-marcell-retangular-jpg.webp","contentUrl":"https:\/\/files.sunoresearch.com.br\/n\/uploads\/2021\/06\/9b4259cc-foto-marcell-retangular-jpg.webp","width":1920,"height":1280,"caption":"O co-fundador da PM3 e diretor-presidente (CEO), Marcell Almeida - Foto: Divulga\u00e7\u00e3o"},{"@type":"BreadcrumbList","@id":"https:\/\/www.suno.com.br\/noticias\/pm3-unicornio-edutech\/#breadcrumb","itemListElement":[{"@type":"ListItem","position":1,"name":"Not\u00edcias","item":"https:\/\/www.suno.com.br\/noticias\/"},{"@type":"ListItem","position":2,"name":"Startups","item":"https:\/\/www.suno.com.br\/noticias\/startups\/"},{"@type":"ListItem","position":3,"name":"PM3: CEO diz que a startup cresce, mas n\u00e3o pretende virar unic\u00f3rnio"}]},{"@type":"WebSite","@id":"https:\/\/www.suno.com.br\/noticias\/#website","url":"https:\/\/www.suno.com.br\/noticias\/","name":"Suno Not\u00edcias","description":"Seu portal de informa\u00e7\u00e3o sobre o mundo dos investimentos","publisher":{"@id":"https:\/\/www.suno.com.br\/noticias\/#organization"},"potentialAction":[{"@type":"SearchAction","target":{"@type":"EntryPoint","urlTemplate":"https:\/\/www.suno.com.br\/noticias\/?s={search_term_string}"},"query-input":{"@type":"PropertyValueSpecification","valueRequired":true,"valueName":"search_term_string"}}],"inLanguage":"pt-BR"},{"@type":"Organization","@id":"https:\/\/www.suno.com.br\/noticias\/#organization","name":"Suno Not\u00edcias","url":"https:\/\/www.suno.com.br\/noticias\/","logo":{"@type":"ImageObject","inLanguage":"pt-BR","@id":"https:\/\/www.suno.com.br\/noticias\/#\/schema\/logo\/image\/","url":"https:\/\/files.sunoresearch.com.br\/n\/uploads\/2021\/09\/suno-logo.png","contentUrl":"https:\/\/files.sunoresearch.com.br\/n\/uploads\/2021\/09\/suno-logo.png","width":180,"height":180,"caption":"Suno Not\u00edcias"},"image":{"@id":"https:\/\/www.suno.com.br\/noticias\/#\/schema\/logo\/image\/"},"sameAs":["https:\/\/facebook.com\/sunoresearch","https:\/\/x.com\/sunoresearch","https:\/\/www.instagram.com\/suno","https:\/\/www.linkedin.com\/company\/suno-research\/","https:\/\/www.youtube.com\/c\/sunoresearch"]},{"@type":"Person","@id":"https:\/\/www.suno.com.br\/noticias\/#\/schema\/person\/a20761b96e4df7eb57f1f9e41be1dbf3","name":"Vinicius Pereira","image":{"@type":"ImageObject","inLanguage":"pt-BR","@id":"https:\/\/www.suno.com.br\/noticias\/#\/schema\/person\/image\/","url":"https:\/\/secure.gravatar.com\/avatar\/783866b933198f5cc4c5d03fcc8b1301?s=96&r=g","contentUrl":"https:\/\/secure.gravatar.com\/avatar\/783866b933198f5cc4c5d03fcc8b1301?s=96&r=g","caption":"Vinicius Pereira"},"description":"Vinicius Pereira foi rep\u00f3rter de economia da Folha de S.Paulo, stringer do jornal no Canad\u00e1 e colaborador de VEJA. J\u00e1 escreveu tamb\u00e9m para BBC Brasil, The Intercept Brasil e UOL. Tem MBA em Informa\u00e7\u00f5es Econ\u00f4mico-Financeiras e Mercado de Capitais pela FIA\/B3.","sameAs":["https:\/\/x.com\/https:\/\/twitter.com\/viniciuspjornal"],"url":"https:\/\/www.suno.com.br\/noticias\/author\/vinicius-pereira\/"}]}},"default_loop_html":"<div class=\"cardsPage__listCard__boxs\"><div class=\"cardsPage__listCard__boxs__img\"><a href=\"https:\/\/www.suno.com.br\/noticias\/2021-aumento-74-unicornios-brasil\/\"><img class=\"mask\" src=\"https:\/\/www.suno.com.br\/noticias\/wp-content\/themes\/suno\/resources\/images\/spotlight\/spotlight1img\/bg-mask.png\" alt=\"Image Mask\"\/><img src=\"https:\/\/files.sunoresearch.com.br\/n\/uploads\/2021\/06\/00ac7e16-laptops-593296_1920-400x200.webp\" alt=\"N\u00famero de startups &#8216;unic\u00f3rnios&#8217; cresce 74% no mundo em 2021; Brasil s\u00f3 lan\u00e7ou um deles\"\/><\/a><span class=\"spotlightCategory\"><a href=\"https:\/\/www.suno.com.br\/noticias\/startups\/\">Startups<\/a><\/span><\/div><div class=\"cardsPage__listCard__boxs__content\"><a href=\"https:\/\/www.suno.com.br\/noticias\/2021-aumento-74-unicornios-brasil\/\"><h2 class=\"content__title\">N\u00famero de startups &#8216;unic\u00f3rnios&#8217; cresce 74% no mundo em 2021; Brasil s\u00f3 lan\u00e7ou um deles<\/h2><\/a><div class=\"newsContent__article__meta\"><div class=\"newsContent__article__meta__authorBox\"><a href=\"https:\/\/www.suno.com.br\/noticias\/author\/eduardo-vargas\/\" class=\"authorBox__avatar noMobi\"><img src=\"https:\/\/secure.gravatar.com\/avatar\/dac340933427a22924c9f99d1eb2e3f2?s=96&#038;r=g\" alt=\"Eduardo Vargas\"><\/a><div class=\"authorBox__name\"><span>por\n\t\t\t<a href=\"https:\/\/www.suno.com.br\/noticias\/author\/eduardo-vargas\/\"><span itemprop=\"author\">Eduardo Vargas<\/span><\/a><\/span><time datetime=\"2021-06-24T11:19:58-03:00\" itemprop=\"datePublished\">24\/06\/2021 11:19<\/time><\/div><\/div><\/div><\/div><\/div>","single_layout":"posts","amp_enabled":true,"_links":{"self":[{"href":"https:\/\/www.suno.com.br\/noticias\/wp-json\/wp\/v2\/posts\/155388"}],"collection":[{"href":"https:\/\/www.suno.com.br\/noticias\/wp-json\/wp\/v2\/posts"}],"about":[{"href":"https:\/\/www.suno.com.br\/noticias\/wp-json\/wp\/v2\/types\/post"}],"author":[{"embeddable":true,"href":"https:\/\/www.suno.com.br\/noticias\/wp-json\/wp\/v2\/users\/27"}],"replies":[{"embeddable":true,"href":"https:\/\/www.suno.com.br\/noticias\/wp-json\/wp\/v2\/comments?post=155388"}],"version-history":[{"count":3,"href":"https:\/\/www.suno.com.br\/noticias\/wp-json\/wp\/v2\/posts\/155388\/revisions"}],"predecessor-version":[{"id":165470,"href":"https:\/\/www.suno.com.br\/noticias\/wp-json\/wp\/v2\/posts\/155388\/revisions\/165470"}],"wp:featuredmedia":[{"embeddable":true,"href":"https:\/\/www.suno.com.br\/noticias\/wp-json\/wp\/v2\/media\/160749"}],"wp:attachment":[{"href":"https:\/\/www.suno.com.br\/noticias\/wp-json\/wp\/v2\/media?parent=155388"}],"wp:term":[{"taxonomy":"category","embeddable":true,"href":"https:\/\/www.suno.com.br\/noticias\/wp-json\/wp\/v2\/categories?post=155388"},{"taxonomy":"post_tag","embeddable":true,"href":"https:\/\/www.suno.com.br\/noticias\/wp-json\/wp\/v2\/tags?post=155388"},{"taxonomy":"suno_strategy","embeddable":true,"href":"https:\/\/www.suno.com.br\/noticias\/wp-json\/wp\/v2\/suno_strategy?post=155388"}],"curies":[{"name":"wp","href":"https:\/\/api.w.org\/{rel}","templated":true}]}}