{"id":15531,"date":"2019-02-15T19:25:21","date_gmt":"2019-02-15T21:25:21","guid":{"rendered":"https:\/\/www.suno.com.br\/noticias\/?p=15531"},"modified":"2021-06-13T23:48:42","modified_gmt":"2021-06-14T02:48:42","slug":"adiar-prazo-acordo-comercial-trump","status":"publish","type":"post","link":"https:\/\/www.suno.com.br\/noticias\/adiar-prazo-acordo-comercial-trump\/","title":{"rendered":"Negocia\u00e7\u00e3o complicada pode adiar prazo do acordo comercial, diz Trump"},"content":{"rendered":"<p>O presidente dos Estados Unidos, Donald Trump, afirmou nesta sexta-feira (15) que pode prorrogar o prazo para o fechamento do acordo comercial com a China, previsto para 1\u00ba de mar\u00e7o.<\/p>\t<div class=\"wrapper-featured-image\">\n\t\t<figure class=\"spotlightImg\">\n\n\t\t\t<picture>\n\t\t\t\t<source media=\"(max-width: 768px)\" srcset=\"https:\/\/files.sunoresearch.com.br\/n\/uploads\/2019\/02\/0dbc9ed9-acordo-comercial-400x200.webp\">\n\t\t\t\t<img loading=\"lazy\" decoding=\"async\" class=\"newsContent__article__imgCapa lazyloadDisabled newsContent__article__imgCapa--noCaption\" src=\"https:\/\/files.sunoresearch.com.br\/n\/uploads\/2019\/02\/0dbc9ed9-acordo-comercial-jpg.webp\" width=\"800\" height=\"450\" alt=\"Negocia\u00e7\u00e3o complicada pode adiar prazo do acordo comercial, diz Trump\" fetchpriority=high \/>\n\t\t\t<\/picture>\n\n\t\t\t<figcaption class=\"wp-caption-text wp-caption-text--hide\">Donald Trump, presidente dos EUA (Divulga\u00e7\u00e3o)<\/figcaption>\n\t\t<\/figure>\n\t<\/div>\n\n\n<p>&#8220;Existe uma possibilidade de eu<strong> prorrogar a data<\/strong>&#8220;, disse <strong>Trump<\/strong> sobre o <strong>acordo comercial<\/strong> em entrevista \u00e0 imprensa.<\/p>\n<p>Em tom totalmente diferente do discurso de ter\u00e7a-feira (12), o presidente norte-americano disse que o acordo tem negocia\u00e7\u00f5es &#8220;bastante complicadas&#8221;.<\/p>\n<p><a href=\"https:\/\/www.suno.com.br\/noticias\/prazo-acordo-comercial-prorrogado-trump\/\">Saiba mais:\u00a0Prazo para fechar acordo comercial pode ser prorrogado, diz Trump<\/a><\/p>\n<h2>Trump otimista na semana<\/h2>\n<p>Na \u00faltima ter\u00e7a-feira (12), Trump j\u00e1 havia falado sobre a possibilidade de prorrogar o prazo de 1\u00ba de mar\u00e7o para fechar o acordo comercial com a China.<\/p>\n<p>No entanto, <strong>Trump<\/strong> afirmou que preferia n\u00e3o fazer isso. Ele ainda disse que esperava se reunir em algum momento com o presidente da <strong>China<\/strong>, <strong>Xi Jinping<\/strong>, para realizar o <strong>acordo comercial<\/strong>.<\/p>\n<p>A fala de Trump aconteceu no dia em que autoridades norte-americanas chegaram a Pequim para uma nova rodada de negocia\u00e7\u00f5es. No caso, as <strong>autoridades<\/strong> se reuniriam entre quinta-feira (14) e esta sexta-feira (15) para tratar do assunto com o vice-primeiro-ministro chin\u00eas, <strong>Liu He<\/strong>.<\/p>\n<p><a href=\"https:\/\/www.suno.com.br\/noticias\/eua-china-negociacoes-guerra-comercial\/\">Saiba mais: Representante comercial dos EUA chega \u00e0 China para negocia\u00e7\u00f5es<\/a><\/p>\n<p>O objetivo das duas <strong>pot\u00eancias econ\u00f4micas<\/strong>\u00a0era fechar um acordo que desse fim a guerra comercial antes do prazo de 1\u00ba de mar\u00e7o, evitando o aumento das tarifas.<\/p>\n<div class=\"mc-column content-text active-extra-styles active-capital-letter\" data-block-type=\"unstyled\" data-block-weight=\"54\" data-block-id=\"1\">\n<p class=\"content-text__container theme-color-primary-first-letter\" data-track-category=\"Link no Texto\" data-track-links=\"\">Na ocasi\u00e3o o presidente afirmou que caso as <strong>negocia\u00e7\u00f5es<\/strong> avan\u00e7assem e chegassem perto de um acordo completo, pode ser que o<strong> prazo seja prorrogado<\/strong>.<\/p>\n<p data-track-category=\"Link no Texto\" data-track-links=\"\">Com discurso mais otimista, Trump disse aos rep\u00f3rteres: &#8220;Estamos indo muito bem l\u00e1 na China&#8221;.<\/p>\n<h2 data-track-category=\"Link no Texto\">Entenda a guerra comercial<\/h2>\n<p>Ainda em 2015, a China lan\u00e7ou o programa &#8220;Made in China 2025&#8221;, que tinha como objetivo fazer do pa\u00eds um l\u00edder mundial em setores, como:<\/p>\n<ul>\n<li>aeron\u00e1utica;<\/li>\n<li>rob\u00f3tica;<\/li>\n<li>telecomunica\u00e7\u00f5es;<\/li>\n<li>intelig\u00eancia artificial<\/li>\n<li>e ve\u00edculos de energia limpa.<\/li>\n<\/ul>\n<p>Alinhado ao pensamento chin\u00eas, o presidente dos Estados Unidos, <strong>Donald Trump<\/strong>, pareceu favor\u00e1vel ao progresso da <strong>China<\/strong> em alguns momentos. No entanto, n\u00e3o era favor\u00e1vel as perdas das empresas norte-americanas.<\/p>\n<p>Dessa forma, os EUA pedem o fim de pr\u00e1ticas comerciais que julga &#8220;injustas&#8221;, como:<\/p>\n<ul>\n<li>a transfer\u00eancia de tecnologia imposta a empresas estrangeiras na China;<\/li>\n<li>o roubo de propriedade intelectual dos EUA;<\/li>\n<li>e os subs\u00eddios concedidos a empresas estatais chinesas.<\/li>\n<\/ul>\n<p>A amea\u00e7a dos <strong>Estados Unidos<\/strong> \u00e9 de que sejam aumentadas as tarifas sobre US$ 200 bilh\u00f5es de <strong>importa\u00e7\u00f5es<\/strong> chinesas. Isso, caso n\u00e3o seja fechado nenhum <strong>acordo comercial <\/strong>at\u00e9 1\u00ba de mar\u00e7o. No entanto,\u00a0<strong>Trump<\/strong> deve elevar as <strong>tarifas<\/strong> de 10% para 25% ap\u00f3s o prazo.<\/p>\n<\/div>\n","protected":false},"excerpt":{"rendered":"<p>O presidente dos Estados Unidos, Donald Trump, afirmou nesta sexta-feira (15) que pode prorrogar o prazo para o fechamento do acordo comercial com a China, previsto para 1\u00ba de mar\u00e7o. Donald Trump, presidente dos EUA (Divulga\u00e7\u00e3o) &#8220;Existe uma possibilidade de eu prorrogar a data&#8220;, disse Trump sobre o acordo comercial em entrevista \u00e0 imprensa. Em [&hellip;]<\/p>\n","protected":false},"author":11,"featured_media":15540,"comment_status":"closed","ping_status":"closed","sticky":false,"template":"","format":"standard","meta":[],"categories":[63],"tags":[711,724,793,980,913],"suno_strategy":[],"class_list":["post-15531","post","type-post","status-publish","format-standard","has-post-thumbnail","hentry","category-internacional","tag-china","tag-donald-trump","tag-estados-unidos-eua","tag-guerra-comercial","tag-xi-jinping"],"yoast_head":"<!-- This site is optimized with the Yoast SEO plugin v24.4 - https:\/\/yoast.com\/wordpress\/plugins\/seo\/ -->\n<title>Negocia\u00e7\u00e3o complicada pode adiar prazo do acordo comercial, diz Trump<\/title>\n<meta name=\"description\" content=\"Acordo comercial tem negocia\u00e7\u00f5es &quot;bastante complicadas&quot;, diz Trump; Presidente tem discurso contr\u00e1rio ao de ter\u00e7a (12). Clique para saber mais.\" \/>\n<meta name=\"robots\" content=\"index, follow, max-snippet:-1, max-image-preview:large, max-video-preview:-1\" \/>\n<link rel=\"canonical\" href=\"https:\/\/www.suno.com.br\/noticias\/adiar-prazo-acordo-comercial-trump\/\" \/>\n<meta property=\"og:locale\" content=\"pt_BR\" \/>\n<meta property=\"og:type\" content=\"article\" \/>\n<meta property=\"og:title\" content=\"Negocia\u00e7\u00e3o complicada pode adiar prazo do acordo comercial, diz Trump\" \/>\n<meta property=\"og:description\" content=\"Acordo comercial tem negocia\u00e7\u00f5es &quot;bastante complicadas&quot;, diz Trump; Presidente tem discurso contr\u00e1rio ao de ter\u00e7a (12). Clique para saber mais.\" \/>\n<meta property=\"og:url\" content=\"https:\/\/www.suno.com.br\/noticias\/adiar-prazo-acordo-comercial-trump\/\" \/>\n<meta property=\"og:site_name\" content=\"Suno Not\u00edcias\" \/>\n<meta property=\"article:publisher\" content=\"https:\/\/facebook.com\/sunoresearch\" \/>\n<meta property=\"og:image\" content=\"https:\/\/files.sunoresearch.com.br\/n\/uploads\/2019\/02\/0dbc9ed9-acordo-comercial.jpg\" \/>\n\t<meta property=\"og:image:width\" content=\"754\" \/>\n\t<meta property=\"og:image:height\" content=\"502\" \/>\n\t<meta property=\"og:image:type\" content=\"image\/jpeg\" \/>\n<meta name=\"author\" content=\"Renan Bandeira\" \/>\n<meta name=\"twitter:card\" content=\"summary_large_image\" \/>\n<meta name=\"twitter:creator\" content=\"@sunoresearch\" \/>\n<meta name=\"twitter:site\" content=\"@sunoresearch\" \/>\n<meta name=\"twitter:label1\" content=\"Escrito por\" \/>\n\t<meta name=\"twitter:data1\" content=\"Renan Bandeira\" \/>\n\t<meta name=\"twitter:label2\" content=\"Est. tempo de leitura\" \/>\n\t<meta name=\"twitter:data2\" content=\"2 minutos\" \/>\n<script type=\"application\/ld+json\" class=\"yoast-schema-graph\">{\"@context\":\"https:\/\/schema.org\",\"@graph\":[{\"@type\":\"NewsArticle\",\"@id\":\"https:\/\/www.suno.com.br\/noticias\/adiar-prazo-acordo-comercial-trump\/#article\",\"isPartOf\":{\"@id\":\"https:\/\/www.suno.com.br\/noticias\/adiar-prazo-acordo-comercial-trump\/\"},\"author\":{\"name\":\"Renan Bandeira\",\"@id\":\"https:\/\/www.suno.com.br\/noticias\/#\/schema\/person\/fc144a1c6108bd1dcd43784e88a3c138\"},\"headline\":\"Negocia\u00e7\u00e3o complicada pode adiar prazo do acordo comercial, diz Trump\",\"datePublished\":\"2019-02-15T21:25:21+00:00\",\"dateModified\":\"2021-06-14T02:48:42+00:00\",\"mainEntityOfPage\":{\"@id\":\"https:\/\/www.suno.com.br\/noticias\/adiar-prazo-acordo-comercial-trump\/\"},\"wordCount\":447,\"publisher\":{\"@id\":\"https:\/\/www.suno.com.br\/noticias\/#organization\"},\"image\":{\"@id\":\"https:\/\/www.suno.com.br\/noticias\/adiar-prazo-acordo-comercial-trump\/#primaryimage\"},\"thumbnailUrl\":\"https:\/\/files.sunoresearch.com.br\/n\/uploads\/2019\/02\/0dbc9ed9-acordo-comercial-jpg.webp\",\"keywords\":[\"China\",\"Donald Trump\",\"Estados Unidos (EUA)\",\"guerra comercial\",\"Xi Jinping\"],\"articleSection\":[\"Internacional\"],\"inLanguage\":\"pt-BR\"},{\"@type\":\"WebPage\",\"@id\":\"https:\/\/www.suno.com.br\/noticias\/adiar-prazo-acordo-comercial-trump\/\",\"url\":\"https:\/\/www.suno.com.br\/noticias\/adiar-prazo-acordo-comercial-trump\/\",\"name\":\"Negocia\u00e7\u00e3o complicada pode adiar prazo do acordo comercial, diz Trump\",\"isPartOf\":{\"@id\":\"https:\/\/www.suno.com.br\/noticias\/#website\"},\"primaryImageOfPage\":{\"@id\":\"https:\/\/www.suno.com.br\/noticias\/adiar-prazo-acordo-comercial-trump\/#primaryimage\"},\"image\":{\"@id\":\"https:\/\/www.suno.com.br\/noticias\/adiar-prazo-acordo-comercial-trump\/#primaryimage\"},\"thumbnailUrl\":\"https:\/\/files.sunoresearch.com.br\/n\/uploads\/2019\/02\/0dbc9ed9-acordo-comercial-jpg.webp\",\"datePublished\":\"2019-02-15T21:25:21+00:00\",\"dateModified\":\"2021-06-14T02:48:42+00:00\",\"description\":\"Acordo comercial tem negocia\u00e7\u00f5es \\\"bastante complicadas\\\", diz Trump; Presidente tem discurso contr\u00e1rio ao de ter\u00e7a (12). Clique para saber mais.\",\"breadcrumb\":{\"@id\":\"https:\/\/www.suno.com.br\/noticias\/adiar-prazo-acordo-comercial-trump\/#breadcrumb\"},\"inLanguage\":\"pt-BR\",\"potentialAction\":[{\"@type\":\"ReadAction\",\"target\":[\"https:\/\/www.suno.com.br\/noticias\/adiar-prazo-acordo-comercial-trump\/\"]}]},{\"@type\":\"ImageObject\",\"inLanguage\":\"pt-BR\",\"@id\":\"https:\/\/www.suno.com.br\/noticias\/adiar-prazo-acordo-comercial-trump\/#primaryimage\",\"url\":\"https:\/\/files.sunoresearch.com.br\/n\/uploads\/2019\/02\/0dbc9ed9-acordo-comercial-jpg.webp\",\"contentUrl\":\"https:\/\/files.sunoresearch.com.br\/n\/uploads\/2019\/02\/0dbc9ed9-acordo-comercial-jpg.webp\",\"width\":754,\"height\":502,\"caption\":\"Donald Trump, presidente dos EUA (Divulga\u00e7\u00e3o)\"},{\"@type\":\"BreadcrumbList\",\"@id\":\"https:\/\/www.suno.com.br\/noticias\/adiar-prazo-acordo-comercial-trump\/#breadcrumb\",\"itemListElement\":[{\"@type\":\"ListItem\",\"position\":1,\"name\":\"Not\u00edcias\",\"item\":\"https:\/\/www.suno.com.br\/noticias\/\"},{\"@type\":\"ListItem\",\"position\":2,\"name\":\"Internacional\",\"item\":\"https:\/\/www.suno.com.br\/noticias\/internacional\/\"},{\"@type\":\"ListItem\",\"position\":3,\"name\":\"Negocia\u00e7\u00e3o complicada pode adiar prazo do acordo comercial, diz Trump\"}]},{\"@type\":\"WebSite\",\"@id\":\"https:\/\/www.suno.com.br\/noticias\/#website\",\"url\":\"https:\/\/www.suno.com.br\/noticias\/\",\"name\":\"Suno Not\u00edcias\",\"description\":\"Seu portal de informa\u00e7\u00e3o sobre o mundo dos investimentos\",\"publisher\":{\"@id\":\"https:\/\/www.suno.com.br\/noticias\/#organization\"},\"potentialAction\":[{\"@type\":\"SearchAction\",\"target\":{\"@type\":\"EntryPoint\",\"urlTemplate\":\"https:\/\/www.suno.com.br\/noticias\/?s={search_term_string}\"},\"query-input\":{\"@type\":\"PropertyValueSpecification\",\"valueRequired\":true,\"valueName\":\"search_term_string\"}}],\"inLanguage\":\"pt-BR\"},{\"@type\":\"Organization\",\"@id\":\"https:\/\/www.suno.com.br\/noticias\/#organization\",\"name\":\"Suno Not\u00edcias\",\"url\":\"https:\/\/www.suno.com.br\/noticias\/\",\"logo\":{\"@type\":\"ImageObject\",\"inLanguage\":\"pt-BR\",\"@id\":\"https:\/\/www.suno.com.br\/noticias\/#\/schema\/logo\/image\/\",\"url\":\"https:\/\/files.sunoresearch.com.br\/n\/uploads\/2021\/09\/suno-logo.png\",\"contentUrl\":\"https:\/\/files.sunoresearch.com.br\/n\/uploads\/2021\/09\/suno-logo.png\",\"width\":180,\"height\":180,\"caption\":\"Suno Not\u00edcias\"},\"image\":{\"@id\":\"https:\/\/www.suno.com.br\/noticias\/#\/schema\/logo\/image\/\"},\"sameAs\":[\"https:\/\/facebook.com\/sunoresearch\",\"https:\/\/x.com\/sunoresearch\",\"https:\/\/www.instagram.com\/suno\",\"https:\/\/www.linkedin.com\/company\/suno-research\/\",\"https:\/\/www.youtube.com\/c\/sunoresearch\"]},{\"@type\":\"Person\",\"@id\":\"https:\/\/www.suno.com.br\/noticias\/#\/schema\/person\/fc144a1c6108bd1dcd43784e88a3c138\",\"name\":\"Renan Bandeira\",\"image\":{\"@type\":\"ImageObject\",\"inLanguage\":\"pt-BR\",\"@id\":\"https:\/\/www.suno.com.br\/noticias\/#\/schema\/person\/image\/\",\"url\":\"https:\/\/secure.gravatar.com\/avatar\/68359cdb608f14f11bbefcb78f3fc747?s=96&r=g\",\"contentUrl\":\"https:\/\/secure.gravatar.com\/avatar\/68359cdb608f14f11bbefcb78f3fc747?s=96&r=g\",\"caption\":\"Renan Bandeira\"},\"description\":\"Renan Bandeira escreve sobre pol\u00edtica e economia para o portal da Suno Research. Antes da Suno, trabalhou em uma rede de televis\u00e3o, onde fazia reportagens sobre os mesmos temas. Estuda na Universidade Metodista de S\u00e3o Paulo.\",\"url\":\"https:\/\/www.suno.com.br\/noticias\/author\/renan-bandeira\/\"}]}<\/script>\n<!-- \/ Yoast SEO plugin. -->","yoast_head_json":{"title":"Negocia\u00e7\u00e3o complicada pode adiar prazo do acordo comercial, diz Trump","description":"Acordo comercial tem negocia\u00e7\u00f5es \"bastante complicadas\", diz Trump; Presidente tem discurso contr\u00e1rio ao de ter\u00e7a (12). Clique para saber mais.","robots":{"index":"index","follow":"follow","max-snippet":"max-snippet:-1","max-image-preview":"max-image-preview:large","max-video-preview":"max-video-preview:-1"},"canonical":"https:\/\/www.suno.com.br\/noticias\/adiar-prazo-acordo-comercial-trump\/","og_locale":"pt_BR","og_type":"article","og_title":"Negocia\u00e7\u00e3o complicada pode adiar prazo do acordo comercial, diz Trump","og_description":"Acordo comercial tem negocia\u00e7\u00f5es \"bastante complicadas\", diz Trump; Presidente tem discurso contr\u00e1rio ao de ter\u00e7a (12). Clique para saber mais.","og_url":"https:\/\/www.suno.com.br\/noticias\/adiar-prazo-acordo-comercial-trump\/","og_site_name":"Suno Not\u00edcias","article_publisher":"https:\/\/facebook.com\/sunoresearch","og_image":[{"width":754,"height":502,"url":"https:\/\/files.sunoresearch.com.br\/n\/uploads\/2019\/02\/0dbc9ed9-acordo-comercial.jpg","type":"image\/jpeg"}],"author":"Renan Bandeira","twitter_card":"summary_large_image","twitter_creator":"@sunoresearch","twitter_site":"@sunoresearch","twitter_misc":{"Escrito por":"Renan Bandeira","Est. tempo de leitura":"2 minutos"},"schema":{"@context":"https:\/\/schema.org","@graph":[{"@type":"NewsArticle","@id":"https:\/\/www.suno.com.br\/noticias\/adiar-prazo-acordo-comercial-trump\/#article","isPartOf":{"@id":"https:\/\/www.suno.com.br\/noticias\/adiar-prazo-acordo-comercial-trump\/"},"author":{"name":"Renan Bandeira","@id":"https:\/\/www.suno.com.br\/noticias\/#\/schema\/person\/fc144a1c6108bd1dcd43784e88a3c138"},"headline":"Negocia\u00e7\u00e3o complicada pode adiar prazo do acordo comercial, diz Trump","datePublished":"2019-02-15T21:25:21+00:00","dateModified":"2021-06-14T02:48:42+00:00","mainEntityOfPage":{"@id":"https:\/\/www.suno.com.br\/noticias\/adiar-prazo-acordo-comercial-trump\/"},"wordCount":447,"publisher":{"@id":"https:\/\/www.suno.com.br\/noticias\/#organization"},"image":{"@id":"https:\/\/www.suno.com.br\/noticias\/adiar-prazo-acordo-comercial-trump\/#primaryimage"},"thumbnailUrl":"https:\/\/files.sunoresearch.com.br\/n\/uploads\/2019\/02\/0dbc9ed9-acordo-comercial-jpg.webp","keywords":["China","Donald Trump","Estados Unidos (EUA)","guerra comercial","Xi Jinping"],"articleSection":["Internacional"],"inLanguage":"pt-BR"},{"@type":"WebPage","@id":"https:\/\/www.suno.com.br\/noticias\/adiar-prazo-acordo-comercial-trump\/","url":"https:\/\/www.suno.com.br\/noticias\/adiar-prazo-acordo-comercial-trump\/","name":"Negocia\u00e7\u00e3o complicada pode adiar prazo do acordo comercial, diz Trump","isPartOf":{"@id":"https:\/\/www.suno.com.br\/noticias\/#website"},"primaryImageOfPage":{"@id":"https:\/\/www.suno.com.br\/noticias\/adiar-prazo-acordo-comercial-trump\/#primaryimage"},"image":{"@id":"https:\/\/www.suno.com.br\/noticias\/adiar-prazo-acordo-comercial-trump\/#primaryimage"},"thumbnailUrl":"https:\/\/files.sunoresearch.com.br\/n\/uploads\/2019\/02\/0dbc9ed9-acordo-comercial-jpg.webp","datePublished":"2019-02-15T21:25:21+00:00","dateModified":"2021-06-14T02:48:42+00:00","description":"Acordo comercial tem negocia\u00e7\u00f5es \"bastante complicadas\", diz Trump; Presidente tem discurso contr\u00e1rio ao de ter\u00e7a (12). Clique para saber mais.","breadcrumb":{"@id":"https:\/\/www.suno.com.br\/noticias\/adiar-prazo-acordo-comercial-trump\/#breadcrumb"},"inLanguage":"pt-BR","potentialAction":[{"@type":"ReadAction","target":["https:\/\/www.suno.com.br\/noticias\/adiar-prazo-acordo-comercial-trump\/"]}]},{"@type":"ImageObject","inLanguage":"pt-BR","@id":"https:\/\/www.suno.com.br\/noticias\/adiar-prazo-acordo-comercial-trump\/#primaryimage","url":"https:\/\/files.sunoresearch.com.br\/n\/uploads\/2019\/02\/0dbc9ed9-acordo-comercial-jpg.webp","contentUrl":"https:\/\/files.sunoresearch.com.br\/n\/uploads\/2019\/02\/0dbc9ed9-acordo-comercial-jpg.webp","width":754,"height":502,"caption":"Donald Trump, presidente dos EUA (Divulga\u00e7\u00e3o)"},{"@type":"BreadcrumbList","@id":"https:\/\/www.suno.com.br\/noticias\/adiar-prazo-acordo-comercial-trump\/#breadcrumb","itemListElement":[{"@type":"ListItem","position":1,"name":"Not\u00edcias","item":"https:\/\/www.suno.com.br\/noticias\/"},{"@type":"ListItem","position":2,"name":"Internacional","item":"https:\/\/www.suno.com.br\/noticias\/internacional\/"},{"@type":"ListItem","position":3,"name":"Negocia\u00e7\u00e3o complicada pode adiar prazo do acordo comercial, diz Trump"}]},{"@type":"WebSite","@id":"https:\/\/www.suno.com.br\/noticias\/#website","url":"https:\/\/www.suno.com.br\/noticias\/","name":"Suno Not\u00edcias","description":"Seu portal de informa\u00e7\u00e3o sobre o mundo dos investimentos","publisher":{"@id":"https:\/\/www.suno.com.br\/noticias\/#organization"},"potentialAction":[{"@type":"SearchAction","target":{"@type":"EntryPoint","urlTemplate":"https:\/\/www.suno.com.br\/noticias\/?s={search_term_string}"},"query-input":{"@type":"PropertyValueSpecification","valueRequired":true,"valueName":"search_term_string"}}],"inLanguage":"pt-BR"},{"@type":"Organization","@id":"https:\/\/www.suno.com.br\/noticias\/#organization","name":"Suno Not\u00edcias","url":"https:\/\/www.suno.com.br\/noticias\/","logo":{"@type":"ImageObject","inLanguage":"pt-BR","@id":"https:\/\/www.suno.com.br\/noticias\/#\/schema\/logo\/image\/","url":"https:\/\/files.sunoresearch.com.br\/n\/uploads\/2021\/09\/suno-logo.png","contentUrl":"https:\/\/files.sunoresearch.com.br\/n\/uploads\/2021\/09\/suno-logo.png","width":180,"height":180,"caption":"Suno Not\u00edcias"},"image":{"@id":"https:\/\/www.suno.com.br\/noticias\/#\/schema\/logo\/image\/"},"sameAs":["https:\/\/facebook.com\/sunoresearch","https:\/\/x.com\/sunoresearch","https:\/\/www.instagram.com\/suno","https:\/\/www.linkedin.com\/company\/suno-research\/","https:\/\/www.youtube.com\/c\/sunoresearch"]},{"@type":"Person","@id":"https:\/\/www.suno.com.br\/noticias\/#\/schema\/person\/fc144a1c6108bd1dcd43784e88a3c138","name":"Renan Bandeira","image":{"@type":"ImageObject","inLanguage":"pt-BR","@id":"https:\/\/www.suno.com.br\/noticias\/#\/schema\/person\/image\/","url":"https:\/\/secure.gravatar.com\/avatar\/68359cdb608f14f11bbefcb78f3fc747?s=96&r=g","contentUrl":"https:\/\/secure.gravatar.com\/avatar\/68359cdb608f14f11bbefcb78f3fc747?s=96&r=g","caption":"Renan Bandeira"},"description":"Renan Bandeira escreve sobre pol\u00edtica e economia para o portal da Suno Research. Antes da Suno, trabalhou em uma rede de televis\u00e3o, onde fazia reportagens sobre os mesmos temas. Estuda na Universidade Metodista de S\u00e3o Paulo.","url":"https:\/\/www.suno.com.br\/noticias\/author\/renan-bandeira\/"}]}},"default_loop_html":"<div class=\"cardsPage__listCard__boxs\"><div class=\"cardsPage__listCard__boxs__img\"><a href=\"https:\/\/www.suno.com.br\/noticias\/adiar-prazo-acordo-comercial-trump\/\"><img class=\"mask\" src=\"https:\/\/www.suno.com.br\/noticias\/wp-content\/themes\/suno\/resources\/images\/spotlight\/spotlight1img\/bg-mask.png\" alt=\"Image Mask\"\/><img src=\"https:\/\/files.sunoresearch.com.br\/n\/uploads\/2019\/02\/0dbc9ed9-acordo-comercial-400x200.webp\" alt=\"Negocia\u00e7\u00e3o complicada pode adiar prazo do acordo comercial, diz Trump\"\/><\/a><span class=\"spotlightCategory\"><a href=\"https:\/\/www.suno.com.br\/noticias\/internacional\/\">Internacional<\/a><\/span><\/div><div class=\"cardsPage__listCard__boxs__content\"><a href=\"https:\/\/www.suno.com.br\/noticias\/adiar-prazo-acordo-comercial-trump\/\"><h2 class=\"content__title\">Negocia\u00e7\u00e3o complicada pode adiar prazo do acordo comercial, diz Trump<\/h2><\/a><div class=\"newsContent__article__meta\"><div class=\"newsContent__article__meta__authorBox\"><a href=\"https:\/\/www.suno.com.br\/noticias\/author\/renan-bandeira\/\" class=\"authorBox__avatar noMobi\"><img src=\"https:\/\/secure.gravatar.com\/avatar\/68359cdb608f14f11bbefcb78f3fc747?s=96&#038;r=g\" alt=\"Renan Bandeira\"><\/a><div class=\"authorBox__name\"><span>por\n\t\t\t<a href=\"https:\/\/www.suno.com.br\/noticias\/author\/renan-bandeira\/\"><span itemprop=\"author\">Renan Bandeira<\/span><\/a><\/span><time datetime=\"2019-02-15T19:25:21-02:00\" itemprop=\"datePublished\">15\/02\/2019 19:25<\/time><\/div><\/div><\/div><\/div><\/div>","single_layout":"posts","amp_enabled":true,"_links":{"self":[{"href":"https:\/\/www.suno.com.br\/noticias\/wp-json\/wp\/v2\/posts\/15531"}],"collection":[{"href":"https:\/\/www.suno.com.br\/noticias\/wp-json\/wp\/v2\/posts"}],"about":[{"href":"https:\/\/www.suno.com.br\/noticias\/wp-json\/wp\/v2\/types\/post"}],"author":[{"embeddable":true,"href":"https:\/\/www.suno.com.br\/noticias\/wp-json\/wp\/v2\/users\/11"}],"replies":[{"embeddable":true,"href":"https:\/\/www.suno.com.br\/noticias\/wp-json\/wp\/v2\/comments?post=15531"}],"version-history":[{"count":1,"href":"https:\/\/www.suno.com.br\/noticias\/wp-json\/wp\/v2\/posts\/15531\/revisions"}],"predecessor-version":[{"id":157479,"href":"https:\/\/www.suno.com.br\/noticias\/wp-json\/wp\/v2\/posts\/15531\/revisions\/157479"}],"wp:featuredmedia":[{"embeddable":true,"href":"https:\/\/www.suno.com.br\/noticias\/wp-json\/wp\/v2\/media\/15540"}],"wp:attachment":[{"href":"https:\/\/www.suno.com.br\/noticias\/wp-json\/wp\/v2\/media?parent=15531"}],"wp:term":[{"taxonomy":"category","embeddable":true,"href":"https:\/\/www.suno.com.br\/noticias\/wp-json\/wp\/v2\/categories?post=15531"},{"taxonomy":"post_tag","embeddable":true,"href":"https:\/\/www.suno.com.br\/noticias\/wp-json\/wp\/v2\/tags?post=15531"},{"taxonomy":"suno_strategy","embeddable":true,"href":"https:\/\/www.suno.com.br\/noticias\/wp-json\/wp\/v2\/suno_strategy?post=15531"}],"curies":[{"name":"wp","href":"https:\/\/api.w.org\/{rel}","templated":true}]}}