{"id":15518,"date":"2019-02-15T18:49:42","date_gmt":"2019-02-15T20:49:42","guid":{"rendered":"https:\/\/www.suno.com.br\/noticias\/?p=15518"},"modified":"2021-06-13T23:48:44","modified_gmt":"2021-06-14T02:48:44","slug":"ibovespa-baixa-reforma-previdencia","status":"publish","type":"post","link":"https:\/\/www.suno.com.br\/noticias\/ibovespa-baixa-reforma-previdencia\/","title":{"rendered":"Ibovespa fecha em baixa ap\u00f3s alta de mais de 2% com Previd\u00eancia"},"content":{"rendered":"<p>Mesmo com a defini\u00e7\u00e3o da idade min\u00edma para a reforma da Previd\u00eancia, o Ibovespa fechou esta sexta-feira (15) em baixa de 0,5%, com\u00a097.525,91 pontos.<\/p>\t<div class=\"wrapper-featured-image\">\n\t\t<figure class=\"spotlightImg\">\n\n\t\t\t<picture>\n\t\t\t\t<source media=\"(max-width: 768px)\" srcset=\"https:\/\/files.sunoresearch.com.br\/n\/uploads\/2018\/12\/f00f723f-ibovespa-400x200.webp\">\n\t\t\t\t<img loading=\"lazy\" decoding=\"async\" class=\"newsContent__article__imgCapa lazyloadDisabled newsContent__article__imgCapa--noCaption\" src=\"https:\/\/files.sunoresearch.com.br\/n\/uploads\/2018\/12\/f00f723f-ibovespa-800x450.webp\" width=\"800\" height=\"450\" alt=\"Ibovespa fecha em baixa ap\u00f3s alta de mais de 2% com Previd\u00eancia\" fetchpriority=high \/>\n\t\t\t<\/picture>\n\n\t\t\t<figcaption class=\"wp-caption-text wp-caption-text--hide\">O Ibovespa encerrou em alta, ampliando os ganhos da \u00faltima ter\u00e7a<\/figcaption>\n\t\t<\/figure>\n\t<\/div>\n\n\n<p>Nesta sess\u00e3o, o \u00edndice oscilou bastante. Por volta das 11 horas, o <strong>Ibovespa<\/strong> registrou uma m\u00e1xima de 98.237,80 pontos. \u00c0s 13 horas, chegou a m\u00ednima de 97.083,07 pontos. Por praticamente todo o dia, operou abaixo do patamar dos 97.500 pontos.<\/p>\n<p><a href=\"https:\/\/www.suno.com.br\/noticias\/dolar-cai-bolsonaro-idade-previdencia\/\">Saiba mais: D\u00f3lar cai novamente ap\u00f3s Bolsonaro definir idade m\u00ednima na Previd\u00eancia<\/a><\/p>\n<h2>Reforma da Previd\u00eancia<\/h2>\n<p>O governo definiu na \u00faltima quinta-feira (14) as <strong>idades m\u00ednimas<\/strong> para o novo <strong>regime da Previd\u00eancia<\/strong>. As idades ser\u00e3o de 65 anos para homens e 62 anos para mulheres. A decis\u00e3o foi comunicada ap\u00f3s uma reuni\u00e3o no <strong>Pal\u00e1cio da Alvorada<\/strong>. Participaram do encontro o ministro da Economia, <strong>Paulo Guedes<\/strong>, o ministro-chefe da Casa Civil, <strong>Onyx Lorenzoni<\/strong>, e o ministro da Secretaria de Governo, <strong>Carlos Alberto dos Santos Cruz.<\/strong><\/p>\n<p><a href=\"https:\/\/www.suno.com.br\/noticias\/reforma-previdencia-idades-minimas\/\">Saiba mais:\u00a0Reforma da Previd\u00eancia: Bolsonaro define idades m\u00ednimas de novo regime<\/a><\/p>\n<p>A implementa\u00e7\u00e3o da <strong>idade m\u00ednima<\/strong> se dar\u00e1 ap\u00f3s um per\u00edodo de 12 anos de <strong>transi\u00e7\u00e3o<\/strong> do atual <strong>regime previdenci\u00e1rio. <\/strong>Al\u00e9m disso, a\u00a0<strong>Proposta de Emenda \u00e0 Constitui\u00e7\u00e3o (PEC)<\/strong> ser\u00e1 assinada pelo presidente no pr\u00f3ximo dia 20. A informa\u00e7\u00e3o \u00e9 do <strong>secret\u00e1rio de Previd\u00eancia Social<\/strong>,<strong> Rog\u00e9rio Marinho<\/strong>.<\/p>\n<p>Apesar do otimismo com a <strong>reforma<\/strong>, a tens\u00e3o envolvendo o ministro da Secretaria-geral da Presid\u00eancia da Rep\u00fablica, <strong>Gustavo Bebianno<\/strong> e o <strong>governo<\/strong> preocupa os mercados. Nesta sexta-feira, o presidente da <strong>C\u00e2mara<\/strong>, <strong>Rodrigo Maia<\/strong>, disse que a crise\u00a0 &#8220;gera <strong>instabilidade<\/strong> e instabilidade pode <strong>atrapalhar<\/strong>&#8220;.\u00a0 Questionado se manteria Bebianno no cargo, Maia respondeu que\u00a0&#8220;essa \u00e9 uma <strong>crise do governo<\/strong> e ele (<strong>Jair Bolsonaro<\/strong>) precisa resolver&#8221;.<\/p>\n<p><a href=\"https:\/\/www.suno.com.br\/noticias\/maia-crise-bebianno-atrapalhar-reforma\/\">Saiba mais: Rodrigo Maia: crise com Bebianno pode atrapalhar reforma da Previd\u00eancia<\/a><\/p>\n<h2>Estados Unidos<\/h2>\n<p>O presidente americano, <strong>Donald Trump<\/strong>, colocou os EUA em estado de <strong>emerg\u00eancia nacional.<\/strong>\u00a0O objetivo \u00e9 conseguir verbas para a constru\u00e7\u00e3o de um muro na fronteira com M\u00e9xico, uma das principais promessas de campanhas de Trump.<\/p>\n<p><a href=\"https:\/\/www.suno.com.br\/noticias\/trump-emergencia-nacional-financiar-muro\/\">Saiba mais:\u00a0Trump decreta emerg\u00eancia nacional para financiar constru\u00e7\u00e3o de muro<\/a><\/p>\n<p>Integrantes do <strong>governo<\/strong> disseram ao jornal &#8220;The New York Times&#8221; que o estado de<strong> emerg\u00eancia nacional<\/strong> permitir\u00e1 a Trump ter acesso a US$ 3,6 bilh\u00f5es do or\u00e7amento militar para a constru\u00e7\u00e3o do muro. Junto com os\u00a0US$ 1,375 bilh\u00e3o <strong>autorizado pelo Congresso<\/strong> na \u00faltima quinta (14), <strong>Trump<\/strong> ter\u00e1 cerca de US$ 8 bilh\u00f5es, valor superior aos US$ 5,7 bilh\u00f5es da proposta inicial do presidente americano.<\/p>\n<h2>Bolsas internacionais<\/h2>\n<ul>\n<li>Nasdaq (Estados Unidos): alta de 0,45%<\/li>\n<li>FTSE 100 (Reino Unido): alta de 0,55%;<\/li>\n<li>Nikkei (Jap\u00e3o): baixa de 1,13%;<\/li>\n<li>CAC40 (Fran\u00e7a): alta de 1,79%.<\/li>\n<\/ul>\n<h2>A\u00e7\u00f5es em destaque<\/h2>\n<ul>\n<li>PETR4: baixa de 0,41% (R$ 26,84)<\/li>\n<li>VALE3: alta de 0,48%\u00a0(R$ 45,88)<\/li>\n<li>ITUB4: baixa de 1,03% (R$ 37,50)<\/li>\n<li>BBDC4: baixa de 0,65% (R$ 46,00)<\/li>\n<\/ul>\n<h2>Maiores altas do Ibovespa<\/h2>\n<ul>\n<li>MRFG3: alta de 3,94% (R$ 5,80)<\/li>\n<li>NATU3: alta de 2,91% (R$ 46,70)<\/li>\n<li>JBSS3: alta de 2,21% (R$ 14,82)<\/li>\n<li>TIMP3: alta de 1,96% (R$ 11,95)<\/li>\n<\/ul>\n<h2>Maiores quedas do Ibovespa<\/h2>\n<ul>\n<li>KROT3: queda de 6,21% (R$ 10,88)<\/li>\n<li>ESTC3: queda de 5,2% (R$ 29,87)<\/li>\n<li>MGLU3: queda de 3,94% (R$ 163,97)<\/li>\n<li>VVAR3: queda de 3,12% (R$ 5,28)<\/li>\n<\/ul>\n","protected":false},"excerpt":{"rendered":"<p>Mesmo com a defini\u00e7\u00e3o da idade min\u00edma para a reforma da Previd\u00eancia, o Ibovespa fechou esta sexta-feira (15) em baixa de 0,5%, com\u00a097.525,91 pontos. O Ibovespa encerrou em alta, ampliando os ganhos da \u00faltima ter\u00e7a Nesta sess\u00e3o, o \u00edndice oscilou bastante. Por volta das 11 horas, o Ibovespa registrou uma m\u00e1xima de 98.237,80 pontos. \u00c0s [&hellip;]<\/p>\n","protected":false},"author":14,"featured_media":7832,"comment_status":"closed","ping_status":"closed","sticky":false,"template":"","format":"standard","meta":[],"categories":[60],"tags":[901,326,724,793,721,719,940,892],"suno_strategy":[],"class_list":["post-15518","post","type-post","status-publish","format-standard","has-post-thumbnail","hentry","category-mercado","tag-congresso-nacional","tag-dolar","tag-donald-trump","tag-estados-unidos-eua","tag-ibovespa","tag-jair-bolsonaro","tag-reforma-da-previdencia","tag-rodrigo-maia"],"yoast_head":"<!-- This site is optimized with the Yoast SEO plugin v24.4 - https:\/\/yoast.com\/wordpress\/plugins\/seo\/ -->\n<title>Ibovespa fecha em baixa ap\u00f3s alta de mais de 2% com Previd\u00eancia<\/title>\n<meta name=\"description\" content=\"O Ibovespa registrou uma m\u00e1xima de 98.237,80 pontos. \u00c0s 13 horas, chegou a m\u00ednima de 97.083,07 pontos. Clique para saber mais.\" \/>\n<meta name=\"robots\" content=\"index, follow, max-snippet:-1, max-image-preview:large, max-video-preview:-1\" \/>\n<link rel=\"canonical\" href=\"https:\/\/www.suno.com.br\/noticias\/ibovespa-baixa-reforma-previdencia\/\" \/>\n<meta property=\"og:locale\" content=\"pt_BR\" \/>\n<meta property=\"og:type\" content=\"article\" \/>\n<meta property=\"og:title\" content=\"Ibovespa fecha em baixa ap\u00f3s alta de mais de 2% com Previd\u00eancia\" \/>\n<meta property=\"og:description\" content=\"O Ibovespa registrou uma m\u00e1xima de 98.237,80 pontos. \u00c0s 13 horas, chegou a m\u00ednima de 97.083,07 pontos. Clique para saber mais.\" \/>\n<meta property=\"og:url\" content=\"https:\/\/www.suno.com.br\/noticias\/ibovespa-baixa-reforma-previdencia\/\" \/>\n<meta property=\"og:site_name\" content=\"Suno Not\u00edcias\" \/>\n<meta property=\"article:publisher\" content=\"https:\/\/facebook.com\/sunoresearch\" \/>\n<meta property=\"og:image\" content=\"https:\/\/files.sunoresearch.com.br\/n\/uploads\/2018\/12\/f00f723f-ibovespa.jpg\" \/>\n\t<meta property=\"og:image:width\" content=\"960\" \/>\n\t<meta property=\"og:image:height\" content=\"678\" \/>\n\t<meta property=\"og:image:type\" content=\"image\/jpeg\" \/>\n<meta name=\"author\" content=\"Renan Dantas\" \/>\n<meta name=\"twitter:card\" content=\"summary_large_image\" \/>\n<meta name=\"twitter:creator\" content=\"@sunoresearch\" \/>\n<meta name=\"twitter:site\" content=\"@sunoresearch\" \/>\n<meta name=\"twitter:label1\" content=\"Escrito por\" \/>\n\t<meta name=\"twitter:data1\" content=\"Renan Dantas\" \/>\n\t<meta name=\"twitter:label2\" content=\"Est. tempo de leitura\" \/>\n\t<meta name=\"twitter:data2\" content=\"3 minutos\" \/>\n<script type=\"application\/ld+json\" class=\"yoast-schema-graph\">{\"@context\":\"https:\/\/schema.org\",\"@graph\":[{\"@type\":\"NewsArticle\",\"@id\":\"https:\/\/www.suno.com.br\/noticias\/ibovespa-baixa-reforma-previdencia\/#article\",\"isPartOf\":{\"@id\":\"https:\/\/www.suno.com.br\/noticias\/ibovespa-baixa-reforma-previdencia\/\"},\"author\":{\"name\":\"Renan Dantas\",\"@id\":\"https:\/\/www.suno.com.br\/noticias\/#\/schema\/person\/3f7693d5795a3f6d5ce15309ee785699\"},\"headline\":\"Ibovespa fecha em baixa ap\u00f3s alta de mais de 2% com Previd\u00eancia\",\"datePublished\":\"2019-02-15T20:49:42+00:00\",\"dateModified\":\"2021-06-14T02:48:44+00:00\",\"mainEntityOfPage\":{\"@id\":\"https:\/\/www.suno.com.br\/noticias\/ibovespa-baixa-reforma-previdencia\/\"},\"wordCount\":519,\"publisher\":{\"@id\":\"https:\/\/www.suno.com.br\/noticias\/#organization\"},\"image\":{\"@id\":\"https:\/\/www.suno.com.br\/noticias\/ibovespa-baixa-reforma-previdencia\/#primaryimage\"},\"thumbnailUrl\":\"https:\/\/files.sunoresearch.com.br\/n\/uploads\/2018\/12\/f00f723f-ibovespa-jpg.webp\",\"keywords\":[\"Congresso Nacional\",\"d\u00f3lar\",\"Donald Trump\",\"Estados Unidos (EUA)\",\"Ibovespa\",\"Jair Bolsonaro\",\"Reforma da Previd\u00eancia\",\"Rodrigo Maia\"],\"articleSection\":[\"Mercado\"],\"inLanguage\":\"pt-BR\"},{\"@type\":\"WebPage\",\"@id\":\"https:\/\/www.suno.com.br\/noticias\/ibovespa-baixa-reforma-previdencia\/\",\"url\":\"https:\/\/www.suno.com.br\/noticias\/ibovespa-baixa-reforma-previdencia\/\",\"name\":\"Ibovespa fecha em baixa ap\u00f3s alta de mais de 2% com Previd\u00eancia\",\"isPartOf\":{\"@id\":\"https:\/\/www.suno.com.br\/noticias\/#website\"},\"primaryImageOfPage\":{\"@id\":\"https:\/\/www.suno.com.br\/noticias\/ibovespa-baixa-reforma-previdencia\/#primaryimage\"},\"image\":{\"@id\":\"https:\/\/www.suno.com.br\/noticias\/ibovespa-baixa-reforma-previdencia\/#primaryimage\"},\"thumbnailUrl\":\"https:\/\/files.sunoresearch.com.br\/n\/uploads\/2018\/12\/f00f723f-ibovespa-jpg.webp\",\"datePublished\":\"2019-02-15T20:49:42+00:00\",\"dateModified\":\"2021-06-14T02:48:44+00:00\",\"description\":\"O Ibovespa registrou uma m\u00e1xima de 98.237,80 pontos. \u00c0s 13 horas, chegou a m\u00ednima de 97.083,07 pontos. Clique para saber mais.\",\"breadcrumb\":{\"@id\":\"https:\/\/www.suno.com.br\/noticias\/ibovespa-baixa-reforma-previdencia\/#breadcrumb\"},\"inLanguage\":\"pt-BR\",\"potentialAction\":[{\"@type\":\"ReadAction\",\"target\":[\"https:\/\/www.suno.com.br\/noticias\/ibovespa-baixa-reforma-previdencia\/\"]}]},{\"@type\":\"ImageObject\",\"inLanguage\":\"pt-BR\",\"@id\":\"https:\/\/www.suno.com.br\/noticias\/ibovespa-baixa-reforma-previdencia\/#primaryimage\",\"url\":\"https:\/\/files.sunoresearch.com.br\/n\/uploads\/2018\/12\/f00f723f-ibovespa-jpg.webp\",\"contentUrl\":\"https:\/\/files.sunoresearch.com.br\/n\/uploads\/2018\/12\/f00f723f-ibovespa-jpg.webp\",\"width\":960,\"height\":678,\"caption\":\"O Ibovespa encerrou em alta, ampliando os ganhos da \u00faltima ter\u00e7a\"},{\"@type\":\"BreadcrumbList\",\"@id\":\"https:\/\/www.suno.com.br\/noticias\/ibovespa-baixa-reforma-previdencia\/#breadcrumb\",\"itemListElement\":[{\"@type\":\"ListItem\",\"position\":1,\"name\":\"Not\u00edcias\",\"item\":\"https:\/\/www.suno.com.br\/noticias\/\"},{\"@type\":\"ListItem\",\"position\":2,\"name\":\"Mercado\",\"item\":\"https:\/\/www.suno.com.br\/noticias\/mercado\/\"},{\"@type\":\"ListItem\",\"position\":3,\"name\":\"Ibovespa fecha em baixa ap\u00f3s alta de mais de 2% com Previd\u00eancia\"}]},{\"@type\":\"WebSite\",\"@id\":\"https:\/\/www.suno.com.br\/noticias\/#website\",\"url\":\"https:\/\/www.suno.com.br\/noticias\/\",\"name\":\"Suno Not\u00edcias\",\"description\":\"Seu portal de informa\u00e7\u00e3o sobre o mundo dos investimentos\",\"publisher\":{\"@id\":\"https:\/\/www.suno.com.br\/noticias\/#organization\"},\"potentialAction\":[{\"@type\":\"SearchAction\",\"target\":{\"@type\":\"EntryPoint\",\"urlTemplate\":\"https:\/\/www.suno.com.br\/noticias\/?s={search_term_string}\"},\"query-input\":{\"@type\":\"PropertyValueSpecification\",\"valueRequired\":true,\"valueName\":\"search_term_string\"}}],\"inLanguage\":\"pt-BR\"},{\"@type\":\"Organization\",\"@id\":\"https:\/\/www.suno.com.br\/noticias\/#organization\",\"name\":\"Suno Not\u00edcias\",\"url\":\"https:\/\/www.suno.com.br\/noticias\/\",\"logo\":{\"@type\":\"ImageObject\",\"inLanguage\":\"pt-BR\",\"@id\":\"https:\/\/www.suno.com.br\/noticias\/#\/schema\/logo\/image\/\",\"url\":\"https:\/\/files.sunoresearch.com.br\/n\/uploads\/2021\/09\/suno-logo.png\",\"contentUrl\":\"https:\/\/files.sunoresearch.com.br\/n\/uploads\/2021\/09\/suno-logo.png\",\"width\":180,\"height\":180,\"caption\":\"Suno Not\u00edcias\"},\"image\":{\"@id\":\"https:\/\/www.suno.com.br\/noticias\/#\/schema\/logo\/image\/\"},\"sameAs\":[\"https:\/\/facebook.com\/sunoresearch\",\"https:\/\/x.com\/sunoresearch\",\"https:\/\/www.instagram.com\/suno\",\"https:\/\/www.linkedin.com\/company\/suno-research\/\",\"https:\/\/www.youtube.com\/c\/sunoresearch\"]},{\"@type\":\"Person\",\"@id\":\"https:\/\/www.suno.com.br\/noticias\/#\/schema\/person\/3f7693d5795a3f6d5ce15309ee785699\",\"name\":\"Renan Dantas\",\"image\":{\"@type\":\"ImageObject\",\"inLanguage\":\"pt-BR\",\"@id\":\"https:\/\/www.suno.com.br\/noticias\/#\/schema\/person\/image\/\",\"url\":\"https:\/\/secure.gravatar.com\/avatar\/1787b83e7484a08e51d62ac8b41c8396?s=96&r=g\",\"contentUrl\":\"https:\/\/secure.gravatar.com\/avatar\/1787b83e7484a08e51d62ac8b41c8396?s=96&r=g\",\"caption\":\"Renan Dantas\"},\"description\":\"Escreve sobre pol\u00edtica e mercado financeiro para o portal Suno Not\u00edcias. Antes, atuou na assessoria de comunica\u00e7\u00e3o do Minist\u00e9rio P\u00fablico do Trabalho e na R\u00e1dio Mackenzie, onde apresentava e produzia um programa sobre artistas da m\u00fasica brasileira. \u00c9 estudante na Universidade Presbiteriana Mackenzie.\",\"url\":\"https:\/\/www.suno.com.br\/noticias\/author\/renan-dantas\/\"}]}<\/script>\n<!-- \/ Yoast SEO plugin. -->","yoast_head_json":{"title":"Ibovespa fecha em baixa ap\u00f3s alta de mais de 2% com Previd\u00eancia","description":"O Ibovespa registrou uma m\u00e1xima de 98.237,80 pontos. \u00c0s 13 horas, chegou a m\u00ednima de 97.083,07 pontos. Clique para saber mais.","robots":{"index":"index","follow":"follow","max-snippet":"max-snippet:-1","max-image-preview":"max-image-preview:large","max-video-preview":"max-video-preview:-1"},"canonical":"https:\/\/www.suno.com.br\/noticias\/ibovespa-baixa-reforma-previdencia\/","og_locale":"pt_BR","og_type":"article","og_title":"Ibovespa fecha em baixa ap\u00f3s alta de mais de 2% com Previd\u00eancia","og_description":"O Ibovespa registrou uma m\u00e1xima de 98.237,80 pontos. \u00c0s 13 horas, chegou a m\u00ednima de 97.083,07 pontos. Clique para saber mais.","og_url":"https:\/\/www.suno.com.br\/noticias\/ibovespa-baixa-reforma-previdencia\/","og_site_name":"Suno Not\u00edcias","article_publisher":"https:\/\/facebook.com\/sunoresearch","og_image":[{"width":960,"height":678,"url":"https:\/\/files.sunoresearch.com.br\/n\/uploads\/2018\/12\/f00f723f-ibovespa.jpg","type":"image\/jpeg"}],"author":"Renan Dantas","twitter_card":"summary_large_image","twitter_creator":"@sunoresearch","twitter_site":"@sunoresearch","twitter_misc":{"Escrito por":"Renan Dantas","Est. tempo de leitura":"3 minutos"},"schema":{"@context":"https:\/\/schema.org","@graph":[{"@type":"NewsArticle","@id":"https:\/\/www.suno.com.br\/noticias\/ibovespa-baixa-reforma-previdencia\/#article","isPartOf":{"@id":"https:\/\/www.suno.com.br\/noticias\/ibovespa-baixa-reforma-previdencia\/"},"author":{"name":"Renan Dantas","@id":"https:\/\/www.suno.com.br\/noticias\/#\/schema\/person\/3f7693d5795a3f6d5ce15309ee785699"},"headline":"Ibovespa fecha em baixa ap\u00f3s alta de mais de 2% com Previd\u00eancia","datePublished":"2019-02-15T20:49:42+00:00","dateModified":"2021-06-14T02:48:44+00:00","mainEntityOfPage":{"@id":"https:\/\/www.suno.com.br\/noticias\/ibovespa-baixa-reforma-previdencia\/"},"wordCount":519,"publisher":{"@id":"https:\/\/www.suno.com.br\/noticias\/#organization"},"image":{"@id":"https:\/\/www.suno.com.br\/noticias\/ibovespa-baixa-reforma-previdencia\/#primaryimage"},"thumbnailUrl":"https:\/\/files.sunoresearch.com.br\/n\/uploads\/2018\/12\/f00f723f-ibovespa-jpg.webp","keywords":["Congresso Nacional","d\u00f3lar","Donald Trump","Estados Unidos (EUA)","Ibovespa","Jair Bolsonaro","Reforma da Previd\u00eancia","Rodrigo Maia"],"articleSection":["Mercado"],"inLanguage":"pt-BR"},{"@type":"WebPage","@id":"https:\/\/www.suno.com.br\/noticias\/ibovespa-baixa-reforma-previdencia\/","url":"https:\/\/www.suno.com.br\/noticias\/ibovespa-baixa-reforma-previdencia\/","name":"Ibovespa fecha em baixa ap\u00f3s alta de mais de 2% com Previd\u00eancia","isPartOf":{"@id":"https:\/\/www.suno.com.br\/noticias\/#website"},"primaryImageOfPage":{"@id":"https:\/\/www.suno.com.br\/noticias\/ibovespa-baixa-reforma-previdencia\/#primaryimage"},"image":{"@id":"https:\/\/www.suno.com.br\/noticias\/ibovespa-baixa-reforma-previdencia\/#primaryimage"},"thumbnailUrl":"https:\/\/files.sunoresearch.com.br\/n\/uploads\/2018\/12\/f00f723f-ibovespa-jpg.webp","datePublished":"2019-02-15T20:49:42+00:00","dateModified":"2021-06-14T02:48:44+00:00","description":"O Ibovespa registrou uma m\u00e1xima de 98.237,80 pontos. \u00c0s 13 horas, chegou a m\u00ednima de 97.083,07 pontos. Clique para saber mais.","breadcrumb":{"@id":"https:\/\/www.suno.com.br\/noticias\/ibovespa-baixa-reforma-previdencia\/#breadcrumb"},"inLanguage":"pt-BR","potentialAction":[{"@type":"ReadAction","target":["https:\/\/www.suno.com.br\/noticias\/ibovespa-baixa-reforma-previdencia\/"]}]},{"@type":"ImageObject","inLanguage":"pt-BR","@id":"https:\/\/www.suno.com.br\/noticias\/ibovespa-baixa-reforma-previdencia\/#primaryimage","url":"https:\/\/files.sunoresearch.com.br\/n\/uploads\/2018\/12\/f00f723f-ibovespa-jpg.webp","contentUrl":"https:\/\/files.sunoresearch.com.br\/n\/uploads\/2018\/12\/f00f723f-ibovespa-jpg.webp","width":960,"height":678,"caption":"O Ibovespa encerrou em alta, ampliando os ganhos da \u00faltima ter\u00e7a"},{"@type":"BreadcrumbList","@id":"https:\/\/www.suno.com.br\/noticias\/ibovespa-baixa-reforma-previdencia\/#breadcrumb","itemListElement":[{"@type":"ListItem","position":1,"name":"Not\u00edcias","item":"https:\/\/www.suno.com.br\/noticias\/"},{"@type":"ListItem","position":2,"name":"Mercado","item":"https:\/\/www.suno.com.br\/noticias\/mercado\/"},{"@type":"ListItem","position":3,"name":"Ibovespa fecha em baixa ap\u00f3s alta de mais de 2% com Previd\u00eancia"}]},{"@type":"WebSite","@id":"https:\/\/www.suno.com.br\/noticias\/#website","url":"https:\/\/www.suno.com.br\/noticias\/","name":"Suno Not\u00edcias","description":"Seu portal de informa\u00e7\u00e3o sobre o mundo dos investimentos","publisher":{"@id":"https:\/\/www.suno.com.br\/noticias\/#organization"},"potentialAction":[{"@type":"SearchAction","target":{"@type":"EntryPoint","urlTemplate":"https:\/\/www.suno.com.br\/noticias\/?s={search_term_string}"},"query-input":{"@type":"PropertyValueSpecification","valueRequired":true,"valueName":"search_term_string"}}],"inLanguage":"pt-BR"},{"@type":"Organization","@id":"https:\/\/www.suno.com.br\/noticias\/#organization","name":"Suno Not\u00edcias","url":"https:\/\/www.suno.com.br\/noticias\/","logo":{"@type":"ImageObject","inLanguage":"pt-BR","@id":"https:\/\/www.suno.com.br\/noticias\/#\/schema\/logo\/image\/","url":"https:\/\/files.sunoresearch.com.br\/n\/uploads\/2021\/09\/suno-logo.png","contentUrl":"https:\/\/files.sunoresearch.com.br\/n\/uploads\/2021\/09\/suno-logo.png","width":180,"height":180,"caption":"Suno Not\u00edcias"},"image":{"@id":"https:\/\/www.suno.com.br\/noticias\/#\/schema\/logo\/image\/"},"sameAs":["https:\/\/facebook.com\/sunoresearch","https:\/\/x.com\/sunoresearch","https:\/\/www.instagram.com\/suno","https:\/\/www.linkedin.com\/company\/suno-research\/","https:\/\/www.youtube.com\/c\/sunoresearch"]},{"@type":"Person","@id":"https:\/\/www.suno.com.br\/noticias\/#\/schema\/person\/3f7693d5795a3f6d5ce15309ee785699","name":"Renan Dantas","image":{"@type":"ImageObject","inLanguage":"pt-BR","@id":"https:\/\/www.suno.com.br\/noticias\/#\/schema\/person\/image\/","url":"https:\/\/secure.gravatar.com\/avatar\/1787b83e7484a08e51d62ac8b41c8396?s=96&r=g","contentUrl":"https:\/\/secure.gravatar.com\/avatar\/1787b83e7484a08e51d62ac8b41c8396?s=96&r=g","caption":"Renan Dantas"},"description":"Escreve sobre pol\u00edtica e mercado financeiro para o portal Suno Not\u00edcias. Antes, atuou na assessoria de comunica\u00e7\u00e3o do Minist\u00e9rio P\u00fablico do Trabalho e na R\u00e1dio Mackenzie, onde apresentava e produzia um programa sobre artistas da m\u00fasica brasileira. \u00c9 estudante na Universidade Presbiteriana Mackenzie.","url":"https:\/\/www.suno.com.br\/noticias\/author\/renan-dantas\/"}]}},"default_loop_html":"<div class=\"cardsPage__listCard__boxs\"><div class=\"cardsPage__listCard__boxs__img\"><a href=\"https:\/\/www.suno.com.br\/noticias\/ibovespa-baixa-reforma-previdencia\/\"><img class=\"mask\" src=\"https:\/\/www.suno.com.br\/noticias\/wp-content\/themes\/suno\/resources\/images\/spotlight\/spotlight1img\/bg-mask.png\" alt=\"Image Mask\"\/><img src=\"https:\/\/files.sunoresearch.com.br\/n\/uploads\/2018\/12\/f00f723f-ibovespa-400x200.webp\" alt=\"Ibovespa fecha em baixa ap\u00f3s alta de mais de 2% com Previd\u00eancia\"\/><\/a><span class=\"spotlightCategory\"><a href=\"https:\/\/www.suno.com.br\/noticias\/mercado\/\">Mercado<\/a><\/span><\/div><div class=\"cardsPage__listCard__boxs__content\"><a href=\"https:\/\/www.suno.com.br\/noticias\/ibovespa-baixa-reforma-previdencia\/\"><h2 class=\"content__title\">Ibovespa fecha em baixa ap\u00f3s alta de mais de 2% com Previd\u00eancia<\/h2><\/a><div class=\"newsContent__article__meta\"><div class=\"newsContent__article__meta__authorBox\"><a href=\"https:\/\/www.suno.com.br\/noticias\/author\/renan-dantas\/\" class=\"authorBox__avatar noMobi\"><img src=\"https:\/\/secure.gravatar.com\/avatar\/1787b83e7484a08e51d62ac8b41c8396?s=96&#038;r=g\" alt=\"Renan Dantas\"><\/a><div class=\"authorBox__name\"><span>por\n\t\t\t<a href=\"https:\/\/www.suno.com.br\/noticias\/author\/renan-dantas\/\"><span itemprop=\"author\">Renan Dantas<\/span><\/a><\/span><time datetime=\"2019-02-15T18:49:42-02:00\" itemprop=\"datePublished\">15\/02\/2019 18:49<\/time><\/div><\/div><\/div><\/div><\/div>","single_layout":"posts","amp_enabled":true,"_links":{"self":[{"href":"https:\/\/www.suno.com.br\/noticias\/wp-json\/wp\/v2\/posts\/15518"}],"collection":[{"href":"https:\/\/www.suno.com.br\/noticias\/wp-json\/wp\/v2\/posts"}],"about":[{"href":"https:\/\/www.suno.com.br\/noticias\/wp-json\/wp\/v2\/types\/post"}],"author":[{"embeddable":true,"href":"https:\/\/www.suno.com.br\/noticias\/wp-json\/wp\/v2\/users\/14"}],"replies":[{"embeddable":true,"href":"https:\/\/www.suno.com.br\/noticias\/wp-json\/wp\/v2\/comments?post=15518"}],"version-history":[{"count":1,"href":"https:\/\/www.suno.com.br\/noticias\/wp-json\/wp\/v2\/posts\/15518\/revisions"}],"predecessor-version":[{"id":157480,"href":"https:\/\/www.suno.com.br\/noticias\/wp-json\/wp\/v2\/posts\/15518\/revisions\/157480"}],"wp:featuredmedia":[{"embeddable":true,"href":"https:\/\/www.suno.com.br\/noticias\/wp-json\/wp\/v2\/media\/7832"}],"wp:attachment":[{"href":"https:\/\/www.suno.com.br\/noticias\/wp-json\/wp\/v2\/media?parent=15518"}],"wp:term":[{"taxonomy":"category","embeddable":true,"href":"https:\/\/www.suno.com.br\/noticias\/wp-json\/wp\/v2\/categories?post=15518"},{"taxonomy":"post_tag","embeddable":true,"href":"https:\/\/www.suno.com.br\/noticias\/wp-json\/wp\/v2\/tags?post=15518"},{"taxonomy":"suno_strategy","embeddable":true,"href":"https:\/\/www.suno.com.br\/noticias\/wp-json\/wp\/v2\/suno_strategy?post=15518"}],"curies":[{"name":"wp","href":"https:\/\/api.w.org\/{rel}","templated":true}]}}