{"id":15511,"date":"2019-02-15T17:31:49","date_gmt":"2019-02-15T19:31:49","guid":{"rendered":"https:\/\/www.suno.com.br\/noticias\/?p=15511"},"modified":"2019-02-15T17:31:49","modified_gmt":"2019-02-15T19:31:49","slug":"carnaval-movimentar-bilhoes-cnc","status":"publish","type":"post","link":"https:\/\/www.suno.com.br\/noticias\/carnaval-movimentar-bilhoes-cnc\/","title":{"rendered":"Carnaval deve movimentar R$ 6,78 bilh\u00f5es em 2019, segundo CNC"},"content":{"rendered":"<p>O carnaval deve aumentar as receitas das atividades econ\u00f4micas ligadas ao turismo em 2% neste ano. O feriado deve movimentar R$ 6,78 bilh\u00f5es, segundo c\u00e1lculo da Confedera\u00e7\u00e3o Nacional do Com\u00e9rcio de Bens, Servi\u00e7os e Turismo (CNC).<\/p>\t<div class=\"wrapper-featured-image\">\n\t\t<figure class=\"spotlightImg\">\n\n\t\t\t<picture>\n\t\t\t\t<source media=\"(max-width: 768px)\" srcset=\"https:\/\/files.sunoresearch.com.br\/n\/uploads\/2019\/02\/14cce8cc-carnaval-400x200.webp\">\n\t\t\t\t<img loading=\"lazy\" decoding=\"async\" class=\"newsContent__article__imgCapa lazyloadDisabled newsContent__article__imgCapa--noCaption\" src=\"https:\/\/files.sunoresearch.com.br\/n\/uploads\/2019\/02\/14cce8cc-carnaval-jpg.webp\" width=\"800\" height=\"450\" alt=\"Carnaval deve movimentar R$ 6,78 bilh\u00f5es em 2019, segundo CNC\" fetchpriority=high \/>\n\t\t\t<\/picture>\n\n\t\t\t<figcaption class=\"wp-caption-text wp-caption-text--hide\">carnaval<\/figcaption>\n\t\t<\/figure>\n\t<\/div>\n\n\n<p>A data de folia deve levar \u00e0 <strong>contrata\u00e7\u00e3o<\/strong> de 23,6 mil <strong>trabalhadores tempor\u00e1rios,<\/strong> entre janeiro e fevereiro, para dar conta do <strong>aumento<\/strong> da <strong>demanda.<\/strong> Trata-se de um <strong>aumento<\/strong> de 23,4% em rela\u00e7\u00e3o ao <strong>carnaval<\/strong> do ano passado, quando 19,1 mil pessoas foram <strong>contratadas temporariamente.<\/strong> \u00c9 a maior quantidade de <strong>tempor\u00e1rios<\/strong> desde 2015 (21,1 mil), mas bem longe de alcan\u00e7ar o n\u00famero de <strong>postos abertos<\/strong> em 2014 (55,6 mil).<\/p>\n<p>A maior parte das <strong>vagas<\/strong> oferecidas s\u00e3o do <strong>setor de alimentos:<\/strong> 18,4 mil vagas, o que representa 78% das <strong>oportunidades<\/strong> abertas.<\/p>\n<p><a href=\"https:\/\/www.suno.com.br\/noticias\/subsidiaria-ambev-patrocinar-carnaval\/\">Saiba mais: Subsidi\u00e1ria da Ambev gastar\u00e1 R$ 16,1 mi para patrocinar carnaval de SP<\/a><\/p>\n<h2>Vagas tempor\u00e1rias para o carnaval<\/h2>\n<ul>\n<li><strong>2012:<\/strong> 18,3 mil pontos<\/li>\n<li><strong>2013:<\/strong> 26,6 mil postos<\/li>\n<li><strong>2014:<\/strong> 55,6 mil postos<\/li>\n<li><strong>2015:<\/strong> 21,2 mil postos<\/li>\n<li><strong>2016:<\/strong> 15,7 mil postos<\/li>\n<li><strong>2017:<\/strong> 17,8 mil postos<\/li>\n<li><strong>2018:<\/strong> 19,1 mil postos<\/li>\n<li><strong>2019:<\/strong> 23,6 mil postos<\/li>\n<\/ul>\n<p>Dois fatores v\u00e3o favorecer o aumento do <strong>faturamento<\/strong> do <strong>setor: infla\u00e7\u00e3o<\/strong> mais baixa e um <strong>d\u00f3lar<\/strong> 20% mais caro em rela\u00e7\u00e3o ao carnaval passado. Esse aumento favorece os gastos com o <strong>turismo<\/strong> em <strong>territ\u00f3rio nacional,<\/strong> j\u00e1 que as pessoas deixam de <strong>viajar<\/strong> para fora do Pa\u00eds.<\/p>\n<p>&#8220;A massa de <strong>rendimentos<\/strong> est\u00e1 mais favor\u00e1vel e mais pessoas est\u00e3o <strong>ocupadas,<\/strong> em um ambiente de <strong>infla\u00e7\u00e3o baixa<\/strong> e <strong>cr\u00e9dito<\/strong> mais barato, o que beneficia <strong>gastos n\u00e3o essenciais&#8221;,<\/strong> diz o economista-chefe da <strong>CNC<\/strong>, <strong>Fabio Bentes<\/strong>, ao G1.<\/p>\n<p>Entre toda a <a href=\"https:\/\/www.suno.com.br\/artigos\/receita-total\/\"><strong>receita gerada<\/strong><\/a> com o <strong>carnaval,<\/strong> a maior parte (84%) ficar\u00e1 concentrada em tr\u00eas segmentos:<\/p>\n<ul>\n<li><strong>Alimenta\u00e7\u00e3o fora do domic\u00edlio (food service):<\/strong> R$ 4,1 bilh\u00f5es<\/li>\n<li><strong>Transporte rodovi\u00e1rio:<\/strong> R$ 859,3 milh\u00f5es<\/li>\n<li><strong>Alojamento em hot\u00e9is e pousadas:<\/strong> R$ 774,3 milh\u00f5es<\/li>\n<\/ul>\n<p><a href=\"https:\/\/www.suno.com.br\/noticias\/febraban-alerta-fraudes-cartoes-carnaval\/\">Saiba mais: Febraban alerta foli\u00f5es sobre fraudes envolvendo cart\u00f5es no carnaval<\/a><\/p>\n<h2>O alerta da Febraban para o carnaval<\/h2>\n<p>Na \u00faltima segunda (11), a <strong>Federa\u00e7\u00e3o Brasileira de Bancos (Febraban)<\/strong> divulgou uma nota fazendo um alerta aos <strong>foli\u00f5es<\/strong> que pretendem curtir o <strong>carnaval<\/strong> de rua. Segundo a entidade, consumidores correm o risco de ter as <strong>senhas de seus cart\u00f5es<\/strong> roubadas durante a festa.<\/p>\n<p>A <strong>Febraban<\/strong> diz que quadrilhas podem se aproveitar das aglomera\u00e7\u00f5es e da distra\u00e7\u00e3o dos <strong>foli\u00f5es<\/strong> nos eventos ao ar livre para aplicar <strong>golpes<\/strong>.<\/p>\n<p><a href=\"https:\/\/www.suno.com.br\/noticias\/estrella-galicia-abrir-fabricas-brasil\/\">Saiba mais: Dona da Estrella Galicia quer abrir f\u00e1brica no Brasil em 2021<\/a><\/p>\n<p>Nesse tipo de <strong>golpe<\/strong>, o vendedor ambulante mal intencionado, no ato da venda, entrega a maquininha para o cliente digitar a <strong>senha do cart\u00e3o<\/strong>. Ele ent\u00e3o se vale da distra\u00e7\u00e3o do comprador para faz\u00ea-lo digitar a senha na etapa de inserir o valor da mercadoria. O fraudador pode ainda trocar o <strong>cart\u00e3o<\/strong> do cliente e devolver outro similar, muitas vezes do mesmo banco. A troca s\u00f3 \u00e9 percebida depois, quanto o consumidor tentar utiliz\u00e1-lo novamente.<\/p>\n<p>&#8220;Fique sempre atento ao seu<strong> cart\u00e3o<\/strong> e confira a devolu\u00e7\u00e3o. Veja se os n\u00fameros da sua <strong>senha<\/strong> est\u00e3o aparecendo na tela quando voc\u00ea as digita. Isso n\u00e3o pode acontecer. Lembre-se que o campo de <strong>senha<\/strong> mostra apenas asteriscos&#8221;, diz Adriano Volpini, diretor da comiss\u00e3o de Preven\u00e7\u00e3o e Fraudes da <strong>Febraban<\/strong>.<\/p>\n","protected":false},"excerpt":{"rendered":"<p>O carnaval deve aumentar as receitas das atividades econ\u00f4micas ligadas ao turismo em 2% neste ano. O feriado deve movimentar R$ 6,78 bilh\u00f5es, segundo c\u00e1lculo da Confedera\u00e7\u00e3o Nacional do Com\u00e9rcio de Bens, Servi\u00e7os e Turismo (CNC). carnaval A data de folia deve levar \u00e0 contrata\u00e7\u00e3o de 23,6 mil trabalhadores tempor\u00e1rios, entre janeiro e fevereiro, para [&hellip;]<\/p>\n","protected":false},"author":13,"featured_media":15513,"comment_status":"closed","ping_status":"closed","sticky":false,"template":"","format":"standard","meta":[],"categories":[60],"tags":[],"suno_strategy":[],"class_list":["post-15511","post","type-post","status-publish","format-standard","has-post-thumbnail","hentry","category-mercado"],"yoast_head":"<!-- This site is optimized with the Yoast SEO plugin v24.4 - https:\/\/yoast.com\/wordpress\/plugins\/seo\/ -->\n<title>Carnaval deve movimentar R$ 6,78 bilh\u00f5es em 2019, segundo CNC<\/title>\n<meta name=\"description\" content=\"O carnaval deve movimentar R$ 6,78 bilh\u00f5es em 2019 e gerar 23,6 mil postos de trabalho tempor\u00e1rios neste ano. Clique e saiba mais\" \/>\n<meta name=\"robots\" content=\"index, follow, max-snippet:-1, max-image-preview:large, max-video-preview:-1\" \/>\n<link rel=\"canonical\" href=\"https:\/\/www.suno.com.br\/noticias\/carnaval-movimentar-bilhoes-cnc\/\" \/>\n<meta property=\"og:locale\" content=\"pt_BR\" \/>\n<meta property=\"og:type\" content=\"article\" \/>\n<meta property=\"og:title\" content=\"Carnaval deve movimentar R$ 6,78 bilh\u00f5es em 2019, segundo CNC\" \/>\n<meta property=\"og:description\" content=\"O carnaval deve movimentar R$ 6,78 bilh\u00f5es em 2019 e gerar 23,6 mil postos de trabalho tempor\u00e1rios neste ano. Clique e saiba mais\" \/>\n<meta property=\"og:url\" content=\"https:\/\/www.suno.com.br\/noticias\/carnaval-movimentar-bilhoes-cnc\/\" \/>\n<meta property=\"og:site_name\" content=\"Suno Not\u00edcias\" \/>\n<meta property=\"article:publisher\" content=\"https:\/\/facebook.com\/sunoresearch\" \/>\n<meta property=\"og:image\" content=\"https:\/\/files.sunoresearch.com.br\/n\/uploads\/2019\/02\/14cce8cc-carnaval.jpg\" \/>\n\t<meta property=\"og:image:width\" content=\"720\" \/>\n\t<meta property=\"og:image:height\" content=\"460\" \/>\n\t<meta property=\"og:image:type\" content=\"image\/jpeg\" \/>\n<meta name=\"author\" content=\"Guilherme Caetano\" \/>\n<meta name=\"twitter:card\" content=\"summary_large_image\" \/>\n<meta name=\"twitter:creator\" content=\"@sunoresearch\" \/>\n<meta name=\"twitter:site\" content=\"@sunoresearch\" \/>\n<meta name=\"twitter:label1\" content=\"Escrito por\" \/>\n\t<meta name=\"twitter:data1\" content=\"Guilherme Caetano\" \/>\n\t<meta name=\"twitter:label2\" content=\"Est. tempo de leitura\" \/>\n\t<meta name=\"twitter:data2\" content=\"3 minutos\" \/>\n<script type=\"application\/ld+json\" class=\"yoast-schema-graph\">{\"@context\":\"https:\/\/schema.org\",\"@graph\":[{\"@type\":\"NewsArticle\",\"@id\":\"https:\/\/www.suno.com.br\/noticias\/carnaval-movimentar-bilhoes-cnc\/#article\",\"isPartOf\":{\"@id\":\"https:\/\/www.suno.com.br\/noticias\/carnaval-movimentar-bilhoes-cnc\/\"},\"author\":{\"name\":\"Guilherme Caetano\",\"@id\":\"https:\/\/www.suno.com.br\/noticias\/#\/schema\/person\/0d0c9687cd2f600c564f25980c140de9\"},\"headline\":\"Carnaval deve movimentar R$ 6,78 bilh\u00f5es em 2019, segundo CNC\",\"datePublished\":\"2019-02-15T19:31:49+00:00\",\"mainEntityOfPage\":{\"@id\":\"https:\/\/www.suno.com.br\/noticias\/carnaval-movimentar-bilhoes-cnc\/\"},\"wordCount\":547,\"publisher\":{\"@id\":\"https:\/\/www.suno.com.br\/noticias\/#organization\"},\"image\":{\"@id\":\"https:\/\/www.suno.com.br\/noticias\/carnaval-movimentar-bilhoes-cnc\/#primaryimage\"},\"thumbnailUrl\":\"https:\/\/files.sunoresearch.com.br\/n\/uploads\/2019\/02\/14cce8cc-carnaval-jpg.webp\",\"articleSection\":[\"Mercado\"],\"inLanguage\":\"pt-BR\"},{\"@type\":\"WebPage\",\"@id\":\"https:\/\/www.suno.com.br\/noticias\/carnaval-movimentar-bilhoes-cnc\/\",\"url\":\"https:\/\/www.suno.com.br\/noticias\/carnaval-movimentar-bilhoes-cnc\/\",\"name\":\"Carnaval deve movimentar R$ 6,78 bilh\u00f5es em 2019, segundo CNC\",\"isPartOf\":{\"@id\":\"https:\/\/www.suno.com.br\/noticias\/#website\"},\"primaryImageOfPage\":{\"@id\":\"https:\/\/www.suno.com.br\/noticias\/carnaval-movimentar-bilhoes-cnc\/#primaryimage\"},\"image\":{\"@id\":\"https:\/\/www.suno.com.br\/noticias\/carnaval-movimentar-bilhoes-cnc\/#primaryimage\"},\"thumbnailUrl\":\"https:\/\/files.sunoresearch.com.br\/n\/uploads\/2019\/02\/14cce8cc-carnaval-jpg.webp\",\"datePublished\":\"2019-02-15T19:31:49+00:00\",\"description\":\"O carnaval deve movimentar R$ 6,78 bilh\u00f5es em 2019 e gerar 23,6 mil postos de trabalho tempor\u00e1rios neste ano. Clique e saiba mais\",\"breadcrumb\":{\"@id\":\"https:\/\/www.suno.com.br\/noticias\/carnaval-movimentar-bilhoes-cnc\/#breadcrumb\"},\"inLanguage\":\"pt-BR\",\"potentialAction\":[{\"@type\":\"ReadAction\",\"target\":[\"https:\/\/www.suno.com.br\/noticias\/carnaval-movimentar-bilhoes-cnc\/\"]}]},{\"@type\":\"ImageObject\",\"inLanguage\":\"pt-BR\",\"@id\":\"https:\/\/www.suno.com.br\/noticias\/carnaval-movimentar-bilhoes-cnc\/#primaryimage\",\"url\":\"https:\/\/files.sunoresearch.com.br\/n\/uploads\/2019\/02\/14cce8cc-carnaval-jpg.webp\",\"contentUrl\":\"https:\/\/files.sunoresearch.com.br\/n\/uploads\/2019\/02\/14cce8cc-carnaval-jpg.webp\",\"width\":720,\"height\":460,\"caption\":\"carnaval\"},{\"@type\":\"BreadcrumbList\",\"@id\":\"https:\/\/www.suno.com.br\/noticias\/carnaval-movimentar-bilhoes-cnc\/#breadcrumb\",\"itemListElement\":[{\"@type\":\"ListItem\",\"position\":1,\"name\":\"Not\u00edcias\",\"item\":\"https:\/\/www.suno.com.br\/noticias\/\"},{\"@type\":\"ListItem\",\"position\":2,\"name\":\"Mercado\",\"item\":\"https:\/\/www.suno.com.br\/noticias\/mercado\/\"},{\"@type\":\"ListItem\",\"position\":3,\"name\":\"Carnaval deve movimentar R$ 6,78 bilh\u00f5es em 2019, segundo CNC\"}]},{\"@type\":\"WebSite\",\"@id\":\"https:\/\/www.suno.com.br\/noticias\/#website\",\"url\":\"https:\/\/www.suno.com.br\/noticias\/\",\"name\":\"Suno Not\u00edcias\",\"description\":\"Seu portal de informa\u00e7\u00e3o sobre o mundo dos investimentos\",\"publisher\":{\"@id\":\"https:\/\/www.suno.com.br\/noticias\/#organization\"},\"potentialAction\":[{\"@type\":\"SearchAction\",\"target\":{\"@type\":\"EntryPoint\",\"urlTemplate\":\"https:\/\/www.suno.com.br\/noticias\/?s={search_term_string}\"},\"query-input\":{\"@type\":\"PropertyValueSpecification\",\"valueRequired\":true,\"valueName\":\"search_term_string\"}}],\"inLanguage\":\"pt-BR\"},{\"@type\":\"Organization\",\"@id\":\"https:\/\/www.suno.com.br\/noticias\/#organization\",\"name\":\"Suno Not\u00edcias\",\"url\":\"https:\/\/www.suno.com.br\/noticias\/\",\"logo\":{\"@type\":\"ImageObject\",\"inLanguage\":\"pt-BR\",\"@id\":\"https:\/\/www.suno.com.br\/noticias\/#\/schema\/logo\/image\/\",\"url\":\"https:\/\/files.sunoresearch.com.br\/n\/uploads\/2021\/09\/suno-logo.png\",\"contentUrl\":\"https:\/\/files.sunoresearch.com.br\/n\/uploads\/2021\/09\/suno-logo.png\",\"width\":180,\"height\":180,\"caption\":\"Suno Not\u00edcias\"},\"image\":{\"@id\":\"https:\/\/www.suno.com.br\/noticias\/#\/schema\/logo\/image\/\"},\"sameAs\":[\"https:\/\/facebook.com\/sunoresearch\",\"https:\/\/x.com\/sunoresearch\",\"https:\/\/www.instagram.com\/suno\",\"https:\/\/www.linkedin.com\/company\/suno-research\/\",\"https:\/\/www.youtube.com\/c\/sunoresearch\"]},{\"@type\":\"Person\",\"@id\":\"https:\/\/www.suno.com.br\/noticias\/#\/schema\/person\/0d0c9687cd2f600c564f25980c140de9\",\"name\":\"Guilherme Caetano\",\"image\":{\"@type\":\"ImageObject\",\"inLanguage\":\"pt-BR\",\"@id\":\"https:\/\/www.suno.com.br\/noticias\/#\/schema\/person\/image\/\",\"url\":\"https:\/\/secure.gravatar.com\/avatar\/e48357351a01702a0d19307070e081bf?s=96&r=g\",\"contentUrl\":\"https:\/\/secure.gravatar.com\/avatar\/e48357351a01702a0d19307070e081bf?s=96&r=g\",\"caption\":\"Guilherme Caetano\"},\"description\":\"Formado em jornalismo pela Escola de Comunica\u00e7\u00f5es e Artes da USP, Guilherme Caetano escreve para o portal de not\u00edcias da Suno Research. Passou pelas reda\u00e7\u00f5es da Folha de S.Paulo e da revista \u00c9poca.\",\"url\":\"https:\/\/www.suno.com.br\/noticias\/author\/guilherme-caetano\/\"}]}<\/script>\n<!-- \/ Yoast SEO plugin. -->","yoast_head_json":{"title":"Carnaval deve movimentar R$ 6,78 bilh\u00f5es em 2019, segundo CNC","description":"O carnaval deve movimentar R$ 6,78 bilh\u00f5es em 2019 e gerar 23,6 mil postos de trabalho tempor\u00e1rios neste ano. Clique e saiba mais","robots":{"index":"index","follow":"follow","max-snippet":"max-snippet:-1","max-image-preview":"max-image-preview:large","max-video-preview":"max-video-preview:-1"},"canonical":"https:\/\/www.suno.com.br\/noticias\/carnaval-movimentar-bilhoes-cnc\/","og_locale":"pt_BR","og_type":"article","og_title":"Carnaval deve movimentar R$ 6,78 bilh\u00f5es em 2019, segundo CNC","og_description":"O carnaval deve movimentar R$ 6,78 bilh\u00f5es em 2019 e gerar 23,6 mil postos de trabalho tempor\u00e1rios neste ano. Clique e saiba mais","og_url":"https:\/\/www.suno.com.br\/noticias\/carnaval-movimentar-bilhoes-cnc\/","og_site_name":"Suno Not\u00edcias","article_publisher":"https:\/\/facebook.com\/sunoresearch","og_image":[{"width":720,"height":460,"url":"https:\/\/files.sunoresearch.com.br\/n\/uploads\/2019\/02\/14cce8cc-carnaval.jpg","type":"image\/jpeg"}],"author":"Guilherme Caetano","twitter_card":"summary_large_image","twitter_creator":"@sunoresearch","twitter_site":"@sunoresearch","twitter_misc":{"Escrito por":"Guilherme Caetano","Est. tempo de leitura":"3 minutos"},"schema":{"@context":"https:\/\/schema.org","@graph":[{"@type":"NewsArticle","@id":"https:\/\/www.suno.com.br\/noticias\/carnaval-movimentar-bilhoes-cnc\/#article","isPartOf":{"@id":"https:\/\/www.suno.com.br\/noticias\/carnaval-movimentar-bilhoes-cnc\/"},"author":{"name":"Guilherme Caetano","@id":"https:\/\/www.suno.com.br\/noticias\/#\/schema\/person\/0d0c9687cd2f600c564f25980c140de9"},"headline":"Carnaval deve movimentar R$ 6,78 bilh\u00f5es em 2019, segundo CNC","datePublished":"2019-02-15T19:31:49+00:00","mainEntityOfPage":{"@id":"https:\/\/www.suno.com.br\/noticias\/carnaval-movimentar-bilhoes-cnc\/"},"wordCount":547,"publisher":{"@id":"https:\/\/www.suno.com.br\/noticias\/#organization"},"image":{"@id":"https:\/\/www.suno.com.br\/noticias\/carnaval-movimentar-bilhoes-cnc\/#primaryimage"},"thumbnailUrl":"https:\/\/files.sunoresearch.com.br\/n\/uploads\/2019\/02\/14cce8cc-carnaval-jpg.webp","articleSection":["Mercado"],"inLanguage":"pt-BR"},{"@type":"WebPage","@id":"https:\/\/www.suno.com.br\/noticias\/carnaval-movimentar-bilhoes-cnc\/","url":"https:\/\/www.suno.com.br\/noticias\/carnaval-movimentar-bilhoes-cnc\/","name":"Carnaval deve movimentar R$ 6,78 bilh\u00f5es em 2019, segundo CNC","isPartOf":{"@id":"https:\/\/www.suno.com.br\/noticias\/#website"},"primaryImageOfPage":{"@id":"https:\/\/www.suno.com.br\/noticias\/carnaval-movimentar-bilhoes-cnc\/#primaryimage"},"image":{"@id":"https:\/\/www.suno.com.br\/noticias\/carnaval-movimentar-bilhoes-cnc\/#primaryimage"},"thumbnailUrl":"https:\/\/files.sunoresearch.com.br\/n\/uploads\/2019\/02\/14cce8cc-carnaval-jpg.webp","datePublished":"2019-02-15T19:31:49+00:00","description":"O carnaval deve movimentar R$ 6,78 bilh\u00f5es em 2019 e gerar 23,6 mil postos de trabalho tempor\u00e1rios neste ano. Clique e saiba mais","breadcrumb":{"@id":"https:\/\/www.suno.com.br\/noticias\/carnaval-movimentar-bilhoes-cnc\/#breadcrumb"},"inLanguage":"pt-BR","potentialAction":[{"@type":"ReadAction","target":["https:\/\/www.suno.com.br\/noticias\/carnaval-movimentar-bilhoes-cnc\/"]}]},{"@type":"ImageObject","inLanguage":"pt-BR","@id":"https:\/\/www.suno.com.br\/noticias\/carnaval-movimentar-bilhoes-cnc\/#primaryimage","url":"https:\/\/files.sunoresearch.com.br\/n\/uploads\/2019\/02\/14cce8cc-carnaval-jpg.webp","contentUrl":"https:\/\/files.sunoresearch.com.br\/n\/uploads\/2019\/02\/14cce8cc-carnaval-jpg.webp","width":720,"height":460,"caption":"carnaval"},{"@type":"BreadcrumbList","@id":"https:\/\/www.suno.com.br\/noticias\/carnaval-movimentar-bilhoes-cnc\/#breadcrumb","itemListElement":[{"@type":"ListItem","position":1,"name":"Not\u00edcias","item":"https:\/\/www.suno.com.br\/noticias\/"},{"@type":"ListItem","position":2,"name":"Mercado","item":"https:\/\/www.suno.com.br\/noticias\/mercado\/"},{"@type":"ListItem","position":3,"name":"Carnaval deve movimentar R$ 6,78 bilh\u00f5es em 2019, segundo CNC"}]},{"@type":"WebSite","@id":"https:\/\/www.suno.com.br\/noticias\/#website","url":"https:\/\/www.suno.com.br\/noticias\/","name":"Suno Not\u00edcias","description":"Seu portal de informa\u00e7\u00e3o sobre o mundo dos investimentos","publisher":{"@id":"https:\/\/www.suno.com.br\/noticias\/#organization"},"potentialAction":[{"@type":"SearchAction","target":{"@type":"EntryPoint","urlTemplate":"https:\/\/www.suno.com.br\/noticias\/?s={search_term_string}"},"query-input":{"@type":"PropertyValueSpecification","valueRequired":true,"valueName":"search_term_string"}}],"inLanguage":"pt-BR"},{"@type":"Organization","@id":"https:\/\/www.suno.com.br\/noticias\/#organization","name":"Suno Not\u00edcias","url":"https:\/\/www.suno.com.br\/noticias\/","logo":{"@type":"ImageObject","inLanguage":"pt-BR","@id":"https:\/\/www.suno.com.br\/noticias\/#\/schema\/logo\/image\/","url":"https:\/\/files.sunoresearch.com.br\/n\/uploads\/2021\/09\/suno-logo.png","contentUrl":"https:\/\/files.sunoresearch.com.br\/n\/uploads\/2021\/09\/suno-logo.png","width":180,"height":180,"caption":"Suno Not\u00edcias"},"image":{"@id":"https:\/\/www.suno.com.br\/noticias\/#\/schema\/logo\/image\/"},"sameAs":["https:\/\/facebook.com\/sunoresearch","https:\/\/x.com\/sunoresearch","https:\/\/www.instagram.com\/suno","https:\/\/www.linkedin.com\/company\/suno-research\/","https:\/\/www.youtube.com\/c\/sunoresearch"]},{"@type":"Person","@id":"https:\/\/www.suno.com.br\/noticias\/#\/schema\/person\/0d0c9687cd2f600c564f25980c140de9","name":"Guilherme Caetano","image":{"@type":"ImageObject","inLanguage":"pt-BR","@id":"https:\/\/www.suno.com.br\/noticias\/#\/schema\/person\/image\/","url":"https:\/\/secure.gravatar.com\/avatar\/e48357351a01702a0d19307070e081bf?s=96&r=g","contentUrl":"https:\/\/secure.gravatar.com\/avatar\/e48357351a01702a0d19307070e081bf?s=96&r=g","caption":"Guilherme Caetano"},"description":"Formado em jornalismo pela Escola de Comunica\u00e7\u00f5es e Artes da USP, Guilherme Caetano escreve para o portal de not\u00edcias da Suno Research. Passou pelas reda\u00e7\u00f5es da Folha de S.Paulo e da revista \u00c9poca.","url":"https:\/\/www.suno.com.br\/noticias\/author\/guilherme-caetano\/"}]}},"default_loop_html":"<div class=\"cardsPage__listCard__boxs\"><div class=\"cardsPage__listCard__boxs__img\"><a href=\"https:\/\/www.suno.com.br\/noticias\/carnaval-movimentar-bilhoes-cnc\/\"><img class=\"mask\" src=\"https:\/\/www.suno.com.br\/noticias\/wp-content\/themes\/suno\/resources\/images\/spotlight\/spotlight1img\/bg-mask.png\" alt=\"Image Mask\"\/><img src=\"https:\/\/files.sunoresearch.com.br\/n\/uploads\/2019\/02\/14cce8cc-carnaval-400x200.webp\" alt=\"Carnaval deve movimentar R$ 6,78 bilh\u00f5es em 2019, segundo CNC\"\/><\/a><span class=\"spotlightCategory\"><a href=\"https:\/\/www.suno.com.br\/noticias\/mercado\/\">Mercado<\/a><\/span><\/div><div class=\"cardsPage__listCard__boxs__content\"><a href=\"https:\/\/www.suno.com.br\/noticias\/carnaval-movimentar-bilhoes-cnc\/\"><h2 class=\"content__title\">Carnaval deve movimentar R$ 6,78 bilh\u00f5es em 2019, segundo CNC<\/h2><\/a><div class=\"newsContent__article__meta\"><div class=\"newsContent__article__meta__authorBox\"><a href=\"https:\/\/www.suno.com.br\/noticias\/author\/guilherme-caetano\/\" class=\"authorBox__avatar noMobi\"><img src=\"https:\/\/secure.gravatar.com\/avatar\/e48357351a01702a0d19307070e081bf?s=96&#038;r=g\" alt=\"Guilherme Caetano\"><\/a><div class=\"authorBox__name\"><span>por\n\t\t\t<a href=\"https:\/\/www.suno.com.br\/noticias\/author\/guilherme-caetano\/\"><span itemprop=\"author\">Guilherme Caetano<\/span><\/a><\/span><time datetime=\"2019-02-15T17:31:49-02:00\" itemprop=\"datePublished\">15\/02\/2019 17:31<\/time><\/div><\/div><\/div><\/div><\/div>","single_layout":"posts","amp_enabled":true,"_links":{"self":[{"href":"https:\/\/www.suno.com.br\/noticias\/wp-json\/wp\/v2\/posts\/15511"}],"collection":[{"href":"https:\/\/www.suno.com.br\/noticias\/wp-json\/wp\/v2\/posts"}],"about":[{"href":"https:\/\/www.suno.com.br\/noticias\/wp-json\/wp\/v2\/types\/post"}],"author":[{"embeddable":true,"href":"https:\/\/www.suno.com.br\/noticias\/wp-json\/wp\/v2\/users\/13"}],"replies":[{"embeddable":true,"href":"https:\/\/www.suno.com.br\/noticias\/wp-json\/wp\/v2\/comments?post=15511"}],"version-history":[{"count":0,"href":"https:\/\/www.suno.com.br\/noticias\/wp-json\/wp\/v2\/posts\/15511\/revisions"}],"wp:featuredmedia":[{"embeddable":true,"href":"https:\/\/www.suno.com.br\/noticias\/wp-json\/wp\/v2\/media\/15513"}],"wp:attachment":[{"href":"https:\/\/www.suno.com.br\/noticias\/wp-json\/wp\/v2\/media?parent=15511"}],"wp:term":[{"taxonomy":"category","embeddable":true,"href":"https:\/\/www.suno.com.br\/noticias\/wp-json\/wp\/v2\/categories?post=15511"},{"taxonomy":"post_tag","embeddable":true,"href":"https:\/\/www.suno.com.br\/noticias\/wp-json\/wp\/v2\/tags?post=15511"},{"taxonomy":"suno_strategy","embeddable":true,"href":"https:\/\/www.suno.com.br\/noticias\/wp-json\/wp\/v2\/suno_strategy?post=15511"}],"curies":[{"name":"wp","href":"https:\/\/api.w.org\/{rel}","templated":true}]}}