{"id":15502,"date":"2019-02-15T17:07:30","date_gmt":"2019-02-15T19:07:30","guid":{"rendered":"https:\/\/www.suno.com.br\/noticias\/?p=15502"},"modified":"2021-06-13T23:48:47","modified_gmt":"2021-06-14T02:48:47","slug":"dolar-cai-bolsonaro-idade-previdencia","status":"publish","type":"post","link":"https:\/\/www.suno.com.br\/noticias\/dolar-cai-bolsonaro-idade-previdencia\/","title":{"rendered":"D\u00f3lar cai novamente ap\u00f3s Bolsonaro definir idade m\u00ednima na Previd\u00eancia"},"content":{"rendered":"<p>O d\u00f3lar operou em queda durante o dia e registrou nova baixa nesta sexta-feira (15). A moeda norte-americana caiu -0,973% sendo avaliada em R$\u00a03,7037.<\/p>\t<div class=\"wrapper-featured-image\">\n\t\t<figure class=\"spotlightImg\">\n\n\t\t\t<picture>\n\t\t\t\t<source media=\"(max-width: 768px)\" srcset=\"https:\/\/files.sunoresearch.com.br\/n\/uploads\/2019\/02\/5ba1fab8-d\u00f3lar-400x200.webp\">\n\t\t\t\t<img loading=\"lazy\" decoding=\"async\" class=\"newsContent__article__imgCapa lazyloadDisabled newsContent__article__imgCapa--noCaption\" src=\"https:\/\/files.sunoresearch.com.br\/n\/uploads\/2019\/02\/5ba1fab8-d\u00f3lar-jpg.webp\" width=\"800\" height=\"450\" alt=\"D\u00f3lar cai novamente ap\u00f3s Bolsonaro definir idade m\u00ednima na Previd\u00eancia\" fetchpriority=high \/>\n\t\t\t<\/picture>\n\n\t\t\t<figcaption class=\"wp-caption-text wp-caption-text--hide\">Na \u00faltima sess\u00e3o, ter\u00e7a-feira (08), o d\u00f3lar encerrou em alta de 1,095, cotado em R$ 5,3662.<\/figcaption>\n\t\t<\/figure>\n\t<\/div>\n\n\n<p>O recuo <strong>d\u00f3lar<\/strong> aconteceu ap\u00f3s o governo de <strong>Jair Bolsonaro<\/strong> declarar a nova idade m\u00ednima proposta pela <strong>reforma da Previd\u00eancia<\/strong>. Al\u00e9m disso, o presidente dos Estados Unidos, <strong>Donald Trump<\/strong>, declarou <strong>emerg\u00eancia nacional<\/strong>.<\/p>\n<p>A moeda registrou sua pior marca por volta das 10h40, quando foi avaliada em R$ 3,7033. No entanto, a m\u00e1xima do dia veio \u00e0s 13h30 sendo cotada a R$\u00a03,724.<\/p>\n<p>Outras Moedas:<\/p>\n<ul>\n<li><strong>Euro:\u00a0<\/strong>queda de -0,518% (R$ 4,1856);<\/li>\n<li><strong>Libra Esterlina:\u00a0<\/strong>alta de +0,17% (R$ 4,7753);<\/li>\n<li><strong>Bitcoin:\u00a0<\/strong>queda de -0,21% (R$ 13.200,54).<\/li>\n<\/ul>\n<p>Principais assuntos que movimentaram esta sess\u00e3o:<\/p>\n<ul>\n<li><strong>Idade m\u00ednima da reforma da Previd\u00eancia;<\/strong><\/li>\n<li><strong>Emerg\u00eancia nacional dos EUA;<\/strong><\/li>\n<li><strong>Movimenta\u00e7\u00e3o Banco Central.<\/strong><\/li>\n<\/ul>\n<h2>Idade m\u00ednima da reforma da Previd\u00eancia<\/h2>\n<p>O presidente <strong>Jair Bolsonaro<\/strong>, definiu as idades m\u00ednimas da reforma da Previd\u00eancia na \u00faltima quinta-feira (14).<\/p>\n<p>Dessa forma, homens ter\u00e3o a<strong> idade m\u00ednima<\/strong> de 65 anos para se aposentar, enquanto as mulheres ter\u00e3o 62 anos de m\u00ednima.<\/p>\n<p>A decis\u00e3o foi tomada por Bolsonaro durante uma reuni\u00e3o com sua equipe econ\u00f4mica, onde foi definida a <strong>proposta<\/strong> que seria encaminhada ao Congresso Nacional.<\/p>\n<p>Estavam na reuni\u00e3o:<\/p>\n<ul>\n<li>Ministro da Economia, <strong>Paulo Guedes;<\/strong><\/li>\n<li>Ministro-chefe da Casa Civil, <strong>Onyx Lorenzoni<\/strong>;<\/li>\n<li>Ministro da Secretaria de Governo, <strong>Carlos Alberto dos Santos Cruz<\/strong>.<\/li>\n<\/ul>\n<p><a href=\"https:\/\/www.suno.com.br\/noticias\/reforma-previdencia-idades-minimas\/\">Saiba mais:\u00a0Reforma da Previd\u00eancia: Bolsonaro define idades m\u00ednimas de novo regime<\/a><\/p>\n<p>A implementa\u00e7\u00e3o da <strong>idade m\u00ednima<\/strong> se dar\u00e1 ap\u00f3s um per\u00edodo de 12 anos de <strong>transi\u00e7\u00e3o<\/strong> do atual <strong>regime previdenci\u00e1rio.<\/strong><\/p>\n<p>De acordo com o secret\u00e1rio da Previd\u00eancia Social, Rog\u00e9rio Marinho, a<strong> Proposta de Emenda \u00e0 Constitui\u00e7\u00e3o (PEC)<\/strong> ser\u00e1 assinada pelo presidente no pr\u00f3ximo dia 20.<\/p>\n<h2>Emerg\u00eancia nacional dos EUA<\/h2>\n<p>O presidente dos Estados Unidos, <strong>Donald Trump<\/strong>, declarou nesta sexta-feira (15) emerg\u00eancia Nacional.<\/p>\n<p>No entanto, o\u00a0objetivo \u00e9 de ter acesso a bilh\u00f5es de d\u00f3lares para construir um muro da fronteira com o M\u00e9xico, j\u00e1 que o <strong>Congresso<\/strong> se recusou a incluir a verba no or\u00e7amento da Uni\u00e3o.<\/p>\n<p>De acordo com o jornal &#8220;The New York Times&#8221;, a medida de Donald Trump\u00a0de decretar <strong>emerg\u00eancia nacional<\/strong> &#8220;transforma uma disputa pol\u00edtica altamente carregada num confronto fundamental na separa\u00e7\u00e3o dos Poderes&#8221;.<\/p>\n<p><a href=\"https:\/\/www.suno.com.br\/noticias\/trump-emergencia-nacional-financiar-muro\/\">Saiba mais:\u00a0Trump decreta emerg\u00eancia nacional para financiar constru\u00e7\u00e3o de muro<\/a><\/p>\n<p>Conforme declarou em um pronunciamento televiso, Trump afirmou que\u00a0estava assinando a declara\u00e7\u00e3o para proteger os <strong>Estados Unidos<\/strong> do fluxo de drogas, criminosos e <strong>imigrantes ilegais<\/strong> que chegam atrav\u00e9s da fronteira sudoeste com o <strong>M\u00e9xico<\/strong> e que, segundo ele, s\u00e3o&#8221;uma profunda <strong>amea\u00e7a \u00e0 soberania nacional<\/strong>&#8220;.<\/p>\n<h2>Movimenta\u00e7\u00e3o do Banco Central<\/h2>\n<p>Durante esta sess\u00e3o o <strong>Banco Central<\/strong> vendeu 10,33 mil swaps cambiais tradicionais, que equivalem e venda futura de d\u00f3lares.<\/p>\n<p>Dessa forma, foram rolados US$ 5,681 bilh\u00f5es do total de US$ 9,811 bilh\u00f5es que vencem em mar\u00e7o.<\/p>\n<h2>\u00daltima cota\u00e7\u00e3o<\/h2>\n<p>Na \u00faltima quinta-feira (14) o <strong>d\u00f3lar<\/strong> tamb\u00e9m fechou a sess\u00e3o em queda. No entanto, a <strong>moeda<\/strong> norte-americana recuou -0,336% sendo cotada a R$ 3,7401.<\/p>\n","protected":false},"excerpt":{"rendered":"<p>O d\u00f3lar operou em queda durante o dia e registrou nova baixa nesta sexta-feira (15). A moeda norte-americana caiu -0,973% sendo avaliada em R$\u00a03,7037. Na \u00faltima sess\u00e3o, ter\u00e7a-feira (08), o d\u00f3lar encerrou em alta de 1,095, cotado em R$ 5,3662. O recuo d\u00f3lar aconteceu ap\u00f3s o governo de Jair Bolsonaro declarar a nova idade m\u00ednima [&hellip;]<\/p>\n","protected":false},"author":11,"featured_media":14239,"comment_status":"closed","ping_status":"closed","sticky":false,"template":"","format":"standard","meta":[],"categories":[60],"tags":[1842,326,724,793,719,940],"suno_strategy":[],"class_list":["post-15502","post","type-post","status-publish","format-standard","has-post-thumbnail","hentry","category-mercado","tag-banco-central-bc","tag-dolar","tag-donald-trump","tag-estados-unidos-eua","tag-jair-bolsonaro","tag-reforma-da-previdencia"],"yoast_head":"<!-- This site is optimized with the Yoast SEO plugin v24.4 - https:\/\/yoast.com\/wordpress\/plugins\/seo\/ -->\n<title>D\u00f3lar cai novamente ap\u00f3s Bolsonaro definir idade m\u00ednima na Previd\u00eancia<\/title>\n<meta name=\"description\" content=\"D\u00f3lar registra nova queda e Trump declara emerg\u00eancia nacional; Defini\u00e7\u00f5es da Previd\u00eancia fazem moeda operar em baixa. Clique para saber mais.\" \/>\n<meta name=\"robots\" content=\"index, follow, max-snippet:-1, max-image-preview:large, max-video-preview:-1\" \/>\n<link rel=\"canonical\" href=\"https:\/\/www.suno.com.br\/noticias\/dolar-cai-bolsonaro-idade-previdencia\/\" \/>\n<meta property=\"og:locale\" content=\"pt_BR\" \/>\n<meta property=\"og:type\" content=\"article\" \/>\n<meta property=\"og:title\" content=\"D\u00f3lar cai novamente ap\u00f3s Bolsonaro definir idade m\u00ednima na Previd\u00eancia\" \/>\n<meta property=\"og:description\" content=\"D\u00f3lar registra nova queda e Trump declara emerg\u00eancia nacional; Defini\u00e7\u00f5es da Previd\u00eancia fazem moeda operar em baixa. Clique para saber mais.\" \/>\n<meta property=\"og:url\" content=\"https:\/\/www.suno.com.br\/noticias\/dolar-cai-bolsonaro-idade-previdencia\/\" \/>\n<meta property=\"og:site_name\" content=\"Suno Not\u00edcias\" \/>\n<meta property=\"article:publisher\" content=\"https:\/\/facebook.com\/sunoresearch\" \/>\n<meta property=\"og:image\" content=\"https:\/\/files.sunoresearch.com.br\/n\/uploads\/2019\/02\/5ba1fab8-d\u00f3lar.jpg\" \/>\n\t<meta property=\"og:image:width\" content=\"633\" \/>\n\t<meta property=\"og:image:height\" content=\"475\" \/>\n\t<meta property=\"og:image:type\" content=\"image\/jpeg\" \/>\n<meta name=\"author\" content=\"Renan Bandeira\" \/>\n<meta name=\"twitter:card\" content=\"summary_large_image\" \/>\n<meta name=\"twitter:creator\" content=\"@sunoresearch\" \/>\n<meta name=\"twitter:site\" content=\"@sunoresearch\" \/>\n<meta name=\"twitter:label1\" content=\"Escrito por\" \/>\n\t<meta name=\"twitter:data1\" content=\"Renan Bandeira\" \/>\n\t<meta name=\"twitter:label2\" content=\"Est. tempo de leitura\" \/>\n\t<meta name=\"twitter:data2\" content=\"3 minutos\" \/>\n<script type=\"application\/ld+json\" class=\"yoast-schema-graph\">{\"@context\":\"https:\/\/schema.org\",\"@graph\":[{\"@type\":\"NewsArticle\",\"@id\":\"https:\/\/www.suno.com.br\/noticias\/dolar-cai-bolsonaro-idade-previdencia\/#article\",\"isPartOf\":{\"@id\":\"https:\/\/www.suno.com.br\/noticias\/dolar-cai-bolsonaro-idade-previdencia\/\"},\"author\":{\"name\":\"Renan Bandeira\",\"@id\":\"https:\/\/www.suno.com.br\/noticias\/#\/schema\/person\/fc144a1c6108bd1dcd43784e88a3c138\"},\"headline\":\"D\u00f3lar cai novamente ap\u00f3s Bolsonaro definir idade m\u00ednima na Previd\u00eancia\",\"datePublished\":\"2019-02-15T19:07:30+00:00\",\"dateModified\":\"2021-06-14T02:48:47+00:00\",\"mainEntityOfPage\":{\"@id\":\"https:\/\/www.suno.com.br\/noticias\/dolar-cai-bolsonaro-idade-previdencia\/\"},\"wordCount\":537,\"publisher\":{\"@id\":\"https:\/\/www.suno.com.br\/noticias\/#organization\"},\"image\":{\"@id\":\"https:\/\/www.suno.com.br\/noticias\/dolar-cai-bolsonaro-idade-previdencia\/#primaryimage\"},\"thumbnailUrl\":\"https:\/\/files.sunoresearch.com.br\/n\/uploads\/2019\/02\/5ba1fab8-d\u00f3lar-jpg.webp\",\"keywords\":[\"Banco Central (BC)\",\"d\u00f3lar\",\"Donald Trump\",\"Estados Unidos (EUA)\",\"Jair Bolsonaro\",\"Reforma da Previd\u00eancia\"],\"articleSection\":[\"Mercado\"],\"inLanguage\":\"pt-BR\"},{\"@type\":\"WebPage\",\"@id\":\"https:\/\/www.suno.com.br\/noticias\/dolar-cai-bolsonaro-idade-previdencia\/\",\"url\":\"https:\/\/www.suno.com.br\/noticias\/dolar-cai-bolsonaro-idade-previdencia\/\",\"name\":\"D\u00f3lar cai novamente ap\u00f3s Bolsonaro definir idade m\u00ednima na Previd\u00eancia\",\"isPartOf\":{\"@id\":\"https:\/\/www.suno.com.br\/noticias\/#website\"},\"primaryImageOfPage\":{\"@id\":\"https:\/\/www.suno.com.br\/noticias\/dolar-cai-bolsonaro-idade-previdencia\/#primaryimage\"},\"image\":{\"@id\":\"https:\/\/www.suno.com.br\/noticias\/dolar-cai-bolsonaro-idade-previdencia\/#primaryimage\"},\"thumbnailUrl\":\"https:\/\/files.sunoresearch.com.br\/n\/uploads\/2019\/02\/5ba1fab8-d\u00f3lar-jpg.webp\",\"datePublished\":\"2019-02-15T19:07:30+00:00\",\"dateModified\":\"2021-06-14T02:48:47+00:00\",\"description\":\"D\u00f3lar registra nova queda e Trump declara emerg\u00eancia nacional; Defini\u00e7\u00f5es da Previd\u00eancia fazem moeda operar em baixa. Clique para saber mais.\",\"breadcrumb\":{\"@id\":\"https:\/\/www.suno.com.br\/noticias\/dolar-cai-bolsonaro-idade-previdencia\/#breadcrumb\"},\"inLanguage\":\"pt-BR\",\"potentialAction\":[{\"@type\":\"ReadAction\",\"target\":[\"https:\/\/www.suno.com.br\/noticias\/dolar-cai-bolsonaro-idade-previdencia\/\"]}]},{\"@type\":\"ImageObject\",\"inLanguage\":\"pt-BR\",\"@id\":\"https:\/\/www.suno.com.br\/noticias\/dolar-cai-bolsonaro-idade-previdencia\/#primaryimage\",\"url\":\"https:\/\/files.sunoresearch.com.br\/n\/uploads\/2019\/02\/5ba1fab8-d\u00f3lar-jpg.webp\",\"contentUrl\":\"https:\/\/files.sunoresearch.com.br\/n\/uploads\/2019\/02\/5ba1fab8-d\u00f3lar-jpg.webp\",\"width\":633,\"height\":475,\"caption\":\"Na \u00faltima sess\u00e3o, ter\u00e7a-feira (08), o d\u00f3lar encerrou em alta de 1,095, cotado em R$ 5,3662.\"},{\"@type\":\"BreadcrumbList\",\"@id\":\"https:\/\/www.suno.com.br\/noticias\/dolar-cai-bolsonaro-idade-previdencia\/#breadcrumb\",\"itemListElement\":[{\"@type\":\"ListItem\",\"position\":1,\"name\":\"Not\u00edcias\",\"item\":\"https:\/\/www.suno.com.br\/noticias\/\"},{\"@type\":\"ListItem\",\"position\":2,\"name\":\"Mercado\",\"item\":\"https:\/\/www.suno.com.br\/noticias\/mercado\/\"},{\"@type\":\"ListItem\",\"position\":3,\"name\":\"D\u00f3lar cai novamente ap\u00f3s Bolsonaro definir idade m\u00ednima na Previd\u00eancia\"}]},{\"@type\":\"WebSite\",\"@id\":\"https:\/\/www.suno.com.br\/noticias\/#website\",\"url\":\"https:\/\/www.suno.com.br\/noticias\/\",\"name\":\"Suno Not\u00edcias\",\"description\":\"Seu portal de informa\u00e7\u00e3o sobre o mundo dos investimentos\",\"publisher\":{\"@id\":\"https:\/\/www.suno.com.br\/noticias\/#organization\"},\"potentialAction\":[{\"@type\":\"SearchAction\",\"target\":{\"@type\":\"EntryPoint\",\"urlTemplate\":\"https:\/\/www.suno.com.br\/noticias\/?s={search_term_string}\"},\"query-input\":{\"@type\":\"PropertyValueSpecification\",\"valueRequired\":true,\"valueName\":\"search_term_string\"}}],\"inLanguage\":\"pt-BR\"},{\"@type\":\"Organization\",\"@id\":\"https:\/\/www.suno.com.br\/noticias\/#organization\",\"name\":\"Suno Not\u00edcias\",\"url\":\"https:\/\/www.suno.com.br\/noticias\/\",\"logo\":{\"@type\":\"ImageObject\",\"inLanguage\":\"pt-BR\",\"@id\":\"https:\/\/www.suno.com.br\/noticias\/#\/schema\/logo\/image\/\",\"url\":\"https:\/\/files.sunoresearch.com.br\/n\/uploads\/2021\/09\/suno-logo.png\",\"contentUrl\":\"https:\/\/files.sunoresearch.com.br\/n\/uploads\/2021\/09\/suno-logo.png\",\"width\":180,\"height\":180,\"caption\":\"Suno Not\u00edcias\"},\"image\":{\"@id\":\"https:\/\/www.suno.com.br\/noticias\/#\/schema\/logo\/image\/\"},\"sameAs\":[\"https:\/\/facebook.com\/sunoresearch\",\"https:\/\/x.com\/sunoresearch\",\"https:\/\/www.instagram.com\/suno\",\"https:\/\/www.linkedin.com\/company\/suno-research\/\",\"https:\/\/www.youtube.com\/c\/sunoresearch\"]},{\"@type\":\"Person\",\"@id\":\"https:\/\/www.suno.com.br\/noticias\/#\/schema\/person\/fc144a1c6108bd1dcd43784e88a3c138\",\"name\":\"Renan Bandeira\",\"image\":{\"@type\":\"ImageObject\",\"inLanguage\":\"pt-BR\",\"@id\":\"https:\/\/www.suno.com.br\/noticias\/#\/schema\/person\/image\/\",\"url\":\"https:\/\/secure.gravatar.com\/avatar\/68359cdb608f14f11bbefcb78f3fc747?s=96&r=g\",\"contentUrl\":\"https:\/\/secure.gravatar.com\/avatar\/68359cdb608f14f11bbefcb78f3fc747?s=96&r=g\",\"caption\":\"Renan Bandeira\"},\"description\":\"Renan Bandeira escreve sobre pol\u00edtica e economia para o portal da Suno Research. Antes da Suno, trabalhou em uma rede de televis\u00e3o, onde fazia reportagens sobre os mesmos temas. Estuda na Universidade Metodista de S\u00e3o Paulo.\",\"url\":\"https:\/\/www.suno.com.br\/noticias\/author\/renan-bandeira\/\"}]}<\/script>\n<!-- \/ Yoast SEO plugin. -->","yoast_head_json":{"title":"D\u00f3lar cai novamente ap\u00f3s Bolsonaro definir idade m\u00ednima na Previd\u00eancia","description":"D\u00f3lar registra nova queda e Trump declara emerg\u00eancia nacional; Defini\u00e7\u00f5es da Previd\u00eancia fazem moeda operar em baixa. Clique para saber mais.","robots":{"index":"index","follow":"follow","max-snippet":"max-snippet:-1","max-image-preview":"max-image-preview:large","max-video-preview":"max-video-preview:-1"},"canonical":"https:\/\/www.suno.com.br\/noticias\/dolar-cai-bolsonaro-idade-previdencia\/","og_locale":"pt_BR","og_type":"article","og_title":"D\u00f3lar cai novamente ap\u00f3s Bolsonaro definir idade m\u00ednima na Previd\u00eancia","og_description":"D\u00f3lar registra nova queda e Trump declara emerg\u00eancia nacional; Defini\u00e7\u00f5es da Previd\u00eancia fazem moeda operar em baixa. Clique para saber mais.","og_url":"https:\/\/www.suno.com.br\/noticias\/dolar-cai-bolsonaro-idade-previdencia\/","og_site_name":"Suno Not\u00edcias","article_publisher":"https:\/\/facebook.com\/sunoresearch","og_image":[{"width":633,"height":475,"url":"https:\/\/files.sunoresearch.com.br\/n\/uploads\/2019\/02\/5ba1fab8-d\u00f3lar.jpg","type":"image\/jpeg"}],"author":"Renan Bandeira","twitter_card":"summary_large_image","twitter_creator":"@sunoresearch","twitter_site":"@sunoresearch","twitter_misc":{"Escrito por":"Renan Bandeira","Est. tempo de leitura":"3 minutos"},"schema":{"@context":"https:\/\/schema.org","@graph":[{"@type":"NewsArticle","@id":"https:\/\/www.suno.com.br\/noticias\/dolar-cai-bolsonaro-idade-previdencia\/#article","isPartOf":{"@id":"https:\/\/www.suno.com.br\/noticias\/dolar-cai-bolsonaro-idade-previdencia\/"},"author":{"name":"Renan Bandeira","@id":"https:\/\/www.suno.com.br\/noticias\/#\/schema\/person\/fc144a1c6108bd1dcd43784e88a3c138"},"headline":"D\u00f3lar cai novamente ap\u00f3s Bolsonaro definir idade m\u00ednima na Previd\u00eancia","datePublished":"2019-02-15T19:07:30+00:00","dateModified":"2021-06-14T02:48:47+00:00","mainEntityOfPage":{"@id":"https:\/\/www.suno.com.br\/noticias\/dolar-cai-bolsonaro-idade-previdencia\/"},"wordCount":537,"publisher":{"@id":"https:\/\/www.suno.com.br\/noticias\/#organization"},"image":{"@id":"https:\/\/www.suno.com.br\/noticias\/dolar-cai-bolsonaro-idade-previdencia\/#primaryimage"},"thumbnailUrl":"https:\/\/files.sunoresearch.com.br\/n\/uploads\/2019\/02\/5ba1fab8-d\u00f3lar-jpg.webp","keywords":["Banco Central (BC)","d\u00f3lar","Donald Trump","Estados Unidos (EUA)","Jair Bolsonaro","Reforma da Previd\u00eancia"],"articleSection":["Mercado"],"inLanguage":"pt-BR"},{"@type":"WebPage","@id":"https:\/\/www.suno.com.br\/noticias\/dolar-cai-bolsonaro-idade-previdencia\/","url":"https:\/\/www.suno.com.br\/noticias\/dolar-cai-bolsonaro-idade-previdencia\/","name":"D\u00f3lar cai novamente ap\u00f3s Bolsonaro definir idade m\u00ednima na Previd\u00eancia","isPartOf":{"@id":"https:\/\/www.suno.com.br\/noticias\/#website"},"primaryImageOfPage":{"@id":"https:\/\/www.suno.com.br\/noticias\/dolar-cai-bolsonaro-idade-previdencia\/#primaryimage"},"image":{"@id":"https:\/\/www.suno.com.br\/noticias\/dolar-cai-bolsonaro-idade-previdencia\/#primaryimage"},"thumbnailUrl":"https:\/\/files.sunoresearch.com.br\/n\/uploads\/2019\/02\/5ba1fab8-d\u00f3lar-jpg.webp","datePublished":"2019-02-15T19:07:30+00:00","dateModified":"2021-06-14T02:48:47+00:00","description":"D\u00f3lar registra nova queda e Trump declara emerg\u00eancia nacional; Defini\u00e7\u00f5es da Previd\u00eancia fazem moeda operar em baixa. Clique para saber mais.","breadcrumb":{"@id":"https:\/\/www.suno.com.br\/noticias\/dolar-cai-bolsonaro-idade-previdencia\/#breadcrumb"},"inLanguage":"pt-BR","potentialAction":[{"@type":"ReadAction","target":["https:\/\/www.suno.com.br\/noticias\/dolar-cai-bolsonaro-idade-previdencia\/"]}]},{"@type":"ImageObject","inLanguage":"pt-BR","@id":"https:\/\/www.suno.com.br\/noticias\/dolar-cai-bolsonaro-idade-previdencia\/#primaryimage","url":"https:\/\/files.sunoresearch.com.br\/n\/uploads\/2019\/02\/5ba1fab8-d\u00f3lar-jpg.webp","contentUrl":"https:\/\/files.sunoresearch.com.br\/n\/uploads\/2019\/02\/5ba1fab8-d\u00f3lar-jpg.webp","width":633,"height":475,"caption":"Na \u00faltima sess\u00e3o, ter\u00e7a-feira (08), o d\u00f3lar encerrou em alta de 1,095, cotado em R$ 5,3662."},{"@type":"BreadcrumbList","@id":"https:\/\/www.suno.com.br\/noticias\/dolar-cai-bolsonaro-idade-previdencia\/#breadcrumb","itemListElement":[{"@type":"ListItem","position":1,"name":"Not\u00edcias","item":"https:\/\/www.suno.com.br\/noticias\/"},{"@type":"ListItem","position":2,"name":"Mercado","item":"https:\/\/www.suno.com.br\/noticias\/mercado\/"},{"@type":"ListItem","position":3,"name":"D\u00f3lar cai novamente ap\u00f3s Bolsonaro definir idade m\u00ednima na Previd\u00eancia"}]},{"@type":"WebSite","@id":"https:\/\/www.suno.com.br\/noticias\/#website","url":"https:\/\/www.suno.com.br\/noticias\/","name":"Suno Not\u00edcias","description":"Seu portal de informa\u00e7\u00e3o sobre o mundo dos investimentos","publisher":{"@id":"https:\/\/www.suno.com.br\/noticias\/#organization"},"potentialAction":[{"@type":"SearchAction","target":{"@type":"EntryPoint","urlTemplate":"https:\/\/www.suno.com.br\/noticias\/?s={search_term_string}"},"query-input":{"@type":"PropertyValueSpecification","valueRequired":true,"valueName":"search_term_string"}}],"inLanguage":"pt-BR"},{"@type":"Organization","@id":"https:\/\/www.suno.com.br\/noticias\/#organization","name":"Suno Not\u00edcias","url":"https:\/\/www.suno.com.br\/noticias\/","logo":{"@type":"ImageObject","inLanguage":"pt-BR","@id":"https:\/\/www.suno.com.br\/noticias\/#\/schema\/logo\/image\/","url":"https:\/\/files.sunoresearch.com.br\/n\/uploads\/2021\/09\/suno-logo.png","contentUrl":"https:\/\/files.sunoresearch.com.br\/n\/uploads\/2021\/09\/suno-logo.png","width":180,"height":180,"caption":"Suno Not\u00edcias"},"image":{"@id":"https:\/\/www.suno.com.br\/noticias\/#\/schema\/logo\/image\/"},"sameAs":["https:\/\/facebook.com\/sunoresearch","https:\/\/x.com\/sunoresearch","https:\/\/www.instagram.com\/suno","https:\/\/www.linkedin.com\/company\/suno-research\/","https:\/\/www.youtube.com\/c\/sunoresearch"]},{"@type":"Person","@id":"https:\/\/www.suno.com.br\/noticias\/#\/schema\/person\/fc144a1c6108bd1dcd43784e88a3c138","name":"Renan Bandeira","image":{"@type":"ImageObject","inLanguage":"pt-BR","@id":"https:\/\/www.suno.com.br\/noticias\/#\/schema\/person\/image\/","url":"https:\/\/secure.gravatar.com\/avatar\/68359cdb608f14f11bbefcb78f3fc747?s=96&r=g","contentUrl":"https:\/\/secure.gravatar.com\/avatar\/68359cdb608f14f11bbefcb78f3fc747?s=96&r=g","caption":"Renan Bandeira"},"description":"Renan Bandeira escreve sobre pol\u00edtica e economia para o portal da Suno Research. Antes da Suno, trabalhou em uma rede de televis\u00e3o, onde fazia reportagens sobre os mesmos temas. Estuda na Universidade Metodista de S\u00e3o Paulo.","url":"https:\/\/www.suno.com.br\/noticias\/author\/renan-bandeira\/"}]}},"default_loop_html":"<div class=\"cardsPage__listCard__boxs\"><div class=\"cardsPage__listCard__boxs__img\"><a href=\"https:\/\/www.suno.com.br\/noticias\/dolar-cai-bolsonaro-idade-previdencia\/\"><img class=\"mask\" src=\"https:\/\/www.suno.com.br\/noticias\/wp-content\/themes\/suno\/resources\/images\/spotlight\/spotlight1img\/bg-mask.png\" alt=\"Image Mask\"\/><img src=\"https:\/\/files.sunoresearch.com.br\/n\/uploads\/2019\/02\/5ba1fab8-d\u00f3lar-400x200.webp\" alt=\"D\u00f3lar cai novamente ap\u00f3s Bolsonaro definir idade m\u00ednima na Previd\u00eancia\"\/><\/a><span class=\"spotlightCategory\"><a href=\"https:\/\/www.suno.com.br\/noticias\/mercado\/\">Mercado<\/a><\/span><\/div><div class=\"cardsPage__listCard__boxs__content\"><a href=\"https:\/\/www.suno.com.br\/noticias\/dolar-cai-bolsonaro-idade-previdencia\/\"><h2 class=\"content__title\">D\u00f3lar cai novamente ap\u00f3s Bolsonaro definir idade m\u00ednima na Previd\u00eancia<\/h2><\/a><div class=\"newsContent__article__meta\"><div class=\"newsContent__article__meta__authorBox\"><a href=\"https:\/\/www.suno.com.br\/noticias\/author\/renan-bandeira\/\" class=\"authorBox__avatar noMobi\"><img src=\"https:\/\/secure.gravatar.com\/avatar\/68359cdb608f14f11bbefcb78f3fc747?s=96&#038;r=g\" alt=\"Renan Bandeira\"><\/a><div class=\"authorBox__name\"><span>por\n\t\t\t<a href=\"https:\/\/www.suno.com.br\/noticias\/author\/renan-bandeira\/\"><span itemprop=\"author\">Renan Bandeira<\/span><\/a><\/span><time datetime=\"2019-02-15T17:07:30-02:00\" itemprop=\"datePublished\">15\/02\/2019 17:07<\/time><\/div><\/div><\/div><\/div><\/div>","single_layout":"posts","amp_enabled":true,"_links":{"self":[{"href":"https:\/\/www.suno.com.br\/noticias\/wp-json\/wp\/v2\/posts\/15502"}],"collection":[{"href":"https:\/\/www.suno.com.br\/noticias\/wp-json\/wp\/v2\/posts"}],"about":[{"href":"https:\/\/www.suno.com.br\/noticias\/wp-json\/wp\/v2\/types\/post"}],"author":[{"embeddable":true,"href":"https:\/\/www.suno.com.br\/noticias\/wp-json\/wp\/v2\/users\/11"}],"replies":[{"embeddable":true,"href":"https:\/\/www.suno.com.br\/noticias\/wp-json\/wp\/v2\/comments?post=15502"}],"version-history":[{"count":1,"href":"https:\/\/www.suno.com.br\/noticias\/wp-json\/wp\/v2\/posts\/15502\/revisions"}],"predecessor-version":[{"id":157481,"href":"https:\/\/www.suno.com.br\/noticias\/wp-json\/wp\/v2\/posts\/15502\/revisions\/157481"}],"wp:featuredmedia":[{"embeddable":true,"href":"https:\/\/www.suno.com.br\/noticias\/wp-json\/wp\/v2\/media\/14239"}],"wp:attachment":[{"href":"https:\/\/www.suno.com.br\/noticias\/wp-json\/wp\/v2\/media?parent=15502"}],"wp:term":[{"taxonomy":"category","embeddable":true,"href":"https:\/\/www.suno.com.br\/noticias\/wp-json\/wp\/v2\/categories?post=15502"},{"taxonomy":"post_tag","embeddable":true,"href":"https:\/\/www.suno.com.br\/noticias\/wp-json\/wp\/v2\/tags?post=15502"},{"taxonomy":"suno_strategy","embeddable":true,"href":"https:\/\/www.suno.com.br\/noticias\/wp-json\/wp\/v2\/suno_strategy?post=15502"}],"curies":[{"name":"wp","href":"https:\/\/api.w.org\/{rel}","templated":true}]}}