{"id":15492,"date":"2019-02-15T15:58:00","date_gmt":"2019-02-15T17:58:00","guid":{"rendered":"https:\/\/www.suno.com.br\/noticias\/?p=15492"},"modified":"2019-02-15T15:58:00","modified_gmt":"2019-02-15T17:58:00","slug":"agronegocio-mira-tributacao-estadual","status":"publish","type":"post","link":"https:\/\/www.suno.com.br\/noticias\/agronegocio-mira-tributacao-estadual\/","title":{"rendered":"Motor da economia, agroneg\u00f3cio entra na mira da tributa\u00e7\u00e3o estadual"},"content":{"rendered":"<p>Motor da economia brasileira, o agroneg\u00f3cio deve entrar na mira dos governo estaduais. Com problemas financeiros, os estados pretendem elevar a taxa\u00e7\u00e3o nas exporta\u00e7\u00f5es do setor para aliviar as contas. A informa\u00e7\u00e3o \u00e9 do Valor Econ\u00f4mico.<\/p>\t<div class=\"wrapper-featured-image\">\n\t\t<figure class=\"spotlightImg\">\n\n\t\t\t<picture>\n\t\t\t\t<source media=\"(max-width: 768px)\" srcset=\"https:\/\/files.sunoresearch.com.br\/n\/uploads\/2019\/02\/cc4cf897-agroneg\u00f3cio-400x200.webp\">\n\t\t\t\t<img loading=\"lazy\" decoding=\"async\" class=\"newsContent__article__imgCapa lazyloadDisabled newsContent__article__imgCapa--noCaption\" src=\"https:\/\/files.sunoresearch.com.br\/n\/uploads\/2019\/02\/cc4cf897-agroneg\u00f3cio-800x450.webp\" width=\"800\" height=\"450\" alt=\"Motor da economia, agroneg\u00f3cio entra na mira da tributa\u00e7\u00e3o estadual\" fetchpriority=high \/>\n\t\t\t<\/picture>\n\n\t\t\t<figcaption class=\"wp-caption-text wp-caption-text--hide\">Colheitadeira<\/figcaption>\n\t\t<\/figure>\n\t<\/div>\n\n\n<p>As graves <strong>dificuldades fiscais<\/strong> dos <strong>estados<\/strong> foram acentuadas pelo n\u00e3o repasse da <strong>Uni\u00e3o<\/strong> como compensa\u00e7\u00e3o \u00e0 <strong>Lei Kandir.<\/strong> Ela regulamentou a aplica\u00e7\u00e3o do <strong>ICMS,<\/strong> <strong>imposto sobre circula\u00e7\u00e3o de mercadorias e presta\u00e7\u00e3o de servi\u00e7os<\/strong>. Uma das normas da <strong>lei<\/strong> \u00e9 a <strong>isen\u00e7\u00e3o<\/strong> do <strong>pagamento<\/strong> do <strong>ICMS<\/strong> sobre as <strong>exporta\u00e7\u00f5es<\/strong> de produtos prim\u00e1rios e semielaborados ou servi\u00e7os.<\/p>\n<p><a href=\"https:\/\/www.suno.com.br\/noticias\/exportacoes-agronegocio-batem-recorde-ultrapassam\/\">Saiba mais: Exporta\u00e7\u00f5es do agroneg\u00f3cio batem recorde e ultrapassam US$ 100 bi<\/a><\/p>\n<p>A norma levantou pol\u00eamica entre os <strong>governadores<\/strong> <strong>de estados exportadores<\/strong>, que alegam <strong>perda de arrecada\u00e7\u00e3o<\/strong> em raz\u00e3o da <strong>isen\u00e7\u00e3o de impostos<\/strong> nesses produtos. Para compensar as <strong>perdas,<\/strong> a <strong>lei<\/strong> obriga a <strong>Uni\u00e3o<\/strong> a <strong>ressarcir<\/strong> os estados &#8211; o que n\u00e3o tem acontecido.<\/p>\n<p>As <strong>exporta\u00e7\u00f5es do agroneg\u00f3cio<\/strong> bateram <strong>recorde<\/strong> recentemente e atingiram US$ 102,1 bilh\u00f5es entre fevereiro de 2018 e janeiro de 2019. O valor, 5,9% superior ao mesmo per\u00edodo do ano anterior, corresponde a 42,3% de todas as <strong>exporta\u00e7\u00f5es do Pa\u00eds.<\/strong> O <strong>super\u00e1vit<\/strong> (resultado positivo, a partir da diferen\u00e7a entre o que se ganha e o que se gasta) da <a href=\"https:\/\/www.suno.com.br\/artigos\/balanca-comercial\/\"><strong>balan\u00e7a comercial<\/strong><\/a> do setor aumentou 7,1%, chegando a US$ 87,6 bilh\u00f5es. Com isso, o <strong>agroneg\u00f3cio<\/strong> ampliou a <strong>participa\u00e7\u00e3o<\/strong> no <strong>total de exporta\u00e7\u00f5es<\/strong> do Pa\u00eds.<\/p>\n<p><a href=\"https:\/\/www.suno.com.br\/noticias\/agronegocio-decisao-tabela-frete\/\">Saiba mais: Agroneg\u00f3cio reprova decis\u00e3o de suspender a\u00e7\u00f5es ligadas \u00e0 tabela de frete<\/a><\/p>\n<p>Segundo o jornal, <strong>produtores rurais<\/strong> e <strong>exportadores agropecu\u00e1rios<\/strong> dizem que o <strong>setor<\/strong> <strong>virou alvo<\/strong> do avan\u00e7o <strong>tribut\u00e1rio<\/strong> dos <strong>estados.<\/strong> Alertam para o <strong>recuo<\/strong> na <strong>margem<\/strong> de <strong>lucro<\/strong> com as <strong>taxa\u00e7\u00f5es,<\/strong> o que comprometeria os bons resultados aferidos na <strong>balan\u00e7a comercial<\/strong>.<\/p>\n<p>Mas os representantes do <strong>agroneg\u00f3cio<\/strong> n\u00e3o pretendem ficar parados. A <strong>Confedera\u00e7\u00e3o da Agricultura e Pecu\u00e1ria no Brasil (CNA)<\/strong> e a <strong>Aprosoja Brasil<\/strong> preparam uma grande <strong>mobiliza\u00e7\u00e3o<\/strong> em n\u00edvel nacional contra a <strong>empreitada estadual.<\/strong> &#8220;N\u00e3o se pode punir com mais <strong>impostos<\/strong> o <a href=\"https:\/\/www.suno.com.br\/noticias\/araujo-criacao-departamento-agronegocio-itamaraty\/\"><strong>setor<\/strong> que est\u00e1 trazendo prosperidade<\/a> para o pa\u00eds&#8221;, disse a <a href=\"http:\/\/www.agricultura.gov.br\/\">ministra da <strong>Agricultura<\/strong>, <strong>Tereza Cristina<\/strong><\/a>, ao Valor.<\/p>\n","protected":false},"excerpt":{"rendered":"<p>Motor da economia brasileira, o agroneg\u00f3cio deve entrar na mira dos governo estaduais. Com problemas financeiros, os estados pretendem elevar a taxa\u00e7\u00e3o nas exporta\u00e7\u00f5es do setor para aliviar as contas. A informa\u00e7\u00e3o \u00e9 do Valor Econ\u00f4mico. Colheitadeira As graves dificuldades fiscais dos estados foram acentuadas pelo n\u00e3o repasse da Uni\u00e3o como compensa\u00e7\u00e3o \u00e0 Lei Kandir. [&hellip;]<\/p>\n","protected":false},"author":13,"featured_media":14720,"comment_status":"closed","ping_status":"closed","sticky":false,"template":"","format":"standard","meta":[],"categories":[62],"tags":[1121,914,704,1122],"suno_strategy":[],"class_list":["post-15492","post","type-post","status-publish","format-standard","has-post-thumbnail","hentry","category-economia","tag-agronegocio","tag-balanca-comercial","tag-impostos","tag-ministerio-da-agricultura"],"yoast_head":"<!-- This site is optimized with the Yoast SEO plugin v24.4 - https:\/\/yoast.com\/wordpress\/plugins\/seo\/ -->\n<title>Motor da economia, agroneg\u00f3cio entra na mira da tributa\u00e7\u00e3o estadual<\/title>\n<meta name=\"description\" content=\"Com problemas financeiros, os estados pretendem elevar a taxa\u00e7\u00e3o nas exporta\u00e7\u00f5es do agroneg\u00f3cio para aliviar as contas. Clique e saiba mais.\" \/>\n<meta name=\"robots\" content=\"index, follow, max-snippet:-1, max-image-preview:large, max-video-preview:-1\" \/>\n<link rel=\"canonical\" href=\"https:\/\/www.suno.com.br\/noticias\/agronegocio-mira-tributacao-estadual\/\" \/>\n<meta property=\"og:locale\" content=\"pt_BR\" \/>\n<meta property=\"og:type\" content=\"article\" \/>\n<meta property=\"og:title\" content=\"Motor da economia, agroneg\u00f3cio entra na mira da tributa\u00e7\u00e3o estadual\" \/>\n<meta property=\"og:description\" content=\"Com problemas financeiros, os estados pretendem elevar a taxa\u00e7\u00e3o nas exporta\u00e7\u00f5es do agroneg\u00f3cio para aliviar as contas. Clique e saiba mais.\" \/>\n<meta property=\"og:url\" content=\"https:\/\/www.suno.com.br\/noticias\/agronegocio-mira-tributacao-estadual\/\" \/>\n<meta property=\"og:site_name\" content=\"Suno Not\u00edcias\" \/>\n<meta property=\"article:publisher\" content=\"https:\/\/facebook.com\/sunoresearch\" \/>\n<meta property=\"og:image\" content=\"https:\/\/files.sunoresearch.com.br\/n\/uploads\/2019\/02\/cc4cf897-agroneg\u00f3cio.jpg\" \/>\n\t<meta property=\"og:image:width\" content=\"960\" \/>\n\t<meta property=\"og:image:height\" content=\"642\" \/>\n\t<meta property=\"og:image:type\" content=\"image\/jpeg\" \/>\n<meta name=\"author\" content=\"Guilherme Caetano\" \/>\n<meta name=\"twitter:card\" content=\"summary_large_image\" \/>\n<meta name=\"twitter:creator\" content=\"@sunoresearch\" \/>\n<meta name=\"twitter:site\" content=\"@sunoresearch\" \/>\n<meta name=\"twitter:label1\" content=\"Escrito por\" \/>\n\t<meta name=\"twitter:data1\" content=\"Guilherme Caetano\" \/>\n\t<meta name=\"twitter:label2\" content=\"Est. tempo de leitura\" \/>\n\t<meta name=\"twitter:data2\" content=\"2 minutos\" \/>\n<script type=\"application\/ld+json\" class=\"yoast-schema-graph\">{\"@context\":\"https:\/\/schema.org\",\"@graph\":[{\"@type\":\"NewsArticle\",\"@id\":\"https:\/\/www.suno.com.br\/noticias\/agronegocio-mira-tributacao-estadual\/#article\",\"isPartOf\":{\"@id\":\"https:\/\/www.suno.com.br\/noticias\/agronegocio-mira-tributacao-estadual\/\"},\"author\":{\"name\":\"Guilherme Caetano\",\"@id\":\"https:\/\/www.suno.com.br\/noticias\/#\/schema\/person\/0d0c9687cd2f600c564f25980c140de9\"},\"headline\":\"Motor da economia, agroneg\u00f3cio entra na mira da tributa\u00e7\u00e3o estadual\",\"datePublished\":\"2019-02-15T17:58:00+00:00\",\"mainEntityOfPage\":{\"@id\":\"https:\/\/www.suno.com.br\/noticias\/agronegocio-mira-tributacao-estadual\/\"},\"wordCount\":392,\"publisher\":{\"@id\":\"https:\/\/www.suno.com.br\/noticias\/#organization\"},\"image\":{\"@id\":\"https:\/\/www.suno.com.br\/noticias\/agronegocio-mira-tributacao-estadual\/#primaryimage\"},\"thumbnailUrl\":\"https:\/\/files.sunoresearch.com.br\/n\/uploads\/2019\/02\/cc4cf897-agroneg\u00f3cio-jpg.webp\",\"keywords\":[\"Agroneg\u00f3cio\",\"balan\u00e7a comercial\",\"impostos\",\"Minist\u00e9rio da Agricultura\"],\"articleSection\":[\"Economia\"],\"inLanguage\":\"pt-BR\"},{\"@type\":\"WebPage\",\"@id\":\"https:\/\/www.suno.com.br\/noticias\/agronegocio-mira-tributacao-estadual\/\",\"url\":\"https:\/\/www.suno.com.br\/noticias\/agronegocio-mira-tributacao-estadual\/\",\"name\":\"Motor da economia, agroneg\u00f3cio entra na mira da tributa\u00e7\u00e3o estadual\",\"isPartOf\":{\"@id\":\"https:\/\/www.suno.com.br\/noticias\/#website\"},\"primaryImageOfPage\":{\"@id\":\"https:\/\/www.suno.com.br\/noticias\/agronegocio-mira-tributacao-estadual\/#primaryimage\"},\"image\":{\"@id\":\"https:\/\/www.suno.com.br\/noticias\/agronegocio-mira-tributacao-estadual\/#primaryimage\"},\"thumbnailUrl\":\"https:\/\/files.sunoresearch.com.br\/n\/uploads\/2019\/02\/cc4cf897-agroneg\u00f3cio-jpg.webp\",\"datePublished\":\"2019-02-15T17:58:00+00:00\",\"description\":\"Com problemas financeiros, os estados pretendem elevar a taxa\u00e7\u00e3o nas exporta\u00e7\u00f5es do agroneg\u00f3cio para aliviar as contas. Clique e saiba mais.\",\"breadcrumb\":{\"@id\":\"https:\/\/www.suno.com.br\/noticias\/agronegocio-mira-tributacao-estadual\/#breadcrumb\"},\"inLanguage\":\"pt-BR\",\"potentialAction\":[{\"@type\":\"ReadAction\",\"target\":[\"https:\/\/www.suno.com.br\/noticias\/agronegocio-mira-tributacao-estadual\/\"]}]},{\"@type\":\"ImageObject\",\"inLanguage\":\"pt-BR\",\"@id\":\"https:\/\/www.suno.com.br\/noticias\/agronegocio-mira-tributacao-estadual\/#primaryimage\",\"url\":\"https:\/\/files.sunoresearch.com.br\/n\/uploads\/2019\/02\/cc4cf897-agroneg\u00f3cio-jpg.webp\",\"contentUrl\":\"https:\/\/files.sunoresearch.com.br\/n\/uploads\/2019\/02\/cc4cf897-agroneg\u00f3cio-jpg.webp\",\"width\":960,\"height\":642,\"caption\":\"Colheitadeira\"},{\"@type\":\"BreadcrumbList\",\"@id\":\"https:\/\/www.suno.com.br\/noticias\/agronegocio-mira-tributacao-estadual\/#breadcrumb\",\"itemListElement\":[{\"@type\":\"ListItem\",\"position\":1,\"name\":\"Not\u00edcias\",\"item\":\"https:\/\/www.suno.com.br\/noticias\/\"},{\"@type\":\"ListItem\",\"position\":2,\"name\":\"Economia\",\"item\":\"https:\/\/www.suno.com.br\/noticias\/economia\/\"},{\"@type\":\"ListItem\",\"position\":3,\"name\":\"Motor da economia, agroneg\u00f3cio entra na mira da tributa\u00e7\u00e3o estadual\"}]},{\"@type\":\"WebSite\",\"@id\":\"https:\/\/www.suno.com.br\/noticias\/#website\",\"url\":\"https:\/\/www.suno.com.br\/noticias\/\",\"name\":\"Suno Not\u00edcias\",\"description\":\"Seu portal de informa\u00e7\u00e3o sobre o mundo dos investimentos\",\"publisher\":{\"@id\":\"https:\/\/www.suno.com.br\/noticias\/#organization\"},\"potentialAction\":[{\"@type\":\"SearchAction\",\"target\":{\"@type\":\"EntryPoint\",\"urlTemplate\":\"https:\/\/www.suno.com.br\/noticias\/?s={search_term_string}\"},\"query-input\":{\"@type\":\"PropertyValueSpecification\",\"valueRequired\":true,\"valueName\":\"search_term_string\"}}],\"inLanguage\":\"pt-BR\"},{\"@type\":\"Organization\",\"@id\":\"https:\/\/www.suno.com.br\/noticias\/#organization\",\"name\":\"Suno Not\u00edcias\",\"url\":\"https:\/\/www.suno.com.br\/noticias\/\",\"logo\":{\"@type\":\"ImageObject\",\"inLanguage\":\"pt-BR\",\"@id\":\"https:\/\/www.suno.com.br\/noticias\/#\/schema\/logo\/image\/\",\"url\":\"https:\/\/files.sunoresearch.com.br\/n\/uploads\/2021\/09\/suno-logo.png\",\"contentUrl\":\"https:\/\/files.sunoresearch.com.br\/n\/uploads\/2021\/09\/suno-logo.png\",\"width\":180,\"height\":180,\"caption\":\"Suno Not\u00edcias\"},\"image\":{\"@id\":\"https:\/\/www.suno.com.br\/noticias\/#\/schema\/logo\/image\/\"},\"sameAs\":[\"https:\/\/facebook.com\/sunoresearch\",\"https:\/\/x.com\/sunoresearch\",\"https:\/\/www.instagram.com\/suno\",\"https:\/\/www.linkedin.com\/company\/suno-research\/\",\"https:\/\/www.youtube.com\/c\/sunoresearch\"]},{\"@type\":\"Person\",\"@id\":\"https:\/\/www.suno.com.br\/noticias\/#\/schema\/person\/0d0c9687cd2f600c564f25980c140de9\",\"name\":\"Guilherme Caetano\",\"image\":{\"@type\":\"ImageObject\",\"inLanguage\":\"pt-BR\",\"@id\":\"https:\/\/www.suno.com.br\/noticias\/#\/schema\/person\/image\/\",\"url\":\"https:\/\/secure.gravatar.com\/avatar\/e48357351a01702a0d19307070e081bf?s=96&r=g\",\"contentUrl\":\"https:\/\/secure.gravatar.com\/avatar\/e48357351a01702a0d19307070e081bf?s=96&r=g\",\"caption\":\"Guilherme Caetano\"},\"description\":\"Formado em jornalismo pela Escola de Comunica\u00e7\u00f5es e Artes da USP, Guilherme Caetano escreve para o portal de not\u00edcias da Suno Research. Passou pelas reda\u00e7\u00f5es da Folha de S.Paulo e da revista \u00c9poca.\",\"url\":\"https:\/\/www.suno.com.br\/noticias\/author\/guilherme-caetano\/\"}]}<\/script>\n<!-- \/ Yoast SEO plugin. -->","yoast_head_json":{"title":"Motor da economia, agroneg\u00f3cio entra na mira da tributa\u00e7\u00e3o estadual","description":"Com problemas financeiros, os estados pretendem elevar a taxa\u00e7\u00e3o nas exporta\u00e7\u00f5es do agroneg\u00f3cio para aliviar as contas. Clique e saiba mais.","robots":{"index":"index","follow":"follow","max-snippet":"max-snippet:-1","max-image-preview":"max-image-preview:large","max-video-preview":"max-video-preview:-1"},"canonical":"https:\/\/www.suno.com.br\/noticias\/agronegocio-mira-tributacao-estadual\/","og_locale":"pt_BR","og_type":"article","og_title":"Motor da economia, agroneg\u00f3cio entra na mira da tributa\u00e7\u00e3o estadual","og_description":"Com problemas financeiros, os estados pretendem elevar a taxa\u00e7\u00e3o nas exporta\u00e7\u00f5es do agroneg\u00f3cio para aliviar as contas. Clique e saiba mais.","og_url":"https:\/\/www.suno.com.br\/noticias\/agronegocio-mira-tributacao-estadual\/","og_site_name":"Suno Not\u00edcias","article_publisher":"https:\/\/facebook.com\/sunoresearch","og_image":[{"width":960,"height":642,"url":"https:\/\/files.sunoresearch.com.br\/n\/uploads\/2019\/02\/cc4cf897-agroneg\u00f3cio.jpg","type":"image\/jpeg"}],"author":"Guilherme Caetano","twitter_card":"summary_large_image","twitter_creator":"@sunoresearch","twitter_site":"@sunoresearch","twitter_misc":{"Escrito por":"Guilherme Caetano","Est. tempo de leitura":"2 minutos"},"schema":{"@context":"https:\/\/schema.org","@graph":[{"@type":"NewsArticle","@id":"https:\/\/www.suno.com.br\/noticias\/agronegocio-mira-tributacao-estadual\/#article","isPartOf":{"@id":"https:\/\/www.suno.com.br\/noticias\/agronegocio-mira-tributacao-estadual\/"},"author":{"name":"Guilherme Caetano","@id":"https:\/\/www.suno.com.br\/noticias\/#\/schema\/person\/0d0c9687cd2f600c564f25980c140de9"},"headline":"Motor da economia, agroneg\u00f3cio entra na mira da tributa\u00e7\u00e3o estadual","datePublished":"2019-02-15T17:58:00+00:00","mainEntityOfPage":{"@id":"https:\/\/www.suno.com.br\/noticias\/agronegocio-mira-tributacao-estadual\/"},"wordCount":392,"publisher":{"@id":"https:\/\/www.suno.com.br\/noticias\/#organization"},"image":{"@id":"https:\/\/www.suno.com.br\/noticias\/agronegocio-mira-tributacao-estadual\/#primaryimage"},"thumbnailUrl":"https:\/\/files.sunoresearch.com.br\/n\/uploads\/2019\/02\/cc4cf897-agroneg\u00f3cio-jpg.webp","keywords":["Agroneg\u00f3cio","balan\u00e7a comercial","impostos","Minist\u00e9rio da Agricultura"],"articleSection":["Economia"],"inLanguage":"pt-BR"},{"@type":"WebPage","@id":"https:\/\/www.suno.com.br\/noticias\/agronegocio-mira-tributacao-estadual\/","url":"https:\/\/www.suno.com.br\/noticias\/agronegocio-mira-tributacao-estadual\/","name":"Motor da economia, agroneg\u00f3cio entra na mira da tributa\u00e7\u00e3o estadual","isPartOf":{"@id":"https:\/\/www.suno.com.br\/noticias\/#website"},"primaryImageOfPage":{"@id":"https:\/\/www.suno.com.br\/noticias\/agronegocio-mira-tributacao-estadual\/#primaryimage"},"image":{"@id":"https:\/\/www.suno.com.br\/noticias\/agronegocio-mira-tributacao-estadual\/#primaryimage"},"thumbnailUrl":"https:\/\/files.sunoresearch.com.br\/n\/uploads\/2019\/02\/cc4cf897-agroneg\u00f3cio-jpg.webp","datePublished":"2019-02-15T17:58:00+00:00","description":"Com problemas financeiros, os estados pretendem elevar a taxa\u00e7\u00e3o nas exporta\u00e7\u00f5es do agroneg\u00f3cio para aliviar as contas. Clique e saiba mais.","breadcrumb":{"@id":"https:\/\/www.suno.com.br\/noticias\/agronegocio-mira-tributacao-estadual\/#breadcrumb"},"inLanguage":"pt-BR","potentialAction":[{"@type":"ReadAction","target":["https:\/\/www.suno.com.br\/noticias\/agronegocio-mira-tributacao-estadual\/"]}]},{"@type":"ImageObject","inLanguage":"pt-BR","@id":"https:\/\/www.suno.com.br\/noticias\/agronegocio-mira-tributacao-estadual\/#primaryimage","url":"https:\/\/files.sunoresearch.com.br\/n\/uploads\/2019\/02\/cc4cf897-agroneg\u00f3cio-jpg.webp","contentUrl":"https:\/\/files.sunoresearch.com.br\/n\/uploads\/2019\/02\/cc4cf897-agroneg\u00f3cio-jpg.webp","width":960,"height":642,"caption":"Colheitadeira"},{"@type":"BreadcrumbList","@id":"https:\/\/www.suno.com.br\/noticias\/agronegocio-mira-tributacao-estadual\/#breadcrumb","itemListElement":[{"@type":"ListItem","position":1,"name":"Not\u00edcias","item":"https:\/\/www.suno.com.br\/noticias\/"},{"@type":"ListItem","position":2,"name":"Economia","item":"https:\/\/www.suno.com.br\/noticias\/economia\/"},{"@type":"ListItem","position":3,"name":"Motor da economia, agroneg\u00f3cio entra na mira da tributa\u00e7\u00e3o estadual"}]},{"@type":"WebSite","@id":"https:\/\/www.suno.com.br\/noticias\/#website","url":"https:\/\/www.suno.com.br\/noticias\/","name":"Suno Not\u00edcias","description":"Seu portal de informa\u00e7\u00e3o sobre o mundo dos investimentos","publisher":{"@id":"https:\/\/www.suno.com.br\/noticias\/#organization"},"potentialAction":[{"@type":"SearchAction","target":{"@type":"EntryPoint","urlTemplate":"https:\/\/www.suno.com.br\/noticias\/?s={search_term_string}"},"query-input":{"@type":"PropertyValueSpecification","valueRequired":true,"valueName":"search_term_string"}}],"inLanguage":"pt-BR"},{"@type":"Organization","@id":"https:\/\/www.suno.com.br\/noticias\/#organization","name":"Suno Not\u00edcias","url":"https:\/\/www.suno.com.br\/noticias\/","logo":{"@type":"ImageObject","inLanguage":"pt-BR","@id":"https:\/\/www.suno.com.br\/noticias\/#\/schema\/logo\/image\/","url":"https:\/\/files.sunoresearch.com.br\/n\/uploads\/2021\/09\/suno-logo.png","contentUrl":"https:\/\/files.sunoresearch.com.br\/n\/uploads\/2021\/09\/suno-logo.png","width":180,"height":180,"caption":"Suno Not\u00edcias"},"image":{"@id":"https:\/\/www.suno.com.br\/noticias\/#\/schema\/logo\/image\/"},"sameAs":["https:\/\/facebook.com\/sunoresearch","https:\/\/x.com\/sunoresearch","https:\/\/www.instagram.com\/suno","https:\/\/www.linkedin.com\/company\/suno-research\/","https:\/\/www.youtube.com\/c\/sunoresearch"]},{"@type":"Person","@id":"https:\/\/www.suno.com.br\/noticias\/#\/schema\/person\/0d0c9687cd2f600c564f25980c140de9","name":"Guilherme Caetano","image":{"@type":"ImageObject","inLanguage":"pt-BR","@id":"https:\/\/www.suno.com.br\/noticias\/#\/schema\/person\/image\/","url":"https:\/\/secure.gravatar.com\/avatar\/e48357351a01702a0d19307070e081bf?s=96&r=g","contentUrl":"https:\/\/secure.gravatar.com\/avatar\/e48357351a01702a0d19307070e081bf?s=96&r=g","caption":"Guilherme Caetano"},"description":"Formado em jornalismo pela Escola de Comunica\u00e7\u00f5es e Artes da USP, Guilherme Caetano escreve para o portal de not\u00edcias da Suno Research. Passou pelas reda\u00e7\u00f5es da Folha de S.Paulo e da revista \u00c9poca.","url":"https:\/\/www.suno.com.br\/noticias\/author\/guilherme-caetano\/"}]}},"default_loop_html":"<div class=\"cardsPage__listCard__boxs\"><div class=\"cardsPage__listCard__boxs__img\"><a href=\"https:\/\/www.suno.com.br\/noticias\/agronegocio-mira-tributacao-estadual\/\"><img class=\"mask\" src=\"https:\/\/www.suno.com.br\/noticias\/wp-content\/themes\/suno\/resources\/images\/spotlight\/spotlight1img\/bg-mask.png\" alt=\"Image Mask\"\/><img src=\"https:\/\/files.sunoresearch.com.br\/n\/uploads\/2019\/02\/cc4cf897-agroneg\u00f3cio-400x200.webp\" alt=\"Motor da economia, agroneg\u00f3cio entra na mira da tributa\u00e7\u00e3o estadual\"\/><\/a><span class=\"spotlightCategory\"><a href=\"https:\/\/www.suno.com.br\/noticias\/economia\/\">Economia<\/a><\/span><\/div><div class=\"cardsPage__listCard__boxs__content\"><a href=\"https:\/\/www.suno.com.br\/noticias\/agronegocio-mira-tributacao-estadual\/\"><h2 class=\"content__title\">Motor da economia, agroneg\u00f3cio entra na mira da tributa\u00e7\u00e3o estadual<\/h2><\/a><div class=\"newsContent__article__meta\"><div class=\"newsContent__article__meta__authorBox\"><a href=\"https:\/\/www.suno.com.br\/noticias\/author\/guilherme-caetano\/\" class=\"authorBox__avatar noMobi\"><img src=\"https:\/\/secure.gravatar.com\/avatar\/e48357351a01702a0d19307070e081bf?s=96&#038;r=g\" alt=\"Guilherme Caetano\"><\/a><div class=\"authorBox__name\"><span>por\n\t\t\t<a href=\"https:\/\/www.suno.com.br\/noticias\/author\/guilherme-caetano\/\"><span itemprop=\"author\">Guilherme Caetano<\/span><\/a><\/span><time datetime=\"2019-02-15T15:58:00-02:00\" itemprop=\"datePublished\">15\/02\/2019 15:58<\/time><\/div><\/div><\/div><\/div><\/div>","single_layout":"posts","amp_enabled":true,"_links":{"self":[{"href":"https:\/\/www.suno.com.br\/noticias\/wp-json\/wp\/v2\/posts\/15492"}],"collection":[{"href":"https:\/\/www.suno.com.br\/noticias\/wp-json\/wp\/v2\/posts"}],"about":[{"href":"https:\/\/www.suno.com.br\/noticias\/wp-json\/wp\/v2\/types\/post"}],"author":[{"embeddable":true,"href":"https:\/\/www.suno.com.br\/noticias\/wp-json\/wp\/v2\/users\/13"}],"replies":[{"embeddable":true,"href":"https:\/\/www.suno.com.br\/noticias\/wp-json\/wp\/v2\/comments?post=15492"}],"version-history":[{"count":0,"href":"https:\/\/www.suno.com.br\/noticias\/wp-json\/wp\/v2\/posts\/15492\/revisions"}],"wp:featuredmedia":[{"embeddable":true,"href":"https:\/\/www.suno.com.br\/noticias\/wp-json\/wp\/v2\/media\/14720"}],"wp:attachment":[{"href":"https:\/\/www.suno.com.br\/noticias\/wp-json\/wp\/v2\/media?parent=15492"}],"wp:term":[{"taxonomy":"category","embeddable":true,"href":"https:\/\/www.suno.com.br\/noticias\/wp-json\/wp\/v2\/categories?post=15492"},{"taxonomy":"post_tag","embeddable":true,"href":"https:\/\/www.suno.com.br\/noticias\/wp-json\/wp\/v2\/tags?post=15492"},{"taxonomy":"suno_strategy","embeddable":true,"href":"https:\/\/www.suno.com.br\/noticias\/wp-json\/wp\/v2\/suno_strategy?post=15492"}],"curies":[{"name":"wp","href":"https:\/\/api.w.org\/{rel}","templated":true}]}}