{"id":15483,"date":"2019-02-15T16:14:11","date_gmt":"2019-02-15T18:14:11","guid":{"rendered":"https:\/\/www.suno.com.br\/noticias\/?p=15483"},"modified":"2021-02-18T14:28:01","modified_gmt":"2021-02-18T17:28:01","slug":"buffett-participacao-apple-j-p-morgan","status":"publish","type":"post","link":"https:\/\/www.suno.com.br\/noticias\/buffett-participacao-apple-j-p-morgan\/","title":{"rendered":"Buffett diminui participa\u00e7\u00e3o na Apple e eleva fatia no J.P Morgan"},"content":{"rendered":"<p>A empresa do magnata <a href=\"https:\/\/www.suno.com.br\/artigos\/o-negocios-maravilhosos-de-warren-buffett\/\">Warren Buffett<\/a>, a Berkshire Hathaway diminuiu sua participa\u00e7\u00e3o na Apple e elevou sua presen\u00e7a acion\u00e1ria no J.P. Morgan e outros bancos.<\/p>\t<div class=\"wrapper-featured-image\">\n\t\t<figure class=\"spotlightImg\">\n\n\t\t\t<picture>\n\t\t\t\t<source media=\"(max-width: 768px)\" srcset=\"https:\/\/files.sunoresearch.com.br\/n\/uploads\/2018\/08\/a2e041ec-apple_store_sydney-400x200.webp\">\n\t\t\t\t<img loading=\"lazy\" decoding=\"async\" class=\"newsContent__article__imgCapa lazyloadDisabled newsContent__article__imgCapa--noCaption\" src=\"https:\/\/files.sunoresearch.com.br\/n\/uploads\/2018\/08\/a2e041ec-apple_store_sydney-800x450.webp\" width=\"800\" height=\"450\" alt=\"Buffett diminui participa\u00e7\u00e3o na Apple e eleva fatia no J.P Morgan\" fetchpriority=high \/>\n\t\t\t<\/picture>\n\n\t\t\t<figcaption class=\"wp-caption-text wp-caption-text--hide\">A Apple anunciou nesta quinta-feira (25) a compra da maior parte da divis\u00e3o microprocessadores e medem para smartphones da Intel.<\/figcaption>\n\t\t<\/figure>\n\t<\/div>\n\n\n<p>Em documentos enviados \u00e0 <strong>U.S Securities and Exchange Commission (Comiss\u00e3o de T\u00edtulos e C\u00e2mbio dos Estados Unidos)<\/strong>, a companhia de <strong>Warren Buffett<\/strong> informou que at\u00e9 31 de dezembro de 2018, havia reduzido os seus pap\u00e9is na <strong>Apple<\/strong> de 252,2 milh\u00f5es no fim do trimestre anterior para 249,6 milh\u00f5es. O conjunto de a\u00e7\u00f5es de Buffett na empresa americana est\u00e1 avaliado em US$ 40 bilh\u00f5es.<\/p>\n<p><a href=\"https:\/\/www.suno.com.br\/noticias\/jpmorgan-apple-deveria-comprar-netflix\/\">Saiba mais: JPMorgan sugere que Apple deveria comprar Netflix<\/a><\/p>\n<p>Por outro lado, a\u00a0<strong>Berkshire<\/strong> aumentou a sua participa\u00e7\u00e3o no <strong>J.P Morgan<\/strong> para 50,1 milh\u00f5es de a\u00e7\u00f5es. H\u00e1 tr\u00eas meses, a empresa detinha 35,7 milh\u00f5es de pap\u00e9is da institui\u00e7\u00e3o financeira. Al\u00e9m disso, a companhia tamb\u00e9m aumentou a fatia na <strong>GM<\/strong> para 72,3 milh\u00f5es em papeis.<\/p>\n<p>No quarto semestre, a empresa de <strong>Buffett<\/strong> zerou sua fatia na Oracle de US$ 2,1 bilh\u00f5es e adquiriu participa\u00e7\u00f5es na canadense <strong>Suncor Energy<\/strong> e na desenvolvedora <strong>Red Hat<\/strong>.<\/p>\n<h2>Apple<\/h2>\n<p>O parceiro de\u00a0<strong>Warren Buffett<\/strong> na <strong>Berkshire\u00a0<\/strong>, Charlie Munger, foi questionado em um evento do Daily Journal sobre a queda das a\u00e7\u00f5es da <strong>Apple<\/strong>.<\/p>\n<p>\u201cEu n\u00e3o sei porque a a\u00e7\u00e3o da <strong>Apple<\/strong> est\u00e1 caindo ou subindo. O que eu sei \u00e9 que eu admiro a companhia, mas n\u00e3o sei o suficiente para ter uma opini\u00e3o sobre porque a a\u00e7\u00e3o est\u00e1 caindo ou subindo. Parte do nosso segredo \u00e9 que n\u00f3s n\u00e3o tentamos saber muitas coisas\u201d, comentou.<\/p>\n<p><a href=\"https:\/\/www.suno.com.br\/noticias\/apple-baixar-preco-iphone\/\">Saiba mais:\u00a0Apple anuncia que vai baixar pre\u00e7o do iPhone fora dos Estados Unidos<\/a><\/p>\n<p>Apesar disso, as a\u00e7\u00f5es da <strong>Apple<\/strong> voltaram ao primeiro lugar da lista de empresas mais valiosas dos <strong>Estados Unidos<\/strong> em capitaliza\u00e7\u00e3o de mercado. Mesmo assim, a empresa norte-americana obteve resultados financeiros negativos referentes ao primeiro trimestre fiscal de 2019.<\/p>\n<p>Houve uma queda de 5% na <strong>receita<\/strong> de vendas da <strong>Apple<\/strong>, que somou US$ 84,3 bilh\u00f5es (mesmo assim, acima do esperado, que era de US$ 83,97). Al\u00e9m disso, o\u00a0<strong>lucro<\/strong> atingiu US$ 19,97 bilh\u00f5es. O lucro por a\u00e7\u00e3o chegou a US$ 4,18 (ante a expectativa de US$ 4,17 por a\u00e7\u00e3o).<\/p>\n<p><a href=\"https:\/\/www.suno.com.br\/noticias\/apple-balanco-resultados-abaixo-esperado\/\">Saiba mais:\u00a0Apple tem primeira queda na receita e lucro do 1\u00ba trimestre na d\u00e9cada<\/a><\/p>\n<p>Mesmo com a redu\u00e7\u00e3o das a\u00e7\u00f5es,\u00a0<strong>Warren<\/strong> <strong>Buffett<\/strong> conseguiu mantes o poder de voto no painel de acionistas da <strong>Apple<\/strong> pois possui, no total, cerca de 255 milh\u00f5es de pap\u00e9is. Isso porque a <strong>Berkshire\u00a0Hathaway<\/strong> tem a\u00e7\u00f5es da companhia norte-americana em nome de outras empresas representadas por ela.<\/p>\n<p>&nbsp;<\/p>\n","protected":false},"excerpt":{"rendered":"<p>A empresa do magnata Warren Buffett, a Berkshire Hathaway diminuiu sua participa\u00e7\u00e3o na Apple e elevou sua presen\u00e7a acion\u00e1ria no J.P. Morgan e outros bancos. A Apple anunciou nesta quinta-feira (25) a compra da maior parte da divis\u00e3o microprocessadores e medem para smartphones da Intel. Em documentos enviados \u00e0 U.S Securities and Exchange Commission (Comiss\u00e3o [&hellip;]<\/p>\n","protected":false},"author":14,"featured_media":3032,"comment_status":"closed","ping_status":"closed","sticky":false,"template":"","format":"standard","meta":[],"categories":[64],"tags":[286,794,1168,1607,330],"suno_strategy":[],"class_list":["post-15483","post","type-post","status-publish","format-standard","has-post-thumbnail","hentry","category-negocios","tag-acoes","tag-apple-aapl34","tag-jp-morgan-jpmc34","tag-resultado-das-empresas","tag-warren-buffett"],"yoast_head":"<!-- This site is optimized with the Yoast SEO plugin v24.4 - https:\/\/yoast.com\/wordpress\/plugins\/seo\/ -->\n<title>Buffett diminui participa\u00e7\u00e3o na Apple e eleva fatia no J.P Morgan<\/title>\n<meta name=\"description\" content=\"A companhia de Warren Buffett informou que at\u00e9 31 de dezembro de 2018, havia reduzido os seus pap\u00e9is na Apple. Clique para saber mais.\" \/>\n<meta name=\"robots\" content=\"index, follow, max-snippet:-1, max-image-preview:large, max-video-preview:-1\" \/>\n<link rel=\"canonical\" href=\"https:\/\/www.suno.com.br\/noticias\/buffett-participacao-apple-j-p-morgan\/\" \/>\n<meta property=\"og:locale\" content=\"pt_BR\" \/>\n<meta property=\"og:type\" content=\"article\" \/>\n<meta property=\"og:title\" content=\"Buffett diminui participa\u00e7\u00e3o na Apple e eleva fatia no J.P Morgan\" \/>\n<meta property=\"og:description\" content=\"A companhia de Warren Buffett informou que at\u00e9 31 de dezembro de 2018, havia reduzido os seus pap\u00e9is na Apple. Clique para saber mais.\" \/>\n<meta property=\"og:url\" content=\"https:\/\/www.suno.com.br\/noticias\/buffett-participacao-apple-j-p-morgan\/\" \/>\n<meta property=\"og:site_name\" content=\"Suno Not\u00edcias\" \/>\n<meta property=\"article:publisher\" content=\"https:\/\/facebook.com\/sunoresearch\" \/>\n<meta property=\"og:image\" content=\"https:\/\/files.sunoresearch.com.br\/n\/uploads\/2018\/08\/a2e041ec-apple_store_sydney.jpg\" \/>\n\t<meta property=\"og:image:width\" content=\"1024\" \/>\n\t<meta property=\"og:image:height\" content=\"768\" \/>\n\t<meta property=\"og:image:type\" content=\"image\/jpeg\" \/>\n<meta name=\"author\" content=\"Renan Dantas\" \/>\n<meta name=\"twitter:card\" content=\"summary_large_image\" \/>\n<meta name=\"twitter:creator\" content=\"@sunoresearch\" \/>\n<meta name=\"twitter:site\" content=\"@sunoresearch\" \/>\n<meta name=\"twitter:label1\" content=\"Escrito por\" \/>\n\t<meta name=\"twitter:data1\" content=\"Renan Dantas\" \/>\n\t<meta name=\"twitter:label2\" content=\"Est. tempo de leitura\" \/>\n\t<meta name=\"twitter:data2\" content=\"2 minutos\" \/>\n<script type=\"application\/ld+json\" class=\"yoast-schema-graph\">{\"@context\":\"https:\/\/schema.org\",\"@graph\":[{\"@type\":\"NewsArticle\",\"@id\":\"https:\/\/www.suno.com.br\/noticias\/buffett-participacao-apple-j-p-morgan\/#article\",\"isPartOf\":{\"@id\":\"https:\/\/www.suno.com.br\/noticias\/buffett-participacao-apple-j-p-morgan\/\"},\"author\":{\"name\":\"Renan Dantas\",\"@id\":\"https:\/\/www.suno.com.br\/noticias\/#\/schema\/person\/3f7693d5795a3f6d5ce15309ee785699\"},\"headline\":\"Buffett diminui participa\u00e7\u00e3o na Apple e eleva fatia no J.P Morgan\",\"datePublished\":\"2019-02-15T18:14:11+00:00\",\"dateModified\":\"2021-02-18T17:28:01+00:00\",\"mainEntityOfPage\":{\"@id\":\"https:\/\/www.suno.com.br\/noticias\/buffett-participacao-apple-j-p-morgan\/\"},\"wordCount\":454,\"publisher\":{\"@id\":\"https:\/\/www.suno.com.br\/noticias\/#organization\"},\"image\":{\"@id\":\"https:\/\/www.suno.com.br\/noticias\/buffett-participacao-apple-j-p-morgan\/#primaryimage\"},\"thumbnailUrl\":\"https:\/\/files.sunoresearch.com.br\/n\/uploads\/2018\/08\/a2e041ec-apple_store_sydney-jpg.webp\",\"keywords\":[\"A\u00e7\u00f5es\",\"Apple (AAPL34)\",\"J.P. Morgan (JPMC34)\",\"Resultado das empresas\",\"Warren Buffett\"],\"articleSection\":[\"Neg\u00f3cios\"],\"inLanguage\":\"pt-BR\"},{\"@type\":\"WebPage\",\"@id\":\"https:\/\/www.suno.com.br\/noticias\/buffett-participacao-apple-j-p-morgan\/\",\"url\":\"https:\/\/www.suno.com.br\/noticias\/buffett-participacao-apple-j-p-morgan\/\",\"name\":\"Buffett diminui participa\u00e7\u00e3o na Apple e eleva fatia no J.P Morgan\",\"isPartOf\":{\"@id\":\"https:\/\/www.suno.com.br\/noticias\/#website\"},\"primaryImageOfPage\":{\"@id\":\"https:\/\/www.suno.com.br\/noticias\/buffett-participacao-apple-j-p-morgan\/#primaryimage\"},\"image\":{\"@id\":\"https:\/\/www.suno.com.br\/noticias\/buffett-participacao-apple-j-p-morgan\/#primaryimage\"},\"thumbnailUrl\":\"https:\/\/files.sunoresearch.com.br\/n\/uploads\/2018\/08\/a2e041ec-apple_store_sydney-jpg.webp\",\"datePublished\":\"2019-02-15T18:14:11+00:00\",\"dateModified\":\"2021-02-18T17:28:01+00:00\",\"description\":\"A companhia de Warren Buffett informou que at\u00e9 31 de dezembro de 2018, havia reduzido os seus pap\u00e9is na Apple. Clique para saber mais.\",\"breadcrumb\":{\"@id\":\"https:\/\/www.suno.com.br\/noticias\/buffett-participacao-apple-j-p-morgan\/#breadcrumb\"},\"inLanguage\":\"pt-BR\",\"potentialAction\":[{\"@type\":\"ReadAction\",\"target\":[\"https:\/\/www.suno.com.br\/noticias\/buffett-participacao-apple-j-p-morgan\/\"]}]},{\"@type\":\"ImageObject\",\"inLanguage\":\"pt-BR\",\"@id\":\"https:\/\/www.suno.com.br\/noticias\/buffett-participacao-apple-j-p-morgan\/#primaryimage\",\"url\":\"https:\/\/files.sunoresearch.com.br\/n\/uploads\/2018\/08\/a2e041ec-apple_store_sydney-jpg.webp\",\"contentUrl\":\"https:\/\/files.sunoresearch.com.br\/n\/uploads\/2018\/08\/a2e041ec-apple_store_sydney-jpg.webp\",\"width\":1024,\"height\":768,\"caption\":\"A Apple anunciou nesta quinta-feira (25) a compra da maior parte da divis\u00e3o microprocessadores e medem para smartphones da Intel.\"},{\"@type\":\"BreadcrumbList\",\"@id\":\"https:\/\/www.suno.com.br\/noticias\/buffett-participacao-apple-j-p-morgan\/#breadcrumb\",\"itemListElement\":[{\"@type\":\"ListItem\",\"position\":1,\"name\":\"Not\u00edcias\",\"item\":\"https:\/\/www.suno.com.br\/noticias\/\"},{\"@type\":\"ListItem\",\"position\":2,\"name\":\"Neg\u00f3cios\",\"item\":\"https:\/\/www.suno.com.br\/noticias\/negocios\/\"},{\"@type\":\"ListItem\",\"position\":3,\"name\":\"Buffett diminui participa\u00e7\u00e3o na Apple e eleva fatia no J.P Morgan\"}]},{\"@type\":\"WebSite\",\"@id\":\"https:\/\/www.suno.com.br\/noticias\/#website\",\"url\":\"https:\/\/www.suno.com.br\/noticias\/\",\"name\":\"Suno Not\u00edcias\",\"description\":\"Seu portal de informa\u00e7\u00e3o sobre o mundo dos investimentos\",\"publisher\":{\"@id\":\"https:\/\/www.suno.com.br\/noticias\/#organization\"},\"potentialAction\":[{\"@type\":\"SearchAction\",\"target\":{\"@type\":\"EntryPoint\",\"urlTemplate\":\"https:\/\/www.suno.com.br\/noticias\/?s={search_term_string}\"},\"query-input\":{\"@type\":\"PropertyValueSpecification\",\"valueRequired\":true,\"valueName\":\"search_term_string\"}}],\"inLanguage\":\"pt-BR\"},{\"@type\":\"Organization\",\"@id\":\"https:\/\/www.suno.com.br\/noticias\/#organization\",\"name\":\"Suno Not\u00edcias\",\"url\":\"https:\/\/www.suno.com.br\/noticias\/\",\"logo\":{\"@type\":\"ImageObject\",\"inLanguage\":\"pt-BR\",\"@id\":\"https:\/\/www.suno.com.br\/noticias\/#\/schema\/logo\/image\/\",\"url\":\"https:\/\/files.sunoresearch.com.br\/n\/uploads\/2021\/09\/suno-logo.png\",\"contentUrl\":\"https:\/\/files.sunoresearch.com.br\/n\/uploads\/2021\/09\/suno-logo.png\",\"width\":180,\"height\":180,\"caption\":\"Suno Not\u00edcias\"},\"image\":{\"@id\":\"https:\/\/www.suno.com.br\/noticias\/#\/schema\/logo\/image\/\"},\"sameAs\":[\"https:\/\/facebook.com\/sunoresearch\",\"https:\/\/x.com\/sunoresearch\",\"https:\/\/www.instagram.com\/suno\",\"https:\/\/www.linkedin.com\/company\/suno-research\/\",\"https:\/\/www.youtube.com\/c\/sunoresearch\"]},{\"@type\":\"Person\",\"@id\":\"https:\/\/www.suno.com.br\/noticias\/#\/schema\/person\/3f7693d5795a3f6d5ce15309ee785699\",\"name\":\"Renan Dantas\",\"image\":{\"@type\":\"ImageObject\",\"inLanguage\":\"pt-BR\",\"@id\":\"https:\/\/www.suno.com.br\/noticias\/#\/schema\/person\/image\/\",\"url\":\"https:\/\/secure.gravatar.com\/avatar\/1787b83e7484a08e51d62ac8b41c8396?s=96&r=g\",\"contentUrl\":\"https:\/\/secure.gravatar.com\/avatar\/1787b83e7484a08e51d62ac8b41c8396?s=96&r=g\",\"caption\":\"Renan Dantas\"},\"description\":\"Escreve sobre pol\u00edtica e mercado financeiro para o portal Suno Not\u00edcias. Antes, atuou na assessoria de comunica\u00e7\u00e3o do Minist\u00e9rio P\u00fablico do Trabalho e na R\u00e1dio Mackenzie, onde apresentava e produzia um programa sobre artistas da m\u00fasica brasileira. \u00c9 estudante na Universidade Presbiteriana Mackenzie.\",\"url\":\"https:\/\/www.suno.com.br\/noticias\/author\/renan-dantas\/\"}]}<\/script>\n<!-- \/ Yoast SEO plugin. -->","yoast_head_json":{"title":"Buffett diminui participa\u00e7\u00e3o na Apple e eleva fatia no J.P Morgan","description":"A companhia de Warren Buffett informou que at\u00e9 31 de dezembro de 2018, havia reduzido os seus pap\u00e9is na Apple. Clique para saber mais.","robots":{"index":"index","follow":"follow","max-snippet":"max-snippet:-1","max-image-preview":"max-image-preview:large","max-video-preview":"max-video-preview:-1"},"canonical":"https:\/\/www.suno.com.br\/noticias\/buffett-participacao-apple-j-p-morgan\/","og_locale":"pt_BR","og_type":"article","og_title":"Buffett diminui participa\u00e7\u00e3o na Apple e eleva fatia no J.P Morgan","og_description":"A companhia de Warren Buffett informou que at\u00e9 31 de dezembro de 2018, havia reduzido os seus pap\u00e9is na Apple. Clique para saber mais.","og_url":"https:\/\/www.suno.com.br\/noticias\/buffett-participacao-apple-j-p-morgan\/","og_site_name":"Suno Not\u00edcias","article_publisher":"https:\/\/facebook.com\/sunoresearch","og_image":[{"width":1024,"height":768,"url":"https:\/\/files.sunoresearch.com.br\/n\/uploads\/2018\/08\/a2e041ec-apple_store_sydney.jpg","type":"image\/jpeg"}],"author":"Renan Dantas","twitter_card":"summary_large_image","twitter_creator":"@sunoresearch","twitter_site":"@sunoresearch","twitter_misc":{"Escrito por":"Renan Dantas","Est. tempo de leitura":"2 minutos"},"schema":{"@context":"https:\/\/schema.org","@graph":[{"@type":"NewsArticle","@id":"https:\/\/www.suno.com.br\/noticias\/buffett-participacao-apple-j-p-morgan\/#article","isPartOf":{"@id":"https:\/\/www.suno.com.br\/noticias\/buffett-participacao-apple-j-p-morgan\/"},"author":{"name":"Renan Dantas","@id":"https:\/\/www.suno.com.br\/noticias\/#\/schema\/person\/3f7693d5795a3f6d5ce15309ee785699"},"headline":"Buffett diminui participa\u00e7\u00e3o na Apple e eleva fatia no J.P Morgan","datePublished":"2019-02-15T18:14:11+00:00","dateModified":"2021-02-18T17:28:01+00:00","mainEntityOfPage":{"@id":"https:\/\/www.suno.com.br\/noticias\/buffett-participacao-apple-j-p-morgan\/"},"wordCount":454,"publisher":{"@id":"https:\/\/www.suno.com.br\/noticias\/#organization"},"image":{"@id":"https:\/\/www.suno.com.br\/noticias\/buffett-participacao-apple-j-p-morgan\/#primaryimage"},"thumbnailUrl":"https:\/\/files.sunoresearch.com.br\/n\/uploads\/2018\/08\/a2e041ec-apple_store_sydney-jpg.webp","keywords":["A\u00e7\u00f5es","Apple (AAPL34)","J.P. Morgan (JPMC34)","Resultado das empresas","Warren Buffett"],"articleSection":["Neg\u00f3cios"],"inLanguage":"pt-BR"},{"@type":"WebPage","@id":"https:\/\/www.suno.com.br\/noticias\/buffett-participacao-apple-j-p-morgan\/","url":"https:\/\/www.suno.com.br\/noticias\/buffett-participacao-apple-j-p-morgan\/","name":"Buffett diminui participa\u00e7\u00e3o na Apple e eleva fatia no J.P Morgan","isPartOf":{"@id":"https:\/\/www.suno.com.br\/noticias\/#website"},"primaryImageOfPage":{"@id":"https:\/\/www.suno.com.br\/noticias\/buffett-participacao-apple-j-p-morgan\/#primaryimage"},"image":{"@id":"https:\/\/www.suno.com.br\/noticias\/buffett-participacao-apple-j-p-morgan\/#primaryimage"},"thumbnailUrl":"https:\/\/files.sunoresearch.com.br\/n\/uploads\/2018\/08\/a2e041ec-apple_store_sydney-jpg.webp","datePublished":"2019-02-15T18:14:11+00:00","dateModified":"2021-02-18T17:28:01+00:00","description":"A companhia de Warren Buffett informou que at\u00e9 31 de dezembro de 2018, havia reduzido os seus pap\u00e9is na Apple. Clique para saber mais.","breadcrumb":{"@id":"https:\/\/www.suno.com.br\/noticias\/buffett-participacao-apple-j-p-morgan\/#breadcrumb"},"inLanguage":"pt-BR","potentialAction":[{"@type":"ReadAction","target":["https:\/\/www.suno.com.br\/noticias\/buffett-participacao-apple-j-p-morgan\/"]}]},{"@type":"ImageObject","inLanguage":"pt-BR","@id":"https:\/\/www.suno.com.br\/noticias\/buffett-participacao-apple-j-p-morgan\/#primaryimage","url":"https:\/\/files.sunoresearch.com.br\/n\/uploads\/2018\/08\/a2e041ec-apple_store_sydney-jpg.webp","contentUrl":"https:\/\/files.sunoresearch.com.br\/n\/uploads\/2018\/08\/a2e041ec-apple_store_sydney-jpg.webp","width":1024,"height":768,"caption":"A Apple anunciou nesta quinta-feira (25) a compra da maior parte da divis\u00e3o microprocessadores e medem para smartphones da Intel."},{"@type":"BreadcrumbList","@id":"https:\/\/www.suno.com.br\/noticias\/buffett-participacao-apple-j-p-morgan\/#breadcrumb","itemListElement":[{"@type":"ListItem","position":1,"name":"Not\u00edcias","item":"https:\/\/www.suno.com.br\/noticias\/"},{"@type":"ListItem","position":2,"name":"Neg\u00f3cios","item":"https:\/\/www.suno.com.br\/noticias\/negocios\/"},{"@type":"ListItem","position":3,"name":"Buffett diminui participa\u00e7\u00e3o na Apple e eleva fatia no J.P Morgan"}]},{"@type":"WebSite","@id":"https:\/\/www.suno.com.br\/noticias\/#website","url":"https:\/\/www.suno.com.br\/noticias\/","name":"Suno Not\u00edcias","description":"Seu portal de informa\u00e7\u00e3o sobre o mundo dos investimentos","publisher":{"@id":"https:\/\/www.suno.com.br\/noticias\/#organization"},"potentialAction":[{"@type":"SearchAction","target":{"@type":"EntryPoint","urlTemplate":"https:\/\/www.suno.com.br\/noticias\/?s={search_term_string}"},"query-input":{"@type":"PropertyValueSpecification","valueRequired":true,"valueName":"search_term_string"}}],"inLanguage":"pt-BR"},{"@type":"Organization","@id":"https:\/\/www.suno.com.br\/noticias\/#organization","name":"Suno Not\u00edcias","url":"https:\/\/www.suno.com.br\/noticias\/","logo":{"@type":"ImageObject","inLanguage":"pt-BR","@id":"https:\/\/www.suno.com.br\/noticias\/#\/schema\/logo\/image\/","url":"https:\/\/files.sunoresearch.com.br\/n\/uploads\/2021\/09\/suno-logo.png","contentUrl":"https:\/\/files.sunoresearch.com.br\/n\/uploads\/2021\/09\/suno-logo.png","width":180,"height":180,"caption":"Suno Not\u00edcias"},"image":{"@id":"https:\/\/www.suno.com.br\/noticias\/#\/schema\/logo\/image\/"},"sameAs":["https:\/\/facebook.com\/sunoresearch","https:\/\/x.com\/sunoresearch","https:\/\/www.instagram.com\/suno","https:\/\/www.linkedin.com\/company\/suno-research\/","https:\/\/www.youtube.com\/c\/sunoresearch"]},{"@type":"Person","@id":"https:\/\/www.suno.com.br\/noticias\/#\/schema\/person\/3f7693d5795a3f6d5ce15309ee785699","name":"Renan Dantas","image":{"@type":"ImageObject","inLanguage":"pt-BR","@id":"https:\/\/www.suno.com.br\/noticias\/#\/schema\/person\/image\/","url":"https:\/\/secure.gravatar.com\/avatar\/1787b83e7484a08e51d62ac8b41c8396?s=96&r=g","contentUrl":"https:\/\/secure.gravatar.com\/avatar\/1787b83e7484a08e51d62ac8b41c8396?s=96&r=g","caption":"Renan Dantas"},"description":"Escreve sobre pol\u00edtica e mercado financeiro para o portal Suno Not\u00edcias. Antes, atuou na assessoria de comunica\u00e7\u00e3o do Minist\u00e9rio P\u00fablico do Trabalho e na R\u00e1dio Mackenzie, onde apresentava e produzia um programa sobre artistas da m\u00fasica brasileira. \u00c9 estudante na Universidade Presbiteriana Mackenzie.","url":"https:\/\/www.suno.com.br\/noticias\/author\/renan-dantas\/"}]}},"default_loop_html":"<div class=\"cardsPage__listCard__boxs\"><div class=\"cardsPage__listCard__boxs__img\"><a href=\"https:\/\/www.suno.com.br\/noticias\/buffett-participacao-apple-j-p-morgan\/\"><img class=\"mask\" src=\"https:\/\/www.suno.com.br\/noticias\/wp-content\/themes\/suno\/resources\/images\/spotlight\/spotlight1img\/bg-mask.png\" alt=\"Image Mask\"\/><img src=\"https:\/\/files.sunoresearch.com.br\/n\/uploads\/2018\/08\/a2e041ec-apple_store_sydney-400x200.webp\" alt=\"Buffett diminui participa\u00e7\u00e3o na Apple e eleva fatia no J.P Morgan\"\/><\/a><span class=\"spotlightCategory\"><a href=\"https:\/\/www.suno.com.br\/noticias\/negocios\/\">Neg\u00f3cios<\/a><\/span><\/div><div class=\"cardsPage__listCard__boxs__content\"><a href=\"https:\/\/www.suno.com.br\/noticias\/buffett-participacao-apple-j-p-morgan\/\"><h2 class=\"content__title\">Buffett diminui participa\u00e7\u00e3o na Apple e eleva fatia no J.P Morgan<\/h2><\/a><div class=\"newsContent__article__meta\"><div class=\"newsContent__article__meta__authorBox\"><a href=\"https:\/\/www.suno.com.br\/noticias\/author\/renan-dantas\/\" class=\"authorBox__avatar noMobi\"><img src=\"https:\/\/secure.gravatar.com\/avatar\/1787b83e7484a08e51d62ac8b41c8396?s=96&#038;r=g\" alt=\"Renan Dantas\"><\/a><div class=\"authorBox__name\"><span>por\n\t\t\t<a href=\"https:\/\/www.suno.com.br\/noticias\/author\/renan-dantas\/\"><span itemprop=\"author\">Renan Dantas<\/span><\/a><\/span><time datetime=\"2019-02-15T16:14:11-02:00\" itemprop=\"datePublished\">15\/02\/2019 16:14<\/time><\/div><\/div><\/div><\/div><\/div>","single_layout":"posts","amp_enabled":true,"_links":{"self":[{"href":"https:\/\/www.suno.com.br\/noticias\/wp-json\/wp\/v2\/posts\/15483"}],"collection":[{"href":"https:\/\/www.suno.com.br\/noticias\/wp-json\/wp\/v2\/posts"}],"about":[{"href":"https:\/\/www.suno.com.br\/noticias\/wp-json\/wp\/v2\/types\/post"}],"author":[{"embeddable":true,"href":"https:\/\/www.suno.com.br\/noticias\/wp-json\/wp\/v2\/users\/14"}],"replies":[{"embeddable":true,"href":"https:\/\/www.suno.com.br\/noticias\/wp-json\/wp\/v2\/comments?post=15483"}],"version-history":[{"count":0,"href":"https:\/\/www.suno.com.br\/noticias\/wp-json\/wp\/v2\/posts\/15483\/revisions"}],"wp:featuredmedia":[{"embeddable":true,"href":"https:\/\/www.suno.com.br\/noticias\/wp-json\/wp\/v2\/media\/3032"}],"wp:attachment":[{"href":"https:\/\/www.suno.com.br\/noticias\/wp-json\/wp\/v2\/media?parent=15483"}],"wp:term":[{"taxonomy":"category","embeddable":true,"href":"https:\/\/www.suno.com.br\/noticias\/wp-json\/wp\/v2\/categories?post=15483"},{"taxonomy":"post_tag","embeddable":true,"href":"https:\/\/www.suno.com.br\/noticias\/wp-json\/wp\/v2\/tags?post=15483"},{"taxonomy":"suno_strategy","embeddable":true,"href":"https:\/\/www.suno.com.br\/noticias\/wp-json\/wp\/v2\/suno_strategy?post=15483"}],"curies":[{"name":"wp","href":"https:\/\/api.w.org\/{rel}","templated":true}]}}