{"id":15475,"date":"2019-02-15T15:12:23","date_gmt":"2019-02-15T17:12:23","guid":{"rendered":"https:\/\/www.suno.com.br\/noticias\/?p=15475"},"modified":"2021-02-18T19:51:16","modified_gmt":"2021-02-18T22:51:16","slug":"acao-da-gafisa-sobe-ate-7-apos-saida-do-polemico-fundo-gwi","status":"publish","type":"post","link":"https:\/\/www.suno.com.br\/noticias\/acao-da-gafisa-sobe-ate-7-apos-saida-do-polemico-fundo-gwi\/","title":{"rendered":"A\u00e7\u00e3o da Gafisa sobe at\u00e9 7% ap\u00f3s sa\u00edda do pol\u00eamico fundo GWI"},"content":{"rendered":"<p>As a\u00e7\u00f5es da\u00a0Gafisa subiram at\u00e9 7% ap\u00f3s a sa\u00edda do pol\u00eamico fundo GWI Asset Management de seu capital. O fundo deixou o controle da <strong>empreiteira<\/strong> ap\u00f3s um per\u00edodo curto por\u00e9m muito pol\u00eamico.<\/p>\t<div class=\"wrapper-featured-image\">\n\t\t<figure class=\"spotlightImg\">\n\n\t\t\t<picture>\n\t\t\t\t<source media=\"(max-width: 768px)\" srcset=\"https:\/\/files.sunoresearch.com.br\/n\/uploads\/2018\/08\/4ad5d96b-gafisa-400x200.webp\">\n\t\t\t\t<img loading=\"lazy\" decoding=\"async\" class=\"newsContent__article__imgCapa lazyloadDisabled newsContent__article__imgCapa--noCaption\" src=\"https:\/\/files.sunoresearch.com.br\/n\/uploads\/2018\/08\/4ad5d96b-gafisa-800x450.webp\" width=\"800\" height=\"450\" alt=\"A\u00e7\u00e3o da Gafisa sobe at\u00e9 7% ap\u00f3s sa\u00edda do pol\u00eamico fundo GWI\" fetchpriority=high \/>\n\t\t\t<\/picture>\n\n\t\t\t<figcaption class=\"wp-caption-text wp-caption-text--hide\">Gafisa (GFSA3): a\u00e7\u00f5es disparam mais de dois d\u00edgitos neste ano. Foto: Divulga\u00e7\u00e3o<\/figcaption>\n\t\t<\/figure>\n\t<\/div>\n\n\n<p>As a\u00e7\u00f5es da <strong>Gafisa<\/strong> (GFSA3) chegaram a subir at\u00e9 7,34% nesta sexta-feira (15) ap\u00f3s o an\u00fancio das vendas das a\u00e7\u00f5es da GWI. O <strong>GWI Asset Management<\/strong> \u00e9 de propriedade do pol\u00eamico sul-coreano Mu Hak You. A opera\u00e7\u00e3o de venda movimentou\u00a0R$ 131,4 milh\u00f5es.<\/p>\n<p><a href=\"https:\/\/www.suno.com.br\/noticias\/gwi-gafisa-controle-leilao-participacao\/\">Saiba mais: GWI vende 33% de participa\u00e7\u00e3o na Gafisa e perde controle\u00a0<\/a><\/p>\n<p>O mercado espera que os novos controladores melhorar\u00e3o a gest\u00e3o da empresa. Por isso, um grupo de investidores, atrav\u00e9s da\u00a0Planner Corretora, adquiriu 14,6 milh\u00f5es de <strong>a\u00e7\u00f5es,<\/strong> o equivalente a 33,67% do capital da <strong>Gafisa.<\/strong><\/p>\n<p>Uma nova assembleia para a nomea\u00e7\u00e3o do Conselho de Administra\u00e7\u00e3o ser\u00e1 nomeada na pr\u00f3xima semana. A nova diretoria tamb\u00e9m ser\u00e1 indicada durante a assembleia.<\/p>\n<h2>GWI vendeu a\u00e7\u00f5es em leil\u00e3o<\/h2>\n<p>Nesta sexta-feira (15)\u00a0<strong>GWI<\/strong> realizou um <strong>leil\u00e3o<\/strong> especial, no qual vendeu 14,6 milh\u00f5es de a\u00e7\u00f5es da Gafisa\u00a0(GFSA3), equivalente a <strong>33,67%<\/strong> dos <a href=\"https:\/\/www.suno.com.br\/artigos\/o-que-sao-acoes-ordinarias-preferenciais-e-units\/\"><strong>papeis ordin\u00e1rios<\/strong><\/a> da construtora. Pelo pre\u00e7o de R$ 9 por a\u00e7\u00e3o, a <strong>transa\u00e7\u00e3o<\/strong> envolveu o total de R$ 131,4 milh\u00f5es.\u00a0A corretora Planner fez o interm\u00e9dio da opera\u00e7\u00e3o.<\/p>\n<p>Antes do <strong>leil\u00e3o\u00a0<\/strong>na \u00faltima quinta-feira (14) na <a href=\"https:\/\/www.suno.com.br\/artigos\/b3\/\">B3<\/a> (<a href=\"https:\/\/www.suno.com.br\/artigos\/bmf\/\">BM&amp;F<\/a> <a href=\"https:\/\/www.suno.com.br\/artigos\/bovespa-precedente-b3\/\">Bovespa<\/a>), a gestora <strong>GWI<\/strong> possu\u00eda 49,94% da <strong>Gafisa<\/strong>. Isso corresponde a\u00a0uma <strong>participa\u00e7\u00e3o<\/strong> equivalente a 21.653.496 <strong>a\u00e7\u00f5es<\/strong>, segundo apura\u00e7\u00e3o da &#8220;Arena do Pavini&#8221;.<\/p>\n<p>A <strong>GWI<\/strong> j\u00e1 <a href=\"https:\/\/www.suno.com.br\/noticias\/gafisa-confirma-boato-venda-gwi\/\">havia confirmado que negociava a venda<\/a> de sua participa\u00e7\u00e3o na empresa.\u00a0A gestora do empres\u00e1rio coreano <strong>Mu Hak You<\/strong> assumiu a <b>construtora\u00a0<\/b>em setembro, e trocou o <strong>Conselho de Administra\u00e7\u00e3o<\/strong> e a diretoria executiva.<\/p>\n<p><a href=\"https:\/\/www.suno.com.br\/noticias\/gafisa-gasta-18-milhoes-recompra-acoes\/\">Saiba mais &#8211;\u00a0Apesar de dificuldades, Gafisa gasta R$ 18 mi em recompra de a\u00e7\u00f5es\u00a0<\/a><\/p>\n<h2>Gest\u00e3o da GWI<\/h2>\n<p>A gestora de investimentos GWI foi fundada por <strong>Mu Hak You<\/strong>. O empres\u00e1rio sul-coreano \u00e9 conhecido por participar ativamente da gest\u00e3o das empresas nas quais investe. O Hak You j\u00e1 desentendeu-se com s\u00f3cios, como no caso das <strong>Lojas Americanas<\/strong> (LAME4) e, mais recentemente, na <strong>Saraiva<\/strong> (SLED4).<\/p>\n<p>Desde a mudan\u00e7a de controle, em setembro do ano passado, a <strong>Gafisa<\/strong> realizou <strong>demiss\u00f5es<\/strong>, deixou de pagar fornecedores e\u00a0passou a buscar a <strong>renegocia\u00e7\u00e3o<\/strong> de contratos que considera pouco vantajosos.<\/p>\n<p>Segundo o jornal \u201cO Estado de S. Paulo\u201d, os preju\u00edzos enfrentados pela <strong>construtora<\/strong> s\u00e3o:<\/p>\n<ul>\n<li>2017: perda de\u00a0R$ 849,8 milh\u00f5es<\/li>\n<li>2018: perda de R$ 122,5 milh\u00f5es<\/li>\n<\/ul>\n<p><a href=\"https:\/\/www.suno.com.br\/noticias\/gafisa-desvio-recursos-acoes\/\">Saiba mais &#8211;\u00a0Gafisa \u00e9 acusada de desvio de recursos e a\u00e7\u00f5es caem 6%\u00a0<\/a><\/p>\n<h2>Desvio de recursos<\/h2>\n<p>Em 6 de fevereiro, a <strong>Gafisa<\/strong> registrou forte queda nas a\u00e7\u00f5es na B3. A <strong>baixa<\/strong> ocorreu ap\u00f3s a companhia ser acusada por uma securitizadora de desvio de recursos. Os pap\u00e9is da construtora encerraram a R$ 13,01, recuando 6,54%.<\/p>\n<p>A Gafisa havia securitizado <a href=\"https:\/\/www.suno.com.br\/artigos\/certificados-recebiveis-imobiliarios\/\">Certificados de Receb\u00edveis Imobili\u00e1rios<\/a> (CRI) \u00e0 <strong>Polo Capital Securitizadora<\/strong>. Ou seja, os cr\u00e9ditos imobili\u00e1rios haviam sido transferidos para outro credor.<\/p>\n<p>Portanto, a <strong>Polo Capital<\/strong> teria <strong>direito<\/strong> de receber parte dos <strong>valores pagos<\/strong> pelos clientes da companhia.<\/p>\n<p>Contudo, segundo a <strong>securitizadora<\/strong>, a empreiteira teria enviado, neste m\u00eas, <strong>novos boletos<\/strong> de cobran\u00e7a aos clientes, nos quais constavam os dados banc\u00e1rios da pr\u00f3pria da construtora, em vez dos relativos \u00e0 Polo Capital.<\/p>\n<p>O total a ser recebido seria de R$ 1,8 milh\u00e3o. A <strong>Gafisa<\/strong> emitiu cerca de R$ 300 milh\u00f5es em <strong>CRIs<\/strong>.<\/p>\n<p>Em fato relevante anunciado na ter\u00e7a-feira (5), a <strong>Polo Capital<\/strong> apontou \u201cdescumprimento de obriga\u00e7\u00f5es de gest\u00e3o e cobran\u00e7a dos cr\u00e9ditos prevista nos contratos de cess\u00e3o firmados entre as partes\u201d.<\/p>\n<p>Com a altera\u00e7\u00e3o dos boletos, a <strong>securitizadora<\/strong> diz que \u201ca <strong>Gafisa<\/strong> passou a receber indevidamente os cr\u00e9ditos de compradores de im\u00f3veis de titularidade da securitizadora\u201d.<\/p>\n<p>Por meio de nota \u00e0 Imprensa, a <strong>Gafisa<\/strong> informou que est\u00e1 \u201ctomando as medidas cab\u00edveis\u201d em rela\u00e7\u00e3o \u00e0 acusa\u00e7\u00e3o de ter se apropriado indevidamente de cr\u00e9ditos de compradores de im\u00f3veis que deveriam ser usados para remunerar opera\u00e7\u00e3o de securitiza\u00e7\u00e3o.<\/p>\n","protected":false},"excerpt":{"rendered":"<p>As a\u00e7\u00f5es da\u00a0Gafisa subiram at\u00e9 7% ap\u00f3s a sa\u00edda do pol\u00eamico fundo GWI Asset Management de seu capital. O fundo deixou o controle da empreiteira ap\u00f3s um per\u00edodo curto por\u00e9m muito pol\u00eamico. Gafisa (GFSA3): a\u00e7\u00f5es disparam mais de dois d\u00edgitos neste ano. Foto: Divulga\u00e7\u00e3o As a\u00e7\u00f5es da Gafisa (GFSA3) chegaram a subir at\u00e9 7,34% nesta [&hellip;]<\/p>\n","protected":false},"author":9,"featured_media":2829,"comment_status":"closed","ping_status":"closed","sticky":false,"template":"","format":"standard","meta":[],"categories":[60],"tags":[286,309,484,1163,2360],"suno_strategy":[],"class_list":["post-15475","post","type-post","status-publish","format-standard","has-post-thumbnail","hentry","category-mercado","tag-acoes","tag-bolsa-de-valores","tag-gafisa-gfsa3","tag-gwi","tag-mu-hak-you"],"yoast_head":"<!-- This site is optimized with the Yoast SEO plugin v24.4 - https:\/\/yoast.com\/wordpress\/plugins\/seo\/ -->\n<title>A\u00e7\u00e3o da Gafisa sobe at\u00e9 7% ap\u00f3s sa\u00edda do pol\u00eamico fundo GWI<\/title>\n<meta name=\"description\" content=\"As a\u00e7\u00f5es da\u00a0Gafisa subiram at\u00e9 7% ap\u00f3s a sa\u00edda do pol\u00eamico fundo GWI Asset Management de seu capital. Clique aqui para saber mais.\" \/>\n<meta name=\"robots\" content=\"index, follow, max-snippet:-1, max-image-preview:large, max-video-preview:-1\" \/>\n<link rel=\"canonical\" href=\"https:\/\/www.suno.com.br\/noticias\/acao-da-gafisa-sobe-ate-7-apos-saida-do-polemico-fundo-gwi\/\" \/>\n<meta property=\"og:locale\" content=\"pt_BR\" \/>\n<meta property=\"og:type\" content=\"article\" \/>\n<meta property=\"og:title\" content=\"A\u00e7\u00e3o da Gafisa sobe at\u00e9 7% ap\u00f3s sa\u00edda do pol\u00eamico fundo GWI\" \/>\n<meta property=\"og:description\" content=\"As a\u00e7\u00f5es da\u00a0Gafisa subiram at\u00e9 7% ap\u00f3s a sa\u00edda do pol\u00eamico fundo GWI Asset Management de seu capital. Clique aqui para saber mais.\" \/>\n<meta property=\"og:url\" content=\"https:\/\/www.suno.com.br\/noticias\/acao-da-gafisa-sobe-ate-7-apos-saida-do-polemico-fundo-gwi\/\" \/>\n<meta property=\"og:site_name\" content=\"Suno Not\u00edcias\" \/>\n<meta property=\"article:publisher\" content=\"https:\/\/facebook.com\/sunoresearch\" \/>\n<meta property=\"og:image\" content=\"https:\/\/files.sunoresearch.com.br\/n\/uploads\/2018\/08\/4ad5d96b-gafisa.jpg\" \/>\n\t<meta property=\"og:image:width\" content=\"1280\" \/>\n\t<meta property=\"og:image:height\" content=\"720\" \/>\n\t<meta property=\"og:image:type\" content=\"image\/jpeg\" \/>\n<meta name=\"author\" content=\"Carlo Cauti\" \/>\n<meta name=\"twitter:card\" content=\"summary_large_image\" \/>\n<meta name=\"twitter:creator\" content=\"@sunoresearch\" \/>\n<meta name=\"twitter:site\" content=\"@sunoresearch\" \/>\n<meta name=\"twitter:label1\" content=\"Escrito por\" \/>\n\t<meta name=\"twitter:data1\" content=\"Carlo Cauti\" \/>\n\t<meta name=\"twitter:label2\" content=\"Est. tempo de leitura\" \/>\n\t<meta name=\"twitter:data2\" content=\"3 minutos\" \/>\n<script type=\"application\/ld+json\" class=\"yoast-schema-graph\">{\"@context\":\"https:\/\/schema.org\",\"@graph\":[{\"@type\":\"NewsArticle\",\"@id\":\"https:\/\/www.suno.com.br\/noticias\/acao-da-gafisa-sobe-ate-7-apos-saida-do-polemico-fundo-gwi\/#article\",\"isPartOf\":{\"@id\":\"https:\/\/www.suno.com.br\/noticias\/acao-da-gafisa-sobe-ate-7-apos-saida-do-polemico-fundo-gwi\/\"},\"author\":{\"name\":\"Carlo Cauti\",\"@id\":\"https:\/\/www.suno.com.br\/noticias\/#\/schema\/person\/e6e0f723cc177805027f4566c1d5e0c8\"},\"headline\":\"A\u00e7\u00e3o da Gafisa sobe at\u00e9 7% ap\u00f3s sa\u00edda do pol\u00eamico fundo GWI\",\"datePublished\":\"2019-02-15T17:12:23+00:00\",\"dateModified\":\"2021-02-18T22:51:16+00:00\",\"mainEntityOfPage\":{\"@id\":\"https:\/\/www.suno.com.br\/noticias\/acao-da-gafisa-sobe-ate-7-apos-saida-do-polemico-fundo-gwi\/\"},\"wordCount\":703,\"publisher\":{\"@id\":\"https:\/\/www.suno.com.br\/noticias\/#organization\"},\"image\":{\"@id\":\"https:\/\/www.suno.com.br\/noticias\/acao-da-gafisa-sobe-ate-7-apos-saida-do-polemico-fundo-gwi\/#primaryimage\"},\"thumbnailUrl\":\"https:\/\/files.sunoresearch.com.br\/n\/uploads\/2018\/08\/4ad5d96b-gafisa.jpg\",\"keywords\":[\"A\u00e7\u00f5es\",\"Bolsa de Valores\",\"Gafisa (GFSA3)\",\"GWI\",\"Mu Hak You\"],\"articleSection\":[\"Mercado\"],\"inLanguage\":\"pt-BR\"},{\"@type\":\"WebPage\",\"@id\":\"https:\/\/www.suno.com.br\/noticias\/acao-da-gafisa-sobe-ate-7-apos-saida-do-polemico-fundo-gwi\/\",\"url\":\"https:\/\/www.suno.com.br\/noticias\/acao-da-gafisa-sobe-ate-7-apos-saida-do-polemico-fundo-gwi\/\",\"name\":\"A\u00e7\u00e3o da Gafisa sobe at\u00e9 7% ap\u00f3s sa\u00edda do pol\u00eamico fundo GWI\",\"isPartOf\":{\"@id\":\"https:\/\/www.suno.com.br\/noticias\/#website\"},\"primaryImageOfPage\":{\"@id\":\"https:\/\/www.suno.com.br\/noticias\/acao-da-gafisa-sobe-ate-7-apos-saida-do-polemico-fundo-gwi\/#primaryimage\"},\"image\":{\"@id\":\"https:\/\/www.suno.com.br\/noticias\/acao-da-gafisa-sobe-ate-7-apos-saida-do-polemico-fundo-gwi\/#primaryimage\"},\"thumbnailUrl\":\"https:\/\/files.sunoresearch.com.br\/n\/uploads\/2018\/08\/4ad5d96b-gafisa.jpg\",\"datePublished\":\"2019-02-15T17:12:23+00:00\",\"dateModified\":\"2021-02-18T22:51:16+00:00\",\"description\":\"As a\u00e7\u00f5es da\u00a0Gafisa subiram at\u00e9 7% ap\u00f3s a sa\u00edda do pol\u00eamico fundo GWI Asset Management de seu capital. Clique aqui para saber mais.\",\"breadcrumb\":{\"@id\":\"https:\/\/www.suno.com.br\/noticias\/acao-da-gafisa-sobe-ate-7-apos-saida-do-polemico-fundo-gwi\/#breadcrumb\"},\"inLanguage\":\"pt-BR\",\"potentialAction\":[{\"@type\":\"ReadAction\",\"target\":[\"https:\/\/www.suno.com.br\/noticias\/acao-da-gafisa-sobe-ate-7-apos-saida-do-polemico-fundo-gwi\/\"]}]},{\"@type\":\"ImageObject\",\"inLanguage\":\"pt-BR\",\"@id\":\"https:\/\/www.suno.com.br\/noticias\/acao-da-gafisa-sobe-ate-7-apos-saida-do-polemico-fundo-gwi\/#primaryimage\",\"url\":\"https:\/\/files.sunoresearch.com.br\/n\/uploads\/2018\/08\/4ad5d96b-gafisa.jpg\",\"contentUrl\":\"https:\/\/files.sunoresearch.com.br\/n\/uploads\/2018\/08\/4ad5d96b-gafisa.jpg\",\"width\":1280,\"height\":720,\"caption\":\"Gafisa (GFSA3): a\u00e7\u00f5es disparam mais de dois d\u00edgitos neste ano. Foto: Divulga\u00e7\u00e3o\"},{\"@type\":\"BreadcrumbList\",\"@id\":\"https:\/\/www.suno.com.br\/noticias\/acao-da-gafisa-sobe-ate-7-apos-saida-do-polemico-fundo-gwi\/#breadcrumb\",\"itemListElement\":[{\"@type\":\"ListItem\",\"position\":1,\"name\":\"Not\u00edcias\",\"item\":\"https:\/\/www.suno.com.br\/noticias\/\"},{\"@type\":\"ListItem\",\"position\":2,\"name\":\"Mercado\",\"item\":\"https:\/\/www.suno.com.br\/noticias\/mercado\/\"},{\"@type\":\"ListItem\",\"position\":3,\"name\":\"A\u00e7\u00e3o da Gafisa sobe at\u00e9 7% ap\u00f3s sa\u00edda do pol\u00eamico fundo GWI\"}]},{\"@type\":\"WebSite\",\"@id\":\"https:\/\/www.suno.com.br\/noticias\/#website\",\"url\":\"https:\/\/www.suno.com.br\/noticias\/\",\"name\":\"Suno Not\u00edcias\",\"description\":\"Seu portal de informa\u00e7\u00e3o sobre o mundo dos investimentos\",\"publisher\":{\"@id\":\"https:\/\/www.suno.com.br\/noticias\/#organization\"},\"potentialAction\":[{\"@type\":\"SearchAction\",\"target\":{\"@type\":\"EntryPoint\",\"urlTemplate\":\"https:\/\/www.suno.com.br\/noticias\/?s={search_term_string}\"},\"query-input\":{\"@type\":\"PropertyValueSpecification\",\"valueRequired\":true,\"valueName\":\"search_term_string\"}}],\"inLanguage\":\"pt-BR\"},{\"@type\":\"Organization\",\"@id\":\"https:\/\/www.suno.com.br\/noticias\/#organization\",\"name\":\"Suno Not\u00edcias\",\"url\":\"https:\/\/www.suno.com.br\/noticias\/\",\"logo\":{\"@type\":\"ImageObject\",\"inLanguage\":\"pt-BR\",\"@id\":\"https:\/\/www.suno.com.br\/noticias\/#\/schema\/logo\/image\/\",\"url\":\"https:\/\/files.sunoresearch.com.br\/n\/uploads\/2021\/09\/suno-logo.png\",\"contentUrl\":\"https:\/\/files.sunoresearch.com.br\/n\/uploads\/2021\/09\/suno-logo.png\",\"width\":180,\"height\":180,\"caption\":\"Suno Not\u00edcias\"},\"image\":{\"@id\":\"https:\/\/www.suno.com.br\/noticias\/#\/schema\/logo\/image\/\"},\"sameAs\":[\"https:\/\/facebook.com\/sunoresearch\",\"https:\/\/x.com\/sunoresearch\",\"https:\/\/www.instagram.com\/suno\",\"https:\/\/www.linkedin.com\/company\/suno-research\/\",\"https:\/\/www.youtube.com\/c\/sunoresearch\"]},{\"@type\":\"Person\",\"@id\":\"https:\/\/www.suno.com.br\/noticias\/#\/schema\/person\/e6e0f723cc177805027f4566c1d5e0c8\",\"name\":\"Carlo Cauti\",\"image\":{\"@type\":\"ImageObject\",\"inLanguage\":\"pt-BR\",\"@id\":\"https:\/\/www.suno.com.br\/noticias\/#\/schema\/person\/image\/\",\"url\":\"https:\/\/secure.gravatar.com\/avatar\/3ada9e0bd164c23abd4792a9606d583c?s=96&r=g\",\"contentUrl\":\"https:\/\/secure.gravatar.com\/avatar\/3ada9e0bd164c23abd4792a9606d583c?s=96&r=g\",\"caption\":\"Carlo Cauti\"},\"description\":\"Editor multim\u00eddia do SUNO Not\u00edcias. Italiano, formado em Ci\u00eancias Pol\u00edticas pela universidade LUISS G. Carli de Roma e mestre cum laude em Rela\u00e7\u00f5es Internacionais, Jornalismo Internacional e de Guerra e em Economia Internacional. Concluiu tamb\u00e9m um MBA em Finan\u00e7as na B3. No Brasil, teve passagem por ve\u00edculos como Estad\u00e3o, Globo, Veja e EXAME. e nas ag\u00eancias de not\u00edcias italianas ANSA e NOVA.\",\"url\":\"https:\/\/www.suno.com.br\/noticias\/author\/carlo-cauti\/\"}]}<\/script>\n<!-- \/ Yoast SEO plugin. -->","yoast_head_json":{"title":"A\u00e7\u00e3o da Gafisa sobe at\u00e9 7% ap\u00f3s sa\u00edda do pol\u00eamico fundo GWI","description":"As a\u00e7\u00f5es da\u00a0Gafisa subiram at\u00e9 7% ap\u00f3s a sa\u00edda do pol\u00eamico fundo GWI Asset Management de seu capital. Clique aqui para saber mais.","robots":{"index":"index","follow":"follow","max-snippet":"max-snippet:-1","max-image-preview":"max-image-preview:large","max-video-preview":"max-video-preview:-1"},"canonical":"https:\/\/www.suno.com.br\/noticias\/acao-da-gafisa-sobe-ate-7-apos-saida-do-polemico-fundo-gwi\/","og_locale":"pt_BR","og_type":"article","og_title":"A\u00e7\u00e3o da Gafisa sobe at\u00e9 7% ap\u00f3s sa\u00edda do pol\u00eamico fundo GWI","og_description":"As a\u00e7\u00f5es da\u00a0Gafisa subiram at\u00e9 7% ap\u00f3s a sa\u00edda do pol\u00eamico fundo GWI Asset Management de seu capital. Clique aqui para saber mais.","og_url":"https:\/\/www.suno.com.br\/noticias\/acao-da-gafisa-sobe-ate-7-apos-saida-do-polemico-fundo-gwi\/","og_site_name":"Suno Not\u00edcias","article_publisher":"https:\/\/facebook.com\/sunoresearch","og_image":[{"width":1280,"height":720,"url":"https:\/\/files.sunoresearch.com.br\/n\/uploads\/2018\/08\/4ad5d96b-gafisa.jpg","type":"image\/jpeg"}],"author":"Carlo Cauti","twitter_card":"summary_large_image","twitter_creator":"@sunoresearch","twitter_site":"@sunoresearch","twitter_misc":{"Escrito por":"Carlo Cauti","Est. tempo de leitura":"3 minutos"},"schema":{"@context":"https:\/\/schema.org","@graph":[{"@type":"NewsArticle","@id":"https:\/\/www.suno.com.br\/noticias\/acao-da-gafisa-sobe-ate-7-apos-saida-do-polemico-fundo-gwi\/#article","isPartOf":{"@id":"https:\/\/www.suno.com.br\/noticias\/acao-da-gafisa-sobe-ate-7-apos-saida-do-polemico-fundo-gwi\/"},"author":{"name":"Carlo Cauti","@id":"https:\/\/www.suno.com.br\/noticias\/#\/schema\/person\/e6e0f723cc177805027f4566c1d5e0c8"},"headline":"A\u00e7\u00e3o da Gafisa sobe at\u00e9 7% ap\u00f3s sa\u00edda do pol\u00eamico fundo GWI","datePublished":"2019-02-15T17:12:23+00:00","dateModified":"2021-02-18T22:51:16+00:00","mainEntityOfPage":{"@id":"https:\/\/www.suno.com.br\/noticias\/acao-da-gafisa-sobe-ate-7-apos-saida-do-polemico-fundo-gwi\/"},"wordCount":703,"publisher":{"@id":"https:\/\/www.suno.com.br\/noticias\/#organization"},"image":{"@id":"https:\/\/www.suno.com.br\/noticias\/acao-da-gafisa-sobe-ate-7-apos-saida-do-polemico-fundo-gwi\/#primaryimage"},"thumbnailUrl":"https:\/\/files.sunoresearch.com.br\/n\/uploads\/2018\/08\/4ad5d96b-gafisa.jpg","keywords":["A\u00e7\u00f5es","Bolsa de Valores","Gafisa (GFSA3)","GWI","Mu Hak You"],"articleSection":["Mercado"],"inLanguage":"pt-BR"},{"@type":"WebPage","@id":"https:\/\/www.suno.com.br\/noticias\/acao-da-gafisa-sobe-ate-7-apos-saida-do-polemico-fundo-gwi\/","url":"https:\/\/www.suno.com.br\/noticias\/acao-da-gafisa-sobe-ate-7-apos-saida-do-polemico-fundo-gwi\/","name":"A\u00e7\u00e3o da Gafisa sobe at\u00e9 7% ap\u00f3s sa\u00edda do pol\u00eamico fundo GWI","isPartOf":{"@id":"https:\/\/www.suno.com.br\/noticias\/#website"},"primaryImageOfPage":{"@id":"https:\/\/www.suno.com.br\/noticias\/acao-da-gafisa-sobe-ate-7-apos-saida-do-polemico-fundo-gwi\/#primaryimage"},"image":{"@id":"https:\/\/www.suno.com.br\/noticias\/acao-da-gafisa-sobe-ate-7-apos-saida-do-polemico-fundo-gwi\/#primaryimage"},"thumbnailUrl":"https:\/\/files.sunoresearch.com.br\/n\/uploads\/2018\/08\/4ad5d96b-gafisa.jpg","datePublished":"2019-02-15T17:12:23+00:00","dateModified":"2021-02-18T22:51:16+00:00","description":"As a\u00e7\u00f5es da\u00a0Gafisa subiram at\u00e9 7% ap\u00f3s a sa\u00edda do pol\u00eamico fundo GWI Asset Management de seu capital. Clique aqui para saber mais.","breadcrumb":{"@id":"https:\/\/www.suno.com.br\/noticias\/acao-da-gafisa-sobe-ate-7-apos-saida-do-polemico-fundo-gwi\/#breadcrumb"},"inLanguage":"pt-BR","potentialAction":[{"@type":"ReadAction","target":["https:\/\/www.suno.com.br\/noticias\/acao-da-gafisa-sobe-ate-7-apos-saida-do-polemico-fundo-gwi\/"]}]},{"@type":"ImageObject","inLanguage":"pt-BR","@id":"https:\/\/www.suno.com.br\/noticias\/acao-da-gafisa-sobe-ate-7-apos-saida-do-polemico-fundo-gwi\/#primaryimage","url":"https:\/\/files.sunoresearch.com.br\/n\/uploads\/2018\/08\/4ad5d96b-gafisa.jpg","contentUrl":"https:\/\/files.sunoresearch.com.br\/n\/uploads\/2018\/08\/4ad5d96b-gafisa.jpg","width":1280,"height":720,"caption":"Gafisa (GFSA3): a\u00e7\u00f5es disparam mais de dois d\u00edgitos neste ano. Foto: Divulga\u00e7\u00e3o"},{"@type":"BreadcrumbList","@id":"https:\/\/www.suno.com.br\/noticias\/acao-da-gafisa-sobe-ate-7-apos-saida-do-polemico-fundo-gwi\/#breadcrumb","itemListElement":[{"@type":"ListItem","position":1,"name":"Not\u00edcias","item":"https:\/\/www.suno.com.br\/noticias\/"},{"@type":"ListItem","position":2,"name":"Mercado","item":"https:\/\/www.suno.com.br\/noticias\/mercado\/"},{"@type":"ListItem","position":3,"name":"A\u00e7\u00e3o da Gafisa sobe at\u00e9 7% ap\u00f3s sa\u00edda do pol\u00eamico fundo GWI"}]},{"@type":"WebSite","@id":"https:\/\/www.suno.com.br\/noticias\/#website","url":"https:\/\/www.suno.com.br\/noticias\/","name":"Suno Not\u00edcias","description":"Seu portal de informa\u00e7\u00e3o sobre o mundo dos investimentos","publisher":{"@id":"https:\/\/www.suno.com.br\/noticias\/#organization"},"potentialAction":[{"@type":"SearchAction","target":{"@type":"EntryPoint","urlTemplate":"https:\/\/www.suno.com.br\/noticias\/?s={search_term_string}"},"query-input":{"@type":"PropertyValueSpecification","valueRequired":true,"valueName":"search_term_string"}}],"inLanguage":"pt-BR"},{"@type":"Organization","@id":"https:\/\/www.suno.com.br\/noticias\/#organization","name":"Suno Not\u00edcias","url":"https:\/\/www.suno.com.br\/noticias\/","logo":{"@type":"ImageObject","inLanguage":"pt-BR","@id":"https:\/\/www.suno.com.br\/noticias\/#\/schema\/logo\/image\/","url":"https:\/\/files.sunoresearch.com.br\/n\/uploads\/2021\/09\/suno-logo.png","contentUrl":"https:\/\/files.sunoresearch.com.br\/n\/uploads\/2021\/09\/suno-logo.png","width":180,"height":180,"caption":"Suno Not\u00edcias"},"image":{"@id":"https:\/\/www.suno.com.br\/noticias\/#\/schema\/logo\/image\/"},"sameAs":["https:\/\/facebook.com\/sunoresearch","https:\/\/x.com\/sunoresearch","https:\/\/www.instagram.com\/suno","https:\/\/www.linkedin.com\/company\/suno-research\/","https:\/\/www.youtube.com\/c\/sunoresearch"]},{"@type":"Person","@id":"https:\/\/www.suno.com.br\/noticias\/#\/schema\/person\/e6e0f723cc177805027f4566c1d5e0c8","name":"Carlo Cauti","image":{"@type":"ImageObject","inLanguage":"pt-BR","@id":"https:\/\/www.suno.com.br\/noticias\/#\/schema\/person\/image\/","url":"https:\/\/secure.gravatar.com\/avatar\/3ada9e0bd164c23abd4792a9606d583c?s=96&r=g","contentUrl":"https:\/\/secure.gravatar.com\/avatar\/3ada9e0bd164c23abd4792a9606d583c?s=96&r=g","caption":"Carlo Cauti"},"description":"Editor multim\u00eddia do SUNO Not\u00edcias. Italiano, formado em Ci\u00eancias Pol\u00edticas pela universidade LUISS G. Carli de Roma e mestre cum laude em Rela\u00e7\u00f5es Internacionais, Jornalismo Internacional e de Guerra e em Economia Internacional. Concluiu tamb\u00e9m um MBA em Finan\u00e7as na B3. No Brasil, teve passagem por ve\u00edculos como Estad\u00e3o, Globo, Veja e EXAME. e nas ag\u00eancias de not\u00edcias italianas ANSA e NOVA.","url":"https:\/\/www.suno.com.br\/noticias\/author\/carlo-cauti\/"}]}},"default_loop_html":"<div class=\"cardsPage__listCard__boxs\"><div class=\"cardsPage__listCard__boxs__img\"><a href=\"https:\/\/www.suno.com.br\/noticias\/acao-da-gafisa-sobe-ate-7-apos-saida-do-polemico-fundo-gwi\/\"><img class=\"mask\" src=\"https:\/\/www.suno.com.br\/noticias\/wp-content\/themes\/suno\/resources\/images\/spotlight\/spotlight1img\/bg-mask.png\" alt=\"Image Mask\"\/><img src=\"https:\/\/files.sunoresearch.com.br\/n\/uploads\/2018\/08\/4ad5d96b-gafisa-400x200.webp\" alt=\"A\u00e7\u00e3o da Gafisa sobe at\u00e9 7% ap\u00f3s sa\u00edda do pol\u00eamico fundo GWI\"\/><\/a><span class=\"spotlightCategory\"><a href=\"https:\/\/www.suno.com.br\/noticias\/mercado\/\">Mercado<\/a><\/span><\/div><div class=\"cardsPage__listCard__boxs__content\"><a href=\"https:\/\/www.suno.com.br\/noticias\/acao-da-gafisa-sobe-ate-7-apos-saida-do-polemico-fundo-gwi\/\"><h2 class=\"content__title\">A\u00e7\u00e3o da Gafisa sobe at\u00e9 7% ap\u00f3s sa\u00edda do pol\u00eamico fundo GWI<\/h2><\/a><div class=\"newsContent__article__meta\"><div class=\"newsContent__article__meta__authorBox\"><a href=\"https:\/\/www.suno.com.br\/noticias\/author\/carlo-cauti\/\" class=\"authorBox__avatar noMobi\"><img src=\"https:\/\/files.sunoresearch.com.br\/n\/uploads\/2020\/08\/e3745f9a-perfil-carlo-cauti-150x150.webp\" alt=\"Carlo Cauti\"><\/a><div class=\"authorBox__name\"><span>por\n\t\t\t<a href=\"https:\/\/www.suno.com.br\/noticias\/author\/carlo-cauti\/\"><span itemprop=\"author\">Carlo Cauti<\/span><\/a><\/span><time datetime=\"2019-02-15T15:12:23-02:00\" itemprop=\"datePublished\">15\/02\/2019 15:12<\/time><\/div><\/div><\/div><\/div><\/div>","single_layout":"posts","amp_enabled":true,"_links":{"self":[{"href":"https:\/\/www.suno.com.br\/noticias\/wp-json\/wp\/v2\/posts\/15475"}],"collection":[{"href":"https:\/\/www.suno.com.br\/noticias\/wp-json\/wp\/v2\/posts"}],"about":[{"href":"https:\/\/www.suno.com.br\/noticias\/wp-json\/wp\/v2\/types\/post"}],"author":[{"embeddable":true,"href":"https:\/\/www.suno.com.br\/noticias\/wp-json\/wp\/v2\/users\/9"}],"replies":[{"embeddable":true,"href":"https:\/\/www.suno.com.br\/noticias\/wp-json\/wp\/v2\/comments?post=15475"}],"version-history":[{"count":0,"href":"https:\/\/www.suno.com.br\/noticias\/wp-json\/wp\/v2\/posts\/15475\/revisions"}],"wp:featuredmedia":[{"embeddable":true,"href":"https:\/\/www.suno.com.br\/noticias\/wp-json\/wp\/v2\/media\/2829"}],"wp:attachment":[{"href":"https:\/\/www.suno.com.br\/noticias\/wp-json\/wp\/v2\/media?parent=15475"}],"wp:term":[{"taxonomy":"category","embeddable":true,"href":"https:\/\/www.suno.com.br\/noticias\/wp-json\/wp\/v2\/categories?post=15475"},{"taxonomy":"post_tag","embeddable":true,"href":"https:\/\/www.suno.com.br\/noticias\/wp-json\/wp\/v2\/tags?post=15475"},{"taxonomy":"suno_strategy","embeddable":true,"href":"https:\/\/www.suno.com.br\/noticias\/wp-json\/wp\/v2\/suno_strategy?post=15475"}],"curies":[{"name":"wp","href":"https:\/\/api.w.org\/{rel}","templated":true}]}}