{"id":154742,"date":"2021-06-05T16:27:02","date_gmt":"2021-06-05T19:27:02","guid":{"rendered":"https:\/\/www.suno.com.br\/noticias\/?p=154742"},"modified":"2021-06-05T16:27:02","modified_gmt":"2021-06-05T19:27:02","slug":"csn-csna3-barragem-nao-risco-escala-mencionada","status":"publish","type":"post","link":"https:\/\/www.suno.com.br\/noticias\/csn-csna3-barragem-nao-risco-escala-mencionada\/","title":{"rendered":"CSN (CSNA3) diz que barragem n\u00e3o registra risco na escala mencionada"},"content":{"rendered":"<p>Depois de ter sido obrigada a tomar medidas de seguran\u00e7a para evitar o rompimento da barragem da Mina de Fernandinho, a <a class=\"suno-keyword\" href=\"https:\/\/www.suno.com.br\/acoes\/CSNA3\/\" target=\"_blank\" rel=\"noopener noreferrer\" data-force=\"yes\" data-priority=\"2\"><strong>CSN<\/strong> (CSNA3)<\/a> disse na noite de sexta-feira (4) que obras vinham sendo realizadas e a barragem n\u00e3o apresenta o &#8220;risco nas escalas mencionadas&#8221;.<\/p>\t<div class=\"wrapper-featured-image\">\n\t\t<figure class=\"spotlightImg\">\n\n\t\t\t<picture>\n\t\t\t\t<source media=\"(max-width: 768px)\" srcset=\"https:\/\/files.sunoresearch.com.br\/n\/uploads\/2021\/03\/e796aea7-setor-minerio-de-ferro-400x200.webp\">\n\t\t\t\t<img loading=\"lazy\" decoding=\"async\" class=\"newsContent__article__imgCapa lazyloadDisabled \" src=\"https:\/\/files.sunoresearch.com.br\/n\/uploads\/2021\/03\/e796aea7-setor-minerio-de-ferro-800x450.webp\" width=\"800\" height=\"450\" alt=\"CSN (CSNA3) diz que barragem n\u00e3o registra risco na escala mencionada\" fetchpriority=high \/>\n\t\t\t<\/picture>\n\n\t\t\t<figcaption class=\"wp-caption-text wp-caption-text--show\">VALE3. Foto: Pixabay<\/figcaption>\n\t\t<\/figure>\n\t<\/div>\n\n\n\t<p>\n\t\t<a href=\"https:\/\/lp.suno.com.br\/planilha-controle-gastos\/\" target=\"_blank\" data-element=\"shortcode-suno-banner\" title=\"Banner SUNO, clique e saiba mais\">\n\t\t\t<picture>\n\t\t\t\t<source media=\"(max-width: 500px)\" srcset=\"https:\/\/files.sunoresearch.com.br\/n\/uploads\/2023\/03\/400x300-Planilha-controle-de-gastos.png\">\n\t\t\t\t<img class=\"newsContent__article__imgCapa newsContent__article__imgCapa--banner\"\n\t\t\t\t\tsrc=\"https:\/\/files.sunoresearch.com.br\/n\/uploads\/2023\/03\/1420x240-Planilha-controle-de-gastos.png\"\n\t\t\t\t\tdata-promo-id=\"101751\"\t\t\t\t\t\t\t\t\t\twidth='1420' height='240'\t\t\t\t\talt=\"https:\/\/files.sunoresearch.com.br\/n\/uploads\/2023\/03\/1420x240-Planilha-controle-de-gastos.png\"\n\t\t\t\t>\n\t\t\t<\/picture>\n\t\t<\/a>\n\t<\/p>\n\n\n<p>Ontem, o Estado de Minas Gerais conseguiu liminar contra a CSN e sua controlada Min\u00e9rios Nacional, alegando suposta instabilidade e risco de rompimento na estrutura da Barragem B2A, localizada no munic\u00edpio de Rio Acima, pr\u00f3ximo a Belo Horizonte.<\/p>\n<p>A liminar obriga a tomada de precau\u00e7\u00f5es, nenhuma das quais implica em suspens\u00e3o das atividades da mina de Fernandinho ou de qualquer outra unidade, ressaltou a CSN, no prazo de at\u00e9 5 e 30 dias.<\/p>\n<p><a href=\"https:\/\/lp.suno.com.br\/suno-one\/\">Suno One: acesse gratuitamente eBooks, Minicursos, Artigos e V\u00eddeo Aulas sobre investimentos com um \u00fanico cadastro. Clique para saber mais!<\/a><\/p>\n<p>&#8220;A Barragem B2A n\u00e3o envolve riscos \u00e0 popula\u00e7\u00e3o, pois todos os moradores da Zona de Autossalvamento j\u00e1 foram realocados, tampouco representa impactos relevantes na produ\u00e7\u00e3o das Companhias&#8221;, disse a sider\u00fargica.<\/p>\n<h2>CSN diz que governo de MG exagerou<\/h2>\n<p>De acordo com a empresa, a Barragem B2A est\u00e1 classificada em n\u00edvel 2 de emerg\u00eancia e as as obras vinham sendo realizadas conforme determina a empresa projetista. &#8220;Portanto, n\u00e3o apresenta risco nas escalasmencionadasna A\u00e7\u00e3o Civil P\u00fablica, o que ser\u00e1 devidamente comprovado \u00e0s autoridades.&#8221;<\/p>\n\t<div data-element=\"shortcode-read-more\" class=\"knowMore\">\n\t\t\t\t<span class=\"knowMore__title\">Leia mais<\/span>\n\t\t\t\t<a class=\"knowMore__link\" href=\"https:\/\/www.suno.com.br\/noticias\/governo-mg-obrigar-csn-csna3-seguranca-barragem\/\">\n\t\t\tGoverno de MG obt\u00e9m liminar que obriga CSN (CSNA3) a garantir seguran\u00e7a de barragem\t\t<\/a>\n\t<\/div>\n\n\n<p>Adicionalmente, a CSN disse: a barragem est\u00e1, desde julho de 2019, passando por obras de rebaixamento da fre\u00e1tica, as quais consistem na retirada de \u00e1gua subterr\u00e2nea. O objetivo \u00e9 torn\u00e1-la mais segura. Posteriormente, iniciar\u00e1 o processo de descaracteriza\u00e7\u00e3o.<\/p>\n<p>As obras na Barragem B2A, no entanto, est\u00e3o paralisadas por determina\u00e7\u00e3o da Ag\u00eancia Nacional de Minera\u00e7\u00e3o, para averigua\u00e7\u00f5es.<\/p>\n\t<p>\n\t\t<a href=\"https:\/\/lp.suno.com.br\/planilha-da-vida-financeira\/\" target=\"_blank\" data-element=\"shortcode-suno-banner\" title=\"Banner SUNO, clique e saiba mais\">\n\t\t\t<picture>\n\t\t\t\t<source media=\"(max-width: 500px)\" srcset=\"https:\/\/files.sunoresearch.com.br\/n\/uploads\/2023\/04\/400x300-Planilha-vida-financeira-true.png\">\n\t\t\t\t<img class=\"newsContent__article__imgCapa newsContent__article__imgCapa--banner\"\n\t\t\t\t\tsrc=\"https:\/\/files.sunoresearch.com.br\/n\/uploads\/2023\/04\/1420x240-Planilha-vida-financeira-true.png\"\n\t\t\t\t\tdata-promo-id=\"106682\"\t\t\t\t\t\t\t\t\t\twidth='1420' height='240'\t\t\t\t\talt=\"https:\/\/files.sunoresearch.com.br\/n\/uploads\/2023\/04\/1420x240-Planilha-vida-financeira-true.png\"\n\t\t\t\t>\n\t\t\t<\/picture>\n\t\t<\/a>\n\t<\/p>\n\n\n<h2>\u00daltima cota\u00e7\u00e3o de CSNA3<\/h2>\n<p>A a\u00e7\u00e3o ordin\u00e1ria da <strong>CSN <\/strong>(CSNA3) fechou o preg\u00e3o passado em queda de 2,08%, a R$ 45,62. O Ibovespa, \u00edndice de refer\u00eancia da <a class=\"suno-keyword\" href=\"https:\/\/www.suno.com.br\/artigos\/b3\/\" target=\"_blank\" rel=\"noopener noreferrer\" data-force=\"no\" data-priority=\"3\">Bolsa de Valores de S\u00e3o Paulo (B3)<\/a>, encerrou na m\u00e1xima de 130.125,78 pontos.<\/p>\n\t<p>\n\t\t<a href=\"https:\/\/lp.suno.com.br\/planilha-de-controle-de-investimentos\/\" target=\"_blank\" data-element=\"shortcode-suno-banner\" title=\"Banner SUNO, clique e saiba mais\">\n\t\t\t<picture>\n\t\t\t\t<source media=\"(max-width: 500px)\" srcset=\"https:\/\/files.sunoresearch.com.br\/n\/uploads\/2023\/03\/400x300-Controle-de-Investimentos.png\">\n\t\t\t\t<img class=\"newsContent__article__imgCapa newsContent__article__imgCapa--banner\"\n\t\t\t\t\tsrc=\"https:\/\/files.sunoresearch.com.br\/n\/uploads\/2023\/03\/1420x240-Controle-de-Investimentos.png\"\n\t\t\t\t\tdata-promo-id=\"75934\"\t\t\t\t\t\t\t\t\t\twidth='1420' height='240'\t\t\t\t\talt=\"https:\/\/files.sunoresearch.com.br\/n\/uploads\/2023\/03\/1420x240-Controle-de-Investimentos.png\"\n\t\t\t\t>\n\t\t\t<\/picture>\n\t\t<\/a>\n\t<\/p>\n\n\n","protected":false},"excerpt":{"rendered":"<p>Depois de ter sido obrigada a tomar medidas de seguran\u00e7a para evitar o rompimento da barragem da Mina de Fernandinho, a CSN (CSNA3) disse na noite de sexta-feira (4) que obras vinham sendo realizadas e a barragem n\u00e3o apresenta o &#8220;risco nas escalas mencionadas&#8221;. VALE3. Foto: Pixabay Ontem, o Estado de Minas Gerais conseguiu liminar [&hellip;]<\/p>\n","protected":false},"author":35,"featured_media":130477,"comment_status":"closed","ping_status":"closed","sticky":false,"template":"","format":"standard","meta":[],"categories":[64],"tags":[1388,921],"suno_strategy":[],"class_list":["post-154742","post","type-post","status-publish","format-standard","has-post-thumbnail","hentry","category-negocios","tag-csn-csna3","tag-minas-gerais"],"yoast_head":"<!-- This site is optimized with the Yoast SEO plugin v24.4 - https:\/\/yoast.com\/wordpress\/plugins\/seo\/ -->\n<title>CSN (CSNA3) diz que barragem n\u00e3o registra risco na escala mencionada<\/title>\n<meta name=\"description\" content=\"A CSN (CSNA3) disse que obras vinham sendo realizadas e a barragem n\u00e3o apresenta o &quot;risco nas escalas mencionadas&quot;. Clique para saber mais.\" \/>\n<meta name=\"robots\" content=\"index, follow, max-snippet:-1, max-image-preview:large, max-video-preview:-1\" \/>\n<link rel=\"canonical\" href=\"https:\/\/www.suno.com.br\/noticias\/csn-csna3-barragem-nao-risco-escala-mencionada\/\" \/>\n<meta property=\"og:locale\" content=\"pt_BR\" \/>\n<meta property=\"og:type\" content=\"article\" \/>\n<meta property=\"og:title\" content=\"CSN (CSNA3) diz que barragem n\u00e3o registra risco na escala mencionada\" \/>\n<meta property=\"og:description\" content=\"A CSN (CSNA3) disse que obras vinham sendo realizadas e a barragem n\u00e3o apresenta o &quot;risco nas escalas mencionadas&quot;. Clique para saber mais.\" \/>\n<meta property=\"og:url\" content=\"https:\/\/www.suno.com.br\/noticias\/csn-csna3-barragem-nao-risco-escala-mencionada\/\" \/>\n<meta property=\"og:site_name\" content=\"Suno Not\u00edcias\" \/>\n<meta property=\"article:publisher\" content=\"https:\/\/facebook.com\/sunoresearch\" \/>\n<meta property=\"og:image\" content=\"https:\/\/files.sunoresearch.com.br\/n\/uploads\/2021\/03\/e796aea7-setor-minerio-de-ferro.jpg\" \/>\n\t<meta property=\"og:image:width\" content=\"1200\" \/>\n\t<meta property=\"og:image:height\" content=\"840\" \/>\n\t<meta property=\"og:image:type\" content=\"image\/jpeg\" \/>\n<meta name=\"author\" content=\"Arthur Guimar\u00e3es\" \/>\n<meta name=\"twitter:card\" content=\"summary_large_image\" \/>\n<meta name=\"twitter:creator\" content=\"@sunoresearch\" \/>\n<meta name=\"twitter:site\" content=\"@sunoresearch\" \/>\n<meta name=\"twitter:label1\" content=\"Escrito por\" \/>\n\t<meta name=\"twitter:data1\" content=\"Arthur Guimar\u00e3es\" \/>\n\t<meta name=\"twitter:label2\" content=\"Est. tempo de leitura\" \/>\n\t<meta name=\"twitter:data2\" content=\"2 minutos\" \/>\n<script type=\"application\/ld+json\" class=\"yoast-schema-graph\">{\"@context\":\"https:\/\/schema.org\",\"@graph\":[{\"@type\":\"NewsArticle\",\"@id\":\"https:\/\/www.suno.com.br\/noticias\/csn-csna3-barragem-nao-risco-escala-mencionada\/#article\",\"isPartOf\":{\"@id\":\"https:\/\/www.suno.com.br\/noticias\/csn-csna3-barragem-nao-risco-escala-mencionada\/\"},\"author\":{\"name\":\"Arthur Guimar\u00e3es\",\"@id\":\"https:\/\/www.suno.com.br\/noticias\/#\/schema\/person\/053a750a709a263919a20f976caae91c\"},\"headline\":\"CSN (CSNA3) diz que barragem n\u00e3o registra risco na escala mencionada\",\"datePublished\":\"2021-06-05T19:27:02+00:00\",\"mainEntityOfPage\":{\"@id\":\"https:\/\/www.suno.com.br\/noticias\/csn-csna3-barragem-nao-risco-escala-mencionada\/\"},\"wordCount\":368,\"publisher\":{\"@id\":\"https:\/\/www.suno.com.br\/noticias\/#organization\"},\"image\":{\"@id\":\"https:\/\/www.suno.com.br\/noticias\/csn-csna3-barragem-nao-risco-escala-mencionada\/#primaryimage\"},\"thumbnailUrl\":\"https:\/\/files.sunoresearch.com.br\/n\/uploads\/2021\/03\/e796aea7-setor-minerio-de-ferro-jpg.webp\",\"keywords\":[\"CSN (CSNA3)\",\"Minas Gerais\"],\"articleSection\":[\"Neg\u00f3cios\"],\"inLanguage\":\"pt-BR\"},{\"@type\":\"WebPage\",\"@id\":\"https:\/\/www.suno.com.br\/noticias\/csn-csna3-barragem-nao-risco-escala-mencionada\/\",\"url\":\"https:\/\/www.suno.com.br\/noticias\/csn-csna3-barragem-nao-risco-escala-mencionada\/\",\"name\":\"CSN (CSNA3) diz que barragem n\u00e3o registra risco na escala mencionada\",\"isPartOf\":{\"@id\":\"https:\/\/www.suno.com.br\/noticias\/#website\"},\"primaryImageOfPage\":{\"@id\":\"https:\/\/www.suno.com.br\/noticias\/csn-csna3-barragem-nao-risco-escala-mencionada\/#primaryimage\"},\"image\":{\"@id\":\"https:\/\/www.suno.com.br\/noticias\/csn-csna3-barragem-nao-risco-escala-mencionada\/#primaryimage\"},\"thumbnailUrl\":\"https:\/\/files.sunoresearch.com.br\/n\/uploads\/2021\/03\/e796aea7-setor-minerio-de-ferro-jpg.webp\",\"datePublished\":\"2021-06-05T19:27:02+00:00\",\"description\":\"A CSN (CSNA3) disse que obras vinham sendo realizadas e a barragem n\u00e3o apresenta o \\\"risco nas escalas mencionadas\\\". Clique para saber mais.\",\"breadcrumb\":{\"@id\":\"https:\/\/www.suno.com.br\/noticias\/csn-csna3-barragem-nao-risco-escala-mencionada\/#breadcrumb\"},\"inLanguage\":\"pt-BR\",\"potentialAction\":[{\"@type\":\"ReadAction\",\"target\":[\"https:\/\/www.suno.com.br\/noticias\/csn-csna3-barragem-nao-risco-escala-mencionada\/\"]}]},{\"@type\":\"ImageObject\",\"inLanguage\":\"pt-BR\",\"@id\":\"https:\/\/www.suno.com.br\/noticias\/csn-csna3-barragem-nao-risco-escala-mencionada\/#primaryimage\",\"url\":\"https:\/\/files.sunoresearch.com.br\/n\/uploads\/2021\/03\/e796aea7-setor-minerio-de-ferro-jpg.webp\",\"contentUrl\":\"https:\/\/files.sunoresearch.com.br\/n\/uploads\/2021\/03\/e796aea7-setor-minerio-de-ferro-jpg.webp\",\"width\":1200,\"height\":840,\"caption\":\"VALE3. Foto: Pixabay\"},{\"@type\":\"BreadcrumbList\",\"@id\":\"https:\/\/www.suno.com.br\/noticias\/csn-csna3-barragem-nao-risco-escala-mencionada\/#breadcrumb\",\"itemListElement\":[{\"@type\":\"ListItem\",\"position\":1,\"name\":\"Not\u00edcias\",\"item\":\"https:\/\/www.suno.com.br\/noticias\/\"},{\"@type\":\"ListItem\",\"position\":2,\"name\":\"Neg\u00f3cios\",\"item\":\"https:\/\/www.suno.com.br\/noticias\/negocios\/\"},{\"@type\":\"ListItem\",\"position\":3,\"name\":\"CSN (CSNA3) diz que barragem n\u00e3o registra risco na escala mencionada\"}]},{\"@type\":\"WebSite\",\"@id\":\"https:\/\/www.suno.com.br\/noticias\/#website\",\"url\":\"https:\/\/www.suno.com.br\/noticias\/\",\"name\":\"Suno Not\u00edcias\",\"description\":\"Seu portal de informa\u00e7\u00e3o sobre o mundo dos investimentos\",\"publisher\":{\"@id\":\"https:\/\/www.suno.com.br\/noticias\/#organization\"},\"potentialAction\":[{\"@type\":\"SearchAction\",\"target\":{\"@type\":\"EntryPoint\",\"urlTemplate\":\"https:\/\/www.suno.com.br\/noticias\/?s={search_term_string}\"},\"query-input\":{\"@type\":\"PropertyValueSpecification\",\"valueRequired\":true,\"valueName\":\"search_term_string\"}}],\"inLanguage\":\"pt-BR\"},{\"@type\":\"Organization\",\"@id\":\"https:\/\/www.suno.com.br\/noticias\/#organization\",\"name\":\"Suno Not\u00edcias\",\"url\":\"https:\/\/www.suno.com.br\/noticias\/\",\"logo\":{\"@type\":\"ImageObject\",\"inLanguage\":\"pt-BR\",\"@id\":\"https:\/\/www.suno.com.br\/noticias\/#\/schema\/logo\/image\/\",\"url\":\"https:\/\/files.sunoresearch.com.br\/n\/uploads\/2021\/09\/suno-logo.png\",\"contentUrl\":\"https:\/\/files.sunoresearch.com.br\/n\/uploads\/2021\/09\/suno-logo.png\",\"width\":180,\"height\":180,\"caption\":\"Suno Not\u00edcias\"},\"image\":{\"@id\":\"https:\/\/www.suno.com.br\/noticias\/#\/schema\/logo\/image\/\"},\"sameAs\":[\"https:\/\/facebook.com\/sunoresearch\",\"https:\/\/x.com\/sunoresearch\",\"https:\/\/www.instagram.com\/suno\",\"https:\/\/www.linkedin.com\/company\/suno-research\/\",\"https:\/\/www.youtube.com\/c\/sunoresearch\"]},{\"@type\":\"Person\",\"@id\":\"https:\/\/www.suno.com.br\/noticias\/#\/schema\/person\/053a750a709a263919a20f976caae91c\",\"name\":\"Arthur Guimar\u00e3es\",\"image\":{\"@type\":\"ImageObject\",\"inLanguage\":\"pt-BR\",\"@id\":\"https:\/\/www.suno.com.br\/noticias\/#\/schema\/person\/image\/\",\"url\":\"https:\/\/secure.gravatar.com\/avatar\/1affd86a11209ae09eb6dd3bcad3e96c?s=96&r=g\",\"contentUrl\":\"https:\/\/secure.gravatar.com\/avatar\/1affd86a11209ae09eb6dd3bcad3e96c?s=96&r=g\",\"caption\":\"Arthur Guimar\u00e3es\"},\"description\":\"Arthur Guimar\u00e3es escreve sobre pol\u00edtica, economia e neg\u00f3cios para o portal de not\u00edcias da Suno Research. Atualmente, \u00e9 estudante de jornalismo pela Faculdade C\u00e1sper L\u00edbero.\",\"url\":\"https:\/\/www.suno.com.br\/noticias\/author\/arthur-guimaraes\/\"}]}<\/script>\n<!-- \/ Yoast SEO plugin. -->","yoast_head_json":{"title":"CSN (CSNA3) diz que barragem n\u00e3o registra risco na escala mencionada","description":"A CSN (CSNA3) disse que obras vinham sendo realizadas e a barragem n\u00e3o apresenta o \"risco nas escalas mencionadas\". Clique para saber mais.","robots":{"index":"index","follow":"follow","max-snippet":"max-snippet:-1","max-image-preview":"max-image-preview:large","max-video-preview":"max-video-preview:-1"},"canonical":"https:\/\/www.suno.com.br\/noticias\/csn-csna3-barragem-nao-risco-escala-mencionada\/","og_locale":"pt_BR","og_type":"article","og_title":"CSN (CSNA3) diz que barragem n\u00e3o registra risco na escala mencionada","og_description":"A CSN (CSNA3) disse que obras vinham sendo realizadas e a barragem n\u00e3o apresenta o \"risco nas escalas mencionadas\". Clique para saber mais.","og_url":"https:\/\/www.suno.com.br\/noticias\/csn-csna3-barragem-nao-risco-escala-mencionada\/","og_site_name":"Suno Not\u00edcias","article_publisher":"https:\/\/facebook.com\/sunoresearch","og_image":[{"width":1200,"height":840,"url":"https:\/\/files.sunoresearch.com.br\/n\/uploads\/2021\/03\/e796aea7-setor-minerio-de-ferro.jpg","type":"image\/jpeg"}],"author":"Arthur Guimar\u00e3es","twitter_card":"summary_large_image","twitter_creator":"@sunoresearch","twitter_site":"@sunoresearch","twitter_misc":{"Escrito por":"Arthur Guimar\u00e3es","Est. tempo de leitura":"2 minutos"},"schema":{"@context":"https:\/\/schema.org","@graph":[{"@type":"NewsArticle","@id":"https:\/\/www.suno.com.br\/noticias\/csn-csna3-barragem-nao-risco-escala-mencionada\/#article","isPartOf":{"@id":"https:\/\/www.suno.com.br\/noticias\/csn-csna3-barragem-nao-risco-escala-mencionada\/"},"author":{"name":"Arthur Guimar\u00e3es","@id":"https:\/\/www.suno.com.br\/noticias\/#\/schema\/person\/053a750a709a263919a20f976caae91c"},"headline":"CSN (CSNA3) diz que barragem n\u00e3o registra risco na escala mencionada","datePublished":"2021-06-05T19:27:02+00:00","mainEntityOfPage":{"@id":"https:\/\/www.suno.com.br\/noticias\/csn-csna3-barragem-nao-risco-escala-mencionada\/"},"wordCount":368,"publisher":{"@id":"https:\/\/www.suno.com.br\/noticias\/#organization"},"image":{"@id":"https:\/\/www.suno.com.br\/noticias\/csn-csna3-barragem-nao-risco-escala-mencionada\/#primaryimage"},"thumbnailUrl":"https:\/\/files.sunoresearch.com.br\/n\/uploads\/2021\/03\/e796aea7-setor-minerio-de-ferro-jpg.webp","keywords":["CSN (CSNA3)","Minas Gerais"],"articleSection":["Neg\u00f3cios"],"inLanguage":"pt-BR"},{"@type":"WebPage","@id":"https:\/\/www.suno.com.br\/noticias\/csn-csna3-barragem-nao-risco-escala-mencionada\/","url":"https:\/\/www.suno.com.br\/noticias\/csn-csna3-barragem-nao-risco-escala-mencionada\/","name":"CSN (CSNA3) diz que barragem n\u00e3o registra risco na escala mencionada","isPartOf":{"@id":"https:\/\/www.suno.com.br\/noticias\/#website"},"primaryImageOfPage":{"@id":"https:\/\/www.suno.com.br\/noticias\/csn-csna3-barragem-nao-risco-escala-mencionada\/#primaryimage"},"image":{"@id":"https:\/\/www.suno.com.br\/noticias\/csn-csna3-barragem-nao-risco-escala-mencionada\/#primaryimage"},"thumbnailUrl":"https:\/\/files.sunoresearch.com.br\/n\/uploads\/2021\/03\/e796aea7-setor-minerio-de-ferro-jpg.webp","datePublished":"2021-06-05T19:27:02+00:00","description":"A CSN (CSNA3) disse que obras vinham sendo realizadas e a barragem n\u00e3o apresenta o \"risco nas escalas mencionadas\". Clique para saber mais.","breadcrumb":{"@id":"https:\/\/www.suno.com.br\/noticias\/csn-csna3-barragem-nao-risco-escala-mencionada\/#breadcrumb"},"inLanguage":"pt-BR","potentialAction":[{"@type":"ReadAction","target":["https:\/\/www.suno.com.br\/noticias\/csn-csna3-barragem-nao-risco-escala-mencionada\/"]}]},{"@type":"ImageObject","inLanguage":"pt-BR","@id":"https:\/\/www.suno.com.br\/noticias\/csn-csna3-barragem-nao-risco-escala-mencionada\/#primaryimage","url":"https:\/\/files.sunoresearch.com.br\/n\/uploads\/2021\/03\/e796aea7-setor-minerio-de-ferro-jpg.webp","contentUrl":"https:\/\/files.sunoresearch.com.br\/n\/uploads\/2021\/03\/e796aea7-setor-minerio-de-ferro-jpg.webp","width":1200,"height":840,"caption":"VALE3. Foto: Pixabay"},{"@type":"BreadcrumbList","@id":"https:\/\/www.suno.com.br\/noticias\/csn-csna3-barragem-nao-risco-escala-mencionada\/#breadcrumb","itemListElement":[{"@type":"ListItem","position":1,"name":"Not\u00edcias","item":"https:\/\/www.suno.com.br\/noticias\/"},{"@type":"ListItem","position":2,"name":"Neg\u00f3cios","item":"https:\/\/www.suno.com.br\/noticias\/negocios\/"},{"@type":"ListItem","position":3,"name":"CSN (CSNA3) diz que barragem n\u00e3o registra risco na escala mencionada"}]},{"@type":"WebSite","@id":"https:\/\/www.suno.com.br\/noticias\/#website","url":"https:\/\/www.suno.com.br\/noticias\/","name":"Suno Not\u00edcias","description":"Seu portal de informa\u00e7\u00e3o sobre o mundo dos investimentos","publisher":{"@id":"https:\/\/www.suno.com.br\/noticias\/#organization"},"potentialAction":[{"@type":"SearchAction","target":{"@type":"EntryPoint","urlTemplate":"https:\/\/www.suno.com.br\/noticias\/?s={search_term_string}"},"query-input":{"@type":"PropertyValueSpecification","valueRequired":true,"valueName":"search_term_string"}}],"inLanguage":"pt-BR"},{"@type":"Organization","@id":"https:\/\/www.suno.com.br\/noticias\/#organization","name":"Suno Not\u00edcias","url":"https:\/\/www.suno.com.br\/noticias\/","logo":{"@type":"ImageObject","inLanguage":"pt-BR","@id":"https:\/\/www.suno.com.br\/noticias\/#\/schema\/logo\/image\/","url":"https:\/\/files.sunoresearch.com.br\/n\/uploads\/2021\/09\/suno-logo.png","contentUrl":"https:\/\/files.sunoresearch.com.br\/n\/uploads\/2021\/09\/suno-logo.png","width":180,"height":180,"caption":"Suno Not\u00edcias"},"image":{"@id":"https:\/\/www.suno.com.br\/noticias\/#\/schema\/logo\/image\/"},"sameAs":["https:\/\/facebook.com\/sunoresearch","https:\/\/x.com\/sunoresearch","https:\/\/www.instagram.com\/suno","https:\/\/www.linkedin.com\/company\/suno-research\/","https:\/\/www.youtube.com\/c\/sunoresearch"]},{"@type":"Person","@id":"https:\/\/www.suno.com.br\/noticias\/#\/schema\/person\/053a750a709a263919a20f976caae91c","name":"Arthur Guimar\u00e3es","image":{"@type":"ImageObject","inLanguage":"pt-BR","@id":"https:\/\/www.suno.com.br\/noticias\/#\/schema\/person\/image\/","url":"https:\/\/secure.gravatar.com\/avatar\/1affd86a11209ae09eb6dd3bcad3e96c?s=96&r=g","contentUrl":"https:\/\/secure.gravatar.com\/avatar\/1affd86a11209ae09eb6dd3bcad3e96c?s=96&r=g","caption":"Arthur Guimar\u00e3es"},"description":"Arthur Guimar\u00e3es escreve sobre pol\u00edtica, economia e neg\u00f3cios para o portal de not\u00edcias da Suno Research. Atualmente, \u00e9 estudante de jornalismo pela Faculdade C\u00e1sper L\u00edbero.","url":"https:\/\/www.suno.com.br\/noticias\/author\/arthur-guimaraes\/"}]}},"default_loop_html":"<div class=\"cardsPage__listCard__boxs\"><div class=\"cardsPage__listCard__boxs__img\"><a href=\"https:\/\/www.suno.com.br\/noticias\/csn-csna3-barragem-nao-risco-escala-mencionada\/\"><img class=\"mask\" src=\"https:\/\/www.suno.com.br\/noticias\/wp-content\/themes\/suno\/resources\/images\/spotlight\/spotlight1img\/bg-mask.png\" alt=\"Image Mask\"\/><img src=\"https:\/\/files.sunoresearch.com.br\/n\/uploads\/2021\/03\/e796aea7-setor-minerio-de-ferro-400x200.webp\" alt=\"CSN (CSNA3) diz que barragem n\u00e3o registra risco na escala mencionada\"\/><\/a><span class=\"spotlightCategory\"><a href=\"https:\/\/www.suno.com.br\/noticias\/negocios\/\">Neg\u00f3cios<\/a><\/span><\/div><div class=\"cardsPage__listCard__boxs__content\"><a href=\"https:\/\/www.suno.com.br\/noticias\/csn-csna3-barragem-nao-risco-escala-mencionada\/\"><h2 class=\"content__title\">CSN (CSNA3) diz que barragem n\u00e3o registra risco na escala mencionada<\/h2><\/a><div class=\"newsContent__article__meta\"><div class=\"newsContent__article__meta__authorBox\"><a href=\"https:\/\/www.suno.com.br\/noticias\/author\/arthur-guimaraes\/\" class=\"authorBox__avatar noMobi\"><img src=\"https:\/\/files.sunoresearch.com.br\/n\/uploads\/2020\/02\/dfb40897-eu-150x150.webp\" alt=\"Arthur Guimar\u00e3es\"><\/a><div class=\"authorBox__name\"><span>por\n\t\t\t<a href=\"https:\/\/www.suno.com.br\/noticias\/author\/arthur-guimaraes\/\"><span itemprop=\"author\">Arthur Guimar\u00e3es<\/span><\/a><\/span><time datetime=\"2021-06-05T16:27:02-03:00\" itemprop=\"datePublished\">05\/06\/2021 16:27<\/time><\/div><\/div><\/div><\/div><\/div>","single_layout":"posts","amp_enabled":true,"_links":{"self":[{"href":"https:\/\/www.suno.com.br\/noticias\/wp-json\/wp\/v2\/posts\/154742"}],"collection":[{"href":"https:\/\/www.suno.com.br\/noticias\/wp-json\/wp\/v2\/posts"}],"about":[{"href":"https:\/\/www.suno.com.br\/noticias\/wp-json\/wp\/v2\/types\/post"}],"author":[{"embeddable":true,"href":"https:\/\/www.suno.com.br\/noticias\/wp-json\/wp\/v2\/users\/35"}],"replies":[{"embeddable":true,"href":"https:\/\/www.suno.com.br\/noticias\/wp-json\/wp\/v2\/comments?post=154742"}],"version-history":[{"count":1,"href":"https:\/\/www.suno.com.br\/noticias\/wp-json\/wp\/v2\/posts\/154742\/revisions"}],"predecessor-version":[{"id":154743,"href":"https:\/\/www.suno.com.br\/noticias\/wp-json\/wp\/v2\/posts\/154742\/revisions\/154743"}],"wp:featuredmedia":[{"embeddable":true,"href":"https:\/\/www.suno.com.br\/noticias\/wp-json\/wp\/v2\/media\/130477"}],"wp:attachment":[{"href":"https:\/\/www.suno.com.br\/noticias\/wp-json\/wp\/v2\/media?parent=154742"}],"wp:term":[{"taxonomy":"category","embeddable":true,"href":"https:\/\/www.suno.com.br\/noticias\/wp-json\/wp\/v2\/categories?post=154742"},{"taxonomy":"post_tag","embeddable":true,"href":"https:\/\/www.suno.com.br\/noticias\/wp-json\/wp\/v2\/tags?post=154742"},{"taxonomy":"suno_strategy","embeddable":true,"href":"https:\/\/www.suno.com.br\/noticias\/wp-json\/wp\/v2\/suno_strategy?post=154742"}],"curies":[{"name":"wp","href":"https:\/\/api.w.org\/{rel}","templated":true}]}}