{"id":15473,"date":"2019-02-15T14:46:22","date_gmt":"2019-02-15T16:46:22","guid":{"rendered":"https:\/\/www.suno.com.br\/noticias\/?p=15473"},"modified":"2019-02-15T15:00:39","modified_gmt":"2019-02-15T17:00:39","slug":"trump-emergencia-nacional-financiar-muro","status":"publish","type":"post","link":"https:\/\/www.suno.com.br\/noticias\/trump-emergencia-nacional-financiar-muro\/","title":{"rendered":"Trump decreta emerg\u00eancia nacional para financiar constru\u00e7\u00e3o de muro"},"content":{"rendered":"<p>O <a href=\"https:\/\/www.whitehouse.gov\/\">presidente dos Estados Unidos<\/a>, Donald Trump, declarou na tarde desta sexta (15) emerg\u00eancia nacional. O objetivo \u00e9 ter acesso a bilh\u00f5es de d\u00f3lares para construir um muro da fronteira com o M\u00e9xico, j\u00e1 que o Congresso se recusou a incluir a verba no or\u00e7amento da Uni\u00e3o.<\/p>\t<div class=\"wrapper-featured-image\">\n\t\t<figure class=\"spotlightImg\">\n\n\t\t\t<picture>\n\t\t\t\t<source media=\"(max-width: 768px)\" srcset=\"https:\/\/files.sunoresearch.com.br\/n\/uploads\/2018\/09\/04cd5ea2-trump-china-e1560191392227-400x200.webp\">\n\t\t\t\t<img loading=\"lazy\" decoding=\"async\" class=\"newsContent__article__imgCapa lazyloadDisabled newsContent__article__imgCapa--noCaption\" src=\"https:\/\/files.sunoresearch.com.br\/n\/uploads\/2018\/09\/04cd5ea2-trump-china-e1560191392227-800x450.webp\" width=\"800\" height=\"450\" alt=\"Trump decreta emerg\u00eancia nacional para financiar constru\u00e7\u00e3o de muro\" fetchpriority=high \/>\n\t\t\t<\/picture>\n\n\t\t\t<figcaption class=\"wp-caption-text wp-caption-text--hide\">A OMS informou que lamenta a decis\u00e3o de Donald Trump sobre a suspens\u00e3o no financiamento ao \u00f3rg\u00e3o. Clique aqui para saber mais.<\/figcaption>\n\t\t<\/figure>\n\t<\/div>\n\n\n<p>Segundo o jornal <strong>The New York Times<\/strong>, a medida de <strong>Donald Trump<\/strong>\u00a0de decretar <strong>emerg\u00eancia nacional<\/strong> &#8220;transforma uma disputa pol\u00edtica altamente carregada num confronto fundamental na separa\u00e7\u00e3o dos Poderes&#8221;.<\/p>\n<p><a href=\"https:\/\/www.suno.com.br\/noticias\/trump-acordo-comercial-china-prazo\/\">Saiba mais: Trump diz que pode prorrogar prazo para acordo comercial com a China<\/a><\/p>\n<p>Num pronunciamento televisivo, o <strong>presidente americano<\/strong> disse que estava assinando a declara\u00e7\u00e3o para proteger os <a href=\"https:\/\/www.suno.com.br\/artigos\/us-gaap\/\"><strong>Estados Unidos<\/strong><\/a> do fluxo de drogas, criminosos e <strong>imigrantes ilegais<\/strong> que chegam atrav\u00e9s da fronteira sudoeste com o <strong>M\u00e9xico.<\/strong> Nas palavras dele, &#8220;uma profunda <strong>amea\u00e7a \u00e0 soberania nacional<\/strong>&#8220;.<\/p>\n<p>Integrantes do governo disseram ao jornal que o estado de <strong>emerg\u00eancia nacional<\/strong> vai permitir a <strong>Trump<\/strong> acesso a US$ 3,6 bilh\u00f5es do <strong>or\u00e7amento militar<\/strong> para a <strong>constru\u00e7\u00e3o de projetos na fronteira<\/strong>. O republicano tamb\u00e9m declarou que vai usar US$ 2,5 bilh\u00f5es do <strong>or\u00e7amento presidencial<\/strong> para <strong>programas antidrogas<\/strong> e outros US$ 600 milh\u00f5es do fundo de confisco de ativos do <strong>Tesouro.<\/strong><\/p>\n<p><a href=\"https:\/\/www.suno.com.br\/noticias\/trump-acordo-comercial-china-prazo\/\">Saiba mais: Acordo comercial acontecer\u00e1 se Pequim abrir seus mercados, diz Trump<\/a><\/p>\n<p>Somados ao US$ 1,375 bilh\u00e3o <strong>autorizado pelo Congresso<\/strong> na \u00faltima quinta (14), <strong>Trump<\/strong> ter\u00e1 cerca de US$ 8 bilh\u00f5es para a constru\u00e7\u00e3o das novas <strong>barreiras.<\/strong> Tamb\u00e9m se prev\u00ea reparos e substitui\u00e7\u00e3o de <strong>muros<\/strong> e <strong>cercas<\/strong> j\u00e1 existentes ao longo da <strong>fronteira.<\/strong><\/p>\n<p><a href=\"https:\/\/www.suno.com.br\/noticias\/trump-jeff-bezos-bozo-divorcio\/\">Saiba mais: Trump chama Jeff Bezos de &#8216;Bozo&#8217; em meio a div\u00f3rcio do empres\u00e1rio<\/a><\/p>\n<p>O valor \u00e9 bem superior aos US$ 5,7 bilh\u00f5es que os <strong>parlamentares recusaram incluir<\/strong> no ato da <strong>aprova\u00e7\u00e3o do or\u00e7amento.<\/strong> O <strong>presidente<\/strong> tenta h\u00e1 muito tempo obter a verba para a constru\u00e7\u00e3o do projeto. Em dezembro passado, o impasse gerado com a insist\u00eancia de <strong>Trump<\/strong> e a recusa do <strong>Congresso<\/strong> na libera\u00e7\u00e3o dos recursos levou parte da <a href=\"https:\/\/www.suno.com.br\/noticias\/trump-abandona-reuniao-democratas-paralisacao\/\">administra\u00e7\u00e3o p\u00fablica americana a ficar <\/a><strong>paralisada.<\/strong> Tamb\u00e9m conhecido como <strong>&#8220;shutdown&#8221;,<\/strong> o <a href=\"https:\/\/www.suno.com.br\/noticias\/donald-trump-muro-governo\/\">atraso no repasse da <strong>verba<\/strong><\/a> gerou <strong>adiamento no pagamentos<\/strong> de <strong>servidores federais<\/strong> e a interrup\u00e7\u00e3o de v\u00e1rios <strong>servi\u00e7os p\u00fablicos<\/strong><strong>.<\/strong><\/p>\n","protected":false},"excerpt":{"rendered":"<p>O presidente dos Estados Unidos, Donald Trump, declarou na tarde desta sexta (15) emerg\u00eancia nacional. O objetivo \u00e9 ter acesso a bilh\u00f5es de d\u00f3lares para construir um muro da fronteira com o M\u00e9xico, j\u00e1 que o Congresso se recusou a incluir a verba no or\u00e7amento da Uni\u00e3o. A OMS informou que lamenta a decis\u00e3o de [&hellip;]<\/p>\n","protected":false},"author":13,"featured_media":4071,"comment_status":"closed","ping_status":"closed","sticky":false,"template":"","format":"standard","meta":[],"categories":[63],"tags":[724],"suno_strategy":[],"class_list":["post-15473","post","type-post","status-publish","format-standard","has-post-thumbnail","hentry","category-internacional","tag-donald-trump"],"yoast_head":"<!-- This site is optimized with the Yoast SEO plugin v24.4 - https:\/\/yoast.com\/wordpress\/plugins\/seo\/ -->\n<title>Trump decreta emerg\u00eancia nacional para financiar constru\u00e7\u00e3o de muro<\/title>\n<meta name=\"description\" content=\"O presidente Donald Trump decretou emerg\u00eancia nacional para financiar constru\u00e7\u00e3o de muro na fronteira com o M\u00e9xico. Clique e saiba mais\" \/>\n<meta name=\"robots\" content=\"index, follow, max-snippet:-1, max-image-preview:large, max-video-preview:-1\" \/>\n<link rel=\"canonical\" href=\"https:\/\/www.suno.com.br\/noticias\/trump-emergencia-nacional-financiar-muro\/\" \/>\n<meta property=\"og:locale\" content=\"pt_BR\" \/>\n<meta property=\"og:type\" content=\"article\" \/>\n<meta property=\"og:title\" content=\"Trump decreta emerg\u00eancia nacional para financiar constru\u00e7\u00e3o de muro\" \/>\n<meta property=\"og:description\" content=\"O presidente Donald Trump decretou emerg\u00eancia nacional para financiar constru\u00e7\u00e3o de muro na fronteira com o M\u00e9xico. Clique e saiba mais\" \/>\n<meta property=\"og:url\" content=\"https:\/\/www.suno.com.br\/noticias\/trump-emergencia-nacional-financiar-muro\/\" \/>\n<meta property=\"og:site_name\" content=\"Suno Not\u00edcias\" \/>\n<meta property=\"article:publisher\" content=\"https:\/\/facebook.com\/sunoresearch\" \/>\n<meta property=\"og:image\" content=\"https:\/\/files.sunoresearch.com.br\/n\/uploads\/2018\/09\/04cd5ea2-trump-china-e1560191392227.jpg\" \/>\n\t<meta property=\"og:image:width\" content=\"2560\" \/>\n\t<meta property=\"og:image:height\" content=\"1343\" \/>\n\t<meta property=\"og:image:type\" content=\"image\/jpeg\" \/>\n<meta name=\"author\" content=\"Guilherme Caetano\" \/>\n<meta name=\"twitter:card\" content=\"summary_large_image\" \/>\n<meta name=\"twitter:creator\" content=\"@sunoresearch\" \/>\n<meta name=\"twitter:site\" content=\"@sunoresearch\" \/>\n<meta name=\"twitter:label1\" content=\"Escrito por\" \/>\n\t<meta name=\"twitter:data1\" content=\"Guilherme Caetano\" \/>\n\t<meta name=\"twitter:label2\" content=\"Est. tempo de leitura\" \/>\n\t<meta name=\"twitter:data2\" content=\"2 minutos\" \/>\n<script type=\"application\/ld+json\" class=\"yoast-schema-graph\">{\"@context\":\"https:\/\/schema.org\",\"@graph\":[{\"@type\":\"NewsArticle\",\"@id\":\"https:\/\/www.suno.com.br\/noticias\/trump-emergencia-nacional-financiar-muro\/#article\",\"isPartOf\":{\"@id\":\"https:\/\/www.suno.com.br\/noticias\/trump-emergencia-nacional-financiar-muro\/\"},\"author\":{\"name\":\"Guilherme Caetano\",\"@id\":\"https:\/\/www.suno.com.br\/noticias\/#\/schema\/person\/0d0c9687cd2f600c564f25980c140de9\"},\"headline\":\"Trump decreta emerg\u00eancia nacional para financiar constru\u00e7\u00e3o de muro\",\"datePublished\":\"2019-02-15T16:46:22+00:00\",\"dateModified\":\"2019-02-15T17:00:39+00:00\",\"mainEntityOfPage\":{\"@id\":\"https:\/\/www.suno.com.br\/noticias\/trump-emergencia-nacional-financiar-muro\/\"},\"wordCount\":388,\"publisher\":{\"@id\":\"https:\/\/www.suno.com.br\/noticias\/#organization\"},\"image\":{\"@id\":\"https:\/\/www.suno.com.br\/noticias\/trump-emergencia-nacional-financiar-muro\/#primaryimage\"},\"thumbnailUrl\":\"https:\/\/files.sunoresearch.com.br\/n\/uploads\/2018\/09\/04cd5ea2-trump-china-e1560191392227-jpg.webp\",\"keywords\":[\"Donald Trump\"],\"articleSection\":[\"Internacional\"],\"inLanguage\":\"pt-BR\"},{\"@type\":\"WebPage\",\"@id\":\"https:\/\/www.suno.com.br\/noticias\/trump-emergencia-nacional-financiar-muro\/\",\"url\":\"https:\/\/www.suno.com.br\/noticias\/trump-emergencia-nacional-financiar-muro\/\",\"name\":\"Trump decreta emerg\u00eancia nacional para financiar constru\u00e7\u00e3o de muro\",\"isPartOf\":{\"@id\":\"https:\/\/www.suno.com.br\/noticias\/#website\"},\"primaryImageOfPage\":{\"@id\":\"https:\/\/www.suno.com.br\/noticias\/trump-emergencia-nacional-financiar-muro\/#primaryimage\"},\"image\":{\"@id\":\"https:\/\/www.suno.com.br\/noticias\/trump-emergencia-nacional-financiar-muro\/#primaryimage\"},\"thumbnailUrl\":\"https:\/\/files.sunoresearch.com.br\/n\/uploads\/2018\/09\/04cd5ea2-trump-china-e1560191392227-jpg.webp\",\"datePublished\":\"2019-02-15T16:46:22+00:00\",\"dateModified\":\"2019-02-15T17:00:39+00:00\",\"description\":\"O presidente Donald Trump decretou emerg\u00eancia nacional para financiar constru\u00e7\u00e3o de muro na fronteira com o M\u00e9xico. Clique e saiba mais\",\"breadcrumb\":{\"@id\":\"https:\/\/www.suno.com.br\/noticias\/trump-emergencia-nacional-financiar-muro\/#breadcrumb\"},\"inLanguage\":\"pt-BR\",\"potentialAction\":[{\"@type\":\"ReadAction\",\"target\":[\"https:\/\/www.suno.com.br\/noticias\/trump-emergencia-nacional-financiar-muro\/\"]}]},{\"@type\":\"ImageObject\",\"inLanguage\":\"pt-BR\",\"@id\":\"https:\/\/www.suno.com.br\/noticias\/trump-emergencia-nacional-financiar-muro\/#primaryimage\",\"url\":\"https:\/\/files.sunoresearch.com.br\/n\/uploads\/2018\/09\/04cd5ea2-trump-china-e1560191392227-jpg.webp\",\"contentUrl\":\"https:\/\/files.sunoresearch.com.br\/n\/uploads\/2018\/09\/04cd5ea2-trump-china-e1560191392227-jpg.webp\",\"width\":2560,\"height\":1343,\"caption\":\"A OMS informou que lamenta a decis\u00e3o de Donald Trump sobre a suspens\u00e3o no financiamento ao \u00f3rg\u00e3o. Clique aqui para saber mais.\"},{\"@type\":\"BreadcrumbList\",\"@id\":\"https:\/\/www.suno.com.br\/noticias\/trump-emergencia-nacional-financiar-muro\/#breadcrumb\",\"itemListElement\":[{\"@type\":\"ListItem\",\"position\":1,\"name\":\"Not\u00edcias\",\"item\":\"https:\/\/www.suno.com.br\/noticias\/\"},{\"@type\":\"ListItem\",\"position\":2,\"name\":\"Internacional\",\"item\":\"https:\/\/www.suno.com.br\/noticias\/internacional\/\"},{\"@type\":\"ListItem\",\"position\":3,\"name\":\"Trump decreta emerg\u00eancia nacional para financiar constru\u00e7\u00e3o de muro\"}]},{\"@type\":\"WebSite\",\"@id\":\"https:\/\/www.suno.com.br\/noticias\/#website\",\"url\":\"https:\/\/www.suno.com.br\/noticias\/\",\"name\":\"Suno Not\u00edcias\",\"description\":\"Seu portal de informa\u00e7\u00e3o sobre o mundo dos investimentos\",\"publisher\":{\"@id\":\"https:\/\/www.suno.com.br\/noticias\/#organization\"},\"potentialAction\":[{\"@type\":\"SearchAction\",\"target\":{\"@type\":\"EntryPoint\",\"urlTemplate\":\"https:\/\/www.suno.com.br\/noticias\/?s={search_term_string}\"},\"query-input\":{\"@type\":\"PropertyValueSpecification\",\"valueRequired\":true,\"valueName\":\"search_term_string\"}}],\"inLanguage\":\"pt-BR\"},{\"@type\":\"Organization\",\"@id\":\"https:\/\/www.suno.com.br\/noticias\/#organization\",\"name\":\"Suno Not\u00edcias\",\"url\":\"https:\/\/www.suno.com.br\/noticias\/\",\"logo\":{\"@type\":\"ImageObject\",\"inLanguage\":\"pt-BR\",\"@id\":\"https:\/\/www.suno.com.br\/noticias\/#\/schema\/logo\/image\/\",\"url\":\"https:\/\/files.sunoresearch.com.br\/n\/uploads\/2021\/09\/suno-logo.png\",\"contentUrl\":\"https:\/\/files.sunoresearch.com.br\/n\/uploads\/2021\/09\/suno-logo.png\",\"width\":180,\"height\":180,\"caption\":\"Suno Not\u00edcias\"},\"image\":{\"@id\":\"https:\/\/www.suno.com.br\/noticias\/#\/schema\/logo\/image\/\"},\"sameAs\":[\"https:\/\/facebook.com\/sunoresearch\",\"https:\/\/x.com\/sunoresearch\",\"https:\/\/www.instagram.com\/suno\",\"https:\/\/www.linkedin.com\/company\/suno-research\/\",\"https:\/\/www.youtube.com\/c\/sunoresearch\"]},{\"@type\":\"Person\",\"@id\":\"https:\/\/www.suno.com.br\/noticias\/#\/schema\/person\/0d0c9687cd2f600c564f25980c140de9\",\"name\":\"Guilherme Caetano\",\"image\":{\"@type\":\"ImageObject\",\"inLanguage\":\"pt-BR\",\"@id\":\"https:\/\/www.suno.com.br\/noticias\/#\/schema\/person\/image\/\",\"url\":\"https:\/\/secure.gravatar.com\/avatar\/e48357351a01702a0d19307070e081bf?s=96&r=g\",\"contentUrl\":\"https:\/\/secure.gravatar.com\/avatar\/e48357351a01702a0d19307070e081bf?s=96&r=g\",\"caption\":\"Guilherme Caetano\"},\"description\":\"Formado em jornalismo pela Escola de Comunica\u00e7\u00f5es e Artes da USP, Guilherme Caetano escreve para o portal de not\u00edcias da Suno Research. Passou pelas reda\u00e7\u00f5es da Folha de S.Paulo e da revista \u00c9poca.\",\"url\":\"https:\/\/www.suno.com.br\/noticias\/author\/guilherme-caetano\/\"}]}<\/script>\n<!-- \/ Yoast SEO plugin. -->","yoast_head_json":{"title":"Trump decreta emerg\u00eancia nacional para financiar constru\u00e7\u00e3o de muro","description":"O presidente Donald Trump decretou emerg\u00eancia nacional para financiar constru\u00e7\u00e3o de muro na fronteira com o M\u00e9xico. Clique e saiba mais","robots":{"index":"index","follow":"follow","max-snippet":"max-snippet:-1","max-image-preview":"max-image-preview:large","max-video-preview":"max-video-preview:-1"},"canonical":"https:\/\/www.suno.com.br\/noticias\/trump-emergencia-nacional-financiar-muro\/","og_locale":"pt_BR","og_type":"article","og_title":"Trump decreta emerg\u00eancia nacional para financiar constru\u00e7\u00e3o de muro","og_description":"O presidente Donald Trump decretou emerg\u00eancia nacional para financiar constru\u00e7\u00e3o de muro na fronteira com o M\u00e9xico. Clique e saiba mais","og_url":"https:\/\/www.suno.com.br\/noticias\/trump-emergencia-nacional-financiar-muro\/","og_site_name":"Suno Not\u00edcias","article_publisher":"https:\/\/facebook.com\/sunoresearch","og_image":[{"width":2560,"height":1343,"url":"https:\/\/files.sunoresearch.com.br\/n\/uploads\/2018\/09\/04cd5ea2-trump-china-e1560191392227.jpg","type":"image\/jpeg"}],"author":"Guilherme Caetano","twitter_card":"summary_large_image","twitter_creator":"@sunoresearch","twitter_site":"@sunoresearch","twitter_misc":{"Escrito por":"Guilherme Caetano","Est. tempo de leitura":"2 minutos"},"schema":{"@context":"https:\/\/schema.org","@graph":[{"@type":"NewsArticle","@id":"https:\/\/www.suno.com.br\/noticias\/trump-emergencia-nacional-financiar-muro\/#article","isPartOf":{"@id":"https:\/\/www.suno.com.br\/noticias\/trump-emergencia-nacional-financiar-muro\/"},"author":{"name":"Guilherme Caetano","@id":"https:\/\/www.suno.com.br\/noticias\/#\/schema\/person\/0d0c9687cd2f600c564f25980c140de9"},"headline":"Trump decreta emerg\u00eancia nacional para financiar constru\u00e7\u00e3o de muro","datePublished":"2019-02-15T16:46:22+00:00","dateModified":"2019-02-15T17:00:39+00:00","mainEntityOfPage":{"@id":"https:\/\/www.suno.com.br\/noticias\/trump-emergencia-nacional-financiar-muro\/"},"wordCount":388,"publisher":{"@id":"https:\/\/www.suno.com.br\/noticias\/#organization"},"image":{"@id":"https:\/\/www.suno.com.br\/noticias\/trump-emergencia-nacional-financiar-muro\/#primaryimage"},"thumbnailUrl":"https:\/\/files.sunoresearch.com.br\/n\/uploads\/2018\/09\/04cd5ea2-trump-china-e1560191392227-jpg.webp","keywords":["Donald Trump"],"articleSection":["Internacional"],"inLanguage":"pt-BR"},{"@type":"WebPage","@id":"https:\/\/www.suno.com.br\/noticias\/trump-emergencia-nacional-financiar-muro\/","url":"https:\/\/www.suno.com.br\/noticias\/trump-emergencia-nacional-financiar-muro\/","name":"Trump decreta emerg\u00eancia nacional para financiar constru\u00e7\u00e3o de muro","isPartOf":{"@id":"https:\/\/www.suno.com.br\/noticias\/#website"},"primaryImageOfPage":{"@id":"https:\/\/www.suno.com.br\/noticias\/trump-emergencia-nacional-financiar-muro\/#primaryimage"},"image":{"@id":"https:\/\/www.suno.com.br\/noticias\/trump-emergencia-nacional-financiar-muro\/#primaryimage"},"thumbnailUrl":"https:\/\/files.sunoresearch.com.br\/n\/uploads\/2018\/09\/04cd5ea2-trump-china-e1560191392227-jpg.webp","datePublished":"2019-02-15T16:46:22+00:00","dateModified":"2019-02-15T17:00:39+00:00","description":"O presidente Donald Trump decretou emerg\u00eancia nacional para financiar constru\u00e7\u00e3o de muro na fronteira com o M\u00e9xico. Clique e saiba mais","breadcrumb":{"@id":"https:\/\/www.suno.com.br\/noticias\/trump-emergencia-nacional-financiar-muro\/#breadcrumb"},"inLanguage":"pt-BR","potentialAction":[{"@type":"ReadAction","target":["https:\/\/www.suno.com.br\/noticias\/trump-emergencia-nacional-financiar-muro\/"]}]},{"@type":"ImageObject","inLanguage":"pt-BR","@id":"https:\/\/www.suno.com.br\/noticias\/trump-emergencia-nacional-financiar-muro\/#primaryimage","url":"https:\/\/files.sunoresearch.com.br\/n\/uploads\/2018\/09\/04cd5ea2-trump-china-e1560191392227-jpg.webp","contentUrl":"https:\/\/files.sunoresearch.com.br\/n\/uploads\/2018\/09\/04cd5ea2-trump-china-e1560191392227-jpg.webp","width":2560,"height":1343,"caption":"A OMS informou que lamenta a decis\u00e3o de Donald Trump sobre a suspens\u00e3o no financiamento ao \u00f3rg\u00e3o. Clique aqui para saber mais."},{"@type":"BreadcrumbList","@id":"https:\/\/www.suno.com.br\/noticias\/trump-emergencia-nacional-financiar-muro\/#breadcrumb","itemListElement":[{"@type":"ListItem","position":1,"name":"Not\u00edcias","item":"https:\/\/www.suno.com.br\/noticias\/"},{"@type":"ListItem","position":2,"name":"Internacional","item":"https:\/\/www.suno.com.br\/noticias\/internacional\/"},{"@type":"ListItem","position":3,"name":"Trump decreta emerg\u00eancia nacional para financiar constru\u00e7\u00e3o de muro"}]},{"@type":"WebSite","@id":"https:\/\/www.suno.com.br\/noticias\/#website","url":"https:\/\/www.suno.com.br\/noticias\/","name":"Suno Not\u00edcias","description":"Seu portal de informa\u00e7\u00e3o sobre o mundo dos investimentos","publisher":{"@id":"https:\/\/www.suno.com.br\/noticias\/#organization"},"potentialAction":[{"@type":"SearchAction","target":{"@type":"EntryPoint","urlTemplate":"https:\/\/www.suno.com.br\/noticias\/?s={search_term_string}"},"query-input":{"@type":"PropertyValueSpecification","valueRequired":true,"valueName":"search_term_string"}}],"inLanguage":"pt-BR"},{"@type":"Organization","@id":"https:\/\/www.suno.com.br\/noticias\/#organization","name":"Suno Not\u00edcias","url":"https:\/\/www.suno.com.br\/noticias\/","logo":{"@type":"ImageObject","inLanguage":"pt-BR","@id":"https:\/\/www.suno.com.br\/noticias\/#\/schema\/logo\/image\/","url":"https:\/\/files.sunoresearch.com.br\/n\/uploads\/2021\/09\/suno-logo.png","contentUrl":"https:\/\/files.sunoresearch.com.br\/n\/uploads\/2021\/09\/suno-logo.png","width":180,"height":180,"caption":"Suno Not\u00edcias"},"image":{"@id":"https:\/\/www.suno.com.br\/noticias\/#\/schema\/logo\/image\/"},"sameAs":["https:\/\/facebook.com\/sunoresearch","https:\/\/x.com\/sunoresearch","https:\/\/www.instagram.com\/suno","https:\/\/www.linkedin.com\/company\/suno-research\/","https:\/\/www.youtube.com\/c\/sunoresearch"]},{"@type":"Person","@id":"https:\/\/www.suno.com.br\/noticias\/#\/schema\/person\/0d0c9687cd2f600c564f25980c140de9","name":"Guilherme Caetano","image":{"@type":"ImageObject","inLanguage":"pt-BR","@id":"https:\/\/www.suno.com.br\/noticias\/#\/schema\/person\/image\/","url":"https:\/\/secure.gravatar.com\/avatar\/e48357351a01702a0d19307070e081bf?s=96&r=g","contentUrl":"https:\/\/secure.gravatar.com\/avatar\/e48357351a01702a0d19307070e081bf?s=96&r=g","caption":"Guilherme Caetano"},"description":"Formado em jornalismo pela Escola de Comunica\u00e7\u00f5es e Artes da USP, Guilherme Caetano escreve para o portal de not\u00edcias da Suno Research. Passou pelas reda\u00e7\u00f5es da Folha de S.Paulo e da revista \u00c9poca.","url":"https:\/\/www.suno.com.br\/noticias\/author\/guilherme-caetano\/"}]}},"default_loop_html":"<div class=\"cardsPage__listCard__boxs\"><div class=\"cardsPage__listCard__boxs__img\"><a href=\"https:\/\/www.suno.com.br\/noticias\/trump-emergencia-nacional-financiar-muro\/\"><img class=\"mask\" src=\"https:\/\/www.suno.com.br\/noticias\/wp-content\/themes\/suno\/resources\/images\/spotlight\/spotlight1img\/bg-mask.png\" alt=\"Image Mask\"\/><img src=\"https:\/\/files.sunoresearch.com.br\/n\/uploads\/2018\/09\/04cd5ea2-trump-china-e1560191392227-400x200.webp\" alt=\"Trump decreta emerg\u00eancia nacional para financiar constru\u00e7\u00e3o de muro\"\/><\/a><span class=\"spotlightCategory\"><a href=\"https:\/\/www.suno.com.br\/noticias\/internacional\/\">Internacional<\/a><\/span><\/div><div class=\"cardsPage__listCard__boxs__content\"><a href=\"https:\/\/www.suno.com.br\/noticias\/trump-emergencia-nacional-financiar-muro\/\"><h2 class=\"content__title\">Trump decreta emerg\u00eancia nacional para financiar constru\u00e7\u00e3o de muro<\/h2><\/a><div class=\"newsContent__article__meta\"><div class=\"newsContent__article__meta__authorBox\"><a href=\"https:\/\/www.suno.com.br\/noticias\/author\/guilherme-caetano\/\" class=\"authorBox__avatar noMobi\"><img src=\"https:\/\/secure.gravatar.com\/avatar\/e48357351a01702a0d19307070e081bf?s=96&#038;r=g\" alt=\"Guilherme Caetano\"><\/a><div class=\"authorBox__name\"><span>por\n\t\t\t<a href=\"https:\/\/www.suno.com.br\/noticias\/author\/guilherme-caetano\/\"><span itemprop=\"author\">Guilherme Caetano<\/span><\/a><\/span><time datetime=\"2019-02-15T14:46:22-02:00\" itemprop=\"datePublished\">15\/02\/2019 14:46<\/time><\/div><\/div><\/div><\/div><\/div>","single_layout":"posts","amp_enabled":true,"_links":{"self":[{"href":"https:\/\/www.suno.com.br\/noticias\/wp-json\/wp\/v2\/posts\/15473"}],"collection":[{"href":"https:\/\/www.suno.com.br\/noticias\/wp-json\/wp\/v2\/posts"}],"about":[{"href":"https:\/\/www.suno.com.br\/noticias\/wp-json\/wp\/v2\/types\/post"}],"author":[{"embeddable":true,"href":"https:\/\/www.suno.com.br\/noticias\/wp-json\/wp\/v2\/users\/13"}],"replies":[{"embeddable":true,"href":"https:\/\/www.suno.com.br\/noticias\/wp-json\/wp\/v2\/comments?post=15473"}],"version-history":[{"count":0,"href":"https:\/\/www.suno.com.br\/noticias\/wp-json\/wp\/v2\/posts\/15473\/revisions"}],"wp:featuredmedia":[{"embeddable":true,"href":"https:\/\/www.suno.com.br\/noticias\/wp-json\/wp\/v2\/media\/4071"}],"wp:attachment":[{"href":"https:\/\/www.suno.com.br\/noticias\/wp-json\/wp\/v2\/media?parent=15473"}],"wp:term":[{"taxonomy":"category","embeddable":true,"href":"https:\/\/www.suno.com.br\/noticias\/wp-json\/wp\/v2\/categories?post=15473"},{"taxonomy":"post_tag","embeddable":true,"href":"https:\/\/www.suno.com.br\/noticias\/wp-json\/wp\/v2\/tags?post=15473"},{"taxonomy":"suno_strategy","embeddable":true,"href":"https:\/\/www.suno.com.br\/noticias\/wp-json\/wp\/v2\/suno_strategy?post=15473"}],"curies":[{"name":"wp","href":"https:\/\/api.w.org\/{rel}","templated":true}]}}