{"id":154685,"date":"2021-06-05T08:00:41","date_gmt":"2021-06-05T11:00:41","guid":{"rendered":"https:\/\/www.suno.com.br\/noticias\/?p=154685"},"modified":"2021-06-05T10:06:46","modified_gmt":"2021-06-05T13:06:46","slug":"raizen-nubank-anitta-itausa-itsa4-mais-lidas","status":"publish","type":"post","link":"https:\/\/www.suno.com.br\/noticias\/raizen-nubank-anitta-itausa-itsa4-mais-lidas\/","title":{"rendered":"Ra\u00edzen registra pedido de IPO e Nubank negocia parceria com Anitta: Veja as 5 not\u00edcias mais lidas"},"content":{"rendered":"<p>O JP Morgan rebaixar a recomenda\u00e7\u00e3o da B3 (B3SA3) de compra para neutra, com pre\u00e7o-alvo de R$ 21\u00a0foi o tema que liderou as <strong>not\u00edcias mais lidas<\/strong> dessa semana, seguido pela mat\u00e9ria da Ra\u00edzen que protocolou pedido de oferta p\u00fablica inicial de a\u00e7\u00f5es (IPO, na sigla em ingl\u00eas) na Comiss\u00e3o de Valores Mobili\u00e1rios (CVM).<\/p>\t<div class=\"wrapper-featured-image\">\n\t\t<figure class=\"spotlightImg\">\n\n\t\t\t<picture>\n\t\t\t\t<source media=\"(max-width: 768px)\" srcset=\"https:\/\/files.sunoresearch.com.br\/n\/uploads\/2021\/03\/b66c6d0d-caminhao-400x200.jpg\">\n\t\t\t\t<img loading=\"lazy\" decoding=\"async\" class=\"newsContent__article__imgCapa lazyloadDisabled \" src=\"https:\/\/files.sunoresearch.com.br\/n\/uploads\/2021\/03\/b66c6d0d-caminhao-800x450.jpg\" width=\"800\" height=\"450\" alt=\"Ra\u00edzen registra pedido de IPO e Nubank negocia parceria com Anitta: Veja as 5 not\u00edcias mais lidas\" fetchpriority=high \/>\n\t\t\t<\/picture>\n\n\t\t\t<figcaption class=\"wp-caption-text wp-caption-text--show\">Ra\u00edzen. Foto: Divulga\u00e7\u00e3o<\/figcaption>\n\t\t<\/figure>\n\t<\/div>\n\n\n\t<p>\n\t\t<a href=\"https:\/\/lp.suno.com.br\/planilha-controle-gastos\/\" target=\"_blank\" data-element=\"shortcode-suno-banner\" title=\"Banner SUNO, clique e saiba mais\">\n\t\t\t<picture>\n\t\t\t\t<source media=\"(max-width: 500px)\" srcset=\"https:\/\/files.sunoresearch.com.br\/n\/uploads\/2023\/03\/400x300-Planilha-controle-de-gastos.png\">\n\t\t\t\t<img class=\"newsContent__article__imgCapa newsContent__article__imgCapa--banner\"\n\t\t\t\t\tsrc=\"https:\/\/files.sunoresearch.com.br\/n\/uploads\/2023\/03\/1420x240-Planilha-controle-de-gastos.png\"\n\t\t\t\t\tdata-promo-id=\"101751\"\t\t\t\t\t\t\t\t\t\twidth='1420' height='240'\t\t\t\t\talt=\"https:\/\/files.sunoresearch.com.br\/n\/uploads\/2023\/03\/1420x240-Planilha-controle-de-gastos.png\"\n\t\t\t\t>\n\t\t\t<\/picture>\n\t\t<\/a>\n\t<\/p>\n\n\n<p>J\u00e1 em terceiro lugar entre as not\u00edcias mais lidas, est\u00e1 a mat\u00e9ria de que a falta de chuvas tende a impactar, de forma mais relevante, a <strong>AES Brasil<\/strong> (AESB3) e Cesp (CESP6), de acordo com a XP.<\/p>\n<p>Na primeira semana do m\u00eas, os leitores tamb\u00e9m ficaram atentos ao Nubank, que negocia uma parceria com a cantora Anitta, e \u00e0 Itausa, que emitir\u00e1 R$ 2,5 bilh\u00f5es em deb\u00eantures para aporte na Agea Saneamento.<\/p>\n<p><a href=\"https:\/\/lp.suno.com.br\/suno-one\/\">Suno One: acesse gratuitamente eBooks, Minicursos, Artigos e V\u00eddeo Aulas sobre investimentos com um \u00fanico cadastro. Clique para saber mais!<\/a><\/p>\n<p>Veja abaixo um resumo e o link para as cinco not\u00edcias mais lidas na semana:<\/p>\n<h2>1. JP Morgan rebaixa recomenda\u00e7\u00e3o para B3<\/h2>\n<p>Liderando as not\u00edcias mais lidas do <strong>SUNO Not\u00edcias<\/strong> nesta semana est\u00e1 a recomenda\u00e7\u00e3o neutra que o <strong>JP Morgan<\/strong> atribuiu \u00e0 <a href=\"https:\/\/www.suno.com.br\/acoes\/b3sa3\/\"><strong>B3<\/strong> (B3SA3)<\/a>, ap\u00f3s<strong> Jos\u00e9 de Menezes Berenguer Neto<\/strong> renunciar ao cargo de membro do <a href=\"https:\/\/www.suno.com.br\/artigos\/conselho-administracao\/\">Conselho de Administra\u00e7\u00e3o<\/a>.<\/p>\n<p>O JP Morgan rebaixou a recomenda\u00e7\u00e3o da B3 de compra para neutra, com pre\u00e7o-alvo de R$ 21. Antes, o <em>target<\/em> era de R$ 23. A institui\u00e7\u00e3o levantou a discuss\u00e3o da possibilidade da <strong>XP<\/strong> se tornar uma concorrente da B3 com uma nova <strong>Bolsa no Brasil,<\/strong> mesmo que n\u00e3o seja no <a class=\"suno-keyword\" href=\"https:\/\/www.suno.com.br\/artigos\/curto-prazo\/\" target=\"_blank\" rel=\"noopener noreferrer\" data-force=\"no\" data-priority=\"1\">curto prazo<\/a>.<\/p>\n<p>Berenguer \u00e9 presidente do Banco XP e ocupava uma cadeira no Conselho da B3 desde 2013. Em ata, a companhia agradeceu o executivo pelas contribui\u00e7\u00f5es durante o exerc\u00edcio de seus mandatos como conselheiro. As raz\u00f5es pela sa\u00edda n\u00e3o foram mencionadas.<\/p>\n<p>&#8220;Dada a participa\u00e7\u00e3o dominante de 20% da XP no mercado e nossa vis\u00e3o de que uma nova <strong>Bolsa<\/strong> seria mais facilmente alcan\u00e7\u00e1vel com sua participa\u00e7\u00e3o, a sa\u00edda da XP [do conselho da B3], em nossa opini\u00e3o, mesmo que n\u00e3o vinculada \u00e0 concorr\u00eancia no curto prazo, poderia facilitar tal ideia, pois n\u00e3o representa mais conflito de interesses&#8221;, afirma o banco.<\/p>\n\t<div data-element=\"shortcode-read-more\" class=\"knowMore\">\n\t\t\t\t<span class=\"knowMore__title\">Veja a mat\u00e9ria completa<\/span>\n\t\t\t\t<a class=\"knowMore__link\" href=\"https:\/\/www.suno.com.br\/noticias\/b3-b3sa3-renuncia-conselheiro-jp-morgan-concorrencia\/\">\n\t\t\tB3 (B3SA3): JP Morgan rebaixa recomenda\u00e7\u00e3o e cita potencial concorr\u00eancia da XP\t\t<\/a>\n\t<\/div>\n\n\n<h2>2. Ra\u00edzen protocola pedido de IPO e fica entre as not\u00edcias mais lidas<\/h2>\n<p>A segunda not\u00edcia mais lida da semana foi sobre a Ra\u00edzen, que protocolou seu pedido de oferta p\u00fablica inicial de a\u00e7\u00f5es (IPO, na sigla em ingl\u00eas) na <a class=\"suno-keyword\" href=\"https:\/\/www.suno.com.br\/artigos\/cvm\/\" target=\"_blank\" rel=\"noopener noreferrer\" data-force=\"no\" data-priority=\"2\">Comiss\u00e3o de Valores Mobili\u00e1rios (CVM)<\/a>, em uma distribui\u00e7\u00e3o que pode ser a maior da hist\u00f3ria. A distribui\u00e7\u00e3o deve movimentar entre R$ 10 bilh\u00f5es e R$ 13 bilh\u00f5es, o que a credenciaria entre as maiores da hist\u00f3ria da B3.<\/p>\n<p>A Ra\u00edzen, uma joint venture entre a <strong>Cosan<\/strong> e a <strong>Shell<\/strong>, pediu registro no <strong>N\u00edvel 2<\/strong> da Bolsa brasileira, na \u00faltima quinta-feira (3). A oferta ser\u00e1 de <a class=\"suno-keyword\" href=\"https:\/\/www.suno.com.br\/artigos\/acoes-preferenciais\/\" target=\"_blank\" rel=\"noopener noreferrer\" data-force=\"no\" data-priority=\"1\">a\u00e7\u00f5es preferenciais<\/a>, sem direito a voto, mas com prefer\u00eancia no pagamento de dividendos.<\/p>\n<p>Nos \u00faltimos dias, a companhia promoveu uma s\u00e9rie de altera\u00e7\u00f5es na prepara\u00e7\u00e3o para a oferta. Uma delas foi a altera\u00e7\u00e3o da raz\u00e3o social: a Ra\u00edzen Combust\u00edveis S.A. passou a ser denominada apenas Ra\u00edzen S.A.. A companhia tem como controlada a<strong> Ra\u00edzen Energia<\/strong>.<\/p>\n\t<div data-element=\"shortcode-read-more\" class=\"knowMore\">\n\t\t\t\t<span class=\"knowMore__title\">Leia a mat\u00e9ria completa<\/span>\n\t\t\t\t<a class=\"knowMore__link\" href=\"https:\/\/www.suno.com.br\/noticias\/raizen-protocola-pedido-ipo-maiores-da-historia\/\">\n\t\t\tRa\u00edzen protocola pedido de IPO, que pode ser um dos maiores da hist\u00f3ria\t\t<\/a>\n\t<\/div>\n\n\n<h2>3. AES Brasil e Cesp s\u00e3o as mais afetadas pela crise h\u00eddrica, diz XP<\/h2>\n<p>Na \u00faltima sexta-feira de maio, o governo emitiu um alerta de emerg\u00eancia h\u00eddrica para cinco estados brasileiros. Minas Gerais, Goi\u00e1s, Mato Grosso do Sul, S\u00e3o Paulo e Paran\u00e1 est\u00e3o em situa\u00e7\u00e3o preocupante, com baixo n\u00edvel nos reservat\u00f3rios.<\/p>\n<p>A falta de chuvas tende a impactar, de forma mais relevante, <strong>AES Brasil<\/strong> (AESB3) e <a href=\"https:\/\/www.suno.com.br\/acoes\/cesp6\/\">Cesp (CESP6)<\/a>, de acordo com a XP, e essa foi a mat\u00e9ria que fechou o top tr\u00eas das not\u00edcias mais lidas da semana.<\/p>\n<p>Segundo dados do <strong>Operador Nacional do Sistema El\u00e9trico<\/strong> (ONS), o n\u00edvel dos reservat\u00f3rios do Brasil est\u00e1 em 44% da m\u00e9dia hist\u00f3rica, situa\u00e7\u00e3o ainda pior do que em maio de 2020, quando estava em 60% e j\u00e1 estava em alerta. Com isso, o segmento do setor el\u00e9trico mais afetado pelo cen\u00e1rio \u00e9 o de <strong>gera\u00e7\u00e3o<\/strong>. Empresas como AES Brasil, Cesp e at\u00e9 a <a href=\"https:\/\/www.suno.com.br\/acoes\/egie3\/\"><strong>Engie<\/strong> (EGIE3)<\/a> possuem grande participa\u00e7\u00e3o h\u00eddrica no portf\u00f3lio, o que agrava a adversidade.<\/p>\n\t<p>\n\t\t<a href=\"https:\/\/lp.suno.com.br\/planilha-da-vida-financeira\/\" target=\"_blank\" data-element=\"shortcode-suno-banner\" title=\"Banner SUNO, clique e saiba mais\">\n\t\t\t<picture>\n\t\t\t\t<source media=\"(max-width: 500px)\" srcset=\"https:\/\/files.sunoresearch.com.br\/n\/uploads\/2023\/04\/400x300-Planilha-vida-financeira-true.png\">\n\t\t\t\t<img class=\"newsContent__article__imgCapa newsContent__article__imgCapa--banner\"\n\t\t\t\t\tsrc=\"https:\/\/files.sunoresearch.com.br\/n\/uploads\/2023\/04\/1420x240-Planilha-vida-financeira-true.png\"\n\t\t\t\t\tdata-promo-id=\"106682\"\t\t\t\t\t\t\t\t\t\twidth='1420' height='240'\t\t\t\t\talt=\"https:\/\/files.sunoresearch.com.br\/n\/uploads\/2023\/04\/1420x240-Planilha-vida-financeira-true.png\"\n\t\t\t\t>\n\t\t\t<\/picture>\n\t\t<\/a>\n\t<\/p>\n\n\n<p>As duas primeiras tiveram redu\u00e7\u00e3o na produ\u00e7\u00e3o de energia el\u00e9trica no primeiro trimestre, em 21% e 22%, respectivamente. &#8220;Isso ilustra que o impacto do d\u00e9ficit h\u00eddrico j\u00e1 \u00e9 uma realidade para algumas geradoras, principalmente as localizadas em regi\u00f5es mais afetadas&#8221;, diz a <strong>XP<\/strong>, que cita S\u00e3o Paulo como a regi\u00e3o em situa\u00e7\u00e3o mais preocupante.<\/p>\n\t<div data-element=\"shortcode-read-more\" class=\"knowMore\">\n\t\t\t\t<span class=\"knowMore__title\">Veja a mat\u00e9ria completa<\/span>\n\t\t\t\t<a class=\"knowMore__link\" href=\"https:\/\/www.suno.com.br\/noticias\/aes-brasil-aesb3-cesp-cesp6-crise-hidrica\/\">\n\t\t\tAES Brasil (AESB3) e Cesp (CESP6) s\u00e3o as mais afetadas pela crise h\u00eddrica, diz XP\t\t<\/a>\n\t<\/div>\n\n\n<h2>4. Parceria do Nubank com Anitta fica entre not\u00edcias mais lidas<\/h2>\n<p>A quarta not\u00edcia mais lida da semana foi a do <strong>Nubank<\/strong> que estaria pr\u00f3ximo de fechar uma parceria com a cantora <strong>Anitta<\/strong>, que deve se tornar a nova acionista do<strong> <a class=\"suno-keyword\" href=\"https:\/\/www.suno.com.br\/artigos\/banco-digital\/\" target=\"_blank\" rel=\"noopener noreferrer\" data-force=\"no\" data-priority=\"2\">banco digital<\/a><\/strong>, de acordo com o site <em>Metr\u00f3poles.<\/em><\/p>\n<p>O acordo deve colocar a Anitta na posi\u00e7\u00e3o de principal estrela publicit\u00e1ria da <strong><em>fintech<\/em><\/strong>. O neg\u00f3cio deve ser divulgado nas pr\u00f3ximas semanas, segundo a coluna. O <strong>Nubank<\/strong> n\u00e3o confirma a parceria e diz que n\u00e3o ir\u00e1 comentar.<\/p>\n<p>Al\u00e9m do acordo publicit\u00e1rio, a opera\u00e7\u00e3o entre a cantora e o banco envolve um cargo executivo para Anitta e a transfer\u00eancia de um volume &#8220;significativo&#8221; de a\u00e7\u00f5es da empresa para ela.<\/p>\n\t<div data-element=\"shortcode-read-more\" class=\"knowMore\">\n\t\t\t\t<span class=\"knowMore__title\">Leia a mat\u00e9ria completa!<\/span>\n\t\t\t\t<a class=\"knowMore__link\" href=\"https:\/\/www.suno.com.br\/noticias\/anitta-parceria-nubank-acionista-banco\/\">\n\t\t\tAnitta negocia parceria com Nubank e se tornar\u00e1 acionista do banco, diz site\t\t<\/a>\n\t<\/div>\n\n\n<h2>5. Ita\u00fasa emitir\u00e1 R$ 2,5 bi em deb\u00eantures<\/h2>\n<p>A quinta posi\u00e7\u00e3o na lista de mat\u00e9rias mais lidas da semana ficou reservada para a <a href=\"https:\/\/www.suno.com.br\/acoes\/itsa4\/\"><strong>Ita\u00fasa<\/strong> (ITSA4)<\/a>, que anunciou, na \u00faltima segunda-feira (31), que emitir\u00e1 deb\u00eantures n\u00e3o convers\u00edveis em a\u00e7\u00f5es na ordem de R$ 2,5 bilh\u00f5es. A maior parte dos recursos ser\u00e1 direcionada para aquisi\u00e7\u00e3o de a\u00e7\u00f5es e aporte de capital na Aegea Saneamento.<\/p>\n<p>A Aegea far\u00e1 um <strong><a class=\"suno-keyword\" href=\"https:\/\/www.suno.com.br\/artigos\/aumento-capital\/\" target=\"_blank\" rel=\"noopener noreferrer\" data-force=\"no\" data-priority=\"1\">aumento de capital<\/a><\/strong> atrav\u00e9s da emiss\u00e3o de a\u00e7\u00f5es preferenciais de classe D. A Ita\u00fasa levar\u00e1 34,57% da opera\u00e7\u00e3o, com um investimento de R$ 1,11 bilh\u00e3o. Ao fim deste processo, a holding ficar\u00e1 com uma participa\u00e7\u00e3o de 12,95% no capital total da empresa.<\/p>\n<p>A Ita\u00fasa tamb\u00e9m far\u00e1 uma aporte de capital com emiss\u00e3o de a\u00e7\u00f5es preferenciais classe A com direito a voto nas Sociedades com Prop\u00f3sito Espec\u00edfico (SPEs) relacionadas ao cons\u00f3rcio formado pela holding, a Aegea e afiliadas que venceu a licita\u00e7\u00e3o dos Blocos 1 e 4 da Companhia Estadual de \u00c1guas e Esgotos do Rio de Janeiro (<strong>Cedae<\/strong>), no fim de abril.<\/p>\n\t<div data-element=\"shortcode-read-more\" class=\"knowMore\">\n\t\t\t\t<span class=\"knowMore__title\">Veja a mat\u00e9ria completa<\/span>\n\t\t\t\t<a class=\"knowMore__link\" href=\"https:\/\/www.suno.com.br\/noticias\/itausa-itsa4-debentures-aporte-aegea\/\">\n\t\t\tIta\u00fasa (ITSA4) emitir\u00e1 R$ 2,5 bi em deb\u00eantures para aporte em Aegea Saneamento\t\t<\/a>\n\t<\/div>\n\n\n<p>Essas foram as 5<strong> not\u00edcias mais lidas da semana.<\/strong> Para ler todas, <strong><a href=\"https:\/\/www.suno.com.br\/noticias\">clique aqui.<\/a><\/strong><\/p>\n\t<p>\n\t\t<a href=\"https:\/\/lp.suno.com.br\/planilha-de-controle-de-investimentos\/\" target=\"_blank\" data-element=\"shortcode-suno-banner\" title=\"Banner SUNO, clique e saiba mais\">\n\t\t\t<picture>\n\t\t\t\t<source media=\"(max-width: 500px)\" srcset=\"https:\/\/files.sunoresearch.com.br\/n\/uploads\/2023\/03\/400x300-Controle-de-Investimentos.png\">\n\t\t\t\t<img class=\"newsContent__article__imgCapa newsContent__article__imgCapa--banner\"\n\t\t\t\t\tsrc=\"https:\/\/files.sunoresearch.com.br\/n\/uploads\/2023\/03\/1420x240-Controle-de-Investimentos.png\"\n\t\t\t\t\tdata-promo-id=\"75934\"\t\t\t\t\t\t\t\t\t\twidth='1420' height='240'\t\t\t\t\talt=\"https:\/\/files.sunoresearch.com.br\/n\/uploads\/2023\/03\/1420x240-Controle-de-Investimentos.png\"\n\t\t\t\t>\n\t\t\t<\/picture>\n\t\t<\/a>\n\t<\/p>\n\n\n","protected":false},"excerpt":{"rendered":"<p>O JP Morgan rebaixar a recomenda\u00e7\u00e3o da B3 (B3SA3) de compra para neutra, com pre\u00e7o-alvo de R$ 21\u00a0foi o tema que liderou as not\u00edcias mais lidas dessa semana, seguido pela mat\u00e9ria da Ra\u00edzen que protocolou pedido de oferta p\u00fablica inicial de a\u00e7\u00f5es (IPO, na sigla em ingl\u00eas) na Comiss\u00e3o de Valores Mobili\u00e1rios (CVM). Ra\u00edzen. Foto: [&hellip;]<\/p>\n","protected":false},"author":39,"featured_media":136164,"comment_status":"closed","ping_status":"closed","sticky":false,"template":"","format":"standard","meta":[],"categories":[64],"tags":[106388,106075,106387,367,421,1151,319,517,1168,106096,848,106933,888],"suno_strategy":[],"class_list":["post-154685","post","type-post","status-publish","format-standard","has-post-thumbnail","hentry","category-negocios","tag-aegea-saneamento","tag-aes-brasil-aesb3","tag-anitta","tag-b3-b3sa3","tag-cesp-cesp3-cesp5-cesp6","tag-debentures","tag-ipo-oferta-inicial-de-acoes","tag-itausa-itsa3-itsa4","tag-jp-morgan-jpmc34","tag-noticias-mais-lidas","tag-nubank","tag-raizen-raiz4","tag-xp-investimentos"],"yoast_head":"<!-- This site is optimized with the Yoast SEO plugin v24.4 - https:\/\/yoast.com\/wordpress\/plugins\/seo\/ -->\n<title>Ra\u00edzen registra pedido de IPO: Veja as 5 not\u00edcias mais lidas<\/title>\n<meta name=\"description\" content=\"A Ra\u00edzen registrou pedido de IPO e o Nubank est\u00e1 negociando parceria com a Anitta. Clique aqui e veja as cinco not\u00edcias mais lidas da semana!\" \/>\n<meta name=\"robots\" content=\"index, follow, max-snippet:-1, max-image-preview:large, max-video-preview:-1\" \/>\n<link rel=\"canonical\" href=\"https:\/\/www.suno.com.br\/noticias\/raizen-nubank-anitta-itausa-itsa4-mais-lidas\/\" \/>\n<meta property=\"og:locale\" content=\"pt_BR\" \/>\n<meta property=\"og:type\" content=\"article\" \/>\n<meta property=\"og:title\" content=\"Ra\u00edzen registra pedido de IPO: Veja as 5 not\u00edcias mais lidas\" \/>\n<meta property=\"og:description\" content=\"A Ra\u00edzen registrou pedido de IPO e o Nubank est\u00e1 negociando parceria com a Anitta. Clique aqui e veja as cinco not\u00edcias mais lidas da semana!\" \/>\n<meta property=\"og:url\" content=\"https:\/\/www.suno.com.br\/noticias\/raizen-nubank-anitta-itausa-itsa4-mais-lidas\/\" \/>\n<meta property=\"og:site_name\" content=\"Suno Not\u00edcias\" \/>\n<meta property=\"article:publisher\" content=\"https:\/\/facebook.com\/sunoresearch\" \/>\n<meta property=\"og:image\" content=\"https:\/\/files.sunoresearch.com.br\/n\/uploads\/2021\/03\/b66c6d0d-caminhao-scaled.jpg\" \/>\n\t<meta property=\"og:image:width\" content=\"2560\" \/>\n\t<meta property=\"og:image:height\" content=\"1697\" \/>\n\t<meta property=\"og:image:type\" content=\"image\/jpeg\" \/>\n<meta name=\"author\" content=\"Laura Moutinho\" \/>\n<meta name=\"twitter:card\" content=\"summary_large_image\" \/>\n<meta name=\"twitter:creator\" content=\"@sunoresearch\" \/>\n<meta name=\"twitter:site\" content=\"@sunoresearch\" \/>\n<meta name=\"twitter:label1\" content=\"Escrito por\" \/>\n\t<meta name=\"twitter:data1\" content=\"Laura Moutinho\" \/>\n\t<meta name=\"twitter:label2\" content=\"Est. tempo de leitura\" \/>\n\t<meta name=\"twitter:data2\" content=\"6 minutos\" \/>\n<script type=\"application\/ld+json\" class=\"yoast-schema-graph\">{\"@context\":\"https:\/\/schema.org\",\"@graph\":[{\"@type\":\"NewsArticle\",\"@id\":\"https:\/\/www.suno.com.br\/noticias\/raizen-nubank-anitta-itausa-itsa4-mais-lidas\/#article\",\"isPartOf\":{\"@id\":\"https:\/\/www.suno.com.br\/noticias\/raizen-nubank-anitta-itausa-itsa4-mais-lidas\/\"},\"author\":{\"name\":\"Laura Moutinho\",\"@id\":\"https:\/\/www.suno.com.br\/noticias\/#\/schema\/person\/3df0d2808748b74496efe5dbeaef2c72\"},\"headline\":\"Ra\u00edzen registra pedido de IPO e Nubank negocia parceria com Anitta: Veja as 5 not\u00edcias mais lidas\",\"datePublished\":\"2021-06-05T11:00:41+00:00\",\"dateModified\":\"2021-06-05T13:06:46+00:00\",\"mainEntityOfPage\":{\"@id\":\"https:\/\/www.suno.com.br\/noticias\/raizen-nubank-anitta-itausa-itsa4-mais-lidas\/\"},\"wordCount\":1227,\"publisher\":{\"@id\":\"https:\/\/www.suno.com.br\/noticias\/#organization\"},\"image\":{\"@id\":\"https:\/\/www.suno.com.br\/noticias\/raizen-nubank-anitta-itausa-itsa4-mais-lidas\/#primaryimage\"},\"thumbnailUrl\":\"https:\/\/files.sunoresearch.com.br\/n\/uploads\/2021\/03\/b66c6d0d-caminhao-scaled.jpg\",\"keywords\":[\"Aegea Saneamento\",\"AES Brasil (AESB3)\",\"Anitta\",\"B3 (B3SA3)\",\"Cesp (CESP3\/CESP5\/CESP6)\",\"deb\u00eantures\",\"IPO (Oferta Inicial de A\u00e7\u00f5es)\",\"Ita\u00fasa (ITSA3\/ITSA4)\",\"J.P. Morgan (JPMC34)\",\"not\u00edcias mais lidas\",\"Nubank (NUBR33)\",\"Ra\u00edzen (RAIZ4)\",\"XP Investimentos\"],\"articleSection\":[\"Neg\u00f3cios\"],\"inLanguage\":\"pt-BR\"},{\"@type\":\"WebPage\",\"@id\":\"https:\/\/www.suno.com.br\/noticias\/raizen-nubank-anitta-itausa-itsa4-mais-lidas\/\",\"url\":\"https:\/\/www.suno.com.br\/noticias\/raizen-nubank-anitta-itausa-itsa4-mais-lidas\/\",\"name\":\"Ra\u00edzen registra pedido de IPO: Veja as 5 not\u00edcias mais lidas\",\"isPartOf\":{\"@id\":\"https:\/\/www.suno.com.br\/noticias\/#website\"},\"primaryImageOfPage\":{\"@id\":\"https:\/\/www.suno.com.br\/noticias\/raizen-nubank-anitta-itausa-itsa4-mais-lidas\/#primaryimage\"},\"image\":{\"@id\":\"https:\/\/www.suno.com.br\/noticias\/raizen-nubank-anitta-itausa-itsa4-mais-lidas\/#primaryimage\"},\"thumbnailUrl\":\"https:\/\/files.sunoresearch.com.br\/n\/uploads\/2021\/03\/b66c6d0d-caminhao-scaled.jpg\",\"datePublished\":\"2021-06-05T11:00:41+00:00\",\"dateModified\":\"2021-06-05T13:06:46+00:00\",\"description\":\"A Ra\u00edzen registrou pedido de IPO e o Nubank est\u00e1 negociando parceria com a Anitta. Clique aqui e veja as cinco not\u00edcias mais lidas da semana!\",\"breadcrumb\":{\"@id\":\"https:\/\/www.suno.com.br\/noticias\/raizen-nubank-anitta-itausa-itsa4-mais-lidas\/#breadcrumb\"},\"inLanguage\":\"pt-BR\",\"potentialAction\":[{\"@type\":\"ReadAction\",\"target\":[\"https:\/\/www.suno.com.br\/noticias\/raizen-nubank-anitta-itausa-itsa4-mais-lidas\/\"]}]},{\"@type\":\"ImageObject\",\"inLanguage\":\"pt-BR\",\"@id\":\"https:\/\/www.suno.com.br\/noticias\/raizen-nubank-anitta-itausa-itsa4-mais-lidas\/#primaryimage\",\"url\":\"https:\/\/files.sunoresearch.com.br\/n\/uploads\/2021\/03\/b66c6d0d-caminhao-scaled.jpg\",\"contentUrl\":\"https:\/\/files.sunoresearch.com.br\/n\/uploads\/2021\/03\/b66c6d0d-caminhao-scaled.jpg\",\"width\":2560,\"height\":1697,\"caption\":\"Ra\u00edzen. Foto: Divulga\u00e7\u00e3o\"},{\"@type\":\"BreadcrumbList\",\"@id\":\"https:\/\/www.suno.com.br\/noticias\/raizen-nubank-anitta-itausa-itsa4-mais-lidas\/#breadcrumb\",\"itemListElement\":[{\"@type\":\"ListItem\",\"position\":1,\"name\":\"Not\u00edcias\",\"item\":\"https:\/\/www.suno.com.br\/noticias\/\"},{\"@type\":\"ListItem\",\"position\":2,\"name\":\"Neg\u00f3cios\",\"item\":\"https:\/\/www.suno.com.br\/noticias\/negocios\/\"},{\"@type\":\"ListItem\",\"position\":3,\"name\":\"Ra\u00edzen registra pedido de IPO e Nubank negocia parceria com Anitta: Veja as 5 not\u00edcias mais lidas\"}]},{\"@type\":\"WebSite\",\"@id\":\"https:\/\/www.suno.com.br\/noticias\/#website\",\"url\":\"https:\/\/www.suno.com.br\/noticias\/\",\"name\":\"Suno Not\u00edcias\",\"description\":\"Seu portal de informa\u00e7\u00e3o sobre o mundo dos investimentos\",\"publisher\":{\"@id\":\"https:\/\/www.suno.com.br\/noticias\/#organization\"},\"potentialAction\":[{\"@type\":\"SearchAction\",\"target\":{\"@type\":\"EntryPoint\",\"urlTemplate\":\"https:\/\/www.suno.com.br\/noticias\/?s={search_term_string}\"},\"query-input\":{\"@type\":\"PropertyValueSpecification\",\"valueRequired\":true,\"valueName\":\"search_term_string\"}}],\"inLanguage\":\"pt-BR\"},{\"@type\":\"Organization\",\"@id\":\"https:\/\/www.suno.com.br\/noticias\/#organization\",\"name\":\"Suno Not\u00edcias\",\"url\":\"https:\/\/www.suno.com.br\/noticias\/\",\"logo\":{\"@type\":\"ImageObject\",\"inLanguage\":\"pt-BR\",\"@id\":\"https:\/\/www.suno.com.br\/noticias\/#\/schema\/logo\/image\/\",\"url\":\"https:\/\/files.sunoresearch.com.br\/n\/uploads\/2021\/09\/suno-logo.png\",\"contentUrl\":\"https:\/\/files.sunoresearch.com.br\/n\/uploads\/2021\/09\/suno-logo.png\",\"width\":180,\"height\":180,\"caption\":\"Suno Not\u00edcias\"},\"image\":{\"@id\":\"https:\/\/www.suno.com.br\/noticias\/#\/schema\/logo\/image\/\"},\"sameAs\":[\"https:\/\/facebook.com\/sunoresearch\",\"https:\/\/x.com\/sunoresearch\",\"https:\/\/www.instagram.com\/suno\",\"https:\/\/www.linkedin.com\/company\/suno-research\/\",\"https:\/\/www.youtube.com\/c\/sunoresearch\"]},{\"@type\":\"Person\",\"@id\":\"https:\/\/www.suno.com.br\/noticias\/#\/schema\/person\/3df0d2808748b74496efe5dbeaef2c72\",\"name\":\"Laura Moutinho\",\"image\":{\"@type\":\"ImageObject\",\"inLanguage\":\"pt-BR\",\"@id\":\"https:\/\/www.suno.com.br\/noticias\/#\/schema\/person\/image\/\",\"url\":\"https:\/\/secure.gravatar.com\/avatar\/7571c7c8ca3a6fca5e41384ece5557ff?s=96&r=g\",\"contentUrl\":\"https:\/\/secure.gravatar.com\/avatar\/7571c7c8ca3a6fca5e41384ece5557ff?s=96&r=g\",\"caption\":\"Laura Moutinho\"},\"description\":\"Estagi\u00e1ria na Suno Not\u00edcias, escreve not\u00edcias que afetam o mercado financeiro. Estuda administra\u00e7\u00e3o na Universidade Presbiteriana Mackenzie.\",\"url\":\"https:\/\/www.suno.com.br\/noticias\/author\/laura-moutinho\/\"}]}<\/script>\n<!-- \/ Yoast SEO plugin. -->","yoast_head_json":{"title":"Ra\u00edzen registra pedido de IPO: Veja as 5 not\u00edcias mais lidas","description":"A Ra\u00edzen registrou pedido de IPO e o Nubank est\u00e1 negociando parceria com a Anitta. Clique aqui e veja as cinco not\u00edcias mais lidas da semana!","robots":{"index":"index","follow":"follow","max-snippet":"max-snippet:-1","max-image-preview":"max-image-preview:large","max-video-preview":"max-video-preview:-1"},"canonical":"https:\/\/www.suno.com.br\/noticias\/raizen-nubank-anitta-itausa-itsa4-mais-lidas\/","og_locale":"pt_BR","og_type":"article","og_title":"Ra\u00edzen registra pedido de IPO: Veja as 5 not\u00edcias mais lidas","og_description":"A Ra\u00edzen registrou pedido de IPO e o Nubank est\u00e1 negociando parceria com a Anitta. Clique aqui e veja as cinco not\u00edcias mais lidas da semana!","og_url":"https:\/\/www.suno.com.br\/noticias\/raizen-nubank-anitta-itausa-itsa4-mais-lidas\/","og_site_name":"Suno Not\u00edcias","article_publisher":"https:\/\/facebook.com\/sunoresearch","og_image":[{"width":2560,"height":1697,"url":"https:\/\/files.sunoresearch.com.br\/n\/uploads\/2021\/03\/b66c6d0d-caminhao-scaled.jpg","type":"image\/jpeg"}],"author":"Laura Moutinho","twitter_card":"summary_large_image","twitter_creator":"@sunoresearch","twitter_site":"@sunoresearch","twitter_misc":{"Escrito por":"Laura Moutinho","Est. tempo de leitura":"6 minutos"},"schema":{"@context":"https:\/\/schema.org","@graph":[{"@type":"NewsArticle","@id":"https:\/\/www.suno.com.br\/noticias\/raizen-nubank-anitta-itausa-itsa4-mais-lidas\/#article","isPartOf":{"@id":"https:\/\/www.suno.com.br\/noticias\/raizen-nubank-anitta-itausa-itsa4-mais-lidas\/"},"author":{"name":"Laura Moutinho","@id":"https:\/\/www.suno.com.br\/noticias\/#\/schema\/person\/3df0d2808748b74496efe5dbeaef2c72"},"headline":"Ra\u00edzen registra pedido de IPO e Nubank negocia parceria com Anitta: Veja as 5 not\u00edcias mais lidas","datePublished":"2021-06-05T11:00:41+00:00","dateModified":"2021-06-05T13:06:46+00:00","mainEntityOfPage":{"@id":"https:\/\/www.suno.com.br\/noticias\/raizen-nubank-anitta-itausa-itsa4-mais-lidas\/"},"wordCount":1227,"publisher":{"@id":"https:\/\/www.suno.com.br\/noticias\/#organization"},"image":{"@id":"https:\/\/www.suno.com.br\/noticias\/raizen-nubank-anitta-itausa-itsa4-mais-lidas\/#primaryimage"},"thumbnailUrl":"https:\/\/files.sunoresearch.com.br\/n\/uploads\/2021\/03\/b66c6d0d-caminhao-scaled.jpg","keywords":["Aegea Saneamento","AES Brasil (AESB3)","Anitta","B3 (B3SA3)","Cesp (CESP3\/CESP5\/CESP6)","deb\u00eantures","IPO (Oferta Inicial de A\u00e7\u00f5es)","Ita\u00fasa (ITSA3\/ITSA4)","J.P. Morgan (JPMC34)","not\u00edcias mais lidas","Nubank (NUBR33)","Ra\u00edzen (RAIZ4)","XP Investimentos"],"articleSection":["Neg\u00f3cios"],"inLanguage":"pt-BR"},{"@type":"WebPage","@id":"https:\/\/www.suno.com.br\/noticias\/raizen-nubank-anitta-itausa-itsa4-mais-lidas\/","url":"https:\/\/www.suno.com.br\/noticias\/raizen-nubank-anitta-itausa-itsa4-mais-lidas\/","name":"Ra\u00edzen registra pedido de IPO: Veja as 5 not\u00edcias mais lidas","isPartOf":{"@id":"https:\/\/www.suno.com.br\/noticias\/#website"},"primaryImageOfPage":{"@id":"https:\/\/www.suno.com.br\/noticias\/raizen-nubank-anitta-itausa-itsa4-mais-lidas\/#primaryimage"},"image":{"@id":"https:\/\/www.suno.com.br\/noticias\/raizen-nubank-anitta-itausa-itsa4-mais-lidas\/#primaryimage"},"thumbnailUrl":"https:\/\/files.sunoresearch.com.br\/n\/uploads\/2021\/03\/b66c6d0d-caminhao-scaled.jpg","datePublished":"2021-06-05T11:00:41+00:00","dateModified":"2021-06-05T13:06:46+00:00","description":"A Ra\u00edzen registrou pedido de IPO e o Nubank est\u00e1 negociando parceria com a Anitta. Clique aqui e veja as cinco not\u00edcias mais lidas da semana!","breadcrumb":{"@id":"https:\/\/www.suno.com.br\/noticias\/raizen-nubank-anitta-itausa-itsa4-mais-lidas\/#breadcrumb"},"inLanguage":"pt-BR","potentialAction":[{"@type":"ReadAction","target":["https:\/\/www.suno.com.br\/noticias\/raizen-nubank-anitta-itausa-itsa4-mais-lidas\/"]}]},{"@type":"ImageObject","inLanguage":"pt-BR","@id":"https:\/\/www.suno.com.br\/noticias\/raizen-nubank-anitta-itausa-itsa4-mais-lidas\/#primaryimage","url":"https:\/\/files.sunoresearch.com.br\/n\/uploads\/2021\/03\/b66c6d0d-caminhao-scaled.jpg","contentUrl":"https:\/\/files.sunoresearch.com.br\/n\/uploads\/2021\/03\/b66c6d0d-caminhao-scaled.jpg","width":2560,"height":1697,"caption":"Ra\u00edzen. Foto: Divulga\u00e7\u00e3o"},{"@type":"BreadcrumbList","@id":"https:\/\/www.suno.com.br\/noticias\/raizen-nubank-anitta-itausa-itsa4-mais-lidas\/#breadcrumb","itemListElement":[{"@type":"ListItem","position":1,"name":"Not\u00edcias","item":"https:\/\/www.suno.com.br\/noticias\/"},{"@type":"ListItem","position":2,"name":"Neg\u00f3cios","item":"https:\/\/www.suno.com.br\/noticias\/negocios\/"},{"@type":"ListItem","position":3,"name":"Ra\u00edzen registra pedido de IPO e Nubank negocia parceria com Anitta: Veja as 5 not\u00edcias mais lidas"}]},{"@type":"WebSite","@id":"https:\/\/www.suno.com.br\/noticias\/#website","url":"https:\/\/www.suno.com.br\/noticias\/","name":"Suno Not\u00edcias","description":"Seu portal de informa\u00e7\u00e3o sobre o mundo dos investimentos","publisher":{"@id":"https:\/\/www.suno.com.br\/noticias\/#organization"},"potentialAction":[{"@type":"SearchAction","target":{"@type":"EntryPoint","urlTemplate":"https:\/\/www.suno.com.br\/noticias\/?s={search_term_string}"},"query-input":{"@type":"PropertyValueSpecification","valueRequired":true,"valueName":"search_term_string"}}],"inLanguage":"pt-BR"},{"@type":"Organization","@id":"https:\/\/www.suno.com.br\/noticias\/#organization","name":"Suno Not\u00edcias","url":"https:\/\/www.suno.com.br\/noticias\/","logo":{"@type":"ImageObject","inLanguage":"pt-BR","@id":"https:\/\/www.suno.com.br\/noticias\/#\/schema\/logo\/image\/","url":"https:\/\/files.sunoresearch.com.br\/n\/uploads\/2021\/09\/suno-logo.png","contentUrl":"https:\/\/files.sunoresearch.com.br\/n\/uploads\/2021\/09\/suno-logo.png","width":180,"height":180,"caption":"Suno Not\u00edcias"},"image":{"@id":"https:\/\/www.suno.com.br\/noticias\/#\/schema\/logo\/image\/"},"sameAs":["https:\/\/facebook.com\/sunoresearch","https:\/\/x.com\/sunoresearch","https:\/\/www.instagram.com\/suno","https:\/\/www.linkedin.com\/company\/suno-research\/","https:\/\/www.youtube.com\/c\/sunoresearch"]},{"@type":"Person","@id":"https:\/\/www.suno.com.br\/noticias\/#\/schema\/person\/3df0d2808748b74496efe5dbeaef2c72","name":"Laura Moutinho","image":{"@type":"ImageObject","inLanguage":"pt-BR","@id":"https:\/\/www.suno.com.br\/noticias\/#\/schema\/person\/image\/","url":"https:\/\/secure.gravatar.com\/avatar\/7571c7c8ca3a6fca5e41384ece5557ff?s=96&r=g","contentUrl":"https:\/\/secure.gravatar.com\/avatar\/7571c7c8ca3a6fca5e41384ece5557ff?s=96&r=g","caption":"Laura Moutinho"},"description":"Estagi\u00e1ria na Suno Not\u00edcias, escreve not\u00edcias que afetam o mercado financeiro. Estuda administra\u00e7\u00e3o na Universidade Presbiteriana Mackenzie.","url":"https:\/\/www.suno.com.br\/noticias\/author\/laura-moutinho\/"}]}},"default_loop_html":"<div class=\"cardsPage__listCard__boxs\"><div class=\"cardsPage__listCard__boxs__img\"><a href=\"https:\/\/www.suno.com.br\/noticias\/raizen-nubank-anitta-itausa-itsa4-mais-lidas\/\"><img class=\"mask\" src=\"https:\/\/www.suno.com.br\/noticias\/wp-content\/themes\/suno\/resources\/images\/spotlight\/spotlight1img\/bg-mask.png\" alt=\"Image Mask\"\/><img src=\"https:\/\/files.sunoresearch.com.br\/n\/uploads\/2021\/03\/b66c6d0d-caminhao-400x200.jpg\" alt=\"Ra\u00edzen registra pedido de IPO e Nubank negocia parceria com Anitta: Veja as 5 not\u00edcias mais lidas\"\/><\/a><span class=\"spotlightCategory\"><a href=\"https:\/\/www.suno.com.br\/noticias\/negocios\/\">Neg\u00f3cios<\/a><\/span><\/div><div class=\"cardsPage__listCard__boxs__content\"><a href=\"https:\/\/www.suno.com.br\/noticias\/raizen-nubank-anitta-itausa-itsa4-mais-lidas\/\"><h2 class=\"content__title\">Ra\u00edzen registra pedido de IPO e Nubank negocia parceria com Anitta: Veja as 5 not\u00edcias mais lidas<\/h2><\/a><div class=\"newsContent__article__meta\"><div class=\"newsContent__article__meta__authorBox\"><a href=\"https:\/\/www.suno.com.br\/noticias\/author\/laura-moutinho\/\" class=\"authorBox__avatar noMobi\"><img src=\"https:\/\/files.sunoresearch.com.br\/n\/uploads\/2020\/08\/531ff69d-whatsapp-image-2020-08-03-at-14.54.38-150x150.webp\" alt=\"Laura Moutinho\"><\/a><div class=\"authorBox__name\"><span>por\n\t\t\t<a href=\"https:\/\/www.suno.com.br\/noticias\/author\/laura-moutinho\/\"><span itemprop=\"author\">Laura Moutinho<\/span><\/a><\/span><time datetime=\"2021-06-05T08:00:41-03:00\" itemprop=\"datePublished\">05\/06\/2021 08:00<\/time><\/div><\/div><\/div><\/div><\/div>","single_layout":"posts","amp_enabled":true,"_links":{"self":[{"href":"https:\/\/www.suno.com.br\/noticias\/wp-json\/wp\/v2\/posts\/154685"}],"collection":[{"href":"https:\/\/www.suno.com.br\/noticias\/wp-json\/wp\/v2\/posts"}],"about":[{"href":"https:\/\/www.suno.com.br\/noticias\/wp-json\/wp\/v2\/types\/post"}],"author":[{"embeddable":true,"href":"https:\/\/www.suno.com.br\/noticias\/wp-json\/wp\/v2\/users\/39"}],"replies":[{"embeddable":true,"href":"https:\/\/www.suno.com.br\/noticias\/wp-json\/wp\/v2\/comments?post=154685"}],"version-history":[{"count":3,"href":"https:\/\/www.suno.com.br\/noticias\/wp-json\/wp\/v2\/posts\/154685\/revisions"}],"predecessor-version":[{"id":154700,"href":"https:\/\/www.suno.com.br\/noticias\/wp-json\/wp\/v2\/posts\/154685\/revisions\/154700"}],"wp:featuredmedia":[{"embeddable":true,"href":"https:\/\/www.suno.com.br\/noticias\/wp-json\/wp\/v2\/media\/136164"}],"wp:attachment":[{"href":"https:\/\/www.suno.com.br\/noticias\/wp-json\/wp\/v2\/media?parent=154685"}],"wp:term":[{"taxonomy":"category","embeddable":true,"href":"https:\/\/www.suno.com.br\/noticias\/wp-json\/wp\/v2\/categories?post=154685"},{"taxonomy":"post_tag","embeddable":true,"href":"https:\/\/www.suno.com.br\/noticias\/wp-json\/wp\/v2\/tags?post=154685"},{"taxonomy":"suno_strategy","embeddable":true,"href":"https:\/\/www.suno.com.br\/noticias\/wp-json\/wp\/v2\/suno_strategy?post=154685"}],"curies":[{"name":"wp","href":"https:\/\/api.w.org\/{rel}","templated":true}]}}