{"id":154535,"date":"2021-06-06T07:53:35","date_gmt":"2021-06-06T10:53:35","guid":{"rendered":"https:\/\/www.suno.com.br\/noticias\/?p=154535"},"modified":"2021-06-06T07:53:35","modified_gmt":"2021-06-06T10:53:35","slug":"marfrig-mrfg3-brf-brfs3-fusao","status":"publish","type":"post","link":"https:\/\/www.suno.com.br\/noticias\/marfrig-mrfg3-brf-brfs3-fusao\/","title":{"rendered":"Marfrig (MRFG3) e BRF (BRFS3): Mercado aposta em fus\u00e3o, mas cultura seria entrave"},"content":{"rendered":"<p>O ousado aumento de participa\u00e7\u00e3o acion\u00e1ria da <a class=\"suno-keyword\" href=\"https:\/\/www.suno.com.br\/acoes\/MRFG3\/\" target=\"_blank\" rel=\"noopener noreferrer\" data-force=\"yes\" data-priority=\"2\"><strong>Marfrig<\/strong> (MRFG3)<\/a> na <a class=\"suno-keyword\" href=\"https:\/\/www.suno.com.br\/acoes\/BRFS3\/\" target=\"_blank\" rel=\"noopener noreferrer\" data-force=\"yes\" data-priority=\"2\">BRF (BRFS3)<\/a> deixou o mercado na expectativa de uma poss\u00edvel fus\u00e3o. A Marfrig, que hoje \u00e9 menor do que a BRF, com aproximadamente R$ 12,7 bilh\u00f5es de <a class=\"suno-keyword\" href=\"https:\/\/www.suno.com.br\/artigos\/valor-de-mercado\/\" target=\"_blank\" rel=\"noopener noreferrer\" data-force=\"no\" data-priority=\"1\">valor de mercado<\/a>, decidiu elevar sua participa\u00e7\u00e3o para cerca de 31% da companhia, que \u00e9 avaliada em R$ 22,7 bilh\u00f5es.<\/p>\t<div class=\"wrapper-featured-image\">\n\t\t<figure class=\"spotlightImg\">\n\n\t\t\t<picture>\n\t\t\t\t<source media=\"(max-width: 768px)\" srcset=\"https:\/\/files.sunoresearch.com.br\/n\/uploads\/2021\/03\/da639ab2-marfrig-400x200.webp\">\n\t\t\t\t<img loading=\"lazy\" decoding=\"async\" class=\"newsContent__article__imgCapa lazyloadDisabled \" src=\"https:\/\/files.sunoresearch.com.br\/n\/uploads\/2021\/03\/da639ab2-marfrig-800x450.webp\" width=\"800\" height=\"450\" alt=\"Marfrig (MRFG3) e BRF (BRFS3): Mercado aposta em fus\u00e3o, mas cultura seria entrave\" fetchpriority=high \/>\n\t\t\t<\/picture>\n\n\t\t\t<figcaption class=\"wp-caption-text wp-caption-text--show\">Marfrig. Foto: Divulga\u00e7\u00e3o\/Marfrig<\/figcaption>\n\t\t<\/figure>\n\t<\/div>\n\n\n\t<p>\n\t\t<a href=\"https:\/\/lp.suno.com.br\/planilha-controle-gastos\/\" target=\"_blank\" data-element=\"shortcode-suno-banner\" title=\"Banner SUNO, clique e saiba mais\">\n\t\t\t<picture>\n\t\t\t\t<source media=\"(max-width: 500px)\" srcset=\"https:\/\/files.sunoresearch.com.br\/n\/uploads\/2023\/03\/400x300-Planilha-controle-de-gastos.png\">\n\t\t\t\t<img class=\"newsContent__article__imgCapa newsContent__article__imgCapa--banner\"\n\t\t\t\t\tsrc=\"https:\/\/files.sunoresearch.com.br\/n\/uploads\/2023\/03\/1420x240-Planilha-controle-de-gastos.png\"\n\t\t\t\t\tdata-promo-id=\"101751\"\t\t\t\t\t\t\t\t\t\twidth='1420' height='240'\t\t\t\t\talt=\"https:\/\/files.sunoresearch.com.br\/n\/uploads\/2023\/03\/1420x240-Planilha-controle-de-gastos.png\"\n\t\t\t\t>\n\t\t\t<\/picture>\n\t\t<\/a>\n\t<\/p>\n\n\n<p>Na an\u00e1lise do mercado, essa movimenta\u00e7\u00e3o nada mais \u00e9 do que uma tentativa de chamar a aten\u00e7\u00e3o da <strong>dona da Sadia e Perdig\u00e3o<\/strong> para retomar as conversas de uma <strong>combina\u00e7\u00e3o de neg\u00f3cios<\/strong> que foi iniciada l\u00e1 atr\u00e1s, em 2019, e acabou n\u00e3o indo para frente.<\/p>\n<p>Os especialistas avaliam que a<strong> fus\u00e3o<\/strong> seria a melhor opera\u00e7\u00e3o entre as duas gigantes, j\u00e1 que a compra da BRF geraria uma alavancagem muito grande, em um setor que enfrenta alta volatilidade e margens muito estreitas, segundo o analista da XP Investimentos, Leonardo Alencar.<\/p>\n<p>Em contrapartida, a combina\u00e7\u00e3o de neg\u00f3cios \u00e9 mais vi\u00e1vel e gera uma expectativa para um portf\u00f3lio mais amplo. Caso se concretize, a opera\u00e7\u00e3o mudar\u00e1 a cara do setor na bolsa de valores brasileira, que hoje \u00e9 composto por apenas quatro ativos:\u00a0<a class=\"suno-keyword\" href=\"https:\/\/www.suno.com.br\/acoes\/JBSS3\/\" target=\"_blank\" rel=\"noopener noreferrer\" data-force=\"yes\" data-priority=\"2\"><strong>JBS<\/strong> (JBSS3)<\/a>, <a class=\"suno-keyword\" href=\"https:\/\/www.suno.com.br\/acoes\/BEEF3\/\" target=\"_blank\" rel=\"noopener noreferrer\" data-force=\"yes\" data-priority=\"2\"><strong>Minerva<\/strong> (BEEF3)<\/a>, Marfrig e BRF.<\/p>\n<p>Por\u00e9m, apesar de entusiasmar o mercado, um casamento entre Marfrig e BRF enfrentaria v\u00e1rios desafios. O principal deles \u00e9 a diferen\u00e7a entre as<strong> culturas corporativas<\/strong> das duas empresas.<\/p>\n<p>Enquanto a Marfrig \u00e9 uma empresa mais jovem, agressiva em aquisi\u00e7\u00f5es e experiente no din\u00e2mico setor de commodities, a BRF tem origens centen\u00e1rias e \u00e9 mais cautelosa em seus movimentos de mercado. Al\u00e9m disso, a din\u00e2mica da ind\u00fastria de alimentos processados \u00e9 diferente do mercado de carnes.<\/p>\n<p><a href=\"https:\/\/lp.suno.com.br\/suno-one\/?ppp=noticias\/hospital-care-pedido-ipo-cvm\/\">Suno One: acesse gratuitamente eBooks, Minicursos, Artigos e V\u00eddeo Aulas sobre investimentos com um \u00fanico cadastro. Clique para saber mais!<\/a><\/p>\n<h2>Namoro entre culturas diferentes<\/h2>\n<p>A quest\u00e3o da cultura corporativa pode parecer um detalhe pequeno, mas \u00e9 algo que preocupa os especialistas. Isso porque n\u00e3o \u00e9 muito simples fazer a fus\u00e3o de duas empresas com culturas muito distintas.<\/p>\n<p>A opera\u00e7\u00e3o de commodities \u00e9 mais &#8220;nervosa&#8221;, enquanto produtos processados \u200b\u200bprecisam de uma estrutura melhor e de um prazo mais longo para amadurecer. E, historicamente, esse \u00e9 um problema que j\u00e1 foi visto no passado, principalmente envolvendo uma das empresas: a BRF.<\/p>\n<p>A BRF surgiu da fus\u00e3o entre Sadia e Perdig\u00e3o. At\u00e9 hoje este casamento \u00e9 visto como mal resolvido, que provoca conflitos internos e tem participa\u00e7\u00e3o na crise pela qual a empresa passa.<\/p>\n<p>\u201cJ\u00e1 vimos no passado a fus\u00e3o da Perdig\u00e3o e Sadia, que teve problema de gest\u00e3o de insumos, milhos, soja e a quest\u00e3o cambial\u201d, disse Bruno Madruga, especialista de renda vari\u00e1vel da Monte Bravo.<\/p>\n<p>E o especialista aponta que esses s\u00e3o pontos que precisam ser observados na opera\u00e7\u00e3o entre as companhias. \u201cA parte de gr\u00e3os afeta diretamente a produ\u00e7\u00e3o da BRF<strong>, <\/strong>por serem insumos para frangos e su\u00ednos, o que j\u00e1 n\u00e3o \u00e9 t\u00e3o importante para Marfrig. Para isso, precisamos entender como a BRF e a Marfrig fazem suas gest\u00f5es por serem insumos diferentes\u201d, concluiu.<\/p>\n<p>Al\u00e9m da gest\u00e3o de insumos, os especialistas apontam que o perfil das empresas se diferem: a Marfrig \u00e9 mais <strong>agressiva<\/strong> em suas aquisi\u00e7\u00f5es e a BRF \u00e9 mais <strong>cautelosa<\/strong>.<\/p>\n<p>Foi por este motivo que as companhias n\u00e3o continuaram as conversas sobre a fus\u00e3o em 2019. Segundo o comunicado divulgado pelas duas empresas na \u00e9poca, o motivo da desist\u00eancia foi a falta de acordo em rela\u00e7\u00e3o \u00e0 governan\u00e7a da empresa que surgiria a partir da fus\u00e3o.<\/p>\n<h2>Fus\u00e3o mudaria cara do setor<\/h2>\n<p>O principal player da <strong>Bolsa de Valores<\/strong> do setor de alimentos com foco em prote\u00ednas \u00e9 a <strong>JBS<\/strong>, avaliada em R$ 86,6 bilh\u00f5es. A companhia atua nos segmentos de carne bovina, su\u00edna e frango. Por sua vez, a BRF \u00e9 l\u00edder na produ\u00e7\u00e3o de carne de frango e su\u00edna no Brasil, enquanto a Marfrig \u00e9 vice-l\u00edder mundial no segmento de carne bovina.<\/p>\n<p>A combina\u00e7\u00e3o dos neg\u00f3cios proporcionaria uma empresa mais semelhante ao principal player hoje, com atua\u00e7\u00e3o em diversas \u00e1reas. No entanto, a JBS teria apenas um competidor mais forte, embora ainda muito menor do que ela. No mundo das a\u00e7\u00f5es, apenas a <strong>Minerva<\/strong> permaneceria atuando em um \u00fanico segmento, que \u00e9 o de carne bovina.<\/p>\n<p>Mas o ponto mais relevante em uma potencial fus\u00e3o seria a possibilidade de Marfrig e BRF se complementarem. \u201cEstamos falando de uma empresa que vai ter muito mais musculatura, muito mais <strong>alcance global<\/strong>. Temos poucos players listados na bolsa, ent\u00e3o obviamente diminuiria ainda mais. O ponto mais interessante \u00e9 que s\u00e3o ativos complementares\u201d, analisou Alencar.<\/p>\n<h2>Pontos positivos da fus\u00e3o entre Marfrig e BRF<\/h2>\n<p>Apesar dos desafios, a fus\u00e3o entre as duas empresas teria in\u00fameros bons motivos para acontecer. Isso porque o mercado enxerga muita <strong>sinergia<\/strong> nessa nova empresa que chegaria com um portf\u00f3lio maior de produtos e um maior leque de op\u00e7\u00f5es, o que a tornaria mais competitiva em outras regi\u00f5es, como <strong>China<\/strong> e <strong>Europa<\/strong>.<\/p>\n<p>\u201cNo geral, os pontos s\u00e3o positivos porque uma empresa com essa musculatura realmente teria mais abrang\u00eancia geogr\u00e1fica, nacional e mundial, e uma complementaridade de portf\u00f3lio\u201d, disse Alencar.<\/p>\n<p>Para o <a class=\"suno-keyword\" href=\"https:\/\/www.suno.com.br\/acoes\/BPAC11\/\" target=\"_blank\" rel=\"noopener noreferrer\" data-force=\"yes\" data-priority=\"2\">BTG Pactual (BPAC11)<\/a>, do ponto de vista estrat\u00e9gico, a fus\u00e3o proporcionaria, al\u00e9m da diversifica\u00e7\u00e3o de portf\u00f3lio, uma oportunidade para sinergias operacionais e materiais. \u201cN\u00f3s acreditamos em potenciais efici\u00eancias que podem surgir em \u00e1reas como <strong>distribui\u00e7\u00e3o<\/strong>, <strong>marketing<\/strong> e <strong>branding<\/strong>\u201d.<\/p>\n\t<p>\n\t\t<a href=\"https:\/\/lp.suno.com.br\/planilha-de-controle-de-investimentos\/\" target=\"_blank\" data-element=\"shortcode-suno-banner\" title=\"Banner SUNO, clique e saiba mais\">\n\t\t\t<picture>\n\t\t\t\t<source media=\"(max-width: 500px)\" srcset=\"https:\/\/files.sunoresearch.com.br\/n\/uploads\/2023\/03\/400x300-Controle-de-Investimentos.png\">\n\t\t\t\t<img class=\"newsContent__article__imgCapa newsContent__article__imgCapa--banner\"\n\t\t\t\t\tsrc=\"https:\/\/files.sunoresearch.com.br\/n\/uploads\/2023\/03\/1420x240-Controle-de-Investimentos.png\"\n\t\t\t\t\tdata-promo-id=\"75934\"\t\t\t\t\t\t\t\t\t\twidth='1420' height='240'\t\t\t\t\talt=\"https:\/\/files.sunoresearch.com.br\/n\/uploads\/2023\/03\/1420x240-Controle-de-Investimentos.png\"\n\t\t\t\t>\n\t\t\t<\/picture>\n\t\t<\/a>\n\t<\/p>\n\n\n<p>Al\u00e9m da nova empresa, a combina\u00e7\u00e3o de neg\u00f3cios auxiliaria no cumprimento de metas ambiciosas que as companhias tra\u00e7aram para si.<\/p>\n<p>De acordo com o analista da Ativa Investimentos, S\u00e9rgio Berruezo, a BRF possui um plano de expans\u00e3o que demanda <strong>capital,<\/strong> e a <strong>fus\u00e3o<\/strong> traria esse recurso financeiro. J\u00e1 a Marfrig contaria com marcas consolidadas em seu portf\u00f3lio, al\u00e9m de atuar em outras regi\u00f5es.<\/p>\n<p>\u201cA BRF tem plano de expans\u00e3o at\u00e9 2030 que inclui aumentar Ebitda, receita e aquisi\u00e7\u00f5es futuras, mas ela tem que equilibrar para investir nesses planos e precisa de capital. Com a fus\u00e3o, ela seria beneficiada, pois conseguiria um <a class=\"suno-keyword\" href=\"https:\/\/www.suno.com.br\/artigos\/fluxo-de-caixa\/\" target=\"_blank\" rel=\"noopener noreferrer\" data-force=\"no\" data-priority=\"2\">fluxo de caixa<\/a> mais est\u00e1vel. Ficaria mais tranquilo executar esse plano ambicioso.\u201d<\/p>\n<p>\u201cJ\u00e1 para a Marfrig, seria positivo pois al\u00e9m de aderir marcas muito fortes, como Sadia e Perdig\u00e3o, ela conseguiria estabilizar muito mais sua receita com os novos mercados asi\u00e1ticos\u201d, completou.<\/p>\n<p>Por enquanto, a <strong>Marfrig<\/strong> j\u00e1 garantiu uma fatia de 30% na concorrente, mas uma fus\u00e3o dependeria de um acordo que, at\u00e9 o momento, ainda n\u00e3o saiu do plano das ideias. Caso a empresa chegue a uma fatia de 33,33% das a\u00e7\u00f5es da BRF, ter\u00e1 de lan\u00e7ar, em at\u00e9 30 dias contados a partir da aquisi\u00e7\u00e3o mais recente, uma oferta p\u00fablica de aquisi\u00e7\u00e3o (OPA) para todos os demais acionistas. Enquanto isso, as a\u00e7\u00f5es da BRF subiram 14% desde o come\u00e7o da investida da Marfrig.<\/p>\n\t<p>\n\t\t<a href=\"https:\/\/lp.suno.com.br\/planilha-da-vida-financeira\/\" target=\"_blank\" data-element=\"shortcode-suno-banner\" title=\"Banner SUNO, clique e saiba mais\">\n\t\t\t<picture>\n\t\t\t\t<source media=\"(max-width: 500px)\" srcset=\"https:\/\/files.sunoresearch.com.br\/n\/uploads\/2023\/04\/400x300-Planilha-vida-financeira-true.png\">\n\t\t\t\t<img class=\"newsContent__article__imgCapa newsContent__article__imgCapa--banner\"\n\t\t\t\t\tsrc=\"https:\/\/files.sunoresearch.com.br\/n\/uploads\/2023\/04\/1420x240-Planilha-vida-financeira-true.png\"\n\t\t\t\t\tdata-promo-id=\"106682\"\t\t\t\t\t\t\t\t\t\twidth='1420' height='240'\t\t\t\t\talt=\"https:\/\/files.sunoresearch.com.br\/n\/uploads\/2023\/04\/1420x240-Planilha-vida-financeira-true.png\"\n\t\t\t\t>\n\t\t\t<\/picture>\n\t\t<\/a>\n\t<\/p>\n\n\n","protected":false},"excerpt":{"rendered":"<p>O ousado aumento de participa\u00e7\u00e3o acion\u00e1ria da Marfrig (MRFG3) na BRF (BRFS3) deixou o mercado na expectativa de uma poss\u00edvel fus\u00e3o. A Marfrig, que hoje \u00e9 menor do que a BRF, com aproximadamente R$ 12,7 bilh\u00f5es de valor de mercado, decidiu elevar sua participa\u00e7\u00e3o para cerca de 31% da companhia, que \u00e9 avaliada em R$ [&hellip;]<\/p>\n","protected":false},"author":15,"featured_media":130398,"comment_status":"closed","ping_status":"closed","sticky":false,"template":"","format":"standard","meta":[],"categories":[64],"tags":[397,105815,552],"suno_strategy":[],"class_list":["post-154535","post","type-post","status-publish","format-standard","has-post-thumbnail","hentry","category-negocios","tag-brf-brfs3","tag-especial","tag-marfrig-mrfg3"],"yoast_head":"<!-- This site is optimized with the Yoast SEO plugin v24.4 - https:\/\/yoast.com\/wordpress\/plugins\/seo\/ -->\n<title>Mercado aposta em fus\u00e3o de Marfrig (MRFG3) e BRF (BRFS3)<\/title>\n<meta name=\"description\" content=\"Especialistas apontam pontos positivos para uma poss\u00edvel fus\u00e3o entre Marfrig (MRFG3) e BRF (BRFS3) mas alertam para um detalhe. Clique aqui\" \/>\n<meta name=\"robots\" content=\"index, follow, max-snippet:-1, max-image-preview:large, max-video-preview:-1\" \/>\n<link rel=\"canonical\" href=\"https:\/\/www.suno.com.br\/noticias\/marfrig-mrfg3-brf-brfs3-fusao\/\" \/>\n<meta property=\"og:locale\" content=\"pt_BR\" \/>\n<meta property=\"og:type\" content=\"article\" \/>\n<meta property=\"og:title\" content=\"Mercado aposta em fus\u00e3o de Marfrig (MRFG3) e BRF (BRFS3)\" \/>\n<meta property=\"og:description\" content=\"Especialistas apontam pontos positivos para uma poss\u00edvel fus\u00e3o entre Marfrig (MRFG3) e BRF (BRFS3) mas alertam para um detalhe. Clique aqui\" \/>\n<meta property=\"og:url\" content=\"https:\/\/www.suno.com.br\/noticias\/marfrig-mrfg3-brf-brfs3-fusao\/\" \/>\n<meta property=\"og:site_name\" content=\"Suno Not\u00edcias\" \/>\n<meta property=\"article:publisher\" content=\"https:\/\/facebook.com\/sunoresearch\" \/>\n<meta property=\"og:image\" content=\"https:\/\/files.sunoresearch.com.br\/n\/uploads\/2021\/03\/da639ab2-marfrig.jpg\" \/>\n\t<meta property=\"og:image:width\" content=\"1200\" \/>\n\t<meta property=\"og:image:height\" content=\"800\" \/>\n\t<meta property=\"og:image:type\" content=\"image\/jpeg\" \/>\n<meta name=\"author\" content=\"Poliana Santos\" \/>\n<meta name=\"twitter:card\" content=\"summary_large_image\" \/>\n<meta name=\"twitter:creator\" content=\"@sunoresearch\" \/>\n<meta name=\"twitter:site\" content=\"@sunoresearch\" \/>\n<meta name=\"twitter:label1\" content=\"Escrito por\" \/>\n\t<meta name=\"twitter:data1\" content=\"Poliana Santos\" \/>\n\t<meta name=\"twitter:label2\" content=\"Est. tempo de leitura\" \/>\n\t<meta name=\"twitter:data2\" content=\"6 minutos\" \/>\n<script type=\"application\/ld+json\" class=\"yoast-schema-graph\">{\"@context\":\"https:\/\/schema.org\",\"@graph\":[{\"@type\":\"NewsArticle\",\"@id\":\"https:\/\/www.suno.com.br\/noticias\/marfrig-mrfg3-brf-brfs3-fusao\/#article\",\"isPartOf\":{\"@id\":\"https:\/\/www.suno.com.br\/noticias\/marfrig-mrfg3-brf-brfs3-fusao\/\"},\"author\":{\"name\":\"Poliana Santos\",\"@id\":\"https:\/\/www.suno.com.br\/noticias\/#\/schema\/person\/02ec1f752758247878a2bf4abee1aeda\"},\"headline\":\"Marfrig (MRFG3) e BRF (BRFS3): Mercado aposta em fus\u00e3o, mas cultura seria entrave\",\"datePublished\":\"2021-06-06T10:53:35+00:00\",\"mainEntityOfPage\":{\"@id\":\"https:\/\/www.suno.com.br\/noticias\/marfrig-mrfg3-brf-brfs3-fusao\/\"},\"wordCount\":1207,\"publisher\":{\"@id\":\"https:\/\/www.suno.com.br\/noticias\/#organization\"},\"image\":{\"@id\":\"https:\/\/www.suno.com.br\/noticias\/marfrig-mrfg3-brf-brfs3-fusao\/#primaryimage\"},\"thumbnailUrl\":\"https:\/\/files.sunoresearch.com.br\/n\/uploads\/2021\/03\/da639ab2-marfrig-jpg.webp\",\"keywords\":[\"BRF (BRFS3)\",\"Especiais\",\"Marfrig (MRFG3)\"],\"articleSection\":[\"Neg\u00f3cios\"],\"inLanguage\":\"pt-BR\"},{\"@type\":\"WebPage\",\"@id\":\"https:\/\/www.suno.com.br\/noticias\/marfrig-mrfg3-brf-brfs3-fusao\/\",\"url\":\"https:\/\/www.suno.com.br\/noticias\/marfrig-mrfg3-brf-brfs3-fusao\/\",\"name\":\"Mercado aposta em fus\u00e3o de Marfrig (MRFG3) e BRF (BRFS3)\",\"isPartOf\":{\"@id\":\"https:\/\/www.suno.com.br\/noticias\/#website\"},\"primaryImageOfPage\":{\"@id\":\"https:\/\/www.suno.com.br\/noticias\/marfrig-mrfg3-brf-brfs3-fusao\/#primaryimage\"},\"image\":{\"@id\":\"https:\/\/www.suno.com.br\/noticias\/marfrig-mrfg3-brf-brfs3-fusao\/#primaryimage\"},\"thumbnailUrl\":\"https:\/\/files.sunoresearch.com.br\/n\/uploads\/2021\/03\/da639ab2-marfrig-jpg.webp\",\"datePublished\":\"2021-06-06T10:53:35+00:00\",\"description\":\"Especialistas apontam pontos positivos para uma poss\u00edvel fus\u00e3o entre Marfrig (MRFG3) e BRF (BRFS3) mas alertam para um detalhe. Clique aqui\",\"breadcrumb\":{\"@id\":\"https:\/\/www.suno.com.br\/noticias\/marfrig-mrfg3-brf-brfs3-fusao\/#breadcrumb\"},\"inLanguage\":\"pt-BR\",\"potentialAction\":[{\"@type\":\"ReadAction\",\"target\":[\"https:\/\/www.suno.com.br\/noticias\/marfrig-mrfg3-brf-brfs3-fusao\/\"]}]},{\"@type\":\"ImageObject\",\"inLanguage\":\"pt-BR\",\"@id\":\"https:\/\/www.suno.com.br\/noticias\/marfrig-mrfg3-brf-brfs3-fusao\/#primaryimage\",\"url\":\"https:\/\/files.sunoresearch.com.br\/n\/uploads\/2021\/03\/da639ab2-marfrig-jpg.webp\",\"contentUrl\":\"https:\/\/files.sunoresearch.com.br\/n\/uploads\/2021\/03\/da639ab2-marfrig-jpg.webp\",\"width\":1200,\"height\":800,\"caption\":\"Marfrig. Foto: Divulga\u00e7\u00e3o\/Marfrig\"},{\"@type\":\"BreadcrumbList\",\"@id\":\"https:\/\/www.suno.com.br\/noticias\/marfrig-mrfg3-brf-brfs3-fusao\/#breadcrumb\",\"itemListElement\":[{\"@type\":\"ListItem\",\"position\":1,\"name\":\"Not\u00edcias\",\"item\":\"https:\/\/www.suno.com.br\/noticias\/\"},{\"@type\":\"ListItem\",\"position\":2,\"name\":\"Neg\u00f3cios\",\"item\":\"https:\/\/www.suno.com.br\/noticias\/negocios\/\"},{\"@type\":\"ListItem\",\"position\":3,\"name\":\"Marfrig (MRFG3) e BRF (BRFS3): Mercado aposta em fus\u00e3o, mas cultura seria entrave\"}]},{\"@type\":\"WebSite\",\"@id\":\"https:\/\/www.suno.com.br\/noticias\/#website\",\"url\":\"https:\/\/www.suno.com.br\/noticias\/\",\"name\":\"Suno Not\u00edcias\",\"description\":\"Seu portal de informa\u00e7\u00e3o sobre o mundo dos investimentos\",\"publisher\":{\"@id\":\"https:\/\/www.suno.com.br\/noticias\/#organization\"},\"potentialAction\":[{\"@type\":\"SearchAction\",\"target\":{\"@type\":\"EntryPoint\",\"urlTemplate\":\"https:\/\/www.suno.com.br\/noticias\/?s={search_term_string}\"},\"query-input\":{\"@type\":\"PropertyValueSpecification\",\"valueRequired\":true,\"valueName\":\"search_term_string\"}}],\"inLanguage\":\"pt-BR\"},{\"@type\":\"Organization\",\"@id\":\"https:\/\/www.suno.com.br\/noticias\/#organization\",\"name\":\"Suno Not\u00edcias\",\"url\":\"https:\/\/www.suno.com.br\/noticias\/\",\"logo\":{\"@type\":\"ImageObject\",\"inLanguage\":\"pt-BR\",\"@id\":\"https:\/\/www.suno.com.br\/noticias\/#\/schema\/logo\/image\/\",\"url\":\"https:\/\/files.sunoresearch.com.br\/n\/uploads\/2021\/09\/suno-logo.png\",\"contentUrl\":\"https:\/\/files.sunoresearch.com.br\/n\/uploads\/2021\/09\/suno-logo.png\",\"width\":180,\"height\":180,\"caption\":\"Suno Not\u00edcias\"},\"image\":{\"@id\":\"https:\/\/www.suno.com.br\/noticias\/#\/schema\/logo\/image\/\"},\"sameAs\":[\"https:\/\/facebook.com\/sunoresearch\",\"https:\/\/x.com\/sunoresearch\",\"https:\/\/www.instagram.com\/suno\",\"https:\/\/www.linkedin.com\/company\/suno-research\/\",\"https:\/\/www.youtube.com\/c\/sunoresearch\"]},{\"@type\":\"Person\",\"@id\":\"https:\/\/www.suno.com.br\/noticias\/#\/schema\/person\/02ec1f752758247878a2bf4abee1aeda\",\"name\":\"Poliana Santos\",\"image\":{\"@type\":\"ImageObject\",\"inLanguage\":\"pt-BR\",\"@id\":\"https:\/\/www.suno.com.br\/noticias\/#\/schema\/person\/image\/\",\"url\":\"https:\/\/secure.gravatar.com\/avatar\/0645bd32f23d87b2130f2b2dff1d3f8d?s=96&r=g\",\"contentUrl\":\"https:\/\/secure.gravatar.com\/avatar\/0645bd32f23d87b2130f2b2dff1d3f8d?s=96&r=g\",\"caption\":\"Poliana Santos\"},\"description\":\"Rep\u00f3rter no Suno Not\u00edcias, com cobertura em mercado financeiro, economia, finan\u00e7as pessoais, renda fixa e varejo. Jornalista formada pela Faculdade C\u00e1sper L\u00edbero e possui passagem na R\u00e1dio Gazeta AM com a produ\u00e7\u00e3o de conte\u00fado sobre economia, pol\u00edtica, sa\u00fade, moda e m\u00fasica. Possui certificado de conclus\u00e3o do curso de An\u00e1lise de Balan\u00e7os pela Funda\u00e7\u00e3o Bradesco, Agenda Brasil pela FAAP, Educa\u00e7\u00e3o Pol\u00edtica por Alexandre Garcia e do Tesouro Direto e Mercado de A\u00e7\u00f5es pela B3.\",\"url\":\"https:\/\/www.suno.com.br\/noticias\/author\/poliana-santos\/\"}]}<\/script>\n<!-- \/ Yoast SEO plugin. -->","yoast_head_json":{"title":"Mercado aposta em fus\u00e3o de Marfrig (MRFG3) e BRF (BRFS3)","description":"Especialistas apontam pontos positivos para uma poss\u00edvel fus\u00e3o entre Marfrig (MRFG3) e BRF (BRFS3) mas alertam para um detalhe. Clique aqui","robots":{"index":"index","follow":"follow","max-snippet":"max-snippet:-1","max-image-preview":"max-image-preview:large","max-video-preview":"max-video-preview:-1"},"canonical":"https:\/\/www.suno.com.br\/noticias\/marfrig-mrfg3-brf-brfs3-fusao\/","og_locale":"pt_BR","og_type":"article","og_title":"Mercado aposta em fus\u00e3o de Marfrig (MRFG3) e BRF (BRFS3)","og_description":"Especialistas apontam pontos positivos para uma poss\u00edvel fus\u00e3o entre Marfrig (MRFG3) e BRF (BRFS3) mas alertam para um detalhe. Clique aqui","og_url":"https:\/\/www.suno.com.br\/noticias\/marfrig-mrfg3-brf-brfs3-fusao\/","og_site_name":"Suno Not\u00edcias","article_publisher":"https:\/\/facebook.com\/sunoresearch","og_image":[{"width":1200,"height":800,"url":"https:\/\/files.sunoresearch.com.br\/n\/uploads\/2021\/03\/da639ab2-marfrig.jpg","type":"image\/jpeg"}],"author":"Poliana Santos","twitter_card":"summary_large_image","twitter_creator":"@sunoresearch","twitter_site":"@sunoresearch","twitter_misc":{"Escrito por":"Poliana Santos","Est. tempo de leitura":"6 minutos"},"schema":{"@context":"https:\/\/schema.org","@graph":[{"@type":"NewsArticle","@id":"https:\/\/www.suno.com.br\/noticias\/marfrig-mrfg3-brf-brfs3-fusao\/#article","isPartOf":{"@id":"https:\/\/www.suno.com.br\/noticias\/marfrig-mrfg3-brf-brfs3-fusao\/"},"author":{"name":"Poliana Santos","@id":"https:\/\/www.suno.com.br\/noticias\/#\/schema\/person\/02ec1f752758247878a2bf4abee1aeda"},"headline":"Marfrig (MRFG3) e BRF (BRFS3): Mercado aposta em fus\u00e3o, mas cultura seria entrave","datePublished":"2021-06-06T10:53:35+00:00","mainEntityOfPage":{"@id":"https:\/\/www.suno.com.br\/noticias\/marfrig-mrfg3-brf-brfs3-fusao\/"},"wordCount":1207,"publisher":{"@id":"https:\/\/www.suno.com.br\/noticias\/#organization"},"image":{"@id":"https:\/\/www.suno.com.br\/noticias\/marfrig-mrfg3-brf-brfs3-fusao\/#primaryimage"},"thumbnailUrl":"https:\/\/files.sunoresearch.com.br\/n\/uploads\/2021\/03\/da639ab2-marfrig-jpg.webp","keywords":["BRF (BRFS3)","Especiais","Marfrig (MRFG3)"],"articleSection":["Neg\u00f3cios"],"inLanguage":"pt-BR"},{"@type":"WebPage","@id":"https:\/\/www.suno.com.br\/noticias\/marfrig-mrfg3-brf-brfs3-fusao\/","url":"https:\/\/www.suno.com.br\/noticias\/marfrig-mrfg3-brf-brfs3-fusao\/","name":"Mercado aposta em fus\u00e3o de Marfrig (MRFG3) e BRF (BRFS3)","isPartOf":{"@id":"https:\/\/www.suno.com.br\/noticias\/#website"},"primaryImageOfPage":{"@id":"https:\/\/www.suno.com.br\/noticias\/marfrig-mrfg3-brf-brfs3-fusao\/#primaryimage"},"image":{"@id":"https:\/\/www.suno.com.br\/noticias\/marfrig-mrfg3-brf-brfs3-fusao\/#primaryimage"},"thumbnailUrl":"https:\/\/files.sunoresearch.com.br\/n\/uploads\/2021\/03\/da639ab2-marfrig-jpg.webp","datePublished":"2021-06-06T10:53:35+00:00","description":"Especialistas apontam pontos positivos para uma poss\u00edvel fus\u00e3o entre Marfrig (MRFG3) e BRF (BRFS3) mas alertam para um detalhe. Clique aqui","breadcrumb":{"@id":"https:\/\/www.suno.com.br\/noticias\/marfrig-mrfg3-brf-brfs3-fusao\/#breadcrumb"},"inLanguage":"pt-BR","potentialAction":[{"@type":"ReadAction","target":["https:\/\/www.suno.com.br\/noticias\/marfrig-mrfg3-brf-brfs3-fusao\/"]}]},{"@type":"ImageObject","inLanguage":"pt-BR","@id":"https:\/\/www.suno.com.br\/noticias\/marfrig-mrfg3-brf-brfs3-fusao\/#primaryimage","url":"https:\/\/files.sunoresearch.com.br\/n\/uploads\/2021\/03\/da639ab2-marfrig-jpg.webp","contentUrl":"https:\/\/files.sunoresearch.com.br\/n\/uploads\/2021\/03\/da639ab2-marfrig-jpg.webp","width":1200,"height":800,"caption":"Marfrig. Foto: Divulga\u00e7\u00e3o\/Marfrig"},{"@type":"BreadcrumbList","@id":"https:\/\/www.suno.com.br\/noticias\/marfrig-mrfg3-brf-brfs3-fusao\/#breadcrumb","itemListElement":[{"@type":"ListItem","position":1,"name":"Not\u00edcias","item":"https:\/\/www.suno.com.br\/noticias\/"},{"@type":"ListItem","position":2,"name":"Neg\u00f3cios","item":"https:\/\/www.suno.com.br\/noticias\/negocios\/"},{"@type":"ListItem","position":3,"name":"Marfrig (MRFG3) e BRF (BRFS3): Mercado aposta em fus\u00e3o, mas cultura seria entrave"}]},{"@type":"WebSite","@id":"https:\/\/www.suno.com.br\/noticias\/#website","url":"https:\/\/www.suno.com.br\/noticias\/","name":"Suno Not\u00edcias","description":"Seu portal de informa\u00e7\u00e3o sobre o mundo dos investimentos","publisher":{"@id":"https:\/\/www.suno.com.br\/noticias\/#organization"},"potentialAction":[{"@type":"SearchAction","target":{"@type":"EntryPoint","urlTemplate":"https:\/\/www.suno.com.br\/noticias\/?s={search_term_string}"},"query-input":{"@type":"PropertyValueSpecification","valueRequired":true,"valueName":"search_term_string"}}],"inLanguage":"pt-BR"},{"@type":"Organization","@id":"https:\/\/www.suno.com.br\/noticias\/#organization","name":"Suno Not\u00edcias","url":"https:\/\/www.suno.com.br\/noticias\/","logo":{"@type":"ImageObject","inLanguage":"pt-BR","@id":"https:\/\/www.suno.com.br\/noticias\/#\/schema\/logo\/image\/","url":"https:\/\/files.sunoresearch.com.br\/n\/uploads\/2021\/09\/suno-logo.png","contentUrl":"https:\/\/files.sunoresearch.com.br\/n\/uploads\/2021\/09\/suno-logo.png","width":180,"height":180,"caption":"Suno Not\u00edcias"},"image":{"@id":"https:\/\/www.suno.com.br\/noticias\/#\/schema\/logo\/image\/"},"sameAs":["https:\/\/facebook.com\/sunoresearch","https:\/\/x.com\/sunoresearch","https:\/\/www.instagram.com\/suno","https:\/\/www.linkedin.com\/company\/suno-research\/","https:\/\/www.youtube.com\/c\/sunoresearch"]},{"@type":"Person","@id":"https:\/\/www.suno.com.br\/noticias\/#\/schema\/person\/02ec1f752758247878a2bf4abee1aeda","name":"Poliana Santos","image":{"@type":"ImageObject","inLanguage":"pt-BR","@id":"https:\/\/www.suno.com.br\/noticias\/#\/schema\/person\/image\/","url":"https:\/\/secure.gravatar.com\/avatar\/0645bd32f23d87b2130f2b2dff1d3f8d?s=96&r=g","contentUrl":"https:\/\/secure.gravatar.com\/avatar\/0645bd32f23d87b2130f2b2dff1d3f8d?s=96&r=g","caption":"Poliana Santos"},"description":"Rep\u00f3rter no Suno Not\u00edcias, com cobertura em mercado financeiro, economia, finan\u00e7as pessoais, renda fixa e varejo. Jornalista formada pela Faculdade C\u00e1sper L\u00edbero e possui passagem na R\u00e1dio Gazeta AM com a produ\u00e7\u00e3o de conte\u00fado sobre economia, pol\u00edtica, sa\u00fade, moda e m\u00fasica. Possui certificado de conclus\u00e3o do curso de An\u00e1lise de Balan\u00e7os pela Funda\u00e7\u00e3o Bradesco, Agenda Brasil pela FAAP, Educa\u00e7\u00e3o Pol\u00edtica por Alexandre Garcia e do Tesouro Direto e Mercado de A\u00e7\u00f5es pela B3.","url":"https:\/\/www.suno.com.br\/noticias\/author\/poliana-santos\/"}]}},"default_loop_html":"<div class=\"cardsPage__listCard__boxs\"><div class=\"cardsPage__listCard__boxs__img\"><a href=\"https:\/\/www.suno.com.br\/noticias\/marfrig-mrfg3-brf-brfs3-fusao\/\"><img class=\"mask\" src=\"https:\/\/www.suno.com.br\/noticias\/wp-content\/themes\/suno\/resources\/images\/spotlight\/spotlight1img\/bg-mask.png\" alt=\"Image Mask\"\/><img src=\"https:\/\/files.sunoresearch.com.br\/n\/uploads\/2021\/03\/da639ab2-marfrig-400x200.webp\" alt=\"Marfrig (MRFG3) e BRF (BRFS3): Mercado aposta em fus\u00e3o, mas cultura seria entrave\"\/><\/a><span class=\"spotlightCategory\"><a href=\"https:\/\/www.suno.com.br\/noticias\/negocios\/\">Neg\u00f3cios<\/a><\/span><\/div><div class=\"cardsPage__listCard__boxs__content\"><a href=\"https:\/\/www.suno.com.br\/noticias\/marfrig-mrfg3-brf-brfs3-fusao\/\"><h2 class=\"content__title\">Marfrig (MRFG3) e BRF (BRFS3): Mercado aposta em fus\u00e3o, mas cultura seria entrave<\/h2><\/a><div class=\"newsContent__article__meta\"><div class=\"newsContent__article__meta__authorBox\"><a href=\"https:\/\/www.suno.com.br\/noticias\/author\/poliana-santos\/\" class=\"authorBox__avatar noMobi\"><img src=\"https:\/\/files.sunoresearch.com.br\/n\/uploads\/2020\/08\/7ef34026-whatsapp-image-2020-08-03-at-12.37.57-150x150.webp\" alt=\"Poliana Santos\"><\/a><div class=\"authorBox__name\"><span>por\n\t\t\t<a href=\"https:\/\/www.suno.com.br\/noticias\/author\/poliana-santos\/\"><span itemprop=\"author\">Poliana Santos<\/span><\/a><\/span><time datetime=\"2021-06-06T07:53:35-03:00\" itemprop=\"datePublished\">06\/06\/2021 07:53<\/time><\/div><\/div><\/div><\/div><\/div>","single_layout":"posts","amp_enabled":true,"_links":{"self":[{"href":"https:\/\/www.suno.com.br\/noticias\/wp-json\/wp\/v2\/posts\/154535"}],"collection":[{"href":"https:\/\/www.suno.com.br\/noticias\/wp-json\/wp\/v2\/posts"}],"about":[{"href":"https:\/\/www.suno.com.br\/noticias\/wp-json\/wp\/v2\/types\/post"}],"author":[{"embeddable":true,"href":"https:\/\/www.suno.com.br\/noticias\/wp-json\/wp\/v2\/users\/15"}],"replies":[{"embeddable":true,"href":"https:\/\/www.suno.com.br\/noticias\/wp-json\/wp\/v2\/comments?post=154535"}],"version-history":[{"count":3,"href":"https:\/\/www.suno.com.br\/noticias\/wp-json\/wp\/v2\/posts\/154535\/revisions"}],"predecessor-version":[{"id":154755,"href":"https:\/\/www.suno.com.br\/noticias\/wp-json\/wp\/v2\/posts\/154535\/revisions\/154755"}],"wp:featuredmedia":[{"embeddable":true,"href":"https:\/\/www.suno.com.br\/noticias\/wp-json\/wp\/v2\/media\/130398"}],"wp:attachment":[{"href":"https:\/\/www.suno.com.br\/noticias\/wp-json\/wp\/v2\/media?parent=154535"}],"wp:term":[{"taxonomy":"category","embeddable":true,"href":"https:\/\/www.suno.com.br\/noticias\/wp-json\/wp\/v2\/categories?post=154535"},{"taxonomy":"post_tag","embeddable":true,"href":"https:\/\/www.suno.com.br\/noticias\/wp-json\/wp\/v2\/tags?post=154535"},{"taxonomy":"suno_strategy","embeddable":true,"href":"https:\/\/www.suno.com.br\/noticias\/wp-json\/wp\/v2\/suno_strategy?post=154535"}],"curies":[{"name":"wp","href":"https:\/\/api.w.org\/{rel}","templated":true}]}}