{"id":15432,"date":"2019-02-15T12:03:47","date_gmt":"2019-02-15T14:03:47","guid":{"rendered":"https:\/\/www.suno.com.br\/noticias\/?p=15432"},"modified":"2019-02-15T12:04:54","modified_gmt":"2019-02-15T14:04:54","slug":"presidente-do-banco-do-brasil-seria-melhor-privatizar-o-banco","status":"publish","type":"post","link":"https:\/\/www.suno.com.br\/noticias\/presidente-do-banco-do-brasil-seria-melhor-privatizar-o-banco\/","title":{"rendered":"Presidente do Banco do Brasil: seria melhor privatizar o banco"},"content":{"rendered":"<p>O presidente do Banco do Brasil, Rubem Novaes, declarou que o banco seria mais eficiente se fosse <a href=\"https:\/\/www.suno.com.br\/artigos\/trilogia-eleicao-privatizacoes\/\">privatizado<\/a>.<\/p>\t<div class=\"wrapper-featured-image\">\n\t\t<figure class=\"spotlightImg\">\n\n\t\t\t<picture>\n\t\t\t\t<source media=\"(max-width: 768px)\" srcset=\"https:\/\/files.sunoresearch.com.br\/n\/uploads\/2019\/02\/74dbe169-rubens-novaes-banco-do-brasil-400x200.webp\">\n\t\t\t\t<img loading=\"lazy\" decoding=\"async\" class=\"newsContent__article__imgCapa lazyloadDisabled newsContent__article__imgCapa--noCaption\" src=\"https:\/\/files.sunoresearch.com.br\/n\/uploads\/2019\/02\/74dbe169-rubens-novaes-banco-do-brasil-jpg.webp\" width=\"800\" height=\"450\" alt=\"Presidente do Banco do Brasil: seria melhor privatizar o banco\" fetchpriority=high \/>\n\t\t\t<\/picture>\n\n\t\t\t<figcaption class=\"wp-caption-text wp-caption-text--hide\">Rubem Novaes oficializou sua renuncia \u00e0 presidencia do Banco do Brasil<\/figcaption>\n\t\t<\/figure>\n\t<\/div>\n\n\n<p>&#8220;Se o <strong>Banco do Brasil\u00a0(BBAS3)<\/strong>\u00a0fosse <strong>privatizado,<\/strong> seria mais eficiente e todos ganhariam&#8221;, afirmou <strong>Rubem<\/strong>\u00a0<strong>Novaes<\/strong> na \u00faltima quinta-feira (14). O executivo falou durante a divulga\u00e7\u00e3o dos resultados do BB, que registrou lucro l\u00edquido de R$ 13,5 bilh\u00f5es em 2018. O banco registrou uma alta de 22,2% em rela\u00e7\u00e3o a 2017.<\/p>\n<p><a href=\"https:\/\/www.suno.com.br\/noticias\/banco-brasil-lucro-aumenta-2018\/\">Saiba mais: Banco do Brasil: lucro aumenta 16,8% em 2018\u00a0<\/a><\/p>\n<p>Entretanto, mesmo se falou em <strong>privatiza\u00e7\u00e3o,<\/strong> Novaes disse que vender o BB n\u00e3o est\u00e1 nos planos do governo do presidente <strong>Jair Bolsonaro.<\/strong> O executivo explicou que s\u00f3 ser\u00e3o vendidos\u00a0os ativos que n\u00e3o dependem da rede banc\u00e1ria para obten\u00e7\u00e3o de resultados. Entre eles, est\u00e3o as participa\u00e7\u00f5es do <strong>Banco do Brasil<\/strong> no Banco Votorantim e no Banco Patag\u00f4nia.<\/p>\n<p>&#8220;Espero que um dia se chegue \u00e0 conclus\u00e3o de <strong>privatizar<\/strong> o banco e que o Pa\u00eds um dia esteja preparado para isso&#8221;, explicou <strong>Novaes.<\/strong><\/p>\n<p><a href=\"https:\/\/www.suno.com.br\/noticias\/banco-brasil-credito-rural\/\">Saiba mais: Banco do Brasil assina terceiro aditivo a contratos de cr\u00e9dito rural\u00a0<\/a><\/p>\n<h2>Venda de ativos do BB<\/h2>\n<p>O <strong>Banco do Brasil<\/strong> contratar\u00e1 uma consultoria para avaliar estrat\u00e9gias sobre sua participa\u00e7\u00e3o no Banco Votorantim. A institui\u00e7\u00e3o estatal divide o controle com o grupo Votorantim, da fam\u00edlia Erm\u00edrio de Moraes. Novaes explicou que o <strong>BB<\/strong> est\u00e1 &#8220;aliando alternativas&#8221;, sobre sua participa\u00e7\u00e3o ao Votorantim. Entretanto, o executivo excluiu a hip\u00f3tese do banco comprar a metade detida pelo s\u00f3cio.<\/p>\n<p><a href=\"https:\/\/www.suno.com.br\/noticias\/novo-presidente-banco-brasil\/\">Saiba mais: Novo presidente do Banco do Brasil diz que assume livre de \u201cinterfer\u00eancias pol\u00edticas\u201d\u00a0<\/a><\/p>\n<p>Por sua vez, n\u00e3o haveria planos de fechamento de capital da Cielo. O <strong>Banco<\/strong> <strong>do<\/strong> <strong>Brasil<\/strong> tem o controle da empresa de meios de pagamentos junto ao Bradesco. Tamb\u00e9m n\u00e3o est\u00e1 prevista a venda da\u00a0BB Seguridade, holding que concentra os neg\u00f3cios de seguros do banco.<\/p>\n<p>Todavia, <strong>Novaes<\/strong> salientou como o <strong>Banco do Brasil<\/strong> n\u00e3o vender\u00e1 ativos a qualquer pre\u00e7o. Al\u00e9m disso, o executivo salientou como o objetivo do BB ser\u00e1 realizar a abertura de capital. Em alternativa, poderia identificar parceiros estrat\u00e9gicos para as \u00e1reas de gest\u00e3o de recursos e de banco de investimento.<\/p>\n<h2>Lucro anual em aumento<\/h2>\n<p>O <strong>Banco do Brasil<\/strong> registrou um <strong>lucro<\/strong> anual de R$ 13,5 bilh\u00f5es em 2018. O banco p\u00fablico tinha registrado um lucro l\u00edquido ajustado de R$ 3,845 bilh\u00f5es no quarto trimestre. Um aumento de 20,6% sobre o mesmo per\u00edodo do ano anterior. A previs\u00e3o do banco para 2019 \u00e9 de um lucro l\u00edquido entre R$ 14,5 bilh\u00f5es e R$ 17,5 bilh\u00f5es.<\/p>\n","protected":false},"excerpt":{"rendered":"<p>O presidente do Banco do Brasil, Rubem Novaes, declarou que o banco seria mais eficiente se fosse privatizado. Rubem Novaes oficializou sua renuncia \u00e0 presidencia do Banco do Brasil &#8220;Se o Banco do Brasil\u00a0(BBAS3)\u00a0fosse privatizado, seria mais eficiente e todos ganhariam&#8221;, afirmou Rubem\u00a0Novaes na \u00faltima quinta-feira (14). O executivo falou durante a divulga\u00e7\u00e3o dos resultados [&hellip;]<\/p>\n","protected":false},"author":9,"featured_media":15443,"comment_status":"closed","ping_status":"closed","sticky":false,"template":"","format":"standard","meta":[],"categories":[60],"tags":[732,945],"suno_strategy":[],"class_list":["post-15432","post","type-post","status-publish","format-standard","has-post-thumbnail","hentry","category-mercado","tag-banco-do-brasil-bbas3","tag-privatizacoes"],"yoast_head":"<!-- This site is optimized with the Yoast SEO plugin v24.4 - https:\/\/yoast.com\/wordpress\/plugins\/seo\/ -->\n<title>Presidente do Banco do Brasil: seria melhor privatizar o banco<\/title>\n<meta name=\"description\" content=\"O presidente do Banco do Brasil, Rubem Novaes, declarou que o banco seria mais eficiente se fosse privatizado.\u00a0Clique aqui para saber mais.\" \/>\n<meta name=\"robots\" content=\"index, follow, max-snippet:-1, max-image-preview:large, max-video-preview:-1\" \/>\n<link rel=\"canonical\" href=\"https:\/\/www.suno.com.br\/noticias\/presidente-do-banco-do-brasil-seria-melhor-privatizar-o-banco\/\" \/>\n<meta property=\"og:locale\" content=\"pt_BR\" \/>\n<meta property=\"og:type\" content=\"article\" \/>\n<meta property=\"og:title\" content=\"Presidente do Banco do Brasil: seria melhor privatizar o banco\" \/>\n<meta property=\"og:description\" content=\"O presidente do Banco do Brasil, Rubem Novaes, declarou que o banco seria mais eficiente se fosse privatizado.\u00a0Clique aqui para saber mais.\" \/>\n<meta property=\"og:url\" content=\"https:\/\/www.suno.com.br\/noticias\/presidente-do-banco-do-brasil-seria-melhor-privatizar-o-banco\/\" \/>\n<meta property=\"og:site_name\" content=\"Suno Not\u00edcias\" \/>\n<meta property=\"article:publisher\" content=\"https:\/\/facebook.com\/sunoresearch\" \/>\n<meta property=\"og:image\" content=\"https:\/\/files.sunoresearch.com.br\/n\/uploads\/2019\/02\/74dbe169-rubens-novaes-banco-do-brasil.jpg\" \/>\n\t<meta property=\"og:image:width\" content=\"750\" \/>\n\t<meta property=\"og:image:height\" content=\"562\" \/>\n\t<meta property=\"og:image:type\" content=\"image\/jpeg\" \/>\n<meta name=\"author\" content=\"Carlo Cauti\" \/>\n<meta name=\"twitter:card\" content=\"summary_large_image\" \/>\n<meta name=\"twitter:creator\" content=\"@sunoresearch\" \/>\n<meta name=\"twitter:site\" content=\"@sunoresearch\" \/>\n<meta name=\"twitter:label1\" content=\"Escrito por\" \/>\n\t<meta name=\"twitter:data1\" content=\"Carlo Cauti\" \/>\n\t<meta name=\"twitter:label2\" content=\"Est. tempo de leitura\" \/>\n\t<meta name=\"twitter:data2\" content=\"2 minutos\" \/>\n<script type=\"application\/ld+json\" class=\"yoast-schema-graph\">{\"@context\":\"https:\/\/schema.org\",\"@graph\":[{\"@type\":\"NewsArticle\",\"@id\":\"https:\/\/www.suno.com.br\/noticias\/presidente-do-banco-do-brasil-seria-melhor-privatizar-o-banco\/#article\",\"isPartOf\":{\"@id\":\"https:\/\/www.suno.com.br\/noticias\/presidente-do-banco-do-brasil-seria-melhor-privatizar-o-banco\/\"},\"author\":{\"name\":\"Carlo Cauti\",\"@id\":\"https:\/\/www.suno.com.br\/noticias\/#\/schema\/person\/e6e0f723cc177805027f4566c1d5e0c8\"},\"headline\":\"Presidente do Banco do Brasil: seria melhor privatizar o banco\",\"datePublished\":\"2019-02-15T14:03:47+00:00\",\"dateModified\":\"2019-02-15T14:04:54+00:00\",\"mainEntityOfPage\":{\"@id\":\"https:\/\/www.suno.com.br\/noticias\/presidente-do-banco-do-brasil-seria-melhor-privatizar-o-banco\/\"},\"wordCount\":448,\"publisher\":{\"@id\":\"https:\/\/www.suno.com.br\/noticias\/#organization\"},\"image\":{\"@id\":\"https:\/\/www.suno.com.br\/noticias\/presidente-do-banco-do-brasil-seria-melhor-privatizar-o-banco\/#primaryimage\"},\"thumbnailUrl\":\"https:\/\/files.sunoresearch.com.br\/n\/uploads\/2019\/02\/74dbe169-rubens-novaes-banco-do-brasil-jpg.webp\",\"keywords\":[\"Banco do Brasil (BBAS3)\",\"privatiza\u00e7\u00f5es\"],\"articleSection\":[\"Mercado\"],\"inLanguage\":\"pt-BR\"},{\"@type\":\"WebPage\",\"@id\":\"https:\/\/www.suno.com.br\/noticias\/presidente-do-banco-do-brasil-seria-melhor-privatizar-o-banco\/\",\"url\":\"https:\/\/www.suno.com.br\/noticias\/presidente-do-banco-do-brasil-seria-melhor-privatizar-o-banco\/\",\"name\":\"Presidente do Banco do Brasil: seria melhor privatizar o banco\",\"isPartOf\":{\"@id\":\"https:\/\/www.suno.com.br\/noticias\/#website\"},\"primaryImageOfPage\":{\"@id\":\"https:\/\/www.suno.com.br\/noticias\/presidente-do-banco-do-brasil-seria-melhor-privatizar-o-banco\/#primaryimage\"},\"image\":{\"@id\":\"https:\/\/www.suno.com.br\/noticias\/presidente-do-banco-do-brasil-seria-melhor-privatizar-o-banco\/#primaryimage\"},\"thumbnailUrl\":\"https:\/\/files.sunoresearch.com.br\/n\/uploads\/2019\/02\/74dbe169-rubens-novaes-banco-do-brasil-jpg.webp\",\"datePublished\":\"2019-02-15T14:03:47+00:00\",\"dateModified\":\"2019-02-15T14:04:54+00:00\",\"description\":\"O presidente do Banco do Brasil, Rubem Novaes, declarou que o banco seria mais eficiente se fosse privatizado.\u00a0Clique aqui para saber mais.\",\"breadcrumb\":{\"@id\":\"https:\/\/www.suno.com.br\/noticias\/presidente-do-banco-do-brasil-seria-melhor-privatizar-o-banco\/#breadcrumb\"},\"inLanguage\":\"pt-BR\",\"potentialAction\":[{\"@type\":\"ReadAction\",\"target\":[\"https:\/\/www.suno.com.br\/noticias\/presidente-do-banco-do-brasil-seria-melhor-privatizar-o-banco\/\"]}]},{\"@type\":\"ImageObject\",\"inLanguage\":\"pt-BR\",\"@id\":\"https:\/\/www.suno.com.br\/noticias\/presidente-do-banco-do-brasil-seria-melhor-privatizar-o-banco\/#primaryimage\",\"url\":\"https:\/\/files.sunoresearch.com.br\/n\/uploads\/2019\/02\/74dbe169-rubens-novaes-banco-do-brasil-jpg.webp\",\"contentUrl\":\"https:\/\/files.sunoresearch.com.br\/n\/uploads\/2019\/02\/74dbe169-rubens-novaes-banco-do-brasil-jpg.webp\",\"width\":750,\"height\":562,\"caption\":\"Rubem Novaes oficializou sua renuncia \u00e0 presidencia do Banco do Brasil\"},{\"@type\":\"BreadcrumbList\",\"@id\":\"https:\/\/www.suno.com.br\/noticias\/presidente-do-banco-do-brasil-seria-melhor-privatizar-o-banco\/#breadcrumb\",\"itemListElement\":[{\"@type\":\"ListItem\",\"position\":1,\"name\":\"Not\u00edcias\",\"item\":\"https:\/\/www.suno.com.br\/noticias\/\"},{\"@type\":\"ListItem\",\"position\":2,\"name\":\"Mercado\",\"item\":\"https:\/\/www.suno.com.br\/noticias\/mercado\/\"},{\"@type\":\"ListItem\",\"position\":3,\"name\":\"Presidente do Banco do Brasil: seria melhor privatizar o banco\"}]},{\"@type\":\"WebSite\",\"@id\":\"https:\/\/www.suno.com.br\/noticias\/#website\",\"url\":\"https:\/\/www.suno.com.br\/noticias\/\",\"name\":\"Suno Not\u00edcias\",\"description\":\"Seu portal de informa\u00e7\u00e3o sobre o mundo dos investimentos\",\"publisher\":{\"@id\":\"https:\/\/www.suno.com.br\/noticias\/#organization\"},\"potentialAction\":[{\"@type\":\"SearchAction\",\"target\":{\"@type\":\"EntryPoint\",\"urlTemplate\":\"https:\/\/www.suno.com.br\/noticias\/?s={search_term_string}\"},\"query-input\":{\"@type\":\"PropertyValueSpecification\",\"valueRequired\":true,\"valueName\":\"search_term_string\"}}],\"inLanguage\":\"pt-BR\"},{\"@type\":\"Organization\",\"@id\":\"https:\/\/www.suno.com.br\/noticias\/#organization\",\"name\":\"Suno Not\u00edcias\",\"url\":\"https:\/\/www.suno.com.br\/noticias\/\",\"logo\":{\"@type\":\"ImageObject\",\"inLanguage\":\"pt-BR\",\"@id\":\"https:\/\/www.suno.com.br\/noticias\/#\/schema\/logo\/image\/\",\"url\":\"https:\/\/files.sunoresearch.com.br\/n\/uploads\/2021\/09\/suno-logo.png\",\"contentUrl\":\"https:\/\/files.sunoresearch.com.br\/n\/uploads\/2021\/09\/suno-logo.png\",\"width\":180,\"height\":180,\"caption\":\"Suno Not\u00edcias\"},\"image\":{\"@id\":\"https:\/\/www.suno.com.br\/noticias\/#\/schema\/logo\/image\/\"},\"sameAs\":[\"https:\/\/facebook.com\/sunoresearch\",\"https:\/\/x.com\/sunoresearch\",\"https:\/\/www.instagram.com\/suno\",\"https:\/\/www.linkedin.com\/company\/suno-research\/\",\"https:\/\/www.youtube.com\/c\/sunoresearch\"]},{\"@type\":\"Person\",\"@id\":\"https:\/\/www.suno.com.br\/noticias\/#\/schema\/person\/e6e0f723cc177805027f4566c1d5e0c8\",\"name\":\"Carlo Cauti\",\"image\":{\"@type\":\"ImageObject\",\"inLanguage\":\"pt-BR\",\"@id\":\"https:\/\/www.suno.com.br\/noticias\/#\/schema\/person\/image\/\",\"url\":\"https:\/\/secure.gravatar.com\/avatar\/3ada9e0bd164c23abd4792a9606d583c?s=96&r=g\",\"contentUrl\":\"https:\/\/secure.gravatar.com\/avatar\/3ada9e0bd164c23abd4792a9606d583c?s=96&r=g\",\"caption\":\"Carlo Cauti\"},\"description\":\"Editor multim\u00eddia do SUNO Not\u00edcias. Italiano, formado em Ci\u00eancias Pol\u00edticas pela universidade LUISS G. Carli de Roma e mestre cum laude em Rela\u00e7\u00f5es Internacionais, Jornalismo Internacional e de Guerra e em Economia Internacional. Concluiu tamb\u00e9m um MBA em Finan\u00e7as na B3. No Brasil, teve passagem por ve\u00edculos como Estad\u00e3o, Globo, Veja e EXAME. e nas ag\u00eancias de not\u00edcias italianas ANSA e NOVA.\",\"url\":\"https:\/\/www.suno.com.br\/noticias\/author\/carlo-cauti\/\"}]}<\/script>\n<!-- \/ Yoast SEO plugin. -->","yoast_head_json":{"title":"Presidente do Banco do Brasil: seria melhor privatizar o banco","description":"O presidente do Banco do Brasil, Rubem Novaes, declarou que o banco seria mais eficiente se fosse privatizado.\u00a0Clique aqui para saber mais.","robots":{"index":"index","follow":"follow","max-snippet":"max-snippet:-1","max-image-preview":"max-image-preview:large","max-video-preview":"max-video-preview:-1"},"canonical":"https:\/\/www.suno.com.br\/noticias\/presidente-do-banco-do-brasil-seria-melhor-privatizar-o-banco\/","og_locale":"pt_BR","og_type":"article","og_title":"Presidente do Banco do Brasil: seria melhor privatizar o banco","og_description":"O presidente do Banco do Brasil, Rubem Novaes, declarou que o banco seria mais eficiente se fosse privatizado.\u00a0Clique aqui para saber mais.","og_url":"https:\/\/www.suno.com.br\/noticias\/presidente-do-banco-do-brasil-seria-melhor-privatizar-o-banco\/","og_site_name":"Suno Not\u00edcias","article_publisher":"https:\/\/facebook.com\/sunoresearch","og_image":[{"width":750,"height":562,"url":"https:\/\/files.sunoresearch.com.br\/n\/uploads\/2019\/02\/74dbe169-rubens-novaes-banco-do-brasil.jpg","type":"image\/jpeg"}],"author":"Carlo Cauti","twitter_card":"summary_large_image","twitter_creator":"@sunoresearch","twitter_site":"@sunoresearch","twitter_misc":{"Escrito por":"Carlo Cauti","Est. tempo de leitura":"2 minutos"},"schema":{"@context":"https:\/\/schema.org","@graph":[{"@type":"NewsArticle","@id":"https:\/\/www.suno.com.br\/noticias\/presidente-do-banco-do-brasil-seria-melhor-privatizar-o-banco\/#article","isPartOf":{"@id":"https:\/\/www.suno.com.br\/noticias\/presidente-do-banco-do-brasil-seria-melhor-privatizar-o-banco\/"},"author":{"name":"Carlo Cauti","@id":"https:\/\/www.suno.com.br\/noticias\/#\/schema\/person\/e6e0f723cc177805027f4566c1d5e0c8"},"headline":"Presidente do Banco do Brasil: seria melhor privatizar o banco","datePublished":"2019-02-15T14:03:47+00:00","dateModified":"2019-02-15T14:04:54+00:00","mainEntityOfPage":{"@id":"https:\/\/www.suno.com.br\/noticias\/presidente-do-banco-do-brasil-seria-melhor-privatizar-o-banco\/"},"wordCount":448,"publisher":{"@id":"https:\/\/www.suno.com.br\/noticias\/#organization"},"image":{"@id":"https:\/\/www.suno.com.br\/noticias\/presidente-do-banco-do-brasil-seria-melhor-privatizar-o-banco\/#primaryimage"},"thumbnailUrl":"https:\/\/files.sunoresearch.com.br\/n\/uploads\/2019\/02\/74dbe169-rubens-novaes-banco-do-brasil-jpg.webp","keywords":["Banco do Brasil (BBAS3)","privatiza\u00e7\u00f5es"],"articleSection":["Mercado"],"inLanguage":"pt-BR"},{"@type":"WebPage","@id":"https:\/\/www.suno.com.br\/noticias\/presidente-do-banco-do-brasil-seria-melhor-privatizar-o-banco\/","url":"https:\/\/www.suno.com.br\/noticias\/presidente-do-banco-do-brasil-seria-melhor-privatizar-o-banco\/","name":"Presidente do Banco do Brasil: seria melhor privatizar o banco","isPartOf":{"@id":"https:\/\/www.suno.com.br\/noticias\/#website"},"primaryImageOfPage":{"@id":"https:\/\/www.suno.com.br\/noticias\/presidente-do-banco-do-brasil-seria-melhor-privatizar-o-banco\/#primaryimage"},"image":{"@id":"https:\/\/www.suno.com.br\/noticias\/presidente-do-banco-do-brasil-seria-melhor-privatizar-o-banco\/#primaryimage"},"thumbnailUrl":"https:\/\/files.sunoresearch.com.br\/n\/uploads\/2019\/02\/74dbe169-rubens-novaes-banco-do-brasil-jpg.webp","datePublished":"2019-02-15T14:03:47+00:00","dateModified":"2019-02-15T14:04:54+00:00","description":"O presidente do Banco do Brasil, Rubem Novaes, declarou que o banco seria mais eficiente se fosse privatizado.\u00a0Clique aqui para saber mais.","breadcrumb":{"@id":"https:\/\/www.suno.com.br\/noticias\/presidente-do-banco-do-brasil-seria-melhor-privatizar-o-banco\/#breadcrumb"},"inLanguage":"pt-BR","potentialAction":[{"@type":"ReadAction","target":["https:\/\/www.suno.com.br\/noticias\/presidente-do-banco-do-brasil-seria-melhor-privatizar-o-banco\/"]}]},{"@type":"ImageObject","inLanguage":"pt-BR","@id":"https:\/\/www.suno.com.br\/noticias\/presidente-do-banco-do-brasil-seria-melhor-privatizar-o-banco\/#primaryimage","url":"https:\/\/files.sunoresearch.com.br\/n\/uploads\/2019\/02\/74dbe169-rubens-novaes-banco-do-brasil-jpg.webp","contentUrl":"https:\/\/files.sunoresearch.com.br\/n\/uploads\/2019\/02\/74dbe169-rubens-novaes-banco-do-brasil-jpg.webp","width":750,"height":562,"caption":"Rubem Novaes oficializou sua renuncia \u00e0 presidencia do Banco do Brasil"},{"@type":"BreadcrumbList","@id":"https:\/\/www.suno.com.br\/noticias\/presidente-do-banco-do-brasil-seria-melhor-privatizar-o-banco\/#breadcrumb","itemListElement":[{"@type":"ListItem","position":1,"name":"Not\u00edcias","item":"https:\/\/www.suno.com.br\/noticias\/"},{"@type":"ListItem","position":2,"name":"Mercado","item":"https:\/\/www.suno.com.br\/noticias\/mercado\/"},{"@type":"ListItem","position":3,"name":"Presidente do Banco do Brasil: seria melhor privatizar o banco"}]},{"@type":"WebSite","@id":"https:\/\/www.suno.com.br\/noticias\/#website","url":"https:\/\/www.suno.com.br\/noticias\/","name":"Suno Not\u00edcias","description":"Seu portal de informa\u00e7\u00e3o sobre o mundo dos investimentos","publisher":{"@id":"https:\/\/www.suno.com.br\/noticias\/#organization"},"potentialAction":[{"@type":"SearchAction","target":{"@type":"EntryPoint","urlTemplate":"https:\/\/www.suno.com.br\/noticias\/?s={search_term_string}"},"query-input":{"@type":"PropertyValueSpecification","valueRequired":true,"valueName":"search_term_string"}}],"inLanguage":"pt-BR"},{"@type":"Organization","@id":"https:\/\/www.suno.com.br\/noticias\/#organization","name":"Suno Not\u00edcias","url":"https:\/\/www.suno.com.br\/noticias\/","logo":{"@type":"ImageObject","inLanguage":"pt-BR","@id":"https:\/\/www.suno.com.br\/noticias\/#\/schema\/logo\/image\/","url":"https:\/\/files.sunoresearch.com.br\/n\/uploads\/2021\/09\/suno-logo.png","contentUrl":"https:\/\/files.sunoresearch.com.br\/n\/uploads\/2021\/09\/suno-logo.png","width":180,"height":180,"caption":"Suno Not\u00edcias"},"image":{"@id":"https:\/\/www.suno.com.br\/noticias\/#\/schema\/logo\/image\/"},"sameAs":["https:\/\/facebook.com\/sunoresearch","https:\/\/x.com\/sunoresearch","https:\/\/www.instagram.com\/suno","https:\/\/www.linkedin.com\/company\/suno-research\/","https:\/\/www.youtube.com\/c\/sunoresearch"]},{"@type":"Person","@id":"https:\/\/www.suno.com.br\/noticias\/#\/schema\/person\/e6e0f723cc177805027f4566c1d5e0c8","name":"Carlo Cauti","image":{"@type":"ImageObject","inLanguage":"pt-BR","@id":"https:\/\/www.suno.com.br\/noticias\/#\/schema\/person\/image\/","url":"https:\/\/secure.gravatar.com\/avatar\/3ada9e0bd164c23abd4792a9606d583c?s=96&r=g","contentUrl":"https:\/\/secure.gravatar.com\/avatar\/3ada9e0bd164c23abd4792a9606d583c?s=96&r=g","caption":"Carlo Cauti"},"description":"Editor multim\u00eddia do SUNO Not\u00edcias. Italiano, formado em Ci\u00eancias Pol\u00edticas pela universidade LUISS G. Carli de Roma e mestre cum laude em Rela\u00e7\u00f5es Internacionais, Jornalismo Internacional e de Guerra e em Economia Internacional. Concluiu tamb\u00e9m um MBA em Finan\u00e7as na B3. No Brasil, teve passagem por ve\u00edculos como Estad\u00e3o, Globo, Veja e EXAME. e nas ag\u00eancias de not\u00edcias italianas ANSA e NOVA.","url":"https:\/\/www.suno.com.br\/noticias\/author\/carlo-cauti\/"}]}},"default_loop_html":"<div class=\"cardsPage__listCard__boxs\"><div class=\"cardsPage__listCard__boxs__img\"><a href=\"https:\/\/www.suno.com.br\/noticias\/presidente-do-banco-do-brasil-seria-melhor-privatizar-o-banco\/\"><img class=\"mask\" src=\"https:\/\/www.suno.com.br\/noticias\/wp-content\/themes\/suno\/resources\/images\/spotlight\/spotlight1img\/bg-mask.png\" alt=\"Image Mask\"\/><img src=\"https:\/\/files.sunoresearch.com.br\/n\/uploads\/2019\/02\/74dbe169-rubens-novaes-banco-do-brasil-400x200.webp\" alt=\"Presidente do Banco do Brasil: seria melhor privatizar o banco\"\/><\/a><span class=\"spotlightCategory\"><a href=\"https:\/\/www.suno.com.br\/noticias\/mercado\/\">Mercado<\/a><\/span><\/div><div class=\"cardsPage__listCard__boxs__content\"><a href=\"https:\/\/www.suno.com.br\/noticias\/presidente-do-banco-do-brasil-seria-melhor-privatizar-o-banco\/\"><h2 class=\"content__title\">Presidente do Banco do Brasil: seria melhor privatizar o banco<\/h2><\/a><div class=\"newsContent__article__meta\"><div class=\"newsContent__article__meta__authorBox\"><a href=\"https:\/\/www.suno.com.br\/noticias\/author\/carlo-cauti\/\" class=\"authorBox__avatar noMobi\"><img src=\"https:\/\/files.sunoresearch.com.br\/n\/uploads\/2020\/08\/e3745f9a-perfil-carlo-cauti-150x150.webp\" alt=\"Carlo Cauti\"><\/a><div class=\"authorBox__name\"><span>por\n\t\t\t<a href=\"https:\/\/www.suno.com.br\/noticias\/author\/carlo-cauti\/\"><span itemprop=\"author\">Carlo Cauti<\/span><\/a><\/span><time datetime=\"2019-02-15T12:03:47-02:00\" itemprop=\"datePublished\">15\/02\/2019 12:03<\/time><\/div><\/div><\/div><\/div><\/div>","single_layout":"posts","amp_enabled":true,"_links":{"self":[{"href":"https:\/\/www.suno.com.br\/noticias\/wp-json\/wp\/v2\/posts\/15432"}],"collection":[{"href":"https:\/\/www.suno.com.br\/noticias\/wp-json\/wp\/v2\/posts"}],"about":[{"href":"https:\/\/www.suno.com.br\/noticias\/wp-json\/wp\/v2\/types\/post"}],"author":[{"embeddable":true,"href":"https:\/\/www.suno.com.br\/noticias\/wp-json\/wp\/v2\/users\/9"}],"replies":[{"embeddable":true,"href":"https:\/\/www.suno.com.br\/noticias\/wp-json\/wp\/v2\/comments?post=15432"}],"version-history":[{"count":0,"href":"https:\/\/www.suno.com.br\/noticias\/wp-json\/wp\/v2\/posts\/15432\/revisions"}],"wp:featuredmedia":[{"embeddable":true,"href":"https:\/\/www.suno.com.br\/noticias\/wp-json\/wp\/v2\/media\/15443"}],"wp:attachment":[{"href":"https:\/\/www.suno.com.br\/noticias\/wp-json\/wp\/v2\/media?parent=15432"}],"wp:term":[{"taxonomy":"category","embeddable":true,"href":"https:\/\/www.suno.com.br\/noticias\/wp-json\/wp\/v2\/categories?post=15432"},{"taxonomy":"post_tag","embeddable":true,"href":"https:\/\/www.suno.com.br\/noticias\/wp-json\/wp\/v2\/tags?post=15432"},{"taxonomy":"suno_strategy","embeddable":true,"href":"https:\/\/www.suno.com.br\/noticias\/wp-json\/wp\/v2\/suno_strategy?post=15432"}],"curies":[{"name":"wp","href":"https:\/\/api.w.org\/{rel}","templated":true}]}}