{"id":154310,"date":"2021-06-02T19:57:32","date_gmt":"2021-06-02T22:57:32","guid":{"rendered":"https:\/\/www.suno.com.br\/noticias\/?p=154310"},"modified":"2021-06-21T05:27:21","modified_gmt":"2021-06-21T08:27:21","slug":"sp-mantem-rating-brasil-bb-perspectiva-estavel","status":"publish","type":"post","link":"https:\/\/www.suno.com.br\/noticias\/sp-mantem-rating-brasil-bb-perspectiva-estavel\/","title":{"rendered":"S&#038;P mant\u00e9m rating do Brasil em &#8220;BB-&#8220;, com perspectiva est\u00e1vel"},"content":{"rendered":"<p>A <a href=\"https:\/\/www.suno.com.br\/artigos\/standard-and-poors\/\"><strong>S&amp;P Global<\/strong><\/a> reafirmou nesta quarta-feira (2) o rating BB- do Brasil com perspectiva ainda est\u00e1vel. A ag\u00eancia diz que a consolida\u00e7\u00e3o or\u00e7ament\u00e1ria do Pa\u00eds no per\u00edodo entre 2021 a 2024 deve ser &#8220;lenta&#8221;, conforme as press\u00f5es por aumento de gastos &#8220;seguem elevadas&#8221;, enquanto a d\u00edvida geral do governo deve subir para cerca de 75% do <a href=\"https:\/\/www.suno.com.br\/artigos\/pib-produto-interno-bruto\/\">Produto Interno Bruto (PIB)<\/a> em 2024.<\/p>\t<div class=\"wrapper-featured-image\">\n\t\t<figure class=\"spotlightImg\">\n\n\t\t\t<picture>\n\t\t\t\t<source media=\"(max-width: 768px)\" srcset=\"https:\/\/files.sunoresearch.com.br\/n\/uploads\/2021\/05\/2a00c695-flag-742573_1280-400x200.webp\">\n\t\t\t\t<img loading=\"lazy\" decoding=\"async\" class=\"newsContent__article__imgCapa lazyloadDisabled \" src=\"https:\/\/files.sunoresearch.com.br\/n\/uploads\/2021\/05\/2a00c695-flag-742573_1280-800x450.webp\" width=\"800\" height=\"450\" alt=\"S&#038;P mant\u00e9m rating do Brasil em &#8220;BB-&#8220;, com perspectiva est\u00e1vel\" fetchpriority=high \/>\n\t\t\t<\/picture>\n\n\t\t\t<figcaption class=\"wp-caption-text wp-caption-text--show\">Brasil. Foto:  gleidiconrodrigues por Pixabay <\/figcaption>\n\t\t<\/figure>\n\t<\/div>\n\n\n\t<p>\n\t\t<a href=\"https:\/\/lp.suno.com.br\/planilha-controle-gastos\/\" target=\"_blank\" data-element=\"shortcode-suno-banner\" title=\"Banner SUNO, clique e saiba mais\">\n\t\t\t<picture>\n\t\t\t\t<source media=\"(max-width: 500px)\" srcset=\"https:\/\/files.sunoresearch.com.br\/n\/uploads\/2023\/03\/400x300-Planilha-controle-de-gastos.png\">\n\t\t\t\t<img class=\"newsContent__article__imgCapa newsContent__article__imgCapa--banner\"\n\t\t\t\t\tsrc=\"https:\/\/files.sunoresearch.com.br\/n\/uploads\/2023\/03\/1420x240-Planilha-controle-de-gastos.png\"\n\t\t\t\t\tdata-promo-id=\"101751\"\t\t\t\t\t\t\t\t\t\twidth='1420' height='240'\t\t\t\t\talt=\"https:\/\/files.sunoresearch.com.br\/n\/uploads\/2023\/03\/1420x240-Planilha-controle-de-gastos.png\"\n\t\t\t\t>\n\t\t\t<\/picture>\n\t\t<\/a>\n\t<\/p>\n\n\n<p>Para a S&amp;P, exporta\u00e7\u00f5es fortes, que beneficiam um perfil externo resistente do Pa\u00eds, e um quadro de investimento privado mais din\u00e2mico devem impulsionar a retomada econ\u00f4mica brasileira neste ano.<\/p>\n<p>Segundo a ag\u00eancia, a perspectiva est\u00e1vel reflete a expectativa de uma recupera\u00e7\u00e3o em 2021, com &#8220;redu\u00e7\u00e3o gradual&#8221; do d\u00e9ficit fiscal &#8211; o que poderia resultar em um ritmo mais lento de acumula\u00e7\u00e3o de d\u00edvida nos pr\u00f3ximos dois anos -, bem como o &#8220;desempenho externo s\u00f3lido&#8221; do Brasil.<\/p>\n<h2 class=\"Titulo\">S&amp;P prev\u00ea crescimento econ\u00f4mico do Brasil de 4% em 2021<\/h2>\n<p>A S&amp;P Global Ratings prev\u00ea que o Produto Interno Bruto do Brasil se recupere para 4% neste ano. Para o per\u00edodo entre 2022 e 2024, a ag\u00eancia de classifica\u00e7\u00e3o de risco estima uma m\u00e9dia de avan\u00e7o de 2,2% da atividade do Pa\u00eds.<\/p>\n<p>&#8220;Os pre\u00e7os internacionais das commodities se recuperaram com a maior demanda global, suportando uma melhora nos termos de troca do Brasil&#8221;, diz a S&amp;P em relat\u00f3rio.<\/p>\n<p><a href=\"https:\/\/lp.suno.com.br\/suno-one\/\">Suno One: acesse gratuitamente eBooks, Minicursos, Artigos e V\u00eddeo Aulas sobre investimentos com um \u00fanico cadastro. Clique para saber mais!<\/a><\/p>\n<p>O crescimento do PIB neste ano, na avalia\u00e7\u00e3o da ag\u00eancia, ser\u00e1 impulsionado tamb\u00e9m pelos efeitos de base, devido \u00e0 contra\u00e7\u00e3o da atividade em 2020, e \u00e0 posi\u00e7\u00e3o externa favor\u00e1vel.<\/p>\n<p>No entanto, a S&amp;P pondera que a &#8220;natureza duradoura&#8221; da pandemia de covid-19 cria uma incerteza &#8220;significativa&#8221; para o desempenho econ\u00f4mico e fiscal do Brasil no <a class=\"suno-keyword\" href=\"https:\/\/www.suno.com.br\/artigos\/curto-prazo\/\" target=\"_blank\" rel=\"noopener noreferrer\" data-force=\"no\" data-priority=\"1\">curto prazo<\/a>.<\/p>\n<p>&#8220;O ritmo de recupera\u00e7\u00e3o da demanda dom\u00e9stica depender\u00e1 em grande parte da capacidade das autoridades de distribuir efetivamente a vacina&#8221;, afirma a ag\u00eancia.<\/p>\n<p>Segundo a S&amp;P, a aprova\u00e7\u00e3o de reformas microecon\u00f4micas no Brasil em v\u00e1rios setores, assim como as condi\u00e7\u00f5es externas benignas e um &#8220;grande&#8221; programa de concess\u00f5es, deve ser um &#8220;bom press\u00e1gio&#8221; para o investimento. &#8220;Ainda assim, a acelera\u00e7\u00e3o da infla\u00e7\u00e3o e o ciclo de aperto monet\u00e1rio podem prejudicar a retomada da atividade econ\u00f4mica.&#8221;<\/p>\n<h2>Fraqueza fiscal persistente seria negativo, mas melhora pode elevar rating<\/h2>\n<p>A S&amp;P Global considera que uma &#8220;modesta melhora&#8221; na <a href=\"https:\/\/www.suno.com.br\/artigos\/politica-fiscal\/\">trajet\u00f3ria fiscal<\/a> e os colch\u00f5es fiscais &#8220;elevados&#8221; ajudar\u00e3o a preservar a confian\u00e7a do mercado no Brasil, bem como as condi\u00e7\u00f5es de financiamento adequadas para o governo em mercados locais.<\/p>\n\t<p>\n\t\t<a href=\"https:\/\/lp.suno.com.br\/planilha-da-vida-financeira\/\" target=\"_blank\" data-element=\"shortcode-suno-banner\" title=\"Banner SUNO, clique e saiba mais\">\n\t\t\t<picture>\n\t\t\t\t<source media=\"(max-width: 500px)\" srcset=\"https:\/\/files.sunoresearch.com.br\/n\/uploads\/2023\/04\/400x300-Planilha-vida-financeira-true.png\">\n\t\t\t\t<img class=\"newsContent__article__imgCapa newsContent__article__imgCapa--banner\"\n\t\t\t\t\tsrc=\"https:\/\/files.sunoresearch.com.br\/n\/uploads\/2023\/04\/1420x240-Planilha-vida-financeira-true.png\"\n\t\t\t\t\tdata-promo-id=\"106682\"\t\t\t\t\t\t\t\t\t\twidth='1420' height='240'\t\t\t\t\talt=\"https:\/\/files.sunoresearch.com.br\/n\/uploads\/2023\/04\/1420x240-Planilha-vida-financeira-true.png\"\n\t\t\t\t>\n\t\t\t<\/picture>\n\t\t<\/a>\n\t<\/p>\n\n\n<p>Em um cen\u00e1rio negativo, a S&amp;P Global diz que a fraqueza fiscal persistente ao longo dos pr\u00f3ximos dois anos, com crescimento fraco e rea\u00e7\u00e3o pol\u00edtica lenta, pode se traduzir em mais press\u00f5es de financiamento para o governo e em maiores custos da d\u00edvida e da <a href=\"https:\/\/www.suno.com.br\/artigos\/inflacao\/\">infla\u00e7\u00e3o<\/a>.<\/p>\n<p>&#8220;Isso poderia levar a ratings mais baixos, em particular caso gere um perfil fiscal fraco de modo persistente que seja um ponto fora da curva na compara\u00e7\u00e3o com a maioria dos pares globais, ou se minar avan\u00e7os na credibilidade e flexibilidade da <a class=\"suno-keyword\" href=\"https:\/\/www.suno.com.br\/artigos\/politica-monetaria\/\" target=\"_blank\" rel=\"noopener noreferrer\" data-force=\"no\" data-priority=\"1\">pol\u00edtica monet\u00e1ria<\/a> ou enfraquecer o perfil externo do Brasil&#8221;, adverte.<\/p>\n<p>Por outro lado, os ratings podem ser elevados nos pr\u00f3ximos dois anos se o desempenho fiscal do Brasil melhorar de modo consideravelmente mais r\u00e1pido do que o esperado, reduzindo a acumula\u00e7\u00e3o da d\u00edvida do governo no m\u00e9dio prazo. &#8220;Isso poderia vir do crescimento mais forte ou do avan\u00e7o de reformas estruturais fiscais e na produtividade planejadas&#8221;, diz a ag\u00eancia.<\/p>\n<h2>Para S&amp;P, elei\u00e7\u00e3o cria incerteza quanto \u00e0s pol\u00edticas econ\u00f4micas e fiscais<\/h2>\n<p>A S&amp;P Global diz que a elei\u00e7\u00e3o presidencial de outubro de 2022 &#8220;cria incerteza sobre as pol\u00edticas econ\u00f4mica e fiscal, em um panorama pol\u00edtico altamente polarizado&#8221;. Em comunicado, a ag\u00eancia afirma que ser\u00e1 algo &#8220;desafiador&#8221; avan\u00e7ar na consolida\u00e7\u00e3o fiscal e em reformas, conforme a disputa nas urnas se aproxime &#8220;e conforme os riscos em torno do rumo da pandemia persistir&#8221;.<\/p>\n<p>Na avalia\u00e7\u00e3o da ag\u00eancia, o presidente da Rep\u00fablica, Jair Bolsonaro, e o ex-presidente Luiz In\u00e1cio Lula da Silva devem ser candidatos competitivos, apesar de seus altos \u00edndices de rejei\u00e7\u00e3o. &#8220;As iniciativas pol\u00edticas p\u00f3s-elei\u00e7\u00e3o e a capacidade de formular coaliz\u00f5es fortes ser\u00e3o cruciais para o cr\u00e9dito do Brasil&#8221;, ressalta.<\/p>\n<p>Atualmente, a S&amp;P Global considera que a falta de uma coaliz\u00e3o &#8220;s\u00f3lida e est\u00e1vel&#8221; no Congresso e a press\u00e3o para manter gastos elevados em resposta \u00e0 pandemia representam desafios substanciais para o Pa\u00eds avan\u00e7ar na agenda econ\u00f4mica e fiscal, em particular pois v\u00e1rias reformas requerem emendas na Constitui\u00e7\u00e3o.<\/p>\n<p>A ag\u00eancia diz n\u00e3o esperar progressos importantes nas &#8220;complexas reformas fiscais&#8221; nos pr\u00f3ximos dois anos, diante do quadro econ\u00f4mico e pol\u00edtico desafiador, mas sim algumas mudan\u00e7as, como uma reforma em regras para o servi\u00e7o p\u00fablico para novos funcion\u00e1rios e em medidas para reduzir a complexidade da <a class=\"suno-keyword\" href=\"https:\/\/www.suno.com.br\/artigos\/carga-tributaria\/\" target=\"_blank\" rel=\"noopener noreferrer\" data-force=\"no\" data-priority=\"1\">carga tribut\u00e1ria<\/a>, o que poderia aliviar a press\u00e3o sobre as finan\u00e7as p\u00fablicas e impulsionar o investimento privado no m\u00e9dio prazo, na opini\u00e3o da<strong> S&amp;P Global<\/strong>.<\/p>\n\t<p>\n\t\t<a href=\"https:\/\/lp.suno.com.br\/planilha-de-controle-de-investimentos\/\" target=\"_blank\" data-element=\"shortcode-suno-banner\" title=\"Banner SUNO, clique e saiba mais\">\n\t\t\t<picture>\n\t\t\t\t<source media=\"(max-width: 500px)\" srcset=\"https:\/\/files.sunoresearch.com.br\/n\/uploads\/2023\/03\/400x300-Controle-de-Investimentos.png\">\n\t\t\t\t<img class=\"newsContent__article__imgCapa newsContent__article__imgCapa--banner\"\n\t\t\t\t\tsrc=\"https:\/\/files.sunoresearch.com.br\/n\/uploads\/2023\/03\/1420x240-Controle-de-Investimentos.png\"\n\t\t\t\t\tdata-promo-id=\"75934\"\t\t\t\t\t\t\t\t\t\twidth='1420' height='240'\t\t\t\t\talt=\"https:\/\/files.sunoresearch.com.br\/n\/uploads\/2023\/03\/1420x240-Controle-de-Investimentos.png\"\n\t\t\t\t>\n\t\t\t<\/picture>\n\t\t<\/a>\n\t<\/p>\n\n\n","protected":false},"excerpt":{"rendered":"<p>A S&amp;P Global reafirmou nesta quarta-feira (2) o rating BB- do Brasil com perspectiva ainda est\u00e1vel. A ag\u00eancia diz que a consolida\u00e7\u00e3o or\u00e7ament\u00e1ria do Pa\u00eds no per\u00edodo entre 2021 a 2024 deve ser &#8220;lenta&#8221;, conforme as press\u00f5es por aumento de gastos &#8220;seguem elevadas&#8221;, enquanto a d\u00edvida geral do governo deve subir para cerca de 75% [&hellip;]<\/p>\n","protected":false},"author":56,"featured_media":151500,"comment_status":"closed","ping_status":"closed","sticky":false,"template":"","format":"standard","meta":[],"categories":[62],"tags":[1034,740,2337],"suno_strategy":[],"class_list":["post-154310","post","type-post","status-publish","format-standard","has-post-thumbnail","hentry","category-economia","tag-classificacao-de-risco-rating","tag-economia","tag-standard-poors-sp"],"yoast_head":"<!-- This site is optimized with the Yoast SEO plugin v24.4 - https:\/\/yoast.com\/wordpress\/plugins\/seo\/ -->\n<title>S&amp;P mant\u00e9m rating do Brasil em &quot;BB-&quot;, com perspectiva est\u00e1vel<\/title>\n<meta name=\"description\" content=\"A S&amp;P Global Ratings prev\u00ea ainda que o Produto Interno Bruto do Brasil se recupere para 4% neste ano. Clique aqui para saber mais.\" \/>\n<meta name=\"robots\" content=\"index, follow, max-snippet:-1, max-image-preview:large, max-video-preview:-1\" \/>\n<link rel=\"canonical\" href=\"https:\/\/www.suno.com.br\/noticias\/sp-mantem-rating-brasil-bb-perspectiva-estavel\/\" \/>\n<meta property=\"og:locale\" content=\"pt_BR\" \/>\n<meta property=\"og:type\" content=\"article\" \/>\n<meta property=\"og:title\" content=\"S&amp;P mant\u00e9m rating do Brasil em &quot;BB-&quot;, com perspectiva est\u00e1vel\" \/>\n<meta property=\"og:description\" content=\"A S&amp;P Global Ratings prev\u00ea ainda que o Produto Interno Bruto do Brasil se recupere para 4% neste ano. Clique aqui para saber mais.\" \/>\n<meta property=\"og:url\" content=\"https:\/\/www.suno.com.br\/noticias\/sp-mantem-rating-brasil-bb-perspectiva-estavel\/\" \/>\n<meta property=\"og:site_name\" content=\"Suno Not\u00edcias\" \/>\n<meta property=\"article:publisher\" content=\"https:\/\/facebook.com\/sunoresearch\" \/>\n<meta property=\"og:image\" content=\"https:\/\/files.sunoresearch.com.br\/n\/uploads\/2021\/05\/2a00c695-flag-742573_1280.jpg\" \/>\n\t<meta property=\"og:image:width\" content=\"1280\" \/>\n\t<meta property=\"og:image:height\" content=\"853\" \/>\n\t<meta property=\"og:image:type\" content=\"image\/jpeg\" \/>\n<meta name=\"author\" content=\"Rafaela La Regina\" \/>\n<meta name=\"twitter:card\" content=\"summary_large_image\" \/>\n<meta name=\"twitter:creator\" content=\"@sunoresearch\" \/>\n<meta name=\"twitter:site\" content=\"@sunoresearch\" \/>\n<meta name=\"twitter:label1\" content=\"Escrito por\" \/>\n\t<meta name=\"twitter:data1\" content=\"Rafaela La Regina\" \/>\n\t<meta name=\"twitter:label2\" content=\"Est. tempo de leitura\" \/>\n\t<meta name=\"twitter:data2\" content=\"5 minutos\" \/>\n<script type=\"application\/ld+json\" class=\"yoast-schema-graph\">{\"@context\":\"https:\/\/schema.org\",\"@graph\":[{\"@type\":\"NewsArticle\",\"@id\":\"https:\/\/www.suno.com.br\/noticias\/sp-mantem-rating-brasil-bb-perspectiva-estavel\/#article\",\"isPartOf\":{\"@id\":\"https:\/\/www.suno.com.br\/noticias\/sp-mantem-rating-brasil-bb-perspectiva-estavel\/\"},\"author\":{\"name\":\"Rafaela La Regina\",\"@id\":\"https:\/\/www.suno.com.br\/noticias\/#\/schema\/person\/e672ca8cea627fe715fa29bca7da95e0\"},\"headline\":\"S&#038;P mant\u00e9m rating do Brasil em &#8220;BB-&#8220;, com perspectiva est\u00e1vel\",\"datePublished\":\"2021-06-02T22:57:32+00:00\",\"dateModified\":\"2021-06-21T08:27:21+00:00\",\"mainEntityOfPage\":{\"@id\":\"https:\/\/www.suno.com.br\/noticias\/sp-mantem-rating-brasil-bb-perspectiva-estavel\/\"},\"wordCount\":962,\"publisher\":{\"@id\":\"https:\/\/www.suno.com.br\/noticias\/#organization\"},\"image\":{\"@id\":\"https:\/\/www.suno.com.br\/noticias\/sp-mantem-rating-brasil-bb-perspectiva-estavel\/#primaryimage\"},\"thumbnailUrl\":\"https:\/\/files.sunoresearch.com.br\/n\/uploads\/2021\/05\/2a00c695-flag-742573_1280-jpg.webp\",\"keywords\":[\"Classifica\u00e7\u00e3o de Risco (Rating)\",\"Economia\",\"Standard &amp; Poor's (S&amp;P)\"],\"articleSection\":[\"Economia\"],\"inLanguage\":\"pt-BR\"},{\"@type\":\"WebPage\",\"@id\":\"https:\/\/www.suno.com.br\/noticias\/sp-mantem-rating-brasil-bb-perspectiva-estavel\/\",\"url\":\"https:\/\/www.suno.com.br\/noticias\/sp-mantem-rating-brasil-bb-perspectiva-estavel\/\",\"name\":\"S&P mant\u00e9m rating do Brasil em \\\"BB-\\\", com perspectiva est\u00e1vel\",\"isPartOf\":{\"@id\":\"https:\/\/www.suno.com.br\/noticias\/#website\"},\"primaryImageOfPage\":{\"@id\":\"https:\/\/www.suno.com.br\/noticias\/sp-mantem-rating-brasil-bb-perspectiva-estavel\/#primaryimage\"},\"image\":{\"@id\":\"https:\/\/www.suno.com.br\/noticias\/sp-mantem-rating-brasil-bb-perspectiva-estavel\/#primaryimage\"},\"thumbnailUrl\":\"https:\/\/files.sunoresearch.com.br\/n\/uploads\/2021\/05\/2a00c695-flag-742573_1280-jpg.webp\",\"datePublished\":\"2021-06-02T22:57:32+00:00\",\"dateModified\":\"2021-06-21T08:27:21+00:00\",\"description\":\"A S&P Global Ratings prev\u00ea ainda que o Produto Interno Bruto do Brasil se recupere para 4% neste ano. Clique aqui para saber mais.\",\"breadcrumb\":{\"@id\":\"https:\/\/www.suno.com.br\/noticias\/sp-mantem-rating-brasil-bb-perspectiva-estavel\/#breadcrumb\"},\"inLanguage\":\"pt-BR\",\"potentialAction\":[{\"@type\":\"ReadAction\",\"target\":[\"https:\/\/www.suno.com.br\/noticias\/sp-mantem-rating-brasil-bb-perspectiva-estavel\/\"]}]},{\"@type\":\"ImageObject\",\"inLanguage\":\"pt-BR\",\"@id\":\"https:\/\/www.suno.com.br\/noticias\/sp-mantem-rating-brasil-bb-perspectiva-estavel\/#primaryimage\",\"url\":\"https:\/\/files.sunoresearch.com.br\/n\/uploads\/2021\/05\/2a00c695-flag-742573_1280-jpg.webp\",\"contentUrl\":\"https:\/\/files.sunoresearch.com.br\/n\/uploads\/2021\/05\/2a00c695-flag-742573_1280-jpg.webp\",\"width\":1280,\"height\":853,\"caption\":\"Brasil. Foto: gleidiconrodrigues por Pixabay\"},{\"@type\":\"BreadcrumbList\",\"@id\":\"https:\/\/www.suno.com.br\/noticias\/sp-mantem-rating-brasil-bb-perspectiva-estavel\/#breadcrumb\",\"itemListElement\":[{\"@type\":\"ListItem\",\"position\":1,\"name\":\"Not\u00edcias\",\"item\":\"https:\/\/www.suno.com.br\/noticias\/\"},{\"@type\":\"ListItem\",\"position\":2,\"name\":\"Economia\",\"item\":\"https:\/\/www.suno.com.br\/noticias\/economia\/\"},{\"@type\":\"ListItem\",\"position\":3,\"name\":\"S&#038;P mant\u00e9m rating do Brasil em &#8220;BB-&#8220;, com perspectiva est\u00e1vel\"}]},{\"@type\":\"WebSite\",\"@id\":\"https:\/\/www.suno.com.br\/noticias\/#website\",\"url\":\"https:\/\/www.suno.com.br\/noticias\/\",\"name\":\"Suno Not\u00edcias\",\"description\":\"Seu portal de informa\u00e7\u00e3o sobre o mundo dos investimentos\",\"publisher\":{\"@id\":\"https:\/\/www.suno.com.br\/noticias\/#organization\"},\"potentialAction\":[{\"@type\":\"SearchAction\",\"target\":{\"@type\":\"EntryPoint\",\"urlTemplate\":\"https:\/\/www.suno.com.br\/noticias\/?s={search_term_string}\"},\"query-input\":{\"@type\":\"PropertyValueSpecification\",\"valueRequired\":true,\"valueName\":\"search_term_string\"}}],\"inLanguage\":\"pt-BR\"},{\"@type\":\"Organization\",\"@id\":\"https:\/\/www.suno.com.br\/noticias\/#organization\",\"name\":\"Suno Not\u00edcias\",\"url\":\"https:\/\/www.suno.com.br\/noticias\/\",\"logo\":{\"@type\":\"ImageObject\",\"inLanguage\":\"pt-BR\",\"@id\":\"https:\/\/www.suno.com.br\/noticias\/#\/schema\/logo\/image\/\",\"url\":\"https:\/\/files.sunoresearch.com.br\/n\/uploads\/2021\/09\/suno-logo.png\",\"contentUrl\":\"https:\/\/files.sunoresearch.com.br\/n\/uploads\/2021\/09\/suno-logo.png\",\"width\":180,\"height\":180,\"caption\":\"Suno Not\u00edcias\"},\"image\":{\"@id\":\"https:\/\/www.suno.com.br\/noticias\/#\/schema\/logo\/image\/\"},\"sameAs\":[\"https:\/\/facebook.com\/sunoresearch\",\"https:\/\/x.com\/sunoresearch\",\"https:\/\/www.instagram.com\/suno\",\"https:\/\/www.linkedin.com\/company\/suno-research\/\",\"https:\/\/www.youtube.com\/c\/sunoresearch\"]},{\"@type\":\"Person\",\"@id\":\"https:\/\/www.suno.com.br\/noticias\/#\/schema\/person\/e672ca8cea627fe715fa29bca7da95e0\",\"name\":\"Rafaela La Regina\",\"image\":{\"@type\":\"ImageObject\",\"inLanguage\":\"pt-BR\",\"@id\":\"https:\/\/www.suno.com.br\/noticias\/#\/schema\/person\/image\/\",\"url\":\"https:\/\/secure.gravatar.com\/avatar\/d2c75a52d243deb93d0465fdcb21bd37?s=96&r=g\",\"contentUrl\":\"https:\/\/secure.gravatar.com\/avatar\/d2c75a52d243deb93d0465fdcb21bd37?s=96&r=g\",\"caption\":\"Rafaela La Regina\"},\"description\":\"Estagi\u00e1ria no Suno Not\u00edcias. Escreve sobre economia, pol\u00edtica e neg\u00f3cios. Estuda Rela\u00e7\u00f5es Internacionais no IBMEC-SP.\",\"url\":\"https:\/\/www.suno.com.br\/noticias\/author\/rafaela-la-regina\/\"}]}<\/script>\n<!-- \/ Yoast SEO plugin. -->","yoast_head_json":{"title":"S&P mant\u00e9m rating do Brasil em \"BB-\", com perspectiva est\u00e1vel","description":"A S&P Global Ratings prev\u00ea ainda que o Produto Interno Bruto do Brasil se recupere para 4% neste ano. Clique aqui para saber mais.","robots":{"index":"index","follow":"follow","max-snippet":"max-snippet:-1","max-image-preview":"max-image-preview:large","max-video-preview":"max-video-preview:-1"},"canonical":"https:\/\/www.suno.com.br\/noticias\/sp-mantem-rating-brasil-bb-perspectiva-estavel\/","og_locale":"pt_BR","og_type":"article","og_title":"S&P mant\u00e9m rating do Brasil em \"BB-\", com perspectiva est\u00e1vel","og_description":"A S&P Global Ratings prev\u00ea ainda que o Produto Interno Bruto do Brasil se recupere para 4% neste ano. Clique aqui para saber mais.","og_url":"https:\/\/www.suno.com.br\/noticias\/sp-mantem-rating-brasil-bb-perspectiva-estavel\/","og_site_name":"Suno Not\u00edcias","article_publisher":"https:\/\/facebook.com\/sunoresearch","og_image":[{"width":1280,"height":853,"url":"https:\/\/files.sunoresearch.com.br\/n\/uploads\/2021\/05\/2a00c695-flag-742573_1280.jpg","type":"image\/jpeg"}],"author":"Rafaela La Regina","twitter_card":"summary_large_image","twitter_creator":"@sunoresearch","twitter_site":"@sunoresearch","twitter_misc":{"Escrito por":"Rafaela La Regina","Est. tempo de leitura":"5 minutos"},"schema":{"@context":"https:\/\/schema.org","@graph":[{"@type":"NewsArticle","@id":"https:\/\/www.suno.com.br\/noticias\/sp-mantem-rating-brasil-bb-perspectiva-estavel\/#article","isPartOf":{"@id":"https:\/\/www.suno.com.br\/noticias\/sp-mantem-rating-brasil-bb-perspectiva-estavel\/"},"author":{"name":"Rafaela La Regina","@id":"https:\/\/www.suno.com.br\/noticias\/#\/schema\/person\/e672ca8cea627fe715fa29bca7da95e0"},"headline":"S&#038;P mant\u00e9m rating do Brasil em &#8220;BB-&#8220;, com perspectiva est\u00e1vel","datePublished":"2021-06-02T22:57:32+00:00","dateModified":"2021-06-21T08:27:21+00:00","mainEntityOfPage":{"@id":"https:\/\/www.suno.com.br\/noticias\/sp-mantem-rating-brasil-bb-perspectiva-estavel\/"},"wordCount":962,"publisher":{"@id":"https:\/\/www.suno.com.br\/noticias\/#organization"},"image":{"@id":"https:\/\/www.suno.com.br\/noticias\/sp-mantem-rating-brasil-bb-perspectiva-estavel\/#primaryimage"},"thumbnailUrl":"https:\/\/files.sunoresearch.com.br\/n\/uploads\/2021\/05\/2a00c695-flag-742573_1280-jpg.webp","keywords":["Classifica\u00e7\u00e3o de Risco (Rating)","Economia","Standard &amp; Poor's (S&amp;P)"],"articleSection":["Economia"],"inLanguage":"pt-BR"},{"@type":"WebPage","@id":"https:\/\/www.suno.com.br\/noticias\/sp-mantem-rating-brasil-bb-perspectiva-estavel\/","url":"https:\/\/www.suno.com.br\/noticias\/sp-mantem-rating-brasil-bb-perspectiva-estavel\/","name":"S&P mant\u00e9m rating do Brasil em \"BB-\", com perspectiva est\u00e1vel","isPartOf":{"@id":"https:\/\/www.suno.com.br\/noticias\/#website"},"primaryImageOfPage":{"@id":"https:\/\/www.suno.com.br\/noticias\/sp-mantem-rating-brasil-bb-perspectiva-estavel\/#primaryimage"},"image":{"@id":"https:\/\/www.suno.com.br\/noticias\/sp-mantem-rating-brasil-bb-perspectiva-estavel\/#primaryimage"},"thumbnailUrl":"https:\/\/files.sunoresearch.com.br\/n\/uploads\/2021\/05\/2a00c695-flag-742573_1280-jpg.webp","datePublished":"2021-06-02T22:57:32+00:00","dateModified":"2021-06-21T08:27:21+00:00","description":"A S&P Global Ratings prev\u00ea ainda que o Produto Interno Bruto do Brasil se recupere para 4% neste ano. Clique aqui para saber mais.","breadcrumb":{"@id":"https:\/\/www.suno.com.br\/noticias\/sp-mantem-rating-brasil-bb-perspectiva-estavel\/#breadcrumb"},"inLanguage":"pt-BR","potentialAction":[{"@type":"ReadAction","target":["https:\/\/www.suno.com.br\/noticias\/sp-mantem-rating-brasil-bb-perspectiva-estavel\/"]}]},{"@type":"ImageObject","inLanguage":"pt-BR","@id":"https:\/\/www.suno.com.br\/noticias\/sp-mantem-rating-brasil-bb-perspectiva-estavel\/#primaryimage","url":"https:\/\/files.sunoresearch.com.br\/n\/uploads\/2021\/05\/2a00c695-flag-742573_1280-jpg.webp","contentUrl":"https:\/\/files.sunoresearch.com.br\/n\/uploads\/2021\/05\/2a00c695-flag-742573_1280-jpg.webp","width":1280,"height":853,"caption":"Brasil. Foto: gleidiconrodrigues por Pixabay"},{"@type":"BreadcrumbList","@id":"https:\/\/www.suno.com.br\/noticias\/sp-mantem-rating-brasil-bb-perspectiva-estavel\/#breadcrumb","itemListElement":[{"@type":"ListItem","position":1,"name":"Not\u00edcias","item":"https:\/\/www.suno.com.br\/noticias\/"},{"@type":"ListItem","position":2,"name":"Economia","item":"https:\/\/www.suno.com.br\/noticias\/economia\/"},{"@type":"ListItem","position":3,"name":"S&#038;P mant\u00e9m rating do Brasil em &#8220;BB-&#8220;, com perspectiva est\u00e1vel"}]},{"@type":"WebSite","@id":"https:\/\/www.suno.com.br\/noticias\/#website","url":"https:\/\/www.suno.com.br\/noticias\/","name":"Suno Not\u00edcias","description":"Seu portal de informa\u00e7\u00e3o sobre o mundo dos investimentos","publisher":{"@id":"https:\/\/www.suno.com.br\/noticias\/#organization"},"potentialAction":[{"@type":"SearchAction","target":{"@type":"EntryPoint","urlTemplate":"https:\/\/www.suno.com.br\/noticias\/?s={search_term_string}"},"query-input":{"@type":"PropertyValueSpecification","valueRequired":true,"valueName":"search_term_string"}}],"inLanguage":"pt-BR"},{"@type":"Organization","@id":"https:\/\/www.suno.com.br\/noticias\/#organization","name":"Suno Not\u00edcias","url":"https:\/\/www.suno.com.br\/noticias\/","logo":{"@type":"ImageObject","inLanguage":"pt-BR","@id":"https:\/\/www.suno.com.br\/noticias\/#\/schema\/logo\/image\/","url":"https:\/\/files.sunoresearch.com.br\/n\/uploads\/2021\/09\/suno-logo.png","contentUrl":"https:\/\/files.sunoresearch.com.br\/n\/uploads\/2021\/09\/suno-logo.png","width":180,"height":180,"caption":"Suno Not\u00edcias"},"image":{"@id":"https:\/\/www.suno.com.br\/noticias\/#\/schema\/logo\/image\/"},"sameAs":["https:\/\/facebook.com\/sunoresearch","https:\/\/x.com\/sunoresearch","https:\/\/www.instagram.com\/suno","https:\/\/www.linkedin.com\/company\/suno-research\/","https:\/\/www.youtube.com\/c\/sunoresearch"]},{"@type":"Person","@id":"https:\/\/www.suno.com.br\/noticias\/#\/schema\/person\/e672ca8cea627fe715fa29bca7da95e0","name":"Rafaela La Regina","image":{"@type":"ImageObject","inLanguage":"pt-BR","@id":"https:\/\/www.suno.com.br\/noticias\/#\/schema\/person\/image\/","url":"https:\/\/secure.gravatar.com\/avatar\/d2c75a52d243deb93d0465fdcb21bd37?s=96&r=g","contentUrl":"https:\/\/secure.gravatar.com\/avatar\/d2c75a52d243deb93d0465fdcb21bd37?s=96&r=g","caption":"Rafaela La Regina"},"description":"Estagi\u00e1ria no Suno Not\u00edcias. Escreve sobre economia, pol\u00edtica e neg\u00f3cios. Estuda Rela\u00e7\u00f5es Internacionais no IBMEC-SP.","url":"https:\/\/www.suno.com.br\/noticias\/author\/rafaela-la-regina\/"}]}},"default_loop_html":"<div class=\"cardsPage__listCard__boxs\"><div class=\"cardsPage__listCard__boxs__img\"><a href=\"https:\/\/www.suno.com.br\/noticias\/sp-mantem-rating-brasil-bb-perspectiva-estavel\/\"><img class=\"mask\" src=\"https:\/\/www.suno.com.br\/noticias\/wp-content\/themes\/suno\/resources\/images\/spotlight\/spotlight1img\/bg-mask.png\" alt=\"Image Mask\"\/><img src=\"https:\/\/files.sunoresearch.com.br\/n\/uploads\/2021\/05\/2a00c695-flag-742573_1280-400x200.webp\" alt=\"S&#038;P mant\u00e9m rating do Brasil em &#8220;BB-&#8220;, com perspectiva est\u00e1vel\"\/><\/a><span class=\"spotlightCategory\"><a href=\"https:\/\/www.suno.com.br\/noticias\/economia\/\">Economia<\/a><\/span><\/div><div class=\"cardsPage__listCard__boxs__content\"><a href=\"https:\/\/www.suno.com.br\/noticias\/sp-mantem-rating-brasil-bb-perspectiva-estavel\/\"><h2 class=\"content__title\">S&#038;P mant\u00e9m rating do Brasil em &#8220;BB-&#8220;, com perspectiva est\u00e1vel<\/h2><\/a><div class=\"newsContent__article__meta\"><div class=\"newsContent__article__meta__authorBox\"><a href=\"https:\/\/www.suno.com.br\/noticias\/author\/rafaela-la-regina\/\" class=\"authorBox__avatar noMobi\"><img src=\"https:\/\/secure.gravatar.com\/avatar\/d2c75a52d243deb93d0465fdcb21bd37?s=96&#038;r=g\" alt=\"Rafaela La Regina\"><\/a><div class=\"authorBox__name\"><span>por\n\t\t\t<a href=\"https:\/\/www.suno.com.br\/noticias\/author\/rafaela-la-regina\/\"><span itemprop=\"author\">Rafaela La Regina<\/span><\/a><\/span><time datetime=\"2021-06-02T19:57:32-03:00\" itemprop=\"datePublished\">02\/06\/2021 19:57<\/time><\/div><\/div><\/div><\/div><\/div>","single_layout":"posts","amp_enabled":true,"_links":{"self":[{"href":"https:\/\/www.suno.com.br\/noticias\/wp-json\/wp\/v2\/posts\/154310"}],"collection":[{"href":"https:\/\/www.suno.com.br\/noticias\/wp-json\/wp\/v2\/posts"}],"about":[{"href":"https:\/\/www.suno.com.br\/noticias\/wp-json\/wp\/v2\/types\/post"}],"author":[{"embeddable":true,"href":"https:\/\/www.suno.com.br\/noticias\/wp-json\/wp\/v2\/users\/56"}],"replies":[{"embeddable":true,"href":"https:\/\/www.suno.com.br\/noticias\/wp-json\/wp\/v2\/comments?post=154310"}],"version-history":[{"count":1,"href":"https:\/\/www.suno.com.br\/noticias\/wp-json\/wp\/v2\/posts\/154310\/revisions"}],"predecessor-version":[{"id":154316,"href":"https:\/\/www.suno.com.br\/noticias\/wp-json\/wp\/v2\/posts\/154310\/revisions\/154316"}],"wp:featuredmedia":[{"embeddable":true,"href":"https:\/\/www.suno.com.br\/noticias\/wp-json\/wp\/v2\/media\/151500"}],"wp:attachment":[{"href":"https:\/\/www.suno.com.br\/noticias\/wp-json\/wp\/v2\/media?parent=154310"}],"wp:term":[{"taxonomy":"category","embeddable":true,"href":"https:\/\/www.suno.com.br\/noticias\/wp-json\/wp\/v2\/categories?post=154310"},{"taxonomy":"post_tag","embeddable":true,"href":"https:\/\/www.suno.com.br\/noticias\/wp-json\/wp\/v2\/tags?post=154310"},{"taxonomy":"suno_strategy","embeddable":true,"href":"https:\/\/www.suno.com.br\/noticias\/wp-json\/wp\/v2\/suno_strategy?post=154310"}],"curies":[{"name":"wp","href":"https:\/\/api.w.org\/{rel}","templated":true}]}}