{"id":154217,"date":"2021-06-02T17:39:03","date_gmt":"2021-06-02T20:39:03","guid":{"rendered":"https:\/\/www.suno.com.br\/noticias\/?p=154217"},"modified":"2021-06-02T17:39:03","modified_gmt":"2021-06-02T20:39:03","slug":"bce-planos-recuperacao-ue-encorajadores","status":"publish","type":"post","link":"https:\/\/www.suno.com.br\/noticias\/bce-planos-recuperacao-ue-encorajadores\/","title":{"rendered":"Para BCE, planos para recupera\u00e7\u00e3o na UE apresentados at\u00e9 agora s\u00e3o encorajadores"},"content":{"rendered":"<p>A presidente do <a href=\"https:\/\/www.suno.com.br\/artigos\/bce\/\">Banco Central Europeu (<strong>BCE<\/strong>)<\/a>, Christine Lagarde, considerou &#8220;encorajadores&#8221; os planos de recupera\u00e7\u00e3o apresentados at\u00e9 agora \u00e0 Comiss\u00e3o Europeia pelos pa\u00edses da Uni\u00e3o Europeia. &#8220;Todas as maiores economias est\u00e3o planejando dedicar ao menos 20% de seus gastos em digitaliza\u00e7\u00e3o e cerca de 40% em transi\u00e7\u00e3o energ\u00e9tica e infraestrutura verde&#8221;, apontou.<\/p>\t<div class=\"wrapper-featured-image\">\n\t\t<figure class=\"spotlightImg\">\n\n\t\t\t<picture>\n\t\t\t\t<source media=\"(max-width: 768px)\" srcset=\"https:\/\/files.sunoresearch.com.br\/n\/uploads\/2021\/04\/07dfe73c-euro-1256252_1280-400x200.webp\">\n\t\t\t\t<img loading=\"lazy\" decoding=\"async\" class=\"newsContent__article__imgCapa lazyloadDisabled \" src=\"https:\/\/files.sunoresearch.com.br\/n\/uploads\/2021\/04\/07dfe73c-euro-1256252_1280-800x450.webp\" width=\"800\" height=\"450\" alt=\"Para BCE, planos para recupera\u00e7\u00e3o na UE apresentados at\u00e9 agora s\u00e3o encorajadores\" fetchpriority=high \/>\n\t\t\t<\/picture>\n\n\t\t\t<figcaption class=\"wp-caption-text wp-caption-text--show\">BCE. Foto: Pixabay<\/figcaption>\n\t\t<\/figure>\n\t<\/div>\n\n\n\t<p>\n\t\t<a href=\"https:\/\/lp.suno.com.br\/planilha-controle-gastos\/\" target=\"_blank\" data-element=\"shortcode-suno-banner\" title=\"Banner SUNO, clique e saiba mais\">\n\t\t\t<picture>\n\t\t\t\t<source media=\"(max-width: 500px)\" srcset=\"https:\/\/files.sunoresearch.com.br\/n\/uploads\/2023\/03\/400x300-Planilha-controle-de-gastos.png\">\n\t\t\t\t<img class=\"newsContent__article__imgCapa newsContent__article__imgCapa--banner\"\n\t\t\t\t\tsrc=\"https:\/\/files.sunoresearch.com.br\/n\/uploads\/2023\/03\/1420x240-Planilha-controle-de-gastos.png\"\n\t\t\t\t\tdata-promo-id=\"101751\"\t\t\t\t\t\t\t\t\t\twidth='1420' height='240'\t\t\t\t\talt=\"https:\/\/files.sunoresearch.com.br\/n\/uploads\/2023\/03\/1420x240-Planilha-controle-de-gastos.png\"\n\t\t\t\t>\n\t\t\t<\/picture>\n\t\t<\/a>\n\t<\/p>\n\n\n<p>Ela se referia \u00e0 iniciativa Nova Gera\u00e7\u00e3o UE, de 750 bilh\u00f5es de euros, para ajudar os pa\u00edses da regi\u00e3o da moeda comum a lidar com a pandemia.<\/p>\n<p>Para a autoridade, o tamanho, a estrutura e o financiamento por meio de emiss\u00e3o de d\u00edvida comum europeia s\u00e3o divisores de \u00e1gua nessa iniciativa.<\/p>\n<p>Lagarde falou na cerim\u00f4nia em Paris na qual recebeu o Pr\u00eamio Turgot, que homenageia figuras de destaque na economia. Ela n\u00e3o tratou muito do quadro atual da <a class=\"suno-keyword\" href=\"https:\/\/www.suno.com.br\/artigos\/zona-do-euro\/\" target=\"_blank\" rel=\"noopener noreferrer\" data-force=\"no\" data-priority=\"1\">zona do euro<\/a>, concentrando-se em boa medida em uma reflex\u00e3o sobre crise anteriores.<\/p>\n<p><a href=\"https:\/\/lp.suno.com.br\/suno-one\/\">Suno One: acesse gratuitamente eBooks, Minicursos, Artigos e V\u00eddeo Aulas sobre investimentos com um \u00fanico cadastro. Clique para saber mais!<\/a><\/p>\n<p>Segundo ela, esses epis\u00f3dios mostraram a import\u00e2ncia de uma &#8220;regula\u00e7\u00e3o financeira eficaz para o crescimento sustent\u00e1vel&#8221;, bem como de um compromisso digno de cr\u00e9dito em momentos de grande incerteza e de um alinhamento adequado nas pol\u00edticas.<\/p>\n<p>Para a presidente do BCE, que j\u00e1 ocupou o posto de diretora-gerente do <a href=\"https:\/\/www.suno.com.br\/artigos\/fmi\/\">Fundo Monet\u00e1rio Internacional (FMI)<\/a>, a &#8220;fragilidade intr\u00ednseca da zona do euro tem declinado&#8221;. Segundo ela, o continente tem mostrado que &#8220;agir\u00e1 junto e adotar\u00e1 a\u00e7\u00e3o decisiva quando necess\u00e1rio&#8221;.<\/p>\n<h2>BCE aponta riscos elevados \u00e0 estabilidade financeira na zona do euro<\/h2>\n<p>Vale lembrar que no \u00faltimo m\u00eas, o BCE avaliou que os riscos \u00e0 estabilidade de empresas, bancos e mercados financeiros da <strong>zona do euro<\/strong> permanecem &#8220;elevados&#8221;, devido ao impacto desigual da pandemia de covid-19 na regi\u00e3o, e alerta que a eventual retirada de medidas de al\u00edvio pode levar a um salto no n\u00famero de fal\u00eancias.<\/p>\n\t<p>\n\t\t<a href=\"https:\/\/lp.suno.com.br\/planilha-da-vida-financeira\/\" target=\"_blank\" data-element=\"shortcode-suno-banner\" title=\"Banner SUNO, clique e saiba mais\">\n\t\t\t<picture>\n\t\t\t\t<source media=\"(max-width: 500px)\" srcset=\"https:\/\/files.sunoresearch.com.br\/n\/uploads\/2023\/04\/400x300-Planilha-vida-financeira-true.png\">\n\t\t\t\t<img class=\"newsContent__article__imgCapa newsContent__article__imgCapa--banner\"\n\t\t\t\t\tsrc=\"https:\/\/files.sunoresearch.com.br\/n\/uploads\/2023\/04\/1420x240-Planilha-vida-financeira-true.png\"\n\t\t\t\t\tdata-promo-id=\"106682\"\t\t\t\t\t\t\t\t\t\twidth='1420' height='240'\t\t\t\t\talt=\"https:\/\/files.sunoresearch.com.br\/n\/uploads\/2023\/04\/1420x240-Planilha-vida-financeira-true.png\"\n\t\t\t\t>\n\t\t\t<\/picture>\n\t\t<\/a>\n\t<\/p>\n\n\n<p>Segundo a autoridade monet\u00e1ria, existe um &#8220;aglomerado de riscos em alguns setores e pa\u00edses&#8221;, e empresas do setor de servi\u00e7os, que foram mais atingidas pela pandemia, se endividaram e ficaram mais vulner\u00e1veis a uma situa\u00e7\u00e3o de fraqueza econ\u00f4mica prolongada.<\/p>\n\t<div data-element=\"shortcode-read-more\" class=\"knowMore\">\n\t\t\t\t<span class=\"knowMore__title\">Veja tamb\u00e9m<\/span>\n\t\t\t\t<a class=\"knowMore__link\" href=\"https:\/\/www.suno.com.br\/noticias\/expectativa-recuperacao-real-incerteza-elevada-bce\/\">\n\t\t\tExpectativa de recupera\u00e7\u00e3o \u00e9 real, mas h\u00e1 incerteza elevada, diz BCE\t\t<\/a>\n\t<\/div>\n\n\n<p>&#8220;Um aumento de fal\u00eancias corporativas poder\u00e1 ter impacto nas fam\u00edlias por meio da perspectiva de emprego, o que at\u00e9 agora foi evitado por medidas de apoio&#8221;, disse o BCE em sua Revis\u00e3o de Estabilidade Financeira, relat\u00f3rio semestral divulgado nesta semana.<\/p>\n<p>No documento, o <strong>BCE<\/strong> prev\u00ea que medidas de al\u00edvio implementadas por governos da zona do euro dever\u00e3o continuar sustentando a recupera\u00e7\u00e3o econ\u00f4mica, mas recomenda iniciativas mais direcionadas e maior foco nos setores mais prejudicados pela covid-19, especialmente o de servi\u00e7os.<\/p>\n<p><em>Com informa\u00e7\u00f5es do Estad\u00e3o Conte\u00fado<\/em><\/p>\n\t<p>\n\t\t<a href=\"https:\/\/lp.suno.com.br\/planilha-de-controle-de-investimentos\/\" target=\"_blank\" data-element=\"shortcode-suno-banner\" title=\"Banner SUNO, clique e saiba mais\">\n\t\t\t<picture>\n\t\t\t\t<source media=\"(max-width: 500px)\" srcset=\"https:\/\/files.sunoresearch.com.br\/n\/uploads\/2023\/03\/400x300-Controle-de-Investimentos.png\">\n\t\t\t\t<img class=\"newsContent__article__imgCapa newsContent__article__imgCapa--banner\"\n\t\t\t\t\tsrc=\"https:\/\/files.sunoresearch.com.br\/n\/uploads\/2023\/03\/1420x240-Controle-de-Investimentos.png\"\n\t\t\t\t\tdata-promo-id=\"75934\"\t\t\t\t\t\t\t\t\t\twidth='1420' height='240'\t\t\t\t\talt=\"https:\/\/files.sunoresearch.com.br\/n\/uploads\/2023\/03\/1420x240-Controle-de-Investimentos.png\"\n\t\t\t\t>\n\t\t\t<\/picture>\n\t\t<\/a>\n\t<\/p>\n\n\n","protected":false},"excerpt":{"rendered":"<p>A presidente do Banco Central Europeu (BCE), Christine Lagarde, considerou &#8220;encorajadores&#8221; os planos de recupera\u00e7\u00e3o apresentados at\u00e9 agora \u00e0 Comiss\u00e3o Europeia pelos pa\u00edses da Uni\u00e3o Europeia. &#8220;Todas as maiores economias est\u00e3o planejando dedicar ao menos 20% de seus gastos em digitaliza\u00e7\u00e3o e cerca de 40% em transi\u00e7\u00e3o energ\u00e9tica e infraestrutura verde&#8221;, apontou. BCE. Foto: Pixabay [&hellip;]<\/p>\n","protected":false},"author":56,"featured_media":141527,"comment_status":"closed","ping_status":"closed","sticky":false,"template":"","format":"standard","meta":[],"categories":[62],"tags":[863,710,806],"suno_strategy":[],"class_list":["post-154217","post","type-post","status-publish","format-standard","has-post-thumbnail","hentry","category-economia","tag-banco-central-europeu-bce","tag-europa","tag-fundo-monetario-internacional-fmi"],"yoast_head":"<!-- This site is optimized with the Yoast SEO plugin v24.4 - https:\/\/yoast.com\/wordpress\/plugins\/seo\/ -->\n<title>Para BCE, planos para recupera\u00e7\u00e3o na UE apresentados at\u00e9 agora s\u00e3o encorajadores<\/title>\n<meta name=\"description\" content=\"A presidente do Banco Central Europeu (BCE), Christine Lagarde, considerou &quot;encorajadores&quot; os planos de recupera\u00e7\u00e3o apresentados at\u00e9 agora. Confira.\" \/>\n<meta name=\"robots\" content=\"index, follow, max-snippet:-1, max-image-preview:large, max-video-preview:-1\" \/>\n<link rel=\"canonical\" href=\"https:\/\/www.suno.com.br\/noticias\/bce-planos-recuperacao-ue-encorajadores\/\" \/>\n<meta property=\"og:locale\" content=\"pt_BR\" \/>\n<meta property=\"og:type\" content=\"article\" \/>\n<meta property=\"og:title\" content=\"Para BCE, planos para recupera\u00e7\u00e3o na UE apresentados at\u00e9 agora s\u00e3o encorajadores\" \/>\n<meta property=\"og:description\" content=\"A presidente do Banco Central Europeu (BCE), Christine Lagarde, considerou &quot;encorajadores&quot; os planos de recupera\u00e7\u00e3o apresentados at\u00e9 agora. Confira.\" \/>\n<meta property=\"og:url\" content=\"https:\/\/www.suno.com.br\/noticias\/bce-planos-recuperacao-ue-encorajadores\/\" \/>\n<meta property=\"og:site_name\" content=\"Suno Not\u00edcias\" \/>\n<meta property=\"article:publisher\" content=\"https:\/\/facebook.com\/sunoresearch\" \/>\n<meta property=\"og:image\" content=\"https:\/\/files.sunoresearch.com.br\/n\/uploads\/2021\/04\/07dfe73c-euro-1256252_1280.jpg\" \/>\n\t<meta property=\"og:image:width\" content=\"1280\" \/>\n\t<meta property=\"og:image:height\" content=\"835\" \/>\n\t<meta property=\"og:image:type\" content=\"image\/jpeg\" \/>\n<meta name=\"author\" content=\"Rafaela La Regina\" \/>\n<meta name=\"twitter:card\" content=\"summary_large_image\" \/>\n<meta name=\"twitter:creator\" content=\"@sunoresearch\" \/>\n<meta name=\"twitter:site\" content=\"@sunoresearch\" \/>\n<meta name=\"twitter:label1\" content=\"Escrito por\" \/>\n\t<meta name=\"twitter:data1\" content=\"Rafaela La Regina\" \/>\n\t<meta name=\"twitter:label2\" content=\"Est. tempo de leitura\" \/>\n\t<meta name=\"twitter:data2\" content=\"2 minutos\" \/>\n<script type=\"application\/ld+json\" class=\"yoast-schema-graph\">{\"@context\":\"https:\/\/schema.org\",\"@graph\":[{\"@type\":\"NewsArticle\",\"@id\":\"https:\/\/www.suno.com.br\/noticias\/bce-planos-recuperacao-ue-encorajadores\/#article\",\"isPartOf\":{\"@id\":\"https:\/\/www.suno.com.br\/noticias\/bce-planos-recuperacao-ue-encorajadores\/\"},\"author\":{\"name\":\"Rafaela La Regina\",\"@id\":\"https:\/\/www.suno.com.br\/noticias\/#\/schema\/person\/e672ca8cea627fe715fa29bca7da95e0\"},\"headline\":\"Para BCE, planos para recupera\u00e7\u00e3o na UE apresentados at\u00e9 agora s\u00e3o encorajadores\",\"datePublished\":\"2021-06-02T20:39:03+00:00\",\"mainEntityOfPage\":{\"@id\":\"https:\/\/www.suno.com.br\/noticias\/bce-planos-recuperacao-ue-encorajadores\/\"},\"wordCount\":507,\"publisher\":{\"@id\":\"https:\/\/www.suno.com.br\/noticias\/#organization\"},\"image\":{\"@id\":\"https:\/\/www.suno.com.br\/noticias\/bce-planos-recuperacao-ue-encorajadores\/#primaryimage\"},\"thumbnailUrl\":\"https:\/\/files.sunoresearch.com.br\/n\/uploads\/2021\/04\/07dfe73c-euro-1256252_1280-jpg.webp\",\"keywords\":[\"Banco Central Europeu (BCE)\",\"Europa\",\"Fundo Monet\u00e1rio Internacional (FMI)\"],\"articleSection\":[\"Economia\"],\"inLanguage\":\"pt-BR\"},{\"@type\":\"WebPage\",\"@id\":\"https:\/\/www.suno.com.br\/noticias\/bce-planos-recuperacao-ue-encorajadores\/\",\"url\":\"https:\/\/www.suno.com.br\/noticias\/bce-planos-recuperacao-ue-encorajadores\/\",\"name\":\"Para BCE, planos para recupera\u00e7\u00e3o na UE apresentados at\u00e9 agora s\u00e3o encorajadores\",\"isPartOf\":{\"@id\":\"https:\/\/www.suno.com.br\/noticias\/#website\"},\"primaryImageOfPage\":{\"@id\":\"https:\/\/www.suno.com.br\/noticias\/bce-planos-recuperacao-ue-encorajadores\/#primaryimage\"},\"image\":{\"@id\":\"https:\/\/www.suno.com.br\/noticias\/bce-planos-recuperacao-ue-encorajadores\/#primaryimage\"},\"thumbnailUrl\":\"https:\/\/files.sunoresearch.com.br\/n\/uploads\/2021\/04\/07dfe73c-euro-1256252_1280-jpg.webp\",\"datePublished\":\"2021-06-02T20:39:03+00:00\",\"description\":\"A presidente do Banco Central Europeu (BCE), Christine Lagarde, considerou \\\"encorajadores\\\" os planos de recupera\u00e7\u00e3o apresentados at\u00e9 agora. Confira.\",\"breadcrumb\":{\"@id\":\"https:\/\/www.suno.com.br\/noticias\/bce-planos-recuperacao-ue-encorajadores\/#breadcrumb\"},\"inLanguage\":\"pt-BR\",\"potentialAction\":[{\"@type\":\"ReadAction\",\"target\":[\"https:\/\/www.suno.com.br\/noticias\/bce-planos-recuperacao-ue-encorajadores\/\"]}]},{\"@type\":\"ImageObject\",\"inLanguage\":\"pt-BR\",\"@id\":\"https:\/\/www.suno.com.br\/noticias\/bce-planos-recuperacao-ue-encorajadores\/#primaryimage\",\"url\":\"https:\/\/files.sunoresearch.com.br\/n\/uploads\/2021\/04\/07dfe73c-euro-1256252_1280-jpg.webp\",\"contentUrl\":\"https:\/\/files.sunoresearch.com.br\/n\/uploads\/2021\/04\/07dfe73c-euro-1256252_1280-jpg.webp\",\"width\":1280,\"height\":835,\"caption\":\"BCE. Foto: Pixabay\"},{\"@type\":\"BreadcrumbList\",\"@id\":\"https:\/\/www.suno.com.br\/noticias\/bce-planos-recuperacao-ue-encorajadores\/#breadcrumb\",\"itemListElement\":[{\"@type\":\"ListItem\",\"position\":1,\"name\":\"Not\u00edcias\",\"item\":\"https:\/\/www.suno.com.br\/noticias\/\"},{\"@type\":\"ListItem\",\"position\":2,\"name\":\"Economia\",\"item\":\"https:\/\/www.suno.com.br\/noticias\/economia\/\"},{\"@type\":\"ListItem\",\"position\":3,\"name\":\"Para BCE, planos para recupera\u00e7\u00e3o na UE apresentados at\u00e9 agora s\u00e3o encorajadores\"}]},{\"@type\":\"WebSite\",\"@id\":\"https:\/\/www.suno.com.br\/noticias\/#website\",\"url\":\"https:\/\/www.suno.com.br\/noticias\/\",\"name\":\"Suno Not\u00edcias\",\"description\":\"Seu portal de informa\u00e7\u00e3o sobre o mundo dos investimentos\",\"publisher\":{\"@id\":\"https:\/\/www.suno.com.br\/noticias\/#organization\"},\"potentialAction\":[{\"@type\":\"SearchAction\",\"target\":{\"@type\":\"EntryPoint\",\"urlTemplate\":\"https:\/\/www.suno.com.br\/noticias\/?s={search_term_string}\"},\"query-input\":{\"@type\":\"PropertyValueSpecification\",\"valueRequired\":true,\"valueName\":\"search_term_string\"}}],\"inLanguage\":\"pt-BR\"},{\"@type\":\"Organization\",\"@id\":\"https:\/\/www.suno.com.br\/noticias\/#organization\",\"name\":\"Suno Not\u00edcias\",\"url\":\"https:\/\/www.suno.com.br\/noticias\/\",\"logo\":{\"@type\":\"ImageObject\",\"inLanguage\":\"pt-BR\",\"@id\":\"https:\/\/www.suno.com.br\/noticias\/#\/schema\/logo\/image\/\",\"url\":\"https:\/\/files.sunoresearch.com.br\/n\/uploads\/2021\/09\/suno-logo.png\",\"contentUrl\":\"https:\/\/files.sunoresearch.com.br\/n\/uploads\/2021\/09\/suno-logo.png\",\"width\":180,\"height\":180,\"caption\":\"Suno Not\u00edcias\"},\"image\":{\"@id\":\"https:\/\/www.suno.com.br\/noticias\/#\/schema\/logo\/image\/\"},\"sameAs\":[\"https:\/\/facebook.com\/sunoresearch\",\"https:\/\/x.com\/sunoresearch\",\"https:\/\/www.instagram.com\/suno\",\"https:\/\/www.linkedin.com\/company\/suno-research\/\",\"https:\/\/www.youtube.com\/c\/sunoresearch\"]},{\"@type\":\"Person\",\"@id\":\"https:\/\/www.suno.com.br\/noticias\/#\/schema\/person\/e672ca8cea627fe715fa29bca7da95e0\",\"name\":\"Rafaela La Regina\",\"image\":{\"@type\":\"ImageObject\",\"inLanguage\":\"pt-BR\",\"@id\":\"https:\/\/www.suno.com.br\/noticias\/#\/schema\/person\/image\/\",\"url\":\"https:\/\/secure.gravatar.com\/avatar\/d2c75a52d243deb93d0465fdcb21bd37?s=96&r=g\",\"contentUrl\":\"https:\/\/secure.gravatar.com\/avatar\/d2c75a52d243deb93d0465fdcb21bd37?s=96&r=g\",\"caption\":\"Rafaela La Regina\"},\"description\":\"Estagi\u00e1ria no Suno Not\u00edcias. Escreve sobre economia, pol\u00edtica e neg\u00f3cios. Estuda Rela\u00e7\u00f5es Internacionais no IBMEC-SP.\",\"url\":\"https:\/\/www.suno.com.br\/noticias\/author\/rafaela-la-regina\/\"}]}<\/script>\n<!-- \/ Yoast SEO plugin. -->","yoast_head_json":{"title":"Para BCE, planos para recupera\u00e7\u00e3o na UE apresentados at\u00e9 agora s\u00e3o encorajadores","description":"A presidente do Banco Central Europeu (BCE), Christine Lagarde, considerou \"encorajadores\" os planos de recupera\u00e7\u00e3o apresentados at\u00e9 agora. Confira.","robots":{"index":"index","follow":"follow","max-snippet":"max-snippet:-1","max-image-preview":"max-image-preview:large","max-video-preview":"max-video-preview:-1"},"canonical":"https:\/\/www.suno.com.br\/noticias\/bce-planos-recuperacao-ue-encorajadores\/","og_locale":"pt_BR","og_type":"article","og_title":"Para BCE, planos para recupera\u00e7\u00e3o na UE apresentados at\u00e9 agora s\u00e3o encorajadores","og_description":"A presidente do Banco Central Europeu (BCE), Christine Lagarde, considerou \"encorajadores\" os planos de recupera\u00e7\u00e3o apresentados at\u00e9 agora. Confira.","og_url":"https:\/\/www.suno.com.br\/noticias\/bce-planos-recuperacao-ue-encorajadores\/","og_site_name":"Suno Not\u00edcias","article_publisher":"https:\/\/facebook.com\/sunoresearch","og_image":[{"width":1280,"height":835,"url":"https:\/\/files.sunoresearch.com.br\/n\/uploads\/2021\/04\/07dfe73c-euro-1256252_1280.jpg","type":"image\/jpeg"}],"author":"Rafaela La Regina","twitter_card":"summary_large_image","twitter_creator":"@sunoresearch","twitter_site":"@sunoresearch","twitter_misc":{"Escrito por":"Rafaela La Regina","Est. tempo de leitura":"2 minutos"},"schema":{"@context":"https:\/\/schema.org","@graph":[{"@type":"NewsArticle","@id":"https:\/\/www.suno.com.br\/noticias\/bce-planos-recuperacao-ue-encorajadores\/#article","isPartOf":{"@id":"https:\/\/www.suno.com.br\/noticias\/bce-planos-recuperacao-ue-encorajadores\/"},"author":{"name":"Rafaela La Regina","@id":"https:\/\/www.suno.com.br\/noticias\/#\/schema\/person\/e672ca8cea627fe715fa29bca7da95e0"},"headline":"Para BCE, planos para recupera\u00e7\u00e3o na UE apresentados at\u00e9 agora s\u00e3o encorajadores","datePublished":"2021-06-02T20:39:03+00:00","mainEntityOfPage":{"@id":"https:\/\/www.suno.com.br\/noticias\/bce-planos-recuperacao-ue-encorajadores\/"},"wordCount":507,"publisher":{"@id":"https:\/\/www.suno.com.br\/noticias\/#organization"},"image":{"@id":"https:\/\/www.suno.com.br\/noticias\/bce-planos-recuperacao-ue-encorajadores\/#primaryimage"},"thumbnailUrl":"https:\/\/files.sunoresearch.com.br\/n\/uploads\/2021\/04\/07dfe73c-euro-1256252_1280-jpg.webp","keywords":["Banco Central Europeu (BCE)","Europa","Fundo Monet\u00e1rio Internacional (FMI)"],"articleSection":["Economia"],"inLanguage":"pt-BR"},{"@type":"WebPage","@id":"https:\/\/www.suno.com.br\/noticias\/bce-planos-recuperacao-ue-encorajadores\/","url":"https:\/\/www.suno.com.br\/noticias\/bce-planos-recuperacao-ue-encorajadores\/","name":"Para BCE, planos para recupera\u00e7\u00e3o na UE apresentados at\u00e9 agora s\u00e3o encorajadores","isPartOf":{"@id":"https:\/\/www.suno.com.br\/noticias\/#website"},"primaryImageOfPage":{"@id":"https:\/\/www.suno.com.br\/noticias\/bce-planos-recuperacao-ue-encorajadores\/#primaryimage"},"image":{"@id":"https:\/\/www.suno.com.br\/noticias\/bce-planos-recuperacao-ue-encorajadores\/#primaryimage"},"thumbnailUrl":"https:\/\/files.sunoresearch.com.br\/n\/uploads\/2021\/04\/07dfe73c-euro-1256252_1280-jpg.webp","datePublished":"2021-06-02T20:39:03+00:00","description":"A presidente do Banco Central Europeu (BCE), Christine Lagarde, considerou \"encorajadores\" os planos de recupera\u00e7\u00e3o apresentados at\u00e9 agora. Confira.","breadcrumb":{"@id":"https:\/\/www.suno.com.br\/noticias\/bce-planos-recuperacao-ue-encorajadores\/#breadcrumb"},"inLanguage":"pt-BR","potentialAction":[{"@type":"ReadAction","target":["https:\/\/www.suno.com.br\/noticias\/bce-planos-recuperacao-ue-encorajadores\/"]}]},{"@type":"ImageObject","inLanguage":"pt-BR","@id":"https:\/\/www.suno.com.br\/noticias\/bce-planos-recuperacao-ue-encorajadores\/#primaryimage","url":"https:\/\/files.sunoresearch.com.br\/n\/uploads\/2021\/04\/07dfe73c-euro-1256252_1280-jpg.webp","contentUrl":"https:\/\/files.sunoresearch.com.br\/n\/uploads\/2021\/04\/07dfe73c-euro-1256252_1280-jpg.webp","width":1280,"height":835,"caption":"BCE. Foto: Pixabay"},{"@type":"BreadcrumbList","@id":"https:\/\/www.suno.com.br\/noticias\/bce-planos-recuperacao-ue-encorajadores\/#breadcrumb","itemListElement":[{"@type":"ListItem","position":1,"name":"Not\u00edcias","item":"https:\/\/www.suno.com.br\/noticias\/"},{"@type":"ListItem","position":2,"name":"Economia","item":"https:\/\/www.suno.com.br\/noticias\/economia\/"},{"@type":"ListItem","position":3,"name":"Para BCE, planos para recupera\u00e7\u00e3o na UE apresentados at\u00e9 agora s\u00e3o encorajadores"}]},{"@type":"WebSite","@id":"https:\/\/www.suno.com.br\/noticias\/#website","url":"https:\/\/www.suno.com.br\/noticias\/","name":"Suno Not\u00edcias","description":"Seu portal de informa\u00e7\u00e3o sobre o mundo dos investimentos","publisher":{"@id":"https:\/\/www.suno.com.br\/noticias\/#organization"},"potentialAction":[{"@type":"SearchAction","target":{"@type":"EntryPoint","urlTemplate":"https:\/\/www.suno.com.br\/noticias\/?s={search_term_string}"},"query-input":{"@type":"PropertyValueSpecification","valueRequired":true,"valueName":"search_term_string"}}],"inLanguage":"pt-BR"},{"@type":"Organization","@id":"https:\/\/www.suno.com.br\/noticias\/#organization","name":"Suno Not\u00edcias","url":"https:\/\/www.suno.com.br\/noticias\/","logo":{"@type":"ImageObject","inLanguage":"pt-BR","@id":"https:\/\/www.suno.com.br\/noticias\/#\/schema\/logo\/image\/","url":"https:\/\/files.sunoresearch.com.br\/n\/uploads\/2021\/09\/suno-logo.png","contentUrl":"https:\/\/files.sunoresearch.com.br\/n\/uploads\/2021\/09\/suno-logo.png","width":180,"height":180,"caption":"Suno Not\u00edcias"},"image":{"@id":"https:\/\/www.suno.com.br\/noticias\/#\/schema\/logo\/image\/"},"sameAs":["https:\/\/facebook.com\/sunoresearch","https:\/\/x.com\/sunoresearch","https:\/\/www.instagram.com\/suno","https:\/\/www.linkedin.com\/company\/suno-research\/","https:\/\/www.youtube.com\/c\/sunoresearch"]},{"@type":"Person","@id":"https:\/\/www.suno.com.br\/noticias\/#\/schema\/person\/e672ca8cea627fe715fa29bca7da95e0","name":"Rafaela La Regina","image":{"@type":"ImageObject","inLanguage":"pt-BR","@id":"https:\/\/www.suno.com.br\/noticias\/#\/schema\/person\/image\/","url":"https:\/\/secure.gravatar.com\/avatar\/d2c75a52d243deb93d0465fdcb21bd37?s=96&r=g","contentUrl":"https:\/\/secure.gravatar.com\/avatar\/d2c75a52d243deb93d0465fdcb21bd37?s=96&r=g","caption":"Rafaela La Regina"},"description":"Estagi\u00e1ria no Suno Not\u00edcias. Escreve sobre economia, pol\u00edtica e neg\u00f3cios. Estuda Rela\u00e7\u00f5es Internacionais no IBMEC-SP.","url":"https:\/\/www.suno.com.br\/noticias\/author\/rafaela-la-regina\/"}]}},"default_loop_html":"<div class=\"cardsPage__listCard__boxs\"><div class=\"cardsPage__listCard__boxs__img\"><a href=\"https:\/\/www.suno.com.br\/noticias\/bce-planos-recuperacao-ue-encorajadores\/\"><img class=\"mask\" src=\"https:\/\/www.suno.com.br\/noticias\/wp-content\/themes\/suno\/resources\/images\/spotlight\/spotlight1img\/bg-mask.png\" alt=\"Image Mask\"\/><img src=\"https:\/\/files.sunoresearch.com.br\/n\/uploads\/2021\/04\/07dfe73c-euro-1256252_1280-400x200.webp\" alt=\"Para BCE, planos para recupera\u00e7\u00e3o na UE apresentados at\u00e9 agora s\u00e3o encorajadores\"\/><\/a><span class=\"spotlightCategory\"><a href=\"https:\/\/www.suno.com.br\/noticias\/economia\/\">Economia<\/a><\/span><\/div><div class=\"cardsPage__listCard__boxs__content\"><a href=\"https:\/\/www.suno.com.br\/noticias\/bce-planos-recuperacao-ue-encorajadores\/\"><h2 class=\"content__title\">Para BCE, planos para recupera\u00e7\u00e3o na UE apresentados at\u00e9 agora s\u00e3o encorajadores<\/h2><\/a><div class=\"newsContent__article__meta\"><div class=\"newsContent__article__meta__authorBox\"><a href=\"https:\/\/www.suno.com.br\/noticias\/author\/rafaela-la-regina\/\" class=\"authorBox__avatar noMobi\"><img src=\"https:\/\/secure.gravatar.com\/avatar\/d2c75a52d243deb93d0465fdcb21bd37?s=96&#038;r=g\" alt=\"Rafaela La Regina\"><\/a><div class=\"authorBox__name\"><span>por\n\t\t\t<a href=\"https:\/\/www.suno.com.br\/noticias\/author\/rafaela-la-regina\/\"><span itemprop=\"author\">Rafaela La Regina<\/span><\/a><\/span><time datetime=\"2021-06-02T17:39:03-03:00\" itemprop=\"datePublished\">02\/06\/2021 17:39<\/time><\/div><\/div><\/div><\/div><\/div>","single_layout":"posts","amp_enabled":true,"_links":{"self":[{"href":"https:\/\/www.suno.com.br\/noticias\/wp-json\/wp\/v2\/posts\/154217"}],"collection":[{"href":"https:\/\/www.suno.com.br\/noticias\/wp-json\/wp\/v2\/posts"}],"about":[{"href":"https:\/\/www.suno.com.br\/noticias\/wp-json\/wp\/v2\/types\/post"}],"author":[{"embeddable":true,"href":"https:\/\/www.suno.com.br\/noticias\/wp-json\/wp\/v2\/users\/56"}],"replies":[{"embeddable":true,"href":"https:\/\/www.suno.com.br\/noticias\/wp-json\/wp\/v2\/comments?post=154217"}],"version-history":[{"count":2,"href":"https:\/\/www.suno.com.br\/noticias\/wp-json\/wp\/v2\/posts\/154217\/revisions"}],"predecessor-version":[{"id":154281,"href":"https:\/\/www.suno.com.br\/noticias\/wp-json\/wp\/v2\/posts\/154217\/revisions\/154281"}],"wp:featuredmedia":[{"embeddable":true,"href":"https:\/\/www.suno.com.br\/noticias\/wp-json\/wp\/v2\/media\/141527"}],"wp:attachment":[{"href":"https:\/\/www.suno.com.br\/noticias\/wp-json\/wp\/v2\/media?parent=154217"}],"wp:term":[{"taxonomy":"category","embeddable":true,"href":"https:\/\/www.suno.com.br\/noticias\/wp-json\/wp\/v2\/categories?post=154217"},{"taxonomy":"post_tag","embeddable":true,"href":"https:\/\/www.suno.com.br\/noticias\/wp-json\/wp\/v2\/tags?post=154217"},{"taxonomy":"suno_strategy","embeddable":true,"href":"https:\/\/www.suno.com.br\/noticias\/wp-json\/wp\/v2\/suno_strategy?post=154217"}],"curies":[{"name":"wp","href":"https:\/\/api.w.org\/{rel}","templated":true}]}}