{"id":15408,"date":"2019-02-15T10:07:56","date_gmt":"2019-02-15T12:07:56","guid":{"rendered":"https:\/\/www.suno.com.br\/noticias\/?p=15408"},"modified":"2019-02-15T10:09:53","modified_gmt":"2019-02-15T12:09:53","slug":"eduardo-guardia-socio-btg-pactual","status":"publish","type":"post","link":"https:\/\/www.suno.com.br\/noticias\/eduardo-guardia-socio-btg-pactual\/","title":{"rendered":"Eduardo Guardia se torna s\u00f3cio do BTG Pactual"},"content":{"rendered":"<p>O ex-ministro da Fazenda Eduardo Guardia se tornou s\u00f3cio do banco de investimentos BTG Pactual.<\/p>\t<div class=\"wrapper-featured-image\">\n\t\t<figure class=\"spotlightImg\">\n\n\t\t\t<picture>\n\t\t\t\t<source media=\"(max-width: 768px)\" srcset=\"https:\/\/files.sunoresearch.com.br\/n\/uploads\/2018\/12\/3b7dff46-eduardo-guardia-400x200.webp\">\n\t\t\t\t<img loading=\"lazy\" decoding=\"async\" class=\"newsContent__article__imgCapa lazyloadDisabled newsContent__article__imgCapa--noCaption\" src=\"https:\/\/files.sunoresearch.com.br\/n\/uploads\/2018\/12\/3b7dff46-eduardo-guardia-800x450.webp\" width=\"800\" height=\"450\" alt=\"Eduardo Guardia se torna s\u00f3cio do BTG Pactual\" fetchpriority=high \/>\n\t\t\t<\/picture>\n\n\t\t\t<figcaption class=\"wp-caption-text wp-caption-text--hide\">Eduardo Guardia<\/figcaption>\n\t\t<\/figure>\n\t<\/div>\n\n\n<p>O ex-ministro do governo <strong>Michel Temer<\/strong> ser\u00e1 tamb\u00e9m executivo-chefe da <strong>BTG Pactual<\/strong> Asset Management. <strong>Eduardo Guardia<\/strong> assumir\u00e1 as suas novas fun\u00e7\u00f5es no dia 1\u00ba de julho.<\/p>\n<p><a href=\"https:\/\/www.suno.com.br\/noticias\/btg-xp-cade\/\">Saiba mais: BTG denuncia XP ao CADE em disputa por agentes aut\u00f4nomos\u00a0<\/a><\/p>\n<p><strong>&#8220;Eduardo Guardia<\/strong> tem uma trajet\u00f3ria de muito sucesso nos setores p\u00fablico e privado e reconhecida lideran\u00e7a com experi\u00eancia \u00fanica em \u00e1reas como economia, investimentos e gest\u00e3o&#8221;, informou em nota Roberto Sallouti, CEO do <strong>BTG Pactual,<\/strong> &#8220;Ele tem uma excelente rela\u00e7\u00e3o com os investidores mais importantes da <strong>Am\u00e9rica Latina,<\/strong> e agregar\u00e1 muito valor ao nosso time de asset management\u201d.<\/p>\n<h2>Resultado positivo para o BTG<\/h2>\n<p>A contrata\u00e7\u00e3o de <strong>Guardia<\/strong> \u00e9 um feito positivo para <strong>BTG Pactual.<\/strong> O banco de <strong>Andr\u00e9 Esteves<\/strong> conseguiu conquistar um s\u00f3cio que tem enorme respeito nos setores p\u00fablico e privado. Isso refor\u00e7a seus neg\u00f3cios e tamb\u00e9m sua reputa\u00e7\u00e3o.<\/p>\n<p><a href=\"https:\/\/www.suno.com.br\/noticias\/amazon-b2w-magalu\/\">Saiba mais: BTG prev\u00ea salto da Amazon e consequente queda da B2W e MagaLu\u00a0<\/a><\/p>\n<p>&#8220;O <strong>BTG Pactual<\/strong> continua demonstrando seu compromisso de ser o banco de investimento l\u00edder na <strong>Am\u00e9rica Latina,<\/strong> com relacionamentos de longo prazo com seus clientes e presen\u00e7a local nos principais pa\u00edses da regi\u00e3o, contando ainda com um time altamente capacitado e presen\u00e7a nos principais centros financeiros do mundo&#8221;, informou em nota <strong>Eduardo Guardia,<\/strong> &#8220;Estou ansioso para ajudar com a minha experi\u00eancia a garantir que continuemos superando as expectativas dos nossos clientes\u201d.<\/p>\n<p>O atual CEO da <strong>BTG Pactual<\/strong> Asset Management , Steve Jacobs continuar\u00e1 atuando at\u00e9 ent\u00e3o. No momento em que <strong>Guardia<\/strong> o substituir\u00e1, ele passar\u00e1 a exercer a fun\u00e7\u00e3o de chairman, respons\u00e1vel pelos investimentos internacionais do Grupo BTG Pactual.<\/p>\n<p><strong>Guadia<\/strong> foi o respons\u00e1vel da reorganiza\u00e7\u00e3o da economia do Brasil ap\u00f3s o desastre deixado pelo governo <strong>Dilma Rousseff.<\/strong> Ap\u00f3s o fim de seu mandato com <strong>ministro da Fazenda,<\/strong> em dezembro de 2018, ele recebeu in\u00fameros<br \/>\nconvites do setor privado.<\/p>\n<p>Entretanto, <strong>Guardia<\/strong> explicou em um comunicado que escolheu o <strong>BTG<\/strong> por ser \u201co banco de investimento l\u00edder na <strong>Am\u00e9rica Latina,<\/strong> com relacionamentos de longo prazo com seus clientes e presen\u00e7a local nos principais pa\u00edses da regi\u00e3o\u201d. N\u00e3o \u00e9 a primeira vez que Guardia atua no setor privado. Ele j\u00e1 foi diretor executivo da B3 e CFO e RI da GP Investments.<\/p>\n<p>&#8220;A chegada de <strong>Eduardo<\/strong>\u00a0<strong>Guardia<\/strong> \u00e9 um refor\u00e7o excepcional ao <strong>BTG Pactual.<\/strong> Ele \u00e9 o profissional ideal para seguir com a trajet\u00f3ria de enorme sucesso da nossa franquia de gest\u00e3o de recursos, especialmente quando focamos em ampliar o nosso crescimento no Brasil e na Am\u00e9rica Latina\u201d, informou Jacobs.<\/p>\n","protected":false},"excerpt":{"rendered":"<p>O ex-ministro da Fazenda Eduardo Guardia se tornou s\u00f3cio do banco de investimentos BTG Pactual. Eduardo Guardia O ex-ministro do governo Michel Temer ser\u00e1 tamb\u00e9m executivo-chefe da BTG Pactual Asset Management. Eduardo Guardia assumir\u00e1 as suas novas fun\u00e7\u00f5es no dia 1\u00ba de julho. Saiba mais: BTG denuncia XP ao CADE em disputa por agentes aut\u00f4nomos\u00a0 [&hellip;]<\/p>\n","protected":false},"author":9,"featured_media":7879,"comment_status":"closed","ping_status":"closed","sticky":false,"template":"","format":"standard","meta":[],"categories":[60],"tags":[399,1162,824],"suno_strategy":[],"class_list":["post-15408","post","type-post","status-publish","format-standard","has-post-thumbnail","hentry","category-mercado","tag-btg-pactual-bpac11-bpac3-bpac5","tag-eduardo-guardia","tag-ministerio-fazenda"],"yoast_head":"<!-- This site is optimized with the Yoast SEO plugin v24.4 - https:\/\/yoast.com\/wordpress\/plugins\/seo\/ -->\n<title>Eduardo Guardia se torna s\u00f3cio do banco BTG Pactual<\/title>\n<meta name=\"description\" content=\"O ex-ministro da Fazenda Eduardo Guardia se tornou s\u00f3cio do banco de investimentos BTG Pactual. Clique aqui para saber mais.\" \/>\n<meta name=\"robots\" content=\"index, follow, max-snippet:-1, max-image-preview:large, max-video-preview:-1\" \/>\n<link rel=\"canonical\" href=\"https:\/\/www.suno.com.br\/noticias\/eduardo-guardia-socio-btg-pactual\/\" \/>\n<meta property=\"og:locale\" content=\"pt_BR\" \/>\n<meta property=\"og:type\" content=\"article\" \/>\n<meta property=\"og:title\" content=\"Eduardo Guardia se torna s\u00f3cio do banco BTG Pactual\" \/>\n<meta property=\"og:description\" content=\"O ex-ministro da Fazenda Eduardo Guardia se tornou s\u00f3cio do banco de investimentos BTG Pactual. Clique aqui para saber mais.\" \/>\n<meta property=\"og:url\" content=\"https:\/\/www.suno.com.br\/noticias\/eduardo-guardia-socio-btg-pactual\/\" \/>\n<meta property=\"og:site_name\" content=\"Suno Not\u00edcias\" \/>\n<meta property=\"article:publisher\" content=\"https:\/\/facebook.com\/sunoresearch\" \/>\n<meta property=\"og:image\" content=\"https:\/\/files.sunoresearch.com.br\/n\/uploads\/2018\/12\/3b7dff46-eduardo-guardia.jpg\" \/>\n\t<meta property=\"og:image:width\" content=\"1140\" \/>\n\t<meta property=\"og:image:height\" content=\"760\" \/>\n\t<meta property=\"og:image:type\" content=\"image\/jpeg\" \/>\n<meta name=\"author\" content=\"Carlo Cauti\" \/>\n<meta name=\"twitter:card\" content=\"summary_large_image\" \/>\n<meta name=\"twitter:creator\" content=\"@sunoresearch\" \/>\n<meta name=\"twitter:site\" content=\"@sunoresearch\" \/>\n<meta name=\"twitter:label1\" content=\"Escrito por\" \/>\n\t<meta name=\"twitter:data1\" content=\"Carlo Cauti\" \/>\n\t<meta name=\"twitter:label2\" content=\"Est. tempo de leitura\" \/>\n\t<meta name=\"twitter:data2\" content=\"2 minutos\" \/>\n<script type=\"application\/ld+json\" class=\"yoast-schema-graph\">{\"@context\":\"https:\/\/schema.org\",\"@graph\":[{\"@type\":\"NewsArticle\",\"@id\":\"https:\/\/www.suno.com.br\/noticias\/eduardo-guardia-socio-btg-pactual\/#article\",\"isPartOf\":{\"@id\":\"https:\/\/www.suno.com.br\/noticias\/eduardo-guardia-socio-btg-pactual\/\"},\"author\":{\"name\":\"Carlo Cauti\",\"@id\":\"https:\/\/www.suno.com.br\/noticias\/#\/schema\/person\/e6e0f723cc177805027f4566c1d5e0c8\"},\"headline\":\"Eduardo Guardia se torna s\u00f3cio do BTG Pactual\",\"datePublished\":\"2019-02-15T12:07:56+00:00\",\"dateModified\":\"2019-02-15T12:09:53+00:00\",\"mainEntityOfPage\":{\"@id\":\"https:\/\/www.suno.com.br\/noticias\/eduardo-guardia-socio-btg-pactual\/\"},\"wordCount\":470,\"publisher\":{\"@id\":\"https:\/\/www.suno.com.br\/noticias\/#organization\"},\"image\":{\"@id\":\"https:\/\/www.suno.com.br\/noticias\/eduardo-guardia-socio-btg-pactual\/#primaryimage\"},\"thumbnailUrl\":\"https:\/\/files.sunoresearch.com.br\/n\/uploads\/2018\/12\/3b7dff46-eduardo-guardia-jpg.webp\",\"keywords\":[\"BTG Pactual (BPAC11\/BPAC3\/BPAC5)\",\"Eduardo Guardia\",\"Minist\u00e9rio da Fazenda\"],\"articleSection\":[\"Mercado\"],\"inLanguage\":\"pt-BR\"},{\"@type\":\"WebPage\",\"@id\":\"https:\/\/www.suno.com.br\/noticias\/eduardo-guardia-socio-btg-pactual\/\",\"url\":\"https:\/\/www.suno.com.br\/noticias\/eduardo-guardia-socio-btg-pactual\/\",\"name\":\"Eduardo Guardia se torna s\u00f3cio do banco BTG Pactual\",\"isPartOf\":{\"@id\":\"https:\/\/www.suno.com.br\/noticias\/#website\"},\"primaryImageOfPage\":{\"@id\":\"https:\/\/www.suno.com.br\/noticias\/eduardo-guardia-socio-btg-pactual\/#primaryimage\"},\"image\":{\"@id\":\"https:\/\/www.suno.com.br\/noticias\/eduardo-guardia-socio-btg-pactual\/#primaryimage\"},\"thumbnailUrl\":\"https:\/\/files.sunoresearch.com.br\/n\/uploads\/2018\/12\/3b7dff46-eduardo-guardia-jpg.webp\",\"datePublished\":\"2019-02-15T12:07:56+00:00\",\"dateModified\":\"2019-02-15T12:09:53+00:00\",\"description\":\"O ex-ministro da Fazenda Eduardo Guardia se tornou s\u00f3cio do banco de investimentos BTG Pactual. Clique aqui para saber mais.\",\"breadcrumb\":{\"@id\":\"https:\/\/www.suno.com.br\/noticias\/eduardo-guardia-socio-btg-pactual\/#breadcrumb\"},\"inLanguage\":\"pt-BR\",\"potentialAction\":[{\"@type\":\"ReadAction\",\"target\":[\"https:\/\/www.suno.com.br\/noticias\/eduardo-guardia-socio-btg-pactual\/\"]}]},{\"@type\":\"ImageObject\",\"inLanguage\":\"pt-BR\",\"@id\":\"https:\/\/www.suno.com.br\/noticias\/eduardo-guardia-socio-btg-pactual\/#primaryimage\",\"url\":\"https:\/\/files.sunoresearch.com.br\/n\/uploads\/2018\/12\/3b7dff46-eduardo-guardia-jpg.webp\",\"contentUrl\":\"https:\/\/files.sunoresearch.com.br\/n\/uploads\/2018\/12\/3b7dff46-eduardo-guardia-jpg.webp\",\"width\":1140,\"height\":760,\"caption\":\"Eduardo Guardia\"},{\"@type\":\"BreadcrumbList\",\"@id\":\"https:\/\/www.suno.com.br\/noticias\/eduardo-guardia-socio-btg-pactual\/#breadcrumb\",\"itemListElement\":[{\"@type\":\"ListItem\",\"position\":1,\"name\":\"Not\u00edcias\",\"item\":\"https:\/\/www.suno.com.br\/noticias\/\"},{\"@type\":\"ListItem\",\"position\":2,\"name\":\"Mercado\",\"item\":\"https:\/\/www.suno.com.br\/noticias\/mercado\/\"},{\"@type\":\"ListItem\",\"position\":3,\"name\":\"Eduardo Guardia se torna s\u00f3cio do BTG Pactual\"}]},{\"@type\":\"WebSite\",\"@id\":\"https:\/\/www.suno.com.br\/noticias\/#website\",\"url\":\"https:\/\/www.suno.com.br\/noticias\/\",\"name\":\"Suno Not\u00edcias\",\"description\":\"Seu portal de informa\u00e7\u00e3o sobre o mundo dos investimentos\",\"publisher\":{\"@id\":\"https:\/\/www.suno.com.br\/noticias\/#organization\"},\"potentialAction\":[{\"@type\":\"SearchAction\",\"target\":{\"@type\":\"EntryPoint\",\"urlTemplate\":\"https:\/\/www.suno.com.br\/noticias\/?s={search_term_string}\"},\"query-input\":{\"@type\":\"PropertyValueSpecification\",\"valueRequired\":true,\"valueName\":\"search_term_string\"}}],\"inLanguage\":\"pt-BR\"},{\"@type\":\"Organization\",\"@id\":\"https:\/\/www.suno.com.br\/noticias\/#organization\",\"name\":\"Suno Not\u00edcias\",\"url\":\"https:\/\/www.suno.com.br\/noticias\/\",\"logo\":{\"@type\":\"ImageObject\",\"inLanguage\":\"pt-BR\",\"@id\":\"https:\/\/www.suno.com.br\/noticias\/#\/schema\/logo\/image\/\",\"url\":\"https:\/\/files.sunoresearch.com.br\/n\/uploads\/2021\/09\/suno-logo.png\",\"contentUrl\":\"https:\/\/files.sunoresearch.com.br\/n\/uploads\/2021\/09\/suno-logo.png\",\"width\":180,\"height\":180,\"caption\":\"Suno Not\u00edcias\"},\"image\":{\"@id\":\"https:\/\/www.suno.com.br\/noticias\/#\/schema\/logo\/image\/\"},\"sameAs\":[\"https:\/\/facebook.com\/sunoresearch\",\"https:\/\/x.com\/sunoresearch\",\"https:\/\/www.instagram.com\/suno\",\"https:\/\/www.linkedin.com\/company\/suno-research\/\",\"https:\/\/www.youtube.com\/c\/sunoresearch\"]},{\"@type\":\"Person\",\"@id\":\"https:\/\/www.suno.com.br\/noticias\/#\/schema\/person\/e6e0f723cc177805027f4566c1d5e0c8\",\"name\":\"Carlo Cauti\",\"image\":{\"@type\":\"ImageObject\",\"inLanguage\":\"pt-BR\",\"@id\":\"https:\/\/www.suno.com.br\/noticias\/#\/schema\/person\/image\/\",\"url\":\"https:\/\/secure.gravatar.com\/avatar\/3ada9e0bd164c23abd4792a9606d583c?s=96&r=g\",\"contentUrl\":\"https:\/\/secure.gravatar.com\/avatar\/3ada9e0bd164c23abd4792a9606d583c?s=96&r=g\",\"caption\":\"Carlo Cauti\"},\"description\":\"Editor multim\u00eddia do SUNO Not\u00edcias. Italiano, formado em Ci\u00eancias Pol\u00edticas pela universidade LUISS G. Carli de Roma e mestre cum laude em Rela\u00e7\u00f5es Internacionais, Jornalismo Internacional e de Guerra e em Economia Internacional. Concluiu tamb\u00e9m um MBA em Finan\u00e7as na B3. No Brasil, teve passagem por ve\u00edculos como Estad\u00e3o, Globo, Veja e EXAME. e nas ag\u00eancias de not\u00edcias italianas ANSA e NOVA.\",\"url\":\"https:\/\/www.suno.com.br\/noticias\/author\/carlo-cauti\/\"}]}<\/script>\n<!-- \/ Yoast SEO plugin. -->","yoast_head_json":{"title":"Eduardo Guardia se torna s\u00f3cio do banco BTG Pactual","description":"O ex-ministro da Fazenda Eduardo Guardia se tornou s\u00f3cio do banco de investimentos BTG Pactual. Clique aqui para saber mais.","robots":{"index":"index","follow":"follow","max-snippet":"max-snippet:-1","max-image-preview":"max-image-preview:large","max-video-preview":"max-video-preview:-1"},"canonical":"https:\/\/www.suno.com.br\/noticias\/eduardo-guardia-socio-btg-pactual\/","og_locale":"pt_BR","og_type":"article","og_title":"Eduardo Guardia se torna s\u00f3cio do banco BTG Pactual","og_description":"O ex-ministro da Fazenda Eduardo Guardia se tornou s\u00f3cio do banco de investimentos BTG Pactual. Clique aqui para saber mais.","og_url":"https:\/\/www.suno.com.br\/noticias\/eduardo-guardia-socio-btg-pactual\/","og_site_name":"Suno Not\u00edcias","article_publisher":"https:\/\/facebook.com\/sunoresearch","og_image":[{"width":1140,"height":760,"url":"https:\/\/files.sunoresearch.com.br\/n\/uploads\/2018\/12\/3b7dff46-eduardo-guardia.jpg","type":"image\/jpeg"}],"author":"Carlo Cauti","twitter_card":"summary_large_image","twitter_creator":"@sunoresearch","twitter_site":"@sunoresearch","twitter_misc":{"Escrito por":"Carlo Cauti","Est. tempo de leitura":"2 minutos"},"schema":{"@context":"https:\/\/schema.org","@graph":[{"@type":"NewsArticle","@id":"https:\/\/www.suno.com.br\/noticias\/eduardo-guardia-socio-btg-pactual\/#article","isPartOf":{"@id":"https:\/\/www.suno.com.br\/noticias\/eduardo-guardia-socio-btg-pactual\/"},"author":{"name":"Carlo Cauti","@id":"https:\/\/www.suno.com.br\/noticias\/#\/schema\/person\/e6e0f723cc177805027f4566c1d5e0c8"},"headline":"Eduardo Guardia se torna s\u00f3cio do BTG Pactual","datePublished":"2019-02-15T12:07:56+00:00","dateModified":"2019-02-15T12:09:53+00:00","mainEntityOfPage":{"@id":"https:\/\/www.suno.com.br\/noticias\/eduardo-guardia-socio-btg-pactual\/"},"wordCount":470,"publisher":{"@id":"https:\/\/www.suno.com.br\/noticias\/#organization"},"image":{"@id":"https:\/\/www.suno.com.br\/noticias\/eduardo-guardia-socio-btg-pactual\/#primaryimage"},"thumbnailUrl":"https:\/\/files.sunoresearch.com.br\/n\/uploads\/2018\/12\/3b7dff46-eduardo-guardia-jpg.webp","keywords":["BTG Pactual (BPAC11\/BPAC3\/BPAC5)","Eduardo Guardia","Minist\u00e9rio da Fazenda"],"articleSection":["Mercado"],"inLanguage":"pt-BR"},{"@type":"WebPage","@id":"https:\/\/www.suno.com.br\/noticias\/eduardo-guardia-socio-btg-pactual\/","url":"https:\/\/www.suno.com.br\/noticias\/eduardo-guardia-socio-btg-pactual\/","name":"Eduardo Guardia se torna s\u00f3cio do banco BTG Pactual","isPartOf":{"@id":"https:\/\/www.suno.com.br\/noticias\/#website"},"primaryImageOfPage":{"@id":"https:\/\/www.suno.com.br\/noticias\/eduardo-guardia-socio-btg-pactual\/#primaryimage"},"image":{"@id":"https:\/\/www.suno.com.br\/noticias\/eduardo-guardia-socio-btg-pactual\/#primaryimage"},"thumbnailUrl":"https:\/\/files.sunoresearch.com.br\/n\/uploads\/2018\/12\/3b7dff46-eduardo-guardia-jpg.webp","datePublished":"2019-02-15T12:07:56+00:00","dateModified":"2019-02-15T12:09:53+00:00","description":"O ex-ministro da Fazenda Eduardo Guardia se tornou s\u00f3cio do banco de investimentos BTG Pactual. Clique aqui para saber mais.","breadcrumb":{"@id":"https:\/\/www.suno.com.br\/noticias\/eduardo-guardia-socio-btg-pactual\/#breadcrumb"},"inLanguage":"pt-BR","potentialAction":[{"@type":"ReadAction","target":["https:\/\/www.suno.com.br\/noticias\/eduardo-guardia-socio-btg-pactual\/"]}]},{"@type":"ImageObject","inLanguage":"pt-BR","@id":"https:\/\/www.suno.com.br\/noticias\/eduardo-guardia-socio-btg-pactual\/#primaryimage","url":"https:\/\/files.sunoresearch.com.br\/n\/uploads\/2018\/12\/3b7dff46-eduardo-guardia-jpg.webp","contentUrl":"https:\/\/files.sunoresearch.com.br\/n\/uploads\/2018\/12\/3b7dff46-eduardo-guardia-jpg.webp","width":1140,"height":760,"caption":"Eduardo Guardia"},{"@type":"BreadcrumbList","@id":"https:\/\/www.suno.com.br\/noticias\/eduardo-guardia-socio-btg-pactual\/#breadcrumb","itemListElement":[{"@type":"ListItem","position":1,"name":"Not\u00edcias","item":"https:\/\/www.suno.com.br\/noticias\/"},{"@type":"ListItem","position":2,"name":"Mercado","item":"https:\/\/www.suno.com.br\/noticias\/mercado\/"},{"@type":"ListItem","position":3,"name":"Eduardo Guardia se torna s\u00f3cio do BTG Pactual"}]},{"@type":"WebSite","@id":"https:\/\/www.suno.com.br\/noticias\/#website","url":"https:\/\/www.suno.com.br\/noticias\/","name":"Suno Not\u00edcias","description":"Seu portal de informa\u00e7\u00e3o sobre o mundo dos investimentos","publisher":{"@id":"https:\/\/www.suno.com.br\/noticias\/#organization"},"potentialAction":[{"@type":"SearchAction","target":{"@type":"EntryPoint","urlTemplate":"https:\/\/www.suno.com.br\/noticias\/?s={search_term_string}"},"query-input":{"@type":"PropertyValueSpecification","valueRequired":true,"valueName":"search_term_string"}}],"inLanguage":"pt-BR"},{"@type":"Organization","@id":"https:\/\/www.suno.com.br\/noticias\/#organization","name":"Suno Not\u00edcias","url":"https:\/\/www.suno.com.br\/noticias\/","logo":{"@type":"ImageObject","inLanguage":"pt-BR","@id":"https:\/\/www.suno.com.br\/noticias\/#\/schema\/logo\/image\/","url":"https:\/\/files.sunoresearch.com.br\/n\/uploads\/2021\/09\/suno-logo.png","contentUrl":"https:\/\/files.sunoresearch.com.br\/n\/uploads\/2021\/09\/suno-logo.png","width":180,"height":180,"caption":"Suno Not\u00edcias"},"image":{"@id":"https:\/\/www.suno.com.br\/noticias\/#\/schema\/logo\/image\/"},"sameAs":["https:\/\/facebook.com\/sunoresearch","https:\/\/x.com\/sunoresearch","https:\/\/www.instagram.com\/suno","https:\/\/www.linkedin.com\/company\/suno-research\/","https:\/\/www.youtube.com\/c\/sunoresearch"]},{"@type":"Person","@id":"https:\/\/www.suno.com.br\/noticias\/#\/schema\/person\/e6e0f723cc177805027f4566c1d5e0c8","name":"Carlo Cauti","image":{"@type":"ImageObject","inLanguage":"pt-BR","@id":"https:\/\/www.suno.com.br\/noticias\/#\/schema\/person\/image\/","url":"https:\/\/secure.gravatar.com\/avatar\/3ada9e0bd164c23abd4792a9606d583c?s=96&r=g","contentUrl":"https:\/\/secure.gravatar.com\/avatar\/3ada9e0bd164c23abd4792a9606d583c?s=96&r=g","caption":"Carlo Cauti"},"description":"Editor multim\u00eddia do SUNO Not\u00edcias. Italiano, formado em Ci\u00eancias Pol\u00edticas pela universidade LUISS G. Carli de Roma e mestre cum laude em Rela\u00e7\u00f5es Internacionais, Jornalismo Internacional e de Guerra e em Economia Internacional. Concluiu tamb\u00e9m um MBA em Finan\u00e7as na B3. No Brasil, teve passagem por ve\u00edculos como Estad\u00e3o, Globo, Veja e EXAME. e nas ag\u00eancias de not\u00edcias italianas ANSA e NOVA.","url":"https:\/\/www.suno.com.br\/noticias\/author\/carlo-cauti\/"}]}},"default_loop_html":"<div class=\"cardsPage__listCard__boxs\"><div class=\"cardsPage__listCard__boxs__img\"><a href=\"https:\/\/www.suno.com.br\/noticias\/eduardo-guardia-socio-btg-pactual\/\"><img class=\"mask\" src=\"https:\/\/www.suno.com.br\/noticias\/wp-content\/themes\/suno\/resources\/images\/spotlight\/spotlight1img\/bg-mask.png\" alt=\"Image Mask\"\/><img src=\"https:\/\/files.sunoresearch.com.br\/n\/uploads\/2018\/12\/3b7dff46-eduardo-guardia-400x200.webp\" alt=\"Eduardo Guardia se torna s\u00f3cio do BTG Pactual\"\/><\/a><span class=\"spotlightCategory\"><a href=\"https:\/\/www.suno.com.br\/noticias\/mercado\/\">Mercado<\/a><\/span><\/div><div class=\"cardsPage__listCard__boxs__content\"><a href=\"https:\/\/www.suno.com.br\/noticias\/eduardo-guardia-socio-btg-pactual\/\"><h2 class=\"content__title\">Eduardo Guardia se torna s\u00f3cio do BTG Pactual<\/h2><\/a><div class=\"newsContent__article__meta\"><div class=\"newsContent__article__meta__authorBox\"><a href=\"https:\/\/www.suno.com.br\/noticias\/author\/carlo-cauti\/\" class=\"authorBox__avatar noMobi\"><img src=\"https:\/\/files.sunoresearch.com.br\/n\/uploads\/2020\/08\/e3745f9a-perfil-carlo-cauti-150x150.webp\" alt=\"Carlo Cauti\"><\/a><div class=\"authorBox__name\"><span>por\n\t\t\t<a href=\"https:\/\/www.suno.com.br\/noticias\/author\/carlo-cauti\/\"><span itemprop=\"author\">Carlo Cauti<\/span><\/a><\/span><time datetime=\"2019-02-15T10:07:56-02:00\" itemprop=\"datePublished\">15\/02\/2019 10:07<\/time><\/div><\/div><\/div><\/div><\/div>","single_layout":"posts","amp_enabled":true,"_links":{"self":[{"href":"https:\/\/www.suno.com.br\/noticias\/wp-json\/wp\/v2\/posts\/15408"}],"collection":[{"href":"https:\/\/www.suno.com.br\/noticias\/wp-json\/wp\/v2\/posts"}],"about":[{"href":"https:\/\/www.suno.com.br\/noticias\/wp-json\/wp\/v2\/types\/post"}],"author":[{"embeddable":true,"href":"https:\/\/www.suno.com.br\/noticias\/wp-json\/wp\/v2\/users\/9"}],"replies":[{"embeddable":true,"href":"https:\/\/www.suno.com.br\/noticias\/wp-json\/wp\/v2\/comments?post=15408"}],"version-history":[{"count":0,"href":"https:\/\/www.suno.com.br\/noticias\/wp-json\/wp\/v2\/posts\/15408\/revisions"}],"wp:featuredmedia":[{"embeddable":true,"href":"https:\/\/www.suno.com.br\/noticias\/wp-json\/wp\/v2\/media\/7879"}],"wp:attachment":[{"href":"https:\/\/www.suno.com.br\/noticias\/wp-json\/wp\/v2\/media?parent=15408"}],"wp:term":[{"taxonomy":"category","embeddable":true,"href":"https:\/\/www.suno.com.br\/noticias\/wp-json\/wp\/v2\/categories?post=15408"},{"taxonomy":"post_tag","embeddable":true,"href":"https:\/\/www.suno.com.br\/noticias\/wp-json\/wp\/v2\/tags?post=15408"},{"taxonomy":"suno_strategy","embeddable":true,"href":"https:\/\/www.suno.com.br\/noticias\/wp-json\/wp\/v2\/suno_strategy?post=15408"}],"curies":[{"name":"wp","href":"https:\/\/api.w.org\/{rel}","templated":true}]}}