{"id":154024,"date":"2021-06-02T10:50:16","date_gmt":"2021-06-02T13:50:16","guid":{"rendered":"https:\/\/www.suno.com.br\/noticias\/?p=154024"},"modified":"2021-10-06T21:12:05","modified_gmt":"2021-10-07T00:12:05","slug":"fiagro-fiis-queda-vetos-congresso","status":"publish","type":"post","link":"https:\/\/www.suno.com.br\/noticias\/fiagro-fiis-queda-vetos-congresso\/","title":{"rendered":"Fiagro seguir\u00e1 caminho dos FIIs ap\u00f3s queda de vetos"},"content":{"rendered":"<p>O Congresso derrubou, na noite da \u00faltima ter\u00e7a-feira (1), os vetos do governo federal ao projeto que <a href=\"https:\/\/www.suno.com.br\/artigos\/fiagro\/\">cria os Fundos de Investimentos das Cadeias Agroindustriais (<strong>Fiagro<\/strong>)<\/a>. Com isso, o texto vai \u00e0 promulga\u00e7\u00e3o.<\/p>\t<div class=\"wrapper-featured-image\">\n\t\t<figure class=\"spotlightImg\">\n\n\t\t\t<picture>\n\t\t\t\t<source media=\"(max-width: 768px)\" srcset=\"https:\/\/files.sunoresearch.com.br\/n\/uploads\/2021\/06\/62895ec0-tobacco-1831799_1280-400x200.webp\">\n\t\t\t\t<img loading=\"lazy\" decoding=\"async\" class=\"newsContent__article__imgCapa lazyloadDisabled \" src=\"https:\/\/files.sunoresearch.com.br\/n\/uploads\/2021\/06\/62895ec0-tobacco-1831799_1280-800x450.webp\" width=\"800\" height=\"450\" alt=\"Fiagro seguir\u00e1 caminho dos FIIs ap\u00f3s queda de vetos\" fetchpriority=high \/>\n\t\t\t<\/picture>\n\n\t\t\t<figcaption class=\"wp-caption-text wp-caption-text--show\">Foto: Pixabay. <\/figcaption>\n\t\t<\/figure>\n\t<\/div>\n\n\n\t<p>\n\t\t<a href=\"https:\/\/lp.suno.com.br\/planilha-controle-gastos\/\" target=\"_blank\" data-element=\"shortcode-suno-banner\" title=\"Banner SUNO, clique e saiba mais\">\n\t\t\t<picture>\n\t\t\t\t<source media=\"(max-width: 500px)\" srcset=\"https:\/\/files.sunoresearch.com.br\/n\/uploads\/2023\/03\/400x300-Planilha-controle-de-gastos.png\">\n\t\t\t\t<img class=\"newsContent__article__imgCapa newsContent__article__imgCapa--banner\"\n\t\t\t\t\tsrc=\"https:\/\/files.sunoresearch.com.br\/n\/uploads\/2023\/03\/1420x240-Planilha-controle-de-gastos.png\"\n\t\t\t\t\tdata-promo-id=\"101751\"\t\t\t\t\t\t\t\t\t\twidth='1420' height='240'\t\t\t\t\talt=\"https:\/\/files.sunoresearch.com.br\/n\/uploads\/2023\/03\/1420x240-Planilha-controle-de-gastos.png\"\n\t\t\t\t>\n\t\t\t<\/picture>\n\t\t<\/a>\n\t<\/p>\n\n\n<p>A proposta, transformada na lei 14.130\/2021, \u00e9 entendida como um incentivo \u00e0 entrada de produtores no <a href=\"https:\/\/www.suno.com.br\/artigos\/mercado-de-capitais-conceito\/\">mercado de capitais<\/a> e de investidores interessados no <strong>agroneg\u00f3cio<\/strong>, al\u00e9m de alternativa ao cr\u00e9dito rural no pa\u00eds. O Fiagro havia sido sancionado com duros vetos em mar\u00e7o, fazendo com que o instrumento de financiamento do setor perdesse atratividade.<\/p>\n<p>\u00c0 \u00e9poca, o presidente <strong>Jair Bolsonaro<\/strong> vetou a isen\u00e7\u00e3o do imposto de renda dos dividendos distribu\u00eddos a pessoas f\u00edsicas, como ocorre com os <a href=\"https:\/\/www.suno.com.br\/artigos\/o-guia-definitivo-de-fundos-imobiliarios\/\"><strong>fundos imobili\u00e1rios<\/strong> (FIIs)<\/a>. Al\u00e9m disso, o governo tamb\u00e9m havia vetado o adiamento do recolhimento do IR sobre ganho de capital apurado na integraliza\u00e7\u00e3o de bens no fundo, como de im\u00f3vel rural.<\/p>\n<p><a href=\"https:\/\/lp.suno.com.br\/suno-one\/\"><span style=\"font-weight: 400;\">Suno One: acesse gratuitamente eBooks, Minicursos, Artigos e Video Aulas sobre investimentos com um \u00fanico cadastro. Clique para saber mais!<\/span><\/a><\/p>\n<p>De acordo com a Frente Parlamentar da Agropecu\u00e1ria (FPA), era essencial para que fosse estendido ao Fiagro o mesmo entendimento observado atualmente sobre os FIIs. De acordo com a bancada que se movimentou para derrubar os vetos, a equipara\u00e7\u00e3o da ferramenta com outros fundos de investimento \u00e9 necess\u00e1ria para a atra\u00e7\u00e3o de capital.<\/p>\n<p>Segundo S\u00e9rgio Souza, presidente da FPA, &#8220;a promulga\u00e7\u00e3o na integralidade do Fiagro ir\u00e1 trazer muitas possibilidades de neg\u00f3cio para o produtor rural&#8221;. Todo o processo de aprova\u00e7\u00e3o da proposta foi realizada, com a ajuda da FPA, de forma c\u00e9lere. O texto foi apresentado na C\u00e2mara no dia 18 de novembro de 2020.<\/p>\n\t<div data-element=\"shortcode-read-more\" class=\"knowMore\">\n\t\t\t\t<span class=\"knowMore__title\">Saiba mais<\/span>\n\t\t\t\t<a class=\"knowMore__link\" href=\"https:\/\/www.suno.com.br\/noticias\/lei-fiagro-fundo-investimento-agronegocio\/\">\n\t\t\tFiagro: Lei cria modalidade de fundo de investimento para agroneg\u00f3cio\t\t<\/a>\n\t<\/div>\n\n\n<p>\u201cEsta lei \u00e9 importante para financiar a agricultura, a pecu\u00e1ria e a agroind\u00fastria do Brasil. Teremos, certamente, um impacto positivo j\u00e1 neste plano Safra&#8221;, comentou o relator da proposta na C\u00e2mara, deputado Christino \u00c1ureo.<\/p>\n<h2>Atratividade do Fiagro<\/h2>\n<p>Embora o Fiagro tenda a seguir os moldes dos <strong>FIIs<\/strong>, haver\u00e1 diferenciais. O investidor pode n\u00e3o apenas comprar cotas de um produto que adquire terras e investe em t\u00edtulos de <a href=\"https:\/\/www.suno.com.br\/artigos\/titulos-privados\/\">d\u00edvida corporativa<\/a>, como ainda pode participar dos resultados de sua atividade econ\u00f4mica.<\/p>\n\t<p>\n\t\t<a href=\"https:\/\/lp.suno.com.br\/planilha-da-vida-financeira\/\" target=\"_blank\" data-element=\"shortcode-suno-banner\" title=\"Banner SUNO, clique e saiba mais\">\n\t\t\t<picture>\n\t\t\t\t<source media=\"(max-width: 500px)\" srcset=\"https:\/\/files.sunoresearch.com.br\/n\/uploads\/2023\/04\/400x300-Planilha-vida-financeira-true.png\">\n\t\t\t\t<img class=\"newsContent__article__imgCapa newsContent__article__imgCapa--banner\"\n\t\t\t\t\tsrc=\"https:\/\/files.sunoresearch.com.br\/n\/uploads\/2023\/04\/1420x240-Planilha-vida-financeira-true.png\"\n\t\t\t\t\tdata-promo-id=\"106682\"\t\t\t\t\t\t\t\t\t\twidth='1420' height='240'\t\t\t\t\talt=\"https:\/\/files.sunoresearch.com.br\/n\/uploads\/2023\/04\/1420x240-Planilha-vida-financeira-true.png\"\n\t\t\t\t>\n\t\t\t<\/picture>\n\t\t<\/a>\n\t<\/p>\n\n\n<p>&#8220;A derrubada dos vetos \u00e9 uma not\u00edcia muito boa. Isso torna o Fiagro ainda mais eficiente do que os fundos imobili\u00e1rios tradicionais&#8221;, comenta o CEO da <a href=\"https:\/\/www.suno.com.br\/noticias\/mark-2-market-agronegocio-mercado-b3\/\">Mark 2 Market<\/a>, <strong>Rodrigo Amato<\/strong>, ao SUNO Not\u00edcias. &#8220;O movimento de populariza\u00e7\u00e3o dos FIIs, com a listagem das cotas na B3 e amplia\u00e7\u00e3o da base de investidores, tamb\u00e9m deve ser o mesmo caminho do Fiagro, aumentando a liquidez e oportunidade de financiamento do setor.&#8221;<\/p>\n<p>Segundo ele, com o benef\u00edcio fiscal da ferramenta, gestores profissionais tendem a analisar de forma mais pr\u00f3xima o Fiagro, o que amplia as oportunidades de atua\u00e7\u00e3o das empresas ligadas ao agro, t\u00e3o importantes para a economia brasileira.<\/p>\n<p>Segundo a Confedera\u00e7\u00e3o Nacional de Agricultura (CNA), o setor foi respons\u00e1vel por 26,6% do <a href=\"https:\/\/www.suno.com.br\/artigos\/pib-produto-interno-bruto\/\">Produto Interno Bruto (PIB)<\/a> do Brasil em 2020. O <strong>Fiagro<\/strong> surfar\u00e1 no segmento econ\u00f4mico que movimentou quase R$ 2 trilh\u00f5es no ano passado.<\/p>\n\t<p>\n\t\t<a href=\"https:\/\/lp.suno.com.br\/planilha-de-controle-de-investimentos\/\" target=\"_blank\" data-element=\"shortcode-suno-banner\" title=\"Banner SUNO, clique e saiba mais\">\n\t\t\t<picture>\n\t\t\t\t<source media=\"(max-width: 500px)\" srcset=\"https:\/\/files.sunoresearch.com.br\/n\/uploads\/2023\/03\/400x300-Controle-de-Investimentos.png\">\n\t\t\t\t<img class=\"newsContent__article__imgCapa newsContent__article__imgCapa--banner\"\n\t\t\t\t\tsrc=\"https:\/\/files.sunoresearch.com.br\/n\/uploads\/2023\/03\/1420x240-Controle-de-Investimentos.png\"\n\t\t\t\t\tdata-promo-id=\"75934\"\t\t\t\t\t\t\t\t\t\twidth='1420' height='240'\t\t\t\t\talt=\"https:\/\/files.sunoresearch.com.br\/n\/uploads\/2023\/03\/1420x240-Controle-de-Investimentos.png\"\n\t\t\t\t>\n\t\t\t<\/picture>\n\t\t<\/a>\n\t<\/p>\n\n\n","protected":false},"excerpt":{"rendered":"<p>O Congresso derrubou, na noite da \u00faltima ter\u00e7a-feira (1), os vetos do governo federal ao projeto que cria os Fundos de Investimentos das Cadeias Agroindustriais (Fiagro). Com isso, o texto vai \u00e0 promulga\u00e7\u00e3o. Foto: Pixabay. A proposta, transformada na lei 14.130\/2021, \u00e9 entendida como um incentivo \u00e0 entrada de produtores no mercado de capitais e [&hellip;]<\/p>\n","protected":false},"author":24,"featured_media":154033,"comment_status":"closed","ping_status":"closed","sticky":false,"template":"","format":"standard","meta":[],"categories":[64],"tags":[1121,901,105816,106399,315],"suno_strategy":[],"class_list":["post-154024","post","type-post","status-publish","format-standard","has-post-thumbnail","hentry","category-negocios","tag-agronegocio","tag-congresso-nacional","tag-especialistas","tag-fiagro","tag-fundos-imobiliarios-fiis"],"yoast_head":"<!-- This site is optimized with the Yoast SEO plugin v24.4 - https:\/\/yoast.com\/wordpress\/plugins\/seo\/ -->\n<title>Fiagro seguir\u00e1 caminho dos FIIs ap\u00f3s queda de vetos<\/title>\n<meta name=\"description\" content=\"O Congresso derrubou, na noite da \u00faltima ter\u00e7a-feira (1), os vetos do governo federal ao projeto do Fiagro. Clique aqui e saiba mais.\" \/>\n<meta name=\"robots\" content=\"index, follow, max-snippet:-1, max-image-preview:large, max-video-preview:-1\" \/>\n<link rel=\"canonical\" href=\"https:\/\/www.suno.com.br\/noticias\/fiagro-fiis-queda-vetos-congresso\/\" \/>\n<meta property=\"og:locale\" content=\"pt_BR\" \/>\n<meta property=\"og:type\" content=\"article\" \/>\n<meta property=\"og:title\" content=\"Fiagro seguir\u00e1 caminho dos FIIs ap\u00f3s queda de vetos\" \/>\n<meta property=\"og:description\" content=\"O Congresso derrubou, na noite da \u00faltima ter\u00e7a-feira (1), os vetos do governo federal ao projeto do Fiagro. Clique aqui e saiba mais.\" \/>\n<meta property=\"og:url\" content=\"https:\/\/www.suno.com.br\/noticias\/fiagro-fiis-queda-vetos-congresso\/\" \/>\n<meta property=\"og:site_name\" content=\"Suno Not\u00edcias\" \/>\n<meta property=\"article:publisher\" content=\"https:\/\/facebook.com\/sunoresearch\" \/>\n<meta property=\"og:image\" content=\"https:\/\/files.sunoresearch.com.br\/n\/uploads\/2021\/06\/62895ec0-tobacco-1831799_1280.jpg\" \/>\n\t<meta property=\"og:image:width\" content=\"1280\" \/>\n\t<meta property=\"og:image:height\" content=\"853\" \/>\n\t<meta property=\"og:image:type\" content=\"image\/jpeg\" \/>\n<meta name=\"author\" content=\"Jader Lazarini\" \/>\n<meta name=\"twitter:card\" content=\"summary_large_image\" \/>\n<meta name=\"twitter:creator\" content=\"@sunoresearch\" \/>\n<meta name=\"twitter:site\" content=\"@sunoresearch\" \/>\n<meta name=\"twitter:label1\" content=\"Escrito por\" \/>\n\t<meta name=\"twitter:data1\" content=\"Jader Lazarini\" \/>\n\t<meta name=\"twitter:label2\" content=\"Est. tempo de leitura\" \/>\n\t<meta name=\"twitter:data2\" content=\"3 minutos\" \/>\n<script type=\"application\/ld+json\" class=\"yoast-schema-graph\">{\"@context\":\"https:\/\/schema.org\",\"@graph\":[{\"@type\":\"NewsArticle\",\"@id\":\"https:\/\/www.suno.com.br\/noticias\/fiagro-fiis-queda-vetos-congresso\/#article\",\"isPartOf\":{\"@id\":\"https:\/\/www.suno.com.br\/noticias\/fiagro-fiis-queda-vetos-congresso\/\"},\"author\":{\"name\":\"Jader Lazarini\",\"@id\":\"https:\/\/www.suno.com.br\/noticias\/#\/schema\/person\/918d79de1f0281f01599b93f9ea6e23f\"},\"headline\":\"Fiagro seguir\u00e1 caminho dos FIIs ap\u00f3s queda de vetos\",\"datePublished\":\"2021-06-02T13:50:16+00:00\",\"dateModified\":\"2021-10-07T00:12:05+00:00\",\"mainEntityOfPage\":{\"@id\":\"https:\/\/www.suno.com.br\/noticias\/fiagro-fiis-queda-vetos-congresso\/\"},\"wordCount\":546,\"publisher\":{\"@id\":\"https:\/\/www.suno.com.br\/noticias\/#organization\"},\"image\":{\"@id\":\"https:\/\/www.suno.com.br\/noticias\/fiagro-fiis-queda-vetos-congresso\/#primaryimage\"},\"thumbnailUrl\":\"https:\/\/files.sunoresearch.com.br\/n\/uploads\/2021\/06\/62895ec0-tobacco-1831799_1280-jpg.webp\",\"keywords\":[\"Agroneg\u00f3cio\",\"Congresso Nacional\",\"Especialistas\",\"Fiagro\",\"Fundos Imobili\u00e1rios (FIIs)\"],\"articleSection\":[\"Neg\u00f3cios\"],\"inLanguage\":\"pt-BR\"},{\"@type\":\"WebPage\",\"@id\":\"https:\/\/www.suno.com.br\/noticias\/fiagro-fiis-queda-vetos-congresso\/\",\"url\":\"https:\/\/www.suno.com.br\/noticias\/fiagro-fiis-queda-vetos-congresso\/\",\"name\":\"Fiagro seguir\u00e1 caminho dos FIIs ap\u00f3s queda de vetos\",\"isPartOf\":{\"@id\":\"https:\/\/www.suno.com.br\/noticias\/#website\"},\"primaryImageOfPage\":{\"@id\":\"https:\/\/www.suno.com.br\/noticias\/fiagro-fiis-queda-vetos-congresso\/#primaryimage\"},\"image\":{\"@id\":\"https:\/\/www.suno.com.br\/noticias\/fiagro-fiis-queda-vetos-congresso\/#primaryimage\"},\"thumbnailUrl\":\"https:\/\/files.sunoresearch.com.br\/n\/uploads\/2021\/06\/62895ec0-tobacco-1831799_1280-jpg.webp\",\"datePublished\":\"2021-06-02T13:50:16+00:00\",\"dateModified\":\"2021-10-07T00:12:05+00:00\",\"description\":\"O Congresso derrubou, na noite da \u00faltima ter\u00e7a-feira (1), os vetos do governo federal ao projeto do Fiagro. Clique aqui e saiba mais.\",\"breadcrumb\":{\"@id\":\"https:\/\/www.suno.com.br\/noticias\/fiagro-fiis-queda-vetos-congresso\/#breadcrumb\"},\"inLanguage\":\"pt-BR\",\"potentialAction\":[{\"@type\":\"ReadAction\",\"target\":[\"https:\/\/www.suno.com.br\/noticias\/fiagro-fiis-queda-vetos-congresso\/\"]}]},{\"@type\":\"ImageObject\",\"inLanguage\":\"pt-BR\",\"@id\":\"https:\/\/www.suno.com.br\/noticias\/fiagro-fiis-queda-vetos-congresso\/#primaryimage\",\"url\":\"https:\/\/files.sunoresearch.com.br\/n\/uploads\/2021\/06\/62895ec0-tobacco-1831799_1280-jpg.webp\",\"contentUrl\":\"https:\/\/files.sunoresearch.com.br\/n\/uploads\/2021\/06\/62895ec0-tobacco-1831799_1280-jpg.webp\",\"width\":1280,\"height\":853,\"caption\":\"Foto: Pixabay.\"},{\"@type\":\"BreadcrumbList\",\"@id\":\"https:\/\/www.suno.com.br\/noticias\/fiagro-fiis-queda-vetos-congresso\/#breadcrumb\",\"itemListElement\":[{\"@type\":\"ListItem\",\"position\":1,\"name\":\"Not\u00edcias\",\"item\":\"https:\/\/www.suno.com.br\/noticias\/\"},{\"@type\":\"ListItem\",\"position\":2,\"name\":\"Neg\u00f3cios\",\"item\":\"https:\/\/www.suno.com.br\/noticias\/negocios\/\"},{\"@type\":\"ListItem\",\"position\":3,\"name\":\"Fiagro seguir\u00e1 caminho dos FIIs ap\u00f3s queda de vetos\"}]},{\"@type\":\"WebSite\",\"@id\":\"https:\/\/www.suno.com.br\/noticias\/#website\",\"url\":\"https:\/\/www.suno.com.br\/noticias\/\",\"name\":\"Suno Not\u00edcias\",\"description\":\"Seu portal de informa\u00e7\u00e3o sobre o mundo dos investimentos\",\"publisher\":{\"@id\":\"https:\/\/www.suno.com.br\/noticias\/#organization\"},\"potentialAction\":[{\"@type\":\"SearchAction\",\"target\":{\"@type\":\"EntryPoint\",\"urlTemplate\":\"https:\/\/www.suno.com.br\/noticias\/?s={search_term_string}\"},\"query-input\":{\"@type\":\"PropertyValueSpecification\",\"valueRequired\":true,\"valueName\":\"search_term_string\"}}],\"inLanguage\":\"pt-BR\"},{\"@type\":\"Organization\",\"@id\":\"https:\/\/www.suno.com.br\/noticias\/#organization\",\"name\":\"Suno Not\u00edcias\",\"url\":\"https:\/\/www.suno.com.br\/noticias\/\",\"logo\":{\"@type\":\"ImageObject\",\"inLanguage\":\"pt-BR\",\"@id\":\"https:\/\/www.suno.com.br\/noticias\/#\/schema\/logo\/image\/\",\"url\":\"https:\/\/files.sunoresearch.com.br\/n\/uploads\/2021\/09\/suno-logo.png\",\"contentUrl\":\"https:\/\/files.sunoresearch.com.br\/n\/uploads\/2021\/09\/suno-logo.png\",\"width\":180,\"height\":180,\"caption\":\"Suno Not\u00edcias\"},\"image\":{\"@id\":\"https:\/\/www.suno.com.br\/noticias\/#\/schema\/logo\/image\/\"},\"sameAs\":[\"https:\/\/facebook.com\/sunoresearch\",\"https:\/\/x.com\/sunoresearch\",\"https:\/\/www.instagram.com\/suno\",\"https:\/\/www.linkedin.com\/company\/suno-research\/\",\"https:\/\/www.youtube.com\/c\/sunoresearch\"]},{\"@type\":\"Person\",\"@id\":\"https:\/\/www.suno.com.br\/noticias\/#\/schema\/person\/918d79de1f0281f01599b93f9ea6e23f\",\"name\":\"Jader Lazarini\",\"image\":{\"@type\":\"ImageObject\",\"inLanguage\":\"pt-BR\",\"@id\":\"https:\/\/www.suno.com.br\/noticias\/#\/schema\/person\/image\/\",\"url\":\"https:\/\/secure.gravatar.com\/avatar\/3c1ad8caa51589841baeb923fcddea97?s=96&r=g\",\"contentUrl\":\"https:\/\/secure.gravatar.com\/avatar\/3c1ad8caa51589841baeb923fcddea97?s=96&r=g\",\"caption\":\"Jader Lazarini\"},\"description\":\"Jader Lazarini escreve sobre investimentos, finan\u00e7as, economia e neg\u00f3cios. \u00c9 bacharel em Rela\u00e7\u00f5es Internacionais e analista CNPI (2619).\",\"url\":\"https:\/\/www.suno.com.br\/noticias\/author\/jader-lazarini\/\"}]}<\/script>\n<!-- \/ Yoast SEO plugin. -->","yoast_head_json":{"title":"Fiagro seguir\u00e1 caminho dos FIIs ap\u00f3s queda de vetos","description":"O Congresso derrubou, na noite da \u00faltima ter\u00e7a-feira (1), os vetos do governo federal ao projeto do Fiagro. Clique aqui e saiba mais.","robots":{"index":"index","follow":"follow","max-snippet":"max-snippet:-1","max-image-preview":"max-image-preview:large","max-video-preview":"max-video-preview:-1"},"canonical":"https:\/\/www.suno.com.br\/noticias\/fiagro-fiis-queda-vetos-congresso\/","og_locale":"pt_BR","og_type":"article","og_title":"Fiagro seguir\u00e1 caminho dos FIIs ap\u00f3s queda de vetos","og_description":"O Congresso derrubou, na noite da \u00faltima ter\u00e7a-feira (1), os vetos do governo federal ao projeto do Fiagro. Clique aqui e saiba mais.","og_url":"https:\/\/www.suno.com.br\/noticias\/fiagro-fiis-queda-vetos-congresso\/","og_site_name":"Suno Not\u00edcias","article_publisher":"https:\/\/facebook.com\/sunoresearch","og_image":[{"width":1280,"height":853,"url":"https:\/\/files.sunoresearch.com.br\/n\/uploads\/2021\/06\/62895ec0-tobacco-1831799_1280.jpg","type":"image\/jpeg"}],"author":"Jader Lazarini","twitter_card":"summary_large_image","twitter_creator":"@sunoresearch","twitter_site":"@sunoresearch","twitter_misc":{"Escrito por":"Jader Lazarini","Est. tempo de leitura":"3 minutos"},"schema":{"@context":"https:\/\/schema.org","@graph":[{"@type":"NewsArticle","@id":"https:\/\/www.suno.com.br\/noticias\/fiagro-fiis-queda-vetos-congresso\/#article","isPartOf":{"@id":"https:\/\/www.suno.com.br\/noticias\/fiagro-fiis-queda-vetos-congresso\/"},"author":{"name":"Jader Lazarini","@id":"https:\/\/www.suno.com.br\/noticias\/#\/schema\/person\/918d79de1f0281f01599b93f9ea6e23f"},"headline":"Fiagro seguir\u00e1 caminho dos FIIs ap\u00f3s queda de vetos","datePublished":"2021-06-02T13:50:16+00:00","dateModified":"2021-10-07T00:12:05+00:00","mainEntityOfPage":{"@id":"https:\/\/www.suno.com.br\/noticias\/fiagro-fiis-queda-vetos-congresso\/"},"wordCount":546,"publisher":{"@id":"https:\/\/www.suno.com.br\/noticias\/#organization"},"image":{"@id":"https:\/\/www.suno.com.br\/noticias\/fiagro-fiis-queda-vetos-congresso\/#primaryimage"},"thumbnailUrl":"https:\/\/files.sunoresearch.com.br\/n\/uploads\/2021\/06\/62895ec0-tobacco-1831799_1280-jpg.webp","keywords":["Agroneg\u00f3cio","Congresso Nacional","Especialistas","Fiagro","Fundos Imobili\u00e1rios (FIIs)"],"articleSection":["Neg\u00f3cios"],"inLanguage":"pt-BR"},{"@type":"WebPage","@id":"https:\/\/www.suno.com.br\/noticias\/fiagro-fiis-queda-vetos-congresso\/","url":"https:\/\/www.suno.com.br\/noticias\/fiagro-fiis-queda-vetos-congresso\/","name":"Fiagro seguir\u00e1 caminho dos FIIs ap\u00f3s queda de vetos","isPartOf":{"@id":"https:\/\/www.suno.com.br\/noticias\/#website"},"primaryImageOfPage":{"@id":"https:\/\/www.suno.com.br\/noticias\/fiagro-fiis-queda-vetos-congresso\/#primaryimage"},"image":{"@id":"https:\/\/www.suno.com.br\/noticias\/fiagro-fiis-queda-vetos-congresso\/#primaryimage"},"thumbnailUrl":"https:\/\/files.sunoresearch.com.br\/n\/uploads\/2021\/06\/62895ec0-tobacco-1831799_1280-jpg.webp","datePublished":"2021-06-02T13:50:16+00:00","dateModified":"2021-10-07T00:12:05+00:00","description":"O Congresso derrubou, na noite da \u00faltima ter\u00e7a-feira (1), os vetos do governo federal ao projeto do Fiagro. Clique aqui e saiba mais.","breadcrumb":{"@id":"https:\/\/www.suno.com.br\/noticias\/fiagro-fiis-queda-vetos-congresso\/#breadcrumb"},"inLanguage":"pt-BR","potentialAction":[{"@type":"ReadAction","target":["https:\/\/www.suno.com.br\/noticias\/fiagro-fiis-queda-vetos-congresso\/"]}]},{"@type":"ImageObject","inLanguage":"pt-BR","@id":"https:\/\/www.suno.com.br\/noticias\/fiagro-fiis-queda-vetos-congresso\/#primaryimage","url":"https:\/\/files.sunoresearch.com.br\/n\/uploads\/2021\/06\/62895ec0-tobacco-1831799_1280-jpg.webp","contentUrl":"https:\/\/files.sunoresearch.com.br\/n\/uploads\/2021\/06\/62895ec0-tobacco-1831799_1280-jpg.webp","width":1280,"height":853,"caption":"Foto: Pixabay."},{"@type":"BreadcrumbList","@id":"https:\/\/www.suno.com.br\/noticias\/fiagro-fiis-queda-vetos-congresso\/#breadcrumb","itemListElement":[{"@type":"ListItem","position":1,"name":"Not\u00edcias","item":"https:\/\/www.suno.com.br\/noticias\/"},{"@type":"ListItem","position":2,"name":"Neg\u00f3cios","item":"https:\/\/www.suno.com.br\/noticias\/negocios\/"},{"@type":"ListItem","position":3,"name":"Fiagro seguir\u00e1 caminho dos FIIs ap\u00f3s queda de vetos"}]},{"@type":"WebSite","@id":"https:\/\/www.suno.com.br\/noticias\/#website","url":"https:\/\/www.suno.com.br\/noticias\/","name":"Suno Not\u00edcias","description":"Seu portal de informa\u00e7\u00e3o sobre o mundo dos investimentos","publisher":{"@id":"https:\/\/www.suno.com.br\/noticias\/#organization"},"potentialAction":[{"@type":"SearchAction","target":{"@type":"EntryPoint","urlTemplate":"https:\/\/www.suno.com.br\/noticias\/?s={search_term_string}"},"query-input":{"@type":"PropertyValueSpecification","valueRequired":true,"valueName":"search_term_string"}}],"inLanguage":"pt-BR"},{"@type":"Organization","@id":"https:\/\/www.suno.com.br\/noticias\/#organization","name":"Suno Not\u00edcias","url":"https:\/\/www.suno.com.br\/noticias\/","logo":{"@type":"ImageObject","inLanguage":"pt-BR","@id":"https:\/\/www.suno.com.br\/noticias\/#\/schema\/logo\/image\/","url":"https:\/\/files.sunoresearch.com.br\/n\/uploads\/2021\/09\/suno-logo.png","contentUrl":"https:\/\/files.sunoresearch.com.br\/n\/uploads\/2021\/09\/suno-logo.png","width":180,"height":180,"caption":"Suno Not\u00edcias"},"image":{"@id":"https:\/\/www.suno.com.br\/noticias\/#\/schema\/logo\/image\/"},"sameAs":["https:\/\/facebook.com\/sunoresearch","https:\/\/x.com\/sunoresearch","https:\/\/www.instagram.com\/suno","https:\/\/www.linkedin.com\/company\/suno-research\/","https:\/\/www.youtube.com\/c\/sunoresearch"]},{"@type":"Person","@id":"https:\/\/www.suno.com.br\/noticias\/#\/schema\/person\/918d79de1f0281f01599b93f9ea6e23f","name":"Jader Lazarini","image":{"@type":"ImageObject","inLanguage":"pt-BR","@id":"https:\/\/www.suno.com.br\/noticias\/#\/schema\/person\/image\/","url":"https:\/\/secure.gravatar.com\/avatar\/3c1ad8caa51589841baeb923fcddea97?s=96&r=g","contentUrl":"https:\/\/secure.gravatar.com\/avatar\/3c1ad8caa51589841baeb923fcddea97?s=96&r=g","caption":"Jader Lazarini"},"description":"Jader Lazarini escreve sobre investimentos, finan\u00e7as, economia e neg\u00f3cios. \u00c9 bacharel em Rela\u00e7\u00f5es Internacionais e analista CNPI (2619).","url":"https:\/\/www.suno.com.br\/noticias\/author\/jader-lazarini\/"}]}},"default_loop_html":"<div class=\"cardsPage__listCard__boxs\"><div class=\"cardsPage__listCard__boxs__img\"><a href=\"https:\/\/www.suno.com.br\/noticias\/fiagro-fiis-queda-vetos-congresso\/\"><img class=\"mask\" src=\"https:\/\/www.suno.com.br\/noticias\/wp-content\/themes\/suno\/resources\/images\/spotlight\/spotlight1img\/bg-mask.png\" alt=\"Image Mask\"\/><img src=\"https:\/\/files.sunoresearch.com.br\/n\/uploads\/2021\/06\/62895ec0-tobacco-1831799_1280-400x200.webp\" alt=\"Fiagro seguir\u00e1 caminho dos FIIs ap\u00f3s queda de vetos\"\/><\/a><span class=\"spotlightCategory\"><a href=\"https:\/\/www.suno.com.br\/noticias\/negocios\/\">Neg\u00f3cios<\/a><\/span><\/div><div class=\"cardsPage__listCard__boxs__content\"><a href=\"https:\/\/www.suno.com.br\/noticias\/fiagro-fiis-queda-vetos-congresso\/\"><h2 class=\"content__title\">Fiagro seguir\u00e1 caminho dos FIIs ap\u00f3s queda de vetos<\/h2><\/a><div class=\"newsContent__article__meta\"><div class=\"newsContent__article__meta__authorBox\"><a href=\"https:\/\/www.suno.com.br\/noticias\/author\/jader-lazarini\/\" class=\"authorBox__avatar noMobi\"><img src=\"https:\/\/files.sunoresearch.com.br\/n\/uploads\/2021\/01\/178e6598-foto-perfil-2-150x150.jpg\" alt=\"Jader Lazarini\"><\/a><div class=\"authorBox__name\"><span>por\n\t\t\t<a href=\"https:\/\/www.suno.com.br\/noticias\/author\/jader-lazarini\/\"><span itemprop=\"author\">Jader Lazarini<\/span><\/a><\/span><time datetime=\"2021-06-02T10:50:16-03:00\" itemprop=\"datePublished\">02\/06\/2021 10:50<\/time><\/div><\/div><\/div><\/div><\/div>","single_layout":"posts","amp_enabled":true,"_links":{"self":[{"href":"https:\/\/www.suno.com.br\/noticias\/wp-json\/wp\/v2\/posts\/154024"}],"collection":[{"href":"https:\/\/www.suno.com.br\/noticias\/wp-json\/wp\/v2\/posts"}],"about":[{"href":"https:\/\/www.suno.com.br\/noticias\/wp-json\/wp\/v2\/types\/post"}],"author":[{"embeddable":true,"href":"https:\/\/www.suno.com.br\/noticias\/wp-json\/wp\/v2\/users\/24"}],"replies":[{"embeddable":true,"href":"https:\/\/www.suno.com.br\/noticias\/wp-json\/wp\/v2\/comments?post=154024"}],"version-history":[{"count":3,"href":"https:\/\/www.suno.com.br\/noticias\/wp-json\/wp\/v2\/posts\/154024\/revisions"}],"predecessor-version":[{"id":191588,"href":"https:\/\/www.suno.com.br\/noticias\/wp-json\/wp\/v2\/posts\/154024\/revisions\/191588"}],"wp:featuredmedia":[{"embeddable":true,"href":"https:\/\/www.suno.com.br\/noticias\/wp-json\/wp\/v2\/media\/154033"}],"wp:attachment":[{"href":"https:\/\/www.suno.com.br\/noticias\/wp-json\/wp\/v2\/media?parent=154024"}],"wp:term":[{"taxonomy":"category","embeddable":true,"href":"https:\/\/www.suno.com.br\/noticias\/wp-json\/wp\/v2\/categories?post=154024"},{"taxonomy":"post_tag","embeddable":true,"href":"https:\/\/www.suno.com.br\/noticias\/wp-json\/wp\/v2\/tags?post=154024"},{"taxonomy":"suno_strategy","embeddable":true,"href":"https:\/\/www.suno.com.br\/noticias\/wp-json\/wp\/v2\/suno_strategy?post=154024"}],"curies":[{"name":"wp","href":"https:\/\/api.w.org\/{rel}","templated":true}]}}