{"id":153901,"date":"2021-06-02T13:12:11","date_gmt":"2021-06-02T16:12:11","guid":{"rendered":"https:\/\/www.suno.com.br\/noticias\/?p=153901"},"modified":"2021-06-21T05:25:57","modified_gmt":"2021-06-21T08:25:57","slug":"crise-hidrica-oficializada-documento-ana","status":"publish","type":"post","link":"https:\/\/www.suno.com.br\/noticias\/crise-hidrica-oficializada-documento-ana\/","title":{"rendered":"Crise h\u00eddrica \u00e9 oficializada em novo documento da ANA"},"content":{"rendered":"<p>A Ag\u00eancia Nacional de \u00c1guas e Saneamento B\u00e1sico (ANA) declarou situa\u00e7\u00e3o cr\u00edtica de escassez quantitativa dos recursos h\u00eddricos na Regi\u00e3o Hidrogr\u00e1fica do Paran\u00e1, em resolu\u00e7\u00e3o que reconhece a situa\u00e7\u00e3o de <strong>crise h\u00eddrica<\/strong> at\u00e9 o dia 30 de novembro de 2021.<\/p>\t<div class=\"wrapper-featured-image\">\n\t\t<figure class=\"spotlightImg\">\n\n\t\t\t<picture>\n\t\t\t\t<source media=\"(max-width: 768px)\" srcset=\"https:\/\/files.sunoresearch.com.br\/n\/uploads\/2021\/06\/3b17956b-crise-hidrica-400x200.webp\">\n\t\t\t\t<img loading=\"lazy\" decoding=\"async\" class=\"newsContent__article__imgCapa lazyloadDisabled \" src=\"https:\/\/files.sunoresearch.com.br\/n\/uploads\/2021\/06\/3b17956b-crise-hidrica-800x450.webp\" width=\"800\" height=\"450\" alt=\"Crise h\u00eddrica \u00e9 oficializada em novo documento da ANA\" fetchpriority=high \/>\n\t\t\t<\/picture>\n\n\t\t\t<figcaption class=\"wp-caption-text wp-caption-text--show\">Press\u00e3o nas margens Sabesp foi ponto negativo destacado por analistas - Foto: Ag\u00eancia Senado<\/figcaption>\n\t\t<\/figure>\n\t<\/div>\n\n\n\t<p>\n\t\t<a href=\"https:\/\/lp.suno.com.br\/planilha-controle-gastos\/\" target=\"_blank\" data-element=\"shortcode-suno-banner\" title=\"Banner SUNO, clique e saiba mais\">\n\t\t\t<picture>\n\t\t\t\t<source media=\"(max-width: 500px)\" srcset=\"https:\/\/files.sunoresearch.com.br\/n\/uploads\/2023\/03\/400x300-Planilha-controle-de-gastos.png\">\n\t\t\t\t<img class=\"newsContent__article__imgCapa newsContent__article__imgCapa--banner\"\n\t\t\t\t\tsrc=\"https:\/\/files.sunoresearch.com.br\/n\/uploads\/2023\/03\/1420x240-Planilha-controle-de-gastos.png\"\n\t\t\t\t\tdata-promo-id=\"101751\"\t\t\t\t\t\t\t\t\t\twidth='1420' height='240'\t\t\t\t\talt=\"https:\/\/files.sunoresearch.com.br\/n\/uploads\/2023\/03\/1420x240-Planilha-controle-de-gastos.png\"\n\t\t\t\t>\n\t\t\t<\/picture>\n\t\t<\/a>\n\t<\/p>\n\n\n<p>A crise h\u00eddrica, agora oficializada, est\u00e1 publicada em uma edi\u00e7\u00e3o extra do Di\u00e1rio Oficial da Uni\u00e3o que circula na noite desta ter\u00e7a-feira (1\u00ba).<\/p>\n<p>&#8220;O cen\u00e1rio observado na Regi\u00e3o Hidrogr\u00e1fica do <strong>Paran\u00e1<\/strong> \u00e9 de escassez h\u00eddrica relevante em compara\u00e7\u00e3o com per\u00edodos anteriores e que a situa\u00e7\u00e3o desfavor\u00e1vel prevista para os pr\u00f3ximos meses representa impactos a usos da \u00e1gua, em especial para os usos n\u00e3o consuntivos de lazer e turismo, navega\u00e7\u00e3o e gera\u00e7\u00e3o hidrel\u00e9trica, inclusive conforme reconhecimento por delibera\u00e7\u00e3o do Comit\u00ea de Monitoramento do Setor El\u00e9trico &#8211; CMSE em sua 248\u00aa Reuni\u00e3o Extraordin\u00e1ria, de 27 de maio de 2021, que apontou o risco de comprometer a gera\u00e7\u00e3o de energia el\u00e9trica para atendimento ao SIN&#8221;, diz a resolu\u00e7\u00e3o da <strong>ANA<\/strong>.<\/p>\n<p><a href=\"https:\/\/lp.suno.com.br\/suno-one\/?ppp=noticias\/hospital-care-pedido-ipo-cvm\/\"><b>Suno One: acesse gratuitamente eBooks, Minicursos, Artigos e V\u00eddeo Aulas sobre investimentos com um \u00fanico cadastro. Clique para saber mais!<\/b><\/a><\/p>\n<p>O ato da ANA considera o alerta de <strong>emerg\u00eancia<\/strong> h\u00eddrica, emitido pelo governo na \u00faltima sexta-feira, 28, para o per\u00edodo de junho a setembro em cinco Estados brasileiros &#8211; Minas Gerais, Goi\u00e1s, Mato Grosso do Sul, S\u00e3o Paulo e Paran\u00e1, unidades da Federa\u00e7\u00e3o que est\u00e3o na bacia do Rio Paran\u00e1.<\/p>\n<p>O an\u00fancio foi antecipado pelo <i>Broadcast<\/i>. Esse \u00e9 o primeiro alerta dessa natureza em 111 anos de servi\u00e7os meteorol\u00f3gicos do Pa\u00eds.<\/p>\n\t<div data-element=\"shortcode-read-more\" class=\"knowMore\">\n\t\t\t\t<span class=\"knowMore__title\">Saiba mais<\/span>\n\t\t\t\t<a class=\"knowMore__link\" href=\"https:\/\/www.suno.com.br\/noticias\/aes-brasil-aesb3-cesp-cesp6-crise-hidrica\/\">\n\t\t\tAES Brasil (AESB3) e Cesp (CESP6) s\u00e3o as mais afetadas pela crise h\u00eddrica, diz XP\t\t<\/a>\n\t<\/div>\n\n\n<p>A ANA diz na Resolu\u00e7\u00e3o que &#8220;poder\u00e1 definir condi\u00e7\u00f5es transit\u00f3rias para a opera\u00e7\u00e3o de reservat\u00f3rios ou sistemas h\u00eddricos espec\u00edficos, inclusive alterando temporariamente condi\u00e7\u00f5es definidas em outorgas de direito de uso de recursos h\u00eddricos&#8221;.<\/p>\n<p>Se for necess\u00e1rio, diz o \u00f3rg\u00e3o regulador, ser\u00e3o emitidos atos espec\u00edficos para o estabelecimento de outras regras de uso da \u00e1gua para assegurar os usos m\u00faltiplos durante a vig\u00eancia da resolu\u00e7\u00e3o.<\/p>\n<p>Ser\u00e1 criado pela ANA um Grupo T\u00e9cnico de Assessoramento da Situa\u00e7\u00e3o da Regi\u00e3o Hidrogr\u00e1fica do Paran\u00e1 (GTA-RH Paran\u00e1), com a participa\u00e7\u00e3o dos \u00f3rg\u00e3os gestores dos recursos h\u00eddricos dos Estados abrangidos. Esse grupo ter\u00e1 car\u00e1ter de assessoramento e consulta \u00e0s a\u00e7\u00f5es de gest\u00e3o dos recursos h\u00eddricos adotadas pelos entes respons\u00e1veis.<\/p>\n\t<p>\n\t\t<a href=\"https:\/\/lp.suno.com.br\/planilha-da-vida-financeira\/\" target=\"_blank\" data-element=\"shortcode-suno-banner\" title=\"Banner SUNO, clique e saiba mais\">\n\t\t\t<picture>\n\t\t\t\t<source media=\"(max-width: 500px)\" srcset=\"https:\/\/files.sunoresearch.com.br\/n\/uploads\/2023\/04\/400x300-Planilha-vida-financeira-true.png\">\n\t\t\t\t<img class=\"newsContent__article__imgCapa newsContent__article__imgCapa--banner\"\n\t\t\t\t\tsrc=\"https:\/\/files.sunoresearch.com.br\/n\/uploads\/2023\/04\/1420x240-Planilha-vida-financeira-true.png\"\n\t\t\t\t\tdata-promo-id=\"106682\"\t\t\t\t\t\t\t\t\t\twidth='1420' height='240'\t\t\t\t\talt=\"https:\/\/files.sunoresearch.com.br\/n\/uploads\/2023\/04\/1420x240-Planilha-vida-financeira-true.png\"\n\t\t\t\t>\n\t\t\t<\/picture>\n\t\t<\/a>\n\t<\/p>\n\n\n<p>Na Resolu\u00e7\u00e3o, a <strong>ag\u00eancia<\/strong> reguladora destaca que a regi\u00e3o hidrogr\u00e1fica do Paran\u00e1 abrange importantes usos dos recursos h\u00eddricos, de relev\u00e2ncia econ\u00f4mica e social, e concentra os principais reservat\u00f3rios de regulariza\u00e7\u00e3o do SIN (Sistema Interligado Nacional), com import\u00e2ncia para manuten\u00e7\u00e3o da seguran\u00e7a h\u00eddrica da regi\u00e3o energ\u00e9tica do Pa\u00eds.<\/p>\n<h2>Governo j\u00e1 anunciou crise h\u00eddrica na sexta<\/h2>\n<p>O governo emitiu, na \u00faltima sexta-feira (28), um alerta de emerg\u00eancia h\u00eddrica para cinco estados brasileiros. sendo:<\/p>\n<ul>\n<li>Minas Gerais<\/li>\n<li>Goi\u00e1s<\/li>\n<li>Mato Grosso do Sul<\/li>\n<li>S\u00e3o Paulo<\/li>\n<li>Paran\u00e1<\/li>\n<\/ul>\n<p>A Uni\u00e3o ressalta que as Unidades Federativas est\u00e3o em situa\u00e7\u00e3o preocupante, com baixo n\u00edvel nos reservat\u00f3rios. A <strong>crise h\u00eddrica<\/strong> tende a impactar, de forma mais relevante as companhias AES Brasil (AESB3) e Cesp (CESP6), de acordo com a XP.<\/p>\n<p><em><strong>Com informa\u00e7\u00f5es do Estad\u00e3o Conte\u00fado<\/strong><\/em><\/p>\n\t<p>\n\t\t<a href=\"https:\/\/lp.suno.com.br\/planilha-de-controle-de-investimentos\/\" target=\"_blank\" data-element=\"shortcode-suno-banner\" title=\"Banner SUNO, clique e saiba mais\">\n\t\t\t<picture>\n\t\t\t\t<source media=\"(max-width: 500px)\" srcset=\"https:\/\/files.sunoresearch.com.br\/n\/uploads\/2023\/03\/400x300-Controle-de-Investimentos.png\">\n\t\t\t\t<img class=\"newsContent__article__imgCapa newsContent__article__imgCapa--banner\"\n\t\t\t\t\tsrc=\"https:\/\/files.sunoresearch.com.br\/n\/uploads\/2023\/03\/1420x240-Controle-de-Investimentos.png\"\n\t\t\t\t\tdata-promo-id=\"75934\"\t\t\t\t\t\t\t\t\t\twidth='1420' height='240'\t\t\t\t\talt=\"https:\/\/files.sunoresearch.com.br\/n\/uploads\/2023\/03\/1420x240-Controle-de-Investimentos.png\"\n\t\t\t\t>\n\t\t\t<\/picture>\n\t\t<\/a>\n\t<\/p>\n\n\n","protected":false},"excerpt":{"rendered":"<p>A Ag\u00eancia Nacional de \u00c1guas e Saneamento B\u00e1sico (ANA) declarou situa\u00e7\u00e3o cr\u00edtica de escassez quantitativa dos recursos h\u00eddricos na Regi\u00e3o Hidrogr\u00e1fica do Paran\u00e1, em resolu\u00e7\u00e3o que reconhece a situa\u00e7\u00e3o de crise h\u00eddrica at\u00e9 o dia 30 de novembro de 2021. Press\u00e3o nas margens Sabesp foi ponto negativo destacado por analistas &#8211; Foto: Ag\u00eancia Senado A [&hellip;]<\/p>\n","protected":false},"author":73,"featured_media":154129,"comment_status":"closed","ping_status":"closed","sticky":false,"template":"","format":"standard","meta":[],"categories":[62],"tags":[106075,421,106435,1556],"suno_strategy":[],"class_list":["post-153901","post","type-post","status-publish","format-standard","has-post-thumbnail","hentry","category-economia","tag-aes-brasil-aesb3","tag-cesp-cesp3-cesp5-cesp6","tag-crise-hidrica","tag-governo-federal"],"yoast_head":"<!-- This site is optimized with the Yoast SEO plugin v24.4 - https:\/\/yoast.com\/wordpress\/plugins\/seo\/ -->\n<title>Crise H\u00eddrica \u00e9 oficializada em novo documento da ANA<\/title>\n<meta name=\"description\" content=\"A crise h\u00eddrica tende a impacta de forma mais relevante, segundo a XP, as companhias AES Brasil (AESB3) e Cesp (CESP6). Leia sobre\" \/>\n<meta name=\"robots\" content=\"index, follow, max-snippet:-1, max-image-preview:large, max-video-preview:-1\" \/>\n<link rel=\"canonical\" href=\"https:\/\/www.suno.com.br\/noticias\/crise-hidrica-oficializada-documento-ana\/\" \/>\n<meta property=\"og:locale\" content=\"pt_BR\" \/>\n<meta property=\"og:type\" content=\"article\" \/>\n<meta property=\"og:title\" content=\"Crise H\u00eddrica \u00e9 oficializada em novo documento da ANA\" \/>\n<meta property=\"og:description\" content=\"A crise h\u00eddrica tende a impacta de forma mais relevante, segundo a XP, as companhias AES Brasil (AESB3) e Cesp (CESP6). Leia sobre\" \/>\n<meta property=\"og:url\" content=\"https:\/\/www.suno.com.br\/noticias\/crise-hidrica-oficializada-documento-ana\/\" \/>\n<meta property=\"og:site_name\" content=\"Suno Not\u00edcias\" \/>\n<meta property=\"article:publisher\" content=\"https:\/\/facebook.com\/sunoresearch\" \/>\n<meta property=\"og:image\" content=\"https:\/\/files.sunoresearch.com.br\/n\/uploads\/2021\/06\/3b17956b-crise-hidrica.png\" \/>\n\t<meta property=\"og:image:width\" content=\"1202\" \/>\n\t<meta property=\"og:image:height\" content=\"678\" \/>\n\t<meta property=\"og:image:type\" content=\"image\/png\" \/>\n<meta name=\"author\" content=\"Eduardo Vargas\" \/>\n<meta name=\"twitter:card\" content=\"summary_large_image\" \/>\n<meta name=\"twitter:creator\" content=\"@sunoresearch\" \/>\n<meta name=\"twitter:site\" content=\"@sunoresearch\" \/>\n<meta name=\"twitter:label1\" content=\"Escrito por\" \/>\n\t<meta name=\"twitter:data1\" content=\"Eduardo Vargas\" \/>\n\t<meta name=\"twitter:label2\" content=\"Est. tempo de leitura\" \/>\n\t<meta name=\"twitter:data2\" content=\"3 minutos\" \/>\n<script type=\"application\/ld+json\" class=\"yoast-schema-graph\">{\"@context\":\"https:\/\/schema.org\",\"@graph\":[{\"@type\":\"NewsArticle\",\"@id\":\"https:\/\/www.suno.com.br\/noticias\/crise-hidrica-oficializada-documento-ana\/#article\",\"isPartOf\":{\"@id\":\"https:\/\/www.suno.com.br\/noticias\/crise-hidrica-oficializada-documento-ana\/\"},\"author\":{\"name\":\"Eduardo Vargas\",\"@id\":\"https:\/\/www.suno.com.br\/noticias\/#\/schema\/person\/7f4d362bf3518e76090143ae77bb49a5\"},\"headline\":\"Crise h\u00eddrica \u00e9 oficializada em novo documento da ANA\",\"datePublished\":\"2021-06-02T16:12:11+00:00\",\"dateModified\":\"2021-06-21T08:25:57+00:00\",\"mainEntityOfPage\":{\"@id\":\"https:\/\/www.suno.com.br\/noticias\/crise-hidrica-oficializada-documento-ana\/\"},\"wordCount\":605,\"publisher\":{\"@id\":\"https:\/\/www.suno.com.br\/noticias\/#organization\"},\"image\":{\"@id\":\"https:\/\/www.suno.com.br\/noticias\/crise-hidrica-oficializada-documento-ana\/#primaryimage\"},\"thumbnailUrl\":\"https:\/\/files.sunoresearch.com.br\/n\/uploads\/2021\/06\/3b17956b-crise-hidrica-png.webp\",\"keywords\":[\"AES Brasil (AESB3)\",\"Cesp (CESP3\/CESP5\/CESP6)\",\"crise h\u00eddrica\",\"governo federal\"],\"articleSection\":[\"Economia\"],\"inLanguage\":\"pt-BR\"},{\"@type\":\"WebPage\",\"@id\":\"https:\/\/www.suno.com.br\/noticias\/crise-hidrica-oficializada-documento-ana\/\",\"url\":\"https:\/\/www.suno.com.br\/noticias\/crise-hidrica-oficializada-documento-ana\/\",\"name\":\"Crise H\u00eddrica \u00e9 oficializada em novo documento da ANA\",\"isPartOf\":{\"@id\":\"https:\/\/www.suno.com.br\/noticias\/#website\"},\"primaryImageOfPage\":{\"@id\":\"https:\/\/www.suno.com.br\/noticias\/crise-hidrica-oficializada-documento-ana\/#primaryimage\"},\"image\":{\"@id\":\"https:\/\/www.suno.com.br\/noticias\/crise-hidrica-oficializada-documento-ana\/#primaryimage\"},\"thumbnailUrl\":\"https:\/\/files.sunoresearch.com.br\/n\/uploads\/2021\/06\/3b17956b-crise-hidrica-png.webp\",\"datePublished\":\"2021-06-02T16:12:11+00:00\",\"dateModified\":\"2021-06-21T08:25:57+00:00\",\"description\":\"A crise h\u00eddrica tende a impacta de forma mais relevante, segundo a XP, as companhias AES Brasil (AESB3) e Cesp (CESP6). Leia sobre\",\"breadcrumb\":{\"@id\":\"https:\/\/www.suno.com.br\/noticias\/crise-hidrica-oficializada-documento-ana\/#breadcrumb\"},\"inLanguage\":\"pt-BR\",\"potentialAction\":[{\"@type\":\"ReadAction\",\"target\":[\"https:\/\/www.suno.com.br\/noticias\/crise-hidrica-oficializada-documento-ana\/\"]}]},{\"@type\":\"ImageObject\",\"inLanguage\":\"pt-BR\",\"@id\":\"https:\/\/www.suno.com.br\/noticias\/crise-hidrica-oficializada-documento-ana\/#primaryimage\",\"url\":\"https:\/\/files.sunoresearch.com.br\/n\/uploads\/2021\/06\/3b17956b-crise-hidrica-png.webp\",\"contentUrl\":\"https:\/\/files.sunoresearch.com.br\/n\/uploads\/2021\/06\/3b17956b-crise-hidrica-png.webp\",\"width\":1202,\"height\":678,\"caption\":\"Press\u00e3o nas margens Sabesp foi ponto negativo destacado por analistas - Foto: Ag\u00eancia Senado\"},{\"@type\":\"BreadcrumbList\",\"@id\":\"https:\/\/www.suno.com.br\/noticias\/crise-hidrica-oficializada-documento-ana\/#breadcrumb\",\"itemListElement\":[{\"@type\":\"ListItem\",\"position\":1,\"name\":\"Not\u00edcias\",\"item\":\"https:\/\/www.suno.com.br\/noticias\/\"},{\"@type\":\"ListItem\",\"position\":2,\"name\":\"Economia\",\"item\":\"https:\/\/www.suno.com.br\/noticias\/economia\/\"},{\"@type\":\"ListItem\",\"position\":3,\"name\":\"Crise h\u00eddrica \u00e9 oficializada em novo documento da ANA\"}]},{\"@type\":\"WebSite\",\"@id\":\"https:\/\/www.suno.com.br\/noticias\/#website\",\"url\":\"https:\/\/www.suno.com.br\/noticias\/\",\"name\":\"Suno Not\u00edcias\",\"description\":\"Seu portal de informa\u00e7\u00e3o sobre o mundo dos investimentos\",\"publisher\":{\"@id\":\"https:\/\/www.suno.com.br\/noticias\/#organization\"},\"potentialAction\":[{\"@type\":\"SearchAction\",\"target\":{\"@type\":\"EntryPoint\",\"urlTemplate\":\"https:\/\/www.suno.com.br\/noticias\/?s={search_term_string}\"},\"query-input\":{\"@type\":\"PropertyValueSpecification\",\"valueRequired\":true,\"valueName\":\"search_term_string\"}}],\"inLanguage\":\"pt-BR\"},{\"@type\":\"Organization\",\"@id\":\"https:\/\/www.suno.com.br\/noticias\/#organization\",\"name\":\"Suno Not\u00edcias\",\"url\":\"https:\/\/www.suno.com.br\/noticias\/\",\"logo\":{\"@type\":\"ImageObject\",\"inLanguage\":\"pt-BR\",\"@id\":\"https:\/\/www.suno.com.br\/noticias\/#\/schema\/logo\/image\/\",\"url\":\"https:\/\/files.sunoresearch.com.br\/n\/uploads\/2021\/09\/suno-logo.png\",\"contentUrl\":\"https:\/\/files.sunoresearch.com.br\/n\/uploads\/2021\/09\/suno-logo.png\",\"width\":180,\"height\":180,\"caption\":\"Suno Not\u00edcias\"},\"image\":{\"@id\":\"https:\/\/www.suno.com.br\/noticias\/#\/schema\/logo\/image\/\"},\"sameAs\":[\"https:\/\/facebook.com\/sunoresearch\",\"https:\/\/x.com\/sunoresearch\",\"https:\/\/www.instagram.com\/suno\",\"https:\/\/www.linkedin.com\/company\/suno-research\/\",\"https:\/\/www.youtube.com\/c\/sunoresearch\"]},{\"@type\":\"Person\",\"@id\":\"https:\/\/www.suno.com.br\/noticias\/#\/schema\/person\/7f4d362bf3518e76090143ae77bb49a5\",\"name\":\"Eduardo Vargas\",\"image\":{\"@type\":\"ImageObject\",\"inLanguage\":\"pt-BR\",\"@id\":\"https:\/\/www.suno.com.br\/noticias\/#\/schema\/person\/image\/\",\"url\":\"https:\/\/secure.gravatar.com\/avatar\/dac340933427a22924c9f99d1eb2e3f2?s=96&r=g\",\"contentUrl\":\"https:\/\/secure.gravatar.com\/avatar\/dac340933427a22924c9f99d1eb2e3f2?s=96&r=g\",\"caption\":\"Eduardo Vargas\"},\"description\":\"Jornalista formado pela UFSC, cobre macroeconomia, neg\u00f3cios e startups para o Suno Not\u00edcias, escrevendo principalmente not\u00edcias sobre o mercado financeiro e a bolsa de valores. No YouTube e no Instagram, \u00e9 respons\u00e1vel pela produ\u00e7\u00e3o de Reels e Shorts do Suno Not\u00edcias. Anteriormente, trabalhou cobrindo economia e cotidiano no ND+ e para o ND, maior jornal impresso de Santa Catarina. Cursou um semestre letivo de Estudos de M\u00eddia na Universidad de Buenos Aires.\",\"url\":\"https:\/\/www.suno.com.br\/noticias\/author\/eduardo-vargas\/\"}]}<\/script>\n<!-- \/ Yoast SEO plugin. -->","yoast_head_json":{"title":"Crise H\u00eddrica \u00e9 oficializada em novo documento da ANA","description":"A crise h\u00eddrica tende a impacta de forma mais relevante, segundo a XP, as companhias AES Brasil (AESB3) e Cesp (CESP6). Leia sobre","robots":{"index":"index","follow":"follow","max-snippet":"max-snippet:-1","max-image-preview":"max-image-preview:large","max-video-preview":"max-video-preview:-1"},"canonical":"https:\/\/www.suno.com.br\/noticias\/crise-hidrica-oficializada-documento-ana\/","og_locale":"pt_BR","og_type":"article","og_title":"Crise H\u00eddrica \u00e9 oficializada em novo documento da ANA","og_description":"A crise h\u00eddrica tende a impacta de forma mais relevante, segundo a XP, as companhias AES Brasil (AESB3) e Cesp (CESP6). Leia sobre","og_url":"https:\/\/www.suno.com.br\/noticias\/crise-hidrica-oficializada-documento-ana\/","og_site_name":"Suno Not\u00edcias","article_publisher":"https:\/\/facebook.com\/sunoresearch","og_image":[{"width":1202,"height":678,"url":"https:\/\/files.sunoresearch.com.br\/n\/uploads\/2021\/06\/3b17956b-crise-hidrica.png","type":"image\/png"}],"author":"Eduardo Vargas","twitter_card":"summary_large_image","twitter_creator":"@sunoresearch","twitter_site":"@sunoresearch","twitter_misc":{"Escrito por":"Eduardo Vargas","Est. tempo de leitura":"3 minutos"},"schema":{"@context":"https:\/\/schema.org","@graph":[{"@type":"NewsArticle","@id":"https:\/\/www.suno.com.br\/noticias\/crise-hidrica-oficializada-documento-ana\/#article","isPartOf":{"@id":"https:\/\/www.suno.com.br\/noticias\/crise-hidrica-oficializada-documento-ana\/"},"author":{"name":"Eduardo Vargas","@id":"https:\/\/www.suno.com.br\/noticias\/#\/schema\/person\/7f4d362bf3518e76090143ae77bb49a5"},"headline":"Crise h\u00eddrica \u00e9 oficializada em novo documento da ANA","datePublished":"2021-06-02T16:12:11+00:00","dateModified":"2021-06-21T08:25:57+00:00","mainEntityOfPage":{"@id":"https:\/\/www.suno.com.br\/noticias\/crise-hidrica-oficializada-documento-ana\/"},"wordCount":605,"publisher":{"@id":"https:\/\/www.suno.com.br\/noticias\/#organization"},"image":{"@id":"https:\/\/www.suno.com.br\/noticias\/crise-hidrica-oficializada-documento-ana\/#primaryimage"},"thumbnailUrl":"https:\/\/files.sunoresearch.com.br\/n\/uploads\/2021\/06\/3b17956b-crise-hidrica-png.webp","keywords":["AES Brasil (AESB3)","Cesp (CESP3\/CESP5\/CESP6)","crise h\u00eddrica","governo federal"],"articleSection":["Economia"],"inLanguage":"pt-BR"},{"@type":"WebPage","@id":"https:\/\/www.suno.com.br\/noticias\/crise-hidrica-oficializada-documento-ana\/","url":"https:\/\/www.suno.com.br\/noticias\/crise-hidrica-oficializada-documento-ana\/","name":"Crise H\u00eddrica \u00e9 oficializada em novo documento da ANA","isPartOf":{"@id":"https:\/\/www.suno.com.br\/noticias\/#website"},"primaryImageOfPage":{"@id":"https:\/\/www.suno.com.br\/noticias\/crise-hidrica-oficializada-documento-ana\/#primaryimage"},"image":{"@id":"https:\/\/www.suno.com.br\/noticias\/crise-hidrica-oficializada-documento-ana\/#primaryimage"},"thumbnailUrl":"https:\/\/files.sunoresearch.com.br\/n\/uploads\/2021\/06\/3b17956b-crise-hidrica-png.webp","datePublished":"2021-06-02T16:12:11+00:00","dateModified":"2021-06-21T08:25:57+00:00","description":"A crise h\u00eddrica tende a impacta de forma mais relevante, segundo a XP, as companhias AES Brasil (AESB3) e Cesp (CESP6). Leia sobre","breadcrumb":{"@id":"https:\/\/www.suno.com.br\/noticias\/crise-hidrica-oficializada-documento-ana\/#breadcrumb"},"inLanguage":"pt-BR","potentialAction":[{"@type":"ReadAction","target":["https:\/\/www.suno.com.br\/noticias\/crise-hidrica-oficializada-documento-ana\/"]}]},{"@type":"ImageObject","inLanguage":"pt-BR","@id":"https:\/\/www.suno.com.br\/noticias\/crise-hidrica-oficializada-documento-ana\/#primaryimage","url":"https:\/\/files.sunoresearch.com.br\/n\/uploads\/2021\/06\/3b17956b-crise-hidrica-png.webp","contentUrl":"https:\/\/files.sunoresearch.com.br\/n\/uploads\/2021\/06\/3b17956b-crise-hidrica-png.webp","width":1202,"height":678,"caption":"Press\u00e3o nas margens Sabesp foi ponto negativo destacado por analistas - Foto: Ag\u00eancia Senado"},{"@type":"BreadcrumbList","@id":"https:\/\/www.suno.com.br\/noticias\/crise-hidrica-oficializada-documento-ana\/#breadcrumb","itemListElement":[{"@type":"ListItem","position":1,"name":"Not\u00edcias","item":"https:\/\/www.suno.com.br\/noticias\/"},{"@type":"ListItem","position":2,"name":"Economia","item":"https:\/\/www.suno.com.br\/noticias\/economia\/"},{"@type":"ListItem","position":3,"name":"Crise h\u00eddrica \u00e9 oficializada em novo documento da ANA"}]},{"@type":"WebSite","@id":"https:\/\/www.suno.com.br\/noticias\/#website","url":"https:\/\/www.suno.com.br\/noticias\/","name":"Suno Not\u00edcias","description":"Seu portal de informa\u00e7\u00e3o sobre o mundo dos investimentos","publisher":{"@id":"https:\/\/www.suno.com.br\/noticias\/#organization"},"potentialAction":[{"@type":"SearchAction","target":{"@type":"EntryPoint","urlTemplate":"https:\/\/www.suno.com.br\/noticias\/?s={search_term_string}"},"query-input":{"@type":"PropertyValueSpecification","valueRequired":true,"valueName":"search_term_string"}}],"inLanguage":"pt-BR"},{"@type":"Organization","@id":"https:\/\/www.suno.com.br\/noticias\/#organization","name":"Suno Not\u00edcias","url":"https:\/\/www.suno.com.br\/noticias\/","logo":{"@type":"ImageObject","inLanguage":"pt-BR","@id":"https:\/\/www.suno.com.br\/noticias\/#\/schema\/logo\/image\/","url":"https:\/\/files.sunoresearch.com.br\/n\/uploads\/2021\/09\/suno-logo.png","contentUrl":"https:\/\/files.sunoresearch.com.br\/n\/uploads\/2021\/09\/suno-logo.png","width":180,"height":180,"caption":"Suno Not\u00edcias"},"image":{"@id":"https:\/\/www.suno.com.br\/noticias\/#\/schema\/logo\/image\/"},"sameAs":["https:\/\/facebook.com\/sunoresearch","https:\/\/x.com\/sunoresearch","https:\/\/www.instagram.com\/suno","https:\/\/www.linkedin.com\/company\/suno-research\/","https:\/\/www.youtube.com\/c\/sunoresearch"]},{"@type":"Person","@id":"https:\/\/www.suno.com.br\/noticias\/#\/schema\/person\/7f4d362bf3518e76090143ae77bb49a5","name":"Eduardo Vargas","image":{"@type":"ImageObject","inLanguage":"pt-BR","@id":"https:\/\/www.suno.com.br\/noticias\/#\/schema\/person\/image\/","url":"https:\/\/secure.gravatar.com\/avatar\/dac340933427a22924c9f99d1eb2e3f2?s=96&r=g","contentUrl":"https:\/\/secure.gravatar.com\/avatar\/dac340933427a22924c9f99d1eb2e3f2?s=96&r=g","caption":"Eduardo Vargas"},"description":"Jornalista formado pela UFSC, cobre macroeconomia, neg\u00f3cios e startups para o Suno Not\u00edcias, escrevendo principalmente not\u00edcias sobre o mercado financeiro e a bolsa de valores. No YouTube e no Instagram, \u00e9 respons\u00e1vel pela produ\u00e7\u00e3o de Reels e Shorts do Suno Not\u00edcias. Anteriormente, trabalhou cobrindo economia e cotidiano no ND+ e para o ND, maior jornal impresso de Santa Catarina. Cursou um semestre letivo de Estudos de M\u00eddia na Universidad de Buenos Aires.","url":"https:\/\/www.suno.com.br\/noticias\/author\/eduardo-vargas\/"}]}},"default_loop_html":"<div class=\"cardsPage__listCard__boxs\"><div class=\"cardsPage__listCard__boxs__img\"><a href=\"https:\/\/www.suno.com.br\/noticias\/crise-hidrica-oficializada-documento-ana\/\"><img class=\"mask\" src=\"https:\/\/www.suno.com.br\/noticias\/wp-content\/themes\/suno\/resources\/images\/spotlight\/spotlight1img\/bg-mask.png\" alt=\"Image Mask\"\/><img src=\"https:\/\/files.sunoresearch.com.br\/n\/uploads\/2021\/06\/3b17956b-crise-hidrica-400x200.webp\" alt=\"Crise h\u00eddrica \u00e9 oficializada em novo documento da ANA\"\/><\/a><span class=\"spotlightCategory\"><a href=\"https:\/\/www.suno.com.br\/noticias\/economia\/\">Economia<\/a><\/span><\/div><div class=\"cardsPage__listCard__boxs__content\"><a href=\"https:\/\/www.suno.com.br\/noticias\/crise-hidrica-oficializada-documento-ana\/\"><h2 class=\"content__title\">Crise h\u00eddrica \u00e9 oficializada em novo documento da ANA<\/h2><\/a><div class=\"newsContent__article__meta\"><div class=\"newsContent__article__meta__authorBox\"><a href=\"https:\/\/www.suno.com.br\/noticias\/author\/eduardo-vargas\/\" class=\"authorBox__avatar noMobi\"><img src=\"https:\/\/secure.gravatar.com\/avatar\/dac340933427a22924c9f99d1eb2e3f2?s=96&#038;r=g\" alt=\"Eduardo Vargas\"><\/a><div class=\"authorBox__name\"><span>por\n\t\t\t<a href=\"https:\/\/www.suno.com.br\/noticias\/author\/eduardo-vargas\/\"><span itemprop=\"author\">Eduardo Vargas<\/span><\/a><\/span><time datetime=\"2021-06-02T13:12:11-03:00\" itemprop=\"datePublished\">02\/06\/2021 13:12<\/time><\/div><\/div><\/div><\/div><\/div>","single_layout":"posts","amp_enabled":true,"_links":{"self":[{"href":"https:\/\/www.suno.com.br\/noticias\/wp-json\/wp\/v2\/posts\/153901"}],"collection":[{"href":"https:\/\/www.suno.com.br\/noticias\/wp-json\/wp\/v2\/posts"}],"about":[{"href":"https:\/\/www.suno.com.br\/noticias\/wp-json\/wp\/v2\/types\/post"}],"author":[{"embeddable":true,"href":"https:\/\/www.suno.com.br\/noticias\/wp-json\/wp\/v2\/users\/73"}],"replies":[{"embeddable":true,"href":"https:\/\/www.suno.com.br\/noticias\/wp-json\/wp\/v2\/comments?post=153901"}],"version-history":[{"count":3,"href":"https:\/\/www.suno.com.br\/noticias\/wp-json\/wp\/v2\/posts\/153901\/revisions"}],"predecessor-version":[{"id":154146,"href":"https:\/\/www.suno.com.br\/noticias\/wp-json\/wp\/v2\/posts\/153901\/revisions\/154146"}],"wp:featuredmedia":[{"embeddable":true,"href":"https:\/\/www.suno.com.br\/noticias\/wp-json\/wp\/v2\/media\/154129"}],"wp:attachment":[{"href":"https:\/\/www.suno.com.br\/noticias\/wp-json\/wp\/v2\/media?parent=153901"}],"wp:term":[{"taxonomy":"category","embeddable":true,"href":"https:\/\/www.suno.com.br\/noticias\/wp-json\/wp\/v2\/categories?post=153901"},{"taxonomy":"post_tag","embeddable":true,"href":"https:\/\/www.suno.com.br\/noticias\/wp-json\/wp\/v2\/tags?post=153901"},{"taxonomy":"suno_strategy","embeddable":true,"href":"https:\/\/www.suno.com.br\/noticias\/wp-json\/wp\/v2\/suno_strategy?post=153901"}],"curies":[{"name":"wp","href":"https:\/\/api.w.org\/{rel}","templated":true}]}}