{"id":15355,"date":"2019-02-14T17:20:41","date_gmt":"2019-02-14T19:20:41","guid":{"rendered":"https:\/\/www.suno.com.br\/noticias\/?p=15355"},"modified":"2019-02-14T17:20:41","modified_gmt":"2019-02-14T19:20:41","slug":"linkedin-profissionais-candidatam-vagas","status":"publish","type":"post","link":"https:\/\/www.suno.com.br\/noticias\/linkedin-profissionais-candidatam-vagas\/","title":{"rendered":"LinkedIn: 79% dos profissionais n\u00e3o se candidatam a vagas que gostam"},"content":{"rendered":"<p>Cerca de quatro em cada cinco profissionais (79%) ouvidos numa pesquisa elaborada pelo LinkedIn disseram ter preferido n\u00e3o se candidatar a uma vaga de seu gosto ou interesse.<\/p>\t<div class=\"wrapper-featured-image\">\n\t\t<figure class=\"spotlightImg\">\n\n\t\t\t<picture>\n\t\t\t\t<source media=\"(max-width: 768px)\" srcset=\"https:\/\/files.sunoresearch.com.br\/n\/uploads\/2019\/02\/c7c982e8-linkedin-400x200.webp\">\n\t\t\t\t<img loading=\"lazy\" decoding=\"async\" class=\"newsContent__article__imgCapa lazyloadDisabled newsContent__article__imgCapa--noCaption\" src=\"https:\/\/files.sunoresearch.com.br\/n\/uploads\/2019\/02\/c7c982e8-linkedin-800x450.webp\" width=\"800\" height=\"450\" alt=\"LinkedIn: 79% dos profissionais n\u00e3o se candidatam a vagas que gostam\" fetchpriority=high \/>\n\t\t\t<\/picture>\n\n\t\t\t<figcaption class=\"wp-caption-text wp-caption-text--hide\">LinkedIn<\/figcaption>\n\t\t<\/figure>\n\t<\/div>\n\n\n<p><a href=\"https:\/\/www.suno.com.br\/noticias\/robos-substituir-empregos-formais-brasil\/\">Saiba mais: Rob\u00f4s podem substituir 54% dos empregos formais no Brasil<\/a><\/p>\n<p>H\u00e1 v\u00e1rias raz\u00f5es reportadas pelo <strong>LinkedIn<\/strong> para essa <strong>decis\u00e3o<\/strong> t\u00e3o comum. A <strong>resposta<\/strong> mais escolhida (18%) \u00e9 referente ao <strong>medo<\/strong> de que o <a href=\"https:\/\/www.suno.com.br\/artigos\/teoria-geral-emprego-juro-moeda\/\"><strong>novo emprego<\/strong><\/a> seja <strong>pior<\/strong> do que o <strong>atual.<\/strong> Confira os outros <strong>motivos:<\/strong><\/p>\n<ul>\n<li><strong>Medo de que o novo emprego seja pior do que o atual:<\/strong> 18%<\/li>\n<li><strong>Apreens\u00e3o em aceitar um novo cargo:<\/strong> 16%<\/li>\n<li><strong>N\u00e3o querer desapontar o atual empregador:<\/strong> 15%<\/li>\n<li><strong>Medo de ser rejeitado e n\u00e3o ser bem-sucedido:<\/strong> 14%<\/li>\n<li><strong>N\u00e3o ter experi\u00eancia suficiente para o novo cargo:<\/strong> 13%<\/li>\n<li><strong>Medo da perspectiva de mudan\u00e7a:<\/strong> 12%<\/li>\n<li><strong>N\u00e3o conseguir alterar a rotina para participar de processos seletivos:<\/strong> 10%<\/li>\n<\/ul>\n<p>Os <strong>profissionais mais jovens,<\/strong> entre 18 e 34 anos, s\u00e3o os que menos se sentem <strong>confiantes<\/strong> para <strong>mudar de emprego.<\/strong> A <strong>pesquisa<\/strong> mostra que 42% das pessoas nessa faixa et\u00e1ria evitou se <strong>candidatar<\/strong> a outra <strong>vaga<\/strong> por essa raz\u00e3o. A m\u00e9dia, considerando todas as idades, \u00e9 bem mais baixa (33%). Esses <strong>profissionais<\/strong> mencionam diferentes raz\u00f5es pela <strong>inseguran\u00e7a:<\/strong><\/p>\n<ul>\n<li><strong>Apreens\u00e3o por se afastarem de sua zona de conforto:<\/strong> 38%<\/li>\n<li><strong>Por achar que n\u00e3o t\u00eam experi\u00eancia suficiente:<\/strong> 28%<\/li>\n<li><strong>Por achar que h\u00e1 melhores candidatos:<\/strong> 28%<\/li>\n<\/ul>\n<p><a href=\"https:\/\/www.suno.com.br\/noticias\/emissao-carteiras-trabalho-cresce\/\">Saiba mais: Emiss\u00e3o de carteiras de trabalho cresce 5% em 2018<\/a><\/p>\n<h2>Infelicidade e falta de inspira\u00e7\u00e3o na vida profissional<\/h2>\n<p>O <strong>LinkedIn<\/strong> tamb\u00e9m revelou dados sobre <strong>infelicidade<\/strong> e <strong>insatisfa\u00e7\u00e3o<\/strong> na <strong>vida profissional.<\/strong> Quase dois ter\u00e7os dos profissionais (63%) j\u00e1 se sentiram <strong>infelizes<\/strong> num <strong>emprego<\/strong> e 23% atualmente se encontram nessa situa\u00e7\u00e3o.<\/p>\n<p><a href=\"https:\/\/www.suno.com.br\/noticias\/metade-empresas-contratar-funcionarios\/\">Saiba mais: Amcham: 51% das empresas querem contratar mais funcion\u00e1rios em 2019<\/a><\/p>\n<p>Quem se sentiu assim, de acordo com a <strong>pesquisa,<\/strong> levou em m\u00e9dia 10 meses at\u00e9 se <strong>candidatar<\/strong> a <strong>outra vaga.<\/strong> Pessoas na faixa et\u00e1ria entre 18 e 34 anos tendem a migrar de <strong>posto<\/strong> mais rapidamente (levam em m\u00e9dia oito meses). Os <strong>mais velhos<\/strong> costumam permanecer na <strong>vaga<\/strong> em que est\u00e3o. Aqueles entre 45 e 54 anos levam, em m\u00e9dia, 20 meses at\u00e9 decidir <strong>deixar<\/strong> o <strong>emprego.<\/strong><\/p>\n<ul>\n<li><strong>J\u00e1 ficou em um emprego no qual se sentia infeliz ou sem inspira\u00e7\u00e3o:<\/strong> 63%<\/li>\n<li><strong>Est\u00e1 atualmente em um emprego no qual se sente infeliz ou sem inspira\u00e7\u00e3o:<\/strong> 23%<\/li>\n<\/ul>\n<h2>Motivos para se candidatar a outra vaga<\/h2>\n<p>O <strong>LinkedIn<\/strong> listou os principais <strong>motivos<\/strong> relatados para se mudar de <strong>emprego:<\/strong><\/p>\n<ul>\n<li><strong>Aumento de sal\u00e1rio:<\/strong> 43%<\/li>\n<li><strong>Melhores chances de progress\u00e3o de carreira na nova empresa:<\/strong> 35%<\/li>\n<li><strong>Novos desafios:<\/strong> 33%<\/li>\n<li><strong>Melhores benef\u00edcios:<\/strong> 30%<\/li>\n<li><strong>Melhor equil\u00edbrio entre vida pessoal e profissional:<\/strong> 25%<\/li>\n<li><strong>Cargo mais s\u00eanior:<\/strong> 22%<\/li>\n<li><strong>Oportunidade de viajar:<\/strong> 17%<\/li>\n<\/ul>\n","protected":false},"excerpt":{"rendered":"<p>Cerca de quatro em cada cinco profissionais (79%) ouvidos numa pesquisa elaborada pelo LinkedIn disseram ter preferido n\u00e3o se candidatar a uma vaga de seu gosto ou interesse. LinkedIn Saiba mais: Rob\u00f4s podem substituir 54% dos empregos formais no Brasil H\u00e1 v\u00e1rias raz\u00f5es reportadas pelo LinkedIn para essa decis\u00e3o t\u00e3o comum. A resposta mais escolhida [&hellip;]<\/p>\n","protected":false},"author":13,"featured_media":15358,"comment_status":"closed","ping_status":"closed","sticky":false,"template":"","format":"standard","meta":[],"categories":[60],"tags":[1161],"suno_strategy":[],"class_list":["post-15355","post","type-post","status-publish","format-standard","has-post-thumbnail","hentry","category-mercado","tag-linkedin"],"yoast_head":"<!-- This site is optimized with the Yoast SEO plugin v24.4 - https:\/\/yoast.com\/wordpress\/plugins\/seo\/ -->\n<title>LinkedIn: 79% dos profissionais n\u00e3o se candidatam a vagas que gostam<\/title>\n<meta name=\"description\" content=\"Segundo pesquisa do LinkedIn, 79% dos profssionais ouvidos disseram que n\u00e3o se candidataram a uma vaga que gostariam. Clique e saiba mais\" \/>\n<meta name=\"robots\" content=\"index, follow, max-snippet:-1, max-image-preview:large, max-video-preview:-1\" \/>\n<link rel=\"canonical\" href=\"https:\/\/www.suno.com.br\/noticias\/linkedin-profissionais-candidatam-vagas\/\" \/>\n<meta property=\"og:locale\" content=\"pt_BR\" \/>\n<meta property=\"og:type\" content=\"article\" \/>\n<meta property=\"og:title\" content=\"LinkedIn: 79% dos profissionais n\u00e3o se candidatam a vagas que gostam\" \/>\n<meta property=\"og:description\" content=\"Segundo pesquisa do LinkedIn, 79% dos profssionais ouvidos disseram que n\u00e3o se candidataram a uma vaga que gostariam. Clique e saiba mais\" \/>\n<meta property=\"og:url\" content=\"https:\/\/www.suno.com.br\/noticias\/linkedin-profissionais-candidatam-vagas\/\" \/>\n<meta property=\"og:site_name\" content=\"Suno Not\u00edcias\" \/>\n<meta property=\"article:publisher\" content=\"https:\/\/facebook.com\/sunoresearch\" \/>\n<meta property=\"og:image\" content=\"https:\/\/files.sunoresearch.com.br\/n\/uploads\/2019\/02\/c7c982e8-linkedin-1024x731.jpg\" \/>\n\t<meta property=\"og:image:width\" content=\"1024\" \/>\n\t<meta property=\"og:image:height\" content=\"731\" \/>\n\t<meta property=\"og:image:type\" content=\"image\/jpeg\" \/>\n<meta name=\"author\" content=\"Guilherme Caetano\" \/>\n<meta name=\"twitter:card\" content=\"summary_large_image\" \/>\n<meta name=\"twitter:creator\" content=\"@sunoresearch\" \/>\n<meta name=\"twitter:site\" content=\"@sunoresearch\" \/>\n<meta name=\"twitter:label1\" content=\"Escrito por\" \/>\n\t<meta name=\"twitter:data1\" content=\"Guilherme Caetano\" \/>\n\t<meta name=\"twitter:label2\" content=\"Est. tempo de leitura\" \/>\n\t<meta name=\"twitter:data2\" content=\"2 minutos\" \/>\n<script type=\"application\/ld+json\" class=\"yoast-schema-graph\">{\"@context\":\"https:\/\/schema.org\",\"@graph\":[{\"@type\":\"NewsArticle\",\"@id\":\"https:\/\/www.suno.com.br\/noticias\/linkedin-profissionais-candidatam-vagas\/#article\",\"isPartOf\":{\"@id\":\"https:\/\/www.suno.com.br\/noticias\/linkedin-profissionais-candidatam-vagas\/\"},\"author\":{\"name\":\"Guilherme Caetano\",\"@id\":\"https:\/\/www.suno.com.br\/noticias\/#\/schema\/person\/0d0c9687cd2f600c564f25980c140de9\"},\"headline\":\"LinkedIn: 79% dos profissionais n\u00e3o se candidatam a vagas que gostam\",\"datePublished\":\"2019-02-14T19:20:41+00:00\",\"mainEntityOfPage\":{\"@id\":\"https:\/\/www.suno.com.br\/noticias\/linkedin-profissionais-candidatam-vagas\/\"},\"wordCount\":443,\"publisher\":{\"@id\":\"https:\/\/www.suno.com.br\/noticias\/#organization\"},\"image\":{\"@id\":\"https:\/\/www.suno.com.br\/noticias\/linkedin-profissionais-candidatam-vagas\/#primaryimage\"},\"thumbnailUrl\":\"https:\/\/files.sunoresearch.com.br\/n\/uploads\/2019\/02\/c7c982e8-linkedin-scaled.webp\",\"keywords\":[\"LinkedIn\"],\"articleSection\":[\"Mercado\"],\"inLanguage\":\"pt-BR\"},{\"@type\":\"WebPage\",\"@id\":\"https:\/\/www.suno.com.br\/noticias\/linkedin-profissionais-candidatam-vagas\/\",\"url\":\"https:\/\/www.suno.com.br\/noticias\/linkedin-profissionais-candidatam-vagas\/\",\"name\":\"LinkedIn: 79% dos profissionais n\u00e3o se candidatam a vagas que gostam\",\"isPartOf\":{\"@id\":\"https:\/\/www.suno.com.br\/noticias\/#website\"},\"primaryImageOfPage\":{\"@id\":\"https:\/\/www.suno.com.br\/noticias\/linkedin-profissionais-candidatam-vagas\/#primaryimage\"},\"image\":{\"@id\":\"https:\/\/www.suno.com.br\/noticias\/linkedin-profissionais-candidatam-vagas\/#primaryimage\"},\"thumbnailUrl\":\"https:\/\/files.sunoresearch.com.br\/n\/uploads\/2019\/02\/c7c982e8-linkedin-scaled.webp\",\"datePublished\":\"2019-02-14T19:20:41+00:00\",\"description\":\"Segundo pesquisa do LinkedIn, 79% dos profssionais ouvidos disseram que n\u00e3o se candidataram a uma vaga que gostariam. Clique e saiba mais\",\"breadcrumb\":{\"@id\":\"https:\/\/www.suno.com.br\/noticias\/linkedin-profissionais-candidatam-vagas\/#breadcrumb\"},\"inLanguage\":\"pt-BR\",\"potentialAction\":[{\"@type\":\"ReadAction\",\"target\":[\"https:\/\/www.suno.com.br\/noticias\/linkedin-profissionais-candidatam-vagas\/\"]}]},{\"@type\":\"ImageObject\",\"inLanguage\":\"pt-BR\",\"@id\":\"https:\/\/www.suno.com.br\/noticias\/linkedin-profissionais-candidatam-vagas\/#primaryimage\",\"url\":\"https:\/\/files.sunoresearch.com.br\/n\/uploads\/2019\/02\/c7c982e8-linkedin-scaled.webp\",\"contentUrl\":\"https:\/\/files.sunoresearch.com.br\/n\/uploads\/2019\/02\/c7c982e8-linkedin-scaled.webp\",\"width\":2560,\"height\":1828,\"caption\":\"LinkedIn\"},{\"@type\":\"BreadcrumbList\",\"@id\":\"https:\/\/www.suno.com.br\/noticias\/linkedin-profissionais-candidatam-vagas\/#breadcrumb\",\"itemListElement\":[{\"@type\":\"ListItem\",\"position\":1,\"name\":\"Not\u00edcias\",\"item\":\"https:\/\/www.suno.com.br\/noticias\/\"},{\"@type\":\"ListItem\",\"position\":2,\"name\":\"Mercado\",\"item\":\"https:\/\/www.suno.com.br\/noticias\/mercado\/\"},{\"@type\":\"ListItem\",\"position\":3,\"name\":\"LinkedIn: 79% dos profissionais n\u00e3o se candidatam a vagas que gostam\"}]},{\"@type\":\"WebSite\",\"@id\":\"https:\/\/www.suno.com.br\/noticias\/#website\",\"url\":\"https:\/\/www.suno.com.br\/noticias\/\",\"name\":\"Suno Not\u00edcias\",\"description\":\"Seu portal de informa\u00e7\u00e3o sobre o mundo dos investimentos\",\"publisher\":{\"@id\":\"https:\/\/www.suno.com.br\/noticias\/#organization\"},\"potentialAction\":[{\"@type\":\"SearchAction\",\"target\":{\"@type\":\"EntryPoint\",\"urlTemplate\":\"https:\/\/www.suno.com.br\/noticias\/?s={search_term_string}\"},\"query-input\":{\"@type\":\"PropertyValueSpecification\",\"valueRequired\":true,\"valueName\":\"search_term_string\"}}],\"inLanguage\":\"pt-BR\"},{\"@type\":\"Organization\",\"@id\":\"https:\/\/www.suno.com.br\/noticias\/#organization\",\"name\":\"Suno Not\u00edcias\",\"url\":\"https:\/\/www.suno.com.br\/noticias\/\",\"logo\":{\"@type\":\"ImageObject\",\"inLanguage\":\"pt-BR\",\"@id\":\"https:\/\/www.suno.com.br\/noticias\/#\/schema\/logo\/image\/\",\"url\":\"https:\/\/files.sunoresearch.com.br\/n\/uploads\/2021\/09\/suno-logo.png\",\"contentUrl\":\"https:\/\/files.sunoresearch.com.br\/n\/uploads\/2021\/09\/suno-logo.png\",\"width\":180,\"height\":180,\"caption\":\"Suno Not\u00edcias\"},\"image\":{\"@id\":\"https:\/\/www.suno.com.br\/noticias\/#\/schema\/logo\/image\/\"},\"sameAs\":[\"https:\/\/facebook.com\/sunoresearch\",\"https:\/\/x.com\/sunoresearch\",\"https:\/\/www.instagram.com\/suno\",\"https:\/\/www.linkedin.com\/company\/suno-research\/\",\"https:\/\/www.youtube.com\/c\/sunoresearch\"]},{\"@type\":\"Person\",\"@id\":\"https:\/\/www.suno.com.br\/noticias\/#\/schema\/person\/0d0c9687cd2f600c564f25980c140de9\",\"name\":\"Guilherme Caetano\",\"image\":{\"@type\":\"ImageObject\",\"inLanguage\":\"pt-BR\",\"@id\":\"https:\/\/www.suno.com.br\/noticias\/#\/schema\/person\/image\/\",\"url\":\"https:\/\/secure.gravatar.com\/avatar\/e48357351a01702a0d19307070e081bf?s=96&r=g\",\"contentUrl\":\"https:\/\/secure.gravatar.com\/avatar\/e48357351a01702a0d19307070e081bf?s=96&r=g\",\"caption\":\"Guilherme Caetano\"},\"description\":\"Formado em jornalismo pela Escola de Comunica\u00e7\u00f5es e Artes da USP, Guilherme Caetano escreve para o portal de not\u00edcias da Suno Research. Passou pelas reda\u00e7\u00f5es da Folha de S.Paulo e da revista \u00c9poca.\",\"url\":\"https:\/\/www.suno.com.br\/noticias\/author\/guilherme-caetano\/\"}]}<\/script>\n<!-- \/ Yoast SEO plugin. -->","yoast_head_json":{"title":"LinkedIn: 79% dos profissionais n\u00e3o se candidatam a vagas que gostam","description":"Segundo pesquisa do LinkedIn, 79% dos profssionais ouvidos disseram que n\u00e3o se candidataram a uma vaga que gostariam. Clique e saiba mais","robots":{"index":"index","follow":"follow","max-snippet":"max-snippet:-1","max-image-preview":"max-image-preview:large","max-video-preview":"max-video-preview:-1"},"canonical":"https:\/\/www.suno.com.br\/noticias\/linkedin-profissionais-candidatam-vagas\/","og_locale":"pt_BR","og_type":"article","og_title":"LinkedIn: 79% dos profissionais n\u00e3o se candidatam a vagas que gostam","og_description":"Segundo pesquisa do LinkedIn, 79% dos profssionais ouvidos disseram que n\u00e3o se candidataram a uma vaga que gostariam. Clique e saiba mais","og_url":"https:\/\/www.suno.com.br\/noticias\/linkedin-profissionais-candidatam-vagas\/","og_site_name":"Suno Not\u00edcias","article_publisher":"https:\/\/facebook.com\/sunoresearch","og_image":[{"width":1024,"height":731,"url":"https:\/\/files.sunoresearch.com.br\/n\/uploads\/2019\/02\/c7c982e8-linkedin-1024x731.jpg","type":"image\/jpeg"}],"author":"Guilherme Caetano","twitter_card":"summary_large_image","twitter_creator":"@sunoresearch","twitter_site":"@sunoresearch","twitter_misc":{"Escrito por":"Guilherme Caetano","Est. tempo de leitura":"2 minutos"},"schema":{"@context":"https:\/\/schema.org","@graph":[{"@type":"NewsArticle","@id":"https:\/\/www.suno.com.br\/noticias\/linkedin-profissionais-candidatam-vagas\/#article","isPartOf":{"@id":"https:\/\/www.suno.com.br\/noticias\/linkedin-profissionais-candidatam-vagas\/"},"author":{"name":"Guilherme Caetano","@id":"https:\/\/www.suno.com.br\/noticias\/#\/schema\/person\/0d0c9687cd2f600c564f25980c140de9"},"headline":"LinkedIn: 79% dos profissionais n\u00e3o se candidatam a vagas que gostam","datePublished":"2019-02-14T19:20:41+00:00","mainEntityOfPage":{"@id":"https:\/\/www.suno.com.br\/noticias\/linkedin-profissionais-candidatam-vagas\/"},"wordCount":443,"publisher":{"@id":"https:\/\/www.suno.com.br\/noticias\/#organization"},"image":{"@id":"https:\/\/www.suno.com.br\/noticias\/linkedin-profissionais-candidatam-vagas\/#primaryimage"},"thumbnailUrl":"https:\/\/files.sunoresearch.com.br\/n\/uploads\/2019\/02\/c7c982e8-linkedin-scaled.webp","keywords":["LinkedIn"],"articleSection":["Mercado"],"inLanguage":"pt-BR"},{"@type":"WebPage","@id":"https:\/\/www.suno.com.br\/noticias\/linkedin-profissionais-candidatam-vagas\/","url":"https:\/\/www.suno.com.br\/noticias\/linkedin-profissionais-candidatam-vagas\/","name":"LinkedIn: 79% dos profissionais n\u00e3o se candidatam a vagas que gostam","isPartOf":{"@id":"https:\/\/www.suno.com.br\/noticias\/#website"},"primaryImageOfPage":{"@id":"https:\/\/www.suno.com.br\/noticias\/linkedin-profissionais-candidatam-vagas\/#primaryimage"},"image":{"@id":"https:\/\/www.suno.com.br\/noticias\/linkedin-profissionais-candidatam-vagas\/#primaryimage"},"thumbnailUrl":"https:\/\/files.sunoresearch.com.br\/n\/uploads\/2019\/02\/c7c982e8-linkedin-scaled.webp","datePublished":"2019-02-14T19:20:41+00:00","description":"Segundo pesquisa do LinkedIn, 79% dos profssionais ouvidos disseram que n\u00e3o se candidataram a uma vaga que gostariam. Clique e saiba mais","breadcrumb":{"@id":"https:\/\/www.suno.com.br\/noticias\/linkedin-profissionais-candidatam-vagas\/#breadcrumb"},"inLanguage":"pt-BR","potentialAction":[{"@type":"ReadAction","target":["https:\/\/www.suno.com.br\/noticias\/linkedin-profissionais-candidatam-vagas\/"]}]},{"@type":"ImageObject","inLanguage":"pt-BR","@id":"https:\/\/www.suno.com.br\/noticias\/linkedin-profissionais-candidatam-vagas\/#primaryimage","url":"https:\/\/files.sunoresearch.com.br\/n\/uploads\/2019\/02\/c7c982e8-linkedin-scaled.webp","contentUrl":"https:\/\/files.sunoresearch.com.br\/n\/uploads\/2019\/02\/c7c982e8-linkedin-scaled.webp","width":2560,"height":1828,"caption":"LinkedIn"},{"@type":"BreadcrumbList","@id":"https:\/\/www.suno.com.br\/noticias\/linkedin-profissionais-candidatam-vagas\/#breadcrumb","itemListElement":[{"@type":"ListItem","position":1,"name":"Not\u00edcias","item":"https:\/\/www.suno.com.br\/noticias\/"},{"@type":"ListItem","position":2,"name":"Mercado","item":"https:\/\/www.suno.com.br\/noticias\/mercado\/"},{"@type":"ListItem","position":3,"name":"LinkedIn: 79% dos profissionais n\u00e3o se candidatam a vagas que gostam"}]},{"@type":"WebSite","@id":"https:\/\/www.suno.com.br\/noticias\/#website","url":"https:\/\/www.suno.com.br\/noticias\/","name":"Suno Not\u00edcias","description":"Seu portal de informa\u00e7\u00e3o sobre o mundo dos investimentos","publisher":{"@id":"https:\/\/www.suno.com.br\/noticias\/#organization"},"potentialAction":[{"@type":"SearchAction","target":{"@type":"EntryPoint","urlTemplate":"https:\/\/www.suno.com.br\/noticias\/?s={search_term_string}"},"query-input":{"@type":"PropertyValueSpecification","valueRequired":true,"valueName":"search_term_string"}}],"inLanguage":"pt-BR"},{"@type":"Organization","@id":"https:\/\/www.suno.com.br\/noticias\/#organization","name":"Suno Not\u00edcias","url":"https:\/\/www.suno.com.br\/noticias\/","logo":{"@type":"ImageObject","inLanguage":"pt-BR","@id":"https:\/\/www.suno.com.br\/noticias\/#\/schema\/logo\/image\/","url":"https:\/\/files.sunoresearch.com.br\/n\/uploads\/2021\/09\/suno-logo.png","contentUrl":"https:\/\/files.sunoresearch.com.br\/n\/uploads\/2021\/09\/suno-logo.png","width":180,"height":180,"caption":"Suno Not\u00edcias"},"image":{"@id":"https:\/\/www.suno.com.br\/noticias\/#\/schema\/logo\/image\/"},"sameAs":["https:\/\/facebook.com\/sunoresearch","https:\/\/x.com\/sunoresearch","https:\/\/www.instagram.com\/suno","https:\/\/www.linkedin.com\/company\/suno-research\/","https:\/\/www.youtube.com\/c\/sunoresearch"]},{"@type":"Person","@id":"https:\/\/www.suno.com.br\/noticias\/#\/schema\/person\/0d0c9687cd2f600c564f25980c140de9","name":"Guilherme Caetano","image":{"@type":"ImageObject","inLanguage":"pt-BR","@id":"https:\/\/www.suno.com.br\/noticias\/#\/schema\/person\/image\/","url":"https:\/\/secure.gravatar.com\/avatar\/e48357351a01702a0d19307070e081bf?s=96&r=g","contentUrl":"https:\/\/secure.gravatar.com\/avatar\/e48357351a01702a0d19307070e081bf?s=96&r=g","caption":"Guilherme Caetano"},"description":"Formado em jornalismo pela Escola de Comunica\u00e7\u00f5es e Artes da USP, Guilherme Caetano escreve para o portal de not\u00edcias da Suno Research. Passou pelas reda\u00e7\u00f5es da Folha de S.Paulo e da revista \u00c9poca.","url":"https:\/\/www.suno.com.br\/noticias\/author\/guilherme-caetano\/"}]}},"default_loop_html":"<div class=\"cardsPage__listCard__boxs\"><div class=\"cardsPage__listCard__boxs__img\"><a href=\"https:\/\/www.suno.com.br\/noticias\/linkedin-profissionais-candidatam-vagas\/\"><img class=\"mask\" src=\"https:\/\/www.suno.com.br\/noticias\/wp-content\/themes\/suno\/resources\/images\/spotlight\/spotlight1img\/bg-mask.png\" alt=\"Image Mask\"\/><img src=\"https:\/\/files.sunoresearch.com.br\/n\/uploads\/2019\/02\/c7c982e8-linkedin-400x200.webp\" alt=\"LinkedIn: 79% dos profissionais n\u00e3o se candidatam a vagas que gostam\"\/><\/a><span class=\"spotlightCategory\"><a href=\"https:\/\/www.suno.com.br\/noticias\/mercado\/\">Mercado<\/a><\/span><\/div><div class=\"cardsPage__listCard__boxs__content\"><a href=\"https:\/\/www.suno.com.br\/noticias\/linkedin-profissionais-candidatam-vagas\/\"><h2 class=\"content__title\">LinkedIn: 79% dos profissionais n\u00e3o se candidatam a vagas que gostam<\/h2><\/a><div class=\"newsContent__article__meta\"><div class=\"newsContent__article__meta__authorBox\"><a href=\"https:\/\/www.suno.com.br\/noticias\/author\/guilherme-caetano\/\" class=\"authorBox__avatar noMobi\"><img src=\"https:\/\/secure.gravatar.com\/avatar\/e48357351a01702a0d19307070e081bf?s=96&#038;r=g\" alt=\"Guilherme Caetano\"><\/a><div class=\"authorBox__name\"><span>por\n\t\t\t<a href=\"https:\/\/www.suno.com.br\/noticias\/author\/guilherme-caetano\/\"><span itemprop=\"author\">Guilherme Caetano<\/span><\/a><\/span><time datetime=\"2019-02-14T17:20:41-02:00\" itemprop=\"datePublished\">14\/02\/2019 17:20<\/time><\/div><\/div><\/div><\/div><\/div>","single_layout":"posts","amp_enabled":true,"_links":{"self":[{"href":"https:\/\/www.suno.com.br\/noticias\/wp-json\/wp\/v2\/posts\/15355"}],"collection":[{"href":"https:\/\/www.suno.com.br\/noticias\/wp-json\/wp\/v2\/posts"}],"about":[{"href":"https:\/\/www.suno.com.br\/noticias\/wp-json\/wp\/v2\/types\/post"}],"author":[{"embeddable":true,"href":"https:\/\/www.suno.com.br\/noticias\/wp-json\/wp\/v2\/users\/13"}],"replies":[{"embeddable":true,"href":"https:\/\/www.suno.com.br\/noticias\/wp-json\/wp\/v2\/comments?post=15355"}],"version-history":[{"count":0,"href":"https:\/\/www.suno.com.br\/noticias\/wp-json\/wp\/v2\/posts\/15355\/revisions"}],"wp:featuredmedia":[{"embeddable":true,"href":"https:\/\/www.suno.com.br\/noticias\/wp-json\/wp\/v2\/media\/15358"}],"wp:attachment":[{"href":"https:\/\/www.suno.com.br\/noticias\/wp-json\/wp\/v2\/media?parent=15355"}],"wp:term":[{"taxonomy":"category","embeddable":true,"href":"https:\/\/www.suno.com.br\/noticias\/wp-json\/wp\/v2\/categories?post=15355"},{"taxonomy":"post_tag","embeddable":true,"href":"https:\/\/www.suno.com.br\/noticias\/wp-json\/wp\/v2\/tags?post=15355"},{"taxonomy":"suno_strategy","embeddable":true,"href":"https:\/\/www.suno.com.br\/noticias\/wp-json\/wp\/v2\/suno_strategy?post=15355"}],"curies":[{"name":"wp","href":"https:\/\/api.w.org\/{rel}","templated":true}]}}